{"id":992,"date":"2024-08-02T05:03:00","date_gmt":"2024-08-02T03:03:00","guid":{"rendered":"https:\/\/www.festivox.fr\/blog\/les-tubes-de-dalida-a-chanter-aux-concerts-gratuits-de-lete-a-pontrieux\/"},"modified":"2024-08-02T05:03:00","modified_gmt":"2024-08-02T03:03:00","slug":"les-tubes-de-dalida-a-chanter-aux-concerts-gratuits-de-lete-a-pontrieux","status":"publish","type":"post","link":"https:\/\/www.festivox.fr\/blog\/les-tubes-de-dalida-a-chanter-aux-concerts-gratuits-de-lete-a-pontrieux\/","title":{"rendered":"Les tubes de Dalida \u00e0 chanter aux concerts gratuits de l\u2019\u00e9t\u00e9 \u00e0 Pontrieux"},"content":{"rendered":"\n<div class=\"ac-article-date\"> Par <strong> <a href=\"https:\/\/actu.fr\/auteur\/journaliste-lpa\" title=\"Consulter tous les articles de R\u00e9daction Paimpol\" rel=\"nofollow\" target=\"_blank\">R\u00e9daction Paimpol<\/a> <\/strong> <span> Publi\u00e9 le  2 ao\u00fbt 2024 \u00e0 11h32  <\/span>\n<\/div>\n<div class=\"ac-article-follow\"> <a href=\"https:\/\/actu.fr\/mon-actu\" class=\"ac-article-follow__link\" rel=\"nofollow\" data-trk=\"{&quot;cta&quot;:{&quot;action&quot;:&quot;https:\\\/\\\/actu.fr\\\/mon-actu&quot;,&quot;category&quot;:&quot;mon compte&quot;,&quot;from&quot;:&quot;article header&quot;,&quot;name&quot;:&quot;Voir mon actu&quot;,&quot;type&quot;:&quot;cta&quot;}}\" target=\"_blank\">Voir mon actu<\/a> <button type=\"button\" class=\"ac-btn ac-btn--mini ac-btn--blue ac-icon--star-empty\" data-follow=\"Suivre La Presse d'Armor\" data-unfollow=\"Retirer\">Suivre La Presse d&rsquo;Armor<\/button>\n<\/div>\n<p>Apr\u00e8s une premi\u00e8re salve de beaux concerts le 26&nbsp;juillet pour le premier <a href=\"https:\/\/actu.fr\/bretagne\/pontrieux_22250\/du-swing-et-du-soleil-pour-les-concerts-gratuits-des-vendredis-de-lete-a-pontrieux_61363330.html\" target=\"_blank\" rel=\"nofollow\">Vendredi de l\u2019\u00e9t\u00e9<\/a> \u00e0<b> Pontrieux<\/b> (C\u00f4tes-d\u2019Armor), ce sera au tour de <b>la chanteuse Pouppette<\/b>, bien connue dans le coin pour sa personnalit\u00e9 affirm\u00e9e et sa puissante voix de cabaret, de venir<b> chanter Dalida <\/b>sur la sc\u00e8ne estivale de la passerelle de la cit\u00e9 des lavoirs, le vendredi 2 ao\u00fbt.<\/p>\n<p>Un moment de bonheur promis et aussi beaucoup de ga\u00eet\u00e9, pour les nostalgiques de la grande dame, admir\u00e9e par Poupette.<\/p>\n<div class=\"ac-article-to-read\">\n<p>\u00c0 lire aussi<\/p>\n<\/div>\n<h2>De Brassens \u00e0 Santana<\/h2>\n<p>Ce sera ensuite le tour du groupe guingampais <b>The Lucky Bums<\/b>, traduisez \u00ab\u2009les clochards chanceux\u2009\u00bb. <b>Un quatuor de copains<\/b> avec un univers musical \u00e9clectique et joyeux qui r\u00e9uni rock, java, blues et chanson fran\u00e7aise, de <b>Brassens<\/b> \u00e0 Santana, les fans de swing y trouveront leurs sonorit\u00e9s favorites.<\/p>\n<figure class=\"ac-article-content__figure\">\n<div class=\"ac-article-content__img\"> <img decoding=\"async\" loading=\"lazy\" class=\"size-large\" src=\"https:\/\/www.festivox.fr\/blog\/wp-content\/uploads\/2024\/08\/les-tubes-de-dalida-a-chanter-aux-concerts-gratuits-de-lete-a-pontrieux.jpg\" alt=\"Les Lucky Bums\" width=\"960\" height=\"640\"><\/div><figcaption>The Lucky Bums, un sympathique quatuor de copains amoureux du jazz- rock, sera \u00e0 l\u2019affiche du prochain vendredi de l\u2019\u00e9t\u00e9, le 2&nbsp;ao\u00fbt \u00e0 Pontrieux (C\u00f4tes-d\u2019Armor) \u00a9DR<\/figcaption><\/figure>\n<h2>Electro-tropical<\/h2>\n<p>Puis ce sera la folle bande de&nbsp;<b>La Cosecha del Barrio Loco<\/b>, compos\u00e9e de musiciens tr\u00e9gorrois et reconnue aujourd\u2019hui comme un groupe de r\u00e9f\u00e9rence en <b>musique latine<\/b> ayant pour maitres Lucho Bermudez, Onda Tropica, les Meridian Brothers, du traditionnel au plus \u00e9lectropical\u2009!<\/p>\n<figure id=\"dailymotion-embed-x7dyep\" class=\"ac-embed ac-embed--dailymotion ac-embed--inread3\" data-provider=\"dailymotion\"><figcaption>Vid\u00e9os : en ce moment sur Actu<\/figcaption><\/figure>\n<p>Du plaisir pour ce deuxi\u00e8me Vendredi de l\u2019\u00e9t\u00e9 <b>\u00ab\u2009100\u2009% du coin\u2009\u00bb<\/b>\u2009!<\/p>\n<figure class=\"ac-article-content__figure\">\n<div class=\"ac-article-content__img\"> <img decoding=\"async\" loading=\"lazy\" class=\"size-large\" src=\"https:\/\/www.festivox.fr\/blog\/wp-content\/uploads\/2024\/08\/les-tubes-de-dalida-a-chanter-aux-concerts-gratuits-de-lete-a-pontrieux-1.jpg\" alt=\"Cosecha del barrio\" width=\"960\" height=\"640\"><\/div><figcaption>La Cosecha del barrio locco. \u00a9DR<\/figcaption><\/figure>\n<p>Sans oublier <b>le march\u00e9 de cr\u00e9ateurs<\/b> install\u00e9 sur le site de l\u2019apr\u00e8s-midi jusqu\u2019\u00e0 la fin des concerts en nocturne. Encore une belle soir\u00e9e en perspective propos\u00e9e par le comit\u00e9 d\u2019animation de<a href=\"https:\/\/actu.fr\/bretagne\/pontrieux_22250\/\" target=\"_blank\" rel=\"nofollow\"> Pontrieux<\/a><\/p>\n<p>Concerts gratuits buvette et restauration sur place, parking de la passerelle, 22260 Pontrieux. Contact 06\u200931\u200921\u200952\u200959.<\/p>\n<p><i>Suivez toute l\u2019actualit\u00e9 de vos villes et m\u00e9dias favoris en vous inscrivant \u00e0 <a href=\"https:\/\/moncompte.actu.fr\" title=\"D\u00e9couvez Mon Actu\" rel=\"nofollow\" data-trk=\"{&quot;cta&quot;:{&quot;action&quot;:&quot;https:\\\/\\\/moncompte.actu.fr&quot;,&quot;category&quot;:&quot;mon compte&quot;,&quot;from&quot;:&quot;article footer&quot;,&quot;name&quot;:&quot;Mon actu&quot;,&quot;type&quot;:&quot;cta&quot;}}\" target=\"_blank\">Mon Actu<\/a>.<\/i><\/p>\n<p> Cet article, qui traite du th\u00e8me \u00ab\u00a0Festival Jazz et musique en mode guinguette\u00a0\u00bb, vous est d\u00e9lib\u00e9r\u00e9ment offert par festivox.fr. La raison d\u2019\u00eatre de festivox.fr est de parler de Festival Jazz et musique en mode guinguette dans la transparence la plus g\u00e9n\u00e9rale en vous procurant la visibilit\u00e9 de tout ce qui est publi\u00e9 sur ce sujet sur le web La chronique a \u00e9t\u00e9 g\u00e9n\u00e9r\u00e9e de la mani\u00e8re la plus honn\u00eate que possible. S\u2019il advenait que vous projetez d\u2019apporter quelques notes concernant le domaine de \u00ab\u00a0Festival Jazz et musique en mode guinguette\u00a0\u00bb vous avez la possibilit\u00e9 de d&rsquo;\u00e9changer avec notre r\u00e9daction. Dans peu de temps, on mettra en ligne d&rsquo;autres informations pertinentes autour du sujet \u00ab\u00a0Festival Jazz et musique en mode guinguette\u00a0\u00bb. Ainsi, consultez r\u00e9guli\u00e8rement notre site.<\/p>\n","protected":false},"excerpt":{"rendered":"<p>Par R\u00e9daction Paimpol Publi\u00e9 le 2 ao\u00fbt 2024 \u00e0 11h32 Voir mon actu Suivre La Presse d&rsquo;Armor Apr\u00e8s une premi\u00e8re salve de beaux concerts le 26&nbsp;juillet pour le premier Vendredi de l\u2019\u00e9t\u00e9 \u00e0 Pontrieux (C\u00f4tes-d\u2019Armor), ce sera au tour de la chanteuse Pouppette, bien connue dans le coin pour sa personnalit\u00e9 affirm\u00e9e et sa puissante&hellip;<\/p>\n","protected":false},"author":1,"featured_media":993,"comment_status":"closed","ping_status":"closed","sticky":false,"template":"","format":"standard","meta":{"footnotes":""},"categories":[3],"tags":[],"class_list":["post-992","post","type-post","status-publish","format-standard","has-post-thumbnail","hentry","category-wiki-sur-festival-jazz-et-musique-en-mode-guinguette"],"yoast_head":"<!-- This site is optimized with the Yoast SEO plugin v27.5 - https:\/\/yoast.com\/product\/yoast-seo-wordpress\/ -->\n<title>Les tubes de Dalida \u00e0 chanter aux concerts gratuits de l\u2019\u00e9t\u00e9 \u00e0 Pontrieux - FESTIVOX<\/title>\n<meta name=\"robots\" content=\"index, follow, max-snippet:-1, max-image-preview:large, max-video-preview:-1\" \/>\n<link rel=\"canonical\" href=\"https:\/\/www.festivox.fr\/blog\/les-tubes-de-dalida-a-chanter-aux-concerts-gratuits-de-lete-a-pontrieux\/\" \/>\n<meta property=\"og:locale\" content=\"fr_FR\" \/>\n<meta property=\"og:type\" content=\"article\" \/>\n<meta property=\"og:title\" content=\"Les tubes de Dalida \u00e0 chanter aux concerts gratuits de l\u2019\u00e9t\u00e9 \u00e0 Pontrieux - FESTIVOX\" \/>\n<meta property=\"og:description\" content=\"Par R\u00e9daction Paimpol Publi\u00e9 le 2 ao\u00fbt 2024 \u00e0 11h32 Voir mon actu Suivre La Presse d&rsquo;Armor Apr\u00e8s une premi\u00e8re salve de beaux concerts le 26&nbsp;juillet pour le premier Vendredi de l\u2019\u00e9t\u00e9 \u00e0 Pontrieux (C\u00f4tes-d\u2019Armor), ce sera au tour de la chanteuse Pouppette, bien connue dans le coin pour sa personnalit\u00e9 affirm\u00e9e et sa puissante&hellip;\" \/>\n<meta property=\"og:url\" content=\"https:\/\/www.festivox.fr\/blog\/les-tubes-de-dalida-a-chanter-aux-concerts-gratuits-de-lete-a-pontrieux\/\" \/>\n<meta property=\"og:site_name\" content=\"FESTIVOX\" \/>\n<meta property=\"article:published_time\" content=\"2024-08-02T03:03:00+00:00\" \/>\n<meta property=\"og:image\" content=\"https:\/\/www.festivox.fr\/blog\/wp-content\/uploads\/2024\/08\/les-tubes-de-dalida-a-chanter-aux-concerts-gratuits-de-lete-a-pontrieux.jpg\" \/>\n<meta name=\"author\" content=\"Michele\" \/>\n<meta name=\"twitter:card\" content=\"summary_large_image\" \/>\n<meta name=\"twitter:label1\" content=\"\u00c9crit par\" \/>\n\t<meta name=\"twitter:data1\" content=\"Michele\" \/>\n\t<meta name=\"twitter:label2\" content=\"Dur\u00e9e de lecture estim\u00e9e\" \/>\n\t<meta name=\"twitter:data2\" content=\"2 minutes\" \/>\n<script type=\"application\/ld+json\" class=\"yoast-schema-graph\">{\"@context\":\"https:\\\/\\\/schema.org\",\"@graph\":[{\"@type\":\"Article\",\"@id\":\"https:\\\/\\\/www.festivox.fr\\\/blog\\\/les-tubes-de-dalida-a-chanter-aux-concerts-gratuits-de-lete-a-pontrieux\\\/#article\",\"isPartOf\":{\"@id\":\"https:\\\/\\\/www.festivox.fr\\\/blog\\\/les-tubes-de-dalida-a-chanter-aux-concerts-gratuits-de-lete-a-pontrieux\\\/\"},\"author\":{\"name\":\"Michele\",\"@id\":\"https:\\\/\\\/www.festivox.fr\\\/blog\\\/#\\\/schema\\\/person\\\/f36a8b6bc94800c3eafed4bca993ce95\"},\"headline\":\"Les tubes de Dalida \u00e0 chanter aux concerts gratuits de l\u2019\u00e9t\u00e9 \u00e0 Pontrieux\",\"datePublished\":\"2024-08-02T03:03:00+00:00\",\"mainEntityOfPage\":{\"@id\":\"https:\\\/\\\/www.festivox.fr\\\/blog\\\/les-tubes-de-dalida-a-chanter-aux-concerts-gratuits-de-lete-a-pontrieux\\\/\"},\"wordCount\":488,\"publisher\":{\"@id\":\"https:\\\/\\\/www.festivox.fr\\\/blog\\\/#organization\"},\"image\":{\"@id\":\"https:\\\/\\\/www.festivox.fr\\\/blog\\\/les-tubes-de-dalida-a-chanter-aux-concerts-gratuits-de-lete-a-pontrieux\\\/#primaryimage\"},\"thumbnailUrl\":\"https:\\\/\\\/www.festivox.fr\\\/blog\\\/wp-content\\\/uploads\\\/2024\\\/08\\\/les-tubes-de-dalida-a-chanter-aux-concerts-gratuits-de-lete-a-pontrieux.jpg\",\"articleSection\":[\"Wiki Sur Festival Jazz Et Musique En Mode Guinguette:\"],\"inLanguage\":\"fr-FR\"},{\"@type\":\"WebPage\",\"@id\":\"https:\\\/\\\/www.festivox.fr\\\/blog\\\/les-tubes-de-dalida-a-chanter-aux-concerts-gratuits-de-lete-a-pontrieux\\\/\",\"url\":\"https:\\\/\\\/www.festivox.fr\\\/blog\\\/les-tubes-de-dalida-a-chanter-aux-concerts-gratuits-de-lete-a-pontrieux\\\/\",\"name\":\"Les tubes de Dalida \u00e0 chanter aux concerts gratuits de l\u2019\u00e9t\u00e9 \u00e0 Pontrieux - FESTIVOX\",\"isPartOf\":{\"@id\":\"https:\\\/\\\/www.festivox.fr\\\/blog\\\/#website\"},\"primaryImageOfPage\":{\"@id\":\"https:\\\/\\\/www.festivox.fr\\\/blog\\\/les-tubes-de-dalida-a-chanter-aux-concerts-gratuits-de-lete-a-pontrieux\\\/#primaryimage\"},\"image\":{\"@id\":\"https:\\\/\\\/www.festivox.fr\\\/blog\\\/les-tubes-de-dalida-a-chanter-aux-concerts-gratuits-de-lete-a-pontrieux\\\/#primaryimage\"},\"thumbnailUrl\":\"https:\\\/\\\/www.festivox.fr\\\/blog\\\/wp-content\\\/uploads\\\/2024\\\/08\\\/les-tubes-de-dalida-a-chanter-aux-concerts-gratuits-de-lete-a-pontrieux.jpg\",\"datePublished\":\"2024-08-02T03:03:00+00:00\",\"breadcrumb\":{\"@id\":\"https:\\\/\\\/www.festivox.fr\\\/blog\\\/les-tubes-de-dalida-a-chanter-aux-concerts-gratuits-de-lete-a-pontrieux\\\/#breadcrumb\"},\"inLanguage\":\"fr-FR\",\"potentialAction\":[{\"@type\":\"ReadAction\",\"target\":[\"https:\\\/\\\/www.festivox.fr\\\/blog\\\/les-tubes-de-dalida-a-chanter-aux-concerts-gratuits-de-lete-a-pontrieux\\\/\"]}]},{\"@type\":\"ImageObject\",\"inLanguage\":\"fr-FR\",\"@id\":\"https:\\\/\\\/www.festivox.fr\\\/blog\\\/les-tubes-de-dalida-a-chanter-aux-concerts-gratuits-de-lete-a-pontrieux\\\/#primaryimage\",\"url\":\"https:\\\/\\\/www.festivox.fr\\\/blog\\\/wp-content\\\/uploads\\\/2024\\\/08\\\/les-tubes-de-dalida-a-chanter-aux-concerts-gratuits-de-lete-a-pontrieux.jpg\",\"contentUrl\":\"https:\\\/\\\/www.festivox.fr\\\/blog\\\/wp-content\\\/uploads\\\/2024\\\/08\\\/les-tubes-de-dalida-a-chanter-aux-concerts-gratuits-de-lete-a-pontrieux.jpg\",\"width\":960,\"height\":640},{\"@type\":\"BreadcrumbList\",\"@id\":\"https:\\\/\\\/www.festivox.fr\\\/blog\\\/les-tubes-de-dalida-a-chanter-aux-concerts-gratuits-de-lete-a-pontrieux\\\/#breadcrumb\",\"itemListElement\":[{\"@type\":\"ListItem\",\"position\":1,\"name\":\"Accueil\",\"item\":\"https:\\\/\\\/www.festivox.fr\\\/blog\\\/\"},{\"@type\":\"ListItem\",\"position\":2,\"name\":\"Les tubes de Dalida \u00e0 chanter aux concerts gratuits de l\u2019\u00e9t\u00e9 \u00e0 Pontrieux\"}]},{\"@type\":\"WebSite\",\"@id\":\"https:\\\/\\\/www.festivox.fr\\\/blog\\\/#website\",\"url\":\"https:\\\/\\\/www.festivox.fr\\\/blog\\\/\",\"name\":\"FESTIVOX\",\"description\":\"Festival en mode guinguette.\",\"publisher\":{\"@id\":\"https:\\\/\\\/www.festivox.fr\\\/blog\\\/#organization\"},\"potentialAction\":[{\"@type\":\"SearchAction\",\"target\":{\"@type\":\"EntryPoint\",\"urlTemplate\":\"https:\\\/\\\/www.festivox.fr\\\/blog\\\/?s={search_term_string}\"},\"query-input\":{\"@type\":\"PropertyValueSpecification\",\"valueRequired\":true,\"valueName\":\"search_term_string\"}}],\"inLanguage\":\"fr-FR\"},{\"@type\":\"Organization\",\"@id\":\"https:\\\/\\\/www.festivox.fr\\\/blog\\\/#organization\",\"name\":\"festivox\",\"url\":\"https:\\\/\\\/www.festivox.fr\\\/blog\\\/\",\"logo\":{\"@type\":\"ImageObject\",\"inLanguage\":\"fr-FR\",\"@id\":\"https:\\\/\\\/www.festivox.fr\\\/blog\\\/#\\\/schema\\\/logo\\\/image\\\/\",\"url\":\"https:\\\/\\\/www.festivox.fr\\\/blog\\\/wp-content\\\/uploads\\\/2023\\\/06\\\/logo-2.png\",\"contentUrl\":\"https:\\\/\\\/www.festivox.fr\\\/blog\\\/wp-content\\\/uploads\\\/2023\\\/06\\\/logo-2.png\",\"width\":480,\"height\":160,\"caption\":\"festivox\"},\"image\":{\"@id\":\"https:\\\/\\\/www.festivox.fr\\\/blog\\\/#\\\/schema\\\/logo\\\/image\\\/\"}},{\"@type\":\"Person\",\"@id\":\"https:\\\/\\\/www.festivox.fr\\\/blog\\\/#\\\/schema\\\/person\\\/f36a8b6bc94800c3eafed4bca993ce95\",\"name\":\"Michele\",\"image\":{\"@type\":\"ImageObject\",\"inLanguage\":\"fr-FR\",\"@id\":\"https:\\\/\\\/secure.gravatar.com\\\/avatar\\\/b062046536b5d47ec9075956ec349ef95ed06b0f910c578f74abb318668b702e?s=96&d=mm&r=g\",\"url\":\"https:\\\/\\\/secure.gravatar.com\\\/avatar\\\/b062046536b5d47ec9075956ec349ef95ed06b0f910c578f74abb318668b702e?s=96&d=mm&r=g\",\"contentUrl\":\"https:\\\/\\\/secure.gravatar.com\\\/avatar\\\/b062046536b5d47ec9075956ec349ef95ed06b0f910c578f74abb318668b702e?s=96&d=mm&r=g\",\"caption\":\"Michele\"},\"sameAs\":[\"https:\\\/\\\/www.festivox.fr\\\/blog\"],\"url\":\"https:\\\/\\\/www.festivox.fr\\\/blog\\\/author\\\/voxadmin\\\/\"}]}<\/script>\n<!-- \/ Yoast SEO plugin. -->","yoast_head_json":{"title":"Les tubes de Dalida \u00e0 chanter aux concerts gratuits de l\u2019\u00e9t\u00e9 \u00e0 Pontrieux - FESTIVOX","robots":{"index":"index","follow":"follow","max-snippet":"max-snippet:-1","max-image-preview":"max-image-preview:large","max-video-preview":"max-video-preview:-1"},"canonical":"https:\/\/www.festivox.fr\/blog\/les-tubes-de-dalida-a-chanter-aux-concerts-gratuits-de-lete-a-pontrieux\/","og_locale":"fr_FR","og_type":"article","og_title":"Les tubes de Dalida \u00e0 chanter aux concerts gratuits de l\u2019\u00e9t\u00e9 \u00e0 Pontrieux - FESTIVOX","og_description":"Par R\u00e9daction Paimpol Publi\u00e9 le 2 ao\u00fbt 2024 \u00e0 11h32 Voir mon actu Suivre La Presse d&rsquo;Armor Apr\u00e8s une premi\u00e8re salve de beaux concerts le 26&nbsp;juillet pour le premier Vendredi de l\u2019\u00e9t\u00e9 \u00e0 Pontrieux (C\u00f4tes-d\u2019Armor), ce sera au tour de la chanteuse Pouppette, bien connue dans le coin pour sa personnalit\u00e9 affirm\u00e9e et sa puissante&hellip;","og_url":"https:\/\/www.festivox.fr\/blog\/les-tubes-de-dalida-a-chanter-aux-concerts-gratuits-de-lete-a-pontrieux\/","og_site_name":"FESTIVOX","article_published_time":"2024-08-02T03:03:00+00:00","og_image":[{"url":"https:\/\/www.festivox.fr\/blog\/wp-content\/uploads\/2024\/08\/les-tubes-de-dalida-a-chanter-aux-concerts-gratuits-de-lete-a-pontrieux.jpg","type":"","width":"","height":""}],"author":"Michele","twitter_card":"summary_large_image","twitter_misc":{"\u00c9crit par":"Michele","Dur\u00e9e de lecture estim\u00e9e":"2 minutes"},"schema":{"@context":"https:\/\/schema.org","@graph":[{"@type":"Article","@id":"https:\/\/www.festivox.fr\/blog\/les-tubes-de-dalida-a-chanter-aux-concerts-gratuits-de-lete-a-pontrieux\/#article","isPartOf":{"@id":"https:\/\/www.festivox.fr\/blog\/les-tubes-de-dalida-a-chanter-aux-concerts-gratuits-de-lete-a-pontrieux\/"},"author":{"name":"Michele","@id":"https:\/\/www.festivox.fr\/blog\/#\/schema\/person\/f36a8b6bc94800c3eafed4bca993ce95"},"headline":"Les tubes de Dalida \u00e0 chanter aux concerts gratuits de l\u2019\u00e9t\u00e9 \u00e0 Pontrieux","datePublished":"2024-08-02T03:03:00+00:00","mainEntityOfPage":{"@id":"https:\/\/www.festivox.fr\/blog\/les-tubes-de-dalida-a-chanter-aux-concerts-gratuits-de-lete-a-pontrieux\/"},"wordCount":488,"publisher":{"@id":"https:\/\/www.festivox.fr\/blog\/#organization"},"image":{"@id":"https:\/\/www.festivox.fr\/blog\/les-tubes-de-dalida-a-chanter-aux-concerts-gratuits-de-lete-a-pontrieux\/#primaryimage"},"thumbnailUrl":"https:\/\/www.festivox.fr\/blog\/wp-content\/uploads\/2024\/08\/les-tubes-de-dalida-a-chanter-aux-concerts-gratuits-de-lete-a-pontrieux.jpg","articleSection":["Wiki Sur Festival Jazz Et Musique En Mode Guinguette:"],"inLanguage":"fr-FR"},{"@type":"WebPage","@id":"https:\/\/www.festivox.fr\/blog\/les-tubes-de-dalida-a-chanter-aux-concerts-gratuits-de-lete-a-pontrieux\/","url":"https:\/\/www.festivox.fr\/blog\/les-tubes-de-dalida-a-chanter-aux-concerts-gratuits-de-lete-a-pontrieux\/","name":"Les tubes de Dalida \u00e0 chanter aux concerts gratuits de l\u2019\u00e9t\u00e9 \u00e0 Pontrieux - FESTIVOX","isPartOf":{"@id":"https:\/\/www.festivox.fr\/blog\/#website"},"primaryImageOfPage":{"@id":"https:\/\/www.festivox.fr\/blog\/les-tubes-de-dalida-a-chanter-aux-concerts-gratuits-de-lete-a-pontrieux\/#primaryimage"},"image":{"@id":"https:\/\/www.festivox.fr\/blog\/les-tubes-de-dalida-a-chanter-aux-concerts-gratuits-de-lete-a-pontrieux\/#primaryimage"},"thumbnailUrl":"https:\/\/www.festivox.fr\/blog\/wp-content\/uploads\/2024\/08\/les-tubes-de-dalida-a-chanter-aux-concerts-gratuits-de-lete-a-pontrieux.jpg","datePublished":"2024-08-02T03:03:00+00:00","breadcrumb":{"@id":"https:\/\/www.festivox.fr\/blog\/les-tubes-de-dalida-a-chanter-aux-concerts-gratuits-de-lete-a-pontrieux\/#breadcrumb"},"inLanguage":"fr-FR","potentialAction":[{"@type":"ReadAction","target":["https:\/\/www.festivox.fr\/blog\/les-tubes-de-dalida-a-chanter-aux-concerts-gratuits-de-lete-a-pontrieux\/"]}]},{"@type":"ImageObject","inLanguage":"fr-FR","@id":"https:\/\/www.festivox.fr\/blog\/les-tubes-de-dalida-a-chanter-aux-concerts-gratuits-de-lete-a-pontrieux\/#primaryimage","url":"https:\/\/www.festivox.fr\/blog\/wp-content\/uploads\/2024\/08\/les-tubes-de-dalida-a-chanter-aux-concerts-gratuits-de-lete-a-pontrieux.jpg","contentUrl":"https:\/\/www.festivox.fr\/blog\/wp-content\/uploads\/2024\/08\/les-tubes-de-dalida-a-chanter-aux-concerts-gratuits-de-lete-a-pontrieux.jpg","width":960,"height":640},{"@type":"BreadcrumbList","@id":"https:\/\/www.festivox.fr\/blog\/les-tubes-de-dalida-a-chanter-aux-concerts-gratuits-de-lete-a-pontrieux\/#breadcrumb","itemListElement":[{"@type":"ListItem","position":1,"name":"Accueil","item":"https:\/\/www.festivox.fr\/blog\/"},{"@type":"ListItem","position":2,"name":"Les tubes de Dalida \u00e0 chanter aux concerts gratuits de l\u2019\u00e9t\u00e9 \u00e0 Pontrieux"}]},{"@type":"WebSite","@id":"https:\/\/www.festivox.fr\/blog\/#website","url":"https:\/\/www.festivox.fr\/blog\/","name":"FESTIVOX","description":"Festival en mode guinguette.","publisher":{"@id":"https:\/\/www.festivox.fr\/blog\/#organization"},"potentialAction":[{"@type":"SearchAction","target":{"@type":"EntryPoint","urlTemplate":"https:\/\/www.festivox.fr\/blog\/?s={search_term_string}"},"query-input":{"@type":"PropertyValueSpecification","valueRequired":true,"valueName":"search_term_string"}}],"inLanguage":"fr-FR"},{"@type":"Organization","@id":"https:\/\/www.festivox.fr\/blog\/#organization","name":"festivox","url":"https:\/\/www.festivox.fr\/blog\/","logo":{"@type":"ImageObject","inLanguage":"fr-FR","@id":"https:\/\/www.festivox.fr\/blog\/#\/schema\/logo\/image\/","url":"https:\/\/www.festivox.fr\/blog\/wp-content\/uploads\/2023\/06\/logo-2.png","contentUrl":"https:\/\/www.festivox.fr\/blog\/wp-content\/uploads\/2023\/06\/logo-2.png","width":480,"height":160,"caption":"festivox"},"image":{"@id":"https:\/\/www.festivox.fr\/blog\/#\/schema\/logo\/image\/"}},{"@type":"Person","@id":"https:\/\/www.festivox.fr\/blog\/#\/schema\/person\/f36a8b6bc94800c3eafed4bca993ce95","name":"Michele","image":{"@type":"ImageObject","inLanguage":"fr-FR","@id":"https:\/\/secure.gravatar.com\/avatar\/b062046536b5d47ec9075956ec349ef95ed06b0f910c578f74abb318668b702e?s=96&d=mm&r=g","url":"https:\/\/secure.gravatar.com\/avatar\/b062046536b5d47ec9075956ec349ef95ed06b0f910c578f74abb318668b702e?s=96&d=mm&r=g","contentUrl":"https:\/\/secure.gravatar.com\/avatar\/b062046536b5d47ec9075956ec349ef95ed06b0f910c578f74abb318668b702e?s=96&d=mm&r=g","caption":"Michele"},"sameAs":["https:\/\/www.festivox.fr\/blog"],"url":"https:\/\/www.festivox.fr\/blog\/author\/voxadmin\/"}]}},"_links":{"self":[{"href":"https:\/\/www.festivox.fr\/blog\/wp-json\/wp\/v2\/posts\/992","targetHints":{"allow":["GET"]}}],"collection":[{"href":"https:\/\/www.festivox.fr\/blog\/wp-json\/wp\/v2\/posts"}],"about":[{"href":"https:\/\/www.festivox.fr\/blog\/wp-json\/wp\/v2\/types\/post"}],"author":[{"embeddable":true,"href":"https:\/\/www.festivox.fr\/blog\/wp-json\/wp\/v2\/users\/1"}],"replies":[{"embeddable":true,"href":"https:\/\/www.festivox.fr\/blog\/wp-json\/wp\/v2\/comments?post=992"}],"version-history":[{"count":0,"href":"https:\/\/www.festivox.fr\/blog\/wp-json\/wp\/v2\/posts\/992\/revisions"}],"wp:featuredmedia":[{"embeddable":true,"href":"https:\/\/www.festivox.fr\/blog\/wp-json\/wp\/v2\/media\/993"}],"wp:attachment":[{"href":"https:\/\/www.festivox.fr\/blog\/wp-json\/wp\/v2\/media?parent=992"}],"wp:term":[{"taxonomy":"category","embeddable":true,"href":"https:\/\/www.festivox.fr\/blog\/wp-json\/wp\/v2\/categories?post=992"},{"taxonomy":"post_tag","embeddable":true,"href":"https:\/\/www.festivox.fr\/blog\/wp-json\/wp\/v2\/tags?post=992"}],"curies":[{"name":"wp","href":"https:\/\/api.w.org\/{rel}","templated":true}]}}