{"id":988,"date":"2024-08-01T14:01:00","date_gmt":"2024-08-01T12:01:00","guid":{"rendered":"https:\/\/www.festivox.fr\/blog\/belcastel-en-scene-marche-gourmand-jeux-inter-villages-que-faire-en-aveyron-ce-premier-week-end-daout\/"},"modified":"2024-08-01T14:01:00","modified_gmt":"2024-08-01T12:01:00","slug":"belcastel-en-scene-marche-gourmand-jeux-inter-villages-que-faire-en-aveyron-ce-premier-week-end-daout","status":"publish","type":"post","link":"https:\/\/www.festivox.fr\/blog\/belcastel-en-scene-marche-gourmand-jeux-inter-villages-que-faire-en-aveyron-ce-premier-week-end-daout\/","title":{"rendered":"Belcastel en sc\u00e8ne, march\u00e9 gourmand, jeux inter villages&#8230; Que faire en Aveyron ce premier week-end d&rsquo;ao\u00fbt"},"content":{"rendered":"\n<div><img decoding=\"async\" src=\"https:\/\/www.festivox.fr\/blog\/wp-content\/uploads\/2024\/08\/belcastel-en-scene-marche-gourmand-jeux-inter-villages-que-faire-en-aveyron-ce-premier-week-end-daout.png\" class=\"ff-og-image-inserted\"><\/div>\n<p> Toutes les animations et les expositions en Aveyron vendredi 2, samedi 3 et dimanche 4 ao\u00fbt 2024. <\/p>\n<div data-state=\"fixed-height\" data-selection=\"disabled\"> <!-- Pub DFP Position [outstream] --> <\/p>\n<h2 class=\"txt-int\">Vendredi 2 ao\u00fbt<\/h2>\n<p><strong>Alrance.<\/strong><br \/>&#8211; Visite Tour de Peyrebrune, jusqu\u2019au dimanche 1 septembre de 14\u2005h \u00e0 19\u2005h \u00e0 la Tour de Peyrebrune.<br \/><strong>Arvieu.<\/strong><br \/>&#8211; Visite ateliers d\u2019artisan\u2005: tailleur de pierre et sculpteur sur bois, de 14\u2005h \u00e0 18\u2005h \u00e0 Caplongue.<br \/>&#8211; Ap\u00e9ro concert avec La Carriole suivi de Duo \u00e0 Deux, \u00e0 19\u2005h.<br \/>&#8211; Bal en plein air avec DJ Freddy suivi d\u2019un feu d\u2019artifice, \u00e0 23\u2005h.<br \/>&#8211; March\u00e9 gourmand, \u00e0 19\u2005h.<br \/><strong>Auzits.<\/strong><br \/>&#8211; March\u00e9 gourmand anim\u00e9 par le duo Berzinc suivi des 12 filles du groupe Dynamik dance, \u00e0 19\u2005h. Plateau d\u2019Hymes.<br \/><strong>Belcastel.<\/strong><br \/>&#8211; \u00ab\u2005Belcastel en sc\u00e8ne\u2005\u00bb, 5 jours de festival, 4 spectacles et 1 spectacle jeune public, jusqu\u2019au dimanche 4 ao\u00fbt.<br \/><strong>Brommat.<\/strong><br \/>&#8211; R\u00e9veils musculaires avec Natura Bien-\u00eatre, tous les vendredis jusqu\u2019au 31 ao\u00fbt \u00e0 10\u2005h, espace Natura \u00e0 Pl\u00e9au.<br \/><strong>Campagnac.<\/strong><br \/>&#8211; Soir\u00e9e gypsy \u2013 restauration pa\u00eblla, \u00e0 19\u2005h.<br \/>&#8211; D\u00e9dicace de Myriam Angilella-Scot, \u00e0 la maison de Marie.<br \/><strong>Campuac.<\/strong><br \/>&#8211; Les Balades musicales\u2005: La Truite et autres viennoiseries, \u00e0 18\u2005h\u200530.<br \/><strong>Capelle-Bleys (La).<\/strong><br \/>&#8211; Concert avec Duo La Pur\u00e9e et Atrium (restauration sur place), \u00e0 20\u2005h.<br \/><strong>Clairvaux-d\u2019Aveyron.<\/strong><br \/>&#8211; Concours de p\u00e9tanque, \u00e0 20\u2005h\u200530 au terrain de p\u00e9tanque.<br \/>&#8211; Animations musicales, Vignerons et Chevaliers de la Dive Bouteille, v\u00e9los fleuris, dans les rues de Bru\u00e9jouls.<br \/><strong>Curi\u00e8res.<\/strong><br \/>&#8211; Concours de p\u00e9tanque en doublette, \u00e0 19\u2005h\u200530.<br \/><strong>Decazeville.<\/strong><br \/>&#8211; March\u00e9 gourmand anim\u00e9 par le groupe DDT Blues Band.<br \/>&#8211; D\u00e9dicace de \u00ab\u2005Les dames de Saint Gr\u00e9goire- tome 2\u2005\u00bb, de 9\u2005h\u200530 \u00e0 12\u2005h \u00e0 la maison de la presse.<br \/><strong>Durenque.<\/strong><br \/>&#8211; Visite du Moulin de Roupeyrac, de 14\u2005h\u200530 \u00e0 18\u2005h\u200530.<br \/><strong>Espalion.<\/strong><br \/>&#8211; Visite guid\u00e9e du ch\u00e2teau de Calmont, de 10\u2005h \u00e0 19\u2005h.<br \/><strong>Gabriac.<\/strong><br \/>&#8211; Descente aux flambeaux, p\u00e8lerinage de Notre Dame de la Salette, \u00e0 20\u2005h\u200530 \u00e0 Ceyrac.<br \/><strong>Golinhac.<\/strong><br \/>&#8211; Les Balades musicales\u2005: Les 4 Saisons de Vivaldi, \u00e0 18\u2005h\u200530.<br \/><strong>Goutrens.<\/strong><br \/>&#8211; Visite comment\u00e9e du mus\u00e9e \u00ab\u2005Nos campagnes autrefois\u2005\u00bb, de 14\u2005h \u00e0 18\u2005h.<br \/><strong>Lacalm.<\/strong><br \/>&#8211; Ap\u00e9ro concert avec Les Duganels, \u00e0 20\u2005h\u200530.<br \/><strong>Laissac.<\/strong><br \/>&#8211; Jeux olympiques au profit de l\u2019association autour de Thessa, soir\u00e9e anim\u00e9e par La D\u00e9ryves (restauration sur place), de 18\u2005h \u00e0 21\u2005h\u200530 au foirail et au gymnase.<br \/><strong>Lanu\u00e9jouls.<\/strong><br \/>&#8211; Tournoi de beach tennis, au stade.<br \/><strong>Luc.<\/strong><br \/>&#8211; spectacle son et lumi\u00e8re diffus\u00e9 \u00e0 l\u2019int\u00e9rieur de l\u2019\u00e9glise, de 20\u2005h\u200530 \u00e0 23\u2005h \u00e0 l\u2019\u00e9glise de La Capelle St-Martin.<br \/><strong>Marcillac-Vallon.<\/strong><br \/>&#8211; Concert d\u2019\u00e9t\u00e9 de l\u2019Harmonie, \u00e0 21\u2005h\u200515 dans la cour de l\u2019\u00e9cole primaire Jean-Auzel.<br \/><strong>Monast\u00e8re (Le).<\/strong><br \/>&#8211; Pool Party anim\u00e9 par Audiovision, de 19\u2005h \u00e0 22\u2005h au village vacances de Combelles.<br \/><strong>Montlaur. <\/strong>Festival La cl\u00e9 des champs.<br \/><strong>Montrozier.<\/strong><br \/>&#8211; Concours amical de p\u00e9tanque en doublette (r\u00e9compense pour chaque participant), \u00e0 20\u2005h au stade de Gages.<br \/><strong>Morlhon-le-Haut.<\/strong><br \/>&#8211; Course de caisses \u00e0 savon, \u00e0 20\u2005h.<br \/>&#8211; Restauration suivi du bal avec DJ Ylan, \u00e0 21\u2005h.<br \/><strong>Mur-de-Barrez.<\/strong><br \/>&#8211; Cin\u00e9ma \u00ab\u2005Pourquoi tu souris\u2005?\u2005\u00bb, \u00ab\u2005Sons\u2005\u00bb, \u00e0 20\u2005h\u200530 \u00e0 la salle Bertrand Tavernier.<br \/>&#8211; D\u00e9jeuner aux tripous, au BDM.<br \/><strong>Naucelle.<\/strong><br \/>&#8211; Visite guid\u00e9e par les habitants \u00ab\u2005Ces gars l\u00e0 vous racontent\u2005\u00bb, \u00e0 10\u2005h.<br \/>&#8211; R\u00e9cital de piano avec Guilhem Fabre, \u00e0 21\u2005h\u200530 Place Saint-Martin.<br \/><strong>Nayrac (Le).<\/strong><br \/>&#8211; Projection en Plein Air \u00ab\u2005Un p\u2019tit truc en plus\u2005\u00bb, \u00e0 21\u2005h\u200530 \u00e0 l\u2019espace multiculturel.<br \/><strong>R\u00e9quista.<\/strong><br \/>&#8211; Feu d\u2019artifice sur le plan d\u2019eau, \u00e0 partir de 23\u2005h\u200530 \u00e0 Lincou.<br \/>&#8211; Repas du cochon grill\u00e9 et \u00ab\u2005tustet\u2005\u00bb suivi d\u2019un bal avec l\u2019orchestre de Fr\u00e9d\u00e9ric Vernhet et ses danseuses, \u00e0 20\u2005h \u00e0 Lincou.<br \/><strong>Rignac.<\/strong><br \/>&#8211; Bal anim\u00e9 par DJ Coco, \u00e0 22\u2005h.<br \/><strong>Rodez.<\/strong><br \/>&#8211; Mise en lumi\u00e8re et parcours lumineux de la cath\u00e9drale de Rodez au boulevard d\u2019Estournel, jusqu\u2019au samedi 24 ao\u00fbt de 22\u2005h\u200515 \u00e0 23\u2005h\u200530, place Adrien Rozier, place de la Cit\u00e9.<br \/>&#8211; Visite de la cath\u00e9drale int\u00e9rieure en lumi\u00e8re, de 19\u2005h\u200530 \u00e0 21\u2005h\u200515.<br \/>&#8211; Concert des fr\u00e8res Berlioz, quinquette avec 2 violoncelles, au profit de Jamais sans Toit, \u00e0 20\u2005h\u200530 \u00e0 la chapelle royale.<br \/>&#8211; La caravane du sport\u2005: panna foot, sport sant\u00e9, mur d\u2019escalade, boccia, wexball, rampshot, de 15\u2005h \u00e0 19\u2005h place du Bourg.<br \/><strong>Saint-Ch\u00e9ly-d\u2019Aubrac.<\/strong><br \/>&#8211; Spectacle \u00ab\u2005Veici Ven\u2005\u00bb par C\u00e9line Mistral\u2005&amp; Malika Verlaguet, \u00e0 20\u2005h\u200530 \u00e0 la salle des f\u00eates.<br \/><strong>Saint-C\u00f4me-d\u2019Olt.<\/strong><br \/>&#8211; Concert \u00ab\u2005De l\u2019ombre \u00e0 la lumi\u00e8re\u2005\u00bb, voix, accord\u00e9on et violoncelle, \u00e0 20\u2005h\u200530. chapelle du Couvent de Malet.<br \/>&#8211; Th\u00e9\u00e2tre \u00ab\u2005La chaise et le grain de sable\u2005\u00bb au profit de Jamais sans Toit, \u00e0 20\u2005h\u200530 \u00e0 la salle Car\u00e8ne, \u00e0 la mairie.<br \/><strong>Saint-Laurent-de-L\u00e9v\u00e9zou.<\/strong><br \/>&#8211; Concours de belote, \u00e0 21\u2005h.<br \/><strong>Saint-L\u00e9ons.<\/strong><br \/>&#8211; March\u00e9 nature (restauration sur place), de 18\u2005h \u00e0 23\u2005h.<br \/><strong>Saint-Symphorien-de-Th\u00e9ni\u00e8res.<\/strong><br \/>&#8211; Ap\u00e9ro tapas anim\u00e9 par le groupe Avalon, \u00e0 19\u2005h sur l\u2019esplanade de la salle des f\u00eates \u00e0 Saint-Gervais.<br \/><strong>Sainte-Genevi\u00e8ve-sur-Argence.<\/strong><br \/>&#8211; Concours de p\u00e9tanque en doublette, \u00e0 20\u2005h.<br \/><strong>Salmiech.<\/strong><br \/>&#8211; Mus\u00e9e du charroi rural, de 11\u2005h \u00e0 12\u2005h et de 14\u2005h\u200530 \u00e0 18\u2005h\u200530. ancienne \u00e9glise en bas du village, place du Placet.<br \/><strong>Sauveterre-de-Rouergue.<\/strong><br \/>&#8211; March\u00e9 des producteurs avec ambiance musicale, de 18\u2005h \u00e0 22\u2005h sur la place des Arcades.<br \/>&#8211; Visite guid\u00e9e aux flambeaux (renseignements et r\u00e9servations \u00e0 l\u2019office de tourisme), tous les vendredis jusqu\u2019au 31 ao\u00fbt \u00e0 21\u2005h.<br \/><strong>Th\u00e9rondels.<\/strong><br \/>&#8211; P\u2019tit march\u00e9 nocturne, \u00e0 19\u2005h place des Tilleuls.<br \/><strong>Vabre-Tizac.<\/strong><br \/>&#8211; Concert avec R.WAN (Java, Soviet Supr\u00eame), Chez Piccolo.<br \/><strong>Villefranche-de-Rouergue.<\/strong><br \/>&#8211; Concert avec \u00ab\u2005Pop et vari\u00e9t\u00e9s\u2005\u00bb et \u00ab\u2005le ch\u0153ur des jeunes et l\u2019Ensemble vocal\u2005\u00bb, au th\u00e9\u00e2tre.<\/p>\n<h2 class=\"txt-int\">Samedi 3 ao\u00fbt<\/h2>\n<p><strong>Alrance.<\/strong><br \/>&#8211; Visite Tour de Peyrebrune de 14\u2005h \u00e0 19\u2005h \u00e0 la Tour de Peyrebrune.<br \/><strong>Arvieu.<\/strong><br \/>&#8211; Bal en plein air avec DJ Freddy suivi d\u2019un feu d\u2019artifice \u00e0 23\u2005h.<br \/>&#8211; Bier Pong g\u00e9ant, \u00e0 15\u2005h.<br \/>&#8211; Concerts avec Devi Reed, Igloo Banana, Sors Tes Couverts, Un Pas d\u2019C\u00f4t\u00e9, La Vieille Dame, On na\u00eet pas Bon mais On s\u2019marre, Petit J\u00e9r\u00e9my et Les Grands et Myosotis Duo, \u00e0 19\u2005h.<br \/>&#8211; DJ Set avec Roxie by Podium Equinoxe, \u00e0 1 h.<br \/><strong>Belcastel.<\/strong><br \/>&#8211; \u00ab\u2005Belcastel en sc\u00e8ne\u2005\u00bb, 5 jours de festival, 4 spectacles et 1 spectacle jeune public, jusqu\u2019au dimanche 4 ao\u00fbt.<br \/><strong>Brommat.<\/strong><br \/>&#8211; Spectacle musical avec le groupe vocal \u00ab\u2005Les Frees Voices\u2005\u00bb (restauration sur place), \u00e0 20\u2005h\u200530 dans le parc du ch\u00e2teau.<br \/><strong>Camboulazet.<\/strong><br \/>&#8211; Ap\u00e9ro concert avec Corinne Fran\u00e7ais, \u00e0 19\u2005h \u00e0 Versailles plage.<br \/>&#8211; March\u00e9 gourmand, \u00e0 19\u2005h \u00e0 Versailles plage.<br \/><strong>Campagnac.<\/strong><br \/>&#8211; March\u00e9 gourmand, \u00e0 19\u2005h.<br \/>&#8211; Spectacle \u00e9questre suivi du groupe Latitude, \u00e0 20\u2005h\u200530.<br \/>&#8211; D\u00e9dicace de Myriam Angilella-Scot, \u00e0 la maison de Marie.<br \/><strong>Capelle-Bleys (La).<\/strong><br \/>&#8211; Ap\u00e9ro concert anim\u00e9 par Les Fleurs Sauvages (restauration sur place) suivi de DJ Yozoul, \u00e0 19\u2005h.<br \/>&#8211; D\u00e9part Enduro prairie, \u00e0 13\u2005h.<br \/>&#8211; Randonn\u00e9e p\u00e9destre, \u00e0 18\u2005h.<br \/>&#8211; Vide greniers, \u00e0 8\u2005h sur le parking de l\u2019\u00e9cole.<br \/><strong>Castanet.<\/strong><br \/>&#8211; Ap\u00e9ro musical avec Pat\u2019Bruit suivi d\u2019un bal avec S\u00e9ga Night (restauration sur place), \u00e0 20\u2005h \u00e0 Lardeyrolles.<br \/>&#8211; Th\u00e9\u00e2tre par les enfants du 38 \u00ab\u2005Le destin de Sonia\u2005\u00bb, \u00e0 19\u2005h \u00e0 Lardeyrolles.<br \/><strong>Centr\u00e8s.<\/strong><br \/>&#8211; Ap\u00e9ro concert (restauration sur place) avec les Tchou Tchou Cats suivi de la disco Pyramidal, \u00e0 19\u2005h Taurines.<br \/><strong>Clairvaux-d\u2019Aveyron.<\/strong><br \/>&#8211; Animations musicales dans les rues de Bruejouls.<br \/><strong>Decazeville.<\/strong><br \/>&#8211; Vide greniers et brocante, de 7\u2005h \u00e0 17\u2005h rue de la Renaissance.<br \/><strong>Durenque.<\/strong><br \/>&#8211; Visite du Moulin de Roupeyrac de 14\u2005h\u200530 \u00e0 18\u2005h\u200530.<br \/><strong>Espalion.<\/strong><br \/>&#8211; Visite guid\u00e9e du ch\u00e2teau de Calmont, de 10\u2005h \u00e0 19\u2005h.<br \/><strong>Fouillade (La).<\/strong><br \/>&#8211; March\u00e9 d\u2019\u00e9t\u00e9, de 9\u2005h \u00e0 12\u2005h.<br \/><strong>Gabriac.<\/strong><br \/>&#8211; Ap\u00e9ro concert avec le groupe \u00ab\u2005Les bonnes mani\u00e8res\u2005\u00bb (restauration sur place), \u00e0 19\u2005h\u200530 \u00e0 Ceyrac.<br \/><strong>Gaillac-d\u2019Aveyron.<\/strong><br \/>&#8211; Ap\u00e9ro concert avec le groupe Djangrin suivi de Yardglaa (restauration sur place), \u00e0 20\u2005h.<br \/><strong>Goutrens.<\/strong><br \/>&#8211; Visite comment\u00e9e du mus\u00e9e \u00ab\u2005Nos campagnes autrefois\u2005\u00bb, de 14\u2005h \u00e0 18\u2005h.<br \/><strong>Lacalm.<\/strong><br \/>&#8211; Aligot saucisse \u00e0 emporter.<br \/>&#8211; Atelier peinture \u00e0 l\u2019\u0153uf anim\u00e9 par Christine Biron, de 15\u2005h \u00e0 17\u2005h\u200530 \u00e0 la Grange.<br \/>&#8211; Concours de p\u00e9tanque, \u00e0 14\u2005h\u200530.<br \/>&#8211; Grand quine d\u2019\u00e9t\u00e9, \u00e0 partir de 20\u2005h\u200545.<br \/>&#8211; Vide greniers, \u00e0 8\u2005h.<br \/><strong>Lacroix-Barrez.<\/strong><br \/>&#8211; Ap\u00e9ro concert anim\u00e9 par Avalon (restauration sur place), \u00e0 19\u2005h sur le couderc, Fraysse. Et<br \/>&#8211; Concours de p\u00e9tanque, \u00e0 14\u2005h\u200530.<br \/><strong>Lanu\u00e9jouls.<\/strong><br \/>&#8211; Tournoi de beach tennis, au stade.<br \/><strong>Luc.<\/strong><br \/>&#8211; spectacle son et lumi\u00e8re diffus\u00e9 \u00e0 l\u2019int\u00e9rieur de l\u2019\u00e9glise, de 20\u2005h\u200530 \u00e0 23\u2005h \u00e0 l\u2019\u00e9glise de La Capelle St-Martin.<br \/>&#8211; D\u00e9dicace \u00ab\u2005Les disparus de Santiago\u2005\u00bb d\u2019Yves Carcenac et \u00ab\u2005Dieu n\u2019y est pour rien\u2005\u00bb de Reine Carcenac, de 9\u2005h\u200530 \u00e0 12\u2005h. Maison de la presse de La Primaube.<br \/><strong>Manhac.<\/strong><br \/>&#8211; Randonn\u00e9e nocturne, \u00e0 19\u2005h\u200530. D\u00e9part de la salle des f\u00eates.<br \/><strong>Marcillac-Vallon.<\/strong><br \/>&#8211; Concert cordes et orgues, \u00e0 21\u2005h \u00e0 l\u2019\u00e9glise Saint-Martial.<br \/><strong>Montbazens.<\/strong><br \/>&#8211; Concert de Neptunium Quatuor guitares classiques, \u00e0 20\u2005h\u200530 au Moulin de la Culture.<\/p>\n<p><!-- Pub DFP Position [article] --> <\/p>\n<p><strong>Montlaur. <\/strong>Festival La cl\u00e9 des champs.<br \/><strong>Morlhon-le-Haut.<\/strong><br \/>&#8211; Ap\u00e9ro musical suivi du groupe Next (restauration sur place), \u00e0 20\u2005h\u200530.<br \/>&#8211; Concours de p\u00e9tanque, \u00e0 13\u2005h\u200530.<br \/>&#8211; Course p\u00e9destre 10 km (course enfants1 km d\u00e9part \u00e0 17h30), \u00e0 18\u2005h.<br \/>&#8211; Diverses animations pour enfants et chasse aux tr\u00e9sors en groupe, \u00e0 15\u2005h\u200530.<br \/>&#8211; Exposition de tracteurs, \u00e0 14\u2005h.<br \/>&#8211; Th\u00e9 dansant, de 18\u2005h\u200530 \u00e0 20\u2005h\u200530.<br \/><strong>Mouret.<\/strong><br \/>&#8211; Concert avec Les Duganels (restauration sur place), \u00e0 20\u2005h au Grand-Mas.<br \/><strong>Mur-de-Barrez.<\/strong><br \/>&#8211; Cin\u00e9ma \u00ab\u2005Sons\u2005\u00bb et \u00ab\u2005Jasey Wales hors la loi\u2005\u00bb\u2005&amp; \u00ab\u2005Dead man\u2005\u00bb, \u00e0 la salle Bertrand Tavernier.<br \/>&#8211; D\u00e9jeuner aux tripous, au BDM.<br \/><strong>Najac.<\/strong><br \/>&#8211; Concert Carte Blanche \u00e0 \u00ab\u2005Les Maria Capella\u2005\u00bb, voyage musico polyphonique \u00e0 travers les chants du monde, \u00e0 17\u2005h\u200530. \u00e0 l\u2019\u00e9glise Saint Laurent de La Salvetat des Carts.<br \/><strong>Naucelle.<\/strong><br \/>&#8211; Visite guid\u00e9e par les habitants \u00ab\u2005Ces gars l\u00e0 vous racontent\u2005\u00bb, \u00e0 10\u2005h.<br \/><strong>Nayrac (Le).<\/strong><br \/>&#8211; Ap\u00e9ro concert avec le groupe Wipers suivi de Ac\u2019Loustic (restauration sur place), \u00e0 20\u2005h\u200530.<br \/><strong>Pont-de-Salars.<\/strong><br \/>&#8211; Cin\u00e9ma en Plein Air \u00ab\u2005Un P\u2019tit Truc en Plus\u2005\u00bb, \u00e0 21\u2005h\u200530 \u00e0 la halle de la salle des f\u00eates, \u00e0 Camboulas.<br \/><strong>Pradinas.<\/strong><br \/>&#8211; F\u00eate\u2005&amp; d\u00e9tours de la lumi\u00e8re \u2013 concert avec Pulciperla et Articide, CXK, Corentin Grellier et Charpentier Les Charrettes Bleues, place de la mairie.<br \/><strong>R\u00e9quista.<\/strong><br \/>&#8211; Bod\u00e9ga suivi d\u2019un ap\u00e9ro concert avec Le Groupe Les Charrettes 81 et de la disco mobile Rep Animation, \u00e0 19\u2005h \u00e0 Lincou.<br \/>&#8211; Concours de p\u00e9tanque en doublette, \u00e0 14\u2005h \u00e0 Lincou.<br \/><strong>Rignac.<\/strong><br \/>&#8211; Concert avec Duo La Pur\u00e9e suivi d\u2019un Bal avec M\u00e9dia Laser, \u00e0 21\u2005h.<br \/>&#8211; Concert de l\u2019Esp\u00e9rance Rignacoise, \u00e0 18\u2005h.<br \/>&#8211; Concours de p\u00e9tanque, \u00e0 14\u2005h.<br \/>&#8211; March\u00e9 gourmand anim\u00e9 par Carton Rouge, \u00e0 19\u2005h.<br \/><strong>Rodez.<\/strong><br \/>&#8211; Visite de lieux m\u00e9connus de la cath\u00e9drale, \u00e0 9\u2005h, \u00e0 10\u2005h\u200530, \u00e0 13\u2005h\u200545, \u00e0 15\u2005h\u200515 et \u00e0 16\u2005h\u200545. \u00e0 la Cath\u00e9drale.<br \/>&#8211; Mise en lumi\u00e8re et parcours lumineux de la cath\u00e9drale de Rodez au boulevard d\u2019Estournel, de 22\u2005h\u200515 \u00e0 23\u2005h\u200530 \u00e0 la cath\u00e9drale, Place Adrien Rozier, Place de la Cit\u00e9.<br \/>&#8211; Visite de la cath\u00e9drale int\u00e9rieure en lumi\u00e8re de 19\u2005h\u200530 \u00e0 21\u2005h\u200515.<br \/>&#8211; Concert avec le groupe \u00ab\u2005MST\u2005\u00bb, Restaurant Le Mamma Mia.<br \/>&#8211; Concert avec Trium, \u00e0 19\u2005h\u200530 au Haras.<br \/>&#8211; Spectacle \u00ab\u2005D\u2019errance en errance, lueurs des confins\u2005\u00bb, \u00e0 20\u2005h\u200530 \u00e0 la Menuiserie.<br \/><strong>Saint-Cyprien-sur-Dourdou.<\/strong><br \/>&#8211; March\u00e9, \u00e0 8\u2005h au foirail.<br \/><strong>Saint-Laurent-de-L\u00e9v\u00e9zou.<\/strong><br \/>&#8211; Concours de p\u00e9tanque en doublette et concours de quilles, \u00e0 15\u2005h.<br \/>&#8211; Soir\u00e9e Olympique anim\u00e9 par Chapeau de paille suivi de DJ Manon B (restauration sur place), \u00e0 19\u2005h.<br \/><strong>Salmiech.<\/strong><br \/>&#8211; Mus\u00e9e du charroi rural, de 11\u2005h \u00e0 12\u2005h et de 14\u2005h\u200530 \u00e0 18\u2005h\u200530 ancienne \u00e9glise en bas du village, place du Placet.<br \/><strong>Salvetat-Peyral\u00e8s (La).<\/strong><br \/>&#8211; Concert Carte Blanche \u00e0 \u00ab\u2005Ragadoc\u2005\u00bb Polyphonies percussives des Indes, d\u2019Am\u00e9rique, de France, des Suds, \u00e0 15\u2005h\u200530 \u00e0 l\u2019\u00e9glise du Bibal.<br \/><strong>Vabre-Tizac.<\/strong><br \/>&#8211; Concert avec R.WAN (Java, Soviet Supr\u00eame), Chez Piccolo.<br \/><strong>Valady.<\/strong><br \/>&#8211; March\u00e9 gourmand anim\u00e9 par L\u2019Harmonie de Marcillac, \u00e0 18\u2005h \u00e0 Fijaguet.<br \/>&#8211; Retraite aux flambeaux suivi de bal disco avec Podium DMN et DJ Matt, \u00e0 22\u2005h \u00e0 Fijaguet.<br \/><strong>Villefranche-de-Rouergue.<\/strong><br \/>&#8211; Concert avec \u00ab\u2005Pop et vari\u00e9t\u00e9s\u2005\u00bb et \u00ab\u2005le ch\u0153ur des jeunes et l\u2019Ensemble vocal\u2005\u00bb, au th\u00e9\u00e2tre.<\/p>\n<h2 class=\"txt-int\">Dimanche 4 ao\u00fbt<\/h2>\n<p><strong>Alrance.<\/strong><br \/>&#8211; Visite Tour de Peyrebrune, jusqu\u2019au dimanche 1 septembre de 14\u2005h \u00e0 19\u2005h. Arvieu.<br \/>&#8211; Concours de p\u00e9tanque en doublette, \u00e0 14\u2005h.<br \/>&#8211; D\u00e9fil\u00e9 costum\u00e9 \u00e0 cheval par l\u2019ATEA, \u00e0 16\u2005h.<br \/>&#8211; D\u00e9jeuner aux tripous ou t\u00eate de veau, \u00e0 8\u2005h.<br \/>&#8211; Pa\u00eblla (en service continu) anim\u00e9 par l\u2019orchestre Fran\u00e7ois Xavier, \u00e0 20\u2005h.<br \/>&#8211; Th\u00e9 dansant, \u00e0 17\u2005h.<br \/>&#8211; Vide-greniers, de 9\u2005h\u200530 \u00e0 19\u2005h.<br \/><strong>Aubrac.<\/strong><br \/>9h \u00e0 19\u2005h, march\u00e9 des artisans cr\u00e9ateurs<br \/><strong>Belcastel.<\/strong><br \/>&#8211; \u00ab\u2005Belcastel en sc\u00e8ne\u2005\u00bb, 5 jours de festival, 4 spectacles et 1 spectacle jeune public.<br \/><strong>Camboulazet.<\/strong><br \/>&#8211; F\u00eate de la truite\u2005: repas champ\u00eatre, \u00e0 12\u2005h \u00e0 Versailles plage.<br \/><strong>Campagnac.<\/strong><br \/>&#8211; D\u00e9dicace de Myriam Angilella-Scot, \u00e0 la maison de Marie.<br \/><strong>Campouriez.<\/strong><br \/>&#8211; Activit\u00e9 tyrolienne, de 10\u2005h \u00e0 13\u2005h \u00e0 Bes-B\u00e9d\u00e8ne.<br \/>&#8211; Cours d\u2019aquagym, \u00e0 19\u2005h\u200545 camping de Lauradiol.<br \/><strong>Capelle-Bleys (La).<\/strong><br \/>&#8211; Chant avec la chorale de l\u2019amiti\u00e9, \u00e0 16\u2005h.<br \/>&#8211; Concours de p\u00e9tanque, \u00e0 14\u2005h.<br \/>&#8211; D\u00e9jeuner aux tripous ou t\u00eate de veau, \u00e0 8\u2005h.<br \/>&#8211; Repas risotto capellois et jambon grill\u00e9 suivi d\u2019un concert avec Tchou- Tchou Cats, \u00e0 20\u2005h\u200530.<br \/><strong>Castanet.<\/strong><br \/>&#8211; \u00e0 Lardeyrolles\u2005: ap\u00e9ro musical avec Sors tes Couverts suivi du repas Poulet saut\u00e9, \u00e0 20\u2005h. Bal musette avec Guillaume Fabre suivi de S\u00e9ga Night, \u00e0 21\u2005h. Concours du plus gros mangeur de poulet, \u00e0 19\u2005h\u200530. D\u00e9jeuner Tripous ou \u0153uf jambon, \u00e0 8\u2005h. Jeux intervillages \u00ab\u2005Parcours Ninja\u2005\u00bb, jeux gonflable pour les enfants, battage \u00e0 l\u2019ancienne, \u00e0 15\u2005h.<br \/><strong>Centr\u00e8s.<\/strong><br \/>&#8211; D\u00e9jeuner \u00e0 la truite ou t\u00eate de veau, de 8\u2005h\u200530 \u00e0 12\u2005h. Taurines.<br \/>&#8211; Pause musicale avec Los Canta\u00efres, \u00e0 16\u2005h \u00e0 l\u2019\u00e9glise de Taurines.<br \/>&#8211; Soir\u00e9e Pa\u00eblla anim\u00e9e par un groupe de jazz les Mojito Swing, \u00e0 20\u2005h. Taurines.<br \/>&#8211; Vide greniers, \u00e0 8\u2005h\u200530 derri\u00e8re le ch\u00e2teau de Taurines.<br \/><strong>Clairvaux-d\u2019Aveyron.<\/strong><br \/>&#8211; Animations musicales dans les rues de Bruejouls.<br \/><strong>Curi\u00e8res.<\/strong><br \/>15h, d\u00e9monstration enduro sur la route de Condom d\u2019Aubrac. 20h, repas aligot saucisse anim\u00e9 par Gilles Saby. 22h30, feu d\u2019artifice sur fond musical<br \/><strong>Druelle.<\/strong><br \/>&#8211; Visite du Prieur\u00e9 du Sauvage, de 14\u2005h \u00e0 18\u2005h\u200530.<br \/><strong>Durenque.<\/strong><br \/>&#8211; Visite du Moulin de Roupeyrac, de 14\u2005h\u200530 \u00e0 18\u2005h\u200530.<br \/><strong>Entraygues-sur-Truy\u00e8re.<\/strong><br \/>&#8211; \u00e0 Ginolhac\u2005: ap\u00e9ro concert du groupe \u00ab\u2005Swan Boys\u2005\u00bb suivi du concert \u00ab\u2005Les Jumeaux\u2005\u00bb, \u00e0 19\u2005h. Concert symphonique du Duo Sostenuto, Marie Laure Bouillon et Benoit Roulland, \u00e0 16\u2005h. D\u00e9jeuner aux tripous, \u00e0 8\u2005h. Feu d\u2019artifice suivi d\u2019un bal avec DJ Pat, \u00e0 23\u2005h. Pratique de trottinette en descente, trottinette \u00e9lectrique, maquillages pour enfants\u2005; jeux en bois, \u00e0 15\u2005h. Randonn\u00e9e VTT ou p\u00e9destre, \u00e0 8\u2005h\u200515. Repr\u00e9sentation du groupe folklorique \u00ab\u2005La Bourr\u00e9e de l\u2019Argence\u2005\u00bb, \u00e0 15\u2005h. Restauration choux farcis ou aligot saucisse, \u00e0 12\u2005h et \u00e0 20\u2005h. Espalion.<br \/>&#8211; Visite guid\u00e9e du ch\u00e2teau de Calmont, de 10\u2005h \u00e0 19\u2005h.<br \/><strong>Gabriac.<\/strong><br \/>&#8211; D\u00e9jeuner aux tripous cuits au feu de bois, \u00e0 8\u2005h \u00e0 la salle des f\u00eates de Ceyrac.<br \/><strong>Gaillac-d\u2019Aveyron.<\/strong><br \/>&#8211; D\u00e9jeuner aux tripous ou t\u00eate de veau, \u00e0 8\u2005h sous le marronnier.<br \/><strong>Goutrens.<\/strong><br \/>&#8211; Visite comment\u00e9e du mus\u00e9e \u00ab\u2005Nos campagnes autrefois\u2005\u00bb, de 14\u2005h \u00e0 18\u2005h.<br \/><strong>Lacalm.<\/strong><br \/>8h, d\u00e9jeuner tripous et t\u00eate de veau. 9h30, messe, cuisson du pain au four \u00e0 bois. 15h30, d\u00e9fil\u00e9 de chars fleuris +\u2005jeux divers\u2005: tierc\u00e9, tombola.17h30, concours de caisse \u00e0 savon. 19h30, ap\u00e9ritif suivi d\u2019un aligot g\u00e9ant, grand feu d\u2019artifice et chars fleuris.<br \/><strong>Lacroix-Barrez.<\/strong><br \/>&#8211; Vide-greniers, \u00e0 8\u2005h \u00e0 Valon.<br \/><strong>Lanu\u00e9jouls.<\/strong><br \/>&#8211; Tournoi de beach tennis, au stade.<br \/><strong>Manhac.<\/strong><br \/>&#8211; Ap\u00e9ritif anim\u00e9 par Gratt\u2019Delapatt, \u00e0 11\u2005h. Ap\u00e9ro concert avec No R\u00e9so et Duo \u00e0 Deux (restauration sur place) suivi de la disco mobile\u2005: Liberty Music, \u00e0 20\u2005h.<br \/>Concert Chorale du Haut S\u00e9gala, \u00e0 15\u2005h \u00e0 l\u2019\u00e9glise de Manhac.<br \/>Concours de p\u00e9tanque en doublettes, \u00e0 14\u2005h\u200530. D\u00e9jeuner t\u00eate de veau ou tripous, \u00e0 8\u2005h\u200530. Parcours d\u2019accrobranche, \u00e0 14\u2005h\u200530.<br \/><strong>Marcillac-Vallon.<\/strong><br \/>&#8211; D\u00e9dicace de Jean Darot, de 9\u2005h \u00e0 13 h. \u00e0 la maison de la presse.<br \/><strong>Montrozier.<\/strong><br \/>&#8211; Les Balades musicales\u2005: Peinture en musique, \u00e0 18\u2005h\u200530.<br \/><strong>Morlhon-le-Haut.<\/strong><br \/>&#8211; Exposition de tracteurs, \u00e0 14\u2005h.<br \/><strong>Mouret.<\/strong><br \/>&#8211; D\u00e9jeuner pieds de veau ou tripous ou d\u00e9jeuner sucr\u00e9, \u00e0 8\u2005h au Grand-Mas.<br \/>&#8211; Soir\u00e9e poule farcie suivie d\u2019un bal musette anim\u00e9 par l\u2019orchestre Tradition, \u00e0 20\u2005h au Grand-Mas.<br \/><strong>Mur-de-Barrez.<\/strong><br \/>&#8211; Cin\u00e9ma \u00e0 la salle Bertrand Tavernier.<br \/>&#8211; D\u00e9jeuner aux tripous, au BDM.<br \/><strong>Naucelle.<\/strong><br \/>&#8211; Visite guid\u00e9e par les habitants \u00ab\u2005Ces gars l\u00e0 vous racontent\u2005\u00bb, \u00e0 10\u2005h.<br \/>&#8211; F\u00eate du livre, de la peinture et des arts, de 9\u2005h \u00e0 18\u2005h au complexe sportif Vallon.<br \/><strong>Nayrac (Le).<\/strong><br \/>&#8211; Concert avec Les Duganels (restauration sur place), \u00e0 19\u2005h\u200530.<br \/>&#8211; D\u00e9jeuner aux tripous ou t\u00eate de veau, \u00e0 8\u2005h \u00e0 l\u2019espace multiculturel.<br \/>&#8211; Jeux Inter Villages, jeux en bois, animation avec Country Carladez, \u00e0 15\u2005h.<br \/>&#8211; Messe suivie du vin d\u2019honneur anim\u00e9 par Les Musiciens du Nayrac, \u00e0 10\u2005h\u200530.<br \/><strong>Prades-d\u2019Aubrac.<\/strong><br \/>&#8211; March\u00e9s des Lauz\u2019arts, de 9\u2005h \u00e0 19\u2005h. Aubrac.<br \/><strong>Quins.<\/strong><br \/>&#8211; Aux Jalenques\u2005: d\u00e9couverte des anciennes m\u00e9lodies du XIII et XIVe, de 10\u2005h \u00e0 18\u2005h.<br \/>D\u00e9couvrir les m\u00e9tiers de mara\u00eechers et de Vitrailliste, de 10\u2005h \u00e0 18\u2005h. D\u00e9monstration et initiation tir \u00e0 l\u2019arc, de 10\u2005h \u00e0 18\u2005h.<br \/><strong>R\u00e9quista.<\/strong><br \/>&#8211; D\u00e9jeuner aux tripous, de 7\u2005h\u200530 \u00e0 11\u2005h au ch\u00e2teau de Lincou.<br \/><strong>Rieupeyroux.<\/strong><br \/>&#8211; March\u00e9s des Producteurs de Pays, de 8\u2005h \u00e0 12\u2005h.<br \/><strong>Rignac.<\/strong><br \/>&#8211; Animations pour enfants\u2005: jeux gonflables, maquillage, \u00e0 14\u2005h.<br \/>&#8211; Ap\u00e9ro mousse (restauration possible), \u00e0 14\u2005h.<br \/>&#8211; Bal musette avec Christian Luc, \u00e0 19\u2005h dans la salle des f\u00eates.<br \/>&#8211; Concert avec Aerodyms (restauration sur place), \u00e0 19\u2005h.<br \/>&#8211; Concert de l\u2019Esp\u00e9rance Rignacoise, \u00e0 18\u2005h.<br \/>&#8211; D\u00e9jeuner cuisses de grenouilles ou tripous anim\u00e9 par Benjamin Malric (11h), \u00e0 8\u2005h.<br \/>&#8211; Soir\u00e9e anim\u00e9e par DJ Coco suivi d\u2019un feu d\u2019artifice, \u00e0 21\u2005h.<br \/>&#8211; Spectacle El Famoso, \u00e0 17\u2005h.<br \/>&#8211; Vide greniers, de 8\u2005h \u00e0 18\u2005h.<br \/><strong>Rodez.<\/strong><br \/>&#8211; Mise en lumi\u00e8re et parcours lumineux de la cath\u00e9drale de Rodez au boulevard d\u2019Estournel, de 22\u2005h\u200515 \u00e0 23\u2005h\u200530 \u00e0 la cath\u00e9drale, Place Adrien Rozier, Place de la Cit\u00e9.<br \/>&#8211; Spectacle \u00ab\u2005D\u2019errance en errance, lueurs des confins\u2005\u00bb, \u00e0 17\u2005h \u00e0 la Menuiserie.<br \/><strong>Saint-C\u00f4me-d\u2019Olt.<\/strong><br \/>&#8211; Vide greniers, \u00e0 8\u2005h.<br \/><strong>Saint-Geniez-d\u2019Olt.<\/strong><br \/>&#8211; 12e mont\u00e9e de v\u00e9hicules historiques, \u00e0 8\u2005h d\u00e9part Saint-G\u00e9niez-d\u2019Olt et d\u2019Aubrac.<br \/><strong>Saint-Laurent-de-L\u00e9v\u00e9zou.<\/strong><br \/>&#8211; Bal musette avec Aurore Accord\u00e9on, \u00e0 18\u2005h. Concours de p\u00e9tanque en doublette, \u00e0 15\u2005h. D\u00e9jeuner aux tripous, \u00e0 8\u2005h. Repas Aligot saucisse et soir\u00e9e de cl\u00f4ture ann\u00e9es 80, \u00e0 21\u2005h. Spectacle de flamenco, pr\u00e9sence de DAF caricature, ch\u00e2teau gonflable, maquillage, \u00e0 16\u2005h.<br \/><strong>Salmiech.<\/strong><br \/>&#8211; Mus\u00e9e du charroi rural, de 11\u2005h \u00e0 12\u2005h et de 14\u2005h\u200530 \u00e0 18\u2005h\u200530 ancienne \u00e9glise en bas du village, place du Placet.<br \/><strong>S\u00e9brazac.<\/strong><br \/>&#8211; Quine d\u2019\u00e9t\u00e9, \u00e0 20\u2005h\u200530 \u00e0 la salle des f\u00eates.<br \/><strong>Taussac.<\/strong><br \/>&#8211; Concours de p\u00e9tanque, \u00e0 14\u2005h\u200515 \u00e0 Mayrinhac. Randonn\u00e9e, \u00e0 10\u2005h \u00e0 Mayrinhac. Repas, \u00e0 20\u2005h\u200530 place du village. Vide-greniers, de 8\u2005h \u00e0 18\u2005h \u00e0 Mayrinhac.<br \/><strong>Th\u00e9rondels.<\/strong><br \/>&#8211; Concours de p\u00e9tanque, lancer de charentaises, casse bouteilles, tabliers aux boutons et jeux pour enfants, \u00e0 14\u2005h \u00e0 Ladinhac.<br \/><strong>Valady.<\/strong><br \/>&#8211; \u00e0 Fijaguet\u2005: ap\u00e9ro musical, repas champ\u00eatre et concert avec La D\u00e9ryves, \u00e0 18\u2005h\u200530. Concours de p\u00e9tanque en doublette, \u00e0 14\u2005h. D\u00e9jeuner t\u00eate de veau, coufidou ou tripous ou sucr\u00e9, \u00e0 8\u2005h. Randonn\u00e9e 9 km, \u00e0 9\u2005h. Vide-greniers, \u00e0 8\u2005h.<br \/><strong>Vibal (Le).<\/strong><br \/>&#8211; Quine des Ain\u00e9s du Vibal, \u00e0 14\u2005h \u00e0 la salle de f\u00eates.<br \/><strong>Villefranche-de-Rouergue.<\/strong><br \/>&#8211; March\u00e9 nocturne avec ambiance musette, \u00e0 19\u2005h place Saint-Jean. Concert avec \u00ab\u2005Pop et vari\u00e9t\u00e9s\u2005\u00bb et \u00ab\u2005le ch\u0153ur des jeunes et l\u2019Ensemble vocal\u2005\u00bb, au th\u00e9\u00e2tre.<\/p>\n<h2 class=\"txt-int\">Toutes les expositions<\/h2>\n<p><strong>Vendredi 2 ao\u00fbt<\/strong><br \/>Bastide-l\u2019\u00c9v\u00eaque (La).<br \/>&#8211; Exposition La cuisine m\u00e9di\u00e9vale, jusqu\u2019au vendredi 20 septembre. a la m\u00e9diath\u00e8que et \u00e0 l\u2019office de tourisme.<br \/>Bozouls.<br \/>&#8211; Expositions Jic\u00e9 (peinture), Roselyne Blanc Bessi\u00e8re (verre contemporain), du vendredi 2 au dimanche 25 de 10 h \u00e0 12 h 30 et &nbsp;de 14 h \u00e0 19 h. \u00e0 la galerie.<br \/>&#8211; Vernissage Expositions Jic\u00e9 (peinture), Roselyne Blanc Bessi\u00e8re (verre contemporain), \u00e0 18 h. \u00e0 la galerie.<br \/>Brommat.<br \/>&#8211; Exposition d\u2019Eric Cabanis \u00abVivre \u00e0 Brommat\u00bb, jusqu\u2019au dimanche 15 septembre. sur les murs du village.<br \/>Centr\u00e8s.<br \/>&#8211; Exposition Artificielle apesanteur de Nicolas Sanhes, jusqu\u2019au dimanche 22 septembre. au ch\u00e2teau de Taurines.<br \/>Conques.<br \/>&#8211; Exposition de l\u2019association \u00abVall\u00e9es des arts et des savoir faire\u00bb, tous les jeudis, vendredis, samedis et dimanches jusqu\u2019au 31 ao\u00fbt. au centre culturel.<br \/>&#8211; Exposition \u00abVers l\u2019ouvert\u00bb d\u2019Andr\u00e9 Aragon, jusqu\u2019au vendredi 30 ao\u00fbt de 10 h \u00e0 12 h 30 et &nbsp;de 14 h \u00e0 19 h. \u00e0 la librairie Chemins d\u2019encre.<br \/>Cransac.<br \/>&#8211; Exposition \u00abParcours dans la gu\u00e9rison\u00bb r\u00e9alis\u00e9e par Julia Firmbach, jusqu\u2019au samedi 31 ao\u00fbt. au mus\u00e9e les m\u00e9moires.<br \/>Crespin.<br \/>&#8211; Exposition de Patrice Geniez, jusqu\u2019au samedi 31 ao\u00fbt. \u00e0 l\u2019Ostal Bodon.<br \/>Decazeville.<br \/>&#8211; Exposition de Jean S\u00e9galat, tous les mardis, mercredis, jeudis, vendredis et samedis jusqu\u2019au 31 ao\u00fbt de 14 h \u00e0 18 h. 1 \u00e8re \u00e9tage du mus\u00e9e de l\u2019ASPIBD, zone du centre.<br \/>&#8211; Exposition photographique des images prises de nuit de la Vall\u00e9e du Lot de Jean Jacques F\u00e9ral, tous les lundis, mardis, mercredis, jeudis, vendredis et samedis jusqu\u2019au 31 ao\u00fbt. office de tourisme.<br \/>&#8211; Exposition photos \u00abChasseurs d\u2019orages\u00bb de Roman Laval et Amandine Joseph Edmond, jusqu\u2019au dimanche 25 ao\u00fbt. Cin\u00e9ma La Strada.<br \/>Entraygues-sur-Truy\u00e8re.<br \/>&#8211; Exposition photographiques \u00abGestes et silences color\u00e9s\u00bb, jusqu\u2019au dimanche 11 ao\u00fbt. \u00e0 la chapelle du Pontet.<br \/>Espalion.<br \/>&#8211; Exposition \u00abBeaut\u00e9 de l\u2019instant d\u2019ici et d\u2019ailleurs\u00bb de Christian Camviel, jusqu\u2019au vendredi 16 ao\u00fbt de 15 h \u00e0 19 h. Pr\u00e8s du Vieux Palais, 1 place du Pl\u00f4.<br \/>&#8211; Exposition \u00abBlanc monde\u00bb d\u2019Ise Cellier, jusqu\u2019au dimanche 4 ao\u00fbt de 14 h 30 \u00e0 18 h 30. \u00e0 la chapelle des P\u00e9nitents.<br \/>&#8211; Exposition de broderie \u00abBlanc monde\u00bb d\u2019Ise Cellier, jusqu\u2019au dimanche 4 ao\u00fbt. \u00e0 la chapelle des P\u00e9nitents.<br \/>Fel (Le).<br \/>&#8211; 17\u00e8me Festival de Sculpture C\u00e9ramique \u00abArabia Now\u00bb, jusqu\u2019au jeudi 12 septembre. au Don du Fel.<br \/>Flagnac.<br \/>&#8211; Exposition pour red\u00e9couvrir l\u2019architecture \u00e0 travers l\u2019art num\u00e9rique de Karine Kostanzo, jusqu\u2019au samedi 10 ao\u00fbt. Ancien local de la CCVL.<br \/>Lacroix-Barrez.<br \/>&#8211; Exposition \u00abLes sites casad\u00e9ens\u00bb, jusqu\u2019au samedi 31 ao\u00fbt.<br \/>Laguiole.<br \/>&#8211; Exposition de photos \u00abMusiques en images\u00bb par Michel Raynal, jusqu\u2019au samedi 10 ao\u00fbt. dans les jardins de la m\u00e9diath\u00e8que du pole multi-services.<br \/>&#8211; Exposition Aquarelle de Patrick Peret, jusqu\u2019au vendredi 2 ao\u00fbt. Salle de l\u2019office de tourisme.<br \/>Luc.<br \/>&#8211; Exposition \u00abVa y avoir du sport\u00bb, tous les mardis, jeudis et vendredis jusqu\u2019au 1 septembre de 9 h \u00e0 12 h et &nbsp;de 15 h \u00e0 18 h. \u00e0 la m\u00e9diath\u00e8que de La Primaube.<br \/>Lugan.<br \/>&#8211; Exposition photos de Thomas Pesquet lors de ses missions dans l\u2019espace, jusqu\u2019au mardi 27 ao\u00fbt. \u00e0 l\u2019arri\u00e8re de la salle des f\u00eates.<br \/>Marcillac-Vallon.<br \/>&#8211; Exposition de Louis M\u00e9rino, du vendredi 2 au mardi 20 de 11 h \u00e0 12 h et &nbsp;de 14 h \u00e0 17 h. 2017 Vall\u00e9e du Cruou.<br \/>Mur-de-Barrez.<br \/>&#8211; Exposition \u00abCiel nomade\u00bb &#8211; D\u00e9couverte du ciel nocturne de l\u2019Aubrac, jusqu\u2019au samedi 31 ao\u00fbt. sur la Grand rue et la rue de l\u2019\u00e9glise.<br \/>Peyrusse-le-Roc.<br \/>&#8211; Exposition photos de Thomas Pesquet lors de ses missions dans l\u2019espace, jusqu\u2019au mardi 27 ao\u00fbt. au d\u00e9part de la place des treize vents.<br \/>Pr\u00e9vinqui\u00e8res.<br \/>&#8211; Exposition \u00abPeintures et Artisanat d\u2019Art\u00bb, jusqu\u2019au jeudi 15 ao\u00fbt.<br \/>Rieupeyroux.<br \/>&#8211; Exposition photographique \u00abUn regard entre ciel et terre\u00bb de Jean Fran\u00e7ois Graffand, jusqu\u2019au samedi 31 ao\u00fbt. au centre culturel.<br \/>Rodez.<br \/>&#8211; Exposition \u00ab\u0153uvres d\u2019art refuges situ\u00e9es sur le chemin de Compostelle\u00bb, jusqu\u2019au samedi 28 septembre. \u00e0 Galerie Sainte Catherine.<br \/>&#8211; Exposition \u00abL\u2019Ethiopie: la vall\u00e9e des st\u00e8les\u00bb, jusqu\u2019au dimanche 3 novembre. au Mus\u00e9e Fenaille.<br \/>&#8211; Exposition \u00abil y a bien eu un futur\u00bb de Lucio Fontana, jusqu\u2019au dimanche 3 novembre. au mus\u00e9e Soulages.<br \/>&#8211; Exposition \u00ab\u00c9chos du ciel\u00bb de Jean-Fran\u00e7ois Graffand, jusqu\u2019au samedi 31 ao\u00fbt. au centre culturel d\u00e9partemental.<br \/>&#8211; Exposition \u00abAffinit\u00e9s subjectives\u00bb de Kazumi Ta\u00ef, Ga\u00eatan Bec, Roselyne Blanc Bessi\u00e8re, jusqu\u2019au mardi 20 ao\u00fbt de 10 h \u00e0 12 h et &nbsp;de 15 h \u00e0 19 h. atelier Galerie.<br \/>&#8211; Exposition de Volaine Laveaux \u00abTout ce que je sais de toi, tient dans le creux d\u2019une main\u00bb, tous les jeudis, vendredis, samedis et dimanches jusqu\u2019au 25 ao\u00fbt de 15 h \u00e0 19 h. \u00e0 la Menuiserie.<br \/>&#8211; Exposition \u00abEnchantement\u00bb de Jean Michel Cordier et Herv\u00e9 Maury, tous les mercredis, jeudis, vendredis et samedis du 2 ao\u00fbt au 28 septembre de 14 h \u00e0 18 h 30. \u00e0 la galerie Bshop.<br \/>&#8211; Vernissage Exposition \u00abEnchantement\u00bb de Jean Michel Cordier et Herv\u00e9 Maury, \u00e0 18 h. \u00e0 la galerie Bshop.<br \/>Saint-L\u00e9ons.<br \/>&#8211; Exposition sur les pas de Jean Henri Fabre, tous les mardis, jeudis et vendredis jusqu\u2019au 31 ao\u00fbt de 15 h \u00e0 18 h. Mus\u00e9e Jean Henri Fabre.<br \/>Saint-Martin-de-Lenne.<br \/>&#8211; L\u2019art d\u2019\u00e9clat propose des ateliers initiatives aux techniques de la taille de pierre, tous les lundis, mercredis, vendredis, samedis et dimanches jusqu\u2019au 30 septembre de 10 h \u00e0 12 h et &nbsp;de 13 h 30 \u00e0 17 h 30.<br \/>Saint-Parthem.<br \/>&#8211; Exposition \u00abA ciel ouvert\u00bb, jusqu\u2019au jeudi 29 ao\u00fbt. \u00e0 la guinguette \u00e0 Jaja.<br \/>Sainte-Eulalie-d\u2019Olt.<br \/>&#8211; D\u00e9monstration du souffleur de verre, jusqu\u2019au samedi 31 ao\u00fbt \u00e0 10 h 30.<br \/>Salles-la-Source.<br \/>&#8211; Exposition \u00abMad dogs\u00bb de Nikita Kravtsov, jusqu\u2019au dimanche 25 ao\u00fbt. \u00e0 la Galerie de La Cascade.<br \/>&#8211; Exposition photographique d\u2019Yves Sudres \u00abNoir et blanc\u00bb, tous les vendredis, samedis et dimanches jusqu\u2019au 11 ao\u00fbt de 14 h \u00e0 18 h. \u00e0 la galerie Trames d\u2019Arts (pr\u00e8s du mus\u00e9e).<br \/>&#8211; Exposition- vente de Christine de Boissieu: Poteries, vases en c\u00e9ramique d\u00e9sign ou traditionnelles, tous les vendredis, samedis et dimanches jusqu\u2019au 11 ao\u00fbt de 14 h \u00e0 18 h. \u00e0 la galerie Trames d\u2019Arts (pr\u00e8s du mus\u00e9e).<br \/>Salvetat-Peyral\u00e8s (La).<br \/>&#8211; Exposition \u00e0 quatres mains avec Kenny Ruellot et J\u00e9r\u00f4me Forabosco, jusqu\u2019au samedi 17 ao\u00fbt. \u00e0 la m\u00e9diath\u00e8que.<br \/>Sauveterre-de-Rouergue.<br \/>&#8211; Exposition photographies \u00abT\u00f4t un dimanche\u00bb, jusqu\u2019au samedi 31 ao\u00fbt. \u00e0 l\u2019Ancre.<br \/>Tayrac.<br \/>&#8211; Exposition \u00abFigurez vous\u00bb de Daniel Lefranc, jusqu\u2019au dimanche 25 ao\u00fbt. A la Cabane.<br \/>&#8211; Vernissage exposition \u00abFigurez vous\u00bb de Daniel Lefranc, jusqu\u2019au dimanche 25 ao\u00fbt \u00e0 11 h 30. A la Cabane.<\/p>\n<p><strong>Samedi 3 ao\u00fbt<\/strong><br \/>Bastide-l\u2019\u00c9v\u00eaque (La).<br \/>&#8211; Exposition La cuisine m\u00e9di\u00e9vale, jusqu\u2019au vendredi 20 septembre. a la m\u00e9diath\u00e8que et \u00e0 l\u2019office de tourisme.<br \/>Bozouls.<br \/>&#8211; Expositions Jic\u00e9 (peinture), Roselyne Blanc Bessi\u00e8re (verre contemporain), du vendredi 2 au dimanche 25 de 10 h \u00e0 12 h 30 et &nbsp;de 14 h \u00e0 19 h. \u00e0 la galerie.<br \/>Brommat.<br \/>&#8211; Exposition d\u2019Eric Cabanis \u00abVivre \u00e0 Brommat\u00bb, jusqu\u2019au dimanche 15 septembre. sur les murs du village.<br \/>Capelle-Bleys (La).<br \/>&#8211; Exposition \u00abAutour du Monde\u00bb: Ouvrages vari\u00e9s en broderie et ouvrages artisanaux du Mali, &nbsp;de 14 h \u00e0 18 h. \u00e0 la salle des f\u00eates de l\u2019\u00e9cole.<br \/>&#8211; Exposition de l\u2019Aiguille magique, \u00e0 11 h.<br \/>&#8211; Vernissage Exposition \u00abAutour du Monde\u00bb: Ouvrages vari\u00e9s en broderie et ouvrages artisanaux du Mali, \u00e0 11 h. \u00e0 la salle des f\u00eates de l\u2019\u00e9cole.<br \/>Centr\u00e8s.<br \/>&#8211; Exposition Artificielle apesanteur de Nicolas Sanhes, jusqu\u2019au dimanche 22 septembre. au ch\u00e2teau de Taurines.<br \/>Conques.<br \/>&#8211; Exposition de l\u2019association \u00abVall\u00e9es des arts et des savoir faire\u00bb, tous les jeudis, vendredis, samedis et dimanches jusqu\u2019au 31 ao\u00fbt. au centre culturel.<br \/>&#8211; Exposition \u00abVers l\u2019ouvert\u00bb d\u2019Andr\u00e9 Aragon, jusqu\u2019au vendredi 30 ao\u00fbt de 10 h \u00e0 12 h 30 et &nbsp;de 14 h \u00e0 19 h. \u00e0 la librairie Chemins d\u2019encre.<br \/>Cransac.<br \/>&#8211; Exposition \u00abParcours dans la gu\u00e9rison\u00bb r\u00e9alis\u00e9e par Julia Firmbach, jusqu\u2019au samedi 31 ao\u00fbt. au mus\u00e9e les m\u00e9moires.<br \/>Crespin.<br \/>&#8211; Exposition de Patrice Geniez, jusqu\u2019au samedi 31 ao\u00fbt. \u00e0 l\u2019Ostal Bodon.<br \/>Decazeville.<br \/>&#8211; Exposition de Jean S\u00e9galat, tous les mardis, mercredis, jeudis, vendredis et samedis jusqu\u2019au 31 ao\u00fbt de 14 h \u00e0 18 h. 1 \u00e8re \u00e9tage du mus\u00e9e de l\u2019ASPIBD, zone du centre.<br \/>&#8211; Exposition photographique des images prises de nuit de la Vall\u00e9e du Lot de Jean Jacques F\u00e9ral, tous les lundis, mardis, mercredis, jeudis, vendredis et samedis jusqu\u2019au 31 ao\u00fbt. office de tourisme.<br \/>&#8211; Exposition photos \u00abChasseurs d\u2019orages\u00bb de Roman Laval et Amandine Joseph Edmond, jusqu\u2019au dimanche 25 ao\u00fbt. Cin\u00e9ma La Strada.<br \/>Entraygues-sur-Truy\u00e8re.<br \/>&#8211; Exposition photographiques \u00abGestes et silences color\u00e9s\u00bb, jusqu\u2019au dimanche 11 ao\u00fbt. \u00e0 la chapelle du Pontet.<br \/>Espalion.<br \/>&#8211; Exposition \u00abBeaut\u00e9 de l\u2019instant d\u2019ici et d\u2019ailleurs\u00bb de Christian Camviel, jusqu\u2019au vendredi 16 ao\u00fbt de 15 h \u00e0 19 h. Pr\u00e8s du Vieux Palais, 1 place du Pl\u00f4.<br \/>&#8211; Exposition \u00abBlanc monde\u00bb d\u2019Ise Cellier, jusqu\u2019au dimanche 4 ao\u00fbt de 14 h 30 \u00e0 18 h 30. \u00e0 la chapelle des P\u00e9nitents.<br \/>&#8211; Exposition de broderie \u00abBlanc monde\u00bb d\u2019Ise Cellier, jusqu\u2019au dimanche 4 ao\u00fbt. \u00e0 la chapelle des P\u00e9nitents.<br \/>Fel (Le).<br \/>&#8211; 17\u00e8me Festival de Sculpture C\u00e9ramique \u00abArabia Now\u00bb, jusqu\u2019au jeudi 12 septembre. au Don du Fel.<br \/>Flagnac.<br \/>&#8211; Exposition pour red\u00e9couvrir l\u2019architecture \u00e0 travers l\u2019art num\u00e9rique de Karine Kostanzo, jusqu\u2019au samedi 10 ao\u00fbt. Ancien local de la CCVL.<br \/>Lacroix-Barrez.<br \/>&#8211; Exposition \u00abLes sites casad\u00e9ens\u00bb, jusqu\u2019au samedi 31 ao\u00fbt.<br \/>Laguiole.<br \/>&#8211; Exposition de photos \u00abMusiques en images\u00bb par Michel Raynal, jusqu\u2019au samedi 10 ao\u00fbt. dans les jardins de la m\u00e9diath\u00e8que du pole multi-services.<br \/>&#8211; Exposition sculpture de Christophe Cayla, du samedi 3 au vendredi 16. Salle de l\u2019office de tourisme.<br \/>Lugan.<br \/>&#8211; Exposition photos de Thomas Pesquet lors de ses missions dans l\u2019espace, jusqu\u2019au mardi 27 ao\u00fbt. \u00e0 l\u2019arri\u00e8re de la salle des f\u00eates.<br \/>Marcillac-Vallon.<br \/>&#8211; Exposition de Louis M\u00e9rino, du vendredi 2 au mardi 20 de 11 h \u00e0 12 h et &nbsp;de 14 h \u00e0 17 h. 2017 Vall\u00e9e du Cruou.<br \/>Mur-de-Barrez.<br \/>&#8211; Exposition \u00abCiel nomade\u00bb &#8211; D\u00e9couverte du ciel nocturne de l\u2019Aubrac, jusqu\u2019au samedi 31 ao\u00fbt. sur la Grand rue et la rue de l\u2019\u00e9glise.<br \/>Peyrusse-le-Roc.<br \/>&#8211; Exposition photos de Thomas Pesquet lors de ses missions dans l\u2019espace, jusqu\u2019au mardi 27 ao\u00fbt. au d\u00e9part de la place des treize vents.<br \/>Prades-d\u2019Aubrac.<br \/>&#8211; Exposition de 3 artistes amateurs: Th\u00e9r\u00e8se Brouzes, Sany Ella, R\u00e9gine Gay, tous les mardis, jeudis, samedis et dimanches jusqu\u2019au 1 septembre de 16 h \u00e0 19 h. salle des expositions.<br \/>Pr\u00e9vinqui\u00e8res.<br \/>&#8211; Exposition \u00abPeintures et Artisanat d\u2019Art\u00bb, jusqu\u2019au jeudi 15 ao\u00fbt.<br \/>R\u00e9quista.<br \/>&#8211; Exposition planches bandes dessin\u00e9es, travaux graphiques, po\u00e9sies de Fran\u00e7ois Fl\u00e9ch\u00e9, du samedi 3 ao\u00fbt au samedi 14 septembre de 14 h \u00e0 18 h. la Galerie l\u2019atelier bleu \u00e0 Connac.<br \/>&#8211; Vernissage Exposition du graphiste Fran\u00e7ois Fl\u00e9ch\u00e9 anim\u00e9 par le groupe Z\u2019Black, \u00e0 18 h 30. la Galerie l\u2019atelier bleu \u00e0 Connac.<br \/>Rieupeyroux.<br \/>&#8211; Exposition photographique \u00abUn regard entre ciel et terre\u00bb de Jean Fran\u00e7ois Graffand, jusqu\u2019au samedi 31 ao\u00fbt. au centre culturel.<br \/>Rodez.<br \/>&#8211; Exposition \u00ab\u0153uvres d\u2019art refuges situ\u00e9es sur le chemin de Compostelle\u00bb, jusqu\u2019au samedi 28 septembre. \u00e0 Galerie Sainte Catherine.<br \/>&#8211; Exposition \u00abL\u2019Ethiopie: la vall\u00e9e des st\u00e8les\u00bb, jusqu\u2019au dimanche 3 novembre. au Mus\u00e9e Fenaille.<br \/>&#8211; Exposition \u00abil y a bien eu un futur\u00bb de Lucio Fontana, jusqu\u2019au dimanche 3 novembre. au mus\u00e9e Soulages.<br \/>&#8211; Exposition \u00ab\u00c9chos du ciel\u00bb de Jean-Fran\u00e7ois Graffand, jusqu\u2019au samedi 31 ao\u00fbt. au centre culturel d\u00e9partemental.<br \/>&#8211; Exposition \u00abAffinit\u00e9s subjectives\u00bb de Kazumi Ta\u00ef, Ga\u00eatan Bec, Roselyne Blanc Bessi\u00e8re, jusqu\u2019au mardi 20 ao\u00fbt de 10 h \u00e0 12 h et &nbsp;de 15 h \u00e0 19 h. atelier Galerie.<br \/>&#8211; Exposition de Volaine Laveaux \u00abTout ce que je sais de toi, tient dans le creux d\u2019une main\u00bb, tous les jeudis, vendredis, samedis et dimanches jusqu\u2019au 25 ao\u00fbt de 15 h \u00e0 19 h. \u00e0 la Menuiserie.<br \/>&#8211; Exposition \u00abEnchantement\u00bb de Jean Michel Cordier et Herv\u00e9 Maury, tous les mercredis, jeudis, vendredis et samedis du 2 ao\u00fbt au 28 septembre de 14 h \u00e0 18 h 30. \u00e0 la galerie Bshop.<br \/>Saint-Martin-de-Lenne.<br \/>&#8211; L\u2019art d\u2019\u00e9clat propose des ateliers initiatives aux techniques de la taille de pierre, tous les lundis, mercredis, vendredis, samedis et dimanches jusqu\u2019au 30 septembre de 10 h \u00e0 12 h et &nbsp;de 13 h 30 \u00e0 17 h 30.<br \/>Saint-Parthem.<br \/>&#8211; Exposition \u00abA ciel ouvert\u00bb, jusqu\u2019au jeudi 29 ao\u00fbt. \u00e0 la guinguette \u00e0 Jaja.<br \/>Sainte-Eulalie-d\u2019Olt.<br \/>&#8211; D\u00e9monstration du souffleur de verre, jusqu\u2019au samedi 31 ao\u00fbt \u00e0 10 h 30.<br \/>Salles-la-Source.<br \/>&#8211; Exposition \u00abMad dogs\u00bb de Nikita Kravtsov, jusqu\u2019au dimanche 25 ao\u00fbt. \u00e0 la Galerie de La Cascade.<br \/>&#8211; Exposition photographique d\u2019Yves Sudres \u00abNoir et blanc\u00bb, tous les vendredis, samedis et dimanches jusqu\u2019au 11 ao\u00fbt de 14 h \u00e0 18 h. \u00e0 la galerie Trames d\u2019Arts (pr\u00e8s du mus\u00e9e).<br \/>&#8211; Exposition- vente de Christine de Boissieu: Poteries, vases en c\u00e9ramique d\u00e9sign ou traditionnelles, tous les vendredis, samedis et dimanches jusqu\u2019au 11 ao\u00fbt de 14 h \u00e0 18 h. \u00e0 la galerie Trames d\u2019Arts (pr\u00e8s du mus\u00e9e).<br \/>Salvetat-Peyral\u00e8s (La).<br \/>&#8211; Exposition \u00e0 quatres mains avec Kenny Ruellot et J\u00e9r\u00f4me Forabosco, jusqu\u2019au samedi 17 ao\u00fbt. \u00e0 la m\u00e9diath\u00e8que.<br \/>Sauveterre-de-Rouergue.<br \/>&#8211; Exposition photographies \u00abT\u00f4t un dimanche\u00bb, jusqu\u2019au samedi 31 ao\u00fbt. \u00e0 l\u2019Ancre.<br \/>Tayrac.<br \/>&#8211; Exposition \u00abFigurez vous\u00bb de Daniel Lefranc, jusqu\u2019au dimanche 25 ao\u00fbt. A la Cabane.<br \/>&#8211; Vernissage exposition \u00abFigurez vous\u00bb de Daniel Lefranc, jusqu\u2019au dimanche 25 ao\u00fbt \u00e0 11 h 30. A la Cabane.<\/p>\n<p><strong>Dimanche 4 ao\u00fbt<\/strong><br \/>Bastide-l\u2019\u00c9v\u00eaque (La).<br \/>&#8211; Exposition La cuisine m\u00e9di\u00e9vale, jusqu\u2019au vendredi 20 septembre. a la m\u00e9diath\u00e8que et \u00e0 l\u2019office de tourisme.<br \/>Bozouls.<br \/>&#8211; Expositions Jic\u00e9 (peinture), Roselyne Blanc Bessi\u00e8re (verre contemporain), du vendredi 2 au dimanche 25 de 10 h \u00e0 12 h 30 et &nbsp;de 14 h \u00e0 19 h. \u00e0 la galerie.<br \/>Brommat.<br \/>&#8211; Exposition d\u2019Eric Cabanis \u00abVivre \u00e0 Brommat\u00bb, jusqu\u2019au dimanche 15 septembre. sur les murs du village.<br \/>Capelle-Bleys (La).<br \/>&#8211; Exposition \u00abAutour du Monde\u00bb: Ouvrages vari\u00e9s en broderie et ouvrages artisanaux du Mali, &nbsp;de 14 h \u00e0 18 h. \u00e0 la salle des f\u00eates de l\u2019\u00e9cole.<br \/>Centr\u00e8s.<br \/>&#8211; Exposition Artificielle apesanteur de Nicolas Sanhes, jusqu\u2019au dimanche 22 septembre. au ch\u00e2teau de Taurines.<br \/>Conques.<br \/>&#8211; Exposition de l\u2019association \u00abVall\u00e9es des arts et des savoir faire\u00bb, tous les jeudis, vendredis, samedis et dimanches jusqu\u2019au 31 ao\u00fbt. au centre culturel.<br \/>&#8211; Exposition \u00abVers l\u2019ouvert\u00bb d\u2019Andr\u00e9 Aragon, jusqu\u2019au vendredi 30 ao\u00fbt de 10 h \u00e0 12 h 30 et &nbsp;de 14 h \u00e0 19 h. \u00e0 la librairie Chemins d\u2019encre.<br \/>Cransac.<br \/>&#8211; Exposition \u00abParcours dans la gu\u00e9rison\u00bb r\u00e9alis\u00e9e par Julia Firmbach, jusqu\u2019au samedi 31 ao\u00fbt. au mus\u00e9e les m\u00e9moires.<br \/>Crespin.<br \/>&#8211; Exposition de Patrice Geniez, jusqu\u2019au samedi 31 ao\u00fbt. \u00e0 l\u2019Ostal Bodon.<br \/>Cru\u00e9jouls.<br \/>&#8211; Inauguration Exposition photos \u00abTerres et pierres\u00bb, \u00e0 18 h. \u00e0 la Grange du Pl\u00f4.<br \/>Decazeville.<br \/>&#8211; Exposition photos \u00abChasseurs d\u2019orages\u00bb de Roman Laval et Amandine Joseph Edmond, jusqu\u2019au dimanche 25 ao\u00fbt. Cin\u00e9ma La Strada.<br \/>Entraygues-sur-Truy\u00e8re.<br \/>&#8211; Exposition photographiques \u00abGestes et silences color\u00e9s\u00bb, jusqu\u2019au dimanche 11 ao\u00fbt. \u00e0 la chapelle du Pontet.<br \/>Espalion.<br \/>&#8211; Exposition \u00abBeaut\u00e9 de l\u2019instant d\u2019ici et d\u2019ailleurs\u00bb de Christian Camviel, jusqu\u2019au vendredi 16 ao\u00fbt de 15 h \u00e0 19 h. Pr\u00e8s du Vieux Palais, 1 place du Pl\u00f4.<br \/>&#8211; Exposition \u00abBlanc monde\u00bb d\u2019Ise Cellier, jusqu\u2019au dimanche 4 ao\u00fbt de 14 h 30 \u00e0 18 h 30. \u00e0 la chapelle des P\u00e9nitents.<br \/>&#8211; Exposition de broderie \u00abBlanc monde\u00bb d\u2019Ise Cellier, jusqu\u2019au dimanche 4 ao\u00fbt. \u00e0 la chapelle des P\u00e9nitents.<br \/>Fel (Le).<br \/>&#8211; 17\u00e8me Festival de Sculpture C\u00e9ramique \u00abArabia Now\u00bb, jusqu\u2019au jeudi 12 septembre. au Don du Fel.<br \/>Flagnac.<br \/>&#8211; Exposition pour red\u00e9couvrir l\u2019architecture \u00e0 travers l\u2019art num\u00e9rique de Karine Kostanzo, jusqu\u2019au samedi 10 ao\u00fbt. Ancien local de la CCVL.<br \/>Lacroix-Barrez.<br \/>&#8211; Exposition \u00abLes sites casad\u00e9ens\u00bb, jusqu\u2019au samedi 31 ao\u00fbt.<br \/>Laguiole.<br \/>&#8211; Exposition de photos \u00abMusiques en images\u00bb par Michel Raynal, jusqu\u2019au samedi 10 ao\u00fbt. dans les jardins de la m\u00e9diath\u00e8que du pole multi-services.<br \/>&#8211; Exposition sculpture de Christophe Cayla, du samedi 3 au vendredi 16. Salle de l\u2019office de tourisme.<br \/>Lugan.<br \/>&#8211; Exposition photos de Thomas Pesquet lors de ses missions dans l\u2019espace, jusqu\u2019au mardi 27 ao\u00fbt. \u00e0 l\u2019arri\u00e8re de la salle des f\u00eates.<br \/>Marcillac-Vallon.<br \/>&#8211; Exposition de Louis M\u00e9rino, du vendredi 2 au mardi 20 de 11 h \u00e0 12 h et &nbsp;de 14 h \u00e0 17 h. 2017 Vall\u00e9e du Cruou.<br \/>Mur-de-Barrez.<br \/>&#8211; Exposition \u00abCiel nomade\u00bb &#8211; D\u00e9couverte du ciel nocturne de l\u2019Aubrac, jusqu\u2019au samedi 31 ao\u00fbt. sur la Grand rue et la rue de l\u2019\u00e9glise.<br \/>Peyrusse-le-Roc.<br \/>&#8211; Exposition photos de Thomas Pesquet lors de ses missions dans l\u2019espace, jusqu\u2019au mardi 27 ao\u00fbt. au d\u00e9part de la place des treize vents.<br \/>Prades-d\u2019Aubrac.<br \/>&#8211; Exposition de 3 artistes amateurs: Th\u00e9r\u00e8se Brouzes, Sany Ella, R\u00e9gine Gay, tous les mardis, jeudis, samedis et dimanches jusqu\u2019au 1 septembre de 16 h \u00e0 19 h. salle des expositions.<br \/>Pr\u00e9vinqui\u00e8res.<br \/>&#8211; Exposition \u00abPeintures et Artisanat d\u2019Art\u00bb, jusqu\u2019au jeudi 15 ao\u00fbt.<br \/>R\u00e9quista.<br \/>&#8211; Exposition planches bandes dessin\u00e9es, travaux graphiques, po\u00e9sies de Fran\u00e7ois Fl\u00e9ch\u00e9, du samedi 3 ao\u00fbt au samedi 14 septembre de 14 h \u00e0 18 h. la Galerie l\u2019atelier bleu \u00e0 Connac.<br \/>Rieupeyroux.<br \/>&#8211; Exposition photographique \u00abUn regard entre ciel et terre\u00bb de Jean Fran\u00e7ois Graffand, jusqu\u2019au samedi 31 ao\u00fbt. au centre culturel.<br \/>Rodez.<br \/>&#8211; Exposition \u00ab\u0153uvres d\u2019art refuges situ\u00e9es sur le chemin de Compostelle\u00bb, jusqu\u2019au samedi 28 septembre. \u00e0 Galerie Sainte Catherine.<br \/>&#8211; Exposition \u00abL\u2019Ethiopie: la vall\u00e9e des st\u00e8les\u00bb, jusqu\u2019au dimanche 3 novembre. au Mus\u00e9e Fenaille.<br \/>&#8211; Exposition \u00abil y a bien eu un futur\u00bb de Lucio Fontana, jusqu\u2019au dimanche 3 novembre. au mus\u00e9e Soulages.<br \/>&#8211; Exposition \u00ab\u00c9chos du ciel\u00bb de Jean-Fran\u00e7ois Graffand, jusqu\u2019au samedi 31 ao\u00fbt. au centre culturel d\u00e9partemental.<br \/>&#8211; Exposition \u00abAffinit\u00e9s subjectives\u00bb de Kazumi Ta\u00ef, Ga\u00eatan Bec, Roselyne Blanc Bessi\u00e8re, jusqu\u2019au mardi 20 ao\u00fbt de 10 h \u00e0 12 h et &nbsp;de 15 h \u00e0 19 h. atelier Galerie.<br \/>&#8211; Exposition de Volaine Laveaux \u00abTout ce que je sais de toi, tient dans le creux d\u2019une main\u00bb, tous les jeudis, vendredis, samedis et dimanches jusqu\u2019au 25 ao\u00fbt de 15 h \u00e0 19 h. \u00e0 la Menuiserie.<br \/>Saint-Martin-de-Lenne.<br \/>&#8211; L\u2019art d\u2019\u00e9clat propose des ateliers initiatives aux techniques de la taille de pierre, tous les lundis, mercredis, vendredis, samedis et dimanches jusqu\u2019au 30 septembre de 10 h \u00e0 12 h et &nbsp;de 13 h 30 \u00e0 17 h 30.<br \/>Saint-Parthem.<br \/>&#8211; Exposition \u00abA ciel ouvert\u00bb, jusqu\u2019au jeudi 29 ao\u00fbt. \u00e0 la guinguette \u00e0 Jaja.<br \/>Sainte-Eulalie-d\u2019Olt.<br \/>&#8211; D\u00e9monstration du souffleur de verre, jusqu\u2019au samedi 31 ao\u00fbt \u00e0 10 h 30.<br \/>Salles-la-Source.<br \/>&#8211; Exposition \u00abMad dogs\u00bb de Nikita Kravtsov, jusqu\u2019au dimanche 25 ao\u00fbt. \u00e0 la Galerie de La Cascade.<br \/>&#8211; Exposition photographique d\u2019Yves Sudres \u00abNoir et blanc\u00bb, tous les vendredis, samedis et dimanches jusqu\u2019au 11 ao\u00fbt de 14 h \u00e0 18 h. \u00e0 la galerie Trames d\u2019Arts (pr\u00e8s du mus\u00e9e).<br \/>&#8211; Exposition- vente de Christine de Boissieu: Poteries, vases en c\u00e9ramique d\u00e9sign ou traditionnelles, tous les vendredis, samedis et dimanches jusqu\u2019au 11 ao\u00fbt de 14 h \u00e0 18 h. \u00e0 la galerie Trames d\u2019Arts (pr\u00e8s du mus\u00e9e).<br \/>Salvetat-Peyral\u00e8s (La).<br \/>&#8211; Exposition \u00e0 quatres mains avec Kenny Ruellot et J\u00e9r\u00f4me Forabosco, jusqu\u2019au samedi 17 ao\u00fbt. \u00e0 la m\u00e9diath\u00e8que.<br \/>Sauveterre-de-Rouergue.<br \/>&#8211; Exposition photographies \u00abT\u00f4t un dimanche\u00bb, jusqu\u2019au samedi 31 ao\u00fbt. \u00e0 l\u2019Ancre.<br \/>Tayrac.<br \/>&#8211; Exposition \u00abFigurez vous\u00bb de Daniel Lefranc, jusqu\u2019au dimanche 25 ao\u00fbt. A la Cabane.<br \/>&#8211; Vernissage exposition \u00abFigurez vous\u00bb de Daniel Lefranc, jusqu\u2019au dimanche 25 ao\u00fbt \u00e0 11 h 30. A la Cabane.<\/p>\n<\/p><\/div>\n<p> Cet article, qui traite du th\u00e8me \u00ab\u00a0Festival Jazz et musique en mode guinguette\u00a0\u00bb, vous est d\u00e9lib\u00e9r\u00e9ment offert par festivox.fr. La raison d\u2019\u00eatre de festivox.fr est de parler de Festival Jazz et musique en mode guinguette dans la transparence la plus g\u00e9n\u00e9rale en vous procurant la visibilit\u00e9 de tout ce qui est publi\u00e9 sur ce sujet sur le web La chronique a \u00e9t\u00e9 g\u00e9n\u00e9r\u00e9e de la mani\u00e8re la plus honn\u00eate que possible. S\u2019il advenait que vous projetez d\u2019apporter quelques notes concernant le domaine de \u00ab\u00a0Festival Jazz et musique en mode guinguette\u00a0\u00bb vous avez la possibilit\u00e9 de d&rsquo;\u00e9changer avec notre r\u00e9daction. Dans peu de temps, on mettra en ligne d&rsquo;autres informations pertinentes autour du sujet \u00ab\u00a0Festival Jazz et musique en mode guinguette\u00a0\u00bb. Ainsi, consultez r\u00e9guli\u00e8rement notre site.<\/p>\n","protected":false},"excerpt":{"rendered":"<p>Toutes les animations et les expositions en Aveyron vendredi 2, samedi 3 et dimanche 4 ao\u00fbt 2024. Vendredi 2 ao\u00fbt Alrance.&#8211; Visite Tour de Peyrebrune, jusqu\u2019au dimanche 1 septembre de 14\u2005h \u00e0 19\u2005h \u00e0 la Tour de Peyrebrune.Arvieu.&#8211; Visite ateliers d\u2019artisan\u2005: tailleur de pierre et sculpteur sur bois, de 14\u2005h \u00e0 18\u2005h \u00e0 Caplongue.&#8211; Ap\u00e9ro&hellip;<\/p>\n","protected":false},"author":1,"featured_media":989,"comment_status":"closed","ping_status":"closed","sticky":false,"template":"","format":"standard","meta":{"footnotes":""},"categories":[3],"tags":[],"class_list":["post-988","post","type-post","status-publish","format-standard","has-post-thumbnail","hentry","category-wiki-sur-festival-jazz-et-musique-en-mode-guinguette"],"yoast_head":"<!-- This site is optimized with the Yoast SEO plugin v27.5 - https:\/\/yoast.com\/product\/yoast-seo-wordpress\/ -->\n<title>Belcastel en sc\u00e8ne, march\u00e9 gourmand, jeux inter villages... Que faire en Aveyron ce premier week-end d&#039;ao\u00fbt - FESTIVOX<\/title>\n<meta name=\"robots\" content=\"index, follow, max-snippet:-1, max-image-preview:large, max-video-preview:-1\" \/>\n<link rel=\"canonical\" href=\"https:\/\/www.festivox.fr\/blog\/belcastel-en-scene-marche-gourmand-jeux-inter-villages-que-faire-en-aveyron-ce-premier-week-end-daout\/\" \/>\n<meta property=\"og:locale\" content=\"fr_FR\" \/>\n<meta property=\"og:type\" content=\"article\" \/>\n<meta property=\"og:title\" content=\"Belcastel en sc\u00e8ne, march\u00e9 gourmand, jeux inter villages... Que faire en Aveyron ce premier week-end d&#039;ao\u00fbt - FESTIVOX\" \/>\n<meta property=\"og:description\" content=\"Toutes les animations et les expositions en Aveyron vendredi 2, samedi 3 et dimanche 4 ao\u00fbt 2024. Vendredi 2 ao\u00fbt Alrance.&#8211; Visite Tour de Peyrebrune, jusqu\u2019au dimanche 1 septembre de 14\u2005h \u00e0 19\u2005h \u00e0 la Tour de Peyrebrune.Arvieu.&#8211; Visite ateliers d\u2019artisan\u2005: tailleur de pierre et sculpteur sur bois, de 14\u2005h \u00e0 18\u2005h \u00e0 Caplongue.&#8211; Ap\u00e9ro&hellip;\" \/>\n<meta property=\"og:url\" content=\"https:\/\/www.festivox.fr\/blog\/belcastel-en-scene-marche-gourmand-jeux-inter-villages-que-faire-en-aveyron-ce-premier-week-end-daout\/\" \/>\n<meta property=\"og:site_name\" content=\"FESTIVOX\" \/>\n<meta property=\"article:published_time\" content=\"2024-08-01T12:01:00+00:00\" \/>\n<meta property=\"og:image\" content=\"https:\/\/www.festivox.fr\/blog\/wp-content\/uploads\/2024\/08\/belcastel-en-scene-marche-gourmand-jeux-inter-villages-que-faire-en-aveyron-ce-premier-week-end-daout.png\" \/>\n<meta name=\"author\" content=\"Michele\" \/>\n<meta name=\"twitter:card\" content=\"summary_large_image\" \/>\n<meta name=\"twitter:label1\" content=\"\u00c9crit par\" \/>\n\t<meta name=\"twitter:data1\" content=\"Michele\" \/>\n\t<meta name=\"twitter:label2\" content=\"Dur\u00e9e de lecture estim\u00e9e\" \/>\n\t<meta name=\"twitter:data2\" content=\"33 minutes\" \/>\n<script type=\"application\/ld+json\" class=\"yoast-schema-graph\">{\"@context\":\"https:\\\/\\\/schema.org\",\"@graph\":[{\"@type\":\"Article\",\"@id\":\"https:\\\/\\\/www.festivox.fr\\\/blog\\\/belcastel-en-scene-marche-gourmand-jeux-inter-villages-que-faire-en-aveyron-ce-premier-week-end-daout\\\/#article\",\"isPartOf\":{\"@id\":\"https:\\\/\\\/www.festivox.fr\\\/blog\\\/belcastel-en-scene-marche-gourmand-jeux-inter-villages-que-faire-en-aveyron-ce-premier-week-end-daout\\\/\"},\"author\":{\"name\":\"Michele\",\"@id\":\"https:\\\/\\\/www.festivox.fr\\\/blog\\\/#\\\/schema\\\/person\\\/f36a8b6bc94800c3eafed4bca993ce95\"},\"headline\":\"Belcastel en sc\u00e8ne, march\u00e9 gourmand, jeux inter villages&#8230; Que faire en Aveyron ce premier week-end d&rsquo;ao\u00fbt\",\"datePublished\":\"2024-08-01T12:01:00+00:00\",\"mainEntityOfPage\":{\"@id\":\"https:\\\/\\\/www.festivox.fr\\\/blog\\\/belcastel-en-scene-marche-gourmand-jeux-inter-villages-que-faire-en-aveyron-ce-premier-week-end-daout\\\/\"},\"wordCount\":6587,\"publisher\":{\"@id\":\"https:\\\/\\\/www.festivox.fr\\\/blog\\\/#organization\"},\"image\":{\"@id\":\"https:\\\/\\\/www.festivox.fr\\\/blog\\\/belcastel-en-scene-marche-gourmand-jeux-inter-villages-que-faire-en-aveyron-ce-premier-week-end-daout\\\/#primaryimage\"},\"thumbnailUrl\":\"https:\\\/\\\/www.festivox.fr\\\/blog\\\/wp-content\\\/uploads\\\/2024\\\/08\\\/belcastel-en-scene-marche-gourmand-jeux-inter-villages-que-faire-en-aveyron-ce-premier-week-end-daout.png\",\"articleSection\":[\"Wiki Sur Festival Jazz Et Musique En Mode Guinguette:\"],\"inLanguage\":\"fr-FR\"},{\"@type\":\"WebPage\",\"@id\":\"https:\\\/\\\/www.festivox.fr\\\/blog\\\/belcastel-en-scene-marche-gourmand-jeux-inter-villages-que-faire-en-aveyron-ce-premier-week-end-daout\\\/\",\"url\":\"https:\\\/\\\/www.festivox.fr\\\/blog\\\/belcastel-en-scene-marche-gourmand-jeux-inter-villages-que-faire-en-aveyron-ce-premier-week-end-daout\\\/\",\"name\":\"Belcastel en sc\u00e8ne, march\u00e9 gourmand, jeux inter villages... Que faire en Aveyron ce premier week-end d'ao\u00fbt - FESTIVOX\",\"isPartOf\":{\"@id\":\"https:\\\/\\\/www.festivox.fr\\\/blog\\\/#website\"},\"primaryImageOfPage\":{\"@id\":\"https:\\\/\\\/www.festivox.fr\\\/blog\\\/belcastel-en-scene-marche-gourmand-jeux-inter-villages-que-faire-en-aveyron-ce-premier-week-end-daout\\\/#primaryimage\"},\"image\":{\"@id\":\"https:\\\/\\\/www.festivox.fr\\\/blog\\\/belcastel-en-scene-marche-gourmand-jeux-inter-villages-que-faire-en-aveyron-ce-premier-week-end-daout\\\/#primaryimage\"},\"thumbnailUrl\":\"https:\\\/\\\/www.festivox.fr\\\/blog\\\/wp-content\\\/uploads\\\/2024\\\/08\\\/belcastel-en-scene-marche-gourmand-jeux-inter-villages-que-faire-en-aveyron-ce-premier-week-end-daout.png\",\"datePublished\":\"2024-08-01T12:01:00+00:00\",\"breadcrumb\":{\"@id\":\"https:\\\/\\\/www.festivox.fr\\\/blog\\\/belcastel-en-scene-marche-gourmand-jeux-inter-villages-que-faire-en-aveyron-ce-premier-week-end-daout\\\/#breadcrumb\"},\"inLanguage\":\"fr-FR\",\"potentialAction\":[{\"@type\":\"ReadAction\",\"target\":[\"https:\\\/\\\/www.festivox.fr\\\/blog\\\/belcastel-en-scene-marche-gourmand-jeux-inter-villages-que-faire-en-aveyron-ce-premier-week-end-daout\\\/\"]}]},{\"@type\":\"ImageObject\",\"inLanguage\":\"fr-FR\",\"@id\":\"https:\\\/\\\/www.festivox.fr\\\/blog\\\/belcastel-en-scene-marche-gourmand-jeux-inter-villages-que-faire-en-aveyron-ce-premier-week-end-daout\\\/#primaryimage\",\"url\":\"https:\\\/\\\/www.festivox.fr\\\/blog\\\/wp-content\\\/uploads\\\/2024\\\/08\\\/belcastel-en-scene-marche-gourmand-jeux-inter-villages-que-faire-en-aveyron-ce-premier-week-end-daout.png\",\"contentUrl\":\"https:\\\/\\\/www.festivox.fr\\\/blog\\\/wp-content\\\/uploads\\\/2024\\\/08\\\/belcastel-en-scene-marche-gourmand-jeux-inter-villages-que-faire-en-aveyron-ce-premier-week-end-daout.png\",\"width\":885,\"height\":500},{\"@type\":\"BreadcrumbList\",\"@id\":\"https:\\\/\\\/www.festivox.fr\\\/blog\\\/belcastel-en-scene-marche-gourmand-jeux-inter-villages-que-faire-en-aveyron-ce-premier-week-end-daout\\\/#breadcrumb\",\"itemListElement\":[{\"@type\":\"ListItem\",\"position\":1,\"name\":\"Accueil\",\"item\":\"https:\\\/\\\/www.festivox.fr\\\/blog\\\/\"},{\"@type\":\"ListItem\",\"position\":2,\"name\":\"Belcastel en sc\u00e8ne, march\u00e9 gourmand, jeux inter villages&#8230; Que faire en Aveyron ce premier week-end d&rsquo;ao\u00fbt\"}]},{\"@type\":\"WebSite\",\"@id\":\"https:\\\/\\\/www.festivox.fr\\\/blog\\\/#website\",\"url\":\"https:\\\/\\\/www.festivox.fr\\\/blog\\\/\",\"name\":\"FESTIVOX\",\"description\":\"Festival en mode guinguette.\",\"publisher\":{\"@id\":\"https:\\\/\\\/www.festivox.fr\\\/blog\\\/#organization\"},\"potentialAction\":[{\"@type\":\"SearchAction\",\"target\":{\"@type\":\"EntryPoint\",\"urlTemplate\":\"https:\\\/\\\/www.festivox.fr\\\/blog\\\/?s={search_term_string}\"},\"query-input\":{\"@type\":\"PropertyValueSpecification\",\"valueRequired\":true,\"valueName\":\"search_term_string\"}}],\"inLanguage\":\"fr-FR\"},{\"@type\":\"Organization\",\"@id\":\"https:\\\/\\\/www.festivox.fr\\\/blog\\\/#organization\",\"name\":\"festivox\",\"url\":\"https:\\\/\\\/www.festivox.fr\\\/blog\\\/\",\"logo\":{\"@type\":\"ImageObject\",\"inLanguage\":\"fr-FR\",\"@id\":\"https:\\\/\\\/www.festivox.fr\\\/blog\\\/#\\\/schema\\\/logo\\\/image\\\/\",\"url\":\"https:\\\/\\\/www.festivox.fr\\\/blog\\\/wp-content\\\/uploads\\\/2023\\\/06\\\/logo-2.png\",\"contentUrl\":\"https:\\\/\\\/www.festivox.fr\\\/blog\\\/wp-content\\\/uploads\\\/2023\\\/06\\\/logo-2.png\",\"width\":480,\"height\":160,\"caption\":\"festivox\"},\"image\":{\"@id\":\"https:\\\/\\\/www.festivox.fr\\\/blog\\\/#\\\/schema\\\/logo\\\/image\\\/\"}},{\"@type\":\"Person\",\"@id\":\"https:\\\/\\\/www.festivox.fr\\\/blog\\\/#\\\/schema\\\/person\\\/f36a8b6bc94800c3eafed4bca993ce95\",\"name\":\"Michele\",\"image\":{\"@type\":\"ImageObject\",\"inLanguage\":\"fr-FR\",\"@id\":\"https:\\\/\\\/secure.gravatar.com\\\/avatar\\\/b062046536b5d47ec9075956ec349ef95ed06b0f910c578f74abb318668b702e?s=96&d=mm&r=g\",\"url\":\"https:\\\/\\\/secure.gravatar.com\\\/avatar\\\/b062046536b5d47ec9075956ec349ef95ed06b0f910c578f74abb318668b702e?s=96&d=mm&r=g\",\"contentUrl\":\"https:\\\/\\\/secure.gravatar.com\\\/avatar\\\/b062046536b5d47ec9075956ec349ef95ed06b0f910c578f74abb318668b702e?s=96&d=mm&r=g\",\"caption\":\"Michele\"},\"sameAs\":[\"https:\\\/\\\/www.festivox.fr\\\/blog\"],\"url\":\"https:\\\/\\\/www.festivox.fr\\\/blog\\\/author\\\/voxadmin\\\/\"}]}<\/script>\n<!-- \/ Yoast SEO plugin. -->","yoast_head_json":{"title":"Belcastel en sc\u00e8ne, march\u00e9 gourmand, jeux inter villages... Que faire en Aveyron ce premier week-end d'ao\u00fbt - FESTIVOX","robots":{"index":"index","follow":"follow","max-snippet":"max-snippet:-1","max-image-preview":"max-image-preview:large","max-video-preview":"max-video-preview:-1"},"canonical":"https:\/\/www.festivox.fr\/blog\/belcastel-en-scene-marche-gourmand-jeux-inter-villages-que-faire-en-aveyron-ce-premier-week-end-daout\/","og_locale":"fr_FR","og_type":"article","og_title":"Belcastel en sc\u00e8ne, march\u00e9 gourmand, jeux inter villages... Que faire en Aveyron ce premier week-end d'ao\u00fbt - FESTIVOX","og_description":"Toutes les animations et les expositions en Aveyron vendredi 2, samedi 3 et dimanche 4 ao\u00fbt 2024. Vendredi 2 ao\u00fbt Alrance.&#8211; Visite Tour de Peyrebrune, jusqu\u2019au dimanche 1 septembre de 14\u2005h \u00e0 19\u2005h \u00e0 la Tour de Peyrebrune.Arvieu.&#8211; Visite ateliers d\u2019artisan\u2005: tailleur de pierre et sculpteur sur bois, de 14\u2005h \u00e0 18\u2005h \u00e0 Caplongue.&#8211; Ap\u00e9ro&hellip;","og_url":"https:\/\/www.festivox.fr\/blog\/belcastel-en-scene-marche-gourmand-jeux-inter-villages-que-faire-en-aveyron-ce-premier-week-end-daout\/","og_site_name":"FESTIVOX","article_published_time":"2024-08-01T12:01:00+00:00","og_image":[{"url":"https:\/\/www.festivox.fr\/blog\/wp-content\/uploads\/2024\/08\/belcastel-en-scene-marche-gourmand-jeux-inter-villages-que-faire-en-aveyron-ce-premier-week-end-daout.png","type":"","width":"","height":""}],"author":"Michele","twitter_card":"summary_large_image","twitter_misc":{"\u00c9crit par":"Michele","Dur\u00e9e de lecture estim\u00e9e":"33 minutes"},"schema":{"@context":"https:\/\/schema.org","@graph":[{"@type":"Article","@id":"https:\/\/www.festivox.fr\/blog\/belcastel-en-scene-marche-gourmand-jeux-inter-villages-que-faire-en-aveyron-ce-premier-week-end-daout\/#article","isPartOf":{"@id":"https:\/\/www.festivox.fr\/blog\/belcastel-en-scene-marche-gourmand-jeux-inter-villages-que-faire-en-aveyron-ce-premier-week-end-daout\/"},"author":{"name":"Michele","@id":"https:\/\/www.festivox.fr\/blog\/#\/schema\/person\/f36a8b6bc94800c3eafed4bca993ce95"},"headline":"Belcastel en sc\u00e8ne, march\u00e9 gourmand, jeux inter villages&#8230; Que faire en Aveyron ce premier week-end d&rsquo;ao\u00fbt","datePublished":"2024-08-01T12:01:00+00:00","mainEntityOfPage":{"@id":"https:\/\/www.festivox.fr\/blog\/belcastel-en-scene-marche-gourmand-jeux-inter-villages-que-faire-en-aveyron-ce-premier-week-end-daout\/"},"wordCount":6587,"publisher":{"@id":"https:\/\/www.festivox.fr\/blog\/#organization"},"image":{"@id":"https:\/\/www.festivox.fr\/blog\/belcastel-en-scene-marche-gourmand-jeux-inter-villages-que-faire-en-aveyron-ce-premier-week-end-daout\/#primaryimage"},"thumbnailUrl":"https:\/\/www.festivox.fr\/blog\/wp-content\/uploads\/2024\/08\/belcastel-en-scene-marche-gourmand-jeux-inter-villages-que-faire-en-aveyron-ce-premier-week-end-daout.png","articleSection":["Wiki Sur Festival Jazz Et Musique En Mode Guinguette:"],"inLanguage":"fr-FR"},{"@type":"WebPage","@id":"https:\/\/www.festivox.fr\/blog\/belcastel-en-scene-marche-gourmand-jeux-inter-villages-que-faire-en-aveyron-ce-premier-week-end-daout\/","url":"https:\/\/www.festivox.fr\/blog\/belcastel-en-scene-marche-gourmand-jeux-inter-villages-que-faire-en-aveyron-ce-premier-week-end-daout\/","name":"Belcastel en sc\u00e8ne, march\u00e9 gourmand, jeux inter villages... Que faire en Aveyron ce premier week-end d'ao\u00fbt - FESTIVOX","isPartOf":{"@id":"https:\/\/www.festivox.fr\/blog\/#website"},"primaryImageOfPage":{"@id":"https:\/\/www.festivox.fr\/blog\/belcastel-en-scene-marche-gourmand-jeux-inter-villages-que-faire-en-aveyron-ce-premier-week-end-daout\/#primaryimage"},"image":{"@id":"https:\/\/www.festivox.fr\/blog\/belcastel-en-scene-marche-gourmand-jeux-inter-villages-que-faire-en-aveyron-ce-premier-week-end-daout\/#primaryimage"},"thumbnailUrl":"https:\/\/www.festivox.fr\/blog\/wp-content\/uploads\/2024\/08\/belcastel-en-scene-marche-gourmand-jeux-inter-villages-que-faire-en-aveyron-ce-premier-week-end-daout.png","datePublished":"2024-08-01T12:01:00+00:00","breadcrumb":{"@id":"https:\/\/www.festivox.fr\/blog\/belcastel-en-scene-marche-gourmand-jeux-inter-villages-que-faire-en-aveyron-ce-premier-week-end-daout\/#breadcrumb"},"inLanguage":"fr-FR","potentialAction":[{"@type":"ReadAction","target":["https:\/\/www.festivox.fr\/blog\/belcastel-en-scene-marche-gourmand-jeux-inter-villages-que-faire-en-aveyron-ce-premier-week-end-daout\/"]}]},{"@type":"ImageObject","inLanguage":"fr-FR","@id":"https:\/\/www.festivox.fr\/blog\/belcastel-en-scene-marche-gourmand-jeux-inter-villages-que-faire-en-aveyron-ce-premier-week-end-daout\/#primaryimage","url":"https:\/\/www.festivox.fr\/blog\/wp-content\/uploads\/2024\/08\/belcastel-en-scene-marche-gourmand-jeux-inter-villages-que-faire-en-aveyron-ce-premier-week-end-daout.png","contentUrl":"https:\/\/www.festivox.fr\/blog\/wp-content\/uploads\/2024\/08\/belcastel-en-scene-marche-gourmand-jeux-inter-villages-que-faire-en-aveyron-ce-premier-week-end-daout.png","width":885,"height":500},{"@type":"BreadcrumbList","@id":"https:\/\/www.festivox.fr\/blog\/belcastel-en-scene-marche-gourmand-jeux-inter-villages-que-faire-en-aveyron-ce-premier-week-end-daout\/#breadcrumb","itemListElement":[{"@type":"ListItem","position":1,"name":"Accueil","item":"https:\/\/www.festivox.fr\/blog\/"},{"@type":"ListItem","position":2,"name":"Belcastel en sc\u00e8ne, march\u00e9 gourmand, jeux inter villages&#8230; Que faire en Aveyron ce premier week-end d&rsquo;ao\u00fbt"}]},{"@type":"WebSite","@id":"https:\/\/www.festivox.fr\/blog\/#website","url":"https:\/\/www.festivox.fr\/blog\/","name":"FESTIVOX","description":"Festival en mode guinguette.","publisher":{"@id":"https:\/\/www.festivox.fr\/blog\/#organization"},"potentialAction":[{"@type":"SearchAction","target":{"@type":"EntryPoint","urlTemplate":"https:\/\/www.festivox.fr\/blog\/?s={search_term_string}"},"query-input":{"@type":"PropertyValueSpecification","valueRequired":true,"valueName":"search_term_string"}}],"inLanguage":"fr-FR"},{"@type":"Organization","@id":"https:\/\/www.festivox.fr\/blog\/#organization","name":"festivox","url":"https:\/\/www.festivox.fr\/blog\/","logo":{"@type":"ImageObject","inLanguage":"fr-FR","@id":"https:\/\/www.festivox.fr\/blog\/#\/schema\/logo\/image\/","url":"https:\/\/www.festivox.fr\/blog\/wp-content\/uploads\/2023\/06\/logo-2.png","contentUrl":"https:\/\/www.festivox.fr\/blog\/wp-content\/uploads\/2023\/06\/logo-2.png","width":480,"height":160,"caption":"festivox"},"image":{"@id":"https:\/\/www.festivox.fr\/blog\/#\/schema\/logo\/image\/"}},{"@type":"Person","@id":"https:\/\/www.festivox.fr\/blog\/#\/schema\/person\/f36a8b6bc94800c3eafed4bca993ce95","name":"Michele","image":{"@type":"ImageObject","inLanguage":"fr-FR","@id":"https:\/\/secure.gravatar.com\/avatar\/b062046536b5d47ec9075956ec349ef95ed06b0f910c578f74abb318668b702e?s=96&d=mm&r=g","url":"https:\/\/secure.gravatar.com\/avatar\/b062046536b5d47ec9075956ec349ef95ed06b0f910c578f74abb318668b702e?s=96&d=mm&r=g","contentUrl":"https:\/\/secure.gravatar.com\/avatar\/b062046536b5d47ec9075956ec349ef95ed06b0f910c578f74abb318668b702e?s=96&d=mm&r=g","caption":"Michele"},"sameAs":["https:\/\/www.festivox.fr\/blog"],"url":"https:\/\/www.festivox.fr\/blog\/author\/voxadmin\/"}]}},"_links":{"self":[{"href":"https:\/\/www.festivox.fr\/blog\/wp-json\/wp\/v2\/posts\/988","targetHints":{"allow":["GET"]}}],"collection":[{"href":"https:\/\/www.festivox.fr\/blog\/wp-json\/wp\/v2\/posts"}],"about":[{"href":"https:\/\/www.festivox.fr\/blog\/wp-json\/wp\/v2\/types\/post"}],"author":[{"embeddable":true,"href":"https:\/\/www.festivox.fr\/blog\/wp-json\/wp\/v2\/users\/1"}],"replies":[{"embeddable":true,"href":"https:\/\/www.festivox.fr\/blog\/wp-json\/wp\/v2\/comments?post=988"}],"version-history":[{"count":0,"href":"https:\/\/www.festivox.fr\/blog\/wp-json\/wp\/v2\/posts\/988\/revisions"}],"wp:featuredmedia":[{"embeddable":true,"href":"https:\/\/www.festivox.fr\/blog\/wp-json\/wp\/v2\/media\/989"}],"wp:attachment":[{"href":"https:\/\/www.festivox.fr\/blog\/wp-json\/wp\/v2\/media?parent=988"}],"wp:term":[{"taxonomy":"category","embeddable":true,"href":"https:\/\/www.festivox.fr\/blog\/wp-json\/wp\/v2\/categories?post=988"},{"taxonomy":"post_tag","embeddable":true,"href":"https:\/\/www.festivox.fr\/blog\/wp-json\/wp\/v2\/tags?post=988"}],"curies":[{"name":"wp","href":"https:\/\/api.w.org\/{rel}","templated":true}]}}