{"id":965,"date":"2024-07-13T12:09:00","date_gmt":"2024-07-13T10:09:00","guid":{"rendered":"https:\/\/www.festivox.fr\/blog\/14-juillet-toulouse-celebre-la-fete-nationale-des-ce-samedi-soir-avec-un-feu-dartifice-tire-depuis-la-garonne\/"},"modified":"2024-07-13T12:09:00","modified_gmt":"2024-07-13T10:09:00","slug":"14-juillet-toulouse-celebre-la-fete-nationale-des-ce-samedi-soir-avec-un-feu-dartifice-tire-depuis-la-garonne","status":"publish","type":"post","link":"https:\/\/www.festivox.fr\/blog\/14-juillet-toulouse-celebre-la-fete-nationale-des-ce-samedi-soir-avec-un-feu-dartifice-tire-depuis-la-garonne\/","title":{"rendered":"14-Juillet : Toulouse c\u00e9l\u00e8bre la F\u00eate nationale d\u00e8s ce samedi soir avec un feu d&rsquo;artifice tir\u00e9 depuis la Garonne"},"content":{"rendered":"\n<div><img decoding=\"async\" src=\"https:\/\/www.festivox.fr\/blog\/wp-content\/uploads\/2024\/07\/14-juillet-toulouse-celebre-la-fete-nationale-des-ce-samedi-soir-avec-un-feu-dartifice-tire-depuis-la-garonne.jpg\" class=\"ff-og-image-inserted\"><\/div>\n<p><span class=\"author-article\"><span class=\"author\"><span class=\"cnt\"><span class=\"titre\"> Alexis Bourdon \/\/ Cr\u00e9dit photo : Jean-Marc Barrere \/ Hans Lucas \/ Hans Lucas via AFP <\/span><\/span><\/span><\/span><span class=\"publication-date\"><span>18h51, le 13 juillet 2024<\/span><\/span><\/p>\n<p><strong class=\"chapo\">C&rsquo;est un week-end pas comme les autres. En plus des d\u00e9parts en vacances, c&rsquo;est le 14-Juillet. Ce dimanche aura lieu le d\u00e9fil\u00e9 et le feu d&rsquo;artifice, mais dans plusieurs villes dans tout le pays, le feu d&rsquo;artifice, c&rsquo;est pour ce samedi soir comme \u00e0 Toulouse. Le correspondant d&rsquo;Europe 1 a pu rencontrer l&rsquo;\u00e9quipe en charge du spectacle sur le bord des quais de la ville rose.&nbsp;<\/strong><\/p>\n<div>\n<p>Le 14 juillet, c&rsquo;est ce dimanche. Mais dans plusieurs villes du pays, les c\u00e9l\u00e9brations de la F\u00eate nationale commencent d\u00e8s ce samedi soir. C&rsquo;est le cas, par exemple, de <a href=\"https:\/\/www.europe1.fr\/societe\/le-beau-temps-fait-son-grand-retour-en-france-notamment-a-toulouse-ou-les-habitants-profitent-des-terrasses-4241267\" target=\"_self\" rel=\"noopener nofollow\">Toulouse<\/a>. Sur le bord des quais de la ville, les \u00e9quipes en charge du spectacle r\u00e8glent les derniers d\u00e9tails.&nbsp;<\/p>\n<h2>\u00ab\u00a0Le th\u00e8me est Claude Nougaro et les feux sont r\u00e9gl\u00e9s sur sa musique\u00a0\u00bb<\/h2>\n<p>Ils sont 15 \u00e0 travailler depuis quatre jours pour pr\u00e9parer ce feu d&rsquo;artifice. Le spectacle doit durer 20 minutes et il r\u00e9clame une organisation toute particuli\u00e8re puisqu&rsquo;il sera tir\u00e9 depuis la Garonne. Comme le raconte Alain, le chef de tir du spectacle pyrotechnique : \u00ab\u00a0Il y a exactement trois grandes barges qui font 200 m\u00e8tres carr\u00e9s plus 17 radeaux qui font quatre m\u00e8tres carr\u00e9s sur une longueur de 600 m\u00e8tres\u00a0\u00bb.&nbsp;<\/p>\n<p>Cette ann\u00e9e, le feu d&rsquo;artifice de Toulouse rend hommage \u00e0 l&rsquo;une des figures de la ville : \u00ab\u00a0Le th\u00e8me est <a href=\"https:\/\/www.europe1.fr\/emissions\/hey-joe\/iconiques-lunivers-unique-de-claude-nougaro-partie-1-4235013\" target=\"_self\" rel=\"noopener nofollow\">Claude Nougaro<\/a> et les feux sont r\u00e9gl\u00e9s sur sa musique. Apr\u00e8s, il y a des effets un peu particuliers, mais on ne peut pas tout dire, autrement o\u00f9 sera la surprise\u00a0\u00bb.&nbsp;<\/p>\n<p>Au total, pr\u00e8s de 400.000 personnes l\u00e8veront les yeux pour voir une farandole de couleurs dans le ciel sous un air de musique classique, de jazz ou de java. Le premier coup de canon est attendu aux alentours de 22h30.&nbsp;<\/p>\n<\/div>\n<p> Cet article, qui traite du th\u00e8me \u00ab\u00a0Festival Jazz et musique en mode guinguette\u00a0\u00bb, vous est d\u00e9lib\u00e9r\u00e9ment offert par festivox.fr. La raison d\u2019\u00eatre de festivox.fr est de parler de Festival Jazz et musique en mode guinguette dans la transparence la plus g\u00e9n\u00e9rale en vous procurant la visibilit\u00e9 de tout ce qui est publi\u00e9 sur ce sujet sur le web La chronique a \u00e9t\u00e9 g\u00e9n\u00e9r\u00e9e de la mani\u00e8re la plus honn\u00eate que possible. S\u2019il advenait que vous projetez d\u2019apporter quelques notes concernant le domaine de \u00ab\u00a0Festival Jazz et musique en mode guinguette\u00a0\u00bb vous avez la possibilit\u00e9 de d&rsquo;\u00e9changer avec notre r\u00e9daction. Dans peu de temps, on mettra en ligne d&rsquo;autres informations pertinentes autour du sujet \u00ab\u00a0Festival Jazz et musique en mode guinguette\u00a0\u00bb. Ainsi, consultez r\u00e9guli\u00e8rement notre site.<\/p>\n","protected":false},"excerpt":{"rendered":"<p>Alexis Bourdon \/\/ Cr\u00e9dit photo : Jean-Marc Barrere \/ Hans Lucas \/ Hans Lucas via AFP 18h51, le 13 juillet 2024 C&rsquo;est un week-end pas comme les autres. En plus des d\u00e9parts en vacances, c&rsquo;est le 14-Juillet. Ce dimanche aura lieu le d\u00e9fil\u00e9 et le feu d&rsquo;artifice, mais dans plusieurs villes dans tout le pays,&hellip;<\/p>\n","protected":false},"author":1,"featured_media":966,"comment_status":"closed","ping_status":"closed","sticky":false,"template":"","format":"standard","meta":{"footnotes":""},"categories":[3],"tags":[],"class_list":["post-965","post","type-post","status-publish","format-standard","has-post-thumbnail","hentry","category-wiki-sur-festival-jazz-et-musique-en-mode-guinguette"],"yoast_head":"<!-- This site is optimized with the Yoast SEO plugin v27.5 - https:\/\/yoast.com\/product\/yoast-seo-wordpress\/ -->\n<title>14-Juillet : Toulouse c\u00e9l\u00e8bre la F\u00eate nationale d\u00e8s ce samedi soir avec un feu d&#039;artifice tir\u00e9 depuis la Garonne - FESTIVOX<\/title>\n<meta name=\"robots\" content=\"index, follow, max-snippet:-1, max-image-preview:large, max-video-preview:-1\" \/>\n<link rel=\"canonical\" href=\"https:\/\/www.festivox.fr\/blog\/14-juillet-toulouse-celebre-la-fete-nationale-des-ce-samedi-soir-avec-un-feu-dartifice-tire-depuis-la-garonne\/\" \/>\n<meta property=\"og:locale\" content=\"fr_FR\" \/>\n<meta property=\"og:type\" content=\"article\" \/>\n<meta property=\"og:title\" content=\"14-Juillet : Toulouse c\u00e9l\u00e8bre la F\u00eate nationale d\u00e8s ce samedi soir avec un feu d&#039;artifice tir\u00e9 depuis la Garonne - FESTIVOX\" \/>\n<meta property=\"og:description\" content=\"Alexis Bourdon \/\/ Cr\u00e9dit photo : Jean-Marc Barrere \/ Hans Lucas \/ Hans Lucas via AFP 18h51, le 13 juillet 2024 C&rsquo;est un week-end pas comme les autres. En plus des d\u00e9parts en vacances, c&rsquo;est le 14-Juillet. Ce dimanche aura lieu le d\u00e9fil\u00e9 et le feu d&rsquo;artifice, mais dans plusieurs villes dans tout le pays,&hellip;\" \/>\n<meta property=\"og:url\" content=\"https:\/\/www.festivox.fr\/blog\/14-juillet-toulouse-celebre-la-fete-nationale-des-ce-samedi-soir-avec-un-feu-dartifice-tire-depuis-la-garonne\/\" \/>\n<meta property=\"og:site_name\" content=\"FESTIVOX\" \/>\n<meta property=\"article:published_time\" content=\"2024-07-13T10:09:00+00:00\" \/>\n<meta property=\"og:image\" content=\"https:\/\/www.festivox.fr\/blog\/wp-content\/uploads\/2024\/07\/14-juillet-toulouse-celebre-la-fete-nationale-des-ce-samedi-soir-avec-un-feu-dartifice-tire-depuis-la-garonne.jpg\" \/>\n<meta name=\"author\" content=\"Michele\" \/>\n<meta name=\"twitter:card\" content=\"summary_large_image\" \/>\n<meta name=\"twitter:label1\" content=\"\u00c9crit par\" \/>\n\t<meta name=\"twitter:data1\" content=\"Michele\" \/>\n\t<meta name=\"twitter:label2\" content=\"Dur\u00e9e de lecture estim\u00e9e\" \/>\n\t<meta name=\"twitter:data2\" content=\"2 minutes\" \/>\n<script type=\"application\/ld+json\" class=\"yoast-schema-graph\">{\"@context\":\"https:\\\/\\\/schema.org\",\"@graph\":[{\"@type\":\"Article\",\"@id\":\"https:\\\/\\\/www.festivox.fr\\\/blog\\\/14-juillet-toulouse-celebre-la-fete-nationale-des-ce-samedi-soir-avec-un-feu-dartifice-tire-depuis-la-garonne\\\/#article\",\"isPartOf\":{\"@id\":\"https:\\\/\\\/www.festivox.fr\\\/blog\\\/14-juillet-toulouse-celebre-la-fete-nationale-des-ce-samedi-soir-avec-un-feu-dartifice-tire-depuis-la-garonne\\\/\"},\"author\":{\"name\":\"Michele\",\"@id\":\"https:\\\/\\\/www.festivox.fr\\\/blog\\\/#\\\/schema\\\/person\\\/f36a8b6bc94800c3eafed4bca993ce95\"},\"headline\":\"14-Juillet : Toulouse c\u00e9l\u00e8bre la F\u00eate nationale d\u00e8s ce samedi soir avec un feu d&rsquo;artifice tir\u00e9 depuis la Garonne\",\"datePublished\":\"2024-07-13T10:09:00+00:00\",\"mainEntityOfPage\":{\"@id\":\"https:\\\/\\\/www.festivox.fr\\\/blog\\\/14-juillet-toulouse-celebre-la-fete-nationale-des-ce-samedi-soir-avec-un-feu-dartifice-tire-depuis-la-garonne\\\/\"},\"wordCount\":490,\"publisher\":{\"@id\":\"https:\\\/\\\/www.festivox.fr\\\/blog\\\/#organization\"},\"image\":{\"@id\":\"https:\\\/\\\/www.festivox.fr\\\/blog\\\/14-juillet-toulouse-celebre-la-fete-nationale-des-ce-samedi-soir-avec-un-feu-dartifice-tire-depuis-la-garonne\\\/#primaryimage\"},\"thumbnailUrl\":\"https:\\\/\\\/www.festivox.fr\\\/blog\\\/wp-content\\\/uploads\\\/2024\\\/07\\\/14-juillet-toulouse-celebre-la-fete-nationale-des-ce-samedi-soir-avec-un-feu-dartifice-tire-depuis-la-garonne.jpg\",\"articleSection\":[\"Wiki Sur Festival Jazz Et Musique En Mode Guinguette:\"],\"inLanguage\":\"fr-FR\"},{\"@type\":\"WebPage\",\"@id\":\"https:\\\/\\\/www.festivox.fr\\\/blog\\\/14-juillet-toulouse-celebre-la-fete-nationale-des-ce-samedi-soir-avec-un-feu-dartifice-tire-depuis-la-garonne\\\/\",\"url\":\"https:\\\/\\\/www.festivox.fr\\\/blog\\\/14-juillet-toulouse-celebre-la-fete-nationale-des-ce-samedi-soir-avec-un-feu-dartifice-tire-depuis-la-garonne\\\/\",\"name\":\"14-Juillet : Toulouse c\u00e9l\u00e8bre la F\u00eate nationale d\u00e8s ce samedi soir avec un feu d'artifice tir\u00e9 depuis la Garonne - FESTIVOX\",\"isPartOf\":{\"@id\":\"https:\\\/\\\/www.festivox.fr\\\/blog\\\/#website\"},\"primaryImageOfPage\":{\"@id\":\"https:\\\/\\\/www.festivox.fr\\\/blog\\\/14-juillet-toulouse-celebre-la-fete-nationale-des-ce-samedi-soir-avec-un-feu-dartifice-tire-depuis-la-garonne\\\/#primaryimage\"},\"image\":{\"@id\":\"https:\\\/\\\/www.festivox.fr\\\/blog\\\/14-juillet-toulouse-celebre-la-fete-nationale-des-ce-samedi-soir-avec-un-feu-dartifice-tire-depuis-la-garonne\\\/#primaryimage\"},\"thumbnailUrl\":\"https:\\\/\\\/www.festivox.fr\\\/blog\\\/wp-content\\\/uploads\\\/2024\\\/07\\\/14-juillet-toulouse-celebre-la-fete-nationale-des-ce-samedi-soir-avec-un-feu-dartifice-tire-depuis-la-garonne.jpg\",\"datePublished\":\"2024-07-13T10:09:00+00:00\",\"breadcrumb\":{\"@id\":\"https:\\\/\\\/www.festivox.fr\\\/blog\\\/14-juillet-toulouse-celebre-la-fete-nationale-des-ce-samedi-soir-avec-un-feu-dartifice-tire-depuis-la-garonne\\\/#breadcrumb\"},\"inLanguage\":\"fr-FR\",\"potentialAction\":[{\"@type\":\"ReadAction\",\"target\":[\"https:\\\/\\\/www.festivox.fr\\\/blog\\\/14-juillet-toulouse-celebre-la-fete-nationale-des-ce-samedi-soir-avec-un-feu-dartifice-tire-depuis-la-garonne\\\/\"]}]},{\"@type\":\"ImageObject\",\"inLanguage\":\"fr-FR\",\"@id\":\"https:\\\/\\\/www.festivox.fr\\\/blog\\\/14-juillet-toulouse-celebre-la-fete-nationale-des-ce-samedi-soir-avec-un-feu-dartifice-tire-depuis-la-garonne\\\/#primaryimage\",\"url\":\"https:\\\/\\\/www.festivox.fr\\\/blog\\\/wp-content\\\/uploads\\\/2024\\\/07\\\/14-juillet-toulouse-celebre-la-fete-nationale-des-ce-samedi-soir-avec-un-feu-dartifice-tire-depuis-la-garonne.jpg\",\"contentUrl\":\"https:\\\/\\\/www.festivox.fr\\\/blog\\\/wp-content\\\/uploads\\\/2024\\\/07\\\/14-juillet-toulouse-celebre-la-fete-nationale-des-ce-samedi-soir-avec-un-feu-dartifice-tire-depuis-la-garonne.jpg\",\"width\":1500,\"height\":750},{\"@type\":\"BreadcrumbList\",\"@id\":\"https:\\\/\\\/www.festivox.fr\\\/blog\\\/14-juillet-toulouse-celebre-la-fete-nationale-des-ce-samedi-soir-avec-un-feu-dartifice-tire-depuis-la-garonne\\\/#breadcrumb\",\"itemListElement\":[{\"@type\":\"ListItem\",\"position\":1,\"name\":\"Accueil\",\"item\":\"https:\\\/\\\/www.festivox.fr\\\/blog\\\/\"},{\"@type\":\"ListItem\",\"position\":2,\"name\":\"14-Juillet : Toulouse c\u00e9l\u00e8bre la F\u00eate nationale d\u00e8s ce samedi soir avec un feu d&rsquo;artifice tir\u00e9 depuis la Garonne\"}]},{\"@type\":\"WebSite\",\"@id\":\"https:\\\/\\\/www.festivox.fr\\\/blog\\\/#website\",\"url\":\"https:\\\/\\\/www.festivox.fr\\\/blog\\\/\",\"name\":\"FESTIVOX\",\"description\":\"Festival en mode guinguette.\",\"publisher\":{\"@id\":\"https:\\\/\\\/www.festivox.fr\\\/blog\\\/#organization\"},\"potentialAction\":[{\"@type\":\"SearchAction\",\"target\":{\"@type\":\"EntryPoint\",\"urlTemplate\":\"https:\\\/\\\/www.festivox.fr\\\/blog\\\/?s={search_term_string}\"},\"query-input\":{\"@type\":\"PropertyValueSpecification\",\"valueRequired\":true,\"valueName\":\"search_term_string\"}}],\"inLanguage\":\"fr-FR\"},{\"@type\":\"Organization\",\"@id\":\"https:\\\/\\\/www.festivox.fr\\\/blog\\\/#organization\",\"name\":\"festivox\",\"url\":\"https:\\\/\\\/www.festivox.fr\\\/blog\\\/\",\"logo\":{\"@type\":\"ImageObject\",\"inLanguage\":\"fr-FR\",\"@id\":\"https:\\\/\\\/www.festivox.fr\\\/blog\\\/#\\\/schema\\\/logo\\\/image\\\/\",\"url\":\"https:\\\/\\\/www.festivox.fr\\\/blog\\\/wp-content\\\/uploads\\\/2023\\\/06\\\/logo-2.png\",\"contentUrl\":\"https:\\\/\\\/www.festivox.fr\\\/blog\\\/wp-content\\\/uploads\\\/2023\\\/06\\\/logo-2.png\",\"width\":480,\"height\":160,\"caption\":\"festivox\"},\"image\":{\"@id\":\"https:\\\/\\\/www.festivox.fr\\\/blog\\\/#\\\/schema\\\/logo\\\/image\\\/\"}},{\"@type\":\"Person\",\"@id\":\"https:\\\/\\\/www.festivox.fr\\\/blog\\\/#\\\/schema\\\/person\\\/f36a8b6bc94800c3eafed4bca993ce95\",\"name\":\"Michele\",\"image\":{\"@type\":\"ImageObject\",\"inLanguage\":\"fr-FR\",\"@id\":\"https:\\\/\\\/secure.gravatar.com\\\/avatar\\\/b062046536b5d47ec9075956ec349ef95ed06b0f910c578f74abb318668b702e?s=96&d=mm&r=g\",\"url\":\"https:\\\/\\\/secure.gravatar.com\\\/avatar\\\/b062046536b5d47ec9075956ec349ef95ed06b0f910c578f74abb318668b702e?s=96&d=mm&r=g\",\"contentUrl\":\"https:\\\/\\\/secure.gravatar.com\\\/avatar\\\/b062046536b5d47ec9075956ec349ef95ed06b0f910c578f74abb318668b702e?s=96&d=mm&r=g\",\"caption\":\"Michele\"},\"sameAs\":[\"https:\\\/\\\/www.festivox.fr\\\/blog\"],\"url\":\"https:\\\/\\\/www.festivox.fr\\\/blog\\\/author\\\/voxadmin\\\/\"}]}<\/script>\n<!-- \/ Yoast SEO plugin. -->","yoast_head_json":{"title":"14-Juillet : Toulouse c\u00e9l\u00e8bre la F\u00eate nationale d\u00e8s ce samedi soir avec un feu d'artifice tir\u00e9 depuis la Garonne - FESTIVOX","robots":{"index":"index","follow":"follow","max-snippet":"max-snippet:-1","max-image-preview":"max-image-preview:large","max-video-preview":"max-video-preview:-1"},"canonical":"https:\/\/www.festivox.fr\/blog\/14-juillet-toulouse-celebre-la-fete-nationale-des-ce-samedi-soir-avec-un-feu-dartifice-tire-depuis-la-garonne\/","og_locale":"fr_FR","og_type":"article","og_title":"14-Juillet : Toulouse c\u00e9l\u00e8bre la F\u00eate nationale d\u00e8s ce samedi soir avec un feu d'artifice tir\u00e9 depuis la Garonne - FESTIVOX","og_description":"Alexis Bourdon \/\/ Cr\u00e9dit photo : Jean-Marc Barrere \/ Hans Lucas \/ Hans Lucas via AFP 18h51, le 13 juillet 2024 C&rsquo;est un week-end pas comme les autres. En plus des d\u00e9parts en vacances, c&rsquo;est le 14-Juillet. Ce dimanche aura lieu le d\u00e9fil\u00e9 et le feu d&rsquo;artifice, mais dans plusieurs villes dans tout le pays,&hellip;","og_url":"https:\/\/www.festivox.fr\/blog\/14-juillet-toulouse-celebre-la-fete-nationale-des-ce-samedi-soir-avec-un-feu-dartifice-tire-depuis-la-garonne\/","og_site_name":"FESTIVOX","article_published_time":"2024-07-13T10:09:00+00:00","og_image":[{"url":"https:\/\/www.festivox.fr\/blog\/wp-content\/uploads\/2024\/07\/14-juillet-toulouse-celebre-la-fete-nationale-des-ce-samedi-soir-avec-un-feu-dartifice-tire-depuis-la-garonne.jpg","type":"","width":"","height":""}],"author":"Michele","twitter_card":"summary_large_image","twitter_misc":{"\u00c9crit par":"Michele","Dur\u00e9e de lecture estim\u00e9e":"2 minutes"},"schema":{"@context":"https:\/\/schema.org","@graph":[{"@type":"Article","@id":"https:\/\/www.festivox.fr\/blog\/14-juillet-toulouse-celebre-la-fete-nationale-des-ce-samedi-soir-avec-un-feu-dartifice-tire-depuis-la-garonne\/#article","isPartOf":{"@id":"https:\/\/www.festivox.fr\/blog\/14-juillet-toulouse-celebre-la-fete-nationale-des-ce-samedi-soir-avec-un-feu-dartifice-tire-depuis-la-garonne\/"},"author":{"name":"Michele","@id":"https:\/\/www.festivox.fr\/blog\/#\/schema\/person\/f36a8b6bc94800c3eafed4bca993ce95"},"headline":"14-Juillet : Toulouse c\u00e9l\u00e8bre la F\u00eate nationale d\u00e8s ce samedi soir avec un feu d&rsquo;artifice tir\u00e9 depuis la Garonne","datePublished":"2024-07-13T10:09:00+00:00","mainEntityOfPage":{"@id":"https:\/\/www.festivox.fr\/blog\/14-juillet-toulouse-celebre-la-fete-nationale-des-ce-samedi-soir-avec-un-feu-dartifice-tire-depuis-la-garonne\/"},"wordCount":490,"publisher":{"@id":"https:\/\/www.festivox.fr\/blog\/#organization"},"image":{"@id":"https:\/\/www.festivox.fr\/blog\/14-juillet-toulouse-celebre-la-fete-nationale-des-ce-samedi-soir-avec-un-feu-dartifice-tire-depuis-la-garonne\/#primaryimage"},"thumbnailUrl":"https:\/\/www.festivox.fr\/blog\/wp-content\/uploads\/2024\/07\/14-juillet-toulouse-celebre-la-fete-nationale-des-ce-samedi-soir-avec-un-feu-dartifice-tire-depuis-la-garonne.jpg","articleSection":["Wiki Sur Festival Jazz Et Musique En Mode Guinguette:"],"inLanguage":"fr-FR"},{"@type":"WebPage","@id":"https:\/\/www.festivox.fr\/blog\/14-juillet-toulouse-celebre-la-fete-nationale-des-ce-samedi-soir-avec-un-feu-dartifice-tire-depuis-la-garonne\/","url":"https:\/\/www.festivox.fr\/blog\/14-juillet-toulouse-celebre-la-fete-nationale-des-ce-samedi-soir-avec-un-feu-dartifice-tire-depuis-la-garonne\/","name":"14-Juillet : Toulouse c\u00e9l\u00e8bre la F\u00eate nationale d\u00e8s ce samedi soir avec un feu d'artifice tir\u00e9 depuis la Garonne - FESTIVOX","isPartOf":{"@id":"https:\/\/www.festivox.fr\/blog\/#website"},"primaryImageOfPage":{"@id":"https:\/\/www.festivox.fr\/blog\/14-juillet-toulouse-celebre-la-fete-nationale-des-ce-samedi-soir-avec-un-feu-dartifice-tire-depuis-la-garonne\/#primaryimage"},"image":{"@id":"https:\/\/www.festivox.fr\/blog\/14-juillet-toulouse-celebre-la-fete-nationale-des-ce-samedi-soir-avec-un-feu-dartifice-tire-depuis-la-garonne\/#primaryimage"},"thumbnailUrl":"https:\/\/www.festivox.fr\/blog\/wp-content\/uploads\/2024\/07\/14-juillet-toulouse-celebre-la-fete-nationale-des-ce-samedi-soir-avec-un-feu-dartifice-tire-depuis-la-garonne.jpg","datePublished":"2024-07-13T10:09:00+00:00","breadcrumb":{"@id":"https:\/\/www.festivox.fr\/blog\/14-juillet-toulouse-celebre-la-fete-nationale-des-ce-samedi-soir-avec-un-feu-dartifice-tire-depuis-la-garonne\/#breadcrumb"},"inLanguage":"fr-FR","potentialAction":[{"@type":"ReadAction","target":["https:\/\/www.festivox.fr\/blog\/14-juillet-toulouse-celebre-la-fete-nationale-des-ce-samedi-soir-avec-un-feu-dartifice-tire-depuis-la-garonne\/"]}]},{"@type":"ImageObject","inLanguage":"fr-FR","@id":"https:\/\/www.festivox.fr\/blog\/14-juillet-toulouse-celebre-la-fete-nationale-des-ce-samedi-soir-avec-un-feu-dartifice-tire-depuis-la-garonne\/#primaryimage","url":"https:\/\/www.festivox.fr\/blog\/wp-content\/uploads\/2024\/07\/14-juillet-toulouse-celebre-la-fete-nationale-des-ce-samedi-soir-avec-un-feu-dartifice-tire-depuis-la-garonne.jpg","contentUrl":"https:\/\/www.festivox.fr\/blog\/wp-content\/uploads\/2024\/07\/14-juillet-toulouse-celebre-la-fete-nationale-des-ce-samedi-soir-avec-un-feu-dartifice-tire-depuis-la-garonne.jpg","width":1500,"height":750},{"@type":"BreadcrumbList","@id":"https:\/\/www.festivox.fr\/blog\/14-juillet-toulouse-celebre-la-fete-nationale-des-ce-samedi-soir-avec-un-feu-dartifice-tire-depuis-la-garonne\/#breadcrumb","itemListElement":[{"@type":"ListItem","position":1,"name":"Accueil","item":"https:\/\/www.festivox.fr\/blog\/"},{"@type":"ListItem","position":2,"name":"14-Juillet : Toulouse c\u00e9l\u00e8bre la F\u00eate nationale d\u00e8s ce samedi soir avec un feu d&rsquo;artifice tir\u00e9 depuis la Garonne"}]},{"@type":"WebSite","@id":"https:\/\/www.festivox.fr\/blog\/#website","url":"https:\/\/www.festivox.fr\/blog\/","name":"FESTIVOX","description":"Festival en mode guinguette.","publisher":{"@id":"https:\/\/www.festivox.fr\/blog\/#organization"},"potentialAction":[{"@type":"SearchAction","target":{"@type":"EntryPoint","urlTemplate":"https:\/\/www.festivox.fr\/blog\/?s={search_term_string}"},"query-input":{"@type":"PropertyValueSpecification","valueRequired":true,"valueName":"search_term_string"}}],"inLanguage":"fr-FR"},{"@type":"Organization","@id":"https:\/\/www.festivox.fr\/blog\/#organization","name":"festivox","url":"https:\/\/www.festivox.fr\/blog\/","logo":{"@type":"ImageObject","inLanguage":"fr-FR","@id":"https:\/\/www.festivox.fr\/blog\/#\/schema\/logo\/image\/","url":"https:\/\/www.festivox.fr\/blog\/wp-content\/uploads\/2023\/06\/logo-2.png","contentUrl":"https:\/\/www.festivox.fr\/blog\/wp-content\/uploads\/2023\/06\/logo-2.png","width":480,"height":160,"caption":"festivox"},"image":{"@id":"https:\/\/www.festivox.fr\/blog\/#\/schema\/logo\/image\/"}},{"@type":"Person","@id":"https:\/\/www.festivox.fr\/blog\/#\/schema\/person\/f36a8b6bc94800c3eafed4bca993ce95","name":"Michele","image":{"@type":"ImageObject","inLanguage":"fr-FR","@id":"https:\/\/secure.gravatar.com\/avatar\/b062046536b5d47ec9075956ec349ef95ed06b0f910c578f74abb318668b702e?s=96&d=mm&r=g","url":"https:\/\/secure.gravatar.com\/avatar\/b062046536b5d47ec9075956ec349ef95ed06b0f910c578f74abb318668b702e?s=96&d=mm&r=g","contentUrl":"https:\/\/secure.gravatar.com\/avatar\/b062046536b5d47ec9075956ec349ef95ed06b0f910c578f74abb318668b702e?s=96&d=mm&r=g","caption":"Michele"},"sameAs":["https:\/\/www.festivox.fr\/blog"],"url":"https:\/\/www.festivox.fr\/blog\/author\/voxadmin\/"}]}},"_links":{"self":[{"href":"https:\/\/www.festivox.fr\/blog\/wp-json\/wp\/v2\/posts\/965","targetHints":{"allow":["GET"]}}],"collection":[{"href":"https:\/\/www.festivox.fr\/blog\/wp-json\/wp\/v2\/posts"}],"about":[{"href":"https:\/\/www.festivox.fr\/blog\/wp-json\/wp\/v2\/types\/post"}],"author":[{"embeddable":true,"href":"https:\/\/www.festivox.fr\/blog\/wp-json\/wp\/v2\/users\/1"}],"replies":[{"embeddable":true,"href":"https:\/\/www.festivox.fr\/blog\/wp-json\/wp\/v2\/comments?post=965"}],"version-history":[{"count":0,"href":"https:\/\/www.festivox.fr\/blog\/wp-json\/wp\/v2\/posts\/965\/revisions"}],"wp:featuredmedia":[{"embeddable":true,"href":"https:\/\/www.festivox.fr\/blog\/wp-json\/wp\/v2\/media\/966"}],"wp:attachment":[{"href":"https:\/\/www.festivox.fr\/blog\/wp-json\/wp\/v2\/media?parent=965"}],"wp:term":[{"taxonomy":"category","embeddable":true,"href":"https:\/\/www.festivox.fr\/blog\/wp-json\/wp\/v2\/categories?post=965"},{"taxonomy":"post_tag","embeddable":true,"href":"https:\/\/www.festivox.fr\/blog\/wp-json\/wp\/v2\/tags?post=965"}],"curies":[{"name":"wp","href":"https:\/\/api.w.org\/{rel}","templated":true}]}}