{"id":961,"date":"2024-07-12T02:11:00","date_gmt":"2024-07-12T00:11:00","guid":{"rendered":"https:\/\/www.festivox.fr\/blog\/francofolies-de-la-rochelle-2024-on-naccompagne-pas-nougaro-on-joue-avec-lui-un-concert-hommage-au-chanteur-toulousain\/"},"modified":"2024-07-12T02:11:00","modified_gmt":"2024-07-12T00:11:00","slug":"francofolies-de-la-rochelle-2024-on-naccompagne-pas-nougaro-on-joue-avec-lui-un-concert-hommage-au-chanteur-toulousain","status":"publish","type":"post","link":"https:\/\/www.festivox.fr\/blog\/francofolies-de-la-rochelle-2024-on-naccompagne-pas-nougaro-on-joue-avec-lui-un-concert-hommage-au-chanteur-toulousain\/","title":{"rendered":"Francofolies de La Rochelle 2024 : \u00ab On n\u2019accompagne pas Nougaro, on joue avec lui \u00bb, un concert hommage au chanteur toulousain"},"content":{"rendered":"\n<div>\n<p>Une voix, un accent, un rythme. Des mots en guise de percussions sur un air de jazz ou de bossa-nova, crooner boxeur et rappeur avant l\u2019heure. Petit taureau fougueux sur sc\u00e8ne, capable d\u2019envol\u00e9es lyriques bouleversantes comme son papa au Capitole, le temps d\u2019un hymne rouge et noir pour une Ville rose (\u00ab&nbsp;Toulouse&nbsp;\u00bb). Le po\u00e8te Nougaro \u00e9tait avant tout un musicien.<\/p>\n<div class=\"related-article base-margin-bottom\"> <span class=\"badge\">Sur le m\u00eame sujet<\/span> <\/div>\n<\/div>\n<div>\n<p>Une voix, un accent, un rythme. Des mots en guise de percussions sur un air de jazz ou de bossa-nova, crooner boxeur et rappeur avant l\u2019heure. Petit taureau fougueux sur sc\u00e8ne, capable d\u2019envol\u00e9es lyriques bouleversantes comme son papa au Capitole, le temps d\u2019un hymne rouge et noir pour une Ville rose (\u00ab&nbsp;Toulouse&nbsp;\u00bb). Le po\u00e8te Nougaro \u00e9tait avant tout un musicien.<\/p>\n<div class=\"related-article base-margin-bottom\"> <span class=\"badge\">Sur le m\u00eame sujet<\/span> <\/div>\n<p>\u00ab&nbsp;Un \u2018mot-sicien\u2019, comme disait Claude. Un rythmicien du verbe. \u00c0 tel point que ses musiciens disaient&nbsp;: on n\u2019accompagne pas Nougaro, on joue avec lui&nbsp;\u00bb, t\u00e9moigne <a href=\"https:\/\/www.yvan.fr\/\" target=\"_blank\" rel=\"nofollow noopener\">Yvan Cujious, compositeur, auteur, chanteur, producteur<\/a>, marqu\u00e9 \u00e0 vie par sa rencontre avec \u00ab&nbsp;l\u2019homme aux semelles de swing&nbsp;\u00bb, entr\u00e9 au Panth\u00e9on de la chanson fran\u00e7aise le 4&nbsp;mars 2004.<\/p>\n<p>C\u2019est moins un hommage \u00e0 un disparu qu\u2019un \u00ab&nbsp;cadeau&nbsp;\u00bb qu\u2019offrira l\u2019artiste toulousain \u2013 lui aussi \u2013 \u00e0 son inspirateur, dont il fera profiter le public des Francos vendredi 12&nbsp;juillet (21&nbsp;heures), \u00e0 la salle Bleue de la Coursive.<\/p>\n<p>[embedded content]<\/p>\n<p>Il sera accompagn\u00e9 par le Marseillais et guitariste jazzman virtuose Louis Winsberg, ancien musicien de Nougaro, pour le concert \u00ab&nbsp;1 voix 6 cordes&nbsp;\u00bb, qui est aussi le titre d\u2019un album sorti en avril dernier. Quinze \u2013 un clin d\u2019\u0153il peut-\u00eatre au Stade Toulousain champion de France et d\u2019Europe, qui invoque Nougaro \u00e0 chaque essai \u2013 chansons, des classiques (\u00ab&nbsp;Le cin\u00e9ma&nbsp;\u00bb, \u00ab&nbsp;C\u00e9cile ma fille&nbsp;\u00bb, \u00ab&nbsp;Le jazz et la java&nbsp;\u00bb, \u00ab&nbsp;La pluie fait des claquettes&nbsp;\u00bb, \u00ab&nbsp;Une petite fille&nbsp;\u00bb, \u00ab&nbsp;Armstrong&nbsp;\u00bb), des moins connues (\u00ab&nbsp;Les Don Juan&nbsp;\u00bb, \u00ab&nbsp;Rimes&nbsp;\u00bb) et un texte in\u00e9dit, mis en musique par Louis Winsberg.<\/p>\n<figure class=\"medium\"> <img decoding=\"async\" id=\"20126473\" src=\"https:\/\/www.festivox.fr\/blog\/wp-content\/uploads\/2024\/07\/francofolies-de-la-rochelle-2024-on-naccompagne-pas-nougaro-on-joue-avec-lui-un-concert-hommage-au-chanteur-toulousain.jpg\" alt=\"Claude Nougaro, au Palais des sports de Toulouse en 1983.\"><figcaption class=\"caption\">    <span>Claude Nougaro, au Palais des sports de Toulouse en 1983.<\/span> <\/p>\n<p>JEAN-PIERRE MULLER\/AFP<\/p>\n<\/figcaption><\/figure>\n<p>Le guitariste basque Jean-Marie Ecay a apport\u00e9 son concours sur \u00ab&nbsp;A bout de souffle&nbsp;\u00bb. Thomas Dutronc, Bigflo &amp; Oli et Francis Cabrel \u2013 Yvan Cujious appara\u00eet dans son dernier clip \u00ab&nbsp;Un morceau de Sicre&nbsp;\u00bb \u2013 figurent parmi les invit\u00e9s.<\/p>\n<p>[embedded content]<\/p>\n<h2 class=\"article-subtitle\">\u00ab&nbsp;Boucler la boucle&nbsp;\u00bb<\/h2>\n<p>En \u00e9coutant ces chansons sous les doigts de Louis Winsberg, Yvan Cujious a eu cette \u00ab&nbsp;id\u00e9e \u00e9clatante&nbsp;\u00bb de nous les faire red\u00e9couvrir dans un style sobre, voix et guitare, mais riche d\u2019\u00e9motions. \u00ab&nbsp;Je voulais faire quelque chose dont Claude soit fier, confie-t-il. C\u2019est tr\u00e8s personnel et c\u2019est, pour moi, une fa\u00e7on de boucler la boucle.&nbsp;\u00bb<\/p>\n<blockquote><p>\u00ab&nbsp;Claude disait&nbsp;: je ne joue pas du piano, je joue du pianiste&nbsp;\u00bb<\/p><\/blockquote>\n<p>En 2004, quelque temps apr\u00e8s que la voix de l\u2019auteur de \u00ab&nbsp;\u00cele de R\u00e9&nbsp;\u00bb se fut \u00e9teinte, Yvan et Louis se sont rencontr\u00e9s lors d\u2019un concert hommage \u00e0 Toulouse. Puis le guitariste a fait un bout de chemin avec Maurane. Leurs retrouvailles, des ann\u00e9es apr\u00e8s, ont donn\u00e9 naissance \u00e0 ce projet, devenu r\u00e9alit\u00e9 trente&nbsp;ans apr\u00e8s \u00ab&nbsp;1 voix 10 doigts&nbsp;\u00bb, l\u2019album de Claude Nougaro avec le pianiste Maurice Vander.<\/p>\n<figure class=\"medium\"> <img decoding=\"async\" id=\"20326079\" src=\"https:\/\/www.festivox.fr\/blog\/wp-content\/uploads\/2024\/07\/francofolies-de-la-rochelle-2024-on-naccompagne-pas-nougaro-on-joue-avec-lui-un-concert-hommage-au-chanteur-toulousain-1.jpg\" alt=\"En conf\u00e9rence de presse aux Francofolies de La&nbsp;Rochelle le 16&nbsp;juillet 2001.\"><figcaption class=\"caption\">    <span>En conf\u00e9rence de presse aux Francofolies de La&nbsp;Rochelle le 16&nbsp;juillet 2001.<\/span> <\/p>\n<p>AFP<\/p>\n<\/figcaption><\/figure>\n<p>\u00ab&nbsp;Claude disait&nbsp;: je ne joue pas du piano, je joue du pianiste&nbsp;\u00bb, sourit Yvan Cujious, ancien professeur de physique chimie, pouss\u00e9 par Nougaro \u00e0 \u00e9crire, et pas seulement des le\u00e7ons en alexandrins&nbsp;!<\/p>\n<figure class=\"medium\"> <img decoding=\"async\" id=\"20520807\" src=\"https:\/\/www.festivox.fr\/blog\/wp-content\/uploads\/2024\/07\/francofolies-de-la-rochelle-2024-on-naccompagne-pas-nougaro-on-joue-avec-lui-un-concert-hommage-au-chanteur-toulousain-2.jpg\" alt=\"En 1990, Claude Nougaro avait eu droit \u00e0 sa f\u00eate en chansons.\"><figcaption class=\"caption\">    <span>En 1990, Claude Nougaro avait eu droit \u00e0 sa f\u00eate en chansons.<\/span> <\/p>\n<p>archives Tadeusz Kluba<\/p>\n<\/figcaption><\/figure>\n<p>Des anecdotes, des histoires touchantes et dr\u00f4les, le spectacle de la salle Bleue \u2013 une couleur ch\u00e9rie par le premier chanteur fran\u00e7ais enregistr\u00e9 par le mythique label Blue Note \u2013 n\u2019en manquera pas. Encore moins dans la seconde partie du concert, o\u00f9 Claude Sicre, l\u2019un des Fabulous troubadours \u2013 le \u00ab&nbsp;Morceau de Sicre&nbsp;\u00bb de Cabrel \u2013, se joindra au duo, pour clore une soir\u00e9e de \u00ab&nbsp;Chansongs&nbsp;\u00bb entre amis.<\/p>\n<\/div>\n<p> Cet article, qui traite du th\u00e8me \u00ab\u00a0Festival Jazz et musique en mode guinguette\u00a0\u00bb, vous est d\u00e9lib\u00e9r\u00e9ment offert par festivox.fr. La raison d\u2019\u00eatre de festivox.fr est de parler de Festival Jazz et musique en mode guinguette dans la transparence la plus g\u00e9n\u00e9rale en vous procurant la visibilit\u00e9 de tout ce qui est publi\u00e9 sur ce sujet sur le web La chronique a \u00e9t\u00e9 g\u00e9n\u00e9r\u00e9e de la mani\u00e8re la plus honn\u00eate que possible. S\u2019il advenait que vous projetez d\u2019apporter quelques notes concernant le domaine de \u00ab\u00a0Festival Jazz et musique en mode guinguette\u00a0\u00bb vous avez la possibilit\u00e9 de d&rsquo;\u00e9changer avec notre r\u00e9daction. Dans peu de temps, on mettra en ligne d&rsquo;autres informations pertinentes autour du sujet \u00ab\u00a0Festival Jazz et musique en mode guinguette\u00a0\u00bb. Ainsi, consultez r\u00e9guli\u00e8rement notre site.<\/p>\n","protected":false},"excerpt":{"rendered":"<p>Une voix, un accent, un rythme. Des mots en guise de percussions sur un air de jazz ou de bossa-nova, crooner boxeur et rappeur avant l\u2019heure. Petit taureau fougueux sur sc\u00e8ne, capable d\u2019envol\u00e9es lyriques bouleversantes comme son papa au Capitole, le temps d\u2019un hymne rouge et noir pour une Ville rose (\u00ab&nbsp;Toulouse&nbsp;\u00bb). Le po\u00e8te Nougaro&hellip;<\/p>\n","protected":false},"author":1,"featured_media":962,"comment_status":"closed","ping_status":"closed","sticky":false,"template":"","format":"standard","meta":{"footnotes":""},"categories":[3],"tags":[],"class_list":["post-961","post","type-post","status-publish","format-standard","has-post-thumbnail","hentry","category-wiki-sur-festival-jazz-et-musique-en-mode-guinguette"],"yoast_head":"<!-- This site is optimized with the Yoast SEO plugin v27.5 - https:\/\/yoast.com\/product\/yoast-seo-wordpress\/ -->\n<title>Francofolies de La Rochelle 2024 : \u00ab On n\u2019accompagne pas Nougaro, on joue avec lui \u00bb, un concert hommage au chanteur toulousain - FESTIVOX<\/title>\n<meta name=\"robots\" content=\"index, follow, max-snippet:-1, max-image-preview:large, max-video-preview:-1\" \/>\n<link rel=\"canonical\" href=\"https:\/\/www.festivox.fr\/blog\/francofolies-de-la-rochelle-2024-on-naccompagne-pas-nougaro-on-joue-avec-lui-un-concert-hommage-au-chanteur-toulousain\/\" \/>\n<meta property=\"og:locale\" content=\"fr_FR\" \/>\n<meta property=\"og:type\" content=\"article\" \/>\n<meta property=\"og:title\" content=\"Francofolies de La Rochelle 2024 : \u00ab On n\u2019accompagne pas Nougaro, on joue avec lui \u00bb, un concert hommage au chanteur toulousain - FESTIVOX\" \/>\n<meta property=\"og:description\" content=\"Une voix, un accent, un rythme. Des mots en guise de percussions sur un air de jazz ou de bossa-nova, crooner boxeur et rappeur avant l\u2019heure. Petit taureau fougueux sur sc\u00e8ne, capable d\u2019envol\u00e9es lyriques bouleversantes comme son papa au Capitole, le temps d\u2019un hymne rouge et noir pour une Ville rose (\u00ab&nbsp;Toulouse&nbsp;\u00bb). Le po\u00e8te Nougaro&hellip;\" \/>\n<meta property=\"og:url\" content=\"https:\/\/www.festivox.fr\/blog\/francofolies-de-la-rochelle-2024-on-naccompagne-pas-nougaro-on-joue-avec-lui-un-concert-hommage-au-chanteur-toulousain\/\" \/>\n<meta property=\"og:site_name\" content=\"FESTIVOX\" \/>\n<meta property=\"article:published_time\" content=\"2024-07-12T00:11:00+00:00\" \/>\n<meta property=\"og:image\" content=\"https:\/\/www.festivox.fr\/blog\/wp-content\/uploads\/2024\/07\/francofolies-de-la-rochelle-2024-on-naccompagne-pas-nougaro-on-joue-avec-lui-un-concert-hommage-au-chanteur-toulousain.jpg\" \/>\n<meta name=\"author\" content=\"Michele\" \/>\n<meta name=\"twitter:card\" content=\"summary_large_image\" \/>\n<meta name=\"twitter:label1\" content=\"\u00c9crit par\" \/>\n\t<meta name=\"twitter:data1\" content=\"Michele\" \/>\n\t<meta name=\"twitter:label2\" content=\"Dur\u00e9e de lecture estim\u00e9e\" \/>\n\t<meta name=\"twitter:data2\" content=\"4 minutes\" \/>\n<script type=\"application\/ld+json\" class=\"yoast-schema-graph\">{\"@context\":\"https:\\\/\\\/schema.org\",\"@graph\":[{\"@type\":\"Article\",\"@id\":\"https:\\\/\\\/www.festivox.fr\\\/blog\\\/francofolies-de-la-rochelle-2024-on-naccompagne-pas-nougaro-on-joue-avec-lui-un-concert-hommage-au-chanteur-toulousain\\\/#article\",\"isPartOf\":{\"@id\":\"https:\\\/\\\/www.festivox.fr\\\/blog\\\/francofolies-de-la-rochelle-2024-on-naccompagne-pas-nougaro-on-joue-avec-lui-un-concert-hommage-au-chanteur-toulousain\\\/\"},\"author\":{\"name\":\"Michele\",\"@id\":\"https:\\\/\\\/www.festivox.fr\\\/blog\\\/#\\\/schema\\\/person\\\/f36a8b6bc94800c3eafed4bca993ce95\"},\"headline\":\"Francofolies de La Rochelle 2024 : \u00ab On n\u2019accompagne pas Nougaro, on joue avec lui \u00bb, un concert hommage au chanteur toulousain\",\"datePublished\":\"2024-07-12T00:11:00+00:00\",\"mainEntityOfPage\":{\"@id\":\"https:\\\/\\\/www.festivox.fr\\\/blog\\\/francofolies-de-la-rochelle-2024-on-naccompagne-pas-nougaro-on-joue-avec-lui-un-concert-hommage-au-chanteur-toulousain\\\/\"},\"wordCount\":887,\"publisher\":{\"@id\":\"https:\\\/\\\/www.festivox.fr\\\/blog\\\/#organization\"},\"image\":{\"@id\":\"https:\\\/\\\/www.festivox.fr\\\/blog\\\/francofolies-de-la-rochelle-2024-on-naccompagne-pas-nougaro-on-joue-avec-lui-un-concert-hommage-au-chanteur-toulousain\\\/#primaryimage\"},\"thumbnailUrl\":\"https:\\\/\\\/www.festivox.fr\\\/blog\\\/wp-content\\\/uploads\\\/2024\\\/07\\\/francofolies-de-la-rochelle-2024-on-naccompagne-pas-nougaro-on-joue-avec-lui-un-concert-hommage-au-chanteur-toulousain.jpg\",\"articleSection\":[\"Wiki Sur Festival Jazz Et Musique En Mode Guinguette:\"],\"inLanguage\":\"fr-FR\"},{\"@type\":\"WebPage\",\"@id\":\"https:\\\/\\\/www.festivox.fr\\\/blog\\\/francofolies-de-la-rochelle-2024-on-naccompagne-pas-nougaro-on-joue-avec-lui-un-concert-hommage-au-chanteur-toulousain\\\/\",\"url\":\"https:\\\/\\\/www.festivox.fr\\\/blog\\\/francofolies-de-la-rochelle-2024-on-naccompagne-pas-nougaro-on-joue-avec-lui-un-concert-hommage-au-chanteur-toulousain\\\/\",\"name\":\"Francofolies de La Rochelle 2024 : \u00ab On n\u2019accompagne pas Nougaro, on joue avec lui \u00bb, un concert hommage au chanteur toulousain - FESTIVOX\",\"isPartOf\":{\"@id\":\"https:\\\/\\\/www.festivox.fr\\\/blog\\\/#website\"},\"primaryImageOfPage\":{\"@id\":\"https:\\\/\\\/www.festivox.fr\\\/blog\\\/francofolies-de-la-rochelle-2024-on-naccompagne-pas-nougaro-on-joue-avec-lui-un-concert-hommage-au-chanteur-toulousain\\\/#primaryimage\"},\"image\":{\"@id\":\"https:\\\/\\\/www.festivox.fr\\\/blog\\\/francofolies-de-la-rochelle-2024-on-naccompagne-pas-nougaro-on-joue-avec-lui-un-concert-hommage-au-chanteur-toulousain\\\/#primaryimage\"},\"thumbnailUrl\":\"https:\\\/\\\/www.festivox.fr\\\/blog\\\/wp-content\\\/uploads\\\/2024\\\/07\\\/francofolies-de-la-rochelle-2024-on-naccompagne-pas-nougaro-on-joue-avec-lui-un-concert-hommage-au-chanteur-toulousain.jpg\",\"datePublished\":\"2024-07-12T00:11:00+00:00\",\"breadcrumb\":{\"@id\":\"https:\\\/\\\/www.festivox.fr\\\/blog\\\/francofolies-de-la-rochelle-2024-on-naccompagne-pas-nougaro-on-joue-avec-lui-un-concert-hommage-au-chanteur-toulousain\\\/#breadcrumb\"},\"inLanguage\":\"fr-FR\",\"potentialAction\":[{\"@type\":\"ReadAction\",\"target\":[\"https:\\\/\\\/www.festivox.fr\\\/blog\\\/francofolies-de-la-rochelle-2024-on-naccompagne-pas-nougaro-on-joue-avec-lui-un-concert-hommage-au-chanteur-toulousain\\\/\"]}]},{\"@type\":\"ImageObject\",\"inLanguage\":\"fr-FR\",\"@id\":\"https:\\\/\\\/www.festivox.fr\\\/blog\\\/francofolies-de-la-rochelle-2024-on-naccompagne-pas-nougaro-on-joue-avec-lui-un-concert-hommage-au-chanteur-toulousain\\\/#primaryimage\",\"url\":\"https:\\\/\\\/www.festivox.fr\\\/blog\\\/wp-content\\\/uploads\\\/2024\\\/07\\\/francofolies-de-la-rochelle-2024-on-naccompagne-pas-nougaro-on-joue-avec-lui-un-concert-hommage-au-chanteur-toulousain.jpg\",\"contentUrl\":\"https:\\\/\\\/www.festivox.fr\\\/blog\\\/wp-content\\\/uploads\\\/2024\\\/07\\\/francofolies-de-la-rochelle-2024-on-naccompagne-pas-nougaro-on-joue-avec-lui-un-concert-hommage-au-chanteur-toulousain.jpg\",\"width\":1200,\"height\":780},{\"@type\":\"BreadcrumbList\",\"@id\":\"https:\\\/\\\/www.festivox.fr\\\/blog\\\/francofolies-de-la-rochelle-2024-on-naccompagne-pas-nougaro-on-joue-avec-lui-un-concert-hommage-au-chanteur-toulousain\\\/#breadcrumb\",\"itemListElement\":[{\"@type\":\"ListItem\",\"position\":1,\"name\":\"Accueil\",\"item\":\"https:\\\/\\\/www.festivox.fr\\\/blog\\\/\"},{\"@type\":\"ListItem\",\"position\":2,\"name\":\"Francofolies de La Rochelle 2024 : \u00ab On n\u2019accompagne pas Nougaro, on joue avec lui \u00bb, un concert hommage au chanteur toulousain\"}]},{\"@type\":\"WebSite\",\"@id\":\"https:\\\/\\\/www.festivox.fr\\\/blog\\\/#website\",\"url\":\"https:\\\/\\\/www.festivox.fr\\\/blog\\\/\",\"name\":\"FESTIVOX\",\"description\":\"Festival en mode guinguette.\",\"publisher\":{\"@id\":\"https:\\\/\\\/www.festivox.fr\\\/blog\\\/#organization\"},\"potentialAction\":[{\"@type\":\"SearchAction\",\"target\":{\"@type\":\"EntryPoint\",\"urlTemplate\":\"https:\\\/\\\/www.festivox.fr\\\/blog\\\/?s={search_term_string}\"},\"query-input\":{\"@type\":\"PropertyValueSpecification\",\"valueRequired\":true,\"valueName\":\"search_term_string\"}}],\"inLanguage\":\"fr-FR\"},{\"@type\":\"Organization\",\"@id\":\"https:\\\/\\\/www.festivox.fr\\\/blog\\\/#organization\",\"name\":\"festivox\",\"url\":\"https:\\\/\\\/www.festivox.fr\\\/blog\\\/\",\"logo\":{\"@type\":\"ImageObject\",\"inLanguage\":\"fr-FR\",\"@id\":\"https:\\\/\\\/www.festivox.fr\\\/blog\\\/#\\\/schema\\\/logo\\\/image\\\/\",\"url\":\"https:\\\/\\\/www.festivox.fr\\\/blog\\\/wp-content\\\/uploads\\\/2023\\\/06\\\/logo-2.png\",\"contentUrl\":\"https:\\\/\\\/www.festivox.fr\\\/blog\\\/wp-content\\\/uploads\\\/2023\\\/06\\\/logo-2.png\",\"width\":480,\"height\":160,\"caption\":\"festivox\"},\"image\":{\"@id\":\"https:\\\/\\\/www.festivox.fr\\\/blog\\\/#\\\/schema\\\/logo\\\/image\\\/\"}},{\"@type\":\"Person\",\"@id\":\"https:\\\/\\\/www.festivox.fr\\\/blog\\\/#\\\/schema\\\/person\\\/f36a8b6bc94800c3eafed4bca993ce95\",\"name\":\"Michele\",\"image\":{\"@type\":\"ImageObject\",\"inLanguage\":\"fr-FR\",\"@id\":\"https:\\\/\\\/secure.gravatar.com\\\/avatar\\\/b062046536b5d47ec9075956ec349ef95ed06b0f910c578f74abb318668b702e?s=96&d=mm&r=g\",\"url\":\"https:\\\/\\\/secure.gravatar.com\\\/avatar\\\/b062046536b5d47ec9075956ec349ef95ed06b0f910c578f74abb318668b702e?s=96&d=mm&r=g\",\"contentUrl\":\"https:\\\/\\\/secure.gravatar.com\\\/avatar\\\/b062046536b5d47ec9075956ec349ef95ed06b0f910c578f74abb318668b702e?s=96&d=mm&r=g\",\"caption\":\"Michele\"},\"sameAs\":[\"https:\\\/\\\/www.festivox.fr\\\/blog\"],\"url\":\"https:\\\/\\\/www.festivox.fr\\\/blog\\\/author\\\/voxadmin\\\/\"}]}<\/script>\n<!-- \/ Yoast SEO plugin. -->","yoast_head_json":{"title":"Francofolies de La Rochelle 2024 : \u00ab On n\u2019accompagne pas Nougaro, on joue avec lui \u00bb, un concert hommage au chanteur toulousain - FESTIVOX","robots":{"index":"index","follow":"follow","max-snippet":"max-snippet:-1","max-image-preview":"max-image-preview:large","max-video-preview":"max-video-preview:-1"},"canonical":"https:\/\/www.festivox.fr\/blog\/francofolies-de-la-rochelle-2024-on-naccompagne-pas-nougaro-on-joue-avec-lui-un-concert-hommage-au-chanteur-toulousain\/","og_locale":"fr_FR","og_type":"article","og_title":"Francofolies de La Rochelle 2024 : \u00ab On n\u2019accompagne pas Nougaro, on joue avec lui \u00bb, un concert hommage au chanteur toulousain - FESTIVOX","og_description":"Une voix, un accent, un rythme. Des mots en guise de percussions sur un air de jazz ou de bossa-nova, crooner boxeur et rappeur avant l\u2019heure. Petit taureau fougueux sur sc\u00e8ne, capable d\u2019envol\u00e9es lyriques bouleversantes comme son papa au Capitole, le temps d\u2019un hymne rouge et noir pour une Ville rose (\u00ab&nbsp;Toulouse&nbsp;\u00bb). Le po\u00e8te Nougaro&hellip;","og_url":"https:\/\/www.festivox.fr\/blog\/francofolies-de-la-rochelle-2024-on-naccompagne-pas-nougaro-on-joue-avec-lui-un-concert-hommage-au-chanteur-toulousain\/","og_site_name":"FESTIVOX","article_published_time":"2024-07-12T00:11:00+00:00","og_image":[{"url":"https:\/\/www.festivox.fr\/blog\/wp-content\/uploads\/2024\/07\/francofolies-de-la-rochelle-2024-on-naccompagne-pas-nougaro-on-joue-avec-lui-un-concert-hommage-au-chanteur-toulousain.jpg","type":"","width":"","height":""}],"author":"Michele","twitter_card":"summary_large_image","twitter_misc":{"\u00c9crit par":"Michele","Dur\u00e9e de lecture estim\u00e9e":"4 minutes"},"schema":{"@context":"https:\/\/schema.org","@graph":[{"@type":"Article","@id":"https:\/\/www.festivox.fr\/blog\/francofolies-de-la-rochelle-2024-on-naccompagne-pas-nougaro-on-joue-avec-lui-un-concert-hommage-au-chanteur-toulousain\/#article","isPartOf":{"@id":"https:\/\/www.festivox.fr\/blog\/francofolies-de-la-rochelle-2024-on-naccompagne-pas-nougaro-on-joue-avec-lui-un-concert-hommage-au-chanteur-toulousain\/"},"author":{"name":"Michele","@id":"https:\/\/www.festivox.fr\/blog\/#\/schema\/person\/f36a8b6bc94800c3eafed4bca993ce95"},"headline":"Francofolies de La Rochelle 2024 : \u00ab On n\u2019accompagne pas Nougaro, on joue avec lui \u00bb, un concert hommage au chanteur toulousain","datePublished":"2024-07-12T00:11:00+00:00","mainEntityOfPage":{"@id":"https:\/\/www.festivox.fr\/blog\/francofolies-de-la-rochelle-2024-on-naccompagne-pas-nougaro-on-joue-avec-lui-un-concert-hommage-au-chanteur-toulousain\/"},"wordCount":887,"publisher":{"@id":"https:\/\/www.festivox.fr\/blog\/#organization"},"image":{"@id":"https:\/\/www.festivox.fr\/blog\/francofolies-de-la-rochelle-2024-on-naccompagne-pas-nougaro-on-joue-avec-lui-un-concert-hommage-au-chanteur-toulousain\/#primaryimage"},"thumbnailUrl":"https:\/\/www.festivox.fr\/blog\/wp-content\/uploads\/2024\/07\/francofolies-de-la-rochelle-2024-on-naccompagne-pas-nougaro-on-joue-avec-lui-un-concert-hommage-au-chanteur-toulousain.jpg","articleSection":["Wiki Sur Festival Jazz Et Musique En Mode Guinguette:"],"inLanguage":"fr-FR"},{"@type":"WebPage","@id":"https:\/\/www.festivox.fr\/blog\/francofolies-de-la-rochelle-2024-on-naccompagne-pas-nougaro-on-joue-avec-lui-un-concert-hommage-au-chanteur-toulousain\/","url":"https:\/\/www.festivox.fr\/blog\/francofolies-de-la-rochelle-2024-on-naccompagne-pas-nougaro-on-joue-avec-lui-un-concert-hommage-au-chanteur-toulousain\/","name":"Francofolies de La Rochelle 2024 : \u00ab On n\u2019accompagne pas Nougaro, on joue avec lui \u00bb, un concert hommage au chanteur toulousain - FESTIVOX","isPartOf":{"@id":"https:\/\/www.festivox.fr\/blog\/#website"},"primaryImageOfPage":{"@id":"https:\/\/www.festivox.fr\/blog\/francofolies-de-la-rochelle-2024-on-naccompagne-pas-nougaro-on-joue-avec-lui-un-concert-hommage-au-chanteur-toulousain\/#primaryimage"},"image":{"@id":"https:\/\/www.festivox.fr\/blog\/francofolies-de-la-rochelle-2024-on-naccompagne-pas-nougaro-on-joue-avec-lui-un-concert-hommage-au-chanteur-toulousain\/#primaryimage"},"thumbnailUrl":"https:\/\/www.festivox.fr\/blog\/wp-content\/uploads\/2024\/07\/francofolies-de-la-rochelle-2024-on-naccompagne-pas-nougaro-on-joue-avec-lui-un-concert-hommage-au-chanteur-toulousain.jpg","datePublished":"2024-07-12T00:11:00+00:00","breadcrumb":{"@id":"https:\/\/www.festivox.fr\/blog\/francofolies-de-la-rochelle-2024-on-naccompagne-pas-nougaro-on-joue-avec-lui-un-concert-hommage-au-chanteur-toulousain\/#breadcrumb"},"inLanguage":"fr-FR","potentialAction":[{"@type":"ReadAction","target":["https:\/\/www.festivox.fr\/blog\/francofolies-de-la-rochelle-2024-on-naccompagne-pas-nougaro-on-joue-avec-lui-un-concert-hommage-au-chanteur-toulousain\/"]}]},{"@type":"ImageObject","inLanguage":"fr-FR","@id":"https:\/\/www.festivox.fr\/blog\/francofolies-de-la-rochelle-2024-on-naccompagne-pas-nougaro-on-joue-avec-lui-un-concert-hommage-au-chanteur-toulousain\/#primaryimage","url":"https:\/\/www.festivox.fr\/blog\/wp-content\/uploads\/2024\/07\/francofolies-de-la-rochelle-2024-on-naccompagne-pas-nougaro-on-joue-avec-lui-un-concert-hommage-au-chanteur-toulousain.jpg","contentUrl":"https:\/\/www.festivox.fr\/blog\/wp-content\/uploads\/2024\/07\/francofolies-de-la-rochelle-2024-on-naccompagne-pas-nougaro-on-joue-avec-lui-un-concert-hommage-au-chanteur-toulousain.jpg","width":1200,"height":780},{"@type":"BreadcrumbList","@id":"https:\/\/www.festivox.fr\/blog\/francofolies-de-la-rochelle-2024-on-naccompagne-pas-nougaro-on-joue-avec-lui-un-concert-hommage-au-chanteur-toulousain\/#breadcrumb","itemListElement":[{"@type":"ListItem","position":1,"name":"Accueil","item":"https:\/\/www.festivox.fr\/blog\/"},{"@type":"ListItem","position":2,"name":"Francofolies de La Rochelle 2024 : \u00ab On n\u2019accompagne pas Nougaro, on joue avec lui \u00bb, un concert hommage au chanteur toulousain"}]},{"@type":"WebSite","@id":"https:\/\/www.festivox.fr\/blog\/#website","url":"https:\/\/www.festivox.fr\/blog\/","name":"FESTIVOX","description":"Festival en mode guinguette.","publisher":{"@id":"https:\/\/www.festivox.fr\/blog\/#organization"},"potentialAction":[{"@type":"SearchAction","target":{"@type":"EntryPoint","urlTemplate":"https:\/\/www.festivox.fr\/blog\/?s={search_term_string}"},"query-input":{"@type":"PropertyValueSpecification","valueRequired":true,"valueName":"search_term_string"}}],"inLanguage":"fr-FR"},{"@type":"Organization","@id":"https:\/\/www.festivox.fr\/blog\/#organization","name":"festivox","url":"https:\/\/www.festivox.fr\/blog\/","logo":{"@type":"ImageObject","inLanguage":"fr-FR","@id":"https:\/\/www.festivox.fr\/blog\/#\/schema\/logo\/image\/","url":"https:\/\/www.festivox.fr\/blog\/wp-content\/uploads\/2023\/06\/logo-2.png","contentUrl":"https:\/\/www.festivox.fr\/blog\/wp-content\/uploads\/2023\/06\/logo-2.png","width":480,"height":160,"caption":"festivox"},"image":{"@id":"https:\/\/www.festivox.fr\/blog\/#\/schema\/logo\/image\/"}},{"@type":"Person","@id":"https:\/\/www.festivox.fr\/blog\/#\/schema\/person\/f36a8b6bc94800c3eafed4bca993ce95","name":"Michele","image":{"@type":"ImageObject","inLanguage":"fr-FR","@id":"https:\/\/secure.gravatar.com\/avatar\/b062046536b5d47ec9075956ec349ef95ed06b0f910c578f74abb318668b702e?s=96&d=mm&r=g","url":"https:\/\/secure.gravatar.com\/avatar\/b062046536b5d47ec9075956ec349ef95ed06b0f910c578f74abb318668b702e?s=96&d=mm&r=g","contentUrl":"https:\/\/secure.gravatar.com\/avatar\/b062046536b5d47ec9075956ec349ef95ed06b0f910c578f74abb318668b702e?s=96&d=mm&r=g","caption":"Michele"},"sameAs":["https:\/\/www.festivox.fr\/blog"],"url":"https:\/\/www.festivox.fr\/blog\/author\/voxadmin\/"}]}},"_links":{"self":[{"href":"https:\/\/www.festivox.fr\/blog\/wp-json\/wp\/v2\/posts\/961","targetHints":{"allow":["GET"]}}],"collection":[{"href":"https:\/\/www.festivox.fr\/blog\/wp-json\/wp\/v2\/posts"}],"about":[{"href":"https:\/\/www.festivox.fr\/blog\/wp-json\/wp\/v2\/types\/post"}],"author":[{"embeddable":true,"href":"https:\/\/www.festivox.fr\/blog\/wp-json\/wp\/v2\/users\/1"}],"replies":[{"embeddable":true,"href":"https:\/\/www.festivox.fr\/blog\/wp-json\/wp\/v2\/comments?post=961"}],"version-history":[{"count":0,"href":"https:\/\/www.festivox.fr\/blog\/wp-json\/wp\/v2\/posts\/961\/revisions"}],"wp:featuredmedia":[{"embeddable":true,"href":"https:\/\/www.festivox.fr\/blog\/wp-json\/wp\/v2\/media\/962"}],"wp:attachment":[{"href":"https:\/\/www.festivox.fr\/blog\/wp-json\/wp\/v2\/media?parent=961"}],"wp:term":[{"taxonomy":"category","embeddable":true,"href":"https:\/\/www.festivox.fr\/blog\/wp-json\/wp\/v2\/categories?post=961"},{"taxonomy":"post_tag","embeddable":true,"href":"https:\/\/www.festivox.fr\/blog\/wp-json\/wp\/v2\/tags?post=961"}],"curies":[{"name":"wp","href":"https:\/\/api.w.org\/{rel}","templated":true}]}}