{"id":955,"date":"2024-07-08T08:46:00","date_gmt":"2024-07-08T06:46:00","guid":{"rendered":"https:\/\/www.festivox.fr\/blog\/ou-voir-les-feux-dartifice-et-concerts-du-14-juillet-a-boulogne-et-ses-environs\/"},"modified":"2024-07-08T08:46:00","modified_gmt":"2024-07-08T06:46:00","slug":"ou-voir-les-feux-dartifice-et-concerts-du-14-juillet-a-boulogne-et-ses-environs","status":"publish","type":"post","link":"https:\/\/www.festivox.fr\/blog\/ou-voir-les-feux-dartifice-et-concerts-du-14-juillet-a-boulogne-et-ses-environs\/","title":{"rendered":"O\u00f9 voir les feux d\u2019artifice et concerts du 14-Juillet \u00e0 Boulogne et ses environs"},"content":{"rendered":"<p> <!-- \/\/ builder=DFPTagBuilder, site=LAVOIXDUNORDENG, pageType=node, context=\/Sections\/Hauts-de-France\/Boulogne-sur-Mer, position=article_pave_medium, edition=, domain=www.lavoixdunord.fr --> <!-- \/\/ builder=DFPTagBuilder, site=LAVOIXDUNORDENG, pageType=node, context=\/Sections\/Hauts-de-France\/Boulogne-sur-Mer, position=article_pave_medium, edition=, domain=www.lavoixdunord.fr --> <\/p>\n<h2 class=\"sub-head\">Bellebrune<br \/>\n<\/h2>\n<p><strong>F\u00eate du village. <\/strong>Brocante toute la journ\u00e9e, quilles d\u00e8s 11 h, tierc\u00e9 aux b\u00fbcherons \u00e0 17 h 30. Dimanche, \u00e0 partir de 8 h.<\/p>\n<h2 class=\"sub-head\">Boulogne-sur-Mer<br \/>\n<\/h2>\n<p><strong>Animations.<\/strong> Village gonflable, sculpture de ballons, maquillage de 10 h \u00e0 18 h, concert Abba girl de 12 h \u00e0 14 h. Feu d\u2019artifice, \u00e0 23 h, plage. Dimanche, \u00e0 partir de 10 h, <a href=\"https:\/\/www.lavoixdunord.fr\/1456712\/article\/2024-04-28\/boulogne-sur-mer-s-affiche-en-lettres-geantes-sur-le-quai-gambetta\" target=\"_blank\" rel=\"noopener nofollow\">quai Gambetta<\/a>.<\/p>\n<p><!-- \/\/ builder=DFPTagBuilder, site=LAVOIXDUNORDENG, pageType=node, context=\/Sections\/Hauts-de-France\/Boulogne-sur-Mer, position=article_pave_medium_es, edition=, domain=www.lavoixdunord.fr --> <!-- \/\/ builder=DFPTagBuilder, site=LAVOIXDUNORDENG, pageType=node, context=\/Sections\/Hauts-de-France\/Boulogne-sur-Mer, position=article_article_bas, edition=, domain=www.lavoixdunord.fr --> <!-- \/\/ builder=DFPTagBuilder, site=LAVOIXDUNORDENG, pageType=node, context=\/Sections\/Hauts-de-France\/Boulogne-sur-Mer, position=article_pave_medium_es, edition=, domain=www.lavoixdunord.fr --> <\/p>\n<p><strong>Concert d\u2019orgue XXXII<sup>e<\/sup> Festival Alexandre Guilmant.<\/strong> R\u00e9cital de <a href=\"https:\/\/www.lavoixdunord.fr\/427561\/article\/2018-08-04\/l-organiste-boulonnais-didier-hennuyer-joue-au-vatican\" target=\"_blank\" rel=\"noopener nofollow\">Didier Hennuyer, organiste titulaire<\/a>, dans un programme musical aux sons du 14 juillet. Dimanche, \u00e0 17 h, basilique Notre-Dame.<\/p>\n<h2 class=\"sub-head\">Colembert<br \/>\n<\/h2>\n<p><strong>Animations. <\/strong>\u00c0 9 h 15, concours de p\u00e9tanque en doublettes (6 \u20ac)&nbsp;; \u00e0 9 h 30, marche avec visite&nbsp;; \u00e0 12 h, restauration sur r\u00e9servations \u00e0 la mairie (8 \u20ac adulte et 4 \u20ac moins de dix ans)&nbsp;; \u00e0 14 h 30 jeux pour enfants et \u00e0 16 h, concert des Folk\u2019Heim. Dimanche, \u00e0 partir de 9 h 15. R\u00e9servation&nbsp;: <a href=\"mailto:Didier.couvois@orange.fr\" target=\"_blank\" rel=\"nofollow\">Didier.couvois@orange.fr<\/a><\/p>\n<p><!-- \/\/ builder=DFPTagBuilder, site=LAVOIXDUNORDENG, pageType=node, context=\/Sections\/Hauts-de-France\/Boulogne-sur-Mer, position=article_article_bas_es, edition=, domain=www.lavoixdunord.fr --> <\/p>\n<figure role=\"img\"> <img decoding=\"async\" data-copyright=\"Photo (VDN)\" class=\"r-img\" src=\"https:\/\/www.festivox.fr\/blog\/wp-content\/uploads\/2024\/07\/ou-voir-les-feux-dartifice-et-concerts-du-14-juillet-a-boulogne-et-ses-environs.jpg\" alt=\"d-20210701-GNJ5PT_high.jpg\"><figcaption>Photo (VDN)<\/figcaption><\/figure>\n<p><!-- END scald=59675270 --><\/p>\n<h2 class=\"sub-head\">Desvres<br \/>\n<\/h2>\n<p><strong>Bal des pompiers. <\/strong>Pr\u00e9sentation des v\u00e9hicules et atelier gestes de secours \u00e0 18 h 30, pr\u00e9sence des mascottes Pat\u2019patrouille Sam le pompier et Pomy. Concerts \u00e0 18 h 30 Quentin Vaesken, \u00e0 20 h Mister Java et \u00e0 21 h 30 Mias\u2019s connexion. De 23 h \u00e0 3 h, bal des pompiers et \u00e0 23 h 30 show des sapeurs-pompiers et feu d\u2019artifice. Samedi, \u00e0 partir de 18 h 30, jardin public.<\/p>\n<aside class=\"r-stories\"> <span class=\"r-stories--label\">\u00c0 lire aussi<\/span> <a href=\"https:\/\/www.lavoixdunord.fr\/1476683\/article\/2024-06-25\/desvres-le-bal-des-pompiers-revient-le-13-juillet-prochain-pour-une-ambiance-du\" class=\"r-stories--link\" target=\"_blank\" rel=\"nofollow\">Desvres : le bal des pompiers revient le 13 juillet prochain pour une ambiance du tonnerre<\/a> <\/aside>\n<p> <!-- END scald=59475330 --><\/p>\n<p><strong>F\u00eate de la Bastille. <\/strong>Par le comit\u00e9 des f\u00eates. Kermesse flamande, concours de dessin \u00e0 la craie sur le th\u00e8me des Jeux olympiques, remise des lampions \u00e0 partir de 21 h 15, d\u00e9fil\u00e9 de l\u2019harmonie La Concorde et des g\u00e9ants Beno\u00eet et Catherine \u00e0 21 h 45, embrasement de la bastille vers 22 h 45. Samedi, \u00e0 partir de 19 h, place L\u00e9on-Blum.<\/p>\n<p><!-- \/\/ builder=DFPTagBuilder, site=LAVOIXDUNORDENG, pageType=node, context=\/Sections\/Hauts-de-France\/Boulogne-sur-Mer, position=article_taboola, edition=, domain=www.lavoixdunord.fr --> <\/p>\n<aside class=\"r-stories\"> <span class=\"r-stories--label\">\u00c0 lire aussi<\/span> <a href=\"https:\/\/www.lavoixdunord.fr\/1477883\/article\/2024-06-28\/desvres-le-comite-des-fetes-devoile-son-calendrier-estival\" class=\"r-stories--link\" target=\"_blank\" rel=\"nofollow\">Desvres : le comit\u00e9 des f\u00eates a d\u00e9voil\u00e9 son calendrier estival<\/a> <\/aside>\n<p> <!-- END scald=59521650 --><\/p>\n<p><strong>F\u00eate nationale.<\/strong> Structures gonflables pour les plus jeunes, laser game en ext\u00e9rieur et animations avec des kartings \u00e9lectriques. \u00c0 19 h, point restauration propos\u00e9 avec un ap\u00e9ro musical, diffusion sur \u00e9cran g\u00e9ant de la finale de l\u2019Euro 2024. Dimanche, \u00e0 partir de 15 h, stade.<\/p>\n<p><strong>Feu d\u2019artifice. <\/strong>Spectacle pyrotechnique. Dimanche, \u00e0 23 h, stade.<\/p>\n<h2 class=\"sub-head\">Echinghen<br \/>\n<\/h2>\n<p><strong>Ambiance kermesse. <\/strong>Par la municipalit\u00e9. Au programme&nbsp;: jeux anciens, jeux de cartes, p\u00e9tanque, structures gonflables. Restauration possible sur place. Ouvert \u00e0 tous. Dimanche, en journ\u00e9e.<\/p>\n<h2 class=\"sub-head\">\u00c9quihen-Plage<br \/>\n<\/h2>\n<p><strong>F\u00eate nationale. <\/strong>Par la municipalit\u00e9. Au programme&nbsp;: de 15 h \u00e0 18 h, jeux gonflables&nbsp;; \u00e0 21 h, spectacle Success Story. Dimanche, \u00e0 partir de 15 h, salle de sport.<\/p>\n<p><strong>Feu d\u2018artifice.<\/strong> Dimanche, 23 h 15, salle des sports.<\/p>\n<figure role=\"img\"> <img decoding=\"async\" data-copyright=\"VDNPQR\" class=\"r-img\" src=\"https:\/\/www.festivox.fr\/blog\/wp-content\/uploads\/2024\/07\/ou-voir-les-feux-dartifice-et-concerts-du-14-juillet-a-boulogne-et-ses-environs-1.jpg\" alt=\"PHOTO JULIE SEBADELHA\"><figcaption>PHOTO JULIE SEBADELHA &#8211; VDNPQR<\/figcaption><\/figure>\n<p><!-- END scald=59675271 --><\/p>\n<h2 class=\"sub-head\">Ferques<br \/>\n<\/h2>\n<p><strong>F\u00eate communale. <\/strong>Brocante, animation musicale, structure gonflable pour les petits, restauration rapide, d\u00e9ambulations et animations, exposition en mairie. Dimanche, de 8 h \u00e0 18 h, rue Elis\u00e9e-Clais.<\/p>\n<h2 class=\"sub-head\">La Capelle-l\u00e8s-Boulogne<br \/>\n<\/h2>\n<p><strong>Soir\u00e9e de la f\u00eate nationale. <\/strong>Anim\u00e9e par l\u2019association Unis pour les autres et Philippe Leroy. Bar et friterie sur place. Samedi, \u00e0 partir de 19 h, au centre socioculturel.<\/p>\n<h2 class=\"sub-head\">Le Portel<br \/>\n<\/h2>\n<p><strong>Feu d\u2019artifice.<\/strong> Il sera report\u00e9 au 26 juillet en cas de mauvais temps. Aujourd\u2019hui, \u00e0 23 h, sur la plage.<\/p>\n<aside class=\"r-stories\"> <span class=\"r-stories--label\">\u00c0 lire aussi<\/span> <a href=\"https:\/\/www.lavoixdunord.fr\/1471488\/article\/2024-06-10\/le-portel-s-il-ne-sera-peut-etre-pas-chaud-l-ete-sera-pour-sur-anime\" class=\"r-stories--link\" target=\"_blank\" rel=\"nofollow\">Au Portel, on part sur un \u00e9t\u00e9 tr\u00e8s chaud au niveau des animations<\/a> <\/aside>\n<p> <!-- END scald=59254867 --><\/p>\n<h2 class=\"sub-head\">Le Wast<br \/>\n<\/h2>\n<p><strong>Animations.<\/strong> Par le parc naturel r\u00e9gional des caps et marais d\u2019Opale. Producteurs locaux, concerts, animations pour les enfants. Ramenez vos couverts, achetez vos produits sur les \u00e9tals et le parc vous mitonne votre d\u00eener au barbecue. Samedi, de 18 h \u00e0 22 h, sur la place.<\/p>\n<h2 class=\"sub-head\">Marquise<br \/>\n<\/h2>\n<p><strong>Festivit\u00e9s.<\/strong> \u00c0 11 h, ouverture du parc Adam rue de Verdun, restauration \u00e0 12 h&nbsp;; de 14 h \u00e0 18 h apr\u00e8s-midi r\u00e9cr\u00e9atif pour les enfants avec structures gonflables, taureau m\u00e9canique, jeux, etc.&nbsp;; \u00e0 20 h 30 concert tribute Goldman. Dimanche, \u00e0 partir de 11 h.<\/p>\n<p><strong>Feu d\u2019artifice.<\/strong> Spectacle pyrotechnique. Dimanche, \u00e0 23 h, \u00e0 c\u00eet\u00e9 de la caserne des pompiers.<\/p>\n<h2 class=\"sub-head\">Neufch\u00e2tel-Hardelot<br \/>\n<\/h2>\n<p><strong>Les Estivales musicales. <\/strong>Concert de Marimbao (percussions) \u00e0 16 h au poste de secours et Diatonic (jazz) \u00e0 18 h place de la Concorde. Samedi, \u00e0 partir de 16 h.<\/p>\n<p><strong>Concert de jazz du Lacenh big band. <\/strong>Dimanche, \u00e0 16 h, place de la Concorde. Gratuit.<\/p>\n<aside class=\"r-stories\"> <span class=\"r-stories--label\">\u00c0 lire aussi<\/span> <a href=\"https:\/\/www.lavoixdunord.fr\/1478896\/article\/2024-07-01\/neufchatel-hardelot-un-ete-avec-des-animations-pour-tous-suivez-le-guide\" class=\"r-stories--link\" target=\"_blank\" rel=\"nofollow\">Neufch\u00e2tel-Hardelot&nbsp;: Un \u00e9t\u00e9 avec des animations pour tous ! Suivez le guide<\/a> <\/aside>\n<p> <!-- END scald=59567106 --><\/p>\n<p><strong>F\u00eate nationale.<\/strong> Village d\u2019animations de 16 h \u00e0 18 h&nbsp;: structures gonflables, ludoth\u00e8que avec jeux en bois, Sam country (spectacle et initiation). Dimanche, \u00e0 partir de 16 h.<\/p>\n<p><strong>Feu d\u2019artifice.<\/strong> Dimanche, \u00e0 23 h, au stade.<\/p>\n<h2 class=\"sub-head\">Outreau<br \/>\n<\/h2>\n<p><strong>Concert.<\/strong> Des Sex Pistons. Lundi, \u00e0 20 h 30, parc du Mont-Soleil.<\/p>\n<p><strong>Feu d\u2019artifice.<\/strong> Spectacle pyrotechnique. Lundi, \u00e0 23 h, parc du Mont-Soleil.<\/p>\n<figure role=\"img\"> <img decoding=\"async\" data-copyright=\"VDN\" class=\"r-img\" src=\"https:\/\/www.festivox.fr\/blog\/wp-content\/uploads\/2024\/07\/ou-voir-les-feux-dartifice-et-concerts-du-14-juillet-a-boulogne-et-ses-environs-2.jpg\" alt=\"Photo Christophe Lefebvre\"><figcaption>Photo Christophe Lefebvre &#8211; VDN<\/figcaption><\/figure>\n<p><!-- END scald=59675291 --><\/p>\n<h2 class=\"sub-head\">R\u00e9ty<br \/>\n<\/h2>\n<p><strong>Festivit\u00e9s. <\/strong>Feu d\u2019artifice. Aujourd\u2019hui, \u00e0 23 h, au stade de Locquinghen.<\/p>\n<h2 class=\"sub-head\">Rinxent<br \/>\n<\/h2>\n<p><strong>Festivit\u00e9s.<\/strong> Spectacle m\u00e9di\u00e9val Ballarom suivi d\u2019un concert \u00e0 20 h avec Steeve et Nohemie (chansons pop fran\u00e7aises et anglaises). Samedi, de 18 h 30 \u00e0 23 h, stade, rue Jules-Guesde.<\/p>\n<p><strong>Feu d\u2019artifice.<\/strong> Show lumineux et de feu. Samedi, de 22 h 30, stade, rue Jules-Guesde.<\/p>\n<p><strong>Festivit\u00e9s.<\/strong> Brocante avec animations musicales&nbsp;: Truando \u00e0 10 h 30 et 13 h 30, Never old \u00e0 11 h 30, Mosaik \u00e0 14 h 30 et Up to You \u00e0 15 h. P\u00e9tanque \u00e0 11 h 30 terrain de la salle de sport. Dimanche, de 10 h \u00e0 18 h, rue Jules-Guesde.<\/p>\n<h2 class=\"sub-head\">Saint-\u00c9tienne-au-Mont<br \/>\n<\/h2>\n<p><strong>Festivit\u00e9s. <\/strong>Guinguette. Samedi \u00e0 19 h, rue du Dessous \u00e0 \u00c9cault.<\/p>\n<p><strong>Feu d\u2019artifice.<\/strong> Samedi \u00e0 23 h, \u00e0 \u00c9cault.<\/p>\n<p><strong>Animations.<\/strong> Repas champ\u00eatre musical (sur r\u00e9servations), structures gonflables et des surprises pour les enfants. Dimanche, \u00e0 partir de 12 h, parc de la m\u00e9diath\u00e8que.<\/p>\n<h2 class=\"sub-head\">Saint-L\u00e9onard<\/h2>\n<p><strong>Festivit\u00e9s.<\/strong> Soir\u00e9e guinguette \u00e0 partir de 18 h 30, repas r\u00f4tisserie foodtruck. Samedi, \u00e0 partir de 18 h 30, Forum des loisirs.<\/p>\n<p><strong>Feu d\u2019artifice.<\/strong> Samedi, \u00e0 23 h au stade.<\/p>\n<h2 class=\"sub-head\">Saint-Martin-Boulogne<\/h2>\n<p><strong>Festivit\u00e9s.<\/strong><a href=\"https:\/\/saintmartinboulogne.fr\/agenda\/concert-du-13-juillet-3\/\" target=\"_blank\" rel=\"noopener nofollow\">Concert des ann\u00e9es 80<\/a> avec William (D\u00e9but de soir\u00e9e), Patrick Hernandez, Jean-Pierre Mader, Cookie Dingler. Ouverture des portes \u00e0 20 h. Samedi, \u00e0 21 h, salle Giraux-Sannier, Gratuit.<\/p>\n<p><strong>Feu d\u2019artifice. <\/strong>Samedi, vers 23 h, apr\u00e8s le concert.<\/p>\n<figure role=\"img\"> <img decoding=\"async\" data-copyright=\"VDNPQR\" class=\"r-img\" src=\"https:\/\/www.festivox.fr\/blog\/wp-content\/uploads\/2024\/07\/ou-voir-les-feux-dartifice-et-concerts-du-14-juillet-a-boulogne-et-ses-environs-3.jpg\" alt=\"PHOTO JEAN-PIERRE BRUNET\"><figcaption>PHOTO JEAN-PIERRE BRUNET &#8211; VDNPQR<\/figcaption><\/figure>\n<p><!-- END scald=59675292 --><\/p>\n<h2 class=\"sub-head\">Samer<\/h2>\n<p><strong>F\u00eate nationale.<\/strong> Peintres dans la rue d\u00e8s 9 h, march\u00e9 nocturne de 18 h \u00e0 23 h Grand\u2019place Foch, retraite aux flambeaux avec l\u2019harmonie municipale, les majorettes Dancing Stars et les centres a\u00e9r\u00e9s \u00e0 21 h 30. Samedi, \u00e0 partir de 9 h, Grand\u2019Place.<\/p>\n<p><strong>Feu d\u2019artifice.<\/strong> Spectacle pyrotechnique. Dimanche, \u00e0 23 h, parking Jean-Moulin.<\/p>\n<h2 class=\"sub-head\">Wimile<\/h2>\n<p><strong>\u00ab&nbsp;\u00catre tous ensemble&nbsp;\u00bb&nbsp;: pique-nique r\u00e9publicain. <\/strong>De grandes tabl\u00e9es et des barbecues sont mis \u00e0 disposition pour tous. Des animations sont programm\u00e9es&nbsp;: tir \u00e0 la corde, course de brouettes, jeux d\u2019antan. Le Drum Band Magik Evolution offre un r\u00e9pertoire des tubes actuels revisit\u00e9s avec ses percussions. Les Doliphines proposent des d\u00e9monstrations de twirling et de danse. Truando prend la sc\u00e8ne d\u2019assaut \u00e0 15 h. Dimanche, \u00e0 partir de 12 h, parc de la mairie.<\/p>\n<h2 class=\"sub-head\">Wissant<\/h2>\n<p><strong>Ap\u00e9ro Mix. <\/strong>De 17 h \u00e0 21 h, musique g\u00e9n\u00e9raliste&nbsp;; d\u00e8s 21 h, retransmission de la finale de l\u2019Euro 2024. Dimanche, de 17 h \u00e0 23 h, Beach bar,<\/p>\n<aside class=\"r-stories\"> <span class=\"r-stories--label\">\u00c0 lire aussi<\/span> <a href=\"https:\/\/www.lavoixdunord.fr\/1481361\/article\/2024-07-08\/ou-voir-les-feux-d-artifice-et-concerts-du-14-juillet-au-touquet-et-ses-environs\" class=\"r-stories--link\" target=\"_blank\" rel=\"nofollow\">O\u00f9 voir les feux d\u2019artifice et concerts du 14-Juillet au Touquet et ses environs&nbsp;?<\/a> <\/aside>\n<p> <!-- END scald=59675802 --> Cet article, qui traite du th\u00e8me \u00ab\u00a0Festival Jazz et musique en mode guinguette\u00a0\u00bb, vous est d\u00e9lib\u00e9r\u00e9ment offert par festivox.fr. La raison d\u2019\u00eatre de festivox.fr est de parler de Festival Jazz et musique en mode guinguette dans la transparence la plus g\u00e9n\u00e9rale en vous procurant la visibilit\u00e9 de tout ce qui est publi\u00e9 sur ce sujet sur le web La chronique a \u00e9t\u00e9 g\u00e9n\u00e9r\u00e9e de la mani\u00e8re la plus honn\u00eate que possible. S\u2019il advenait que vous projetez d\u2019apporter quelques notes concernant le domaine de \u00ab\u00a0Festival Jazz et musique en mode guinguette\u00a0\u00bb vous avez la possibilit\u00e9 de d&rsquo;\u00e9changer avec notre r\u00e9daction. Dans peu de temps, on mettra en ligne d&rsquo;autres informations pertinentes autour du sujet \u00ab\u00a0Festival Jazz et musique en mode guinguette\u00a0\u00bb. Ainsi, consultez r\u00e9guli\u00e8rement notre site.<\/p>\n","protected":false},"excerpt":{"rendered":"<p>Bellebrune F\u00eate du village. Brocante toute la journ\u00e9e, quilles d\u00e8s 11 h, tierc\u00e9 aux b\u00fbcherons \u00e0 17 h 30. Dimanche, \u00e0 partir de 8 h. Boulogne-sur-Mer Animations. Village gonflable, sculpture de ballons, maquillage de 10 h \u00e0 18 h, concert Abba girl de 12 h \u00e0 14 h. Feu d\u2019artifice, \u00e0 23 h, plage. Dimanche,&hellip;<\/p>\n","protected":false},"author":1,"featured_media":956,"comment_status":"closed","ping_status":"closed","sticky":false,"template":"","format":"standard","meta":{"footnotes":""},"categories":[3],"tags":[],"class_list":["post-955","post","type-post","status-publish","format-standard","has-post-thumbnail","hentry","category-wiki-sur-festival-jazz-et-musique-en-mode-guinguette"],"yoast_head":"<!-- This site is optimized with the Yoast SEO plugin v27.5 - https:\/\/yoast.com\/product\/yoast-seo-wordpress\/ -->\n<title>O\u00f9 voir les feux d\u2019artifice et concerts du 14-Juillet \u00e0 Boulogne et ses environs - FESTIVOX<\/title>\n<meta name=\"robots\" content=\"index, follow, max-snippet:-1, max-image-preview:large, max-video-preview:-1\" \/>\n<link rel=\"canonical\" href=\"https:\/\/www.festivox.fr\/blog\/ou-voir-les-feux-dartifice-et-concerts-du-14-juillet-a-boulogne-et-ses-environs\/\" \/>\n<meta property=\"og:locale\" content=\"fr_FR\" \/>\n<meta property=\"og:type\" content=\"article\" \/>\n<meta property=\"og:title\" content=\"O\u00f9 voir les feux d\u2019artifice et concerts du 14-Juillet \u00e0 Boulogne et ses environs - FESTIVOX\" \/>\n<meta property=\"og:description\" content=\"Bellebrune F\u00eate du village. Brocante toute la journ\u00e9e, quilles d\u00e8s 11 h, tierc\u00e9 aux b\u00fbcherons \u00e0 17 h 30. Dimanche, \u00e0 partir de 8 h. Boulogne-sur-Mer Animations. Village gonflable, sculpture de ballons, maquillage de 10 h \u00e0 18 h, concert Abba girl de 12 h \u00e0 14 h. Feu d\u2019artifice, \u00e0 23 h, plage. Dimanche,&hellip;\" \/>\n<meta property=\"og:url\" content=\"https:\/\/www.festivox.fr\/blog\/ou-voir-les-feux-dartifice-et-concerts-du-14-juillet-a-boulogne-et-ses-environs\/\" \/>\n<meta property=\"og:site_name\" content=\"FESTIVOX\" \/>\n<meta property=\"article:published_time\" content=\"2024-07-08T06:46:00+00:00\" \/>\n<meta property=\"og:image\" content=\"https:\/\/www.festivox.fr\/blog\/wp-content\/uploads\/2024\/07\/ou-voir-les-feux-dartifice-et-concerts-du-14-juillet-a-boulogne-et-ses-environs.jpg\" \/>\n<meta name=\"author\" content=\"Michele\" \/>\n<meta name=\"twitter:card\" content=\"summary_large_image\" \/>\n<meta name=\"twitter:label1\" content=\"\u00c9crit par\" \/>\n\t<meta name=\"twitter:data1\" content=\"Michele\" \/>\n\t<meta name=\"twitter:label2\" content=\"Dur\u00e9e de lecture estim\u00e9e\" \/>\n\t<meta name=\"twitter:data2\" content=\"6 minutes\" \/>\n<script type=\"application\/ld+json\" class=\"yoast-schema-graph\">{\"@context\":\"https:\\\/\\\/schema.org\",\"@graph\":[{\"@type\":\"Article\",\"@id\":\"https:\\\/\\\/www.festivox.fr\\\/blog\\\/ou-voir-les-feux-dartifice-et-concerts-du-14-juillet-a-boulogne-et-ses-environs\\\/#article\",\"isPartOf\":{\"@id\":\"https:\\\/\\\/www.festivox.fr\\\/blog\\\/ou-voir-les-feux-dartifice-et-concerts-du-14-juillet-a-boulogne-et-ses-environs\\\/\"},\"author\":{\"name\":\"Michele\",\"@id\":\"https:\\\/\\\/www.festivox.fr\\\/blog\\\/#\\\/schema\\\/person\\\/f36a8b6bc94800c3eafed4bca993ce95\"},\"headline\":\"O\u00f9 voir les feux d\u2019artifice et concerts du 14-Juillet \u00e0 Boulogne et ses environs\",\"datePublished\":\"2024-07-08T06:46:00+00:00\",\"mainEntityOfPage\":{\"@id\":\"https:\\\/\\\/www.festivox.fr\\\/blog\\\/ou-voir-les-feux-dartifice-et-concerts-du-14-juillet-a-boulogne-et-ses-environs\\\/\"},\"wordCount\":1263,\"publisher\":{\"@id\":\"https:\\\/\\\/www.festivox.fr\\\/blog\\\/#organization\"},\"image\":{\"@id\":\"https:\\\/\\\/www.festivox.fr\\\/blog\\\/ou-voir-les-feux-dartifice-et-concerts-du-14-juillet-a-boulogne-et-ses-environs\\\/#primaryimage\"},\"thumbnailUrl\":\"https:\\\/\\\/www.festivox.fr\\\/blog\\\/wp-content\\\/uploads\\\/2024\\\/07\\\/ou-voir-les-feux-dartifice-et-concerts-du-14-juillet-a-boulogne-et-ses-environs.jpg\",\"articleSection\":[\"Wiki Sur Festival Jazz Et Musique En Mode Guinguette:\"],\"inLanguage\":\"fr-FR\"},{\"@type\":\"WebPage\",\"@id\":\"https:\\\/\\\/www.festivox.fr\\\/blog\\\/ou-voir-les-feux-dartifice-et-concerts-du-14-juillet-a-boulogne-et-ses-environs\\\/\",\"url\":\"https:\\\/\\\/www.festivox.fr\\\/blog\\\/ou-voir-les-feux-dartifice-et-concerts-du-14-juillet-a-boulogne-et-ses-environs\\\/\",\"name\":\"O\u00f9 voir les feux d\u2019artifice et concerts du 14-Juillet \u00e0 Boulogne et ses environs - FESTIVOX\",\"isPartOf\":{\"@id\":\"https:\\\/\\\/www.festivox.fr\\\/blog\\\/#website\"},\"primaryImageOfPage\":{\"@id\":\"https:\\\/\\\/www.festivox.fr\\\/blog\\\/ou-voir-les-feux-dartifice-et-concerts-du-14-juillet-a-boulogne-et-ses-environs\\\/#primaryimage\"},\"image\":{\"@id\":\"https:\\\/\\\/www.festivox.fr\\\/blog\\\/ou-voir-les-feux-dartifice-et-concerts-du-14-juillet-a-boulogne-et-ses-environs\\\/#primaryimage\"},\"thumbnailUrl\":\"https:\\\/\\\/www.festivox.fr\\\/blog\\\/wp-content\\\/uploads\\\/2024\\\/07\\\/ou-voir-les-feux-dartifice-et-concerts-du-14-juillet-a-boulogne-et-ses-environs.jpg\",\"datePublished\":\"2024-07-08T06:46:00+00:00\",\"breadcrumb\":{\"@id\":\"https:\\\/\\\/www.festivox.fr\\\/blog\\\/ou-voir-les-feux-dartifice-et-concerts-du-14-juillet-a-boulogne-et-ses-environs\\\/#breadcrumb\"},\"inLanguage\":\"fr-FR\",\"potentialAction\":[{\"@type\":\"ReadAction\",\"target\":[\"https:\\\/\\\/www.festivox.fr\\\/blog\\\/ou-voir-les-feux-dartifice-et-concerts-du-14-juillet-a-boulogne-et-ses-environs\\\/\"]}]},{\"@type\":\"ImageObject\",\"inLanguage\":\"fr-FR\",\"@id\":\"https:\\\/\\\/www.festivox.fr\\\/blog\\\/ou-voir-les-feux-dartifice-et-concerts-du-14-juillet-a-boulogne-et-ses-environs\\\/#primaryimage\",\"url\":\"https:\\\/\\\/www.festivox.fr\\\/blog\\\/wp-content\\\/uploads\\\/2024\\\/07\\\/ou-voir-les-feux-dartifice-et-concerts-du-14-juillet-a-boulogne-et-ses-environs.jpg\",\"contentUrl\":\"https:\\\/\\\/www.festivox.fr\\\/blog\\\/wp-content\\\/uploads\\\/2024\\\/07\\\/ou-voir-les-feux-dartifice-et-concerts-du-14-juillet-a-boulogne-et-ses-environs.jpg\",\"width\":664,\"height\":440},{\"@type\":\"BreadcrumbList\",\"@id\":\"https:\\\/\\\/www.festivox.fr\\\/blog\\\/ou-voir-les-feux-dartifice-et-concerts-du-14-juillet-a-boulogne-et-ses-environs\\\/#breadcrumb\",\"itemListElement\":[{\"@type\":\"ListItem\",\"position\":1,\"name\":\"Accueil\",\"item\":\"https:\\\/\\\/www.festivox.fr\\\/blog\\\/\"},{\"@type\":\"ListItem\",\"position\":2,\"name\":\"O\u00f9 voir les feux d\u2019artifice et concerts du 14-Juillet \u00e0 Boulogne et ses environs\"}]},{\"@type\":\"WebSite\",\"@id\":\"https:\\\/\\\/www.festivox.fr\\\/blog\\\/#website\",\"url\":\"https:\\\/\\\/www.festivox.fr\\\/blog\\\/\",\"name\":\"FESTIVOX\",\"description\":\"Festival en mode guinguette.\",\"publisher\":{\"@id\":\"https:\\\/\\\/www.festivox.fr\\\/blog\\\/#organization\"},\"potentialAction\":[{\"@type\":\"SearchAction\",\"target\":{\"@type\":\"EntryPoint\",\"urlTemplate\":\"https:\\\/\\\/www.festivox.fr\\\/blog\\\/?s={search_term_string}\"},\"query-input\":{\"@type\":\"PropertyValueSpecification\",\"valueRequired\":true,\"valueName\":\"search_term_string\"}}],\"inLanguage\":\"fr-FR\"},{\"@type\":\"Organization\",\"@id\":\"https:\\\/\\\/www.festivox.fr\\\/blog\\\/#organization\",\"name\":\"festivox\",\"url\":\"https:\\\/\\\/www.festivox.fr\\\/blog\\\/\",\"logo\":{\"@type\":\"ImageObject\",\"inLanguage\":\"fr-FR\",\"@id\":\"https:\\\/\\\/www.festivox.fr\\\/blog\\\/#\\\/schema\\\/logo\\\/image\\\/\",\"url\":\"https:\\\/\\\/www.festivox.fr\\\/blog\\\/wp-content\\\/uploads\\\/2023\\\/06\\\/logo-2.png\",\"contentUrl\":\"https:\\\/\\\/www.festivox.fr\\\/blog\\\/wp-content\\\/uploads\\\/2023\\\/06\\\/logo-2.png\",\"width\":480,\"height\":160,\"caption\":\"festivox\"},\"image\":{\"@id\":\"https:\\\/\\\/www.festivox.fr\\\/blog\\\/#\\\/schema\\\/logo\\\/image\\\/\"}},{\"@type\":\"Person\",\"@id\":\"https:\\\/\\\/www.festivox.fr\\\/blog\\\/#\\\/schema\\\/person\\\/f36a8b6bc94800c3eafed4bca993ce95\",\"name\":\"Michele\",\"image\":{\"@type\":\"ImageObject\",\"inLanguage\":\"fr-FR\",\"@id\":\"https:\\\/\\\/secure.gravatar.com\\\/avatar\\\/b062046536b5d47ec9075956ec349ef95ed06b0f910c578f74abb318668b702e?s=96&d=mm&r=g\",\"url\":\"https:\\\/\\\/secure.gravatar.com\\\/avatar\\\/b062046536b5d47ec9075956ec349ef95ed06b0f910c578f74abb318668b702e?s=96&d=mm&r=g\",\"contentUrl\":\"https:\\\/\\\/secure.gravatar.com\\\/avatar\\\/b062046536b5d47ec9075956ec349ef95ed06b0f910c578f74abb318668b702e?s=96&d=mm&r=g\",\"caption\":\"Michele\"},\"sameAs\":[\"https:\\\/\\\/www.festivox.fr\\\/blog\"],\"url\":\"https:\\\/\\\/www.festivox.fr\\\/blog\\\/author\\\/voxadmin\\\/\"}]}<\/script>\n<!-- \/ Yoast SEO plugin. -->","yoast_head_json":{"title":"O\u00f9 voir les feux d\u2019artifice et concerts du 14-Juillet \u00e0 Boulogne et ses environs - FESTIVOX","robots":{"index":"index","follow":"follow","max-snippet":"max-snippet:-1","max-image-preview":"max-image-preview:large","max-video-preview":"max-video-preview:-1"},"canonical":"https:\/\/www.festivox.fr\/blog\/ou-voir-les-feux-dartifice-et-concerts-du-14-juillet-a-boulogne-et-ses-environs\/","og_locale":"fr_FR","og_type":"article","og_title":"O\u00f9 voir les feux d\u2019artifice et concerts du 14-Juillet \u00e0 Boulogne et ses environs - FESTIVOX","og_description":"Bellebrune F\u00eate du village. Brocante toute la journ\u00e9e, quilles d\u00e8s 11 h, tierc\u00e9 aux b\u00fbcherons \u00e0 17 h 30. Dimanche, \u00e0 partir de 8 h. Boulogne-sur-Mer Animations. Village gonflable, sculpture de ballons, maquillage de 10 h \u00e0 18 h, concert Abba girl de 12 h \u00e0 14 h. Feu d\u2019artifice, \u00e0 23 h, plage. Dimanche,&hellip;","og_url":"https:\/\/www.festivox.fr\/blog\/ou-voir-les-feux-dartifice-et-concerts-du-14-juillet-a-boulogne-et-ses-environs\/","og_site_name":"FESTIVOX","article_published_time":"2024-07-08T06:46:00+00:00","og_image":[{"url":"https:\/\/www.festivox.fr\/blog\/wp-content\/uploads\/2024\/07\/ou-voir-les-feux-dartifice-et-concerts-du-14-juillet-a-boulogne-et-ses-environs.jpg","type":"","width":"","height":""}],"author":"Michele","twitter_card":"summary_large_image","twitter_misc":{"\u00c9crit par":"Michele","Dur\u00e9e de lecture estim\u00e9e":"6 minutes"},"schema":{"@context":"https:\/\/schema.org","@graph":[{"@type":"Article","@id":"https:\/\/www.festivox.fr\/blog\/ou-voir-les-feux-dartifice-et-concerts-du-14-juillet-a-boulogne-et-ses-environs\/#article","isPartOf":{"@id":"https:\/\/www.festivox.fr\/blog\/ou-voir-les-feux-dartifice-et-concerts-du-14-juillet-a-boulogne-et-ses-environs\/"},"author":{"name":"Michele","@id":"https:\/\/www.festivox.fr\/blog\/#\/schema\/person\/f36a8b6bc94800c3eafed4bca993ce95"},"headline":"O\u00f9 voir les feux d\u2019artifice et concerts du 14-Juillet \u00e0 Boulogne et ses environs","datePublished":"2024-07-08T06:46:00+00:00","mainEntityOfPage":{"@id":"https:\/\/www.festivox.fr\/blog\/ou-voir-les-feux-dartifice-et-concerts-du-14-juillet-a-boulogne-et-ses-environs\/"},"wordCount":1263,"publisher":{"@id":"https:\/\/www.festivox.fr\/blog\/#organization"},"image":{"@id":"https:\/\/www.festivox.fr\/blog\/ou-voir-les-feux-dartifice-et-concerts-du-14-juillet-a-boulogne-et-ses-environs\/#primaryimage"},"thumbnailUrl":"https:\/\/www.festivox.fr\/blog\/wp-content\/uploads\/2024\/07\/ou-voir-les-feux-dartifice-et-concerts-du-14-juillet-a-boulogne-et-ses-environs.jpg","articleSection":["Wiki Sur Festival Jazz Et Musique En Mode Guinguette:"],"inLanguage":"fr-FR"},{"@type":"WebPage","@id":"https:\/\/www.festivox.fr\/blog\/ou-voir-les-feux-dartifice-et-concerts-du-14-juillet-a-boulogne-et-ses-environs\/","url":"https:\/\/www.festivox.fr\/blog\/ou-voir-les-feux-dartifice-et-concerts-du-14-juillet-a-boulogne-et-ses-environs\/","name":"O\u00f9 voir les feux d\u2019artifice et concerts du 14-Juillet \u00e0 Boulogne et ses environs - FESTIVOX","isPartOf":{"@id":"https:\/\/www.festivox.fr\/blog\/#website"},"primaryImageOfPage":{"@id":"https:\/\/www.festivox.fr\/blog\/ou-voir-les-feux-dartifice-et-concerts-du-14-juillet-a-boulogne-et-ses-environs\/#primaryimage"},"image":{"@id":"https:\/\/www.festivox.fr\/blog\/ou-voir-les-feux-dartifice-et-concerts-du-14-juillet-a-boulogne-et-ses-environs\/#primaryimage"},"thumbnailUrl":"https:\/\/www.festivox.fr\/blog\/wp-content\/uploads\/2024\/07\/ou-voir-les-feux-dartifice-et-concerts-du-14-juillet-a-boulogne-et-ses-environs.jpg","datePublished":"2024-07-08T06:46:00+00:00","breadcrumb":{"@id":"https:\/\/www.festivox.fr\/blog\/ou-voir-les-feux-dartifice-et-concerts-du-14-juillet-a-boulogne-et-ses-environs\/#breadcrumb"},"inLanguage":"fr-FR","potentialAction":[{"@type":"ReadAction","target":["https:\/\/www.festivox.fr\/blog\/ou-voir-les-feux-dartifice-et-concerts-du-14-juillet-a-boulogne-et-ses-environs\/"]}]},{"@type":"ImageObject","inLanguage":"fr-FR","@id":"https:\/\/www.festivox.fr\/blog\/ou-voir-les-feux-dartifice-et-concerts-du-14-juillet-a-boulogne-et-ses-environs\/#primaryimage","url":"https:\/\/www.festivox.fr\/blog\/wp-content\/uploads\/2024\/07\/ou-voir-les-feux-dartifice-et-concerts-du-14-juillet-a-boulogne-et-ses-environs.jpg","contentUrl":"https:\/\/www.festivox.fr\/blog\/wp-content\/uploads\/2024\/07\/ou-voir-les-feux-dartifice-et-concerts-du-14-juillet-a-boulogne-et-ses-environs.jpg","width":664,"height":440},{"@type":"BreadcrumbList","@id":"https:\/\/www.festivox.fr\/blog\/ou-voir-les-feux-dartifice-et-concerts-du-14-juillet-a-boulogne-et-ses-environs\/#breadcrumb","itemListElement":[{"@type":"ListItem","position":1,"name":"Accueil","item":"https:\/\/www.festivox.fr\/blog\/"},{"@type":"ListItem","position":2,"name":"O\u00f9 voir les feux d\u2019artifice et concerts du 14-Juillet \u00e0 Boulogne et ses environs"}]},{"@type":"WebSite","@id":"https:\/\/www.festivox.fr\/blog\/#website","url":"https:\/\/www.festivox.fr\/blog\/","name":"FESTIVOX","description":"Festival en mode guinguette.","publisher":{"@id":"https:\/\/www.festivox.fr\/blog\/#organization"},"potentialAction":[{"@type":"SearchAction","target":{"@type":"EntryPoint","urlTemplate":"https:\/\/www.festivox.fr\/blog\/?s={search_term_string}"},"query-input":{"@type":"PropertyValueSpecification","valueRequired":true,"valueName":"search_term_string"}}],"inLanguage":"fr-FR"},{"@type":"Organization","@id":"https:\/\/www.festivox.fr\/blog\/#organization","name":"festivox","url":"https:\/\/www.festivox.fr\/blog\/","logo":{"@type":"ImageObject","inLanguage":"fr-FR","@id":"https:\/\/www.festivox.fr\/blog\/#\/schema\/logo\/image\/","url":"https:\/\/www.festivox.fr\/blog\/wp-content\/uploads\/2023\/06\/logo-2.png","contentUrl":"https:\/\/www.festivox.fr\/blog\/wp-content\/uploads\/2023\/06\/logo-2.png","width":480,"height":160,"caption":"festivox"},"image":{"@id":"https:\/\/www.festivox.fr\/blog\/#\/schema\/logo\/image\/"}},{"@type":"Person","@id":"https:\/\/www.festivox.fr\/blog\/#\/schema\/person\/f36a8b6bc94800c3eafed4bca993ce95","name":"Michele","image":{"@type":"ImageObject","inLanguage":"fr-FR","@id":"https:\/\/secure.gravatar.com\/avatar\/b062046536b5d47ec9075956ec349ef95ed06b0f910c578f74abb318668b702e?s=96&d=mm&r=g","url":"https:\/\/secure.gravatar.com\/avatar\/b062046536b5d47ec9075956ec349ef95ed06b0f910c578f74abb318668b702e?s=96&d=mm&r=g","contentUrl":"https:\/\/secure.gravatar.com\/avatar\/b062046536b5d47ec9075956ec349ef95ed06b0f910c578f74abb318668b702e?s=96&d=mm&r=g","caption":"Michele"},"sameAs":["https:\/\/www.festivox.fr\/blog"],"url":"https:\/\/www.festivox.fr\/blog\/author\/voxadmin\/"}]}},"_links":{"self":[{"href":"https:\/\/www.festivox.fr\/blog\/wp-json\/wp\/v2\/posts\/955","targetHints":{"allow":["GET"]}}],"collection":[{"href":"https:\/\/www.festivox.fr\/blog\/wp-json\/wp\/v2\/posts"}],"about":[{"href":"https:\/\/www.festivox.fr\/blog\/wp-json\/wp\/v2\/types\/post"}],"author":[{"embeddable":true,"href":"https:\/\/www.festivox.fr\/blog\/wp-json\/wp\/v2\/users\/1"}],"replies":[{"embeddable":true,"href":"https:\/\/www.festivox.fr\/blog\/wp-json\/wp\/v2\/comments?post=955"}],"version-history":[{"count":0,"href":"https:\/\/www.festivox.fr\/blog\/wp-json\/wp\/v2\/posts\/955\/revisions"}],"wp:featuredmedia":[{"embeddable":true,"href":"https:\/\/www.festivox.fr\/blog\/wp-json\/wp\/v2\/media\/956"}],"wp:attachment":[{"href":"https:\/\/www.festivox.fr\/blog\/wp-json\/wp\/v2\/media?parent=955"}],"wp:term":[{"taxonomy":"category","embeddable":true,"href":"https:\/\/www.festivox.fr\/blog\/wp-json\/wp\/v2\/categories?post=955"},{"taxonomy":"post_tag","embeddable":true,"href":"https:\/\/www.festivox.fr\/blog\/wp-json\/wp\/v2\/tags?post=955"}],"curies":[{"name":"wp","href":"https:\/\/api.w.org\/{rel}","templated":true}]}}