{"id":947,"date":"2024-07-02T19:37:00","date_gmt":"2024-07-02T17:37:00","guid":{"rendered":"https:\/\/www.festivox.fr\/blog\/newgaro-creation-hommage-a-claude-nougaro\/"},"modified":"2024-07-02T19:37:00","modified_gmt":"2024-07-02T17:37:00","slug":"newgaro-creation-hommage-a-claude-nougaro","status":"publish","type":"post","link":"https:\/\/www.festivox.fr\/blog\/newgaro-creation-hommage-a-claude-nougaro\/","title":{"rendered":"New\u2019Garo Cr\u00e9ation hommage \u00e0 Claude Nougaro"},"content":{"rendered":"<p>   <!-- Google Tag Manager --> <!-- End Google Tag Manager --> <title>New\u2019Garo Cr\u00e9ation hommage \u00e0 Claude Nougaro &#8211; ladepeche.fr<\/title> <\/p>\n<p>  <!-- Google Tag Manager (noscript) -->  <!-- At Internet \"noscript\" Tag --> <img loading=\"lazy\" decoding=\"async\" width=\"1\" height=\"1\" alt src=\"https:\/\/www.festivox.fr\/blog\/wp-content\/uploads\/2024\/07\/newgaro-creation-hommage-a-claude-nougaro.gif\"> <\/p>\n<nav class=\"navbar-top\">\n<div class=\"navbar-top__brand\"> <a href=\"https:\/\/www.ladepeche.fr\/\" data-xiti-action=\"partenaire-fetes-et-festivals::header::transverse::logo,N\" target=\"_blank\" rel=\"nofollow\"> <img decoding=\"async\" src=\"https:\/\/www.festivox.fr\/blog\/wp-content\/uploads\/2024\/07\/newgaro-creation-hommage-a-claude-nougaro.png\" alt=\"Logo LaDepeche.fr\" class=\"responsive-img\"> <\/a> <\/div>\n<\/nav>\n<div id=\"habillagepub\"> <!-- Pub DFP Position [banniere_haute_brand] --> <\/p>\n<div class=\"main-content\">\n<div class=\"container\">\n<div data-article-id=\"12059049\" data-article-id-elt=\"12059049\"> <main> <\/p>\n<article class=\"article-full article-full--fullscreen\">\n<div class=\"grid-m\">\n<div class=\"section\">\n<div class>\n<div class=\"article-full__body\">\n<p class=\"article-full__chapo\"> <span class=\"article-full__chapo-label hide-on-small-only\">l&rsquo;essentiel<\/span> Le chanteur et po\u00e8te toulousain a fait aimer le jazz, les rythmes latinos, les beaux et bons mots et sa ville rose. Vingt ans apr\u00e8s sa disparition, un casting trois \u00e9toiles va rendre, le 27 juillet, un hommage g\u00e9n\u00e9reux et chaleureux au Petit Taureau du midi. <\/p>\n<div class=\"article-full__body-content article-paywall p402_premium\">\n<p><b>L<\/b>e jazz et la java\u00a0\u00bb, \u00ab\u00a0C\u00e9cile ma fille\u00a0\u00bb, \u00ab\u00a0Tu verras\u00a0\u00bb, \u00ab\u00a0Nougayork\u00a0\u00bb, \u00ab\u00a0Toulouse\u00a0\u00bb des chansons qui trottent dans les t\u00eates, g\u00e9n\u00e9ration apr\u00e8s g\u00e9n\u00e9ration. Cet acrobate des mots, pleins de force et d\u2019accent, sublim\u00e9s par de grands m\u00e9lodistes (de Michel Legrand \u00e0 Richard Galliano, en passant par quelques jazzmen-compositeurs), est une grande figure de la chanson fran\u00e7aise comme Georges Brassens, son ami et mentor. De sa ville natale de Toulouse aux rythmes ensoleill\u00e9s d\u2019Afrique et d\u2019Am\u00e9rique du Sud, Claude Nougaro a cr\u00e9\u00e9 un univers musical unique, m\u00ealant jazz, blues, java et musiques du monde. Un univers qui va revivre le 27 juillet sous le grand chapiteau. En effet, Jazz in Marciac s\u2019est associ\u00e9 \u00e0 trois autres festivals (Jazz sous les Pommiers, Jazz \u00e0 Vienne, Les Suds, \u00e0 Arles) pour co-produire un grand concert m\u00e9moriel soutenu par H\u00e9l\u00e8ne, la veuve de Claude.Un tour du monde en chansons<\/p>\n<p>Cet hommage sera port\u00e9e sur sc\u00e8ne par la vingtaine de musiciens \u00ab\u00a0sacr\u00e9s\u00a0\u00bb de Fred Pallem (\u00e0 la direction musicale) et par un \u00ab\u00a0all-star\u00a0\u00bb vocal compos\u00e9 de Souad Massi, Marion Rampal, Gabi Hartmann, Babx, Sanseverino, Jowee Omicil, Ray Lema, Andr\u00e9 Minvielle, M\u00e9lissa Laveaux et Jacques Gamblin. Cette g\u00e9n\u00e9ration New\u2019Garo va d\u00e9voiler des versions r\u00e9orchestr\u00e9es, r\u00e9arrang\u00e9es o\u00f9 chacun et chacune livrera sa vision de la musique et des mots du \u00ab\u00a0Petit Taureau\u00a0\u00bb. Ce tour du monde en une vingtaine de chansons va c\u00e9l\u00e9brer l\u2019incroyable diversit\u00e9 de son r\u00e9pertoire et nous rappeler la modernit\u00e9 de ses textes. Mais attention, nulle nostalgie sur sc\u00e8ne : il s\u2019agira bien d\u2019une belle f\u00eate, dans l\u2019esprit de celles qu\u2019il appr\u00e9ciait, o\u00f9 ses plus belles chansons viendront teinter la nuit \u00e9toil\u00e9e, tatouer les esprits, o\u00f9 son cin\u00e9ma, son jazz et sa java vont s\u2019entrechoquer, s\u2019embrasser et s\u2019embraser au doux son des mots de Claude et de ses mille et une histoires !<\/p>\n<p>En premi\u00e8re partie de soir\u00e9e, l\u2019accord\u00e9oniste virtuose Richard Galliano, en concert avec son New-York Tango Trio, ne manquera pas de profiter de l\u2019occasion pour rendre, lui aussi, un hommage \u00e9mouvant \u00e0 son ami Claude Nougaro. Il a d\u00e9j\u00e0 compos\u00e9 pour lui \u00ab\u00a0Tango pour Claude\u00a0\u00bb, des notes d\u2019amiti\u00e9 pour celui qu\u2019il a si souvent accompagn\u00e9 et qui \u00e0 contribu\u00e9 \u00e0 le r\u00e9v\u00e9ler aupr\u00e8s du grand public.<\/p>\n<\/p><\/div>\n<\/p><\/div>\n<div class=\"article-full__footer\">\n<div class=\"d-flex flex-wrap align-items-center\">\n<p> <span class=\"author-name\">La D\u00e9p\u00eache du midi<\/span> <\/p>\n<p><span class=\"author-link\">(La r\u00e9daction n&rsquo;a pas particip\u00e9 \u00e0 cette cr\u00e9ation)<\/span><\/p>\n<\/p><\/div>\n<\/p><\/div>\n<\/p><\/div>\n<\/p><\/div>\n<\/p><\/div>\n<\/article>\n<p><\/main> <\/div>\n<section class=\"xl:grid-2\">\n<article class=\"article article--vertical article--vertical-wide\">\n<div class=\"article__media\">\n<figure class=\"ratio ratio-standard ratio-large--xl\">   <img decoding=\"async\" src=\"https:\/\/www.festivox.fr\/blog\/wp-content\/uploads\/2024\/07\/newgaro-creation-hommage-a-claude-nougaro.jpg\" class=\"responsive-img\">  <\/figure>\n<\/p><\/div>\n<div class=\"article__content\">\n<p class=\"article__chapo hide-on-med-and-down\"> Pour toucher de nouveaux publics avec une programmation toujours plus attractive, dans un&#8230; <\/p>\n<\/p><\/div>\n<\/article>\n<article class=\"article article--vertical article--vertical-wide\">\n<div class=\"article__media\">\n<figure class=\"ratio ratio-standard ratio-large--xl\">   <img decoding=\"async\" src=\"https:\/\/www.festivox.fr\/blog\/wp-content\/uploads\/2024\/07\/newgaro-creation-hommage-a-claude-nougaro.jpg\" class=\"responsive-img\">  <\/figure>\n<\/p><\/div>\n<div class=\"article__content\">\n<p class=\"article__chapo hide-on-med-and-down\"> C\u2019\u00e9tait l\u2019une des derni\u00e8res l\u00e9gendes du piano jazz ! Une pl\u00e9iade d\u2019immenses musiciens am\u00e9ricains&#8230; <\/p>\n<\/p><\/div>\n<\/article>\n<article class=\"article article--vertical article--vertical-wide\">\n<div class=\"article__media\">\n<figure class=\"ratio ratio-standard ratio-large--xl\">   <img decoding=\"async\" src=\"https:\/\/www.festivox.fr\/blog\/wp-content\/uploads\/2024\/07\/newgaro-creation-hommage-a-claude-nougaro.jpg\" class=\"responsive-img\">  <\/figure>\n<\/p><\/div>\n<div class=\"article__content\">\n<p class=\"article__chapo hide-on-med-and-down\"> Le jazz est une musique vivante, toujours en mouvement. Il inspire de multiples m\u00e9tissages qui&#8230; <\/p>\n<\/p><\/div>\n<\/article>\n<article class=\"article article--vertical article--vertical-wide\">\n<div class=\"article__media\">\n<figure class=\"ratio ratio-standard ratio-large--xl\">   <img decoding=\"async\" src=\"https:\/\/www.festivox.fr\/blog\/wp-content\/uploads\/2024\/07\/newgaro-creation-hommage-a-claude-nougaro.jpg\" class=\"responsive-img\">  <\/figure>\n<\/p><\/div>\n<div class=\"article__content\">\n<p class=\"article__chapo hide-on-med-and-down\"> Le Festival Pause Guitare Sud de France est de ces rendez-vous qui traversent les ann\u00e9es avec&#8230; <\/p>\n<\/p><\/div>\n<\/article>\n<article class=\"article article--vertical article--vertical-wide\">\n<div class=\"article__media\">\n<figure class=\"ratio ratio-standard ratio-large--xl\">   <img decoding=\"async\" src=\"https:\/\/www.festivox.fr\/blog\/wp-content\/uploads\/2024\/07\/newgaro-creation-hommage-a-claude-nougaro.jpg\" class=\"responsive-img\">  <\/figure>\n<\/p><\/div>\n<div class=\"article__content\">\n<p class=\"article__chapo hide-on-med-and-down\"> Musique, th\u00e9\u00e2tre, danse, arts plastiques, gastronomie\u2026 : le Tarn n\u2019a pas \u00e0 rougir de sa&#8230; <\/p>\n<\/p><\/div>\n<\/article>\n<article class=\"article article--vertical article--vertical-wide\">\n<div class=\"article__media\">\n<figure class=\"ratio ratio-standard ratio-large--xl\">   <img decoding=\"async\" src=\"https:\/\/www.festivox.fr\/blog\/wp-content\/uploads\/2024\/07\/newgaro-creation-hommage-a-claude-nougaro.jpg\" class=\"responsive-img\">  <\/figure>\n<\/p><\/div>\n<div class=\"article__content\">\n<p class=\"article__chapo hide-on-med-and-down\"> Festival itin\u00e9rant de musique de chambre, le Festival d\u2019Autan reprend du chemin sur les routes&#8230; <\/p>\n<\/p><\/div>\n<\/article>\n<article class=\"article article--vertical article--vertical-wide\">\n<div class=\"article__media\">\n<figure class=\"ratio ratio-standard ratio-large--xl\">   <img decoding=\"async\" src=\"https:\/\/www.festivox.fr\/blog\/wp-content\/uploads\/2024\/07\/newgaro-creation-hommage-a-claude-nougaro.jpg\" data-src=\"https:\/\/images.ladepeche.fr\/api\/v1\/images\/view\/66705c5f59c19f530a15adb7\/large\/image.jpg?v=1\" alt=\"De grands sites patrimoniaux\" class=\"responsive-img\">  <\/figure>\n<\/p><\/div>\n<div class=\"article__content\">\n<p class=\"article__chapo hide-on-med-and-down\"> Les amoureux de vieilles pierres ne manqueront pas de sites culturels et patrimoniaux \u00e0 visiter&#8230; <\/p>\n<\/p><\/div>\n<\/article>\n<article class=\"article article--vertical article--vertical-wide\">\n<div class=\"article__media\">\n<figure class=\"ratio ratio-standard ratio-large--xl\">   <img decoding=\"async\" src=\"https:\/\/www.festivox.fr\/blog\/wp-content\/uploads\/2024\/07\/newgaro-creation-hommage-a-claude-nougaro.jpg\" class=\"responsive-img\">  <\/figure>\n<\/p><\/div>\n<div class=\"article__content\">\n<p class=\"article__chapo hide-on-med-and-down\"> Travers\u00e9 d\u2019est en ouest par la rivi\u00e8re du Tarn, le d\u00e9partement se dessine autour de ses lacets&#8230;. <\/p>\n<\/p><\/div>\n<\/article>\n<article class=\"article article--vertical article--vertical-wide\">\n<div class=\"article__media\">\n<figure class=\"ratio ratio-standard ratio-large--xl\">   <img decoding=\"async\" src=\"https:\/\/www.festivox.fr\/blog\/wp-content\/uploads\/2024\/07\/newgaro-creation-hommage-a-claude-nougaro.jpg\" data-src=\"https:\/\/images.ladepeche.fr\/api\/v1\/images\/view\/6652304cc0c2e95233307fec\/large\/image.jpg?v=1\" alt=\"CONCERT LES NEGRESSES VERTES PLACE DE LA MAIRIE\" class=\"responsive-img\">  <\/figure>\n<\/p><\/div>\n<div class=\"article__content\">\n<p class=\"article__chapo hide-on-med-and-down\"> Retiens la nuit\u2026\u00a0\u00bb chantait Johnny. Des g\u00e9n\u00e9rations de gersois.es retiennent que les nuits \u00e0 La&#8230; <\/p>\n<\/p><\/div>\n<\/article>\n<article class=\"article article--vertical article--vertical-wide\">\n<div class=\"article__media\">\n<figure class=\"ratio ratio-standard ratio-large--xl\">   <img decoding=\"async\" src=\"https:\/\/www.festivox.fr\/blog\/wp-content\/uploads\/2024\/07\/newgaro-creation-hommage-a-claude-nougaro.jpg\" class=\"responsive-img\">  <\/figure>\n<\/p><\/div>\n<div class=\"article__content\">\n<p class=\"article__chapo hide-on-med-and-down\"> C\u2019est en mode \u00ab\u00a0feria\u00a0\u00bb familiale que la capitale de l\u2019Armagnac invite \u00e0 se r\u00e9jouir le premier week&#8230; <\/p>\n<\/p><\/div>\n<\/article>\n<article class=\"article article--vertical article--vertical-wide\">\n<div class=\"article__media\">\n<figure class=\"ratio ratio-standard ratio-large--xl\">   <img decoding=\"async\" src=\"https:\/\/www.festivox.fr\/blog\/wp-content\/uploads\/2024\/07\/newgaro-creation-hommage-a-claude-nougaro.jpg\" data-src=\"https:\/\/images.ladepeche.fr\/api\/v1\/images\/view\/6652304cd86c9b085c582b98\/large\/image.jpg?v=1\" alt=\"Ibrahim Maalouf\" class=\"responsive-img\">  <\/figure>\n<\/p><\/div>\n<div class=\"article__content\">\n<p class=\"article__chapo hide-on-med-and-down\"> A Marciac, une 46\u00e8me \u00e9dition du festival de jazz (18 juillet-4 ao\u00fbt) plus jeune et f\u00e9minine que&#8230; <\/p>\n<\/p><\/div>\n<\/article>\n<article class=\"article article--vertical article--vertical-wide\">\n<div class=\"article__media\">\n<figure class=\"ratio ratio-standard ratio-large--xl\">   <img decoding=\"async\" src=\"https:\/\/www.festivox.fr\/blog\/wp-content\/uploads\/2024\/07\/newgaro-creation-hommage-a-claude-nougaro.jpg\" class=\"responsive-img\">  <\/figure>\n<\/p><\/div>\n<div class=\"article__content\">\n<p class=\"article__chapo hide-on-med-and-down\"> Jusqu\u2019\u00e0 lundi toutes et tous en marini\u00e8re dans ce haut lieu festif. <\/p>\n<\/p><\/div>\n<\/article>\n<article class=\"article article--vertical article--vertical-wide\">\n<div class=\"article__media\">\n<figure class=\"ratio ratio-standard ratio-large--xl\">   <img decoding=\"async\" src=\"https:\/\/www.festivox.fr\/blog\/wp-content\/uploads\/2024\/07\/newgaro-creation-hommage-a-claude-nougaro.jpg\" class=\"responsive-img\">  <\/figure>\n<\/p><\/div>\n<div class=\"article__content\">\n<p class=\"article__chapo hide-on-med-and-down\"> \u00ab\u00a0Les Feux de Gascogne\u00a0\u00bb qui illumineront le ciel de l\u2019Isle-de-No\u00e9, le samedi 3 ao\u00fbt, sont bien&#8230; <\/p>\n<\/p><\/div>\n<\/article>\n<article class=\"article article--vertical article--vertical-wide\">\n<div class=\"article__media\">\n<figure class=\"ratio ratio-standard ratio-large--xl\">   <img decoding=\"async\" src=\"https:\/\/www.festivox.fr\/blog\/wp-content\/uploads\/2024\/07\/newgaro-creation-hommage-a-claude-nougaro.jpg\" data-src=\"https:\/\/images.ladepeche.fr\/api\/v1\/images\/view\/6618deca377e8a5c5c50deb9\/large\/image.jpg?v=1\" alt=\"Pendant le festival 250 b\u00e9n\u00e9voles \u00e0 l\u2019\u0153uvre pour la bonne organisation de Welcome in Tziganie\" class=\"responsive-img\">  <\/figure>\n<\/p><\/div>\n<div class=\"article__content\">\n<p class=\"article__chapo hide-on-med-and-down\"> La r\u00e9ussite de Welcome in Tziganie est collective. Le collectif que forme l\u2019association. L\u2019Air&#8230; <\/p>\n<\/p><\/div>\n<\/article>\n<article class=\"article article--vertical article--vertical-wide\">\n<div class=\"article__media\">\n<figure class=\"ratio ratio-standard ratio-large--xl\">   <img decoding=\"async\" src=\"https:\/\/www.festivox.fr\/blog\/wp-content\/uploads\/2024\/07\/newgaro-creation-hommage-a-claude-nougaro.jpg\" data-src=\"https:\/\/images.ladepeche.fr\/api\/v1\/images\/view\/6618dec90a356d1b6e53a526\/large\/image.jpg?v=1\" alt=\"Welcome in Tziganie offre un... ailleurs aux festivaliers\" class=\"responsive-img\">  <\/figure>\n<\/p><\/div>\n<div class=\"article__content\">\n<p class=\"article__chapo hide-on-med-and-down\"> A l\u2019origine avec l\u2019association L\u2019Air des Balkans du festival Welcome in Tziganie dont il est le&#8230; <\/p>\n<\/p><\/div>\n<\/article>\n<article class=\"article article--vertical article--vertical-wide\">\n<div class=\"article__media\">\n<figure class=\"ratio ratio-standard ratio-large--xl\">   <img decoding=\"async\" src=\"https:\/\/www.festivox.fr\/blog\/wp-content\/uploads\/2024\/07\/newgaro-creation-hommage-a-claude-nougaro.jpg\" data-src=\"https:\/\/images.ladepeche.fr\/api\/v1\/images\/view\/6618dec8794e96022359ed18\/large\/image.jpg?v=1\" alt=\"Avez-vous r\u00e9serv\u00e9 votre stage ?\" class=\"responsive-img\">  <\/figure>\n<\/p><\/div>\n<div class=\"article__content\">\n<p class=\"article__chapo hide-on-med-and-down\"> Stage chant par Paloma PradalPaloma qui est aussi la pr\u00e9sentatrice des artistes en sc\u00e8ne (lire&#8230; <\/p>\n<\/p><\/div>\n<\/article>\n<article class=\"article article--vertical article--vertical-wide\">\n<div class=\"article__media\">\n<figure class=\"ratio ratio-standard ratio-large--xl\">   <img decoding=\"async\" src=\"https:\/\/www.festivox.fr\/blog\/wp-content\/uploads\/2024\/07\/newgaro-creation-hommage-a-claude-nougaro.jpg\" data-src=\"https:\/\/images.ladepeche.fr\/api\/v1\/images\/view\/64a59d25c56d152a3e44c710\/large\/image.jpg?v=1\" alt=\"C\u00e9cile McLorin Salvant.\" class=\"responsive-img\">  <\/figure>\n<\/p><\/div>\n<div class=\"article__content\">\n<p class=\"article__chapo hide-on-med-and-down\"> Depuis toujours, je jazz se conjugue au f\u00e9minin ! Et m\u00eame au f\u00e9minin pluriel, tant les femmes ont&#8230; <\/p>\n<\/p><\/div>\n<\/article>\n<article class=\"article article--vertical article--vertical-wide\">\n<div class=\"article__media\">\n<figure class=\"ratio ratio-standard ratio-large--xl\">   <img decoding=\"async\" src=\"https:\/\/www.festivox.fr\/blog\/wp-content\/uploads\/2024\/07\/newgaro-creation-hommage-a-claude-nougaro.jpg\" class=\"responsive-img\">  <\/figure>\n<\/p><\/div>\n<div class=\"article__content\">\n<p class=\"article__chapo hide-on-med-and-down\"> D\u00e9j\u00e0 \u00e0 l\u2019\u00e9coute des musiques cousines du jazz, comme le blues, le rhythm\u2019n\u2019blues et la soul, le&#8230; <\/p>\n<\/p><\/div>\n<\/article>\n<article class=\"article article--vertical article--vertical-wide\">\n<div class=\"article__media\">\n<figure class=\"ratio ratio-standard ratio-large--xl\">   <img decoding=\"async\" src=\"https:\/\/www.festivox.fr\/blog\/wp-content\/uploads\/2024\/07\/newgaro-creation-hommage-a-claude-nougaro.jpg\" data-src=\"https:\/\/images.ladepeche.fr\/api\/v1\/images\/view\/64a59d24c56d152a3e44c70f\/large\/image.jpg?v=1\" alt=\"Kenny Barron.\" class=\"responsive-img\">  <\/figure>\n<\/p><\/div>\n<div class=\"article__content\">\n<p class=\"article__chapo hide-on-med-and-down\"> Chaque \u00e9t\u00e9, depuis 45 ans, les chaleureuses vibrations gasconnes se mettent au diapason des&#8230; <\/p>\n<\/p><\/div>\n<\/article>\n<article class=\"article article--vertical article--vertical-wide\">\n<div class=\"article__media\">\n<figure class=\"ratio ratio-standard ratio-large--xl\">   <img decoding=\"async\" src=\"https:\/\/www.festivox.fr\/blog\/wp-content\/uploads\/2024\/07\/newgaro-creation-hommage-a-claude-nougaro.jpg\" data-src=\"https:\/\/images.ladepeche.fr\/api\/v1\/images\/view\/64a59d23c56d152a3e44c70e\/large\/image.jpg?v=1\" alt=\"Norah Jones.\" class=\"responsive-img\">  <\/figure>\n<\/p><\/div>\n<div class=\"article__content\">\n<p class=\"article__chapo hide-on-med-and-down\"> Jazz in Marciac f\u00eate son 45e anniversaire ! L\u2019\u00e2ge de la pleine maturit\u00e9 pour ce festival&#8230; <\/p>\n<\/p><\/div>\n<\/article>\n<article class=\"article article--vertical article--vertical-wide\">\n<div class=\"article__media\">\n<figure class=\"ratio ratio-standard ratio-large--xl\">   <img decoding=\"async\" src=\"https:\/\/www.festivox.fr\/blog\/wp-content\/uploads\/2024\/07\/newgaro-creation-hommage-a-claude-nougaro.jpg\" class=\"responsive-img\">  <\/figure>\n<\/p><\/div>\n<div class=\"article__content\">\n<p class=\"article__chapo hide-on-med-and-down\"> La tr\u00e8s belle salle de spectacle de Marciac se met aux rythmes du jazz le temps du festival. Plus&#8230; <\/p>\n<\/p><\/div>\n<\/article>\n<article class=\"article article--vertical article--vertical-wide\">\n<div class=\"article__media\">\n<figure class=\"ratio ratio-standard ratio-large--xl\">   <img decoding=\"async\" src=\"https:\/\/www.festivox.fr\/blog\/wp-content\/uploads\/2024\/07\/newgaro-creation-hommage-a-claude-nougaro.jpg\" data-src=\"https:\/\/images.ladepeche.fr\/api\/v1\/images\/view\/6482127ec188355a1a38c86a\/large\/image.jpg?v=1\" alt=\"Un tour du monde avec le Festival Latino.\" class=\"responsive-img\">  <\/figure>\n<\/p><\/div>\n<div class=\"article__content\">\n<p class=\"article__chapo hide-on-med-and-down\"> La ville de Tarascon et ses nombreux acteurs associatifs vous invitent \u00e0 vibrer tour l\u2019\u00e9t\u00e9 au&#8230; <\/p>\n<\/p><\/div>\n<\/article>\n<article class=\"article article--vertical article--vertical-wide\">\n<div class=\"article__media\">\n<figure class=\"ratio ratio-standard ratio-large--xl\">   <img decoding=\"async\" src=\"https:\/\/www.festivox.fr\/blog\/wp-content\/uploads\/2024\/07\/newgaro-creation-hommage-a-claude-nougaro.jpg\" data-src=\"https:\/\/images.ladepeche.fr\/api\/v1\/images\/view\/6482127cde77773e2506223b\/large\/image.jpg?v=1\" alt=\"La formation Compay Segundo mettra le feu pour cette nouvelle \u00e9dition du RITE.\" class=\"responsive-img\">  <\/figure>\n<\/p><\/div>\n<div class=\"article__content\">\n<p class=\"article__chapo hide-on-med-and-down\"> Le festival RITE se d\u00e9roulera du 5 au 11 ao\u00fbt 2023, avec un plateau v\u00e9ritable condens\u00e9 des&#8230; <\/p>\n<\/p><\/div>\n<\/article>\n<article class=\"article article--vertical article--vertical-wide\">\n<div class=\"article__media\">\n<figure class=\"ratio ratio-standard ratio-large--xl\">   <img decoding=\"async\" src=\"https:\/\/www.festivox.fr\/blog\/wp-content\/uploads\/2024\/07\/newgaro-creation-hommage-a-claude-nougaro.jpg\" data-src=\"https:\/\/images.ladepeche.fr\/api\/v1\/images\/view\/6482127a2a11142370694b66\/large\/image.jpg?v=1\" alt=\"200 figurants pour un Son et Lumi\u00e8re haut en couleurs.\" class=\"responsive-img\">  <\/figure>\n<\/p><\/div>\n<div class=\"article__content\">\n<p class=\"article__chapo hide-on-med-and-down\"> La fontaine de Fontestorbes cache un secret\u2026 Un acc\u00e8s se d\u00e9voilera pour entrer dans la demeure&#8230; <\/p>\n<\/p><\/div>\n<\/article>\n<article class=\"article article--vertical article--vertical-wide\">\n<div class=\"article__media\">\n<figure class=\"ratio ratio-standard ratio-large--xl\">   <img decoding=\"async\" src=\"https:\/\/www.festivox.fr\/blog\/wp-content\/uploads\/2024\/07\/newgaro-creation-hommage-a-claude-nougaro.jpg\" data-src=\"https:\/\/images.ladepeche.fr\/api\/v1\/images\/view\/6482127d74f2131e316ec005\/large\/image.jpg?v=1\" alt=\"Des spectacles et animations haut en couleurs.\" class=\"responsive-img\">  <\/figure>\n<\/p><\/div>\n<div class=\"article__content\">\n<p class=\"article__chapo hide-on-med-and-down\"> La 31\u00e8me \u00e9dition des animations rurales d\u2019Autrefois le Couserans du 3 au 6 ao\u00fbt, portera cette&#8230; <\/p>\n<\/p><\/div>\n<\/article>\n<article class=\"article article--vertical article--vertical-wide\">\n<div class=\"article__media\">\n<figure class=\"ratio ratio-standard ratio-large--xl\">   <img decoding=\"async\" src=\"https:\/\/www.festivox.fr\/blog\/wp-content\/uploads\/2024\/07\/newgaro-creation-hommage-a-claude-nougaro.jpg\" class=\"responsive-img\">  <\/figure>\n<\/p><\/div>\n<div class=\"article__content\">\n<p class=\"article__chapo hide-on-med-and-down\"> R\u00e9pondre aux attentes du public, chaque ann\u00e9e de plus en plus nombreux et ne pas rester dans un&#8230; <\/p>\n<\/p><\/div>\n<\/article>\n<article class=\"article article--vertical article--vertical-wide\">\n<div class=\"article__media\">\n<figure class=\"ratio ratio-standard ratio-large--xl\">   <img decoding=\"async\" src=\"https:\/\/www.festivox.fr\/blog\/wp-content\/uploads\/2024\/07\/newgaro-creation-hommage-a-claude-nougaro.jpg\" data-src=\"https:\/\/images.ladepeche.fr\/api\/v1\/images\/view\/6482127d61aecf3c0a68516d\/large\/image.jpg?v=1\" alt=\"4 jours endiabl\u00e9s pour les f\u00eates locales.\" class=\"responsive-img\">  <\/figure>\n<\/p><\/div>\n<div class=\"article__content\">\n<p class=\"article__chapo hide-on-med-and-down\"> Point d\u2019orgue d\u2019une programmation culturelle au long cours, la f\u00eate locale de Maz\u00e8res est un&#8230; <\/p>\n<\/p><\/div>\n<\/article>\n<article class=\"article article--vertical article--vertical-wide\">\n<div class=\"article__media\">\n<figure class=\"ratio ratio-standard ratio-large--xl\">   <img decoding=\"async\" src=\"https:\/\/www.festivox.fr\/blog\/wp-content\/uploads\/2024\/07\/newgaro-creation-hommage-a-claude-nougaro.jpg\" data-src=\"https:\/\/images.ladepeche.fr\/api\/v1\/images\/view\/6482127961aecf3c0a68516c\/large\/image.jpg?v=1\" alt=\"Haut- lieu du patrimoine, ateliers d\u2019artistes\u2026, un festival de visites guid\u00e9es.\" class=\"responsive-img\">  <\/figure>\n<\/p><\/div>\n<div class=\"article__content\">\n<p class=\"article__chapo hide-on-med-and-down\"> Du 1er juillet au 31 ao\u00fbt l\u2019Office de Tourisme des Portes d\u2019Ari\u00e8ge Pyr\u00e9n\u00e9es accueille et guide&#8230; <\/p>\n<\/p><\/div>\n<\/article>\n<article class=\"article article--vertical article--vertical-wide\">\n<div class=\"article__media\">\n<figure class=\"ratio ratio-standard ratio-large--xl\">   <img decoding=\"async\" src=\"https:\/\/www.festivox.fr\/blog\/wp-content\/uploads\/2024\/07\/newgaro-creation-hommage-a-claude-nougaro.jpg\" data-src=\"https:\/\/images.ladepeche.fr\/api\/v1\/images\/view\/6465e6ff6236bf344b72bc14\/large\/image.jpg?v=1\" alt=\"A chacun.e sa mani\u00e8re de faire la f\u00eate \u00e0 Vic.\" class=\"responsive-img\">  <\/figure>\n<\/p><\/div>\n<div class=\"article__content\">\n<p class=\"article__chapo hide-on-med-and-down\"> Vic c&rsquo;est chic! C&rsquo;est sur ce th\u00e8me que Vic-Fezensac invite \u00e0 sa f\u00eate-feria de Pentec\u00f4te. Connue&#8230; <\/p>\n<\/p><\/div>\n<\/article>\n<article class=\"article article--vertical article--vertical-wide\">\n<div class=\"article__media\">\n<figure class=\"ratio ratio-standard ratio-large--xl\">   <img decoding=\"async\" src=\"https:\/\/www.festivox.fr\/blog\/wp-content\/uploads\/2024\/07\/newgaro-creation-hommage-a-claude-nougaro.jpg\" data-src=\"https:\/\/images.ladepeche.fr\/api\/v1\/images\/view\/6465e6ff75c909686f4c1e99\/large\/image.jpg?v=1\" alt=\"La voix unique de Pi Djob, &quot;une dynamite musicale&quot;.\" class=\"responsive-img\">  <\/figure>\n<\/p><\/div>\n<div class=\"article__content\">\n<p class=\"article__chapo hide-on-med-and-down\"> Le Festival Eclats de Voix fid\u00e8le \u00e0 sa devise: \u00ab\u00a0originalit\u00e9, excellence et \u00e9clectisme\u00a0\u00bb, propose 7&#8230; <\/p>\n<\/p><\/div>\n<\/article>\n<article class=\"article article--vertical article--vertical-wide\">\n<div class=\"article__media\">\n<figure class=\"ratio ratio-standard ratio-large--xl\">   <img decoding=\"async\" src=\"https:\/\/www.festivox.fr\/blog\/wp-content\/uploads\/2024\/07\/newgaro-creation-hommage-a-claude-nougaro.jpg\" class=\"responsive-img\">  <\/figure>\n<\/p><\/div>\n<div class=\"article__content\">\n<p class=\"article__chapo hide-on-med-and-down\"> Depuis plus 50 ans, Les Nuits Musicales en Armagnac (NMA) font honneur \u00e0 l&rsquo;art lyrique sous&#8230; <\/p>\n<\/p><\/div>\n<\/article>\n<article class=\"article article--vertical article--vertical-wide\">\n<div class=\"article__media\">\n<figure class=\"ratio ratio-standard ratio-large--xl\">   <img decoding=\"async\" src=\"https:\/\/www.festivox.fr\/blog\/wp-content\/uploads\/2024\/07\/newgaro-creation-hommage-a-claude-nougaro.jpg\" data-src=\"https:\/\/images.ladepeche.fr\/api\/v1\/images\/view\/6465e6fe001a0a77c277a795\/large\/image.jpg?v=1\" alt=\"Mc Solaar \u00e0 l'affiche de la soir\u00e9e d'ouverture de JIM le 20 juillet.\" class=\"responsive-img\">  <\/figure>\n<\/p><\/div>\n<div class=\"article__content\">\n<p class=\"article__chapo hide-on-med-and-down\"> Pour sa 45\u00e8me \u00e9dition le festival Jazz in Marciac (JIM) ne propose pas moins de 17 soir\u00e9es sous&#8230; <\/p>\n<\/p><\/div>\n<\/article>\n<article class=\"article article--vertical article--vertical-wide\">\n<div class=\"article__media\">\n<figure class=\"ratio ratio-standard ratio-large--xl\">   <img decoding=\"async\" src=\"https:\/\/www.festivox.fr\/blog\/wp-content\/uploads\/2024\/07\/newgaro-creation-hommage-a-claude-nougaro.jpg\" data-src=\"https:\/\/images.ladepeche.fr\/api\/v1\/images\/view\/6465e6ffa383617017093407\/large\/image.jpg?v=1\" alt=\"Bernard Lavilliers, le salsero \u00e0 l'affiche le dimanche soir.\" class=\"responsive-img\">  <\/figure>\n<\/p><\/div>\n<div class=\"article__content\">\n<p class=\"article__chapo hide-on-med-and-down\"> C\u2019est sous les palmiers et sur le sable tropical de sa \u00ab\u00a0conga\u00a0\u00bb que Tempo Latino donnera le top&#8230; <\/p>\n<\/p><\/div>\n<\/article>\n<article class=\"article article--vertical article--vertical-wide\">\n<div class=\"article__media\">\n<figure class=\"ratio ratio-standard ratio-large--xl\">   <img decoding=\"async\" src=\"https:\/\/www.festivox.fr\/blog\/wp-content\/uploads\/2024\/07\/newgaro-creation-hommage-a-claude-nougaro.jpg\" data-src=\"https:\/\/images.ladepeche.fr\/api\/v1\/images\/view\/6465e6fde254e360eb0252b0\/large\/image.jpg?v=1\" alt=\"Au festival d'Artagnan, les enfants croisent l'\u00e9p\u00e9e avec celle de Mousquetaires.\" class=\"responsive-img\">  <\/figure>\n<\/p><\/div>\n<div class=\"article__content\">\n<p class=\"article__chapo hide-on-med-and-down\"> On nous annonce que d&rsquo;Artagnan serait mort il y a 350 ans. Au si\u00e8ge de Maastricht en Hollande,&#8230; <\/p>\n<\/p><\/div>\n<\/article>\n<article class=\"article article--vertical article--vertical-wide\">\n<div class=\"article__media\">\n<figure class=\"ratio ratio-standard ratio-large--xl\">   <img decoding=\"async\" src=\"https:\/\/www.festivox.fr\/blog\/wp-content\/uploads\/2024\/07\/newgaro-creation-hommage-a-claude-nougaro.jpg\" data-src=\"https:\/\/images.ladepeche.fr\/api\/v1\/images\/view\/6465e6fdc7f68603b8345014\/large\/image.jpg?v=1\" alt=\"L'excellent Melon de Lectoure m\u00e9rite bien la f\u00eate qui lui fait honneur chaque \u00e9t\u00e9.\" class=\"responsive-img\">  <\/figure>\n<\/p><\/div>\n<div class=\"article__content\">\n<p class=\"article__chapo hide-on-med-and-down\"> Le Melon de Lectoure met la ville en f\u00eate chaque \u00e9t\u00e9. Cette ann\u00e9e, rendez-vous est donn\u00e9 le&#8230; <\/p>\n<\/p><\/div>\n<\/article>\n<article class=\"article article--vertical article--vertical-wide\">\n<div class=\"article__media\">\n<figure class=\"ratio ratio-standard ratio-large--xl\">   <img decoding=\"async\" src=\"https:\/\/www.festivox.fr\/blog\/wp-content\/uploads\/2024\/07\/newgaro-creation-hommage-a-claude-nougaro.jpg\" data-src=\"https:\/\/images.ladepeche.fr\/api\/v1\/images\/view\/6465e6fe5af3c075c21a364f\/large\/image.jpg?v=1\" alt=\"Les Booze Brothers \u00e0 l'affiche le samedi.\" class=\"responsive-img\">  <\/figure>\n<\/p><\/div>\n<div class=\"article__content\">\n<p class=\"article__chapo hide-on-med-and-down\"> Les 16, 17 et 18 juin, Sarrant l&rsquo;un des Plus beaux Villages de France sera plus beau encore dans&#8230; <\/p>\n<\/p><\/div>\n<\/article>\n<article class=\"article article--vertical article--vertical-wide\">\n<div class=\"article__media\">\n<figure class=\"ratio ratio-standard ratio-large--xl\">   <img decoding=\"async\" src=\"https:\/\/www.festivox.fr\/blog\/wp-content\/uploads\/2024\/07\/newgaro-creation-hommage-a-claude-nougaro.jpg\" data-src=\"https:\/\/images.ladepeche.fr\/api\/v1\/images\/view\/6465e6fb76999a1ee552b7e9\/large\/image.jpg?v=1\" alt=\"Le n\u00eemois El Rafi \u00e0 l'affiche le 8 juillet \u00e0 Eauze, photographi\u00e9 ici lors d\u2019une sortie &quot;\u00e0 hombros&quot; des ar\u00e8nes de N\u00eemes.\" class=\"responsive-img\">  <\/figure>\n<\/p><\/div>\n<div class=\"article__content\">\n<p class=\"article__chapo hide-on-med-and-down\"> Chaque ann\u00e9e en juillet (du 7 au 11 cette fois), Eauze propose sa f\u00eate-feria \u00e0 l\u2019occasion de&#8230; <\/p>\n<\/p><\/div>\n<\/article>\n<article class=\"article article--vertical article--vertical-wide\">\n<div class=\"article__media\">\n<figure class=\"ratio ratio-standard ratio-large--xl\">   <img decoding=\"async\" src=\"https:\/\/www.festivox.fr\/blog\/wp-content\/uploads\/2024\/07\/newgaro-creation-hommage-a-claude-nougaro.jpg\" data-src=\"https:\/\/images.ladepeche.fr\/api\/v1\/images\/view\/6465e6fcc7f68603b8345012\/large\/image.jpg?v=1\" alt=\"A Country in Mirande on y danse aussi.\" class=\"responsive-img\">  <\/figure>\n<\/p><\/div>\n<div class=\"article__content\">\n<p class=\"article__chapo hide-on-med-and-down\"> A Mirande, la country a chauss\u00e9 ses santiags et coiff\u00e9 ses stetsons en juillet 1993 avec&#8230; <\/p>\n<\/p><\/div>\n<\/article>\n<article class=\"article article--vertical article--vertical-wide\">\n<div class=\"article__media\">\n<figure class=\"ratio ratio-standard ratio-large--xl\">   <img decoding=\"async\" src=\"https:\/\/www.festivox.fr\/blog\/wp-content\/uploads\/2024\/07\/newgaro-creation-hommage-a-claude-nougaro.jpg\" data-src=\"https:\/\/images.ladepeche.fr\/api\/v1\/images\/view\/6465e6fd35e52049696e470e\/large\/image.png?v=1\" alt=\"Ch\u00e2teau Montus, superbe \u00e9crin pour Les Nuits Imp\u00e9riales.\" class=\"responsive-img\">  <\/figure>\n<\/p><\/div>\n<div class=\"article__content\">\n<p class=\"article__chapo hide-on-med-and-down\"> Alain et Laurence Brumont vont \u00e9tancher notre soif&#8230; Soif de retourner au splendide Ch\u00e2teau&#8230; <\/p>\n<\/p><\/div>\n<\/article>\n<article class=\"article article--vertical article--vertical-wide\">\n<div class=\"article__media\">\n<figure class=\"ratio ratio-standard ratio-large--xl\">   <img decoding=\"async\" src=\"https:\/\/www.festivox.fr\/blog\/wp-content\/uploads\/2024\/07\/newgaro-creation-hommage-a-claude-nougaro.jpg\" data-src=\"https:\/\/images.ladepeche.fr\/api\/v1\/images\/view\/6465e6fcd1b01e150a014d9d\/large\/image.jpg?v=1\" alt=\"Les Feux de Gascogne embrasent le ciel de l\u2019Isle-de-No\u00e9.\" class=\"responsive-img\">  <\/figure>\n<\/p><\/div>\n<div class=\"article__content\">\n<p class=\"article__chapo hide-on-med-and-down\"> Le samedi 5 ao\u00fbt en soir\u00e9e avec la 3\u00e8me \u00e9dition de son festival pyrotechnique \u00ab\u00a0Les Feux de&#8230; <\/p>\n<\/p><\/div>\n<\/article>\n<article class=\"article article--vertical article--vertical-wide\">\n<div class=\"article__media\">\n<figure class=\"ratio ratio-standard ratio-large--xl\">   <img decoding=\"async\" src=\"https:\/\/www.festivox.fr\/blog\/wp-content\/uploads\/2024\/07\/newgaro-creation-hommage-a-claude-nougaro.jpg\" class=\"responsive-img\">  <\/figure>\n<\/p><\/div>\n<div class=\"article__content\">\n<p class=\"article__chapo hide-on-med-and-down\"> Co-pr\u00e9sident du festival, Gilles Boyer l\u2019a d\u00e9couvert \u00e0 l\u2019adolescence avec \u00ab\u00a0les copains et&#8230; <\/p>\n<\/p><\/div>\n<\/article>\n<article class=\"article article--vertical article--vertical-wide\">\n<div class=\"article__media\">\n<figure class=\"ratio ratio-standard ratio-large--xl\">   <img decoding=\"async\" src=\"https:\/\/www.festivox.fr\/blog\/wp-content\/uploads\/2024\/07\/newgaro-creation-hommage-a-claude-nougaro.jpg\" data-src=\"https:\/\/images.ladepeche.fr\/api\/v1\/images\/view\/6454c15f5e47c0248e49add7\/large\/image.jpg?v=1\" alt=\"La &quot;jolie f\u00eate&quot; f\u00eate ses 50 ans.\" class=\"responsive-img\">  <\/figure>\n<\/p><\/div>\n<div class=\"article__content\">\n<p class=\"article__chapo hide-on-med-and-down\"> \u00ab\u00a0Faites-nous une jolie f\u00eate!\u00a0\u00bb. C\u2019est sur ces bonnes paroles du maire d\u2019alors Abel Abeilh\u00e9 qu\u2019une&#8230; <\/p>\n<\/p><\/div>\n<\/article>\n<article class=\"article article--vertical article--vertical-wide\">\n<div class=\"article__media\">\n<figure class=\"ratio ratio-standard ratio-large--xl\">   <img decoding=\"async\" src=\"https:\/\/www.festivox.fr\/blog\/wp-content\/uploads\/2024\/07\/newgaro-creation-hommage-a-claude-nougaro.jpg\" class=\"responsive-img\">  <\/figure>\n<\/p><\/div>\n<div class=\"article__content\">\n<p class=\"article__chapo hide-on-med-and-down\"> L\u2019association \u00ab\u00a0Festival Europ\u00e9en des Bandas y Pe\u00f1as\u00a0\u00bb est signataire avec la pr\u00e9fecture de la&#8230; <\/p>\n<\/p><\/div>\n<\/article>\n<article class=\"article article--vertical article--vertical-wide\">\n<div class=\"article__media\">\n<figure class=\"ratio ratio-standard ratio-large--xl\">   <img decoding=\"async\" src=\"https:\/\/www.festivox.fr\/blog\/wp-content\/uploads\/2024\/07\/newgaro-creation-hommage-a-claude-nougaro.jpg\" class=\"responsive-img\">  <\/figure>\n<\/p><\/div>\n<div class=\"article__content\">\n<p class=\"article__chapo hide-on-med-and-down\"> Avec un budget de l\u2019ordre du million d\u2019euros, avec tout son imposant bataillon de b\u00e9n\u00e9voles pour&#8230; <\/p>\n<\/p><\/div>\n<\/article>\n<article class=\"article article--vertical article--vertical-wide\">\n<div class=\"article__media\">\n<figure class=\"ratio ratio-standard ratio-large--xl\">   <img decoding=\"async\" src=\"https:\/\/www.festivox.fr\/blog\/wp-content\/uploads\/2024\/07\/newgaro-creation-hommage-a-claude-nougaro.jpg\" data-src=\"https:\/\/images.ladepeche.fr\/api\/v1\/images\/view\/6454c15f004613434f3d4889\/large\/image.jpg?v=1\" alt=\"La course landaise, un spectacle tout public qui s\u2019accommode bien de la musique festive des bandas.\" class=\"responsive-img\">  <\/figure>\n<\/p><\/div>\n<div class=\"article__content\">\n<p class=\"article__chapo hide-on-med-and-down\"> Le samedi, \u00e0 15 h, aux ar\u00e8nes de l\u2019Espace Rive Gauche : Ce sport-spectacle gascon est anim\u00e9,&#8230; <\/p>\n<\/p><\/div>\n<\/article>\n<article class=\"article article--vertical article--vertical-wide\">\n<div class=\"article__media\">\n<figure class=\"ratio ratio-standard ratio-large--xl\">   <img decoding=\"async\" src=\"https:\/\/www.festivox.fr\/blog\/wp-content\/uploads\/2024\/07\/newgaro-creation-hommage-a-claude-nougaro.jpg\" class=\"responsive-img\">  <\/figure>\n<\/p><\/div>\n<div class=\"article__content\">\n<p class=\"article__chapo hide-on-med-and-down\"> Vendredi 12 mai- 18 h 30 : Ouverture du Festival et remise symbolique des cl\u00e9s de la ville aux&#8230; <\/p>\n<\/p><\/div>\n<\/article>\n<article class=\"article article--vertical article--vertical-wide\">\n<div class=\"article__media\">\n<figure class=\"ratio ratio-standard ratio-large--xl\">   <img decoding=\"async\" src=\"https:\/\/www.festivox.fr\/blog\/wp-content\/uploads\/2024\/07\/newgaro-creation-hommage-a-claude-nougaro.jpg\" class=\"responsive-img\">  <\/figure>\n<\/p><\/div>\n<div class=\"article__content\">\n<p class=\"article__chapo hide-on-med-and-down\"> Palme d\u2019Or 2022, Les Ronceros venus d\u2019Espagne remettent leur troph\u00e9e en jeu comme Mescladis, la&#8230; <\/p>\n<\/p><\/div>\n<\/article>\n<article class=\"article article--vertical article--vertical-wide\">\n<div class=\"article__media\">\n<figure class=\"ratio ratio-standard ratio-large--xl\">   <img decoding=\"async\" src=\"https:\/\/www.festivox.fr\/blog\/wp-content\/uploads\/2024\/07\/newgaro-creation-hommage-a-claude-nougaro.jpg\" data-src=\"https:\/\/images.ladepeche.fr\/api\/v1\/images\/view\/64382a51fe51104ea12b00ab\/large\/image.jpg?v=1\" alt=\"Florian Calvez : &quot;Welcome in Tziganie est un festival pluridisciplinaire \u00e0 taille humaine&quot;.\" class=\"responsive-img\">  <\/figure>\n<\/p><\/div>\n<div class=\"article__content\">\n<p class=\"article__chapo hide-on-med-and-down\"> Le festival Welcome in Tziganie (WiT) vous invite, du 28 au 30 avril \u00e0 Seissan dans le Gers&#8230;. <\/p>\n<\/p><\/div>\n<\/article>\n<article class=\"article article--vertical article--vertical-wide\">\n<div class=\"article__media\">\n<figure class=\"ratio ratio-standard ratio-large--xl\">   <img decoding=\"async\" src=\"https:\/\/www.festivox.fr\/blog\/wp-content\/uploads\/2024\/07\/newgaro-creation-hommage-a-claude-nougaro.jpg\" class=\"responsive-img\">  <\/figure>\n<\/p><\/div>\n<div class=\"article__content\">\n<p class=\"article__chapo hide-on-med-and-down\"> Florian Calvez invite, incite tout un chacun \u00e0 faire preuve \u00ab\u00a0de curiosit\u00e9\u00a0\u00bb en venant d\u00e9couvrir&#8230; <\/p>\n<\/p><\/div>\n<\/article>\n<article class=\"article article--vertical article--vertical-wide\">\n<div class=\"article__media\">\n<figure class=\"ratio ratio-standard ratio-large--xl\">   <img decoding=\"async\" src=\"https:\/\/www.festivox.fr\/blog\/wp-content\/uploads\/2024\/07\/newgaro-creation-hommage-a-claude-nougaro.jpg\" class=\"responsive-img\">  <\/figure>\n<\/p><\/div>\n<div class=\"article__content\">\n<p class=\"article__chapo hide-on-med-and-down\"> Dans le parc du th\u00e9\u00e2tre de verdure, le Festival Off en acc\u00e8s gratuit de 12 heures \u00e0 20 heures,&#8230; <\/p>\n<\/p><\/div>\n<\/article>\n<\/section><\/div>\n<\/p><\/div>\n<\/div>\n<footer class=\"main-footer\"> <\/footer>\n<p>  Cet article, qui traite du th\u00e8me \u00ab\u00a0Festival Jazz et musique en mode guinguette\u00a0\u00bb, vous est d\u00e9lib\u00e9r\u00e9ment offert par festivox.fr. La raison d\u2019\u00eatre de festivox.fr est de parler de Festival Jazz et musique en mode guinguette dans la transparence la plus g\u00e9n\u00e9rale en vous procurant la visibilit\u00e9 de tout ce qui est publi\u00e9 sur ce sujet sur le web La chronique a \u00e9t\u00e9 g\u00e9n\u00e9r\u00e9e de la mani\u00e8re la plus honn\u00eate que possible. S\u2019il advenait que vous projetez d\u2019apporter quelques notes concernant le domaine de \u00ab\u00a0Festival Jazz et musique en mode guinguette\u00a0\u00bb vous avez la possibilit\u00e9 de d&rsquo;\u00e9changer avec notre r\u00e9daction. Dans peu de temps, on mettra en ligne d&rsquo;autres informations pertinentes autour du sujet \u00ab\u00a0Festival Jazz et musique en mode guinguette\u00a0\u00bb. Ainsi, consultez r\u00e9guli\u00e8rement notre site.<\/p>\n","protected":false},"excerpt":{"rendered":"<p>New\u2019Garo Cr\u00e9ation hommage \u00e0 Claude Nougaro &#8211; ladepeche.fr l&rsquo;essentiel Le chanteur et po\u00e8te toulousain a fait aimer le jazz, les rythmes latinos, les beaux et bons mots et sa ville rose. Vingt ans apr\u00e8s sa disparition, un casting trois \u00e9toiles va rendre, le 27 juillet, un hommage g\u00e9n\u00e9reux et chaleureux au Petit Taureau du midi.&hellip;<\/p>\n","protected":false},"author":1,"featured_media":948,"comment_status":"closed","ping_status":"closed","sticky":false,"template":"","format":"standard","meta":{"footnotes":""},"categories":[3],"tags":[],"class_list":["post-947","post","type-post","status-publish","format-standard","has-post-thumbnail","hentry","category-wiki-sur-festival-jazz-et-musique-en-mode-guinguette"],"yoast_head":"<!-- This site is optimized with the Yoast SEO plugin v27.5 - https:\/\/yoast.com\/product\/yoast-seo-wordpress\/ -->\n<title>New\u2019Garo Cr\u00e9ation hommage \u00e0 Claude Nougaro - FESTIVOX<\/title>\n<meta name=\"robots\" content=\"index, follow, max-snippet:-1, max-image-preview:large, max-video-preview:-1\" \/>\n<link rel=\"canonical\" href=\"https:\/\/www.festivox.fr\/blog\/newgaro-creation-hommage-a-claude-nougaro\/\" \/>\n<meta property=\"og:locale\" content=\"fr_FR\" \/>\n<meta property=\"og:type\" content=\"article\" \/>\n<meta property=\"og:title\" content=\"New\u2019Garo Cr\u00e9ation hommage \u00e0 Claude Nougaro - FESTIVOX\" \/>\n<meta property=\"og:description\" content=\"New\u2019Garo Cr\u00e9ation hommage \u00e0 Claude Nougaro &#8211; ladepeche.fr l&rsquo;essentiel Le chanteur et po\u00e8te toulousain a fait aimer le jazz, les rythmes latinos, les beaux et bons mots et sa ville rose. Vingt ans apr\u00e8s sa disparition, un casting trois \u00e9toiles va rendre, le 27 juillet, un hommage g\u00e9n\u00e9reux et chaleureux au Petit Taureau du midi.&hellip;\" \/>\n<meta property=\"og:url\" content=\"https:\/\/www.festivox.fr\/blog\/newgaro-creation-hommage-a-claude-nougaro\/\" \/>\n<meta property=\"og:site_name\" content=\"FESTIVOX\" \/>\n<meta property=\"article:published_time\" content=\"2024-07-02T17:37:00+00:00\" \/>\n<meta property=\"og:image\" content=\"https:\/\/www.festivox.fr\/blog\/wp-content\/uploads\/2024\/07\/newgaro-creation-hommage-a-claude-nougaro.gif\" \/>\n<meta name=\"author\" content=\"Michele\" \/>\n<meta name=\"twitter:card\" content=\"summary_large_image\" \/>\n<meta name=\"twitter:label1\" content=\"\u00c9crit par\" \/>\n\t<meta name=\"twitter:data1\" content=\"Michele\" \/>\n\t<meta name=\"twitter:label2\" content=\"Dur\u00e9e de lecture estim\u00e9e\" \/>\n\t<meta name=\"twitter:data2\" content=\"7 minutes\" \/>\n<script type=\"application\/ld+json\" class=\"yoast-schema-graph\">{\"@context\":\"https:\\\/\\\/schema.org\",\"@graph\":[{\"@type\":\"Article\",\"@id\":\"https:\\\/\\\/www.festivox.fr\\\/blog\\\/newgaro-creation-hommage-a-claude-nougaro\\\/#article\",\"isPartOf\":{\"@id\":\"https:\\\/\\\/www.festivox.fr\\\/blog\\\/newgaro-creation-hommage-a-claude-nougaro\\\/\"},\"author\":{\"name\":\"Michele\",\"@id\":\"https:\\\/\\\/www.festivox.fr\\\/blog\\\/#\\\/schema\\\/person\\\/f36a8b6bc94800c3eafed4bca993ce95\"},\"headline\":\"New\u2019Garo Cr\u00e9ation hommage \u00e0 Claude Nougaro\",\"datePublished\":\"2024-07-02T17:37:00+00:00\",\"mainEntityOfPage\":{\"@id\":\"https:\\\/\\\/www.festivox.fr\\\/blog\\\/newgaro-creation-hommage-a-claude-nougaro\\\/\"},\"wordCount\":1496,\"publisher\":{\"@id\":\"https:\\\/\\\/www.festivox.fr\\\/blog\\\/#organization\"},\"image\":{\"@id\":\"https:\\\/\\\/www.festivox.fr\\\/blog\\\/newgaro-creation-hommage-a-claude-nougaro\\\/#primaryimage\"},\"thumbnailUrl\":\"https:\\\/\\\/www.festivox.fr\\\/blog\\\/wp-content\\\/uploads\\\/2024\\\/07\\\/newgaro-creation-hommage-a-claude-nougaro.gif\",\"articleSection\":[\"Wiki Sur Festival Jazz Et Musique En Mode Guinguette:\"],\"inLanguage\":\"fr-FR\"},{\"@type\":\"WebPage\",\"@id\":\"https:\\\/\\\/www.festivox.fr\\\/blog\\\/newgaro-creation-hommage-a-claude-nougaro\\\/\",\"url\":\"https:\\\/\\\/www.festivox.fr\\\/blog\\\/newgaro-creation-hommage-a-claude-nougaro\\\/\",\"name\":\"New\u2019Garo Cr\u00e9ation hommage \u00e0 Claude Nougaro - FESTIVOX\",\"isPartOf\":{\"@id\":\"https:\\\/\\\/www.festivox.fr\\\/blog\\\/#website\"},\"primaryImageOfPage\":{\"@id\":\"https:\\\/\\\/www.festivox.fr\\\/blog\\\/newgaro-creation-hommage-a-claude-nougaro\\\/#primaryimage\"},\"image\":{\"@id\":\"https:\\\/\\\/www.festivox.fr\\\/blog\\\/newgaro-creation-hommage-a-claude-nougaro\\\/#primaryimage\"},\"thumbnailUrl\":\"https:\\\/\\\/www.festivox.fr\\\/blog\\\/wp-content\\\/uploads\\\/2024\\\/07\\\/newgaro-creation-hommage-a-claude-nougaro.gif\",\"datePublished\":\"2024-07-02T17:37:00+00:00\",\"breadcrumb\":{\"@id\":\"https:\\\/\\\/www.festivox.fr\\\/blog\\\/newgaro-creation-hommage-a-claude-nougaro\\\/#breadcrumb\"},\"inLanguage\":\"fr-FR\",\"potentialAction\":[{\"@type\":\"ReadAction\",\"target\":[\"https:\\\/\\\/www.festivox.fr\\\/blog\\\/newgaro-creation-hommage-a-claude-nougaro\\\/\"]}]},{\"@type\":\"ImageObject\",\"inLanguage\":\"fr-FR\",\"@id\":\"https:\\\/\\\/www.festivox.fr\\\/blog\\\/newgaro-creation-hommage-a-claude-nougaro\\\/#primaryimage\",\"url\":\"https:\\\/\\\/www.festivox.fr\\\/blog\\\/wp-content\\\/uploads\\\/2024\\\/07\\\/newgaro-creation-hommage-a-claude-nougaro.gif\",\"contentUrl\":\"https:\\\/\\\/www.festivox.fr\\\/blog\\\/wp-content\\\/uploads\\\/2024\\\/07\\\/newgaro-creation-hommage-a-claude-nougaro.gif\",\"width\":1,\"height\":1},{\"@type\":\"BreadcrumbList\",\"@id\":\"https:\\\/\\\/www.festivox.fr\\\/blog\\\/newgaro-creation-hommage-a-claude-nougaro\\\/#breadcrumb\",\"itemListElement\":[{\"@type\":\"ListItem\",\"position\":1,\"name\":\"Accueil\",\"item\":\"https:\\\/\\\/www.festivox.fr\\\/blog\\\/\"},{\"@type\":\"ListItem\",\"position\":2,\"name\":\"New\u2019Garo Cr\u00e9ation hommage \u00e0 Claude Nougaro\"}]},{\"@type\":\"WebSite\",\"@id\":\"https:\\\/\\\/www.festivox.fr\\\/blog\\\/#website\",\"url\":\"https:\\\/\\\/www.festivox.fr\\\/blog\\\/\",\"name\":\"FESTIVOX\",\"description\":\"Festival en mode guinguette.\",\"publisher\":{\"@id\":\"https:\\\/\\\/www.festivox.fr\\\/blog\\\/#organization\"},\"potentialAction\":[{\"@type\":\"SearchAction\",\"target\":{\"@type\":\"EntryPoint\",\"urlTemplate\":\"https:\\\/\\\/www.festivox.fr\\\/blog\\\/?s={search_term_string}\"},\"query-input\":{\"@type\":\"PropertyValueSpecification\",\"valueRequired\":true,\"valueName\":\"search_term_string\"}}],\"inLanguage\":\"fr-FR\"},{\"@type\":\"Organization\",\"@id\":\"https:\\\/\\\/www.festivox.fr\\\/blog\\\/#organization\",\"name\":\"festivox\",\"url\":\"https:\\\/\\\/www.festivox.fr\\\/blog\\\/\",\"logo\":{\"@type\":\"ImageObject\",\"inLanguage\":\"fr-FR\",\"@id\":\"https:\\\/\\\/www.festivox.fr\\\/blog\\\/#\\\/schema\\\/logo\\\/image\\\/\",\"url\":\"https:\\\/\\\/www.festivox.fr\\\/blog\\\/wp-content\\\/uploads\\\/2023\\\/06\\\/logo-2.png\",\"contentUrl\":\"https:\\\/\\\/www.festivox.fr\\\/blog\\\/wp-content\\\/uploads\\\/2023\\\/06\\\/logo-2.png\",\"width\":480,\"height\":160,\"caption\":\"festivox\"},\"image\":{\"@id\":\"https:\\\/\\\/www.festivox.fr\\\/blog\\\/#\\\/schema\\\/logo\\\/image\\\/\"}},{\"@type\":\"Person\",\"@id\":\"https:\\\/\\\/www.festivox.fr\\\/blog\\\/#\\\/schema\\\/person\\\/f36a8b6bc94800c3eafed4bca993ce95\",\"name\":\"Michele\",\"image\":{\"@type\":\"ImageObject\",\"inLanguage\":\"fr-FR\",\"@id\":\"https:\\\/\\\/secure.gravatar.com\\\/avatar\\\/b062046536b5d47ec9075956ec349ef95ed06b0f910c578f74abb318668b702e?s=96&d=mm&r=g\",\"url\":\"https:\\\/\\\/secure.gravatar.com\\\/avatar\\\/b062046536b5d47ec9075956ec349ef95ed06b0f910c578f74abb318668b702e?s=96&d=mm&r=g\",\"contentUrl\":\"https:\\\/\\\/secure.gravatar.com\\\/avatar\\\/b062046536b5d47ec9075956ec349ef95ed06b0f910c578f74abb318668b702e?s=96&d=mm&r=g\",\"caption\":\"Michele\"},\"sameAs\":[\"https:\\\/\\\/www.festivox.fr\\\/blog\"],\"url\":\"https:\\\/\\\/www.festivox.fr\\\/blog\\\/author\\\/voxadmin\\\/\"}]}<\/script>\n<!-- \/ Yoast SEO plugin. -->","yoast_head_json":{"title":"New\u2019Garo Cr\u00e9ation hommage \u00e0 Claude Nougaro - FESTIVOX","robots":{"index":"index","follow":"follow","max-snippet":"max-snippet:-1","max-image-preview":"max-image-preview:large","max-video-preview":"max-video-preview:-1"},"canonical":"https:\/\/www.festivox.fr\/blog\/newgaro-creation-hommage-a-claude-nougaro\/","og_locale":"fr_FR","og_type":"article","og_title":"New\u2019Garo Cr\u00e9ation hommage \u00e0 Claude Nougaro - FESTIVOX","og_description":"New\u2019Garo Cr\u00e9ation hommage \u00e0 Claude Nougaro &#8211; ladepeche.fr l&rsquo;essentiel Le chanteur et po\u00e8te toulousain a fait aimer le jazz, les rythmes latinos, les beaux et bons mots et sa ville rose. Vingt ans apr\u00e8s sa disparition, un casting trois \u00e9toiles va rendre, le 27 juillet, un hommage g\u00e9n\u00e9reux et chaleureux au Petit Taureau du midi.&hellip;","og_url":"https:\/\/www.festivox.fr\/blog\/newgaro-creation-hommage-a-claude-nougaro\/","og_site_name":"FESTIVOX","article_published_time":"2024-07-02T17:37:00+00:00","og_image":[{"url":"https:\/\/www.festivox.fr\/blog\/wp-content\/uploads\/2024\/07\/newgaro-creation-hommage-a-claude-nougaro.gif","type":"","width":"","height":""}],"author":"Michele","twitter_card":"summary_large_image","twitter_misc":{"\u00c9crit par":"Michele","Dur\u00e9e de lecture estim\u00e9e":"7 minutes"},"schema":{"@context":"https:\/\/schema.org","@graph":[{"@type":"Article","@id":"https:\/\/www.festivox.fr\/blog\/newgaro-creation-hommage-a-claude-nougaro\/#article","isPartOf":{"@id":"https:\/\/www.festivox.fr\/blog\/newgaro-creation-hommage-a-claude-nougaro\/"},"author":{"name":"Michele","@id":"https:\/\/www.festivox.fr\/blog\/#\/schema\/person\/f36a8b6bc94800c3eafed4bca993ce95"},"headline":"New\u2019Garo Cr\u00e9ation hommage \u00e0 Claude Nougaro","datePublished":"2024-07-02T17:37:00+00:00","mainEntityOfPage":{"@id":"https:\/\/www.festivox.fr\/blog\/newgaro-creation-hommage-a-claude-nougaro\/"},"wordCount":1496,"publisher":{"@id":"https:\/\/www.festivox.fr\/blog\/#organization"},"image":{"@id":"https:\/\/www.festivox.fr\/blog\/newgaro-creation-hommage-a-claude-nougaro\/#primaryimage"},"thumbnailUrl":"https:\/\/www.festivox.fr\/blog\/wp-content\/uploads\/2024\/07\/newgaro-creation-hommage-a-claude-nougaro.gif","articleSection":["Wiki Sur Festival Jazz Et Musique En Mode Guinguette:"],"inLanguage":"fr-FR"},{"@type":"WebPage","@id":"https:\/\/www.festivox.fr\/blog\/newgaro-creation-hommage-a-claude-nougaro\/","url":"https:\/\/www.festivox.fr\/blog\/newgaro-creation-hommage-a-claude-nougaro\/","name":"New\u2019Garo Cr\u00e9ation hommage \u00e0 Claude Nougaro - FESTIVOX","isPartOf":{"@id":"https:\/\/www.festivox.fr\/blog\/#website"},"primaryImageOfPage":{"@id":"https:\/\/www.festivox.fr\/blog\/newgaro-creation-hommage-a-claude-nougaro\/#primaryimage"},"image":{"@id":"https:\/\/www.festivox.fr\/blog\/newgaro-creation-hommage-a-claude-nougaro\/#primaryimage"},"thumbnailUrl":"https:\/\/www.festivox.fr\/blog\/wp-content\/uploads\/2024\/07\/newgaro-creation-hommage-a-claude-nougaro.gif","datePublished":"2024-07-02T17:37:00+00:00","breadcrumb":{"@id":"https:\/\/www.festivox.fr\/blog\/newgaro-creation-hommage-a-claude-nougaro\/#breadcrumb"},"inLanguage":"fr-FR","potentialAction":[{"@type":"ReadAction","target":["https:\/\/www.festivox.fr\/blog\/newgaro-creation-hommage-a-claude-nougaro\/"]}]},{"@type":"ImageObject","inLanguage":"fr-FR","@id":"https:\/\/www.festivox.fr\/blog\/newgaro-creation-hommage-a-claude-nougaro\/#primaryimage","url":"https:\/\/www.festivox.fr\/blog\/wp-content\/uploads\/2024\/07\/newgaro-creation-hommage-a-claude-nougaro.gif","contentUrl":"https:\/\/www.festivox.fr\/blog\/wp-content\/uploads\/2024\/07\/newgaro-creation-hommage-a-claude-nougaro.gif","width":1,"height":1},{"@type":"BreadcrumbList","@id":"https:\/\/www.festivox.fr\/blog\/newgaro-creation-hommage-a-claude-nougaro\/#breadcrumb","itemListElement":[{"@type":"ListItem","position":1,"name":"Accueil","item":"https:\/\/www.festivox.fr\/blog\/"},{"@type":"ListItem","position":2,"name":"New\u2019Garo Cr\u00e9ation hommage \u00e0 Claude Nougaro"}]},{"@type":"WebSite","@id":"https:\/\/www.festivox.fr\/blog\/#website","url":"https:\/\/www.festivox.fr\/blog\/","name":"FESTIVOX","description":"Festival en mode guinguette.","publisher":{"@id":"https:\/\/www.festivox.fr\/blog\/#organization"},"potentialAction":[{"@type":"SearchAction","target":{"@type":"EntryPoint","urlTemplate":"https:\/\/www.festivox.fr\/blog\/?s={search_term_string}"},"query-input":{"@type":"PropertyValueSpecification","valueRequired":true,"valueName":"search_term_string"}}],"inLanguage":"fr-FR"},{"@type":"Organization","@id":"https:\/\/www.festivox.fr\/blog\/#organization","name":"festivox","url":"https:\/\/www.festivox.fr\/blog\/","logo":{"@type":"ImageObject","inLanguage":"fr-FR","@id":"https:\/\/www.festivox.fr\/blog\/#\/schema\/logo\/image\/","url":"https:\/\/www.festivox.fr\/blog\/wp-content\/uploads\/2023\/06\/logo-2.png","contentUrl":"https:\/\/www.festivox.fr\/blog\/wp-content\/uploads\/2023\/06\/logo-2.png","width":480,"height":160,"caption":"festivox"},"image":{"@id":"https:\/\/www.festivox.fr\/blog\/#\/schema\/logo\/image\/"}},{"@type":"Person","@id":"https:\/\/www.festivox.fr\/blog\/#\/schema\/person\/f36a8b6bc94800c3eafed4bca993ce95","name":"Michele","image":{"@type":"ImageObject","inLanguage":"fr-FR","@id":"https:\/\/secure.gravatar.com\/avatar\/b062046536b5d47ec9075956ec349ef95ed06b0f910c578f74abb318668b702e?s=96&d=mm&r=g","url":"https:\/\/secure.gravatar.com\/avatar\/b062046536b5d47ec9075956ec349ef95ed06b0f910c578f74abb318668b702e?s=96&d=mm&r=g","contentUrl":"https:\/\/secure.gravatar.com\/avatar\/b062046536b5d47ec9075956ec349ef95ed06b0f910c578f74abb318668b702e?s=96&d=mm&r=g","caption":"Michele"},"sameAs":["https:\/\/www.festivox.fr\/blog"],"url":"https:\/\/www.festivox.fr\/blog\/author\/voxadmin\/"}]}},"_links":{"self":[{"href":"https:\/\/www.festivox.fr\/blog\/wp-json\/wp\/v2\/posts\/947","targetHints":{"allow":["GET"]}}],"collection":[{"href":"https:\/\/www.festivox.fr\/blog\/wp-json\/wp\/v2\/posts"}],"about":[{"href":"https:\/\/www.festivox.fr\/blog\/wp-json\/wp\/v2\/types\/post"}],"author":[{"embeddable":true,"href":"https:\/\/www.festivox.fr\/blog\/wp-json\/wp\/v2\/users\/1"}],"replies":[{"embeddable":true,"href":"https:\/\/www.festivox.fr\/blog\/wp-json\/wp\/v2\/comments?post=947"}],"version-history":[{"count":0,"href":"https:\/\/www.festivox.fr\/blog\/wp-json\/wp\/v2\/posts\/947\/revisions"}],"wp:featuredmedia":[{"embeddable":true,"href":"https:\/\/www.festivox.fr\/blog\/wp-json\/wp\/v2\/media\/948"}],"wp:attachment":[{"href":"https:\/\/www.festivox.fr\/blog\/wp-json\/wp\/v2\/media?parent=947"}],"wp:term":[{"taxonomy":"category","embeddable":true,"href":"https:\/\/www.festivox.fr\/blog\/wp-json\/wp\/v2\/categories?post=947"},{"taxonomy":"post_tag","embeddable":true,"href":"https:\/\/www.festivox.fr\/blog\/wp-json\/wp\/v2\/tags?post=947"}],"curies":[{"name":"wp","href":"https:\/\/api.w.org\/{rel}","templated":true}]}}