{"id":945,"date":"2024-06-30T04:13:00","date_gmt":"2024-06-30T02:13:00","guid":{"rendered":"https:\/\/www.festivox.fr\/blog\/ces-guinguettes-du-muretain-pour-les-soirees-dete\/"},"modified":"2024-06-30T04:13:00","modified_gmt":"2024-06-30T02:13:00","slug":"ces-guinguettes-du-muretain-pour-les-soirees-dete","status":"publish","type":"post","link":"https:\/\/www.festivox.fr\/blog\/ces-guinguettes-du-muretain-pour-les-soirees-dete\/","title":{"rendered":"Ces guinguettes du Muretain pour les soir\u00e9es d\u2019\u00e9t\u00e9"},"content":{"rendered":"\n<p> <span class=\"article-full__chapo-label hide-on-small-only\">l&rsquo;essentiel<\/span> D\u00e9tente, fra\u00eecheur, musique, agapes, animations. Voici notre s\u00e9lection de guinguettes \u00e9ph\u00e9m\u00e8res pour passer l\u2019\u00e9t\u00e9 en soir\u00e9e dans le Muretain. Avec leurs vastes terrasses ombrag\u00e9es et des lieux insolites \u00e0 d\u00e9couvrir. Les pieds dans le sable \u00e0 \u00ab&nbsp;La Java&nbsp;\u00bb ou au bord du lac romantique du \u00ab&nbsp;Moulin d\u2019Edmond&nbsp;\u00bb\u2026 Tour d\u2019horizon. <\/p>\n<div> <!-- Pub DFP Position [outstream] --> <\/p>\n<h2 class=\"txt-int\">\n<div class=\"center-align\" data-protec-aida=\"image\">\n<figure class=\"std-img\" data-src=\"https:\/\/images.ladepeche.fr\/api\/v1\/images\/view\/668100e6ce59e61fc15cd7e7\/original\/image.jpg?v=1\"> <img class=\"std-img__img responsive-img\" data-src=\"https:\/\/www.festivox.fr\/blog\/wp-content\/uploads\/2024\/06\/ces-guinguettes-du-muretain-pour-les-soirees-dete.jpg\" alt=\"Tout nouveau cette ann\u00e9e, le Paradise en bord de Garonne.\"><figcaption class=\"article-full__media-infos\"> <span class=\"article-full__media-legend\">Tout nouveau cette ann\u00e9e, le Paradise en bord de Garonne.<\/span> <span class=\"article-full__media-author\">Le Paradise.<\/span> <\/figcaption><\/figure>\n<\/div>\n<\/h2>\n<h2 class=\"txt-int\">PinsagueL.&nbsp;En musique, au \u00ab&nbsp;Paradise&nbsp;\u00bb<\/h2>\n<p>Le Paradise, toute nouvelle guinguette pinsagueloise, a fait une entr\u00e9e remarqu\u00e9e dans le paysage local en inaugurant ses sc\u00e8nes pour la f\u00eate de la Musique le 21&nbsp;juin dernier. Implant\u00e9e sur un domaine luxuriant en bord de Garonne, cette guinguette promet d\u2019\u00eatre un lieu de rendez-vous incontournable pour les amateurs de musique. Tout au long de l\u2019\u00e9t\u00e9, le Paradise propose une programmation riche et vari\u00e9e, avec des concerts aussi bien sur la sc\u00e8ne int\u00e9rieure qu\u2019en exterieur. Cette diversit\u00e9 permet de profiter de la musique dans des ambiances diff\u00e9rentes, sous les \u00e9toiles ou dans un cadre plus intime. 3 all\u00e9e de Garonne.<\/p>\n<h2 class=\"txt-int\">Portet-sur-Garonne. \u00ab&nbsp;Le H\u00e9ron Glouton&nbsp;\u00bb, berc\u00e9 par le fleuve<\/p>\n<div class=\"center-align\" data-protec-aida=\"image\">\n<figure class=\"std-img\" data-src=\"https:\/\/images.ladepeche.fr\/api\/v1\/images\/view\/6680fccfa4159929d17f66a9\/original\/image.jpg?v=1\"> <img class=\"std-img__img responsive-img\" data-src=\"https:\/\/www.festivox.fr\/blog\/wp-content\/uploads\/2024\/06\/ces-guinguettes-du-muretain-pour-les-soirees-dete-1.jpg\" alt=\"Le H\u00e9ron Glouton, cadre champ\u00eatre autour des bottes de paille.\"><figcaption class=\"article-full__media-infos\"> <span class=\"article-full__media-legend\">Le H\u00e9ron Glouton, cadre champ\u00eatre autour des bottes de paille.<\/span> <span class=\"article-full__media-author\">H\u00e9ron Glouton<\/span> <\/figcaption><\/figure>\n<\/div>\n<\/h2>\n<p>Ambiance festive, cosy et un brin \u00ab&nbsp;paillarde&nbsp;\u00bb aussi au H\u00e9ron Glouton du parc du Ramier \u00e0 Portet-sur-Garonne. Sous les platanes au bas de la promenade du Baron Ritay, la Garonne \u00e0 deux pas, cette guinguette \u00e9ph\u00e9m\u00e8re (d\u00e9barqu\u00e9e l\u2019an dernier) est de retour pour enchanter vos soir\u00e9es d\u2019\u00e9t\u00e9. Le H\u00e9ron Glouton c\u2019est une belle carte gourmande (planches de charcuterie, tapas, desserts maison\u2026 ) et des animations tout l\u2019\u00e9t\u00e9, jusqu\u2019au 24&nbsp;ao\u00fbt. Assis sur des bottes de paille autour de coffres tonneaux, un r\u00e9gal de d\u00e9paysement. Vendredi&nbsp;5 et samedi 6&nbsp;juillet diffusion des matchs de quarts de Finale de l\u2019Euro de foot. Concerts, DJ, bals, spectacles, jonglerie\u2026 \u00e7a fourmille d\u2019id\u00e9es ici. Ouvre du lundi au jeudi, de 16&nbsp;h&nbsp;30 \u00e0 22&nbsp;h&nbsp;30. Le vendredi et samedi de 15&nbsp;h&nbsp;30 \u00e0 minuit. Dimanche, on peut aussi venir bruncher, ouverture de 11&nbsp;h&nbsp;30 \u00e0 22&nbsp;h&nbsp;30.<br \/>Infos sur heronglouton.fr\/<\/p>\n<p><!-- Pub DFP Position [article] --> <\/p>\n<h2 class=\"txt-int\">Muret. \u00ab&nbsp;La Java&nbsp;\u00bb, les pieds dans le sable<\/p>\n<div class=\"center-align\" data-protec-aida=\"image\">\n<figure class=\"std-img\" data-src=\"https:\/\/images.ladepeche.fr\/api\/v1\/images\/view\/6680fd959e05710be762ef09\/original\/image.jpg?v=1\"> <img class=\"std-img__img responsive-img\" data-src=\"https:\/\/www.festivox.fr\/blog\/wp-content\/uploads\/2024\/06\/ces-guinguettes-du-muretain-pour-les-soirees-dete-2.jpg\" alt=\"Nouveau d\u00e9cor cette ann\u00e9e avec une pergola terrasse en bois.\"><figcaption class=\"article-full__media-infos\"> <span class=\"article-full__media-legend\">Nouveau d\u00e9cor cette ann\u00e9e avec une pergola terrasse en bois.<\/span> <span class=\"article-full__media-author\">La Java<\/span> <\/figcaption><\/figure>\n<\/div>\n<\/h2>\n<p>C\u2019est la guinguette de Muret plage au lac des Bonnets, \u00e0 6 minutes de Muret. Exit la pergola en paillasse et voiles pour laisser place cette ann\u00e9e \u00e0 une pergola ferm\u00e9e en bois de 200&nbsp;m2 avec une piste dance floor pour se d\u00e9hancher. La Java ouvre en journ\u00e9e dans le cadre de Muret plage, pour se mettre au frais, siroter un verre et d\u00e9jeuner. \u00c0 compter du samedi 6&nbsp;juillet, c\u2019est ouvert tous les jours et en soir\u00e9e. Mention sp\u00e9ciale le vendredi et samedi soir avec la venue de diff\u00e9rents DJ pour ambiancer les estivants. Tables \u2013 palettes, mange debout sur des tonneaux ou tables rondes pour les groupes, sous les lampions avec bar tapas, cocktails, grillades\u2026 le tout les pieds dans le sable et face au coucher du soleil. Acc\u00e8s gratuit en soir\u00e9e.<\/p>\n<h2 class=\"txt-int\">Gratens. Au bord du lac, \u00ab&nbsp;Le Moulin d\u2019Edmond&nbsp;\u00bb<\/p>\n<div class=\"center-align\" data-protec-aida=\"image\">\n<figure class=\"std-img\" data-src=\"https:\/\/images.ladepeche.fr\/api\/v1\/images\/view\/6680fd45fcbc9d062431c815\/original\/image.jpg?v=1\"> <img class=\"std-img__img responsive-img\" data-src=\"https:\/\/www.festivox.fr\/blog\/wp-content\/uploads\/2024\/06\/ces-guinguettes-du-muretain-pour-les-soirees-dete-3.jpg\" alt=\"Le Moulin d\u2019Edmond, cadre bucolique au bord du lac du domaine.\"><figcaption class=\"article-full__media-infos\"> <span class=\"article-full__media-legend\">Le Moulin d\u2019Edmond, cadre bucolique au bord du lac du domaine.<\/span> <span class=\"article-full__media-author\">Moulin d&rsquo;Edmond.<\/span> <\/figcaption><\/figure>\n<\/div>\n<\/h2>\n<p>Ambiance champ\u00eatre et bucolique sous les lampions au bord du lac du domaine du Moulin d\u2019Edmond, \u00e0 Gratens (A.64, sortie 26). Tables cir\u00e9es d\u00e9cor bambou, tonneaux mange debout sont de sortie \u00e0 l\u2019ombre des grands ch\u00eanes. Burgers, grillades au feu de bois, planchas charcuterie, cassoulet\u2026 et toujours l\u2019accueil chaleureux de Denis, le patron. Ambiance musicale (Dj, concert,&nbsp;etc.) et march\u00e9 nocturne artisanal tous les week-ends. La guinguette du Moulin d\u2019Emond, dont c\u2019est la deuxi\u00e8me saison, se trouve \u00e0 proximit\u00e9 du restaurant \u00e9ponyme o\u00f9 s\u2019\u00e9coule l\u2019eau du moulin\u2026 \u00e0 voir aussi&nbsp;! Cette guinguette, c\u2019est le bon plan de l\u2019\u00e9t\u00e9 pour une soir\u00e9e d\u00e9tente entre copains, en famille, loin de la chaleur des villes.<br \/>Ferm\u00e9 le lundi et mardi. March\u00e9 artisanal le samedi et dimanche soir. Tel 05&nbsp;61&nbsp;90&nbsp;67&nbsp;51<\/p>\n<h2 class=\"txt-int\">Pinsaguel. \u00ab&nbsp;La Guitoune&nbsp;\u00bb nich\u00e9e pr\u00e8s de l\u2019Ari\u00e8ge<\/p>\n<div class=\"center-align\" data-protec-aida=\"image\">\n<figure class=\"std-img\" data-src=\"https:\/\/images.ladepeche.fr\/api\/v1\/images\/view\/6680fffb8589e755ae70c037\/original\/image.jpg?v=1\"> <img class=\"std-img__img responsive-img\" data-src=\"https:\/\/www.festivox.fr\/blog\/wp-content\/uploads\/2024\/06\/ces-guinguettes-du-muretain-pour-les-soirees-dete-4.jpg\" alt=\"En musique \u00e0 &quot;La Guitoune&quot;.\"><figcaption class=\"article-full__media-infos\"> <span class=\"article-full__media-legend\">En musique \u00e0 \u00ab\u00a0La Guitoune\u00a0\u00bb.<\/span> <span class=\"article-full__media-author\">La Guitoune.<\/span> <\/figcaption><\/figure>\n<\/div>\n<\/h2>\n<p>La Guitoune, nich\u00e9e au bord de l\u2019Ari\u00e8ge, se distingue par son ambiance chaleureuse et sa programmation musicale \u00e9clectique. Ce vendredi, une soir\u00e9e paella g\u00e9ante attendait les gourmands, suivie d\u2019un concert Pop Rock Folk le samedi pour cl\u00f4turer le mois de juin sous le soleil, En juillet, La Guitoune propose un concert chaque vendredi ou samedi \u00e0 20&nbsp;h&nbsp;30, avec des soir\u00e9es Samba\/Bossa Nova, Jazz Manouche, et Guitare World Electro.<br \/>Infos et r\u00e9sas au 06&nbsp;11&nbsp;91&nbsp;70&nbsp;26 ou guinguette.laguitoune@gmail.com.<\/p>\n<\/p><\/div>\n<p> Cet article, qui traite du th\u00e8me \u00ab\u00a0Festival Jazz et musique en mode guinguette\u00a0\u00bb, vous est d\u00e9lib\u00e9r\u00e9ment offert par festivox.fr. La raison d\u2019\u00eatre de festivox.fr est de parler de Festival Jazz et musique en mode guinguette dans la transparence la plus g\u00e9n\u00e9rale en vous procurant la visibilit\u00e9 de tout ce qui est publi\u00e9 sur ce sujet sur le web La chronique a \u00e9t\u00e9 g\u00e9n\u00e9r\u00e9e de la mani\u00e8re la plus honn\u00eate que possible. S\u2019il advenait que vous projetez d\u2019apporter quelques notes concernant le domaine de \u00ab\u00a0Festival Jazz et musique en mode guinguette\u00a0\u00bb vous avez la possibilit\u00e9 de d&rsquo;\u00e9changer avec notre r\u00e9daction. Dans peu de temps, on mettra en ligne d&rsquo;autres informations pertinentes autour du sujet \u00ab\u00a0Festival Jazz et musique en mode guinguette\u00a0\u00bb. Ainsi, consultez r\u00e9guli\u00e8rement notre site.<\/p>\n","protected":false},"excerpt":{"rendered":"<p>l&rsquo;essentiel D\u00e9tente, fra\u00eecheur, musique, agapes, animations. Voici notre s\u00e9lection de guinguettes \u00e9ph\u00e9m\u00e8res pour passer l\u2019\u00e9t\u00e9 en soir\u00e9e dans le Muretain. Avec leurs vastes terrasses ombrag\u00e9es et des lieux insolites \u00e0 d\u00e9couvrir. Les pieds dans le sable \u00e0 \u00ab&nbsp;La Java&nbsp;\u00bb ou au bord du lac romantique du \u00ab&nbsp;Moulin d\u2019Edmond&nbsp;\u00bb\u2026 Tour d\u2019horizon. Tout nouveau cette ann\u00e9e, le&hellip;<\/p>\n","protected":false},"author":1,"featured_media":946,"comment_status":"closed","ping_status":"closed","sticky":false,"template":"","format":"standard","meta":{"footnotes":""},"categories":[3],"tags":[],"class_list":["post-945","post","type-post","status-publish","format-standard","has-post-thumbnail","hentry","category-wiki-sur-festival-jazz-et-musique-en-mode-guinguette"],"yoast_head":"<!-- This site is optimized with the Yoast SEO plugin v27.5 - https:\/\/yoast.com\/product\/yoast-seo-wordpress\/ -->\n<title>Ces guinguettes du Muretain pour les soir\u00e9es d\u2019\u00e9t\u00e9 - FESTIVOX<\/title>\n<meta name=\"robots\" content=\"index, follow, max-snippet:-1, max-image-preview:large, max-video-preview:-1\" \/>\n<link rel=\"canonical\" href=\"https:\/\/www.festivox.fr\/blog\/ces-guinguettes-du-muretain-pour-les-soirees-dete\/\" \/>\n<meta property=\"og:locale\" content=\"fr_FR\" \/>\n<meta property=\"og:type\" content=\"article\" \/>\n<meta property=\"og:title\" content=\"Ces guinguettes du Muretain pour les soir\u00e9es d\u2019\u00e9t\u00e9 - FESTIVOX\" \/>\n<meta property=\"og:description\" content=\"l&rsquo;essentiel D\u00e9tente, fra\u00eecheur, musique, agapes, animations. Voici notre s\u00e9lection de guinguettes \u00e9ph\u00e9m\u00e8res pour passer l\u2019\u00e9t\u00e9 en soir\u00e9e dans le Muretain. Avec leurs vastes terrasses ombrag\u00e9es et des lieux insolites \u00e0 d\u00e9couvrir. Les pieds dans le sable \u00e0 \u00ab&nbsp;La Java&nbsp;\u00bb ou au bord du lac romantique du \u00ab&nbsp;Moulin d\u2019Edmond&nbsp;\u00bb\u2026 Tour d\u2019horizon. Tout nouveau cette ann\u00e9e, le&hellip;\" \/>\n<meta property=\"og:url\" content=\"https:\/\/www.festivox.fr\/blog\/ces-guinguettes-du-muretain-pour-les-soirees-dete\/\" \/>\n<meta property=\"og:site_name\" content=\"FESTIVOX\" \/>\n<meta property=\"article:published_time\" content=\"2024-06-30T02:13:00+00:00\" \/>\n<meta property=\"og:image\" content=\"https:\/\/www.festivox.fr\/blog\/wp-content\/uploads\/2024\/06\/ces-guinguettes-du-muretain-pour-les-soirees-dete.jpg\" \/>\n<meta name=\"author\" content=\"Michele\" \/>\n<meta name=\"twitter:card\" content=\"summary_large_image\" \/>\n<meta name=\"twitter:label1\" content=\"\u00c9crit par\" \/>\n\t<meta name=\"twitter:data1\" content=\"Michele\" \/>\n\t<meta name=\"twitter:label2\" content=\"Dur\u00e9e de lecture estim\u00e9e\" \/>\n\t<meta name=\"twitter:data2\" content=\"5 minutes\" \/>\n<script type=\"application\/ld+json\" class=\"yoast-schema-graph\">{\"@context\":\"https:\\\/\\\/schema.org\",\"@graph\":[{\"@type\":\"Article\",\"@id\":\"https:\\\/\\\/www.festivox.fr\\\/blog\\\/ces-guinguettes-du-muretain-pour-les-soirees-dete\\\/#article\",\"isPartOf\":{\"@id\":\"https:\\\/\\\/www.festivox.fr\\\/blog\\\/ces-guinguettes-du-muretain-pour-les-soirees-dete\\\/\"},\"author\":{\"name\":\"Michele\",\"@id\":\"https:\\\/\\\/www.festivox.fr\\\/blog\\\/#\\\/schema\\\/person\\\/f36a8b6bc94800c3eafed4bca993ce95\"},\"headline\":\"Ces guinguettes du Muretain pour les soir\u00e9es d\u2019\u00e9t\u00e9\",\"datePublished\":\"2024-06-30T02:13:00+00:00\",\"mainEntityOfPage\":{\"@id\":\"https:\\\/\\\/www.festivox.fr\\\/blog\\\/ces-guinguettes-du-muretain-pour-les-soirees-dete\\\/\"},\"wordCount\":988,\"publisher\":{\"@id\":\"https:\\\/\\\/www.festivox.fr\\\/blog\\\/#organization\"},\"image\":{\"@id\":\"https:\\\/\\\/www.festivox.fr\\\/blog\\\/ces-guinguettes-du-muretain-pour-les-soirees-dete\\\/#primaryimage\"},\"thumbnailUrl\":\"https:\\\/\\\/www.festivox.fr\\\/blog\\\/wp-content\\\/uploads\\\/2024\\\/06\\\/ces-guinguettes-du-muretain-pour-les-soirees-dete.jpg\",\"articleSection\":[\"Wiki Sur Festival Jazz Et Musique En Mode Guinguette:\"],\"inLanguage\":\"fr-FR\"},{\"@type\":\"WebPage\",\"@id\":\"https:\\\/\\\/www.festivox.fr\\\/blog\\\/ces-guinguettes-du-muretain-pour-les-soirees-dete\\\/\",\"url\":\"https:\\\/\\\/www.festivox.fr\\\/blog\\\/ces-guinguettes-du-muretain-pour-les-soirees-dete\\\/\",\"name\":\"Ces guinguettes du Muretain pour les soir\u00e9es d\u2019\u00e9t\u00e9 - FESTIVOX\",\"isPartOf\":{\"@id\":\"https:\\\/\\\/www.festivox.fr\\\/blog\\\/#website\"},\"primaryImageOfPage\":{\"@id\":\"https:\\\/\\\/www.festivox.fr\\\/blog\\\/ces-guinguettes-du-muretain-pour-les-soirees-dete\\\/#primaryimage\"},\"image\":{\"@id\":\"https:\\\/\\\/www.festivox.fr\\\/blog\\\/ces-guinguettes-du-muretain-pour-les-soirees-dete\\\/#primaryimage\"},\"thumbnailUrl\":\"https:\\\/\\\/www.festivox.fr\\\/blog\\\/wp-content\\\/uploads\\\/2024\\\/06\\\/ces-guinguettes-du-muretain-pour-les-soirees-dete.jpg\",\"datePublished\":\"2024-06-30T02:13:00+00:00\",\"breadcrumb\":{\"@id\":\"https:\\\/\\\/www.festivox.fr\\\/blog\\\/ces-guinguettes-du-muretain-pour-les-soirees-dete\\\/#breadcrumb\"},\"inLanguage\":\"fr-FR\",\"potentialAction\":[{\"@type\":\"ReadAction\",\"target\":[\"https:\\\/\\\/www.festivox.fr\\\/blog\\\/ces-guinguettes-du-muretain-pour-les-soirees-dete\\\/\"]}]},{\"@type\":\"ImageObject\",\"inLanguage\":\"fr-FR\",\"@id\":\"https:\\\/\\\/www.festivox.fr\\\/blog\\\/ces-guinguettes-du-muretain-pour-les-soirees-dete\\\/#primaryimage\",\"url\":\"https:\\\/\\\/www.festivox.fr\\\/blog\\\/wp-content\\\/uploads\\\/2024\\\/06\\\/ces-guinguettes-du-muretain-pour-les-soirees-dete.jpg\",\"contentUrl\":\"https:\\\/\\\/www.festivox.fr\\\/blog\\\/wp-content\\\/uploads\\\/2024\\\/06\\\/ces-guinguettes-du-muretain-pour-les-soirees-dete.jpg\",\"width\":1154,\"height\":520},{\"@type\":\"BreadcrumbList\",\"@id\":\"https:\\\/\\\/www.festivox.fr\\\/blog\\\/ces-guinguettes-du-muretain-pour-les-soirees-dete\\\/#breadcrumb\",\"itemListElement\":[{\"@type\":\"ListItem\",\"position\":1,\"name\":\"Accueil\",\"item\":\"https:\\\/\\\/www.festivox.fr\\\/blog\\\/\"},{\"@type\":\"ListItem\",\"position\":2,\"name\":\"Ces guinguettes du Muretain pour les soir\u00e9es d\u2019\u00e9t\u00e9\"}]},{\"@type\":\"WebSite\",\"@id\":\"https:\\\/\\\/www.festivox.fr\\\/blog\\\/#website\",\"url\":\"https:\\\/\\\/www.festivox.fr\\\/blog\\\/\",\"name\":\"FESTIVOX\",\"description\":\"Festival en mode guinguette.\",\"publisher\":{\"@id\":\"https:\\\/\\\/www.festivox.fr\\\/blog\\\/#organization\"},\"potentialAction\":[{\"@type\":\"SearchAction\",\"target\":{\"@type\":\"EntryPoint\",\"urlTemplate\":\"https:\\\/\\\/www.festivox.fr\\\/blog\\\/?s={search_term_string}\"},\"query-input\":{\"@type\":\"PropertyValueSpecification\",\"valueRequired\":true,\"valueName\":\"search_term_string\"}}],\"inLanguage\":\"fr-FR\"},{\"@type\":\"Organization\",\"@id\":\"https:\\\/\\\/www.festivox.fr\\\/blog\\\/#organization\",\"name\":\"festivox\",\"url\":\"https:\\\/\\\/www.festivox.fr\\\/blog\\\/\",\"logo\":{\"@type\":\"ImageObject\",\"inLanguage\":\"fr-FR\",\"@id\":\"https:\\\/\\\/www.festivox.fr\\\/blog\\\/#\\\/schema\\\/logo\\\/image\\\/\",\"url\":\"https:\\\/\\\/www.festivox.fr\\\/blog\\\/wp-content\\\/uploads\\\/2023\\\/06\\\/logo-2.png\",\"contentUrl\":\"https:\\\/\\\/www.festivox.fr\\\/blog\\\/wp-content\\\/uploads\\\/2023\\\/06\\\/logo-2.png\",\"width\":480,\"height\":160,\"caption\":\"festivox\"},\"image\":{\"@id\":\"https:\\\/\\\/www.festivox.fr\\\/blog\\\/#\\\/schema\\\/logo\\\/image\\\/\"}},{\"@type\":\"Person\",\"@id\":\"https:\\\/\\\/www.festivox.fr\\\/blog\\\/#\\\/schema\\\/person\\\/f36a8b6bc94800c3eafed4bca993ce95\",\"name\":\"Michele\",\"image\":{\"@type\":\"ImageObject\",\"inLanguage\":\"fr-FR\",\"@id\":\"https:\\\/\\\/secure.gravatar.com\\\/avatar\\\/b062046536b5d47ec9075956ec349ef95ed06b0f910c578f74abb318668b702e?s=96&d=mm&r=g\",\"url\":\"https:\\\/\\\/secure.gravatar.com\\\/avatar\\\/b062046536b5d47ec9075956ec349ef95ed06b0f910c578f74abb318668b702e?s=96&d=mm&r=g\",\"contentUrl\":\"https:\\\/\\\/secure.gravatar.com\\\/avatar\\\/b062046536b5d47ec9075956ec349ef95ed06b0f910c578f74abb318668b702e?s=96&d=mm&r=g\",\"caption\":\"Michele\"},\"sameAs\":[\"https:\\\/\\\/www.festivox.fr\\\/blog\"],\"url\":\"https:\\\/\\\/www.festivox.fr\\\/blog\\\/author\\\/voxadmin\\\/\"}]}<\/script>\n<!-- \/ Yoast SEO plugin. -->","yoast_head_json":{"title":"Ces guinguettes du Muretain pour les soir\u00e9es d\u2019\u00e9t\u00e9 - FESTIVOX","robots":{"index":"index","follow":"follow","max-snippet":"max-snippet:-1","max-image-preview":"max-image-preview:large","max-video-preview":"max-video-preview:-1"},"canonical":"https:\/\/www.festivox.fr\/blog\/ces-guinguettes-du-muretain-pour-les-soirees-dete\/","og_locale":"fr_FR","og_type":"article","og_title":"Ces guinguettes du Muretain pour les soir\u00e9es d\u2019\u00e9t\u00e9 - FESTIVOX","og_description":"l&rsquo;essentiel D\u00e9tente, fra\u00eecheur, musique, agapes, animations. Voici notre s\u00e9lection de guinguettes \u00e9ph\u00e9m\u00e8res pour passer l\u2019\u00e9t\u00e9 en soir\u00e9e dans le Muretain. Avec leurs vastes terrasses ombrag\u00e9es et des lieux insolites \u00e0 d\u00e9couvrir. Les pieds dans le sable \u00e0 \u00ab&nbsp;La Java&nbsp;\u00bb ou au bord du lac romantique du \u00ab&nbsp;Moulin d\u2019Edmond&nbsp;\u00bb\u2026 Tour d\u2019horizon. Tout nouveau cette ann\u00e9e, le&hellip;","og_url":"https:\/\/www.festivox.fr\/blog\/ces-guinguettes-du-muretain-pour-les-soirees-dete\/","og_site_name":"FESTIVOX","article_published_time":"2024-06-30T02:13:00+00:00","og_image":[{"url":"https:\/\/www.festivox.fr\/blog\/wp-content\/uploads\/2024\/06\/ces-guinguettes-du-muretain-pour-les-soirees-dete.jpg","type":"","width":"","height":""}],"author":"Michele","twitter_card":"summary_large_image","twitter_misc":{"\u00c9crit par":"Michele","Dur\u00e9e de lecture estim\u00e9e":"5 minutes"},"schema":{"@context":"https:\/\/schema.org","@graph":[{"@type":"Article","@id":"https:\/\/www.festivox.fr\/blog\/ces-guinguettes-du-muretain-pour-les-soirees-dete\/#article","isPartOf":{"@id":"https:\/\/www.festivox.fr\/blog\/ces-guinguettes-du-muretain-pour-les-soirees-dete\/"},"author":{"name":"Michele","@id":"https:\/\/www.festivox.fr\/blog\/#\/schema\/person\/f36a8b6bc94800c3eafed4bca993ce95"},"headline":"Ces guinguettes du Muretain pour les soir\u00e9es d\u2019\u00e9t\u00e9","datePublished":"2024-06-30T02:13:00+00:00","mainEntityOfPage":{"@id":"https:\/\/www.festivox.fr\/blog\/ces-guinguettes-du-muretain-pour-les-soirees-dete\/"},"wordCount":988,"publisher":{"@id":"https:\/\/www.festivox.fr\/blog\/#organization"},"image":{"@id":"https:\/\/www.festivox.fr\/blog\/ces-guinguettes-du-muretain-pour-les-soirees-dete\/#primaryimage"},"thumbnailUrl":"https:\/\/www.festivox.fr\/blog\/wp-content\/uploads\/2024\/06\/ces-guinguettes-du-muretain-pour-les-soirees-dete.jpg","articleSection":["Wiki Sur Festival Jazz Et Musique En Mode Guinguette:"],"inLanguage":"fr-FR"},{"@type":"WebPage","@id":"https:\/\/www.festivox.fr\/blog\/ces-guinguettes-du-muretain-pour-les-soirees-dete\/","url":"https:\/\/www.festivox.fr\/blog\/ces-guinguettes-du-muretain-pour-les-soirees-dete\/","name":"Ces guinguettes du Muretain pour les soir\u00e9es d\u2019\u00e9t\u00e9 - FESTIVOX","isPartOf":{"@id":"https:\/\/www.festivox.fr\/blog\/#website"},"primaryImageOfPage":{"@id":"https:\/\/www.festivox.fr\/blog\/ces-guinguettes-du-muretain-pour-les-soirees-dete\/#primaryimage"},"image":{"@id":"https:\/\/www.festivox.fr\/blog\/ces-guinguettes-du-muretain-pour-les-soirees-dete\/#primaryimage"},"thumbnailUrl":"https:\/\/www.festivox.fr\/blog\/wp-content\/uploads\/2024\/06\/ces-guinguettes-du-muretain-pour-les-soirees-dete.jpg","datePublished":"2024-06-30T02:13:00+00:00","breadcrumb":{"@id":"https:\/\/www.festivox.fr\/blog\/ces-guinguettes-du-muretain-pour-les-soirees-dete\/#breadcrumb"},"inLanguage":"fr-FR","potentialAction":[{"@type":"ReadAction","target":["https:\/\/www.festivox.fr\/blog\/ces-guinguettes-du-muretain-pour-les-soirees-dete\/"]}]},{"@type":"ImageObject","inLanguage":"fr-FR","@id":"https:\/\/www.festivox.fr\/blog\/ces-guinguettes-du-muretain-pour-les-soirees-dete\/#primaryimage","url":"https:\/\/www.festivox.fr\/blog\/wp-content\/uploads\/2024\/06\/ces-guinguettes-du-muretain-pour-les-soirees-dete.jpg","contentUrl":"https:\/\/www.festivox.fr\/blog\/wp-content\/uploads\/2024\/06\/ces-guinguettes-du-muretain-pour-les-soirees-dete.jpg","width":1154,"height":520},{"@type":"BreadcrumbList","@id":"https:\/\/www.festivox.fr\/blog\/ces-guinguettes-du-muretain-pour-les-soirees-dete\/#breadcrumb","itemListElement":[{"@type":"ListItem","position":1,"name":"Accueil","item":"https:\/\/www.festivox.fr\/blog\/"},{"@type":"ListItem","position":2,"name":"Ces guinguettes du Muretain pour les soir\u00e9es d\u2019\u00e9t\u00e9"}]},{"@type":"WebSite","@id":"https:\/\/www.festivox.fr\/blog\/#website","url":"https:\/\/www.festivox.fr\/blog\/","name":"FESTIVOX","description":"Festival en mode guinguette.","publisher":{"@id":"https:\/\/www.festivox.fr\/blog\/#organization"},"potentialAction":[{"@type":"SearchAction","target":{"@type":"EntryPoint","urlTemplate":"https:\/\/www.festivox.fr\/blog\/?s={search_term_string}"},"query-input":{"@type":"PropertyValueSpecification","valueRequired":true,"valueName":"search_term_string"}}],"inLanguage":"fr-FR"},{"@type":"Organization","@id":"https:\/\/www.festivox.fr\/blog\/#organization","name":"festivox","url":"https:\/\/www.festivox.fr\/blog\/","logo":{"@type":"ImageObject","inLanguage":"fr-FR","@id":"https:\/\/www.festivox.fr\/blog\/#\/schema\/logo\/image\/","url":"https:\/\/www.festivox.fr\/blog\/wp-content\/uploads\/2023\/06\/logo-2.png","contentUrl":"https:\/\/www.festivox.fr\/blog\/wp-content\/uploads\/2023\/06\/logo-2.png","width":480,"height":160,"caption":"festivox"},"image":{"@id":"https:\/\/www.festivox.fr\/blog\/#\/schema\/logo\/image\/"}},{"@type":"Person","@id":"https:\/\/www.festivox.fr\/blog\/#\/schema\/person\/f36a8b6bc94800c3eafed4bca993ce95","name":"Michele","image":{"@type":"ImageObject","inLanguage":"fr-FR","@id":"https:\/\/secure.gravatar.com\/avatar\/b062046536b5d47ec9075956ec349ef95ed06b0f910c578f74abb318668b702e?s=96&d=mm&r=g","url":"https:\/\/secure.gravatar.com\/avatar\/b062046536b5d47ec9075956ec349ef95ed06b0f910c578f74abb318668b702e?s=96&d=mm&r=g","contentUrl":"https:\/\/secure.gravatar.com\/avatar\/b062046536b5d47ec9075956ec349ef95ed06b0f910c578f74abb318668b702e?s=96&d=mm&r=g","caption":"Michele"},"sameAs":["https:\/\/www.festivox.fr\/blog"],"url":"https:\/\/www.festivox.fr\/blog\/author\/voxadmin\/"}]}},"_links":{"self":[{"href":"https:\/\/www.festivox.fr\/blog\/wp-json\/wp\/v2\/posts\/945","targetHints":{"allow":["GET"]}}],"collection":[{"href":"https:\/\/www.festivox.fr\/blog\/wp-json\/wp\/v2\/posts"}],"about":[{"href":"https:\/\/www.festivox.fr\/blog\/wp-json\/wp\/v2\/types\/post"}],"author":[{"embeddable":true,"href":"https:\/\/www.festivox.fr\/blog\/wp-json\/wp\/v2\/users\/1"}],"replies":[{"embeddable":true,"href":"https:\/\/www.festivox.fr\/blog\/wp-json\/wp\/v2\/comments?post=945"}],"version-history":[{"count":0,"href":"https:\/\/www.festivox.fr\/blog\/wp-json\/wp\/v2\/posts\/945\/revisions"}],"wp:featuredmedia":[{"embeddable":true,"href":"https:\/\/www.festivox.fr\/blog\/wp-json\/wp\/v2\/media\/946"}],"wp:attachment":[{"href":"https:\/\/www.festivox.fr\/blog\/wp-json\/wp\/v2\/media?parent=945"}],"wp:term":[{"taxonomy":"category","embeddable":true,"href":"https:\/\/www.festivox.fr\/blog\/wp-json\/wp\/v2\/categories?post=945"},{"taxonomy":"post_tag","embeddable":true,"href":"https:\/\/www.festivox.fr\/blog\/wp-json\/wp\/v2\/tags?post=945"}],"curies":[{"name":"wp","href":"https:\/\/api.w.org\/{rel}","templated":true}]}}