{"id":929,"date":"2024-06-21T22:22:00","date_gmt":"2024-06-21T20:22:00","guid":{"rendered":"https:\/\/www.festivox.fr\/blog\/loeil-de-lina-claude-nougaro-le-parcours-dun-coeur-battant\/"},"modified":"2024-06-21T22:22:00","modified_gmt":"2024-06-21T20:22:00","slug":"loeil-de-lina-claude-nougaro-le-parcours-dun-coeur-battant","status":"publish","type":"post","link":"https:\/\/www.festivox.fr\/blog\/loeil-de-lina-claude-nougaro-le-parcours-dun-coeur-battant\/","title":{"rendered":"L\u2019\u0152il de l\u2019INA : Claude Nougaro, le parcours d\u2019un c\u0153ur battant"},"content":{"rendered":"\n<div><img decoding=\"async\" src=\"https:\/\/www.festivox.fr\/blog\/wp-content\/uploads\/2024\/06\/loeil-de-lina-claude-nougaro-le-parcours-dun-coeur-battant.jpg\" class=\"ff-og-image-inserted\"><\/div>\n<p>Madelen propose de revivre les plus grands tubes du chanteur toulousain et organise un concert patrimonial au Grand Rex le 25 juin.<\/p>\n<div data-agora-base-url=\"https:\/\/connect.lefigaro.fr\" data-component=\"fig-content-body\" data-context=\"was @visible\" data-id=\"bGVmaWdhcm8uZnJfXzFlZjJlZWUyLTkxYmQtNmFlNi04Y2VhLTVmMTkxMGFmMmFiMV9fQXJ0aWNsZQ==\" data-module=\"fig-body\" data-premium=\"false\">\n<p class=\"fig-paragraph\"><em>\u00abMes confr\u00e8res m\u00e8nent leur vie \u00e0 guichets ferm\u00e9s, moi, je la vis \u00e0 tombeau ouvert&nbsp;\u00bb.<\/em> \u00c0 la fin des ann\u00e9es 1980, <a href=\"https:\/\/www.lefigaro.fr\/musique\/claude-nougaro-la-reconnaissance-tardive-20191209\" data-fig-type=\"Article\" data-gtm-custom-categorie=\"navigation\" data-gtm-custom-action=\"crossclick\" data-gtm-custom-label=\"Contextuel\" data-gtm-event=\"customEventSPE\" data-fig-domain=\"LEFIGARO\" target=\"_blank\" rel=\"nofollow\">Claude Nougaro<\/a> r\u00e9sumait ainsi son parcours, sans imaginer un seul instant qu\u2019en 2024, ses chansons toucheraient le c\u0153ur des jeunes g\u00e9n\u00e9rations. Madelen vous propose de red\u00e9couvrir quelques-unes des plus immortelles.<\/p>\n<p class=\"fig-paragraph\">De plus, le concert <em>Nous\u2026 Nougaro<\/em>, propos\u00e9 au Grand Rex le 25 juin, illustre parfaitement cette post\u00e9rit\u00e9. Entre des projections d\u2019images de l&rsquo;INA, retravaill\u00e9es et augment\u00e9es, <a href=\"https:\/\/www.lefigaro.fr\/livres\/le-guerrier-de-porcelaine-de-mathias-malzieu-la-mecanique-du-reve-20220105\" data-fig-type=\"Article\" data-gtm-custom-categorie=\"navigation\" data-gtm-custom-action=\"crossclick\" data-gtm-custom-label=\"Contextuel\" data-gtm-event=\"customEventSPE\" data-fig-domain=\"LEFIGARO\" target=\"_blank\" rel=\"nofollow\">Mathias Malzieu<\/a>, cr\u00e9ateur du groupe Dionysos, assurera la direction musicale d\u2019un concert exceptionnel&nbsp;: une vingtaine d\u2019artistes se relaieront sur sc\u00e8ne pour une <em>\u00abr\u00e9interpr\u00e9tation contemporaine\u00bb<\/em> de couplets qui, lors de leur cr\u00e9ation, n&rsquo;ont pas toujours trouv\u00e9 leur public.<\/p>\n<figure class=\"fig-media fig-media--type-photo fig-media--portrait \"><figcaption class=\"fig-media__legend\">Le concert d\u00e9di\u00e9 \u00e0 Claude Nougaro est pr\u00e9vu pour le 25 juin 2024, au Grand Rex.<span class=\"fig-media__credits\"> INA <\/span><\/figcaption><\/figure>\n<p class=\"fig-paragraph\">Le premier disque de Claude Nougaro,<em> Vachement d\u00e9contract\u00e9<\/em>, enregistr\u00e9 en 1958, est un \u00e9chec cinglant. Les ventes atteignent \u00e0 peine quelques centaines d&rsquo;exemplaires. Et pourtant, il disposait d&rsquo;un illustre parrain, <a href=\"http:\/\/www.lefigaro.fr\/musique\/henri-salvador-homme-studio-sa-compilation-surprenante-home-made-20210429\" data-fig-type=\"Article\" data-gtm-custom-categorie=\"navigation\" data-gtm-custom-action=\"crossclick\" data-gtm-custom-label=\"Contextuel\" data-gtm-event=\"customEventSPE\" data-fig-domain=\"LEFIGARO\" target=\"_blank\" rel=\"nofollow\">Henri Salvador<\/a>, alors au sommet de sa gloire. Au verso de la pochette, il avait \u00e9voqu\u00e9 <em>\u00abla fougue, la rage et la souffrance de l&rsquo;artiste\u00bb.<\/em><\/p>\n<h2 class=\"fig-body-heading\" id=\"subhead-892ea63e-08ef-4fa1-a7f5-a5a5e87084f1\">\u00abPour me plaire\u00bb<\/h2>\n<p class=\"fig-paragraph\">Cet \u00e9chec n&#8217;emp\u00eache pas le jeune po\u00e8te de continuer, selon son expression, \u00e0 poursuivre l&rsquo;aventure avec <em>\u00abun besoin vital de r\u00e9veiller ses vers\u00bb<\/em>. Un soir de 1961, il assiste \u00e0 une projection de <em>Manon des Sources<\/em>. \u00c0 la sortie, une id\u00e9e lui traverse l&rsquo;esprit. Il \u00e9crit <em>Une petite fille en pleurs<\/em>, qui devient son premier succ\u00e8s. Dans la foul\u00e9e, en pleine vague \u00aby\u00e9 y\u00e9\u00bb, le jeune papa qu&rsquo;il vient de devenir, transforme l&rsquo;essai avec <em>C\u00e9cile ma fille<\/em>. Elle lui a rendu hommage \u00e0 son tour en cr\u00e9ant, en 2019, une \u00ab<a href=\"https:\/\/www.lefigaro.fr\/musique\/2018\/04\/19\/03006-20180419ARTFIG00135-la-maison-nougaro-ouvre-ses-portes-a-toulouse-en-septembre.php\" data-fig-type=\"Article\" data-gtm-custom-categorie=\"navigation\" data-gtm-custom-action=\"crossclick\" data-gtm-custom-label=\"Contextuel\" data-gtm-event=\"customEventSPE\" data-fig-domain=\"LEFIGARO\" target=\"_blank\" rel=\"nofollow\">Maison Nougaro<\/a>\u00bb sur une p\u00e9niche, au port de l&rsquo;Embouchure, \u00e0 Toulouse. Les visiteurs y d\u00e9couvrent des dessins ainsi que des manuscrits de chansons parmi lesquelles <a href=\"https:\/\/www.lefigaro.fr\/programmes-tele\/2009\/09\/10\/03012-20090910ARTFIG00363-claude-nougaro-entre-le-jazz-et-la-java-.php\" data-fig-type=\"Article\" data-gtm-custom-categorie=\"navigation\" data-gtm-custom-action=\"crossclick\" data-gtm-custom-label=\"Contextuel\" data-gtm-event=\"customEventSPE\" data-fig-domain=\"LEFIGARO\" target=\"_blank\" rel=\"nofollow\"><em>Le Jazz et la Java<\/em><\/a> <em>, <\/em>n\u00e9e en 1964 sur la sc\u00e8ne de l&rsquo;Olympia. Le soir de la premi\u00e8re devant le Tout-Paris, son triomphe en premi\u00e8re partie a \u00e9clips\u00e9 le succ\u00e8s de la t\u00eate d&rsquo;affiche, Dalida&nbsp;!<\/p>\n<p class=\"fig-paragraph\">Jusqu&rsquo;\u00e0 la fin des ann\u00e9es 60, il conna\u00eet des hauts et des bas. Il ne s&rsquo;en formalise pas pour autant&nbsp;: <em>\u00abJe ne chante pas pour plaire, <\/em>dit-il,<em> mais avant tout pour me plaire\u00bb.<\/em> En 1973, il cr\u00e9e \u00e0 nouveau l&rsquo;\u00e9v\u00e9nement en se produisant au Th\u00e9\u00e2tre de la ville \u00e0 18h30, pendant trois semaines, \u00e0 guichets ferm\u00e9s. Pour la premi\u00e8re fois, il introduit, dans son spectacle, un m\u00e9lange de jazz et de rythmes br\u00e9siliens. Il r\u00e9cidive en 1977, \u00e0 l&rsquo;Olympia, o\u00f9, \u00e0 une chemise et un pantalon noir, il ajoute une \u00e9charpe blanche qui descend jusqu\u2019aux genoux. <em>\u00abMon tour de chant,<\/em> d\u00e9clare-t-il alors, <em>c&rsquo;est le parcours du c\u0153ur battant\u00bb. <\/em>En 1981, il est le premier chanteur fran\u00e7ais \u00e0 se produire dans un club de jazz, \u00abLe New Morning\u00bb. Le 22 f\u00e9vrier 1983, Toulouse, sa ville natale, lui offre sa premi\u00e8re cons\u00e9cration officielle&nbsp;: il inaugure la nouvelle sc\u00e8ne du Palais des sports.<\/p>\n<h2 class=\"fig-body-heading\" id=\"subhead-7148b0f0-aeef-416e-aae3-2243f534d9fd\">Claude \u00e0 New York<\/h2>\n<p class=\"fig-paragraph\">Il est ainsi toujours dans la note, sauf pour les comptables de sa maison de disques. Les financiers qui ont succ\u00e9d\u00e9 \u00e0 <a href=\"https:\/\/tvmag.lefigaro.fr\/programme-tv\/george-brassens-jean-ferrat-eddie-barclay-archives-secretes-revient-avec-les-copains-d-abord_07aca8f6-d1d3-11ec-ae5b-3111653054e7\" data-fig-type=\"Article\" data-gtm-custom-categorie=\"navigation\" data-gtm-custom-action=\"crossclick\" data-gtm-custom-label=\"Contextuel\" data-gtm-event=\"customEventSPE\" data-fig-domain=\"TVMAG\" target=\"_blank\" rel=\"nofollow\">Eddie Barclay<\/a>, jugeant ses comptes <em>\u00abl\u00e9g\u00e8rement d\u00e9ficitaires\u00bb,<\/em> lui rendent son contrat. Moralement bless\u00e9, voire traumatis\u00e9 par ce qu&rsquo;il consid\u00e8re comme une injustice, il d\u00e9cide de concr\u00e9tiser son r\u00eave de toujours&nbsp;: vivre \u00e0 New York. Il d\u00e9couvre <a href=\"https:\/\/www.lefigaro.fr\/culture\/2012\/11\/26\/03004-20121126ARTFIG00001-harlem-1958-tous-les-geants-du-jazz-sont-la.php\" data-fig-type=\"Article\" data-gtm-custom-categorie=\"navigation\" data-gtm-custom-action=\"crossclick\" data-gtm-custom-label=\"Contextuel\" data-gtm-event=\"customEventSPE\" data-fig-domain=\"LEFIGARO\" target=\"_blank\" rel=\"nofollow\">Harlem<\/a>, la <em>\u00abJ\u00e9rusalem du Jazz\u00bb<\/em> et \u00e9crit <em>Nougayork<\/em>. De retour en France, il fait \u00e9couter la chanson \u00e0 un ing\u00e9nieur du son devenu manager, Mick Lanaro. Aussit\u00f4t enthousiaste, il d\u00e9cide, sans h\u00e9siter, de prendre le risque de la produire. C&rsquo;est un triomphe. Le 19 novembre 1988, il re\u00e7oit deux Victoires de la Musique. Pour une nouvelle g\u00e9n\u00e9ration, il devient une ic\u00f4ne absolue.<\/p>\n<p class=\"fig-paragraph\">Au lendemain de sa disparition des suites d&rsquo;un cancer du pancr\u00e9as, le 4 mars 2004, \u00e0 74 ans, son talent est unanimement salu\u00e9. Depuis, son nom a \u00e9t\u00e9 donn\u00e9 \u00e0 des salles de spectacle, des rues, et des \u00e9coles o\u00f9 ses chansons figurent au programme des coll\u00e8ges et lyc\u00e9es. Sa post\u00e9rit\u00e9 ne fait sans doute que commencer.<\/p>\n<\/p><\/div>\n<p> Cet article, qui traite du th\u00e8me \u00ab\u00a0Festival Jazz et musique en mode guinguette\u00a0\u00bb, vous est d\u00e9lib\u00e9r\u00e9ment offert par festivox.fr. La raison d\u2019\u00eatre de festivox.fr est de parler de Festival Jazz et musique en mode guinguette dans la transparence la plus g\u00e9n\u00e9rale en vous procurant la visibilit\u00e9 de tout ce qui est publi\u00e9 sur ce sujet sur le web La chronique a \u00e9t\u00e9 g\u00e9n\u00e9r\u00e9e de la mani\u00e8re la plus honn\u00eate que possible. S\u2019il advenait que vous projetez d\u2019apporter quelques notes concernant le domaine de \u00ab\u00a0Festival Jazz et musique en mode guinguette\u00a0\u00bb vous avez la possibilit\u00e9 de d&rsquo;\u00e9changer avec notre r\u00e9daction. Dans peu de temps, on mettra en ligne d&rsquo;autres informations pertinentes autour du sujet \u00ab\u00a0Festival Jazz et musique en mode guinguette\u00a0\u00bb. Ainsi, consultez r\u00e9guli\u00e8rement notre site.<\/p>\n","protected":false},"excerpt":{"rendered":"<p>Madelen propose de revivre les plus grands tubes du chanteur toulousain et organise un concert patrimonial au Grand Rex le 25 juin. \u00abMes confr\u00e8res m\u00e8nent leur vie \u00e0 guichets ferm\u00e9s, moi, je la vis \u00e0 tombeau ouvert&nbsp;\u00bb. \u00c0 la fin des ann\u00e9es 1980, Claude Nougaro r\u00e9sumait ainsi son parcours, sans imaginer un seul instant qu\u2019en&hellip;<\/p>\n","protected":false},"author":1,"featured_media":930,"comment_status":"closed","ping_status":"closed","sticky":false,"template":"","format":"standard","meta":{"footnotes":""},"categories":[3],"tags":[],"class_list":["post-929","post","type-post","status-publish","format-standard","has-post-thumbnail","hentry","category-wiki-sur-festival-jazz-et-musique-en-mode-guinguette"],"yoast_head":"<!-- This site is optimized with the Yoast SEO plugin v27.5 - https:\/\/yoast.com\/product\/yoast-seo-wordpress\/ -->\n<title>L\u2019\u0152il de l\u2019INA : Claude Nougaro, le parcours d\u2019un c\u0153ur battant - FESTIVOX<\/title>\n<meta name=\"robots\" content=\"index, follow, max-snippet:-1, max-image-preview:large, max-video-preview:-1\" \/>\n<link rel=\"canonical\" href=\"https:\/\/www.festivox.fr\/blog\/loeil-de-lina-claude-nougaro-le-parcours-dun-coeur-battant\/\" \/>\n<meta property=\"og:locale\" content=\"fr_FR\" \/>\n<meta property=\"og:type\" content=\"article\" \/>\n<meta property=\"og:title\" content=\"L\u2019\u0152il de l\u2019INA : Claude Nougaro, le parcours d\u2019un c\u0153ur battant - FESTIVOX\" \/>\n<meta property=\"og:description\" content=\"Madelen propose de revivre les plus grands tubes du chanteur toulousain et organise un concert patrimonial au Grand Rex le 25 juin. \u00abMes confr\u00e8res m\u00e8nent leur vie \u00e0 guichets ferm\u00e9s, moi, je la vis \u00e0 tombeau ouvert&nbsp;\u00bb. \u00c0 la fin des ann\u00e9es 1980, Claude Nougaro r\u00e9sumait ainsi son parcours, sans imaginer un seul instant qu\u2019en&hellip;\" \/>\n<meta property=\"og:url\" content=\"https:\/\/www.festivox.fr\/blog\/loeil-de-lina-claude-nougaro-le-parcours-dun-coeur-battant\/\" \/>\n<meta property=\"og:site_name\" content=\"FESTIVOX\" \/>\n<meta property=\"article:published_time\" content=\"2024-06-21T20:22:00+00:00\" \/>\n<meta property=\"og:image\" content=\"https:\/\/www.festivox.fr\/blog\/wp-content\/uploads\/2024\/06\/loeil-de-lina-claude-nougaro-le-parcours-dun-coeur-battant.jpg\" \/>\n<meta name=\"author\" content=\"Michele\" \/>\n<meta name=\"twitter:card\" content=\"summary_large_image\" \/>\n<meta name=\"twitter:label1\" content=\"\u00c9crit par\" \/>\n\t<meta name=\"twitter:data1\" content=\"Michele\" \/>\n\t<meta name=\"twitter:label2\" content=\"Dur\u00e9e de lecture estim\u00e9e\" \/>\n\t<meta name=\"twitter:data2\" content=\"4 minutes\" \/>\n<script type=\"application\/ld+json\" class=\"yoast-schema-graph\">{\"@context\":\"https:\\\/\\\/schema.org\",\"@graph\":[{\"@type\":\"Article\",\"@id\":\"https:\\\/\\\/www.festivox.fr\\\/blog\\\/loeil-de-lina-claude-nougaro-le-parcours-dun-coeur-battant\\\/#article\",\"isPartOf\":{\"@id\":\"https:\\\/\\\/www.festivox.fr\\\/blog\\\/loeil-de-lina-claude-nougaro-le-parcours-dun-coeur-battant\\\/\"},\"author\":{\"name\":\"Michele\",\"@id\":\"https:\\\/\\\/www.festivox.fr\\\/blog\\\/#\\\/schema\\\/person\\\/f36a8b6bc94800c3eafed4bca993ce95\"},\"headline\":\"L\u2019\u0152il de l\u2019INA : Claude Nougaro, le parcours d\u2019un c\u0153ur battant\",\"datePublished\":\"2024-06-21T20:22:00+00:00\",\"mainEntityOfPage\":{\"@id\":\"https:\\\/\\\/www.festivox.fr\\\/blog\\\/loeil-de-lina-claude-nougaro-le-parcours-dun-coeur-battant\\\/\"},\"wordCount\":895,\"publisher\":{\"@id\":\"https:\\\/\\\/www.festivox.fr\\\/blog\\\/#organization\"},\"image\":{\"@id\":\"https:\\\/\\\/www.festivox.fr\\\/blog\\\/loeil-de-lina-claude-nougaro-le-parcours-dun-coeur-battant\\\/#primaryimage\"},\"thumbnailUrl\":\"https:\\\/\\\/www.festivox.fr\\\/blog\\\/wp-content\\\/uploads\\\/2024\\\/06\\\/loeil-de-lina-claude-nougaro-le-parcours-dun-coeur-battant.jpg\",\"articleSection\":[\"Wiki Sur Festival Jazz Et Musique En Mode Guinguette:\"],\"inLanguage\":\"fr-FR\"},{\"@type\":\"WebPage\",\"@id\":\"https:\\\/\\\/www.festivox.fr\\\/blog\\\/loeil-de-lina-claude-nougaro-le-parcours-dun-coeur-battant\\\/\",\"url\":\"https:\\\/\\\/www.festivox.fr\\\/blog\\\/loeil-de-lina-claude-nougaro-le-parcours-dun-coeur-battant\\\/\",\"name\":\"L\u2019\u0152il de l\u2019INA : Claude Nougaro, le parcours d\u2019un c\u0153ur battant - FESTIVOX\",\"isPartOf\":{\"@id\":\"https:\\\/\\\/www.festivox.fr\\\/blog\\\/#website\"},\"primaryImageOfPage\":{\"@id\":\"https:\\\/\\\/www.festivox.fr\\\/blog\\\/loeil-de-lina-claude-nougaro-le-parcours-dun-coeur-battant\\\/#primaryimage\"},\"image\":{\"@id\":\"https:\\\/\\\/www.festivox.fr\\\/blog\\\/loeil-de-lina-claude-nougaro-le-parcours-dun-coeur-battant\\\/#primaryimage\"},\"thumbnailUrl\":\"https:\\\/\\\/www.festivox.fr\\\/blog\\\/wp-content\\\/uploads\\\/2024\\\/06\\\/loeil-de-lina-claude-nougaro-le-parcours-dun-coeur-battant.jpg\",\"datePublished\":\"2024-06-21T20:22:00+00:00\",\"breadcrumb\":{\"@id\":\"https:\\\/\\\/www.festivox.fr\\\/blog\\\/loeil-de-lina-claude-nougaro-le-parcours-dun-coeur-battant\\\/#breadcrumb\"},\"inLanguage\":\"fr-FR\",\"potentialAction\":[{\"@type\":\"ReadAction\",\"target\":[\"https:\\\/\\\/www.festivox.fr\\\/blog\\\/loeil-de-lina-claude-nougaro-le-parcours-dun-coeur-battant\\\/\"]}]},{\"@type\":\"ImageObject\",\"inLanguage\":\"fr-FR\",\"@id\":\"https:\\\/\\\/www.festivox.fr\\\/blog\\\/loeil-de-lina-claude-nougaro-le-parcours-dun-coeur-battant\\\/#primaryimage\",\"url\":\"https:\\\/\\\/www.festivox.fr\\\/blog\\\/wp-content\\\/uploads\\\/2024\\\/06\\\/loeil-de-lina-claude-nougaro-le-parcours-dun-coeur-battant.jpg\",\"contentUrl\":\"https:\\\/\\\/www.festivox.fr\\\/blog\\\/wp-content\\\/uploads\\\/2024\\\/06\\\/loeil-de-lina-claude-nougaro-le-parcours-dun-coeur-battant.jpg\",\"width\":1200,\"height\":630},{\"@type\":\"BreadcrumbList\",\"@id\":\"https:\\\/\\\/www.festivox.fr\\\/blog\\\/loeil-de-lina-claude-nougaro-le-parcours-dun-coeur-battant\\\/#breadcrumb\",\"itemListElement\":[{\"@type\":\"ListItem\",\"position\":1,\"name\":\"Accueil\",\"item\":\"https:\\\/\\\/www.festivox.fr\\\/blog\\\/\"},{\"@type\":\"ListItem\",\"position\":2,\"name\":\"L\u2019\u0152il de l\u2019INA : Claude Nougaro, le parcours d\u2019un c\u0153ur battant\"}]},{\"@type\":\"WebSite\",\"@id\":\"https:\\\/\\\/www.festivox.fr\\\/blog\\\/#website\",\"url\":\"https:\\\/\\\/www.festivox.fr\\\/blog\\\/\",\"name\":\"FESTIVOX\",\"description\":\"Festival en mode guinguette.\",\"publisher\":{\"@id\":\"https:\\\/\\\/www.festivox.fr\\\/blog\\\/#organization\"},\"potentialAction\":[{\"@type\":\"SearchAction\",\"target\":{\"@type\":\"EntryPoint\",\"urlTemplate\":\"https:\\\/\\\/www.festivox.fr\\\/blog\\\/?s={search_term_string}\"},\"query-input\":{\"@type\":\"PropertyValueSpecification\",\"valueRequired\":true,\"valueName\":\"search_term_string\"}}],\"inLanguage\":\"fr-FR\"},{\"@type\":\"Organization\",\"@id\":\"https:\\\/\\\/www.festivox.fr\\\/blog\\\/#organization\",\"name\":\"festivox\",\"url\":\"https:\\\/\\\/www.festivox.fr\\\/blog\\\/\",\"logo\":{\"@type\":\"ImageObject\",\"inLanguage\":\"fr-FR\",\"@id\":\"https:\\\/\\\/www.festivox.fr\\\/blog\\\/#\\\/schema\\\/logo\\\/image\\\/\",\"url\":\"https:\\\/\\\/www.festivox.fr\\\/blog\\\/wp-content\\\/uploads\\\/2023\\\/06\\\/logo-2.png\",\"contentUrl\":\"https:\\\/\\\/www.festivox.fr\\\/blog\\\/wp-content\\\/uploads\\\/2023\\\/06\\\/logo-2.png\",\"width\":480,\"height\":160,\"caption\":\"festivox\"},\"image\":{\"@id\":\"https:\\\/\\\/www.festivox.fr\\\/blog\\\/#\\\/schema\\\/logo\\\/image\\\/\"}},{\"@type\":\"Person\",\"@id\":\"https:\\\/\\\/www.festivox.fr\\\/blog\\\/#\\\/schema\\\/person\\\/f36a8b6bc94800c3eafed4bca993ce95\",\"name\":\"Michele\",\"image\":{\"@type\":\"ImageObject\",\"inLanguage\":\"fr-FR\",\"@id\":\"https:\\\/\\\/secure.gravatar.com\\\/avatar\\\/b062046536b5d47ec9075956ec349ef95ed06b0f910c578f74abb318668b702e?s=96&d=mm&r=g\",\"url\":\"https:\\\/\\\/secure.gravatar.com\\\/avatar\\\/b062046536b5d47ec9075956ec349ef95ed06b0f910c578f74abb318668b702e?s=96&d=mm&r=g\",\"contentUrl\":\"https:\\\/\\\/secure.gravatar.com\\\/avatar\\\/b062046536b5d47ec9075956ec349ef95ed06b0f910c578f74abb318668b702e?s=96&d=mm&r=g\",\"caption\":\"Michele\"},\"sameAs\":[\"https:\\\/\\\/www.festivox.fr\\\/blog\"],\"url\":\"https:\\\/\\\/www.festivox.fr\\\/blog\\\/author\\\/voxadmin\\\/\"}]}<\/script>\n<!-- \/ Yoast SEO plugin. -->","yoast_head_json":{"title":"L\u2019\u0152il de l\u2019INA : Claude Nougaro, le parcours d\u2019un c\u0153ur battant - FESTIVOX","robots":{"index":"index","follow":"follow","max-snippet":"max-snippet:-1","max-image-preview":"max-image-preview:large","max-video-preview":"max-video-preview:-1"},"canonical":"https:\/\/www.festivox.fr\/blog\/loeil-de-lina-claude-nougaro-le-parcours-dun-coeur-battant\/","og_locale":"fr_FR","og_type":"article","og_title":"L\u2019\u0152il de l\u2019INA : Claude Nougaro, le parcours d\u2019un c\u0153ur battant - FESTIVOX","og_description":"Madelen propose de revivre les plus grands tubes du chanteur toulousain et organise un concert patrimonial au Grand Rex le 25 juin. \u00abMes confr\u00e8res m\u00e8nent leur vie \u00e0 guichets ferm\u00e9s, moi, je la vis \u00e0 tombeau ouvert&nbsp;\u00bb. \u00c0 la fin des ann\u00e9es 1980, Claude Nougaro r\u00e9sumait ainsi son parcours, sans imaginer un seul instant qu\u2019en&hellip;","og_url":"https:\/\/www.festivox.fr\/blog\/loeil-de-lina-claude-nougaro-le-parcours-dun-coeur-battant\/","og_site_name":"FESTIVOX","article_published_time":"2024-06-21T20:22:00+00:00","og_image":[{"url":"https:\/\/www.festivox.fr\/blog\/wp-content\/uploads\/2024\/06\/loeil-de-lina-claude-nougaro-le-parcours-dun-coeur-battant.jpg","type":"","width":"","height":""}],"author":"Michele","twitter_card":"summary_large_image","twitter_misc":{"\u00c9crit par":"Michele","Dur\u00e9e de lecture estim\u00e9e":"4 minutes"},"schema":{"@context":"https:\/\/schema.org","@graph":[{"@type":"Article","@id":"https:\/\/www.festivox.fr\/blog\/loeil-de-lina-claude-nougaro-le-parcours-dun-coeur-battant\/#article","isPartOf":{"@id":"https:\/\/www.festivox.fr\/blog\/loeil-de-lina-claude-nougaro-le-parcours-dun-coeur-battant\/"},"author":{"name":"Michele","@id":"https:\/\/www.festivox.fr\/blog\/#\/schema\/person\/f36a8b6bc94800c3eafed4bca993ce95"},"headline":"L\u2019\u0152il de l\u2019INA : Claude Nougaro, le parcours d\u2019un c\u0153ur battant","datePublished":"2024-06-21T20:22:00+00:00","mainEntityOfPage":{"@id":"https:\/\/www.festivox.fr\/blog\/loeil-de-lina-claude-nougaro-le-parcours-dun-coeur-battant\/"},"wordCount":895,"publisher":{"@id":"https:\/\/www.festivox.fr\/blog\/#organization"},"image":{"@id":"https:\/\/www.festivox.fr\/blog\/loeil-de-lina-claude-nougaro-le-parcours-dun-coeur-battant\/#primaryimage"},"thumbnailUrl":"https:\/\/www.festivox.fr\/blog\/wp-content\/uploads\/2024\/06\/loeil-de-lina-claude-nougaro-le-parcours-dun-coeur-battant.jpg","articleSection":["Wiki Sur Festival Jazz Et Musique En Mode Guinguette:"],"inLanguage":"fr-FR"},{"@type":"WebPage","@id":"https:\/\/www.festivox.fr\/blog\/loeil-de-lina-claude-nougaro-le-parcours-dun-coeur-battant\/","url":"https:\/\/www.festivox.fr\/blog\/loeil-de-lina-claude-nougaro-le-parcours-dun-coeur-battant\/","name":"L\u2019\u0152il de l\u2019INA : Claude Nougaro, le parcours d\u2019un c\u0153ur battant - FESTIVOX","isPartOf":{"@id":"https:\/\/www.festivox.fr\/blog\/#website"},"primaryImageOfPage":{"@id":"https:\/\/www.festivox.fr\/blog\/loeil-de-lina-claude-nougaro-le-parcours-dun-coeur-battant\/#primaryimage"},"image":{"@id":"https:\/\/www.festivox.fr\/blog\/loeil-de-lina-claude-nougaro-le-parcours-dun-coeur-battant\/#primaryimage"},"thumbnailUrl":"https:\/\/www.festivox.fr\/blog\/wp-content\/uploads\/2024\/06\/loeil-de-lina-claude-nougaro-le-parcours-dun-coeur-battant.jpg","datePublished":"2024-06-21T20:22:00+00:00","breadcrumb":{"@id":"https:\/\/www.festivox.fr\/blog\/loeil-de-lina-claude-nougaro-le-parcours-dun-coeur-battant\/#breadcrumb"},"inLanguage":"fr-FR","potentialAction":[{"@type":"ReadAction","target":["https:\/\/www.festivox.fr\/blog\/loeil-de-lina-claude-nougaro-le-parcours-dun-coeur-battant\/"]}]},{"@type":"ImageObject","inLanguage":"fr-FR","@id":"https:\/\/www.festivox.fr\/blog\/loeil-de-lina-claude-nougaro-le-parcours-dun-coeur-battant\/#primaryimage","url":"https:\/\/www.festivox.fr\/blog\/wp-content\/uploads\/2024\/06\/loeil-de-lina-claude-nougaro-le-parcours-dun-coeur-battant.jpg","contentUrl":"https:\/\/www.festivox.fr\/blog\/wp-content\/uploads\/2024\/06\/loeil-de-lina-claude-nougaro-le-parcours-dun-coeur-battant.jpg","width":1200,"height":630},{"@type":"BreadcrumbList","@id":"https:\/\/www.festivox.fr\/blog\/loeil-de-lina-claude-nougaro-le-parcours-dun-coeur-battant\/#breadcrumb","itemListElement":[{"@type":"ListItem","position":1,"name":"Accueil","item":"https:\/\/www.festivox.fr\/blog\/"},{"@type":"ListItem","position":2,"name":"L\u2019\u0152il de l\u2019INA : Claude Nougaro, le parcours d\u2019un c\u0153ur battant"}]},{"@type":"WebSite","@id":"https:\/\/www.festivox.fr\/blog\/#website","url":"https:\/\/www.festivox.fr\/blog\/","name":"FESTIVOX","description":"Festival en mode guinguette.","publisher":{"@id":"https:\/\/www.festivox.fr\/blog\/#organization"},"potentialAction":[{"@type":"SearchAction","target":{"@type":"EntryPoint","urlTemplate":"https:\/\/www.festivox.fr\/blog\/?s={search_term_string}"},"query-input":{"@type":"PropertyValueSpecification","valueRequired":true,"valueName":"search_term_string"}}],"inLanguage":"fr-FR"},{"@type":"Organization","@id":"https:\/\/www.festivox.fr\/blog\/#organization","name":"festivox","url":"https:\/\/www.festivox.fr\/blog\/","logo":{"@type":"ImageObject","inLanguage":"fr-FR","@id":"https:\/\/www.festivox.fr\/blog\/#\/schema\/logo\/image\/","url":"https:\/\/www.festivox.fr\/blog\/wp-content\/uploads\/2023\/06\/logo-2.png","contentUrl":"https:\/\/www.festivox.fr\/blog\/wp-content\/uploads\/2023\/06\/logo-2.png","width":480,"height":160,"caption":"festivox"},"image":{"@id":"https:\/\/www.festivox.fr\/blog\/#\/schema\/logo\/image\/"}},{"@type":"Person","@id":"https:\/\/www.festivox.fr\/blog\/#\/schema\/person\/f36a8b6bc94800c3eafed4bca993ce95","name":"Michele","image":{"@type":"ImageObject","inLanguage":"fr-FR","@id":"https:\/\/secure.gravatar.com\/avatar\/b062046536b5d47ec9075956ec349ef95ed06b0f910c578f74abb318668b702e?s=96&d=mm&r=g","url":"https:\/\/secure.gravatar.com\/avatar\/b062046536b5d47ec9075956ec349ef95ed06b0f910c578f74abb318668b702e?s=96&d=mm&r=g","contentUrl":"https:\/\/secure.gravatar.com\/avatar\/b062046536b5d47ec9075956ec349ef95ed06b0f910c578f74abb318668b702e?s=96&d=mm&r=g","caption":"Michele"},"sameAs":["https:\/\/www.festivox.fr\/blog"],"url":"https:\/\/www.festivox.fr\/blog\/author\/voxadmin\/"}]}},"_links":{"self":[{"href":"https:\/\/www.festivox.fr\/blog\/wp-json\/wp\/v2\/posts\/929","targetHints":{"allow":["GET"]}}],"collection":[{"href":"https:\/\/www.festivox.fr\/blog\/wp-json\/wp\/v2\/posts"}],"about":[{"href":"https:\/\/www.festivox.fr\/blog\/wp-json\/wp\/v2\/types\/post"}],"author":[{"embeddable":true,"href":"https:\/\/www.festivox.fr\/blog\/wp-json\/wp\/v2\/users\/1"}],"replies":[{"embeddable":true,"href":"https:\/\/www.festivox.fr\/blog\/wp-json\/wp\/v2\/comments?post=929"}],"version-history":[{"count":0,"href":"https:\/\/www.festivox.fr\/blog\/wp-json\/wp\/v2\/posts\/929\/revisions"}],"wp:featuredmedia":[{"embeddable":true,"href":"https:\/\/www.festivox.fr\/blog\/wp-json\/wp\/v2\/media\/930"}],"wp:attachment":[{"href":"https:\/\/www.festivox.fr\/blog\/wp-json\/wp\/v2\/media?parent=929"}],"wp:term":[{"taxonomy":"category","embeddable":true,"href":"https:\/\/www.festivox.fr\/blog\/wp-json\/wp\/v2\/categories?post=929"},{"taxonomy":"post_tag","embeddable":true,"href":"https:\/\/www.festivox.fr\/blog\/wp-json\/wp\/v2\/tags?post=929"}],"curies":[{"name":"wp","href":"https:\/\/api.w.org\/{rel}","templated":true}]}}