{"id":919,"date":"2024-06-19T09:59:00","date_gmt":"2024-06-19T07:59:00","guid":{"rendered":"https:\/\/www.festivox.fr\/blog\/bayonne-tout-savoir-sur-le-programme-de-la-fete-de-la-musique-2024\/"},"modified":"2024-06-19T09:59:00","modified_gmt":"2024-06-19T07:59:00","slug":"bayonne-tout-savoir-sur-le-programme-de-la-fete-de-la-musique-2024","status":"publish","type":"post","link":"https:\/\/www.festivox.fr\/blog\/bayonne-tout-savoir-sur-le-programme-de-la-fete-de-la-musique-2024\/","title":{"rendered":"Bayonne : tout savoir sur le programme de la F\u00eate de la musique 2024"},"content":{"rendered":"\n<div><img decoding=\"async\" src=\"https:\/\/www.festivox.fr\/blog\/wp-content\/uploads\/2024\/06\/bayonne-tout-savoir-sur-le-programme-de-la-fete-de-la-musique-2024.jpg\" class=\"ff-og-image-inserted\"><\/div>\n<div class=\"related-article base-margin-bottom\"> <span class=\"badge\">Sur le m\u00eame sujet<\/span> <\/div>\n<p><a href=\"https:\/\/www.bayonne.fr\/cest-a-bayonne\/agenda\/grands-rendez-vous\/fete-de-la-musique\" target=\"_blank\" rel=\"nofollow noopener\">Difficile d\u2019\u00eatre exhaustif<\/a>, mais en passant place de la Libert\u00e9, on pourra \u00e9couter d\u00e8s 19 heures paso doble, valse, tango, musique d\u2019ambiance avec Tendido 6. Arnaud Saubiette prendra le relais \u00e0 21 heures. Place Pasteur, c\u2019est Pourkoi Pas qui revisite le r\u00e9pertoire Pop Rock. Ils f\u00eateront leurs 25&nbsp;ans ainsi que leur retour sur la sc\u00e8ne de Bayonne.<\/p>\n<p>Un peu plus bas, place Jacques-Portes et sur le carreau des halles, danses hip-hop, africaine, hawa\u00efenne et traditionnelle vont s\u2019encha\u00eener avec Afrika Dambo, le collectif Bilaka, Africabayonne, street art studio ou l\u2019\u00e9cole Mana o T\u00e9 Ori.<\/p>\n<h2 class=\"article-subtitle\">Reggae et java<\/h2>\n<p>Place la R\u00e9publique, Zeze propose un battle musical entre des samples \u00e9lectros et ses instruments traditionnels du monde&nbsp;: txistu, xirula, ttun ttun\u2026 Tandis que sur l\u2019esplanade Roland-Barthes, se m\u00ealeront au reggae, des sonorit\u00e9s traditionnelles basques. \u00ab&nbsp;N\u00e9 du d\u00e9sir des membres du groupe Xiberoots de porter leur langue natale au travers du reggae, la musique du groupe \u00e9volue rapidement enrichie par la personnalit\u00e9 et l\u2019univers de chaque membre&nbsp;\u00bb, pr\u00e9cisent les organisateurs.<\/p>\n<p> Cet article, qui traite du th\u00e8me \u00ab\u00a0Festival Jazz et musique en mode guinguette\u00a0\u00bb, vous est d\u00e9lib\u00e9r\u00e9ment offert par festivox.fr. La raison d\u2019\u00eatre de festivox.fr est de parler de Festival Jazz et musique en mode guinguette dans la transparence la plus g\u00e9n\u00e9rale en vous procurant la visibilit\u00e9 de tout ce qui est publi\u00e9 sur ce sujet sur le web La chronique a \u00e9t\u00e9 g\u00e9n\u00e9r\u00e9e de la mani\u00e8re la plus honn\u00eate que possible. S\u2019il advenait que vous projetez d\u2019apporter quelques notes concernant le domaine de \u00ab\u00a0Festival Jazz et musique en mode guinguette\u00a0\u00bb vous avez la possibilit\u00e9 de d&rsquo;\u00e9changer avec notre r\u00e9daction. Dans peu de temps, on mettra en ligne d&rsquo;autres informations pertinentes autour du sujet \u00ab\u00a0Festival Jazz et musique en mode guinguette\u00a0\u00bb. Ainsi, consultez r\u00e9guli\u00e8rement notre site.<\/p>\n","protected":false},"excerpt":{"rendered":"<p>Sur le m\u00eame sujet Difficile d\u2019\u00eatre exhaustif, mais en passant place de la Libert\u00e9, on pourra \u00e9couter d\u00e8s 19 heures paso doble, valse, tango, musique d\u2019ambiance avec Tendido 6. Arnaud Saubiette prendra le relais \u00e0 21 heures. Place Pasteur, c\u2019est Pourkoi Pas qui revisite le r\u00e9pertoire Pop Rock. Ils f\u00eateront leurs 25&nbsp;ans ainsi que leur&hellip;<\/p>\n","protected":false},"author":1,"featured_media":920,"comment_status":"closed","ping_status":"closed","sticky":false,"template":"","format":"standard","meta":{"footnotes":""},"categories":[3],"tags":[],"class_list":["post-919","post","type-post","status-publish","format-standard","has-post-thumbnail","hentry","category-wiki-sur-festival-jazz-et-musique-en-mode-guinguette"],"yoast_head":"<!-- This site is optimized with the Yoast SEO plugin v27.5 - https:\/\/yoast.com\/product\/yoast-seo-wordpress\/ -->\n<title>Bayonne : tout savoir sur le programme de la F\u00eate de la musique 2024 - FESTIVOX<\/title>\n<meta name=\"robots\" content=\"index, follow, max-snippet:-1, max-image-preview:large, max-video-preview:-1\" \/>\n<link rel=\"canonical\" href=\"https:\/\/www.festivox.fr\/blog\/bayonne-tout-savoir-sur-le-programme-de-la-fete-de-la-musique-2024\/\" \/>\n<meta property=\"og:locale\" content=\"fr_FR\" \/>\n<meta property=\"og:type\" content=\"article\" \/>\n<meta property=\"og:title\" content=\"Bayonne : tout savoir sur le programme de la F\u00eate de la musique 2024 - FESTIVOX\" \/>\n<meta property=\"og:description\" content=\"Sur le m\u00eame sujet Difficile d\u2019\u00eatre exhaustif, mais en passant place de la Libert\u00e9, on pourra \u00e9couter d\u00e8s 19 heures paso doble, valse, tango, musique d\u2019ambiance avec Tendido 6. Arnaud Saubiette prendra le relais \u00e0 21 heures. Place Pasteur, c\u2019est Pourkoi Pas qui revisite le r\u00e9pertoire Pop Rock. Ils f\u00eateront leurs 25&nbsp;ans ainsi que leur&hellip;\" \/>\n<meta property=\"og:url\" content=\"https:\/\/www.festivox.fr\/blog\/bayonne-tout-savoir-sur-le-programme-de-la-fete-de-la-musique-2024\/\" \/>\n<meta property=\"og:site_name\" content=\"FESTIVOX\" \/>\n<meta property=\"article:published_time\" content=\"2024-06-19T07:59:00+00:00\" \/>\n<meta property=\"og:image\" content=\"https:\/\/www.festivox.fr\/blog\/wp-content\/uploads\/2024\/06\/bayonne-tout-savoir-sur-le-programme-de-la-fete-de-la-musique-2024.jpg\" \/>\n<meta name=\"author\" content=\"Michele\" \/>\n<meta name=\"twitter:card\" content=\"summary_large_image\" \/>\n<meta name=\"twitter:label1\" content=\"\u00c9crit par\" \/>\n\t<meta name=\"twitter:data1\" content=\"Michele\" \/>\n\t<meta name=\"twitter:label2\" content=\"Dur\u00e9e de lecture estim\u00e9e\" \/>\n\t<meta name=\"twitter:data2\" content=\"2 minutes\" \/>\n<script type=\"application\/ld+json\" class=\"yoast-schema-graph\">{\"@context\":\"https:\\\/\\\/schema.org\",\"@graph\":[{\"@type\":\"Article\",\"@id\":\"https:\\\/\\\/www.festivox.fr\\\/blog\\\/bayonne-tout-savoir-sur-le-programme-de-la-fete-de-la-musique-2024\\\/#article\",\"isPartOf\":{\"@id\":\"https:\\\/\\\/www.festivox.fr\\\/blog\\\/bayonne-tout-savoir-sur-le-programme-de-la-fete-de-la-musique-2024\\\/\"},\"author\":{\"name\":\"Michele\",\"@id\":\"https:\\\/\\\/www.festivox.fr\\\/blog\\\/#\\\/schema\\\/person\\\/f36a8b6bc94800c3eafed4bca993ce95\"},\"headline\":\"Bayonne : tout savoir sur le programme de la F\u00eate de la musique 2024\",\"datePublished\":\"2024-06-19T07:59:00+00:00\",\"mainEntityOfPage\":{\"@id\":\"https:\\\/\\\/www.festivox.fr\\\/blog\\\/bayonne-tout-savoir-sur-le-programme-de-la-fete-de-la-musique-2024\\\/\"},\"wordCount\":347,\"publisher\":{\"@id\":\"https:\\\/\\\/www.festivox.fr\\\/blog\\\/#organization\"},\"image\":{\"@id\":\"https:\\\/\\\/www.festivox.fr\\\/blog\\\/bayonne-tout-savoir-sur-le-programme-de-la-fete-de-la-musique-2024\\\/#primaryimage\"},\"thumbnailUrl\":\"https:\\\/\\\/www.festivox.fr\\\/blog\\\/wp-content\\\/uploads\\\/2024\\\/06\\\/bayonne-tout-savoir-sur-le-programme-de-la-fete-de-la-musique-2024.jpg\",\"articleSection\":[\"Wiki Sur Festival Jazz Et Musique En Mode Guinguette:\"],\"inLanguage\":\"fr-FR\"},{\"@type\":\"WebPage\",\"@id\":\"https:\\\/\\\/www.festivox.fr\\\/blog\\\/bayonne-tout-savoir-sur-le-programme-de-la-fete-de-la-musique-2024\\\/\",\"url\":\"https:\\\/\\\/www.festivox.fr\\\/blog\\\/bayonne-tout-savoir-sur-le-programme-de-la-fete-de-la-musique-2024\\\/\",\"name\":\"Bayonne : tout savoir sur le programme de la F\u00eate de la musique 2024 - FESTIVOX\",\"isPartOf\":{\"@id\":\"https:\\\/\\\/www.festivox.fr\\\/blog\\\/#website\"},\"primaryImageOfPage\":{\"@id\":\"https:\\\/\\\/www.festivox.fr\\\/blog\\\/bayonne-tout-savoir-sur-le-programme-de-la-fete-de-la-musique-2024\\\/#primaryimage\"},\"image\":{\"@id\":\"https:\\\/\\\/www.festivox.fr\\\/blog\\\/bayonne-tout-savoir-sur-le-programme-de-la-fete-de-la-musique-2024\\\/#primaryimage\"},\"thumbnailUrl\":\"https:\\\/\\\/www.festivox.fr\\\/blog\\\/wp-content\\\/uploads\\\/2024\\\/06\\\/bayonne-tout-savoir-sur-le-programme-de-la-fete-de-la-musique-2024.jpg\",\"datePublished\":\"2024-06-19T07:59:00+00:00\",\"breadcrumb\":{\"@id\":\"https:\\\/\\\/www.festivox.fr\\\/blog\\\/bayonne-tout-savoir-sur-le-programme-de-la-fete-de-la-musique-2024\\\/#breadcrumb\"},\"inLanguage\":\"fr-FR\",\"potentialAction\":[{\"@type\":\"ReadAction\",\"target\":[\"https:\\\/\\\/www.festivox.fr\\\/blog\\\/bayonne-tout-savoir-sur-le-programme-de-la-fete-de-la-musique-2024\\\/\"]}]},{\"@type\":\"ImageObject\",\"inLanguage\":\"fr-FR\",\"@id\":\"https:\\\/\\\/www.festivox.fr\\\/blog\\\/bayonne-tout-savoir-sur-le-programme-de-la-fete-de-la-musique-2024\\\/#primaryimage\",\"url\":\"https:\\\/\\\/www.festivox.fr\\\/blog\\\/wp-content\\\/uploads\\\/2024\\\/06\\\/bayonne-tout-savoir-sur-le-programme-de-la-fete-de-la-musique-2024.jpg\",\"contentUrl\":\"https:\\\/\\\/www.festivox.fr\\\/blog\\\/wp-content\\\/uploads\\\/2024\\\/06\\\/bayonne-tout-savoir-sur-le-programme-de-la-fete-de-la-musique-2024.jpg\",\"width\":1200,\"height\":800},{\"@type\":\"BreadcrumbList\",\"@id\":\"https:\\\/\\\/www.festivox.fr\\\/blog\\\/bayonne-tout-savoir-sur-le-programme-de-la-fete-de-la-musique-2024\\\/#breadcrumb\",\"itemListElement\":[{\"@type\":\"ListItem\",\"position\":1,\"name\":\"Accueil\",\"item\":\"https:\\\/\\\/www.festivox.fr\\\/blog\\\/\"},{\"@type\":\"ListItem\",\"position\":2,\"name\":\"Bayonne : tout savoir sur le programme de la F\u00eate de la musique 2024\"}]},{\"@type\":\"WebSite\",\"@id\":\"https:\\\/\\\/www.festivox.fr\\\/blog\\\/#website\",\"url\":\"https:\\\/\\\/www.festivox.fr\\\/blog\\\/\",\"name\":\"FESTIVOX\",\"description\":\"Festival en mode guinguette.\",\"publisher\":{\"@id\":\"https:\\\/\\\/www.festivox.fr\\\/blog\\\/#organization\"},\"potentialAction\":[{\"@type\":\"SearchAction\",\"target\":{\"@type\":\"EntryPoint\",\"urlTemplate\":\"https:\\\/\\\/www.festivox.fr\\\/blog\\\/?s={search_term_string}\"},\"query-input\":{\"@type\":\"PropertyValueSpecification\",\"valueRequired\":true,\"valueName\":\"search_term_string\"}}],\"inLanguage\":\"fr-FR\"},{\"@type\":\"Organization\",\"@id\":\"https:\\\/\\\/www.festivox.fr\\\/blog\\\/#organization\",\"name\":\"festivox\",\"url\":\"https:\\\/\\\/www.festivox.fr\\\/blog\\\/\",\"logo\":{\"@type\":\"ImageObject\",\"inLanguage\":\"fr-FR\",\"@id\":\"https:\\\/\\\/www.festivox.fr\\\/blog\\\/#\\\/schema\\\/logo\\\/image\\\/\",\"url\":\"https:\\\/\\\/www.festivox.fr\\\/blog\\\/wp-content\\\/uploads\\\/2023\\\/06\\\/logo-2.png\",\"contentUrl\":\"https:\\\/\\\/www.festivox.fr\\\/blog\\\/wp-content\\\/uploads\\\/2023\\\/06\\\/logo-2.png\",\"width\":480,\"height\":160,\"caption\":\"festivox\"},\"image\":{\"@id\":\"https:\\\/\\\/www.festivox.fr\\\/blog\\\/#\\\/schema\\\/logo\\\/image\\\/\"}},{\"@type\":\"Person\",\"@id\":\"https:\\\/\\\/www.festivox.fr\\\/blog\\\/#\\\/schema\\\/person\\\/f36a8b6bc94800c3eafed4bca993ce95\",\"name\":\"Michele\",\"image\":{\"@type\":\"ImageObject\",\"inLanguage\":\"fr-FR\",\"@id\":\"https:\\\/\\\/secure.gravatar.com\\\/avatar\\\/b062046536b5d47ec9075956ec349ef95ed06b0f910c578f74abb318668b702e?s=96&d=mm&r=g\",\"url\":\"https:\\\/\\\/secure.gravatar.com\\\/avatar\\\/b062046536b5d47ec9075956ec349ef95ed06b0f910c578f74abb318668b702e?s=96&d=mm&r=g\",\"contentUrl\":\"https:\\\/\\\/secure.gravatar.com\\\/avatar\\\/b062046536b5d47ec9075956ec349ef95ed06b0f910c578f74abb318668b702e?s=96&d=mm&r=g\",\"caption\":\"Michele\"},\"sameAs\":[\"https:\\\/\\\/www.festivox.fr\\\/blog\"],\"url\":\"https:\\\/\\\/www.festivox.fr\\\/blog\\\/author\\\/voxadmin\\\/\"}]}<\/script>\n<!-- \/ Yoast SEO plugin. -->","yoast_head_json":{"title":"Bayonne : tout savoir sur le programme de la F\u00eate de la musique 2024 - FESTIVOX","robots":{"index":"index","follow":"follow","max-snippet":"max-snippet:-1","max-image-preview":"max-image-preview:large","max-video-preview":"max-video-preview:-1"},"canonical":"https:\/\/www.festivox.fr\/blog\/bayonne-tout-savoir-sur-le-programme-de-la-fete-de-la-musique-2024\/","og_locale":"fr_FR","og_type":"article","og_title":"Bayonne : tout savoir sur le programme de la F\u00eate de la musique 2024 - FESTIVOX","og_description":"Sur le m\u00eame sujet Difficile d\u2019\u00eatre exhaustif, mais en passant place de la Libert\u00e9, on pourra \u00e9couter d\u00e8s 19 heures paso doble, valse, tango, musique d\u2019ambiance avec Tendido 6. Arnaud Saubiette prendra le relais \u00e0 21 heures. Place Pasteur, c\u2019est Pourkoi Pas qui revisite le r\u00e9pertoire Pop Rock. Ils f\u00eateront leurs 25&nbsp;ans ainsi que leur&hellip;","og_url":"https:\/\/www.festivox.fr\/blog\/bayonne-tout-savoir-sur-le-programme-de-la-fete-de-la-musique-2024\/","og_site_name":"FESTIVOX","article_published_time":"2024-06-19T07:59:00+00:00","og_image":[{"url":"https:\/\/www.festivox.fr\/blog\/wp-content\/uploads\/2024\/06\/bayonne-tout-savoir-sur-le-programme-de-la-fete-de-la-musique-2024.jpg","type":"","width":"","height":""}],"author":"Michele","twitter_card":"summary_large_image","twitter_misc":{"\u00c9crit par":"Michele","Dur\u00e9e de lecture estim\u00e9e":"2 minutes"},"schema":{"@context":"https:\/\/schema.org","@graph":[{"@type":"Article","@id":"https:\/\/www.festivox.fr\/blog\/bayonne-tout-savoir-sur-le-programme-de-la-fete-de-la-musique-2024\/#article","isPartOf":{"@id":"https:\/\/www.festivox.fr\/blog\/bayonne-tout-savoir-sur-le-programme-de-la-fete-de-la-musique-2024\/"},"author":{"name":"Michele","@id":"https:\/\/www.festivox.fr\/blog\/#\/schema\/person\/f36a8b6bc94800c3eafed4bca993ce95"},"headline":"Bayonne : tout savoir sur le programme de la F\u00eate de la musique 2024","datePublished":"2024-06-19T07:59:00+00:00","mainEntityOfPage":{"@id":"https:\/\/www.festivox.fr\/blog\/bayonne-tout-savoir-sur-le-programme-de-la-fete-de-la-musique-2024\/"},"wordCount":347,"publisher":{"@id":"https:\/\/www.festivox.fr\/blog\/#organization"},"image":{"@id":"https:\/\/www.festivox.fr\/blog\/bayonne-tout-savoir-sur-le-programme-de-la-fete-de-la-musique-2024\/#primaryimage"},"thumbnailUrl":"https:\/\/www.festivox.fr\/blog\/wp-content\/uploads\/2024\/06\/bayonne-tout-savoir-sur-le-programme-de-la-fete-de-la-musique-2024.jpg","articleSection":["Wiki Sur Festival Jazz Et Musique En Mode Guinguette:"],"inLanguage":"fr-FR"},{"@type":"WebPage","@id":"https:\/\/www.festivox.fr\/blog\/bayonne-tout-savoir-sur-le-programme-de-la-fete-de-la-musique-2024\/","url":"https:\/\/www.festivox.fr\/blog\/bayonne-tout-savoir-sur-le-programme-de-la-fete-de-la-musique-2024\/","name":"Bayonne : tout savoir sur le programme de la F\u00eate de la musique 2024 - FESTIVOX","isPartOf":{"@id":"https:\/\/www.festivox.fr\/blog\/#website"},"primaryImageOfPage":{"@id":"https:\/\/www.festivox.fr\/blog\/bayonne-tout-savoir-sur-le-programme-de-la-fete-de-la-musique-2024\/#primaryimage"},"image":{"@id":"https:\/\/www.festivox.fr\/blog\/bayonne-tout-savoir-sur-le-programme-de-la-fete-de-la-musique-2024\/#primaryimage"},"thumbnailUrl":"https:\/\/www.festivox.fr\/blog\/wp-content\/uploads\/2024\/06\/bayonne-tout-savoir-sur-le-programme-de-la-fete-de-la-musique-2024.jpg","datePublished":"2024-06-19T07:59:00+00:00","breadcrumb":{"@id":"https:\/\/www.festivox.fr\/blog\/bayonne-tout-savoir-sur-le-programme-de-la-fete-de-la-musique-2024\/#breadcrumb"},"inLanguage":"fr-FR","potentialAction":[{"@type":"ReadAction","target":["https:\/\/www.festivox.fr\/blog\/bayonne-tout-savoir-sur-le-programme-de-la-fete-de-la-musique-2024\/"]}]},{"@type":"ImageObject","inLanguage":"fr-FR","@id":"https:\/\/www.festivox.fr\/blog\/bayonne-tout-savoir-sur-le-programme-de-la-fete-de-la-musique-2024\/#primaryimage","url":"https:\/\/www.festivox.fr\/blog\/wp-content\/uploads\/2024\/06\/bayonne-tout-savoir-sur-le-programme-de-la-fete-de-la-musique-2024.jpg","contentUrl":"https:\/\/www.festivox.fr\/blog\/wp-content\/uploads\/2024\/06\/bayonne-tout-savoir-sur-le-programme-de-la-fete-de-la-musique-2024.jpg","width":1200,"height":800},{"@type":"BreadcrumbList","@id":"https:\/\/www.festivox.fr\/blog\/bayonne-tout-savoir-sur-le-programme-de-la-fete-de-la-musique-2024\/#breadcrumb","itemListElement":[{"@type":"ListItem","position":1,"name":"Accueil","item":"https:\/\/www.festivox.fr\/blog\/"},{"@type":"ListItem","position":2,"name":"Bayonne : tout savoir sur le programme de la F\u00eate de la musique 2024"}]},{"@type":"WebSite","@id":"https:\/\/www.festivox.fr\/blog\/#website","url":"https:\/\/www.festivox.fr\/blog\/","name":"FESTIVOX","description":"Festival en mode guinguette.","publisher":{"@id":"https:\/\/www.festivox.fr\/blog\/#organization"},"potentialAction":[{"@type":"SearchAction","target":{"@type":"EntryPoint","urlTemplate":"https:\/\/www.festivox.fr\/blog\/?s={search_term_string}"},"query-input":{"@type":"PropertyValueSpecification","valueRequired":true,"valueName":"search_term_string"}}],"inLanguage":"fr-FR"},{"@type":"Organization","@id":"https:\/\/www.festivox.fr\/blog\/#organization","name":"festivox","url":"https:\/\/www.festivox.fr\/blog\/","logo":{"@type":"ImageObject","inLanguage":"fr-FR","@id":"https:\/\/www.festivox.fr\/blog\/#\/schema\/logo\/image\/","url":"https:\/\/www.festivox.fr\/blog\/wp-content\/uploads\/2023\/06\/logo-2.png","contentUrl":"https:\/\/www.festivox.fr\/blog\/wp-content\/uploads\/2023\/06\/logo-2.png","width":480,"height":160,"caption":"festivox"},"image":{"@id":"https:\/\/www.festivox.fr\/blog\/#\/schema\/logo\/image\/"}},{"@type":"Person","@id":"https:\/\/www.festivox.fr\/blog\/#\/schema\/person\/f36a8b6bc94800c3eafed4bca993ce95","name":"Michele","image":{"@type":"ImageObject","inLanguage":"fr-FR","@id":"https:\/\/secure.gravatar.com\/avatar\/b062046536b5d47ec9075956ec349ef95ed06b0f910c578f74abb318668b702e?s=96&d=mm&r=g","url":"https:\/\/secure.gravatar.com\/avatar\/b062046536b5d47ec9075956ec349ef95ed06b0f910c578f74abb318668b702e?s=96&d=mm&r=g","contentUrl":"https:\/\/secure.gravatar.com\/avatar\/b062046536b5d47ec9075956ec349ef95ed06b0f910c578f74abb318668b702e?s=96&d=mm&r=g","caption":"Michele"},"sameAs":["https:\/\/www.festivox.fr\/blog"],"url":"https:\/\/www.festivox.fr\/blog\/author\/voxadmin\/"}]}},"_links":{"self":[{"href":"https:\/\/www.festivox.fr\/blog\/wp-json\/wp\/v2\/posts\/919","targetHints":{"allow":["GET"]}}],"collection":[{"href":"https:\/\/www.festivox.fr\/blog\/wp-json\/wp\/v2\/posts"}],"about":[{"href":"https:\/\/www.festivox.fr\/blog\/wp-json\/wp\/v2\/types\/post"}],"author":[{"embeddable":true,"href":"https:\/\/www.festivox.fr\/blog\/wp-json\/wp\/v2\/users\/1"}],"replies":[{"embeddable":true,"href":"https:\/\/www.festivox.fr\/blog\/wp-json\/wp\/v2\/comments?post=919"}],"version-history":[{"count":0,"href":"https:\/\/www.festivox.fr\/blog\/wp-json\/wp\/v2\/posts\/919\/revisions"}],"wp:featuredmedia":[{"embeddable":true,"href":"https:\/\/www.festivox.fr\/blog\/wp-json\/wp\/v2\/media\/920"}],"wp:attachment":[{"href":"https:\/\/www.festivox.fr\/blog\/wp-json\/wp\/v2\/media?parent=919"}],"wp:term":[{"taxonomy":"category","embeddable":true,"href":"https:\/\/www.festivox.fr\/blog\/wp-json\/wp\/v2\/categories?post=919"},{"taxonomy":"post_tag","embeddable":true,"href":"https:\/\/www.festivox.fr\/blog\/wp-json\/wp\/v2\/tags?post=919"}],"curies":[{"name":"wp","href":"https:\/\/api.w.org\/{rel}","templated":true}]}}