{"id":912,"date":"2024-06-14T08:25:00","date_gmt":"2024-06-14T06:25:00","guid":{"rendered":"https:\/\/www.festivox.fr\/blog\/cote-divoire-laffirmation-dun-printemps-culturel\/"},"modified":"2024-06-14T08:25:00","modified_gmt":"2024-06-14T06:25:00","slug":"cote-divoire-laffirmation-dun-printemps-culturel","status":"publish","type":"post","link":"https:\/\/www.festivox.fr\/blog\/cote-divoire-laffirmation-dun-printemps-culturel\/","title":{"rendered":"C\u00f4te d\u2019Ivoire : l\u2019affirmation d\u2019un printemps culturel"},"content":{"rendered":"\n<p><span class=\"dflt-txt__lettrine\">V<\/span>ingt heures au <a class=\"link \" href=\"https:\/\/www.lepoint.fr\/culture\/afrique-notre-offre-artistique-est-immense-20-03-2014-1857480_3.php\" rel=\"nofollow noopener\" target=\"_blank\" data-ylk=\"slk:palais de la Culture d'Abidjan;elm:context_link;itc:0;sec:content-canvas\">palais de la Culture d&rsquo;Abidjan<\/a>, dans une ambiance foisonnante, jeunes et moins jeunes s&rsquo;activent pour ne pas manquer le d\u00e9but d&rsquo;une pi\u00e8ce de th\u00e9\u00e2tre, d&rsquo;un num\u00e9ro de cirque ou d&rsquo;un concert. Pour sa 13<sup>e<\/sup> \u00e9dition, le March\u00e9 des arts du spectacle (Masa) continue d&rsquo;attirer un public toujours plus nombreux, en provenance de tout le continent. Si les foules se pressent autour de l&rsquo;imposant b\u00e2timent de la commune de Treichville, les organisateurs ont aussi investi d&rsquo;autres lieux de la vie culturelle abidjanaise tels que la grande place Inch&rsquo;Allah de Koumassi, l&rsquo;Institut fran\u00e7ais ou les locaux de son pendant allemand, le Goethe-Institut. Derri\u00e8re cette organisation, un double objectif&nbsp;: proposer aux artistes un espace de repr\u00e9sentation international pour vendre leurs \u0153uvres, et offrir au public un large \u00e9ventail de spectacles gratuits et ouverts \u00e0 tous.<\/p>\n<figure class=\"caas-figure\">\n<div class=\"caas-figure-with-pb\">\n<div>\n<div class=\"caas-img-container caas-img-lightbox caas-img-loader\" data-lightbox-src=\"https:\/\/s.yimg.com\/ny\/api\/res\/1.2\/1WpfNb3kG52Z_iNND_yCuQ--\/YXBwaWQ9aGlnaGxhbmRlcjt3PTE2MTY7aD0xMDgw\/https:\/\/media.zenfs.com\/fr\/lepoint.fr\/770357603978683535bd3c66b957d9a4\"><span class=\"caas-img-wrapper\"><img class=\"caas-img caas-lazy has-preview\" alt=\" - Credit: \u00a9 Hadrien Degiorgi \" data-src=\"https:\/\/www.festivox.fr\/blog\/wp-content\/uploads\/2024\/06\/cote-divoire-laffirmation-dun-printemps-culturel.jpg\"><img decoding=\"async\" alt=\" - Credit: \u00a9 Hadrien Degiorgi \" src=\"https:\/\/www.festivox.fr\/blog\/wp-content\/uploads\/2024\/06\/cote-divoire-laffirmation-dun-printemps-culturel.jpg\" class=\"caas-img\"><button class=\"link caas-lightbox\" aria-label=\"Agrandir l'image\" data-ylk=\"sec:image-lightbox;slk:lightbox-open;elm:expand;itc:1\"><span class=\"openArrows icon\"><\/span><\/button><\/span><\/div>\n<\/div>\n<\/div>\n<p><figcaption class=\"caption-collapse\"> &#8211; Credit: \u00a9 Hadrien Degiorgi <\/figcaption><\/p>\n<\/figure>\n<p><span class=\"description\">Repr\u00e9sentation th\u00e9\u00e2trale du groupe Art\u2019M\u00e9nie. Abidjan, 2024.&nbsp; <\/span><span> \u00a9 Hadrien Degiorgi <\/span>Pour Abdramane Kamate, nomm\u00e9 directeur g\u00e9n\u00e9ral du Masa en 2023, les trente ans de ce rendez-vous organis\u00e9 en biennale sont le symbole d&rsquo;une \u00ab&nbsp;manifestation qui a su s&rsquo;inscrire dans la dur\u00e9e&nbsp;\u00bb. L&rsquo;homme qui a fait toutes ses classes au sein du r\u00e9seau culturel fran\u00e7ais, de N&rsquo;Djamena \u00e0 Djakarta, insiste sur les moyens d\u00e9ploy [&#8230;] <a href=\"https:\/\/www.lepoint.fr\/afrique\/cote-d-ivoire-l-affirmation-d-un-printemps-culturel-14-06-2024-2563003_3826.php\" rel=\"nofollow noopener\" target=\"_blank\" data-ylk=\"slk:Lire la suite;elm:context_link;itc:0;sec:content-canvas\" class=\"link \">Lire la suite<\/a><\/p>\n<p> Cet article, qui traite du th\u00e8me \u00ab\u00a0Festival Jazz et musique en mode guinguette\u00a0\u00bb, vous est d\u00e9lib\u00e9r\u00e9ment offert par festivox.fr. La raison d\u2019\u00eatre de festivox.fr est de parler de Festival Jazz et musique en mode guinguette dans la transparence la plus g\u00e9n\u00e9rale en vous procurant la visibilit\u00e9 de tout ce qui est publi\u00e9 sur ce sujet sur le web La chronique a \u00e9t\u00e9 g\u00e9n\u00e9r\u00e9e de la mani\u00e8re la plus honn\u00eate que possible. S\u2019il advenait que vous projetez d\u2019apporter quelques notes concernant le domaine de \u00ab\u00a0Festival Jazz et musique en mode guinguette\u00a0\u00bb vous avez la possibilit\u00e9 de d&rsquo;\u00e9changer avec notre r\u00e9daction. Dans peu de temps, on mettra en ligne d&rsquo;autres informations pertinentes autour du sujet \u00ab\u00a0Festival Jazz et musique en mode guinguette\u00a0\u00bb. Ainsi, consultez r\u00e9guli\u00e8rement notre site.<\/p>\n","protected":false},"excerpt":{"rendered":"<p>Vingt heures au palais de la Culture d&rsquo;Abidjan, dans une ambiance foisonnante, jeunes et moins jeunes s&rsquo;activent pour ne pas manquer le d\u00e9but d&rsquo;une pi\u00e8ce de th\u00e9\u00e2tre, d&rsquo;un num\u00e9ro de cirque ou d&rsquo;un concert. Pour sa 13e \u00e9dition, le March\u00e9 des arts du spectacle (Masa) continue d&rsquo;attirer un public toujours plus nombreux, en provenance de&hellip;<\/p>\n","protected":false},"author":1,"featured_media":913,"comment_status":"closed","ping_status":"closed","sticky":false,"template":"","format":"standard","meta":{"footnotes":""},"categories":[3],"tags":[],"class_list":["post-912","post","type-post","status-publish","format-standard","has-post-thumbnail","hentry","category-wiki-sur-festival-jazz-et-musique-en-mode-guinguette"],"yoast_head":"<!-- This site is optimized with the Yoast SEO plugin v27.5 - https:\/\/yoast.com\/product\/yoast-seo-wordpress\/ -->\n<title>C\u00f4te d\u2019Ivoire : l\u2019affirmation d\u2019un printemps culturel - FESTIVOX<\/title>\n<meta name=\"robots\" content=\"index, follow, max-snippet:-1, max-image-preview:large, max-video-preview:-1\" \/>\n<link rel=\"canonical\" href=\"https:\/\/www.festivox.fr\/blog\/cote-divoire-laffirmation-dun-printemps-culturel\/\" \/>\n<meta property=\"og:locale\" content=\"fr_FR\" \/>\n<meta property=\"og:type\" content=\"article\" \/>\n<meta property=\"og:title\" content=\"C\u00f4te d\u2019Ivoire : l\u2019affirmation d\u2019un printemps culturel - FESTIVOX\" \/>\n<meta property=\"og:description\" content=\"Vingt heures au palais de la Culture d&rsquo;Abidjan, dans une ambiance foisonnante, jeunes et moins jeunes s&rsquo;activent pour ne pas manquer le d\u00e9but d&rsquo;une pi\u00e8ce de th\u00e9\u00e2tre, d&rsquo;un num\u00e9ro de cirque ou d&rsquo;un concert. Pour sa 13e \u00e9dition, le March\u00e9 des arts du spectacle (Masa) continue d&rsquo;attirer un public toujours plus nombreux, en provenance de&hellip;\" \/>\n<meta property=\"og:url\" content=\"https:\/\/www.festivox.fr\/blog\/cote-divoire-laffirmation-dun-printemps-culturel\/\" \/>\n<meta property=\"og:site_name\" content=\"FESTIVOX\" \/>\n<meta property=\"article:published_time\" content=\"2024-06-14T06:25:00+00:00\" \/>\n<meta property=\"og:image\" content=\"https:\/\/www.festivox.fr\/blog\/wp-content\/uploads\/2024\/06\/cote-divoire-laffirmation-dun-printemps-culturel.jpg\" \/>\n<meta name=\"author\" content=\"Michele\" \/>\n<meta name=\"twitter:card\" content=\"summary_large_image\" \/>\n<meta name=\"twitter:label1\" content=\"\u00c9crit par\" \/>\n\t<meta name=\"twitter:data1\" content=\"Michele\" \/>\n\t<meta name=\"twitter:label2\" content=\"Dur\u00e9e de lecture estim\u00e9e\" \/>\n\t<meta name=\"twitter:data2\" content=\"2 minutes\" \/>\n<script type=\"application\/ld+json\" class=\"yoast-schema-graph\">{\"@context\":\"https:\\\/\\\/schema.org\",\"@graph\":[{\"@type\":\"Article\",\"@id\":\"https:\\\/\\\/www.festivox.fr\\\/blog\\\/cote-divoire-laffirmation-dun-printemps-culturel\\\/#article\",\"isPartOf\":{\"@id\":\"https:\\\/\\\/www.festivox.fr\\\/blog\\\/cote-divoire-laffirmation-dun-printemps-culturel\\\/\"},\"author\":{\"name\":\"Michele\",\"@id\":\"https:\\\/\\\/www.festivox.fr\\\/blog\\\/#\\\/schema\\\/person\\\/f36a8b6bc94800c3eafed4bca993ce95\"},\"headline\":\"C\u00f4te d\u2019Ivoire : l\u2019affirmation d\u2019un printemps culturel\",\"datePublished\":\"2024-06-14T06:25:00+00:00\",\"mainEntityOfPage\":{\"@id\":\"https:\\\/\\\/www.festivox.fr\\\/blog\\\/cote-divoire-laffirmation-dun-printemps-culturel\\\/\"},\"wordCount\":377,\"publisher\":{\"@id\":\"https:\\\/\\\/www.festivox.fr\\\/blog\\\/#organization\"},\"image\":{\"@id\":\"https:\\\/\\\/www.festivox.fr\\\/blog\\\/cote-divoire-laffirmation-dun-printemps-culturel\\\/#primaryimage\"},\"thumbnailUrl\":\"https:\\\/\\\/www.festivox.fr\\\/blog\\\/wp-content\\\/uploads\\\/2024\\\/06\\\/cote-divoire-laffirmation-dun-printemps-culturel.jpg\",\"articleSection\":[\"Wiki Sur Festival Jazz Et Musique En Mode Guinguette:\"],\"inLanguage\":\"fr-FR\"},{\"@type\":\"WebPage\",\"@id\":\"https:\\\/\\\/www.festivox.fr\\\/blog\\\/cote-divoire-laffirmation-dun-printemps-culturel\\\/\",\"url\":\"https:\\\/\\\/www.festivox.fr\\\/blog\\\/cote-divoire-laffirmation-dun-printemps-culturel\\\/\",\"name\":\"C\u00f4te d\u2019Ivoire : l\u2019affirmation d\u2019un printemps culturel - FESTIVOX\",\"isPartOf\":{\"@id\":\"https:\\\/\\\/www.festivox.fr\\\/blog\\\/#website\"},\"primaryImageOfPage\":{\"@id\":\"https:\\\/\\\/www.festivox.fr\\\/blog\\\/cote-divoire-laffirmation-dun-printemps-culturel\\\/#primaryimage\"},\"image\":{\"@id\":\"https:\\\/\\\/www.festivox.fr\\\/blog\\\/cote-divoire-laffirmation-dun-printemps-culturel\\\/#primaryimage\"},\"thumbnailUrl\":\"https:\\\/\\\/www.festivox.fr\\\/blog\\\/wp-content\\\/uploads\\\/2024\\\/06\\\/cote-divoire-laffirmation-dun-printemps-culturel.jpg\",\"datePublished\":\"2024-06-14T06:25:00+00:00\",\"breadcrumb\":{\"@id\":\"https:\\\/\\\/www.festivox.fr\\\/blog\\\/cote-divoire-laffirmation-dun-printemps-culturel\\\/#breadcrumb\"},\"inLanguage\":\"fr-FR\",\"potentialAction\":[{\"@type\":\"ReadAction\",\"target\":[\"https:\\\/\\\/www.festivox.fr\\\/blog\\\/cote-divoire-laffirmation-dun-printemps-culturel\\\/\"]}]},{\"@type\":\"ImageObject\",\"inLanguage\":\"fr-FR\",\"@id\":\"https:\\\/\\\/www.festivox.fr\\\/blog\\\/cote-divoire-laffirmation-dun-printemps-culturel\\\/#primaryimage\",\"url\":\"https:\\\/\\\/www.festivox.fr\\\/blog\\\/wp-content\\\/uploads\\\/2024\\\/06\\\/cote-divoire-laffirmation-dun-printemps-culturel.jpg\",\"contentUrl\":\"https:\\\/\\\/www.festivox.fr\\\/blog\\\/wp-content\\\/uploads\\\/2024\\\/06\\\/cote-divoire-laffirmation-dun-printemps-culturel.jpg\",\"width\":808,\"height\":540},{\"@type\":\"BreadcrumbList\",\"@id\":\"https:\\\/\\\/www.festivox.fr\\\/blog\\\/cote-divoire-laffirmation-dun-printemps-culturel\\\/#breadcrumb\",\"itemListElement\":[{\"@type\":\"ListItem\",\"position\":1,\"name\":\"Accueil\",\"item\":\"https:\\\/\\\/www.festivox.fr\\\/blog\\\/\"},{\"@type\":\"ListItem\",\"position\":2,\"name\":\"C\u00f4te d\u2019Ivoire : l\u2019affirmation d\u2019un printemps culturel\"}]},{\"@type\":\"WebSite\",\"@id\":\"https:\\\/\\\/www.festivox.fr\\\/blog\\\/#website\",\"url\":\"https:\\\/\\\/www.festivox.fr\\\/blog\\\/\",\"name\":\"FESTIVOX\",\"description\":\"Festival en mode guinguette.\",\"publisher\":{\"@id\":\"https:\\\/\\\/www.festivox.fr\\\/blog\\\/#organization\"},\"potentialAction\":[{\"@type\":\"SearchAction\",\"target\":{\"@type\":\"EntryPoint\",\"urlTemplate\":\"https:\\\/\\\/www.festivox.fr\\\/blog\\\/?s={search_term_string}\"},\"query-input\":{\"@type\":\"PropertyValueSpecification\",\"valueRequired\":true,\"valueName\":\"search_term_string\"}}],\"inLanguage\":\"fr-FR\"},{\"@type\":\"Organization\",\"@id\":\"https:\\\/\\\/www.festivox.fr\\\/blog\\\/#organization\",\"name\":\"festivox\",\"url\":\"https:\\\/\\\/www.festivox.fr\\\/blog\\\/\",\"logo\":{\"@type\":\"ImageObject\",\"inLanguage\":\"fr-FR\",\"@id\":\"https:\\\/\\\/www.festivox.fr\\\/blog\\\/#\\\/schema\\\/logo\\\/image\\\/\",\"url\":\"https:\\\/\\\/www.festivox.fr\\\/blog\\\/wp-content\\\/uploads\\\/2023\\\/06\\\/logo-2.png\",\"contentUrl\":\"https:\\\/\\\/www.festivox.fr\\\/blog\\\/wp-content\\\/uploads\\\/2023\\\/06\\\/logo-2.png\",\"width\":480,\"height\":160,\"caption\":\"festivox\"},\"image\":{\"@id\":\"https:\\\/\\\/www.festivox.fr\\\/blog\\\/#\\\/schema\\\/logo\\\/image\\\/\"}},{\"@type\":\"Person\",\"@id\":\"https:\\\/\\\/www.festivox.fr\\\/blog\\\/#\\\/schema\\\/person\\\/f36a8b6bc94800c3eafed4bca993ce95\",\"name\":\"Michele\",\"image\":{\"@type\":\"ImageObject\",\"inLanguage\":\"fr-FR\",\"@id\":\"https:\\\/\\\/secure.gravatar.com\\\/avatar\\\/b062046536b5d47ec9075956ec349ef95ed06b0f910c578f74abb318668b702e?s=96&d=mm&r=g\",\"url\":\"https:\\\/\\\/secure.gravatar.com\\\/avatar\\\/b062046536b5d47ec9075956ec349ef95ed06b0f910c578f74abb318668b702e?s=96&d=mm&r=g\",\"contentUrl\":\"https:\\\/\\\/secure.gravatar.com\\\/avatar\\\/b062046536b5d47ec9075956ec349ef95ed06b0f910c578f74abb318668b702e?s=96&d=mm&r=g\",\"caption\":\"Michele\"},\"sameAs\":[\"https:\\\/\\\/www.festivox.fr\\\/blog\"],\"url\":\"https:\\\/\\\/www.festivox.fr\\\/blog\\\/author\\\/voxadmin\\\/\"}]}<\/script>\n<!-- \/ Yoast SEO plugin. -->","yoast_head_json":{"title":"C\u00f4te d\u2019Ivoire : l\u2019affirmation d\u2019un printemps culturel - FESTIVOX","robots":{"index":"index","follow":"follow","max-snippet":"max-snippet:-1","max-image-preview":"max-image-preview:large","max-video-preview":"max-video-preview:-1"},"canonical":"https:\/\/www.festivox.fr\/blog\/cote-divoire-laffirmation-dun-printemps-culturel\/","og_locale":"fr_FR","og_type":"article","og_title":"C\u00f4te d\u2019Ivoire : l\u2019affirmation d\u2019un printemps culturel - FESTIVOX","og_description":"Vingt heures au palais de la Culture d&rsquo;Abidjan, dans une ambiance foisonnante, jeunes et moins jeunes s&rsquo;activent pour ne pas manquer le d\u00e9but d&rsquo;une pi\u00e8ce de th\u00e9\u00e2tre, d&rsquo;un num\u00e9ro de cirque ou d&rsquo;un concert. Pour sa 13e \u00e9dition, le March\u00e9 des arts du spectacle (Masa) continue d&rsquo;attirer un public toujours plus nombreux, en provenance de&hellip;","og_url":"https:\/\/www.festivox.fr\/blog\/cote-divoire-laffirmation-dun-printemps-culturel\/","og_site_name":"FESTIVOX","article_published_time":"2024-06-14T06:25:00+00:00","og_image":[{"url":"https:\/\/www.festivox.fr\/blog\/wp-content\/uploads\/2024\/06\/cote-divoire-laffirmation-dun-printemps-culturel.jpg","type":"","width":"","height":""}],"author":"Michele","twitter_card":"summary_large_image","twitter_misc":{"\u00c9crit par":"Michele","Dur\u00e9e de lecture estim\u00e9e":"2 minutes"},"schema":{"@context":"https:\/\/schema.org","@graph":[{"@type":"Article","@id":"https:\/\/www.festivox.fr\/blog\/cote-divoire-laffirmation-dun-printemps-culturel\/#article","isPartOf":{"@id":"https:\/\/www.festivox.fr\/blog\/cote-divoire-laffirmation-dun-printemps-culturel\/"},"author":{"name":"Michele","@id":"https:\/\/www.festivox.fr\/blog\/#\/schema\/person\/f36a8b6bc94800c3eafed4bca993ce95"},"headline":"C\u00f4te d\u2019Ivoire : l\u2019affirmation d\u2019un printemps culturel","datePublished":"2024-06-14T06:25:00+00:00","mainEntityOfPage":{"@id":"https:\/\/www.festivox.fr\/blog\/cote-divoire-laffirmation-dun-printemps-culturel\/"},"wordCount":377,"publisher":{"@id":"https:\/\/www.festivox.fr\/blog\/#organization"},"image":{"@id":"https:\/\/www.festivox.fr\/blog\/cote-divoire-laffirmation-dun-printemps-culturel\/#primaryimage"},"thumbnailUrl":"https:\/\/www.festivox.fr\/blog\/wp-content\/uploads\/2024\/06\/cote-divoire-laffirmation-dun-printemps-culturel.jpg","articleSection":["Wiki Sur Festival Jazz Et Musique En Mode Guinguette:"],"inLanguage":"fr-FR"},{"@type":"WebPage","@id":"https:\/\/www.festivox.fr\/blog\/cote-divoire-laffirmation-dun-printemps-culturel\/","url":"https:\/\/www.festivox.fr\/blog\/cote-divoire-laffirmation-dun-printemps-culturel\/","name":"C\u00f4te d\u2019Ivoire : l\u2019affirmation d\u2019un printemps culturel - FESTIVOX","isPartOf":{"@id":"https:\/\/www.festivox.fr\/blog\/#website"},"primaryImageOfPage":{"@id":"https:\/\/www.festivox.fr\/blog\/cote-divoire-laffirmation-dun-printemps-culturel\/#primaryimage"},"image":{"@id":"https:\/\/www.festivox.fr\/blog\/cote-divoire-laffirmation-dun-printemps-culturel\/#primaryimage"},"thumbnailUrl":"https:\/\/www.festivox.fr\/blog\/wp-content\/uploads\/2024\/06\/cote-divoire-laffirmation-dun-printemps-culturel.jpg","datePublished":"2024-06-14T06:25:00+00:00","breadcrumb":{"@id":"https:\/\/www.festivox.fr\/blog\/cote-divoire-laffirmation-dun-printemps-culturel\/#breadcrumb"},"inLanguage":"fr-FR","potentialAction":[{"@type":"ReadAction","target":["https:\/\/www.festivox.fr\/blog\/cote-divoire-laffirmation-dun-printemps-culturel\/"]}]},{"@type":"ImageObject","inLanguage":"fr-FR","@id":"https:\/\/www.festivox.fr\/blog\/cote-divoire-laffirmation-dun-printemps-culturel\/#primaryimage","url":"https:\/\/www.festivox.fr\/blog\/wp-content\/uploads\/2024\/06\/cote-divoire-laffirmation-dun-printemps-culturel.jpg","contentUrl":"https:\/\/www.festivox.fr\/blog\/wp-content\/uploads\/2024\/06\/cote-divoire-laffirmation-dun-printemps-culturel.jpg","width":808,"height":540},{"@type":"BreadcrumbList","@id":"https:\/\/www.festivox.fr\/blog\/cote-divoire-laffirmation-dun-printemps-culturel\/#breadcrumb","itemListElement":[{"@type":"ListItem","position":1,"name":"Accueil","item":"https:\/\/www.festivox.fr\/blog\/"},{"@type":"ListItem","position":2,"name":"C\u00f4te d\u2019Ivoire : l\u2019affirmation d\u2019un printemps culturel"}]},{"@type":"WebSite","@id":"https:\/\/www.festivox.fr\/blog\/#website","url":"https:\/\/www.festivox.fr\/blog\/","name":"FESTIVOX","description":"Festival en mode guinguette.","publisher":{"@id":"https:\/\/www.festivox.fr\/blog\/#organization"},"potentialAction":[{"@type":"SearchAction","target":{"@type":"EntryPoint","urlTemplate":"https:\/\/www.festivox.fr\/blog\/?s={search_term_string}"},"query-input":{"@type":"PropertyValueSpecification","valueRequired":true,"valueName":"search_term_string"}}],"inLanguage":"fr-FR"},{"@type":"Organization","@id":"https:\/\/www.festivox.fr\/blog\/#organization","name":"festivox","url":"https:\/\/www.festivox.fr\/blog\/","logo":{"@type":"ImageObject","inLanguage":"fr-FR","@id":"https:\/\/www.festivox.fr\/blog\/#\/schema\/logo\/image\/","url":"https:\/\/www.festivox.fr\/blog\/wp-content\/uploads\/2023\/06\/logo-2.png","contentUrl":"https:\/\/www.festivox.fr\/blog\/wp-content\/uploads\/2023\/06\/logo-2.png","width":480,"height":160,"caption":"festivox"},"image":{"@id":"https:\/\/www.festivox.fr\/blog\/#\/schema\/logo\/image\/"}},{"@type":"Person","@id":"https:\/\/www.festivox.fr\/blog\/#\/schema\/person\/f36a8b6bc94800c3eafed4bca993ce95","name":"Michele","image":{"@type":"ImageObject","inLanguage":"fr-FR","@id":"https:\/\/secure.gravatar.com\/avatar\/b062046536b5d47ec9075956ec349ef95ed06b0f910c578f74abb318668b702e?s=96&d=mm&r=g","url":"https:\/\/secure.gravatar.com\/avatar\/b062046536b5d47ec9075956ec349ef95ed06b0f910c578f74abb318668b702e?s=96&d=mm&r=g","contentUrl":"https:\/\/secure.gravatar.com\/avatar\/b062046536b5d47ec9075956ec349ef95ed06b0f910c578f74abb318668b702e?s=96&d=mm&r=g","caption":"Michele"},"sameAs":["https:\/\/www.festivox.fr\/blog"],"url":"https:\/\/www.festivox.fr\/blog\/author\/voxadmin\/"}]}},"_links":{"self":[{"href":"https:\/\/www.festivox.fr\/blog\/wp-json\/wp\/v2\/posts\/912","targetHints":{"allow":["GET"]}}],"collection":[{"href":"https:\/\/www.festivox.fr\/blog\/wp-json\/wp\/v2\/posts"}],"about":[{"href":"https:\/\/www.festivox.fr\/blog\/wp-json\/wp\/v2\/types\/post"}],"author":[{"embeddable":true,"href":"https:\/\/www.festivox.fr\/blog\/wp-json\/wp\/v2\/users\/1"}],"replies":[{"embeddable":true,"href":"https:\/\/www.festivox.fr\/blog\/wp-json\/wp\/v2\/comments?post=912"}],"version-history":[{"count":0,"href":"https:\/\/www.festivox.fr\/blog\/wp-json\/wp\/v2\/posts\/912\/revisions"}],"wp:featuredmedia":[{"embeddable":true,"href":"https:\/\/www.festivox.fr\/blog\/wp-json\/wp\/v2\/media\/913"}],"wp:attachment":[{"href":"https:\/\/www.festivox.fr\/blog\/wp-json\/wp\/v2\/media?parent=912"}],"wp:term":[{"taxonomy":"category","embeddable":true,"href":"https:\/\/www.festivox.fr\/blog\/wp-json\/wp\/v2\/categories?post=912"},{"taxonomy":"post_tag","embeddable":true,"href":"https:\/\/www.festivox.fr\/blog\/wp-json\/wp\/v2\/tags?post=912"}],"curies":[{"name":"wp","href":"https:\/\/api.w.org\/{rel}","templated":true}]}}