{"id":910,"date":"2024-06-13T10:49:00","date_gmt":"2024-06-13T08:49:00","guid":{"rendered":"https:\/\/www.festivox.fr\/blog\/legislatives-anticipees-marion-marechal-ne-sera-pas-candidate\/"},"modified":"2024-06-13T10:49:00","modified_gmt":"2024-06-13T08:49:00","slug":"legislatives-anticipees-marion-marechal-ne-sera-pas-candidate","status":"publish","type":"post","link":"https:\/\/www.festivox.fr\/blog\/legislatives-anticipees-marion-marechal-ne-sera-pas-candidate\/","title":{"rendered":"L\u00e9gislatives anticip\u00e9es: Marion Mar\u00e9chal ne sera pas candidate"},"content":{"rendered":"\n<div><img decoding=\"async\" src=\"https:\/\/www.festivox.fr\/blog\/wp-content\/uploads\/2024\/06\/legislatives-anticipees-marion-marechal-ne-sera-pas-candidate.jpg\" class=\"ff-og-image-inserted\"><\/div>\n<p>L\u2019ancienne t\u00eate de liste Reconqu\u00eate Marion Mar\u00e9chal a annonc\u00e9 jeudi, au lendemain de son exclusion de Reconqu\u00eate, qu\u2019elle ne sera <em>\u00ab pas candidate aux l\u00e9gislatives \u00bb<\/em>, assurant ne pas d\u00e9missionner de son mandat de d\u00e9put\u00e9e europ\u00e9enne acquis dimanche dernier sous cette banni\u00e8re.<\/p>\n<p>Exclue mercredi du parti Reconqu\u00eate par \u00c9ric Zemmour, qu\u2019elle avait rejoint pour la pr\u00e9sidentielle de 2022, elle a appel\u00e9 mercredi \u00e0 voter pour le Rassemblement national aux l\u00e9gislatives anticip\u00e9es.<\/p>\n<p><em>\u00ab Je n\u2019ai en aucun cas ralli\u00e9 ou rejoint le Rassemblement national \u00bb<\/em> a assur\u00e9 la ni\u00e8ce de Marine Le Pen sur TF1. Elle a affirm\u00e9 ne pas avoir n\u00e9goci\u00e9 de poste au sein d\u2019un \u00e9ventuel gouvernement. Et ne pas briguer d\u2019investiture aux l\u00e9gislatives <em>\u00ab par coh\u00e9rence \u00bb<\/em>.<\/p>\n<p>La porte est en revanche ouverte pour ses proches: <em>\u00ab il y a \u00e9videmment des gens autour de moi qui (&#8230;) ont pris l\u2019initiative de rejoindre cette coalition \u00bb<\/em>, a-t-elle d\u00e9clar\u00e9. <\/p>\n<p>Trois proches de Marion Mar\u00e9chal l\u2019ont suivie dans son appel \u00e0 voter pour le RN et ont \u00e9galement \u00e9t\u00e9 exclus du parti d\u2019extr\u00eame-droite cr\u00e9\u00e9 par Eric Zemmour: Guillaume Peltier et Nicolas Bay, vice-pr\u00e9sidents de Reconqu\u00eate, ainsi que Laurence Trochu. Tous trois ont \u00e9t\u00e9 \u00e9lus eurod\u00e9put\u00e9s dimanche.<\/p>\n<p>Plusieurs sources ont confirm\u00e9 une information du JDD selon laquelle quatre membres de Reconqu\u00eate, r\u00e9put\u00e9s proches de Marion Mar\u00e9chal, ont d\u00e9croch\u00e9 mercredi une investiture RN pour les l\u00e9gislatives. <\/p>\n<p>L\u2019ancienne t\u00eate de liste Reconqu\u00eate s\u2019est \u00e9galement exprim\u00e9e sur son exclusion du mouvement: <em>\u00ab Elle s\u2019impose \u00e0 moi. J\u2019en suis triste et je vis \u00e7a comme une injustice \u00bb<\/em>. <\/p>\n<p>Plaidant pour <em>\u00ab l\u2019union des droites \u00bb<\/em>, elle s\u2019est montr\u00e9e inqui\u00e8te pour l\u2019avenir du parti d\u2019\u00c9ric Zemmour. <em>\u00ab Je ne sais pas ce qu\u2019il adviendra de Reconqu\u00eate et j\u2019en suis extr\u00eamement malheureuse \u00bb<\/em>, a-t-elle avanc\u00e9, <em>\u00ab je leur dis: +ne vous trompez pas, soyez au rendez-vous de l\u2019Histoire+ \u00bb<\/em>.<\/p>\n<p>Marion Mar\u00e9chal avait d\u2019abord cherch\u00e9 \u00e0 obtenir un accord entre le RN et Reconqu\u00eate, avant l\u2019abandon des n\u00e9gociations mardi.<\/p>\n<p> Cet article, qui traite du th\u00e8me \u00ab\u00a0Festival Jazz et musique en mode guinguette\u00a0\u00bb, vous est d\u00e9lib\u00e9r\u00e9ment offert par festivox.fr. La raison d\u2019\u00eatre de festivox.fr est de parler de Festival Jazz et musique en mode guinguette dans la transparence la plus g\u00e9n\u00e9rale en vous procurant la visibilit\u00e9 de tout ce qui est publi\u00e9 sur ce sujet sur le web La chronique a \u00e9t\u00e9 g\u00e9n\u00e9r\u00e9e de la mani\u00e8re la plus honn\u00eate que possible. S\u2019il advenait que vous projetez d\u2019apporter quelques notes concernant le domaine de \u00ab\u00a0Festival Jazz et musique en mode guinguette\u00a0\u00bb vous avez la possibilit\u00e9 de d&rsquo;\u00e9changer avec notre r\u00e9daction. Dans peu de temps, on mettra en ligne d&rsquo;autres informations pertinentes autour du sujet \u00ab\u00a0Festival Jazz et musique en mode guinguette\u00a0\u00bb. Ainsi, consultez r\u00e9guli\u00e8rement notre site.<\/p>\n","protected":false},"excerpt":{"rendered":"<p>L\u2019ancienne t\u00eate de liste Reconqu\u00eate Marion Mar\u00e9chal a annonc\u00e9 jeudi, au lendemain de son exclusion de Reconqu\u00eate, qu\u2019elle ne sera \u00ab pas candidate aux l\u00e9gislatives \u00bb, assurant ne pas d\u00e9missionner de son mandat de d\u00e9put\u00e9e europ\u00e9enne acquis dimanche dernier sous cette banni\u00e8re. Exclue mercredi du parti Reconqu\u00eate par \u00c9ric Zemmour, qu\u2019elle avait rejoint pour la&hellip;<\/p>\n","protected":false},"author":1,"featured_media":911,"comment_status":"closed","ping_status":"closed","sticky":false,"template":"","format":"standard","meta":{"footnotes":""},"categories":[3],"tags":[],"class_list":["post-910","post","type-post","status-publish","format-standard","has-post-thumbnail","hentry","category-wiki-sur-festival-jazz-et-musique-en-mode-guinguette"],"yoast_head":"<!-- This site is optimized with the Yoast SEO plugin v27.5 - https:\/\/yoast.com\/product\/yoast-seo-wordpress\/ -->\n<title>L\u00e9gislatives anticip\u00e9es: Marion Mar\u00e9chal ne sera pas candidate - FESTIVOX<\/title>\n<meta name=\"robots\" content=\"index, follow, max-snippet:-1, max-image-preview:large, max-video-preview:-1\" \/>\n<link rel=\"canonical\" href=\"https:\/\/www.festivox.fr\/blog\/legislatives-anticipees-marion-marechal-ne-sera-pas-candidate\/\" \/>\n<meta property=\"og:locale\" content=\"fr_FR\" \/>\n<meta property=\"og:type\" content=\"article\" \/>\n<meta property=\"og:title\" content=\"L\u00e9gislatives anticip\u00e9es: Marion Mar\u00e9chal ne sera pas candidate - FESTIVOX\" \/>\n<meta property=\"og:description\" content=\"L\u2019ancienne t\u00eate de liste Reconqu\u00eate Marion Mar\u00e9chal a annonc\u00e9 jeudi, au lendemain de son exclusion de Reconqu\u00eate, qu\u2019elle ne sera \u00ab pas candidate aux l\u00e9gislatives \u00bb, assurant ne pas d\u00e9missionner de son mandat de d\u00e9put\u00e9e europ\u00e9enne acquis dimanche dernier sous cette banni\u00e8re. Exclue mercredi du parti Reconqu\u00eate par \u00c9ric Zemmour, qu\u2019elle avait rejoint pour la&hellip;\" \/>\n<meta property=\"og:url\" content=\"https:\/\/www.festivox.fr\/blog\/legislatives-anticipees-marion-marechal-ne-sera-pas-candidate\/\" \/>\n<meta property=\"og:site_name\" content=\"FESTIVOX\" \/>\n<meta property=\"article:published_time\" content=\"2024-06-13T08:49:00+00:00\" \/>\n<meta property=\"og:image\" content=\"https:\/\/www.festivox.fr\/blog\/wp-content\/uploads\/2024\/06\/legislatives-anticipees-marion-marechal-ne-sera-pas-candidate.jpg\" \/>\n<meta name=\"author\" content=\"Michele\" \/>\n<meta name=\"twitter:card\" content=\"summary_large_image\" \/>\n<meta name=\"twitter:label1\" content=\"\u00c9crit par\" \/>\n\t<meta name=\"twitter:data1\" content=\"Michele\" \/>\n\t<meta name=\"twitter:label2\" content=\"Dur\u00e9e de lecture estim\u00e9e\" \/>\n\t<meta name=\"twitter:data2\" content=\"3 minutes\" \/>\n<script type=\"application\/ld+json\" class=\"yoast-schema-graph\">{\"@context\":\"https:\\\/\\\/schema.org\",\"@graph\":[{\"@type\":\"Article\",\"@id\":\"https:\\\/\\\/www.festivox.fr\\\/blog\\\/legislatives-anticipees-marion-marechal-ne-sera-pas-candidate\\\/#article\",\"isPartOf\":{\"@id\":\"https:\\\/\\\/www.festivox.fr\\\/blog\\\/legislatives-anticipees-marion-marechal-ne-sera-pas-candidate\\\/\"},\"author\":{\"name\":\"Michele\",\"@id\":\"https:\\\/\\\/www.festivox.fr\\\/blog\\\/#\\\/schema\\\/person\\\/f36a8b6bc94800c3eafed4bca993ce95\"},\"headline\":\"L\u00e9gislatives anticip\u00e9es: Marion Mar\u00e9chal ne sera pas candidate\",\"datePublished\":\"2024-06-13T08:49:00+00:00\",\"mainEntityOfPage\":{\"@id\":\"https:\\\/\\\/www.festivox.fr\\\/blog\\\/legislatives-anticipees-marion-marechal-ne-sera-pas-candidate\\\/\"},\"wordCount\":518,\"publisher\":{\"@id\":\"https:\\\/\\\/www.festivox.fr\\\/blog\\\/#organization\"},\"image\":{\"@id\":\"https:\\\/\\\/www.festivox.fr\\\/blog\\\/legislatives-anticipees-marion-marechal-ne-sera-pas-candidate\\\/#primaryimage\"},\"thumbnailUrl\":\"https:\\\/\\\/www.festivox.fr\\\/blog\\\/wp-content\\\/uploads\\\/2024\\\/06\\\/legislatives-anticipees-marion-marechal-ne-sera-pas-candidate.jpg\",\"articleSection\":[\"Wiki Sur Festival Jazz Et Musique En Mode Guinguette:\"],\"inLanguage\":\"fr-FR\"},{\"@type\":\"WebPage\",\"@id\":\"https:\\\/\\\/www.festivox.fr\\\/blog\\\/legislatives-anticipees-marion-marechal-ne-sera-pas-candidate\\\/\",\"url\":\"https:\\\/\\\/www.festivox.fr\\\/blog\\\/legislatives-anticipees-marion-marechal-ne-sera-pas-candidate\\\/\",\"name\":\"L\u00e9gislatives anticip\u00e9es: Marion Mar\u00e9chal ne sera pas candidate - FESTIVOX\",\"isPartOf\":{\"@id\":\"https:\\\/\\\/www.festivox.fr\\\/blog\\\/#website\"},\"primaryImageOfPage\":{\"@id\":\"https:\\\/\\\/www.festivox.fr\\\/blog\\\/legislatives-anticipees-marion-marechal-ne-sera-pas-candidate\\\/#primaryimage\"},\"image\":{\"@id\":\"https:\\\/\\\/www.festivox.fr\\\/blog\\\/legislatives-anticipees-marion-marechal-ne-sera-pas-candidate\\\/#primaryimage\"},\"thumbnailUrl\":\"https:\\\/\\\/www.festivox.fr\\\/blog\\\/wp-content\\\/uploads\\\/2024\\\/06\\\/legislatives-anticipees-marion-marechal-ne-sera-pas-candidate.jpg\",\"datePublished\":\"2024-06-13T08:49:00+00:00\",\"breadcrumb\":{\"@id\":\"https:\\\/\\\/www.festivox.fr\\\/blog\\\/legislatives-anticipees-marion-marechal-ne-sera-pas-candidate\\\/#breadcrumb\"},\"inLanguage\":\"fr-FR\",\"potentialAction\":[{\"@type\":\"ReadAction\",\"target\":[\"https:\\\/\\\/www.festivox.fr\\\/blog\\\/legislatives-anticipees-marion-marechal-ne-sera-pas-candidate\\\/\"]}]},{\"@type\":\"ImageObject\",\"inLanguage\":\"fr-FR\",\"@id\":\"https:\\\/\\\/www.festivox.fr\\\/blog\\\/legislatives-anticipees-marion-marechal-ne-sera-pas-candidate\\\/#primaryimage\",\"url\":\"https:\\\/\\\/www.festivox.fr\\\/blog\\\/wp-content\\\/uploads\\\/2024\\\/06\\\/legislatives-anticipees-marion-marechal-ne-sera-pas-candidate.jpg\",\"contentUrl\":\"https:\\\/\\\/www.festivox.fr\\\/blog\\\/wp-content\\\/uploads\\\/2024\\\/06\\\/legislatives-anticipees-marion-marechal-ne-sera-pas-candidate.jpg\",\"width\":1400,\"height\":933},{\"@type\":\"BreadcrumbList\",\"@id\":\"https:\\\/\\\/www.festivox.fr\\\/blog\\\/legislatives-anticipees-marion-marechal-ne-sera-pas-candidate\\\/#breadcrumb\",\"itemListElement\":[{\"@type\":\"ListItem\",\"position\":1,\"name\":\"Accueil\",\"item\":\"https:\\\/\\\/www.festivox.fr\\\/blog\\\/\"},{\"@type\":\"ListItem\",\"position\":2,\"name\":\"L\u00e9gislatives anticip\u00e9es: Marion Mar\u00e9chal ne sera pas candidate\"}]},{\"@type\":\"WebSite\",\"@id\":\"https:\\\/\\\/www.festivox.fr\\\/blog\\\/#website\",\"url\":\"https:\\\/\\\/www.festivox.fr\\\/blog\\\/\",\"name\":\"FESTIVOX\",\"description\":\"Festival en mode guinguette.\",\"publisher\":{\"@id\":\"https:\\\/\\\/www.festivox.fr\\\/blog\\\/#organization\"},\"potentialAction\":[{\"@type\":\"SearchAction\",\"target\":{\"@type\":\"EntryPoint\",\"urlTemplate\":\"https:\\\/\\\/www.festivox.fr\\\/blog\\\/?s={search_term_string}\"},\"query-input\":{\"@type\":\"PropertyValueSpecification\",\"valueRequired\":true,\"valueName\":\"search_term_string\"}}],\"inLanguage\":\"fr-FR\"},{\"@type\":\"Organization\",\"@id\":\"https:\\\/\\\/www.festivox.fr\\\/blog\\\/#organization\",\"name\":\"festivox\",\"url\":\"https:\\\/\\\/www.festivox.fr\\\/blog\\\/\",\"logo\":{\"@type\":\"ImageObject\",\"inLanguage\":\"fr-FR\",\"@id\":\"https:\\\/\\\/www.festivox.fr\\\/blog\\\/#\\\/schema\\\/logo\\\/image\\\/\",\"url\":\"https:\\\/\\\/www.festivox.fr\\\/blog\\\/wp-content\\\/uploads\\\/2023\\\/06\\\/logo-2.png\",\"contentUrl\":\"https:\\\/\\\/www.festivox.fr\\\/blog\\\/wp-content\\\/uploads\\\/2023\\\/06\\\/logo-2.png\",\"width\":480,\"height\":160,\"caption\":\"festivox\"},\"image\":{\"@id\":\"https:\\\/\\\/www.festivox.fr\\\/blog\\\/#\\\/schema\\\/logo\\\/image\\\/\"}},{\"@type\":\"Person\",\"@id\":\"https:\\\/\\\/www.festivox.fr\\\/blog\\\/#\\\/schema\\\/person\\\/f36a8b6bc94800c3eafed4bca993ce95\",\"name\":\"Michele\",\"image\":{\"@type\":\"ImageObject\",\"inLanguage\":\"fr-FR\",\"@id\":\"https:\\\/\\\/secure.gravatar.com\\\/avatar\\\/b062046536b5d47ec9075956ec349ef95ed06b0f910c578f74abb318668b702e?s=96&d=mm&r=g\",\"url\":\"https:\\\/\\\/secure.gravatar.com\\\/avatar\\\/b062046536b5d47ec9075956ec349ef95ed06b0f910c578f74abb318668b702e?s=96&d=mm&r=g\",\"contentUrl\":\"https:\\\/\\\/secure.gravatar.com\\\/avatar\\\/b062046536b5d47ec9075956ec349ef95ed06b0f910c578f74abb318668b702e?s=96&d=mm&r=g\",\"caption\":\"Michele\"},\"sameAs\":[\"https:\\\/\\\/www.festivox.fr\\\/blog\"],\"url\":\"https:\\\/\\\/www.festivox.fr\\\/blog\\\/author\\\/voxadmin\\\/\"}]}<\/script>\n<!-- \/ Yoast SEO plugin. -->","yoast_head_json":{"title":"L\u00e9gislatives anticip\u00e9es: Marion Mar\u00e9chal ne sera pas candidate - FESTIVOX","robots":{"index":"index","follow":"follow","max-snippet":"max-snippet:-1","max-image-preview":"max-image-preview:large","max-video-preview":"max-video-preview:-1"},"canonical":"https:\/\/www.festivox.fr\/blog\/legislatives-anticipees-marion-marechal-ne-sera-pas-candidate\/","og_locale":"fr_FR","og_type":"article","og_title":"L\u00e9gislatives anticip\u00e9es: Marion Mar\u00e9chal ne sera pas candidate - FESTIVOX","og_description":"L\u2019ancienne t\u00eate de liste Reconqu\u00eate Marion Mar\u00e9chal a annonc\u00e9 jeudi, au lendemain de son exclusion de Reconqu\u00eate, qu\u2019elle ne sera \u00ab pas candidate aux l\u00e9gislatives \u00bb, assurant ne pas d\u00e9missionner de son mandat de d\u00e9put\u00e9e europ\u00e9enne acquis dimanche dernier sous cette banni\u00e8re. Exclue mercredi du parti Reconqu\u00eate par \u00c9ric Zemmour, qu\u2019elle avait rejoint pour la&hellip;","og_url":"https:\/\/www.festivox.fr\/blog\/legislatives-anticipees-marion-marechal-ne-sera-pas-candidate\/","og_site_name":"FESTIVOX","article_published_time":"2024-06-13T08:49:00+00:00","og_image":[{"url":"https:\/\/www.festivox.fr\/blog\/wp-content\/uploads\/2024\/06\/legislatives-anticipees-marion-marechal-ne-sera-pas-candidate.jpg","type":"","width":"","height":""}],"author":"Michele","twitter_card":"summary_large_image","twitter_misc":{"\u00c9crit par":"Michele","Dur\u00e9e de lecture estim\u00e9e":"3 minutes"},"schema":{"@context":"https:\/\/schema.org","@graph":[{"@type":"Article","@id":"https:\/\/www.festivox.fr\/blog\/legislatives-anticipees-marion-marechal-ne-sera-pas-candidate\/#article","isPartOf":{"@id":"https:\/\/www.festivox.fr\/blog\/legislatives-anticipees-marion-marechal-ne-sera-pas-candidate\/"},"author":{"name":"Michele","@id":"https:\/\/www.festivox.fr\/blog\/#\/schema\/person\/f36a8b6bc94800c3eafed4bca993ce95"},"headline":"L\u00e9gislatives anticip\u00e9es: Marion Mar\u00e9chal ne sera pas candidate","datePublished":"2024-06-13T08:49:00+00:00","mainEntityOfPage":{"@id":"https:\/\/www.festivox.fr\/blog\/legislatives-anticipees-marion-marechal-ne-sera-pas-candidate\/"},"wordCount":518,"publisher":{"@id":"https:\/\/www.festivox.fr\/blog\/#organization"},"image":{"@id":"https:\/\/www.festivox.fr\/blog\/legislatives-anticipees-marion-marechal-ne-sera-pas-candidate\/#primaryimage"},"thumbnailUrl":"https:\/\/www.festivox.fr\/blog\/wp-content\/uploads\/2024\/06\/legislatives-anticipees-marion-marechal-ne-sera-pas-candidate.jpg","articleSection":["Wiki Sur Festival Jazz Et Musique En Mode Guinguette:"],"inLanguage":"fr-FR"},{"@type":"WebPage","@id":"https:\/\/www.festivox.fr\/blog\/legislatives-anticipees-marion-marechal-ne-sera-pas-candidate\/","url":"https:\/\/www.festivox.fr\/blog\/legislatives-anticipees-marion-marechal-ne-sera-pas-candidate\/","name":"L\u00e9gislatives anticip\u00e9es: Marion Mar\u00e9chal ne sera pas candidate - FESTIVOX","isPartOf":{"@id":"https:\/\/www.festivox.fr\/blog\/#website"},"primaryImageOfPage":{"@id":"https:\/\/www.festivox.fr\/blog\/legislatives-anticipees-marion-marechal-ne-sera-pas-candidate\/#primaryimage"},"image":{"@id":"https:\/\/www.festivox.fr\/blog\/legislatives-anticipees-marion-marechal-ne-sera-pas-candidate\/#primaryimage"},"thumbnailUrl":"https:\/\/www.festivox.fr\/blog\/wp-content\/uploads\/2024\/06\/legislatives-anticipees-marion-marechal-ne-sera-pas-candidate.jpg","datePublished":"2024-06-13T08:49:00+00:00","breadcrumb":{"@id":"https:\/\/www.festivox.fr\/blog\/legislatives-anticipees-marion-marechal-ne-sera-pas-candidate\/#breadcrumb"},"inLanguage":"fr-FR","potentialAction":[{"@type":"ReadAction","target":["https:\/\/www.festivox.fr\/blog\/legislatives-anticipees-marion-marechal-ne-sera-pas-candidate\/"]}]},{"@type":"ImageObject","inLanguage":"fr-FR","@id":"https:\/\/www.festivox.fr\/blog\/legislatives-anticipees-marion-marechal-ne-sera-pas-candidate\/#primaryimage","url":"https:\/\/www.festivox.fr\/blog\/wp-content\/uploads\/2024\/06\/legislatives-anticipees-marion-marechal-ne-sera-pas-candidate.jpg","contentUrl":"https:\/\/www.festivox.fr\/blog\/wp-content\/uploads\/2024\/06\/legislatives-anticipees-marion-marechal-ne-sera-pas-candidate.jpg","width":1400,"height":933},{"@type":"BreadcrumbList","@id":"https:\/\/www.festivox.fr\/blog\/legislatives-anticipees-marion-marechal-ne-sera-pas-candidate\/#breadcrumb","itemListElement":[{"@type":"ListItem","position":1,"name":"Accueil","item":"https:\/\/www.festivox.fr\/blog\/"},{"@type":"ListItem","position":2,"name":"L\u00e9gislatives anticip\u00e9es: Marion Mar\u00e9chal ne sera pas candidate"}]},{"@type":"WebSite","@id":"https:\/\/www.festivox.fr\/blog\/#website","url":"https:\/\/www.festivox.fr\/blog\/","name":"FESTIVOX","description":"Festival en mode guinguette.","publisher":{"@id":"https:\/\/www.festivox.fr\/blog\/#organization"},"potentialAction":[{"@type":"SearchAction","target":{"@type":"EntryPoint","urlTemplate":"https:\/\/www.festivox.fr\/blog\/?s={search_term_string}"},"query-input":{"@type":"PropertyValueSpecification","valueRequired":true,"valueName":"search_term_string"}}],"inLanguage":"fr-FR"},{"@type":"Organization","@id":"https:\/\/www.festivox.fr\/blog\/#organization","name":"festivox","url":"https:\/\/www.festivox.fr\/blog\/","logo":{"@type":"ImageObject","inLanguage":"fr-FR","@id":"https:\/\/www.festivox.fr\/blog\/#\/schema\/logo\/image\/","url":"https:\/\/www.festivox.fr\/blog\/wp-content\/uploads\/2023\/06\/logo-2.png","contentUrl":"https:\/\/www.festivox.fr\/blog\/wp-content\/uploads\/2023\/06\/logo-2.png","width":480,"height":160,"caption":"festivox"},"image":{"@id":"https:\/\/www.festivox.fr\/blog\/#\/schema\/logo\/image\/"}},{"@type":"Person","@id":"https:\/\/www.festivox.fr\/blog\/#\/schema\/person\/f36a8b6bc94800c3eafed4bca993ce95","name":"Michele","image":{"@type":"ImageObject","inLanguage":"fr-FR","@id":"https:\/\/secure.gravatar.com\/avatar\/b062046536b5d47ec9075956ec349ef95ed06b0f910c578f74abb318668b702e?s=96&d=mm&r=g","url":"https:\/\/secure.gravatar.com\/avatar\/b062046536b5d47ec9075956ec349ef95ed06b0f910c578f74abb318668b702e?s=96&d=mm&r=g","contentUrl":"https:\/\/secure.gravatar.com\/avatar\/b062046536b5d47ec9075956ec349ef95ed06b0f910c578f74abb318668b702e?s=96&d=mm&r=g","caption":"Michele"},"sameAs":["https:\/\/www.festivox.fr\/blog"],"url":"https:\/\/www.festivox.fr\/blog\/author\/voxadmin\/"}]}},"_links":{"self":[{"href":"https:\/\/www.festivox.fr\/blog\/wp-json\/wp\/v2\/posts\/910","targetHints":{"allow":["GET"]}}],"collection":[{"href":"https:\/\/www.festivox.fr\/blog\/wp-json\/wp\/v2\/posts"}],"about":[{"href":"https:\/\/www.festivox.fr\/blog\/wp-json\/wp\/v2\/types\/post"}],"author":[{"embeddable":true,"href":"https:\/\/www.festivox.fr\/blog\/wp-json\/wp\/v2\/users\/1"}],"replies":[{"embeddable":true,"href":"https:\/\/www.festivox.fr\/blog\/wp-json\/wp\/v2\/comments?post=910"}],"version-history":[{"count":0,"href":"https:\/\/www.festivox.fr\/blog\/wp-json\/wp\/v2\/posts\/910\/revisions"}],"wp:featuredmedia":[{"embeddable":true,"href":"https:\/\/www.festivox.fr\/blog\/wp-json\/wp\/v2\/media\/911"}],"wp:attachment":[{"href":"https:\/\/www.festivox.fr\/blog\/wp-json\/wp\/v2\/media?parent=910"}],"wp:term":[{"taxonomy":"category","embeddable":true,"href":"https:\/\/www.festivox.fr\/blog\/wp-json\/wp\/v2\/categories?post=910"},{"taxonomy":"post_tag","embeddable":true,"href":"https:\/\/www.festivox.fr\/blog\/wp-json\/wp\/v2\/tags?post=910"}],"curies":[{"name":"wp","href":"https:\/\/api.w.org\/{rel}","templated":true}]}}