{"id":908,"date":"2024-06-14T00:20:00","date_gmt":"2024-06-13T22:20:00","guid":{"rendered":"https:\/\/www.festivox.fr\/blog\/elections-le-secteur-du-tourisme-peu-inquiet-pour-limage-de-la-france\/"},"modified":"2024-06-14T00:20:00","modified_gmt":"2024-06-13T22:20:00","slug":"elections-le-secteur-du-tourisme-peu-inquiet-pour-limage-de-la-france","status":"publish","type":"post","link":"https:\/\/www.festivox.fr\/blog\/elections-le-secteur-du-tourisme-peu-inquiet-pour-limage-de-la-france\/","title":{"rendered":"Elections: le secteur du tourisme peu inquiet pour l&rsquo;image de la France"},"content":{"rendered":"\n<p>A la veille des Jeux olympiques, les \u00e9lections l\u00e9gislatives \u00e0 venir et la pouss\u00e9e du RN ne devraient avoir que peu d\u2019effet sur la venue des touristes \u00e9trangers en France qui sont davantage sensibles aux questions de s\u00e9curit\u00e9 que de politique, selon les professionnels du secteur. <\/p>\n<p><em>\u00ab Les touristes sont sensibles \u00e0 la s\u00e9curit\u00e9 des biens et des personnes \u00bb<\/em>, explique \u00e0 l\u2019AFP Didier Arino, directeur g\u00e9n\u00e9ral du cabinet Protourisme. <\/p>\n<p><em>\u00ab Les r\u00e9sultats \u00e9lectoraux, ce n\u2019est pas ce qui va jouer de fa\u00e7on fondamentale \u00bb<\/em> sur la venue de touristes \u00e9trangers, selon lui, m\u00eame s\u2019il est encore trop t\u00f4t pour chiffrer un \u00e9ventuel impact.<\/p>\n<p><em>\u00ab Ce qui peut jouer c\u2019est si ce climat d\u2019incertitude g\u00e9n\u00e8re un climat de tension, des violences, des blocages&#8230; \u00bb<\/em>, ajoute le sp\u00e9cialiste.<\/p>\n<p>Emmanuel Macron a annonc\u00e9 dimanche la dissolution de l\u2019Assembl\u00e9e nationale apr\u00e8s l\u2019\u00e9crasante d\u00e9faite encaiss\u00e9e face au Rassemblement national de Jordan Bardella, large vainqueur des \u00e9lections europ\u00e9ennes en France. <\/p>\n<p>Les \u00e9lections l\u00e9gislatives sont pr\u00e9vues les 30 juin et 7 juillet alors que les Jeux olympiques de Paris, o\u00f9 sont attendus 15,3 millions de visiteurs dont 2 millions d\u2019\u00e9trangers, d\u00e9butent le 26 juillet.<\/p>\n<p><em>\u00ab Je ne vois pas dans les mois qui viennent d\u2019impact sur les flux touristiques \u00bb<\/em>, confirme \u00e0 l\u2019AFP Dominique Marcel, pr\u00e9sident de l\u2019Alliance France Tourisme, cercle de r\u00e9flexion regroupant des grandes entreprises du secteur (Accor, Disneyland, ADP, Compagnie des Alpes&#8230;). <\/p>\n<div class=\"image-container test-main-image\" id=\"image-inline-2\" data-format=\"article_100\" data-id=\"2\" data-style=\"center\">\n<div class=\"image-container js-paywall-remove-element\"><img decoding=\"async\" alt=\"Elections: le secteur du tourisme peu inquiet pour l'image de la France\" class=\"img-responsive\" src=\"https:\/\/www.festivox.fr\/blog\/wp-content\/uploads\/2024\/06\/elections-le-secteur-du-tourisme-peu-inquiet-pour-limage-de-la-france.jpg\"><\/p>\n<div class=\"article-info-area\">\n<div class=\"article-info-caption\"><figcaption>\n<p class=\"under-picture\">\u00ab\u00a0Quel que soit le gouvernement nomm\u00e9, les pouvoirs publics feront en sorte que pour l&rsquo;\u00e9t\u00e9, les Jeux olympiques soient une r\u00e9ussite\u00a0\u00bb \/ Geoffroy VAN DER HASSELT \/ AFP\/Archives <\/p>\n<\/figcaption><\/div>\n<\/div>\n<\/div>\n<\/div>\n<p><em>\u00ab Quel que soit le gouvernement nomm\u00e9, les pouvoirs publics feront en sorte que pour l\u2019\u00e9t\u00e9, les Jeux olympiques soient une r\u00e9ussite \u00bb<\/em>, selon lui. <em>\u00ab Pour les JO, l\u2019essentiel du travail a \u00e9t\u00e9 fait en amont. Toutes les probl\u00e9matiques de s\u00e9curit\u00e9, le transport, la gestion des flux, les sites, tout cela a \u00e9t\u00e9 anticip\u00e9 et est pr\u00eat \u00bb<\/em>, souligne-t-il. <\/p>\n<p>Les r\u00e9sultats \u00e9lectoraux <em>\u00ab n\u2019inversent pas la tendance du march\u00e9 \u00bb<\/em> qui, avec les Jeux olympiques, est plut\u00f4t \u00e0 la hausse, assure de son c\u00f4t\u00e9 \u00e0 l\u2019AFP Vanguelis Panayotis, pr\u00e9sident du cabinet de conseil MKG consulting.<\/p>\n<h2>Importance des images<\/h2>\n<p><em>\u00ab Ils vont peut-\u00eatre r\u00e9duire l\u2019attrait aupr\u00e8s de certains publics sensibles \u00e0 ces crit\u00e8res mais il n\u2019y a pas d\u2019annulations massives \u00bb<\/em>, selon lui. \u00bb C\u2019est beaucoup plus sensible quand on bascule en risque attentat comme il y a quelque mois \u00bb explique M.Panayotis. <em>\u00ab Pour l\u2019instant il s\u2019agit surtout de sujets politiques \u00bb<\/em>, selon lui.<\/p>\n<p><em>\u00ab Les gilets jaunes, les manifestations contre la r\u00e9forme des retraites, etc, cela envoie des images o\u00f9 les gens font un pas en arri\u00e8re et choisissent Portofino (en Italie) plut\u00f4t que Saint Tropez \u00bb<\/em>, selon le pr\u00e9sident de MKG Consulting.<\/p>\n<p>Lors de la crise des <em>\u00ab gilets jaunes \u00bb<\/em>, au premier trimestre 2019, avec une baisse de 4,8% de la fr\u00e9quentation h\u00f4teli\u00e8re des visiteurs \u00e9trangers et lors des \u00e9meutes de juin 2023 suite \u00e0 la mort de Nahel, abattu par un policier en r\u00e9gion parisienne, les h\u00f4teliers <em>\u00ab subissaient une vague d\u2019annulation de leurs r\u00e9servations \u00bb<\/em> dans les zones touch\u00e9es par les violences, selon le principal syndicat patronal de l\u2019h\u00f4tellerie-restauration, l\u2019Umih. <\/p>\n<div class=\"image-container test-main-image\" id=\"image-inline-3\" data-format=\"article_100\" data-id=\"3\" data-style=\"center\">\n<div class=\"image-container js-paywall-remove-element\"><img decoding=\"async\" alt=\"Elections: le secteur du tourisme peu inquiet pour l'image de la France\" class=\"img-responsive\" src=\"https:\/\/www.festivox.fr\/blog\/wp-content\/uploads\/2024\/06\/elections-le-secteur-du-tourisme-peu-inquiet-pour-limage-de-la-france-1.jpg\"><\/p>\n<div class=\"article-info-area\">\n<div class=\"article-info-caption\"><figcaption>\n<p class=\"under-picture\">Les \u00e9lections, quels que soient les r\u00e9sultats, n&rsquo;ont pas le m\u00eame effet sur la fr\u00e9quentation touristique \/ Ludovic MARIN \/ AFP\/Archives <\/p>\n<\/figcaption><\/div>\n<\/div>\n<\/div>\n<\/div>\n<p>Les \u00e9lections, quels que soient les r\u00e9sultats, n\u2019ont pas le m\u00eame effet sur la fr\u00e9quentation touristique. La nomination de la dirigeante d\u2019extr\u00eame droite Giorgia Meloni \u00e0 la pr\u00e9sidence du Conseil en Italie <em>\u00ab n\u2019emp\u00eache pas le tourisme italien de prosp\u00e9rer \u00bb<\/em>, souligne Didier Arino.<\/p>\n<p>L\u2019\u00e9lection de Donald Trump \u00e0 la pr\u00e9sidence am\u00e9ricaine a peut-\u00eatre fait r\u00e9fl\u00e9chir quelques Fran\u00e7ais sur la destination d\u2019un \u00e9t\u00e9 mais <em>\u00ab ceux qui vont chaque ann\u00e9e aux Etats-Unis ont continu\u00e9 d\u2019y aller \u00bb<\/em>, ajoute M. Panayotis. <\/p>\n<p>En 2023, la France a accueilli 100 millions de visiteurs \u00e9trangers selon le gouvernement, ce qui fait du pays la premi\u00e8re destination touristique mondial, pour 63,5 milliards d\u2019euros de recettes internationales. <\/p>\n<p> Cet article, qui traite du th\u00e8me \u00ab\u00a0Festival Jazz et musique en mode guinguette\u00a0\u00bb, vous est d\u00e9lib\u00e9r\u00e9ment offert par festivox.fr. La raison d\u2019\u00eatre de festivox.fr est de parler de Festival Jazz et musique en mode guinguette dans la transparence la plus g\u00e9n\u00e9rale en vous procurant la visibilit\u00e9 de tout ce qui est publi\u00e9 sur ce sujet sur le web La chronique a \u00e9t\u00e9 g\u00e9n\u00e9r\u00e9e de la mani\u00e8re la plus honn\u00eate que possible. S\u2019il advenait que vous projetez d\u2019apporter quelques notes concernant le domaine de \u00ab\u00a0Festival Jazz et musique en mode guinguette\u00a0\u00bb vous avez la possibilit\u00e9 de d&rsquo;\u00e9changer avec notre r\u00e9daction. Dans peu de temps, on mettra en ligne d&rsquo;autres informations pertinentes autour du sujet \u00ab\u00a0Festival Jazz et musique en mode guinguette\u00a0\u00bb. Ainsi, consultez r\u00e9guli\u00e8rement notre site.<\/p>\n","protected":false},"excerpt":{"rendered":"<p>A la veille des Jeux olympiques, les \u00e9lections l\u00e9gislatives \u00e0 venir et la pouss\u00e9e du RN ne devraient avoir que peu d\u2019effet sur la venue des touristes \u00e9trangers en France qui sont davantage sensibles aux questions de s\u00e9curit\u00e9 que de politique, selon les professionnels du secteur. \u00ab Les touristes sont sensibles \u00e0 la s\u00e9curit\u00e9 des&hellip;<\/p>\n","protected":false},"author":1,"featured_media":909,"comment_status":"closed","ping_status":"closed","sticky":false,"template":"","format":"standard","meta":{"footnotes":""},"categories":[3],"tags":[],"class_list":["post-908","post","type-post","status-publish","format-standard","has-post-thumbnail","hentry","category-wiki-sur-festival-jazz-et-musique-en-mode-guinguette"],"yoast_head":"<!-- This site is optimized with the Yoast SEO plugin v27.5 - https:\/\/yoast.com\/product\/yoast-seo-wordpress\/ -->\n<title>Elections: le secteur du tourisme peu inquiet pour l&#039;image de la France - FESTIVOX<\/title>\n<meta name=\"robots\" content=\"index, follow, max-snippet:-1, max-image-preview:large, max-video-preview:-1\" \/>\n<link rel=\"canonical\" href=\"https:\/\/www.festivox.fr\/blog\/elections-le-secteur-du-tourisme-peu-inquiet-pour-limage-de-la-france\/\" \/>\n<meta property=\"og:locale\" content=\"fr_FR\" \/>\n<meta property=\"og:type\" content=\"article\" \/>\n<meta property=\"og:title\" content=\"Elections: le secteur du tourisme peu inquiet pour l&#039;image de la France - FESTIVOX\" \/>\n<meta property=\"og:description\" content=\"A la veille des Jeux olympiques, les \u00e9lections l\u00e9gislatives \u00e0 venir et la pouss\u00e9e du RN ne devraient avoir que peu d\u2019effet sur la venue des touristes \u00e9trangers en France qui sont davantage sensibles aux questions de s\u00e9curit\u00e9 que de politique, selon les professionnels du secteur. \u00ab Les touristes sont sensibles \u00e0 la s\u00e9curit\u00e9 des&hellip;\" \/>\n<meta property=\"og:url\" content=\"https:\/\/www.festivox.fr\/blog\/elections-le-secteur-du-tourisme-peu-inquiet-pour-limage-de-la-france\/\" \/>\n<meta property=\"og:site_name\" content=\"FESTIVOX\" \/>\n<meta property=\"article:published_time\" content=\"2024-06-13T22:20:00+00:00\" \/>\n<meta property=\"og:image\" content=\"https:\/\/www.festivox.fr\/blog\/wp-content\/uploads\/2024\/06\/elections-le-secteur-du-tourisme-peu-inquiet-pour-limage-de-la-france.jpg\" \/>\n<meta name=\"author\" content=\"Michele\" \/>\n<meta name=\"twitter:card\" content=\"summary_large_image\" \/>\n<meta name=\"twitter:label1\" content=\"\u00c9crit par\" \/>\n\t<meta name=\"twitter:data1\" content=\"Michele\" \/>\n\t<meta name=\"twitter:label2\" content=\"Dur\u00e9e de lecture estim\u00e9e\" \/>\n\t<meta name=\"twitter:data2\" content=\"4 minutes\" \/>\n<script type=\"application\/ld+json\" class=\"yoast-schema-graph\">{\"@context\":\"https:\\\/\\\/schema.org\",\"@graph\":[{\"@type\":\"Article\",\"@id\":\"https:\\\/\\\/www.festivox.fr\\\/blog\\\/elections-le-secteur-du-tourisme-peu-inquiet-pour-limage-de-la-france\\\/#article\",\"isPartOf\":{\"@id\":\"https:\\\/\\\/www.festivox.fr\\\/blog\\\/elections-le-secteur-du-tourisme-peu-inquiet-pour-limage-de-la-france\\\/\"},\"author\":{\"name\":\"Michele\",\"@id\":\"https:\\\/\\\/www.festivox.fr\\\/blog\\\/#\\\/schema\\\/person\\\/f36a8b6bc94800c3eafed4bca993ce95\"},\"headline\":\"Elections: le secteur du tourisme peu inquiet pour l&rsquo;image de la France\",\"datePublished\":\"2024-06-13T22:20:00+00:00\",\"mainEntityOfPage\":{\"@id\":\"https:\\\/\\\/www.festivox.fr\\\/blog\\\/elections-le-secteur-du-tourisme-peu-inquiet-pour-limage-de-la-france\\\/\"},\"wordCount\":859,\"publisher\":{\"@id\":\"https:\\\/\\\/www.festivox.fr\\\/blog\\\/#organization\"},\"image\":{\"@id\":\"https:\\\/\\\/www.festivox.fr\\\/blog\\\/elections-le-secteur-du-tourisme-peu-inquiet-pour-limage-de-la-france\\\/#primaryimage\"},\"thumbnailUrl\":\"https:\\\/\\\/www.festivox.fr\\\/blog\\\/wp-content\\\/uploads\\\/2024\\\/06\\\/elections-le-secteur-du-tourisme-peu-inquiet-pour-limage-de-la-france.jpg\",\"articleSection\":[\"Wiki Sur Festival Jazz Et Musique En Mode Guinguette:\"],\"inLanguage\":\"fr-FR\"},{\"@type\":\"WebPage\",\"@id\":\"https:\\\/\\\/www.festivox.fr\\\/blog\\\/elections-le-secteur-du-tourisme-peu-inquiet-pour-limage-de-la-france\\\/\",\"url\":\"https:\\\/\\\/www.festivox.fr\\\/blog\\\/elections-le-secteur-du-tourisme-peu-inquiet-pour-limage-de-la-france\\\/\",\"name\":\"Elections: le secteur du tourisme peu inquiet pour l'image de la France - FESTIVOX\",\"isPartOf\":{\"@id\":\"https:\\\/\\\/www.festivox.fr\\\/blog\\\/#website\"},\"primaryImageOfPage\":{\"@id\":\"https:\\\/\\\/www.festivox.fr\\\/blog\\\/elections-le-secteur-du-tourisme-peu-inquiet-pour-limage-de-la-france\\\/#primaryimage\"},\"image\":{\"@id\":\"https:\\\/\\\/www.festivox.fr\\\/blog\\\/elections-le-secteur-du-tourisme-peu-inquiet-pour-limage-de-la-france\\\/#primaryimage\"},\"thumbnailUrl\":\"https:\\\/\\\/www.festivox.fr\\\/blog\\\/wp-content\\\/uploads\\\/2024\\\/06\\\/elections-le-secteur-du-tourisme-peu-inquiet-pour-limage-de-la-france.jpg\",\"datePublished\":\"2024-06-13T22:20:00+00:00\",\"breadcrumb\":{\"@id\":\"https:\\\/\\\/www.festivox.fr\\\/blog\\\/elections-le-secteur-du-tourisme-peu-inquiet-pour-limage-de-la-france\\\/#breadcrumb\"},\"inLanguage\":\"fr-FR\",\"potentialAction\":[{\"@type\":\"ReadAction\",\"target\":[\"https:\\\/\\\/www.festivox.fr\\\/blog\\\/elections-le-secteur-du-tourisme-peu-inquiet-pour-limage-de-la-france\\\/\"]}]},{\"@type\":\"ImageObject\",\"inLanguage\":\"fr-FR\",\"@id\":\"https:\\\/\\\/www.festivox.fr\\\/blog\\\/elections-le-secteur-du-tourisme-peu-inquiet-pour-limage-de-la-france\\\/#primaryimage\",\"url\":\"https:\\\/\\\/www.festivox.fr\\\/blog\\\/wp-content\\\/uploads\\\/2024\\\/06\\\/elections-le-secteur-du-tourisme-peu-inquiet-pour-limage-de-la-france.jpg\",\"contentUrl\":\"https:\\\/\\\/www.festivox.fr\\\/blog\\\/wp-content\\\/uploads\\\/2024\\\/06\\\/elections-le-secteur-du-tourisme-peu-inquiet-pour-limage-de-la-france.jpg\",\"width\":729,\"height\":518},{\"@type\":\"BreadcrumbList\",\"@id\":\"https:\\\/\\\/www.festivox.fr\\\/blog\\\/elections-le-secteur-du-tourisme-peu-inquiet-pour-limage-de-la-france\\\/#breadcrumb\",\"itemListElement\":[{\"@type\":\"ListItem\",\"position\":1,\"name\":\"Accueil\",\"item\":\"https:\\\/\\\/www.festivox.fr\\\/blog\\\/\"},{\"@type\":\"ListItem\",\"position\":2,\"name\":\"Elections: le secteur du tourisme peu inquiet pour l&rsquo;image de la France\"}]},{\"@type\":\"WebSite\",\"@id\":\"https:\\\/\\\/www.festivox.fr\\\/blog\\\/#website\",\"url\":\"https:\\\/\\\/www.festivox.fr\\\/blog\\\/\",\"name\":\"FESTIVOX\",\"description\":\"Festival en mode guinguette.\",\"publisher\":{\"@id\":\"https:\\\/\\\/www.festivox.fr\\\/blog\\\/#organization\"},\"potentialAction\":[{\"@type\":\"SearchAction\",\"target\":{\"@type\":\"EntryPoint\",\"urlTemplate\":\"https:\\\/\\\/www.festivox.fr\\\/blog\\\/?s={search_term_string}\"},\"query-input\":{\"@type\":\"PropertyValueSpecification\",\"valueRequired\":true,\"valueName\":\"search_term_string\"}}],\"inLanguage\":\"fr-FR\"},{\"@type\":\"Organization\",\"@id\":\"https:\\\/\\\/www.festivox.fr\\\/blog\\\/#organization\",\"name\":\"festivox\",\"url\":\"https:\\\/\\\/www.festivox.fr\\\/blog\\\/\",\"logo\":{\"@type\":\"ImageObject\",\"inLanguage\":\"fr-FR\",\"@id\":\"https:\\\/\\\/www.festivox.fr\\\/blog\\\/#\\\/schema\\\/logo\\\/image\\\/\",\"url\":\"https:\\\/\\\/www.festivox.fr\\\/blog\\\/wp-content\\\/uploads\\\/2023\\\/06\\\/logo-2.png\",\"contentUrl\":\"https:\\\/\\\/www.festivox.fr\\\/blog\\\/wp-content\\\/uploads\\\/2023\\\/06\\\/logo-2.png\",\"width\":480,\"height\":160,\"caption\":\"festivox\"},\"image\":{\"@id\":\"https:\\\/\\\/www.festivox.fr\\\/blog\\\/#\\\/schema\\\/logo\\\/image\\\/\"}},{\"@type\":\"Person\",\"@id\":\"https:\\\/\\\/www.festivox.fr\\\/blog\\\/#\\\/schema\\\/person\\\/f36a8b6bc94800c3eafed4bca993ce95\",\"name\":\"Michele\",\"image\":{\"@type\":\"ImageObject\",\"inLanguage\":\"fr-FR\",\"@id\":\"https:\\\/\\\/secure.gravatar.com\\\/avatar\\\/b062046536b5d47ec9075956ec349ef95ed06b0f910c578f74abb318668b702e?s=96&d=mm&r=g\",\"url\":\"https:\\\/\\\/secure.gravatar.com\\\/avatar\\\/b062046536b5d47ec9075956ec349ef95ed06b0f910c578f74abb318668b702e?s=96&d=mm&r=g\",\"contentUrl\":\"https:\\\/\\\/secure.gravatar.com\\\/avatar\\\/b062046536b5d47ec9075956ec349ef95ed06b0f910c578f74abb318668b702e?s=96&d=mm&r=g\",\"caption\":\"Michele\"},\"sameAs\":[\"https:\\\/\\\/www.festivox.fr\\\/blog\"],\"url\":\"https:\\\/\\\/www.festivox.fr\\\/blog\\\/author\\\/voxadmin\\\/\"}]}<\/script>\n<!-- \/ Yoast SEO plugin. -->","yoast_head_json":{"title":"Elections: le secteur du tourisme peu inquiet pour l'image de la France - FESTIVOX","robots":{"index":"index","follow":"follow","max-snippet":"max-snippet:-1","max-image-preview":"max-image-preview:large","max-video-preview":"max-video-preview:-1"},"canonical":"https:\/\/www.festivox.fr\/blog\/elections-le-secteur-du-tourisme-peu-inquiet-pour-limage-de-la-france\/","og_locale":"fr_FR","og_type":"article","og_title":"Elections: le secteur du tourisme peu inquiet pour l'image de la France - FESTIVOX","og_description":"A la veille des Jeux olympiques, les \u00e9lections l\u00e9gislatives \u00e0 venir et la pouss\u00e9e du RN ne devraient avoir que peu d\u2019effet sur la venue des touristes \u00e9trangers en France qui sont davantage sensibles aux questions de s\u00e9curit\u00e9 que de politique, selon les professionnels du secteur. \u00ab Les touristes sont sensibles \u00e0 la s\u00e9curit\u00e9 des&hellip;","og_url":"https:\/\/www.festivox.fr\/blog\/elections-le-secteur-du-tourisme-peu-inquiet-pour-limage-de-la-france\/","og_site_name":"FESTIVOX","article_published_time":"2024-06-13T22:20:00+00:00","og_image":[{"url":"https:\/\/www.festivox.fr\/blog\/wp-content\/uploads\/2024\/06\/elections-le-secteur-du-tourisme-peu-inquiet-pour-limage-de-la-france.jpg","type":"","width":"","height":""}],"author":"Michele","twitter_card":"summary_large_image","twitter_misc":{"\u00c9crit par":"Michele","Dur\u00e9e de lecture estim\u00e9e":"4 minutes"},"schema":{"@context":"https:\/\/schema.org","@graph":[{"@type":"Article","@id":"https:\/\/www.festivox.fr\/blog\/elections-le-secteur-du-tourisme-peu-inquiet-pour-limage-de-la-france\/#article","isPartOf":{"@id":"https:\/\/www.festivox.fr\/blog\/elections-le-secteur-du-tourisme-peu-inquiet-pour-limage-de-la-france\/"},"author":{"name":"Michele","@id":"https:\/\/www.festivox.fr\/blog\/#\/schema\/person\/f36a8b6bc94800c3eafed4bca993ce95"},"headline":"Elections: le secteur du tourisme peu inquiet pour l&rsquo;image de la France","datePublished":"2024-06-13T22:20:00+00:00","mainEntityOfPage":{"@id":"https:\/\/www.festivox.fr\/blog\/elections-le-secteur-du-tourisme-peu-inquiet-pour-limage-de-la-france\/"},"wordCount":859,"publisher":{"@id":"https:\/\/www.festivox.fr\/blog\/#organization"},"image":{"@id":"https:\/\/www.festivox.fr\/blog\/elections-le-secteur-du-tourisme-peu-inquiet-pour-limage-de-la-france\/#primaryimage"},"thumbnailUrl":"https:\/\/www.festivox.fr\/blog\/wp-content\/uploads\/2024\/06\/elections-le-secteur-du-tourisme-peu-inquiet-pour-limage-de-la-france.jpg","articleSection":["Wiki Sur Festival Jazz Et Musique En Mode Guinguette:"],"inLanguage":"fr-FR"},{"@type":"WebPage","@id":"https:\/\/www.festivox.fr\/blog\/elections-le-secteur-du-tourisme-peu-inquiet-pour-limage-de-la-france\/","url":"https:\/\/www.festivox.fr\/blog\/elections-le-secteur-du-tourisme-peu-inquiet-pour-limage-de-la-france\/","name":"Elections: le secteur du tourisme peu inquiet pour l'image de la France - FESTIVOX","isPartOf":{"@id":"https:\/\/www.festivox.fr\/blog\/#website"},"primaryImageOfPage":{"@id":"https:\/\/www.festivox.fr\/blog\/elections-le-secteur-du-tourisme-peu-inquiet-pour-limage-de-la-france\/#primaryimage"},"image":{"@id":"https:\/\/www.festivox.fr\/blog\/elections-le-secteur-du-tourisme-peu-inquiet-pour-limage-de-la-france\/#primaryimage"},"thumbnailUrl":"https:\/\/www.festivox.fr\/blog\/wp-content\/uploads\/2024\/06\/elections-le-secteur-du-tourisme-peu-inquiet-pour-limage-de-la-france.jpg","datePublished":"2024-06-13T22:20:00+00:00","breadcrumb":{"@id":"https:\/\/www.festivox.fr\/blog\/elections-le-secteur-du-tourisme-peu-inquiet-pour-limage-de-la-france\/#breadcrumb"},"inLanguage":"fr-FR","potentialAction":[{"@type":"ReadAction","target":["https:\/\/www.festivox.fr\/blog\/elections-le-secteur-du-tourisme-peu-inquiet-pour-limage-de-la-france\/"]}]},{"@type":"ImageObject","inLanguage":"fr-FR","@id":"https:\/\/www.festivox.fr\/blog\/elections-le-secteur-du-tourisme-peu-inquiet-pour-limage-de-la-france\/#primaryimage","url":"https:\/\/www.festivox.fr\/blog\/wp-content\/uploads\/2024\/06\/elections-le-secteur-du-tourisme-peu-inquiet-pour-limage-de-la-france.jpg","contentUrl":"https:\/\/www.festivox.fr\/blog\/wp-content\/uploads\/2024\/06\/elections-le-secteur-du-tourisme-peu-inquiet-pour-limage-de-la-france.jpg","width":729,"height":518},{"@type":"BreadcrumbList","@id":"https:\/\/www.festivox.fr\/blog\/elections-le-secteur-du-tourisme-peu-inquiet-pour-limage-de-la-france\/#breadcrumb","itemListElement":[{"@type":"ListItem","position":1,"name":"Accueil","item":"https:\/\/www.festivox.fr\/blog\/"},{"@type":"ListItem","position":2,"name":"Elections: le secteur du tourisme peu inquiet pour l&rsquo;image de la France"}]},{"@type":"WebSite","@id":"https:\/\/www.festivox.fr\/blog\/#website","url":"https:\/\/www.festivox.fr\/blog\/","name":"FESTIVOX","description":"Festival en mode guinguette.","publisher":{"@id":"https:\/\/www.festivox.fr\/blog\/#organization"},"potentialAction":[{"@type":"SearchAction","target":{"@type":"EntryPoint","urlTemplate":"https:\/\/www.festivox.fr\/blog\/?s={search_term_string}"},"query-input":{"@type":"PropertyValueSpecification","valueRequired":true,"valueName":"search_term_string"}}],"inLanguage":"fr-FR"},{"@type":"Organization","@id":"https:\/\/www.festivox.fr\/blog\/#organization","name":"festivox","url":"https:\/\/www.festivox.fr\/blog\/","logo":{"@type":"ImageObject","inLanguage":"fr-FR","@id":"https:\/\/www.festivox.fr\/blog\/#\/schema\/logo\/image\/","url":"https:\/\/www.festivox.fr\/blog\/wp-content\/uploads\/2023\/06\/logo-2.png","contentUrl":"https:\/\/www.festivox.fr\/blog\/wp-content\/uploads\/2023\/06\/logo-2.png","width":480,"height":160,"caption":"festivox"},"image":{"@id":"https:\/\/www.festivox.fr\/blog\/#\/schema\/logo\/image\/"}},{"@type":"Person","@id":"https:\/\/www.festivox.fr\/blog\/#\/schema\/person\/f36a8b6bc94800c3eafed4bca993ce95","name":"Michele","image":{"@type":"ImageObject","inLanguage":"fr-FR","@id":"https:\/\/secure.gravatar.com\/avatar\/b062046536b5d47ec9075956ec349ef95ed06b0f910c578f74abb318668b702e?s=96&d=mm&r=g","url":"https:\/\/secure.gravatar.com\/avatar\/b062046536b5d47ec9075956ec349ef95ed06b0f910c578f74abb318668b702e?s=96&d=mm&r=g","contentUrl":"https:\/\/secure.gravatar.com\/avatar\/b062046536b5d47ec9075956ec349ef95ed06b0f910c578f74abb318668b702e?s=96&d=mm&r=g","caption":"Michele"},"sameAs":["https:\/\/www.festivox.fr\/blog"],"url":"https:\/\/www.festivox.fr\/blog\/author\/voxadmin\/"}]}},"_links":{"self":[{"href":"https:\/\/www.festivox.fr\/blog\/wp-json\/wp\/v2\/posts\/908","targetHints":{"allow":["GET"]}}],"collection":[{"href":"https:\/\/www.festivox.fr\/blog\/wp-json\/wp\/v2\/posts"}],"about":[{"href":"https:\/\/www.festivox.fr\/blog\/wp-json\/wp\/v2\/types\/post"}],"author":[{"embeddable":true,"href":"https:\/\/www.festivox.fr\/blog\/wp-json\/wp\/v2\/users\/1"}],"replies":[{"embeddable":true,"href":"https:\/\/www.festivox.fr\/blog\/wp-json\/wp\/v2\/comments?post=908"}],"version-history":[{"count":0,"href":"https:\/\/www.festivox.fr\/blog\/wp-json\/wp\/v2\/posts\/908\/revisions"}],"wp:featuredmedia":[{"embeddable":true,"href":"https:\/\/www.festivox.fr\/blog\/wp-json\/wp\/v2\/media\/909"}],"wp:attachment":[{"href":"https:\/\/www.festivox.fr\/blog\/wp-json\/wp\/v2\/media?parent=908"}],"wp:term":[{"taxonomy":"category","embeddable":true,"href":"https:\/\/www.festivox.fr\/blog\/wp-json\/wp\/v2\/categories?post=908"},{"taxonomy":"post_tag","embeddable":true,"href":"https:\/\/www.festivox.fr\/blog\/wp-json\/wp\/v2\/tags?post=908"}],"curies":[{"name":"wp","href":"https:\/\/api.w.org\/{rel}","templated":true}]}}