{"id":904,"date":"2024-06-14T03:01:00","date_gmt":"2024-06-14T01:01:00","guid":{"rendered":"https:\/\/www.festivox.fr\/blog\/nougaro-le-jazz-la-java-et-un-orage-dhommages\/"},"modified":"2024-06-14T03:01:00","modified_gmt":"2024-06-14T01:01:00","slug":"nougaro-le-jazz-la-java-et-un-orage-dhommages","status":"publish","type":"post","link":"https:\/\/www.festivox.fr\/blog\/nougaro-le-jazz-la-java-et-un-orage-dhommages\/","title":{"rendered":"Nougaro, le jazz, la java et un orage d&rsquo;hommages"},"content":{"rendered":"\n<div><img decoding=\"async\" src=\"https:\/\/www.festivox.fr\/blog\/wp-content\/uploads\/2024\/06\/nougaro-le-jazz-la-java-et-un-orage-dhommages.jpg\" class=\"ff-og-image-inserted\"><\/div>\n<p>Album de reprises guitare-voix, concert patrimonial avec les images de l&rsquo;Ina \u00e0 Paris, show itin\u00e9rant avec un casting XXL: les projets honorant Claude Nougaro se d\u00e9multiplient 20 ans apr\u00e8s sa disparition.<\/p>\n<p>\u00ab\u00a0Il faut \u00eatre gourmand et novateur, comme il l&rsquo;\u00e9tait, pour lui rendre hommage\u00a0\u00bb, expose \u00e0 l&rsquo;AFP Mathias Malzieu, leader de Dionysos, aux manettes de \u00ab\u00a0Nous&#8230; Nougaro !\u00a0\u00bb. <\/p>\n<p>Cette cr\u00e9ation est programm\u00e9e le 25 juin au Grand Rex, sous le label des concerts patrimoniaux enrichis par les images de l&rsquo;Institut national de l&rsquo;audiovisuel (Ina). Alain Bashung (d\u00e9c\u00e9d\u00e9 en 2009) a \u00e9t\u00e9 c\u00e9l\u00e9br\u00e9 ainsi en 2019 et Barbara (disparue en 1997) en 2023. <\/p>\n<p>Pour honorer Nougaro, parti en 2004, une vingtaine d&rsquo;artistes sont convi\u00e9s, pour des duos, accompagn\u00e9s par 9 musiciens, du cuivre au beatmaker. <\/p>\n<p>Mathias Malzieu ne voulait \u00ab\u00a0pas uniquement des interpr\u00e8tes qu&rsquo;on a d\u00e9j\u00e0 beaucoup entendus chanter du Nougaro: je voulais des jeunes, des femmes\u00a0\u00bb, dit-il. \u00ab\u00a0Je suis ravi de voir chanter en duo Arthur H avec Pi Ja Ma (artiste \u00e9mergente), Tch\u00e9ky Karyo avec Emily Loizeau\u00a0\u00bb. Olivia Ruiz ou encore Mouss &amp; Hakim (Zebda, groupe de Toulouse, ville natale de Nougaro) sont aussi de la f\u00eate.<\/p>\n<h2> \u00ab\u00a0Bossa 2.0\u00a0\u00bb <\/h2>\n<p>Pour \u00e9viter toute impression de \u00ab\u00a0compilation\u00a0\u00bb, le cerveau de Dionysos a dessin\u00e9 un \u00ab\u00a0r\u00e9pertoire bossa nova\u00a0\u00bb. \u00ab\u00a0Je n&rsquo;ai pas choisi que les morceaux de Nougaro inspir\u00e9s par la bossa, on a r\u00e9arrang\u00e9 les morceaux jazz, inspir\u00e9s d&rsquo;Afrique, pop \u00e0 la +Nougayork+ (album de 1997) pour leur donner une dimension bossa 2.0\u00a0\u00bb. <\/p>\n<p>Un autre projet a donn\u00e9 lieu \u00e0 un disque, \u00ab\u00a0Une Voix, Six Cordes &#8211; De Claude \u00e0 Nougaro\u00a0\u00bb, dans les bacs et plateformes depuis le 31 mai. <\/p>\n<p>\u00ab\u00a0C&rsquo;est quelque chose d&rsquo;assez intime et qui s&rsquo;est fait de mani\u00e8re naturelle\u00a0\u00bb, explique \u00e0 l&rsquo;AFP Louis Winsberg, guitariste, au c\u00f4t\u00e9 du chanteur Yvan Cujious. <\/p>\n<p>Le duo profite de la pr\u00e9sence d&rsquo;invit\u00e9s tels que Francis Cabrel, Thomas Dutronc ou encore les rappeurs toulousains Bigflo et Oli.<\/p>\n<p>Yvan Cujious fut professeur de sciences physiques pendant dix ans, avant de plonger d\u00e9finitivement dans la musique. C&rsquo;\u00e9tait un ami proche de Nougaro depuis leur rencontre dans les ann\u00e9es 1990 lors d&rsquo;un concours de chansons.<\/p>\n<p>Louis Winsberg a jou\u00e9 sur le dernier album studio du vivant du chanteur, \u00ab\u00a0Embarquement imm\u00e9diat\u00a0\u00bb, et l&rsquo;avait accompagn\u00e9 sur sc\u00e8ne sur la chanson \u00ab\u00a0Ma chemin\u00e9e est un th\u00e9\u00e2tre\u00a0\u00bb. <\/p>\n<p>\u00ab\u00a0Je lui avais offert un livre de peintures de mon p\u00e8re, Jacques Winsberg, et, quand j&rsquo;arrivais sur sc\u00e8ne, il me pr\u00e9sentait comme +le fils du peintre+\u00a0\u00bb, se souvient le guitariste. <\/p>\n<p>Il se rappelle aussi \u00ab\u00a0le taureau\u00a0\u00bb qu&rsquo;\u00e9tait Nougaro, transfigur\u00e9 sur sc\u00e8ne alors qu&rsquo;il semblait se tra\u00eener en loges quelques minutes auparavant.<\/p>\n<h2> \u00ab\u00a0Univers fascinant\u00a0\u00bb <\/h2>\n<p>\u00ab\u00a0\u00c9tant musicien de jazz \u00e0 la base, Nougaro fait partie de ma culture. Pas grand monde n&rsquo;avait fait sa d\u00e9marche par rapport au jazz, consid\u00e9r\u00e9 comme \u00e9litiste, qu&rsquo;il transformait en chanson\u00a0\u00bb, salue-t-il. <\/p>\n<p>La sc\u00e8ne, c&rsquo;est l\u00e0 o\u00f9 tourne un troisi\u00e8me projet, \u00ab\u00a0New&rsquo;Garo\u00a0\u00bb, show-hommage avec plus de 30 artistes, d\u00e9j\u00e0 donn\u00e9 une premi\u00e8re fois le 10 mai au festival Jazz sous les pommiers.<\/p>\n<p>\u00ab\u00a0Nougaro a travaill\u00e9 \u00e0 partir de compositeurs incroyables &#8211; Michel Legrand, Lalo Schifrin, Maurice Vander, Eddy Louiss -, ce sont des musiques de tr\u00e8s haute vol\u00e9e\u00a0\u00bb, savoure pour l&rsquo;AFP Fred Pallem, arrangeur sur cette cr\u00e9ation, servie par un casting vocal fluctuant au gr\u00e9 des dates, entre Souad Massi, Gabi Hartmann, Jacques Gamblin ou encore Ray Lema. <\/p>\n<p>La seconde prestation est pr\u00e9vue au festival Jazz \u00e0 Vienne, au Th\u00e9\u00e2tre Antique le 7 juillet. Avant d&rsquo;autres repr\u00e9sentations dans les festivals Les Suds \u00e0 Arles (12 juillet) et Jazz in Marciac (27 juillet).<\/p>\n<p>\u00ab\u00a0Nougaro a un univers fascinant, tr\u00e8s riche. Ses chansons sont difficiles compar\u00e9es \u00e0 la vari\u00e9t\u00e9 fran\u00e7aise qui d\u00e9marre dans les ann\u00e9es 1980: Michel Berger, par exemple, que moi j&rsquo;adore, c&rsquo;est beaucoup plus simple\u00a0\u00bb, d\u00e9veloppe Fred Pallem, connu pour ses cr\u00e9ations \u00e0 la t\u00eate de son ensemble, Le Sacre du Tympan.<\/p>\n<p> Cet article, qui traite du th\u00e8me \u00ab\u00a0Festival Jazz et musique en mode guinguette\u00a0\u00bb, vous est d\u00e9lib\u00e9r\u00e9ment offert par festivox.fr. La raison d\u2019\u00eatre de festivox.fr est de parler de Festival Jazz et musique en mode guinguette dans la transparence la plus g\u00e9n\u00e9rale en vous procurant la visibilit\u00e9 de tout ce qui est publi\u00e9 sur ce sujet sur le web La chronique a \u00e9t\u00e9 g\u00e9n\u00e9r\u00e9e de la mani\u00e8re la plus honn\u00eate que possible. S\u2019il advenait que vous projetez d\u2019apporter quelques notes concernant le domaine de \u00ab\u00a0Festival Jazz et musique en mode guinguette\u00a0\u00bb vous avez la possibilit\u00e9 de d&rsquo;\u00e9changer avec notre r\u00e9daction. Dans peu de temps, on mettra en ligne d&rsquo;autres informations pertinentes autour du sujet \u00ab\u00a0Festival Jazz et musique en mode guinguette\u00a0\u00bb. Ainsi, consultez r\u00e9guli\u00e8rement notre site.<\/p>\n","protected":false},"excerpt":{"rendered":"<p>Album de reprises guitare-voix, concert patrimonial avec les images de l&rsquo;Ina \u00e0 Paris, show itin\u00e9rant avec un casting XXL: les projets honorant Claude Nougaro se d\u00e9multiplient 20 ans apr\u00e8s sa disparition. \u00ab\u00a0Il faut \u00eatre gourmand et novateur, comme il l&rsquo;\u00e9tait, pour lui rendre hommage\u00a0\u00bb, expose \u00e0 l&rsquo;AFP Mathias Malzieu, leader de Dionysos, aux manettes de&hellip;<\/p>\n","protected":false},"author":1,"featured_media":905,"comment_status":"closed","ping_status":"closed","sticky":false,"template":"","format":"standard","meta":{"footnotes":""},"categories":[3],"tags":[],"class_list":["post-904","post","type-post","status-publish","format-standard","has-post-thumbnail","hentry","category-wiki-sur-festival-jazz-et-musique-en-mode-guinguette"],"yoast_head":"<!-- This site is optimized with the Yoast SEO plugin v27.5 - https:\/\/yoast.com\/product\/yoast-seo-wordpress\/ -->\n<title>Nougaro, le jazz, la java et un orage d&#039;hommages - FESTIVOX<\/title>\n<meta name=\"robots\" content=\"index, follow, max-snippet:-1, max-image-preview:large, max-video-preview:-1\" \/>\n<link rel=\"canonical\" href=\"https:\/\/www.festivox.fr\/blog\/nougaro-le-jazz-la-java-et-un-orage-dhommages\/\" \/>\n<meta property=\"og:locale\" content=\"fr_FR\" \/>\n<meta property=\"og:type\" content=\"article\" \/>\n<meta property=\"og:title\" content=\"Nougaro, le jazz, la java et un orage d&#039;hommages - FESTIVOX\" \/>\n<meta property=\"og:description\" content=\"Album de reprises guitare-voix, concert patrimonial avec les images de l&rsquo;Ina \u00e0 Paris, show itin\u00e9rant avec un casting XXL: les projets honorant Claude Nougaro se d\u00e9multiplient 20 ans apr\u00e8s sa disparition. \u00ab\u00a0Il faut \u00eatre gourmand et novateur, comme il l&rsquo;\u00e9tait, pour lui rendre hommage\u00a0\u00bb, expose \u00e0 l&rsquo;AFP Mathias Malzieu, leader de Dionysos, aux manettes de&hellip;\" \/>\n<meta property=\"og:url\" content=\"https:\/\/www.festivox.fr\/blog\/nougaro-le-jazz-la-java-et-un-orage-dhommages\/\" \/>\n<meta property=\"og:site_name\" content=\"FESTIVOX\" \/>\n<meta property=\"article:published_time\" content=\"2024-06-14T01:01:00+00:00\" \/>\n<meta property=\"og:image\" content=\"https:\/\/www.festivox.fr\/blog\/wp-content\/uploads\/2024\/06\/nougaro-le-jazz-la-java-et-un-orage-dhommages.jpg\" \/>\n<meta name=\"author\" content=\"Michele\" \/>\n<meta name=\"twitter:card\" content=\"summary_large_image\" \/>\n<meta name=\"twitter:label1\" content=\"\u00c9crit par\" \/>\n\t<meta name=\"twitter:data1\" content=\"Michele\" \/>\n\t<meta name=\"twitter:label2\" content=\"Dur\u00e9e de lecture estim\u00e9e\" \/>\n\t<meta name=\"twitter:data2\" content=\"4 minutes\" \/>\n<script type=\"application\/ld+json\" class=\"yoast-schema-graph\">{\"@context\":\"https:\\\/\\\/schema.org\",\"@graph\":[{\"@type\":\"Article\",\"@id\":\"https:\\\/\\\/www.festivox.fr\\\/blog\\\/nougaro-le-jazz-la-java-et-un-orage-dhommages\\\/#article\",\"isPartOf\":{\"@id\":\"https:\\\/\\\/www.festivox.fr\\\/blog\\\/nougaro-le-jazz-la-java-et-un-orage-dhommages\\\/\"},\"author\":{\"name\":\"Michele\",\"@id\":\"https:\\\/\\\/www.festivox.fr\\\/blog\\\/#\\\/schema\\\/person\\\/f36a8b6bc94800c3eafed4bca993ce95\"},\"headline\":\"Nougaro, le jazz, la java et un orage d&rsquo;hommages\",\"datePublished\":\"2024-06-14T01:01:00+00:00\",\"mainEntityOfPage\":{\"@id\":\"https:\\\/\\\/www.festivox.fr\\\/blog\\\/nougaro-le-jazz-la-java-et-un-orage-dhommages\\\/\"},\"wordCount\":811,\"publisher\":{\"@id\":\"https:\\\/\\\/www.festivox.fr\\\/blog\\\/#organization\"},\"image\":{\"@id\":\"https:\\\/\\\/www.festivox.fr\\\/blog\\\/nougaro-le-jazz-la-java-et-un-orage-dhommages\\\/#primaryimage\"},\"thumbnailUrl\":\"https:\\\/\\\/www.festivox.fr\\\/blog\\\/wp-content\\\/uploads\\\/2024\\\/06\\\/nougaro-le-jazz-la-java-et-un-orage-dhommages.jpg\",\"articleSection\":[\"Wiki Sur Festival Jazz Et Musique En Mode Guinguette:\"],\"inLanguage\":\"fr-FR\"},{\"@type\":\"WebPage\",\"@id\":\"https:\\\/\\\/www.festivox.fr\\\/blog\\\/nougaro-le-jazz-la-java-et-un-orage-dhommages\\\/\",\"url\":\"https:\\\/\\\/www.festivox.fr\\\/blog\\\/nougaro-le-jazz-la-java-et-un-orage-dhommages\\\/\",\"name\":\"Nougaro, le jazz, la java et un orage d'hommages - FESTIVOX\",\"isPartOf\":{\"@id\":\"https:\\\/\\\/www.festivox.fr\\\/blog\\\/#website\"},\"primaryImageOfPage\":{\"@id\":\"https:\\\/\\\/www.festivox.fr\\\/blog\\\/nougaro-le-jazz-la-java-et-un-orage-dhommages\\\/#primaryimage\"},\"image\":{\"@id\":\"https:\\\/\\\/www.festivox.fr\\\/blog\\\/nougaro-le-jazz-la-java-et-un-orage-dhommages\\\/#primaryimage\"},\"thumbnailUrl\":\"https:\\\/\\\/www.festivox.fr\\\/blog\\\/wp-content\\\/uploads\\\/2024\\\/06\\\/nougaro-le-jazz-la-java-et-un-orage-dhommages.jpg\",\"datePublished\":\"2024-06-14T01:01:00+00:00\",\"breadcrumb\":{\"@id\":\"https:\\\/\\\/www.festivox.fr\\\/blog\\\/nougaro-le-jazz-la-java-et-un-orage-dhommages\\\/#breadcrumb\"},\"inLanguage\":\"fr-FR\",\"potentialAction\":[{\"@type\":\"ReadAction\",\"target\":[\"https:\\\/\\\/www.festivox.fr\\\/blog\\\/nougaro-le-jazz-la-java-et-un-orage-dhommages\\\/\"]}]},{\"@type\":\"ImageObject\",\"inLanguage\":\"fr-FR\",\"@id\":\"https:\\\/\\\/www.festivox.fr\\\/blog\\\/nougaro-le-jazz-la-java-et-un-orage-dhommages\\\/#primaryimage\",\"url\":\"https:\\\/\\\/www.festivox.fr\\\/blog\\\/wp-content\\\/uploads\\\/2024\\\/06\\\/nougaro-le-jazz-la-java-et-un-orage-dhommages.jpg\",\"contentUrl\":\"https:\\\/\\\/www.festivox.fr\\\/blog\\\/wp-content\\\/uploads\\\/2024\\\/06\\\/nougaro-le-jazz-la-java-et-un-orage-dhommages.jpg\",\"width\":1200,\"height\":800},{\"@type\":\"BreadcrumbList\",\"@id\":\"https:\\\/\\\/www.festivox.fr\\\/blog\\\/nougaro-le-jazz-la-java-et-un-orage-dhommages\\\/#breadcrumb\",\"itemListElement\":[{\"@type\":\"ListItem\",\"position\":1,\"name\":\"Accueil\",\"item\":\"https:\\\/\\\/www.festivox.fr\\\/blog\\\/\"},{\"@type\":\"ListItem\",\"position\":2,\"name\":\"Nougaro, le jazz, la java et un orage d&rsquo;hommages\"}]},{\"@type\":\"WebSite\",\"@id\":\"https:\\\/\\\/www.festivox.fr\\\/blog\\\/#website\",\"url\":\"https:\\\/\\\/www.festivox.fr\\\/blog\\\/\",\"name\":\"FESTIVOX\",\"description\":\"Festival en mode guinguette.\",\"publisher\":{\"@id\":\"https:\\\/\\\/www.festivox.fr\\\/blog\\\/#organization\"},\"potentialAction\":[{\"@type\":\"SearchAction\",\"target\":{\"@type\":\"EntryPoint\",\"urlTemplate\":\"https:\\\/\\\/www.festivox.fr\\\/blog\\\/?s={search_term_string}\"},\"query-input\":{\"@type\":\"PropertyValueSpecification\",\"valueRequired\":true,\"valueName\":\"search_term_string\"}}],\"inLanguage\":\"fr-FR\"},{\"@type\":\"Organization\",\"@id\":\"https:\\\/\\\/www.festivox.fr\\\/blog\\\/#organization\",\"name\":\"festivox\",\"url\":\"https:\\\/\\\/www.festivox.fr\\\/blog\\\/\",\"logo\":{\"@type\":\"ImageObject\",\"inLanguage\":\"fr-FR\",\"@id\":\"https:\\\/\\\/www.festivox.fr\\\/blog\\\/#\\\/schema\\\/logo\\\/image\\\/\",\"url\":\"https:\\\/\\\/www.festivox.fr\\\/blog\\\/wp-content\\\/uploads\\\/2023\\\/06\\\/logo-2.png\",\"contentUrl\":\"https:\\\/\\\/www.festivox.fr\\\/blog\\\/wp-content\\\/uploads\\\/2023\\\/06\\\/logo-2.png\",\"width\":480,\"height\":160,\"caption\":\"festivox\"},\"image\":{\"@id\":\"https:\\\/\\\/www.festivox.fr\\\/blog\\\/#\\\/schema\\\/logo\\\/image\\\/\"}},{\"@type\":\"Person\",\"@id\":\"https:\\\/\\\/www.festivox.fr\\\/blog\\\/#\\\/schema\\\/person\\\/f36a8b6bc94800c3eafed4bca993ce95\",\"name\":\"Michele\",\"image\":{\"@type\":\"ImageObject\",\"inLanguage\":\"fr-FR\",\"@id\":\"https:\\\/\\\/secure.gravatar.com\\\/avatar\\\/b062046536b5d47ec9075956ec349ef95ed06b0f910c578f74abb318668b702e?s=96&d=mm&r=g\",\"url\":\"https:\\\/\\\/secure.gravatar.com\\\/avatar\\\/b062046536b5d47ec9075956ec349ef95ed06b0f910c578f74abb318668b702e?s=96&d=mm&r=g\",\"contentUrl\":\"https:\\\/\\\/secure.gravatar.com\\\/avatar\\\/b062046536b5d47ec9075956ec349ef95ed06b0f910c578f74abb318668b702e?s=96&d=mm&r=g\",\"caption\":\"Michele\"},\"sameAs\":[\"https:\\\/\\\/www.festivox.fr\\\/blog\"],\"url\":\"https:\\\/\\\/www.festivox.fr\\\/blog\\\/author\\\/voxadmin\\\/\"}]}<\/script>\n<!-- \/ Yoast SEO plugin. -->","yoast_head_json":{"title":"Nougaro, le jazz, la java et un orage d'hommages - FESTIVOX","robots":{"index":"index","follow":"follow","max-snippet":"max-snippet:-1","max-image-preview":"max-image-preview:large","max-video-preview":"max-video-preview:-1"},"canonical":"https:\/\/www.festivox.fr\/blog\/nougaro-le-jazz-la-java-et-un-orage-dhommages\/","og_locale":"fr_FR","og_type":"article","og_title":"Nougaro, le jazz, la java et un orage d'hommages - FESTIVOX","og_description":"Album de reprises guitare-voix, concert patrimonial avec les images de l&rsquo;Ina \u00e0 Paris, show itin\u00e9rant avec un casting XXL: les projets honorant Claude Nougaro se d\u00e9multiplient 20 ans apr\u00e8s sa disparition. \u00ab\u00a0Il faut \u00eatre gourmand et novateur, comme il l&rsquo;\u00e9tait, pour lui rendre hommage\u00a0\u00bb, expose \u00e0 l&rsquo;AFP Mathias Malzieu, leader de Dionysos, aux manettes de&hellip;","og_url":"https:\/\/www.festivox.fr\/blog\/nougaro-le-jazz-la-java-et-un-orage-dhommages\/","og_site_name":"FESTIVOX","article_published_time":"2024-06-14T01:01:00+00:00","og_image":[{"url":"https:\/\/www.festivox.fr\/blog\/wp-content\/uploads\/2024\/06\/nougaro-le-jazz-la-java-et-un-orage-dhommages.jpg","type":"","width":"","height":""}],"author":"Michele","twitter_card":"summary_large_image","twitter_misc":{"\u00c9crit par":"Michele","Dur\u00e9e de lecture estim\u00e9e":"4 minutes"},"schema":{"@context":"https:\/\/schema.org","@graph":[{"@type":"Article","@id":"https:\/\/www.festivox.fr\/blog\/nougaro-le-jazz-la-java-et-un-orage-dhommages\/#article","isPartOf":{"@id":"https:\/\/www.festivox.fr\/blog\/nougaro-le-jazz-la-java-et-un-orage-dhommages\/"},"author":{"name":"Michele","@id":"https:\/\/www.festivox.fr\/blog\/#\/schema\/person\/f36a8b6bc94800c3eafed4bca993ce95"},"headline":"Nougaro, le jazz, la java et un orage d&rsquo;hommages","datePublished":"2024-06-14T01:01:00+00:00","mainEntityOfPage":{"@id":"https:\/\/www.festivox.fr\/blog\/nougaro-le-jazz-la-java-et-un-orage-dhommages\/"},"wordCount":811,"publisher":{"@id":"https:\/\/www.festivox.fr\/blog\/#organization"},"image":{"@id":"https:\/\/www.festivox.fr\/blog\/nougaro-le-jazz-la-java-et-un-orage-dhommages\/#primaryimage"},"thumbnailUrl":"https:\/\/www.festivox.fr\/blog\/wp-content\/uploads\/2024\/06\/nougaro-le-jazz-la-java-et-un-orage-dhommages.jpg","articleSection":["Wiki Sur Festival Jazz Et Musique En Mode Guinguette:"],"inLanguage":"fr-FR"},{"@type":"WebPage","@id":"https:\/\/www.festivox.fr\/blog\/nougaro-le-jazz-la-java-et-un-orage-dhommages\/","url":"https:\/\/www.festivox.fr\/blog\/nougaro-le-jazz-la-java-et-un-orage-dhommages\/","name":"Nougaro, le jazz, la java et un orage d'hommages - FESTIVOX","isPartOf":{"@id":"https:\/\/www.festivox.fr\/blog\/#website"},"primaryImageOfPage":{"@id":"https:\/\/www.festivox.fr\/blog\/nougaro-le-jazz-la-java-et-un-orage-dhommages\/#primaryimage"},"image":{"@id":"https:\/\/www.festivox.fr\/blog\/nougaro-le-jazz-la-java-et-un-orage-dhommages\/#primaryimage"},"thumbnailUrl":"https:\/\/www.festivox.fr\/blog\/wp-content\/uploads\/2024\/06\/nougaro-le-jazz-la-java-et-un-orage-dhommages.jpg","datePublished":"2024-06-14T01:01:00+00:00","breadcrumb":{"@id":"https:\/\/www.festivox.fr\/blog\/nougaro-le-jazz-la-java-et-un-orage-dhommages\/#breadcrumb"},"inLanguage":"fr-FR","potentialAction":[{"@type":"ReadAction","target":["https:\/\/www.festivox.fr\/blog\/nougaro-le-jazz-la-java-et-un-orage-dhommages\/"]}]},{"@type":"ImageObject","inLanguage":"fr-FR","@id":"https:\/\/www.festivox.fr\/blog\/nougaro-le-jazz-la-java-et-un-orage-dhommages\/#primaryimage","url":"https:\/\/www.festivox.fr\/blog\/wp-content\/uploads\/2024\/06\/nougaro-le-jazz-la-java-et-un-orage-dhommages.jpg","contentUrl":"https:\/\/www.festivox.fr\/blog\/wp-content\/uploads\/2024\/06\/nougaro-le-jazz-la-java-et-un-orage-dhommages.jpg","width":1200,"height":800},{"@type":"BreadcrumbList","@id":"https:\/\/www.festivox.fr\/blog\/nougaro-le-jazz-la-java-et-un-orage-dhommages\/#breadcrumb","itemListElement":[{"@type":"ListItem","position":1,"name":"Accueil","item":"https:\/\/www.festivox.fr\/blog\/"},{"@type":"ListItem","position":2,"name":"Nougaro, le jazz, la java et un orage d&rsquo;hommages"}]},{"@type":"WebSite","@id":"https:\/\/www.festivox.fr\/blog\/#website","url":"https:\/\/www.festivox.fr\/blog\/","name":"FESTIVOX","description":"Festival en mode guinguette.","publisher":{"@id":"https:\/\/www.festivox.fr\/blog\/#organization"},"potentialAction":[{"@type":"SearchAction","target":{"@type":"EntryPoint","urlTemplate":"https:\/\/www.festivox.fr\/blog\/?s={search_term_string}"},"query-input":{"@type":"PropertyValueSpecification","valueRequired":true,"valueName":"search_term_string"}}],"inLanguage":"fr-FR"},{"@type":"Organization","@id":"https:\/\/www.festivox.fr\/blog\/#organization","name":"festivox","url":"https:\/\/www.festivox.fr\/blog\/","logo":{"@type":"ImageObject","inLanguage":"fr-FR","@id":"https:\/\/www.festivox.fr\/blog\/#\/schema\/logo\/image\/","url":"https:\/\/www.festivox.fr\/blog\/wp-content\/uploads\/2023\/06\/logo-2.png","contentUrl":"https:\/\/www.festivox.fr\/blog\/wp-content\/uploads\/2023\/06\/logo-2.png","width":480,"height":160,"caption":"festivox"},"image":{"@id":"https:\/\/www.festivox.fr\/blog\/#\/schema\/logo\/image\/"}},{"@type":"Person","@id":"https:\/\/www.festivox.fr\/blog\/#\/schema\/person\/f36a8b6bc94800c3eafed4bca993ce95","name":"Michele","image":{"@type":"ImageObject","inLanguage":"fr-FR","@id":"https:\/\/secure.gravatar.com\/avatar\/b062046536b5d47ec9075956ec349ef95ed06b0f910c578f74abb318668b702e?s=96&d=mm&r=g","url":"https:\/\/secure.gravatar.com\/avatar\/b062046536b5d47ec9075956ec349ef95ed06b0f910c578f74abb318668b702e?s=96&d=mm&r=g","contentUrl":"https:\/\/secure.gravatar.com\/avatar\/b062046536b5d47ec9075956ec349ef95ed06b0f910c578f74abb318668b702e?s=96&d=mm&r=g","caption":"Michele"},"sameAs":["https:\/\/www.festivox.fr\/blog"],"url":"https:\/\/www.festivox.fr\/blog\/author\/voxadmin\/"}]}},"_links":{"self":[{"href":"https:\/\/www.festivox.fr\/blog\/wp-json\/wp\/v2\/posts\/904","targetHints":{"allow":["GET"]}}],"collection":[{"href":"https:\/\/www.festivox.fr\/blog\/wp-json\/wp\/v2\/posts"}],"about":[{"href":"https:\/\/www.festivox.fr\/blog\/wp-json\/wp\/v2\/types\/post"}],"author":[{"embeddable":true,"href":"https:\/\/www.festivox.fr\/blog\/wp-json\/wp\/v2\/users\/1"}],"replies":[{"embeddable":true,"href":"https:\/\/www.festivox.fr\/blog\/wp-json\/wp\/v2\/comments?post=904"}],"version-history":[{"count":0,"href":"https:\/\/www.festivox.fr\/blog\/wp-json\/wp\/v2\/posts\/904\/revisions"}],"wp:featuredmedia":[{"embeddable":true,"href":"https:\/\/www.festivox.fr\/blog\/wp-json\/wp\/v2\/media\/905"}],"wp:attachment":[{"href":"https:\/\/www.festivox.fr\/blog\/wp-json\/wp\/v2\/media?parent=904"}],"wp:term":[{"taxonomy":"category","embeddable":true,"href":"https:\/\/www.festivox.fr\/blog\/wp-json\/wp\/v2\/categories?post=904"},{"taxonomy":"post_tag","embeddable":true,"href":"https:\/\/www.festivox.fr\/blog\/wp-json\/wp\/v2\/tags?post=904"}],"curies":[{"name":"wp","href":"https:\/\/api.w.org\/{rel}","templated":true}]}}