{"id":900,"date":"2024-06-13T09:19:00","date_gmt":"2024-06-13T07:19:00","guid":{"rendered":"https:\/\/www.festivox.fr\/blog\/les-premieres-notes-de-la-fete-de-la-musique-resonneront-ce-week-end-dans-le-pays-de-morlaix\/"},"modified":"2024-06-13T09:19:00","modified_gmt":"2024-06-13T07:19:00","slug":"les-premieres-notes-de-la-fete-de-la-musique-resonneront-ce-week-end-dans-le-pays-de-morlaix","status":"publish","type":"post","link":"https:\/\/www.festivox.fr\/blog\/les-premieres-notes-de-la-fete-de-la-musique-resonneront-ce-week-end-dans-le-pays-de-morlaix\/","title":{"rendered":"Les premi\u00e8res notes de la F\u00eate de la musique r\u00e9sonneront ce week-end dans le Pays de Morlaix"},"content":{"rendered":"\n<div><img decoding=\"async\" src=\"https:\/\/www.festivox.fr\/blog\/wp-content\/uploads\/2024\/06\/les-premieres-notes-de-la-fete-de-la-musique-resonneront-ce-week-end-dans-le-pays-de-morlaix.jpg\" class=\"ff-og-image-inserted\"><\/div>\n<div>\n<p>La f\u00eate de la musique de Cl\u00e9der, se d\u00e9roulera samedi 15 juin, d\u00e8s 17&nbsp;h, sur la place Charles-de-Gaulle. avec un programme h\u00e9t\u00e9roclite et pour tous les go\u00fbts. D\u00e8s 17&nbsp;h, animations pour les plus jeunes&nbsp;; \u00e0 19&nbsp;h, concerts avec le groupe Ty Daron (chansons fran\u00e7aises)&nbsp;; trio Donan Robinson (rock) et les Barons de comptoir (java, folk et rock). La soir\u00e9e s\u2019ach\u00e8vera avec le DJ Chicco pour une Tropikal mix party. Toute la soir\u00e9e, il sera possible de se restaurer avec des cr\u00eapes ou de d\u00eener sur place avec des hamburgers, saucisses-frites et cochon grill\u00e9. En cas d\u2019intemp\u00e9rie, la f\u00eate de la musique sera d\u00e9plac\u00e9e \u00e0 la salle Kan-ar-Mor.<\/p>\n<h2>2 Plouescat<\/h2>\n<\/div>\n<div>\n<p>Un \u00ab&nbsp;After school After work&nbsp;\u00bb est propos\u00e9 \u00e0 Plouescat ce vendredi 14 juin \u00e0 partir de 16&nbsp;h&nbsp;30 sur la place du Dauphin, par L\u2019Atelier et le Lokal. L\u2019id\u00e9e&nbsp;: f\u00eater en avance la musique et l\u2019arriv\u00e9e de l\u2019\u00e9t\u00e9&nbsp;! Au programme&nbsp;: sc\u00e8ne ouverte, \u00e0 partir de 16h30 (Inscription conseill\u00e9e). Ap\u00e9ro-quiz musical avec le batteur Florian Rion, d\u00e8s 19&nbsp;h. Le Bistro\u2019kal, la guinguette du Lokal. Contact&nbsp;: M\u00e9diath\u00e8que de Plouescat, t\u00e9l. 02&nbsp;98&nbsp;69&nbsp;88&nbsp;81, latelier.mediatheque@plouescat.fr<\/p>\n<p>3 Le Clo\u00eetre Saint-Th\u00e9gonnec<\/p>\n<\/div>\n<div>\n<h2>3 Le Clo\u00eetre-Saint-Th\u00e9gonnec<\/h2>\n<p>Ce samedi au Clo\u00eetre Saint -Th\u00e9gonnec, de 18&nbsp;h \u00e0 21&nbsp;h, la musique r\u00e9sonnera, place de la Mairie. Jazz, slam et chansons se partageront le programme de cette troisi\u00e8me f\u00eate de la musique. Street Quality (jazz dixie), Iohanan (slam), Les Voix du Cragou (chorale), Marc Tissen et La Souris Noire (chanson). Buvette et petite restauration sur place. Gratuit. Contact&nbsp;: Association Souris Noire, ecpellerin@gmail.com<\/p>\n<h2>4 Plougonven<\/h2>\n<p>Le bourg de Plougonven s\u2019animera ce samedi 15 juin, \u00e0 partir de 17&nbsp;h, pour la F\u00eate de la musique.<i> Danses bretonnes, rock, punk rock puissant, DJ set\u2026 \u00c0 19&nbsp;h, d\u00e9monstration de danse country\u2026 La f\u00eate pr\u00e9voit \u00e9galement un march\u00e9 nocturne qui pr\u00e9sentera le travail d\u2019une douzaine d\u2019artisans locaux. Des jeux gonflables feront le bonheur des enfants. La mairie se joint \u00e0 l\u2019\u00e9v\u00e9nement et propose un concert pour enfants avec Monsieur L\u00e9o \u00e0 17&nbsp;h, une foire au livre et un atelier de fabrication d\u2019instruments seront \u00e9galement propos\u00e9s \u00e0 la m\u00e9diath\u00e8que. Buvette, cr\u00eapes et bonbons. Restauration sur place avec un tajine au menu. Une tombola sera organis\u00e9e avec la vente des billets repas. Tarif(s)&nbsp;: repas, 8 \u20ac.<\/i><\/p>\n<h2>5 Pleyber-Christ<\/h2>\n<p>La F\u00eate de la musique, c\u2019est ce samedi 15 juin \u00e0 Pleyber-Christ. En vedette, Rootsrevolution, groupe 100&nbsp;% local, qui f\u00eatera l\u00e0 son premier grand rendez-vous sur sc\u00e8ne. Courses p\u00e9destres, musiques vari\u00e9es et repas champ\u00eatre compl\u00e8tent les festivit\u00e9s. \u00c0 14&nbsp;h, d\u00e9but des courses de la Petite ronde des Foug\u00e8res&nbsp;; 14&nbsp;h&nbsp;30, atelier vocal de M\u00e9l\u00e9zour, \u00e0 la salle Louise-Michel&nbsp;; 16&nbsp;h&nbsp;45, chorale Cantarr\u00e9e \u00e0 l\u2019\u00e9glise Saint-Pierre&nbsp;; 17&nbsp;h&nbsp;45, spectacle de l\u2019ASC danse sur la place&nbsp;; 18&nbsp;h&nbsp;30, fanfare Tabass&nbsp;; 19&nbsp;h, duo Lemeur\/Carr\u00e9 (musique bretonne)&nbsp;; 19&nbsp;h&nbsp;45, sc\u00e8ne ouverte (elle est compl\u00e8te)&nbsp;; 20&nbsp;h&nbsp;45, fanfare Tabass&nbsp;; 21&nbsp;h&nbsp;15, Atitja (rap)\u200a; 21&nbsp;h&nbsp;45,&nbsp;: Tarzhus (musique bretonne-klezmer)&nbsp;; 22&nbsp;h&nbsp;45, Rootsrevolution (reggae)&nbsp;; 23&nbsp;h&nbsp;45, Dj Breizhcoteque. \u00e0 partir de 19, place de l\u2019\u00e9glise, saut\u00e9 de porc au cidre accompagn\u00e9 de pommes et de patates au four.<\/p>\n<h2>6 Henvic<\/h2>\n<p>Organis\u00e9e par la chorale M\u00e9lodissimo, la salle Marie-Jacq \u00e0 Henvic accueille la F\u00eate de la musique ce dimanche 16 juin de 14 h 30 \u00e0 22 h.Musiciens et chanteurs se succ\u00e9deront sur sc\u00e8ne. Sur place, g\u00e2teaux, cr\u00eapes, th\u00e9, caf\u00e9, jus de fruits et bi\u00e8re propos\u00e9s \u00e0 la vente. Contact : t\u00e9l. 06 87 01 82 55.<\/p>\n<h2>7 Mespaul<\/h2>\n<p>Samedi 15 juin, \u00e0 partir de 15 h, \u00e0 Mespaul, l\u2019\u00e9dition 2024 des Mespofolies sera musicale, gastronomique et conviviale. <\/p>\n<\/div>\n<div>\n<p>La soir\u00e9e r\u00e9unira deux groupes musicaux dont le duo p\u00e8re et fils Se\u00eftiz, (soul, \u00e9lectro et de la world music), les Smelles 90\u2019s spirit (funk, rock, reggae et maloya) et un DJ. La soir\u00e9e s\u2019ach\u00e8vera avec un DJ. Durant ces Mespofolies, il sera possible de se restaurer autour d\u2019une paella g\u00e9ante sur r\u00e9servation au bar l\u2019Embuscade. Tarif(s) : moins de 12 ans, 10 \u20ac ; repas adultes, 15 \u20ac.Entr\u00e9e gratuite. Contact : Le comit\u00e9 des f\u00eates, t\u00e9l. 06 31 64 26 14.<\/p>\n<\/div>\n<p> Cet article, qui traite du th\u00e8me \u00ab\u00a0Festival Jazz et musique en mode guinguette\u00a0\u00bb, vous est d\u00e9lib\u00e9r\u00e9ment offert par festivox.fr. La raison d\u2019\u00eatre de festivox.fr est de parler de Festival Jazz et musique en mode guinguette dans la transparence la plus g\u00e9n\u00e9rale en vous procurant la visibilit\u00e9 de tout ce qui est publi\u00e9 sur ce sujet sur le web La chronique a \u00e9t\u00e9 g\u00e9n\u00e9r\u00e9e de la mani\u00e8re la plus honn\u00eate que possible. S\u2019il advenait que vous projetez d\u2019apporter quelques notes concernant le domaine de \u00ab\u00a0Festival Jazz et musique en mode guinguette\u00a0\u00bb vous avez la possibilit\u00e9 de d&rsquo;\u00e9changer avec notre r\u00e9daction. Dans peu de temps, on mettra en ligne d&rsquo;autres informations pertinentes autour du sujet \u00ab\u00a0Festival Jazz et musique en mode guinguette\u00a0\u00bb. Ainsi, consultez r\u00e9guli\u00e8rement notre site.<\/p>\n","protected":false},"excerpt":{"rendered":"<p>La f\u00eate de la musique de Cl\u00e9der, se d\u00e9roulera samedi 15 juin, d\u00e8s 17&nbsp;h, sur la place Charles-de-Gaulle. avec un programme h\u00e9t\u00e9roclite et pour tous les go\u00fbts. D\u00e8s 17&nbsp;h, animations pour les plus jeunes&nbsp;; \u00e0 19&nbsp;h, concerts avec le groupe Ty Daron (chansons fran\u00e7aises)&nbsp;; trio Donan Robinson (rock) et les Barons de comptoir (java, folk&hellip;<\/p>\n","protected":false},"author":1,"featured_media":901,"comment_status":"closed","ping_status":"closed","sticky":false,"template":"","format":"standard","meta":{"footnotes":""},"categories":[3],"tags":[],"class_list":["post-900","post","type-post","status-publish","format-standard","has-post-thumbnail","hentry","category-wiki-sur-festival-jazz-et-musique-en-mode-guinguette"],"yoast_head":"<!-- This site is optimized with the Yoast SEO plugin v27.5 - https:\/\/yoast.com\/product\/yoast-seo-wordpress\/ -->\n<title>Les premi\u00e8res notes de la F\u00eate de la musique r\u00e9sonneront ce week-end dans le Pays de Morlaix - FESTIVOX<\/title>\n<meta name=\"robots\" content=\"index, follow, max-snippet:-1, max-image-preview:large, max-video-preview:-1\" \/>\n<link rel=\"canonical\" href=\"https:\/\/www.festivox.fr\/blog\/les-premieres-notes-de-la-fete-de-la-musique-resonneront-ce-week-end-dans-le-pays-de-morlaix\/\" \/>\n<meta property=\"og:locale\" content=\"fr_FR\" \/>\n<meta property=\"og:type\" content=\"article\" \/>\n<meta property=\"og:title\" content=\"Les premi\u00e8res notes de la F\u00eate de la musique r\u00e9sonneront ce week-end dans le Pays de Morlaix - FESTIVOX\" \/>\n<meta property=\"og:description\" content=\"La f\u00eate de la musique de Cl\u00e9der, se d\u00e9roulera samedi 15 juin, d\u00e8s 17&nbsp;h, sur la place Charles-de-Gaulle. avec un programme h\u00e9t\u00e9roclite et pour tous les go\u00fbts. D\u00e8s 17&nbsp;h, animations pour les plus jeunes&nbsp;; \u00e0 19&nbsp;h, concerts avec le groupe Ty Daron (chansons fran\u00e7aises)&nbsp;; trio Donan Robinson (rock) et les Barons de comptoir (java, folk&hellip;\" \/>\n<meta property=\"og:url\" content=\"https:\/\/www.festivox.fr\/blog\/les-premieres-notes-de-la-fete-de-la-musique-resonneront-ce-week-end-dans-le-pays-de-morlaix\/\" \/>\n<meta property=\"og:site_name\" content=\"FESTIVOX\" \/>\n<meta property=\"article:published_time\" content=\"2024-06-13T07:19:00+00:00\" \/>\n<meta property=\"og:image\" content=\"https:\/\/www.festivox.fr\/blog\/wp-content\/uploads\/2024\/06\/les-premieres-notes-de-la-fete-de-la-musique-resonneront-ce-week-end-dans-le-pays-de-morlaix.jpg\" \/>\n<meta name=\"author\" content=\"Michele\" \/>\n<meta name=\"twitter:card\" content=\"summary_large_image\" \/>\n<meta name=\"twitter:label1\" content=\"\u00c9crit par\" \/>\n\t<meta name=\"twitter:data1\" content=\"Michele\" \/>\n\t<meta name=\"twitter:label2\" content=\"Dur\u00e9e de lecture estim\u00e9e\" \/>\n\t<meta name=\"twitter:data2\" content=\"4 minutes\" \/>\n<script type=\"application\/ld+json\" class=\"yoast-schema-graph\">{\"@context\":\"https:\\\/\\\/schema.org\",\"@graph\":[{\"@type\":\"Article\",\"@id\":\"https:\\\/\\\/www.festivox.fr\\\/blog\\\/les-premieres-notes-de-la-fete-de-la-musique-resonneront-ce-week-end-dans-le-pays-de-morlaix\\\/#article\",\"isPartOf\":{\"@id\":\"https:\\\/\\\/www.festivox.fr\\\/blog\\\/les-premieres-notes-de-la-fete-de-la-musique-resonneront-ce-week-end-dans-le-pays-de-morlaix\\\/\"},\"author\":{\"name\":\"Michele\",\"@id\":\"https:\\\/\\\/www.festivox.fr\\\/blog\\\/#\\\/schema\\\/person\\\/f36a8b6bc94800c3eafed4bca993ce95\"},\"headline\":\"Les premi\u00e8res notes de la F\u00eate de la musique r\u00e9sonneront ce week-end dans le Pays de Morlaix\",\"datePublished\":\"2024-06-13T07:19:00+00:00\",\"mainEntityOfPage\":{\"@id\":\"https:\\\/\\\/www.festivox.fr\\\/blog\\\/les-premieres-notes-de-la-fete-de-la-musique-resonneront-ce-week-end-dans-le-pays-de-morlaix\\\/\"},\"wordCount\":924,\"publisher\":{\"@id\":\"https:\\\/\\\/www.festivox.fr\\\/blog\\\/#organization\"},\"image\":{\"@id\":\"https:\\\/\\\/www.festivox.fr\\\/blog\\\/les-premieres-notes-de-la-fete-de-la-musique-resonneront-ce-week-end-dans-le-pays-de-morlaix\\\/#primaryimage\"},\"thumbnailUrl\":\"https:\\\/\\\/www.festivox.fr\\\/blog\\\/wp-content\\\/uploads\\\/2024\\\/06\\\/les-premieres-notes-de-la-fete-de-la-musique-resonneront-ce-week-end-dans-le-pays-de-morlaix.jpg\",\"articleSection\":[\"Wiki Sur Festival Jazz Et Musique En Mode Guinguette:\"],\"inLanguage\":\"fr-FR\"},{\"@type\":\"WebPage\",\"@id\":\"https:\\\/\\\/www.festivox.fr\\\/blog\\\/les-premieres-notes-de-la-fete-de-la-musique-resonneront-ce-week-end-dans-le-pays-de-morlaix\\\/\",\"url\":\"https:\\\/\\\/www.festivox.fr\\\/blog\\\/les-premieres-notes-de-la-fete-de-la-musique-resonneront-ce-week-end-dans-le-pays-de-morlaix\\\/\",\"name\":\"Les premi\u00e8res notes de la F\u00eate de la musique r\u00e9sonneront ce week-end dans le Pays de Morlaix - FESTIVOX\",\"isPartOf\":{\"@id\":\"https:\\\/\\\/www.festivox.fr\\\/blog\\\/#website\"},\"primaryImageOfPage\":{\"@id\":\"https:\\\/\\\/www.festivox.fr\\\/blog\\\/les-premieres-notes-de-la-fete-de-la-musique-resonneront-ce-week-end-dans-le-pays-de-morlaix\\\/#primaryimage\"},\"image\":{\"@id\":\"https:\\\/\\\/www.festivox.fr\\\/blog\\\/les-premieres-notes-de-la-fete-de-la-musique-resonneront-ce-week-end-dans-le-pays-de-morlaix\\\/#primaryimage\"},\"thumbnailUrl\":\"https:\\\/\\\/www.festivox.fr\\\/blog\\\/wp-content\\\/uploads\\\/2024\\\/06\\\/les-premieres-notes-de-la-fete-de-la-musique-resonneront-ce-week-end-dans-le-pays-de-morlaix.jpg\",\"datePublished\":\"2024-06-13T07:19:00+00:00\",\"breadcrumb\":{\"@id\":\"https:\\\/\\\/www.festivox.fr\\\/blog\\\/les-premieres-notes-de-la-fete-de-la-musique-resonneront-ce-week-end-dans-le-pays-de-morlaix\\\/#breadcrumb\"},\"inLanguage\":\"fr-FR\",\"potentialAction\":[{\"@type\":\"ReadAction\",\"target\":[\"https:\\\/\\\/www.festivox.fr\\\/blog\\\/les-premieres-notes-de-la-fete-de-la-musique-resonneront-ce-week-end-dans-le-pays-de-morlaix\\\/\"]}]},{\"@type\":\"ImageObject\",\"inLanguage\":\"fr-FR\",\"@id\":\"https:\\\/\\\/www.festivox.fr\\\/blog\\\/les-premieres-notes-de-la-fete-de-la-musique-resonneront-ce-week-end-dans-le-pays-de-morlaix\\\/#primaryimage\",\"url\":\"https:\\\/\\\/www.festivox.fr\\\/blog\\\/wp-content\\\/uploads\\\/2024\\\/06\\\/les-premieres-notes-de-la-fete-de-la-musique-resonneront-ce-week-end-dans-le-pays-de-morlaix.jpg\",\"contentUrl\":\"https:\\\/\\\/www.festivox.fr\\\/blog\\\/wp-content\\\/uploads\\\/2024\\\/06\\\/les-premieres-notes-de-la-fete-de-la-musique-resonneront-ce-week-end-dans-le-pays-de-morlaix.jpg\",\"width\":1200,\"height\":750},{\"@type\":\"BreadcrumbList\",\"@id\":\"https:\\\/\\\/www.festivox.fr\\\/blog\\\/les-premieres-notes-de-la-fete-de-la-musique-resonneront-ce-week-end-dans-le-pays-de-morlaix\\\/#breadcrumb\",\"itemListElement\":[{\"@type\":\"ListItem\",\"position\":1,\"name\":\"Accueil\",\"item\":\"https:\\\/\\\/www.festivox.fr\\\/blog\\\/\"},{\"@type\":\"ListItem\",\"position\":2,\"name\":\"Les premi\u00e8res notes de la F\u00eate de la musique r\u00e9sonneront ce week-end dans le Pays de Morlaix\"}]},{\"@type\":\"WebSite\",\"@id\":\"https:\\\/\\\/www.festivox.fr\\\/blog\\\/#website\",\"url\":\"https:\\\/\\\/www.festivox.fr\\\/blog\\\/\",\"name\":\"FESTIVOX\",\"description\":\"Festival en mode guinguette.\",\"publisher\":{\"@id\":\"https:\\\/\\\/www.festivox.fr\\\/blog\\\/#organization\"},\"potentialAction\":[{\"@type\":\"SearchAction\",\"target\":{\"@type\":\"EntryPoint\",\"urlTemplate\":\"https:\\\/\\\/www.festivox.fr\\\/blog\\\/?s={search_term_string}\"},\"query-input\":{\"@type\":\"PropertyValueSpecification\",\"valueRequired\":true,\"valueName\":\"search_term_string\"}}],\"inLanguage\":\"fr-FR\"},{\"@type\":\"Organization\",\"@id\":\"https:\\\/\\\/www.festivox.fr\\\/blog\\\/#organization\",\"name\":\"festivox\",\"url\":\"https:\\\/\\\/www.festivox.fr\\\/blog\\\/\",\"logo\":{\"@type\":\"ImageObject\",\"inLanguage\":\"fr-FR\",\"@id\":\"https:\\\/\\\/www.festivox.fr\\\/blog\\\/#\\\/schema\\\/logo\\\/image\\\/\",\"url\":\"https:\\\/\\\/www.festivox.fr\\\/blog\\\/wp-content\\\/uploads\\\/2023\\\/06\\\/logo-2.png\",\"contentUrl\":\"https:\\\/\\\/www.festivox.fr\\\/blog\\\/wp-content\\\/uploads\\\/2023\\\/06\\\/logo-2.png\",\"width\":480,\"height\":160,\"caption\":\"festivox\"},\"image\":{\"@id\":\"https:\\\/\\\/www.festivox.fr\\\/blog\\\/#\\\/schema\\\/logo\\\/image\\\/\"}},{\"@type\":\"Person\",\"@id\":\"https:\\\/\\\/www.festivox.fr\\\/blog\\\/#\\\/schema\\\/person\\\/f36a8b6bc94800c3eafed4bca993ce95\",\"name\":\"Michele\",\"image\":{\"@type\":\"ImageObject\",\"inLanguage\":\"fr-FR\",\"@id\":\"https:\\\/\\\/secure.gravatar.com\\\/avatar\\\/b062046536b5d47ec9075956ec349ef95ed06b0f910c578f74abb318668b702e?s=96&d=mm&r=g\",\"url\":\"https:\\\/\\\/secure.gravatar.com\\\/avatar\\\/b062046536b5d47ec9075956ec349ef95ed06b0f910c578f74abb318668b702e?s=96&d=mm&r=g\",\"contentUrl\":\"https:\\\/\\\/secure.gravatar.com\\\/avatar\\\/b062046536b5d47ec9075956ec349ef95ed06b0f910c578f74abb318668b702e?s=96&d=mm&r=g\",\"caption\":\"Michele\"},\"sameAs\":[\"https:\\\/\\\/www.festivox.fr\\\/blog\"],\"url\":\"https:\\\/\\\/www.festivox.fr\\\/blog\\\/author\\\/voxadmin\\\/\"}]}<\/script>\n<!-- \/ Yoast SEO plugin. -->","yoast_head_json":{"title":"Les premi\u00e8res notes de la F\u00eate de la musique r\u00e9sonneront ce week-end dans le Pays de Morlaix - FESTIVOX","robots":{"index":"index","follow":"follow","max-snippet":"max-snippet:-1","max-image-preview":"max-image-preview:large","max-video-preview":"max-video-preview:-1"},"canonical":"https:\/\/www.festivox.fr\/blog\/les-premieres-notes-de-la-fete-de-la-musique-resonneront-ce-week-end-dans-le-pays-de-morlaix\/","og_locale":"fr_FR","og_type":"article","og_title":"Les premi\u00e8res notes de la F\u00eate de la musique r\u00e9sonneront ce week-end dans le Pays de Morlaix - FESTIVOX","og_description":"La f\u00eate de la musique de Cl\u00e9der, se d\u00e9roulera samedi 15 juin, d\u00e8s 17&nbsp;h, sur la place Charles-de-Gaulle. avec un programme h\u00e9t\u00e9roclite et pour tous les go\u00fbts. D\u00e8s 17&nbsp;h, animations pour les plus jeunes&nbsp;; \u00e0 19&nbsp;h, concerts avec le groupe Ty Daron (chansons fran\u00e7aises)&nbsp;; trio Donan Robinson (rock) et les Barons de comptoir (java, folk&hellip;","og_url":"https:\/\/www.festivox.fr\/blog\/les-premieres-notes-de-la-fete-de-la-musique-resonneront-ce-week-end-dans-le-pays-de-morlaix\/","og_site_name":"FESTIVOX","article_published_time":"2024-06-13T07:19:00+00:00","og_image":[{"url":"https:\/\/www.festivox.fr\/blog\/wp-content\/uploads\/2024\/06\/les-premieres-notes-de-la-fete-de-la-musique-resonneront-ce-week-end-dans-le-pays-de-morlaix.jpg","type":"","width":"","height":""}],"author":"Michele","twitter_card":"summary_large_image","twitter_misc":{"\u00c9crit par":"Michele","Dur\u00e9e de lecture estim\u00e9e":"4 minutes"},"schema":{"@context":"https:\/\/schema.org","@graph":[{"@type":"Article","@id":"https:\/\/www.festivox.fr\/blog\/les-premieres-notes-de-la-fete-de-la-musique-resonneront-ce-week-end-dans-le-pays-de-morlaix\/#article","isPartOf":{"@id":"https:\/\/www.festivox.fr\/blog\/les-premieres-notes-de-la-fete-de-la-musique-resonneront-ce-week-end-dans-le-pays-de-morlaix\/"},"author":{"name":"Michele","@id":"https:\/\/www.festivox.fr\/blog\/#\/schema\/person\/f36a8b6bc94800c3eafed4bca993ce95"},"headline":"Les premi\u00e8res notes de la F\u00eate de la musique r\u00e9sonneront ce week-end dans le Pays de Morlaix","datePublished":"2024-06-13T07:19:00+00:00","mainEntityOfPage":{"@id":"https:\/\/www.festivox.fr\/blog\/les-premieres-notes-de-la-fete-de-la-musique-resonneront-ce-week-end-dans-le-pays-de-morlaix\/"},"wordCount":924,"publisher":{"@id":"https:\/\/www.festivox.fr\/blog\/#organization"},"image":{"@id":"https:\/\/www.festivox.fr\/blog\/les-premieres-notes-de-la-fete-de-la-musique-resonneront-ce-week-end-dans-le-pays-de-morlaix\/#primaryimage"},"thumbnailUrl":"https:\/\/www.festivox.fr\/blog\/wp-content\/uploads\/2024\/06\/les-premieres-notes-de-la-fete-de-la-musique-resonneront-ce-week-end-dans-le-pays-de-morlaix.jpg","articleSection":["Wiki Sur Festival Jazz Et Musique En Mode Guinguette:"],"inLanguage":"fr-FR"},{"@type":"WebPage","@id":"https:\/\/www.festivox.fr\/blog\/les-premieres-notes-de-la-fete-de-la-musique-resonneront-ce-week-end-dans-le-pays-de-morlaix\/","url":"https:\/\/www.festivox.fr\/blog\/les-premieres-notes-de-la-fete-de-la-musique-resonneront-ce-week-end-dans-le-pays-de-morlaix\/","name":"Les premi\u00e8res notes de la F\u00eate de la musique r\u00e9sonneront ce week-end dans le Pays de Morlaix - FESTIVOX","isPartOf":{"@id":"https:\/\/www.festivox.fr\/blog\/#website"},"primaryImageOfPage":{"@id":"https:\/\/www.festivox.fr\/blog\/les-premieres-notes-de-la-fete-de-la-musique-resonneront-ce-week-end-dans-le-pays-de-morlaix\/#primaryimage"},"image":{"@id":"https:\/\/www.festivox.fr\/blog\/les-premieres-notes-de-la-fete-de-la-musique-resonneront-ce-week-end-dans-le-pays-de-morlaix\/#primaryimage"},"thumbnailUrl":"https:\/\/www.festivox.fr\/blog\/wp-content\/uploads\/2024\/06\/les-premieres-notes-de-la-fete-de-la-musique-resonneront-ce-week-end-dans-le-pays-de-morlaix.jpg","datePublished":"2024-06-13T07:19:00+00:00","breadcrumb":{"@id":"https:\/\/www.festivox.fr\/blog\/les-premieres-notes-de-la-fete-de-la-musique-resonneront-ce-week-end-dans-le-pays-de-morlaix\/#breadcrumb"},"inLanguage":"fr-FR","potentialAction":[{"@type":"ReadAction","target":["https:\/\/www.festivox.fr\/blog\/les-premieres-notes-de-la-fete-de-la-musique-resonneront-ce-week-end-dans-le-pays-de-morlaix\/"]}]},{"@type":"ImageObject","inLanguage":"fr-FR","@id":"https:\/\/www.festivox.fr\/blog\/les-premieres-notes-de-la-fete-de-la-musique-resonneront-ce-week-end-dans-le-pays-de-morlaix\/#primaryimage","url":"https:\/\/www.festivox.fr\/blog\/wp-content\/uploads\/2024\/06\/les-premieres-notes-de-la-fete-de-la-musique-resonneront-ce-week-end-dans-le-pays-de-morlaix.jpg","contentUrl":"https:\/\/www.festivox.fr\/blog\/wp-content\/uploads\/2024\/06\/les-premieres-notes-de-la-fete-de-la-musique-resonneront-ce-week-end-dans-le-pays-de-morlaix.jpg","width":1200,"height":750},{"@type":"BreadcrumbList","@id":"https:\/\/www.festivox.fr\/blog\/les-premieres-notes-de-la-fete-de-la-musique-resonneront-ce-week-end-dans-le-pays-de-morlaix\/#breadcrumb","itemListElement":[{"@type":"ListItem","position":1,"name":"Accueil","item":"https:\/\/www.festivox.fr\/blog\/"},{"@type":"ListItem","position":2,"name":"Les premi\u00e8res notes de la F\u00eate de la musique r\u00e9sonneront ce week-end dans le Pays de Morlaix"}]},{"@type":"WebSite","@id":"https:\/\/www.festivox.fr\/blog\/#website","url":"https:\/\/www.festivox.fr\/blog\/","name":"FESTIVOX","description":"Festival en mode guinguette.","publisher":{"@id":"https:\/\/www.festivox.fr\/blog\/#organization"},"potentialAction":[{"@type":"SearchAction","target":{"@type":"EntryPoint","urlTemplate":"https:\/\/www.festivox.fr\/blog\/?s={search_term_string}"},"query-input":{"@type":"PropertyValueSpecification","valueRequired":true,"valueName":"search_term_string"}}],"inLanguage":"fr-FR"},{"@type":"Organization","@id":"https:\/\/www.festivox.fr\/blog\/#organization","name":"festivox","url":"https:\/\/www.festivox.fr\/blog\/","logo":{"@type":"ImageObject","inLanguage":"fr-FR","@id":"https:\/\/www.festivox.fr\/blog\/#\/schema\/logo\/image\/","url":"https:\/\/www.festivox.fr\/blog\/wp-content\/uploads\/2023\/06\/logo-2.png","contentUrl":"https:\/\/www.festivox.fr\/blog\/wp-content\/uploads\/2023\/06\/logo-2.png","width":480,"height":160,"caption":"festivox"},"image":{"@id":"https:\/\/www.festivox.fr\/blog\/#\/schema\/logo\/image\/"}},{"@type":"Person","@id":"https:\/\/www.festivox.fr\/blog\/#\/schema\/person\/f36a8b6bc94800c3eafed4bca993ce95","name":"Michele","image":{"@type":"ImageObject","inLanguage":"fr-FR","@id":"https:\/\/secure.gravatar.com\/avatar\/b062046536b5d47ec9075956ec349ef95ed06b0f910c578f74abb318668b702e?s=96&d=mm&r=g","url":"https:\/\/secure.gravatar.com\/avatar\/b062046536b5d47ec9075956ec349ef95ed06b0f910c578f74abb318668b702e?s=96&d=mm&r=g","contentUrl":"https:\/\/secure.gravatar.com\/avatar\/b062046536b5d47ec9075956ec349ef95ed06b0f910c578f74abb318668b702e?s=96&d=mm&r=g","caption":"Michele"},"sameAs":["https:\/\/www.festivox.fr\/blog"],"url":"https:\/\/www.festivox.fr\/blog\/author\/voxadmin\/"}]}},"_links":{"self":[{"href":"https:\/\/www.festivox.fr\/blog\/wp-json\/wp\/v2\/posts\/900","targetHints":{"allow":["GET"]}}],"collection":[{"href":"https:\/\/www.festivox.fr\/blog\/wp-json\/wp\/v2\/posts"}],"about":[{"href":"https:\/\/www.festivox.fr\/blog\/wp-json\/wp\/v2\/types\/post"}],"author":[{"embeddable":true,"href":"https:\/\/www.festivox.fr\/blog\/wp-json\/wp\/v2\/users\/1"}],"replies":[{"embeddable":true,"href":"https:\/\/www.festivox.fr\/blog\/wp-json\/wp\/v2\/comments?post=900"}],"version-history":[{"count":0,"href":"https:\/\/www.festivox.fr\/blog\/wp-json\/wp\/v2\/posts\/900\/revisions"}],"wp:featuredmedia":[{"embeddable":true,"href":"https:\/\/www.festivox.fr\/blog\/wp-json\/wp\/v2\/media\/901"}],"wp:attachment":[{"href":"https:\/\/www.festivox.fr\/blog\/wp-json\/wp\/v2\/media?parent=900"}],"wp:term":[{"taxonomy":"category","embeddable":true,"href":"https:\/\/www.festivox.fr\/blog\/wp-json\/wp\/v2\/categories?post=900"},{"taxonomy":"post_tag","embeddable":true,"href":"https:\/\/www.festivox.fr\/blog\/wp-json\/wp\/v2\/tags?post=900"}],"curies":[{"name":"wp","href":"https:\/\/api.w.org\/{rel}","templated":true}]}}