{"id":875,"date":"2024-05-06T23:23:00","date_gmt":"2024-05-06T21:23:00","guid":{"rendered":"https:\/\/www.festivox.fr\/blog\/jazz-sous-les-pommiers\/"},"modified":"2024-05-06T23:23:00","modified_gmt":"2024-05-06T21:23:00","slug":"jazz-sous-les-pommiers","status":"publish","type":"post","link":"https:\/\/www.festivox.fr\/blog\/jazz-sous-les-pommiers\/","title":{"rendered":"Jazz sous les Pommiers"},"content":{"rendered":"\n<div><img decoding=\"async\" src=\"https:\/\/www.festivox.fr\/blog\/wp-content\/uploads\/2024\/05\/jazz-sous-les-pommiers.jpg\" class=\"ff-og-image-inserted\"><\/div>\n<div>\n<p>Avec <i>New\u2019Garo<\/i>, Fred Pallem dirige un casting quatre \u00e9toiles \u00e0 Jazz sous les Pommiers. Il n\u2019en fallait pas moins pour rendre hommage \u00e0 Claude Nougaro, immense po\u00e8te et musicien disparu en 2004.<\/p>\n<\/div>\n<div>\n<p>Le projet<i> New\u2019Garo<\/i> est port\u00e9 par quatre festivals qui font swinguer l\u2019Hexagone chaque \u00e9t\u00e9&nbsp;: Jazz sous les Pommiers, Jazz \u00e0 Vienne, Les Suds \u00e0 Arles et Jazz in Marciac \u2013 une sorte de super band fa\u00e7on manifestations culturelles en somme.<\/p>\n<p>C\u2019est donc gr\u00e2ce \u00e0 ce quartet de haute vol\u00e9e que nous retrouvons aujourd\u2019hui plus de trente artistes sous la baguette de Fred Pallem. Parmi eux, un plateau vocal des plus all\u00e9chants : Marion Rampal, Babx, Ray Lema, Thomas de Pourquery, Andr\u00e9 Minvielle, Sanseverino, Gabi Hartmann et Jowee Omicil. De quoi nous replonger avec autant de d\u00e9lectation que de nostalgie dans l\u2019univers si particulier de Claude Nougaro.<\/p>\n<p>C\u2019est \u00e0 Jazz sous les Pommiers que <i>New\u2019Garo <\/i>se d\u00e9voile pour la premi\u00e8re fois au public. Une date exceptionnelle donc, d\u2019autant plus qu\u2019en Normandie Fred Pallem et ses acolytes re\u00e7oivent un invit\u00e9 de marque suppl\u00e9mentaire&nbsp;: le com\u00e9dien&nbsp;Jacques Gamblin.<\/p>\n<p><b>Film\u00e9 le 10 mai 2024 au festival Jazz sous les Pommiers, Coutances.<\/b><\/p>\n<\/div>\n<p> Cet article, qui traite du th\u00e8me \u00ab\u00a0Festival Jazz et musique en mode guinguette\u00a0\u00bb, vous est d\u00e9lib\u00e9r\u00e9ment offert par festivox.fr. La raison d\u2019\u00eatre de festivox.fr est de parler de Festival Jazz et musique en mode guinguette dans la transparence la plus g\u00e9n\u00e9rale en vous procurant la visibilit\u00e9 de tout ce qui est publi\u00e9 sur ce sujet sur le web La chronique a \u00e9t\u00e9 g\u00e9n\u00e9r\u00e9e de la mani\u00e8re la plus honn\u00eate que possible. S\u2019il advenait que vous projetez d\u2019apporter quelques notes concernant le domaine de \u00ab\u00a0Festival Jazz et musique en mode guinguette\u00a0\u00bb vous avez la possibilit\u00e9 de d&rsquo;\u00e9changer avec notre r\u00e9daction. Dans peu de temps, on mettra en ligne d&rsquo;autres informations pertinentes autour du sujet \u00ab\u00a0Festival Jazz et musique en mode guinguette\u00a0\u00bb. Ainsi, consultez r\u00e9guli\u00e8rement notre site.<\/p>\n","protected":false},"excerpt":{"rendered":"<p>Avec New\u2019Garo, Fred Pallem dirige un casting quatre \u00e9toiles \u00e0 Jazz sous les Pommiers. Il n\u2019en fallait pas moins pour rendre hommage \u00e0 Claude Nougaro, immense po\u00e8te et musicien disparu en 2004. Le projet New\u2019Garo est port\u00e9 par quatre festivals qui font swinguer l\u2019Hexagone chaque \u00e9t\u00e9&nbsp;: Jazz sous les Pommiers, Jazz \u00e0 Vienne, Les Suds&hellip;<\/p>\n","protected":false},"author":1,"featured_media":876,"comment_status":"closed","ping_status":"closed","sticky":false,"template":"","format":"standard","meta":{"footnotes":""},"categories":[3],"tags":[],"class_list":["post-875","post","type-post","status-publish","format-standard","has-post-thumbnail","hentry","category-wiki-sur-festival-jazz-et-musique-en-mode-guinguette"],"yoast_head":"<!-- This site is optimized with the Yoast SEO plugin v27.5 - https:\/\/yoast.com\/product\/yoast-seo-wordpress\/ -->\n<title>Jazz sous les Pommiers - FESTIVOX<\/title>\n<meta name=\"robots\" content=\"index, follow, max-snippet:-1, max-image-preview:large, max-video-preview:-1\" \/>\n<link rel=\"canonical\" href=\"https:\/\/www.festivox.fr\/blog\/jazz-sous-les-pommiers\/\" \/>\n<meta property=\"og:locale\" content=\"fr_FR\" \/>\n<meta property=\"og:type\" content=\"article\" \/>\n<meta property=\"og:title\" content=\"Jazz sous les Pommiers - FESTIVOX\" \/>\n<meta property=\"og:description\" content=\"Avec New\u2019Garo, Fred Pallem dirige un casting quatre \u00e9toiles \u00e0 Jazz sous les Pommiers. Il n\u2019en fallait pas moins pour rendre hommage \u00e0 Claude Nougaro, immense po\u00e8te et musicien disparu en 2004. Le projet New\u2019Garo est port\u00e9 par quatre festivals qui font swinguer l\u2019Hexagone chaque \u00e9t\u00e9&nbsp;: Jazz sous les Pommiers, Jazz \u00e0 Vienne, Les Suds&hellip;\" \/>\n<meta property=\"og:url\" content=\"https:\/\/www.festivox.fr\/blog\/jazz-sous-les-pommiers\/\" \/>\n<meta property=\"og:site_name\" content=\"FESTIVOX\" \/>\n<meta property=\"article:published_time\" content=\"2024-05-06T21:23:00+00:00\" \/>\n<meta property=\"og:image\" content=\"https:\/\/www.festivox.fr\/blog\/wp-content\/uploads\/2024\/05\/jazz-sous-les-pommiers.jpg\" \/>\n<meta name=\"author\" content=\"Michele\" \/>\n<meta name=\"twitter:card\" content=\"summary_large_image\" \/>\n<meta name=\"twitter:label1\" content=\"\u00c9crit par\" \/>\n\t<meta name=\"twitter:data1\" content=\"Michele\" \/>\n\t<meta name=\"twitter:label2\" content=\"Dur\u00e9e de lecture estim\u00e9e\" \/>\n\t<meta name=\"twitter:data2\" content=\"2 minutes\" \/>\n<script type=\"application\/ld+json\" class=\"yoast-schema-graph\">{\"@context\":\"https:\\\/\\\/schema.org\",\"@graph\":[{\"@type\":\"Article\",\"@id\":\"https:\\\/\\\/www.festivox.fr\\\/blog\\\/jazz-sous-les-pommiers\\\/#article\",\"isPartOf\":{\"@id\":\"https:\\\/\\\/www.festivox.fr\\\/blog\\\/jazz-sous-les-pommiers\\\/\"},\"author\":{\"name\":\"Michele\",\"@id\":\"https:\\\/\\\/www.festivox.fr\\\/blog\\\/#\\\/schema\\\/person\\\/f36a8b6bc94800c3eafed4bca993ce95\"},\"headline\":\"Jazz sous les Pommiers\",\"datePublished\":\"2024-05-06T21:23:00+00:00\",\"mainEntityOfPage\":{\"@id\":\"https:\\\/\\\/www.festivox.fr\\\/blog\\\/jazz-sous-les-pommiers\\\/\"},\"wordCount\":352,\"publisher\":{\"@id\":\"https:\\\/\\\/www.festivox.fr\\\/blog\\\/#organization\"},\"image\":{\"@id\":\"https:\\\/\\\/www.festivox.fr\\\/blog\\\/jazz-sous-les-pommiers\\\/#primaryimage\"},\"thumbnailUrl\":\"https:\\\/\\\/www.festivox.fr\\\/blog\\\/wp-content\\\/uploads\\\/2024\\\/05\\\/jazz-sous-les-pommiers.jpg\",\"articleSection\":[\"Wiki Sur Festival Jazz Et Musique En Mode Guinguette:\"],\"inLanguage\":\"fr-FR\"},{\"@type\":\"WebPage\",\"@id\":\"https:\\\/\\\/www.festivox.fr\\\/blog\\\/jazz-sous-les-pommiers\\\/\",\"url\":\"https:\\\/\\\/www.festivox.fr\\\/blog\\\/jazz-sous-les-pommiers\\\/\",\"name\":\"Jazz sous les Pommiers - FESTIVOX\",\"isPartOf\":{\"@id\":\"https:\\\/\\\/www.festivox.fr\\\/blog\\\/#website\"},\"primaryImageOfPage\":{\"@id\":\"https:\\\/\\\/www.festivox.fr\\\/blog\\\/jazz-sous-les-pommiers\\\/#primaryimage\"},\"image\":{\"@id\":\"https:\\\/\\\/www.festivox.fr\\\/blog\\\/jazz-sous-les-pommiers\\\/#primaryimage\"},\"thumbnailUrl\":\"https:\\\/\\\/www.festivox.fr\\\/blog\\\/wp-content\\\/uploads\\\/2024\\\/05\\\/jazz-sous-les-pommiers.jpg\",\"datePublished\":\"2024-05-06T21:23:00+00:00\",\"breadcrumb\":{\"@id\":\"https:\\\/\\\/www.festivox.fr\\\/blog\\\/jazz-sous-les-pommiers\\\/#breadcrumb\"},\"inLanguage\":\"fr-FR\",\"potentialAction\":[{\"@type\":\"ReadAction\",\"target\":[\"https:\\\/\\\/www.festivox.fr\\\/blog\\\/jazz-sous-les-pommiers\\\/\"]}]},{\"@type\":\"ImageObject\",\"inLanguage\":\"fr-FR\",\"@id\":\"https:\\\/\\\/www.festivox.fr\\\/blog\\\/jazz-sous-les-pommiers\\\/#primaryimage\",\"url\":\"https:\\\/\\\/www.festivox.fr\\\/blog\\\/wp-content\\\/uploads\\\/2024\\\/05\\\/jazz-sous-les-pommiers.jpg\",\"contentUrl\":\"https:\\\/\\\/www.festivox.fr\\\/blog\\\/wp-content\\\/uploads\\\/2024\\\/05\\\/jazz-sous-les-pommiers.jpg\",\"width\":1920,\"height\":1080},{\"@type\":\"BreadcrumbList\",\"@id\":\"https:\\\/\\\/www.festivox.fr\\\/blog\\\/jazz-sous-les-pommiers\\\/#breadcrumb\",\"itemListElement\":[{\"@type\":\"ListItem\",\"position\":1,\"name\":\"Accueil\",\"item\":\"https:\\\/\\\/www.festivox.fr\\\/blog\\\/\"},{\"@type\":\"ListItem\",\"position\":2,\"name\":\"Jazz sous les Pommiers\"}]},{\"@type\":\"WebSite\",\"@id\":\"https:\\\/\\\/www.festivox.fr\\\/blog\\\/#website\",\"url\":\"https:\\\/\\\/www.festivox.fr\\\/blog\\\/\",\"name\":\"FESTIVOX\",\"description\":\"Festival en mode guinguette.\",\"publisher\":{\"@id\":\"https:\\\/\\\/www.festivox.fr\\\/blog\\\/#organization\"},\"potentialAction\":[{\"@type\":\"SearchAction\",\"target\":{\"@type\":\"EntryPoint\",\"urlTemplate\":\"https:\\\/\\\/www.festivox.fr\\\/blog\\\/?s={search_term_string}\"},\"query-input\":{\"@type\":\"PropertyValueSpecification\",\"valueRequired\":true,\"valueName\":\"search_term_string\"}}],\"inLanguage\":\"fr-FR\"},{\"@type\":\"Organization\",\"@id\":\"https:\\\/\\\/www.festivox.fr\\\/blog\\\/#organization\",\"name\":\"festivox\",\"url\":\"https:\\\/\\\/www.festivox.fr\\\/blog\\\/\",\"logo\":{\"@type\":\"ImageObject\",\"inLanguage\":\"fr-FR\",\"@id\":\"https:\\\/\\\/www.festivox.fr\\\/blog\\\/#\\\/schema\\\/logo\\\/image\\\/\",\"url\":\"https:\\\/\\\/www.festivox.fr\\\/blog\\\/wp-content\\\/uploads\\\/2023\\\/06\\\/logo-2.png\",\"contentUrl\":\"https:\\\/\\\/www.festivox.fr\\\/blog\\\/wp-content\\\/uploads\\\/2023\\\/06\\\/logo-2.png\",\"width\":480,\"height\":160,\"caption\":\"festivox\"},\"image\":{\"@id\":\"https:\\\/\\\/www.festivox.fr\\\/blog\\\/#\\\/schema\\\/logo\\\/image\\\/\"}},{\"@type\":\"Person\",\"@id\":\"https:\\\/\\\/www.festivox.fr\\\/blog\\\/#\\\/schema\\\/person\\\/f36a8b6bc94800c3eafed4bca993ce95\",\"name\":\"Michele\",\"image\":{\"@type\":\"ImageObject\",\"inLanguage\":\"fr-FR\",\"@id\":\"https:\\\/\\\/secure.gravatar.com\\\/avatar\\\/b062046536b5d47ec9075956ec349ef95ed06b0f910c578f74abb318668b702e?s=96&d=mm&r=g\",\"url\":\"https:\\\/\\\/secure.gravatar.com\\\/avatar\\\/b062046536b5d47ec9075956ec349ef95ed06b0f910c578f74abb318668b702e?s=96&d=mm&r=g\",\"contentUrl\":\"https:\\\/\\\/secure.gravatar.com\\\/avatar\\\/b062046536b5d47ec9075956ec349ef95ed06b0f910c578f74abb318668b702e?s=96&d=mm&r=g\",\"caption\":\"Michele\"},\"sameAs\":[\"https:\\\/\\\/www.festivox.fr\\\/blog\"],\"url\":\"https:\\\/\\\/www.festivox.fr\\\/blog\\\/author\\\/voxadmin\\\/\"}]}<\/script>\n<!-- \/ Yoast SEO plugin. -->","yoast_head_json":{"title":"Jazz sous les Pommiers - FESTIVOX","robots":{"index":"index","follow":"follow","max-snippet":"max-snippet:-1","max-image-preview":"max-image-preview:large","max-video-preview":"max-video-preview:-1"},"canonical":"https:\/\/www.festivox.fr\/blog\/jazz-sous-les-pommiers\/","og_locale":"fr_FR","og_type":"article","og_title":"Jazz sous les Pommiers - FESTIVOX","og_description":"Avec New\u2019Garo, Fred Pallem dirige un casting quatre \u00e9toiles \u00e0 Jazz sous les Pommiers. Il n\u2019en fallait pas moins pour rendre hommage \u00e0 Claude Nougaro, immense po\u00e8te et musicien disparu en 2004. Le projet New\u2019Garo est port\u00e9 par quatre festivals qui font swinguer l\u2019Hexagone chaque \u00e9t\u00e9&nbsp;: Jazz sous les Pommiers, Jazz \u00e0 Vienne, Les Suds&hellip;","og_url":"https:\/\/www.festivox.fr\/blog\/jazz-sous-les-pommiers\/","og_site_name":"FESTIVOX","article_published_time":"2024-05-06T21:23:00+00:00","og_image":[{"url":"https:\/\/www.festivox.fr\/blog\/wp-content\/uploads\/2024\/05\/jazz-sous-les-pommiers.jpg","type":"","width":"","height":""}],"author":"Michele","twitter_card":"summary_large_image","twitter_misc":{"\u00c9crit par":"Michele","Dur\u00e9e de lecture estim\u00e9e":"2 minutes"},"schema":{"@context":"https:\/\/schema.org","@graph":[{"@type":"Article","@id":"https:\/\/www.festivox.fr\/blog\/jazz-sous-les-pommiers\/#article","isPartOf":{"@id":"https:\/\/www.festivox.fr\/blog\/jazz-sous-les-pommiers\/"},"author":{"name":"Michele","@id":"https:\/\/www.festivox.fr\/blog\/#\/schema\/person\/f36a8b6bc94800c3eafed4bca993ce95"},"headline":"Jazz sous les Pommiers","datePublished":"2024-05-06T21:23:00+00:00","mainEntityOfPage":{"@id":"https:\/\/www.festivox.fr\/blog\/jazz-sous-les-pommiers\/"},"wordCount":352,"publisher":{"@id":"https:\/\/www.festivox.fr\/blog\/#organization"},"image":{"@id":"https:\/\/www.festivox.fr\/blog\/jazz-sous-les-pommiers\/#primaryimage"},"thumbnailUrl":"https:\/\/www.festivox.fr\/blog\/wp-content\/uploads\/2024\/05\/jazz-sous-les-pommiers.jpg","articleSection":["Wiki Sur Festival Jazz Et Musique En Mode Guinguette:"],"inLanguage":"fr-FR"},{"@type":"WebPage","@id":"https:\/\/www.festivox.fr\/blog\/jazz-sous-les-pommiers\/","url":"https:\/\/www.festivox.fr\/blog\/jazz-sous-les-pommiers\/","name":"Jazz sous les Pommiers - FESTIVOX","isPartOf":{"@id":"https:\/\/www.festivox.fr\/blog\/#website"},"primaryImageOfPage":{"@id":"https:\/\/www.festivox.fr\/blog\/jazz-sous-les-pommiers\/#primaryimage"},"image":{"@id":"https:\/\/www.festivox.fr\/blog\/jazz-sous-les-pommiers\/#primaryimage"},"thumbnailUrl":"https:\/\/www.festivox.fr\/blog\/wp-content\/uploads\/2024\/05\/jazz-sous-les-pommiers.jpg","datePublished":"2024-05-06T21:23:00+00:00","breadcrumb":{"@id":"https:\/\/www.festivox.fr\/blog\/jazz-sous-les-pommiers\/#breadcrumb"},"inLanguage":"fr-FR","potentialAction":[{"@type":"ReadAction","target":["https:\/\/www.festivox.fr\/blog\/jazz-sous-les-pommiers\/"]}]},{"@type":"ImageObject","inLanguage":"fr-FR","@id":"https:\/\/www.festivox.fr\/blog\/jazz-sous-les-pommiers\/#primaryimage","url":"https:\/\/www.festivox.fr\/blog\/wp-content\/uploads\/2024\/05\/jazz-sous-les-pommiers.jpg","contentUrl":"https:\/\/www.festivox.fr\/blog\/wp-content\/uploads\/2024\/05\/jazz-sous-les-pommiers.jpg","width":1920,"height":1080},{"@type":"BreadcrumbList","@id":"https:\/\/www.festivox.fr\/blog\/jazz-sous-les-pommiers\/#breadcrumb","itemListElement":[{"@type":"ListItem","position":1,"name":"Accueil","item":"https:\/\/www.festivox.fr\/blog\/"},{"@type":"ListItem","position":2,"name":"Jazz sous les Pommiers"}]},{"@type":"WebSite","@id":"https:\/\/www.festivox.fr\/blog\/#website","url":"https:\/\/www.festivox.fr\/blog\/","name":"FESTIVOX","description":"Festival en mode guinguette.","publisher":{"@id":"https:\/\/www.festivox.fr\/blog\/#organization"},"potentialAction":[{"@type":"SearchAction","target":{"@type":"EntryPoint","urlTemplate":"https:\/\/www.festivox.fr\/blog\/?s={search_term_string}"},"query-input":{"@type":"PropertyValueSpecification","valueRequired":true,"valueName":"search_term_string"}}],"inLanguage":"fr-FR"},{"@type":"Organization","@id":"https:\/\/www.festivox.fr\/blog\/#organization","name":"festivox","url":"https:\/\/www.festivox.fr\/blog\/","logo":{"@type":"ImageObject","inLanguage":"fr-FR","@id":"https:\/\/www.festivox.fr\/blog\/#\/schema\/logo\/image\/","url":"https:\/\/www.festivox.fr\/blog\/wp-content\/uploads\/2023\/06\/logo-2.png","contentUrl":"https:\/\/www.festivox.fr\/blog\/wp-content\/uploads\/2023\/06\/logo-2.png","width":480,"height":160,"caption":"festivox"},"image":{"@id":"https:\/\/www.festivox.fr\/blog\/#\/schema\/logo\/image\/"}},{"@type":"Person","@id":"https:\/\/www.festivox.fr\/blog\/#\/schema\/person\/f36a8b6bc94800c3eafed4bca993ce95","name":"Michele","image":{"@type":"ImageObject","inLanguage":"fr-FR","@id":"https:\/\/secure.gravatar.com\/avatar\/b062046536b5d47ec9075956ec349ef95ed06b0f910c578f74abb318668b702e?s=96&d=mm&r=g","url":"https:\/\/secure.gravatar.com\/avatar\/b062046536b5d47ec9075956ec349ef95ed06b0f910c578f74abb318668b702e?s=96&d=mm&r=g","contentUrl":"https:\/\/secure.gravatar.com\/avatar\/b062046536b5d47ec9075956ec349ef95ed06b0f910c578f74abb318668b702e?s=96&d=mm&r=g","caption":"Michele"},"sameAs":["https:\/\/www.festivox.fr\/blog"],"url":"https:\/\/www.festivox.fr\/blog\/author\/voxadmin\/"}]}},"_links":{"self":[{"href":"https:\/\/www.festivox.fr\/blog\/wp-json\/wp\/v2\/posts\/875","targetHints":{"allow":["GET"]}}],"collection":[{"href":"https:\/\/www.festivox.fr\/blog\/wp-json\/wp\/v2\/posts"}],"about":[{"href":"https:\/\/www.festivox.fr\/blog\/wp-json\/wp\/v2\/types\/post"}],"author":[{"embeddable":true,"href":"https:\/\/www.festivox.fr\/blog\/wp-json\/wp\/v2\/users\/1"}],"replies":[{"embeddable":true,"href":"https:\/\/www.festivox.fr\/blog\/wp-json\/wp\/v2\/comments?post=875"}],"version-history":[{"count":0,"href":"https:\/\/www.festivox.fr\/blog\/wp-json\/wp\/v2\/posts\/875\/revisions"}],"wp:featuredmedia":[{"embeddable":true,"href":"https:\/\/www.festivox.fr\/blog\/wp-json\/wp\/v2\/media\/876"}],"wp:attachment":[{"href":"https:\/\/www.festivox.fr\/blog\/wp-json\/wp\/v2\/media?parent=875"}],"wp:term":[{"taxonomy":"category","embeddable":true,"href":"https:\/\/www.festivox.fr\/blog\/wp-json\/wp\/v2\/categories?post=875"},{"taxonomy":"post_tag","embeddable":true,"href":"https:\/\/www.festivox.fr\/blog\/wp-json\/wp\/v2\/tags?post=875"}],"curies":[{"name":"wp","href":"https:\/\/api.w.org\/{rel}","templated":true}]}}