{"id":861,"date":"2024-05-15T05:29:00","date_gmt":"2024-05-15T03:29:00","guid":{"rendered":"https:\/\/www.festivox.fr\/blog\/un-compte-a-la-loupe-les-instantanes-de-maimouna-elle-traore-sur-la-vie-au-senegal\/"},"modified":"2024-05-15T05:29:00","modified_gmt":"2024-05-15T03:29:00","slug":"un-compte-a-la-loupe-les-instantanes-de-maimouna-elle-traore-sur-la-vie-au-senegal","status":"publish","type":"post","link":"https:\/\/www.festivox.fr\/blog\/un-compte-a-la-loupe-les-instantanes-de-maimouna-elle-traore-sur-la-vie-au-senegal\/","title":{"rendered":"Un compte \u00e0 la loupe. Les instantan\u00e9s de Ma\u00efmouna Elle Traor\u00e9 sur la vie au S\u00e9n\u00e9gal"},"content":{"rendered":"\n<div><img decoding=\"async\" src=\"https:\/\/www.festivox.fr\/blog\/wp-content\/uploads\/2024\/05\/un-compte-a-la-loupe-les-instantanes-de-maimouna-elle-traore-sur-la-vie-au-senegal.png\" class=\"ff-og-image-inserted\"><\/div>\n<div class=\"paragraph\">\n<p>Ma\u00efmouna Elle Traor\u00e9 a grandi aux \u00c9tats-Unis. L\u2019an dernier, elle s\u2019install\u00e9e \u00e0 Dakar, au S\u00e9n\u00e9gal, la ville d\u2019origine de son p\u00e8re.<\/p>\n<\/p><\/div>\n<div class=\"paragraph\">\n<p>Rapidement, elle commence \u00e0 filmer de jolies sc\u00e8nes qu\u2019elle observe autour d\u2019elle et \u00e0 les partager, raconte le site d\u2019information <a data-allow-click target=\"_blank\" href=\"https:\/\/www.okayafrica.com\/romanticizing-africa-instagram\/\" rel=\"noopener nofollow\"><strong>Okay Africa<\/strong><\/a><strong>.<\/strong><\/p>\n<\/p><\/div>\n<p> Cet article, qui traite du th\u00e8me \u00ab\u00a0Festival Jazz et musique en mode guinguette\u00a0\u00bb, vous est d\u00e9lib\u00e9r\u00e9ment offert par festivox.fr. La raison d\u2019\u00eatre de festivox.fr est de parler de Festival Jazz et musique en mode guinguette dans la transparence la plus g\u00e9n\u00e9rale en vous procurant la visibilit\u00e9 de tout ce qui est publi\u00e9 sur ce sujet sur le web La chronique a \u00e9t\u00e9 g\u00e9n\u00e9r\u00e9e de la mani\u00e8re la plus honn\u00eate que possible. S\u2019il advenait que vous projetez d\u2019apporter quelques notes concernant le domaine de \u00ab\u00a0Festival Jazz et musique en mode guinguette\u00a0\u00bb vous avez la possibilit\u00e9 de d&rsquo;\u00e9changer avec notre r\u00e9daction. Dans peu de temps, on mettra en ligne d&rsquo;autres informations pertinentes autour du sujet \u00ab\u00a0Festival Jazz et musique en mode guinguette\u00a0\u00bb. Ainsi, consultez r\u00e9guli\u00e8rement notre site.<\/p>\n","protected":false},"excerpt":{"rendered":"<p>Ma\u00efmouna Elle Traor\u00e9 a grandi aux \u00c9tats-Unis. L\u2019an dernier, elle s\u2019install\u00e9e \u00e0 Dakar, au S\u00e9n\u00e9gal, la ville d\u2019origine de son p\u00e8re. Rapidement, elle commence \u00e0 filmer de jolies sc\u00e8nes qu\u2019elle observe autour d\u2019elle et \u00e0 les partager, raconte le site d\u2019information Okay Africa. Cet article, qui traite du th\u00e8me \u00ab\u00a0Festival Jazz et musique en mode&hellip;<\/p>\n","protected":false},"author":1,"featured_media":862,"comment_status":"closed","ping_status":"closed","sticky":false,"template":"","format":"standard","meta":{"footnotes":""},"categories":[3],"tags":[],"class_list":["post-861","post","type-post","status-publish","format-standard","has-post-thumbnail","hentry","category-wiki-sur-festival-jazz-et-musique-en-mode-guinguette"],"yoast_head":"<!-- This site is optimized with the Yoast SEO plugin v27.5 - https:\/\/yoast.com\/product\/yoast-seo-wordpress\/ -->\n<title>Un compte \u00e0 la loupe. Les instantan\u00e9s de Ma\u00efmouna Elle Traor\u00e9 sur la vie au S\u00e9n\u00e9gal - FESTIVOX<\/title>\n<meta name=\"robots\" content=\"index, follow, max-snippet:-1, max-image-preview:large, max-video-preview:-1\" \/>\n<link rel=\"canonical\" href=\"https:\/\/www.festivox.fr\/blog\/un-compte-a-la-loupe-les-instantanes-de-maimouna-elle-traore-sur-la-vie-au-senegal\/\" \/>\n<meta property=\"og:locale\" content=\"fr_FR\" \/>\n<meta property=\"og:type\" content=\"article\" \/>\n<meta property=\"og:title\" content=\"Un compte \u00e0 la loupe. Les instantan\u00e9s de Ma\u00efmouna Elle Traor\u00e9 sur la vie au S\u00e9n\u00e9gal - FESTIVOX\" \/>\n<meta property=\"og:description\" content=\"Ma\u00efmouna Elle Traor\u00e9 a grandi aux \u00c9tats-Unis. L\u2019an dernier, elle s\u2019install\u00e9e \u00e0 Dakar, au S\u00e9n\u00e9gal, la ville d\u2019origine de son p\u00e8re. Rapidement, elle commence \u00e0 filmer de jolies sc\u00e8nes qu\u2019elle observe autour d\u2019elle et \u00e0 les partager, raconte le site d\u2019information Okay Africa. Cet article, qui traite du th\u00e8me \u00ab\u00a0Festival Jazz et musique en mode&hellip;\" \/>\n<meta property=\"og:url\" content=\"https:\/\/www.festivox.fr\/blog\/un-compte-a-la-loupe-les-instantanes-de-maimouna-elle-traore-sur-la-vie-au-senegal\/\" \/>\n<meta property=\"og:site_name\" content=\"FESTIVOX\" \/>\n<meta property=\"article:published_time\" content=\"2024-05-15T03:29:00+00:00\" \/>\n<meta property=\"og:image\" content=\"https:\/\/www.festivox.fr\/blog\/wp-content\/uploads\/2024\/05\/un-compte-a-la-loupe-les-instantanes-de-maimouna-elle-traore-sur-la-vie-au-senegal.png\" \/>\n<meta name=\"author\" content=\"Michele\" \/>\n<meta name=\"twitter:card\" content=\"summary_large_image\" \/>\n<meta name=\"twitter:label1\" content=\"\u00c9crit par\" \/>\n\t<meta name=\"twitter:data1\" content=\"Michele\" \/>\n\t<meta name=\"twitter:label2\" content=\"Dur\u00e9e de lecture estim\u00e9e\" \/>\n\t<meta name=\"twitter:data2\" content=\"1 minute\" \/>\n<script type=\"application\/ld+json\" class=\"yoast-schema-graph\">{\"@context\":\"https:\\\/\\\/schema.org\",\"@graph\":[{\"@type\":\"Article\",\"@id\":\"https:\\\/\\\/www.festivox.fr\\\/blog\\\/un-compte-a-la-loupe-les-instantanes-de-maimouna-elle-traore-sur-la-vie-au-senegal\\\/#article\",\"isPartOf\":{\"@id\":\"https:\\\/\\\/www.festivox.fr\\\/blog\\\/un-compte-a-la-loupe-les-instantanes-de-maimouna-elle-traore-sur-la-vie-au-senegal\\\/\"},\"author\":{\"name\":\"Michele\",\"@id\":\"https:\\\/\\\/www.festivox.fr\\\/blog\\\/#\\\/schema\\\/person\\\/f36a8b6bc94800c3eafed4bca993ce95\"},\"headline\":\"Un compte \u00e0 la loupe. Les instantan\u00e9s de Ma\u00efmouna Elle Traor\u00e9 sur la vie au S\u00e9n\u00e9gal\",\"datePublished\":\"2024-05-15T03:29:00+00:00\",\"mainEntityOfPage\":{\"@id\":\"https:\\\/\\\/www.festivox.fr\\\/blog\\\/un-compte-a-la-loupe-les-instantanes-de-maimouna-elle-traore-sur-la-vie-au-senegal\\\/\"},\"wordCount\":216,\"publisher\":{\"@id\":\"https:\\\/\\\/www.festivox.fr\\\/blog\\\/#organization\"},\"image\":{\"@id\":\"https:\\\/\\\/www.festivox.fr\\\/blog\\\/un-compte-a-la-loupe-les-instantanes-de-maimouna-elle-traore-sur-la-vie-au-senegal\\\/#primaryimage\"},\"thumbnailUrl\":\"https:\\\/\\\/www.festivox.fr\\\/blog\\\/wp-content\\\/uploads\\\/2024\\\/05\\\/un-compte-a-la-loupe-les-instantanes-de-maimouna-elle-traore-sur-la-vie-au-senegal.png\",\"articleSection\":[\"Wiki Sur Festival Jazz Et Musique En Mode Guinguette:\"],\"inLanguage\":\"fr-FR\"},{\"@type\":\"WebPage\",\"@id\":\"https:\\\/\\\/www.festivox.fr\\\/blog\\\/un-compte-a-la-loupe-les-instantanes-de-maimouna-elle-traore-sur-la-vie-au-senegal\\\/\",\"url\":\"https:\\\/\\\/www.festivox.fr\\\/blog\\\/un-compte-a-la-loupe-les-instantanes-de-maimouna-elle-traore-sur-la-vie-au-senegal\\\/\",\"name\":\"Un compte \u00e0 la loupe. Les instantan\u00e9s de Ma\u00efmouna Elle Traor\u00e9 sur la vie au S\u00e9n\u00e9gal - FESTIVOX\",\"isPartOf\":{\"@id\":\"https:\\\/\\\/www.festivox.fr\\\/blog\\\/#website\"},\"primaryImageOfPage\":{\"@id\":\"https:\\\/\\\/www.festivox.fr\\\/blog\\\/un-compte-a-la-loupe-les-instantanes-de-maimouna-elle-traore-sur-la-vie-au-senegal\\\/#primaryimage\"},\"image\":{\"@id\":\"https:\\\/\\\/www.festivox.fr\\\/blog\\\/un-compte-a-la-loupe-les-instantanes-de-maimouna-elle-traore-sur-la-vie-au-senegal\\\/#primaryimage\"},\"thumbnailUrl\":\"https:\\\/\\\/www.festivox.fr\\\/blog\\\/wp-content\\\/uploads\\\/2024\\\/05\\\/un-compte-a-la-loupe-les-instantanes-de-maimouna-elle-traore-sur-la-vie-au-senegal.png\",\"datePublished\":\"2024-05-15T03:29:00+00:00\",\"breadcrumb\":{\"@id\":\"https:\\\/\\\/www.festivox.fr\\\/blog\\\/un-compte-a-la-loupe-les-instantanes-de-maimouna-elle-traore-sur-la-vie-au-senegal\\\/#breadcrumb\"},\"inLanguage\":\"fr-FR\",\"potentialAction\":[{\"@type\":\"ReadAction\",\"target\":[\"https:\\\/\\\/www.festivox.fr\\\/blog\\\/un-compte-a-la-loupe-les-instantanes-de-maimouna-elle-traore-sur-la-vie-au-senegal\\\/\"]}]},{\"@type\":\"ImageObject\",\"inLanguage\":\"fr-FR\",\"@id\":\"https:\\\/\\\/www.festivox.fr\\\/blog\\\/un-compte-a-la-loupe-les-instantanes-de-maimouna-elle-traore-sur-la-vie-au-senegal\\\/#primaryimage\",\"url\":\"https:\\\/\\\/www.festivox.fr\\\/blog\\\/wp-content\\\/uploads\\\/2024\\\/05\\\/un-compte-a-la-loupe-les-instantanes-de-maimouna-elle-traore-sur-la-vie-au-senegal.png\",\"contentUrl\":\"https:\\\/\\\/www.festivox.fr\\\/blog\\\/wp-content\\\/uploads\\\/2024\\\/05\\\/un-compte-a-la-loupe-les-instantanes-de-maimouna-elle-traore-sur-la-vie-au-senegal.png\",\"width\":1200,\"height\":630},{\"@type\":\"BreadcrumbList\",\"@id\":\"https:\\\/\\\/www.festivox.fr\\\/blog\\\/un-compte-a-la-loupe-les-instantanes-de-maimouna-elle-traore-sur-la-vie-au-senegal\\\/#breadcrumb\",\"itemListElement\":[{\"@type\":\"ListItem\",\"position\":1,\"name\":\"Accueil\",\"item\":\"https:\\\/\\\/www.festivox.fr\\\/blog\\\/\"},{\"@type\":\"ListItem\",\"position\":2,\"name\":\"Un compte \u00e0 la loupe. Les instantan\u00e9s de Ma\u00efmouna Elle Traor\u00e9 sur la vie au S\u00e9n\u00e9gal\"}]},{\"@type\":\"WebSite\",\"@id\":\"https:\\\/\\\/www.festivox.fr\\\/blog\\\/#website\",\"url\":\"https:\\\/\\\/www.festivox.fr\\\/blog\\\/\",\"name\":\"FESTIVOX\",\"description\":\"Festival en mode guinguette.\",\"publisher\":{\"@id\":\"https:\\\/\\\/www.festivox.fr\\\/blog\\\/#organization\"},\"potentialAction\":[{\"@type\":\"SearchAction\",\"target\":{\"@type\":\"EntryPoint\",\"urlTemplate\":\"https:\\\/\\\/www.festivox.fr\\\/blog\\\/?s={search_term_string}\"},\"query-input\":{\"@type\":\"PropertyValueSpecification\",\"valueRequired\":true,\"valueName\":\"search_term_string\"}}],\"inLanguage\":\"fr-FR\"},{\"@type\":\"Organization\",\"@id\":\"https:\\\/\\\/www.festivox.fr\\\/blog\\\/#organization\",\"name\":\"festivox\",\"url\":\"https:\\\/\\\/www.festivox.fr\\\/blog\\\/\",\"logo\":{\"@type\":\"ImageObject\",\"inLanguage\":\"fr-FR\",\"@id\":\"https:\\\/\\\/www.festivox.fr\\\/blog\\\/#\\\/schema\\\/logo\\\/image\\\/\",\"url\":\"https:\\\/\\\/www.festivox.fr\\\/blog\\\/wp-content\\\/uploads\\\/2023\\\/06\\\/logo-2.png\",\"contentUrl\":\"https:\\\/\\\/www.festivox.fr\\\/blog\\\/wp-content\\\/uploads\\\/2023\\\/06\\\/logo-2.png\",\"width\":480,\"height\":160,\"caption\":\"festivox\"},\"image\":{\"@id\":\"https:\\\/\\\/www.festivox.fr\\\/blog\\\/#\\\/schema\\\/logo\\\/image\\\/\"}},{\"@type\":\"Person\",\"@id\":\"https:\\\/\\\/www.festivox.fr\\\/blog\\\/#\\\/schema\\\/person\\\/f36a8b6bc94800c3eafed4bca993ce95\",\"name\":\"Michele\",\"image\":{\"@type\":\"ImageObject\",\"inLanguage\":\"fr-FR\",\"@id\":\"https:\\\/\\\/secure.gravatar.com\\\/avatar\\\/b062046536b5d47ec9075956ec349ef95ed06b0f910c578f74abb318668b702e?s=96&d=mm&r=g\",\"url\":\"https:\\\/\\\/secure.gravatar.com\\\/avatar\\\/b062046536b5d47ec9075956ec349ef95ed06b0f910c578f74abb318668b702e?s=96&d=mm&r=g\",\"contentUrl\":\"https:\\\/\\\/secure.gravatar.com\\\/avatar\\\/b062046536b5d47ec9075956ec349ef95ed06b0f910c578f74abb318668b702e?s=96&d=mm&r=g\",\"caption\":\"Michele\"},\"sameAs\":[\"https:\\\/\\\/www.festivox.fr\\\/blog\"],\"url\":\"https:\\\/\\\/www.festivox.fr\\\/blog\\\/author\\\/voxadmin\\\/\"}]}<\/script>\n<!-- \/ Yoast SEO plugin. -->","yoast_head_json":{"title":"Un compte \u00e0 la loupe. Les instantan\u00e9s de Ma\u00efmouna Elle Traor\u00e9 sur la vie au S\u00e9n\u00e9gal - FESTIVOX","robots":{"index":"index","follow":"follow","max-snippet":"max-snippet:-1","max-image-preview":"max-image-preview:large","max-video-preview":"max-video-preview:-1"},"canonical":"https:\/\/www.festivox.fr\/blog\/un-compte-a-la-loupe-les-instantanes-de-maimouna-elle-traore-sur-la-vie-au-senegal\/","og_locale":"fr_FR","og_type":"article","og_title":"Un compte \u00e0 la loupe. Les instantan\u00e9s de Ma\u00efmouna Elle Traor\u00e9 sur la vie au S\u00e9n\u00e9gal - FESTIVOX","og_description":"Ma\u00efmouna Elle Traor\u00e9 a grandi aux \u00c9tats-Unis. L\u2019an dernier, elle s\u2019install\u00e9e \u00e0 Dakar, au S\u00e9n\u00e9gal, la ville d\u2019origine de son p\u00e8re. Rapidement, elle commence \u00e0 filmer de jolies sc\u00e8nes qu\u2019elle observe autour d\u2019elle et \u00e0 les partager, raconte le site d\u2019information Okay Africa. Cet article, qui traite du th\u00e8me \u00ab\u00a0Festival Jazz et musique en mode&hellip;","og_url":"https:\/\/www.festivox.fr\/blog\/un-compte-a-la-loupe-les-instantanes-de-maimouna-elle-traore-sur-la-vie-au-senegal\/","og_site_name":"FESTIVOX","article_published_time":"2024-05-15T03:29:00+00:00","og_image":[{"url":"https:\/\/www.festivox.fr\/blog\/wp-content\/uploads\/2024\/05\/un-compte-a-la-loupe-les-instantanes-de-maimouna-elle-traore-sur-la-vie-au-senegal.png","type":"","width":"","height":""}],"author":"Michele","twitter_card":"summary_large_image","twitter_misc":{"\u00c9crit par":"Michele","Dur\u00e9e de lecture estim\u00e9e":"1 minute"},"schema":{"@context":"https:\/\/schema.org","@graph":[{"@type":"Article","@id":"https:\/\/www.festivox.fr\/blog\/un-compte-a-la-loupe-les-instantanes-de-maimouna-elle-traore-sur-la-vie-au-senegal\/#article","isPartOf":{"@id":"https:\/\/www.festivox.fr\/blog\/un-compte-a-la-loupe-les-instantanes-de-maimouna-elle-traore-sur-la-vie-au-senegal\/"},"author":{"name":"Michele","@id":"https:\/\/www.festivox.fr\/blog\/#\/schema\/person\/f36a8b6bc94800c3eafed4bca993ce95"},"headline":"Un compte \u00e0 la loupe. Les instantan\u00e9s de Ma\u00efmouna Elle Traor\u00e9 sur la vie au S\u00e9n\u00e9gal","datePublished":"2024-05-15T03:29:00+00:00","mainEntityOfPage":{"@id":"https:\/\/www.festivox.fr\/blog\/un-compte-a-la-loupe-les-instantanes-de-maimouna-elle-traore-sur-la-vie-au-senegal\/"},"wordCount":216,"publisher":{"@id":"https:\/\/www.festivox.fr\/blog\/#organization"},"image":{"@id":"https:\/\/www.festivox.fr\/blog\/un-compte-a-la-loupe-les-instantanes-de-maimouna-elle-traore-sur-la-vie-au-senegal\/#primaryimage"},"thumbnailUrl":"https:\/\/www.festivox.fr\/blog\/wp-content\/uploads\/2024\/05\/un-compte-a-la-loupe-les-instantanes-de-maimouna-elle-traore-sur-la-vie-au-senegal.png","articleSection":["Wiki Sur Festival Jazz Et Musique En Mode Guinguette:"],"inLanguage":"fr-FR"},{"@type":"WebPage","@id":"https:\/\/www.festivox.fr\/blog\/un-compte-a-la-loupe-les-instantanes-de-maimouna-elle-traore-sur-la-vie-au-senegal\/","url":"https:\/\/www.festivox.fr\/blog\/un-compte-a-la-loupe-les-instantanes-de-maimouna-elle-traore-sur-la-vie-au-senegal\/","name":"Un compte \u00e0 la loupe. Les instantan\u00e9s de Ma\u00efmouna Elle Traor\u00e9 sur la vie au S\u00e9n\u00e9gal - FESTIVOX","isPartOf":{"@id":"https:\/\/www.festivox.fr\/blog\/#website"},"primaryImageOfPage":{"@id":"https:\/\/www.festivox.fr\/blog\/un-compte-a-la-loupe-les-instantanes-de-maimouna-elle-traore-sur-la-vie-au-senegal\/#primaryimage"},"image":{"@id":"https:\/\/www.festivox.fr\/blog\/un-compte-a-la-loupe-les-instantanes-de-maimouna-elle-traore-sur-la-vie-au-senegal\/#primaryimage"},"thumbnailUrl":"https:\/\/www.festivox.fr\/blog\/wp-content\/uploads\/2024\/05\/un-compte-a-la-loupe-les-instantanes-de-maimouna-elle-traore-sur-la-vie-au-senegal.png","datePublished":"2024-05-15T03:29:00+00:00","breadcrumb":{"@id":"https:\/\/www.festivox.fr\/blog\/un-compte-a-la-loupe-les-instantanes-de-maimouna-elle-traore-sur-la-vie-au-senegal\/#breadcrumb"},"inLanguage":"fr-FR","potentialAction":[{"@type":"ReadAction","target":["https:\/\/www.festivox.fr\/blog\/un-compte-a-la-loupe-les-instantanes-de-maimouna-elle-traore-sur-la-vie-au-senegal\/"]}]},{"@type":"ImageObject","inLanguage":"fr-FR","@id":"https:\/\/www.festivox.fr\/blog\/un-compte-a-la-loupe-les-instantanes-de-maimouna-elle-traore-sur-la-vie-au-senegal\/#primaryimage","url":"https:\/\/www.festivox.fr\/blog\/wp-content\/uploads\/2024\/05\/un-compte-a-la-loupe-les-instantanes-de-maimouna-elle-traore-sur-la-vie-au-senegal.png","contentUrl":"https:\/\/www.festivox.fr\/blog\/wp-content\/uploads\/2024\/05\/un-compte-a-la-loupe-les-instantanes-de-maimouna-elle-traore-sur-la-vie-au-senegal.png","width":1200,"height":630},{"@type":"BreadcrumbList","@id":"https:\/\/www.festivox.fr\/blog\/un-compte-a-la-loupe-les-instantanes-de-maimouna-elle-traore-sur-la-vie-au-senegal\/#breadcrumb","itemListElement":[{"@type":"ListItem","position":1,"name":"Accueil","item":"https:\/\/www.festivox.fr\/blog\/"},{"@type":"ListItem","position":2,"name":"Un compte \u00e0 la loupe. Les instantan\u00e9s de Ma\u00efmouna Elle Traor\u00e9 sur la vie au S\u00e9n\u00e9gal"}]},{"@type":"WebSite","@id":"https:\/\/www.festivox.fr\/blog\/#website","url":"https:\/\/www.festivox.fr\/blog\/","name":"FESTIVOX","description":"Festival en mode guinguette.","publisher":{"@id":"https:\/\/www.festivox.fr\/blog\/#organization"},"potentialAction":[{"@type":"SearchAction","target":{"@type":"EntryPoint","urlTemplate":"https:\/\/www.festivox.fr\/blog\/?s={search_term_string}"},"query-input":{"@type":"PropertyValueSpecification","valueRequired":true,"valueName":"search_term_string"}}],"inLanguage":"fr-FR"},{"@type":"Organization","@id":"https:\/\/www.festivox.fr\/blog\/#organization","name":"festivox","url":"https:\/\/www.festivox.fr\/blog\/","logo":{"@type":"ImageObject","inLanguage":"fr-FR","@id":"https:\/\/www.festivox.fr\/blog\/#\/schema\/logo\/image\/","url":"https:\/\/www.festivox.fr\/blog\/wp-content\/uploads\/2023\/06\/logo-2.png","contentUrl":"https:\/\/www.festivox.fr\/blog\/wp-content\/uploads\/2023\/06\/logo-2.png","width":480,"height":160,"caption":"festivox"},"image":{"@id":"https:\/\/www.festivox.fr\/blog\/#\/schema\/logo\/image\/"}},{"@type":"Person","@id":"https:\/\/www.festivox.fr\/blog\/#\/schema\/person\/f36a8b6bc94800c3eafed4bca993ce95","name":"Michele","image":{"@type":"ImageObject","inLanguage":"fr-FR","@id":"https:\/\/secure.gravatar.com\/avatar\/b062046536b5d47ec9075956ec349ef95ed06b0f910c578f74abb318668b702e?s=96&d=mm&r=g","url":"https:\/\/secure.gravatar.com\/avatar\/b062046536b5d47ec9075956ec349ef95ed06b0f910c578f74abb318668b702e?s=96&d=mm&r=g","contentUrl":"https:\/\/secure.gravatar.com\/avatar\/b062046536b5d47ec9075956ec349ef95ed06b0f910c578f74abb318668b702e?s=96&d=mm&r=g","caption":"Michele"},"sameAs":["https:\/\/www.festivox.fr\/blog"],"url":"https:\/\/www.festivox.fr\/blog\/author\/voxadmin\/"}]}},"_links":{"self":[{"href":"https:\/\/www.festivox.fr\/blog\/wp-json\/wp\/v2\/posts\/861","targetHints":{"allow":["GET"]}}],"collection":[{"href":"https:\/\/www.festivox.fr\/blog\/wp-json\/wp\/v2\/posts"}],"about":[{"href":"https:\/\/www.festivox.fr\/blog\/wp-json\/wp\/v2\/types\/post"}],"author":[{"embeddable":true,"href":"https:\/\/www.festivox.fr\/blog\/wp-json\/wp\/v2\/users\/1"}],"replies":[{"embeddable":true,"href":"https:\/\/www.festivox.fr\/blog\/wp-json\/wp\/v2\/comments?post=861"}],"version-history":[{"count":0,"href":"https:\/\/www.festivox.fr\/blog\/wp-json\/wp\/v2\/posts\/861\/revisions"}],"wp:featuredmedia":[{"embeddable":true,"href":"https:\/\/www.festivox.fr\/blog\/wp-json\/wp\/v2\/media\/862"}],"wp:attachment":[{"href":"https:\/\/www.festivox.fr\/blog\/wp-json\/wp\/v2\/media?parent=861"}],"wp:term":[{"taxonomy":"category","embeddable":true,"href":"https:\/\/www.festivox.fr\/blog\/wp-json\/wp\/v2\/categories?post=861"},{"taxonomy":"post_tag","embeddable":true,"href":"https:\/\/www.festivox.fr\/blog\/wp-json\/wp\/v2\/tags?post=861"}],"curies":[{"name":"wp","href":"https:\/\/api.w.org\/{rel}","templated":true}]}}