{"id":849,"date":"2024-05-15T23:24:00","date_gmt":"2024-05-15T21:24:00","guid":{"rendered":"https:\/\/www.festivox.fr\/blog\/rock-folk-et-jazz-a-laffiche-du-festivallon\/"},"modified":"2024-05-15T23:24:00","modified_gmt":"2024-05-15T21:24:00","slug":"rock-folk-et-jazz-a-laffiche-du-festivallon","status":"publish","type":"post","link":"https:\/\/www.festivox.fr\/blog\/rock-folk-et-jazz-a-laffiche-du-festivallon\/","title":{"rendered":"Rock, folk et jazz \u00e0 l\u2019affiche du Festivallon"},"content":{"rendered":"\n<p> La programmation de la 26\u00e8me \u00e9dition du Festivallon est d\u00e9sormais boucl\u00e9e, avec six groupes attendus \u00e0 partir du 6 juillet 2024. <\/p>\n<div>\n<p>Vingt-six&nbsp;ans d\u00e9j\u00e0 que le Festivallon est devenu l\u2019un des rendez-vous estivaux incontournables de l\u2019Avallonnais. L\u2019\u00e9v\u00e8nement, n\u00e9 de l\u2019id\u00e9e de quatre copains passionn\u00e9s de musique et depuis organis\u00e9 par l\u2019association Java, se pr\u00e9pare pour un nouveau tour de piste.<\/p>\n<p>Avec un premier rendez-vous qui sera donn\u00e9 d\u00e8s le 6&nbsp;juillet 2024, sur les Terreaux Vauban, avec l\u2019habituel Tremplin d\u00e9butants. \u00ab\u00a0Cette ann\u00e9e, quatre groupes monteront sur sc\u00e8ne dans le cadre du Tremplin. Dans la suite de la soir\u00e9e, ce sera au tour du groupe gagnant de l\u2019ann\u00e9e derni\u00e8re, Les 2006, de venir jouer sur sc\u00e8ne. Et le concert final sera assur\u00e9 par Stell Rock\u00a0\u00bb, liste Bernard Cury, pr\u00e9sident de l\u2019association Java, qui pr\u00e9cise que le public pourra directement participer comme jury pour \u00e9lire le groupe le plus prometteur de cette \u00e9dition.<\/p>\n<h3>Six groupes, 39 concerts<\/h3>\n<p>D\u00e8s le 15&nbsp;juillet, ce sont ainsi pas moins de 39 concerts, anim\u00e9s par six groupes (chacun pr\u00e9sent une semaine sur place), qui rythmeront les terrasses de onze \u00e9tablissements de l\u2019Avallonnais.<\/p>\n<p class=\"c-lireaussi\"><span class=\"p-premium\">premium<\/span> <a href=\"https:\/\/www.lyonne.fr\/avallon-89200\/actualites\/maroquiniere-depuis-ses-18-ans-elle-vient-d-ouvrir-son-atelier-a-avallon_14500918\/\" target=\"_blank\" rel=\"nofollow\">Maroquini\u00e8re depuis ses 18 ans, elle vient d&rsquo;ouvrir son atelier \u00e0 Avallon<\/a><\/p>\n<p>Histoire de&nbsp;varier les plaisirs, il y en aura pour toutes les sensibilit\u00e9s musicales, que ce soit le rock sauvage et d\u00e9brid\u00e9 de Climaxx, celui, teint\u00e9 de pop de la formation Maurice\u2009!, les performances de l\u2019homme-orchestre Tex\u2019o, la fusion en rock et rap du groupe Greboo, la folk incisive de la musicienne bretonne Nini Poulain ou le punk de 21 Grammes.<\/p>\n<p>Le festival se terminera en apoth\u00e9ose le samedi 24&nbsp;ao\u00fbt, \u00e0 l\u2019occasion de la f\u00eate d\u2019Avallon, avec un concert du groupe sp\u00e9cialis\u00e9 dans les reprises Mister Cover, coorganis\u00e9 par la Ville d\u2019Avallon et l\u2019association Java.&nbsp;<\/p>\n<div class=\"c-citation\">\n<p>Apr\u00e8s le succ\u00e8s du \u201ctribute band\u201d Abba For Ever, on a voulu repartir sur une formule similaire, mais plus large. Cette fois-ci, il s\u2019agit d\u2019un groupe qui fait des reprises d\u2019un peu tout, avec un r\u00e9pertoire qui va des ann\u00e9es 50 aux ann\u00e9es 90, fran\u00e7ais comme international<\/p>\n<p class=\"c-citation-source\">Bernard Cury<span> (Pr\u00e9sident de l&rsquo;association Java)<\/span><\/p>\n<\/p><\/div>\n<div class=\"bloc file\">\n<div id=\"nl_YR_Loisirs\" class=\"row nl\">\n<div class=\"nl-logo\"> <img decoding=\"async\" src=\"https:\/\/www.lyonne.fr\/static\/bloc\/ripolinage\/newsletter\/logos\/IconeGratuite.svg\"> <\/div>\n<div class=\"nl-titre\">\n<p>Recevez par mail notre newsletter loisirs et retrouvez les id\u00e9es de sorties et d&rsquo;activit\u00e9s dans votre r\u00e9gion.<\/p>\n<\/p><\/div>\n<\/p><\/div>\n<\/div>\n<p>La formation Les 2006 fera une nouvelle apparition lors de cette soir\u00e9e, qui s\u2019ach\u00e8vera par un concert du groupe The Rock and bros.<\/p>\n<h3>Une saison qui s\u2019ach\u00e8ve par du jazz<\/h3>\n<p>Une fois le Festivallon des Bistrots fini apr\u00e8s cette derni\u00e8re soir\u00e9e, il laissera sa place pour quelques semaines au Festivallon jazz \u00e0 partir du 30&nbsp;ao\u00fbt. Trois formations se succ\u00e9deront jusqu\u2019au 13&nbsp;septembre&nbsp;: De l\u2019autre c\u00f4t\u00e9 du miroir, Laurent Maure Trio et Miroir Trio.<\/p>\n<p>Une derni\u00e8re soir\u00e9e, le 21&nbsp;septembre, au March\u00e9 couvert d\u2019Avallon, avec notamment la formation d\u2019inspiration ukrainienne Fuz4tet<em>.&nbsp;<\/em><\/p>\n<p class=\"c-lireaussi\"><span class=\"p-premium\">premium<\/span> <a href=\"https:\/\/www.lyonne.fr\/avallon-89200\/actualites\/avallon-accueillera-sa-premiere-pride-le-22-juin_14499277\/\" target=\"_blank\" rel=\"nofollow\">Avallon accueillera sa premi\u00e8re pride le 22 juin<\/a><\/p>\n<div class=\"c-encadre\">\n<h3><strong>Les 11&nbsp;lieux du Festivallon<\/strong><\/h3>\n<p><strong>Avallon.&nbsp;<\/strong>Cuisine Angeline (\u00e0 partir de 20 heures), Crep\u201980 (\u00e0 partir de 20 heures), L\u2019Horloge (\u00e0 partir de 20 heures), Le BHV (\u00e0 partir de 20 heures), Les Caves de la Halle (\u00e0 partir de 12 heures).<br \/><strong>Coutarnoux.&nbsp;<\/strong>La Grotte de Champ-Retard (\u00e0 partir de 20 heures), Le Hameau des Pierreux (\u00e0 partir de 20 heures).<br \/><strong>Montr\u00e9al.<\/strong> Au Quinze (\u00e0 partir de 20 heures).<br \/><strong>Magny.&nbsp;<\/strong>L\u2019Embuscade ((\u00e0 partir de 20 heures).<br \/><strong>Joux-la-Ville.&nbsp;<\/strong>Autour d\u2019un verre ((\u00e0 partir de 20 heures).<br \/><strong>Toutry.&nbsp;<\/strong>Le Saint-Valentin (\u00e0 partir de 20 heures).<\/p>\n<\/p><\/div>\n<p><strong><em>Justin Escalier<\/em><\/strong><\/p>\n<\/p><\/div>\n<p> Cet article, qui traite du th\u00e8me \u00ab\u00a0Festival Jazz et musique en mode guinguette\u00a0\u00bb, vous est d\u00e9lib\u00e9r\u00e9ment offert par festivox.fr. La raison d\u2019\u00eatre de festivox.fr est de parler de Festival Jazz et musique en mode guinguette dans la transparence la plus g\u00e9n\u00e9rale en vous procurant la visibilit\u00e9 de tout ce qui est publi\u00e9 sur ce sujet sur le web La chronique a \u00e9t\u00e9 g\u00e9n\u00e9r\u00e9e de la mani\u00e8re la plus honn\u00eate que possible. S\u2019il advenait que vous projetez d\u2019apporter quelques notes concernant le domaine de \u00ab\u00a0Festival Jazz et musique en mode guinguette\u00a0\u00bb vous avez la possibilit\u00e9 de d&rsquo;\u00e9changer avec notre r\u00e9daction. Dans peu de temps, on mettra en ligne d&rsquo;autres informations pertinentes autour du sujet \u00ab\u00a0Festival Jazz et musique en mode guinguette\u00a0\u00bb. Ainsi, consultez r\u00e9guli\u00e8rement notre site.<\/p>\n","protected":false},"excerpt":{"rendered":"<p>La programmation de la 26\u00e8me \u00e9dition du Festivallon est d\u00e9sormais boucl\u00e9e, avec six groupes attendus \u00e0 partir du 6 juillet 2024. Vingt-six&nbsp;ans d\u00e9j\u00e0 que le Festivallon est devenu l\u2019un des rendez-vous estivaux incontournables de l\u2019Avallonnais. L\u2019\u00e9v\u00e8nement, n\u00e9 de l\u2019id\u00e9e de quatre copains passionn\u00e9s de musique et depuis organis\u00e9 par l\u2019association Java, se pr\u00e9pare pour un&hellip;<\/p>\n","protected":false},"author":1,"featured_media":0,"comment_status":"closed","ping_status":"closed","sticky":false,"template":"","format":"standard","meta":{"footnotes":""},"categories":[3],"tags":[],"class_list":["post-849","post","type-post","status-publish","format-standard","hentry","category-wiki-sur-festival-jazz-et-musique-en-mode-guinguette"],"yoast_head":"<!-- This site is optimized with the Yoast SEO plugin v27.5 - https:\/\/yoast.com\/product\/yoast-seo-wordpress\/ -->\n<title>Rock, folk et jazz \u00e0 l\u2019affiche du Festivallon - FESTIVOX<\/title>\n<meta name=\"robots\" content=\"index, follow, max-snippet:-1, max-image-preview:large, max-video-preview:-1\" \/>\n<link rel=\"canonical\" href=\"https:\/\/www.festivox.fr\/blog\/rock-folk-et-jazz-a-laffiche-du-festivallon\/\" \/>\n<meta property=\"og:locale\" content=\"fr_FR\" \/>\n<meta property=\"og:type\" content=\"article\" \/>\n<meta property=\"og:title\" content=\"Rock, folk et jazz \u00e0 l\u2019affiche du Festivallon - FESTIVOX\" \/>\n<meta property=\"og:description\" content=\"La programmation de la 26\u00e8me \u00e9dition du Festivallon est d\u00e9sormais boucl\u00e9e, avec six groupes attendus \u00e0 partir du 6 juillet 2024. Vingt-six&nbsp;ans d\u00e9j\u00e0 que le Festivallon est devenu l\u2019un des rendez-vous estivaux incontournables de l\u2019Avallonnais. L\u2019\u00e9v\u00e8nement, n\u00e9 de l\u2019id\u00e9e de quatre copains passionn\u00e9s de musique et depuis organis\u00e9 par l\u2019association Java, se pr\u00e9pare pour un&hellip;\" \/>\n<meta property=\"og:url\" content=\"https:\/\/www.festivox.fr\/blog\/rock-folk-et-jazz-a-laffiche-du-festivallon\/\" \/>\n<meta property=\"og:site_name\" content=\"FESTIVOX\" \/>\n<meta property=\"article:published_time\" content=\"2024-05-15T21:24:00+00:00\" \/>\n<meta property=\"og:image\" content=\"https:\/\/www.lyonne.fr\/static\/bloc\/ripolinage\/newsletter\/logos\/IconeGratuite.svg\" \/>\n<meta name=\"author\" content=\"Michele\" \/>\n<meta name=\"twitter:card\" content=\"summary_large_image\" \/>\n<meta name=\"twitter:label1\" content=\"\u00c9crit par\" \/>\n\t<meta name=\"twitter:data1\" content=\"Michele\" \/>\n\t<meta name=\"twitter:label2\" content=\"Dur\u00e9e de lecture estim\u00e9e\" \/>\n\t<meta name=\"twitter:data2\" content=\"4 minutes\" \/>\n<script type=\"application\/ld+json\" class=\"yoast-schema-graph\">{\"@context\":\"https:\\\/\\\/schema.org\",\"@graph\":[{\"@type\":\"Article\",\"@id\":\"https:\\\/\\\/www.festivox.fr\\\/blog\\\/rock-folk-et-jazz-a-laffiche-du-festivallon\\\/#article\",\"isPartOf\":{\"@id\":\"https:\\\/\\\/www.festivox.fr\\\/blog\\\/rock-folk-et-jazz-a-laffiche-du-festivallon\\\/\"},\"author\":{\"name\":\"Michele\",\"@id\":\"https:\\\/\\\/www.festivox.fr\\\/blog\\\/#\\\/schema\\\/person\\\/f36a8b6bc94800c3eafed4bca993ce95\"},\"headline\":\"Rock, folk et jazz \u00e0 l\u2019affiche du Festivallon\",\"datePublished\":\"2024-05-15T21:24:00+00:00\",\"mainEntityOfPage\":{\"@id\":\"https:\\\/\\\/www.festivox.fr\\\/blog\\\/rock-folk-et-jazz-a-laffiche-du-festivallon\\\/\"},\"wordCount\":763,\"publisher\":{\"@id\":\"https:\\\/\\\/www.festivox.fr\\\/blog\\\/#organization\"},\"image\":{\"@id\":\"https:\\\/\\\/www.festivox.fr\\\/blog\\\/rock-folk-et-jazz-a-laffiche-du-festivallon\\\/#primaryimage\"},\"thumbnailUrl\":\"https:\\\/\\\/www.lyonne.fr\\\/static\\\/bloc\\\/ripolinage\\\/newsletter\\\/logos\\\/IconeGratuite.svg\",\"articleSection\":[\"Wiki Sur Festival Jazz Et Musique En Mode Guinguette:\"],\"inLanguage\":\"fr-FR\"},{\"@type\":\"WebPage\",\"@id\":\"https:\\\/\\\/www.festivox.fr\\\/blog\\\/rock-folk-et-jazz-a-laffiche-du-festivallon\\\/\",\"url\":\"https:\\\/\\\/www.festivox.fr\\\/blog\\\/rock-folk-et-jazz-a-laffiche-du-festivallon\\\/\",\"name\":\"Rock, folk et jazz \u00e0 l\u2019affiche du Festivallon - FESTIVOX\",\"isPartOf\":{\"@id\":\"https:\\\/\\\/www.festivox.fr\\\/blog\\\/#website\"},\"primaryImageOfPage\":{\"@id\":\"https:\\\/\\\/www.festivox.fr\\\/blog\\\/rock-folk-et-jazz-a-laffiche-du-festivallon\\\/#primaryimage\"},\"image\":{\"@id\":\"https:\\\/\\\/www.festivox.fr\\\/blog\\\/rock-folk-et-jazz-a-laffiche-du-festivallon\\\/#primaryimage\"},\"thumbnailUrl\":\"https:\\\/\\\/www.lyonne.fr\\\/static\\\/bloc\\\/ripolinage\\\/newsletter\\\/logos\\\/IconeGratuite.svg\",\"datePublished\":\"2024-05-15T21:24:00+00:00\",\"breadcrumb\":{\"@id\":\"https:\\\/\\\/www.festivox.fr\\\/blog\\\/rock-folk-et-jazz-a-laffiche-du-festivallon\\\/#breadcrumb\"},\"inLanguage\":\"fr-FR\",\"potentialAction\":[{\"@type\":\"ReadAction\",\"target\":[\"https:\\\/\\\/www.festivox.fr\\\/blog\\\/rock-folk-et-jazz-a-laffiche-du-festivallon\\\/\"]}]},{\"@type\":\"ImageObject\",\"inLanguage\":\"fr-FR\",\"@id\":\"https:\\\/\\\/www.festivox.fr\\\/blog\\\/rock-folk-et-jazz-a-laffiche-du-festivallon\\\/#primaryimage\",\"url\":\"https:\\\/\\\/www.lyonne.fr\\\/static\\\/bloc\\\/ripolinage\\\/newsletter\\\/logos\\\/IconeGratuite.svg\",\"contentUrl\":\"https:\\\/\\\/www.lyonne.fr\\\/static\\\/bloc\\\/ripolinage\\\/newsletter\\\/logos\\\/IconeGratuite.svg\"},{\"@type\":\"BreadcrumbList\",\"@id\":\"https:\\\/\\\/www.festivox.fr\\\/blog\\\/rock-folk-et-jazz-a-laffiche-du-festivallon\\\/#breadcrumb\",\"itemListElement\":[{\"@type\":\"ListItem\",\"position\":1,\"name\":\"Accueil\",\"item\":\"https:\\\/\\\/www.festivox.fr\\\/blog\\\/\"},{\"@type\":\"ListItem\",\"position\":2,\"name\":\"Rock, folk et jazz \u00e0 l\u2019affiche du Festivallon\"}]},{\"@type\":\"WebSite\",\"@id\":\"https:\\\/\\\/www.festivox.fr\\\/blog\\\/#website\",\"url\":\"https:\\\/\\\/www.festivox.fr\\\/blog\\\/\",\"name\":\"FESTIVOX\",\"description\":\"Festival en mode guinguette.\",\"publisher\":{\"@id\":\"https:\\\/\\\/www.festivox.fr\\\/blog\\\/#organization\"},\"potentialAction\":[{\"@type\":\"SearchAction\",\"target\":{\"@type\":\"EntryPoint\",\"urlTemplate\":\"https:\\\/\\\/www.festivox.fr\\\/blog\\\/?s={search_term_string}\"},\"query-input\":{\"@type\":\"PropertyValueSpecification\",\"valueRequired\":true,\"valueName\":\"search_term_string\"}}],\"inLanguage\":\"fr-FR\"},{\"@type\":\"Organization\",\"@id\":\"https:\\\/\\\/www.festivox.fr\\\/blog\\\/#organization\",\"name\":\"festivox\",\"url\":\"https:\\\/\\\/www.festivox.fr\\\/blog\\\/\",\"logo\":{\"@type\":\"ImageObject\",\"inLanguage\":\"fr-FR\",\"@id\":\"https:\\\/\\\/www.festivox.fr\\\/blog\\\/#\\\/schema\\\/logo\\\/image\\\/\",\"url\":\"https:\\\/\\\/www.festivox.fr\\\/blog\\\/wp-content\\\/uploads\\\/2023\\\/06\\\/logo-2.png\",\"contentUrl\":\"https:\\\/\\\/www.festivox.fr\\\/blog\\\/wp-content\\\/uploads\\\/2023\\\/06\\\/logo-2.png\",\"width\":480,\"height\":160,\"caption\":\"festivox\"},\"image\":{\"@id\":\"https:\\\/\\\/www.festivox.fr\\\/blog\\\/#\\\/schema\\\/logo\\\/image\\\/\"}},{\"@type\":\"Person\",\"@id\":\"https:\\\/\\\/www.festivox.fr\\\/blog\\\/#\\\/schema\\\/person\\\/f36a8b6bc94800c3eafed4bca993ce95\",\"name\":\"Michele\",\"image\":{\"@type\":\"ImageObject\",\"inLanguage\":\"fr-FR\",\"@id\":\"https:\\\/\\\/secure.gravatar.com\\\/avatar\\\/b062046536b5d47ec9075956ec349ef95ed06b0f910c578f74abb318668b702e?s=96&d=mm&r=g\",\"url\":\"https:\\\/\\\/secure.gravatar.com\\\/avatar\\\/b062046536b5d47ec9075956ec349ef95ed06b0f910c578f74abb318668b702e?s=96&d=mm&r=g\",\"contentUrl\":\"https:\\\/\\\/secure.gravatar.com\\\/avatar\\\/b062046536b5d47ec9075956ec349ef95ed06b0f910c578f74abb318668b702e?s=96&d=mm&r=g\",\"caption\":\"Michele\"},\"sameAs\":[\"https:\\\/\\\/www.festivox.fr\\\/blog\"],\"url\":\"https:\\\/\\\/www.festivox.fr\\\/blog\\\/author\\\/voxadmin\\\/\"}]}<\/script>\n<!-- \/ Yoast SEO plugin. -->","yoast_head_json":{"title":"Rock, folk et jazz \u00e0 l\u2019affiche du Festivallon - FESTIVOX","robots":{"index":"index","follow":"follow","max-snippet":"max-snippet:-1","max-image-preview":"max-image-preview:large","max-video-preview":"max-video-preview:-1"},"canonical":"https:\/\/www.festivox.fr\/blog\/rock-folk-et-jazz-a-laffiche-du-festivallon\/","og_locale":"fr_FR","og_type":"article","og_title":"Rock, folk et jazz \u00e0 l\u2019affiche du Festivallon - FESTIVOX","og_description":"La programmation de la 26\u00e8me \u00e9dition du Festivallon est d\u00e9sormais boucl\u00e9e, avec six groupes attendus \u00e0 partir du 6 juillet 2024. Vingt-six&nbsp;ans d\u00e9j\u00e0 que le Festivallon est devenu l\u2019un des rendez-vous estivaux incontournables de l\u2019Avallonnais. L\u2019\u00e9v\u00e8nement, n\u00e9 de l\u2019id\u00e9e de quatre copains passionn\u00e9s de musique et depuis organis\u00e9 par l\u2019association Java, se pr\u00e9pare pour un&hellip;","og_url":"https:\/\/www.festivox.fr\/blog\/rock-folk-et-jazz-a-laffiche-du-festivallon\/","og_site_name":"FESTIVOX","article_published_time":"2024-05-15T21:24:00+00:00","og_image":[{"url":"https:\/\/www.lyonne.fr\/static\/bloc\/ripolinage\/newsletter\/logos\/IconeGratuite.svg","type":"","width":"","height":""}],"author":"Michele","twitter_card":"summary_large_image","twitter_misc":{"\u00c9crit par":"Michele","Dur\u00e9e de lecture estim\u00e9e":"4 minutes"},"schema":{"@context":"https:\/\/schema.org","@graph":[{"@type":"Article","@id":"https:\/\/www.festivox.fr\/blog\/rock-folk-et-jazz-a-laffiche-du-festivallon\/#article","isPartOf":{"@id":"https:\/\/www.festivox.fr\/blog\/rock-folk-et-jazz-a-laffiche-du-festivallon\/"},"author":{"name":"Michele","@id":"https:\/\/www.festivox.fr\/blog\/#\/schema\/person\/f36a8b6bc94800c3eafed4bca993ce95"},"headline":"Rock, folk et jazz \u00e0 l\u2019affiche du Festivallon","datePublished":"2024-05-15T21:24:00+00:00","mainEntityOfPage":{"@id":"https:\/\/www.festivox.fr\/blog\/rock-folk-et-jazz-a-laffiche-du-festivallon\/"},"wordCount":763,"publisher":{"@id":"https:\/\/www.festivox.fr\/blog\/#organization"},"image":{"@id":"https:\/\/www.festivox.fr\/blog\/rock-folk-et-jazz-a-laffiche-du-festivallon\/#primaryimage"},"thumbnailUrl":"https:\/\/www.lyonne.fr\/static\/bloc\/ripolinage\/newsletter\/logos\/IconeGratuite.svg","articleSection":["Wiki Sur Festival Jazz Et Musique En Mode Guinguette:"],"inLanguage":"fr-FR"},{"@type":"WebPage","@id":"https:\/\/www.festivox.fr\/blog\/rock-folk-et-jazz-a-laffiche-du-festivallon\/","url":"https:\/\/www.festivox.fr\/blog\/rock-folk-et-jazz-a-laffiche-du-festivallon\/","name":"Rock, folk et jazz \u00e0 l\u2019affiche du Festivallon - FESTIVOX","isPartOf":{"@id":"https:\/\/www.festivox.fr\/blog\/#website"},"primaryImageOfPage":{"@id":"https:\/\/www.festivox.fr\/blog\/rock-folk-et-jazz-a-laffiche-du-festivallon\/#primaryimage"},"image":{"@id":"https:\/\/www.festivox.fr\/blog\/rock-folk-et-jazz-a-laffiche-du-festivallon\/#primaryimage"},"thumbnailUrl":"https:\/\/www.lyonne.fr\/static\/bloc\/ripolinage\/newsletter\/logos\/IconeGratuite.svg","datePublished":"2024-05-15T21:24:00+00:00","breadcrumb":{"@id":"https:\/\/www.festivox.fr\/blog\/rock-folk-et-jazz-a-laffiche-du-festivallon\/#breadcrumb"},"inLanguage":"fr-FR","potentialAction":[{"@type":"ReadAction","target":["https:\/\/www.festivox.fr\/blog\/rock-folk-et-jazz-a-laffiche-du-festivallon\/"]}]},{"@type":"ImageObject","inLanguage":"fr-FR","@id":"https:\/\/www.festivox.fr\/blog\/rock-folk-et-jazz-a-laffiche-du-festivallon\/#primaryimage","url":"https:\/\/www.lyonne.fr\/static\/bloc\/ripolinage\/newsletter\/logos\/IconeGratuite.svg","contentUrl":"https:\/\/www.lyonne.fr\/static\/bloc\/ripolinage\/newsletter\/logos\/IconeGratuite.svg"},{"@type":"BreadcrumbList","@id":"https:\/\/www.festivox.fr\/blog\/rock-folk-et-jazz-a-laffiche-du-festivallon\/#breadcrumb","itemListElement":[{"@type":"ListItem","position":1,"name":"Accueil","item":"https:\/\/www.festivox.fr\/blog\/"},{"@type":"ListItem","position":2,"name":"Rock, folk et jazz \u00e0 l\u2019affiche du Festivallon"}]},{"@type":"WebSite","@id":"https:\/\/www.festivox.fr\/blog\/#website","url":"https:\/\/www.festivox.fr\/blog\/","name":"FESTIVOX","description":"Festival en mode guinguette.","publisher":{"@id":"https:\/\/www.festivox.fr\/blog\/#organization"},"potentialAction":[{"@type":"SearchAction","target":{"@type":"EntryPoint","urlTemplate":"https:\/\/www.festivox.fr\/blog\/?s={search_term_string}"},"query-input":{"@type":"PropertyValueSpecification","valueRequired":true,"valueName":"search_term_string"}}],"inLanguage":"fr-FR"},{"@type":"Organization","@id":"https:\/\/www.festivox.fr\/blog\/#organization","name":"festivox","url":"https:\/\/www.festivox.fr\/blog\/","logo":{"@type":"ImageObject","inLanguage":"fr-FR","@id":"https:\/\/www.festivox.fr\/blog\/#\/schema\/logo\/image\/","url":"https:\/\/www.festivox.fr\/blog\/wp-content\/uploads\/2023\/06\/logo-2.png","contentUrl":"https:\/\/www.festivox.fr\/blog\/wp-content\/uploads\/2023\/06\/logo-2.png","width":480,"height":160,"caption":"festivox"},"image":{"@id":"https:\/\/www.festivox.fr\/blog\/#\/schema\/logo\/image\/"}},{"@type":"Person","@id":"https:\/\/www.festivox.fr\/blog\/#\/schema\/person\/f36a8b6bc94800c3eafed4bca993ce95","name":"Michele","image":{"@type":"ImageObject","inLanguage":"fr-FR","@id":"https:\/\/secure.gravatar.com\/avatar\/b062046536b5d47ec9075956ec349ef95ed06b0f910c578f74abb318668b702e?s=96&d=mm&r=g","url":"https:\/\/secure.gravatar.com\/avatar\/b062046536b5d47ec9075956ec349ef95ed06b0f910c578f74abb318668b702e?s=96&d=mm&r=g","contentUrl":"https:\/\/secure.gravatar.com\/avatar\/b062046536b5d47ec9075956ec349ef95ed06b0f910c578f74abb318668b702e?s=96&d=mm&r=g","caption":"Michele"},"sameAs":["https:\/\/www.festivox.fr\/blog"],"url":"https:\/\/www.festivox.fr\/blog\/author\/voxadmin\/"}]}},"_links":{"self":[{"href":"https:\/\/www.festivox.fr\/blog\/wp-json\/wp\/v2\/posts\/849","targetHints":{"allow":["GET"]}}],"collection":[{"href":"https:\/\/www.festivox.fr\/blog\/wp-json\/wp\/v2\/posts"}],"about":[{"href":"https:\/\/www.festivox.fr\/blog\/wp-json\/wp\/v2\/types\/post"}],"author":[{"embeddable":true,"href":"https:\/\/www.festivox.fr\/blog\/wp-json\/wp\/v2\/users\/1"}],"replies":[{"embeddable":true,"href":"https:\/\/www.festivox.fr\/blog\/wp-json\/wp\/v2\/comments?post=849"}],"version-history":[{"count":0,"href":"https:\/\/www.festivox.fr\/blog\/wp-json\/wp\/v2\/posts\/849\/revisions"}],"wp:attachment":[{"href":"https:\/\/www.festivox.fr\/blog\/wp-json\/wp\/v2\/media?parent=849"}],"wp:term":[{"taxonomy":"category","embeddable":true,"href":"https:\/\/www.festivox.fr\/blog\/wp-json\/wp\/v2\/categories?post=849"},{"taxonomy":"post_tag","embeddable":true,"href":"https:\/\/www.festivox.fr\/blog\/wp-json\/wp\/v2\/tags?post=849"}],"curies":[{"name":"wp","href":"https:\/\/api.w.org\/{rel}","templated":true}]}}