{"id":825,"date":"2024-04-28T00:52:00","date_gmt":"2024-04-27T22:52:00","guid":{"rendered":"https:\/\/www.festivox.fr\/blog\/des-mardi-mines-de-jazz-va-ambiancer-decazeville\/"},"modified":"2024-04-28T00:52:00","modified_gmt":"2024-04-27T22:52:00","slug":"des-mardi-mines-de-jazz-va-ambiancer-decazeville","status":"publish","type":"post","link":"https:\/\/www.festivox.fr\/blog\/des-mardi-mines-de-jazz-va-ambiancer-decazeville\/","title":{"rendered":"D\u00e8s mardi, Mines de jazz va ambiancer Decazeville"},"content":{"rendered":"\n<div><img decoding=\"async\" src=\"https:\/\/www.festivox.fr\/blog\/wp-content\/uploads\/2024\/05\/des-mardi-mines-de-jazz-va-ambiancer-decazeville.jpg\" class=\"ff-og-image-inserted\"><\/div>\n<p> <span class=\"article-full__chapo-label hide-on-small-only\">l&rsquo;essentiel<\/span> Entre concerts, afters, exposition de photos, cin\u00e9ma et balade musicale, le festival de jazz made in Decaze va d\u00e9rouler ses partitions du 30 avril au 4 mai. <\/p>\n<div> <!-- Pub DFP Position [outstream] --> <\/p>\n<p>C\u2019est un festival <i>\u00ab\u00a0fait maison\u00a0\u00bb<\/i>, comme se plaisent \u00e0 le souligner ses organisateurs, qui se d\u00e9roule chaque ann\u00e9e au printemps dans une ambiance des plus conviviales et des plus chaleureuses. Voil\u00e0 donc plus de vingt ans que le festival Mines de jazz ambiance Decaze, avec de grandes et belles pointures musicales. Cette XXIe \u00e9dition, dont le clap d\u2019envoi a \u00e9t\u00e9 donn\u00e9 mercredi au cin\u00e9ma <i>La Strada<\/i>, avec le vernissage de l\u2019expo photos de <i>Focale 12,<\/i> <i>L\u2019envers du d\u00e9cor, <\/i>et la projection de deux films autour de l\u2019univers du jazz, d\u00e9roulera ses partitions du 30 avril au 4 mai.<\/p>\n<h2 class=\"txt-int\">Soir\u00e9e de partage, balade jazz<\/h2>\n<p>\u00c0 l\u2019occasion de la journ\u00e9e internationale du jazz, la soir\u00e9e d\u2019ouverture du mardi 30 avril r\u00e9unira sur la sc\u00e8ne de l\u2019espace Yves-Roques trois groupes aux styles musicaux diff\u00e9rents pour une soir\u00e9e de partage, de m\u00e9tissage et d\u2019\u00e9coute autour du jazz, avec le KB Trio de K\u00e9vin Bessoles, Atomic Ben et ses ennuis, Marc Perez et ses solutions. Ou quand le rock, le latino et le swing se retrouvent pour et par le jazz. L\u2019historien Jean-Paul Desprat sera \u00e9galement de la soir\u00e9e pour raconter une histoire du jazz dans le Bassin.<\/p>\n<p><!-- Pub DFP Position [article] --> <\/p>\n<p>Mercredi 1er mai, le festival se transportera dans le site de la D\u00e9couverte pour une jazz balade avec un parcours surprise et des pauses musicales en compagnie de la chorale des <i>Poils \u00e0 gratter<\/i> et des musiciens de Mines de jazz. Le d\u00e9part aura lieu de l\u2019Aspibd, \u00e0 15 heures. Apr\u00e8s la balade, vers 18 heures, les participants se retrouveront au mus\u00e9e de l\u2019Aspibd autour d\u2019une petite restauration (sur r\u00e9servation au d\u00e9part de la balade) et d\u2019une d\u00e9gustation de vins du vigneron cransacois Olivier Basset (<i>Mine de vin<\/i>), de limonades et de bi\u00e8res de la brasserie decazevilloise artisanale et bio des <i>Mousses du Rouergue<\/i>.<\/p>\n<p>La soir\u00e9e se poursuivra au cin\u00e9ma La Strada avec la projection du film sur Amy Whinehouse <i>Back to back<\/i><b>.<\/b><\/p>\n<h2 class=\"txt-int\">Des concerts et des apr\u00e8s<\/h2>\n<p>Programm\u00e9e par Decazeville Communaut\u00e9, en partenariat avec Mines de jazz, la soir\u00e9e du jeudi avec le Toulousain Manu Galure, r\u00e9unira sur sc\u00e8ne deux pianos, l\u2019un \u00e0 queue, l\u2019autre droit, et deux pianistes dont l\u2019un chante. Deux pianistes bricoleurs, faut-il pr\u00e9ciser, pour un moment \u00e0 la fois surprenant et r\u00e9jouissant.<\/p>\n<p>Artiste de renomm\u00e9e internationale, n\u00e9 \u00e0 Plimouth, laur\u00e9at du prix Django-Reinhardt en 2019, Hugo Lippi a commenc\u00e9 la guitare \u00e0 l\u2019\u00e2ge de 10 ans au Havre, avant de se lancer professionnellement \u00e0 17 ans. Il a depuis accompagn\u00e9 les plus grands musiciens de jazz et jou\u00e9 sur les sc\u00e8nes les plus prestigieuses. Avec son quartet, en compagnie notamment du pianiste Fred Nardin, autre prix Django-Reinhardt, il animera le concert du vendredi. Pour la cl\u00f4ture du festival, le public decazevillois retrouvera, le samedi, le sextet de musiciens chevronn\u00e9s de la chanteuse, \u00e0 la voix suave, Tania Ivanov, pour un bel hommage musical \u00e0 la reine du cool, l\u2019Am\u00e9ricaine Peggy Lee.<\/p>\n<p>Mines de jazz, c\u2019est aussi et bien s\u00fbr, les afters d\u2019apr\u00e8s-concert au club de jazz \u00e9ph\u00e9m\u00e8re du mus\u00e9e de l\u2019Aspibd, pour terminer la soir\u00e9e et partager un bon moment en compagnie des musiciens du festival et de l\u2019\u00e9cole Hello Musique, dans les anciens b\u00e2timents industriels de la zone du Centre. Un d\u00e9cor unique pour l\u2019ambiance unique de Mines de jazz.<\/p>\n<p>Le vendredi et le samedi, tous ceux qui le souhaitent pourront prendre part aux s\u00e9ances photos <i>\u00ab\u00a0ambiance afters\u00a0\u00bb<\/i> propos\u00e9es par Focale 12. \u00e7a va jazzer \u00e0 Decaze\u2026<\/p>\n<p>Renseignements et r\u00e9servations \u00e0 l\u2019office de tourisme de Decazeville (0 565 431 836) ou sur internet : <a href=\"http:\/\/www.minesdejazz.fr\" target=\"_blank\" rel=\"nofollow noopener\">www.minesdejazz.fr<\/a>. <span class=\"txt-cit\">Tarifs des concerts : de 10 \u00e0 20 \u20ac (sur r\u00e9servation), 25 \u20ac (plein tarif).<\/span><\/p>\n<\/p><\/div>\n<p> Cet article, qui traite du th\u00e8me \u00ab\u00a0Festival Jazz et musique en mode guinguette\u00a0\u00bb, vous est d\u00e9lib\u00e9r\u00e9ment offert par festivox.fr. La raison d\u2019\u00eatre de festivox.fr est de parler de Festival Jazz et musique en mode guinguette dans la transparence la plus g\u00e9n\u00e9rale en vous procurant la visibilit\u00e9 de tout ce qui est publi\u00e9 sur ce sujet sur le web La chronique a \u00e9t\u00e9 g\u00e9n\u00e9r\u00e9e de la mani\u00e8re la plus honn\u00eate que possible. S\u2019il advenait que vous projetez d\u2019apporter quelques notes concernant le domaine de \u00ab\u00a0Festival Jazz et musique en mode guinguette\u00a0\u00bb vous avez la possibilit\u00e9 de d&rsquo;\u00e9changer avec notre r\u00e9daction. Dans peu de temps, on mettra en ligne d&rsquo;autres informations pertinentes autour du sujet \u00ab\u00a0Festival Jazz et musique en mode guinguette\u00a0\u00bb. Ainsi, consultez r\u00e9guli\u00e8rement notre site.<\/p>\n","protected":false},"excerpt":{"rendered":"<p>l&rsquo;essentiel Entre concerts, afters, exposition de photos, cin\u00e9ma et balade musicale, le festival de jazz made in Decaze va d\u00e9rouler ses partitions du 30 avril au 4 mai. C\u2019est un festival \u00ab\u00a0fait maison\u00a0\u00bb, comme se plaisent \u00e0 le souligner ses organisateurs, qui se d\u00e9roule chaque ann\u00e9e au printemps dans une ambiance des plus conviviales et&hellip;<\/p>\n","protected":false},"author":1,"featured_media":826,"comment_status":"closed","ping_status":"closed","sticky":false,"template":"","format":"standard","meta":{"footnotes":""},"categories":[3],"tags":[],"class_list":["post-825","post","type-post","status-publish","format-standard","has-post-thumbnail","hentry","category-wiki-sur-festival-jazz-et-musique-en-mode-guinguette"],"yoast_head":"<!-- This site is optimized with the Yoast SEO plugin v27.5 - https:\/\/yoast.com\/product\/yoast-seo-wordpress\/ -->\n<title>D\u00e8s mardi, Mines de jazz va ambiancer Decazeville - FESTIVOX<\/title>\n<meta name=\"robots\" content=\"index, follow, max-snippet:-1, max-image-preview:large, max-video-preview:-1\" \/>\n<link rel=\"canonical\" href=\"https:\/\/www.festivox.fr\/blog\/des-mardi-mines-de-jazz-va-ambiancer-decazeville\/\" \/>\n<meta property=\"og:locale\" content=\"fr_FR\" \/>\n<meta property=\"og:type\" content=\"article\" \/>\n<meta property=\"og:title\" content=\"D\u00e8s mardi, Mines de jazz va ambiancer Decazeville - FESTIVOX\" \/>\n<meta property=\"og:description\" content=\"l&rsquo;essentiel Entre concerts, afters, exposition de photos, cin\u00e9ma et balade musicale, le festival de jazz made in Decaze va d\u00e9rouler ses partitions du 30 avril au 4 mai. C\u2019est un festival \u00ab\u00a0fait maison\u00a0\u00bb, comme se plaisent \u00e0 le souligner ses organisateurs, qui se d\u00e9roule chaque ann\u00e9e au printemps dans une ambiance des plus conviviales et&hellip;\" \/>\n<meta property=\"og:url\" content=\"https:\/\/www.festivox.fr\/blog\/des-mardi-mines-de-jazz-va-ambiancer-decazeville\/\" \/>\n<meta property=\"og:site_name\" content=\"FESTIVOX\" \/>\n<meta property=\"article:published_time\" content=\"2024-04-27T22:52:00+00:00\" \/>\n<meta property=\"og:image\" content=\"https:\/\/www.festivox.fr\/blog\/wp-content\/uploads\/2024\/05\/des-mardi-mines-de-jazz-va-ambiancer-decazeville.jpg\" \/>\n<meta name=\"author\" content=\"Michele\" \/>\n<meta name=\"twitter:card\" content=\"summary_large_image\" \/>\n<meta name=\"twitter:label1\" content=\"\u00c9crit par\" \/>\n\t<meta name=\"twitter:data1\" content=\"Michele\" \/>\n\t<meta name=\"twitter:label2\" content=\"Dur\u00e9e de lecture estim\u00e9e\" \/>\n\t<meta name=\"twitter:data2\" content=\"4 minutes\" \/>\n<script type=\"application\/ld+json\" class=\"yoast-schema-graph\">{\"@context\":\"https:\\\/\\\/schema.org\",\"@graph\":[{\"@type\":\"Article\",\"@id\":\"https:\\\/\\\/www.festivox.fr\\\/blog\\\/des-mardi-mines-de-jazz-va-ambiancer-decazeville\\\/#article\",\"isPartOf\":{\"@id\":\"https:\\\/\\\/www.festivox.fr\\\/blog\\\/des-mardi-mines-de-jazz-va-ambiancer-decazeville\\\/\"},\"author\":{\"name\":\"Michele\",\"@id\":\"https:\\\/\\\/www.festivox.fr\\\/blog\\\/#\\\/schema\\\/person\\\/f36a8b6bc94800c3eafed4bca993ce95\"},\"headline\":\"D\u00e8s mardi, Mines de jazz va ambiancer Decazeville\",\"datePublished\":\"2024-04-27T22:52:00+00:00\",\"mainEntityOfPage\":{\"@id\":\"https:\\\/\\\/www.festivox.fr\\\/blog\\\/des-mardi-mines-de-jazz-va-ambiancer-decazeville\\\/\"},\"wordCount\":823,\"publisher\":{\"@id\":\"https:\\\/\\\/www.festivox.fr\\\/blog\\\/#organization\"},\"image\":{\"@id\":\"https:\\\/\\\/www.festivox.fr\\\/blog\\\/des-mardi-mines-de-jazz-va-ambiancer-decazeville\\\/#primaryimage\"},\"thumbnailUrl\":\"https:\\\/\\\/www.festivox.fr\\\/blog\\\/wp-content\\\/uploads\\\/2024\\\/05\\\/des-mardi-mines-de-jazz-va-ambiancer-decazeville.jpg\",\"articleSection\":[\"Wiki Sur Festival Jazz Et Musique En Mode Guinguette:\"],\"inLanguage\":\"fr-FR\"},{\"@type\":\"WebPage\",\"@id\":\"https:\\\/\\\/www.festivox.fr\\\/blog\\\/des-mardi-mines-de-jazz-va-ambiancer-decazeville\\\/\",\"url\":\"https:\\\/\\\/www.festivox.fr\\\/blog\\\/des-mardi-mines-de-jazz-va-ambiancer-decazeville\\\/\",\"name\":\"D\u00e8s mardi, Mines de jazz va ambiancer Decazeville - FESTIVOX\",\"isPartOf\":{\"@id\":\"https:\\\/\\\/www.festivox.fr\\\/blog\\\/#website\"},\"primaryImageOfPage\":{\"@id\":\"https:\\\/\\\/www.festivox.fr\\\/blog\\\/des-mardi-mines-de-jazz-va-ambiancer-decazeville\\\/#primaryimage\"},\"image\":{\"@id\":\"https:\\\/\\\/www.festivox.fr\\\/blog\\\/des-mardi-mines-de-jazz-va-ambiancer-decazeville\\\/#primaryimage\"},\"thumbnailUrl\":\"https:\\\/\\\/www.festivox.fr\\\/blog\\\/wp-content\\\/uploads\\\/2024\\\/05\\\/des-mardi-mines-de-jazz-va-ambiancer-decazeville.jpg\",\"datePublished\":\"2024-04-27T22:52:00+00:00\",\"breadcrumb\":{\"@id\":\"https:\\\/\\\/www.festivox.fr\\\/blog\\\/des-mardi-mines-de-jazz-va-ambiancer-decazeville\\\/#breadcrumb\"},\"inLanguage\":\"fr-FR\",\"potentialAction\":[{\"@type\":\"ReadAction\",\"target\":[\"https:\\\/\\\/www.festivox.fr\\\/blog\\\/des-mardi-mines-de-jazz-va-ambiancer-decazeville\\\/\"]}]},{\"@type\":\"ImageObject\",\"inLanguage\":\"fr-FR\",\"@id\":\"https:\\\/\\\/www.festivox.fr\\\/blog\\\/des-mardi-mines-de-jazz-va-ambiancer-decazeville\\\/#primaryimage\",\"url\":\"https:\\\/\\\/www.festivox.fr\\\/blog\\\/wp-content\\\/uploads\\\/2024\\\/05\\\/des-mardi-mines-de-jazz-va-ambiancer-decazeville.jpg\",\"contentUrl\":\"https:\\\/\\\/www.festivox.fr\\\/blog\\\/wp-content\\\/uploads\\\/2024\\\/05\\\/des-mardi-mines-de-jazz-va-ambiancer-decazeville.jpg\",\"width\":885,\"height\":500},{\"@type\":\"BreadcrumbList\",\"@id\":\"https:\\\/\\\/www.festivox.fr\\\/blog\\\/des-mardi-mines-de-jazz-va-ambiancer-decazeville\\\/#breadcrumb\",\"itemListElement\":[{\"@type\":\"ListItem\",\"position\":1,\"name\":\"Accueil\",\"item\":\"https:\\\/\\\/www.festivox.fr\\\/blog\\\/\"},{\"@type\":\"ListItem\",\"position\":2,\"name\":\"D\u00e8s mardi, Mines de jazz va ambiancer Decazeville\"}]},{\"@type\":\"WebSite\",\"@id\":\"https:\\\/\\\/www.festivox.fr\\\/blog\\\/#website\",\"url\":\"https:\\\/\\\/www.festivox.fr\\\/blog\\\/\",\"name\":\"FESTIVOX\",\"description\":\"Festival en mode guinguette.\",\"publisher\":{\"@id\":\"https:\\\/\\\/www.festivox.fr\\\/blog\\\/#organization\"},\"potentialAction\":[{\"@type\":\"SearchAction\",\"target\":{\"@type\":\"EntryPoint\",\"urlTemplate\":\"https:\\\/\\\/www.festivox.fr\\\/blog\\\/?s={search_term_string}\"},\"query-input\":{\"@type\":\"PropertyValueSpecification\",\"valueRequired\":true,\"valueName\":\"search_term_string\"}}],\"inLanguage\":\"fr-FR\"},{\"@type\":\"Organization\",\"@id\":\"https:\\\/\\\/www.festivox.fr\\\/blog\\\/#organization\",\"name\":\"festivox\",\"url\":\"https:\\\/\\\/www.festivox.fr\\\/blog\\\/\",\"logo\":{\"@type\":\"ImageObject\",\"inLanguage\":\"fr-FR\",\"@id\":\"https:\\\/\\\/www.festivox.fr\\\/blog\\\/#\\\/schema\\\/logo\\\/image\\\/\",\"url\":\"https:\\\/\\\/www.festivox.fr\\\/blog\\\/wp-content\\\/uploads\\\/2023\\\/06\\\/logo-2.png\",\"contentUrl\":\"https:\\\/\\\/www.festivox.fr\\\/blog\\\/wp-content\\\/uploads\\\/2023\\\/06\\\/logo-2.png\",\"width\":480,\"height\":160,\"caption\":\"festivox\"},\"image\":{\"@id\":\"https:\\\/\\\/www.festivox.fr\\\/blog\\\/#\\\/schema\\\/logo\\\/image\\\/\"}},{\"@type\":\"Person\",\"@id\":\"https:\\\/\\\/www.festivox.fr\\\/blog\\\/#\\\/schema\\\/person\\\/f36a8b6bc94800c3eafed4bca993ce95\",\"name\":\"Michele\",\"image\":{\"@type\":\"ImageObject\",\"inLanguage\":\"fr-FR\",\"@id\":\"https:\\\/\\\/secure.gravatar.com\\\/avatar\\\/b062046536b5d47ec9075956ec349ef95ed06b0f910c578f74abb318668b702e?s=96&d=mm&r=g\",\"url\":\"https:\\\/\\\/secure.gravatar.com\\\/avatar\\\/b062046536b5d47ec9075956ec349ef95ed06b0f910c578f74abb318668b702e?s=96&d=mm&r=g\",\"contentUrl\":\"https:\\\/\\\/secure.gravatar.com\\\/avatar\\\/b062046536b5d47ec9075956ec349ef95ed06b0f910c578f74abb318668b702e?s=96&d=mm&r=g\",\"caption\":\"Michele\"},\"sameAs\":[\"https:\\\/\\\/www.festivox.fr\\\/blog\"],\"url\":\"https:\\\/\\\/www.festivox.fr\\\/blog\\\/author\\\/voxadmin\\\/\"}]}<\/script>\n<!-- \/ Yoast SEO plugin. -->","yoast_head_json":{"title":"D\u00e8s mardi, Mines de jazz va ambiancer Decazeville - FESTIVOX","robots":{"index":"index","follow":"follow","max-snippet":"max-snippet:-1","max-image-preview":"max-image-preview:large","max-video-preview":"max-video-preview:-1"},"canonical":"https:\/\/www.festivox.fr\/blog\/des-mardi-mines-de-jazz-va-ambiancer-decazeville\/","og_locale":"fr_FR","og_type":"article","og_title":"D\u00e8s mardi, Mines de jazz va ambiancer Decazeville - FESTIVOX","og_description":"l&rsquo;essentiel Entre concerts, afters, exposition de photos, cin\u00e9ma et balade musicale, le festival de jazz made in Decaze va d\u00e9rouler ses partitions du 30 avril au 4 mai. C\u2019est un festival \u00ab\u00a0fait maison\u00a0\u00bb, comme se plaisent \u00e0 le souligner ses organisateurs, qui se d\u00e9roule chaque ann\u00e9e au printemps dans une ambiance des plus conviviales et&hellip;","og_url":"https:\/\/www.festivox.fr\/blog\/des-mardi-mines-de-jazz-va-ambiancer-decazeville\/","og_site_name":"FESTIVOX","article_published_time":"2024-04-27T22:52:00+00:00","og_image":[{"url":"https:\/\/www.festivox.fr\/blog\/wp-content\/uploads\/2024\/05\/des-mardi-mines-de-jazz-va-ambiancer-decazeville.jpg","type":"","width":"","height":""}],"author":"Michele","twitter_card":"summary_large_image","twitter_misc":{"\u00c9crit par":"Michele","Dur\u00e9e de lecture estim\u00e9e":"4 minutes"},"schema":{"@context":"https:\/\/schema.org","@graph":[{"@type":"Article","@id":"https:\/\/www.festivox.fr\/blog\/des-mardi-mines-de-jazz-va-ambiancer-decazeville\/#article","isPartOf":{"@id":"https:\/\/www.festivox.fr\/blog\/des-mardi-mines-de-jazz-va-ambiancer-decazeville\/"},"author":{"name":"Michele","@id":"https:\/\/www.festivox.fr\/blog\/#\/schema\/person\/f36a8b6bc94800c3eafed4bca993ce95"},"headline":"D\u00e8s mardi, Mines de jazz va ambiancer Decazeville","datePublished":"2024-04-27T22:52:00+00:00","mainEntityOfPage":{"@id":"https:\/\/www.festivox.fr\/blog\/des-mardi-mines-de-jazz-va-ambiancer-decazeville\/"},"wordCount":823,"publisher":{"@id":"https:\/\/www.festivox.fr\/blog\/#organization"},"image":{"@id":"https:\/\/www.festivox.fr\/blog\/des-mardi-mines-de-jazz-va-ambiancer-decazeville\/#primaryimage"},"thumbnailUrl":"https:\/\/www.festivox.fr\/blog\/wp-content\/uploads\/2024\/05\/des-mardi-mines-de-jazz-va-ambiancer-decazeville.jpg","articleSection":["Wiki Sur Festival Jazz Et Musique En Mode Guinguette:"],"inLanguage":"fr-FR"},{"@type":"WebPage","@id":"https:\/\/www.festivox.fr\/blog\/des-mardi-mines-de-jazz-va-ambiancer-decazeville\/","url":"https:\/\/www.festivox.fr\/blog\/des-mardi-mines-de-jazz-va-ambiancer-decazeville\/","name":"D\u00e8s mardi, Mines de jazz va ambiancer Decazeville - FESTIVOX","isPartOf":{"@id":"https:\/\/www.festivox.fr\/blog\/#website"},"primaryImageOfPage":{"@id":"https:\/\/www.festivox.fr\/blog\/des-mardi-mines-de-jazz-va-ambiancer-decazeville\/#primaryimage"},"image":{"@id":"https:\/\/www.festivox.fr\/blog\/des-mardi-mines-de-jazz-va-ambiancer-decazeville\/#primaryimage"},"thumbnailUrl":"https:\/\/www.festivox.fr\/blog\/wp-content\/uploads\/2024\/05\/des-mardi-mines-de-jazz-va-ambiancer-decazeville.jpg","datePublished":"2024-04-27T22:52:00+00:00","breadcrumb":{"@id":"https:\/\/www.festivox.fr\/blog\/des-mardi-mines-de-jazz-va-ambiancer-decazeville\/#breadcrumb"},"inLanguage":"fr-FR","potentialAction":[{"@type":"ReadAction","target":["https:\/\/www.festivox.fr\/blog\/des-mardi-mines-de-jazz-va-ambiancer-decazeville\/"]}]},{"@type":"ImageObject","inLanguage":"fr-FR","@id":"https:\/\/www.festivox.fr\/blog\/des-mardi-mines-de-jazz-va-ambiancer-decazeville\/#primaryimage","url":"https:\/\/www.festivox.fr\/blog\/wp-content\/uploads\/2024\/05\/des-mardi-mines-de-jazz-va-ambiancer-decazeville.jpg","contentUrl":"https:\/\/www.festivox.fr\/blog\/wp-content\/uploads\/2024\/05\/des-mardi-mines-de-jazz-va-ambiancer-decazeville.jpg","width":885,"height":500},{"@type":"BreadcrumbList","@id":"https:\/\/www.festivox.fr\/blog\/des-mardi-mines-de-jazz-va-ambiancer-decazeville\/#breadcrumb","itemListElement":[{"@type":"ListItem","position":1,"name":"Accueil","item":"https:\/\/www.festivox.fr\/blog\/"},{"@type":"ListItem","position":2,"name":"D\u00e8s mardi, Mines de jazz va ambiancer Decazeville"}]},{"@type":"WebSite","@id":"https:\/\/www.festivox.fr\/blog\/#website","url":"https:\/\/www.festivox.fr\/blog\/","name":"FESTIVOX","description":"Festival en mode guinguette.","publisher":{"@id":"https:\/\/www.festivox.fr\/blog\/#organization"},"potentialAction":[{"@type":"SearchAction","target":{"@type":"EntryPoint","urlTemplate":"https:\/\/www.festivox.fr\/blog\/?s={search_term_string}"},"query-input":{"@type":"PropertyValueSpecification","valueRequired":true,"valueName":"search_term_string"}}],"inLanguage":"fr-FR"},{"@type":"Organization","@id":"https:\/\/www.festivox.fr\/blog\/#organization","name":"festivox","url":"https:\/\/www.festivox.fr\/blog\/","logo":{"@type":"ImageObject","inLanguage":"fr-FR","@id":"https:\/\/www.festivox.fr\/blog\/#\/schema\/logo\/image\/","url":"https:\/\/www.festivox.fr\/blog\/wp-content\/uploads\/2023\/06\/logo-2.png","contentUrl":"https:\/\/www.festivox.fr\/blog\/wp-content\/uploads\/2023\/06\/logo-2.png","width":480,"height":160,"caption":"festivox"},"image":{"@id":"https:\/\/www.festivox.fr\/blog\/#\/schema\/logo\/image\/"}},{"@type":"Person","@id":"https:\/\/www.festivox.fr\/blog\/#\/schema\/person\/f36a8b6bc94800c3eafed4bca993ce95","name":"Michele","image":{"@type":"ImageObject","inLanguage":"fr-FR","@id":"https:\/\/secure.gravatar.com\/avatar\/b062046536b5d47ec9075956ec349ef95ed06b0f910c578f74abb318668b702e?s=96&d=mm&r=g","url":"https:\/\/secure.gravatar.com\/avatar\/b062046536b5d47ec9075956ec349ef95ed06b0f910c578f74abb318668b702e?s=96&d=mm&r=g","contentUrl":"https:\/\/secure.gravatar.com\/avatar\/b062046536b5d47ec9075956ec349ef95ed06b0f910c578f74abb318668b702e?s=96&d=mm&r=g","caption":"Michele"},"sameAs":["https:\/\/www.festivox.fr\/blog"],"url":"https:\/\/www.festivox.fr\/blog\/author\/voxadmin\/"}]}},"_links":{"self":[{"href":"https:\/\/www.festivox.fr\/blog\/wp-json\/wp\/v2\/posts\/825","targetHints":{"allow":["GET"]}}],"collection":[{"href":"https:\/\/www.festivox.fr\/blog\/wp-json\/wp\/v2\/posts"}],"about":[{"href":"https:\/\/www.festivox.fr\/blog\/wp-json\/wp\/v2\/types\/post"}],"author":[{"embeddable":true,"href":"https:\/\/www.festivox.fr\/blog\/wp-json\/wp\/v2\/users\/1"}],"replies":[{"embeddable":true,"href":"https:\/\/www.festivox.fr\/blog\/wp-json\/wp\/v2\/comments?post=825"}],"version-history":[{"count":0,"href":"https:\/\/www.festivox.fr\/blog\/wp-json\/wp\/v2\/posts\/825\/revisions"}],"wp:featuredmedia":[{"embeddable":true,"href":"https:\/\/www.festivox.fr\/blog\/wp-json\/wp\/v2\/media\/826"}],"wp:attachment":[{"href":"https:\/\/www.festivox.fr\/blog\/wp-json\/wp\/v2\/media?parent=825"}],"wp:term":[{"taxonomy":"category","embeddable":true,"href":"https:\/\/www.festivox.fr\/blog\/wp-json\/wp\/v2\/categories?post=825"},{"taxonomy":"post_tag","embeddable":true,"href":"https:\/\/www.festivox.fr\/blog\/wp-json\/wp\/v2\/tags?post=825"}],"curies":[{"name":"wp","href":"https:\/\/api.w.org\/{rel}","templated":true}]}}