{"id":823,"date":"2024-04-28T00:50:00","date_gmt":"2024-04-27T22:50:00","guid":{"rendered":"https:\/\/www.festivox.fr\/blog\/saint-gaudens-le-rendez-vous-jazz-du-printemps-en-comminges\/"},"modified":"2024-04-28T00:50:00","modified_gmt":"2024-04-27T22:50:00","slug":"saint-gaudens-le-rendez-vous-jazz-du-printemps-en-comminges","status":"publish","type":"post","link":"https:\/\/www.festivox.fr\/blog\/saint-gaudens-le-rendez-vous-jazz-du-printemps-en-comminges\/","title":{"rendered":"Saint-Gaudens. Le rendez-vous Jazz du printemps en Comminges"},"content":{"rendered":"\n<div><img decoding=\"async\" src=\"https:\/\/www.festivox.fr\/blog\/wp-content\/uploads\/2024\/05\/saint-gaudens-le-rendez-vous-jazz-du-printemps-en-comminges.jpg\" class=\"ff-og-image-inserted\"><\/div>\n<p> <span class=\"article-full__chapo-label hide-on-small-only\">l&rsquo;essentiel<\/span> Jazz en Comminges, \u00e9v\u00e9nement phare de la saison culturelle \u00e0 Saint-Gaudens, se d\u00e9roulera du 8 au 12 mai 2024. Comme chaque ann\u00e9e le festival regroupera des musiciens d\u2019exception, aux prestations instrumentales vari\u00e9es. <\/p>\n<div data-state=\"fixed-height\" data-selection=\"disabled\"> <!-- Pub DFP Position [outstream] --> <\/p>\n<p>Le festival joue aujourd\u2019hui le r\u00f4le d\u2019un vecteur de lien social dans la capitale commingeoise, en f\u00e9d\u00e9rant et rassemblant chaque ann\u00e9e, autour de la passion du Jazz. Non seulement il mobilise un large public, mais en plus l\u2019\u00e9v\u00e9nement est accessible \u00e0 tous \u2013 et en grande partie gratuit \u2013 est devenu un acteur important du rayonnement du territoire. \u00ab\u00a0Il prouve que le jazz a encore sa place en milieu rural\u00a0\u00bb lance son pr\u00e9sident Pierre James.<\/p>\n<h2 class=\"txt-int\">Le centre-ville anim\u00e9<\/h2>\n<p>Il se partage en 2 formats comme \u00e0 son habitude, avec une partie OFF, permettant \u00e0 tout le monde de s\u2019int\u00e9resser gratuitement, et une autre, le IN, qui n\u00e9cessite l\u2019achat de billets et permet \u00e0 des repr\u00e9sentations de haut niveau en soir\u00e9e.<\/p>\n<p><!-- Pub DFP Position [article] --> <\/p>\n<p>Pour le Off, organis\u00e9 par l\u2019association Clap, en lien avec la mairie, divers lieux sont mis \u00e0 disposition et permettent \u00e0 de nombreux artistes de se produire en journ\u00e9e \u2013 le Cube, le Th\u00e9\u00e2tre Marmignon, la Halle Gourmande et le Boulevard Bepmale, entre autres. Quant au club Guy Laffitte, il ouvrira ses portes \u00e0 18 h, du mercredi au vendredi, et offrira la possibilit\u00e9 de profiter d\u2019un ap\u00e9ritif au rythme d\u2019animations musicales pr\u00e9sent\u00e9es.<\/p>\n<h2 class=\"txt-int\">Activit\u00e9s autour de la pratique du jazz<\/h2>\n<p>En plus de ces pr\u00e9sentations musicales, l\u2019\u00e9v\u00e9nement mettra en avant diff\u00e9rentes expositions, artistiques et photographiques en rapport avec le jazz.<\/p>\n<p>Un stage, sur les 3 jours de festivit\u00e9, compos\u00e9 de 20 stagiaires, aboutira \u00e0 un concert final accompagn\u00e9 d\u2019un artiste du IN.<\/p>\n<p>Des films \u00e0 prix r\u00e9duits au cin\u00e9ma Le R\u00e9gent, seront destin\u00e9s aux plus int\u00e9ress\u00e9s durant les cinq jours.<\/p>\n<p>Seront visibles, deux dessins anim\u00e9s, le documentaire Be You, et un film retra\u00e7ant la tourn\u00e9e d\u2019un saxophoniste fran\u00e7ais.<\/p>\n<p>Parmi les nouveaut\u00e9s de la 21e \u00e9dition du festival, l\u2019apparition d\u2019instruments in\u00e9dits, comme la fl\u00fbte ou l\u2019oud, utilis\u00e9s par Ludivine Issambourg et Dhafer Youssef, \u00e0 l\u2019affiche du IN.<\/p>\n<p>Une cr\u00e9ation m\u00e9langeant le jazz au classique sera aussi pr\u00e9sent\u00e9e pour la premi\u00e8re fois.<\/p>\n<p>Un vernissage \u00e0 l\u2019honneur du 20e anniversaire de la disparition de Claude Nougaro, accompagn\u00e9 d\u2019une conf\u00e9rence d\u2019un proche de l\u2019ancien chanteur sera organis\u00e9 le 7 mai au cin\u00e9ma \u00e0 la veille de l\u2019ouverture du festival Jazz in Comminges.<\/p>\n<h2 class=\"txt-int\">Logistique<\/h2>\n<p>La mise en disposition d\u2019une navette Movigo, gratuite, facilitera le d\u00e9placement au Parc des Expositions depuis la place du Foiral, de 18 h 30 \u00e0 20 h. Le chemin inverse sera possible \u00e0 la fin des concerts dans la soir\u00e9e.<\/p>\n<p>Des tarifs D\u00e9couverte Jeunes permettent aux jeunes d\u2019acheter des billets via le pass culture \u00e0 des prix plus raisonnables.<\/p>\n<hr>\n<h2 class=\"titre\">Des artistes de renomm\u00e9e mondiale pour le festival In<\/h2>\n<p>Quatre groupes d\u2019artistes fran\u00e7ais, trois groupes \u00e9tasuniens, un artiste cubain et un tunisien composent la programmation du festival In cette ann\u00e9e. Du 8 au 11 mai au Parc des Expositions de Saint-Gaudens se produiront donc des artistes aux cultures et saveurs musicales diff\u00e9rentes.<\/p>\n<p>Une diversit\u00e9 confirm\u00e9e par Pierre Jammes, pr\u00e9sident de Jazz en Comminges et responsable de la programmation In, \u00ab\u2005Le jazz n\u2019a plus de fronti\u00e8res et \u00e9volue, aujourd\u2019hui, nous l\u2019ouvrons donc \u00e0 toutes sortes de musiques dans notre festival\u2005\u00bb.<\/p>\n<h2 class=\"txt-int\">Deux prestations par soir\u00e9e<\/h2>\n<p>Des artistes d\u2019exception aux styles vari\u00e9s, mais tous li\u00e9s par une passion pour le jazz, donneront donc leur prestation au festival. Notons aussi la pr\u00e9sence de deux nouveaux instruments, la fl\u00fbte et l\u2019oud. Tous deux seront inaugur\u00e9s d\u00e8s les premi\u00e8res repr\u00e9sentations, en soir\u00e9e le mercredi 8 mai. Ludivine Issambourg, fl\u00fbtiste \u00e0 la t\u00eate du groupe Antiloops, ouvrira le bal, avant que Dhafer Youssef, interpr\u00e8te globe-trotteur, amoureux de jazz, n\u00e9 en Tunisie et pass\u00e9 par le conservatoire de Vienne, ne prenne le relais.<\/p>\n<p>Du mercredi au samedi, se succ\u00e9deront ainsi deux artistes, sur les cr\u00e9neaux de 21\u2005h puis 23\u2005h. Le pianiste am\u00e9ricain Brad Mehldau se pr\u00e9sentera le jeudi 9 mai, accompagn\u00e9 par Jorgy Rossy \u00e0 la batterie et de F\u00e9lix Moseholm \u00e0 la contrebasse pour former un trio instrumental. \u00c0 23\u2005h, le renouveau de la musique cubaine Roberto Fonseca, m\u00ealant jazz, hip-hop et funk. Deux groupes pour le prix d\u2019un pour inaugurer le troisi\u00e8me soir, le groupe Blue Train invite les Toulousaines du Quatuor Rose. Une prestation group\u00e9e suivie d\u2019une repr\u00e9sentation d\u2019un tout autre registre de la chanteuse Robin McKelle, seule chanteuse avec trois musiciens. Enfin, la saxophoniste Virginie Da\u00efd\u00e9 puis le jazziste Kyle Eastwood, fils du c\u00e9l\u00e8bre cin\u00e9aste Clint Eastwood cl\u00f4tureront les spectacles du In le samedi 11 mai.<\/p>\n<p>Le Parc des Expositions, comme lors de chaque \u00e9dition se transformera en sc\u00e8ne durant 3 jours.Les places sont \u00e0 r\u00e9server \u00e0 l\u2019avance depuis le site officiel de l\u2019\u00e9v\u00e9nement, mais des points de vente ont \u00e9t\u00e9 mis en place dans les points d\u2019informations de certains cantons du Comminges. Il est possible pour les plus jeunes de proc\u00e9der au paiement par le biais du pass culture.<br \/>Les tarifs sont \u00e9volutifs en fonction de l\u2019\u00e2ge, de 20 \u00e0 44 euros pour une soir\u00e9e. Des pass pour assister \u00e0 plusieurs soir\u00e9es sont mis en vente, le d\u00e9tail des diff\u00e9rents prix est \u00e0 retrouver sur le site de l\u2019\u00e9v\u00e9nement.<\/p>\n<hr>\n<h2 class=\"titre\">Avec le festival Off, un libre acc\u00e8s \u00e0 la culture jazz<\/h2>\n<p>La partie off du festival Jazz en Comminges va permettre de d\u00e9couvrir et de s\u2019int\u00e9resser \u00e0 la culture jazz gratuitement, \u00e0 travers des concerts et plusieurs activit\u00e9s musicales \u00e0 Saint-Gaudens.<\/p>\n<p>Soutenu par la mairie, le c\u0153ur de la ville de Saint-Gaudens sera anim\u00e9 du 7 au 12 mai par des repr\u00e9sentations musicales, notamment au Cube o\u00f9 les artistes se succ\u00e9deront (plus de 600 spectateurs ont d\u00e9fil\u00e9 dans la salle en 2023). Plusieurs autres lieux culturels et symboliques du centre-ville, indiqu\u00e9s sur le site, seront t\u00e9moins de festivit\u00e9s.<\/p>\n<p>\u00c9velyne Joyer, responsable de programmation du Off, partage la volont\u00e9 de rendre la musique accessible \u00e0 tous \u00ab\u2005tout les styles de jazz sont pr\u00e9sent\u00e9s et peuvent \u00eatre d\u00e9couverts en acc\u00e8s libre\u2005\u00bb.<\/p>\n<p>C\u00f4t\u00e9 artistes, avec plus de 100 demandes de participations, les s\u00e9lections ont \u00e9t\u00e9 r\u00e9alis\u00e9es par huit membres de l\u2019association, tous b\u00e9n\u00e9voles et pour beaucoup musiciens. Les jurys se font fort de mettre en avant de nombreux artistes locaux. \u00ab\u2005Plus de 90\u2005% des artistes s\u00e9lectionn\u00e9s pour se produire au Cube et au th\u00e9\u00e2tre Marmignon viennent de la r\u00e9gion\u2005\u00bb.<\/p>\n<p>Un vernissage \u00e0 l\u2019honneur du chanteur toulousain Claude Nougaro ouvrira le bal, \u00e0 la veille du top d\u00e9part de l\u2019\u00e9v\u00e9nement. Pendant les 4 jours suivants, la galerie du th\u00e9\u00e2tre Marmignon pr\u00e9sentera l\u2019exposition \u00ab\u2005R\u00e9cup\u2019art\u2005\u00bb, qui rappelle les origines du mouvement musical. Les \u0153uvres, constitu\u00e9es de d\u00e9chets et de produits r\u00e9utilis\u00e9s, mettent \u00e0 l\u2019honneur les r\u00e9alisations faites dans des Ehpad, des \u00e9tablissements scolaires ou par des artistes du terroir, inscrits dans un projet de sensibilisation et d\u2019engagement au d\u00e9veloppement durable.<\/p>\n<p>Un stage de d\u00e9couverte du style jazz, accessible pour des personnes malvoyantes, ainsi qu\u2019un acc\u00e8s au cin\u00e9ma \u00e0 prix r\u00e9duits pour assister \u00e0 des productions autour du genre musical, sont \u00e9galement propos\u00e9s.<br \/>S\u2019impr\u00e9gnant du centre-ville pendant quelques jours, la libre circulation du public entre les lieux d\u2019accueil, en acc\u00e8s libre, est conseill\u00e9e. Cela entra\u00eene chacun \u00e0 d\u00e9couvrir et \u00e0 exp\u00e9rimenter de multiples exp\u00e9riences durant le festival.<\/p>\n<hr>\n<h2 class=\"titre\">Jazz en Comminges se vivra aussi au cin\u00e9ma Le R\u00e9gent \u00e0 Saint-Gaudens<\/h2>\n<p>Le cin\u00e9ma Le R\u00e9gent de Saint-Gaudens, va mettre en place durant le festival Jazz en Comminges, avec qui il est en collaboration, \u00ab\u2005les Journ\u00e9es du cin\u00e9ma\u2005\u00bb. Du 8 au 12 mai, diff\u00e9rents films traitant de la m\u00eame th\u00e9matique du jazz seront propos\u00e9s au fil des jours.<\/p>\n<h2 class=\"txt-int\">Quatre films de style diff\u00e9rent<\/h2>\n<p>Deux films d\u2019animation seront visibles, They Shot the Piano Player de Fernand Trueba et Javier Mariscal, retra\u00e7ant l\u2019enqu\u00eate men\u00e9e par un journaliste am\u00e9ricain \u00e0 propos de la disparition de Francisco Ten\u00f3rio Jr, pianiste br\u00e9silien virtuose. Le film d\u2019animation japonais Blue Giant adapt\u00e9 d\u2019un c\u00e9l\u00e8bre manga, suit la vie d\u2019un protagoniste, prenant un tournant \u00e0 la d\u00e9couverte du jazz et d\u2019un saxophone.<\/p>\n<p>Le documentaire Be You\u2005! de Gil Corre met en avant les femmes instrumentistes dans le domaine du jazz, encore tr\u00e8s masculin. 6 Doin\u2019Jazz retrace la tourn\u00e9e 2\u2005022 du saxophoniste Emile Parisien et plonge dans l\u2019intimit\u00e9 de ses concerts et de ce qui l\u2019en entoure, les trajets et de sa relation avec les musiciens qui l\u2019accompagnent.<\/p>\n<p>Le public pourra assister aux repr\u00e9sentations \u00e0 des prix r\u00e9duits. Les plages horaires, allant de 14\u2005h\u200515 \u00e0 18\u2005h\u200515 en fonction des jours sont d\u00e9taill\u00e9es sur le site du R\u00e9gent.<\/p>\n<footer class=\"txt-note\">\n<p><em>Billets sur le site officiel de l\u2019\u00e9v\u00e9nement (<a href=\"https:\/\/www.jazzencomminges.com\" rel=\"nofollow noopener\" target=\"_blank\">www.jazzencomminges.com<\/a>) ainsi que dans les offices du tourisme de Saint-Gaudens, Boulogne-sur-Gesse, Montr\u00e9jeau, Aurignac et L\u2019Isle-en-Dodon. L\u2019adresse et les horaires sont d\u00e9taill\u00e9s dans la rubrique billetterie du site. Pour les plus jeunes, l\u2019achat de billets est aussi disponible avec le pass culture.<\/em><\/p>\n<\/footer><\/div>\n<p> Cet article, qui traite du th\u00e8me \u00ab\u00a0Festival Jazz et musique en mode guinguette\u00a0\u00bb, vous est d\u00e9lib\u00e9r\u00e9ment offert par festivox.fr. La raison d\u2019\u00eatre de festivox.fr est de parler de Festival Jazz et musique en mode guinguette dans la transparence la plus g\u00e9n\u00e9rale en vous procurant la visibilit\u00e9 de tout ce qui est publi\u00e9 sur ce sujet sur le web La chronique a \u00e9t\u00e9 g\u00e9n\u00e9r\u00e9e de la mani\u00e8re la plus honn\u00eate que possible. S\u2019il advenait que vous projetez d\u2019apporter quelques notes concernant le domaine de \u00ab\u00a0Festival Jazz et musique en mode guinguette\u00a0\u00bb vous avez la possibilit\u00e9 de d&rsquo;\u00e9changer avec notre r\u00e9daction. Dans peu de temps, on mettra en ligne d&rsquo;autres informations pertinentes autour du sujet \u00ab\u00a0Festival Jazz et musique en mode guinguette\u00a0\u00bb. Ainsi, consultez r\u00e9guli\u00e8rement notre site.<\/p>\n","protected":false},"excerpt":{"rendered":"<p>l&rsquo;essentiel Jazz en Comminges, \u00e9v\u00e9nement phare de la saison culturelle \u00e0 Saint-Gaudens, se d\u00e9roulera du 8 au 12 mai 2024. Comme chaque ann\u00e9e le festival regroupera des musiciens d\u2019exception, aux prestations instrumentales vari\u00e9es. Le festival joue aujourd\u2019hui le r\u00f4le d\u2019un vecteur de lien social dans la capitale commingeoise, en f\u00e9d\u00e9rant et rassemblant chaque ann\u00e9e, autour&hellip;<\/p>\n","protected":false},"author":1,"featured_media":824,"comment_status":"closed","ping_status":"closed","sticky":false,"template":"","format":"standard","meta":{"footnotes":""},"categories":[3],"tags":[],"class_list":["post-823","post","type-post","status-publish","format-standard","has-post-thumbnail","hentry","category-wiki-sur-festival-jazz-et-musique-en-mode-guinguette"],"yoast_head":"<!-- This site is optimized with the Yoast SEO plugin v27.5 - https:\/\/yoast.com\/product\/yoast-seo-wordpress\/ -->\n<title>Saint-Gaudens. Le rendez-vous Jazz du printemps en Comminges - FESTIVOX<\/title>\n<meta name=\"robots\" content=\"index, follow, max-snippet:-1, max-image-preview:large, max-video-preview:-1\" \/>\n<link rel=\"canonical\" href=\"https:\/\/www.festivox.fr\/blog\/saint-gaudens-le-rendez-vous-jazz-du-printemps-en-comminges\/\" \/>\n<meta property=\"og:locale\" content=\"fr_FR\" \/>\n<meta property=\"og:type\" content=\"article\" \/>\n<meta property=\"og:title\" content=\"Saint-Gaudens. Le rendez-vous Jazz du printemps en Comminges - FESTIVOX\" \/>\n<meta property=\"og:description\" content=\"l&rsquo;essentiel Jazz en Comminges, \u00e9v\u00e9nement phare de la saison culturelle \u00e0 Saint-Gaudens, se d\u00e9roulera du 8 au 12 mai 2024. Comme chaque ann\u00e9e le festival regroupera des musiciens d\u2019exception, aux prestations instrumentales vari\u00e9es. Le festival joue aujourd\u2019hui le r\u00f4le d\u2019un vecteur de lien social dans la capitale commingeoise, en f\u00e9d\u00e9rant et rassemblant chaque ann\u00e9e, autour&hellip;\" \/>\n<meta property=\"og:url\" content=\"https:\/\/www.festivox.fr\/blog\/saint-gaudens-le-rendez-vous-jazz-du-printemps-en-comminges\/\" \/>\n<meta property=\"og:site_name\" content=\"FESTIVOX\" \/>\n<meta property=\"article:published_time\" content=\"2024-04-27T22:50:00+00:00\" \/>\n<meta property=\"og:image\" content=\"https:\/\/www.festivox.fr\/blog\/wp-content\/uploads\/2024\/05\/saint-gaudens-le-rendez-vous-jazz-du-printemps-en-comminges.jpg\" \/>\n<meta name=\"author\" content=\"Michele\" \/>\n<meta name=\"twitter:card\" content=\"summary_large_image\" \/>\n<meta name=\"twitter:label1\" content=\"\u00c9crit par\" \/>\n\t<meta name=\"twitter:data1\" content=\"Michele\" \/>\n\t<meta name=\"twitter:label2\" content=\"Dur\u00e9e de lecture estim\u00e9e\" \/>\n\t<meta name=\"twitter:data2\" content=\"9 minutes\" \/>\n<script type=\"application\/ld+json\" class=\"yoast-schema-graph\">{\"@context\":\"https:\\\/\\\/schema.org\",\"@graph\":[{\"@type\":\"Article\",\"@id\":\"https:\\\/\\\/www.festivox.fr\\\/blog\\\/saint-gaudens-le-rendez-vous-jazz-du-printemps-en-comminges\\\/#article\",\"isPartOf\":{\"@id\":\"https:\\\/\\\/www.festivox.fr\\\/blog\\\/saint-gaudens-le-rendez-vous-jazz-du-printemps-en-comminges\\\/\"},\"author\":{\"name\":\"Michele\",\"@id\":\"https:\\\/\\\/www.festivox.fr\\\/blog\\\/#\\\/schema\\\/person\\\/f36a8b6bc94800c3eafed4bca993ce95\"},\"headline\":\"Saint-Gaudens. Le rendez-vous Jazz du printemps en Comminges\",\"datePublished\":\"2024-04-27T22:50:00+00:00\",\"mainEntityOfPage\":{\"@id\":\"https:\\\/\\\/www.festivox.fr\\\/blog\\\/saint-gaudens-le-rendez-vous-jazz-du-printemps-en-comminges\\\/\"},\"wordCount\":1754,\"publisher\":{\"@id\":\"https:\\\/\\\/www.festivox.fr\\\/blog\\\/#organization\"},\"image\":{\"@id\":\"https:\\\/\\\/www.festivox.fr\\\/blog\\\/saint-gaudens-le-rendez-vous-jazz-du-printemps-en-comminges\\\/#primaryimage\"},\"thumbnailUrl\":\"https:\\\/\\\/www.festivox.fr\\\/blog\\\/wp-content\\\/uploads\\\/2024\\\/05\\\/saint-gaudens-le-rendez-vous-jazz-du-printemps-en-comminges.jpg\",\"articleSection\":[\"Wiki Sur Festival Jazz Et Musique En Mode Guinguette:\"],\"inLanguage\":\"fr-FR\"},{\"@type\":\"WebPage\",\"@id\":\"https:\\\/\\\/www.festivox.fr\\\/blog\\\/saint-gaudens-le-rendez-vous-jazz-du-printemps-en-comminges\\\/\",\"url\":\"https:\\\/\\\/www.festivox.fr\\\/blog\\\/saint-gaudens-le-rendez-vous-jazz-du-printemps-en-comminges\\\/\",\"name\":\"Saint-Gaudens. Le rendez-vous Jazz du printemps en Comminges - FESTIVOX\",\"isPartOf\":{\"@id\":\"https:\\\/\\\/www.festivox.fr\\\/blog\\\/#website\"},\"primaryImageOfPage\":{\"@id\":\"https:\\\/\\\/www.festivox.fr\\\/blog\\\/saint-gaudens-le-rendez-vous-jazz-du-printemps-en-comminges\\\/#primaryimage\"},\"image\":{\"@id\":\"https:\\\/\\\/www.festivox.fr\\\/blog\\\/saint-gaudens-le-rendez-vous-jazz-du-printemps-en-comminges\\\/#primaryimage\"},\"thumbnailUrl\":\"https:\\\/\\\/www.festivox.fr\\\/blog\\\/wp-content\\\/uploads\\\/2024\\\/05\\\/saint-gaudens-le-rendez-vous-jazz-du-printemps-en-comminges.jpg\",\"datePublished\":\"2024-04-27T22:50:00+00:00\",\"breadcrumb\":{\"@id\":\"https:\\\/\\\/www.festivox.fr\\\/blog\\\/saint-gaudens-le-rendez-vous-jazz-du-printemps-en-comminges\\\/#breadcrumb\"},\"inLanguage\":\"fr-FR\",\"potentialAction\":[{\"@type\":\"ReadAction\",\"target\":[\"https:\\\/\\\/www.festivox.fr\\\/blog\\\/saint-gaudens-le-rendez-vous-jazz-du-printemps-en-comminges\\\/\"]}]},{\"@type\":\"ImageObject\",\"inLanguage\":\"fr-FR\",\"@id\":\"https:\\\/\\\/www.festivox.fr\\\/blog\\\/saint-gaudens-le-rendez-vous-jazz-du-printemps-en-comminges\\\/#primaryimage\",\"url\":\"https:\\\/\\\/www.festivox.fr\\\/blog\\\/wp-content\\\/uploads\\\/2024\\\/05\\\/saint-gaudens-le-rendez-vous-jazz-du-printemps-en-comminges.jpg\",\"contentUrl\":\"https:\\\/\\\/www.festivox.fr\\\/blog\\\/wp-content\\\/uploads\\\/2024\\\/05\\\/saint-gaudens-le-rendez-vous-jazz-du-printemps-en-comminges.jpg\",\"width\":885,\"height\":500},{\"@type\":\"BreadcrumbList\",\"@id\":\"https:\\\/\\\/www.festivox.fr\\\/blog\\\/saint-gaudens-le-rendez-vous-jazz-du-printemps-en-comminges\\\/#breadcrumb\",\"itemListElement\":[{\"@type\":\"ListItem\",\"position\":1,\"name\":\"Accueil\",\"item\":\"https:\\\/\\\/www.festivox.fr\\\/blog\\\/\"},{\"@type\":\"ListItem\",\"position\":2,\"name\":\"Saint-Gaudens. Le rendez-vous Jazz du printemps en Comminges\"}]},{\"@type\":\"WebSite\",\"@id\":\"https:\\\/\\\/www.festivox.fr\\\/blog\\\/#website\",\"url\":\"https:\\\/\\\/www.festivox.fr\\\/blog\\\/\",\"name\":\"FESTIVOX\",\"description\":\"Festival en mode guinguette.\",\"publisher\":{\"@id\":\"https:\\\/\\\/www.festivox.fr\\\/blog\\\/#organization\"},\"potentialAction\":[{\"@type\":\"SearchAction\",\"target\":{\"@type\":\"EntryPoint\",\"urlTemplate\":\"https:\\\/\\\/www.festivox.fr\\\/blog\\\/?s={search_term_string}\"},\"query-input\":{\"@type\":\"PropertyValueSpecification\",\"valueRequired\":true,\"valueName\":\"search_term_string\"}}],\"inLanguage\":\"fr-FR\"},{\"@type\":\"Organization\",\"@id\":\"https:\\\/\\\/www.festivox.fr\\\/blog\\\/#organization\",\"name\":\"festivox\",\"url\":\"https:\\\/\\\/www.festivox.fr\\\/blog\\\/\",\"logo\":{\"@type\":\"ImageObject\",\"inLanguage\":\"fr-FR\",\"@id\":\"https:\\\/\\\/www.festivox.fr\\\/blog\\\/#\\\/schema\\\/logo\\\/image\\\/\",\"url\":\"https:\\\/\\\/www.festivox.fr\\\/blog\\\/wp-content\\\/uploads\\\/2023\\\/06\\\/logo-2.png\",\"contentUrl\":\"https:\\\/\\\/www.festivox.fr\\\/blog\\\/wp-content\\\/uploads\\\/2023\\\/06\\\/logo-2.png\",\"width\":480,\"height\":160,\"caption\":\"festivox\"},\"image\":{\"@id\":\"https:\\\/\\\/www.festivox.fr\\\/blog\\\/#\\\/schema\\\/logo\\\/image\\\/\"}},{\"@type\":\"Person\",\"@id\":\"https:\\\/\\\/www.festivox.fr\\\/blog\\\/#\\\/schema\\\/person\\\/f36a8b6bc94800c3eafed4bca993ce95\",\"name\":\"Michele\",\"image\":{\"@type\":\"ImageObject\",\"inLanguage\":\"fr-FR\",\"@id\":\"https:\\\/\\\/secure.gravatar.com\\\/avatar\\\/b062046536b5d47ec9075956ec349ef95ed06b0f910c578f74abb318668b702e?s=96&d=mm&r=g\",\"url\":\"https:\\\/\\\/secure.gravatar.com\\\/avatar\\\/b062046536b5d47ec9075956ec349ef95ed06b0f910c578f74abb318668b702e?s=96&d=mm&r=g\",\"contentUrl\":\"https:\\\/\\\/secure.gravatar.com\\\/avatar\\\/b062046536b5d47ec9075956ec349ef95ed06b0f910c578f74abb318668b702e?s=96&d=mm&r=g\",\"caption\":\"Michele\"},\"sameAs\":[\"https:\\\/\\\/www.festivox.fr\\\/blog\"],\"url\":\"https:\\\/\\\/www.festivox.fr\\\/blog\\\/author\\\/voxadmin\\\/\"}]}<\/script>\n<!-- \/ Yoast SEO plugin. -->","yoast_head_json":{"title":"Saint-Gaudens. Le rendez-vous Jazz du printemps en Comminges - FESTIVOX","robots":{"index":"index","follow":"follow","max-snippet":"max-snippet:-1","max-image-preview":"max-image-preview:large","max-video-preview":"max-video-preview:-1"},"canonical":"https:\/\/www.festivox.fr\/blog\/saint-gaudens-le-rendez-vous-jazz-du-printemps-en-comminges\/","og_locale":"fr_FR","og_type":"article","og_title":"Saint-Gaudens. Le rendez-vous Jazz du printemps en Comminges - FESTIVOX","og_description":"l&rsquo;essentiel Jazz en Comminges, \u00e9v\u00e9nement phare de la saison culturelle \u00e0 Saint-Gaudens, se d\u00e9roulera du 8 au 12 mai 2024. Comme chaque ann\u00e9e le festival regroupera des musiciens d\u2019exception, aux prestations instrumentales vari\u00e9es. Le festival joue aujourd\u2019hui le r\u00f4le d\u2019un vecteur de lien social dans la capitale commingeoise, en f\u00e9d\u00e9rant et rassemblant chaque ann\u00e9e, autour&hellip;","og_url":"https:\/\/www.festivox.fr\/blog\/saint-gaudens-le-rendez-vous-jazz-du-printemps-en-comminges\/","og_site_name":"FESTIVOX","article_published_time":"2024-04-27T22:50:00+00:00","og_image":[{"url":"https:\/\/www.festivox.fr\/blog\/wp-content\/uploads\/2024\/05\/saint-gaudens-le-rendez-vous-jazz-du-printemps-en-comminges.jpg","type":"","width":"","height":""}],"author":"Michele","twitter_card":"summary_large_image","twitter_misc":{"\u00c9crit par":"Michele","Dur\u00e9e de lecture estim\u00e9e":"9 minutes"},"schema":{"@context":"https:\/\/schema.org","@graph":[{"@type":"Article","@id":"https:\/\/www.festivox.fr\/blog\/saint-gaudens-le-rendez-vous-jazz-du-printemps-en-comminges\/#article","isPartOf":{"@id":"https:\/\/www.festivox.fr\/blog\/saint-gaudens-le-rendez-vous-jazz-du-printemps-en-comminges\/"},"author":{"name":"Michele","@id":"https:\/\/www.festivox.fr\/blog\/#\/schema\/person\/f36a8b6bc94800c3eafed4bca993ce95"},"headline":"Saint-Gaudens. Le rendez-vous Jazz du printemps en Comminges","datePublished":"2024-04-27T22:50:00+00:00","mainEntityOfPage":{"@id":"https:\/\/www.festivox.fr\/blog\/saint-gaudens-le-rendez-vous-jazz-du-printemps-en-comminges\/"},"wordCount":1754,"publisher":{"@id":"https:\/\/www.festivox.fr\/blog\/#organization"},"image":{"@id":"https:\/\/www.festivox.fr\/blog\/saint-gaudens-le-rendez-vous-jazz-du-printemps-en-comminges\/#primaryimage"},"thumbnailUrl":"https:\/\/www.festivox.fr\/blog\/wp-content\/uploads\/2024\/05\/saint-gaudens-le-rendez-vous-jazz-du-printemps-en-comminges.jpg","articleSection":["Wiki Sur Festival Jazz Et Musique En Mode Guinguette:"],"inLanguage":"fr-FR"},{"@type":"WebPage","@id":"https:\/\/www.festivox.fr\/blog\/saint-gaudens-le-rendez-vous-jazz-du-printemps-en-comminges\/","url":"https:\/\/www.festivox.fr\/blog\/saint-gaudens-le-rendez-vous-jazz-du-printemps-en-comminges\/","name":"Saint-Gaudens. Le rendez-vous Jazz du printemps en Comminges - FESTIVOX","isPartOf":{"@id":"https:\/\/www.festivox.fr\/blog\/#website"},"primaryImageOfPage":{"@id":"https:\/\/www.festivox.fr\/blog\/saint-gaudens-le-rendez-vous-jazz-du-printemps-en-comminges\/#primaryimage"},"image":{"@id":"https:\/\/www.festivox.fr\/blog\/saint-gaudens-le-rendez-vous-jazz-du-printemps-en-comminges\/#primaryimage"},"thumbnailUrl":"https:\/\/www.festivox.fr\/blog\/wp-content\/uploads\/2024\/05\/saint-gaudens-le-rendez-vous-jazz-du-printemps-en-comminges.jpg","datePublished":"2024-04-27T22:50:00+00:00","breadcrumb":{"@id":"https:\/\/www.festivox.fr\/blog\/saint-gaudens-le-rendez-vous-jazz-du-printemps-en-comminges\/#breadcrumb"},"inLanguage":"fr-FR","potentialAction":[{"@type":"ReadAction","target":["https:\/\/www.festivox.fr\/blog\/saint-gaudens-le-rendez-vous-jazz-du-printemps-en-comminges\/"]}]},{"@type":"ImageObject","inLanguage":"fr-FR","@id":"https:\/\/www.festivox.fr\/blog\/saint-gaudens-le-rendez-vous-jazz-du-printemps-en-comminges\/#primaryimage","url":"https:\/\/www.festivox.fr\/blog\/wp-content\/uploads\/2024\/05\/saint-gaudens-le-rendez-vous-jazz-du-printemps-en-comminges.jpg","contentUrl":"https:\/\/www.festivox.fr\/blog\/wp-content\/uploads\/2024\/05\/saint-gaudens-le-rendez-vous-jazz-du-printemps-en-comminges.jpg","width":885,"height":500},{"@type":"BreadcrumbList","@id":"https:\/\/www.festivox.fr\/blog\/saint-gaudens-le-rendez-vous-jazz-du-printemps-en-comminges\/#breadcrumb","itemListElement":[{"@type":"ListItem","position":1,"name":"Accueil","item":"https:\/\/www.festivox.fr\/blog\/"},{"@type":"ListItem","position":2,"name":"Saint-Gaudens. Le rendez-vous Jazz du printemps en Comminges"}]},{"@type":"WebSite","@id":"https:\/\/www.festivox.fr\/blog\/#website","url":"https:\/\/www.festivox.fr\/blog\/","name":"FESTIVOX","description":"Festival en mode guinguette.","publisher":{"@id":"https:\/\/www.festivox.fr\/blog\/#organization"},"potentialAction":[{"@type":"SearchAction","target":{"@type":"EntryPoint","urlTemplate":"https:\/\/www.festivox.fr\/blog\/?s={search_term_string}"},"query-input":{"@type":"PropertyValueSpecification","valueRequired":true,"valueName":"search_term_string"}}],"inLanguage":"fr-FR"},{"@type":"Organization","@id":"https:\/\/www.festivox.fr\/blog\/#organization","name":"festivox","url":"https:\/\/www.festivox.fr\/blog\/","logo":{"@type":"ImageObject","inLanguage":"fr-FR","@id":"https:\/\/www.festivox.fr\/blog\/#\/schema\/logo\/image\/","url":"https:\/\/www.festivox.fr\/blog\/wp-content\/uploads\/2023\/06\/logo-2.png","contentUrl":"https:\/\/www.festivox.fr\/blog\/wp-content\/uploads\/2023\/06\/logo-2.png","width":480,"height":160,"caption":"festivox"},"image":{"@id":"https:\/\/www.festivox.fr\/blog\/#\/schema\/logo\/image\/"}},{"@type":"Person","@id":"https:\/\/www.festivox.fr\/blog\/#\/schema\/person\/f36a8b6bc94800c3eafed4bca993ce95","name":"Michele","image":{"@type":"ImageObject","inLanguage":"fr-FR","@id":"https:\/\/secure.gravatar.com\/avatar\/b062046536b5d47ec9075956ec349ef95ed06b0f910c578f74abb318668b702e?s=96&d=mm&r=g","url":"https:\/\/secure.gravatar.com\/avatar\/b062046536b5d47ec9075956ec349ef95ed06b0f910c578f74abb318668b702e?s=96&d=mm&r=g","contentUrl":"https:\/\/secure.gravatar.com\/avatar\/b062046536b5d47ec9075956ec349ef95ed06b0f910c578f74abb318668b702e?s=96&d=mm&r=g","caption":"Michele"},"sameAs":["https:\/\/www.festivox.fr\/blog"],"url":"https:\/\/www.festivox.fr\/blog\/author\/voxadmin\/"}]}},"_links":{"self":[{"href":"https:\/\/www.festivox.fr\/blog\/wp-json\/wp\/v2\/posts\/823","targetHints":{"allow":["GET"]}}],"collection":[{"href":"https:\/\/www.festivox.fr\/blog\/wp-json\/wp\/v2\/posts"}],"about":[{"href":"https:\/\/www.festivox.fr\/blog\/wp-json\/wp\/v2\/types\/post"}],"author":[{"embeddable":true,"href":"https:\/\/www.festivox.fr\/blog\/wp-json\/wp\/v2\/users\/1"}],"replies":[{"embeddable":true,"href":"https:\/\/www.festivox.fr\/blog\/wp-json\/wp\/v2\/comments?post=823"}],"version-history":[{"count":0,"href":"https:\/\/www.festivox.fr\/blog\/wp-json\/wp\/v2\/posts\/823\/revisions"}],"wp:featuredmedia":[{"embeddable":true,"href":"https:\/\/www.festivox.fr\/blog\/wp-json\/wp\/v2\/media\/824"}],"wp:attachment":[{"href":"https:\/\/www.festivox.fr\/blog\/wp-json\/wp\/v2\/media?parent=823"}],"wp:term":[{"taxonomy":"category","embeddable":true,"href":"https:\/\/www.festivox.fr\/blog\/wp-json\/wp\/v2\/categories?post=823"},{"taxonomy":"post_tag","embeddable":true,"href":"https:\/\/www.festivox.fr\/blog\/wp-json\/wp\/v2\/tags?post=823"}],"curies":[{"name":"wp","href":"https:\/\/api.w.org\/{rel}","templated":true}]}}