{"id":816,"date":"2024-04-24T08:37:00","date_gmt":"2024-04-24T06:37:00","guid":{"rendered":"https:\/\/www.festivox.fr\/blog\/vaux-sur-mer-cest-reparti-pour-les-soirees-guinguette-avec-un-retour-aux-fondamentaux\/"},"modified":"2024-04-24T08:37:00","modified_gmt":"2024-04-24T06:37:00","slug":"vaux-sur-mer-cest-reparti-pour-les-soirees-guinguette-avec-un-retour-aux-fondamentaux","status":"publish","type":"post","link":"https:\/\/www.festivox.fr\/blog\/vaux-sur-mer-cest-reparti-pour-les-soirees-guinguette-avec-un-retour-aux-fondamentaux\/","title":{"rendered":"Vaux-sur-Mer : c\u2019est reparti pour les soir\u00e9es guinguette avec un retour aux fondamentaux"},"content":{"rendered":"\n<div><img decoding=\"async\" src=\"https:\/\/www.festivox.fr\/blog\/wp-content\/uploads\/2024\/04\/vaux-sur-mer-cest-reparti-pour-les-soirees-guinguette-avec-un-retour-aux-fondamentaux.jpg\" class=\"ff-og-image-inserted\"><\/div>\n<div>\n<p>Les soir\u00e9es guinguette sont de retour \u00e0 Vaux-sur-Mer et cela commence samedi 27&nbsp;avril. La municipalit\u00e9 relance cette animation d\u2019avant et d\u2019apr\u00e8s saison en affichant clairement sa volont\u00e9 de renouer&#8230;<\/p>\n<\/div>\n<div>\n<p>Les soir\u00e9es guinguette sont de retour \u00e0 Vaux-sur-Mer et cela commence samedi 27&nbsp;avril. La municipalit\u00e9 relance cette animation d\u2019avant et d\u2019apr\u00e8s saison en affichant clairement sa volont\u00e9 de renouer avec l\u2019essence m\u00eame du cabaret plein air o\u00f9 l\u2019on mange, danse et rit&nbsp;; un lieu festif, populaire et interg\u00e9n\u00e9rationnel.<\/p>\n<p>\u00ab&nbsp;L\u2019id\u00e9e initiale \u00e9tait de proposer aux habitants un moment privil\u00e9gi\u00e9 pour \u00eatre ensemble, partager un temps de d\u00e9tente et de convivialit\u00e9. L\u2019esprit guinguette nous est alors apparu comme une \u00e9vidence&nbsp;\u00bb, explique V\u00e9ronique Pugens, adjointe au maire charg\u00e9e de l\u2019animation. Jean-Fran\u00e7ois Piet, adjoint au maire charg\u00e9 du d\u00e9veloppement \u00e9conomique, ajoute&nbsp;: \u00ab&nbsp;Nous avions aussi la volont\u00e9 de relancer une dynamique, d\u2019inciter les habitants \u00e0 se r\u00e9approprier cette place du march\u00e9 et ces commerces afin de renouer avec le principe d\u2019un c\u0153ur de village.&nbsp;\u00bb<\/p>\n<h2 class=\"article-subtitle\">La danse \u00e0 l\u2019honneur<\/h2>\n<p>\u00c0 la diff\u00e9rence de l\u2019ann\u00e9e derni\u00e8re, la municipalit\u00e9 vauxoise revient aux fondamentaux et fait la part belle \u00e0 la danse. Ainsi, chacune des soir\u00e9es guinguette organis\u00e9es sera teint\u00e9e d\u2019une atmosph\u00e8re musicale particuli\u00e8re&nbsp;: latino en mai, musiques actuelles en juin et ann\u00e9es 80 en septembre.<\/p>\n<p>Et pour la premi\u00e8re, ce samedi, place \u00e0 la java. Le groupe Gang of Musette, collectif de musiciens issus de la Balluche de la Saugrenue, proposera \u00ab&nbsp;Le P\u2019tit Bal Perdu&nbsp;\u00bb, un spectacle qui fait non seulement revivre le r\u00e9pertoire de la chanson r\u00e9aliste incarn\u00e9 par Fr\u00e9hel, Damia ou encore \u00c9dith Piaf, mais aussi des compositions originales. Sur sc\u00e8ne, les cinq personnages aux surnoms pittoresques joueront un spectacle combinant \u00e9motion, po\u00e9sie, humour et intensit\u00e9 dans une ambiance unique entre le cabaret, le bal musette et le music-hall.<\/p>\n<p>\u00c0 c\u00f4t\u00e9 de cela, des jeux en bois amuseront petits et grands et un karaok\u00e9 pourrait \u00eatre organis\u00e9 apr\u00e8s le concert. Les commer\u00e7ants issus du centre bourg en grande majorit\u00e9 assureront buvette et restauration sur une place Fran\u00e7ois-Courtot sp\u00e9cialement am\u00e9nag\u00e9e pour l\u2019occasion.<\/p>\n<\/div>\n<p> Cet article, qui traite du th\u00e8me \u00ab\u00a0Festival Jazz et musique en mode guinguette\u00a0\u00bb, vous est d\u00e9lib\u00e9r\u00e9ment offert par festivox.fr. La raison d\u2019\u00eatre de festivox.fr est de parler de Festival Jazz et musique en mode guinguette dans la transparence la plus g\u00e9n\u00e9rale en vous procurant la visibilit\u00e9 de tout ce qui est publi\u00e9 sur ce sujet sur le web La chronique a \u00e9t\u00e9 g\u00e9n\u00e9r\u00e9e de la mani\u00e8re la plus honn\u00eate que possible. S\u2019il advenait que vous projetez d\u2019apporter quelques notes concernant le domaine de \u00ab\u00a0Festival Jazz et musique en mode guinguette\u00a0\u00bb vous avez la possibilit\u00e9 de d&rsquo;\u00e9changer avec notre r\u00e9daction. Dans peu de temps, on mettra en ligne d&rsquo;autres informations pertinentes autour du sujet \u00ab\u00a0Festival Jazz et musique en mode guinguette\u00a0\u00bb. Ainsi, consultez r\u00e9guli\u00e8rement notre site.<\/p>\n","protected":false},"excerpt":{"rendered":"<p>Les soir\u00e9es guinguette sont de retour \u00e0 Vaux-sur-Mer et cela commence samedi 27&nbsp;avril. La municipalit\u00e9 relance cette animation d\u2019avant et d\u2019apr\u00e8s saison en affichant clairement sa volont\u00e9 de renouer&#8230; Les soir\u00e9es guinguette sont de retour \u00e0 Vaux-sur-Mer et cela commence samedi 27&nbsp;avril. La municipalit\u00e9 relance cette animation d\u2019avant et d\u2019apr\u00e8s saison en affichant clairement sa&hellip;<\/p>\n","protected":false},"author":1,"featured_media":817,"comment_status":"closed","ping_status":"closed","sticky":false,"template":"","format":"standard","meta":{"footnotes":""},"categories":[3],"tags":[],"class_list":["post-816","post","type-post","status-publish","format-standard","has-post-thumbnail","hentry","category-wiki-sur-festival-jazz-et-musique-en-mode-guinguette"],"yoast_head":"<!-- This site is optimized with the Yoast SEO plugin v27.5 - https:\/\/yoast.com\/product\/yoast-seo-wordpress\/ -->\n<title>Vaux-sur-Mer : c\u2019est reparti pour les soir\u00e9es guinguette avec un retour aux fondamentaux - FESTIVOX<\/title>\n<meta name=\"robots\" content=\"index, follow, max-snippet:-1, max-image-preview:large, max-video-preview:-1\" \/>\n<link rel=\"canonical\" href=\"https:\/\/www.festivox.fr\/blog\/vaux-sur-mer-cest-reparti-pour-les-soirees-guinguette-avec-un-retour-aux-fondamentaux\/\" \/>\n<meta property=\"og:locale\" content=\"fr_FR\" \/>\n<meta property=\"og:type\" content=\"article\" \/>\n<meta property=\"og:title\" content=\"Vaux-sur-Mer : c\u2019est reparti pour les soir\u00e9es guinguette avec un retour aux fondamentaux - FESTIVOX\" \/>\n<meta property=\"og:description\" content=\"Les soir\u00e9es guinguette sont de retour \u00e0 Vaux-sur-Mer et cela commence samedi 27&nbsp;avril. La municipalit\u00e9 relance cette animation d\u2019avant et d\u2019apr\u00e8s saison en affichant clairement sa volont\u00e9 de renouer&#8230; Les soir\u00e9es guinguette sont de retour \u00e0 Vaux-sur-Mer et cela commence samedi 27&nbsp;avril. La municipalit\u00e9 relance cette animation d\u2019avant et d\u2019apr\u00e8s saison en affichant clairement sa&hellip;\" \/>\n<meta property=\"og:url\" content=\"https:\/\/www.festivox.fr\/blog\/vaux-sur-mer-cest-reparti-pour-les-soirees-guinguette-avec-un-retour-aux-fondamentaux\/\" \/>\n<meta property=\"og:site_name\" content=\"FESTIVOX\" \/>\n<meta property=\"article:published_time\" content=\"2024-04-24T06:37:00+00:00\" \/>\n<meta property=\"og:image\" content=\"https:\/\/www.festivox.fr\/blog\/wp-content\/uploads\/2024\/04\/vaux-sur-mer-cest-reparti-pour-les-soirees-guinguette-avec-un-retour-aux-fondamentaux.jpg\" \/>\n<meta name=\"author\" content=\"Michele\" \/>\n<meta name=\"twitter:card\" content=\"summary_large_image\" \/>\n<meta name=\"twitter:label1\" content=\"\u00c9crit par\" \/>\n\t<meta name=\"twitter:data1\" content=\"Michele\" \/>\n\t<meta name=\"twitter:label2\" content=\"Dur\u00e9e de lecture estim\u00e9e\" \/>\n\t<meta name=\"twitter:data2\" content=\"3 minutes\" \/>\n<script type=\"application\/ld+json\" class=\"yoast-schema-graph\">{\"@context\":\"https:\\\/\\\/schema.org\",\"@graph\":[{\"@type\":\"Article\",\"@id\":\"https:\\\/\\\/www.festivox.fr\\\/blog\\\/vaux-sur-mer-cest-reparti-pour-les-soirees-guinguette-avec-un-retour-aux-fondamentaux\\\/#article\",\"isPartOf\":{\"@id\":\"https:\\\/\\\/www.festivox.fr\\\/blog\\\/vaux-sur-mer-cest-reparti-pour-les-soirees-guinguette-avec-un-retour-aux-fondamentaux\\\/\"},\"author\":{\"name\":\"Michele\",\"@id\":\"https:\\\/\\\/www.festivox.fr\\\/blog\\\/#\\\/schema\\\/person\\\/f36a8b6bc94800c3eafed4bca993ce95\"},\"headline\":\"Vaux-sur-Mer : c\u2019est reparti pour les soir\u00e9es guinguette avec un retour aux fondamentaux\",\"datePublished\":\"2024-04-24T06:37:00+00:00\",\"mainEntityOfPage\":{\"@id\":\"https:\\\/\\\/www.festivox.fr\\\/blog\\\/vaux-sur-mer-cest-reparti-pour-les-soirees-guinguette-avec-un-retour-aux-fondamentaux\\\/\"},\"wordCount\":549,\"publisher\":{\"@id\":\"https:\\\/\\\/www.festivox.fr\\\/blog\\\/#organization\"},\"image\":{\"@id\":\"https:\\\/\\\/www.festivox.fr\\\/blog\\\/vaux-sur-mer-cest-reparti-pour-les-soirees-guinguette-avec-un-retour-aux-fondamentaux\\\/#primaryimage\"},\"thumbnailUrl\":\"https:\\\/\\\/www.festivox.fr\\\/blog\\\/wp-content\\\/uploads\\\/2024\\\/04\\\/vaux-sur-mer-cest-reparti-pour-les-soirees-guinguette-avec-un-retour-aux-fondamentaux.jpg\",\"articleSection\":[\"Wiki Sur Festival Jazz Et Musique En Mode Guinguette:\"],\"inLanguage\":\"fr-FR\"},{\"@type\":\"WebPage\",\"@id\":\"https:\\\/\\\/www.festivox.fr\\\/blog\\\/vaux-sur-mer-cest-reparti-pour-les-soirees-guinguette-avec-un-retour-aux-fondamentaux\\\/\",\"url\":\"https:\\\/\\\/www.festivox.fr\\\/blog\\\/vaux-sur-mer-cest-reparti-pour-les-soirees-guinguette-avec-un-retour-aux-fondamentaux\\\/\",\"name\":\"Vaux-sur-Mer : c\u2019est reparti pour les soir\u00e9es guinguette avec un retour aux fondamentaux - FESTIVOX\",\"isPartOf\":{\"@id\":\"https:\\\/\\\/www.festivox.fr\\\/blog\\\/#website\"},\"primaryImageOfPage\":{\"@id\":\"https:\\\/\\\/www.festivox.fr\\\/blog\\\/vaux-sur-mer-cest-reparti-pour-les-soirees-guinguette-avec-un-retour-aux-fondamentaux\\\/#primaryimage\"},\"image\":{\"@id\":\"https:\\\/\\\/www.festivox.fr\\\/blog\\\/vaux-sur-mer-cest-reparti-pour-les-soirees-guinguette-avec-un-retour-aux-fondamentaux\\\/#primaryimage\"},\"thumbnailUrl\":\"https:\\\/\\\/www.festivox.fr\\\/blog\\\/wp-content\\\/uploads\\\/2024\\\/04\\\/vaux-sur-mer-cest-reparti-pour-les-soirees-guinguette-avec-un-retour-aux-fondamentaux.jpg\",\"datePublished\":\"2024-04-24T06:37:00+00:00\",\"breadcrumb\":{\"@id\":\"https:\\\/\\\/www.festivox.fr\\\/blog\\\/vaux-sur-mer-cest-reparti-pour-les-soirees-guinguette-avec-un-retour-aux-fondamentaux\\\/#breadcrumb\"},\"inLanguage\":\"fr-FR\",\"potentialAction\":[{\"@type\":\"ReadAction\",\"target\":[\"https:\\\/\\\/www.festivox.fr\\\/blog\\\/vaux-sur-mer-cest-reparti-pour-les-soirees-guinguette-avec-un-retour-aux-fondamentaux\\\/\"]}]},{\"@type\":\"ImageObject\",\"inLanguage\":\"fr-FR\",\"@id\":\"https:\\\/\\\/www.festivox.fr\\\/blog\\\/vaux-sur-mer-cest-reparti-pour-les-soirees-guinguette-avec-un-retour-aux-fondamentaux\\\/#primaryimage\",\"url\":\"https:\\\/\\\/www.festivox.fr\\\/blog\\\/wp-content\\\/uploads\\\/2024\\\/04\\\/vaux-sur-mer-cest-reparti-pour-les-soirees-guinguette-avec-un-retour-aux-fondamentaux.jpg\",\"contentUrl\":\"https:\\\/\\\/www.festivox.fr\\\/blog\\\/wp-content\\\/uploads\\\/2024\\\/04\\\/vaux-sur-mer-cest-reparti-pour-les-soirees-guinguette-avec-un-retour-aux-fondamentaux.jpg\",\"width\":1200,\"height\":798},{\"@type\":\"BreadcrumbList\",\"@id\":\"https:\\\/\\\/www.festivox.fr\\\/blog\\\/vaux-sur-mer-cest-reparti-pour-les-soirees-guinguette-avec-un-retour-aux-fondamentaux\\\/#breadcrumb\",\"itemListElement\":[{\"@type\":\"ListItem\",\"position\":1,\"name\":\"Accueil\",\"item\":\"https:\\\/\\\/www.festivox.fr\\\/blog\\\/\"},{\"@type\":\"ListItem\",\"position\":2,\"name\":\"Vaux-sur-Mer : c\u2019est reparti pour les soir\u00e9es guinguette avec un retour aux fondamentaux\"}]},{\"@type\":\"WebSite\",\"@id\":\"https:\\\/\\\/www.festivox.fr\\\/blog\\\/#website\",\"url\":\"https:\\\/\\\/www.festivox.fr\\\/blog\\\/\",\"name\":\"FESTIVOX\",\"description\":\"Festival en mode guinguette.\",\"publisher\":{\"@id\":\"https:\\\/\\\/www.festivox.fr\\\/blog\\\/#organization\"},\"potentialAction\":[{\"@type\":\"SearchAction\",\"target\":{\"@type\":\"EntryPoint\",\"urlTemplate\":\"https:\\\/\\\/www.festivox.fr\\\/blog\\\/?s={search_term_string}\"},\"query-input\":{\"@type\":\"PropertyValueSpecification\",\"valueRequired\":true,\"valueName\":\"search_term_string\"}}],\"inLanguage\":\"fr-FR\"},{\"@type\":\"Organization\",\"@id\":\"https:\\\/\\\/www.festivox.fr\\\/blog\\\/#organization\",\"name\":\"festivox\",\"url\":\"https:\\\/\\\/www.festivox.fr\\\/blog\\\/\",\"logo\":{\"@type\":\"ImageObject\",\"inLanguage\":\"fr-FR\",\"@id\":\"https:\\\/\\\/www.festivox.fr\\\/blog\\\/#\\\/schema\\\/logo\\\/image\\\/\",\"url\":\"https:\\\/\\\/www.festivox.fr\\\/blog\\\/wp-content\\\/uploads\\\/2023\\\/06\\\/logo-2.png\",\"contentUrl\":\"https:\\\/\\\/www.festivox.fr\\\/blog\\\/wp-content\\\/uploads\\\/2023\\\/06\\\/logo-2.png\",\"width\":480,\"height\":160,\"caption\":\"festivox\"},\"image\":{\"@id\":\"https:\\\/\\\/www.festivox.fr\\\/blog\\\/#\\\/schema\\\/logo\\\/image\\\/\"}},{\"@type\":\"Person\",\"@id\":\"https:\\\/\\\/www.festivox.fr\\\/blog\\\/#\\\/schema\\\/person\\\/f36a8b6bc94800c3eafed4bca993ce95\",\"name\":\"Michele\",\"image\":{\"@type\":\"ImageObject\",\"inLanguage\":\"fr-FR\",\"@id\":\"https:\\\/\\\/secure.gravatar.com\\\/avatar\\\/b062046536b5d47ec9075956ec349ef95ed06b0f910c578f74abb318668b702e?s=96&d=mm&r=g\",\"url\":\"https:\\\/\\\/secure.gravatar.com\\\/avatar\\\/b062046536b5d47ec9075956ec349ef95ed06b0f910c578f74abb318668b702e?s=96&d=mm&r=g\",\"contentUrl\":\"https:\\\/\\\/secure.gravatar.com\\\/avatar\\\/b062046536b5d47ec9075956ec349ef95ed06b0f910c578f74abb318668b702e?s=96&d=mm&r=g\",\"caption\":\"Michele\"},\"sameAs\":[\"https:\\\/\\\/www.festivox.fr\\\/blog\"],\"url\":\"https:\\\/\\\/www.festivox.fr\\\/blog\\\/author\\\/voxadmin\\\/\"}]}<\/script>\n<!-- \/ Yoast SEO plugin. -->","yoast_head_json":{"title":"Vaux-sur-Mer : c\u2019est reparti pour les soir\u00e9es guinguette avec un retour aux fondamentaux - FESTIVOX","robots":{"index":"index","follow":"follow","max-snippet":"max-snippet:-1","max-image-preview":"max-image-preview:large","max-video-preview":"max-video-preview:-1"},"canonical":"https:\/\/www.festivox.fr\/blog\/vaux-sur-mer-cest-reparti-pour-les-soirees-guinguette-avec-un-retour-aux-fondamentaux\/","og_locale":"fr_FR","og_type":"article","og_title":"Vaux-sur-Mer : c\u2019est reparti pour les soir\u00e9es guinguette avec un retour aux fondamentaux - FESTIVOX","og_description":"Les soir\u00e9es guinguette sont de retour \u00e0 Vaux-sur-Mer et cela commence samedi 27&nbsp;avril. La municipalit\u00e9 relance cette animation d\u2019avant et d\u2019apr\u00e8s saison en affichant clairement sa volont\u00e9 de renouer&#8230; Les soir\u00e9es guinguette sont de retour \u00e0 Vaux-sur-Mer et cela commence samedi 27&nbsp;avril. La municipalit\u00e9 relance cette animation d\u2019avant et d\u2019apr\u00e8s saison en affichant clairement sa&hellip;","og_url":"https:\/\/www.festivox.fr\/blog\/vaux-sur-mer-cest-reparti-pour-les-soirees-guinguette-avec-un-retour-aux-fondamentaux\/","og_site_name":"FESTIVOX","article_published_time":"2024-04-24T06:37:00+00:00","og_image":[{"url":"https:\/\/www.festivox.fr\/blog\/wp-content\/uploads\/2024\/04\/vaux-sur-mer-cest-reparti-pour-les-soirees-guinguette-avec-un-retour-aux-fondamentaux.jpg","type":"","width":"","height":""}],"author":"Michele","twitter_card":"summary_large_image","twitter_misc":{"\u00c9crit par":"Michele","Dur\u00e9e de lecture estim\u00e9e":"3 minutes"},"schema":{"@context":"https:\/\/schema.org","@graph":[{"@type":"Article","@id":"https:\/\/www.festivox.fr\/blog\/vaux-sur-mer-cest-reparti-pour-les-soirees-guinguette-avec-un-retour-aux-fondamentaux\/#article","isPartOf":{"@id":"https:\/\/www.festivox.fr\/blog\/vaux-sur-mer-cest-reparti-pour-les-soirees-guinguette-avec-un-retour-aux-fondamentaux\/"},"author":{"name":"Michele","@id":"https:\/\/www.festivox.fr\/blog\/#\/schema\/person\/f36a8b6bc94800c3eafed4bca993ce95"},"headline":"Vaux-sur-Mer : c\u2019est reparti pour les soir\u00e9es guinguette avec un retour aux fondamentaux","datePublished":"2024-04-24T06:37:00+00:00","mainEntityOfPage":{"@id":"https:\/\/www.festivox.fr\/blog\/vaux-sur-mer-cest-reparti-pour-les-soirees-guinguette-avec-un-retour-aux-fondamentaux\/"},"wordCount":549,"publisher":{"@id":"https:\/\/www.festivox.fr\/blog\/#organization"},"image":{"@id":"https:\/\/www.festivox.fr\/blog\/vaux-sur-mer-cest-reparti-pour-les-soirees-guinguette-avec-un-retour-aux-fondamentaux\/#primaryimage"},"thumbnailUrl":"https:\/\/www.festivox.fr\/blog\/wp-content\/uploads\/2024\/04\/vaux-sur-mer-cest-reparti-pour-les-soirees-guinguette-avec-un-retour-aux-fondamentaux.jpg","articleSection":["Wiki Sur Festival Jazz Et Musique En Mode Guinguette:"],"inLanguage":"fr-FR"},{"@type":"WebPage","@id":"https:\/\/www.festivox.fr\/blog\/vaux-sur-mer-cest-reparti-pour-les-soirees-guinguette-avec-un-retour-aux-fondamentaux\/","url":"https:\/\/www.festivox.fr\/blog\/vaux-sur-mer-cest-reparti-pour-les-soirees-guinguette-avec-un-retour-aux-fondamentaux\/","name":"Vaux-sur-Mer : c\u2019est reparti pour les soir\u00e9es guinguette avec un retour aux fondamentaux - FESTIVOX","isPartOf":{"@id":"https:\/\/www.festivox.fr\/blog\/#website"},"primaryImageOfPage":{"@id":"https:\/\/www.festivox.fr\/blog\/vaux-sur-mer-cest-reparti-pour-les-soirees-guinguette-avec-un-retour-aux-fondamentaux\/#primaryimage"},"image":{"@id":"https:\/\/www.festivox.fr\/blog\/vaux-sur-mer-cest-reparti-pour-les-soirees-guinguette-avec-un-retour-aux-fondamentaux\/#primaryimage"},"thumbnailUrl":"https:\/\/www.festivox.fr\/blog\/wp-content\/uploads\/2024\/04\/vaux-sur-mer-cest-reparti-pour-les-soirees-guinguette-avec-un-retour-aux-fondamentaux.jpg","datePublished":"2024-04-24T06:37:00+00:00","breadcrumb":{"@id":"https:\/\/www.festivox.fr\/blog\/vaux-sur-mer-cest-reparti-pour-les-soirees-guinguette-avec-un-retour-aux-fondamentaux\/#breadcrumb"},"inLanguage":"fr-FR","potentialAction":[{"@type":"ReadAction","target":["https:\/\/www.festivox.fr\/blog\/vaux-sur-mer-cest-reparti-pour-les-soirees-guinguette-avec-un-retour-aux-fondamentaux\/"]}]},{"@type":"ImageObject","inLanguage":"fr-FR","@id":"https:\/\/www.festivox.fr\/blog\/vaux-sur-mer-cest-reparti-pour-les-soirees-guinguette-avec-un-retour-aux-fondamentaux\/#primaryimage","url":"https:\/\/www.festivox.fr\/blog\/wp-content\/uploads\/2024\/04\/vaux-sur-mer-cest-reparti-pour-les-soirees-guinguette-avec-un-retour-aux-fondamentaux.jpg","contentUrl":"https:\/\/www.festivox.fr\/blog\/wp-content\/uploads\/2024\/04\/vaux-sur-mer-cest-reparti-pour-les-soirees-guinguette-avec-un-retour-aux-fondamentaux.jpg","width":1200,"height":798},{"@type":"BreadcrumbList","@id":"https:\/\/www.festivox.fr\/blog\/vaux-sur-mer-cest-reparti-pour-les-soirees-guinguette-avec-un-retour-aux-fondamentaux\/#breadcrumb","itemListElement":[{"@type":"ListItem","position":1,"name":"Accueil","item":"https:\/\/www.festivox.fr\/blog\/"},{"@type":"ListItem","position":2,"name":"Vaux-sur-Mer : c\u2019est reparti pour les soir\u00e9es guinguette avec un retour aux fondamentaux"}]},{"@type":"WebSite","@id":"https:\/\/www.festivox.fr\/blog\/#website","url":"https:\/\/www.festivox.fr\/blog\/","name":"FESTIVOX","description":"Festival en mode guinguette.","publisher":{"@id":"https:\/\/www.festivox.fr\/blog\/#organization"},"potentialAction":[{"@type":"SearchAction","target":{"@type":"EntryPoint","urlTemplate":"https:\/\/www.festivox.fr\/blog\/?s={search_term_string}"},"query-input":{"@type":"PropertyValueSpecification","valueRequired":true,"valueName":"search_term_string"}}],"inLanguage":"fr-FR"},{"@type":"Organization","@id":"https:\/\/www.festivox.fr\/blog\/#organization","name":"festivox","url":"https:\/\/www.festivox.fr\/blog\/","logo":{"@type":"ImageObject","inLanguage":"fr-FR","@id":"https:\/\/www.festivox.fr\/blog\/#\/schema\/logo\/image\/","url":"https:\/\/www.festivox.fr\/blog\/wp-content\/uploads\/2023\/06\/logo-2.png","contentUrl":"https:\/\/www.festivox.fr\/blog\/wp-content\/uploads\/2023\/06\/logo-2.png","width":480,"height":160,"caption":"festivox"},"image":{"@id":"https:\/\/www.festivox.fr\/blog\/#\/schema\/logo\/image\/"}},{"@type":"Person","@id":"https:\/\/www.festivox.fr\/blog\/#\/schema\/person\/f36a8b6bc94800c3eafed4bca993ce95","name":"Michele","image":{"@type":"ImageObject","inLanguage":"fr-FR","@id":"https:\/\/secure.gravatar.com\/avatar\/b062046536b5d47ec9075956ec349ef95ed06b0f910c578f74abb318668b702e?s=96&d=mm&r=g","url":"https:\/\/secure.gravatar.com\/avatar\/b062046536b5d47ec9075956ec349ef95ed06b0f910c578f74abb318668b702e?s=96&d=mm&r=g","contentUrl":"https:\/\/secure.gravatar.com\/avatar\/b062046536b5d47ec9075956ec349ef95ed06b0f910c578f74abb318668b702e?s=96&d=mm&r=g","caption":"Michele"},"sameAs":["https:\/\/www.festivox.fr\/blog"],"url":"https:\/\/www.festivox.fr\/blog\/author\/voxadmin\/"}]}},"_links":{"self":[{"href":"https:\/\/www.festivox.fr\/blog\/wp-json\/wp\/v2\/posts\/816","targetHints":{"allow":["GET"]}}],"collection":[{"href":"https:\/\/www.festivox.fr\/blog\/wp-json\/wp\/v2\/posts"}],"about":[{"href":"https:\/\/www.festivox.fr\/blog\/wp-json\/wp\/v2\/types\/post"}],"author":[{"embeddable":true,"href":"https:\/\/www.festivox.fr\/blog\/wp-json\/wp\/v2\/users\/1"}],"replies":[{"embeddable":true,"href":"https:\/\/www.festivox.fr\/blog\/wp-json\/wp\/v2\/comments?post=816"}],"version-history":[{"count":0,"href":"https:\/\/www.festivox.fr\/blog\/wp-json\/wp\/v2\/posts\/816\/revisions"}],"wp:featuredmedia":[{"embeddable":true,"href":"https:\/\/www.festivox.fr\/blog\/wp-json\/wp\/v2\/media\/817"}],"wp:attachment":[{"href":"https:\/\/www.festivox.fr\/blog\/wp-json\/wp\/v2\/media?parent=816"}],"wp:term":[{"taxonomy":"category","embeddable":true,"href":"https:\/\/www.festivox.fr\/blog\/wp-json\/wp\/v2\/categories?post=816"},{"taxonomy":"post_tag","embeddable":true,"href":"https:\/\/www.festivox.fr\/blog\/wp-json\/wp\/v2\/tags?post=816"}],"curies":[{"name":"wp","href":"https:\/\/api.w.org\/{rel}","templated":true}]}}