{"id":810,"date":"2024-04-24T17:12:00","date_gmt":"2024-04-24T15:12:00","guid":{"rendered":"https:\/\/www.festivox.fr\/blog\/lagendarts-saguenay-en-mode-jazz-et-blues-et-folk\/"},"modified":"2024-04-24T17:12:00","modified_gmt":"2024-04-24T15:12:00","slug":"lagendarts-saguenay-en-mode-jazz-et-blues-et-folk","status":"publish","type":"post","link":"https:\/\/www.festivox.fr\/blog\/lagendarts-saguenay-en-mode-jazz-et-blues-et-folk\/","title":{"rendered":"L\u2019AgendARTS : Saguenay en mode Jazz et Blues (et folk)"},"content":{"rendered":"\n<p class=\"article-bodystyled__StyledText-sc-19uhgql-0 kBIukV body-paragraph\">Cette semaine, Saguenay se fait surtout Jazz et Blues, avec la tenue de la 28e \u00e9dition du festival du m\u00eame nom. Celle-ci verra d\u00e9filer plusieurs beaux noms au cours des prochains jours, \u00e0 commencer par Lulu Hughes, Nick Waterhouse, Les Gars du Nord, Gabrielle Shonk et L\u00e9onie Gray.<\/p>\n<p class=\"article-bodystyled__StyledText-sc-19uhgql-0 kBIukV body-paragraph\">Mais il y aura aussi en parall\u00e8le une belle touche folk, avec le passage en r\u00e9gion de Safia Nolin, et un bel \u00e9v\u00e9nement litt\u00e9raire, avec le lancement du nouveau roman de Julien Gravelle. \u00c7a et plein d\u2019autres choses, comme vous le lirez ici !<\/p>\n<p class=\"article-bodystyled__StyledText-sc-19uhgql-0 kBIukV body-paragraph\">C\u2019est l\u2019envo\u00fbtante <a href=\"https:\/\/www.lequotidien.com\/arts\/2024\/04\/23\/une-emilie-claire-barlow-enveloppante-pour-lancer-le-jazz-et-blues-Q5BZ4442BVDYBOVUCBHEMUDHJI\/\" target=\"_blank\" rel=\"noopener nofollow\">\u00c9milie-Claire Barlow<\/a> qui a donn\u00e9 le ton au Festival Jazz et Blues de Saguenay, mardi soir au Th\u00e9\u00e2tre C, lors d\u2019un concert de lancement m\u00e9morable. Le <a href=\"https:\/\/www.jazzetblues.com\/programmation\/\" target=\"_blank\" rel=\"noopener nofollow\">reste de la programmation<\/a> devrait \u00eatre \u00e0 la hauteur de ce premier acte, avec la venue de Nick Waterhouse et du Choeur Exp\u00e9rience Gospel au Th\u00e9\u00e2tre C, vendredi et samedi. Ainsi que de Lulu Hughes et Les Gars du Nord au Th\u00e9\u00e2tre Palace d\u2019Arvida, jeudi et samedi.<\/p>\n<figure class=\"article-body-image-container\"><img decoding=\"async\" alt=\"Nick Waterhouse \" src=\"https:\/\/www.festivox.fr\/blog\/wp-content\/uploads\/2024\/04\/lagendarts-saguenay-en-mode-jazz-et-blues-et-folk.jpg\" width=\"1440\" height=\"0\" loading=\"lazy\"><figcaption>\n<p class=\"ImageMetadata__MetadataParagraph-sc-1gn0vty-0 epduxx image-metadata\"><span>Nick Waterhouse <\/span>(Benjamin Heath)<\/p>\n<\/figcaption><\/figure>\n<p class=\"article-bodystyled__StyledText-sc-19uhgql-0 kBIukV body-paragraph\">Puis il y aura aussi un D\u00f4me brillamment occup\u00e9 sur la rue Racine, o\u00f9 d\u00e9fileront les R\u00e9mi Cormier (jeudi), Waahli (jeudi), L\u00e9onie Gray (vendredi), No\u00e9 Lira (samedi) et Ramon Chicharron (samedi). Ainsi qu\u2019un restaurant l\u2019Inter au menu musical et jazz, avec les Tina Leon (jeudi), Pako (jeudi), Miss Sassoeur (vendredi), Fuel Junkie (vendredi), Dizzy &amp; Fay (samedi) et Jake Vaadeland &amp; the Sturgeon River Boys (samedi).<\/p>\n<p>[embedded content]<\/p>\n<p class=\"article-bodystyled__StyledText-sc-19uhgql-0 kBIukV body-paragraph\">En entr\u00e9e, il y aura m\u00eame cette conf\u00e9rence de l\u2019ambassadeur du Festival Jazz et Blues, Stanley P\u00e9an, jeudi \u00e0 13 h \u00e0 la Biblioth\u00e8que de Chicoutimi, alors qu\u2019il reviendra sur ces grandes dames oubli\u00e9es du jazz \u00e0 travers son plus r\u00e9cent livre : <i>Noir Satin<\/i>. Et en guise de dessert, il y aura ces dj <i>sets<\/i> de fin de soir\u00e9e mettant en vedette La Java, vendredi et samedi, au D\u00f4me Banque Nationale.<\/p>\n<figure class=\"article-body-image-container\"><img decoding=\"async\" alt=\"Ouverture Jazz&amp;Blues Saguenay @ Th\u00e9\u00e2tre C Stanley P\u00e9an jazz blues\" src=\"https:\/\/www.festivox.fr\/blog\/wp-content\/uploads\/2024\/04\/lagendarts-saguenay-en-mode-jazz-et-blues-et-folk-1.jpg\" width=\"1440\" height=\"0\" loading=\"lazy\"><figcaption>\n<p class=\"ImageMetadata__MetadataParagraph-sc-1gn0vty-0 epduxx image-metadata\"><span>Stanley P\u00e9an <\/span>(Tom Core\/Le Quotidien)<\/p>\n<\/figcaption><\/figure>\n<p class=\"article-bodystyled__StyledText-sc-19uhgql-0 kBIukV body-paragraph\">Chicoutimi-Nord aussi aura sa part de Jazz et Blues, avec une soir\u00e9e aux penchants latin, swing, blues et fusion jeudi au <a href=\"https:\/\/cem.studio\/fr\/evenement\/festival-jazz-blues-de-saguenay-2024-etudiants-du-college-dalma\" target=\"_blank\" rel=\"noopener nofollow\">CEM<\/a>, o\u00f9 se produiront des \u00e9tudiants du Coll\u00e8ge d\u2019Alma. La salle de diffusion pr\u00e9sentera ensuite un concert bien diff\u00e9rent, vendredi, cette fois sans aucun lien avec le Festival. L\u2019\u00e9v\u00e9nement \u00e0 saveur m\u00e9tal, baptis\u00e9 la <a href=\"https:\/\/cem.studio\/fr\/evenement\/nuit-des-titans\" target=\"_blank\" rel=\"nofollow\">Nuit des Titans<\/a>, r\u00e9unira trois groupes hommages, et fera la part belle aux succ\u00e8s des formations In Flames, At The Gates et Helloween.<\/p>\n<p class=\"article-bodystyled__StyledText-sc-19uhgql-0 kBIukV body-paragraph\">Puis il y aura d\u2019autres \u00e9v\u00e9nements musicaux int\u00e9ressants, \u00e0 l\u2019ext\u00e9rieur du Festival Jazz et Blues, au cours des prochains jours. Comme la petite tourn\u00e9e r\u00e9gionale de Safia Nolin, qui s\u2019arr\u00eatera jeudi au <a href=\"https:\/\/cotecour.tuxedobillet.com\/C%C3%B4t%C3%A9%20Cour\/safia-nolin\" target=\"_blank\" rel=\"noopener nofollow\">C\u00f4t\u00e9-Cour<\/a> de Jonqui\u00e8re et vendredi au <a href=\"https:\/\/lepointdevente.com\/billets\/och240426001\" target=\"_blank\" rel=\"noopener nofollow\">Caf\u00e9 du Clocher<\/a> d\u2019Alma. Un Caf\u00e9 du Clocher qui pr\u00e9sentera ensuite un <a href=\"https:\/\/lepointdevente.com\/billets\/och240427001\" target=\"_blank\" rel=\"noopener nofollow\">programme double<\/a> samedi avec des hommages aux Ramones et \u00e0 B\u00e9rurier noir, ainsi qu\u2019une prestation du groupe punk britannique <a href=\"https:\/\/lepointdevente.com\/billets\/och240428001\" target=\"_blank\" rel=\"noopener nofollow\">The Partisans<\/a> dimanche.<\/p>\n<p>[embedded content]<\/p>\n<div class=\"list-linkstyled__Wrapper-sc-17h7orh-0 bJtwBi\">\n<h3 class=\"list-linkstyled__Title-sc-17h7orh-2 iPhMgx\">\u00c0 lire aussi<\/h3>\n<\/div>\n<p class=\"article-bodystyled__StyledText-sc-19uhgql-0 kBIukV body-paragraph\">Et si vous cherchez quoi \u00e9couter, \u00e0 la maison, il y a bien s\u00fbr le nouvel album de Taylor Swift, <i>The Tortured Poets Departement, m<\/i>ais mes coll\u00e8gues des <i>Coops de l\u2019info<\/i> ont \u00e9galement de bons mots pour les petits derniers de Pearl Jam (<i>Dark Matter<\/i>), Kerry King (<i>From Hell I Rise<\/i>) et The Black Keys (<i>Ohio Players<\/i>).<\/p>\n<p>[embedded content]<\/p>\n<div class=\"list-linkstyled__Wrapper-sc-17h7orh-0 bJtwBi\">\n<h3 class=\"list-linkstyled__Title-sc-17h7orh-2 iPhMgx\">\u00c0 lire aussi<\/h3>\n<\/div>\n<p class=\"article-bodystyled__StyledText-sc-19uhgql-0 kBIukV body-paragraph\">\u00c0 la recherche de nouveaux livres \u00e0 mettre dans votre biblioth\u00e8que ou sur votre table de chevet ? Permettez-moi de vous conseiller avec vigueur le deuxi\u00e8me roman de Virginie DeChamplain \u00e0 La Peuplade, <i>Avant de br\u00fbler<\/i>, qui traite de fin du monde avec douceur et po\u00e9sie. Sur ma pile \u00ab\u00e0 lire\u00bb, de mon c\u00f4t\u00e9, j\u2019ai \u00e9galement <i>IF<\/i>, le nouveau roman de Julien Gravelle, dont ce sera le lancement ce mercredi d\u00e8s 18 h \u00e0 la Librairie Marie-Laura de Jonqui\u00e8re.<\/p>\n<figure class=\"article-body-image-container\"><img decoding=\"async\" src=\"https:\/\/www.festivox.fr\/blog\/wp-content\/uploads\/2024\/04\/lagendarts-saguenay-en-mode-jazz-et-blues-et-folk-2.jpg\" width=\"1440\" height=\"0\" loading=\"lazy\"><figcaption>\n<p class=\"ImageMetadata__MetadataParagraph-sc-1gn0vty-0 epduxx image-metadata\">(La Peuplade)<\/p>\n<\/figcaption><\/figure>\n<div class=\"list-linkstyled__Wrapper-sc-17h7orh-0 bJtwBi\">\n<h3 class=\"list-linkstyled__Title-sc-17h7orh-2 iPhMgx\">\u00c0 lire aussi<\/h3>\n<\/div>\n<p class=\"article-bodystyled__StyledText-sc-19uhgql-0 kBIukV body-paragraph\">En humour, je me dois de d\u00e9buter avec une nouvelle pas dr\u00f4le du tout : le spectacle de l\u2019hilarant Simon Leblanc affiche malheureusement complet, mardi soir prochain au <a href=\"https:\/\/diffusion.saguenay.ca\/evenement\/simon-leblanc-2\/\" target=\"_blank\" rel=\"noopener nofollow\">Th\u00e9\u00e2tre C<\/a>.<\/p>\n<figure class=\"article-body-image-container\"><img decoding=\"async\" alt=\"Simon Leblanc\" src=\"https:\/\/www.festivox.fr\/blog\/wp-content\/uploads\/2024\/04\/lagendarts-saguenay-en-mode-jazz-et-blues-et-folk-3.jpg\" width=\"1440\" height=\"0\" loading=\"lazy\"><figcaption>\n<p class=\"ImageMetadata__MetadataParagraph-sc-1gn0vty-0 epduxx image-metadata\"><span>Simon Leblanc <\/span>(Spectre M\u00e9dia, Maxime Picard)<\/p>\n<\/figcaption><\/figure>\n<p class=\"article-bodystyled__StyledText-sc-19uhgql-0 kBIukV body-paragraph\">Mais dans la cat\u00e9gorie \u00abil reste de la place\u00bb, il y a la petite saucette r\u00e9gionale de Jean-Thomas Jobin jeudi soir \u00e0 la <a href=\"https:\/\/www.almaspectacles.com\/spectacles\/jean-thomas-jobin\" target=\"_blank\" rel=\"noopener nofollow\">Boite \u00e0 Bleuets<\/a> d\u2019Alma. La visite de Brian Piton, alias Joe Spectacle, dont la \u00abpi\u00e8ce de th\u00e9\u00e2tre humoristique solo\u00bb marquera le d\u00e9but d\u2019une nouvelle \u00e8re au <a href=\"https:\/\/lepointdevente.com\/billets\/joespectaclechicoutimi\" target=\"_blank\" rel=\"noopener nofollow\">Bar \u00e0 Pitons<\/a> (BaP) de Chicoutimi. Le <i>Tout ou rien <\/i>de Jean-Claude G\u00e9linas samedi au <a href=\"https:\/\/www.lecalypso.ca\/spectacle\/tout-ou-rien-jean-claude-gb-linas\" target=\"_blank\" rel=\"noopener nofollow\">Calypso<\/a> de Jonqu\u00e8re.<\/p>\n<figure class=\"article-body-image-container\"><img decoding=\"async\" alt=\"Jean-Thomas Jobin\" src=\"https:\/\/www.festivox.fr\/blog\/wp-content\/uploads\/2024\/04\/lagendarts-saguenay-en-mode-jazz-et-blues-et-folk-4.jpg\" width=\"1440\" height=\"0\" loading=\"lazy\"><figcaption>\n<p class=\"ImageMetadata__MetadataParagraph-sc-1gn0vty-0 epduxx image-metadata\"><span>Jean-Thomas Jobin <\/span>(Maude Denis Photographe)<\/p>\n<\/figcaption><\/figure>\n<p class=\"article-bodystyled__StyledText-sc-19uhgql-0 kBIukV body-paragraph\">Ainsi que cette soir\u00e9e d\u2019improvisation \u00e0 <a href=\"https:\/\/lanuitdestemps.ca\/programmation\/impro-financement-stage-au-senegal\/\" target=\"_blank\" rel=\"noopener nofollow\">La Nuit des Temps<\/a>, vendredi, o\u00f9 les joueurs de la DIBS mettront leurs talents au profit des \u00e9tudiants de l\u2019UQAC. Tous les fonds amass\u00e9s serviront \u00e0 financer leur stage de coop\u00e9ration internationale au S\u00e9n\u00e9gal.<\/p>\n<p class=\"article-bodystyled__StyledText-sc-19uhgql-0 kBIukV body-paragraph\">Pour ceux qui ont envie de se d\u00e9gourdir, il y a le Jeudi Swing qui tiendra une \u00e9dition bien sp\u00e9ciale, cette semaine \u00e0 la m\u00eame <a href=\"https:\/\/lanuitdestemps.ca\/programmation\/jeudi-swing-special-festival-jazz-et-blues-avec-supertonic-band\/\" target=\"_blank\" rel=\"noopener nofollow\">Nuit des Temps<\/a>, dans le cadre du Festival Jazz et Blues. Au menu : danse Rock n\u2019 Roll, prestation du SuperTonic Band, cours de danse swing et tenues r\u00e9tro!<\/p>\n<p class=\"article-bodystyled__StyledText-sc-19uhgql-0 kBIukV body-paragraph\">Il est encore temps d\u2019aller voir la pi\u00e8ce <i>Le Faiseur<\/i>, du <a href=\"https:\/\/lepointdevente.com\/billets\/production2024\" target=\"_blank\" rel=\"noopener nofollow\">Th\u00e9\u00e2tre Mic-Mac<\/a>, \u00e0 Roberval. Il y a quelques jours, mon coll\u00e8gue Guillaume Roy parlait d\u2019une proposition \u00abtoujours d\u2019actualit\u00e9\u00bb, m\u00eame si adapt\u00e9e d\u2019une oeuvre vieille de 170 ans.<\/p>\n<figure class=\"article-body-image-container\">&lt;img alt=&quot;Il est encore temps d\u2019aller voir la pi\u00e8ce <em>Le Faiseur<em>, du Th\u00e9\u00e2tre Mic-Mac, \u00e0 Roberval.\u00a0\u00bb src=\u00a0\u00bbhttps:\/\/www.festivox.fr\/blog\/wp-content\/uploads\/2024\/04\/lagendarts-saguenay-en-mode-jazz-et-blues-et-folk-5.jpg\u00a0\u00bb width=\u00a0\u00bb1440&Prime; height=\u00a0\u00bb0&Prime; loading=\u00a0\u00bblazy\u00a0\u00bb&gt;<figcaption>\n<p class=\"ImageMetadata__MetadataParagraph-sc-1gn0vty-0 epduxx image-metadata\"><span>Il est encore temps d\u2019aller voir la pi\u00e8ce <em>Le Faiseur<em>, du Th\u00e9\u00e2tre Mic-Mac, \u00e0 Roberval. <\/em><\/em><\/span>(Chantale Langlais)<\/p>\n<\/figcaption><\/figure>\n<div class=\"list-linkstyled__Wrapper-sc-17h7orh-0 bJtwBi\">\n<h3 class=\"list-linkstyled__Title-sc-17h7orh-2 iPhMgx\">\u00c0 lire aussi<\/h3>\n<\/div>\n<p class=\"article-bodystyled__StyledText-sc-19uhgql-0 kBIukV body-paragraph\">Au petit \u00e9cran, permettez-moi de vous conseiller \u00e0 nouveau la s\u00e9rie <i>Fallout<\/i>, adapt\u00e9e du jeu vid\u00e9o du m\u00eame nom, sur Prime Video. Ainsi que la t\u00e9l\u00e9-r\u00e9alit\u00e9 <i>Les Tra\u00eetres<\/i>, sur Noovo. Vous me remercierez apr\u00e8s !<\/p>\n<figure class=\"article-body-image-container\"><img decoding=\"async\" alt=\"Les Tra\u00eetres Qu\u00e9bec\" src=\"https:\/\/www.festivox.fr\/blog\/wp-content\/uploads\/2024\/04\/lagendarts-saguenay-en-mode-jazz-et-blues-et-folk-6.jpg\" width=\"1440\" height=\"0\" loading=\"lazy\"><figcaption>\n<p class=\"ImageMetadata__MetadataParagraph-sc-1gn0vty-0 epduxx image-metadata\"><span>La t\u00e9l\u00e9-r\u00e9alit\u00e9 <em>Les Tra\u00eetres<em>, sur Noovo <\/em><\/em><\/span>(Entourage T\u00e9l\u00e9vision)<\/p>\n<\/figcaption><\/figure>\n<p class=\"article-bodystyled__StyledText-sc-19uhgql-0 kBIukV body-paragraph\">Sinon, il y a aussi la nouvelle s\u00e9rie <i>Mon petit renne<\/i>, sur Netflix, qui fait de plus en plus jaser chez mes coll\u00e8gues de la r\u00e9daction. Comme moi, vous pourrez profiter du week-end pour v\u00e9rifier si \u00e7a vaut bel et bien la jasette de caf\u00e9t\u00e9ria !<\/p>\n<p>[embedded content]<\/p>\n<div class=\"list-linkstyled__Wrapper-sc-17h7orh-0 bJtwBi\">\n<h3 class=\"list-linkstyled__Title-sc-17h7orh-2 iPhMgx\">\u00c0 lire aussi<\/h3>\n<\/div>\n<p class=\"article-bodystyled__StyledText-sc-19uhgql-0 kBIukV body-paragraph\">Dans les galeries de la r\u00e9gion, il y a encore les propositions de Line Dufour au CNE, de Chantale Desbiens et Anne-Marie Aubin \u00e0 la galerie L\u2019Art de vivre d\u2019Arvida, de Yann Pocreau au Centre Sagamie d\u2019Alma, de <a href=\"https:\/\/www.lequotidien.com\/arts\/2024\/04\/12\/roger-villeneuve-le-peintre-agricole-EA2RITRT5RCSZOKU34LPL3NZ7A\/\" target=\"_blank\" rel=\"nofollow\">Roger Villeneuve<\/a> \u00e0 la Galerie 5 de Jonqui\u00e8re, ainsi que de Fanny Latreille et \u00c9milie Desmeules chez <a href=\"https:\/\/www.langageplus.com\/\" target=\"_blank\" rel=\"nofollow\">Langage Plus<\/a> \u00e0 Alma.<\/p>\n<figure class=\"article-body-image-container\"><img decoding=\"async\" alt=\"Le Jardin de mon coeur @Gallerie 5 exposition peintre Roger Villeneuve\" src=\"https:\/\/www.festivox.fr\/blog\/wp-content\/uploads\/2024\/04\/lagendarts-saguenay-en-mode-jazz-et-blues-et-folk-7.jpg\" width=\"1440\" height=\"0\" loading=\"lazy\"><figcaption>\n<p class=\"ImageMetadata__MetadataParagraph-sc-1gn0vty-0 epduxx image-metadata\"><span>Roger Villeneuve \u00e0 la Galerie 5 de Jonqui\u00e8re <\/span>(Tom Core\/Le Quotidien)<\/p>\n<\/figcaption><\/figure>\n<p class=\"article-bodystyled__StyledText-sc-19uhgql-0 kBIukV body-paragraph\">Puis il ne vous reste que quelques jours pour d\u00e9couvrir le travail de Christian C\u00f4t\u00e9 \u00e0 l\u2019Espace Maestria, la <a href=\"https:\/\/www.lequotidien.com\/arts\/2024\/03\/17\/la-delicate-monumentalite-dannie-charland-thibodeau-au-centre-bang-OOQUE3AADFERZNCK2X3K6VAKNU\/\" target=\"_blank\" rel=\"nofollow\">d\u00e9licate monumentalit\u00e9<\/a> d\u2019Annie Charland Thibodeau \u00e0 l\u2019Espace S\u00e9quence du Centre Bang et le <a href=\"https:\/\/www.lequotidien.com\/arts\/2024\/03\/05\/emlac-noirem-les-frasques-humaines-vues-par-la-nature-GRKQH3XCOZAK7D5UOQDS2TBP6E\/\" target=\"_blank\" rel=\"nofollow\">Lac Noir de St\u00e9phanie Morissette<\/a> \u00e0 l\u2019Espace Virtuel du Centre Bang.<\/p>\n<p> Cet article, qui traite du th\u00e8me \u00ab\u00a0Festival Jazz et musique en mode guinguette\u00a0\u00bb, vous est d\u00e9lib\u00e9r\u00e9ment offert par festivox.fr. La raison d\u2019\u00eatre de festivox.fr est de parler de Festival Jazz et musique en mode guinguette dans la transparence la plus g\u00e9n\u00e9rale en vous procurant la visibilit\u00e9 de tout ce qui est publi\u00e9 sur ce sujet sur le web La chronique a \u00e9t\u00e9 g\u00e9n\u00e9r\u00e9e de la mani\u00e8re la plus honn\u00eate que possible. S\u2019il advenait que vous projetez d\u2019apporter quelques notes concernant le domaine de \u00ab\u00a0Festival Jazz et musique en mode guinguette\u00a0\u00bb vous avez la possibilit\u00e9 de d&rsquo;\u00e9changer avec notre r\u00e9daction. Dans peu de temps, on mettra en ligne d&rsquo;autres informations pertinentes autour du sujet \u00ab\u00a0Festival Jazz et musique en mode guinguette\u00a0\u00bb. Ainsi, consultez r\u00e9guli\u00e8rement notre site.<\/p>\n","protected":false},"excerpt":{"rendered":"<p>Cette semaine, Saguenay se fait surtout Jazz et Blues, avec la tenue de la 28e \u00e9dition du festival du m\u00eame nom. Celle-ci verra d\u00e9filer plusieurs beaux noms au cours des prochains jours, \u00e0 commencer par Lulu Hughes, Nick Waterhouse, Les Gars du Nord, Gabrielle Shonk et L\u00e9onie Gray. Mais il y aura aussi en parall\u00e8le&hellip;<\/p>\n","protected":false},"author":1,"featured_media":811,"comment_status":"closed","ping_status":"closed","sticky":false,"template":"","format":"standard","meta":{"footnotes":""},"categories":[3],"tags":[],"class_list":["post-810","post","type-post","status-publish","format-standard","has-post-thumbnail","hentry","category-wiki-sur-festival-jazz-et-musique-en-mode-guinguette"],"yoast_head":"<!-- This site is optimized with the Yoast SEO plugin v27.5 - https:\/\/yoast.com\/product\/yoast-seo-wordpress\/ -->\n<title>L\u2019AgendARTS : Saguenay en mode Jazz et Blues (et folk) - FESTIVOX<\/title>\n<meta name=\"robots\" content=\"index, follow, max-snippet:-1, max-image-preview:large, max-video-preview:-1\" \/>\n<link rel=\"canonical\" href=\"https:\/\/www.festivox.fr\/blog\/lagendarts-saguenay-en-mode-jazz-et-blues-et-folk\/\" \/>\n<meta property=\"og:locale\" content=\"fr_FR\" \/>\n<meta property=\"og:type\" content=\"article\" \/>\n<meta property=\"og:title\" content=\"L\u2019AgendARTS : Saguenay en mode Jazz et Blues (et folk) - FESTIVOX\" \/>\n<meta property=\"og:description\" content=\"Cette semaine, Saguenay se fait surtout Jazz et Blues, avec la tenue de la 28e \u00e9dition du festival du m\u00eame nom. Celle-ci verra d\u00e9filer plusieurs beaux noms au cours des prochains jours, \u00e0 commencer par Lulu Hughes, Nick Waterhouse, Les Gars du Nord, Gabrielle Shonk et L\u00e9onie Gray. Mais il y aura aussi en parall\u00e8le&hellip;\" \/>\n<meta property=\"og:url\" content=\"https:\/\/www.festivox.fr\/blog\/lagendarts-saguenay-en-mode-jazz-et-blues-et-folk\/\" \/>\n<meta property=\"og:site_name\" content=\"FESTIVOX\" \/>\n<meta property=\"article:published_time\" content=\"2024-04-24T15:12:00+00:00\" \/>\n<meta property=\"og:image\" content=\"https:\/\/www.festivox.fr\/blog\/wp-content\/uploads\/2024\/04\/lagendarts-saguenay-en-mode-jazz-et-blues-et-folk.jpg\" \/>\n<meta name=\"author\" content=\"Michele\" \/>\n<meta name=\"twitter:card\" content=\"summary_large_image\" \/>\n<meta name=\"twitter:label1\" content=\"\u00c9crit par\" \/>\n\t<meta name=\"twitter:data1\" content=\"Michele\" \/>\n\t<meta name=\"twitter:label2\" content=\"Dur\u00e9e de lecture estim\u00e9e\" \/>\n\t<meta name=\"twitter:data2\" content=\"7 minutes\" \/>\n<script type=\"application\/ld+json\" class=\"yoast-schema-graph\">{\"@context\":\"https:\\\/\\\/schema.org\",\"@graph\":[{\"@type\":\"Article\",\"@id\":\"https:\\\/\\\/www.festivox.fr\\\/blog\\\/lagendarts-saguenay-en-mode-jazz-et-blues-et-folk\\\/#article\",\"isPartOf\":{\"@id\":\"https:\\\/\\\/www.festivox.fr\\\/blog\\\/lagendarts-saguenay-en-mode-jazz-et-blues-et-folk\\\/\"},\"author\":{\"name\":\"Michele\",\"@id\":\"https:\\\/\\\/www.festivox.fr\\\/blog\\\/#\\\/schema\\\/person\\\/f36a8b6bc94800c3eafed4bca993ce95\"},\"headline\":\"L\u2019AgendARTS : Saguenay en mode Jazz et Blues (et folk)\",\"datePublished\":\"2024-04-24T15:12:00+00:00\",\"mainEntityOfPage\":{\"@id\":\"https:\\\/\\\/www.festivox.fr\\\/blog\\\/lagendarts-saguenay-en-mode-jazz-et-blues-et-folk\\\/\"},\"wordCount\":1376,\"publisher\":{\"@id\":\"https:\\\/\\\/www.festivox.fr\\\/blog\\\/#organization\"},\"image\":{\"@id\":\"https:\\\/\\\/www.festivox.fr\\\/blog\\\/lagendarts-saguenay-en-mode-jazz-et-blues-et-folk\\\/#primaryimage\"},\"thumbnailUrl\":\"https:\\\/\\\/www.festivox.fr\\\/blog\\\/wp-content\\\/uploads\\\/2024\\\/04\\\/lagendarts-saguenay-en-mode-jazz-et-blues-et-folk.jpg\",\"articleSection\":[\"Wiki Sur Festival Jazz Et Musique En Mode Guinguette:\"],\"inLanguage\":\"fr-FR\"},{\"@type\":\"WebPage\",\"@id\":\"https:\\\/\\\/www.festivox.fr\\\/blog\\\/lagendarts-saguenay-en-mode-jazz-et-blues-et-folk\\\/\",\"url\":\"https:\\\/\\\/www.festivox.fr\\\/blog\\\/lagendarts-saguenay-en-mode-jazz-et-blues-et-folk\\\/\",\"name\":\"L\u2019AgendARTS : Saguenay en mode Jazz et Blues (et folk) - FESTIVOX\",\"isPartOf\":{\"@id\":\"https:\\\/\\\/www.festivox.fr\\\/blog\\\/#website\"},\"primaryImageOfPage\":{\"@id\":\"https:\\\/\\\/www.festivox.fr\\\/blog\\\/lagendarts-saguenay-en-mode-jazz-et-blues-et-folk\\\/#primaryimage\"},\"image\":{\"@id\":\"https:\\\/\\\/www.festivox.fr\\\/blog\\\/lagendarts-saguenay-en-mode-jazz-et-blues-et-folk\\\/#primaryimage\"},\"thumbnailUrl\":\"https:\\\/\\\/www.festivox.fr\\\/blog\\\/wp-content\\\/uploads\\\/2024\\\/04\\\/lagendarts-saguenay-en-mode-jazz-et-blues-et-folk.jpg\",\"datePublished\":\"2024-04-24T15:12:00+00:00\",\"breadcrumb\":{\"@id\":\"https:\\\/\\\/www.festivox.fr\\\/blog\\\/lagendarts-saguenay-en-mode-jazz-et-blues-et-folk\\\/#breadcrumb\"},\"inLanguage\":\"fr-FR\",\"potentialAction\":[{\"@type\":\"ReadAction\",\"target\":[\"https:\\\/\\\/www.festivox.fr\\\/blog\\\/lagendarts-saguenay-en-mode-jazz-et-blues-et-folk\\\/\"]}]},{\"@type\":\"ImageObject\",\"inLanguage\":\"fr-FR\",\"@id\":\"https:\\\/\\\/www.festivox.fr\\\/blog\\\/lagendarts-saguenay-en-mode-jazz-et-blues-et-folk\\\/#primaryimage\",\"url\":\"https:\\\/\\\/www.festivox.fr\\\/blog\\\/wp-content\\\/uploads\\\/2024\\\/04\\\/lagendarts-saguenay-en-mode-jazz-et-blues-et-folk.jpg\",\"contentUrl\":\"https:\\\/\\\/www.festivox.fr\\\/blog\\\/wp-content\\\/uploads\\\/2024\\\/04\\\/lagendarts-saguenay-en-mode-jazz-et-blues-et-folk.jpg\",\"width\":1440,\"height\":2168},{\"@type\":\"BreadcrumbList\",\"@id\":\"https:\\\/\\\/www.festivox.fr\\\/blog\\\/lagendarts-saguenay-en-mode-jazz-et-blues-et-folk\\\/#breadcrumb\",\"itemListElement\":[{\"@type\":\"ListItem\",\"position\":1,\"name\":\"Accueil\",\"item\":\"https:\\\/\\\/www.festivox.fr\\\/blog\\\/\"},{\"@type\":\"ListItem\",\"position\":2,\"name\":\"L\u2019AgendARTS : Saguenay en mode Jazz et Blues (et folk)\"}]},{\"@type\":\"WebSite\",\"@id\":\"https:\\\/\\\/www.festivox.fr\\\/blog\\\/#website\",\"url\":\"https:\\\/\\\/www.festivox.fr\\\/blog\\\/\",\"name\":\"FESTIVOX\",\"description\":\"Festival en mode guinguette.\",\"publisher\":{\"@id\":\"https:\\\/\\\/www.festivox.fr\\\/blog\\\/#organization\"},\"potentialAction\":[{\"@type\":\"SearchAction\",\"target\":{\"@type\":\"EntryPoint\",\"urlTemplate\":\"https:\\\/\\\/www.festivox.fr\\\/blog\\\/?s={search_term_string}\"},\"query-input\":{\"@type\":\"PropertyValueSpecification\",\"valueRequired\":true,\"valueName\":\"search_term_string\"}}],\"inLanguage\":\"fr-FR\"},{\"@type\":\"Organization\",\"@id\":\"https:\\\/\\\/www.festivox.fr\\\/blog\\\/#organization\",\"name\":\"festivox\",\"url\":\"https:\\\/\\\/www.festivox.fr\\\/blog\\\/\",\"logo\":{\"@type\":\"ImageObject\",\"inLanguage\":\"fr-FR\",\"@id\":\"https:\\\/\\\/www.festivox.fr\\\/blog\\\/#\\\/schema\\\/logo\\\/image\\\/\",\"url\":\"https:\\\/\\\/www.festivox.fr\\\/blog\\\/wp-content\\\/uploads\\\/2023\\\/06\\\/logo-2.png\",\"contentUrl\":\"https:\\\/\\\/www.festivox.fr\\\/blog\\\/wp-content\\\/uploads\\\/2023\\\/06\\\/logo-2.png\",\"width\":480,\"height\":160,\"caption\":\"festivox\"},\"image\":{\"@id\":\"https:\\\/\\\/www.festivox.fr\\\/blog\\\/#\\\/schema\\\/logo\\\/image\\\/\"}},{\"@type\":\"Person\",\"@id\":\"https:\\\/\\\/www.festivox.fr\\\/blog\\\/#\\\/schema\\\/person\\\/f36a8b6bc94800c3eafed4bca993ce95\",\"name\":\"Michele\",\"image\":{\"@type\":\"ImageObject\",\"inLanguage\":\"fr-FR\",\"@id\":\"https:\\\/\\\/secure.gravatar.com\\\/avatar\\\/b062046536b5d47ec9075956ec349ef95ed06b0f910c578f74abb318668b702e?s=96&d=mm&r=g\",\"url\":\"https:\\\/\\\/secure.gravatar.com\\\/avatar\\\/b062046536b5d47ec9075956ec349ef95ed06b0f910c578f74abb318668b702e?s=96&d=mm&r=g\",\"contentUrl\":\"https:\\\/\\\/secure.gravatar.com\\\/avatar\\\/b062046536b5d47ec9075956ec349ef95ed06b0f910c578f74abb318668b702e?s=96&d=mm&r=g\",\"caption\":\"Michele\"},\"sameAs\":[\"https:\\\/\\\/www.festivox.fr\\\/blog\"],\"url\":\"https:\\\/\\\/www.festivox.fr\\\/blog\\\/author\\\/voxadmin\\\/\"}]}<\/script>\n<!-- \/ Yoast SEO plugin. -->","yoast_head_json":{"title":"L\u2019AgendARTS : Saguenay en mode Jazz et Blues (et folk) - FESTIVOX","robots":{"index":"index","follow":"follow","max-snippet":"max-snippet:-1","max-image-preview":"max-image-preview:large","max-video-preview":"max-video-preview:-1"},"canonical":"https:\/\/www.festivox.fr\/blog\/lagendarts-saguenay-en-mode-jazz-et-blues-et-folk\/","og_locale":"fr_FR","og_type":"article","og_title":"L\u2019AgendARTS : Saguenay en mode Jazz et Blues (et folk) - FESTIVOX","og_description":"Cette semaine, Saguenay se fait surtout Jazz et Blues, avec la tenue de la 28e \u00e9dition du festival du m\u00eame nom. Celle-ci verra d\u00e9filer plusieurs beaux noms au cours des prochains jours, \u00e0 commencer par Lulu Hughes, Nick Waterhouse, Les Gars du Nord, Gabrielle Shonk et L\u00e9onie Gray. Mais il y aura aussi en parall\u00e8le&hellip;","og_url":"https:\/\/www.festivox.fr\/blog\/lagendarts-saguenay-en-mode-jazz-et-blues-et-folk\/","og_site_name":"FESTIVOX","article_published_time":"2024-04-24T15:12:00+00:00","og_image":[{"url":"https:\/\/www.festivox.fr\/blog\/wp-content\/uploads\/2024\/04\/lagendarts-saguenay-en-mode-jazz-et-blues-et-folk.jpg","type":"","width":"","height":""}],"author":"Michele","twitter_card":"summary_large_image","twitter_misc":{"\u00c9crit par":"Michele","Dur\u00e9e de lecture estim\u00e9e":"7 minutes"},"schema":{"@context":"https:\/\/schema.org","@graph":[{"@type":"Article","@id":"https:\/\/www.festivox.fr\/blog\/lagendarts-saguenay-en-mode-jazz-et-blues-et-folk\/#article","isPartOf":{"@id":"https:\/\/www.festivox.fr\/blog\/lagendarts-saguenay-en-mode-jazz-et-blues-et-folk\/"},"author":{"name":"Michele","@id":"https:\/\/www.festivox.fr\/blog\/#\/schema\/person\/f36a8b6bc94800c3eafed4bca993ce95"},"headline":"L\u2019AgendARTS : Saguenay en mode Jazz et Blues (et folk)","datePublished":"2024-04-24T15:12:00+00:00","mainEntityOfPage":{"@id":"https:\/\/www.festivox.fr\/blog\/lagendarts-saguenay-en-mode-jazz-et-blues-et-folk\/"},"wordCount":1376,"publisher":{"@id":"https:\/\/www.festivox.fr\/blog\/#organization"},"image":{"@id":"https:\/\/www.festivox.fr\/blog\/lagendarts-saguenay-en-mode-jazz-et-blues-et-folk\/#primaryimage"},"thumbnailUrl":"https:\/\/www.festivox.fr\/blog\/wp-content\/uploads\/2024\/04\/lagendarts-saguenay-en-mode-jazz-et-blues-et-folk.jpg","articleSection":["Wiki Sur Festival Jazz Et Musique En Mode Guinguette:"],"inLanguage":"fr-FR"},{"@type":"WebPage","@id":"https:\/\/www.festivox.fr\/blog\/lagendarts-saguenay-en-mode-jazz-et-blues-et-folk\/","url":"https:\/\/www.festivox.fr\/blog\/lagendarts-saguenay-en-mode-jazz-et-blues-et-folk\/","name":"L\u2019AgendARTS : Saguenay en mode Jazz et Blues (et folk) - FESTIVOX","isPartOf":{"@id":"https:\/\/www.festivox.fr\/blog\/#website"},"primaryImageOfPage":{"@id":"https:\/\/www.festivox.fr\/blog\/lagendarts-saguenay-en-mode-jazz-et-blues-et-folk\/#primaryimage"},"image":{"@id":"https:\/\/www.festivox.fr\/blog\/lagendarts-saguenay-en-mode-jazz-et-blues-et-folk\/#primaryimage"},"thumbnailUrl":"https:\/\/www.festivox.fr\/blog\/wp-content\/uploads\/2024\/04\/lagendarts-saguenay-en-mode-jazz-et-blues-et-folk.jpg","datePublished":"2024-04-24T15:12:00+00:00","breadcrumb":{"@id":"https:\/\/www.festivox.fr\/blog\/lagendarts-saguenay-en-mode-jazz-et-blues-et-folk\/#breadcrumb"},"inLanguage":"fr-FR","potentialAction":[{"@type":"ReadAction","target":["https:\/\/www.festivox.fr\/blog\/lagendarts-saguenay-en-mode-jazz-et-blues-et-folk\/"]}]},{"@type":"ImageObject","inLanguage":"fr-FR","@id":"https:\/\/www.festivox.fr\/blog\/lagendarts-saguenay-en-mode-jazz-et-blues-et-folk\/#primaryimage","url":"https:\/\/www.festivox.fr\/blog\/wp-content\/uploads\/2024\/04\/lagendarts-saguenay-en-mode-jazz-et-blues-et-folk.jpg","contentUrl":"https:\/\/www.festivox.fr\/blog\/wp-content\/uploads\/2024\/04\/lagendarts-saguenay-en-mode-jazz-et-blues-et-folk.jpg","width":1440,"height":2168},{"@type":"BreadcrumbList","@id":"https:\/\/www.festivox.fr\/blog\/lagendarts-saguenay-en-mode-jazz-et-blues-et-folk\/#breadcrumb","itemListElement":[{"@type":"ListItem","position":1,"name":"Accueil","item":"https:\/\/www.festivox.fr\/blog\/"},{"@type":"ListItem","position":2,"name":"L\u2019AgendARTS : Saguenay en mode Jazz et Blues (et folk)"}]},{"@type":"WebSite","@id":"https:\/\/www.festivox.fr\/blog\/#website","url":"https:\/\/www.festivox.fr\/blog\/","name":"FESTIVOX","description":"Festival en mode guinguette.","publisher":{"@id":"https:\/\/www.festivox.fr\/blog\/#organization"},"potentialAction":[{"@type":"SearchAction","target":{"@type":"EntryPoint","urlTemplate":"https:\/\/www.festivox.fr\/blog\/?s={search_term_string}"},"query-input":{"@type":"PropertyValueSpecification","valueRequired":true,"valueName":"search_term_string"}}],"inLanguage":"fr-FR"},{"@type":"Organization","@id":"https:\/\/www.festivox.fr\/blog\/#organization","name":"festivox","url":"https:\/\/www.festivox.fr\/blog\/","logo":{"@type":"ImageObject","inLanguage":"fr-FR","@id":"https:\/\/www.festivox.fr\/blog\/#\/schema\/logo\/image\/","url":"https:\/\/www.festivox.fr\/blog\/wp-content\/uploads\/2023\/06\/logo-2.png","contentUrl":"https:\/\/www.festivox.fr\/blog\/wp-content\/uploads\/2023\/06\/logo-2.png","width":480,"height":160,"caption":"festivox"},"image":{"@id":"https:\/\/www.festivox.fr\/blog\/#\/schema\/logo\/image\/"}},{"@type":"Person","@id":"https:\/\/www.festivox.fr\/blog\/#\/schema\/person\/f36a8b6bc94800c3eafed4bca993ce95","name":"Michele","image":{"@type":"ImageObject","inLanguage":"fr-FR","@id":"https:\/\/secure.gravatar.com\/avatar\/b062046536b5d47ec9075956ec349ef95ed06b0f910c578f74abb318668b702e?s=96&d=mm&r=g","url":"https:\/\/secure.gravatar.com\/avatar\/b062046536b5d47ec9075956ec349ef95ed06b0f910c578f74abb318668b702e?s=96&d=mm&r=g","contentUrl":"https:\/\/secure.gravatar.com\/avatar\/b062046536b5d47ec9075956ec349ef95ed06b0f910c578f74abb318668b702e?s=96&d=mm&r=g","caption":"Michele"},"sameAs":["https:\/\/www.festivox.fr\/blog"],"url":"https:\/\/www.festivox.fr\/blog\/author\/voxadmin\/"}]}},"_links":{"self":[{"href":"https:\/\/www.festivox.fr\/blog\/wp-json\/wp\/v2\/posts\/810","targetHints":{"allow":["GET"]}}],"collection":[{"href":"https:\/\/www.festivox.fr\/blog\/wp-json\/wp\/v2\/posts"}],"about":[{"href":"https:\/\/www.festivox.fr\/blog\/wp-json\/wp\/v2\/types\/post"}],"author":[{"embeddable":true,"href":"https:\/\/www.festivox.fr\/blog\/wp-json\/wp\/v2\/users\/1"}],"replies":[{"embeddable":true,"href":"https:\/\/www.festivox.fr\/blog\/wp-json\/wp\/v2\/comments?post=810"}],"version-history":[{"count":0,"href":"https:\/\/www.festivox.fr\/blog\/wp-json\/wp\/v2\/posts\/810\/revisions"}],"wp:featuredmedia":[{"embeddable":true,"href":"https:\/\/www.festivox.fr\/blog\/wp-json\/wp\/v2\/media\/811"}],"wp:attachment":[{"href":"https:\/\/www.festivox.fr\/blog\/wp-json\/wp\/v2\/media?parent=810"}],"wp:term":[{"taxonomy":"category","embeddable":true,"href":"https:\/\/www.festivox.fr\/blog\/wp-json\/wp\/v2\/categories?post=810"},{"taxonomy":"post_tag","embeddable":true,"href":"https:\/\/www.festivox.fr\/blog\/wp-json\/wp\/v2\/tags?post=810"}],"curies":[{"name":"wp","href":"https:\/\/api.w.org\/{rel}","templated":true}]}}