{"id":808,"date":"2024-04-18T00:54:00","date_gmt":"2024-04-17T22:54:00","guid":{"rendered":"https:\/\/www.festivox.fr\/blog\/en-haut-de-laffiche-en-dordogne-messmer-et-la-comedie-musicale-en-hommage-a-sardou\/"},"modified":"2024-04-18T00:54:00","modified_gmt":"2024-04-17T22:54:00","slug":"en-haut-de-laffiche-en-dordogne-messmer-et-la-comedie-musicale-en-hommage-a-sardou","status":"publish","type":"post","link":"https:\/\/www.festivox.fr\/blog\/en-haut-de-laffiche-en-dordogne-messmer-et-la-comedie-musicale-en-hommage-a-sardou\/","title":{"rendered":"En haut de l\u2019affiche en Dordogne, Messmer et la com\u00e9die musicale en hommage \u00e0 Sardou"},"content":{"rendered":"<p> <span class=\"lettrine-true\">H<\/span><\/p>\n<p>ypnose et musiques seront au programme \u00e0 partir de vendredi 19&nbsp;avril, pour un week-end avec de belles affiches.<\/p>\n<h2 class=\"article-subtitle\"><span class=\"lettrine-true\">1<\/span> La com\u00e9die musicale \u00ab&nbsp;Je vais t\u2019aimer&nbsp;\u00bb<\/h2>\n<p>L\u2019Arena Le Palio P\u00e9rigord, \u00e0 Boulazac-Isle-Manoire, pr\u00e9sentera la com\u00e9die musicale \u00ab&nbsp;Je vais t\u2019aimer&nbsp;\u00bb qui y fera \u00e9tape samedi 20&nbsp;avril \u00e0 20 heures. C\u2019est l\u2019histoire de six jeunes Fran\u00e7ais&nbsp;qui racontent leurs amours, leurs amiti\u00e9s en chantant 25 chansons de Michel Sardou, \u00ab&nbsp;La Java de Broadway&nbsp;\u00bb, \u00ab&nbsp;Les Lacs du Connemara&nbsp;\u00bb, \u00ab&nbsp;Les Vieux Mari\u00e9s&nbsp;\u00bb, \u00ab&nbsp;\u00catre une femme&nbsp;\u00bb\u2026 Dans une mise en sc\u00e8ne de l\u2019auteur qu\u00e9b\u00e9cois Serge Denoncourt, ils embarquent leur public \u00e0 New York \u00e0 bord du paquebot \u201cFrance\u201d, le font voyager en Irlande et dans les guinguettes au bord de la Marne, tout au long de quatre d\u00e9cennies. On y attend 1&nbsp;500 spectateurs.<\/p>\n<p>Tarifs&nbsp;: de 35 \u00e0 89&nbsp;euros. R\u00e9servations \u00e0 l\u2019Arena Le Palio P\u00e9rigord, t\u00e9l. 05&nbsp;53&nbsp;02&nbsp;40&nbsp;80, site&nbsp;: www.arenapalioperigord.fr et sur les r\u00e9seaux habituels.<\/p>\n<h2 class=\"article-subtitle\"><span class=\"lettrine-true\">2<\/span> Le retour de Messmer le ma\u00eetre de l\u2019hypnose<\/h2>\n<p>Autre rendez-vous \u00e0 l\u2019Arena Le Palio P\u00e9rigord mardi 23&nbsp;avril. Ma\u00eetre de l\u2019hypnose, recordman de l\u2019hypnose collective avec 1&nbsp;066&nbsp;personnes hypnotis\u00e9es&nbsp;en moins de cinq minutes, le Qu\u00e9b\u00e9cois Messmer reviendra avec son tout dernier spectacle \u00ab&nbsp;13&nbsp;Hz&nbsp;\u00bb. D\u00e9j\u00e0 accueilli en 2022, il fera une nouvelle fois la d\u00e9monstration de ses pouvoirs, qu\u2019il a d\u00e9couverts dans son enfance, en feuilletant un vieux grimoire de son grand-p\u00e8re. Il a d\u2019abord exerc\u00e9 en cabinet puis sur sc\u00e8ne depuis 2007. Ses spectacles, \u00ab&nbsp;Fascination&nbsp;\u00bb, \u00ab&nbsp;Intemporel&nbsp;\u00bb et \u00ab&nbsp;Hypersensoriel&nbsp;\u00bb ont connu le succ\u00e8s. Les spectateurs peuvent s\u2019attendre \u00e0 avoir de belles surprises. Une chose est d\u00e9j\u00e0 s\u00fbre&nbsp;: ses fid\u00e8les seront au rendez-vous. On en attend, l\u00e0 aussi, 1&nbsp;500.<\/p>\n<p>Spectacle \u00e0 20 heures. Tarifs&nbsp;: de 40 \u00e0 57&nbsp;euros. R\u00e9servations \u00e0 l\u2019Arena Le Palio P\u00e9rigord, t\u00e9l. 05&nbsp;53&nbsp;02&nbsp;40&nbsp;80, site&nbsp;: www.arenapalioperigord.fr et sur les r\u00e9seaux habituels.<\/p>\n<blockquote><p>Les spectateurs peuvent s\u2019attendre \u00e0 avoir de belles surprises<\/p><\/blockquote>\n<h2 class=\"article-subtitle\"><span class=\"lettrine-true\">3<\/span> Parpaing Paillettes au Rocksane<\/h2>\n<figure class=\"medium\"> <img decoding=\"async\" id=\"19348615\" src=\"https:\/\/www.festivox.fr\/blog\/wp-content\/uploads\/2024\/04\/en-haut-de-laffiche-en-dordogne-messmer-et-la-comedie-musicale-en-hommage-a-sardou.jpg\" alt=\"Le duo Walter Astral.\"><figcaption class=\"caption\">    <span>Le duo Walter Astral.<\/span> <\/p>\n<p>Philippe Menard<\/p>\n<\/figcaption><\/figure>\n<p>Le collectif Parpaing Paillettes propose une soir\u00e9e, samedi 20&nbsp;avril \u00e0 20 heures, au Rocksane \u00e0 Bergerac. Il y aura Walter Astral, un duo form\u00e9 par Tristan Thomas et Tino Gelli, n\u00e9 de la rencontre de la pop psych\u00e9d\u00e9lique et de la techno. Chaque chanson incarne un des quatre \u00e9l\u00e9ments naturels et pr\u00e9sente l\u2019humain face \u00e0 la nature qui l\u2019entoure. Iba Boo, compositeur et interpr\u00e8te originaire de Versailles, jouera une musique aux influences jazz, funk, groove et rock. La soir\u00e9e se terminera avec les Djs de Parpaing Paillettes. Elle est organis\u00e9e avec le Sans R\u00e9serve de P\u00e9rigueux.<\/p>\n<p>Tarifs&nbsp;: de 12 \u00e0 16&nbsp;euros. Contacts au 05&nbsp;53&nbsp;63&nbsp;03&nbsp;70, site&nbsp;: www. rocksane.com.<\/p>\n<h2 class=\"article-subtitle\"><span class=\"lettrine-true\">4<\/span> Le chanteur Yves Jamait \u00e0 P\u00e9rigueux<\/h2>\n<figure class=\"medium\"> <img decoding=\"async\" id=\"19348616\" src=\"https:\/\/www.festivox.fr\/blog\/wp-content\/uploads\/2024\/04\/en-haut-de-laffiche-en-dordogne-messmer-et-la-comedie-musicale-en-hommage-a-sardou-1.jpg\" alt=\"Yves Jamait chantera vendredi 19&nbsp;avril \u00e0 P\u00e9rigueux.\"><figcaption class=\"caption\">    <span>Yves Jamait chantera vendredi 19&nbsp;avril \u00e0 P\u00e9rigueux.<\/span> <\/p>\n<p>Archives SO<\/p>\n<\/figcaption><\/figure>\n<p> Cet article, qui traite du th\u00e8me \u00ab\u00a0Festival Jazz et musique en mode guinguette\u00a0\u00bb, vous est d\u00e9lib\u00e9r\u00e9ment offert par festivox.fr. La raison d\u2019\u00eatre de festivox.fr est de parler de Festival Jazz et musique en mode guinguette dans la transparence la plus g\u00e9n\u00e9rale en vous procurant la visibilit\u00e9 de tout ce qui est publi\u00e9 sur ce sujet sur le web La chronique a \u00e9t\u00e9 g\u00e9n\u00e9r\u00e9e de la mani\u00e8re la plus honn\u00eate que possible. S\u2019il advenait que vous projetez d\u2019apporter quelques notes concernant le domaine de \u00ab\u00a0Festival Jazz et musique en mode guinguette\u00a0\u00bb vous avez la possibilit\u00e9 de d&rsquo;\u00e9changer avec notre r\u00e9daction. Dans peu de temps, on mettra en ligne d&rsquo;autres informations pertinentes autour du sujet \u00ab\u00a0Festival Jazz et musique en mode guinguette\u00a0\u00bb. Ainsi, consultez r\u00e9guli\u00e8rement notre site.<\/p>\n","protected":false},"excerpt":{"rendered":"<p>H ypnose et musiques seront au programme \u00e0 partir de vendredi 19&nbsp;avril, pour un week-end avec de belles affiches. 1 La com\u00e9die musicale \u00ab&nbsp;Je vais t\u2019aimer&nbsp;\u00bb L\u2019Arena Le Palio P\u00e9rigord, \u00e0 Boulazac-Isle-Manoire, pr\u00e9sentera la com\u00e9die musicale \u00ab&nbsp;Je vais t\u2019aimer&nbsp;\u00bb qui y fera \u00e9tape samedi 20&nbsp;avril \u00e0 20 heures. C\u2019est l\u2019histoire de six jeunes Fran\u00e7ais&nbsp;qui racontent&hellip;<\/p>\n","protected":false},"author":1,"featured_media":809,"comment_status":"closed","ping_status":"closed","sticky":false,"template":"","format":"standard","meta":{"footnotes":""},"categories":[3],"tags":[],"class_list":["post-808","post","type-post","status-publish","format-standard","has-post-thumbnail","hentry","category-wiki-sur-festival-jazz-et-musique-en-mode-guinguette"],"yoast_head":"<!-- This site is optimized with the Yoast SEO plugin v27.5 - https:\/\/yoast.com\/product\/yoast-seo-wordpress\/ -->\n<title>En haut de l\u2019affiche en Dordogne, Messmer et la com\u00e9die musicale en hommage \u00e0 Sardou - FESTIVOX<\/title>\n<meta name=\"robots\" content=\"index, follow, max-snippet:-1, max-image-preview:large, max-video-preview:-1\" \/>\n<link rel=\"canonical\" href=\"https:\/\/www.festivox.fr\/blog\/en-haut-de-laffiche-en-dordogne-messmer-et-la-comedie-musicale-en-hommage-a-sardou\/\" \/>\n<meta property=\"og:locale\" content=\"fr_FR\" \/>\n<meta property=\"og:type\" content=\"article\" \/>\n<meta property=\"og:title\" content=\"En haut de l\u2019affiche en Dordogne, Messmer et la com\u00e9die musicale en hommage \u00e0 Sardou - FESTIVOX\" \/>\n<meta property=\"og:description\" content=\"H ypnose et musiques seront au programme \u00e0 partir de vendredi 19&nbsp;avril, pour un week-end avec de belles affiches. 1 La com\u00e9die musicale \u00ab&nbsp;Je vais t\u2019aimer&nbsp;\u00bb L\u2019Arena Le Palio P\u00e9rigord, \u00e0 Boulazac-Isle-Manoire, pr\u00e9sentera la com\u00e9die musicale \u00ab&nbsp;Je vais t\u2019aimer&nbsp;\u00bb qui y fera \u00e9tape samedi 20&nbsp;avril \u00e0 20 heures. C\u2019est l\u2019histoire de six jeunes Fran\u00e7ais&nbsp;qui racontent&hellip;\" \/>\n<meta property=\"og:url\" content=\"https:\/\/www.festivox.fr\/blog\/en-haut-de-laffiche-en-dordogne-messmer-et-la-comedie-musicale-en-hommage-a-sardou\/\" \/>\n<meta property=\"og:site_name\" content=\"FESTIVOX\" \/>\n<meta property=\"article:published_time\" content=\"2024-04-17T22:54:00+00:00\" \/>\n<meta property=\"og:image\" content=\"https:\/\/www.festivox.fr\/blog\/wp-content\/uploads\/2024\/04\/en-haut-de-laffiche-en-dordogne-messmer-et-la-comedie-musicale-en-hommage-a-sardou.jpg\" \/>\n<meta name=\"author\" content=\"Michele\" \/>\n<meta name=\"twitter:card\" content=\"summary_large_image\" \/>\n<meta name=\"twitter:label1\" content=\"\u00c9crit par\" \/>\n\t<meta name=\"twitter:data1\" content=\"Michele\" \/>\n\t<meta name=\"twitter:label2\" content=\"Dur\u00e9e de lecture estim\u00e9e\" \/>\n\t<meta name=\"twitter:data2\" content=\"3 minutes\" \/>\n<script type=\"application\/ld+json\" class=\"yoast-schema-graph\">{\"@context\":\"https:\\\/\\\/schema.org\",\"@graph\":[{\"@type\":\"Article\",\"@id\":\"https:\\\/\\\/www.festivox.fr\\\/blog\\\/en-haut-de-laffiche-en-dordogne-messmer-et-la-comedie-musicale-en-hommage-a-sardou\\\/#article\",\"isPartOf\":{\"@id\":\"https:\\\/\\\/www.festivox.fr\\\/blog\\\/en-haut-de-laffiche-en-dordogne-messmer-et-la-comedie-musicale-en-hommage-a-sardou\\\/\"},\"author\":{\"name\":\"Michele\",\"@id\":\"https:\\\/\\\/www.festivox.fr\\\/blog\\\/#\\\/schema\\\/person\\\/f36a8b6bc94800c3eafed4bca993ce95\"},\"headline\":\"En haut de l\u2019affiche en Dordogne, Messmer et la com\u00e9die musicale en hommage \u00e0 Sardou\",\"datePublished\":\"2024-04-17T22:54:00+00:00\",\"mainEntityOfPage\":{\"@id\":\"https:\\\/\\\/www.festivox.fr\\\/blog\\\/en-haut-de-laffiche-en-dordogne-messmer-et-la-comedie-musicale-en-hommage-a-sardou\\\/\"},\"wordCount\":679,\"publisher\":{\"@id\":\"https:\\\/\\\/www.festivox.fr\\\/blog\\\/#organization\"},\"image\":{\"@id\":\"https:\\\/\\\/www.festivox.fr\\\/blog\\\/en-haut-de-laffiche-en-dordogne-messmer-et-la-comedie-musicale-en-hommage-a-sardou\\\/#primaryimage\"},\"thumbnailUrl\":\"https:\\\/\\\/www.festivox.fr\\\/blog\\\/wp-content\\\/uploads\\\/2024\\\/04\\\/en-haut-de-laffiche-en-dordogne-messmer-et-la-comedie-musicale-en-hommage-a-sardou.jpg\",\"articleSection\":[\"Wiki Sur Festival Jazz Et Musique En Mode Guinguette:\"],\"inLanguage\":\"fr-FR\"},{\"@type\":\"WebPage\",\"@id\":\"https:\\\/\\\/www.festivox.fr\\\/blog\\\/en-haut-de-laffiche-en-dordogne-messmer-et-la-comedie-musicale-en-hommage-a-sardou\\\/\",\"url\":\"https:\\\/\\\/www.festivox.fr\\\/blog\\\/en-haut-de-laffiche-en-dordogne-messmer-et-la-comedie-musicale-en-hommage-a-sardou\\\/\",\"name\":\"En haut de l\u2019affiche en Dordogne, Messmer et la com\u00e9die musicale en hommage \u00e0 Sardou - FESTIVOX\",\"isPartOf\":{\"@id\":\"https:\\\/\\\/www.festivox.fr\\\/blog\\\/#website\"},\"primaryImageOfPage\":{\"@id\":\"https:\\\/\\\/www.festivox.fr\\\/blog\\\/en-haut-de-laffiche-en-dordogne-messmer-et-la-comedie-musicale-en-hommage-a-sardou\\\/#primaryimage\"},\"image\":{\"@id\":\"https:\\\/\\\/www.festivox.fr\\\/blog\\\/en-haut-de-laffiche-en-dordogne-messmer-et-la-comedie-musicale-en-hommage-a-sardou\\\/#primaryimage\"},\"thumbnailUrl\":\"https:\\\/\\\/www.festivox.fr\\\/blog\\\/wp-content\\\/uploads\\\/2024\\\/04\\\/en-haut-de-laffiche-en-dordogne-messmer-et-la-comedie-musicale-en-hommage-a-sardou.jpg\",\"datePublished\":\"2024-04-17T22:54:00+00:00\",\"breadcrumb\":{\"@id\":\"https:\\\/\\\/www.festivox.fr\\\/blog\\\/en-haut-de-laffiche-en-dordogne-messmer-et-la-comedie-musicale-en-hommage-a-sardou\\\/#breadcrumb\"},\"inLanguage\":\"fr-FR\",\"potentialAction\":[{\"@type\":\"ReadAction\",\"target\":[\"https:\\\/\\\/www.festivox.fr\\\/blog\\\/en-haut-de-laffiche-en-dordogne-messmer-et-la-comedie-musicale-en-hommage-a-sardou\\\/\"]}]},{\"@type\":\"ImageObject\",\"inLanguage\":\"fr-FR\",\"@id\":\"https:\\\/\\\/www.festivox.fr\\\/blog\\\/en-haut-de-laffiche-en-dordogne-messmer-et-la-comedie-musicale-en-hommage-a-sardou\\\/#primaryimage\",\"url\":\"https:\\\/\\\/www.festivox.fr\\\/blog\\\/wp-content\\\/uploads\\\/2024\\\/04\\\/en-haut-de-laffiche-en-dordogne-messmer-et-la-comedie-musicale-en-hommage-a-sardou.jpg\",\"contentUrl\":\"https:\\\/\\\/www.festivox.fr\\\/blog\\\/wp-content\\\/uploads\\\/2024\\\/04\\\/en-haut-de-laffiche-en-dordogne-messmer-et-la-comedie-musicale-en-hommage-a-sardou.jpg\",\"width\":1200,\"height\":797},{\"@type\":\"BreadcrumbList\",\"@id\":\"https:\\\/\\\/www.festivox.fr\\\/blog\\\/en-haut-de-laffiche-en-dordogne-messmer-et-la-comedie-musicale-en-hommage-a-sardou\\\/#breadcrumb\",\"itemListElement\":[{\"@type\":\"ListItem\",\"position\":1,\"name\":\"Accueil\",\"item\":\"https:\\\/\\\/www.festivox.fr\\\/blog\\\/\"},{\"@type\":\"ListItem\",\"position\":2,\"name\":\"En haut de l\u2019affiche en Dordogne, Messmer et la com\u00e9die musicale en hommage \u00e0 Sardou\"}]},{\"@type\":\"WebSite\",\"@id\":\"https:\\\/\\\/www.festivox.fr\\\/blog\\\/#website\",\"url\":\"https:\\\/\\\/www.festivox.fr\\\/blog\\\/\",\"name\":\"FESTIVOX\",\"description\":\"Festival en mode guinguette.\",\"publisher\":{\"@id\":\"https:\\\/\\\/www.festivox.fr\\\/blog\\\/#organization\"},\"potentialAction\":[{\"@type\":\"SearchAction\",\"target\":{\"@type\":\"EntryPoint\",\"urlTemplate\":\"https:\\\/\\\/www.festivox.fr\\\/blog\\\/?s={search_term_string}\"},\"query-input\":{\"@type\":\"PropertyValueSpecification\",\"valueRequired\":true,\"valueName\":\"search_term_string\"}}],\"inLanguage\":\"fr-FR\"},{\"@type\":\"Organization\",\"@id\":\"https:\\\/\\\/www.festivox.fr\\\/blog\\\/#organization\",\"name\":\"festivox\",\"url\":\"https:\\\/\\\/www.festivox.fr\\\/blog\\\/\",\"logo\":{\"@type\":\"ImageObject\",\"inLanguage\":\"fr-FR\",\"@id\":\"https:\\\/\\\/www.festivox.fr\\\/blog\\\/#\\\/schema\\\/logo\\\/image\\\/\",\"url\":\"https:\\\/\\\/www.festivox.fr\\\/blog\\\/wp-content\\\/uploads\\\/2023\\\/06\\\/logo-2.png\",\"contentUrl\":\"https:\\\/\\\/www.festivox.fr\\\/blog\\\/wp-content\\\/uploads\\\/2023\\\/06\\\/logo-2.png\",\"width\":480,\"height\":160,\"caption\":\"festivox\"},\"image\":{\"@id\":\"https:\\\/\\\/www.festivox.fr\\\/blog\\\/#\\\/schema\\\/logo\\\/image\\\/\"}},{\"@type\":\"Person\",\"@id\":\"https:\\\/\\\/www.festivox.fr\\\/blog\\\/#\\\/schema\\\/person\\\/f36a8b6bc94800c3eafed4bca993ce95\",\"name\":\"Michele\",\"image\":{\"@type\":\"ImageObject\",\"inLanguage\":\"fr-FR\",\"@id\":\"https:\\\/\\\/secure.gravatar.com\\\/avatar\\\/b062046536b5d47ec9075956ec349ef95ed06b0f910c578f74abb318668b702e?s=96&d=mm&r=g\",\"url\":\"https:\\\/\\\/secure.gravatar.com\\\/avatar\\\/b062046536b5d47ec9075956ec349ef95ed06b0f910c578f74abb318668b702e?s=96&d=mm&r=g\",\"contentUrl\":\"https:\\\/\\\/secure.gravatar.com\\\/avatar\\\/b062046536b5d47ec9075956ec349ef95ed06b0f910c578f74abb318668b702e?s=96&d=mm&r=g\",\"caption\":\"Michele\"},\"sameAs\":[\"https:\\\/\\\/www.festivox.fr\\\/blog\"],\"url\":\"https:\\\/\\\/www.festivox.fr\\\/blog\\\/author\\\/voxadmin\\\/\"}]}<\/script>\n<!-- \/ Yoast SEO plugin. -->","yoast_head_json":{"title":"En haut de l\u2019affiche en Dordogne, Messmer et la com\u00e9die musicale en hommage \u00e0 Sardou - FESTIVOX","robots":{"index":"index","follow":"follow","max-snippet":"max-snippet:-1","max-image-preview":"max-image-preview:large","max-video-preview":"max-video-preview:-1"},"canonical":"https:\/\/www.festivox.fr\/blog\/en-haut-de-laffiche-en-dordogne-messmer-et-la-comedie-musicale-en-hommage-a-sardou\/","og_locale":"fr_FR","og_type":"article","og_title":"En haut de l\u2019affiche en Dordogne, Messmer et la com\u00e9die musicale en hommage \u00e0 Sardou - FESTIVOX","og_description":"H ypnose et musiques seront au programme \u00e0 partir de vendredi 19&nbsp;avril, pour un week-end avec de belles affiches. 1 La com\u00e9die musicale \u00ab&nbsp;Je vais t\u2019aimer&nbsp;\u00bb L\u2019Arena Le Palio P\u00e9rigord, \u00e0 Boulazac-Isle-Manoire, pr\u00e9sentera la com\u00e9die musicale \u00ab&nbsp;Je vais t\u2019aimer&nbsp;\u00bb qui y fera \u00e9tape samedi 20&nbsp;avril \u00e0 20 heures. C\u2019est l\u2019histoire de six jeunes Fran\u00e7ais&nbsp;qui racontent&hellip;","og_url":"https:\/\/www.festivox.fr\/blog\/en-haut-de-laffiche-en-dordogne-messmer-et-la-comedie-musicale-en-hommage-a-sardou\/","og_site_name":"FESTIVOX","article_published_time":"2024-04-17T22:54:00+00:00","og_image":[{"url":"https:\/\/www.festivox.fr\/blog\/wp-content\/uploads\/2024\/04\/en-haut-de-laffiche-en-dordogne-messmer-et-la-comedie-musicale-en-hommage-a-sardou.jpg","type":"","width":"","height":""}],"author":"Michele","twitter_card":"summary_large_image","twitter_misc":{"\u00c9crit par":"Michele","Dur\u00e9e de lecture estim\u00e9e":"3 minutes"},"schema":{"@context":"https:\/\/schema.org","@graph":[{"@type":"Article","@id":"https:\/\/www.festivox.fr\/blog\/en-haut-de-laffiche-en-dordogne-messmer-et-la-comedie-musicale-en-hommage-a-sardou\/#article","isPartOf":{"@id":"https:\/\/www.festivox.fr\/blog\/en-haut-de-laffiche-en-dordogne-messmer-et-la-comedie-musicale-en-hommage-a-sardou\/"},"author":{"name":"Michele","@id":"https:\/\/www.festivox.fr\/blog\/#\/schema\/person\/f36a8b6bc94800c3eafed4bca993ce95"},"headline":"En haut de l\u2019affiche en Dordogne, Messmer et la com\u00e9die musicale en hommage \u00e0 Sardou","datePublished":"2024-04-17T22:54:00+00:00","mainEntityOfPage":{"@id":"https:\/\/www.festivox.fr\/blog\/en-haut-de-laffiche-en-dordogne-messmer-et-la-comedie-musicale-en-hommage-a-sardou\/"},"wordCount":679,"publisher":{"@id":"https:\/\/www.festivox.fr\/blog\/#organization"},"image":{"@id":"https:\/\/www.festivox.fr\/blog\/en-haut-de-laffiche-en-dordogne-messmer-et-la-comedie-musicale-en-hommage-a-sardou\/#primaryimage"},"thumbnailUrl":"https:\/\/www.festivox.fr\/blog\/wp-content\/uploads\/2024\/04\/en-haut-de-laffiche-en-dordogne-messmer-et-la-comedie-musicale-en-hommage-a-sardou.jpg","articleSection":["Wiki Sur Festival Jazz Et Musique En Mode Guinguette:"],"inLanguage":"fr-FR"},{"@type":"WebPage","@id":"https:\/\/www.festivox.fr\/blog\/en-haut-de-laffiche-en-dordogne-messmer-et-la-comedie-musicale-en-hommage-a-sardou\/","url":"https:\/\/www.festivox.fr\/blog\/en-haut-de-laffiche-en-dordogne-messmer-et-la-comedie-musicale-en-hommage-a-sardou\/","name":"En haut de l\u2019affiche en Dordogne, Messmer et la com\u00e9die musicale en hommage \u00e0 Sardou - FESTIVOX","isPartOf":{"@id":"https:\/\/www.festivox.fr\/blog\/#website"},"primaryImageOfPage":{"@id":"https:\/\/www.festivox.fr\/blog\/en-haut-de-laffiche-en-dordogne-messmer-et-la-comedie-musicale-en-hommage-a-sardou\/#primaryimage"},"image":{"@id":"https:\/\/www.festivox.fr\/blog\/en-haut-de-laffiche-en-dordogne-messmer-et-la-comedie-musicale-en-hommage-a-sardou\/#primaryimage"},"thumbnailUrl":"https:\/\/www.festivox.fr\/blog\/wp-content\/uploads\/2024\/04\/en-haut-de-laffiche-en-dordogne-messmer-et-la-comedie-musicale-en-hommage-a-sardou.jpg","datePublished":"2024-04-17T22:54:00+00:00","breadcrumb":{"@id":"https:\/\/www.festivox.fr\/blog\/en-haut-de-laffiche-en-dordogne-messmer-et-la-comedie-musicale-en-hommage-a-sardou\/#breadcrumb"},"inLanguage":"fr-FR","potentialAction":[{"@type":"ReadAction","target":["https:\/\/www.festivox.fr\/blog\/en-haut-de-laffiche-en-dordogne-messmer-et-la-comedie-musicale-en-hommage-a-sardou\/"]}]},{"@type":"ImageObject","inLanguage":"fr-FR","@id":"https:\/\/www.festivox.fr\/blog\/en-haut-de-laffiche-en-dordogne-messmer-et-la-comedie-musicale-en-hommage-a-sardou\/#primaryimage","url":"https:\/\/www.festivox.fr\/blog\/wp-content\/uploads\/2024\/04\/en-haut-de-laffiche-en-dordogne-messmer-et-la-comedie-musicale-en-hommage-a-sardou.jpg","contentUrl":"https:\/\/www.festivox.fr\/blog\/wp-content\/uploads\/2024\/04\/en-haut-de-laffiche-en-dordogne-messmer-et-la-comedie-musicale-en-hommage-a-sardou.jpg","width":1200,"height":797},{"@type":"BreadcrumbList","@id":"https:\/\/www.festivox.fr\/blog\/en-haut-de-laffiche-en-dordogne-messmer-et-la-comedie-musicale-en-hommage-a-sardou\/#breadcrumb","itemListElement":[{"@type":"ListItem","position":1,"name":"Accueil","item":"https:\/\/www.festivox.fr\/blog\/"},{"@type":"ListItem","position":2,"name":"En haut de l\u2019affiche en Dordogne, Messmer et la com\u00e9die musicale en hommage \u00e0 Sardou"}]},{"@type":"WebSite","@id":"https:\/\/www.festivox.fr\/blog\/#website","url":"https:\/\/www.festivox.fr\/blog\/","name":"FESTIVOX","description":"Festival en mode guinguette.","publisher":{"@id":"https:\/\/www.festivox.fr\/blog\/#organization"},"potentialAction":[{"@type":"SearchAction","target":{"@type":"EntryPoint","urlTemplate":"https:\/\/www.festivox.fr\/blog\/?s={search_term_string}"},"query-input":{"@type":"PropertyValueSpecification","valueRequired":true,"valueName":"search_term_string"}}],"inLanguage":"fr-FR"},{"@type":"Organization","@id":"https:\/\/www.festivox.fr\/blog\/#organization","name":"festivox","url":"https:\/\/www.festivox.fr\/blog\/","logo":{"@type":"ImageObject","inLanguage":"fr-FR","@id":"https:\/\/www.festivox.fr\/blog\/#\/schema\/logo\/image\/","url":"https:\/\/www.festivox.fr\/blog\/wp-content\/uploads\/2023\/06\/logo-2.png","contentUrl":"https:\/\/www.festivox.fr\/blog\/wp-content\/uploads\/2023\/06\/logo-2.png","width":480,"height":160,"caption":"festivox"},"image":{"@id":"https:\/\/www.festivox.fr\/blog\/#\/schema\/logo\/image\/"}},{"@type":"Person","@id":"https:\/\/www.festivox.fr\/blog\/#\/schema\/person\/f36a8b6bc94800c3eafed4bca993ce95","name":"Michele","image":{"@type":"ImageObject","inLanguage":"fr-FR","@id":"https:\/\/secure.gravatar.com\/avatar\/b062046536b5d47ec9075956ec349ef95ed06b0f910c578f74abb318668b702e?s=96&d=mm&r=g","url":"https:\/\/secure.gravatar.com\/avatar\/b062046536b5d47ec9075956ec349ef95ed06b0f910c578f74abb318668b702e?s=96&d=mm&r=g","contentUrl":"https:\/\/secure.gravatar.com\/avatar\/b062046536b5d47ec9075956ec349ef95ed06b0f910c578f74abb318668b702e?s=96&d=mm&r=g","caption":"Michele"},"sameAs":["https:\/\/www.festivox.fr\/blog"],"url":"https:\/\/www.festivox.fr\/blog\/author\/voxadmin\/"}]}},"_links":{"self":[{"href":"https:\/\/www.festivox.fr\/blog\/wp-json\/wp\/v2\/posts\/808","targetHints":{"allow":["GET"]}}],"collection":[{"href":"https:\/\/www.festivox.fr\/blog\/wp-json\/wp\/v2\/posts"}],"about":[{"href":"https:\/\/www.festivox.fr\/blog\/wp-json\/wp\/v2\/types\/post"}],"author":[{"embeddable":true,"href":"https:\/\/www.festivox.fr\/blog\/wp-json\/wp\/v2\/users\/1"}],"replies":[{"embeddable":true,"href":"https:\/\/www.festivox.fr\/blog\/wp-json\/wp\/v2\/comments?post=808"}],"version-history":[{"count":0,"href":"https:\/\/www.festivox.fr\/blog\/wp-json\/wp\/v2\/posts\/808\/revisions"}],"wp:featuredmedia":[{"embeddable":true,"href":"https:\/\/www.festivox.fr\/blog\/wp-json\/wp\/v2\/media\/809"}],"wp:attachment":[{"href":"https:\/\/www.festivox.fr\/blog\/wp-json\/wp\/v2\/media?parent=808"}],"wp:term":[{"taxonomy":"category","embeddable":true,"href":"https:\/\/www.festivox.fr\/blog\/wp-json\/wp\/v2\/categories?post=808"},{"taxonomy":"post_tag","embeddable":true,"href":"https:\/\/www.festivox.fr\/blog\/wp-json\/wp\/v2\/tags?post=808"}],"curies":[{"name":"wp","href":"https:\/\/api.w.org\/{rel}","templated":true}]}}