{"id":804,"date":"2024-04-25T22:24:00","date_gmt":"2024-04-25T20:24:00","guid":{"rendered":"https:\/\/www.festivox.fr\/blog\/concert-marc-hevea-chante-claude-nougaro\/"},"modified":"2024-04-25T22:24:00","modified_gmt":"2024-04-25T20:24:00","slug":"concert-marc-hevea-chante-claude-nougaro","status":"publish","type":"post","link":"https:\/\/www.festivox.fr\/blog\/concert-marc-hevea-chante-claude-nougaro\/","title":{"rendered":"Concert : Marc H\u00e9v\u00e9a chante Claude Nougaro"},"content":{"rendered":"\n<div><img decoding=\"async\" src=\"https:\/\/www.festivox.fr\/blog\/wp-content\/uploads\/2024\/04\/concert-marc-hevea-chante-claude-nougaro.jpg\" class=\"ff-og-image-inserted\"><\/div>\n<p><!-- Pub DFP Position [outstream] --> <\/p>\n<p><span class=\"txt-gras\">Dimanche 28 avril<\/span>, \u00e0 la salle Claude-Nougaro, \u00e0 16 h, Marc H\u00e9v\u00e9a chantera Nougaro. Un concert propos\u00e9 par les Loisirs culturels montadynois en partenariat avec Bloc-Notes Productions B\u00e9ziers et la municipalit\u00e9.<\/p>\n<p>Auteur, compositeur, pianiste, Marc H\u00e9v\u00e9a interpr\u00e9tera, en compagnie de Jean-Luc Mirault \u00e0 la basse et Fr\u00e9d\u00e9ric Girard \u00e0 la batterie, de nombreuses chansons de l\u2019\u0153uvre magnifique et \u00e9ternelle du po\u00e8te toulousain.<\/p>\n<p><!-- Pub DFP Position [article] --> <\/p>\n<p>D\u2019une <span class=\"txt-cit\"><i>Petite fille en pleurs<\/i><\/span>, \u00e0 <span class=\"txt-cit\"><i>C\u00e9cile<\/i><\/span>, en passant par <span class=\"txt-cit\"><i>Bidonville<\/i><\/span> ou encore <span class=\"txt-cit\"><i>Armstrong<\/i><\/span>, mais aussi <span class=\"txt-cit\"><i>Dansez sur moi<\/i><\/span>, <span class=\"txt-cit\"><i>Je suis sous<\/i><\/span>, <span class=\"txt-cit\"><i>Le jazz et la java<\/i><\/span>\u2026 le public sera conquis.<\/p>\n<p>Au milieu de ces magnifiques titres de Claude Nougaro, Marc H\u00e9v\u00e9a chantera une de ses compositions, <span class=\"txt-cit\"><i>Nos liens de chant<\/i><\/span> qui a re\u00e7u un tr\u00e8s bel accueil d\u2019H\u00e9l\u00e8ne Nougaro en personne.<\/p>\n<footer class=\"txt-note\"><i>Entr\u00e9e : libre participation. R\u00e9servations au 06 95 04 10 04.<\/i><\/footer>\n<p> Cet article, qui traite du th\u00e8me \u00ab\u00a0Festival Jazz et musique en mode guinguette\u00a0\u00bb, vous est d\u00e9lib\u00e9r\u00e9ment offert par festivox.fr. La raison d\u2019\u00eatre de festivox.fr est de parler de Festival Jazz et musique en mode guinguette dans la transparence la plus g\u00e9n\u00e9rale en vous procurant la visibilit\u00e9 de tout ce qui est publi\u00e9 sur ce sujet sur le web La chronique a \u00e9t\u00e9 g\u00e9n\u00e9r\u00e9e de la mani\u00e8re la plus honn\u00eate que possible. S\u2019il advenait que vous projetez d\u2019apporter quelques notes concernant le domaine de \u00ab\u00a0Festival Jazz et musique en mode guinguette\u00a0\u00bb vous avez la possibilit\u00e9 de d&rsquo;\u00e9changer avec notre r\u00e9daction. Dans peu de temps, on mettra en ligne d&rsquo;autres informations pertinentes autour du sujet \u00ab\u00a0Festival Jazz et musique en mode guinguette\u00a0\u00bb. Ainsi, consultez r\u00e9guli\u00e8rement notre site.<\/p>\n","protected":false},"excerpt":{"rendered":"<p>Dimanche 28 avril, \u00e0 la salle Claude-Nougaro, \u00e0 16 h, Marc H\u00e9v\u00e9a chantera Nougaro. Un concert propos\u00e9 par les Loisirs culturels montadynois en partenariat avec Bloc-Notes Productions B\u00e9ziers et la municipalit\u00e9. Auteur, compositeur, pianiste, Marc H\u00e9v\u00e9a interpr\u00e9tera, en compagnie de Jean-Luc Mirault \u00e0 la basse et Fr\u00e9d\u00e9ric Girard \u00e0 la batterie, de nombreuses chansons de&hellip;<\/p>\n","protected":false},"author":1,"featured_media":805,"comment_status":"closed","ping_status":"closed","sticky":false,"template":"","format":"standard","meta":{"footnotes":""},"categories":[3],"tags":[],"class_list":["post-804","post","type-post","status-publish","format-standard","has-post-thumbnail","hentry","category-wiki-sur-festival-jazz-et-musique-en-mode-guinguette"],"yoast_head":"<!-- This site is optimized with the Yoast SEO plugin v27.5 - https:\/\/yoast.com\/product\/yoast-seo-wordpress\/ -->\n<title>Concert : Marc H\u00e9v\u00e9a chante Claude Nougaro - FESTIVOX<\/title>\n<meta name=\"robots\" content=\"index, follow, max-snippet:-1, max-image-preview:large, max-video-preview:-1\" \/>\n<link rel=\"canonical\" href=\"https:\/\/www.festivox.fr\/blog\/concert-marc-hevea-chante-claude-nougaro\/\" \/>\n<meta property=\"og:locale\" content=\"fr_FR\" \/>\n<meta property=\"og:type\" content=\"article\" \/>\n<meta property=\"og:title\" content=\"Concert : Marc H\u00e9v\u00e9a chante Claude Nougaro - FESTIVOX\" \/>\n<meta property=\"og:description\" content=\"Dimanche 28 avril, \u00e0 la salle Claude-Nougaro, \u00e0 16 h, Marc H\u00e9v\u00e9a chantera Nougaro. Un concert propos\u00e9 par les Loisirs culturels montadynois en partenariat avec Bloc-Notes Productions B\u00e9ziers et la municipalit\u00e9. Auteur, compositeur, pianiste, Marc H\u00e9v\u00e9a interpr\u00e9tera, en compagnie de Jean-Luc Mirault \u00e0 la basse et Fr\u00e9d\u00e9ric Girard \u00e0 la batterie, de nombreuses chansons de&hellip;\" \/>\n<meta property=\"og:url\" content=\"https:\/\/www.festivox.fr\/blog\/concert-marc-hevea-chante-claude-nougaro\/\" \/>\n<meta property=\"og:site_name\" content=\"FESTIVOX\" \/>\n<meta property=\"article:published_time\" content=\"2024-04-25T20:24:00+00:00\" \/>\n<meta property=\"og:image\" content=\"https:\/\/www.festivox.fr\/blog\/wp-content\/uploads\/2024\/04\/concert-marc-hevea-chante-claude-nougaro.jpg\" \/>\n<meta name=\"author\" content=\"Michele\" \/>\n<meta name=\"twitter:card\" content=\"summary_large_image\" \/>\n<meta name=\"twitter:label1\" content=\"\u00c9crit par\" \/>\n\t<meta name=\"twitter:data1\" content=\"Michele\" \/>\n\t<meta name=\"twitter:label2\" content=\"Dur\u00e9e de lecture estim\u00e9e\" \/>\n\t<meta name=\"twitter:data2\" content=\"1 minute\" \/>\n<script type=\"application\/ld+json\" class=\"yoast-schema-graph\">{\"@context\":\"https:\\\/\\\/schema.org\",\"@graph\":[{\"@type\":\"Article\",\"@id\":\"https:\\\/\\\/www.festivox.fr\\\/blog\\\/concert-marc-hevea-chante-claude-nougaro\\\/#article\",\"isPartOf\":{\"@id\":\"https:\\\/\\\/www.festivox.fr\\\/blog\\\/concert-marc-hevea-chante-claude-nougaro\\\/\"},\"author\":{\"name\":\"Michele\",\"@id\":\"https:\\\/\\\/www.festivox.fr\\\/blog\\\/#\\\/schema\\\/person\\\/f36a8b6bc94800c3eafed4bca993ce95\"},\"headline\":\"Concert : Marc H\u00e9v\u00e9a chante Claude Nougaro\",\"datePublished\":\"2024-04-25T20:24:00+00:00\",\"mainEntityOfPage\":{\"@id\":\"https:\\\/\\\/www.festivox.fr\\\/blog\\\/concert-marc-hevea-chante-claude-nougaro\\\/\"},\"wordCount\":296,\"publisher\":{\"@id\":\"https:\\\/\\\/www.festivox.fr\\\/blog\\\/#organization\"},\"image\":{\"@id\":\"https:\\\/\\\/www.festivox.fr\\\/blog\\\/concert-marc-hevea-chante-claude-nougaro\\\/#primaryimage\"},\"thumbnailUrl\":\"https:\\\/\\\/www.festivox.fr\\\/blog\\\/wp-content\\\/uploads\\\/2024\\\/04\\\/concert-marc-hevea-chante-claude-nougaro.jpg\",\"articleSection\":[\"Wiki Sur Festival Jazz Et Musique En Mode Guinguette:\"],\"inLanguage\":\"fr-FR\"},{\"@type\":\"WebPage\",\"@id\":\"https:\\\/\\\/www.festivox.fr\\\/blog\\\/concert-marc-hevea-chante-claude-nougaro\\\/\",\"url\":\"https:\\\/\\\/www.festivox.fr\\\/blog\\\/concert-marc-hevea-chante-claude-nougaro\\\/\",\"name\":\"Concert : Marc H\u00e9v\u00e9a chante Claude Nougaro - FESTIVOX\",\"isPartOf\":{\"@id\":\"https:\\\/\\\/www.festivox.fr\\\/blog\\\/#website\"},\"primaryImageOfPage\":{\"@id\":\"https:\\\/\\\/www.festivox.fr\\\/blog\\\/concert-marc-hevea-chante-claude-nougaro\\\/#primaryimage\"},\"image\":{\"@id\":\"https:\\\/\\\/www.festivox.fr\\\/blog\\\/concert-marc-hevea-chante-claude-nougaro\\\/#primaryimage\"},\"thumbnailUrl\":\"https:\\\/\\\/www.festivox.fr\\\/blog\\\/wp-content\\\/uploads\\\/2024\\\/04\\\/concert-marc-hevea-chante-claude-nougaro.jpg\",\"datePublished\":\"2024-04-25T20:24:00+00:00\",\"breadcrumb\":{\"@id\":\"https:\\\/\\\/www.festivox.fr\\\/blog\\\/concert-marc-hevea-chante-claude-nougaro\\\/#breadcrumb\"},\"inLanguage\":\"fr-FR\",\"potentialAction\":[{\"@type\":\"ReadAction\",\"target\":[\"https:\\\/\\\/www.festivox.fr\\\/blog\\\/concert-marc-hevea-chante-claude-nougaro\\\/\"]}]},{\"@type\":\"ImageObject\",\"inLanguage\":\"fr-FR\",\"@id\":\"https:\\\/\\\/www.festivox.fr\\\/blog\\\/concert-marc-hevea-chante-claude-nougaro\\\/#primaryimage\",\"url\":\"https:\\\/\\\/www.festivox.fr\\\/blog\\\/wp-content\\\/uploads\\\/2024\\\/04\\\/concert-marc-hevea-chante-claude-nougaro.jpg\",\"contentUrl\":\"https:\\\/\\\/www.festivox.fr\\\/blog\\\/wp-content\\\/uploads\\\/2024\\\/04\\\/concert-marc-hevea-chante-claude-nougaro.jpg\",\"width\":885,\"height\":500},{\"@type\":\"BreadcrumbList\",\"@id\":\"https:\\\/\\\/www.festivox.fr\\\/blog\\\/concert-marc-hevea-chante-claude-nougaro\\\/#breadcrumb\",\"itemListElement\":[{\"@type\":\"ListItem\",\"position\":1,\"name\":\"Accueil\",\"item\":\"https:\\\/\\\/www.festivox.fr\\\/blog\\\/\"},{\"@type\":\"ListItem\",\"position\":2,\"name\":\"Concert : Marc H\u00e9v\u00e9a chante Claude Nougaro\"}]},{\"@type\":\"WebSite\",\"@id\":\"https:\\\/\\\/www.festivox.fr\\\/blog\\\/#website\",\"url\":\"https:\\\/\\\/www.festivox.fr\\\/blog\\\/\",\"name\":\"FESTIVOX\",\"description\":\"Festival en mode guinguette.\",\"publisher\":{\"@id\":\"https:\\\/\\\/www.festivox.fr\\\/blog\\\/#organization\"},\"potentialAction\":[{\"@type\":\"SearchAction\",\"target\":{\"@type\":\"EntryPoint\",\"urlTemplate\":\"https:\\\/\\\/www.festivox.fr\\\/blog\\\/?s={search_term_string}\"},\"query-input\":{\"@type\":\"PropertyValueSpecification\",\"valueRequired\":true,\"valueName\":\"search_term_string\"}}],\"inLanguage\":\"fr-FR\"},{\"@type\":\"Organization\",\"@id\":\"https:\\\/\\\/www.festivox.fr\\\/blog\\\/#organization\",\"name\":\"festivox\",\"url\":\"https:\\\/\\\/www.festivox.fr\\\/blog\\\/\",\"logo\":{\"@type\":\"ImageObject\",\"inLanguage\":\"fr-FR\",\"@id\":\"https:\\\/\\\/www.festivox.fr\\\/blog\\\/#\\\/schema\\\/logo\\\/image\\\/\",\"url\":\"https:\\\/\\\/www.festivox.fr\\\/blog\\\/wp-content\\\/uploads\\\/2023\\\/06\\\/logo-2.png\",\"contentUrl\":\"https:\\\/\\\/www.festivox.fr\\\/blog\\\/wp-content\\\/uploads\\\/2023\\\/06\\\/logo-2.png\",\"width\":480,\"height\":160,\"caption\":\"festivox\"},\"image\":{\"@id\":\"https:\\\/\\\/www.festivox.fr\\\/blog\\\/#\\\/schema\\\/logo\\\/image\\\/\"}},{\"@type\":\"Person\",\"@id\":\"https:\\\/\\\/www.festivox.fr\\\/blog\\\/#\\\/schema\\\/person\\\/f36a8b6bc94800c3eafed4bca993ce95\",\"name\":\"Michele\",\"image\":{\"@type\":\"ImageObject\",\"inLanguage\":\"fr-FR\",\"@id\":\"https:\\\/\\\/secure.gravatar.com\\\/avatar\\\/b062046536b5d47ec9075956ec349ef95ed06b0f910c578f74abb318668b702e?s=96&d=mm&r=g\",\"url\":\"https:\\\/\\\/secure.gravatar.com\\\/avatar\\\/b062046536b5d47ec9075956ec349ef95ed06b0f910c578f74abb318668b702e?s=96&d=mm&r=g\",\"contentUrl\":\"https:\\\/\\\/secure.gravatar.com\\\/avatar\\\/b062046536b5d47ec9075956ec349ef95ed06b0f910c578f74abb318668b702e?s=96&d=mm&r=g\",\"caption\":\"Michele\"},\"sameAs\":[\"https:\\\/\\\/www.festivox.fr\\\/blog\"],\"url\":\"https:\\\/\\\/www.festivox.fr\\\/blog\\\/author\\\/voxadmin\\\/\"}]}<\/script>\n<!-- \/ Yoast SEO plugin. -->","yoast_head_json":{"title":"Concert : Marc H\u00e9v\u00e9a chante Claude Nougaro - FESTIVOX","robots":{"index":"index","follow":"follow","max-snippet":"max-snippet:-1","max-image-preview":"max-image-preview:large","max-video-preview":"max-video-preview:-1"},"canonical":"https:\/\/www.festivox.fr\/blog\/concert-marc-hevea-chante-claude-nougaro\/","og_locale":"fr_FR","og_type":"article","og_title":"Concert : Marc H\u00e9v\u00e9a chante Claude Nougaro - FESTIVOX","og_description":"Dimanche 28 avril, \u00e0 la salle Claude-Nougaro, \u00e0 16 h, Marc H\u00e9v\u00e9a chantera Nougaro. Un concert propos\u00e9 par les Loisirs culturels montadynois en partenariat avec Bloc-Notes Productions B\u00e9ziers et la municipalit\u00e9. Auteur, compositeur, pianiste, Marc H\u00e9v\u00e9a interpr\u00e9tera, en compagnie de Jean-Luc Mirault \u00e0 la basse et Fr\u00e9d\u00e9ric Girard \u00e0 la batterie, de nombreuses chansons de&hellip;","og_url":"https:\/\/www.festivox.fr\/blog\/concert-marc-hevea-chante-claude-nougaro\/","og_site_name":"FESTIVOX","article_published_time":"2024-04-25T20:24:00+00:00","og_image":[{"url":"https:\/\/www.festivox.fr\/blog\/wp-content\/uploads\/2024\/04\/concert-marc-hevea-chante-claude-nougaro.jpg","type":"","width":"","height":""}],"author":"Michele","twitter_card":"summary_large_image","twitter_misc":{"\u00c9crit par":"Michele","Dur\u00e9e de lecture estim\u00e9e":"1 minute"},"schema":{"@context":"https:\/\/schema.org","@graph":[{"@type":"Article","@id":"https:\/\/www.festivox.fr\/blog\/concert-marc-hevea-chante-claude-nougaro\/#article","isPartOf":{"@id":"https:\/\/www.festivox.fr\/blog\/concert-marc-hevea-chante-claude-nougaro\/"},"author":{"name":"Michele","@id":"https:\/\/www.festivox.fr\/blog\/#\/schema\/person\/f36a8b6bc94800c3eafed4bca993ce95"},"headline":"Concert : Marc H\u00e9v\u00e9a chante Claude Nougaro","datePublished":"2024-04-25T20:24:00+00:00","mainEntityOfPage":{"@id":"https:\/\/www.festivox.fr\/blog\/concert-marc-hevea-chante-claude-nougaro\/"},"wordCount":296,"publisher":{"@id":"https:\/\/www.festivox.fr\/blog\/#organization"},"image":{"@id":"https:\/\/www.festivox.fr\/blog\/concert-marc-hevea-chante-claude-nougaro\/#primaryimage"},"thumbnailUrl":"https:\/\/www.festivox.fr\/blog\/wp-content\/uploads\/2024\/04\/concert-marc-hevea-chante-claude-nougaro.jpg","articleSection":["Wiki Sur Festival Jazz Et Musique En Mode Guinguette:"],"inLanguage":"fr-FR"},{"@type":"WebPage","@id":"https:\/\/www.festivox.fr\/blog\/concert-marc-hevea-chante-claude-nougaro\/","url":"https:\/\/www.festivox.fr\/blog\/concert-marc-hevea-chante-claude-nougaro\/","name":"Concert : Marc H\u00e9v\u00e9a chante Claude Nougaro - FESTIVOX","isPartOf":{"@id":"https:\/\/www.festivox.fr\/blog\/#website"},"primaryImageOfPage":{"@id":"https:\/\/www.festivox.fr\/blog\/concert-marc-hevea-chante-claude-nougaro\/#primaryimage"},"image":{"@id":"https:\/\/www.festivox.fr\/blog\/concert-marc-hevea-chante-claude-nougaro\/#primaryimage"},"thumbnailUrl":"https:\/\/www.festivox.fr\/blog\/wp-content\/uploads\/2024\/04\/concert-marc-hevea-chante-claude-nougaro.jpg","datePublished":"2024-04-25T20:24:00+00:00","breadcrumb":{"@id":"https:\/\/www.festivox.fr\/blog\/concert-marc-hevea-chante-claude-nougaro\/#breadcrumb"},"inLanguage":"fr-FR","potentialAction":[{"@type":"ReadAction","target":["https:\/\/www.festivox.fr\/blog\/concert-marc-hevea-chante-claude-nougaro\/"]}]},{"@type":"ImageObject","inLanguage":"fr-FR","@id":"https:\/\/www.festivox.fr\/blog\/concert-marc-hevea-chante-claude-nougaro\/#primaryimage","url":"https:\/\/www.festivox.fr\/blog\/wp-content\/uploads\/2024\/04\/concert-marc-hevea-chante-claude-nougaro.jpg","contentUrl":"https:\/\/www.festivox.fr\/blog\/wp-content\/uploads\/2024\/04\/concert-marc-hevea-chante-claude-nougaro.jpg","width":885,"height":500},{"@type":"BreadcrumbList","@id":"https:\/\/www.festivox.fr\/blog\/concert-marc-hevea-chante-claude-nougaro\/#breadcrumb","itemListElement":[{"@type":"ListItem","position":1,"name":"Accueil","item":"https:\/\/www.festivox.fr\/blog\/"},{"@type":"ListItem","position":2,"name":"Concert : Marc H\u00e9v\u00e9a chante Claude Nougaro"}]},{"@type":"WebSite","@id":"https:\/\/www.festivox.fr\/blog\/#website","url":"https:\/\/www.festivox.fr\/blog\/","name":"FESTIVOX","description":"Festival en mode guinguette.","publisher":{"@id":"https:\/\/www.festivox.fr\/blog\/#organization"},"potentialAction":[{"@type":"SearchAction","target":{"@type":"EntryPoint","urlTemplate":"https:\/\/www.festivox.fr\/blog\/?s={search_term_string}"},"query-input":{"@type":"PropertyValueSpecification","valueRequired":true,"valueName":"search_term_string"}}],"inLanguage":"fr-FR"},{"@type":"Organization","@id":"https:\/\/www.festivox.fr\/blog\/#organization","name":"festivox","url":"https:\/\/www.festivox.fr\/blog\/","logo":{"@type":"ImageObject","inLanguage":"fr-FR","@id":"https:\/\/www.festivox.fr\/blog\/#\/schema\/logo\/image\/","url":"https:\/\/www.festivox.fr\/blog\/wp-content\/uploads\/2023\/06\/logo-2.png","contentUrl":"https:\/\/www.festivox.fr\/blog\/wp-content\/uploads\/2023\/06\/logo-2.png","width":480,"height":160,"caption":"festivox"},"image":{"@id":"https:\/\/www.festivox.fr\/blog\/#\/schema\/logo\/image\/"}},{"@type":"Person","@id":"https:\/\/www.festivox.fr\/blog\/#\/schema\/person\/f36a8b6bc94800c3eafed4bca993ce95","name":"Michele","image":{"@type":"ImageObject","inLanguage":"fr-FR","@id":"https:\/\/secure.gravatar.com\/avatar\/b062046536b5d47ec9075956ec349ef95ed06b0f910c578f74abb318668b702e?s=96&d=mm&r=g","url":"https:\/\/secure.gravatar.com\/avatar\/b062046536b5d47ec9075956ec349ef95ed06b0f910c578f74abb318668b702e?s=96&d=mm&r=g","contentUrl":"https:\/\/secure.gravatar.com\/avatar\/b062046536b5d47ec9075956ec349ef95ed06b0f910c578f74abb318668b702e?s=96&d=mm&r=g","caption":"Michele"},"sameAs":["https:\/\/www.festivox.fr\/blog"],"url":"https:\/\/www.festivox.fr\/blog\/author\/voxadmin\/"}]}},"_links":{"self":[{"href":"https:\/\/www.festivox.fr\/blog\/wp-json\/wp\/v2\/posts\/804","targetHints":{"allow":["GET"]}}],"collection":[{"href":"https:\/\/www.festivox.fr\/blog\/wp-json\/wp\/v2\/posts"}],"about":[{"href":"https:\/\/www.festivox.fr\/blog\/wp-json\/wp\/v2\/types\/post"}],"author":[{"embeddable":true,"href":"https:\/\/www.festivox.fr\/blog\/wp-json\/wp\/v2\/users\/1"}],"replies":[{"embeddable":true,"href":"https:\/\/www.festivox.fr\/blog\/wp-json\/wp\/v2\/comments?post=804"}],"version-history":[{"count":0,"href":"https:\/\/www.festivox.fr\/blog\/wp-json\/wp\/v2\/posts\/804\/revisions"}],"wp:featuredmedia":[{"embeddable":true,"href":"https:\/\/www.festivox.fr\/blog\/wp-json\/wp\/v2\/media\/805"}],"wp:attachment":[{"href":"https:\/\/www.festivox.fr\/blog\/wp-json\/wp\/v2\/media?parent=804"}],"wp:term":[{"taxonomy":"category","embeddable":true,"href":"https:\/\/www.festivox.fr\/blog\/wp-json\/wp\/v2\/categories?post=804"},{"taxonomy":"post_tag","embeddable":true,"href":"https:\/\/www.festivox.fr\/blog\/wp-json\/wp\/v2\/tags?post=804"}],"curies":[{"name":"wp","href":"https:\/\/api.w.org\/{rel}","templated":true}]}}