{"id":802,"date":"2024-04-26T03:00:00","date_gmt":"2024-04-26T01:00:00","guid":{"rendered":"https:\/\/www.festivox.fr\/blog\/claude-nougaro-revisite-avec-grace-par-yvan-cujious-louis-winsberg-et-francis-cabrel\/"},"modified":"2024-04-26T03:00:00","modified_gmt":"2024-04-26T01:00:00","slug":"claude-nougaro-revisite-avec-grace-par-yvan-cujious-louis-winsberg-et-francis-cabrel","status":"publish","type":"post","link":"https:\/\/www.festivox.fr\/blog\/claude-nougaro-revisite-avec-grace-par-yvan-cujious-louis-winsberg-et-francis-cabrel\/","title":{"rendered":"Claude Nougaro revisit\u00e9 avec gr\u00e2ce par Yvan Cujious, Louis Winsberg et Francis Cabrel"},"content":{"rendered":"\n<div><img decoding=\"async\" src=\"https:\/\/www.festivox.fr\/blog\/wp-content\/uploads\/2024\/04\/claude-nougaro-revisite-avec-grace-par-yvan-cujious-louis-winsberg-et-francis-cabrel.jpg\" class=\"ff-og-image-inserted\"><\/div>\n<p class=\"PopSlotParagraph qg-tx2 qg-xtra-lh svelte-1xznlfb\"><!-- HTML_TAG_START -->En 1991, Claude Nougaro sortait l&rsquo;album <em>1Voix 10Doigts<\/em>&nbsp;en duo avec le pianiste Maurice Vander.&nbsp;Yvan Cujious, qu&rsquo;il&nbsp;avait rep\u00e9r\u00e9 en 1996 lors d\u2019un concours de chanson dont il \u00e9tait le pr\u00e9sident du jury, lui rend hommage vingt ans apr\u00e8s sa mort. Pr\u00e9cisons que ce dernier est le fondateur avec H\u00e9l\u00e8ne Nougaro, de l\u2019Association Claude Nougaro. En compagnie de Louis Winsberg (guitare, arrangements), fondateur du groupe Sixun et musicien tr\u00e8s recherch\u00e9 sur la sc\u00e8ne jazz ( Dee Dee Bridgewater, Mike Stern, Eddie Gomez) qui a jou\u00e9 aussi avec Nougaro et Maurane, Yvan Cujious ( voix-trompette) s&rsquo;est embarqu\u00e9 dans un&nbsp;concert-spectacle de haut vol, retra\u00e7ant l&rsquo;esprit de \u00ab\u00a0l\u2019homme aux semelles de swing\u00a0\u00bb. De cet hommage sort un album&nbsp;produit par Richard et Fr\u00e9d\u00e9ric Seff. Il&nbsp;contient un des titres phares de Nougaro,&nbsp;d\u00e9di\u00e9 \u00e0 sa fille n\u00e9e en 1962 de sa femme Sylvie, rencontr\u00e9e au Lapin Agile \u00e0 Paris, le cabaret o\u00f9 apr\u00e8s avoir r\u00e9cit\u00e9 des po\u00e8mes, il pr\u00e9senta ses premi\u00e8res chansons.<!-- HTML_TAG_END --><\/p>\n<div class=\"ConsentNotice svelte-bz8pq\" data-vendor=\"c:youtube\">\n<p class=\"ConsentNotice-description qg-tx3 svelte-bz8pq\"><!-- HTML_TAG_START -->Pour afficher ce contenu Youtube, vous devez accepter les cookies <b>Publicit\u00e9<\/b>.<\/p>\n<p>Ces cookies permettent \u00e0 nos partenaires de vous proposer des publicit\u00e9s et des contenus personnalis\u00e9s en fonction de votre navigation, de votre profil et de vos centres d&rsquo;int\u00e9r\u00eat. <!-- HTML_TAG_END --><\/p>\n<p> <button class=\"Button light secondary medium svelte-5a41eh\" type=\"button\" aria-label=\"bouton G\u00e9rer mes choix\"> G\u00e9rer mes choix <\/button> <button class=\"Button light primary medium svelte-5a41eh\" type=\"button\" aria-label=\"bouton J'autorise\"> J&rsquo;autorise <\/button><\/p>\n<\/div>\n<p class=\"PopSlotParagraph qg-tx2 qg-xtra-lh svelte-1xznlfb\"><!-- HTML_TAG_START -->Au programme de ce beau disque, dix chansons o\u00f9 voix d\u00e9licates, guitares expertes et trompette ne font que mettre en lumi\u00e8re leur tendresse pour le chanteur de Toulouse.&nbsp;<em>Le Jazz et la Java<\/em>, <em>La Pluie fait des Claquettes, Le Cin\u00e9ma<\/em>,&nbsp;<em>Les Don Juan, Une Petite Fille<\/em>,&nbsp;<em>\u00c0 bout de Souffle<\/em>,&nbsp;<em>Armstrong<\/em>&nbsp;avec en prime la guitare et la voix de Thomas Dutronc, <em>Rimes<\/em> avec le chant en or d&rsquo;Anne Sila, <em>Toulouse<\/em> avec Bigflo et Oli. Mention sp\u00e9ciale aux guitares voyageuses, subtiles et savantes aux tournures jazzy&nbsp;ou aux&nbsp;saveurs&nbsp;d&rsquo;Andalousie, qui donnent \u00e0 ces airs une succulence toute singuli\u00e8re.<!-- HTML_TAG_END --><\/p>\n<div class=\"PopSlot inread svelte-1nn8uhn\">\n<p><span class=\"qg-tx5 svelte-1nn8uhn\">Publicit\u00e9<\/span> <\/p>\n<\/p><\/div>\n<p class=\"PopSlotParagraph qg-tx2 qg-xtra-lh svelte-1xznlfb\"><!-- HTML_TAG_START --><em>L&rsquo;album 1Voix 6Cordes&nbsp;sort le&nbsp;31 mai chez Baboo Music<\/em><!-- HTML_TAG_END --><\/p>\n<p class=\"PopSlotParagraph qg-tx2 qg-xtra-lh svelte-1xznlfb\"><!-- HTML_TAG_START -->NOTEZ que cette ann\u00e9e 2024 rend hommage \u00e0 Claude Nougaro, d\u00e9c\u00e9d\u00e9 le 4 mars 2004. Pour cette occasion, les festivals Jazz \u00e0 Vienne, Jazz sous les pommiers, Les Suds \u00e0 Arles et Jazz in Marciac pr\u00e9sentent la cr\u00e9ation&nbsp;<em>New&rsquo; Garo.<\/em> Elle est&nbsp;port\u00e9e par la vingtaine de musiciens \u00ab&nbsp;sacr\u00e9s&nbsp;\u00bb de&nbsp;<!-- HTML_TAG_END --> <a href=\"https:\/\/www.radiofrance.fr\/fip\/le-road-movie-de-fred-pallem-le-sacre-du-tympan-2893392\" class data-testid=\"link\" target=\"_blank\" rel=\"nofollow\"><!-- HTML_TAG_START -->Fred Pallem<!-- HTML_TAG_END --><\/a><!-- HTML_TAG_START -->&nbsp;et d\u2019un all-star vocal compos\u00e9 de Souad Massi, Marion Rampal, M\u00e9lissa Laveaux, Gabi Hartmann, Babx, Thomas de Pourquery, Sanseverino, Jowee Omicil, Andr\u00e9 Minvielle, Ray Lema et Jacques Gamblin. Ils d\u00e9voilent des versions r\u00e9arrang\u00e9es o\u00f9 chacun et chacune livrera une vision toute personnelle de la musique et des mots de Claude.<!-- HTML_TAG_END --><\/p>\n<div class=\"Bounce svelte-k0g7f5 hasAudio\">\n<div class=\"Bounce-left svelte-k0g7f5\">\n<p><span class=\"Bounce-conceptTitle qg-tx5 svelte-k0g7f5\">Open jazz<\/span> <span class=\"g-separator svelte-k0g7f5\"><\/span> <button class=\"Button light tertiary medium svelte-5a41eh\" type=\"button\" data-testid=\"BookmarkToggle\">  \u00c9couter plus tard <\/button><\/p>\n<\/div>\n<p> <button class=\"Button dark primary small isExpandable svelte-5a41eh\" data-track-click-type=\"replayButton\" type=\"button\" data-testid=\"replay-button\"><span><span class=\"qg-sr-only\">Lecture<\/span> <\/span> <span><!-- HTML_TAG_START -->\u00e9couter<!-- HTML_TAG_END --><\/span> <\/button> <span class=\"Duration light qg-tx5 svelte-1i8r9u\">1h 00 <\/span><\/p>\n<\/p><\/div>\n<div class=\"Bounce svelte-k0g7f5 hasAudio\">\n<div class=\"Bounce-left svelte-k0g7f5\">\n<p><span class=\"Bounce-conceptTitle qg-tx5 svelte-k0g7f5\">Club Jazzafip<\/span> <span class=\"g-separator svelte-k0g7f5\"><\/span> <button class=\"Button light tertiary medium svelte-5a41eh\" type=\"button\" data-testid=\"BookmarkToggle\">  \u00c9couter plus tard <\/button><\/p>\n<\/div>\n<p> <button class=\"Button dark primary small isExpandable svelte-5a41eh\" data-track-click-type=\"replayButton\" type=\"button\" data-testid=\"replay-button\"><span><span class=\"qg-sr-only\">Lecture<\/span> <\/span> <span><!-- HTML_TAG_START -->\u00e9couter<!-- HTML_TAG_END --><\/span> <\/button> <span class=\"Duration light qg-tx5 svelte-1i8r9u\">1h 08 <\/span><\/p>\n<\/p><\/div>\n<div class=\"Bounce svelte-k0g7f5 hasAudio\">\n<div class=\"Bounce-left svelte-k0g7f5\">\n<p><span class=\"Bounce-conceptTitle qg-tx5 svelte-k0g7f5\">Hier Nougaro, demain Newgaro<\/span> <span class=\"g-separator svelte-k0g7f5\"><\/span> <button class=\"Button light tertiary medium svelte-5a41eh\" type=\"button\" data-testid=\"BookmarkToggle\">  \u00c9couter plus tard <\/button><\/p>\n<\/div>\n<p> <button class=\"Button dark primary small isExpandable svelte-5a41eh\" data-track-click-type=\"replayButton\" type=\"button\" data-testid=\"replay-button\"><span><span class=\"qg-sr-only\">Lecture<\/span> <\/span> <span><!-- HTML_TAG_START -->\u00e9couter<!-- HTML_TAG_END --><\/span> <\/button> <span class=\"Duration light qg-tx5 svelte-1i8r9u\">55 min <\/span><\/p>\n<\/p><\/div>\n<p> Cet article, qui traite du th\u00e8me \u00ab\u00a0Festival Jazz et musique en mode guinguette\u00a0\u00bb, vous est d\u00e9lib\u00e9r\u00e9ment offert par festivox.fr. La raison d\u2019\u00eatre de festivox.fr est de parler de Festival Jazz et musique en mode guinguette dans la transparence la plus g\u00e9n\u00e9rale en vous procurant la visibilit\u00e9 de tout ce qui est publi\u00e9 sur ce sujet sur le web La chronique a \u00e9t\u00e9 g\u00e9n\u00e9r\u00e9e de la mani\u00e8re la plus honn\u00eate que possible. S\u2019il advenait que vous projetez d\u2019apporter quelques notes concernant le domaine de \u00ab\u00a0Festival Jazz et musique en mode guinguette\u00a0\u00bb vous avez la possibilit\u00e9 de d&rsquo;\u00e9changer avec notre r\u00e9daction. Dans peu de temps, on mettra en ligne d&rsquo;autres informations pertinentes autour du sujet \u00ab\u00a0Festival Jazz et musique en mode guinguette\u00a0\u00bb. Ainsi, consultez r\u00e9guli\u00e8rement notre site.<\/p>\n","protected":false},"excerpt":{"rendered":"<p>En 1991, Claude Nougaro sortait l&rsquo;album 1Voix 10Doigts&nbsp;en duo avec le pianiste Maurice Vander.&nbsp;Yvan Cujious, qu&rsquo;il&nbsp;avait rep\u00e9r\u00e9 en 1996 lors d\u2019un concours de chanson dont il \u00e9tait le pr\u00e9sident du jury, lui rend hommage vingt ans apr\u00e8s sa mort. Pr\u00e9cisons que ce dernier est le fondateur avec H\u00e9l\u00e8ne Nougaro, de l\u2019Association Claude Nougaro. En compagnie&hellip;<\/p>\n","protected":false},"author":1,"featured_media":803,"comment_status":"closed","ping_status":"closed","sticky":false,"template":"","format":"standard","meta":{"footnotes":""},"categories":[3],"tags":[],"class_list":["post-802","post","type-post","status-publish","format-standard","has-post-thumbnail","hentry","category-wiki-sur-festival-jazz-et-musique-en-mode-guinguette"],"yoast_head":"<!-- This site is optimized with the Yoast SEO plugin v27.5 - https:\/\/yoast.com\/product\/yoast-seo-wordpress\/ -->\n<title>Claude Nougaro revisit\u00e9 avec gr\u00e2ce par Yvan Cujious, Louis Winsberg et Francis Cabrel - FESTIVOX<\/title>\n<meta name=\"robots\" content=\"index, follow, max-snippet:-1, max-image-preview:large, max-video-preview:-1\" \/>\n<link rel=\"canonical\" href=\"https:\/\/www.festivox.fr\/blog\/claude-nougaro-revisite-avec-grace-par-yvan-cujious-louis-winsberg-et-francis-cabrel\/\" \/>\n<meta property=\"og:locale\" content=\"fr_FR\" \/>\n<meta property=\"og:type\" content=\"article\" \/>\n<meta property=\"og:title\" content=\"Claude Nougaro revisit\u00e9 avec gr\u00e2ce par Yvan Cujious, Louis Winsberg et Francis Cabrel - FESTIVOX\" \/>\n<meta property=\"og:description\" content=\"En 1991, Claude Nougaro sortait l&rsquo;album 1Voix 10Doigts&nbsp;en duo avec le pianiste Maurice Vander.&nbsp;Yvan Cujious, qu&rsquo;il&nbsp;avait rep\u00e9r\u00e9 en 1996 lors d\u2019un concours de chanson dont il \u00e9tait le pr\u00e9sident du jury, lui rend hommage vingt ans apr\u00e8s sa mort. Pr\u00e9cisons que ce dernier est le fondateur avec H\u00e9l\u00e8ne Nougaro, de l\u2019Association Claude Nougaro. En compagnie&hellip;\" \/>\n<meta property=\"og:url\" content=\"https:\/\/www.festivox.fr\/blog\/claude-nougaro-revisite-avec-grace-par-yvan-cujious-louis-winsberg-et-francis-cabrel\/\" \/>\n<meta property=\"og:site_name\" content=\"FESTIVOX\" \/>\n<meta property=\"article:published_time\" content=\"2024-04-26T01:00:00+00:00\" \/>\n<meta property=\"og:image\" content=\"https:\/\/www.festivox.fr\/blog\/wp-content\/uploads\/2024\/04\/claude-nougaro-revisite-avec-grace-par-yvan-cujious-louis-winsberg-et-francis-cabrel.jpg\" \/>\n<meta name=\"author\" content=\"Michele\" \/>\n<meta name=\"twitter:card\" content=\"summary_large_image\" \/>\n<meta name=\"twitter:label1\" content=\"\u00c9crit par\" \/>\n\t<meta name=\"twitter:data1\" content=\"Michele\" \/>\n\t<meta name=\"twitter:label2\" content=\"Dur\u00e9e de lecture estim\u00e9e\" \/>\n\t<meta name=\"twitter:data2\" content=\"3 minutes\" \/>\n<script type=\"application\/ld+json\" class=\"yoast-schema-graph\">{\"@context\":\"https:\\\/\\\/schema.org\",\"@graph\":[{\"@type\":\"Article\",\"@id\":\"https:\\\/\\\/www.festivox.fr\\\/blog\\\/claude-nougaro-revisite-avec-grace-par-yvan-cujious-louis-winsberg-et-francis-cabrel\\\/#article\",\"isPartOf\":{\"@id\":\"https:\\\/\\\/www.festivox.fr\\\/blog\\\/claude-nougaro-revisite-avec-grace-par-yvan-cujious-louis-winsberg-et-francis-cabrel\\\/\"},\"author\":{\"name\":\"Michele\",\"@id\":\"https:\\\/\\\/www.festivox.fr\\\/blog\\\/#\\\/schema\\\/person\\\/f36a8b6bc94800c3eafed4bca993ce95\"},\"headline\":\"Claude Nougaro revisit\u00e9 avec gr\u00e2ce par Yvan Cujious, Louis Winsberg et Francis Cabrel\",\"datePublished\":\"2024-04-26T01:00:00+00:00\",\"mainEntityOfPage\":{\"@id\":\"https:\\\/\\\/www.festivox.fr\\\/blog\\\/claude-nougaro-revisite-avec-grace-par-yvan-cujious-louis-winsberg-et-francis-cabrel\\\/\"},\"wordCount\":651,\"publisher\":{\"@id\":\"https:\\\/\\\/www.festivox.fr\\\/blog\\\/#organization\"},\"image\":{\"@id\":\"https:\\\/\\\/www.festivox.fr\\\/blog\\\/claude-nougaro-revisite-avec-grace-par-yvan-cujious-louis-winsberg-et-francis-cabrel\\\/#primaryimage\"},\"thumbnailUrl\":\"https:\\\/\\\/www.festivox.fr\\\/blog\\\/wp-content\\\/uploads\\\/2024\\\/04\\\/claude-nougaro-revisite-avec-grace-par-yvan-cujious-louis-winsberg-et-francis-cabrel.jpg\",\"articleSection\":[\"Wiki Sur Festival Jazz Et Musique En Mode Guinguette:\"],\"inLanguage\":\"fr-FR\"},{\"@type\":\"WebPage\",\"@id\":\"https:\\\/\\\/www.festivox.fr\\\/blog\\\/claude-nougaro-revisite-avec-grace-par-yvan-cujious-louis-winsberg-et-francis-cabrel\\\/\",\"url\":\"https:\\\/\\\/www.festivox.fr\\\/blog\\\/claude-nougaro-revisite-avec-grace-par-yvan-cujious-louis-winsberg-et-francis-cabrel\\\/\",\"name\":\"Claude Nougaro revisit\u00e9 avec gr\u00e2ce par Yvan Cujious, Louis Winsberg et Francis Cabrel - FESTIVOX\",\"isPartOf\":{\"@id\":\"https:\\\/\\\/www.festivox.fr\\\/blog\\\/#website\"},\"primaryImageOfPage\":{\"@id\":\"https:\\\/\\\/www.festivox.fr\\\/blog\\\/claude-nougaro-revisite-avec-grace-par-yvan-cujious-louis-winsberg-et-francis-cabrel\\\/#primaryimage\"},\"image\":{\"@id\":\"https:\\\/\\\/www.festivox.fr\\\/blog\\\/claude-nougaro-revisite-avec-grace-par-yvan-cujious-louis-winsberg-et-francis-cabrel\\\/#primaryimage\"},\"thumbnailUrl\":\"https:\\\/\\\/www.festivox.fr\\\/blog\\\/wp-content\\\/uploads\\\/2024\\\/04\\\/claude-nougaro-revisite-avec-grace-par-yvan-cujious-louis-winsberg-et-francis-cabrel.jpg\",\"datePublished\":\"2024-04-26T01:00:00+00:00\",\"breadcrumb\":{\"@id\":\"https:\\\/\\\/www.festivox.fr\\\/blog\\\/claude-nougaro-revisite-avec-grace-par-yvan-cujious-louis-winsberg-et-francis-cabrel\\\/#breadcrumb\"},\"inLanguage\":\"fr-FR\",\"potentialAction\":[{\"@type\":\"ReadAction\",\"target\":[\"https:\\\/\\\/www.festivox.fr\\\/blog\\\/claude-nougaro-revisite-avec-grace-par-yvan-cujious-louis-winsberg-et-francis-cabrel\\\/\"]}]},{\"@type\":\"ImageObject\",\"inLanguage\":\"fr-FR\",\"@id\":\"https:\\\/\\\/www.festivox.fr\\\/blog\\\/claude-nougaro-revisite-avec-grace-par-yvan-cujious-louis-winsberg-et-francis-cabrel\\\/#primaryimage\",\"url\":\"https:\\\/\\\/www.festivox.fr\\\/blog\\\/wp-content\\\/uploads\\\/2024\\\/04\\\/claude-nougaro-revisite-avec-grace-par-yvan-cujious-louis-winsberg-et-francis-cabrel.jpg\",\"contentUrl\":\"https:\\\/\\\/www.festivox.fr\\\/blog\\\/wp-content\\\/uploads\\\/2024\\\/04\\\/claude-nougaro-revisite-avec-grace-par-yvan-cujious-louis-winsberg-et-francis-cabrel.jpg\",\"width\":1200,\"height\":680},{\"@type\":\"BreadcrumbList\",\"@id\":\"https:\\\/\\\/www.festivox.fr\\\/blog\\\/claude-nougaro-revisite-avec-grace-par-yvan-cujious-louis-winsberg-et-francis-cabrel\\\/#breadcrumb\",\"itemListElement\":[{\"@type\":\"ListItem\",\"position\":1,\"name\":\"Accueil\",\"item\":\"https:\\\/\\\/www.festivox.fr\\\/blog\\\/\"},{\"@type\":\"ListItem\",\"position\":2,\"name\":\"Claude Nougaro revisit\u00e9 avec gr\u00e2ce par Yvan Cujious, Louis Winsberg et Francis Cabrel\"}]},{\"@type\":\"WebSite\",\"@id\":\"https:\\\/\\\/www.festivox.fr\\\/blog\\\/#website\",\"url\":\"https:\\\/\\\/www.festivox.fr\\\/blog\\\/\",\"name\":\"FESTIVOX\",\"description\":\"Festival en mode guinguette.\",\"publisher\":{\"@id\":\"https:\\\/\\\/www.festivox.fr\\\/blog\\\/#organization\"},\"potentialAction\":[{\"@type\":\"SearchAction\",\"target\":{\"@type\":\"EntryPoint\",\"urlTemplate\":\"https:\\\/\\\/www.festivox.fr\\\/blog\\\/?s={search_term_string}\"},\"query-input\":{\"@type\":\"PropertyValueSpecification\",\"valueRequired\":true,\"valueName\":\"search_term_string\"}}],\"inLanguage\":\"fr-FR\"},{\"@type\":\"Organization\",\"@id\":\"https:\\\/\\\/www.festivox.fr\\\/blog\\\/#organization\",\"name\":\"festivox\",\"url\":\"https:\\\/\\\/www.festivox.fr\\\/blog\\\/\",\"logo\":{\"@type\":\"ImageObject\",\"inLanguage\":\"fr-FR\",\"@id\":\"https:\\\/\\\/www.festivox.fr\\\/blog\\\/#\\\/schema\\\/logo\\\/image\\\/\",\"url\":\"https:\\\/\\\/www.festivox.fr\\\/blog\\\/wp-content\\\/uploads\\\/2023\\\/06\\\/logo-2.png\",\"contentUrl\":\"https:\\\/\\\/www.festivox.fr\\\/blog\\\/wp-content\\\/uploads\\\/2023\\\/06\\\/logo-2.png\",\"width\":480,\"height\":160,\"caption\":\"festivox\"},\"image\":{\"@id\":\"https:\\\/\\\/www.festivox.fr\\\/blog\\\/#\\\/schema\\\/logo\\\/image\\\/\"}},{\"@type\":\"Person\",\"@id\":\"https:\\\/\\\/www.festivox.fr\\\/blog\\\/#\\\/schema\\\/person\\\/f36a8b6bc94800c3eafed4bca993ce95\",\"name\":\"Michele\",\"image\":{\"@type\":\"ImageObject\",\"inLanguage\":\"fr-FR\",\"@id\":\"https:\\\/\\\/secure.gravatar.com\\\/avatar\\\/b062046536b5d47ec9075956ec349ef95ed06b0f910c578f74abb318668b702e?s=96&d=mm&r=g\",\"url\":\"https:\\\/\\\/secure.gravatar.com\\\/avatar\\\/b062046536b5d47ec9075956ec349ef95ed06b0f910c578f74abb318668b702e?s=96&d=mm&r=g\",\"contentUrl\":\"https:\\\/\\\/secure.gravatar.com\\\/avatar\\\/b062046536b5d47ec9075956ec349ef95ed06b0f910c578f74abb318668b702e?s=96&d=mm&r=g\",\"caption\":\"Michele\"},\"sameAs\":[\"https:\\\/\\\/www.festivox.fr\\\/blog\"],\"url\":\"https:\\\/\\\/www.festivox.fr\\\/blog\\\/author\\\/voxadmin\\\/\"}]}<\/script>\n<!-- \/ Yoast SEO plugin. -->","yoast_head_json":{"title":"Claude Nougaro revisit\u00e9 avec gr\u00e2ce par Yvan Cujious, Louis Winsberg et Francis Cabrel - FESTIVOX","robots":{"index":"index","follow":"follow","max-snippet":"max-snippet:-1","max-image-preview":"max-image-preview:large","max-video-preview":"max-video-preview:-1"},"canonical":"https:\/\/www.festivox.fr\/blog\/claude-nougaro-revisite-avec-grace-par-yvan-cujious-louis-winsberg-et-francis-cabrel\/","og_locale":"fr_FR","og_type":"article","og_title":"Claude Nougaro revisit\u00e9 avec gr\u00e2ce par Yvan Cujious, Louis Winsberg et Francis Cabrel - FESTIVOX","og_description":"En 1991, Claude Nougaro sortait l&rsquo;album 1Voix 10Doigts&nbsp;en duo avec le pianiste Maurice Vander.&nbsp;Yvan Cujious, qu&rsquo;il&nbsp;avait rep\u00e9r\u00e9 en 1996 lors d\u2019un concours de chanson dont il \u00e9tait le pr\u00e9sident du jury, lui rend hommage vingt ans apr\u00e8s sa mort. Pr\u00e9cisons que ce dernier est le fondateur avec H\u00e9l\u00e8ne Nougaro, de l\u2019Association Claude Nougaro. En compagnie&hellip;","og_url":"https:\/\/www.festivox.fr\/blog\/claude-nougaro-revisite-avec-grace-par-yvan-cujious-louis-winsberg-et-francis-cabrel\/","og_site_name":"FESTIVOX","article_published_time":"2024-04-26T01:00:00+00:00","og_image":[{"url":"https:\/\/www.festivox.fr\/blog\/wp-content\/uploads\/2024\/04\/claude-nougaro-revisite-avec-grace-par-yvan-cujious-louis-winsberg-et-francis-cabrel.jpg","type":"","width":"","height":""}],"author":"Michele","twitter_card":"summary_large_image","twitter_misc":{"\u00c9crit par":"Michele","Dur\u00e9e de lecture estim\u00e9e":"3 minutes"},"schema":{"@context":"https:\/\/schema.org","@graph":[{"@type":"Article","@id":"https:\/\/www.festivox.fr\/blog\/claude-nougaro-revisite-avec-grace-par-yvan-cujious-louis-winsberg-et-francis-cabrel\/#article","isPartOf":{"@id":"https:\/\/www.festivox.fr\/blog\/claude-nougaro-revisite-avec-grace-par-yvan-cujious-louis-winsberg-et-francis-cabrel\/"},"author":{"name":"Michele","@id":"https:\/\/www.festivox.fr\/blog\/#\/schema\/person\/f36a8b6bc94800c3eafed4bca993ce95"},"headline":"Claude Nougaro revisit\u00e9 avec gr\u00e2ce par Yvan Cujious, Louis Winsberg et Francis Cabrel","datePublished":"2024-04-26T01:00:00+00:00","mainEntityOfPage":{"@id":"https:\/\/www.festivox.fr\/blog\/claude-nougaro-revisite-avec-grace-par-yvan-cujious-louis-winsberg-et-francis-cabrel\/"},"wordCount":651,"publisher":{"@id":"https:\/\/www.festivox.fr\/blog\/#organization"},"image":{"@id":"https:\/\/www.festivox.fr\/blog\/claude-nougaro-revisite-avec-grace-par-yvan-cujious-louis-winsberg-et-francis-cabrel\/#primaryimage"},"thumbnailUrl":"https:\/\/www.festivox.fr\/blog\/wp-content\/uploads\/2024\/04\/claude-nougaro-revisite-avec-grace-par-yvan-cujious-louis-winsberg-et-francis-cabrel.jpg","articleSection":["Wiki Sur Festival Jazz Et Musique En Mode Guinguette:"],"inLanguage":"fr-FR"},{"@type":"WebPage","@id":"https:\/\/www.festivox.fr\/blog\/claude-nougaro-revisite-avec-grace-par-yvan-cujious-louis-winsberg-et-francis-cabrel\/","url":"https:\/\/www.festivox.fr\/blog\/claude-nougaro-revisite-avec-grace-par-yvan-cujious-louis-winsberg-et-francis-cabrel\/","name":"Claude Nougaro revisit\u00e9 avec gr\u00e2ce par Yvan Cujious, Louis Winsberg et Francis Cabrel - FESTIVOX","isPartOf":{"@id":"https:\/\/www.festivox.fr\/blog\/#website"},"primaryImageOfPage":{"@id":"https:\/\/www.festivox.fr\/blog\/claude-nougaro-revisite-avec-grace-par-yvan-cujious-louis-winsberg-et-francis-cabrel\/#primaryimage"},"image":{"@id":"https:\/\/www.festivox.fr\/blog\/claude-nougaro-revisite-avec-grace-par-yvan-cujious-louis-winsberg-et-francis-cabrel\/#primaryimage"},"thumbnailUrl":"https:\/\/www.festivox.fr\/blog\/wp-content\/uploads\/2024\/04\/claude-nougaro-revisite-avec-grace-par-yvan-cujious-louis-winsberg-et-francis-cabrel.jpg","datePublished":"2024-04-26T01:00:00+00:00","breadcrumb":{"@id":"https:\/\/www.festivox.fr\/blog\/claude-nougaro-revisite-avec-grace-par-yvan-cujious-louis-winsberg-et-francis-cabrel\/#breadcrumb"},"inLanguage":"fr-FR","potentialAction":[{"@type":"ReadAction","target":["https:\/\/www.festivox.fr\/blog\/claude-nougaro-revisite-avec-grace-par-yvan-cujious-louis-winsberg-et-francis-cabrel\/"]}]},{"@type":"ImageObject","inLanguage":"fr-FR","@id":"https:\/\/www.festivox.fr\/blog\/claude-nougaro-revisite-avec-grace-par-yvan-cujious-louis-winsberg-et-francis-cabrel\/#primaryimage","url":"https:\/\/www.festivox.fr\/blog\/wp-content\/uploads\/2024\/04\/claude-nougaro-revisite-avec-grace-par-yvan-cujious-louis-winsberg-et-francis-cabrel.jpg","contentUrl":"https:\/\/www.festivox.fr\/blog\/wp-content\/uploads\/2024\/04\/claude-nougaro-revisite-avec-grace-par-yvan-cujious-louis-winsberg-et-francis-cabrel.jpg","width":1200,"height":680},{"@type":"BreadcrumbList","@id":"https:\/\/www.festivox.fr\/blog\/claude-nougaro-revisite-avec-grace-par-yvan-cujious-louis-winsberg-et-francis-cabrel\/#breadcrumb","itemListElement":[{"@type":"ListItem","position":1,"name":"Accueil","item":"https:\/\/www.festivox.fr\/blog\/"},{"@type":"ListItem","position":2,"name":"Claude Nougaro revisit\u00e9 avec gr\u00e2ce par Yvan Cujious, Louis Winsberg et Francis Cabrel"}]},{"@type":"WebSite","@id":"https:\/\/www.festivox.fr\/blog\/#website","url":"https:\/\/www.festivox.fr\/blog\/","name":"FESTIVOX","description":"Festival en mode guinguette.","publisher":{"@id":"https:\/\/www.festivox.fr\/blog\/#organization"},"potentialAction":[{"@type":"SearchAction","target":{"@type":"EntryPoint","urlTemplate":"https:\/\/www.festivox.fr\/blog\/?s={search_term_string}"},"query-input":{"@type":"PropertyValueSpecification","valueRequired":true,"valueName":"search_term_string"}}],"inLanguage":"fr-FR"},{"@type":"Organization","@id":"https:\/\/www.festivox.fr\/blog\/#organization","name":"festivox","url":"https:\/\/www.festivox.fr\/blog\/","logo":{"@type":"ImageObject","inLanguage":"fr-FR","@id":"https:\/\/www.festivox.fr\/blog\/#\/schema\/logo\/image\/","url":"https:\/\/www.festivox.fr\/blog\/wp-content\/uploads\/2023\/06\/logo-2.png","contentUrl":"https:\/\/www.festivox.fr\/blog\/wp-content\/uploads\/2023\/06\/logo-2.png","width":480,"height":160,"caption":"festivox"},"image":{"@id":"https:\/\/www.festivox.fr\/blog\/#\/schema\/logo\/image\/"}},{"@type":"Person","@id":"https:\/\/www.festivox.fr\/blog\/#\/schema\/person\/f36a8b6bc94800c3eafed4bca993ce95","name":"Michele","image":{"@type":"ImageObject","inLanguage":"fr-FR","@id":"https:\/\/secure.gravatar.com\/avatar\/b062046536b5d47ec9075956ec349ef95ed06b0f910c578f74abb318668b702e?s=96&d=mm&r=g","url":"https:\/\/secure.gravatar.com\/avatar\/b062046536b5d47ec9075956ec349ef95ed06b0f910c578f74abb318668b702e?s=96&d=mm&r=g","contentUrl":"https:\/\/secure.gravatar.com\/avatar\/b062046536b5d47ec9075956ec349ef95ed06b0f910c578f74abb318668b702e?s=96&d=mm&r=g","caption":"Michele"},"sameAs":["https:\/\/www.festivox.fr\/blog"],"url":"https:\/\/www.festivox.fr\/blog\/author\/voxadmin\/"}]}},"_links":{"self":[{"href":"https:\/\/www.festivox.fr\/blog\/wp-json\/wp\/v2\/posts\/802","targetHints":{"allow":["GET"]}}],"collection":[{"href":"https:\/\/www.festivox.fr\/blog\/wp-json\/wp\/v2\/posts"}],"about":[{"href":"https:\/\/www.festivox.fr\/blog\/wp-json\/wp\/v2\/types\/post"}],"author":[{"embeddable":true,"href":"https:\/\/www.festivox.fr\/blog\/wp-json\/wp\/v2\/users\/1"}],"replies":[{"embeddable":true,"href":"https:\/\/www.festivox.fr\/blog\/wp-json\/wp\/v2\/comments?post=802"}],"version-history":[{"count":0,"href":"https:\/\/www.festivox.fr\/blog\/wp-json\/wp\/v2\/posts\/802\/revisions"}],"wp:featuredmedia":[{"embeddable":true,"href":"https:\/\/www.festivox.fr\/blog\/wp-json\/wp\/v2\/media\/803"}],"wp:attachment":[{"href":"https:\/\/www.festivox.fr\/blog\/wp-json\/wp\/v2\/media?parent=802"}],"wp:term":[{"taxonomy":"category","embeddable":true,"href":"https:\/\/www.festivox.fr\/blog\/wp-json\/wp\/v2\/categories?post=802"},{"taxonomy":"post_tag","embeddable":true,"href":"https:\/\/www.festivox.fr\/blog\/wp-json\/wp\/v2\/tags?post=802"}],"curies":[{"name":"wp","href":"https:\/\/api.w.org\/{rel}","templated":true}]}}