{"id":800,"date":"2024-04-26T00:54:00","date_gmt":"2024-04-25T22:54:00","guid":{"rendered":"https:\/\/www.festivox.fr\/blog\/yvan-cujious-et-louis-winsberg-celebrent-claude-nougaro-dans-un-nouvel-album-1-voix-6-cordes\/"},"modified":"2024-04-26T00:54:00","modified_gmt":"2024-04-25T22:54:00","slug":"yvan-cujious-et-louis-winsberg-celebrent-claude-nougaro-dans-un-nouvel-album-1-voix-6-cordes","status":"publish","type":"post","link":"https:\/\/www.festivox.fr\/blog\/yvan-cujious-et-louis-winsberg-celebrent-claude-nougaro-dans-un-nouvel-album-1-voix-6-cordes\/","title":{"rendered":"Yvan Cujious et Louis Winsberg c\u00e9l\u00e8brent Claude Nougaro dans un nouvel album \u00ab 1 Voix, 6 Cordes"},"content":{"rendered":"\n<div><img decoding=\"async\" src=\"https:\/\/www.festivox.fr\/blog\/wp-content\/uploads\/2024\/04\/yvan-cujious-et-louis-winsberg-celebrent-claude-nougaro-dans-un-nouvel-album-1-voix-6-cordes.jpg\" class=\"ff-og-image-inserted\"><\/div>\n<div class=\"adv ads-post-before\">\n<div class=\"post-item\">\n<div class=\"banner-box\">\n<div class=\"banner-box-inner\"> <!-- DROITE DU SITE --><br \/>\n<ins class=\"adsbygoogle\" data-ad-client=\"ca-pub-4422339365376355\" data-ad-slot=\"9238752653\" data-ad-format=\"auto\" data-full-width-responsive=\"true\"><\/ins>   <\/div>\n<\/p><\/div>\n<\/p><\/div>\n<\/p><\/div>\n<div>A LIRE AUSSI<\/div>\n<p>Yvan Cujious et Louis Winsberg ont collabor\u00e9 pour donner vie \u00e0 l\u2019album \u00ab&nbsp;1 Voix, 6 Cordes&nbsp;\u00bb, une c\u00e9l\u00e9bration de l\u2019\u0153uvre de Claude Nougaro \u00e0 l\u2019occasion du vingti\u00e8me anniversaire de sa disparition. Le projet a \u00e9t\u00e9 produit par Richard et Fr\u00e9d\u00e9ric Seff et pr\u00e9sente une s\u00e9lection de dix des chansons les plus significatives de Nougaro. <\/p>\n<p>Parmi les morceaux choisis figurent des titres tels que \u00ab&nbsp;Le Jazz et la Java&nbsp;\u00bb, \u00ab&nbsp;La pluie fait des claquettes&nbsp;\u00bb, \u00ab&nbsp;Armstrong&nbsp;\u00bb, \u00ab&nbsp;Toulouse&nbsp;\u00bb, et \u00ab&nbsp;Le Cin\u00e9ma&nbsp;\u00bb.<\/p>\n<p>Les interpr\u00e9tations de Cujious et Winsberg sont distinctives, faisant appel \u00e0 la ma\u00eetrise guitaristique de Winsberg et \u00e0 la voix captivante de Cujious pour revisiter les classiques de Nougaro, souvent jou\u00e9s au piano, de mani\u00e8re originale \u00e0 la guitare. <\/p>\n<div class=\"code-block code-block-2\"> <ins class=\"adsbygoogle\" data-ad-layout=\"in-article\" data-ad-format=\"fluid\" data-ad-client=\"ca-pub-4422339365376355\" data-ad-slot=\"7395149952\"><\/ins> <\/div>\n<p>Leur approche est \u00e0 la fois respectueuse de l\u2019h\u00e9ritage de Nougaro et innovante, offrant une nouvelle dimension \u00e0 ces chansons bien-aim\u00e9es.<\/p>\n<h2 class=\"wp-block-heading\"><strong>Collaborations et influence musicale<\/strong><\/h2>\n<p>L\u2019album ne se contente pas de revisiter les \u0153uvres de Nougaro ; il les enrichit par la participation de plusieurs artistes renomm\u00e9s. Francis Cabrel appara\u00eet dans le premier single \u00ab&nbsp;C\u00e9cile Ma Fille&nbsp;\u00bb, un choix poignant qui met en lumi\u00e8re la profondeur \u00e9motionnelle de l\u2019album. <\/p>\n<div>A LIRE AUSSI<\/div>\n<p>D\u2019autres collaborations incluent Thomas Dutronc, Anne Sila, ainsi que les rappeurs toulousains Bigflo et Oli, t\u00e9moignant de l\u2019impact transg\u00e9n\u00e9rationnel de Nougaro sur la musique fran\u00e7aise.<\/p>\n<div class=\"code-block code-block-2\"> <ins class=\"adsbygoogle\" data-ad-layout=\"in-article\" data-ad-format=\"fluid\" data-ad-client=\"ca-pub-4422339365376355\" data-ad-slot=\"7395149952\"><\/ins> <\/div>\n<p>La dimension espagnole, ch\u00e8re \u00e0 Nougaro, est \u00e9galement explor\u00e9e gr\u00e2ce au style de guitare de Winsberg, enrichissant les arrangements avec des influences flamenco perceptibles, ce qui apporte une chaleur et une complexit\u00e9 nouvelles \u00e0 des morceaux d\u00e9j\u00e0 riches.<\/p>\n<p><!-- CONTENT END 1 --><\/p>\n<div class=\"adv ads-post-after\">\n<div class=\"post-item\">\n<div class=\"banner-box\">\n<div class=\"banner-box-inner\"> <!-- DROITE DU SITE --><br \/>\n<ins class=\"adsbygoogle\" data-ad-client=\"ca-pub-4422339365376355\" data-ad-slot=\"9238752653\" data-ad-format=\"auto\" data-full-width-responsive=\"true\"><\/ins>   <\/div>\n<\/p><\/div>\n<\/p><\/div>\n<\/p><\/div>\n<p> Cet article, qui traite du th\u00e8me \u00ab\u00a0Festival Jazz et musique en mode guinguette\u00a0\u00bb, vous est d\u00e9lib\u00e9r\u00e9ment offert par festivox.fr. La raison d\u2019\u00eatre de festivox.fr est de parler de Festival Jazz et musique en mode guinguette dans la transparence la plus g\u00e9n\u00e9rale en vous procurant la visibilit\u00e9 de tout ce qui est publi\u00e9 sur ce sujet sur le web La chronique a \u00e9t\u00e9 g\u00e9n\u00e9r\u00e9e de la mani\u00e8re la plus honn\u00eate que possible. S\u2019il advenait que vous projetez d\u2019apporter quelques notes concernant le domaine de \u00ab\u00a0Festival Jazz et musique en mode guinguette\u00a0\u00bb vous avez la possibilit\u00e9 de d&rsquo;\u00e9changer avec notre r\u00e9daction. Dans peu de temps, on mettra en ligne d&rsquo;autres informations pertinentes autour du sujet \u00ab\u00a0Festival Jazz et musique en mode guinguette\u00a0\u00bb. Ainsi, consultez r\u00e9guli\u00e8rement notre site.<\/p>\n","protected":false},"excerpt":{"rendered":"<p>A LIRE AUSSI Yvan Cujious et Louis Winsberg ont collabor\u00e9 pour donner vie \u00e0 l\u2019album \u00ab&nbsp;1 Voix, 6 Cordes&nbsp;\u00bb, une c\u00e9l\u00e9bration de l\u2019\u0153uvre de Claude Nougaro \u00e0 l\u2019occasion du vingti\u00e8me anniversaire de sa disparition. Le projet a \u00e9t\u00e9 produit par Richard et Fr\u00e9d\u00e9ric Seff et pr\u00e9sente une s\u00e9lection de dix des chansons les plus significatives&hellip;<\/p>\n","protected":false},"author":1,"featured_media":801,"comment_status":"closed","ping_status":"closed","sticky":false,"template":"","format":"standard","meta":{"footnotes":""},"categories":[3],"tags":[],"class_list":["post-800","post","type-post","status-publish","format-standard","has-post-thumbnail","hentry","category-wiki-sur-festival-jazz-et-musique-en-mode-guinguette"],"yoast_head":"<!-- This site is optimized with the Yoast SEO plugin v27.5 - https:\/\/yoast.com\/product\/yoast-seo-wordpress\/ -->\n<title>Yvan Cujious et Louis Winsberg c\u00e9l\u00e8brent Claude Nougaro dans un nouvel album \u00ab 1 Voix, 6 Cordes - FESTIVOX<\/title>\n<meta name=\"robots\" content=\"index, follow, max-snippet:-1, max-image-preview:large, max-video-preview:-1\" \/>\n<link rel=\"canonical\" href=\"https:\/\/www.festivox.fr\/blog\/yvan-cujious-et-louis-winsberg-celebrent-claude-nougaro-dans-un-nouvel-album-1-voix-6-cordes\/\" \/>\n<meta property=\"og:locale\" content=\"fr_FR\" \/>\n<meta property=\"og:type\" content=\"article\" \/>\n<meta property=\"og:title\" content=\"Yvan Cujious et Louis Winsberg c\u00e9l\u00e8brent Claude Nougaro dans un nouvel album \u00ab 1 Voix, 6 Cordes - FESTIVOX\" \/>\n<meta property=\"og:description\" content=\"A LIRE AUSSI Yvan Cujious et Louis Winsberg ont collabor\u00e9 pour donner vie \u00e0 l\u2019album \u00ab&nbsp;1 Voix, 6 Cordes&nbsp;\u00bb, une c\u00e9l\u00e9bration de l\u2019\u0153uvre de Claude Nougaro \u00e0 l\u2019occasion du vingti\u00e8me anniversaire de sa disparition. Le projet a \u00e9t\u00e9 produit par Richard et Fr\u00e9d\u00e9ric Seff et pr\u00e9sente une s\u00e9lection de dix des chansons les plus significatives&hellip;\" \/>\n<meta property=\"og:url\" content=\"https:\/\/www.festivox.fr\/blog\/yvan-cujious-et-louis-winsberg-celebrent-claude-nougaro-dans-un-nouvel-album-1-voix-6-cordes\/\" \/>\n<meta property=\"og:site_name\" content=\"FESTIVOX\" \/>\n<meta property=\"article:published_time\" content=\"2024-04-25T22:54:00+00:00\" \/>\n<meta property=\"og:image\" content=\"https:\/\/www.festivox.fr\/blog\/wp-content\/uploads\/2024\/04\/yvan-cujious-et-louis-winsberg-celebrent-claude-nougaro-dans-un-nouvel-album-1-voix-6-cordes.jpg\" \/>\n<meta name=\"author\" content=\"Michele\" \/>\n<meta name=\"twitter:card\" content=\"summary_large_image\" \/>\n<meta name=\"twitter:label1\" content=\"\u00c9crit par\" \/>\n\t<meta name=\"twitter:data1\" content=\"Michele\" \/>\n\t<meta name=\"twitter:label2\" content=\"Dur\u00e9e de lecture estim\u00e9e\" \/>\n\t<meta name=\"twitter:data2\" content=\"2 minutes\" \/>\n<script type=\"application\/ld+json\" class=\"yoast-schema-graph\">{\"@context\":\"https:\\\/\\\/schema.org\",\"@graph\":[{\"@type\":\"Article\",\"@id\":\"https:\\\/\\\/www.festivox.fr\\\/blog\\\/yvan-cujious-et-louis-winsberg-celebrent-claude-nougaro-dans-un-nouvel-album-1-voix-6-cordes\\\/#article\",\"isPartOf\":{\"@id\":\"https:\\\/\\\/www.festivox.fr\\\/blog\\\/yvan-cujious-et-louis-winsberg-celebrent-claude-nougaro-dans-un-nouvel-album-1-voix-6-cordes\\\/\"},\"author\":{\"name\":\"Michele\",\"@id\":\"https:\\\/\\\/www.festivox.fr\\\/blog\\\/#\\\/schema\\\/person\\\/f36a8b6bc94800c3eafed4bca993ce95\"},\"headline\":\"Yvan Cujious et Louis Winsberg c\u00e9l\u00e8brent Claude Nougaro dans un nouvel album \u00ab 1 Voix, 6 Cordes\",\"datePublished\":\"2024-04-25T22:54:00+00:00\",\"mainEntityOfPage\":{\"@id\":\"https:\\\/\\\/www.festivox.fr\\\/blog\\\/yvan-cujious-et-louis-winsberg-celebrent-claude-nougaro-dans-un-nouvel-album-1-voix-6-cordes\\\/\"},\"wordCount\":452,\"publisher\":{\"@id\":\"https:\\\/\\\/www.festivox.fr\\\/blog\\\/#organization\"},\"image\":{\"@id\":\"https:\\\/\\\/www.festivox.fr\\\/blog\\\/yvan-cujious-et-louis-winsberg-celebrent-claude-nougaro-dans-un-nouvel-album-1-voix-6-cordes\\\/#primaryimage\"},\"thumbnailUrl\":\"https:\\\/\\\/www.festivox.fr\\\/blog\\\/wp-content\\\/uploads\\\/2024\\\/04\\\/yvan-cujious-et-louis-winsberg-celebrent-claude-nougaro-dans-un-nouvel-album-1-voix-6-cordes.jpg\",\"articleSection\":[\"Wiki Sur Festival Jazz Et Musique En Mode Guinguette:\"],\"inLanguage\":\"fr-FR\"},{\"@type\":\"WebPage\",\"@id\":\"https:\\\/\\\/www.festivox.fr\\\/blog\\\/yvan-cujious-et-louis-winsberg-celebrent-claude-nougaro-dans-un-nouvel-album-1-voix-6-cordes\\\/\",\"url\":\"https:\\\/\\\/www.festivox.fr\\\/blog\\\/yvan-cujious-et-louis-winsberg-celebrent-claude-nougaro-dans-un-nouvel-album-1-voix-6-cordes\\\/\",\"name\":\"Yvan Cujious et Louis Winsberg c\u00e9l\u00e8brent Claude Nougaro dans un nouvel album \u00ab 1 Voix, 6 Cordes - FESTIVOX\",\"isPartOf\":{\"@id\":\"https:\\\/\\\/www.festivox.fr\\\/blog\\\/#website\"},\"primaryImageOfPage\":{\"@id\":\"https:\\\/\\\/www.festivox.fr\\\/blog\\\/yvan-cujious-et-louis-winsberg-celebrent-claude-nougaro-dans-un-nouvel-album-1-voix-6-cordes\\\/#primaryimage\"},\"image\":{\"@id\":\"https:\\\/\\\/www.festivox.fr\\\/blog\\\/yvan-cujious-et-louis-winsberg-celebrent-claude-nougaro-dans-un-nouvel-album-1-voix-6-cordes\\\/#primaryimage\"},\"thumbnailUrl\":\"https:\\\/\\\/www.festivox.fr\\\/blog\\\/wp-content\\\/uploads\\\/2024\\\/04\\\/yvan-cujious-et-louis-winsberg-celebrent-claude-nougaro-dans-un-nouvel-album-1-voix-6-cordes.jpg\",\"datePublished\":\"2024-04-25T22:54:00+00:00\",\"breadcrumb\":{\"@id\":\"https:\\\/\\\/www.festivox.fr\\\/blog\\\/yvan-cujious-et-louis-winsberg-celebrent-claude-nougaro-dans-un-nouvel-album-1-voix-6-cordes\\\/#breadcrumb\"},\"inLanguage\":\"fr-FR\",\"potentialAction\":[{\"@type\":\"ReadAction\",\"target\":[\"https:\\\/\\\/www.festivox.fr\\\/blog\\\/yvan-cujious-et-louis-winsberg-celebrent-claude-nougaro-dans-un-nouvel-album-1-voix-6-cordes\\\/\"]}]},{\"@type\":\"ImageObject\",\"inLanguage\":\"fr-FR\",\"@id\":\"https:\\\/\\\/www.festivox.fr\\\/blog\\\/yvan-cujious-et-louis-winsberg-celebrent-claude-nougaro-dans-un-nouvel-album-1-voix-6-cordes\\\/#primaryimage\",\"url\":\"https:\\\/\\\/www.festivox.fr\\\/blog\\\/wp-content\\\/uploads\\\/2024\\\/04\\\/yvan-cujious-et-louis-winsberg-celebrent-claude-nougaro-dans-un-nouvel-album-1-voix-6-cordes.jpg\",\"contentUrl\":\"https:\\\/\\\/www.festivox.fr\\\/blog\\\/wp-content\\\/uploads\\\/2024\\\/04\\\/yvan-cujious-et-louis-winsberg-celebrent-claude-nougaro-dans-un-nouvel-album-1-voix-6-cordes.jpg\",\"width\":600,\"height\":596},{\"@type\":\"BreadcrumbList\",\"@id\":\"https:\\\/\\\/www.festivox.fr\\\/blog\\\/yvan-cujious-et-louis-winsberg-celebrent-claude-nougaro-dans-un-nouvel-album-1-voix-6-cordes\\\/#breadcrumb\",\"itemListElement\":[{\"@type\":\"ListItem\",\"position\":1,\"name\":\"Accueil\",\"item\":\"https:\\\/\\\/www.festivox.fr\\\/blog\\\/\"},{\"@type\":\"ListItem\",\"position\":2,\"name\":\"Yvan Cujious et Louis Winsberg c\u00e9l\u00e8brent Claude Nougaro dans un nouvel album \u00ab 1 Voix, 6 Cordes\"}]},{\"@type\":\"WebSite\",\"@id\":\"https:\\\/\\\/www.festivox.fr\\\/blog\\\/#website\",\"url\":\"https:\\\/\\\/www.festivox.fr\\\/blog\\\/\",\"name\":\"FESTIVOX\",\"description\":\"Festival en mode guinguette.\",\"publisher\":{\"@id\":\"https:\\\/\\\/www.festivox.fr\\\/blog\\\/#organization\"},\"potentialAction\":[{\"@type\":\"SearchAction\",\"target\":{\"@type\":\"EntryPoint\",\"urlTemplate\":\"https:\\\/\\\/www.festivox.fr\\\/blog\\\/?s={search_term_string}\"},\"query-input\":{\"@type\":\"PropertyValueSpecification\",\"valueRequired\":true,\"valueName\":\"search_term_string\"}}],\"inLanguage\":\"fr-FR\"},{\"@type\":\"Organization\",\"@id\":\"https:\\\/\\\/www.festivox.fr\\\/blog\\\/#organization\",\"name\":\"festivox\",\"url\":\"https:\\\/\\\/www.festivox.fr\\\/blog\\\/\",\"logo\":{\"@type\":\"ImageObject\",\"inLanguage\":\"fr-FR\",\"@id\":\"https:\\\/\\\/www.festivox.fr\\\/blog\\\/#\\\/schema\\\/logo\\\/image\\\/\",\"url\":\"https:\\\/\\\/www.festivox.fr\\\/blog\\\/wp-content\\\/uploads\\\/2023\\\/06\\\/logo-2.png\",\"contentUrl\":\"https:\\\/\\\/www.festivox.fr\\\/blog\\\/wp-content\\\/uploads\\\/2023\\\/06\\\/logo-2.png\",\"width\":480,\"height\":160,\"caption\":\"festivox\"},\"image\":{\"@id\":\"https:\\\/\\\/www.festivox.fr\\\/blog\\\/#\\\/schema\\\/logo\\\/image\\\/\"}},{\"@type\":\"Person\",\"@id\":\"https:\\\/\\\/www.festivox.fr\\\/blog\\\/#\\\/schema\\\/person\\\/f36a8b6bc94800c3eafed4bca993ce95\",\"name\":\"Michele\",\"image\":{\"@type\":\"ImageObject\",\"inLanguage\":\"fr-FR\",\"@id\":\"https:\\\/\\\/secure.gravatar.com\\\/avatar\\\/b062046536b5d47ec9075956ec349ef95ed06b0f910c578f74abb318668b702e?s=96&d=mm&r=g\",\"url\":\"https:\\\/\\\/secure.gravatar.com\\\/avatar\\\/b062046536b5d47ec9075956ec349ef95ed06b0f910c578f74abb318668b702e?s=96&d=mm&r=g\",\"contentUrl\":\"https:\\\/\\\/secure.gravatar.com\\\/avatar\\\/b062046536b5d47ec9075956ec349ef95ed06b0f910c578f74abb318668b702e?s=96&d=mm&r=g\",\"caption\":\"Michele\"},\"sameAs\":[\"https:\\\/\\\/www.festivox.fr\\\/blog\"],\"url\":\"https:\\\/\\\/www.festivox.fr\\\/blog\\\/author\\\/voxadmin\\\/\"}]}<\/script>\n<!-- \/ Yoast SEO plugin. -->","yoast_head_json":{"title":"Yvan Cujious et Louis Winsberg c\u00e9l\u00e8brent Claude Nougaro dans un nouvel album \u00ab 1 Voix, 6 Cordes - FESTIVOX","robots":{"index":"index","follow":"follow","max-snippet":"max-snippet:-1","max-image-preview":"max-image-preview:large","max-video-preview":"max-video-preview:-1"},"canonical":"https:\/\/www.festivox.fr\/blog\/yvan-cujious-et-louis-winsberg-celebrent-claude-nougaro-dans-un-nouvel-album-1-voix-6-cordes\/","og_locale":"fr_FR","og_type":"article","og_title":"Yvan Cujious et Louis Winsberg c\u00e9l\u00e8brent Claude Nougaro dans un nouvel album \u00ab 1 Voix, 6 Cordes - FESTIVOX","og_description":"A LIRE AUSSI Yvan Cujious et Louis Winsberg ont collabor\u00e9 pour donner vie \u00e0 l\u2019album \u00ab&nbsp;1 Voix, 6 Cordes&nbsp;\u00bb, une c\u00e9l\u00e9bration de l\u2019\u0153uvre de Claude Nougaro \u00e0 l\u2019occasion du vingti\u00e8me anniversaire de sa disparition. Le projet a \u00e9t\u00e9 produit par Richard et Fr\u00e9d\u00e9ric Seff et pr\u00e9sente une s\u00e9lection de dix des chansons les plus significatives&hellip;","og_url":"https:\/\/www.festivox.fr\/blog\/yvan-cujious-et-louis-winsberg-celebrent-claude-nougaro-dans-un-nouvel-album-1-voix-6-cordes\/","og_site_name":"FESTIVOX","article_published_time":"2024-04-25T22:54:00+00:00","og_image":[{"url":"https:\/\/www.festivox.fr\/blog\/wp-content\/uploads\/2024\/04\/yvan-cujious-et-louis-winsberg-celebrent-claude-nougaro-dans-un-nouvel-album-1-voix-6-cordes.jpg","type":"","width":"","height":""}],"author":"Michele","twitter_card":"summary_large_image","twitter_misc":{"\u00c9crit par":"Michele","Dur\u00e9e de lecture estim\u00e9e":"2 minutes"},"schema":{"@context":"https:\/\/schema.org","@graph":[{"@type":"Article","@id":"https:\/\/www.festivox.fr\/blog\/yvan-cujious-et-louis-winsberg-celebrent-claude-nougaro-dans-un-nouvel-album-1-voix-6-cordes\/#article","isPartOf":{"@id":"https:\/\/www.festivox.fr\/blog\/yvan-cujious-et-louis-winsberg-celebrent-claude-nougaro-dans-un-nouvel-album-1-voix-6-cordes\/"},"author":{"name":"Michele","@id":"https:\/\/www.festivox.fr\/blog\/#\/schema\/person\/f36a8b6bc94800c3eafed4bca993ce95"},"headline":"Yvan Cujious et Louis Winsberg c\u00e9l\u00e8brent Claude Nougaro dans un nouvel album \u00ab 1 Voix, 6 Cordes","datePublished":"2024-04-25T22:54:00+00:00","mainEntityOfPage":{"@id":"https:\/\/www.festivox.fr\/blog\/yvan-cujious-et-louis-winsberg-celebrent-claude-nougaro-dans-un-nouvel-album-1-voix-6-cordes\/"},"wordCount":452,"publisher":{"@id":"https:\/\/www.festivox.fr\/blog\/#organization"},"image":{"@id":"https:\/\/www.festivox.fr\/blog\/yvan-cujious-et-louis-winsberg-celebrent-claude-nougaro-dans-un-nouvel-album-1-voix-6-cordes\/#primaryimage"},"thumbnailUrl":"https:\/\/www.festivox.fr\/blog\/wp-content\/uploads\/2024\/04\/yvan-cujious-et-louis-winsberg-celebrent-claude-nougaro-dans-un-nouvel-album-1-voix-6-cordes.jpg","articleSection":["Wiki Sur Festival Jazz Et Musique En Mode Guinguette:"],"inLanguage":"fr-FR"},{"@type":"WebPage","@id":"https:\/\/www.festivox.fr\/blog\/yvan-cujious-et-louis-winsberg-celebrent-claude-nougaro-dans-un-nouvel-album-1-voix-6-cordes\/","url":"https:\/\/www.festivox.fr\/blog\/yvan-cujious-et-louis-winsberg-celebrent-claude-nougaro-dans-un-nouvel-album-1-voix-6-cordes\/","name":"Yvan Cujious et Louis Winsberg c\u00e9l\u00e8brent Claude Nougaro dans un nouvel album \u00ab 1 Voix, 6 Cordes - FESTIVOX","isPartOf":{"@id":"https:\/\/www.festivox.fr\/blog\/#website"},"primaryImageOfPage":{"@id":"https:\/\/www.festivox.fr\/blog\/yvan-cujious-et-louis-winsberg-celebrent-claude-nougaro-dans-un-nouvel-album-1-voix-6-cordes\/#primaryimage"},"image":{"@id":"https:\/\/www.festivox.fr\/blog\/yvan-cujious-et-louis-winsberg-celebrent-claude-nougaro-dans-un-nouvel-album-1-voix-6-cordes\/#primaryimage"},"thumbnailUrl":"https:\/\/www.festivox.fr\/blog\/wp-content\/uploads\/2024\/04\/yvan-cujious-et-louis-winsberg-celebrent-claude-nougaro-dans-un-nouvel-album-1-voix-6-cordes.jpg","datePublished":"2024-04-25T22:54:00+00:00","breadcrumb":{"@id":"https:\/\/www.festivox.fr\/blog\/yvan-cujious-et-louis-winsberg-celebrent-claude-nougaro-dans-un-nouvel-album-1-voix-6-cordes\/#breadcrumb"},"inLanguage":"fr-FR","potentialAction":[{"@type":"ReadAction","target":["https:\/\/www.festivox.fr\/blog\/yvan-cujious-et-louis-winsberg-celebrent-claude-nougaro-dans-un-nouvel-album-1-voix-6-cordes\/"]}]},{"@type":"ImageObject","inLanguage":"fr-FR","@id":"https:\/\/www.festivox.fr\/blog\/yvan-cujious-et-louis-winsberg-celebrent-claude-nougaro-dans-un-nouvel-album-1-voix-6-cordes\/#primaryimage","url":"https:\/\/www.festivox.fr\/blog\/wp-content\/uploads\/2024\/04\/yvan-cujious-et-louis-winsberg-celebrent-claude-nougaro-dans-un-nouvel-album-1-voix-6-cordes.jpg","contentUrl":"https:\/\/www.festivox.fr\/blog\/wp-content\/uploads\/2024\/04\/yvan-cujious-et-louis-winsberg-celebrent-claude-nougaro-dans-un-nouvel-album-1-voix-6-cordes.jpg","width":600,"height":596},{"@type":"BreadcrumbList","@id":"https:\/\/www.festivox.fr\/blog\/yvan-cujious-et-louis-winsberg-celebrent-claude-nougaro-dans-un-nouvel-album-1-voix-6-cordes\/#breadcrumb","itemListElement":[{"@type":"ListItem","position":1,"name":"Accueil","item":"https:\/\/www.festivox.fr\/blog\/"},{"@type":"ListItem","position":2,"name":"Yvan Cujious et Louis Winsberg c\u00e9l\u00e8brent Claude Nougaro dans un nouvel album \u00ab 1 Voix, 6 Cordes"}]},{"@type":"WebSite","@id":"https:\/\/www.festivox.fr\/blog\/#website","url":"https:\/\/www.festivox.fr\/blog\/","name":"FESTIVOX","description":"Festival en mode guinguette.","publisher":{"@id":"https:\/\/www.festivox.fr\/blog\/#organization"},"potentialAction":[{"@type":"SearchAction","target":{"@type":"EntryPoint","urlTemplate":"https:\/\/www.festivox.fr\/blog\/?s={search_term_string}"},"query-input":{"@type":"PropertyValueSpecification","valueRequired":true,"valueName":"search_term_string"}}],"inLanguage":"fr-FR"},{"@type":"Organization","@id":"https:\/\/www.festivox.fr\/blog\/#organization","name":"festivox","url":"https:\/\/www.festivox.fr\/blog\/","logo":{"@type":"ImageObject","inLanguage":"fr-FR","@id":"https:\/\/www.festivox.fr\/blog\/#\/schema\/logo\/image\/","url":"https:\/\/www.festivox.fr\/blog\/wp-content\/uploads\/2023\/06\/logo-2.png","contentUrl":"https:\/\/www.festivox.fr\/blog\/wp-content\/uploads\/2023\/06\/logo-2.png","width":480,"height":160,"caption":"festivox"},"image":{"@id":"https:\/\/www.festivox.fr\/blog\/#\/schema\/logo\/image\/"}},{"@type":"Person","@id":"https:\/\/www.festivox.fr\/blog\/#\/schema\/person\/f36a8b6bc94800c3eafed4bca993ce95","name":"Michele","image":{"@type":"ImageObject","inLanguage":"fr-FR","@id":"https:\/\/secure.gravatar.com\/avatar\/b062046536b5d47ec9075956ec349ef95ed06b0f910c578f74abb318668b702e?s=96&d=mm&r=g","url":"https:\/\/secure.gravatar.com\/avatar\/b062046536b5d47ec9075956ec349ef95ed06b0f910c578f74abb318668b702e?s=96&d=mm&r=g","contentUrl":"https:\/\/secure.gravatar.com\/avatar\/b062046536b5d47ec9075956ec349ef95ed06b0f910c578f74abb318668b702e?s=96&d=mm&r=g","caption":"Michele"},"sameAs":["https:\/\/www.festivox.fr\/blog"],"url":"https:\/\/www.festivox.fr\/blog\/author\/voxadmin\/"}]}},"_links":{"self":[{"href":"https:\/\/www.festivox.fr\/blog\/wp-json\/wp\/v2\/posts\/800","targetHints":{"allow":["GET"]}}],"collection":[{"href":"https:\/\/www.festivox.fr\/blog\/wp-json\/wp\/v2\/posts"}],"about":[{"href":"https:\/\/www.festivox.fr\/blog\/wp-json\/wp\/v2\/types\/post"}],"author":[{"embeddable":true,"href":"https:\/\/www.festivox.fr\/blog\/wp-json\/wp\/v2\/users\/1"}],"replies":[{"embeddable":true,"href":"https:\/\/www.festivox.fr\/blog\/wp-json\/wp\/v2\/comments?post=800"}],"version-history":[{"count":0,"href":"https:\/\/www.festivox.fr\/blog\/wp-json\/wp\/v2\/posts\/800\/revisions"}],"wp:featuredmedia":[{"embeddable":true,"href":"https:\/\/www.festivox.fr\/blog\/wp-json\/wp\/v2\/media\/801"}],"wp:attachment":[{"href":"https:\/\/www.festivox.fr\/blog\/wp-json\/wp\/v2\/media?parent=800"}],"wp:term":[{"taxonomy":"category","embeddable":true,"href":"https:\/\/www.festivox.fr\/blog\/wp-json\/wp\/v2\/categories?post=800"},{"taxonomy":"post_tag","embeddable":true,"href":"https:\/\/www.festivox.fr\/blog\/wp-json\/wp\/v2\/tags?post=800"}],"curies":[{"name":"wp","href":"https:\/\/api.w.org\/{rel}","templated":true}]}}