{"id":789,"date":"2024-04-12T21:54:00","date_gmt":"2024-04-12T19:54:00","guid":{"rendered":"https:\/\/www.festivox.fr\/blog\/milizac-guipronvel-lhistoire-du-blues-en-dessin-et-en-musique-dimanche\/"},"modified":"2024-04-12T21:54:00","modified_gmt":"2024-04-12T19:54:00","slug":"milizac-guipronvel-lhistoire-du-blues-en-dessin-et-en-musique-dimanche","status":"publish","type":"post","link":"https:\/\/www.festivox.fr\/blog\/milizac-guipronvel-lhistoire-du-blues-en-dessin-et-en-musique-dimanche\/","title":{"rendered":"Milizac-Guipronvel. L\u2019histoire du blues en dessin et en musique, dimanche"},"content":{"rendered":"<br \/>\n<header class=\"clearfix marg20B\">\n<table cellspacing=\"0\" cellpadding=\"0\" border=\"0\" width=\"100%\">\n<tr>\n<td valign=\"middle\" align=\"center\" class=\"col-logo\"> <img decoding=\"async\" src=\"https:\/\/www.festivox.fr\/blog\/wp-content\/uploads\/2024\/04\/milizac-guipronvel-lhistoire-du-blues-en-dessin-et-en-musique-dimanche.gif\" alt=\"logo Ouest-France\" height=\"66\"> <\/td>\n<td class=\"col-titre\"> Samedi 13 avril 2024 05:23 <a class=\"icon-bulle sizeL count\" href=\"https:\/\/brest.maville.com\/actu\/actudet_-milizac-guipronvel.-l-histoire-du-blues-en-dessin-et-en-musique-dimanche-_dep-6245076_actu.Htm#ancreAvis\" target=\"_blank\" rel=\"nofollow\"> <span class=\"elmt-num\">&#8230;<\/span><br \/>\n<\/a><\/td>\n<\/tr>\n<\/table>\n<p><!--TAG-CHP rubrique00--><!--TAG-CHP separator00--> <!--TAG-CHP titre00--> <\/header>\n<figure class=\"bloc reseaux-top\"> <a class=\"mavillebox2 elmt-photo\" href=\"https:\/\/maville.com\/photosmvi\/2024\/04\/13\/P34118322D6245076G.jpg\" title=\" Cisco Herzhaft et Gildas Java en r\u00e9p\u00e9tition pour leur spectacle \u00ab&nbsp;\u00c7a blues de source&nbsp;\u00bb. \u00a9 Ouest-France \" rel=\"galerie_actu nofollow\" target=\"_blank\"> <img decoding=\"async\" src=\"https:\/\/www.festivox.fr\/blog\/wp-content\/uploads\/2024\/04\/milizac-guipronvel-lhistoire-du-blues-en-dessin-et-en-musique-dimanche.jpg\" alt=\"photo cisco herzhaft et gildas java en r\u00e9p\u00e9tition pour leur spectacle \u00ab&nbsp;\u00e7a blues de source&nbsp;\u00bb. \"> <span class=\"zoom-photo\"><span class=\"mavillefont icon-loupe\"><\/span><small>1<\/small><\/span><br \/>\n<\/a><\/p>\n<p class=\"elmt-legende\"> Cisco Herzhaft et Gildas Java en r\u00e9p\u00e9tition pour leur spectacle \u00ab&nbsp;\u00c7a blues de source&nbsp;\u00bb. <span class=\"credit\">\u00a9 Ouest-France <\/span><\/p>\n<\/figure>\n<section class=\"clearB bloc\">\n<h2 class=\"elmt-text\"><\/h2>\n<div class=\"elmt-text p402_premium\">\n<p>Le Hot club jazz Iroise pr\u00e9sente dimanche, en partenariat avec la municipalit\u00e9, la cr\u00e9ation en r\u00e9sidence de Cisco Herzhaft et Gildas Java. <em>\u00c7a blues de source<\/em>, c\u2019est l\u2019histoire du blues racont\u00e9e en musique et illustr\u00e9e en direct sur grand \u00e9cran. Avec Cisco Herzhaft, musicien chanteur de blues, conteur et conf\u00e9rencier, et Gildas Java, dessinateur de BD, illustrateur, complices le temps d\u2019un spectacle.<\/p>\n<p>C\u2019est le r\u00e9sultat d\u2019une rencontre passionn\u00e9e sur la naissance et la diffusion du blues.<\/p>\n<p>Dimanche 14&nbsp;avril, \u00e0 17&nbsp;h, \u00e0 la salle Ar Stivell. Entr\u00e9e au chapeau.<\/p>\n<\/p><\/div>\n<\/section>\n<p> <cite class=\"elmt-auteur bloc\"> Ouest-France&nbsp;&nbsp; <\/cite> <\/p>\n<div>\n<h3>Retrouvez d&rsquo;autres actus sur la commune de :<\/h3>\n<\/p><\/div>\n<footer class=\"bloc clearfix\"> <\/footer>\n<p> <!--MVITAG-BLC C2--> <a name=\"formulaireSA\" id=\"formulaireSA\"><\/a><\/p>\n<section id=\"bloc_saisie_assiste\" class=\"bloc clearfix clearB\">\n<header>\n<h2 id=\"titreSA\" class=\"titre-bloc-xl\"><\/h2>\n<\/header>\n<div id=\"lstChamp\" class=\"clearfix\">\n<ul>\n<li id=\"zoneBeforeAvisSA\">\n<div id=\"zoneBeforeAvisActuSA\" class=\"zoneBeforeNiveau2\"> <label for=\"AvisActuNom\" class=\"first\">Titre de l&rsquo;info <em>*<\/em><\/label> <\/p>\n<div id=\"AvisActuNomError\" class=\"errorMessage\">merci d&rsquo;indiquer un titre&rsquo;<\/div>\n<\/p><\/div>\n<p> &lt;!&#8211; <\/p>\n<div id=\"zoneBeforeAvisSportSA\" class=\"zoneBeforeNiveau2\"> <label for=\"AvisSportNom\" class=\"first\">Titre de l&rsquo;info sportive <em>*<\/em><\/label> <\/p>\n<div class=\"elmt-champ\"><\/div>\n<div id=\"AvisSportNomError\" class=\"errorMessage\">merci d&rsquo;indiquer un titre &lsquo;<\/div>\n<\/p><\/div>\n<p> &#8211;&gt; <\/p>\n<div id=\"zoneBeforeAvisRestoSA\" class=\"zoneBeforeNiveau2\"> <label for=\"AvisRestoNom\" class=\"first\">Nom du restaurant <em>*<\/em><\/label> <\/p>\n<ul id=\"zoneSuggestionNomResto\" class=\"resultRechercheAjax displayNone\">\n<li>Choisir un resto :<\/li>\n<li id=\"SARestoUnknownLink\" class=\"AjaxRechercheItem\">Cet \u00e9tablissement est nouveau sur maville.com<\/li>\n<p> <!-- Liste de proposition Ajax des etablissements --> <\/ul>\n<div id=\"AvisRestoNomError\" class=\"errorMessage\">merci d&rsquo;indiquer un nom de restaurant<\/div>\n<hr>\n<div id=\"zoneBeforeAvisRestoUnknownSA\" class=\"displayNone\"> <label for=\"AvisRestoAdresse\">Adresse du restaurant <em>*<\/em><\/label> <\/p>\n<div id=\"AvisRestoAdresseError\" class=\"errorMessage\">merci de saisir l&rsquo;adresse du restaurant<\/div>\n<p> <label for=\"AvisRestoVilleChampRech\">Ville du restaurant <em>*<\/em><\/label> <\/p>\n<div id=\"AvisRestoVilleCpError\" class=\"errorMessage\">merci de saisir la ville du restaurant<\/div>\n<p> <label>T\u00e9l\u00e9chargez votre photo (2 Mo max)<\/label> <\/p>\n<hr><\/div>\n<\/p><\/div>\n<div id=\"zoneBeforeAvisBarSA\" class=\"zoneBeforeNiveau2\"> <label for=\"AvisBarNom\" class=\"first\">Nom du bar <em>*<\/em><\/label> <\/p>\n<ul id=\"zoneSuggestionNomBar\" class=\"resultRechercheAjax displayNone\">\n<li>Choisir un bar :<\/li>\n<li id=\"SABarUnknownLink\" class=\"AjaxRechercheItem\">Cet \u00e9tablissement est nouveau sur maville.com<\/li>\n<p> <!-- Liste de proposition Ajax des etablissements --> <\/ul>\n<div id=\"AvisBarNomError\" class=\"errorMessage\">merci d&rsquo;indiquer un nom de bar<\/div>\n<hr>\n<div id=\"zoneBeforeAvisBarUnknownSA\" class=\"displayNone\"> <label for=\"AvisBarAdresse\">Adresse du bar <em>*<\/em><\/label> <\/p>\n<div id=\"AvisBarAdresseError\" class=\"errorMessage\">merci de saisir l&rsquo;adresse du bar<\/div>\n<p> <label for=\"AvisBarVilleChampRech\">Ville du bar <em>*<\/em><\/label> <\/p>\n<div id=\"AvisBarVilleCpError\" class=\"errorMessage\">merci de saisir la ville du bar<\/div>\n<hr><\/div>\n<\/p><\/div>\n<div id=\"AvisTitreError\" class=\"errorMessage\">merci d&rsquo;indiquer un titre \u00e0 votre avis<\/div>\n<\/li>\n<li id=\"zoneTexteSA\" class=\"element\"> <\/li>\n<li id=\"zoneAfterAvisSA\">\n<div id=\"zoneAfterAvisBASA\" class=\"zoneAfterNiveau2\"> <label>Donnez nous vos impressions : <em>*<\/em><\/label> <\/p>\n<hr>\n<hr><\/div>\n<\/li>\n<li id=\"zoneIdentificationSA\"> &lt;!&#8211;<label for=\"email\" id=\"titreEmail\">Pour publier votre info, merci de vous identifier<\/label>&#8211;&gt; <\/li>\n<li id=\"zoneCgupdpError\" class=\"element\"> <\/li>\n<li id=\"zoneBoutonSimpleSA\" class=\"floatR\">\n<div class=\"clearfix\"><em> Vos donn\u00e9es personnelles font l\u2019objet d\u2019un traitement informatique par la soci\u00e9t\u00e9 Additi Multimedia, sur le fondement de l&rsquo;ex\u00e9cution d&rsquo;un contrat et sont utilis\u00e9es notamment pour prendre en compte, mod\u00e9rer et r\u00e9pondre \u00e0 vos commentaires sur les contenus mis en ligne sur le site. Elles seront conserv\u00e9es conform\u00e9ment \u00e0 notre politique de donn\u00e9es personnelles, sauf dispositions l\u00e9gales particuli\u00e8res. Vous disposez d\u2019un droit d\u2019acc\u00e8s, de rectification, d\u2019opposition, de limitation et de portabilit\u00e9, en vous adressant directement \u00e0 <a href=\"mailto:pdp@sipa.ouest-france.fr\" target=\"_blank\" rel=\"nofollow\">pdp@sipa.ouest-france.fr<\/a> ou par courrier \u00e0 \u00ab\u00a0D\u00e9l\u00e9gu\u00e9 \u00e0 la Protection des Donn\u00e9es Personnelles SIPA Additi Multimedia &#8211; ZI Rennes Sud-Est,\u2013 10 rue du Breil \u2013 35051 Rennes cedex 9\u00a0\u00bb. Vous avez \u00e9galement le droit d\u2019introduire une r\u00e9clamation aupr\u00e8s de la CNIL. <a href=\"https:\/\/brest.maville.com\/mentions_vieprive.php\" target=\"_blank\" rel=\"nofollow\">En savoir plus<\/a> <\/em><\/div>\n<\/li>\n<li id=\"zoneBoutonSA\"> <\/li>\n<\/ul><\/div>\n<\/section>\n<div id=\"saisieAssisteeLaunch\"> <\/div>\n<p> <!--MVITAG-BLC C4--> <a name=\"ancreAvis\"><\/a> <\/p>\n<section class=\"elmt-liste-avis avis-article clearfix clearB bloc\" id=\"AvisBloc\"> <!--TAG-CHP AvisAspFileDepot00--><br \/>\n<\/section>\n<div class=\"col2x\"> <!--MVITAG-BLC dossier01--> <\/p>\n<section class=\"elmt-news bloc\">\n<div class=\"titre-bloc-xl\">Newsletter maville<\/div>\n<h2 class=\"sous-titre-bloc marg10B\">Abonnez-vous \u00e0 la newsletter &#8211; Brest<\/h2>\n<div class=\"clearfix disclaimerNL\"><em> Votre e-mail, avec votre consentement, est utilis\u00e9 par la soci\u00e9t\u00e9 Additi Multimedia pour recevoir les newsletters s\u00e9lectionn\u00e9es. <a href=\"https:\/\/brest.maville.com\/mentions_vieprive.php\" target=\"_blank\" rel=\"nofollow\">En savoir plus<\/a><br \/>\n<\/em><\/div>\n<\/section>\n<p> <!--MVITAG-BLC PUBposition2--> <a href=\"https:\/\/brest.maville.com\/actu\/actudet_-debat-tenir-son-chien-en-laisse-en-foret-a-partir-du-15-avril.-pour-ou-contre-_53511-6244058_actu.Htm\" title=\"Exprimez-vous !\" target=\"_blank\" rel=\"nofollow\"> <\/p>\n<section class=\"bloc-debat\" id=\"mvi_actu_debat_semaine\">\n<h2 class=\"elmt-titre\">Exprimez-vous !<\/h2>\n<p> <span class=\"elmt-libelle\"><strong>D\u00e9bat : Tenir son chien en laisse en for\u00eat \u00e0 partir du 15 avril. Pour ou contre ?<\/strong><span class=\"icon-bulle sizeS count\"> <span class=\"elmt-num\"><!--TAG-CHP nbAvis--><\/span><br \/>\n<\/span><\/span> <span class=\"sprite-pictos icon-flech-go\"><\/span> <\/section>\n<p><\/a> <!--MVITAG-BLC PUBx50--> <!--MVITAG-BLC dossier05--> <\/p>\n<section class=\"elmt-liste-ligne date bloc-cadre\">\n<header class=\"floatL\">\n<h2 class=\"titre-bloc\">L&rsquo;info en continu<\/h2>\n<\/header>\n<p> <!--TAG-BLC bandeau00--> <\/p>\n<footer> <a href=\"https:\/\/brest.maville.com\/info\/info-en-continu\/\" title=\"Toute l'info en continu\" class=\"elmt-plus padd10T\" target=\"_blank\" rel=\"nofollow\"> <span class=\"sprite-pictos icon-plus\">&nbsp;<\/span> Toute l&rsquo;info en continu <\/a><br \/>\n<\/footer>\n<\/section>\n<p> <!-- TABOOLA - actu_coldroite (deb) --> <!-- TABOOLA - actu_coldroite (fin) --> <!--MVITAG-BLC dossier10--> <!--MVITAG-BLC dossier11--> <!--MVITAG-BLC PUBposition3--> <\/p>\n<section class=\"block-onglets demi clearfix\" id=\"topConsultArt\">\n<nav class=\"info\"> <\/nav>\n<\/section>\n<p> <!--MVITAG-BLC dossier13--> <!--MVITAG-BLC dossier14--> <\/p>\n<section class=\"bloc-cadre liste2 fond-degrade\"><!-- id=\"mvi_actu_liste_filinfo_une\" --> <\/p>\n<header class=\"clearfix\">\n<h2 class=\"titre-bloc-xl\">Quiz et jeux<\/h2>\n<\/header>\n<section class=\"elmt-liste-bloc\"> <\/section>\n<section class=\"elmt-liste-bloc\"> <\/section>\n<footer> <a href=\"https:\/\/brest.maville.com\/info\/mavillequiz.php\" title=\"Tous les quiz\" class=\"elmt-plus\" target=\"_blank\" rel=\"nofollow\"> <span class=\"sprite-pictos icon-plus\">&nbsp;<\/span> Tous les quiz <\/a> <\/footer>\n<\/section>\n<p> <!--MVITAG-BLC dossier16--> <!--MVITAG-BLC dossier17--> <!--MVITAG-BLC dossier18--> <!--MVITAG-BLC dossier19--> <!--MVITAG-BLC dossier20--> <!--MVITAG-BLC PUBx32--> <!--MVITAG-BLC g01--> <!--MVITAG-BLC g02--> <!--MVITAG-BLC g03--> <!--MVITAG-BLC g04--> <!--MVITAG-BLC g05--> <!--MVITAG-BLC g06--> <!--MVITAG-BLC g07--> <!--MVITAG-BLC g08--> <!--MVITAG-BLC g09--> <!--MVITAG-BLC g10--> <!--MVITAG-BLC g11--> <!--MVITAG-BLC g12--> <!--MVITAG-BLC g13--> <!--MVITAG-BLC g14--> <!--MVITAG-BLC g15--> <!--MVITAG-BLC g16--> <!--MVITAG-BLC g17--> <!--MVITAG-BLC g18--> <!--MVITAG-BLC g19--> <!-- TABOOLA - actu_bottom (deb) --> <!-- TABOOLA - actu_bottom (fin) --> <\/div>\n<p> <!--MVITAG-BLC PUBbottom1--> <a href=\"https:\/\/brest.maville.com\/actu\/actudet_-milizac-guipronvel.-l-histoire-du-blues-en-dessin-et-en-musique-dimanche-_dep-6245076_actu.Htm#top\" id=\"back-top\" class=\"sprite-pictos backTop\" target=\"_blank\" rel=\"nofollow\">Retour en haut<\/a> <\/p>\n<footer id=\"piedDePage\" class=\"pied-page\">\n<div class=\"pied-page__liens marg40B\">\n<nav class=\"pied-page__bloc\">\n<h3>Rubriques site maville<\/h3>\n<\/nav>\n<nav class=\"pied-page__bloc\">\n<h3>Sites Ouest-France<\/h3>\n<\/nav><\/div>\n<p class=\"pied-page__applis marg40B\"><a href=\"https:\/\/www.ouest-france.fr\/services\/nos-applis-mobiles\/\" target=\"_blank\" rel=\"noopener nofollow\"><i class=\"tetiere-icon icon-mobile-tablette\"><\/i>Les applications mobiles <strong>Ouest-France<\/strong> disponibles en t\u00e9l\u00e9chargement<\/a><\/p>\n<div class=\"pied-page__footer\"> <a href=\"https:\/\/brest.maville.com\/\" target=\"_blank\" rel=\"nofollow\"><img decoding=\"async\" src=\"https:\/\/maville.com\/design\/images\/tetiere\/logo_maville.svg\" alt=\"maville.com\" width=\"190\"><\/a> <span>par<\/span> <a href=\"https:\/\/www.ouest-france.fr\" target=\"_blank\" rel=\"noopener nofollow\"><i class=\"tetiere-icon icon-logo-of\"><\/i><\/a> <span><span>\u00a9 Copyright maville.\u00adcom<\/span> | <a href=\"http:\/\/www.presse-regionale.fr\/\" target=\"_blank\" title=\"Presse R\u00e9gionale\" rel=\"noopener nofollow\">WEB66<\/a>&nbsp; <a href=\"https:\/\/www.acpm.fr\/?utm_source=mvi&amp;utm_medium=lien&amp;utm_campaign=ojd&amp;utm_content=lien-footer\" target=\"_blank\" title=\"Presse R\u00e9gionale\" rel=\"noopener nofollow\"><img decoding=\"async\" src=\"https:\/\/maville.com\/design\/images\/tetiere\/acpm-ojd.svg\" alt=\"ACPM OJD\" width=\"33\" class=\"pied-page__footer-img\"><\/a> <\/span><\/div>\n<div id=\"accesSiteMobile\" class=\"acces-mob\"><span>Acc\u00e8s au site Mobile<\/span><\/div>\n<\/footer>\n<p> <!-- comptabilisation de la presence de AddBlock --> <!--[if IE]&gt;-->   window.onload = function() { H5F.setup(jQuery(&lsquo;.elmt-liste-form&rsquo;)); H5F.setup(jQuery(&lsquo;#recherche&rsquo;)); H5F.setup(jQuery(&lsquo;.elmt-news form&rsquo;)); };<br \/>\n Cet article, qui traite du th\u00e8me \u00ab\u00a0Festival Jazz et musique en mode guinguette\u00a0\u00bb, vous est d\u00e9lib\u00e9r\u00e9ment offert par festivox.fr. La raison d\u2019\u00eatre de festivox.fr est de parler de Festival Jazz et musique en mode guinguette dans la transparence la plus g\u00e9n\u00e9rale en vous procurant la visibilit\u00e9 de tout ce qui est publi\u00e9 sur ce sujet sur le web La chronique a \u00e9t\u00e9 g\u00e9n\u00e9r\u00e9e de la mani\u00e8re la plus honn\u00eate que possible. S\u2019il advenait que vous projetez d\u2019apporter quelques notes concernant le domaine de \u00ab\u00a0Festival Jazz et musique en mode guinguette\u00a0\u00bb vous avez la possibilit\u00e9 de d&rsquo;\u00e9changer avec notre r\u00e9daction. Dans peu de temps, on mettra en ligne d&rsquo;autres informations pertinentes autour du sujet \u00ab\u00a0Festival Jazz et musique en mode guinguette\u00a0\u00bb. Ainsi, consultez r\u00e9guli\u00e8rement notre site.<\/p>\n","protected":false},"excerpt":{"rendered":"<p>Samedi 13 avril 2024 05:23 &#8230; 1 Cisco Herzhaft et Gildas Java en r\u00e9p\u00e9tition pour leur spectacle \u00ab&nbsp;\u00c7a blues de source&nbsp;\u00bb. \u00a9 Ouest-France Le Hot club jazz Iroise pr\u00e9sente dimanche, en partenariat avec la municipalit\u00e9, la cr\u00e9ation en r\u00e9sidence de Cisco Herzhaft et Gildas Java. \u00c7a blues de source, c\u2019est l\u2019histoire du blues racont\u00e9e en&hellip;<\/p>\n","protected":false},"author":1,"featured_media":790,"comment_status":"closed","ping_status":"closed","sticky":false,"template":"","format":"standard","meta":{"footnotes":""},"categories":[3],"tags":[],"class_list":["post-789","post","type-post","status-publish","format-standard","has-post-thumbnail","hentry","category-wiki-sur-festival-jazz-et-musique-en-mode-guinguette"],"yoast_head":"<!-- This site is optimized with the Yoast SEO plugin v27.5 - https:\/\/yoast.com\/product\/yoast-seo-wordpress\/ -->\n<title>Milizac-Guipronvel. L\u2019histoire du blues en dessin et en musique, dimanche - FESTIVOX<\/title>\n<meta name=\"robots\" content=\"index, follow, max-snippet:-1, max-image-preview:large, max-video-preview:-1\" \/>\n<link rel=\"canonical\" href=\"https:\/\/www.festivox.fr\/blog\/milizac-guipronvel-lhistoire-du-blues-en-dessin-et-en-musique-dimanche\/\" \/>\n<meta property=\"og:locale\" content=\"fr_FR\" \/>\n<meta property=\"og:type\" content=\"article\" \/>\n<meta property=\"og:title\" content=\"Milizac-Guipronvel. L\u2019histoire du blues en dessin et en musique, dimanche - FESTIVOX\" \/>\n<meta property=\"og:description\" content=\"Samedi 13 avril 2024 05:23 &#8230; 1 Cisco Herzhaft et Gildas Java en r\u00e9p\u00e9tition pour leur spectacle \u00ab&nbsp;\u00c7a blues de source&nbsp;\u00bb. \u00a9 Ouest-France Le Hot club jazz Iroise pr\u00e9sente dimanche, en partenariat avec la municipalit\u00e9, la cr\u00e9ation en r\u00e9sidence de Cisco Herzhaft et Gildas Java. \u00c7a blues de source, c\u2019est l\u2019histoire du blues racont\u00e9e en&hellip;\" \/>\n<meta property=\"og:url\" content=\"https:\/\/www.festivox.fr\/blog\/milizac-guipronvel-lhistoire-du-blues-en-dessin-et-en-musique-dimanche\/\" \/>\n<meta property=\"og:site_name\" content=\"FESTIVOX\" \/>\n<meta property=\"article:published_time\" content=\"2024-04-12T19:54:00+00:00\" \/>\n<meta property=\"og:image\" content=\"https:\/\/www.festivox.fr\/blog\/wp-content\/uploads\/2024\/04\/milizac-guipronvel-lhistoire-du-blues-en-dessin-et-en-musique-dimanche.gif\" \/>\n<meta name=\"author\" content=\"Michele\" \/>\n<meta name=\"twitter:card\" content=\"summary_large_image\" \/>\n<meta name=\"twitter:label1\" content=\"\u00c9crit par\" \/>\n\t<meta name=\"twitter:data1\" content=\"Michele\" \/>\n\t<meta name=\"twitter:label2\" content=\"Dur\u00e9e de lecture estim\u00e9e\" \/>\n\t<meta name=\"twitter:data2\" content=\"3 minutes\" \/>\n<script type=\"application\/ld+json\" class=\"yoast-schema-graph\">{\"@context\":\"https:\\\/\\\/schema.org\",\"@graph\":[{\"@type\":\"Article\",\"@id\":\"https:\\\/\\\/www.festivox.fr\\\/blog\\\/milizac-guipronvel-lhistoire-du-blues-en-dessin-et-en-musique-dimanche\\\/#article\",\"isPartOf\":{\"@id\":\"https:\\\/\\\/www.festivox.fr\\\/blog\\\/milizac-guipronvel-lhistoire-du-blues-en-dessin-et-en-musique-dimanche\\\/\"},\"author\":{\"name\":\"Michele\",\"@id\":\"https:\\\/\\\/www.festivox.fr\\\/blog\\\/#\\\/schema\\\/person\\\/f36a8b6bc94800c3eafed4bca993ce95\"},\"headline\":\"Milizac-Guipronvel. L\u2019histoire du blues en dessin et en musique, dimanche\",\"datePublished\":\"2024-04-12T19:54:00+00:00\",\"mainEntityOfPage\":{\"@id\":\"https:\\\/\\\/www.festivox.fr\\\/blog\\\/milizac-guipronvel-lhistoire-du-blues-en-dessin-et-en-musique-dimanche\\\/\"},\"wordCount\":659,\"publisher\":{\"@id\":\"https:\\\/\\\/www.festivox.fr\\\/blog\\\/#organization\"},\"image\":{\"@id\":\"https:\\\/\\\/www.festivox.fr\\\/blog\\\/milizac-guipronvel-lhistoire-du-blues-en-dessin-et-en-musique-dimanche\\\/#primaryimage\"},\"thumbnailUrl\":\"https:\\\/\\\/www.festivox.fr\\\/blog\\\/wp-content\\\/uploads\\\/2024\\\/04\\\/milizac-guipronvel-lhistoire-du-blues-en-dessin-et-en-musique-dimanche.gif\",\"articleSection\":[\"Wiki Sur Festival Jazz Et Musique En Mode Guinguette:\"],\"inLanguage\":\"fr-FR\"},{\"@type\":\"WebPage\",\"@id\":\"https:\\\/\\\/www.festivox.fr\\\/blog\\\/milizac-guipronvel-lhistoire-du-blues-en-dessin-et-en-musique-dimanche\\\/\",\"url\":\"https:\\\/\\\/www.festivox.fr\\\/blog\\\/milizac-guipronvel-lhistoire-du-blues-en-dessin-et-en-musique-dimanche\\\/\",\"name\":\"Milizac-Guipronvel. L\u2019histoire du blues en dessin et en musique, dimanche - FESTIVOX\",\"isPartOf\":{\"@id\":\"https:\\\/\\\/www.festivox.fr\\\/blog\\\/#website\"},\"primaryImageOfPage\":{\"@id\":\"https:\\\/\\\/www.festivox.fr\\\/blog\\\/milizac-guipronvel-lhistoire-du-blues-en-dessin-et-en-musique-dimanche\\\/#primaryimage\"},\"image\":{\"@id\":\"https:\\\/\\\/www.festivox.fr\\\/blog\\\/milizac-guipronvel-lhistoire-du-blues-en-dessin-et-en-musique-dimanche\\\/#primaryimage\"},\"thumbnailUrl\":\"https:\\\/\\\/www.festivox.fr\\\/blog\\\/wp-content\\\/uploads\\\/2024\\\/04\\\/milizac-guipronvel-lhistoire-du-blues-en-dessin-et-en-musique-dimanche.gif\",\"datePublished\":\"2024-04-12T19:54:00+00:00\",\"breadcrumb\":{\"@id\":\"https:\\\/\\\/www.festivox.fr\\\/blog\\\/milizac-guipronvel-lhistoire-du-blues-en-dessin-et-en-musique-dimanche\\\/#breadcrumb\"},\"inLanguage\":\"fr-FR\",\"potentialAction\":[{\"@type\":\"ReadAction\",\"target\":[\"https:\\\/\\\/www.festivox.fr\\\/blog\\\/milizac-guipronvel-lhistoire-du-blues-en-dessin-et-en-musique-dimanche\\\/\"]}]},{\"@type\":\"ImageObject\",\"inLanguage\":\"fr-FR\",\"@id\":\"https:\\\/\\\/www.festivox.fr\\\/blog\\\/milizac-guipronvel-lhistoire-du-blues-en-dessin-et-en-musique-dimanche\\\/#primaryimage\",\"url\":\"https:\\\/\\\/www.festivox.fr\\\/blog\\\/wp-content\\\/uploads\\\/2024\\\/04\\\/milizac-guipronvel-lhistoire-du-blues-en-dessin-et-en-musique-dimanche.gif\",\"contentUrl\":\"https:\\\/\\\/www.festivox.fr\\\/blog\\\/wp-content\\\/uploads\\\/2024\\\/04\\\/milizac-guipronvel-lhistoire-du-blues-en-dessin-et-en-musique-dimanche.gif\",\"width\":170,\"height\":66},{\"@type\":\"BreadcrumbList\",\"@id\":\"https:\\\/\\\/www.festivox.fr\\\/blog\\\/milizac-guipronvel-lhistoire-du-blues-en-dessin-et-en-musique-dimanche\\\/#breadcrumb\",\"itemListElement\":[{\"@type\":\"ListItem\",\"position\":1,\"name\":\"Accueil\",\"item\":\"https:\\\/\\\/www.festivox.fr\\\/blog\\\/\"},{\"@type\":\"ListItem\",\"position\":2,\"name\":\"Milizac-Guipronvel. L\u2019histoire du blues en dessin et en musique, dimanche\"}]},{\"@type\":\"WebSite\",\"@id\":\"https:\\\/\\\/www.festivox.fr\\\/blog\\\/#website\",\"url\":\"https:\\\/\\\/www.festivox.fr\\\/blog\\\/\",\"name\":\"FESTIVOX\",\"description\":\"Festival en mode guinguette.\",\"publisher\":{\"@id\":\"https:\\\/\\\/www.festivox.fr\\\/blog\\\/#organization\"},\"potentialAction\":[{\"@type\":\"SearchAction\",\"target\":{\"@type\":\"EntryPoint\",\"urlTemplate\":\"https:\\\/\\\/www.festivox.fr\\\/blog\\\/?s={search_term_string}\"},\"query-input\":{\"@type\":\"PropertyValueSpecification\",\"valueRequired\":true,\"valueName\":\"search_term_string\"}}],\"inLanguage\":\"fr-FR\"},{\"@type\":\"Organization\",\"@id\":\"https:\\\/\\\/www.festivox.fr\\\/blog\\\/#organization\",\"name\":\"festivox\",\"url\":\"https:\\\/\\\/www.festivox.fr\\\/blog\\\/\",\"logo\":{\"@type\":\"ImageObject\",\"inLanguage\":\"fr-FR\",\"@id\":\"https:\\\/\\\/www.festivox.fr\\\/blog\\\/#\\\/schema\\\/logo\\\/image\\\/\",\"url\":\"https:\\\/\\\/www.festivox.fr\\\/blog\\\/wp-content\\\/uploads\\\/2023\\\/06\\\/logo-2.png\",\"contentUrl\":\"https:\\\/\\\/www.festivox.fr\\\/blog\\\/wp-content\\\/uploads\\\/2023\\\/06\\\/logo-2.png\",\"width\":480,\"height\":160,\"caption\":\"festivox\"},\"image\":{\"@id\":\"https:\\\/\\\/www.festivox.fr\\\/blog\\\/#\\\/schema\\\/logo\\\/image\\\/\"}},{\"@type\":\"Person\",\"@id\":\"https:\\\/\\\/www.festivox.fr\\\/blog\\\/#\\\/schema\\\/person\\\/f36a8b6bc94800c3eafed4bca993ce95\",\"name\":\"Michele\",\"image\":{\"@type\":\"ImageObject\",\"inLanguage\":\"fr-FR\",\"@id\":\"https:\\\/\\\/secure.gravatar.com\\\/avatar\\\/b062046536b5d47ec9075956ec349ef95ed06b0f910c578f74abb318668b702e?s=96&d=mm&r=g\",\"url\":\"https:\\\/\\\/secure.gravatar.com\\\/avatar\\\/b062046536b5d47ec9075956ec349ef95ed06b0f910c578f74abb318668b702e?s=96&d=mm&r=g\",\"contentUrl\":\"https:\\\/\\\/secure.gravatar.com\\\/avatar\\\/b062046536b5d47ec9075956ec349ef95ed06b0f910c578f74abb318668b702e?s=96&d=mm&r=g\",\"caption\":\"Michele\"},\"sameAs\":[\"https:\\\/\\\/www.festivox.fr\\\/blog\"],\"url\":\"https:\\\/\\\/www.festivox.fr\\\/blog\\\/author\\\/voxadmin\\\/\"}]}<\/script>\n<!-- \/ Yoast SEO plugin. -->","yoast_head_json":{"title":"Milizac-Guipronvel. L\u2019histoire du blues en dessin et en musique, dimanche - FESTIVOX","robots":{"index":"index","follow":"follow","max-snippet":"max-snippet:-1","max-image-preview":"max-image-preview:large","max-video-preview":"max-video-preview:-1"},"canonical":"https:\/\/www.festivox.fr\/blog\/milizac-guipronvel-lhistoire-du-blues-en-dessin-et-en-musique-dimanche\/","og_locale":"fr_FR","og_type":"article","og_title":"Milizac-Guipronvel. L\u2019histoire du blues en dessin et en musique, dimanche - FESTIVOX","og_description":"Samedi 13 avril 2024 05:23 &#8230; 1 Cisco Herzhaft et Gildas Java en r\u00e9p\u00e9tition pour leur spectacle \u00ab&nbsp;\u00c7a blues de source&nbsp;\u00bb. \u00a9 Ouest-France Le Hot club jazz Iroise pr\u00e9sente dimanche, en partenariat avec la municipalit\u00e9, la cr\u00e9ation en r\u00e9sidence de Cisco Herzhaft et Gildas Java. \u00c7a blues de source, c\u2019est l\u2019histoire du blues racont\u00e9e en&hellip;","og_url":"https:\/\/www.festivox.fr\/blog\/milizac-guipronvel-lhistoire-du-blues-en-dessin-et-en-musique-dimanche\/","og_site_name":"FESTIVOX","article_published_time":"2024-04-12T19:54:00+00:00","og_image":[{"url":"https:\/\/www.festivox.fr\/blog\/wp-content\/uploads\/2024\/04\/milizac-guipronvel-lhistoire-du-blues-en-dessin-et-en-musique-dimanche.gif","type":"","width":"","height":""}],"author":"Michele","twitter_card":"summary_large_image","twitter_misc":{"\u00c9crit par":"Michele","Dur\u00e9e de lecture estim\u00e9e":"3 minutes"},"schema":{"@context":"https:\/\/schema.org","@graph":[{"@type":"Article","@id":"https:\/\/www.festivox.fr\/blog\/milizac-guipronvel-lhistoire-du-blues-en-dessin-et-en-musique-dimanche\/#article","isPartOf":{"@id":"https:\/\/www.festivox.fr\/blog\/milizac-guipronvel-lhistoire-du-blues-en-dessin-et-en-musique-dimanche\/"},"author":{"name":"Michele","@id":"https:\/\/www.festivox.fr\/blog\/#\/schema\/person\/f36a8b6bc94800c3eafed4bca993ce95"},"headline":"Milizac-Guipronvel. L\u2019histoire du blues en dessin et en musique, dimanche","datePublished":"2024-04-12T19:54:00+00:00","mainEntityOfPage":{"@id":"https:\/\/www.festivox.fr\/blog\/milizac-guipronvel-lhistoire-du-blues-en-dessin-et-en-musique-dimanche\/"},"wordCount":659,"publisher":{"@id":"https:\/\/www.festivox.fr\/blog\/#organization"},"image":{"@id":"https:\/\/www.festivox.fr\/blog\/milizac-guipronvel-lhistoire-du-blues-en-dessin-et-en-musique-dimanche\/#primaryimage"},"thumbnailUrl":"https:\/\/www.festivox.fr\/blog\/wp-content\/uploads\/2024\/04\/milizac-guipronvel-lhistoire-du-blues-en-dessin-et-en-musique-dimanche.gif","articleSection":["Wiki Sur Festival Jazz Et Musique En Mode Guinguette:"],"inLanguage":"fr-FR"},{"@type":"WebPage","@id":"https:\/\/www.festivox.fr\/blog\/milizac-guipronvel-lhistoire-du-blues-en-dessin-et-en-musique-dimanche\/","url":"https:\/\/www.festivox.fr\/blog\/milizac-guipronvel-lhistoire-du-blues-en-dessin-et-en-musique-dimanche\/","name":"Milizac-Guipronvel. L\u2019histoire du blues en dessin et en musique, dimanche - FESTIVOX","isPartOf":{"@id":"https:\/\/www.festivox.fr\/blog\/#website"},"primaryImageOfPage":{"@id":"https:\/\/www.festivox.fr\/blog\/milizac-guipronvel-lhistoire-du-blues-en-dessin-et-en-musique-dimanche\/#primaryimage"},"image":{"@id":"https:\/\/www.festivox.fr\/blog\/milizac-guipronvel-lhistoire-du-blues-en-dessin-et-en-musique-dimanche\/#primaryimage"},"thumbnailUrl":"https:\/\/www.festivox.fr\/blog\/wp-content\/uploads\/2024\/04\/milizac-guipronvel-lhistoire-du-blues-en-dessin-et-en-musique-dimanche.gif","datePublished":"2024-04-12T19:54:00+00:00","breadcrumb":{"@id":"https:\/\/www.festivox.fr\/blog\/milizac-guipronvel-lhistoire-du-blues-en-dessin-et-en-musique-dimanche\/#breadcrumb"},"inLanguage":"fr-FR","potentialAction":[{"@type":"ReadAction","target":["https:\/\/www.festivox.fr\/blog\/milizac-guipronvel-lhistoire-du-blues-en-dessin-et-en-musique-dimanche\/"]}]},{"@type":"ImageObject","inLanguage":"fr-FR","@id":"https:\/\/www.festivox.fr\/blog\/milizac-guipronvel-lhistoire-du-blues-en-dessin-et-en-musique-dimanche\/#primaryimage","url":"https:\/\/www.festivox.fr\/blog\/wp-content\/uploads\/2024\/04\/milizac-guipronvel-lhistoire-du-blues-en-dessin-et-en-musique-dimanche.gif","contentUrl":"https:\/\/www.festivox.fr\/blog\/wp-content\/uploads\/2024\/04\/milizac-guipronvel-lhistoire-du-blues-en-dessin-et-en-musique-dimanche.gif","width":170,"height":66},{"@type":"BreadcrumbList","@id":"https:\/\/www.festivox.fr\/blog\/milizac-guipronvel-lhistoire-du-blues-en-dessin-et-en-musique-dimanche\/#breadcrumb","itemListElement":[{"@type":"ListItem","position":1,"name":"Accueil","item":"https:\/\/www.festivox.fr\/blog\/"},{"@type":"ListItem","position":2,"name":"Milizac-Guipronvel. L\u2019histoire du blues en dessin et en musique, dimanche"}]},{"@type":"WebSite","@id":"https:\/\/www.festivox.fr\/blog\/#website","url":"https:\/\/www.festivox.fr\/blog\/","name":"FESTIVOX","description":"Festival en mode guinguette.","publisher":{"@id":"https:\/\/www.festivox.fr\/blog\/#organization"},"potentialAction":[{"@type":"SearchAction","target":{"@type":"EntryPoint","urlTemplate":"https:\/\/www.festivox.fr\/blog\/?s={search_term_string}"},"query-input":{"@type":"PropertyValueSpecification","valueRequired":true,"valueName":"search_term_string"}}],"inLanguage":"fr-FR"},{"@type":"Organization","@id":"https:\/\/www.festivox.fr\/blog\/#organization","name":"festivox","url":"https:\/\/www.festivox.fr\/blog\/","logo":{"@type":"ImageObject","inLanguage":"fr-FR","@id":"https:\/\/www.festivox.fr\/blog\/#\/schema\/logo\/image\/","url":"https:\/\/www.festivox.fr\/blog\/wp-content\/uploads\/2023\/06\/logo-2.png","contentUrl":"https:\/\/www.festivox.fr\/blog\/wp-content\/uploads\/2023\/06\/logo-2.png","width":480,"height":160,"caption":"festivox"},"image":{"@id":"https:\/\/www.festivox.fr\/blog\/#\/schema\/logo\/image\/"}},{"@type":"Person","@id":"https:\/\/www.festivox.fr\/blog\/#\/schema\/person\/f36a8b6bc94800c3eafed4bca993ce95","name":"Michele","image":{"@type":"ImageObject","inLanguage":"fr-FR","@id":"https:\/\/secure.gravatar.com\/avatar\/b062046536b5d47ec9075956ec349ef95ed06b0f910c578f74abb318668b702e?s=96&d=mm&r=g","url":"https:\/\/secure.gravatar.com\/avatar\/b062046536b5d47ec9075956ec349ef95ed06b0f910c578f74abb318668b702e?s=96&d=mm&r=g","contentUrl":"https:\/\/secure.gravatar.com\/avatar\/b062046536b5d47ec9075956ec349ef95ed06b0f910c578f74abb318668b702e?s=96&d=mm&r=g","caption":"Michele"},"sameAs":["https:\/\/www.festivox.fr\/blog"],"url":"https:\/\/www.festivox.fr\/blog\/author\/voxadmin\/"}]}},"_links":{"self":[{"href":"https:\/\/www.festivox.fr\/blog\/wp-json\/wp\/v2\/posts\/789","targetHints":{"allow":["GET"]}}],"collection":[{"href":"https:\/\/www.festivox.fr\/blog\/wp-json\/wp\/v2\/posts"}],"about":[{"href":"https:\/\/www.festivox.fr\/blog\/wp-json\/wp\/v2\/types\/post"}],"author":[{"embeddable":true,"href":"https:\/\/www.festivox.fr\/blog\/wp-json\/wp\/v2\/users\/1"}],"replies":[{"embeddable":true,"href":"https:\/\/www.festivox.fr\/blog\/wp-json\/wp\/v2\/comments?post=789"}],"version-history":[{"count":0,"href":"https:\/\/www.festivox.fr\/blog\/wp-json\/wp\/v2\/posts\/789\/revisions"}],"wp:featuredmedia":[{"embeddable":true,"href":"https:\/\/www.festivox.fr\/blog\/wp-json\/wp\/v2\/media\/790"}],"wp:attachment":[{"href":"https:\/\/www.festivox.fr\/blog\/wp-json\/wp\/v2\/media?parent=789"}],"wp:term":[{"taxonomy":"category","embeddable":true,"href":"https:\/\/www.festivox.fr\/blog\/wp-json\/wp\/v2\/categories?post=789"},{"taxonomy":"post_tag","embeddable":true,"href":"https:\/\/www.festivox.fr\/blog\/wp-json\/wp\/v2\/tags?post=789"}],"curies":[{"name":"wp","href":"https:\/\/api.w.org\/{rel}","templated":true}]}}