{"id":764,"date":"2024-03-31T11:56:00","date_gmt":"2024-03-31T09:56:00","guid":{"rendered":"https:\/\/www.festivox.fr\/blog\/de-quoi-est-mort-le-chanteur-claude-nougaro\/"},"modified":"2024-03-31T11:56:00","modified_gmt":"2024-03-31T09:56:00","slug":"de-quoi-est-mort-le-chanteur-claude-nougaro","status":"publish","type":"post","link":"https:\/\/www.festivox.fr\/blog\/de-quoi-est-mort-le-chanteur-claude-nougaro\/","title":{"rendered":"De quoi est mort le chanteur Claude Nougaro"},"content":{"rendered":"\n<div>\n<p>Claude Nougaro \u00e9tait un grand chanteur, connu pour de nombreuses musiques fran\u00e7aises. Malheureusement, ce dernier nous a quitt\u00e9 le 4 mars 2004. D\u00e9couvrez de quoi Claude Nougaro est mort.<\/p>\n<\/div>\n<div id=\"player\" data-ads-core=\"{&quot;playerId&quot;: &quot;x7oql&quot;, &quot;playerName&quot;: &quot;Ohmymag FR - Player Leader Autoplay&quot;, &quot;playerProvider&quot;: &quot;Dailymotion&quot;, &quot;playerVideoId&quot;: &quot;k4sShCWUDlH4MpxHHcO&quot;, &quot;playerPosition&quot;: &quot;Leader&quot;, &quot;playerPartner&quot;: &quot;&quot; }\" data-embed=\"default\">\n<figure class=\"post-figure\"><img decoding=\"async\" alt=\"De quoi est mort le chanteur Claude Nougaro ?\" class=\"post-figure__img\" src=\"https:\/\/www.festivox.fr\/blog\/wp-content\/uploads\/2024\/03\/de-quoi-est-mort-le-chanteur-claude-nougaro.jpg\"><\/p>\n<p>\u00a9 Keystone\/ Intermittent- Getty Images<\/p><figcaption class=\"post-figure__title\">De quoi est mort le chanteur Claude Nougaro ?<\/figcaption><\/figure>\n<\/div>\n<div>\n<p><button class=\"bookmark-bar__button bookmark-bar__button--readitlater\" type=\"button\" data-bookmark-button data-bookmark-type=\"readitlater\" data-bookmark-status=\"false\" data-id=\"164172\" data-content-path=\"https:\/\/www.ohmymag.com\/people\/de-quoi-est-mort-le-chanteur-claude-nougaro_art164172.html\"><span class=\"bookmark-status-save\">\u00c0 lire plus tard<\/span><span class=\"bookmark-status-saved\">Sauvegard\u00e9<\/span><\/button><button class=\"bookmark-bar__button bookmark-bar__button--follow\" type=\"button\" data-bookmark-button data-bookmark-type=\"follow\" data-bookmark-status=\"false\" data-id=\"chanteur\" data-content-path=\"https:\/\/www.ohmymag.com\/tag\/chanteur\"><span class=\"bookmark-status-save\">Suivre #chanteur<\/span><span class=\"bookmark-status-saved\">#chanteur Suivi<\/span><\/button><\/p>\n<\/div>\n<div>\n<p class=\"first-paragraph\">N\u00e9 le 9 septembre 1929, <strong>Claude Nougaro \u00e9tait un auteur, compositeur, interpr\u00e8te mais \u00e9galement un po\u00e8te fran\u00e7ais<\/strong>. Passionn\u00e9 de chanson, il adorait par-dessus tout le jazz, la musique latine et africaine.<\/p>\n<div id=\"post-podcast\">\n<p class=\"post-podcast-title\">D\u00e9couvrir notre dernier podcast<\/p>\n<\/div>\n<p>Aujourd&rsquo;hui, <strong>cela fait maintenant plus de 20 ans que Claude Nougaro a rejoint les \u00e9toiles<\/strong>. D\u00e9couvrez donc de quoi est mort l&rsquo;interpr\u00e8te de <em>Tu verras, Toulouse, Armstrong, C\u00e9cile ma fille<\/em> ou encore <em>\u00c0 bout de souffle<\/em>.<\/p>\n<h2 id=\"61r46\">Qui est Claude Nougaro ?<\/h2>\n<p>Claude Nougaro na\u00eet le 9 septembre 1929, dans la ville de Toulouse. Et on peut dire que <strong>la passion de ce dernier pour la chanson n&rsquo;est pas du tout un hasard<\/strong>. En effet, son p\u00e8re, Pierre Nougaro, \u00e9tait un chanteur \u00e0 l&rsquo;<a href=\"https:\/\/www.ohmymag.com\/news\/societe\/opera-de-paris-letablissement-refuse-la-candidature-dune-stagiaire-de-valeurs-actuelles-les-internautes-se-dechirent_art150662.html\" target=\"_blank\" rel=\"nofollow\">Op\u00e9ra de Paris<\/a> entre autres, et occupait la place de premier baryton.<\/p>\n<p>Mais ce n&rsquo;est pas tout, puisque sa grand-m\u00e8re aussi exer\u00e7ait dans le m\u00eame univers : elle chantait dans une chorale. C&rsquo;est d&rsquo;ailleurs avec ses grands-parents, Alexandre et C\u00e9cile, que ce dernier va grandir dans le quartier des Minimes.<\/p>\n<p>Concernant son \u00e9ducation, il \u00e9tudie au lyc\u00e9e Rollin \u00e0 Paris, puis dans un pensionnaire, \u00e0 l&rsquo;abbaye-\u00e9cole de Sor\u00e8ze. En 1947, <strong>il rate son baccalaur\u00e9at puis tente de faire carri\u00e8re dans le journalisme<\/strong> en travaillant pour un journal \u00e0 Vichy. En 1949, Claude Nougaro effectue son service militaire \u00e0 Rabat, au Maroc. Par la suite, il travaillera en Alg\u00e9rie, pour le journal <em>La D\u00e9p\u00eache de Constantine<\/em>.<\/p>\n<p>Lorsqu&rsquo;il revient chez ses parents, \u00e0 Paris, il commence \u00e0 <strong>collaborer avec Marcel Amont pour lequel il \u00e9crit des chansons<\/strong> comme <em>Le barbier de S\u00e9ville<\/em> ou encore <em>Le balayeur du roi<\/em>, mais \u00e9galement pour Philippe Clay, pour lequel il a notamment \u00e9crit <em>Joseph<\/em> et <em>La Sentinelle<\/em>.<\/p>\n<figure data-type=\"media\" data-key=\"boii2\" data-site=\"Instagram\">\n<blockquote class=\"instagram-media\" data-instgrm-captioned data-instgrm-permalink=\"https:\/\/www.instagram.com\/p\/C4EfDmfN1Zk\/?utm_source=ig_embed&amp;utm_campaign=loading\" data-instgrm-version=\"14\"><\/blockquote>\n<\/figure>\n<h2 id=\"90sr6\">Claude Nougaro, une carri\u00e8re dans la musique<\/h2>\n<p><strong>Il commence sa carri\u00e8re sur sc\u00e8ne en 1954 en r\u00e9citant ses po\u00e8mes dans le cabaret parisien de Montmartre<\/strong> nomm\u00e9 <em>Lapin Agile<\/em>. Il continue de se produire dans plusieurs cabarets, \u00e9crit pour plusieurs chanteurs, et <strong>envoie m\u00eame ses textes \u00e0 Marguerite Monnot, la compositrice d&rsquo;<\/strong><a href=\"https:\/\/www.ohmymag.com\/news\/edith-piaf-lhistoire-derriere-sa-mythique-chanson_art113445.html\" target=\"_blank\" rel=\"nofollow\"><strong>\u00c9dith Piaf<\/strong><\/a>. Son nom commence \u00e0 se faire conna\u00eetre : il fait les premi\u00e8res parties des concerts de <a href=\"https:\/\/www.ohmymag.com\/people\/actu-people\/dalida-et-francois-mitterrand-une-histoire-damour-secrete_art109339.html\" target=\"_blank\" rel=\"nofollow\">Dalida<\/a>.<\/p>\n<p>Toutefois, <strong>ce n&rsquo;est qu&rsquo;en 1962 que Claude Nougaro rencontre le succ\u00e8s<\/strong>, avec les chansons <em>Une petite fille<\/em> et <em>C\u00e9cile ma fille<\/em>. C&rsquo;est avec lui que le jazz commence \u00e0 faire ses premiers pas dans la chanson fran\u00e7aise. Il compose alors de plus en plus de chansons : <em>Les Mains d&rsquo;une femme dans la farine<\/em>, <em>Les Petits Bruns et les Grands Blonds<\/em>, <em>Le Cin\u00e9ma<\/em>, <em>Chanson pour Marilyn<\/em>, <em>le Jazz et la Java, <\/em>etc.<\/p>\n<p><strong>Claude Nougaro devient alors une r\u00e9f\u00e9rence du jazz fran\u00e7ais<\/strong> et collabore d\u00e9sormais avec des dizaines et des dizaines d&rsquo;artistes : Eddy Louiss, Pierre Michelor, Elek Bacsik, Michel Gaudry, Jean-Claude Vannier, Roger Gu\u00e9rin, Bernard Lubat, etc.<\/p>\n<p>En 1968, il \u00e9crit <em>Paris Mai<\/em>, en r\u00e9f\u00e9rence aux \u00e9v\u00e8nements de Mai 68. Par la suite, il sort les titres <em>Armstrong, Petit Taureau<\/em> et <em>Toulouse<\/em> qui sont, aujourd&rsquo;hui, <strong>devenus des classiques de Claude Nougaro<\/strong>.<\/p>\n<p>En 1971, on peut notamment le retrouver dans le film de Jacques Baratier, <em>La Ville bidon<\/em>.<\/p>\n<p>Parmi tous ses succ\u00e8s, on peut compter les musiques <em>Un grain de folie, Dansez sur moi, Plume d&rsquo;ange, l&rsquo;\u00cele de R\u00e9, Assez, Tu verras<\/em>, <em>Nougayork,<\/em> etc. Cette derni\u00e8re chanson est d&rsquo;ailleurs r\u00e9compens\u00e9e par les Victoires de la musique de 1988.<\/p>\n<p>Des albums entiers conna\u00eetront \u00e9galement un succ\u00e8s retentissant \u00e0 l&rsquo;instar de <em>Chansongs<\/em>, <em>L&rsquo;Enfant phare<\/em> et enfin, son dernier album studio abouti, <em>Embarquement<\/em><em>imm\u00e9diat<\/em>.<\/p>\n<figure data-type=\"media\" data-key=\"f7g17\" data-site=\"Instagram\">\n<blockquote class=\"instagram-media\" data-instgrm-captioned data-instgrm-permalink=\"https:\/\/www.instagram.com\/reel\/C4FnuKMN_ax\/?utm_source=ig_embed&amp;utm_campaign=loading\" data-instgrm-version=\"14\"><\/blockquote>\n<\/figure>\n<h2 id=\"lrnb\">De quoi est mort Claude Nougaro ?<\/h2>\n<p>Claude Nougaro, ce grand auteur, interpr\u00e8te, et compositeur <strong>s&rsquo;\u00e9teint finalement le 4 mars 2004 \u00e0 l&rsquo;\u00e2ge de 74 ans<\/strong>, dans le 5e arrondissement de Paris. En effet, ce dernier <strong>souffrait depuis plusieurs ann\u00e9es d\u00e9j\u00e0 d&rsquo;un <\/strong><a href=\"https:\/\/www.ohmymag.com\/news\/karl-lagerfeld-n-est-pas-mort-d-un-cancer-du-pancreas-son-ancien-garde-du-corps-devoile-la-vraie-raison_art132309.html\" target=\"_blank\" rel=\"nofollow\"><strong>cancer du pancr\u00e9as<\/strong><\/a> qui l&rsquo;avait fortement affaibli. Lorsqu&rsquo;il se marie avec sa quatri\u00e8me \u00e9pouse, H\u00e9l\u00e8ne, en 1984, il souffre d\u00e9j\u00e0 de sa maladie. Par la suite, plusieurs spectacles et repr\u00e9sentations avaient \u00e9t\u00e9 annul\u00e9s.<\/p>\n<p>Ses obs\u00e8ques sont finalement c\u00e9l\u00e9br\u00e9es \u00e0 Toulouse dans la basilique Saint-Sermin. Ses cendres sont dispers\u00e9es dans la Garonne.<\/p>\n<p><strong>\u00c0 lire aussi :<\/strong><\/p>\n<p>\u22d9 <a href=\"https:\/\/www.ohmymag.com\/people\/actu-people\/deces-de-david-soul-starsky-et-hutch-de-quoi-est-mort-lacteur-culte_art162935.html\" target=\"_blank\" rel=\"nofollow\">D\u00e9c\u00e8s de David Soul (Starsky et Hutch) : de quoi est mort l&rsquo;acteur culte ?<\/a><\/p>\n<p>\u22d9 <a href=\"https:\/\/www.ohmymag.com\/people\/actu-people\/deces-de-suzanne-somers-de-quoi-est-morte-la-star-de-notre-belle-famille_art161483.html\" target=\"_blank\" rel=\"nofollow\">D\u00e9c\u00e8s de Suzanne Somers : de quoi est morte la star de Notre Belle Famille ? <\/a><\/p>\n<p>\u22d9 <a href=\"https:\/\/www.ohmymag.com\/people\/actu-people\/deces-de-jose-sebelour-de-quoi-est-mort-le-chanteur-de-la-compagnie-creole_art160628.html\" target=\"_blank\" rel=\"nofollow\">D\u00e9c\u00e8s de Jos\u00e9 S\u00e9b\u00e9lou\u00e9 : de quoi est mort le chanteur de la Compagnie Cr\u00e9ole ?<\/a><\/p>\n<p>\u22d9 <a href=\"https:\/\/www.ohmymag.com\/people\/actu-people\/deces-de-ray-stevenson-a-58-ans-de-quoi-est-mort-lacteur-de-thor-et-divergente_art158696.html\" target=\"_blank\" rel=\"nofollow\">D\u00e9c\u00e8s de Ray Stevenson \u00e0 58 ans : de quoi est mort l&rsquo;acteur de \u00ab\u00a0Thor\u00a0\u00bb et \u00ab\u00a0Divergente\u00a0\u00bb ?<\/a><\/p>\n<p>\u22d9 <a href=\"https:\/\/www.ohmymag.com\/people\/actu-people\/deces-de-moonbin-star-de-la-k-pop-et-membre-du-groupe-astro-a-25-ans-de-quoi-est-il-mort_art158040.html\" target=\"_blank\" rel=\"nofollow\">D\u00e9c\u00e8s de Moonbin, star de la K-pop et membre du groupe Astro, \u00e0 25 ans : de quoi est-il mort ?<\/a><\/p>\n<\/div>\n<p> Cet article, qui traite du th\u00e8me \u00ab\u00a0Festival Jazz et musique en mode guinguette\u00a0\u00bb, vous est d\u00e9lib\u00e9r\u00e9ment offert par festivox.fr. La raison d\u2019\u00eatre de festivox.fr est de parler de Festival Jazz et musique en mode guinguette dans la transparence la plus g\u00e9n\u00e9rale en vous procurant la visibilit\u00e9 de tout ce qui est publi\u00e9 sur ce sujet sur le web La chronique a \u00e9t\u00e9 g\u00e9n\u00e9r\u00e9e de la mani\u00e8re la plus honn\u00eate que possible. S\u2019il advenait que vous projetez d\u2019apporter quelques notes concernant le domaine de \u00ab\u00a0Festival Jazz et musique en mode guinguette\u00a0\u00bb vous avez la possibilit\u00e9 de d&rsquo;\u00e9changer avec notre r\u00e9daction. Dans peu de temps, on mettra en ligne d&rsquo;autres informations pertinentes autour du sujet \u00ab\u00a0Festival Jazz et musique en mode guinguette\u00a0\u00bb. Ainsi, consultez r\u00e9guli\u00e8rement notre site.<\/p>\n","protected":false},"excerpt":{"rendered":"<p>Claude Nougaro \u00e9tait un grand chanteur, connu pour de nombreuses musiques fran\u00e7aises. Malheureusement, ce dernier nous a quitt\u00e9 le 4 mars 2004. D\u00e9couvrez de quoi Claude Nougaro est mort. \u00a9 Keystone\/ Intermittent- Getty ImagesDe quoi est mort le chanteur Claude Nougaro ? \u00c0 lire plus tardSauvegard\u00e9Suivre #chanteur#chanteur Suivi N\u00e9 le 9 septembre 1929, Claude Nougaro&hellip;<\/p>\n","protected":false},"author":1,"featured_media":765,"comment_status":"closed","ping_status":"closed","sticky":false,"template":"","format":"standard","meta":{"footnotes":""},"categories":[3],"tags":[],"class_list":["post-764","post","type-post","status-publish","format-standard","has-post-thumbnail","hentry","category-wiki-sur-festival-jazz-et-musique-en-mode-guinguette"],"yoast_head":"<!-- This site is optimized with the Yoast SEO plugin v27.5 - https:\/\/yoast.com\/product\/yoast-seo-wordpress\/ -->\n<title>De quoi est mort le chanteur Claude Nougaro - FESTIVOX<\/title>\n<meta name=\"robots\" content=\"index, follow, max-snippet:-1, max-image-preview:large, max-video-preview:-1\" \/>\n<link rel=\"canonical\" href=\"https:\/\/www.festivox.fr\/blog\/de-quoi-est-mort-le-chanteur-claude-nougaro\/\" \/>\n<meta property=\"og:locale\" content=\"fr_FR\" \/>\n<meta property=\"og:type\" content=\"article\" \/>\n<meta property=\"og:title\" content=\"De quoi est mort le chanteur Claude Nougaro - FESTIVOX\" \/>\n<meta property=\"og:description\" content=\"Claude Nougaro \u00e9tait un grand chanteur, connu pour de nombreuses musiques fran\u00e7aises. Malheureusement, ce dernier nous a quitt\u00e9 le 4 mars 2004. D\u00e9couvrez de quoi Claude Nougaro est mort. \u00a9 Keystone\/ Intermittent- Getty ImagesDe quoi est mort le chanteur Claude Nougaro ? \u00c0 lire plus tardSauvegard\u00e9Suivre #chanteur#chanteur Suivi N\u00e9 le 9 septembre 1929, Claude Nougaro&hellip;\" \/>\n<meta property=\"og:url\" content=\"https:\/\/www.festivox.fr\/blog\/de-quoi-est-mort-le-chanteur-claude-nougaro\/\" \/>\n<meta property=\"og:site_name\" content=\"FESTIVOX\" \/>\n<meta property=\"article:published_time\" content=\"2024-03-31T09:56:00+00:00\" \/>\n<meta property=\"og:image\" content=\"https:\/\/www.festivox.fr\/blog\/wp-content\/uploads\/2024\/03\/de-quoi-est-mort-le-chanteur-claude-nougaro.jpg\" \/>\n<meta name=\"author\" content=\"Michele\" \/>\n<meta name=\"twitter:card\" content=\"summary_large_image\" \/>\n<meta name=\"twitter:label1\" content=\"\u00c9crit par\" \/>\n\t<meta name=\"twitter:data1\" content=\"Michele\" \/>\n\t<meta name=\"twitter:label2\" content=\"Dur\u00e9e de lecture estim\u00e9e\" \/>\n\t<meta name=\"twitter:data2\" content=\"5 minutes\" \/>\n<script type=\"application\/ld+json\" class=\"yoast-schema-graph\">{\"@context\":\"https:\\\/\\\/schema.org\",\"@graph\":[{\"@type\":\"Article\",\"@id\":\"https:\\\/\\\/www.festivox.fr\\\/blog\\\/de-quoi-est-mort-le-chanteur-claude-nougaro\\\/#article\",\"isPartOf\":{\"@id\":\"https:\\\/\\\/www.festivox.fr\\\/blog\\\/de-quoi-est-mort-le-chanteur-claude-nougaro\\\/\"},\"author\":{\"name\":\"Michele\",\"@id\":\"https:\\\/\\\/www.festivox.fr\\\/blog\\\/#\\\/schema\\\/person\\\/f36a8b6bc94800c3eafed4bca993ce95\"},\"headline\":\"De quoi est mort le chanteur Claude Nougaro\",\"datePublished\":\"2024-03-31T09:56:00+00:00\",\"mainEntityOfPage\":{\"@id\":\"https:\\\/\\\/www.festivox.fr\\\/blog\\\/de-quoi-est-mort-le-chanteur-claude-nougaro\\\/\"},\"wordCount\":981,\"publisher\":{\"@id\":\"https:\\\/\\\/www.festivox.fr\\\/blog\\\/#organization\"},\"image\":{\"@id\":\"https:\\\/\\\/www.festivox.fr\\\/blog\\\/de-quoi-est-mort-le-chanteur-claude-nougaro\\\/#primaryimage\"},\"thumbnailUrl\":\"https:\\\/\\\/www.festivox.fr\\\/blog\\\/wp-content\\\/uploads\\\/2024\\\/03\\\/de-quoi-est-mort-le-chanteur-claude-nougaro.jpg\",\"articleSection\":[\"Wiki Sur Festival Jazz Et Musique En Mode Guinguette:\"],\"inLanguage\":\"fr-FR\"},{\"@type\":\"WebPage\",\"@id\":\"https:\\\/\\\/www.festivox.fr\\\/blog\\\/de-quoi-est-mort-le-chanteur-claude-nougaro\\\/\",\"url\":\"https:\\\/\\\/www.festivox.fr\\\/blog\\\/de-quoi-est-mort-le-chanteur-claude-nougaro\\\/\",\"name\":\"De quoi est mort le chanteur Claude Nougaro - FESTIVOX\",\"isPartOf\":{\"@id\":\"https:\\\/\\\/www.festivox.fr\\\/blog\\\/#website\"},\"primaryImageOfPage\":{\"@id\":\"https:\\\/\\\/www.festivox.fr\\\/blog\\\/de-quoi-est-mort-le-chanteur-claude-nougaro\\\/#primaryimage\"},\"image\":{\"@id\":\"https:\\\/\\\/www.festivox.fr\\\/blog\\\/de-quoi-est-mort-le-chanteur-claude-nougaro\\\/#primaryimage\"},\"thumbnailUrl\":\"https:\\\/\\\/www.festivox.fr\\\/blog\\\/wp-content\\\/uploads\\\/2024\\\/03\\\/de-quoi-est-mort-le-chanteur-claude-nougaro.jpg\",\"datePublished\":\"2024-03-31T09:56:00+00:00\",\"breadcrumb\":{\"@id\":\"https:\\\/\\\/www.festivox.fr\\\/blog\\\/de-quoi-est-mort-le-chanteur-claude-nougaro\\\/#breadcrumb\"},\"inLanguage\":\"fr-FR\",\"potentialAction\":[{\"@type\":\"ReadAction\",\"target\":[\"https:\\\/\\\/www.festivox.fr\\\/blog\\\/de-quoi-est-mort-le-chanteur-claude-nougaro\\\/\"]}]},{\"@type\":\"ImageObject\",\"inLanguage\":\"fr-FR\",\"@id\":\"https:\\\/\\\/www.festivox.fr\\\/blog\\\/de-quoi-est-mort-le-chanteur-claude-nougaro\\\/#primaryimage\",\"url\":\"https:\\\/\\\/www.festivox.fr\\\/blog\\\/wp-content\\\/uploads\\\/2024\\\/03\\\/de-quoi-est-mort-le-chanteur-claude-nougaro.jpg\",\"contentUrl\":\"https:\\\/\\\/www.festivox.fr\\\/blog\\\/wp-content\\\/uploads\\\/2024\\\/03\\\/de-quoi-est-mort-le-chanteur-claude-nougaro.jpg\",\"width\":640,\"height\":360},{\"@type\":\"BreadcrumbList\",\"@id\":\"https:\\\/\\\/www.festivox.fr\\\/blog\\\/de-quoi-est-mort-le-chanteur-claude-nougaro\\\/#breadcrumb\",\"itemListElement\":[{\"@type\":\"ListItem\",\"position\":1,\"name\":\"Accueil\",\"item\":\"https:\\\/\\\/www.festivox.fr\\\/blog\\\/\"},{\"@type\":\"ListItem\",\"position\":2,\"name\":\"De quoi est mort le chanteur Claude Nougaro\"}]},{\"@type\":\"WebSite\",\"@id\":\"https:\\\/\\\/www.festivox.fr\\\/blog\\\/#website\",\"url\":\"https:\\\/\\\/www.festivox.fr\\\/blog\\\/\",\"name\":\"FESTIVOX\",\"description\":\"Festival en mode guinguette.\",\"publisher\":{\"@id\":\"https:\\\/\\\/www.festivox.fr\\\/blog\\\/#organization\"},\"potentialAction\":[{\"@type\":\"SearchAction\",\"target\":{\"@type\":\"EntryPoint\",\"urlTemplate\":\"https:\\\/\\\/www.festivox.fr\\\/blog\\\/?s={search_term_string}\"},\"query-input\":{\"@type\":\"PropertyValueSpecification\",\"valueRequired\":true,\"valueName\":\"search_term_string\"}}],\"inLanguage\":\"fr-FR\"},{\"@type\":\"Organization\",\"@id\":\"https:\\\/\\\/www.festivox.fr\\\/blog\\\/#organization\",\"name\":\"festivox\",\"url\":\"https:\\\/\\\/www.festivox.fr\\\/blog\\\/\",\"logo\":{\"@type\":\"ImageObject\",\"inLanguage\":\"fr-FR\",\"@id\":\"https:\\\/\\\/www.festivox.fr\\\/blog\\\/#\\\/schema\\\/logo\\\/image\\\/\",\"url\":\"https:\\\/\\\/www.festivox.fr\\\/blog\\\/wp-content\\\/uploads\\\/2023\\\/06\\\/logo-2.png\",\"contentUrl\":\"https:\\\/\\\/www.festivox.fr\\\/blog\\\/wp-content\\\/uploads\\\/2023\\\/06\\\/logo-2.png\",\"width\":480,\"height\":160,\"caption\":\"festivox\"},\"image\":{\"@id\":\"https:\\\/\\\/www.festivox.fr\\\/blog\\\/#\\\/schema\\\/logo\\\/image\\\/\"}},{\"@type\":\"Person\",\"@id\":\"https:\\\/\\\/www.festivox.fr\\\/blog\\\/#\\\/schema\\\/person\\\/f36a8b6bc94800c3eafed4bca993ce95\",\"name\":\"Michele\",\"image\":{\"@type\":\"ImageObject\",\"inLanguage\":\"fr-FR\",\"@id\":\"https:\\\/\\\/secure.gravatar.com\\\/avatar\\\/b062046536b5d47ec9075956ec349ef95ed06b0f910c578f74abb318668b702e?s=96&d=mm&r=g\",\"url\":\"https:\\\/\\\/secure.gravatar.com\\\/avatar\\\/b062046536b5d47ec9075956ec349ef95ed06b0f910c578f74abb318668b702e?s=96&d=mm&r=g\",\"contentUrl\":\"https:\\\/\\\/secure.gravatar.com\\\/avatar\\\/b062046536b5d47ec9075956ec349ef95ed06b0f910c578f74abb318668b702e?s=96&d=mm&r=g\",\"caption\":\"Michele\"},\"sameAs\":[\"https:\\\/\\\/www.festivox.fr\\\/blog\"],\"url\":\"https:\\\/\\\/www.festivox.fr\\\/blog\\\/author\\\/voxadmin\\\/\"}]}<\/script>\n<!-- \/ Yoast SEO plugin. -->","yoast_head_json":{"title":"De quoi est mort le chanteur Claude Nougaro - FESTIVOX","robots":{"index":"index","follow":"follow","max-snippet":"max-snippet:-1","max-image-preview":"max-image-preview:large","max-video-preview":"max-video-preview:-1"},"canonical":"https:\/\/www.festivox.fr\/blog\/de-quoi-est-mort-le-chanteur-claude-nougaro\/","og_locale":"fr_FR","og_type":"article","og_title":"De quoi est mort le chanteur Claude Nougaro - FESTIVOX","og_description":"Claude Nougaro \u00e9tait un grand chanteur, connu pour de nombreuses musiques fran\u00e7aises. Malheureusement, ce dernier nous a quitt\u00e9 le 4 mars 2004. D\u00e9couvrez de quoi Claude Nougaro est mort. \u00a9 Keystone\/ Intermittent- Getty ImagesDe quoi est mort le chanteur Claude Nougaro ? \u00c0 lire plus tardSauvegard\u00e9Suivre #chanteur#chanteur Suivi N\u00e9 le 9 septembre 1929, Claude Nougaro&hellip;","og_url":"https:\/\/www.festivox.fr\/blog\/de-quoi-est-mort-le-chanteur-claude-nougaro\/","og_site_name":"FESTIVOX","article_published_time":"2024-03-31T09:56:00+00:00","og_image":[{"url":"https:\/\/www.festivox.fr\/blog\/wp-content\/uploads\/2024\/03\/de-quoi-est-mort-le-chanteur-claude-nougaro.jpg","type":"","width":"","height":""}],"author":"Michele","twitter_card":"summary_large_image","twitter_misc":{"\u00c9crit par":"Michele","Dur\u00e9e de lecture estim\u00e9e":"5 minutes"},"schema":{"@context":"https:\/\/schema.org","@graph":[{"@type":"Article","@id":"https:\/\/www.festivox.fr\/blog\/de-quoi-est-mort-le-chanteur-claude-nougaro\/#article","isPartOf":{"@id":"https:\/\/www.festivox.fr\/blog\/de-quoi-est-mort-le-chanteur-claude-nougaro\/"},"author":{"name":"Michele","@id":"https:\/\/www.festivox.fr\/blog\/#\/schema\/person\/f36a8b6bc94800c3eafed4bca993ce95"},"headline":"De quoi est mort le chanteur Claude Nougaro","datePublished":"2024-03-31T09:56:00+00:00","mainEntityOfPage":{"@id":"https:\/\/www.festivox.fr\/blog\/de-quoi-est-mort-le-chanteur-claude-nougaro\/"},"wordCount":981,"publisher":{"@id":"https:\/\/www.festivox.fr\/blog\/#organization"},"image":{"@id":"https:\/\/www.festivox.fr\/blog\/de-quoi-est-mort-le-chanteur-claude-nougaro\/#primaryimage"},"thumbnailUrl":"https:\/\/www.festivox.fr\/blog\/wp-content\/uploads\/2024\/03\/de-quoi-est-mort-le-chanteur-claude-nougaro.jpg","articleSection":["Wiki Sur Festival Jazz Et Musique En Mode Guinguette:"],"inLanguage":"fr-FR"},{"@type":"WebPage","@id":"https:\/\/www.festivox.fr\/blog\/de-quoi-est-mort-le-chanteur-claude-nougaro\/","url":"https:\/\/www.festivox.fr\/blog\/de-quoi-est-mort-le-chanteur-claude-nougaro\/","name":"De quoi est mort le chanteur Claude Nougaro - FESTIVOX","isPartOf":{"@id":"https:\/\/www.festivox.fr\/blog\/#website"},"primaryImageOfPage":{"@id":"https:\/\/www.festivox.fr\/blog\/de-quoi-est-mort-le-chanteur-claude-nougaro\/#primaryimage"},"image":{"@id":"https:\/\/www.festivox.fr\/blog\/de-quoi-est-mort-le-chanteur-claude-nougaro\/#primaryimage"},"thumbnailUrl":"https:\/\/www.festivox.fr\/blog\/wp-content\/uploads\/2024\/03\/de-quoi-est-mort-le-chanteur-claude-nougaro.jpg","datePublished":"2024-03-31T09:56:00+00:00","breadcrumb":{"@id":"https:\/\/www.festivox.fr\/blog\/de-quoi-est-mort-le-chanteur-claude-nougaro\/#breadcrumb"},"inLanguage":"fr-FR","potentialAction":[{"@type":"ReadAction","target":["https:\/\/www.festivox.fr\/blog\/de-quoi-est-mort-le-chanteur-claude-nougaro\/"]}]},{"@type":"ImageObject","inLanguage":"fr-FR","@id":"https:\/\/www.festivox.fr\/blog\/de-quoi-est-mort-le-chanteur-claude-nougaro\/#primaryimage","url":"https:\/\/www.festivox.fr\/blog\/wp-content\/uploads\/2024\/03\/de-quoi-est-mort-le-chanteur-claude-nougaro.jpg","contentUrl":"https:\/\/www.festivox.fr\/blog\/wp-content\/uploads\/2024\/03\/de-quoi-est-mort-le-chanteur-claude-nougaro.jpg","width":640,"height":360},{"@type":"BreadcrumbList","@id":"https:\/\/www.festivox.fr\/blog\/de-quoi-est-mort-le-chanteur-claude-nougaro\/#breadcrumb","itemListElement":[{"@type":"ListItem","position":1,"name":"Accueil","item":"https:\/\/www.festivox.fr\/blog\/"},{"@type":"ListItem","position":2,"name":"De quoi est mort le chanteur Claude Nougaro"}]},{"@type":"WebSite","@id":"https:\/\/www.festivox.fr\/blog\/#website","url":"https:\/\/www.festivox.fr\/blog\/","name":"FESTIVOX","description":"Festival en mode guinguette.","publisher":{"@id":"https:\/\/www.festivox.fr\/blog\/#organization"},"potentialAction":[{"@type":"SearchAction","target":{"@type":"EntryPoint","urlTemplate":"https:\/\/www.festivox.fr\/blog\/?s={search_term_string}"},"query-input":{"@type":"PropertyValueSpecification","valueRequired":true,"valueName":"search_term_string"}}],"inLanguage":"fr-FR"},{"@type":"Organization","@id":"https:\/\/www.festivox.fr\/blog\/#organization","name":"festivox","url":"https:\/\/www.festivox.fr\/blog\/","logo":{"@type":"ImageObject","inLanguage":"fr-FR","@id":"https:\/\/www.festivox.fr\/blog\/#\/schema\/logo\/image\/","url":"https:\/\/www.festivox.fr\/blog\/wp-content\/uploads\/2023\/06\/logo-2.png","contentUrl":"https:\/\/www.festivox.fr\/blog\/wp-content\/uploads\/2023\/06\/logo-2.png","width":480,"height":160,"caption":"festivox"},"image":{"@id":"https:\/\/www.festivox.fr\/blog\/#\/schema\/logo\/image\/"}},{"@type":"Person","@id":"https:\/\/www.festivox.fr\/blog\/#\/schema\/person\/f36a8b6bc94800c3eafed4bca993ce95","name":"Michele","image":{"@type":"ImageObject","inLanguage":"fr-FR","@id":"https:\/\/secure.gravatar.com\/avatar\/b062046536b5d47ec9075956ec349ef95ed06b0f910c578f74abb318668b702e?s=96&d=mm&r=g","url":"https:\/\/secure.gravatar.com\/avatar\/b062046536b5d47ec9075956ec349ef95ed06b0f910c578f74abb318668b702e?s=96&d=mm&r=g","contentUrl":"https:\/\/secure.gravatar.com\/avatar\/b062046536b5d47ec9075956ec349ef95ed06b0f910c578f74abb318668b702e?s=96&d=mm&r=g","caption":"Michele"},"sameAs":["https:\/\/www.festivox.fr\/blog"],"url":"https:\/\/www.festivox.fr\/blog\/author\/voxadmin\/"}]}},"_links":{"self":[{"href":"https:\/\/www.festivox.fr\/blog\/wp-json\/wp\/v2\/posts\/764","targetHints":{"allow":["GET"]}}],"collection":[{"href":"https:\/\/www.festivox.fr\/blog\/wp-json\/wp\/v2\/posts"}],"about":[{"href":"https:\/\/www.festivox.fr\/blog\/wp-json\/wp\/v2\/types\/post"}],"author":[{"embeddable":true,"href":"https:\/\/www.festivox.fr\/blog\/wp-json\/wp\/v2\/users\/1"}],"replies":[{"embeddable":true,"href":"https:\/\/www.festivox.fr\/blog\/wp-json\/wp\/v2\/comments?post=764"}],"version-history":[{"count":0,"href":"https:\/\/www.festivox.fr\/blog\/wp-json\/wp\/v2\/posts\/764\/revisions"}],"wp:featuredmedia":[{"embeddable":true,"href":"https:\/\/www.festivox.fr\/blog\/wp-json\/wp\/v2\/media\/765"}],"wp:attachment":[{"href":"https:\/\/www.festivox.fr\/blog\/wp-json\/wp\/v2\/media?parent=764"}],"wp:term":[{"taxonomy":"category","embeddable":true,"href":"https:\/\/www.festivox.fr\/blog\/wp-json\/wp\/v2\/categories?post=764"},{"taxonomy":"post_tag","embeddable":true,"href":"https:\/\/www.festivox.fr\/blog\/wp-json\/wp\/v2\/tags?post=764"}],"curies":[{"name":"wp","href":"https:\/\/api.w.org\/{rel}","templated":true}]}}