{"id":759,"date":"2024-03-29T07:40:00","date_gmt":"2024-03-29T06:40:00","guid":{"rendered":"https:\/\/www.festivox.fr\/blog\/jetais-en-train-de-jouer-au-poker-avec-johnny-et-revaux-michel-sardou-revient-sur-le-deces-de-son-pere-fernand\/"},"modified":"2024-03-29T07:40:00","modified_gmt":"2024-03-29T06:40:00","slug":"jetais-en-train-de-jouer-au-poker-avec-johnny-et-revaux-michel-sardou-revient-sur-le-deces-de-son-pere-fernand","status":"publish","type":"post","link":"https:\/\/www.festivox.fr\/blog\/jetais-en-train-de-jouer-au-poker-avec-johnny-et-revaux-michel-sardou-revient-sur-le-deces-de-son-pere-fernand\/","title":{"rendered":"\u00ab\u00a0J\u2019\u00e9tais en train de jouer au poker avec Johnny et Revaux\u00a0\u00bb : Michel Sardou revient sur le d\u00e9c\u00e8s de son p\u00e8re Fernand"},"content":{"rendered":"\n<div>\n<p class=\"articleContent-meta\"> Hier \u00e0 13:46 &#8211; par <span class=\"articleContent-metaAuthors\"> <a class=\"articleContent-metaAuthorsLink\" href=\"https:\/\/www.programme.tv\/auteur\/yoann-jenan\/\" target=\"_blank\" rel=\"nofollow\">Yoann Jenan<\/a> <\/span> <\/p>\n<div class=\"articleContent-socialCtas\">\n<p> <button class=\"cta secondary large socialShare-button\" aria-label=\"Partager sur X\" data-url=\"https:\/\/twitter.com\/intent\/tweet?url=\"> <span class=\"cta-content\">    Tweeter <\/span> <\/button> <button class=\"cta secondary large socialShare-button\" aria-label=\"Partager sur Facebook\" data-url=\"https:\/\/www.facebook.com\/sharer\/sharer.php?u=\"> <span class=\"cta-content\">    Partager sur Facebook <\/span> <\/button> <\/p>\n<\/p><\/div>\n<div class=\"articleContent-media\">\n<div class=\"playerDailymotion\" data-player-type=\"Leader\"> <img decoding=\"async\" src=\"https:\/\/www.festivox.fr\/blog\/wp-content\/uploads\/2024\/03\/jetais-en-train-de-jouer-au-poker-avec-johnny-et-revaux-michel-sardou-revient-sur-le-deces-de-son-pere-fernand.jpg\" alt=\"Player Video\" class=\"player-applyRatio poster exclude-seedtag\"> <\/div>\n<\/p><\/div>\n<div class=\"articleContent-lead defaultStyleContentTags\">\n<p>Le chanteur de <i>La Java de Broadway<\/i> se raconte longuement et intimement dans le documentaire <i>Sardou, autoportrait<\/i>, diffus\u00e9 ce vendredi 29 mars 2024 \u00e0 21h10 sur France 3. Il se souvient notamment des circonstances \u00e9tonnantes dans lesquelles il a appris la mort de son p\u00e8re Fernand. <\/p>\n<\/p><\/div>\n<div class=\"articleContent-ads ads-mobile\">\n<p>La suite sous cette publicit\u00e9<\/p>\n<div class=\"containerAds ads-paveHaut \" id=\"ads-74180384\">\n<p> <span class=\"ads-text\">Publicit\u00e9<\/span> <\/p>\n<\/p><\/div>\n<\/p><\/div>\n<div class=\"articleContent-body defaultStyleContentTags\">\n<p>Michel Sardou, c&rsquo;est la d\u00e9finition m\u00eame d&rsquo;un enfant de la balle. Il y a bien s\u00fbr <a href=\"https:\/\/www.programme.tv\/news\/actu\/202027-michel-sardou-se-confie-avec-emotion-sur-le-deces-de-sa-mere-video\/\" target=\"_blank\" rel=\"nofollow\">sa m\u00e8re, la gouailleuse danseuse et com\u00e9dienne Jackie<\/a>. Son p\u00e8re Fernand brillait de son c\u00f4t\u00e9 pour ses talents de chanteur et de acteur. Un milieu d&rsquo;artistes dont lequel il a baign\u00e9 depuis tout jeune. <i>Quatre jours \u00e0 Paris<\/i>, <i>Le Ch\u00f4meur de Clochemerle<\/i>, <i>Paris br\u00fble-t-il ?<\/i> : le futur monument de la chanson fran\u00e7aise a c\u00f4toy\u00e9 <a href=\"https:\/\/www.programme.tv\/news\/cinema\/224609-le-petit-monde-de-don-camillo-comment-ce-film-a-fait-de-fernandel-une-star-internationale\/\" target=\"_blank\" rel=\"nofollow\">des stars comme Fernandel<\/a> ou <a href=\"https:\/\/www.programme.tv\/news\/cinema\/217119-jean-louis-avait-tres-peur-de-la-mort-nadine-trintignant-bouleversante-revient-sur-les-derniers-jours-de-son-ex-mari\/\" target=\"_blank\" rel=\"nofollow\">Jean-Louis Trintignant<\/a>. Il se glisse fr\u00e9quemment dans les coulisses des films que ses parents tournent. C&rsquo;est ainsi qu&rsquo;il fait la connaissance de <a href=\"https:\/\/www.programme.tv\/news\/actu\/187366-lhommage-emouvant-de-michel-sardou-a-johnny-hallyday-et-son-combat-contre-la-maladie-video\/\" target=\"_blank\" rel=\"nofollow\">Johnny Hallyday<\/a>.<\/p>\n<h2 id=\"8o46q\">Quand Michel Sardou a-t-il rencontr\u00e9 Johnny Hallyday pour la premi\u00e8re fois ?<\/h2>\n<p>Nous sommes \u00e0 l&rsquo;\u00e9t\u00e9 1963. Fernand Sardou joue le r\u00f4le du sh\u00e9rif dans <i>D&rsquo;o\u00f9 viens-tu Johnny ?<\/i>, un western \u00e0 la fran\u00e7aise port\u00e9 par Johnny Hallyday. <i>\u00ab\u00a0Ils \u00e9taient devenus amis sur le tournage. Mon p\u00e8re m\u2019a demand\u00e9 si \u00e7a me ferait plaisir de le rencontrer. J\u2019\u00e9tais un fan \u00e9perdu de lui. J\u2019\u00e9tais comme un fou\u00a0\u00bb<\/i>, se rem\u00e9more l&rsquo;interpr\u00e8te de <i>Chanteur de jazz<\/i> dans le documentaire <i>Sardou, autoportrait<\/i>. Il pr\u00e9sente une chanson \u00e0 l&rsquo;idole des jeunes, <i>\u00ab\u00a0une nullit\u00e9\u00a0\u00bb<\/i>. Michel Sardou ajoute : <i>\u00ab\u00a0Johnny \u00e9tait tr\u00e8s gentil. Il a \u00e9cout\u00e9 et m&rsquo;a dit que ce n\u2019\u00e9tait pas vraiment pour lui. Puis il m&rsquo;a offert sa chemise noire de cow-boy, que j\u2019ai gard\u00e9e des ann\u00e9es\u00a0\u00bb<\/i>. Le gar\u00e7on de 16 ans ignore encore qu&rsquo;ils deviendront de bons amis. Moins de dix ans apr\u00e8s leur premi\u00e8re rencontre, ils chantent en duo <i>La musique que j\u2019aime.<\/i> Avec Eddy Mitchell, Sylvie Vartan, ou encore Carlos, ils se croisent souvent en tourn\u00e9e ou sur les plateaux t\u00e9l\u00e9vis\u00e9s, et forment <i>\u00ab\u00a0une famille\u00a0\u00bb<\/i>.<\/p>\n<div class=\"ads-mobile\">\n<p>La suite sous cette publicit\u00e9<\/p>\n<div class=\"containerAds ads-paveHaut2 \" id=\"ads-549143224\">\n<p> <span class=\"ads-text\">Publicit\u00e9<\/span> <\/p>\n<\/p><\/div>\n<\/p><\/div>\n<div class=\"ads-tabletDesktop\">\n<div class=\"containerAds ads-paveHaut2Desktop \" id=\"ads-863776497\">\n<p> <span class=\"ads-text\">Publicit\u00e9<\/span> <\/p>\n<\/p><\/div>\n<\/p><\/div>\n<h2 id=\"ff3p4\">Le jour o\u00f9 Michel Sardou a appris la mort de son p\u00e8re Fernand au t\u00e9l\u00e9phone<\/h2>\n<p>En 1976, un drame personnel vient percuter de plein fouet Michel Sardou alors qu\u2019il passe justement un bon moment avec le rockeur pr\u00e9f\u00e9r\u00e9 des Fran\u00e7ais : <i>\u00ab\u00a0J\u2019\u00e9tais en train de jouer au poker avec Johnny, Revaux <\/i>(Jacques Revaux, compositeur de nombre de ses tubes, ndlr)<i>, et deux autres acolytes. Le t\u00e9l\u00e9phone a sonn\u00e9. C\u2019\u00e9tait un gendarme de Toulon. Il m&rsquo;a dit : &lsquo;Monsieur, j\u2019ai le regret de vous annoncer le d\u00e9c\u00e8s de votre p\u00e8re&rsquo;. Je lui ai demand\u00e9 comment il \u00e9tait mort, et il m\u2019a appris qu\u2019il \u00e9tait entr\u00e9 et mort sur sc\u00e8ne\u00a0\u00bb<\/i>. Il se souvient alors de sa r\u00e9action : <i>\u00ab\u00a0C\u2019est formidable, bravo l\u2019artiste, chapeau\u00a0\u00bb<\/i>. Le chanteur quitte ensuite ses comp\u00e8res, avant de prendre un avion avec sa m\u00e8re pour rejoindre la d\u00e9pouille de son papa. <i>\u00ab\u00a0Quelque chose m\u2019a saut\u00e9 aux yeux. Quand ils ont sorti son corps, pour que je vois mon p\u00e8re une derni\u00e8re fois, je l\u2019ai trouv\u00e9 tr\u00e8s repos\u00e9\u00a0\u00bb<\/i>, explique-t-il. Et Michel Sardou de conclure : \u00ab\u00a0<i>J\u2019ai eu le sentiment qu\u2019il n\u2019\u00e9tait plus l\u00e0, certes. Mais qu\u2019il \u00e9tait vraiment ailleurs. Appelez-\u00e7a comme vous voulez : l\u2019\u00e9ternit\u00e9 de l\u2019\u00e2me, la r\u00e9incarnation\u2026 J\u2019ai vraiment eu cette sensation\u00a0\u00bb<\/i>.<\/p>\n<div class=\"ads-mobile\">\n<p>La suite sous cette publicit\u00e9<\/p>\n<div class=\"containerAds ads-paveHaut2 \" id=\"ads-549143224\">\n<p> <span class=\"ads-text\">Publicit\u00e9<\/span> <\/p>\n<\/p><\/div>\n<\/p><\/div>\n<figure data-type=\"media\" data-key=\"cbd75\" data-site=\"PMD_BONE_Article\"> <\/figure>\n<\/p><\/div>\n<div class=\"articleContent-push\">\n<p>Rejoignez-nous sur Google News !<\/p>\n<p class=\"articleContent-pushTagline\">Abonnez-vous \u00e0 <a href=\"https:\/\/news.google.com\/publications\/CAAiEJwr-IZFXDFoZD1ePbkC_VcqFAgKIhCcK_iGRVwxaGQ9Xj25Av1X\" target=\"_blank\" rel=\"nofollow\">T\u00e9l\u00e9 2 semaines sur Google News<\/a> pour ne manquer aucune info !<\/p>\n<\/p><\/div>\n<\/p><\/div>\n<div>\n<p>La suite sous cette publicit\u00e9<\/p>\n<div class=\"containerAds ads-paveBas \" id=\"ads-441741078\">\n<p> <span class=\"ads-text\">Publicit\u00e9<\/span> <\/p>\n<\/p><\/div>\n<\/p><\/div>\n<p> Cet article, qui traite du th\u00e8me \u00ab\u00a0Festival Jazz et musique en mode guinguette\u00a0\u00bb, vous est d\u00e9lib\u00e9r\u00e9ment offert par festivox.fr. La raison d\u2019\u00eatre de festivox.fr est de parler de Festival Jazz et musique en mode guinguette dans la transparence la plus g\u00e9n\u00e9rale en vous procurant la visibilit\u00e9 de tout ce qui est publi\u00e9 sur ce sujet sur le web La chronique a \u00e9t\u00e9 g\u00e9n\u00e9r\u00e9e de la mani\u00e8re la plus honn\u00eate que possible. S\u2019il advenait que vous projetez d\u2019apporter quelques notes concernant le domaine de \u00ab\u00a0Festival Jazz et musique en mode guinguette\u00a0\u00bb vous avez la possibilit\u00e9 de d&rsquo;\u00e9changer avec notre r\u00e9daction. Dans peu de temps, on mettra en ligne d&rsquo;autres informations pertinentes autour du sujet \u00ab\u00a0Festival Jazz et musique en mode guinguette\u00a0\u00bb. Ainsi, consultez r\u00e9guli\u00e8rement notre site.<\/p>\n","protected":false},"excerpt":{"rendered":"<p>Hier \u00e0 13:46 &#8211; par Yoann Jenan Tweeter Partager sur Facebook Le chanteur de La Java de Broadway se raconte longuement et intimement dans le documentaire Sardou, autoportrait, diffus\u00e9 ce vendredi 29 mars 2024 \u00e0 21h10 sur France 3. Il se souvient notamment des circonstances \u00e9tonnantes dans lesquelles il a appris la mort de son&hellip;<\/p>\n","protected":false},"author":1,"featured_media":760,"comment_status":"closed","ping_status":"closed","sticky":false,"template":"","format":"standard","meta":{"footnotes":""},"categories":[3],"tags":[],"class_list":["post-759","post","type-post","status-publish","format-standard","has-post-thumbnail","hentry","category-wiki-sur-festival-jazz-et-musique-en-mode-guinguette"],"yoast_head":"<!-- This site is optimized with the Yoast SEO plugin v27.5 - https:\/\/yoast.com\/product\/yoast-seo-wordpress\/ -->\n<title>&quot;J\u2019\u00e9tais en train de jouer au poker avec Johnny et Revaux&quot; : Michel Sardou revient sur le d\u00e9c\u00e8s de son p\u00e8re Fernand - FESTIVOX<\/title>\n<meta name=\"robots\" content=\"index, follow, max-snippet:-1, max-image-preview:large, max-video-preview:-1\" \/>\n<link rel=\"canonical\" href=\"https:\/\/www.festivox.fr\/blog\/jetais-en-train-de-jouer-au-poker-avec-johnny-et-revaux-michel-sardou-revient-sur-le-deces-de-son-pere-fernand\/\" \/>\n<meta property=\"og:locale\" content=\"fr_FR\" \/>\n<meta property=\"og:type\" content=\"article\" \/>\n<meta property=\"og:title\" content=\"&quot;J\u2019\u00e9tais en train de jouer au poker avec Johnny et Revaux&quot; : Michel Sardou revient sur le d\u00e9c\u00e8s de son p\u00e8re Fernand - FESTIVOX\" \/>\n<meta property=\"og:description\" content=\"Hier \u00e0 13:46 &#8211; par Yoann Jenan Tweeter Partager sur Facebook Le chanteur de La Java de Broadway se raconte longuement et intimement dans le documentaire Sardou, autoportrait, diffus\u00e9 ce vendredi 29 mars 2024 \u00e0 21h10 sur France 3. Il se souvient notamment des circonstances \u00e9tonnantes dans lesquelles il a appris la mort de son&hellip;\" \/>\n<meta property=\"og:url\" content=\"https:\/\/www.festivox.fr\/blog\/jetais-en-train-de-jouer-au-poker-avec-johnny-et-revaux-michel-sardou-revient-sur-le-deces-de-son-pere-fernand\/\" \/>\n<meta property=\"og:site_name\" content=\"FESTIVOX\" \/>\n<meta property=\"article:published_time\" content=\"2024-03-29T06:40:00+00:00\" \/>\n<meta property=\"og:image\" content=\"https:\/\/www.festivox.fr\/blog\/wp-content\/uploads\/2024\/03\/jetais-en-train-de-jouer-au-poker-avec-johnny-et-revaux-michel-sardou-revient-sur-le-deces-de-son-pere-fernand.jpg\" \/>\n<meta name=\"author\" content=\"Michele\" \/>\n<meta name=\"twitter:card\" content=\"summary_large_image\" \/>\n<meta name=\"twitter:label1\" content=\"\u00c9crit par\" \/>\n\t<meta name=\"twitter:data1\" content=\"Michele\" \/>\n\t<meta name=\"twitter:label2\" content=\"Dur\u00e9e de lecture estim\u00e9e\" \/>\n\t<meta name=\"twitter:data2\" content=\"4 minutes\" \/>\n<script type=\"application\/ld+json\" class=\"yoast-schema-graph\">{\"@context\":\"https:\\\/\\\/schema.org\",\"@graph\":[{\"@type\":\"Article\",\"@id\":\"https:\\\/\\\/www.festivox.fr\\\/blog\\\/jetais-en-train-de-jouer-au-poker-avec-johnny-et-revaux-michel-sardou-revient-sur-le-deces-de-son-pere-fernand\\\/#article\",\"isPartOf\":{\"@id\":\"https:\\\/\\\/www.festivox.fr\\\/blog\\\/jetais-en-train-de-jouer-au-poker-avec-johnny-et-revaux-michel-sardou-revient-sur-le-deces-de-son-pere-fernand\\\/\"},\"author\":{\"name\":\"Michele\",\"@id\":\"https:\\\/\\\/www.festivox.fr\\\/blog\\\/#\\\/schema\\\/person\\\/f36a8b6bc94800c3eafed4bca993ce95\"},\"headline\":\"\u00ab\u00a0J\u2019\u00e9tais en train de jouer au poker avec Johnny et Revaux\u00a0\u00bb : Michel Sardou revient sur le d\u00e9c\u00e8s de son p\u00e8re Fernand\",\"datePublished\":\"2024-03-29T06:40:00+00:00\",\"mainEntityOfPage\":{\"@id\":\"https:\\\/\\\/www.festivox.fr\\\/blog\\\/jetais-en-train-de-jouer-au-poker-avec-johnny-et-revaux-michel-sardou-revient-sur-le-deces-de-son-pere-fernand\\\/\"},\"wordCount\":800,\"publisher\":{\"@id\":\"https:\\\/\\\/www.festivox.fr\\\/blog\\\/#organization\"},\"image\":{\"@id\":\"https:\\\/\\\/www.festivox.fr\\\/blog\\\/jetais-en-train-de-jouer-au-poker-avec-johnny-et-revaux-michel-sardou-revient-sur-le-deces-de-son-pere-fernand\\\/#primaryimage\"},\"thumbnailUrl\":\"https:\\\/\\\/www.festivox.fr\\\/blog\\\/wp-content\\\/uploads\\\/2024\\\/03\\\/jetais-en-train-de-jouer-au-poker-avec-johnny-et-revaux-michel-sardou-revient-sur-le-deces-de-son-pere-fernand.jpg\",\"articleSection\":[\"Wiki Sur Festival Jazz Et Musique En Mode Guinguette:\"],\"inLanguage\":\"fr-FR\"},{\"@type\":\"WebPage\",\"@id\":\"https:\\\/\\\/www.festivox.fr\\\/blog\\\/jetais-en-train-de-jouer-au-poker-avec-johnny-et-revaux-michel-sardou-revient-sur-le-deces-de-son-pere-fernand\\\/\",\"url\":\"https:\\\/\\\/www.festivox.fr\\\/blog\\\/jetais-en-train-de-jouer-au-poker-avec-johnny-et-revaux-michel-sardou-revient-sur-le-deces-de-son-pere-fernand\\\/\",\"name\":\"\\\"J\u2019\u00e9tais en train de jouer au poker avec Johnny et Revaux\\\" : Michel Sardou revient sur le d\u00e9c\u00e8s de son p\u00e8re Fernand - FESTIVOX\",\"isPartOf\":{\"@id\":\"https:\\\/\\\/www.festivox.fr\\\/blog\\\/#website\"},\"primaryImageOfPage\":{\"@id\":\"https:\\\/\\\/www.festivox.fr\\\/blog\\\/jetais-en-train-de-jouer-au-poker-avec-johnny-et-revaux-michel-sardou-revient-sur-le-deces-de-son-pere-fernand\\\/#primaryimage\"},\"image\":{\"@id\":\"https:\\\/\\\/www.festivox.fr\\\/blog\\\/jetais-en-train-de-jouer-au-poker-avec-johnny-et-revaux-michel-sardou-revient-sur-le-deces-de-son-pere-fernand\\\/#primaryimage\"},\"thumbnailUrl\":\"https:\\\/\\\/www.festivox.fr\\\/blog\\\/wp-content\\\/uploads\\\/2024\\\/03\\\/jetais-en-train-de-jouer-au-poker-avec-johnny-et-revaux-michel-sardou-revient-sur-le-deces-de-son-pere-fernand.jpg\",\"datePublished\":\"2024-03-29T06:40:00+00:00\",\"breadcrumb\":{\"@id\":\"https:\\\/\\\/www.festivox.fr\\\/blog\\\/jetais-en-train-de-jouer-au-poker-avec-johnny-et-revaux-michel-sardou-revient-sur-le-deces-de-son-pere-fernand\\\/#breadcrumb\"},\"inLanguage\":\"fr-FR\",\"potentialAction\":[{\"@type\":\"ReadAction\",\"target\":[\"https:\\\/\\\/www.festivox.fr\\\/blog\\\/jetais-en-train-de-jouer-au-poker-avec-johnny-et-revaux-michel-sardou-revient-sur-le-deces-de-son-pere-fernand\\\/\"]}]},{\"@type\":\"ImageObject\",\"inLanguage\":\"fr-FR\",\"@id\":\"https:\\\/\\\/www.festivox.fr\\\/blog\\\/jetais-en-train-de-jouer-au-poker-avec-johnny-et-revaux-michel-sardou-revient-sur-le-deces-de-son-pere-fernand\\\/#primaryimage\",\"url\":\"https:\\\/\\\/www.festivox.fr\\\/blog\\\/wp-content\\\/uploads\\\/2024\\\/03\\\/jetais-en-train-de-jouer-au-poker-avec-johnny-et-revaux-michel-sardou-revient-sur-le-deces-de-son-pere-fernand.jpg\",\"contentUrl\":\"https:\\\/\\\/www.festivox.fr\\\/blog\\\/wp-content\\\/uploads\\\/2024\\\/03\\\/jetais-en-train-de-jouer-au-poker-avec-johnny-et-revaux-michel-sardou-revient-sur-le-deces-de-son-pere-fernand.jpg\",\"width\":660,\"height\":370},{\"@type\":\"BreadcrumbList\",\"@id\":\"https:\\\/\\\/www.festivox.fr\\\/blog\\\/jetais-en-train-de-jouer-au-poker-avec-johnny-et-revaux-michel-sardou-revient-sur-le-deces-de-son-pere-fernand\\\/#breadcrumb\",\"itemListElement\":[{\"@type\":\"ListItem\",\"position\":1,\"name\":\"Accueil\",\"item\":\"https:\\\/\\\/www.festivox.fr\\\/blog\\\/\"},{\"@type\":\"ListItem\",\"position\":2,\"name\":\"\u00ab\u00a0J\u2019\u00e9tais en train de jouer au poker avec Johnny et Revaux\u00a0\u00bb : Michel Sardou revient sur le d\u00e9c\u00e8s de son p\u00e8re Fernand\"}]},{\"@type\":\"WebSite\",\"@id\":\"https:\\\/\\\/www.festivox.fr\\\/blog\\\/#website\",\"url\":\"https:\\\/\\\/www.festivox.fr\\\/blog\\\/\",\"name\":\"FESTIVOX\",\"description\":\"Festival en mode guinguette.\",\"publisher\":{\"@id\":\"https:\\\/\\\/www.festivox.fr\\\/blog\\\/#organization\"},\"potentialAction\":[{\"@type\":\"SearchAction\",\"target\":{\"@type\":\"EntryPoint\",\"urlTemplate\":\"https:\\\/\\\/www.festivox.fr\\\/blog\\\/?s={search_term_string}\"},\"query-input\":{\"@type\":\"PropertyValueSpecification\",\"valueRequired\":true,\"valueName\":\"search_term_string\"}}],\"inLanguage\":\"fr-FR\"},{\"@type\":\"Organization\",\"@id\":\"https:\\\/\\\/www.festivox.fr\\\/blog\\\/#organization\",\"name\":\"festivox\",\"url\":\"https:\\\/\\\/www.festivox.fr\\\/blog\\\/\",\"logo\":{\"@type\":\"ImageObject\",\"inLanguage\":\"fr-FR\",\"@id\":\"https:\\\/\\\/www.festivox.fr\\\/blog\\\/#\\\/schema\\\/logo\\\/image\\\/\",\"url\":\"https:\\\/\\\/www.festivox.fr\\\/blog\\\/wp-content\\\/uploads\\\/2023\\\/06\\\/logo-2.png\",\"contentUrl\":\"https:\\\/\\\/www.festivox.fr\\\/blog\\\/wp-content\\\/uploads\\\/2023\\\/06\\\/logo-2.png\",\"width\":480,\"height\":160,\"caption\":\"festivox\"},\"image\":{\"@id\":\"https:\\\/\\\/www.festivox.fr\\\/blog\\\/#\\\/schema\\\/logo\\\/image\\\/\"}},{\"@type\":\"Person\",\"@id\":\"https:\\\/\\\/www.festivox.fr\\\/blog\\\/#\\\/schema\\\/person\\\/f36a8b6bc94800c3eafed4bca993ce95\",\"name\":\"Michele\",\"image\":{\"@type\":\"ImageObject\",\"inLanguage\":\"fr-FR\",\"@id\":\"https:\\\/\\\/secure.gravatar.com\\\/avatar\\\/b062046536b5d47ec9075956ec349ef95ed06b0f910c578f74abb318668b702e?s=96&d=mm&r=g\",\"url\":\"https:\\\/\\\/secure.gravatar.com\\\/avatar\\\/b062046536b5d47ec9075956ec349ef95ed06b0f910c578f74abb318668b702e?s=96&d=mm&r=g\",\"contentUrl\":\"https:\\\/\\\/secure.gravatar.com\\\/avatar\\\/b062046536b5d47ec9075956ec349ef95ed06b0f910c578f74abb318668b702e?s=96&d=mm&r=g\",\"caption\":\"Michele\"},\"sameAs\":[\"https:\\\/\\\/www.festivox.fr\\\/blog\"],\"url\":\"https:\\\/\\\/www.festivox.fr\\\/blog\\\/author\\\/voxadmin\\\/\"}]}<\/script>\n<!-- \/ Yoast SEO plugin. -->","yoast_head_json":{"title":"\"J\u2019\u00e9tais en train de jouer au poker avec Johnny et Revaux\" : Michel Sardou revient sur le d\u00e9c\u00e8s de son p\u00e8re Fernand - FESTIVOX","robots":{"index":"index","follow":"follow","max-snippet":"max-snippet:-1","max-image-preview":"max-image-preview:large","max-video-preview":"max-video-preview:-1"},"canonical":"https:\/\/www.festivox.fr\/blog\/jetais-en-train-de-jouer-au-poker-avec-johnny-et-revaux-michel-sardou-revient-sur-le-deces-de-son-pere-fernand\/","og_locale":"fr_FR","og_type":"article","og_title":"\"J\u2019\u00e9tais en train de jouer au poker avec Johnny et Revaux\" : Michel Sardou revient sur le d\u00e9c\u00e8s de son p\u00e8re Fernand - FESTIVOX","og_description":"Hier \u00e0 13:46 &#8211; par Yoann Jenan Tweeter Partager sur Facebook Le chanteur de La Java de Broadway se raconte longuement et intimement dans le documentaire Sardou, autoportrait, diffus\u00e9 ce vendredi 29 mars 2024 \u00e0 21h10 sur France 3. Il se souvient notamment des circonstances \u00e9tonnantes dans lesquelles il a appris la mort de son&hellip;","og_url":"https:\/\/www.festivox.fr\/blog\/jetais-en-train-de-jouer-au-poker-avec-johnny-et-revaux-michel-sardou-revient-sur-le-deces-de-son-pere-fernand\/","og_site_name":"FESTIVOX","article_published_time":"2024-03-29T06:40:00+00:00","og_image":[{"url":"https:\/\/www.festivox.fr\/blog\/wp-content\/uploads\/2024\/03\/jetais-en-train-de-jouer-au-poker-avec-johnny-et-revaux-michel-sardou-revient-sur-le-deces-de-son-pere-fernand.jpg","type":"","width":"","height":""}],"author":"Michele","twitter_card":"summary_large_image","twitter_misc":{"\u00c9crit par":"Michele","Dur\u00e9e de lecture estim\u00e9e":"4 minutes"},"schema":{"@context":"https:\/\/schema.org","@graph":[{"@type":"Article","@id":"https:\/\/www.festivox.fr\/blog\/jetais-en-train-de-jouer-au-poker-avec-johnny-et-revaux-michel-sardou-revient-sur-le-deces-de-son-pere-fernand\/#article","isPartOf":{"@id":"https:\/\/www.festivox.fr\/blog\/jetais-en-train-de-jouer-au-poker-avec-johnny-et-revaux-michel-sardou-revient-sur-le-deces-de-son-pere-fernand\/"},"author":{"name":"Michele","@id":"https:\/\/www.festivox.fr\/blog\/#\/schema\/person\/f36a8b6bc94800c3eafed4bca993ce95"},"headline":"\u00ab\u00a0J\u2019\u00e9tais en train de jouer au poker avec Johnny et Revaux\u00a0\u00bb : Michel Sardou revient sur le d\u00e9c\u00e8s de son p\u00e8re Fernand","datePublished":"2024-03-29T06:40:00+00:00","mainEntityOfPage":{"@id":"https:\/\/www.festivox.fr\/blog\/jetais-en-train-de-jouer-au-poker-avec-johnny-et-revaux-michel-sardou-revient-sur-le-deces-de-son-pere-fernand\/"},"wordCount":800,"publisher":{"@id":"https:\/\/www.festivox.fr\/blog\/#organization"},"image":{"@id":"https:\/\/www.festivox.fr\/blog\/jetais-en-train-de-jouer-au-poker-avec-johnny-et-revaux-michel-sardou-revient-sur-le-deces-de-son-pere-fernand\/#primaryimage"},"thumbnailUrl":"https:\/\/www.festivox.fr\/blog\/wp-content\/uploads\/2024\/03\/jetais-en-train-de-jouer-au-poker-avec-johnny-et-revaux-michel-sardou-revient-sur-le-deces-de-son-pere-fernand.jpg","articleSection":["Wiki Sur Festival Jazz Et Musique En Mode Guinguette:"],"inLanguage":"fr-FR"},{"@type":"WebPage","@id":"https:\/\/www.festivox.fr\/blog\/jetais-en-train-de-jouer-au-poker-avec-johnny-et-revaux-michel-sardou-revient-sur-le-deces-de-son-pere-fernand\/","url":"https:\/\/www.festivox.fr\/blog\/jetais-en-train-de-jouer-au-poker-avec-johnny-et-revaux-michel-sardou-revient-sur-le-deces-de-son-pere-fernand\/","name":"\"J\u2019\u00e9tais en train de jouer au poker avec Johnny et Revaux\" : Michel Sardou revient sur le d\u00e9c\u00e8s de son p\u00e8re Fernand - FESTIVOX","isPartOf":{"@id":"https:\/\/www.festivox.fr\/blog\/#website"},"primaryImageOfPage":{"@id":"https:\/\/www.festivox.fr\/blog\/jetais-en-train-de-jouer-au-poker-avec-johnny-et-revaux-michel-sardou-revient-sur-le-deces-de-son-pere-fernand\/#primaryimage"},"image":{"@id":"https:\/\/www.festivox.fr\/blog\/jetais-en-train-de-jouer-au-poker-avec-johnny-et-revaux-michel-sardou-revient-sur-le-deces-de-son-pere-fernand\/#primaryimage"},"thumbnailUrl":"https:\/\/www.festivox.fr\/blog\/wp-content\/uploads\/2024\/03\/jetais-en-train-de-jouer-au-poker-avec-johnny-et-revaux-michel-sardou-revient-sur-le-deces-de-son-pere-fernand.jpg","datePublished":"2024-03-29T06:40:00+00:00","breadcrumb":{"@id":"https:\/\/www.festivox.fr\/blog\/jetais-en-train-de-jouer-au-poker-avec-johnny-et-revaux-michel-sardou-revient-sur-le-deces-de-son-pere-fernand\/#breadcrumb"},"inLanguage":"fr-FR","potentialAction":[{"@type":"ReadAction","target":["https:\/\/www.festivox.fr\/blog\/jetais-en-train-de-jouer-au-poker-avec-johnny-et-revaux-michel-sardou-revient-sur-le-deces-de-son-pere-fernand\/"]}]},{"@type":"ImageObject","inLanguage":"fr-FR","@id":"https:\/\/www.festivox.fr\/blog\/jetais-en-train-de-jouer-au-poker-avec-johnny-et-revaux-michel-sardou-revient-sur-le-deces-de-son-pere-fernand\/#primaryimage","url":"https:\/\/www.festivox.fr\/blog\/wp-content\/uploads\/2024\/03\/jetais-en-train-de-jouer-au-poker-avec-johnny-et-revaux-michel-sardou-revient-sur-le-deces-de-son-pere-fernand.jpg","contentUrl":"https:\/\/www.festivox.fr\/blog\/wp-content\/uploads\/2024\/03\/jetais-en-train-de-jouer-au-poker-avec-johnny-et-revaux-michel-sardou-revient-sur-le-deces-de-son-pere-fernand.jpg","width":660,"height":370},{"@type":"BreadcrumbList","@id":"https:\/\/www.festivox.fr\/blog\/jetais-en-train-de-jouer-au-poker-avec-johnny-et-revaux-michel-sardou-revient-sur-le-deces-de-son-pere-fernand\/#breadcrumb","itemListElement":[{"@type":"ListItem","position":1,"name":"Accueil","item":"https:\/\/www.festivox.fr\/blog\/"},{"@type":"ListItem","position":2,"name":"\u00ab\u00a0J\u2019\u00e9tais en train de jouer au poker avec Johnny et Revaux\u00a0\u00bb : Michel Sardou revient sur le d\u00e9c\u00e8s de son p\u00e8re Fernand"}]},{"@type":"WebSite","@id":"https:\/\/www.festivox.fr\/blog\/#website","url":"https:\/\/www.festivox.fr\/blog\/","name":"FESTIVOX","description":"Festival en mode guinguette.","publisher":{"@id":"https:\/\/www.festivox.fr\/blog\/#organization"},"potentialAction":[{"@type":"SearchAction","target":{"@type":"EntryPoint","urlTemplate":"https:\/\/www.festivox.fr\/blog\/?s={search_term_string}"},"query-input":{"@type":"PropertyValueSpecification","valueRequired":true,"valueName":"search_term_string"}}],"inLanguage":"fr-FR"},{"@type":"Organization","@id":"https:\/\/www.festivox.fr\/blog\/#organization","name":"festivox","url":"https:\/\/www.festivox.fr\/blog\/","logo":{"@type":"ImageObject","inLanguage":"fr-FR","@id":"https:\/\/www.festivox.fr\/blog\/#\/schema\/logo\/image\/","url":"https:\/\/www.festivox.fr\/blog\/wp-content\/uploads\/2023\/06\/logo-2.png","contentUrl":"https:\/\/www.festivox.fr\/blog\/wp-content\/uploads\/2023\/06\/logo-2.png","width":480,"height":160,"caption":"festivox"},"image":{"@id":"https:\/\/www.festivox.fr\/blog\/#\/schema\/logo\/image\/"}},{"@type":"Person","@id":"https:\/\/www.festivox.fr\/blog\/#\/schema\/person\/f36a8b6bc94800c3eafed4bca993ce95","name":"Michele","image":{"@type":"ImageObject","inLanguage":"fr-FR","@id":"https:\/\/secure.gravatar.com\/avatar\/b062046536b5d47ec9075956ec349ef95ed06b0f910c578f74abb318668b702e?s=96&d=mm&r=g","url":"https:\/\/secure.gravatar.com\/avatar\/b062046536b5d47ec9075956ec349ef95ed06b0f910c578f74abb318668b702e?s=96&d=mm&r=g","contentUrl":"https:\/\/secure.gravatar.com\/avatar\/b062046536b5d47ec9075956ec349ef95ed06b0f910c578f74abb318668b702e?s=96&d=mm&r=g","caption":"Michele"},"sameAs":["https:\/\/www.festivox.fr\/blog"],"url":"https:\/\/www.festivox.fr\/blog\/author\/voxadmin\/"}]}},"_links":{"self":[{"href":"https:\/\/www.festivox.fr\/blog\/wp-json\/wp\/v2\/posts\/759","targetHints":{"allow":["GET"]}}],"collection":[{"href":"https:\/\/www.festivox.fr\/blog\/wp-json\/wp\/v2\/posts"}],"about":[{"href":"https:\/\/www.festivox.fr\/blog\/wp-json\/wp\/v2\/types\/post"}],"author":[{"embeddable":true,"href":"https:\/\/www.festivox.fr\/blog\/wp-json\/wp\/v2\/users\/1"}],"replies":[{"embeddable":true,"href":"https:\/\/www.festivox.fr\/blog\/wp-json\/wp\/v2\/comments?post=759"}],"version-history":[{"count":0,"href":"https:\/\/www.festivox.fr\/blog\/wp-json\/wp\/v2\/posts\/759\/revisions"}],"wp:featuredmedia":[{"embeddable":true,"href":"https:\/\/www.festivox.fr\/blog\/wp-json\/wp\/v2\/media\/760"}],"wp:attachment":[{"href":"https:\/\/www.festivox.fr\/blog\/wp-json\/wp\/v2\/media?parent=759"}],"wp:term":[{"taxonomy":"category","embeddable":true,"href":"https:\/\/www.festivox.fr\/blog\/wp-json\/wp\/v2\/categories?post=759"},{"taxonomy":"post_tag","embeddable":true,"href":"https:\/\/www.festivox.fr\/blog\/wp-json\/wp\/v2\/tags?post=759"}],"curies":[{"name":"wp","href":"https:\/\/api.w.org\/{rel}","templated":true}]}}