{"id":753,"date":"2024-03-18T08:26:00","date_gmt":"2024-03-18T07:26:00","guid":{"rendered":"https:\/\/www.festivox.fr\/blog\/on-a-vu-les-adieux-de-michel-sardou-a-paris-la-defense-arena-notre-avis\/"},"modified":"2024-03-18T08:26:00","modified_gmt":"2024-03-18T07:26:00","slug":"on-a-vu-les-adieux-de-michel-sardou-a-paris-la-defense-arena-notre-avis","status":"publish","type":"post","link":"https:\/\/www.festivox.fr\/blog\/on-a-vu-les-adieux-de-michel-sardou-a-paris-la-defense-arena-notre-avis\/","title":{"rendered":"On a vu les adieux de Michel Sardou \u00e0 Paris La D\u00e9fense Arena : notre avis"},"content":{"rendered":"<p> <img decoding=\"async\" src=\"https:\/\/www.festivox.fr\/blog\/wp-content\/uploads\/2024\/03\/on-a-vu-les-adieux-de-michel-sardou-a-paris-la-defense-arena-notre-avis.jpg\" class=\"textcenter\"><span>Cr\u00e9dits photo : Richard Melloul<\/span><br \/>Cette fois, <a href=\"https:\/\/www.chartsinfrance.net\/Michel-Sardou\/news-128111.html\" target=\"_blank\" class=\"spip_out\" rel=\"noopener nofollow\">c&rsquo;est vraiment la fin<\/a>. Plus de fausse promesse. Et les 23.000 spectateurs ont un peu du mal \u00e0 le croire. Samedi soir, Michel Sardou donnait le premier de ses deux concerts \u00e0 Paris La D\u00e9fense Arena, en apoth\u00e9ose de <a href=\"https:\/\/www.chartsinfrance.net\/Michel-Sardou\/news-123050.html\" target=\"_blank\" class=\"spip_out\" rel=\"noopener nofollow\">sa (nouvelle) tourn\u00e9e d&rsquo;adieu<\/a>, \u00ab\u00a0Je me souviens d&rsquo;un adieu\u00a0\u00bb. Il avait d\u00e9j\u00e0 fait le coup en 2018, mais cette fois, il assure \u00e0 77 ans que c&rsquo;est v\u00e9ritablement la derni\u00e8re, \u00e0 l&rsquo;instar d&rsquo;Elton John. C&rsquo;est donc un public assez h\u00e9t\u00e9roclite (avec beaucoup de jeunes !) qui lui fait un triomphe lorsque Michel Sardou, fa\u00e7on Johnny, fend la foule pour rejoindre la sc\u00e8ne centrale. Et entonner d&#8217;embl\u00e9e \u00ab\u00a0Les lacs du Connemara\u00a0\u00bb, son tube aussi culte que pol\u00e9mique. D&rsquo;ailleurs, <a href=\"https:\/\/www.chartsinfrance.net\/Juliette-Armanet\/news-125778.html\" target=\"_blank\" class=\"spip_out\" rel=\"noopener nofollow\">apr\u00e8s les propos de Juliette Armanet<\/a>, un t-shirt de la tourn\u00e9e le clame : <a href=\"https:\/\/www.chartsinfrance.net\/Michel-Sardou\/news-126305.html\" target=\"_blank\" class=\"spip_out\" rel=\"noopener nofollow\">\u00ab\u00a0On ne touche pas au Connemara\u00a0\u00bb<\/a>. Mais d\u00e8s le d\u00e9but, le bas blesse. Michel Sardou monte difficilement sur sc\u00e8ne et, cach\u00e9 par des \u00e9crans projetant des diffusions en 3D assez kitch, il parle plus qu&rsquo;il ne chante. Pas vraiment en rythme qui plus est&#8230;<\/p>\n<p>Le player Dailymotion est en train de se charger&#8230;<\/p>\n<h3>\u00ab\u00a0Je vais pas en chanter 400 !\u00a0\u00bb<\/h3>\n<p>Sur sa sc\u00e8ne centrale tournante habill\u00e9e par de jolis jeux de lumi\u00e8res, et entour\u00e9 d&rsquo;une quinzaine de musiciens de talent entre violonistes et choristes, Michel Sardou d\u00e9marre un show pour le moins d\u00e9tonnant. Pour ses adieux \u00e0 la sc\u00e8ne, l&rsquo;artiste prend le concept \u00e0 revers. La plupart de ses tubes cultes, comme \u00ab\u00a0En chantant\u00a0\u00bb, \u00ab\u00a0Chanteur de jazz\u00a0\u00bb, \u00ab\u00a0La java de Broadway\u00a0\u00bb, \u00ab\u00a0La maladie d&rsquo;amour\u00a0\u00bb, \u00ab\u00a0Le France\u00a0\u00bb ou <a href=\"https:\/\/www.chartsinfrance.net\/Michel-Sardou\/news-118716.html\" target=\"_blank\" class=\"spip_out\" rel=\"noopener nofollow\">\u00ab\u00a0Je viens du Sud\u00a0\u00bb<\/a>, sont exp\u00e9di\u00e9s dans un medley de 10 minutes, dont il ne chante qu&rsquo;un couplet au mieux. \u00ab <i>\u00c0 chaque tour de chant, il y a toujours quelqu&rsquo;un dans le public qui me dit : \u00ab\u00a0Vous n&rsquo;avez pas chant\u00e9 celle-l\u00e0 !\u00a0\u00bb Qu&rsquo;est-ce que tu veux que je te dise ? Je vais pas en chanter 400 !<\/i> \u00bb se justifie-t-il avec son franc parler. A la place, il mise sur les moins connus \u00ab\u00a0Rouge\u00a0\u00bb, \u00ab\u00a0Marie-Jeanne\u00a0\u00bb, \u00ab\u00a0Casino\u00a0\u00bb ou \u00ab\u00a0L&rsquo;autre femme\u00a0\u00bb, mais que ses fervents adorateurs connaissent sur le bout des doigts ! <\/p>\n<p>Seuls quelques-uns de ses nombreux classiques auront la primeur d&rsquo;\u00eatre interpr\u00e9t\u00e9s en int\u00e9gralit\u00e9, comme ce <a href=\"https:\/\/www.chartsinfrance.net\/Michel-Sardou\/news-118781.html\" target=\"_blank\" class=\"spip_out\" rel=\"noopener nofollow\">\u00ab\u00a0Je vais t&rsquo;aimer\u00a0\u00bb<\/a> que Michel Sardou d\u00e9die \u00e0 une femme \u00ab <i>charmante<\/i> \u00bb mais \u00ab <i>chiante<\/i> \u00bb : Sandrine Rousseau. Eclats de rire et applaudissements dans la salle ! Car c&rsquo;est finalement lors de ses interventions comiques que Michel Sardou est le meilleur. Manquant plusieurs fois de tomber \u00e0 cause de sa sc\u00e8ne tournante (\u00ab <i>C&rsquo;est un 78 tours, votre truc !<\/i> \u00bb peste-t-il), le chanteur plaisante sur son \u00e2ge, se dit impressionn\u00e9 par la salle (\u00ab <i>Vous me faites peur<\/i> \u00bb) et ose m\u00eame une sortie douteuse sur le consentement : \u00ab <i>Un jeune homme qui pose sa main sans son consentement sur la main d&rsquo;une femme, c&rsquo;est garde \u00e0 vue direct. S&rsquo;il a l&rsquo;audace de vouloir poser sa main ailleurs, l\u00e0, c&rsquo;est Fleury-M\u00e9rogis<\/i> \u00bb. <\/p>\n<p>[embedded content]<\/p>\n<h3>Des choix d\u00e9routants&#8230;<\/h3>\n<p>Tel un diesel, plus le concert avance et plus Michel Sardou reprend heureusement de la voix. Apr\u00e8s avoir chant\u00e9 la guerre (\u00ab\u00a0Verdun\u00a0\u00bb, \u00ab\u00a0Les ricains\u00a0\u00bb), l&rsquo;alcoolisme (\u00ab\u00a0Les villes de solitude\u00a0\u00bb) ou l&rsquo;homophobie (\u00ab\u00a0Le privil\u00e8ge\u00a0\u00bb), c&rsquo;est dans un esprit plus f\u00e9d\u00e9rateur qu&rsquo;il termine son grand concert avec ses tubes \u00ab\u00a0Je vole\u00a0\u00bb, \u00ab\u00a0\u00catre une femme\u00a0\u00bb ou \u00ab\u00a0Musulmanes\u00a0\u00bb, faisant lever le public. Un final qu&rsquo;il \u00e9tire pendant une dizaine de minutes, le temps pour lui de r\u00e9cup\u00e9rer les nombreux cadeaux et bouquets de fleurs que ses fans d\u00e9vou\u00e9s lui offrent. Multipliant les hommages sur sc\u00e8ne \u00e0 son p\u00e8re Fernand, sa femme Anne-Marie P\u00e9rier &#8211; pr\u00e9sente dans la salle &#8211; ou encore \u00e0 <b><a href=\"https:\/\/www.chartsinfrance.net\/Johnny-Hallyday.html\" class=\"spip_art\" target=\"_blank\" rel=\"nofollow\">Johnny Hallyday<\/a><\/b> (il reprend \u00ab\u00a0Quelque chose de Tennessee\u00a0\u00bb), Michel Sardou termine l\u00e0 son show par un ultime clin d&rsquo;oeil \u00e0 Claude Fran\u00e7ois, en entonnant son mythique \u00ab\u00a0Comme d&rsquo;habitude\u00a0\u00bb, avant de fendre \u00e0 nouveau la foule pour quitter la salle, tel un boxeur qui aurait remport\u00e9 son combat. <\/p>\n<p>Un choix \u00e9tonnant pour conclure ses adieux, mais \u00e0 l&rsquo;image de ce concert qui divise ses admirateurs. En effet, Michel Sardou aura donc d\u00e9jou\u00e9 les attentes de son public en proposant un spectacle moins tubesque qu&rsquo;attendu et o\u00f9 il a sembl\u00e9 assez fatigu\u00e9, physiquement parlant. Malgr\u00e9 tout, il reste impressionnant de voir sur sc\u00e8ne l&rsquo;une des derni\u00e8res l\u00e9gendes de la chanson fran\u00e7aise pour son ultime tour de piste. Adieu l&rsquo;artiste ?<\/p>\n<p>[embedded content]<\/p>\n<h3>Setlist du concert de Michel Sardou \u00e0 Paris<\/h3>\n<p>Les lacs du Connemara<br \/>Marie-Jeanne<br \/>Casino<br \/>Une fille aux yeux clairs<br \/>Le privil\u00e8ge<br \/>Je vais t&rsquo;aimer<br \/>Le bac G<br \/>Parlons de toi, de moi<br \/>Aujourd&rsquo;hui peut-\u00eatre (reprise de Fernand Sardou)<br \/>Medley : Salut \/ En chantant \/ Chanteur de jazz \/ Je veux l&rsquo;\u00e9pouser pour un soir \/ Je t&rsquo;aime, je t&rsquo;aime \/ La java de Broadway \/ Et mourir de plaisir \/ Le temps des colonies \/ Afrique adieu \/ Dix ans plus t\u00f4t \/ La g\u00e9n\u00e9ration Loving You \/ Il \u00e9tait l\u00e0 (le fauteuil) \/ Je viens du sud \/ Je ne suis pas mort, je dors \/ J&rsquo;accuse \/ Un accident \/ La vieille \/ Les vieux mari\u00e9s \/ Le France \/ La maladie d&rsquo;amour<br \/>Quelque chose de Tennessee (reprise de <b><a href=\"https:\/\/www.chartsinfrance.net\/Johnny-Hallyday.html\" class=\"spip_art\" target=\"_blank\" rel=\"nofollow\">Johnny Hallyday<\/a><\/b>)<br \/>Rouge<br \/>Vladimir Ilitch<br \/>Les villes de solitude<br \/>Mam&rsquo;selle Louisiane<br \/>L&rsquo;autre femme<br \/>Verdun<br \/>Je vole<br \/>Les Ricains<br \/>\u00catre une femme<br \/>Musulmanes<\/p>\n<p><b>Rappel :<\/b><br \/>Comme d&rsquo;habitude (reprise de Claude Fran\u00e7ois)<br \/>Les lacs du Connemara (Instrumental de fin)<\/p>\n<p> Cet article, qui traite du th\u00e8me \u00ab\u00a0Festival Jazz et musique en mode guinguette\u00a0\u00bb, vous est d\u00e9lib\u00e9r\u00e9ment offert par festivox.fr. La raison d\u2019\u00eatre de festivox.fr est de parler de Festival Jazz et musique en mode guinguette dans la transparence la plus g\u00e9n\u00e9rale en vous procurant la visibilit\u00e9 de tout ce qui est publi\u00e9 sur ce sujet sur le web La chronique a \u00e9t\u00e9 g\u00e9n\u00e9r\u00e9e de la mani\u00e8re la plus honn\u00eate que possible. S\u2019il advenait que vous projetez d\u2019apporter quelques notes concernant le domaine de \u00ab\u00a0Festival Jazz et musique en mode guinguette\u00a0\u00bb vous avez la possibilit\u00e9 de d&rsquo;\u00e9changer avec notre r\u00e9daction. Dans peu de temps, on mettra en ligne d&rsquo;autres informations pertinentes autour du sujet \u00ab\u00a0Festival Jazz et musique en mode guinguette\u00a0\u00bb. Ainsi, consultez r\u00e9guli\u00e8rement notre site.<\/p>\n","protected":false},"excerpt":{"rendered":"<p>Cr\u00e9dits photo : Richard MelloulCette fois, c&rsquo;est vraiment la fin. Plus de fausse promesse. Et les 23.000 spectateurs ont un peu du mal \u00e0 le croire. Samedi soir, Michel Sardou donnait le premier de ses deux concerts \u00e0 Paris La D\u00e9fense Arena, en apoth\u00e9ose de sa (nouvelle) tourn\u00e9e d&rsquo;adieu, \u00ab\u00a0Je me souviens d&rsquo;un adieu\u00a0\u00bb. Il&hellip;<\/p>\n","protected":false},"author":1,"featured_media":754,"comment_status":"closed","ping_status":"closed","sticky":false,"template":"","format":"standard","meta":{"footnotes":""},"categories":[3],"tags":[],"class_list":["post-753","post","type-post","status-publish","format-standard","has-post-thumbnail","hentry","category-wiki-sur-festival-jazz-et-musique-en-mode-guinguette"],"yoast_head":"<!-- This site is optimized with the Yoast SEO plugin v27.5 - https:\/\/yoast.com\/product\/yoast-seo-wordpress\/ -->\n<title>On a vu les adieux de Michel Sardou \u00e0 Paris La D\u00e9fense Arena : notre avis - FESTIVOX<\/title>\n<meta name=\"robots\" content=\"index, follow, max-snippet:-1, max-image-preview:large, max-video-preview:-1\" \/>\n<link rel=\"canonical\" href=\"https:\/\/www.festivox.fr\/blog\/on-a-vu-les-adieux-de-michel-sardou-a-paris-la-defense-arena-notre-avis\/\" \/>\n<meta property=\"og:locale\" content=\"fr_FR\" \/>\n<meta property=\"og:type\" content=\"article\" \/>\n<meta property=\"og:title\" content=\"On a vu les adieux de Michel Sardou \u00e0 Paris La D\u00e9fense Arena : notre avis - FESTIVOX\" \/>\n<meta property=\"og:description\" content=\"Cr\u00e9dits photo : Richard MelloulCette fois, c&rsquo;est vraiment la fin. Plus de fausse promesse. Et les 23.000 spectateurs ont un peu du mal \u00e0 le croire. Samedi soir, Michel Sardou donnait le premier de ses deux concerts \u00e0 Paris La D\u00e9fense Arena, en apoth\u00e9ose de sa (nouvelle) tourn\u00e9e d&rsquo;adieu, \u00ab\u00a0Je me souviens d&rsquo;un adieu\u00a0\u00bb. Il&hellip;\" \/>\n<meta property=\"og:url\" content=\"https:\/\/www.festivox.fr\/blog\/on-a-vu-les-adieux-de-michel-sardou-a-paris-la-defense-arena-notre-avis\/\" \/>\n<meta property=\"og:site_name\" content=\"FESTIVOX\" \/>\n<meta property=\"article:published_time\" content=\"2024-03-18T07:26:00+00:00\" \/>\n<meta property=\"og:image\" content=\"https:\/\/www.festivox.fr\/blog\/wp-content\/uploads\/2024\/03\/on-a-vu-les-adieux-de-michel-sardou-a-paris-la-defense-arena-notre-avis.jpg\" \/>\n<meta name=\"author\" content=\"Michele\" \/>\n<meta name=\"twitter:card\" content=\"summary_large_image\" \/>\n<meta name=\"twitter:label1\" content=\"\u00c9crit par\" \/>\n\t<meta name=\"twitter:data1\" content=\"Michele\" \/>\n\t<meta name=\"twitter:label2\" content=\"Dur\u00e9e de lecture estim\u00e9e\" \/>\n\t<meta name=\"twitter:data2\" content=\"5 minutes\" \/>\n<script type=\"application\/ld+json\" class=\"yoast-schema-graph\">{\"@context\":\"https:\\\/\\\/schema.org\",\"@graph\":[{\"@type\":\"Article\",\"@id\":\"https:\\\/\\\/www.festivox.fr\\\/blog\\\/on-a-vu-les-adieux-de-michel-sardou-a-paris-la-defense-arena-notre-avis\\\/#article\",\"isPartOf\":{\"@id\":\"https:\\\/\\\/www.festivox.fr\\\/blog\\\/on-a-vu-les-adieux-de-michel-sardou-a-paris-la-defense-arena-notre-avis\\\/\"},\"author\":{\"name\":\"Michele\",\"@id\":\"https:\\\/\\\/www.festivox.fr\\\/blog\\\/#\\\/schema\\\/person\\\/f36a8b6bc94800c3eafed4bca993ce95\"},\"headline\":\"On a vu les adieux de Michel Sardou \u00e0 Paris La D\u00e9fense Arena : notre avis\",\"datePublished\":\"2024-03-18T07:26:00+00:00\",\"mainEntityOfPage\":{\"@id\":\"https:\\\/\\\/www.festivox.fr\\\/blog\\\/on-a-vu-les-adieux-de-michel-sardou-a-paris-la-defense-arena-notre-avis\\\/\"},\"wordCount\":1035,\"publisher\":{\"@id\":\"https:\\\/\\\/www.festivox.fr\\\/blog\\\/#organization\"},\"image\":{\"@id\":\"https:\\\/\\\/www.festivox.fr\\\/blog\\\/on-a-vu-les-adieux-de-michel-sardou-a-paris-la-defense-arena-notre-avis\\\/#primaryimage\"},\"thumbnailUrl\":\"https:\\\/\\\/www.festivox.fr\\\/blog\\\/wp-content\\\/uploads\\\/2024\\\/03\\\/on-a-vu-les-adieux-de-michel-sardou-a-paris-la-defense-arena-notre-avis.jpg\",\"articleSection\":[\"Wiki Sur Festival Jazz Et Musique En Mode Guinguette:\"],\"inLanguage\":\"fr-FR\"},{\"@type\":\"WebPage\",\"@id\":\"https:\\\/\\\/www.festivox.fr\\\/blog\\\/on-a-vu-les-adieux-de-michel-sardou-a-paris-la-defense-arena-notre-avis\\\/\",\"url\":\"https:\\\/\\\/www.festivox.fr\\\/blog\\\/on-a-vu-les-adieux-de-michel-sardou-a-paris-la-defense-arena-notre-avis\\\/\",\"name\":\"On a vu les adieux de Michel Sardou \u00e0 Paris La D\u00e9fense Arena : notre avis - FESTIVOX\",\"isPartOf\":{\"@id\":\"https:\\\/\\\/www.festivox.fr\\\/blog\\\/#website\"},\"primaryImageOfPage\":{\"@id\":\"https:\\\/\\\/www.festivox.fr\\\/blog\\\/on-a-vu-les-adieux-de-michel-sardou-a-paris-la-defense-arena-notre-avis\\\/#primaryimage\"},\"image\":{\"@id\":\"https:\\\/\\\/www.festivox.fr\\\/blog\\\/on-a-vu-les-adieux-de-michel-sardou-a-paris-la-defense-arena-notre-avis\\\/#primaryimage\"},\"thumbnailUrl\":\"https:\\\/\\\/www.festivox.fr\\\/blog\\\/wp-content\\\/uploads\\\/2024\\\/03\\\/on-a-vu-les-adieux-de-michel-sardou-a-paris-la-defense-arena-notre-avis.jpg\",\"datePublished\":\"2024-03-18T07:26:00+00:00\",\"breadcrumb\":{\"@id\":\"https:\\\/\\\/www.festivox.fr\\\/blog\\\/on-a-vu-les-adieux-de-michel-sardou-a-paris-la-defense-arena-notre-avis\\\/#breadcrumb\"},\"inLanguage\":\"fr-FR\",\"potentialAction\":[{\"@type\":\"ReadAction\",\"target\":[\"https:\\\/\\\/www.festivox.fr\\\/blog\\\/on-a-vu-les-adieux-de-michel-sardou-a-paris-la-defense-arena-notre-avis\\\/\"]}]},{\"@type\":\"ImageObject\",\"inLanguage\":\"fr-FR\",\"@id\":\"https:\\\/\\\/www.festivox.fr\\\/blog\\\/on-a-vu-les-adieux-de-michel-sardou-a-paris-la-defense-arena-notre-avis\\\/#primaryimage\",\"url\":\"https:\\\/\\\/www.festivox.fr\\\/blog\\\/wp-content\\\/uploads\\\/2024\\\/03\\\/on-a-vu-les-adieux-de-michel-sardou-a-paris-la-defense-arena-notre-avis.jpg\",\"contentUrl\":\"https:\\\/\\\/www.festivox.fr\\\/blog\\\/wp-content\\\/uploads\\\/2024\\\/03\\\/on-a-vu-les-adieux-de-michel-sardou-a-paris-la-defense-arena-notre-avis.jpg\",\"width\":574,\"height\":322},{\"@type\":\"BreadcrumbList\",\"@id\":\"https:\\\/\\\/www.festivox.fr\\\/blog\\\/on-a-vu-les-adieux-de-michel-sardou-a-paris-la-defense-arena-notre-avis\\\/#breadcrumb\",\"itemListElement\":[{\"@type\":\"ListItem\",\"position\":1,\"name\":\"Accueil\",\"item\":\"https:\\\/\\\/www.festivox.fr\\\/blog\\\/\"},{\"@type\":\"ListItem\",\"position\":2,\"name\":\"On a vu les adieux de Michel Sardou \u00e0 Paris La D\u00e9fense Arena : notre avis\"}]},{\"@type\":\"WebSite\",\"@id\":\"https:\\\/\\\/www.festivox.fr\\\/blog\\\/#website\",\"url\":\"https:\\\/\\\/www.festivox.fr\\\/blog\\\/\",\"name\":\"FESTIVOX\",\"description\":\"Festival en mode guinguette.\",\"publisher\":{\"@id\":\"https:\\\/\\\/www.festivox.fr\\\/blog\\\/#organization\"},\"potentialAction\":[{\"@type\":\"SearchAction\",\"target\":{\"@type\":\"EntryPoint\",\"urlTemplate\":\"https:\\\/\\\/www.festivox.fr\\\/blog\\\/?s={search_term_string}\"},\"query-input\":{\"@type\":\"PropertyValueSpecification\",\"valueRequired\":true,\"valueName\":\"search_term_string\"}}],\"inLanguage\":\"fr-FR\"},{\"@type\":\"Organization\",\"@id\":\"https:\\\/\\\/www.festivox.fr\\\/blog\\\/#organization\",\"name\":\"festivox\",\"url\":\"https:\\\/\\\/www.festivox.fr\\\/blog\\\/\",\"logo\":{\"@type\":\"ImageObject\",\"inLanguage\":\"fr-FR\",\"@id\":\"https:\\\/\\\/www.festivox.fr\\\/blog\\\/#\\\/schema\\\/logo\\\/image\\\/\",\"url\":\"https:\\\/\\\/www.festivox.fr\\\/blog\\\/wp-content\\\/uploads\\\/2023\\\/06\\\/logo-2.png\",\"contentUrl\":\"https:\\\/\\\/www.festivox.fr\\\/blog\\\/wp-content\\\/uploads\\\/2023\\\/06\\\/logo-2.png\",\"width\":480,\"height\":160,\"caption\":\"festivox\"},\"image\":{\"@id\":\"https:\\\/\\\/www.festivox.fr\\\/blog\\\/#\\\/schema\\\/logo\\\/image\\\/\"}},{\"@type\":\"Person\",\"@id\":\"https:\\\/\\\/www.festivox.fr\\\/blog\\\/#\\\/schema\\\/person\\\/f36a8b6bc94800c3eafed4bca993ce95\",\"name\":\"Michele\",\"image\":{\"@type\":\"ImageObject\",\"inLanguage\":\"fr-FR\",\"@id\":\"https:\\\/\\\/secure.gravatar.com\\\/avatar\\\/b062046536b5d47ec9075956ec349ef95ed06b0f910c578f74abb318668b702e?s=96&d=mm&r=g\",\"url\":\"https:\\\/\\\/secure.gravatar.com\\\/avatar\\\/b062046536b5d47ec9075956ec349ef95ed06b0f910c578f74abb318668b702e?s=96&d=mm&r=g\",\"contentUrl\":\"https:\\\/\\\/secure.gravatar.com\\\/avatar\\\/b062046536b5d47ec9075956ec349ef95ed06b0f910c578f74abb318668b702e?s=96&d=mm&r=g\",\"caption\":\"Michele\"},\"sameAs\":[\"https:\\\/\\\/www.festivox.fr\\\/blog\"],\"url\":\"https:\\\/\\\/www.festivox.fr\\\/blog\\\/author\\\/voxadmin\\\/\"}]}<\/script>\n<!-- \/ Yoast SEO plugin. -->","yoast_head_json":{"title":"On a vu les adieux de Michel Sardou \u00e0 Paris La D\u00e9fense Arena : notre avis - FESTIVOX","robots":{"index":"index","follow":"follow","max-snippet":"max-snippet:-1","max-image-preview":"max-image-preview:large","max-video-preview":"max-video-preview:-1"},"canonical":"https:\/\/www.festivox.fr\/blog\/on-a-vu-les-adieux-de-michel-sardou-a-paris-la-defense-arena-notre-avis\/","og_locale":"fr_FR","og_type":"article","og_title":"On a vu les adieux de Michel Sardou \u00e0 Paris La D\u00e9fense Arena : notre avis - FESTIVOX","og_description":"Cr\u00e9dits photo : Richard MelloulCette fois, c&rsquo;est vraiment la fin. Plus de fausse promesse. Et les 23.000 spectateurs ont un peu du mal \u00e0 le croire. Samedi soir, Michel Sardou donnait le premier de ses deux concerts \u00e0 Paris La D\u00e9fense Arena, en apoth\u00e9ose de sa (nouvelle) tourn\u00e9e d&rsquo;adieu, \u00ab\u00a0Je me souviens d&rsquo;un adieu\u00a0\u00bb. Il&hellip;","og_url":"https:\/\/www.festivox.fr\/blog\/on-a-vu-les-adieux-de-michel-sardou-a-paris-la-defense-arena-notre-avis\/","og_site_name":"FESTIVOX","article_published_time":"2024-03-18T07:26:00+00:00","og_image":[{"url":"https:\/\/www.festivox.fr\/blog\/wp-content\/uploads\/2024\/03\/on-a-vu-les-adieux-de-michel-sardou-a-paris-la-defense-arena-notre-avis.jpg","type":"","width":"","height":""}],"author":"Michele","twitter_card":"summary_large_image","twitter_misc":{"\u00c9crit par":"Michele","Dur\u00e9e de lecture estim\u00e9e":"5 minutes"},"schema":{"@context":"https:\/\/schema.org","@graph":[{"@type":"Article","@id":"https:\/\/www.festivox.fr\/blog\/on-a-vu-les-adieux-de-michel-sardou-a-paris-la-defense-arena-notre-avis\/#article","isPartOf":{"@id":"https:\/\/www.festivox.fr\/blog\/on-a-vu-les-adieux-de-michel-sardou-a-paris-la-defense-arena-notre-avis\/"},"author":{"name":"Michele","@id":"https:\/\/www.festivox.fr\/blog\/#\/schema\/person\/f36a8b6bc94800c3eafed4bca993ce95"},"headline":"On a vu les adieux de Michel Sardou \u00e0 Paris La D\u00e9fense Arena : notre avis","datePublished":"2024-03-18T07:26:00+00:00","mainEntityOfPage":{"@id":"https:\/\/www.festivox.fr\/blog\/on-a-vu-les-adieux-de-michel-sardou-a-paris-la-defense-arena-notre-avis\/"},"wordCount":1035,"publisher":{"@id":"https:\/\/www.festivox.fr\/blog\/#organization"},"image":{"@id":"https:\/\/www.festivox.fr\/blog\/on-a-vu-les-adieux-de-michel-sardou-a-paris-la-defense-arena-notre-avis\/#primaryimage"},"thumbnailUrl":"https:\/\/www.festivox.fr\/blog\/wp-content\/uploads\/2024\/03\/on-a-vu-les-adieux-de-michel-sardou-a-paris-la-defense-arena-notre-avis.jpg","articleSection":["Wiki Sur Festival Jazz Et Musique En Mode Guinguette:"],"inLanguage":"fr-FR"},{"@type":"WebPage","@id":"https:\/\/www.festivox.fr\/blog\/on-a-vu-les-adieux-de-michel-sardou-a-paris-la-defense-arena-notre-avis\/","url":"https:\/\/www.festivox.fr\/blog\/on-a-vu-les-adieux-de-michel-sardou-a-paris-la-defense-arena-notre-avis\/","name":"On a vu les adieux de Michel Sardou \u00e0 Paris La D\u00e9fense Arena : notre avis - FESTIVOX","isPartOf":{"@id":"https:\/\/www.festivox.fr\/blog\/#website"},"primaryImageOfPage":{"@id":"https:\/\/www.festivox.fr\/blog\/on-a-vu-les-adieux-de-michel-sardou-a-paris-la-defense-arena-notre-avis\/#primaryimage"},"image":{"@id":"https:\/\/www.festivox.fr\/blog\/on-a-vu-les-adieux-de-michel-sardou-a-paris-la-defense-arena-notre-avis\/#primaryimage"},"thumbnailUrl":"https:\/\/www.festivox.fr\/blog\/wp-content\/uploads\/2024\/03\/on-a-vu-les-adieux-de-michel-sardou-a-paris-la-defense-arena-notre-avis.jpg","datePublished":"2024-03-18T07:26:00+00:00","breadcrumb":{"@id":"https:\/\/www.festivox.fr\/blog\/on-a-vu-les-adieux-de-michel-sardou-a-paris-la-defense-arena-notre-avis\/#breadcrumb"},"inLanguage":"fr-FR","potentialAction":[{"@type":"ReadAction","target":["https:\/\/www.festivox.fr\/blog\/on-a-vu-les-adieux-de-michel-sardou-a-paris-la-defense-arena-notre-avis\/"]}]},{"@type":"ImageObject","inLanguage":"fr-FR","@id":"https:\/\/www.festivox.fr\/blog\/on-a-vu-les-adieux-de-michel-sardou-a-paris-la-defense-arena-notre-avis\/#primaryimage","url":"https:\/\/www.festivox.fr\/blog\/wp-content\/uploads\/2024\/03\/on-a-vu-les-adieux-de-michel-sardou-a-paris-la-defense-arena-notre-avis.jpg","contentUrl":"https:\/\/www.festivox.fr\/blog\/wp-content\/uploads\/2024\/03\/on-a-vu-les-adieux-de-michel-sardou-a-paris-la-defense-arena-notre-avis.jpg","width":574,"height":322},{"@type":"BreadcrumbList","@id":"https:\/\/www.festivox.fr\/blog\/on-a-vu-les-adieux-de-michel-sardou-a-paris-la-defense-arena-notre-avis\/#breadcrumb","itemListElement":[{"@type":"ListItem","position":1,"name":"Accueil","item":"https:\/\/www.festivox.fr\/blog\/"},{"@type":"ListItem","position":2,"name":"On a vu les adieux de Michel Sardou \u00e0 Paris La D\u00e9fense Arena : notre avis"}]},{"@type":"WebSite","@id":"https:\/\/www.festivox.fr\/blog\/#website","url":"https:\/\/www.festivox.fr\/blog\/","name":"FESTIVOX","description":"Festival en mode guinguette.","publisher":{"@id":"https:\/\/www.festivox.fr\/blog\/#organization"},"potentialAction":[{"@type":"SearchAction","target":{"@type":"EntryPoint","urlTemplate":"https:\/\/www.festivox.fr\/blog\/?s={search_term_string}"},"query-input":{"@type":"PropertyValueSpecification","valueRequired":true,"valueName":"search_term_string"}}],"inLanguage":"fr-FR"},{"@type":"Organization","@id":"https:\/\/www.festivox.fr\/blog\/#organization","name":"festivox","url":"https:\/\/www.festivox.fr\/blog\/","logo":{"@type":"ImageObject","inLanguage":"fr-FR","@id":"https:\/\/www.festivox.fr\/blog\/#\/schema\/logo\/image\/","url":"https:\/\/www.festivox.fr\/blog\/wp-content\/uploads\/2023\/06\/logo-2.png","contentUrl":"https:\/\/www.festivox.fr\/blog\/wp-content\/uploads\/2023\/06\/logo-2.png","width":480,"height":160,"caption":"festivox"},"image":{"@id":"https:\/\/www.festivox.fr\/blog\/#\/schema\/logo\/image\/"}},{"@type":"Person","@id":"https:\/\/www.festivox.fr\/blog\/#\/schema\/person\/f36a8b6bc94800c3eafed4bca993ce95","name":"Michele","image":{"@type":"ImageObject","inLanguage":"fr-FR","@id":"https:\/\/secure.gravatar.com\/avatar\/b062046536b5d47ec9075956ec349ef95ed06b0f910c578f74abb318668b702e?s=96&d=mm&r=g","url":"https:\/\/secure.gravatar.com\/avatar\/b062046536b5d47ec9075956ec349ef95ed06b0f910c578f74abb318668b702e?s=96&d=mm&r=g","contentUrl":"https:\/\/secure.gravatar.com\/avatar\/b062046536b5d47ec9075956ec349ef95ed06b0f910c578f74abb318668b702e?s=96&d=mm&r=g","caption":"Michele"},"sameAs":["https:\/\/www.festivox.fr\/blog"],"url":"https:\/\/www.festivox.fr\/blog\/author\/voxadmin\/"}]}},"_links":{"self":[{"href":"https:\/\/www.festivox.fr\/blog\/wp-json\/wp\/v2\/posts\/753","targetHints":{"allow":["GET"]}}],"collection":[{"href":"https:\/\/www.festivox.fr\/blog\/wp-json\/wp\/v2\/posts"}],"about":[{"href":"https:\/\/www.festivox.fr\/blog\/wp-json\/wp\/v2\/types\/post"}],"author":[{"embeddable":true,"href":"https:\/\/www.festivox.fr\/blog\/wp-json\/wp\/v2\/users\/1"}],"replies":[{"embeddable":true,"href":"https:\/\/www.festivox.fr\/blog\/wp-json\/wp\/v2\/comments?post=753"}],"version-history":[{"count":0,"href":"https:\/\/www.festivox.fr\/blog\/wp-json\/wp\/v2\/posts\/753\/revisions"}],"wp:featuredmedia":[{"embeddable":true,"href":"https:\/\/www.festivox.fr\/blog\/wp-json\/wp\/v2\/media\/754"}],"wp:attachment":[{"href":"https:\/\/www.festivox.fr\/blog\/wp-json\/wp\/v2\/media?parent=753"}],"wp:term":[{"taxonomy":"category","embeddable":true,"href":"https:\/\/www.festivox.fr\/blog\/wp-json\/wp\/v2\/categories?post=753"},{"taxonomy":"post_tag","embeddable":true,"href":"https:\/\/www.festivox.fr\/blog\/wp-json\/wp\/v2\/tags?post=753"}],"curies":[{"name":"wp","href":"https:\/\/api.w.org\/{rel}","templated":true}]}}