{"id":749,"date":"2024-03-27T18:39:00","date_gmt":"2024-03-27T17:39:00","guid":{"rendered":"https:\/\/www.festivox.fr\/blog\/la-rochelle-jean-marc-desbois-chante-la-charente-maritime\/"},"modified":"2024-03-27T18:39:00","modified_gmt":"2024-03-27T17:39:00","slug":"la-rochelle-jean-marc-desbois-chante-la-charente-maritime","status":"publish","type":"post","link":"https:\/\/www.festivox.fr\/blog\/la-rochelle-jean-marc-desbois-chante-la-charente-maritime\/","title":{"rendered":"La Rochelle : Jean-Marc Desbois chante la Charente-Maritime"},"content":{"rendered":"\n<div>\n<p><span class=\"lettrine-true\">U<\/span>ne balade jalonn\u00e9e de ballades. Tout un spectacle de chansons, en fran\u00e7ais, qui raconte l\u2019histoire de la Charente-Maritime, son patrimoine, ses paysages, ses villes et ses villages. Apr\u00e8s avoir chant\u00e9 La&nbsp;Rochelle pendant pr\u00e8s de quinze ans (\u00ab En passant par La&nbsp;Rochelle&nbsp;\u00bb), Jean-Marc Desbois clame d\u00e9sormais son amour pour son \u00ab&nbsp;pa\u00efs&nbsp;\u00bb \u00e0 lui, d\u2019Aunis&#8230;<\/p>\n<\/div>\n<div>\n<p><span class=\"lettrine-true\">U<\/span>ne balade jalonn\u00e9e de ballades. Tout un spectacle de chansons, en fran\u00e7ais, qui raconte l\u2019histoire de la Charente-Maritime, son patrimoine, ses paysages, ses villes et ses villages. Apr\u00e8s avoir chant\u00e9 La&nbsp;Rochelle pendant pr\u00e8s de quinze ans (\u00ab En passant par La&nbsp;Rochelle&nbsp;\u00bb), Jean-Marc Desbois clame d\u00e9sormais son amour pour son \u00ab&nbsp;pa\u00efs&nbsp;\u00bb \u00e0 lui, d\u2019Aunis et de Saintonge. L\u2019id\u00e9e lui a \u00e9t\u00e9 souffl\u00e9e il y a deux ans par deux muses int\u00e9ress\u00e9es.<\/p>\n<p>\u00ab&nbsp;Un jour, \u00e0 la fin d\u2019un spectacle, St\u00e9phane Villain et Boris Sallaud [le pr\u00e9sident de Charentes Tourisme et le directeur Culture du D\u00e9partement] sont venus me voir en me disant que c\u2019\u00e9tait g\u00e9nial et qu\u2019il faudrait cr\u00e9er un autre spectacle \u00e0 l\u2019\u00e9chelle du d\u00e9partement. C\u2019est parti comme \u00e7a.&nbsp;\u00bb<\/p>\n<p>Et le chanteur-auteur-compositeur de cogiter \u00ab&nbsp;tout un hiver&nbsp;\u00bb pour trouver la bonne formule. Car, si relater le pass\u00e9 de La&nbsp;Rochelle en une heure trente est d\u00e9j\u00e0 une gageure, mettre en musique le volumineux livre d\u2019histoire de la Charente-Maritime ressemble plus \u00e0 un tour de force qu\u2019\u00e0 un tour de chant. D\u2019autant que l\u2019artiste a veill\u00e9 \u00e0 ne pas se contenter d\u2019une carte postale musicale d\u00e9crivant les \u00eeles et le littoral. \u00ab&nbsp;Je n\u2019ai pas oubli\u00e9 l\u2019int\u00e9rieur, confie Jean-Marc Desbois. Il y a des paysans de mer, mais aussi des paysans de terre, \u00e0 qui je rends hommage.&nbsp;\u00bb<\/p>\n<h2 class=\"article-subtitle\">De Nino Ferrer \u00e0 Tri Yann<\/h2>\n<p>Le r\u00e9cital (1), m\u00ealant une dizaine de reprises et de compositions personnelles, retrace les grandes lignes de l\u2019histoire locale, de Pierrette \u00e0 Saint-C\u00e9saire (\u00ab notre premi\u00e8re Miss France&nbsp;!&nbsp;\u00bb) \u00e0 Mediolanum Santonum (Saintes), de la fondation de Rochefort au bombardement de Royan en 1945. Il \u00e9voque les marais, la Venise verte, Port-d\u2019Envaux, Aulnay, Talmont.<\/p>\n<figure class=\"medium\"> <img decoding=\"async\" id=\"19128770\" src=\"https:\/\/www.festivox.fr\/blog\/wp-content\/uploads\/2024\/03\/la-rochelle-jean-marc-desbois-chante-la-charente-maritime.jpg\" alt=\"Le chanteur guitariste est accompagn\u00e9 sur sc\u00e8ne de Magali Zsigmond \u00e0 la harpe, Mathias Guerry au violon et \u00c9ric Proud \u00e0 l\u2019accord\u00e9on.\"><figcaption class=\"caption\">    <span>Le chanteur guitariste est accompagn\u00e9 sur sc\u00e8ne de Magali Zsigmond \u00e0 la harpe, Mathias Guerry au violon et \u00c9ric Proud \u00e0 l\u2019accord\u00e9on.<\/span> <\/p>\n<p>Marie Monteiro<\/p>\n<\/figcaption><\/figure>\n<p>Il d\u00e9peint Royan sur l\u2019air de \u00ab&nbsp;La Rua Madureira&nbsp;\u00bb de Nino Ferrer, Rochefort avec la \u00ab&nbsp;La Chanson de Maxence&nbsp;\u00bb tir\u00e9e des \u00ab&nbsp;Demoiselles de Rochefort&nbsp;\u00bb, les \u00e9glises romanes avec \u00ab&nbsp;Si mort a mors&nbsp;\u00bb de Tri Yann, sans \u00e9luder la p\u00e9riode esclavagiste de La&nbsp;Rochelle avec une adaptation de \u00ab&nbsp;Hallelujah&nbsp;\u00bb de Leonard Cohen.<\/p>\n<p>La \u00ab&nbsp;ballade irlandaise&nbsp;\u00bb de Renaud conclut sur une note d\u2019espoir cette \u00ab&nbsp;fantaisie musicale, historique et touristique&nbsp;\u00bb, produite par Cristal Production, avec le soutien du D\u00e9partement. Cr\u00e9\u00e9 \u00e0 Rivedoux en septembre dernier, le spectacle sera pr\u00e9sent\u00e9 le 14&nbsp;juin \u00e0 la salle des f\u00eates de Rioux. En attendant d\u2019autres dates, \u00e0 venir.<\/p>\n<p><em>(1) Jean-Marc Desbois \u00e0 la guitare et au chant, Magali Zsigmond \u00e0 la harpe, Mathias Guerry au violon, \u00c9ric Proud \u00e0 l\u2019accord\u00e9on.<\/em><\/p>\n<p><h2> Nougaro sur vinyle<br \/>\n<\/h2>\n<p>Apr\u00e8s avoir chant\u00e9 Claude Nougaro sur sc\u00e8ne pendant des ann\u00e9es, Jean-Marc Desbois a franchi le seuil du studio. Le Rochelais rend hommage au Toulousain dans un album vinyle enregistr\u00e9 avec le big band de Michel Delage. Il offre des adaptations de neuf chansons de Nougaro, des standards tels que \u00ab&nbsp;Le jazz et la java&nbsp;\u00bb ou \u00ab&nbsp;Le cin\u00e9ma&nbsp;\u00bb, et des p\u00e9pites m\u00e9connues comme \u00ab&nbsp;Chanson pour Maryline&nbsp;\u00bb. Jean-Marc Desbois les pr\u00e9sentera en concert le 3&nbsp;ao\u00fbt au lac de Frace \u00e0 Aigrefeuille-d\u2019Aunis et le 18&nbsp;octobre \u00e0 l\u2019Eden \u00e0 Saint-Jean-d\u2019Ang\u00e9ly. <br \/>Sur tous les fronts, l\u2019artiste travaille aussi actuellement \u00e0 la cr\u00e9ation d\u2019une reprise de chansons fran\u00e7aises (Aznavour, Ferrat, Reggiani, Hallyday, etc.) en version symphonique, sous la baguette de Francis Gardr\u00e9, directeur de l\u2019orchestre symphonique des Vals de Saintonge. Des concerts sont pr\u00e9vus \u00e0 partir du mois de septembre.<\/p>\n<\/p><\/div>\n<p> Cet article, qui traite du th\u00e8me \u00ab\u00a0Festival Jazz et musique en mode guinguette\u00a0\u00bb, vous est d\u00e9lib\u00e9r\u00e9ment offert par festivox.fr. La raison d\u2019\u00eatre de festivox.fr est de parler de Festival Jazz et musique en mode guinguette dans la transparence la plus g\u00e9n\u00e9rale en vous procurant la visibilit\u00e9 de tout ce qui est publi\u00e9 sur ce sujet sur le web La chronique a \u00e9t\u00e9 g\u00e9n\u00e9r\u00e9e de la mani\u00e8re la plus honn\u00eate que possible. S\u2019il advenait que vous projetez d\u2019apporter quelques notes concernant le domaine de \u00ab\u00a0Festival Jazz et musique en mode guinguette\u00a0\u00bb vous avez la possibilit\u00e9 de d&rsquo;\u00e9changer avec notre r\u00e9daction. Dans peu de temps, on mettra en ligne d&rsquo;autres informations pertinentes autour du sujet \u00ab\u00a0Festival Jazz et musique en mode guinguette\u00a0\u00bb. Ainsi, consultez r\u00e9guli\u00e8rement notre site.<\/p>\n","protected":false},"excerpt":{"rendered":"<p>Une balade jalonn\u00e9e de ballades. Tout un spectacle de chansons, en fran\u00e7ais, qui raconte l\u2019histoire de la Charente-Maritime, son patrimoine, ses paysages, ses villes et ses villages. Apr\u00e8s avoir chant\u00e9 La&nbsp;Rochelle pendant pr\u00e8s de quinze ans (\u00ab En passant par La&nbsp;Rochelle&nbsp;\u00bb), Jean-Marc Desbois clame d\u00e9sormais son amour pour son \u00ab&nbsp;pa\u00efs&nbsp;\u00bb \u00e0 lui, d\u2019Aunis&#8230; Une balade&hellip;<\/p>\n","protected":false},"author":1,"featured_media":750,"comment_status":"closed","ping_status":"closed","sticky":false,"template":"","format":"standard","meta":{"footnotes":""},"categories":[3],"tags":[],"class_list":["post-749","post","type-post","status-publish","format-standard","has-post-thumbnail","hentry","category-wiki-sur-festival-jazz-et-musique-en-mode-guinguette"],"yoast_head":"<!-- This site is optimized with the Yoast SEO plugin v27.5 - https:\/\/yoast.com\/product\/yoast-seo-wordpress\/ -->\n<title>La Rochelle : Jean-Marc Desbois chante la Charente-Maritime - FESTIVOX<\/title>\n<meta name=\"robots\" content=\"index, follow, max-snippet:-1, max-image-preview:large, max-video-preview:-1\" \/>\n<link rel=\"canonical\" href=\"https:\/\/www.festivox.fr\/blog\/la-rochelle-jean-marc-desbois-chante-la-charente-maritime\/\" \/>\n<meta property=\"og:locale\" content=\"fr_FR\" \/>\n<meta property=\"og:type\" content=\"article\" \/>\n<meta property=\"og:title\" content=\"La Rochelle : Jean-Marc Desbois chante la Charente-Maritime - FESTIVOX\" \/>\n<meta property=\"og:description\" content=\"Une balade jalonn\u00e9e de ballades. Tout un spectacle de chansons, en fran\u00e7ais, qui raconte l\u2019histoire de la Charente-Maritime, son patrimoine, ses paysages, ses villes et ses villages. Apr\u00e8s avoir chant\u00e9 La&nbsp;Rochelle pendant pr\u00e8s de quinze ans (\u00ab En passant par La&nbsp;Rochelle&nbsp;\u00bb), Jean-Marc Desbois clame d\u00e9sormais son amour pour son \u00ab&nbsp;pa\u00efs&nbsp;\u00bb \u00e0 lui, d\u2019Aunis&#8230; Une balade&hellip;\" \/>\n<meta property=\"og:url\" content=\"https:\/\/www.festivox.fr\/blog\/la-rochelle-jean-marc-desbois-chante-la-charente-maritime\/\" \/>\n<meta property=\"og:site_name\" content=\"FESTIVOX\" \/>\n<meta property=\"article:published_time\" content=\"2024-03-27T17:39:00+00:00\" \/>\n<meta property=\"og:image\" content=\"https:\/\/www.festivox.fr\/blog\/wp-content\/uploads\/2024\/03\/la-rochelle-jean-marc-desbois-chante-la-charente-maritime.jpg\" \/>\n<meta name=\"author\" content=\"Michele\" \/>\n<meta name=\"twitter:card\" content=\"summary_large_image\" \/>\n<meta name=\"twitter:label1\" content=\"\u00c9crit par\" \/>\n\t<meta name=\"twitter:data1\" content=\"Michele\" \/>\n\t<meta name=\"twitter:label2\" content=\"Dur\u00e9e de lecture estim\u00e9e\" \/>\n\t<meta name=\"twitter:data2\" content=\"4 minutes\" \/>\n<script type=\"application\/ld+json\" class=\"yoast-schema-graph\">{\"@context\":\"https:\\\/\\\/schema.org\",\"@graph\":[{\"@type\":\"Article\",\"@id\":\"https:\\\/\\\/www.festivox.fr\\\/blog\\\/la-rochelle-jean-marc-desbois-chante-la-charente-maritime\\\/#article\",\"isPartOf\":{\"@id\":\"https:\\\/\\\/www.festivox.fr\\\/blog\\\/la-rochelle-jean-marc-desbois-chante-la-charente-maritime\\\/\"},\"author\":{\"name\":\"Michele\",\"@id\":\"https:\\\/\\\/www.festivox.fr\\\/blog\\\/#\\\/schema\\\/person\\\/f36a8b6bc94800c3eafed4bca993ce95\"},\"headline\":\"La Rochelle : Jean-Marc Desbois chante la Charente-Maritime\",\"datePublished\":\"2024-03-27T17:39:00+00:00\",\"mainEntityOfPage\":{\"@id\":\"https:\\\/\\\/www.festivox.fr\\\/blog\\\/la-rochelle-jean-marc-desbois-chante-la-charente-maritime\\\/\"},\"wordCount\":860,\"publisher\":{\"@id\":\"https:\\\/\\\/www.festivox.fr\\\/blog\\\/#organization\"},\"image\":{\"@id\":\"https:\\\/\\\/www.festivox.fr\\\/blog\\\/la-rochelle-jean-marc-desbois-chante-la-charente-maritime\\\/#primaryimage\"},\"thumbnailUrl\":\"https:\\\/\\\/www.festivox.fr\\\/blog\\\/wp-content\\\/uploads\\\/2024\\\/03\\\/la-rochelle-jean-marc-desbois-chante-la-charente-maritime.jpg\",\"articleSection\":[\"Wiki Sur Festival Jazz Et Musique En Mode Guinguette:\"],\"inLanguage\":\"fr-FR\"},{\"@type\":\"WebPage\",\"@id\":\"https:\\\/\\\/www.festivox.fr\\\/blog\\\/la-rochelle-jean-marc-desbois-chante-la-charente-maritime\\\/\",\"url\":\"https:\\\/\\\/www.festivox.fr\\\/blog\\\/la-rochelle-jean-marc-desbois-chante-la-charente-maritime\\\/\",\"name\":\"La Rochelle : Jean-Marc Desbois chante la Charente-Maritime - FESTIVOX\",\"isPartOf\":{\"@id\":\"https:\\\/\\\/www.festivox.fr\\\/blog\\\/#website\"},\"primaryImageOfPage\":{\"@id\":\"https:\\\/\\\/www.festivox.fr\\\/blog\\\/la-rochelle-jean-marc-desbois-chante-la-charente-maritime\\\/#primaryimage\"},\"image\":{\"@id\":\"https:\\\/\\\/www.festivox.fr\\\/blog\\\/la-rochelle-jean-marc-desbois-chante-la-charente-maritime\\\/#primaryimage\"},\"thumbnailUrl\":\"https:\\\/\\\/www.festivox.fr\\\/blog\\\/wp-content\\\/uploads\\\/2024\\\/03\\\/la-rochelle-jean-marc-desbois-chante-la-charente-maritime.jpg\",\"datePublished\":\"2024-03-27T17:39:00+00:00\",\"breadcrumb\":{\"@id\":\"https:\\\/\\\/www.festivox.fr\\\/blog\\\/la-rochelle-jean-marc-desbois-chante-la-charente-maritime\\\/#breadcrumb\"},\"inLanguage\":\"fr-FR\",\"potentialAction\":[{\"@type\":\"ReadAction\",\"target\":[\"https:\\\/\\\/www.festivox.fr\\\/blog\\\/la-rochelle-jean-marc-desbois-chante-la-charente-maritime\\\/\"]}]},{\"@type\":\"ImageObject\",\"inLanguage\":\"fr-FR\",\"@id\":\"https:\\\/\\\/www.festivox.fr\\\/blog\\\/la-rochelle-jean-marc-desbois-chante-la-charente-maritime\\\/#primaryimage\",\"url\":\"https:\\\/\\\/www.festivox.fr\\\/blog\\\/wp-content\\\/uploads\\\/2024\\\/03\\\/la-rochelle-jean-marc-desbois-chante-la-charente-maritime.jpg\",\"contentUrl\":\"https:\\\/\\\/www.festivox.fr\\\/blog\\\/wp-content\\\/uploads\\\/2024\\\/03\\\/la-rochelle-jean-marc-desbois-chante-la-charente-maritime.jpg\",\"width\":1200,\"height\":890},{\"@type\":\"BreadcrumbList\",\"@id\":\"https:\\\/\\\/www.festivox.fr\\\/blog\\\/la-rochelle-jean-marc-desbois-chante-la-charente-maritime\\\/#breadcrumb\",\"itemListElement\":[{\"@type\":\"ListItem\",\"position\":1,\"name\":\"Accueil\",\"item\":\"https:\\\/\\\/www.festivox.fr\\\/blog\\\/\"},{\"@type\":\"ListItem\",\"position\":2,\"name\":\"La Rochelle : Jean-Marc Desbois chante la Charente-Maritime\"}]},{\"@type\":\"WebSite\",\"@id\":\"https:\\\/\\\/www.festivox.fr\\\/blog\\\/#website\",\"url\":\"https:\\\/\\\/www.festivox.fr\\\/blog\\\/\",\"name\":\"FESTIVOX\",\"description\":\"Festival en mode guinguette.\",\"publisher\":{\"@id\":\"https:\\\/\\\/www.festivox.fr\\\/blog\\\/#organization\"},\"potentialAction\":[{\"@type\":\"SearchAction\",\"target\":{\"@type\":\"EntryPoint\",\"urlTemplate\":\"https:\\\/\\\/www.festivox.fr\\\/blog\\\/?s={search_term_string}\"},\"query-input\":{\"@type\":\"PropertyValueSpecification\",\"valueRequired\":true,\"valueName\":\"search_term_string\"}}],\"inLanguage\":\"fr-FR\"},{\"@type\":\"Organization\",\"@id\":\"https:\\\/\\\/www.festivox.fr\\\/blog\\\/#organization\",\"name\":\"festivox\",\"url\":\"https:\\\/\\\/www.festivox.fr\\\/blog\\\/\",\"logo\":{\"@type\":\"ImageObject\",\"inLanguage\":\"fr-FR\",\"@id\":\"https:\\\/\\\/www.festivox.fr\\\/blog\\\/#\\\/schema\\\/logo\\\/image\\\/\",\"url\":\"https:\\\/\\\/www.festivox.fr\\\/blog\\\/wp-content\\\/uploads\\\/2023\\\/06\\\/logo-2.png\",\"contentUrl\":\"https:\\\/\\\/www.festivox.fr\\\/blog\\\/wp-content\\\/uploads\\\/2023\\\/06\\\/logo-2.png\",\"width\":480,\"height\":160,\"caption\":\"festivox\"},\"image\":{\"@id\":\"https:\\\/\\\/www.festivox.fr\\\/blog\\\/#\\\/schema\\\/logo\\\/image\\\/\"}},{\"@type\":\"Person\",\"@id\":\"https:\\\/\\\/www.festivox.fr\\\/blog\\\/#\\\/schema\\\/person\\\/f36a8b6bc94800c3eafed4bca993ce95\",\"name\":\"Michele\",\"image\":{\"@type\":\"ImageObject\",\"inLanguage\":\"fr-FR\",\"@id\":\"https:\\\/\\\/secure.gravatar.com\\\/avatar\\\/b062046536b5d47ec9075956ec349ef95ed06b0f910c578f74abb318668b702e?s=96&d=mm&r=g\",\"url\":\"https:\\\/\\\/secure.gravatar.com\\\/avatar\\\/b062046536b5d47ec9075956ec349ef95ed06b0f910c578f74abb318668b702e?s=96&d=mm&r=g\",\"contentUrl\":\"https:\\\/\\\/secure.gravatar.com\\\/avatar\\\/b062046536b5d47ec9075956ec349ef95ed06b0f910c578f74abb318668b702e?s=96&d=mm&r=g\",\"caption\":\"Michele\"},\"sameAs\":[\"https:\\\/\\\/www.festivox.fr\\\/blog\"],\"url\":\"https:\\\/\\\/www.festivox.fr\\\/blog\\\/author\\\/voxadmin\\\/\"}]}<\/script>\n<!-- \/ Yoast SEO plugin. -->","yoast_head_json":{"title":"La Rochelle : Jean-Marc Desbois chante la Charente-Maritime - FESTIVOX","robots":{"index":"index","follow":"follow","max-snippet":"max-snippet:-1","max-image-preview":"max-image-preview:large","max-video-preview":"max-video-preview:-1"},"canonical":"https:\/\/www.festivox.fr\/blog\/la-rochelle-jean-marc-desbois-chante-la-charente-maritime\/","og_locale":"fr_FR","og_type":"article","og_title":"La Rochelle : Jean-Marc Desbois chante la Charente-Maritime - FESTIVOX","og_description":"Une balade jalonn\u00e9e de ballades. Tout un spectacle de chansons, en fran\u00e7ais, qui raconte l\u2019histoire de la Charente-Maritime, son patrimoine, ses paysages, ses villes et ses villages. Apr\u00e8s avoir chant\u00e9 La&nbsp;Rochelle pendant pr\u00e8s de quinze ans (\u00ab En passant par La&nbsp;Rochelle&nbsp;\u00bb), Jean-Marc Desbois clame d\u00e9sormais son amour pour son \u00ab&nbsp;pa\u00efs&nbsp;\u00bb \u00e0 lui, d\u2019Aunis&#8230; Une balade&hellip;","og_url":"https:\/\/www.festivox.fr\/blog\/la-rochelle-jean-marc-desbois-chante-la-charente-maritime\/","og_site_name":"FESTIVOX","article_published_time":"2024-03-27T17:39:00+00:00","og_image":[{"url":"https:\/\/www.festivox.fr\/blog\/wp-content\/uploads\/2024\/03\/la-rochelle-jean-marc-desbois-chante-la-charente-maritime.jpg","type":"","width":"","height":""}],"author":"Michele","twitter_card":"summary_large_image","twitter_misc":{"\u00c9crit par":"Michele","Dur\u00e9e de lecture estim\u00e9e":"4 minutes"},"schema":{"@context":"https:\/\/schema.org","@graph":[{"@type":"Article","@id":"https:\/\/www.festivox.fr\/blog\/la-rochelle-jean-marc-desbois-chante-la-charente-maritime\/#article","isPartOf":{"@id":"https:\/\/www.festivox.fr\/blog\/la-rochelle-jean-marc-desbois-chante-la-charente-maritime\/"},"author":{"name":"Michele","@id":"https:\/\/www.festivox.fr\/blog\/#\/schema\/person\/f36a8b6bc94800c3eafed4bca993ce95"},"headline":"La Rochelle : Jean-Marc Desbois chante la Charente-Maritime","datePublished":"2024-03-27T17:39:00+00:00","mainEntityOfPage":{"@id":"https:\/\/www.festivox.fr\/blog\/la-rochelle-jean-marc-desbois-chante-la-charente-maritime\/"},"wordCount":860,"publisher":{"@id":"https:\/\/www.festivox.fr\/blog\/#organization"},"image":{"@id":"https:\/\/www.festivox.fr\/blog\/la-rochelle-jean-marc-desbois-chante-la-charente-maritime\/#primaryimage"},"thumbnailUrl":"https:\/\/www.festivox.fr\/blog\/wp-content\/uploads\/2024\/03\/la-rochelle-jean-marc-desbois-chante-la-charente-maritime.jpg","articleSection":["Wiki Sur Festival Jazz Et Musique En Mode Guinguette:"],"inLanguage":"fr-FR"},{"@type":"WebPage","@id":"https:\/\/www.festivox.fr\/blog\/la-rochelle-jean-marc-desbois-chante-la-charente-maritime\/","url":"https:\/\/www.festivox.fr\/blog\/la-rochelle-jean-marc-desbois-chante-la-charente-maritime\/","name":"La Rochelle : Jean-Marc Desbois chante la Charente-Maritime - FESTIVOX","isPartOf":{"@id":"https:\/\/www.festivox.fr\/blog\/#website"},"primaryImageOfPage":{"@id":"https:\/\/www.festivox.fr\/blog\/la-rochelle-jean-marc-desbois-chante-la-charente-maritime\/#primaryimage"},"image":{"@id":"https:\/\/www.festivox.fr\/blog\/la-rochelle-jean-marc-desbois-chante-la-charente-maritime\/#primaryimage"},"thumbnailUrl":"https:\/\/www.festivox.fr\/blog\/wp-content\/uploads\/2024\/03\/la-rochelle-jean-marc-desbois-chante-la-charente-maritime.jpg","datePublished":"2024-03-27T17:39:00+00:00","breadcrumb":{"@id":"https:\/\/www.festivox.fr\/blog\/la-rochelle-jean-marc-desbois-chante-la-charente-maritime\/#breadcrumb"},"inLanguage":"fr-FR","potentialAction":[{"@type":"ReadAction","target":["https:\/\/www.festivox.fr\/blog\/la-rochelle-jean-marc-desbois-chante-la-charente-maritime\/"]}]},{"@type":"ImageObject","inLanguage":"fr-FR","@id":"https:\/\/www.festivox.fr\/blog\/la-rochelle-jean-marc-desbois-chante-la-charente-maritime\/#primaryimage","url":"https:\/\/www.festivox.fr\/blog\/wp-content\/uploads\/2024\/03\/la-rochelle-jean-marc-desbois-chante-la-charente-maritime.jpg","contentUrl":"https:\/\/www.festivox.fr\/blog\/wp-content\/uploads\/2024\/03\/la-rochelle-jean-marc-desbois-chante-la-charente-maritime.jpg","width":1200,"height":890},{"@type":"BreadcrumbList","@id":"https:\/\/www.festivox.fr\/blog\/la-rochelle-jean-marc-desbois-chante-la-charente-maritime\/#breadcrumb","itemListElement":[{"@type":"ListItem","position":1,"name":"Accueil","item":"https:\/\/www.festivox.fr\/blog\/"},{"@type":"ListItem","position":2,"name":"La Rochelle : Jean-Marc Desbois chante la Charente-Maritime"}]},{"@type":"WebSite","@id":"https:\/\/www.festivox.fr\/blog\/#website","url":"https:\/\/www.festivox.fr\/blog\/","name":"FESTIVOX","description":"Festival en mode guinguette.","publisher":{"@id":"https:\/\/www.festivox.fr\/blog\/#organization"},"potentialAction":[{"@type":"SearchAction","target":{"@type":"EntryPoint","urlTemplate":"https:\/\/www.festivox.fr\/blog\/?s={search_term_string}"},"query-input":{"@type":"PropertyValueSpecification","valueRequired":true,"valueName":"search_term_string"}}],"inLanguage":"fr-FR"},{"@type":"Organization","@id":"https:\/\/www.festivox.fr\/blog\/#organization","name":"festivox","url":"https:\/\/www.festivox.fr\/blog\/","logo":{"@type":"ImageObject","inLanguage":"fr-FR","@id":"https:\/\/www.festivox.fr\/blog\/#\/schema\/logo\/image\/","url":"https:\/\/www.festivox.fr\/blog\/wp-content\/uploads\/2023\/06\/logo-2.png","contentUrl":"https:\/\/www.festivox.fr\/blog\/wp-content\/uploads\/2023\/06\/logo-2.png","width":480,"height":160,"caption":"festivox"},"image":{"@id":"https:\/\/www.festivox.fr\/blog\/#\/schema\/logo\/image\/"}},{"@type":"Person","@id":"https:\/\/www.festivox.fr\/blog\/#\/schema\/person\/f36a8b6bc94800c3eafed4bca993ce95","name":"Michele","image":{"@type":"ImageObject","inLanguage":"fr-FR","@id":"https:\/\/secure.gravatar.com\/avatar\/b062046536b5d47ec9075956ec349ef95ed06b0f910c578f74abb318668b702e?s=96&d=mm&r=g","url":"https:\/\/secure.gravatar.com\/avatar\/b062046536b5d47ec9075956ec349ef95ed06b0f910c578f74abb318668b702e?s=96&d=mm&r=g","contentUrl":"https:\/\/secure.gravatar.com\/avatar\/b062046536b5d47ec9075956ec349ef95ed06b0f910c578f74abb318668b702e?s=96&d=mm&r=g","caption":"Michele"},"sameAs":["https:\/\/www.festivox.fr\/blog"],"url":"https:\/\/www.festivox.fr\/blog\/author\/voxadmin\/"}]}},"_links":{"self":[{"href":"https:\/\/www.festivox.fr\/blog\/wp-json\/wp\/v2\/posts\/749","targetHints":{"allow":["GET"]}}],"collection":[{"href":"https:\/\/www.festivox.fr\/blog\/wp-json\/wp\/v2\/posts"}],"about":[{"href":"https:\/\/www.festivox.fr\/blog\/wp-json\/wp\/v2\/types\/post"}],"author":[{"embeddable":true,"href":"https:\/\/www.festivox.fr\/blog\/wp-json\/wp\/v2\/users\/1"}],"replies":[{"embeddable":true,"href":"https:\/\/www.festivox.fr\/blog\/wp-json\/wp\/v2\/comments?post=749"}],"version-history":[{"count":0,"href":"https:\/\/www.festivox.fr\/blog\/wp-json\/wp\/v2\/posts\/749\/revisions"}],"wp:featuredmedia":[{"embeddable":true,"href":"https:\/\/www.festivox.fr\/blog\/wp-json\/wp\/v2\/media\/750"}],"wp:attachment":[{"href":"https:\/\/www.festivox.fr\/blog\/wp-json\/wp\/v2\/media?parent=749"}],"wp:term":[{"taxonomy":"category","embeddable":true,"href":"https:\/\/www.festivox.fr\/blog\/wp-json\/wp\/v2\/categories?post=749"},{"taxonomy":"post_tag","embeddable":true,"href":"https:\/\/www.festivox.fr\/blog\/wp-json\/wp\/v2\/tags?post=749"}],"curies":[{"name":"wp","href":"https:\/\/api.w.org\/{rel}","templated":true}]}}