{"id":747,"date":"2024-03-05T09:32:00","date_gmt":"2024-03-05T08:32:00","guid":{"rendered":"https:\/\/www.festivox.fr\/blog\/jordan-clarkson-marque-a-nouveau-lhistoire-du-jazz\/"},"modified":"2024-03-05T09:32:00","modified_gmt":"2024-03-05T08:32:00","slug":"jordan-clarkson-marque-a-nouveau-lhistoire-du-jazz","status":"publish","type":"post","link":"https:\/\/www.festivox.fr\/blog\/jordan-clarkson-marque-a-nouveau-lhistoire-du-jazz\/","title":{"rendered":"Jordan Clarkson marque \u00e0 nouveau l\u2019histoire du Jazz"},"content":{"rendered":"\n<p><img loading=\"lazy\" decoding=\"async\" class=\"aligncenter size-full wp-image-715826\" src=\"https:\/\/www.festivox.fr\/blog\/wp-content\/uploads\/2024\/03\/jordan-clarkson-marque-a-nouveau-lhistoire-du-jazz.jpg\" alt=\"Jordan Clarkson\" width=\"1200\" height=\"800\"><a href=\"https:\/\/www.basketusa.com\/news\/710205\/jordan-clarkson-histoire-jazz-triple-double\/\" target=\"_blank\" rel=\"nofollow\">D\u00e9but janvier<\/a>, <strong>Jordan Clarkson<\/strong> marquait l\u2019histoire du Jazz en signant son premier triple-double en carri\u00e8re, et le premier de sa franchise depuis 2008. Deux mois plus tard, <a href=\"https:\/\/www.basketusa.com\/news\/resumes\/715794\/stats-highlights-kings-sabordent-bulls-nets-gachent\/\" target=\"_blank\" rel=\"nofollow\">face aux Wizards<\/a>, l\u2019arri\u00e8re a \u00e9crit une nouvelle page dans les livres de la franchise bas\u00e9e dans l\u2019Utah.<\/p>\n<p>Alors que sa formation \u00e9tait malmen\u00e9e par la pire \u00e9quipe de la ligue, le rempla\u00e7ant a sign\u00e9 une nouvelle orgie offensive. Apr\u00e8s n\u2019avoir pris qu\u2019un seul tir lors du premier quart-temps, <a href=\"https:\/\/www.basketusa.com\/joueurs\/jordan-clarkson\/\" target=\"_blank\" rel=\"nofollow\">le joueur de 31 ans<\/a> a commenc\u00e9 \u00e0 s\u00e9rieusement chauffer dans le second. Plus \u00e0 la peine dans le troisi\u00e8me, il a converti cinq de ses six tentatives pour faire basculer la rencontre en faveur du Jazz dans le \u00ab money time \u00bb.<\/p>\n<p> <ins class=\"adsbygoogle adsense_inarticle\" data-ad-layout=\"in-article\" data-ad-format=\"fluid\" data-ad-client=\"ca-pub-0823650221184260\" data-ad-slot=\"9980857254\"><\/ins> <\/p>\n<h3>Une superbe ligne de stats<\/h3>\n<p>Avec, \u00e0 l\u2019arriv\u00e9e, 38 points (13\/26 aux tirs dont 4\/9 de loin, et 8\/9 sur la ligne) en 36 minutes. Son record personnel cette saison, mais \u00e9galement un record de franchise pour le plus grand nombre de matchs \u00e0 30 points ou plus en sortant du banc du Jazz. Le pr\u00e9c\u00e9dent record appartenait \u00e0 Thurl Bailey, qui n\u2019a pas manqu\u00e9 de le lui faire remarquer \u00e0 l\u2019issue de la rencontre, <a href=\"https:\/\/twitter.com\/utahjazz\/status\/1764873300705251623?ref_src=twsrc%5Etfw%7Ctwcamp%5Etweetembed%7Ctwterm%5E1764873300705251623%7Ctwgr%5E80345d02a40345534cdce74f77bdc548ebe3a499%7Ctwcon%5Es1_&amp;ref_url=https%3A%2F%2Fkslsports.com%2F512149%2Fjordan-clarkson-history-for-jazz%2F\" target=\"_blank\" rel=\"nofollow\">en l\u2019interviewant<\/a>.<\/p>\n<p>Celui-ci, \u00e0 la fin des ann\u00e9es 1980, avait notamment termin\u00e9 deuxi\u00e8me, \u00e0 deux reprises, dans la course au troph\u00e9e de meilleur 6e homme de la ligue, avec pr\u00e8s de 20 points de moyenne. La grosse soir\u00e9e de son successeur, vainqueur, lui, de ce troph\u00e9e en 2021, a \u00e9t\u00e9 salu\u00e9e par son coach Will Hardy qui se dit \u00ab <em>franchement plus fier de ses 10 rebonds <\/em>\u00bb capt\u00e9 que son nombre de points inscrits.<\/p>\n<p>Son joueur a en effet sign\u00e9 son 6e double-double de la saison, en ajoutant m\u00eame \u00e0 ses rebonds 7 passes d\u00e9cisives \u00e0 sa ligne de statistiques. Voir un rempla\u00e7ant avec une telle production est du jamais vu dans l\u2019histoire.<\/p>\n<h3>Le digne h\u00e9ritier de Jamal Crawford et Lou Williams<\/h3>\n<p>\u00ab <em>Cela marque le temps que j\u2019ai pass\u00e9 ici, dans l\u2019Utah. Le fait de gagner le titre de 6e homme de l\u2019ann\u00e9e et toutes ces choses jouent un r\u00f4le dans l\u2019histoire et la culture qui se construisent ici. Je suis heureux d\u2019en faire partie, d\u2019avoir mon nom dans tous ces livres<\/em> \u00bb, <a href=\"https:\/\/www.youtube.com\/watch?v=0lns1Idz8_E\" target=\"_blank\" rel=\"nofollow\">appr\u00e9cie le joueur<\/a> qui dit \u00eatre en contact permanent avec \u00ab <em>Jamal<\/em> \u00bb Crawford et avoir profit\u00e9 de l\u2019exp\u00e9rience de Lou Williams ou JR Smith pour \u00eatre \u00e0 ce point performant en sortie de banc.<\/p>\n<p>\u00ab <em>Mon impact dans cette ligue est quelque chose que j\u2019ai vraiment essay\u00e9 de d\u00e9velopper en sortant du banc et en influen\u00e7ant le jeu dans ce domaine<\/em> \u00bb, termine Jordan Clarkson qui tourne encore \u00e0 17 points de moyenne cette saison.<\/p>\n<p>[embedded content]<\/p>\n<table cellpadding=\"0\" cellspacing=\"0\" border=\"0\" id=\"box-stats\">\n<tr class=\"column\">\n<th class=\"team_name\" colspan=\"4\">Jordan Clarkson<\/th>\n<th class=\"section\" colspan=\"3\" title=\"Tirs\">Pourcentage<\/th>\n<th class=\"section\" colspan=\"3\" title=\"Rebonds\">Rebonds<\/th>\n<th title colspan=\"6\"><\/th>\n<\/tr>\n<tr class=\"section_title\">\n<th scope=\"col\">Saison<\/th>\n<th scope=\"col\">Equipe<\/th>\n<th scope=\"col\">MJ<\/th>\n<th scope=\"col\">Min<\/th>\n<th scope=\"col\">Tirs<\/th>\n<th scope=\"col\">3pts<\/th>\n<th scope=\"col\">LF<\/th>\n<th scope=\"col\">Off<\/th>\n<th scope=\"col\">Def<\/th>\n<th scope=\"col\">Tot<\/th>\n<th scope=\"col\">Pd<\/th>\n<th scope=\"col\">Fte<\/th>\n<th scope=\"col\">Int<\/th>\n<th scope=\"col\">Bp<\/th>\n<th scope=\"col\">Ct<\/th>\n<th scope=\"col\">Pts<\/th>\n<\/tr>\n<tr class=\"line_1\">\n<td class=\"title\">2014-15<\/td>\n<td class=\"title\">LAL<\/td>\n<td>59<\/td>\n<td>25<\/td>\n<td title=\"267\/595\">44.8<\/td>\n<td title=\"37\/120\">31.4<\/td>\n<td title=\"130\/158\">82.9<\/td>\n<td>1.0<\/td>\n<td>2.3<\/td>\n<td>3.2<\/td>\n<td>3.5<\/td>\n<td>1.9<\/td>\n<td>0.9<\/td>\n<td>1.6<\/td>\n<td>0.2<\/td>\n<td class=\"sort-by\">11.9<\/td>\n<\/tr>\n<tr class=\"line_2\">\n<td class=\"title\">2015-16<\/td>\n<td class=\"title\">LAL<\/td>\n<td>79<\/td>\n<td>32<\/td>\n<td title=\"474\/1098\">43.3<\/td>\n<td title=\"111\/319\">34.7<\/td>\n<td title=\"164\/203\">80.4<\/td>\n<td>1.2<\/td>\n<td>2.8<\/td>\n<td>4.0<\/td>\n<td>2.4<\/td>\n<td>2.1<\/td>\n<td>1.1<\/td>\n<td>1.7<\/td>\n<td>0.1<\/td>\n<td class=\"sort-by\">15.5<\/td>\n<\/tr>\n<tr class=\"line_1\">\n<td class=\"title\">2016-17<\/td>\n<td class=\"title\">LAL<\/td>\n<td>82<\/td>\n<td>29<\/td>\n<td title=\"477\/1070\">44.5<\/td>\n<td title=\"117\/355\">32.9<\/td>\n<td title=\"133\/168\">79.8<\/td>\n<td>0.6<\/td>\n<td>2.4<\/td>\n<td>3.0<\/td>\n<td>2.6<\/td>\n<td>1.8<\/td>\n<td>1.1<\/td>\n<td>2.0<\/td>\n<td>0.1<\/td>\n<td class=\"sort-by\">14.7<\/td>\n<\/tr>\n<tr class=\"line_2\">\n<td class=\"title\">2017-18 *<\/td>\n<td class=\"title\">All Teams<\/td>\n<td>81<\/td>\n<td>23<\/td>\n<td title=\"430\/954\">45.1<\/td>\n<td title=\"111\/318\">35.2<\/td>\n<td title=\"152\/190\">80.0<\/td>\n<td>0.7<\/td>\n<td>2.0<\/td>\n<td>2.7<\/td>\n<td>2.7<\/td>\n<td>1.3<\/td>\n<td>0.7<\/td>\n<td>1.6<\/td>\n<td>0.1<\/td>\n<td class=\"sort-by\">13.9<\/td>\n<\/tr>\n<tr class=\"line_1\">\n<td class=\"title\">2017-18 *<\/td>\n<td class=\"title\">LAL<\/td>\n<td>53<\/td>\n<td>24<\/td>\n<td title=\"298\/666\">44.8<\/td>\n<td title=\"67\/209\">32.4<\/td>\n<td title=\"104\/131\">79.5<\/td>\n<td>0.8<\/td>\n<td>2.2<\/td>\n<td>3.0<\/td>\n<td>3.3<\/td>\n<td>1.2<\/td>\n<td>0.7<\/td>\n<td>1.8<\/td>\n<td>0.1<\/td>\n<td class=\"sort-by\">14.6<\/td>\n<\/tr>\n<tr class=\"line_2\">\n<td class=\"title\">2017-18 *<\/td>\n<td class=\"title\">CLE<\/td>\n<td>28<\/td>\n<td>23<\/td>\n<td title=\"131\/287\">45.6<\/td>\n<td title=\"43\/108\">40.7<\/td>\n<td title=\"47\/57\">81.0<\/td>\n<td>0.5<\/td>\n<td>1.6<\/td>\n<td>2.1<\/td>\n<td>1.7<\/td>\n<td>1.6<\/td>\n<td>0.7<\/td>\n<td>1.1<\/td>\n<td>0.1<\/td>\n<td class=\"sort-by\">12.6<\/td>\n<\/tr>\n<tr class=\"line_1\">\n<td class=\"title\">2018-19<\/td>\n<td class=\"title\">CLE<\/td>\n<td>81<\/td>\n<td>27<\/td>\n<td title=\"528\/1180\">44.8<\/td>\n<td title=\"144\/444\">32.4<\/td>\n<td title=\"162\/191\">84.4<\/td>\n<td>1.0<\/td>\n<td>2.3<\/td>\n<td>3.3<\/td>\n<td>2.4<\/td>\n<td>1.4<\/td>\n<td>0.7<\/td>\n<td>1.7<\/td>\n<td>0.2<\/td>\n<td class=\"sort-by\">16.8<\/td>\n<\/tr>\n<tr class=\"line_2\">\n<td class=\"title\">2019-20 *<\/td>\n<td class=\"title\">All Teams<\/td>\n<td>71<\/td>\n<td>24<\/td>\n<td title=\"394\/866\">45.4<\/td>\n<td title=\"151\/413\">36.8<\/td>\n<td title=\"137\/164\">83.6<\/td>\n<td>0.7<\/td>\n<td>1.9<\/td>\n<td>2.6<\/td>\n<td>1.9<\/td>\n<td>1.5<\/td>\n<td>0.7<\/td>\n<td>1.4<\/td>\n<td>0.2<\/td>\n<td class=\"sort-by\">15.2<\/td>\n<\/tr>\n<tr class=\"line_1\">\n<td class=\"title\">2019-20 *<\/td>\n<td class=\"title\">UTH<\/td>\n<td>42<\/td>\n<td>25<\/td>\n<td title=\"249\/540\">46.2<\/td>\n<td title=\"92\/254\">36.6<\/td>\n<td title=\"62\/78\">78.5<\/td>\n<td>0.7<\/td>\n<td>2.1<\/td>\n<td>2.8<\/td>\n<td>1.6<\/td>\n<td>1.8<\/td>\n<td>0.7<\/td>\n<td>1.4<\/td>\n<td>0.2<\/td>\n<td class=\"sort-by\">15.6<\/td>\n<\/tr>\n<tr class=\"line_2\">\n<td class=\"title\">2019-20 *<\/td>\n<td class=\"title\">CLE<\/td>\n<td>29<\/td>\n<td>23<\/td>\n<td title=\"144\/325\">44.2<\/td>\n<td title=\"58\/158\">37.1<\/td>\n<td title=\"75\/86\">88.4<\/td>\n<td>0.7<\/td>\n<td>1.7<\/td>\n<td>2.4<\/td>\n<td>2.4<\/td>\n<td>1.1<\/td>\n<td>0.6<\/td>\n<td>1.3<\/td>\n<td>0.3<\/td>\n<td class=\"sort-by\">14.6<\/td>\n<\/tr>\n<tr class=\"line_1\">\n<td class=\"title\">2020-21<\/td>\n<td class=\"title\">UTH<\/td>\n<td>68<\/td>\n<td>27<\/td>\n<td title=\"456\/1075\">42.5<\/td>\n<td title=\"208\/599\">34.7<\/td>\n<td title=\"129\/144\">89.6<\/td>\n<td>0.7<\/td>\n<td>3.3<\/td>\n<td>4.0<\/td>\n<td>2.5<\/td>\n<td>1.6<\/td>\n<td>0.9<\/td>\n<td>1.7<\/td>\n<td>0.2<\/td>\n<td class=\"sort-by\">18.4<\/td>\n<\/tr>\n<tr class=\"line_2\">\n<td class=\"title\">2021-22<\/td>\n<td class=\"title\">UTH<\/td>\n<td>79<\/td>\n<td>27<\/td>\n<td title=\"466\/1113\">41.9<\/td>\n<td title=\"190\/597\">31.8<\/td>\n<td title=\"143\/173\">82.8<\/td>\n<td>0.9<\/td>\n<td>2.6<\/td>\n<td>3.5<\/td>\n<td>2.5<\/td>\n<td>1.9<\/td>\n<td>0.8<\/td>\n<td>1.6<\/td>\n<td>0.2<\/td>\n<td class=\"sort-by\">16.0<\/td>\n<\/tr>\n<tr class=\"line_1\">\n<td class=\"title\">2022-23<\/td>\n<td class=\"title\">UTH<\/td>\n<td>61<\/td>\n<td>33<\/td>\n<td title=\"458\/1030\">44.4<\/td>\n<td title=\"154\/458\">33.8<\/td>\n<td title=\"200\/245\">81.6<\/td>\n<td>1.2<\/td>\n<td>2.9<\/td>\n<td>4.0<\/td>\n<td>4.4<\/td>\n<td>2.0<\/td>\n<td>0.5<\/td>\n<td>3.1<\/td>\n<td>0.2<\/td>\n<td class=\"sort-by\">20.8<\/td>\n<\/tr>\n<tr class=\"line_2\">\n<td class=\"title\">2023-24<\/td>\n<td class=\"title\">UTH<\/td>\n<td>55<\/td>\n<td>31<\/td>\n<td title=\"337\/816\">41.3<\/td>\n<td title=\"90\/309\">29.4<\/td>\n<td title=\"177\/200\">88.1<\/td>\n<td>0.9<\/td>\n<td>2.5<\/td>\n<td>3.4<\/td>\n<td>5.0<\/td>\n<td>1.5<\/td>\n<td>0.6<\/td>\n<td>2.7<\/td>\n<td>0.1<\/td>\n<td class=\"sort-by\">17.1<\/td>\n<\/tr>\n<tr class=\"line_1\">\n<td class=\"title\">Total<\/td>\n<td class=\"title\">&nbsp;<\/td>\n<td>716<\/td>\n<td>28<\/td>\n<td title=\"4288\/9802\">43.8<\/td>\n<td title=\"1317\/3938\">33.5<\/td>\n<td title=\"1532\/1840\">83.2<\/td>\n<td>0.9<\/td>\n<td>2.5<\/td>\n<td>3.4<\/td>\n<td>2.9<\/td>\n<td>1.7<\/td>\n<td>0.8<\/td>\n<td>1.9<\/td>\n<td>0.2<\/td>\n<td class=\"sort-by\">16.0<\/td>\n<\/tr>\n<\/table>\n<p><strong>Comment lire les stats ?<\/strong> MJ = matches jou\u00e9s ; Min = Minutes ; Tirs = Tirs r\u00e9ussis \/ Tirs tent\u00e9s ; 3pts = 3-points \/ 3-points tent\u00e9s ; LF = lancers-francs r\u00e9ussis \/ lancers-francs tent\u00e9s ; Off = rebond offensif ; Def= rebond d\u00e9fensif ; Tot = Total des rebonds ; Pd = passes d\u00e9cisives ; Fte : Fautes personnelles ; Int = Interceptions ; Bp = Balles perdues ; Ct : Contres ; Pts = Points.<\/p>\n<p> Cet article, qui traite du th\u00e8me \u00ab\u00a0Festival Jazz et musique en mode guinguette\u00a0\u00bb, vous est d\u00e9lib\u00e9r\u00e9ment offert par festivox.fr. La raison d\u2019\u00eatre de festivox.fr est de parler de Festival Jazz et musique en mode guinguette dans la transparence la plus g\u00e9n\u00e9rale en vous procurant la visibilit\u00e9 de tout ce qui est publi\u00e9 sur ce sujet sur le web La chronique a \u00e9t\u00e9 g\u00e9n\u00e9r\u00e9e de la mani\u00e8re la plus honn\u00eate que possible. S\u2019il advenait que vous projetez d\u2019apporter quelques notes concernant le domaine de \u00ab\u00a0Festival Jazz et musique en mode guinguette\u00a0\u00bb vous avez la possibilit\u00e9 de d&rsquo;\u00e9changer avec notre r\u00e9daction. Dans peu de temps, on mettra en ligne d&rsquo;autres informations pertinentes autour du sujet \u00ab\u00a0Festival Jazz et musique en mode guinguette\u00a0\u00bb. Ainsi, consultez r\u00e9guli\u00e8rement notre site.<\/p>\n","protected":false},"excerpt":{"rendered":"<p>D\u00e9but janvier, Jordan Clarkson marquait l\u2019histoire du Jazz en signant son premier triple-double en carri\u00e8re, et le premier de sa franchise depuis 2008. Deux mois plus tard, face aux Wizards, l\u2019arri\u00e8re a \u00e9crit une nouvelle page dans les livres de la franchise bas\u00e9e dans l\u2019Utah. Alors que sa formation \u00e9tait malmen\u00e9e par la pire \u00e9quipe&hellip;<\/p>\n","protected":false},"author":1,"featured_media":748,"comment_status":"closed","ping_status":"closed","sticky":false,"template":"","format":"standard","meta":{"footnotes":""},"categories":[3],"tags":[],"class_list":["post-747","post","type-post","status-publish","format-standard","has-post-thumbnail","hentry","category-wiki-sur-festival-jazz-et-musique-en-mode-guinguette"],"yoast_head":"<!-- This site is optimized with the Yoast SEO plugin v27.5 - https:\/\/yoast.com\/product\/yoast-seo-wordpress\/ -->\n<title>Jordan Clarkson marque \u00e0 nouveau l\u2019histoire du Jazz - FESTIVOX<\/title>\n<meta name=\"robots\" content=\"index, follow, max-snippet:-1, max-image-preview:large, max-video-preview:-1\" \/>\n<link rel=\"canonical\" href=\"https:\/\/www.festivox.fr\/blog\/jordan-clarkson-marque-a-nouveau-lhistoire-du-jazz\/\" \/>\n<meta property=\"og:locale\" content=\"fr_FR\" \/>\n<meta property=\"og:type\" content=\"article\" \/>\n<meta property=\"og:title\" content=\"Jordan Clarkson marque \u00e0 nouveau l\u2019histoire du Jazz - FESTIVOX\" \/>\n<meta property=\"og:description\" content=\"D\u00e9but janvier, Jordan Clarkson marquait l\u2019histoire du Jazz en signant son premier triple-double en carri\u00e8re, et le premier de sa franchise depuis 2008. Deux mois plus tard, face aux Wizards, l\u2019arri\u00e8re a \u00e9crit une nouvelle page dans les livres de la franchise bas\u00e9e dans l\u2019Utah. Alors que sa formation \u00e9tait malmen\u00e9e par la pire \u00e9quipe&hellip;\" \/>\n<meta property=\"og:url\" content=\"https:\/\/www.festivox.fr\/blog\/jordan-clarkson-marque-a-nouveau-lhistoire-du-jazz\/\" \/>\n<meta property=\"og:site_name\" content=\"FESTIVOX\" \/>\n<meta property=\"article:published_time\" content=\"2024-03-05T08:32:00+00:00\" \/>\n<meta property=\"og:image\" content=\"https:\/\/www.festivox.fr\/blog\/wp-content\/uploads\/2024\/03\/jordan-clarkson-marque-a-nouveau-lhistoire-du-jazz.jpg\" \/>\n<meta name=\"author\" content=\"Michele\" \/>\n<meta name=\"twitter:card\" content=\"summary_large_image\" \/>\n<meta name=\"twitter:label1\" content=\"\u00c9crit par\" \/>\n\t<meta name=\"twitter:data1\" content=\"Michele\" \/>\n\t<meta name=\"twitter:label2\" content=\"Dur\u00e9e de lecture estim\u00e9e\" \/>\n\t<meta name=\"twitter:data2\" content=\"4 minutes\" \/>\n<script type=\"application\/ld+json\" class=\"yoast-schema-graph\">{\"@context\":\"https:\\\/\\\/schema.org\",\"@graph\":[{\"@type\":\"Article\",\"@id\":\"https:\\\/\\\/www.festivox.fr\\\/blog\\\/jordan-clarkson-marque-a-nouveau-lhistoire-du-jazz\\\/#article\",\"isPartOf\":{\"@id\":\"https:\\\/\\\/www.festivox.fr\\\/blog\\\/jordan-clarkson-marque-a-nouveau-lhistoire-du-jazz\\\/\"},\"author\":{\"name\":\"Michele\",\"@id\":\"https:\\\/\\\/www.festivox.fr\\\/blog\\\/#\\\/schema\\\/person\\\/f36a8b6bc94800c3eafed4bca993ce95\"},\"headline\":\"Jordan Clarkson marque \u00e0 nouveau l\u2019histoire du Jazz\",\"datePublished\":\"2024-03-05T08:32:00+00:00\",\"mainEntityOfPage\":{\"@id\":\"https:\\\/\\\/www.festivox.fr\\\/blog\\\/jordan-clarkson-marque-a-nouveau-lhistoire-du-jazz\\\/\"},\"wordCount\":719,\"publisher\":{\"@id\":\"https:\\\/\\\/www.festivox.fr\\\/blog\\\/#organization\"},\"image\":{\"@id\":\"https:\\\/\\\/www.festivox.fr\\\/blog\\\/jordan-clarkson-marque-a-nouveau-lhistoire-du-jazz\\\/#primaryimage\"},\"thumbnailUrl\":\"https:\\\/\\\/www.festivox.fr\\\/blog\\\/wp-content\\\/uploads\\\/2024\\\/03\\\/jordan-clarkson-marque-a-nouveau-lhistoire-du-jazz.jpg\",\"articleSection\":[\"Wiki Sur Festival Jazz Et Musique En Mode Guinguette:\"],\"inLanguage\":\"fr-FR\"},{\"@type\":\"WebPage\",\"@id\":\"https:\\\/\\\/www.festivox.fr\\\/blog\\\/jordan-clarkson-marque-a-nouveau-lhistoire-du-jazz\\\/\",\"url\":\"https:\\\/\\\/www.festivox.fr\\\/blog\\\/jordan-clarkson-marque-a-nouveau-lhistoire-du-jazz\\\/\",\"name\":\"Jordan Clarkson marque \u00e0 nouveau l\u2019histoire du Jazz - FESTIVOX\",\"isPartOf\":{\"@id\":\"https:\\\/\\\/www.festivox.fr\\\/blog\\\/#website\"},\"primaryImageOfPage\":{\"@id\":\"https:\\\/\\\/www.festivox.fr\\\/blog\\\/jordan-clarkson-marque-a-nouveau-lhistoire-du-jazz\\\/#primaryimage\"},\"image\":{\"@id\":\"https:\\\/\\\/www.festivox.fr\\\/blog\\\/jordan-clarkson-marque-a-nouveau-lhistoire-du-jazz\\\/#primaryimage\"},\"thumbnailUrl\":\"https:\\\/\\\/www.festivox.fr\\\/blog\\\/wp-content\\\/uploads\\\/2024\\\/03\\\/jordan-clarkson-marque-a-nouveau-lhistoire-du-jazz.jpg\",\"datePublished\":\"2024-03-05T08:32:00+00:00\",\"breadcrumb\":{\"@id\":\"https:\\\/\\\/www.festivox.fr\\\/blog\\\/jordan-clarkson-marque-a-nouveau-lhistoire-du-jazz\\\/#breadcrumb\"},\"inLanguage\":\"fr-FR\",\"potentialAction\":[{\"@type\":\"ReadAction\",\"target\":[\"https:\\\/\\\/www.festivox.fr\\\/blog\\\/jordan-clarkson-marque-a-nouveau-lhistoire-du-jazz\\\/\"]}]},{\"@type\":\"ImageObject\",\"inLanguage\":\"fr-FR\",\"@id\":\"https:\\\/\\\/www.festivox.fr\\\/blog\\\/jordan-clarkson-marque-a-nouveau-lhistoire-du-jazz\\\/#primaryimage\",\"url\":\"https:\\\/\\\/www.festivox.fr\\\/blog\\\/wp-content\\\/uploads\\\/2024\\\/03\\\/jordan-clarkson-marque-a-nouveau-lhistoire-du-jazz.jpg\",\"contentUrl\":\"https:\\\/\\\/www.festivox.fr\\\/blog\\\/wp-content\\\/uploads\\\/2024\\\/03\\\/jordan-clarkson-marque-a-nouveau-lhistoire-du-jazz.jpg\",\"width\":1200,\"height\":800},{\"@type\":\"BreadcrumbList\",\"@id\":\"https:\\\/\\\/www.festivox.fr\\\/blog\\\/jordan-clarkson-marque-a-nouveau-lhistoire-du-jazz\\\/#breadcrumb\",\"itemListElement\":[{\"@type\":\"ListItem\",\"position\":1,\"name\":\"Accueil\",\"item\":\"https:\\\/\\\/www.festivox.fr\\\/blog\\\/\"},{\"@type\":\"ListItem\",\"position\":2,\"name\":\"Jordan Clarkson marque \u00e0 nouveau l\u2019histoire du Jazz\"}]},{\"@type\":\"WebSite\",\"@id\":\"https:\\\/\\\/www.festivox.fr\\\/blog\\\/#website\",\"url\":\"https:\\\/\\\/www.festivox.fr\\\/blog\\\/\",\"name\":\"FESTIVOX\",\"description\":\"Festival en mode guinguette.\",\"publisher\":{\"@id\":\"https:\\\/\\\/www.festivox.fr\\\/blog\\\/#organization\"},\"potentialAction\":[{\"@type\":\"SearchAction\",\"target\":{\"@type\":\"EntryPoint\",\"urlTemplate\":\"https:\\\/\\\/www.festivox.fr\\\/blog\\\/?s={search_term_string}\"},\"query-input\":{\"@type\":\"PropertyValueSpecification\",\"valueRequired\":true,\"valueName\":\"search_term_string\"}}],\"inLanguage\":\"fr-FR\"},{\"@type\":\"Organization\",\"@id\":\"https:\\\/\\\/www.festivox.fr\\\/blog\\\/#organization\",\"name\":\"festivox\",\"url\":\"https:\\\/\\\/www.festivox.fr\\\/blog\\\/\",\"logo\":{\"@type\":\"ImageObject\",\"inLanguage\":\"fr-FR\",\"@id\":\"https:\\\/\\\/www.festivox.fr\\\/blog\\\/#\\\/schema\\\/logo\\\/image\\\/\",\"url\":\"https:\\\/\\\/www.festivox.fr\\\/blog\\\/wp-content\\\/uploads\\\/2023\\\/06\\\/logo-2.png\",\"contentUrl\":\"https:\\\/\\\/www.festivox.fr\\\/blog\\\/wp-content\\\/uploads\\\/2023\\\/06\\\/logo-2.png\",\"width\":480,\"height\":160,\"caption\":\"festivox\"},\"image\":{\"@id\":\"https:\\\/\\\/www.festivox.fr\\\/blog\\\/#\\\/schema\\\/logo\\\/image\\\/\"}},{\"@type\":\"Person\",\"@id\":\"https:\\\/\\\/www.festivox.fr\\\/blog\\\/#\\\/schema\\\/person\\\/f36a8b6bc94800c3eafed4bca993ce95\",\"name\":\"Michele\",\"image\":{\"@type\":\"ImageObject\",\"inLanguage\":\"fr-FR\",\"@id\":\"https:\\\/\\\/secure.gravatar.com\\\/avatar\\\/b062046536b5d47ec9075956ec349ef95ed06b0f910c578f74abb318668b702e?s=96&d=mm&r=g\",\"url\":\"https:\\\/\\\/secure.gravatar.com\\\/avatar\\\/b062046536b5d47ec9075956ec349ef95ed06b0f910c578f74abb318668b702e?s=96&d=mm&r=g\",\"contentUrl\":\"https:\\\/\\\/secure.gravatar.com\\\/avatar\\\/b062046536b5d47ec9075956ec349ef95ed06b0f910c578f74abb318668b702e?s=96&d=mm&r=g\",\"caption\":\"Michele\"},\"sameAs\":[\"https:\\\/\\\/www.festivox.fr\\\/blog\"],\"url\":\"https:\\\/\\\/www.festivox.fr\\\/blog\\\/author\\\/voxadmin\\\/\"}]}<\/script>\n<!-- \/ Yoast SEO plugin. -->","yoast_head_json":{"title":"Jordan Clarkson marque \u00e0 nouveau l\u2019histoire du Jazz - FESTIVOX","robots":{"index":"index","follow":"follow","max-snippet":"max-snippet:-1","max-image-preview":"max-image-preview:large","max-video-preview":"max-video-preview:-1"},"canonical":"https:\/\/www.festivox.fr\/blog\/jordan-clarkson-marque-a-nouveau-lhistoire-du-jazz\/","og_locale":"fr_FR","og_type":"article","og_title":"Jordan Clarkson marque \u00e0 nouveau l\u2019histoire du Jazz - FESTIVOX","og_description":"D\u00e9but janvier, Jordan Clarkson marquait l\u2019histoire du Jazz en signant son premier triple-double en carri\u00e8re, et le premier de sa franchise depuis 2008. Deux mois plus tard, face aux Wizards, l\u2019arri\u00e8re a \u00e9crit une nouvelle page dans les livres de la franchise bas\u00e9e dans l\u2019Utah. Alors que sa formation \u00e9tait malmen\u00e9e par la pire \u00e9quipe&hellip;","og_url":"https:\/\/www.festivox.fr\/blog\/jordan-clarkson-marque-a-nouveau-lhistoire-du-jazz\/","og_site_name":"FESTIVOX","article_published_time":"2024-03-05T08:32:00+00:00","og_image":[{"url":"https:\/\/www.festivox.fr\/blog\/wp-content\/uploads\/2024\/03\/jordan-clarkson-marque-a-nouveau-lhistoire-du-jazz.jpg","type":"","width":"","height":""}],"author":"Michele","twitter_card":"summary_large_image","twitter_misc":{"\u00c9crit par":"Michele","Dur\u00e9e de lecture estim\u00e9e":"4 minutes"},"schema":{"@context":"https:\/\/schema.org","@graph":[{"@type":"Article","@id":"https:\/\/www.festivox.fr\/blog\/jordan-clarkson-marque-a-nouveau-lhistoire-du-jazz\/#article","isPartOf":{"@id":"https:\/\/www.festivox.fr\/blog\/jordan-clarkson-marque-a-nouveau-lhistoire-du-jazz\/"},"author":{"name":"Michele","@id":"https:\/\/www.festivox.fr\/blog\/#\/schema\/person\/f36a8b6bc94800c3eafed4bca993ce95"},"headline":"Jordan Clarkson marque \u00e0 nouveau l\u2019histoire du Jazz","datePublished":"2024-03-05T08:32:00+00:00","mainEntityOfPage":{"@id":"https:\/\/www.festivox.fr\/blog\/jordan-clarkson-marque-a-nouveau-lhistoire-du-jazz\/"},"wordCount":719,"publisher":{"@id":"https:\/\/www.festivox.fr\/blog\/#organization"},"image":{"@id":"https:\/\/www.festivox.fr\/blog\/jordan-clarkson-marque-a-nouveau-lhistoire-du-jazz\/#primaryimage"},"thumbnailUrl":"https:\/\/www.festivox.fr\/blog\/wp-content\/uploads\/2024\/03\/jordan-clarkson-marque-a-nouveau-lhistoire-du-jazz.jpg","articleSection":["Wiki Sur Festival Jazz Et Musique En Mode Guinguette:"],"inLanguage":"fr-FR"},{"@type":"WebPage","@id":"https:\/\/www.festivox.fr\/blog\/jordan-clarkson-marque-a-nouveau-lhistoire-du-jazz\/","url":"https:\/\/www.festivox.fr\/blog\/jordan-clarkson-marque-a-nouveau-lhistoire-du-jazz\/","name":"Jordan Clarkson marque \u00e0 nouveau l\u2019histoire du Jazz - FESTIVOX","isPartOf":{"@id":"https:\/\/www.festivox.fr\/blog\/#website"},"primaryImageOfPage":{"@id":"https:\/\/www.festivox.fr\/blog\/jordan-clarkson-marque-a-nouveau-lhistoire-du-jazz\/#primaryimage"},"image":{"@id":"https:\/\/www.festivox.fr\/blog\/jordan-clarkson-marque-a-nouveau-lhistoire-du-jazz\/#primaryimage"},"thumbnailUrl":"https:\/\/www.festivox.fr\/blog\/wp-content\/uploads\/2024\/03\/jordan-clarkson-marque-a-nouveau-lhistoire-du-jazz.jpg","datePublished":"2024-03-05T08:32:00+00:00","breadcrumb":{"@id":"https:\/\/www.festivox.fr\/blog\/jordan-clarkson-marque-a-nouveau-lhistoire-du-jazz\/#breadcrumb"},"inLanguage":"fr-FR","potentialAction":[{"@type":"ReadAction","target":["https:\/\/www.festivox.fr\/blog\/jordan-clarkson-marque-a-nouveau-lhistoire-du-jazz\/"]}]},{"@type":"ImageObject","inLanguage":"fr-FR","@id":"https:\/\/www.festivox.fr\/blog\/jordan-clarkson-marque-a-nouveau-lhistoire-du-jazz\/#primaryimage","url":"https:\/\/www.festivox.fr\/blog\/wp-content\/uploads\/2024\/03\/jordan-clarkson-marque-a-nouveau-lhistoire-du-jazz.jpg","contentUrl":"https:\/\/www.festivox.fr\/blog\/wp-content\/uploads\/2024\/03\/jordan-clarkson-marque-a-nouveau-lhistoire-du-jazz.jpg","width":1200,"height":800},{"@type":"BreadcrumbList","@id":"https:\/\/www.festivox.fr\/blog\/jordan-clarkson-marque-a-nouveau-lhistoire-du-jazz\/#breadcrumb","itemListElement":[{"@type":"ListItem","position":1,"name":"Accueil","item":"https:\/\/www.festivox.fr\/blog\/"},{"@type":"ListItem","position":2,"name":"Jordan Clarkson marque \u00e0 nouveau l\u2019histoire du Jazz"}]},{"@type":"WebSite","@id":"https:\/\/www.festivox.fr\/blog\/#website","url":"https:\/\/www.festivox.fr\/blog\/","name":"FESTIVOX","description":"Festival en mode guinguette.","publisher":{"@id":"https:\/\/www.festivox.fr\/blog\/#organization"},"potentialAction":[{"@type":"SearchAction","target":{"@type":"EntryPoint","urlTemplate":"https:\/\/www.festivox.fr\/blog\/?s={search_term_string}"},"query-input":{"@type":"PropertyValueSpecification","valueRequired":true,"valueName":"search_term_string"}}],"inLanguage":"fr-FR"},{"@type":"Organization","@id":"https:\/\/www.festivox.fr\/blog\/#organization","name":"festivox","url":"https:\/\/www.festivox.fr\/blog\/","logo":{"@type":"ImageObject","inLanguage":"fr-FR","@id":"https:\/\/www.festivox.fr\/blog\/#\/schema\/logo\/image\/","url":"https:\/\/www.festivox.fr\/blog\/wp-content\/uploads\/2023\/06\/logo-2.png","contentUrl":"https:\/\/www.festivox.fr\/blog\/wp-content\/uploads\/2023\/06\/logo-2.png","width":480,"height":160,"caption":"festivox"},"image":{"@id":"https:\/\/www.festivox.fr\/blog\/#\/schema\/logo\/image\/"}},{"@type":"Person","@id":"https:\/\/www.festivox.fr\/blog\/#\/schema\/person\/f36a8b6bc94800c3eafed4bca993ce95","name":"Michele","image":{"@type":"ImageObject","inLanguage":"fr-FR","@id":"https:\/\/secure.gravatar.com\/avatar\/b062046536b5d47ec9075956ec349ef95ed06b0f910c578f74abb318668b702e?s=96&d=mm&r=g","url":"https:\/\/secure.gravatar.com\/avatar\/b062046536b5d47ec9075956ec349ef95ed06b0f910c578f74abb318668b702e?s=96&d=mm&r=g","contentUrl":"https:\/\/secure.gravatar.com\/avatar\/b062046536b5d47ec9075956ec349ef95ed06b0f910c578f74abb318668b702e?s=96&d=mm&r=g","caption":"Michele"},"sameAs":["https:\/\/www.festivox.fr\/blog"],"url":"https:\/\/www.festivox.fr\/blog\/author\/voxadmin\/"}]}},"_links":{"self":[{"href":"https:\/\/www.festivox.fr\/blog\/wp-json\/wp\/v2\/posts\/747","targetHints":{"allow":["GET"]}}],"collection":[{"href":"https:\/\/www.festivox.fr\/blog\/wp-json\/wp\/v2\/posts"}],"about":[{"href":"https:\/\/www.festivox.fr\/blog\/wp-json\/wp\/v2\/types\/post"}],"author":[{"embeddable":true,"href":"https:\/\/www.festivox.fr\/blog\/wp-json\/wp\/v2\/users\/1"}],"replies":[{"embeddable":true,"href":"https:\/\/www.festivox.fr\/blog\/wp-json\/wp\/v2\/comments?post=747"}],"version-history":[{"count":0,"href":"https:\/\/www.festivox.fr\/blog\/wp-json\/wp\/v2\/posts\/747\/revisions"}],"wp:featuredmedia":[{"embeddable":true,"href":"https:\/\/www.festivox.fr\/blog\/wp-json\/wp\/v2\/media\/748"}],"wp:attachment":[{"href":"https:\/\/www.festivox.fr\/blog\/wp-json\/wp\/v2\/media?parent=747"}],"wp:term":[{"taxonomy":"category","embeddable":true,"href":"https:\/\/www.festivox.fr\/blog\/wp-json\/wp\/v2\/categories?post=747"},{"taxonomy":"post_tag","embeddable":true,"href":"https:\/\/www.festivox.fr\/blog\/wp-json\/wp\/v2\/tags?post=747"}],"curies":[{"name":"wp","href":"https:\/\/api.w.org\/{rel}","templated":true}]}}