{"id":745,"date":"2024-03-24T18:41:00","date_gmt":"2024-03-24T17:41:00","guid":{"rendered":"https:\/\/www.festivox.fr\/blog\/jazz-trotter-nils-okland-gjenskinn\/"},"modified":"2024-03-24T18:41:00","modified_gmt":"2024-03-24T17:41:00","slug":"jazz-trotter-nils-okland-gjenskinn","status":"publish","type":"post","link":"https:\/\/www.festivox.fr\/blog\/jazz-trotter-nils-okland-gjenskinn\/","title":{"rendered":"Jazz Trotter : Nils \u00d8kland &#8211; Gjenskinn"},"content":{"rendered":"\n<div><img decoding=\"async\" src=\"https:\/\/www.festivox.fr\/blog\/wp-content\/uploads\/2024\/03\/jazz-trotter-nils-okland-gjenskinn.jpg\" class=\"ff-og-image-inserted\"><\/div>\n<p class=\"PopSlotParagraph qg-tx2 qg-xtra-lh svelte-1xznlfb\"> <a href=\"https:\/\/nilslokland.bandcamp.com\/album\/gjenskinn\" target=\"_blank\" rel=\"noopener noreferrer nofollow\" class data-testid=\"link\"><!-- HTML_TAG_START --><strong>Nils \u00d8kland<\/strong><!-- HTML_TAG_END --><\/a><!-- HTML_TAG_START --> s\u2019est essay\u00e9 \u00e0 diff\u00e9rents genres&nbsp;: musique folk, musique savante (du baroque \u00e0 l\u2019improvisation la plus libre), jazz ou encore rock. La soixantaine pass\u00e9e, il poursuit une qu\u00eate vers une approche ind\u00e9pendante qui s\u2019affranchit des r\u00e8gles et des fronti\u00e8res trop restrictives souvent en cours pour cat\u00e9goriser les diff\u00e9rents genres historiques et g\u00e9n\u00e9riques.<!-- HTML_TAG_END --><\/p>\n<p class=\"PopSlotParagraph qg-tx2 qg-xtra-lh svelte-1xznlfb\"><!-- HTML_TAG_START -->\u00c0 l\u2019\u00e9coute de ses albums, il semble clair que Nils \u00d8kland fait du Nils \u00d8kland. \u00c0 l\u2019instar de quelques ma\u00eetres de notre \u00e9poque &#8211; on pense \u00e0 Jordi Savall, Bjork ou encore Jan Garbarek &#8211; il est devenu son propre genre et propose une \u0153uvre aux influences multiples&nbsp;: \u00ab&nbsp;<em>Il y a eu beaucoup de temps pour la r\u00e9flexion, une grande partie de la musique int\u00e8gre des souvenirs, des synth\u00e8ses et une prolongation d\u2019exp\u00e9riences musicales.<\/em>&nbsp;\u00bb<!-- HTML_TAG_END --><\/p>\n<div class=\"PopSlot inread svelte-1nn8uhn isEnabled\">\n<p><span class=\"qg-tx5 svelte-1nn8uhn\">Publicit\u00e9<\/span> <\/p>\n<\/p><\/div>\n<p class=\"PopSlotParagraph qg-tx2 qg-xtra-lh svelte-1xznlfb\"><!-- HTML_TAG_START -->C\u2019est un tr\u00e9sor d\u2019inspirations musicales et de m\u00e9lodies: le th\u00e8me de <em>Kairo<\/em> provient du fl\u00fbtiste Ahmed El Arnab du Caire; c\u2019est un vieil air nordique du violoniste Lell Robertson, des \u00celes Shetland, qui est utilis\u00e9 dans le collage <em>Tilley Plump<\/em>&nbsp;; pour <em>Minimalvals<\/em>, ils ont d\u2019abord enregistr\u00e9 la valse <em>Finnjenta<\/em> de Gudbrandsdalen en Norv\u00e8ge que Nils \u00d8kland joue depuis 40 ans pour finalement en faire une nouvelle version minimale sans l\u2019ancienne valse.<!-- HTML_TAG_END --><\/p>\n<div class=\"ConsentNotice svelte-bz8pq\" data-vendor=\"c:youtube\">\n<p class=\"ConsentNotice-description qg-tx3 svelte-bz8pq\"><!-- HTML_TAG_START -->Pour afficher ce contenu Youtube, vous devez accepter les cookies <b>Publicit\u00e9<\/b>.<\/p>\n<p>Ces cookies permettent \u00e0 nos partenaires de vous proposer des publicit\u00e9s et des contenus personnalis\u00e9s en fonction de votre navigation, de votre profil et de vos centres d&rsquo;int\u00e9r\u00eat. <!-- HTML_TAG_END --><\/p>\n<p> <button class=\"Button light secondary medium svelte-5a41eh\" type=\"button\" aria-label=\"bouton G\u00e9rer mes choix\"> G\u00e9rer mes choix <\/button> <button class=\"Button light primary medium svelte-5a41eh\" type=\"button\" aria-label=\"bouton J'autorise\"> J&rsquo;autorise <\/button><\/p>\n<\/div>\n<p class=\"PopSlotParagraph qg-tx2 qg-xtra-lh svelte-1xznlfb\"><!-- HTML_TAG_START -->Le critique Ralf Christensen a assist\u00e9 au concert du Nils \u00d8kland Band \u00e0 Brorson Kirke au Danemark en 2022 : \u00ab&nbsp;<em>Je n\u2019ai pas pu d\u00e9tourner le regard, bouche b\u00e9e et je suis rest\u00e9 fig\u00e9, oreilles grandes ouvertes pendant ce concert absolument brillant, dans une \u00e9glise de Brorson pleine \u00e0 craquer.<\/em>&nbsp;\u00bb<!-- HTML_TAG_END --><\/p>\n<p class=\"PopSlotParagraph qg-tx2 qg-xtra-lh svelte-1xznlfb\"><!-- HTML_TAG_START -->Nils \u00d8kland, internationalement connu pour son style de jeu novateur sur les violon Hardanger, violon et viole d\u2019amour, vient de la musique traditionnelle. Il a collabor\u00e9 avec de grands orchestres, compos\u00e9 de la musique pour diff\u00e9rents supports et jou\u00e9 sur nombre d\u2019albums avec des musiciens de renom.<!-- HTML_TAG_END --><\/p>\n<p class=\"PopSlotParagraph qg-tx2 qg-xtra-lh svelte-1xznlfb\"><!-- HTML_TAG_START -->Il est aussi membre du trio rock Lumen Drones (ECM), dont le dernier album (\u201cUmbra\u201d) est sorti chez Hubro et du groupe d\u2019improvisation 1982 (Hubro), qui fait le lien entre la musique folklorique, la musique classique et la musique improvis\u00e9e.<!-- HTML_TAG_END --><\/p>\n<p class=\"PopSlotParagraph qg-tx2 qg-xtra-lh svelte-1xznlfb\"><!-- HTML_TAG_START -->Les musiciens du Nils \u00d8kland Band comptent parmi les musiciens les plus singuliers de Norv\u00e8ge.<!-- HTML_TAG_END --><\/p>\n<p class=\"PopSlotParagraph qg-tx2 qg-xtra-lh svelte-1xznlfb\"><!-- HTML_TAG_START --><strong>Rolf Erik Nystr\u00f8m<\/strong> joue dans le trio de musique contemporaine Poing depuis plusieurs d\u00e9cennies, est soliste dans de grands orchestres, se produit avec des musiciens traditionnels, et fait partie de divers groupes de jazz.<!-- HTML_TAG_END --><\/p>\n<p class=\"PopSlotParagraph qg-tx2 qg-xtra-lh svelte-1xznlfb\"><!-- HTML_TAG_START --><strong>Sigbj\u00f8rn Apeland<\/strong> collabore depuis longtemps avec \u00d8kland, souvent en duo. Ils ont \u00e9galement fait partie du groupe 1982 pendant dix ans, avec le batteur \u00d8yvind Skarb\u00f8.<!-- HTML_TAG_END --><\/p>\n<p class=\"PopSlotParagraph qg-tx2 qg-xtra-lh svelte-1xznlfb\"><!-- HTML_TAG_START -->Le percussionniste <strong>H\u00e5kon M\u00f8rch Stene<\/strong> joue dans l\u2019ensemble contemporain Asamisimasa et a \u00e9galement publi\u00e9 sur Hubro des enregistrements contenant des \u0153uvres de Laurence Crane, Gavin Bryars et Michael Pisaro.<!-- HTML_TAG_END --><\/p>\n<p class=\"PopSlotParagraph qg-tx2 qg-xtra-lh svelte-1xznlfb\"><!-- HTML_TAG_START --><strong>Mats Eilertsen<\/strong> figure parmi les meilleurs bassistes de jazz de sa g\u00e9n\u00e9ration. Il a jou\u00e9 avec un certain nombre de musiciens notoires tels que Tord Gustavsen, Trygve Seim, Bendik Hofseth et a publi\u00e9 plusieurs albums sous son propre nom sur les labels Hubro et ECM.&nbsp;<br \/>(extrait du communiqu\u00e9 de presse)<!-- HTML_TAG_END --><\/p>\n<div class=\"Bounce svelte-k0g7f5 hasAudio\">\n<div class=\"Bounce-left svelte-k0g7f5\">\n<p><span class=\"Bounce-conceptTitle qg-tx5 svelte-k0g7f5\">L&rsquo;invit\u00e9(e) du jour<\/span> <span class=\"g-separator svelte-k0g7f5\"><\/span> <button class=\"Button light tertiary medium svelte-5a41eh\" type=\"button\" data-testid=\"BookmarkToggle\">  \u00c9couter plus tard <\/button><\/p>\n<\/div>\n<p> <button class=\"Button dark primary small isExpandable svelte-5a41eh\" data-track-click-type=\"replayButton\" type=\"button\" data-testid=\"replay-button\"><span><span class=\"qg-sr-only\">Lecture<\/span> <\/span> <span><!-- HTML_TAG_START -->\u00e9couter<!-- HTML_TAG_END --><\/span> <\/button> <span class=\"Duration light qg-tx5 svelte-1i8r9u\">28 min <\/span><\/p>\n<\/p><\/div>\n<p> Cet article, qui traite du th\u00e8me \u00ab\u00a0Festival Jazz et musique en mode guinguette\u00a0\u00bb, vous est d\u00e9lib\u00e9r\u00e9ment offert par festivox.fr. La raison d\u2019\u00eatre de festivox.fr est de parler de Festival Jazz et musique en mode guinguette dans la transparence la plus g\u00e9n\u00e9rale en vous procurant la visibilit\u00e9 de tout ce qui est publi\u00e9 sur ce sujet sur le web La chronique a \u00e9t\u00e9 g\u00e9n\u00e9r\u00e9e de la mani\u00e8re la plus honn\u00eate que possible. S\u2019il advenait que vous projetez d\u2019apporter quelques notes concernant le domaine de \u00ab\u00a0Festival Jazz et musique en mode guinguette\u00a0\u00bb vous avez la possibilit\u00e9 de d&rsquo;\u00e9changer avec notre r\u00e9daction. Dans peu de temps, on mettra en ligne d&rsquo;autres informations pertinentes autour du sujet \u00ab\u00a0Festival Jazz et musique en mode guinguette\u00a0\u00bb. Ainsi, consultez r\u00e9guli\u00e8rement notre site.<\/p>\n","protected":false},"excerpt":{"rendered":"<p>Nils \u00d8kland s\u2019est essay\u00e9 \u00e0 diff\u00e9rents genres&nbsp;: musique folk, musique savante (du baroque \u00e0 l\u2019improvisation la plus libre), jazz ou encore rock. La soixantaine pass\u00e9e, il poursuit une qu\u00eate vers une approche ind\u00e9pendante qui s\u2019affranchit des r\u00e8gles et des fronti\u00e8res trop restrictives souvent en cours pour cat\u00e9goriser les diff\u00e9rents genres historiques et g\u00e9n\u00e9riques. \u00c0 l\u2019\u00e9coute&hellip;<\/p>\n","protected":false},"author":1,"featured_media":746,"comment_status":"closed","ping_status":"closed","sticky":false,"template":"","format":"standard","meta":{"footnotes":""},"categories":[3],"tags":[],"class_list":["post-745","post","type-post","status-publish","format-standard","has-post-thumbnail","hentry","category-wiki-sur-festival-jazz-et-musique-en-mode-guinguette"],"yoast_head":"<!-- This site is optimized with the Yoast SEO plugin v27.5 - https:\/\/yoast.com\/product\/yoast-seo-wordpress\/ -->\n<title>Jazz Trotter : Nils \u00d8kland - Gjenskinn - FESTIVOX<\/title>\n<meta name=\"robots\" content=\"index, follow, max-snippet:-1, max-image-preview:large, max-video-preview:-1\" \/>\n<link rel=\"canonical\" href=\"https:\/\/www.festivox.fr\/blog\/jazz-trotter-nils-okland-gjenskinn\/\" \/>\n<meta property=\"og:locale\" content=\"fr_FR\" \/>\n<meta property=\"og:type\" content=\"article\" \/>\n<meta property=\"og:title\" content=\"Jazz Trotter : Nils \u00d8kland - Gjenskinn - FESTIVOX\" \/>\n<meta property=\"og:description\" content=\"Nils \u00d8kland s\u2019est essay\u00e9 \u00e0 diff\u00e9rents genres&nbsp;: musique folk, musique savante (du baroque \u00e0 l\u2019improvisation la plus libre), jazz ou encore rock. La soixantaine pass\u00e9e, il poursuit une qu\u00eate vers une approche ind\u00e9pendante qui s\u2019affranchit des r\u00e8gles et des fronti\u00e8res trop restrictives souvent en cours pour cat\u00e9goriser les diff\u00e9rents genres historiques et g\u00e9n\u00e9riques. \u00c0 l\u2019\u00e9coute&hellip;\" \/>\n<meta property=\"og:url\" content=\"https:\/\/www.festivox.fr\/blog\/jazz-trotter-nils-okland-gjenskinn\/\" \/>\n<meta property=\"og:site_name\" content=\"FESTIVOX\" \/>\n<meta property=\"article:published_time\" content=\"2024-03-24T17:41:00+00:00\" \/>\n<meta property=\"og:image\" content=\"https:\/\/www.festivox.fr\/blog\/wp-content\/uploads\/2024\/03\/jazz-trotter-nils-okland-gjenskinn.jpg\" \/>\n<meta name=\"author\" content=\"Michele\" \/>\n<meta name=\"twitter:card\" content=\"summary_large_image\" \/>\n<meta name=\"twitter:label1\" content=\"\u00c9crit par\" \/>\n\t<meta name=\"twitter:data1\" content=\"Michele\" \/>\n\t<meta name=\"twitter:label2\" content=\"Dur\u00e9e de lecture estim\u00e9e\" \/>\n\t<meta name=\"twitter:data2\" content=\"4 minutes\" \/>\n<script type=\"application\/ld+json\" class=\"yoast-schema-graph\">{\"@context\":\"https:\\\/\\\/schema.org\",\"@graph\":[{\"@type\":\"Article\",\"@id\":\"https:\\\/\\\/www.festivox.fr\\\/blog\\\/jazz-trotter-nils-okland-gjenskinn\\\/#article\",\"isPartOf\":{\"@id\":\"https:\\\/\\\/www.festivox.fr\\\/blog\\\/jazz-trotter-nils-okland-gjenskinn\\\/\"},\"author\":{\"name\":\"Michele\",\"@id\":\"https:\\\/\\\/www.festivox.fr\\\/blog\\\/#\\\/schema\\\/person\\\/f36a8b6bc94800c3eafed4bca993ce95\"},\"headline\":\"Jazz Trotter : Nils \u00d8kland &#8211; Gjenskinn\",\"datePublished\":\"2024-03-24T17:41:00+00:00\",\"mainEntityOfPage\":{\"@id\":\"https:\\\/\\\/www.festivox.fr\\\/blog\\\/jazz-trotter-nils-okland-gjenskinn\\\/\"},\"wordCount\":742,\"publisher\":{\"@id\":\"https:\\\/\\\/www.festivox.fr\\\/blog\\\/#organization\"},\"image\":{\"@id\":\"https:\\\/\\\/www.festivox.fr\\\/blog\\\/jazz-trotter-nils-okland-gjenskinn\\\/#primaryimage\"},\"thumbnailUrl\":\"https:\\\/\\\/www.festivox.fr\\\/blog\\\/wp-content\\\/uploads\\\/2024\\\/03\\\/jazz-trotter-nils-okland-gjenskinn.jpg\",\"articleSection\":[\"Wiki Sur Festival Jazz Et Musique En Mode Guinguette:\"],\"inLanguage\":\"fr-FR\"},{\"@type\":\"WebPage\",\"@id\":\"https:\\\/\\\/www.festivox.fr\\\/blog\\\/jazz-trotter-nils-okland-gjenskinn\\\/\",\"url\":\"https:\\\/\\\/www.festivox.fr\\\/blog\\\/jazz-trotter-nils-okland-gjenskinn\\\/\",\"name\":\"Jazz Trotter : Nils \u00d8kland - Gjenskinn - FESTIVOX\",\"isPartOf\":{\"@id\":\"https:\\\/\\\/www.festivox.fr\\\/blog\\\/#website\"},\"primaryImageOfPage\":{\"@id\":\"https:\\\/\\\/www.festivox.fr\\\/blog\\\/jazz-trotter-nils-okland-gjenskinn\\\/#primaryimage\"},\"image\":{\"@id\":\"https:\\\/\\\/www.festivox.fr\\\/blog\\\/jazz-trotter-nils-okland-gjenskinn\\\/#primaryimage\"},\"thumbnailUrl\":\"https:\\\/\\\/www.festivox.fr\\\/blog\\\/wp-content\\\/uploads\\\/2024\\\/03\\\/jazz-trotter-nils-okland-gjenskinn.jpg\",\"datePublished\":\"2024-03-24T17:41:00+00:00\",\"breadcrumb\":{\"@id\":\"https:\\\/\\\/www.festivox.fr\\\/blog\\\/jazz-trotter-nils-okland-gjenskinn\\\/#breadcrumb\"},\"inLanguage\":\"fr-FR\",\"potentialAction\":[{\"@type\":\"ReadAction\",\"target\":[\"https:\\\/\\\/www.festivox.fr\\\/blog\\\/jazz-trotter-nils-okland-gjenskinn\\\/\"]}]},{\"@type\":\"ImageObject\",\"inLanguage\":\"fr-FR\",\"@id\":\"https:\\\/\\\/www.festivox.fr\\\/blog\\\/jazz-trotter-nils-okland-gjenskinn\\\/#primaryimage\",\"url\":\"https:\\\/\\\/www.festivox.fr\\\/blog\\\/wp-content\\\/uploads\\\/2024\\\/03\\\/jazz-trotter-nils-okland-gjenskinn.jpg\",\"contentUrl\":\"https:\\\/\\\/www.festivox.fr\\\/blog\\\/wp-content\\\/uploads\\\/2024\\\/03\\\/jazz-trotter-nils-okland-gjenskinn.jpg\",\"width\":886,\"height\":502},{\"@type\":\"BreadcrumbList\",\"@id\":\"https:\\\/\\\/www.festivox.fr\\\/blog\\\/jazz-trotter-nils-okland-gjenskinn\\\/#breadcrumb\",\"itemListElement\":[{\"@type\":\"ListItem\",\"position\":1,\"name\":\"Accueil\",\"item\":\"https:\\\/\\\/www.festivox.fr\\\/blog\\\/\"},{\"@type\":\"ListItem\",\"position\":2,\"name\":\"Jazz Trotter : Nils \u00d8kland &#8211; Gjenskinn\"}]},{\"@type\":\"WebSite\",\"@id\":\"https:\\\/\\\/www.festivox.fr\\\/blog\\\/#website\",\"url\":\"https:\\\/\\\/www.festivox.fr\\\/blog\\\/\",\"name\":\"FESTIVOX\",\"description\":\"Festival en mode guinguette.\",\"publisher\":{\"@id\":\"https:\\\/\\\/www.festivox.fr\\\/blog\\\/#organization\"},\"potentialAction\":[{\"@type\":\"SearchAction\",\"target\":{\"@type\":\"EntryPoint\",\"urlTemplate\":\"https:\\\/\\\/www.festivox.fr\\\/blog\\\/?s={search_term_string}\"},\"query-input\":{\"@type\":\"PropertyValueSpecification\",\"valueRequired\":true,\"valueName\":\"search_term_string\"}}],\"inLanguage\":\"fr-FR\"},{\"@type\":\"Organization\",\"@id\":\"https:\\\/\\\/www.festivox.fr\\\/blog\\\/#organization\",\"name\":\"festivox\",\"url\":\"https:\\\/\\\/www.festivox.fr\\\/blog\\\/\",\"logo\":{\"@type\":\"ImageObject\",\"inLanguage\":\"fr-FR\",\"@id\":\"https:\\\/\\\/www.festivox.fr\\\/blog\\\/#\\\/schema\\\/logo\\\/image\\\/\",\"url\":\"https:\\\/\\\/www.festivox.fr\\\/blog\\\/wp-content\\\/uploads\\\/2023\\\/06\\\/logo-2.png\",\"contentUrl\":\"https:\\\/\\\/www.festivox.fr\\\/blog\\\/wp-content\\\/uploads\\\/2023\\\/06\\\/logo-2.png\",\"width\":480,\"height\":160,\"caption\":\"festivox\"},\"image\":{\"@id\":\"https:\\\/\\\/www.festivox.fr\\\/blog\\\/#\\\/schema\\\/logo\\\/image\\\/\"}},{\"@type\":\"Person\",\"@id\":\"https:\\\/\\\/www.festivox.fr\\\/blog\\\/#\\\/schema\\\/person\\\/f36a8b6bc94800c3eafed4bca993ce95\",\"name\":\"Michele\",\"image\":{\"@type\":\"ImageObject\",\"inLanguage\":\"fr-FR\",\"@id\":\"https:\\\/\\\/secure.gravatar.com\\\/avatar\\\/b062046536b5d47ec9075956ec349ef95ed06b0f910c578f74abb318668b702e?s=96&d=mm&r=g\",\"url\":\"https:\\\/\\\/secure.gravatar.com\\\/avatar\\\/b062046536b5d47ec9075956ec349ef95ed06b0f910c578f74abb318668b702e?s=96&d=mm&r=g\",\"contentUrl\":\"https:\\\/\\\/secure.gravatar.com\\\/avatar\\\/b062046536b5d47ec9075956ec349ef95ed06b0f910c578f74abb318668b702e?s=96&d=mm&r=g\",\"caption\":\"Michele\"},\"sameAs\":[\"https:\\\/\\\/www.festivox.fr\\\/blog\"],\"url\":\"https:\\\/\\\/www.festivox.fr\\\/blog\\\/author\\\/voxadmin\\\/\"}]}<\/script>\n<!-- \/ Yoast SEO plugin. -->","yoast_head_json":{"title":"Jazz Trotter : Nils \u00d8kland - Gjenskinn - FESTIVOX","robots":{"index":"index","follow":"follow","max-snippet":"max-snippet:-1","max-image-preview":"max-image-preview:large","max-video-preview":"max-video-preview:-1"},"canonical":"https:\/\/www.festivox.fr\/blog\/jazz-trotter-nils-okland-gjenskinn\/","og_locale":"fr_FR","og_type":"article","og_title":"Jazz Trotter : Nils \u00d8kland - Gjenskinn - FESTIVOX","og_description":"Nils \u00d8kland s\u2019est essay\u00e9 \u00e0 diff\u00e9rents genres&nbsp;: musique folk, musique savante (du baroque \u00e0 l\u2019improvisation la plus libre), jazz ou encore rock. La soixantaine pass\u00e9e, il poursuit une qu\u00eate vers une approche ind\u00e9pendante qui s\u2019affranchit des r\u00e8gles et des fronti\u00e8res trop restrictives souvent en cours pour cat\u00e9goriser les diff\u00e9rents genres historiques et g\u00e9n\u00e9riques. \u00c0 l\u2019\u00e9coute&hellip;","og_url":"https:\/\/www.festivox.fr\/blog\/jazz-trotter-nils-okland-gjenskinn\/","og_site_name":"FESTIVOX","article_published_time":"2024-03-24T17:41:00+00:00","og_image":[{"url":"https:\/\/www.festivox.fr\/blog\/wp-content\/uploads\/2024\/03\/jazz-trotter-nils-okland-gjenskinn.jpg","type":"","width":"","height":""}],"author":"Michele","twitter_card":"summary_large_image","twitter_misc":{"\u00c9crit par":"Michele","Dur\u00e9e de lecture estim\u00e9e":"4 minutes"},"schema":{"@context":"https:\/\/schema.org","@graph":[{"@type":"Article","@id":"https:\/\/www.festivox.fr\/blog\/jazz-trotter-nils-okland-gjenskinn\/#article","isPartOf":{"@id":"https:\/\/www.festivox.fr\/blog\/jazz-trotter-nils-okland-gjenskinn\/"},"author":{"name":"Michele","@id":"https:\/\/www.festivox.fr\/blog\/#\/schema\/person\/f36a8b6bc94800c3eafed4bca993ce95"},"headline":"Jazz Trotter : Nils \u00d8kland &#8211; Gjenskinn","datePublished":"2024-03-24T17:41:00+00:00","mainEntityOfPage":{"@id":"https:\/\/www.festivox.fr\/blog\/jazz-trotter-nils-okland-gjenskinn\/"},"wordCount":742,"publisher":{"@id":"https:\/\/www.festivox.fr\/blog\/#organization"},"image":{"@id":"https:\/\/www.festivox.fr\/blog\/jazz-trotter-nils-okland-gjenskinn\/#primaryimage"},"thumbnailUrl":"https:\/\/www.festivox.fr\/blog\/wp-content\/uploads\/2024\/03\/jazz-trotter-nils-okland-gjenskinn.jpg","articleSection":["Wiki Sur Festival Jazz Et Musique En Mode Guinguette:"],"inLanguage":"fr-FR"},{"@type":"WebPage","@id":"https:\/\/www.festivox.fr\/blog\/jazz-trotter-nils-okland-gjenskinn\/","url":"https:\/\/www.festivox.fr\/blog\/jazz-trotter-nils-okland-gjenskinn\/","name":"Jazz Trotter : Nils \u00d8kland - Gjenskinn - FESTIVOX","isPartOf":{"@id":"https:\/\/www.festivox.fr\/blog\/#website"},"primaryImageOfPage":{"@id":"https:\/\/www.festivox.fr\/blog\/jazz-trotter-nils-okland-gjenskinn\/#primaryimage"},"image":{"@id":"https:\/\/www.festivox.fr\/blog\/jazz-trotter-nils-okland-gjenskinn\/#primaryimage"},"thumbnailUrl":"https:\/\/www.festivox.fr\/blog\/wp-content\/uploads\/2024\/03\/jazz-trotter-nils-okland-gjenskinn.jpg","datePublished":"2024-03-24T17:41:00+00:00","breadcrumb":{"@id":"https:\/\/www.festivox.fr\/blog\/jazz-trotter-nils-okland-gjenskinn\/#breadcrumb"},"inLanguage":"fr-FR","potentialAction":[{"@type":"ReadAction","target":["https:\/\/www.festivox.fr\/blog\/jazz-trotter-nils-okland-gjenskinn\/"]}]},{"@type":"ImageObject","inLanguage":"fr-FR","@id":"https:\/\/www.festivox.fr\/blog\/jazz-trotter-nils-okland-gjenskinn\/#primaryimage","url":"https:\/\/www.festivox.fr\/blog\/wp-content\/uploads\/2024\/03\/jazz-trotter-nils-okland-gjenskinn.jpg","contentUrl":"https:\/\/www.festivox.fr\/blog\/wp-content\/uploads\/2024\/03\/jazz-trotter-nils-okland-gjenskinn.jpg","width":886,"height":502},{"@type":"BreadcrumbList","@id":"https:\/\/www.festivox.fr\/blog\/jazz-trotter-nils-okland-gjenskinn\/#breadcrumb","itemListElement":[{"@type":"ListItem","position":1,"name":"Accueil","item":"https:\/\/www.festivox.fr\/blog\/"},{"@type":"ListItem","position":2,"name":"Jazz Trotter : Nils \u00d8kland &#8211; Gjenskinn"}]},{"@type":"WebSite","@id":"https:\/\/www.festivox.fr\/blog\/#website","url":"https:\/\/www.festivox.fr\/blog\/","name":"FESTIVOX","description":"Festival en mode guinguette.","publisher":{"@id":"https:\/\/www.festivox.fr\/blog\/#organization"},"potentialAction":[{"@type":"SearchAction","target":{"@type":"EntryPoint","urlTemplate":"https:\/\/www.festivox.fr\/blog\/?s={search_term_string}"},"query-input":{"@type":"PropertyValueSpecification","valueRequired":true,"valueName":"search_term_string"}}],"inLanguage":"fr-FR"},{"@type":"Organization","@id":"https:\/\/www.festivox.fr\/blog\/#organization","name":"festivox","url":"https:\/\/www.festivox.fr\/blog\/","logo":{"@type":"ImageObject","inLanguage":"fr-FR","@id":"https:\/\/www.festivox.fr\/blog\/#\/schema\/logo\/image\/","url":"https:\/\/www.festivox.fr\/blog\/wp-content\/uploads\/2023\/06\/logo-2.png","contentUrl":"https:\/\/www.festivox.fr\/blog\/wp-content\/uploads\/2023\/06\/logo-2.png","width":480,"height":160,"caption":"festivox"},"image":{"@id":"https:\/\/www.festivox.fr\/blog\/#\/schema\/logo\/image\/"}},{"@type":"Person","@id":"https:\/\/www.festivox.fr\/blog\/#\/schema\/person\/f36a8b6bc94800c3eafed4bca993ce95","name":"Michele","image":{"@type":"ImageObject","inLanguage":"fr-FR","@id":"https:\/\/secure.gravatar.com\/avatar\/b062046536b5d47ec9075956ec349ef95ed06b0f910c578f74abb318668b702e?s=96&d=mm&r=g","url":"https:\/\/secure.gravatar.com\/avatar\/b062046536b5d47ec9075956ec349ef95ed06b0f910c578f74abb318668b702e?s=96&d=mm&r=g","contentUrl":"https:\/\/secure.gravatar.com\/avatar\/b062046536b5d47ec9075956ec349ef95ed06b0f910c578f74abb318668b702e?s=96&d=mm&r=g","caption":"Michele"},"sameAs":["https:\/\/www.festivox.fr\/blog"],"url":"https:\/\/www.festivox.fr\/blog\/author\/voxadmin\/"}]}},"_links":{"self":[{"href":"https:\/\/www.festivox.fr\/blog\/wp-json\/wp\/v2\/posts\/745","targetHints":{"allow":["GET"]}}],"collection":[{"href":"https:\/\/www.festivox.fr\/blog\/wp-json\/wp\/v2\/posts"}],"about":[{"href":"https:\/\/www.festivox.fr\/blog\/wp-json\/wp\/v2\/types\/post"}],"author":[{"embeddable":true,"href":"https:\/\/www.festivox.fr\/blog\/wp-json\/wp\/v2\/users\/1"}],"replies":[{"embeddable":true,"href":"https:\/\/www.festivox.fr\/blog\/wp-json\/wp\/v2\/comments?post=745"}],"version-history":[{"count":0,"href":"https:\/\/www.festivox.fr\/blog\/wp-json\/wp\/v2\/posts\/745\/revisions"}],"wp:featuredmedia":[{"embeddable":true,"href":"https:\/\/www.festivox.fr\/blog\/wp-json\/wp\/v2\/media\/746"}],"wp:attachment":[{"href":"https:\/\/www.festivox.fr\/blog\/wp-json\/wp\/v2\/media?parent=745"}],"wp:term":[{"taxonomy":"category","embeddable":true,"href":"https:\/\/www.festivox.fr\/blog\/wp-json\/wp\/v2\/categories?post=745"},{"taxonomy":"post_tag","embeddable":true,"href":"https:\/\/www.festivox.fr\/blog\/wp-json\/wp\/v2\/tags?post=745"}],"curies":[{"name":"wp","href":"https:\/\/api.w.org\/{rel}","templated":true}]}}