{"id":732,"date":"2024-02-29T04:23:00","date_gmt":"2024-02-29T03:23:00","guid":{"rendered":"https:\/\/www.festivox.fr\/blog\/jazz-noemie-wahl-aymeric-buty-quartet-au-plancher-des-vaches-a-agen\/"},"modified":"2024-02-29T04:23:00","modified_gmt":"2024-02-29T03:23:00","slug":"jazz-noemie-wahl-aymeric-buty-quartet-au-plancher-des-vaches-a-agen","status":"publish","type":"post","link":"https:\/\/www.festivox.fr\/blog\/jazz-noemie-wahl-aymeric-buty-quartet-au-plancher-des-vaches-a-agen\/","title":{"rendered":"Jazz : No\u00e9mie Wahl &amp; Aymeric Buty Quartet au Plancher des Vaches \u00e0 Agen"},"content":{"rendered":"\n<div><img decoding=\"async\" src=\"https:\/\/www.festivox.fr\/blog\/wp-content\/uploads\/2024\/03\/jazz-noemie-wahl-aymeric-buty-quartet-au-plancher-des-vaches-a-agen.jpg\" class=\"ff-og-image-inserted\"><\/div>\n<p> <span class=\"article-full__chapo-label hide-on-small-only\">l&rsquo;essentiel<\/span> Ce vendredi 1er mars \u00e0 20h30 pour le mensuel jazz, le Plancher des vaches \u00e0 Agen recevra No\u00e9mie Wahl &amp; Aymeric Buty Quartet. <\/p>\n<div>\n<p>Le mensuel jazz, c&rsquo;est ce vendredi 1<sup>er<\/sup> mars \u00e0 20h30 au Plancher des vaches \u00e0 Agen. \u00c0 l&rsquo;affiche,&nbsp;No\u00e9mie Wahl &amp; Aymeric Buty Quartet,&nbsp;un groupe qui revisite les chansons des ann\u00e9es 30 devenues des standards du r\u00e9pertoire swing jazz. Sur le devant de la sc\u00e8ne, No\u00e9mie Wahl (chant), Aymeric Buty (guitare), Laurent Basso (contrebasse) et Jimmy Chambert (batterie).<\/p>\n<p>No\u00e9mie Wahl est&nbsp;jeune chanteuse et fl\u00fbtiste exceptionnelle, ancienne \u00e9l\u00e8ve du conservatoire d\u2019Agen, qui depuis l\u2019an dernier, continue son cursus jazz \u00e0 Poitiers.<br \/>Aymeric Buty est un guitariste de jazz qui \u00e9volue dans diverses formations depuis de nombreuses ann\u00e9es avec un attrait non dissimul\u00e9 pour la musique des ann\u00e9es 40 et 50, le langage, les couleurs et l&rsquo;esprit de cette \u00e9poque.<br \/>Laurent Basso, contrebassiste, a travaill\u00e9 longtemps avec le pianiste de jazz Do Harson, mais a surtout jou\u00e9 pendant quinze ans avec Jimmy Chambert dans diff\u00e9rents projets soul, jazz, reggae, blues et musique latine.<br \/><a href=\"https:\/\/www.petitbleu.fr\/2023\/09\/09\/albret-jazz-festival-loeil-de-jimmy-chambert-11441914.php\" target=\"_self\" rel=\"noopener nofollow\">Jimmy Chambert<\/a> et Laurent Basso \u00e0 la rythmique, accompagnent cette fois-ci deux musiciens lot-et-garonnais, No\u00e9mie et Aymeric, un jeune couple aussi bien sur sc\u00e8ne que dans la vie. Une osmose parfaite pour un r\u00e9pertoire de chansons standards jazz.<\/p>\n<\/p><\/div>\n<p> Cet article, qui traite du th\u00e8me \u00ab\u00a0Festival Jazz et musique en mode guinguette\u00a0\u00bb, vous est d\u00e9lib\u00e9r\u00e9ment offert par festivox.fr. La raison d\u2019\u00eatre de festivox.fr est de parler de Festival Jazz et musique en mode guinguette dans la transparence la plus g\u00e9n\u00e9rale en vous procurant la visibilit\u00e9 de tout ce qui est publi\u00e9 sur ce sujet sur le web La chronique a \u00e9t\u00e9 g\u00e9n\u00e9r\u00e9e de la mani\u00e8re la plus honn\u00eate que possible. S\u2019il advenait que vous projetez d\u2019apporter quelques notes concernant le domaine de \u00ab\u00a0Festival Jazz et musique en mode guinguette\u00a0\u00bb vous avez la possibilit\u00e9 de d&rsquo;\u00e9changer avec notre r\u00e9daction. Dans peu de temps, on mettra en ligne d&rsquo;autres informations pertinentes autour du sujet \u00ab\u00a0Festival Jazz et musique en mode guinguette\u00a0\u00bb. Ainsi, consultez r\u00e9guli\u00e8rement notre site.<\/p>\n","protected":false},"excerpt":{"rendered":"<p>l&rsquo;essentiel Ce vendredi 1er mars \u00e0 20h30 pour le mensuel jazz, le Plancher des vaches \u00e0 Agen recevra No\u00e9mie Wahl &amp; Aymeric Buty Quartet. Le mensuel jazz, c&rsquo;est ce vendredi 1er mars \u00e0 20h30 au Plancher des vaches \u00e0 Agen. \u00c0 l&rsquo;affiche,&nbsp;No\u00e9mie Wahl &amp; Aymeric Buty Quartet,&nbsp;un groupe qui revisite les chansons des ann\u00e9es 30&hellip;<\/p>\n","protected":false},"author":1,"featured_media":733,"comment_status":"closed","ping_status":"closed","sticky":false,"template":"","format":"standard","meta":{"footnotes":""},"categories":[3],"tags":[],"class_list":["post-732","post","type-post","status-publish","format-standard","has-post-thumbnail","hentry","category-wiki-sur-festival-jazz-et-musique-en-mode-guinguette"],"yoast_head":"<!-- This site is optimized with the Yoast SEO plugin v27.5 - https:\/\/yoast.com\/product\/yoast-seo-wordpress\/ -->\n<title>Jazz : No\u00e9mie Wahl &amp; Aymeric Buty Quartet au Plancher des Vaches \u00e0 Agen - FESTIVOX<\/title>\n<meta name=\"robots\" content=\"index, follow, max-snippet:-1, max-image-preview:large, max-video-preview:-1\" \/>\n<link rel=\"canonical\" href=\"https:\/\/www.festivox.fr\/blog\/jazz-noemie-wahl-aymeric-buty-quartet-au-plancher-des-vaches-a-agen\/\" \/>\n<meta property=\"og:locale\" content=\"fr_FR\" \/>\n<meta property=\"og:type\" content=\"article\" \/>\n<meta property=\"og:title\" content=\"Jazz : No\u00e9mie Wahl &amp; Aymeric Buty Quartet au Plancher des Vaches \u00e0 Agen - FESTIVOX\" \/>\n<meta property=\"og:description\" content=\"l&rsquo;essentiel Ce vendredi 1er mars \u00e0 20h30 pour le mensuel jazz, le Plancher des vaches \u00e0 Agen recevra No\u00e9mie Wahl &amp; Aymeric Buty Quartet. Le mensuel jazz, c&rsquo;est ce vendredi 1er mars \u00e0 20h30 au Plancher des vaches \u00e0 Agen. \u00c0 l&rsquo;affiche,&nbsp;No\u00e9mie Wahl &amp; Aymeric Buty Quartet,&nbsp;un groupe qui revisite les chansons des ann\u00e9es 30&hellip;\" \/>\n<meta property=\"og:url\" content=\"https:\/\/www.festivox.fr\/blog\/jazz-noemie-wahl-aymeric-buty-quartet-au-plancher-des-vaches-a-agen\/\" \/>\n<meta property=\"og:site_name\" content=\"FESTIVOX\" \/>\n<meta property=\"article:published_time\" content=\"2024-02-29T03:23:00+00:00\" \/>\n<meta property=\"og:image\" content=\"https:\/\/www.festivox.fr\/blog\/wp-content\/uploads\/2024\/03\/jazz-noemie-wahl-aymeric-buty-quartet-au-plancher-des-vaches-a-agen.jpg\" \/>\n<meta name=\"author\" content=\"Michele\" \/>\n<meta name=\"twitter:card\" content=\"summary_large_image\" \/>\n<meta name=\"twitter:label1\" content=\"\u00c9crit par\" \/>\n\t<meta name=\"twitter:data1\" content=\"Michele\" \/>\n\t<meta name=\"twitter:label2\" content=\"Dur\u00e9e de lecture estim\u00e9e\" \/>\n\t<meta name=\"twitter:data2\" content=\"2 minutes\" \/>\n<script type=\"application\/ld+json\" class=\"yoast-schema-graph\">{\"@context\":\"https:\\\/\\\/schema.org\",\"@graph\":[{\"@type\":\"Article\",\"@id\":\"https:\\\/\\\/www.festivox.fr\\\/blog\\\/jazz-noemie-wahl-aymeric-buty-quartet-au-plancher-des-vaches-a-agen\\\/#article\",\"isPartOf\":{\"@id\":\"https:\\\/\\\/www.festivox.fr\\\/blog\\\/jazz-noemie-wahl-aymeric-buty-quartet-au-plancher-des-vaches-a-agen\\\/\"},\"author\":{\"name\":\"Michele\",\"@id\":\"https:\\\/\\\/www.festivox.fr\\\/blog\\\/#\\\/schema\\\/person\\\/f36a8b6bc94800c3eafed4bca993ce95\"},\"headline\":\"Jazz : No\u00e9mie Wahl &amp; Aymeric Buty Quartet au Plancher des Vaches \u00e0 Agen\",\"datePublished\":\"2024-02-29T03:23:00+00:00\",\"mainEntityOfPage\":{\"@id\":\"https:\\\/\\\/www.festivox.fr\\\/blog\\\/jazz-noemie-wahl-aymeric-buty-quartet-au-plancher-des-vaches-a-agen\\\/\"},\"wordCount\":383,\"publisher\":{\"@id\":\"https:\\\/\\\/www.festivox.fr\\\/blog\\\/#organization\"},\"image\":{\"@id\":\"https:\\\/\\\/www.festivox.fr\\\/blog\\\/jazz-noemie-wahl-aymeric-buty-quartet-au-plancher-des-vaches-a-agen\\\/#primaryimage\"},\"thumbnailUrl\":\"https:\\\/\\\/www.festivox.fr\\\/blog\\\/wp-content\\\/uploads\\\/2024\\\/03\\\/jazz-noemie-wahl-aymeric-buty-quartet-au-plancher-des-vaches-a-agen.jpg\",\"articleSection\":[\"Wiki Sur Festival Jazz Et Musique En Mode Guinguette:\"],\"inLanguage\":\"fr-FR\"},{\"@type\":\"WebPage\",\"@id\":\"https:\\\/\\\/www.festivox.fr\\\/blog\\\/jazz-noemie-wahl-aymeric-buty-quartet-au-plancher-des-vaches-a-agen\\\/\",\"url\":\"https:\\\/\\\/www.festivox.fr\\\/blog\\\/jazz-noemie-wahl-aymeric-buty-quartet-au-plancher-des-vaches-a-agen\\\/\",\"name\":\"Jazz : No\u00e9mie Wahl &amp; Aymeric Buty Quartet au Plancher des Vaches \u00e0 Agen - FESTIVOX\",\"isPartOf\":{\"@id\":\"https:\\\/\\\/www.festivox.fr\\\/blog\\\/#website\"},\"primaryImageOfPage\":{\"@id\":\"https:\\\/\\\/www.festivox.fr\\\/blog\\\/jazz-noemie-wahl-aymeric-buty-quartet-au-plancher-des-vaches-a-agen\\\/#primaryimage\"},\"image\":{\"@id\":\"https:\\\/\\\/www.festivox.fr\\\/blog\\\/jazz-noemie-wahl-aymeric-buty-quartet-au-plancher-des-vaches-a-agen\\\/#primaryimage\"},\"thumbnailUrl\":\"https:\\\/\\\/www.festivox.fr\\\/blog\\\/wp-content\\\/uploads\\\/2024\\\/03\\\/jazz-noemie-wahl-aymeric-buty-quartet-au-plancher-des-vaches-a-agen.jpg\",\"datePublished\":\"2024-02-29T03:23:00+00:00\",\"breadcrumb\":{\"@id\":\"https:\\\/\\\/www.festivox.fr\\\/blog\\\/jazz-noemie-wahl-aymeric-buty-quartet-au-plancher-des-vaches-a-agen\\\/#breadcrumb\"},\"inLanguage\":\"fr-FR\",\"potentialAction\":[{\"@type\":\"ReadAction\",\"target\":[\"https:\\\/\\\/www.festivox.fr\\\/blog\\\/jazz-noemie-wahl-aymeric-buty-quartet-au-plancher-des-vaches-a-agen\\\/\"]}]},{\"@type\":\"ImageObject\",\"inLanguage\":\"fr-FR\",\"@id\":\"https:\\\/\\\/www.festivox.fr\\\/blog\\\/jazz-noemie-wahl-aymeric-buty-quartet-au-plancher-des-vaches-a-agen\\\/#primaryimage\",\"url\":\"https:\\\/\\\/www.festivox.fr\\\/blog\\\/wp-content\\\/uploads\\\/2024\\\/03\\\/jazz-noemie-wahl-aymeric-buty-quartet-au-plancher-des-vaches-a-agen.jpg\",\"contentUrl\":\"https:\\\/\\\/www.festivox.fr\\\/blog\\\/wp-content\\\/uploads\\\/2024\\\/03\\\/jazz-noemie-wahl-aymeric-buty-quartet-au-plancher-des-vaches-a-agen.jpg\",\"width\":885,\"height\":500},{\"@type\":\"BreadcrumbList\",\"@id\":\"https:\\\/\\\/www.festivox.fr\\\/blog\\\/jazz-noemie-wahl-aymeric-buty-quartet-au-plancher-des-vaches-a-agen\\\/#breadcrumb\",\"itemListElement\":[{\"@type\":\"ListItem\",\"position\":1,\"name\":\"Accueil\",\"item\":\"https:\\\/\\\/www.festivox.fr\\\/blog\\\/\"},{\"@type\":\"ListItem\",\"position\":2,\"name\":\"Jazz : No\u00e9mie Wahl &amp; Aymeric Buty Quartet au Plancher des Vaches \u00e0 Agen\"}]},{\"@type\":\"WebSite\",\"@id\":\"https:\\\/\\\/www.festivox.fr\\\/blog\\\/#website\",\"url\":\"https:\\\/\\\/www.festivox.fr\\\/blog\\\/\",\"name\":\"FESTIVOX\",\"description\":\"Festival en mode guinguette.\",\"publisher\":{\"@id\":\"https:\\\/\\\/www.festivox.fr\\\/blog\\\/#organization\"},\"potentialAction\":[{\"@type\":\"SearchAction\",\"target\":{\"@type\":\"EntryPoint\",\"urlTemplate\":\"https:\\\/\\\/www.festivox.fr\\\/blog\\\/?s={search_term_string}\"},\"query-input\":{\"@type\":\"PropertyValueSpecification\",\"valueRequired\":true,\"valueName\":\"search_term_string\"}}],\"inLanguage\":\"fr-FR\"},{\"@type\":\"Organization\",\"@id\":\"https:\\\/\\\/www.festivox.fr\\\/blog\\\/#organization\",\"name\":\"festivox\",\"url\":\"https:\\\/\\\/www.festivox.fr\\\/blog\\\/\",\"logo\":{\"@type\":\"ImageObject\",\"inLanguage\":\"fr-FR\",\"@id\":\"https:\\\/\\\/www.festivox.fr\\\/blog\\\/#\\\/schema\\\/logo\\\/image\\\/\",\"url\":\"https:\\\/\\\/www.festivox.fr\\\/blog\\\/wp-content\\\/uploads\\\/2023\\\/06\\\/logo-2.png\",\"contentUrl\":\"https:\\\/\\\/www.festivox.fr\\\/blog\\\/wp-content\\\/uploads\\\/2023\\\/06\\\/logo-2.png\",\"width\":480,\"height\":160,\"caption\":\"festivox\"},\"image\":{\"@id\":\"https:\\\/\\\/www.festivox.fr\\\/blog\\\/#\\\/schema\\\/logo\\\/image\\\/\"}},{\"@type\":\"Person\",\"@id\":\"https:\\\/\\\/www.festivox.fr\\\/blog\\\/#\\\/schema\\\/person\\\/f36a8b6bc94800c3eafed4bca993ce95\",\"name\":\"Michele\",\"image\":{\"@type\":\"ImageObject\",\"inLanguage\":\"fr-FR\",\"@id\":\"https:\\\/\\\/secure.gravatar.com\\\/avatar\\\/b062046536b5d47ec9075956ec349ef95ed06b0f910c578f74abb318668b702e?s=96&d=mm&r=g\",\"url\":\"https:\\\/\\\/secure.gravatar.com\\\/avatar\\\/b062046536b5d47ec9075956ec349ef95ed06b0f910c578f74abb318668b702e?s=96&d=mm&r=g\",\"contentUrl\":\"https:\\\/\\\/secure.gravatar.com\\\/avatar\\\/b062046536b5d47ec9075956ec349ef95ed06b0f910c578f74abb318668b702e?s=96&d=mm&r=g\",\"caption\":\"Michele\"},\"sameAs\":[\"https:\\\/\\\/www.festivox.fr\\\/blog\"],\"url\":\"https:\\\/\\\/www.festivox.fr\\\/blog\\\/author\\\/voxadmin\\\/\"}]}<\/script>\n<!-- \/ Yoast SEO plugin. -->","yoast_head_json":{"title":"Jazz : No\u00e9mie Wahl &amp; Aymeric Buty Quartet au Plancher des Vaches \u00e0 Agen - FESTIVOX","robots":{"index":"index","follow":"follow","max-snippet":"max-snippet:-1","max-image-preview":"max-image-preview:large","max-video-preview":"max-video-preview:-1"},"canonical":"https:\/\/www.festivox.fr\/blog\/jazz-noemie-wahl-aymeric-buty-quartet-au-plancher-des-vaches-a-agen\/","og_locale":"fr_FR","og_type":"article","og_title":"Jazz : No\u00e9mie Wahl &amp; Aymeric Buty Quartet au Plancher des Vaches \u00e0 Agen - FESTIVOX","og_description":"l&rsquo;essentiel Ce vendredi 1er mars \u00e0 20h30 pour le mensuel jazz, le Plancher des vaches \u00e0 Agen recevra No\u00e9mie Wahl &amp; Aymeric Buty Quartet. Le mensuel jazz, c&rsquo;est ce vendredi 1er mars \u00e0 20h30 au Plancher des vaches \u00e0 Agen. \u00c0 l&rsquo;affiche,&nbsp;No\u00e9mie Wahl &amp; Aymeric Buty Quartet,&nbsp;un groupe qui revisite les chansons des ann\u00e9es 30&hellip;","og_url":"https:\/\/www.festivox.fr\/blog\/jazz-noemie-wahl-aymeric-buty-quartet-au-plancher-des-vaches-a-agen\/","og_site_name":"FESTIVOX","article_published_time":"2024-02-29T03:23:00+00:00","og_image":[{"url":"https:\/\/www.festivox.fr\/blog\/wp-content\/uploads\/2024\/03\/jazz-noemie-wahl-aymeric-buty-quartet-au-plancher-des-vaches-a-agen.jpg","type":"","width":"","height":""}],"author":"Michele","twitter_card":"summary_large_image","twitter_misc":{"\u00c9crit par":"Michele","Dur\u00e9e de lecture estim\u00e9e":"2 minutes"},"schema":{"@context":"https:\/\/schema.org","@graph":[{"@type":"Article","@id":"https:\/\/www.festivox.fr\/blog\/jazz-noemie-wahl-aymeric-buty-quartet-au-plancher-des-vaches-a-agen\/#article","isPartOf":{"@id":"https:\/\/www.festivox.fr\/blog\/jazz-noemie-wahl-aymeric-buty-quartet-au-plancher-des-vaches-a-agen\/"},"author":{"name":"Michele","@id":"https:\/\/www.festivox.fr\/blog\/#\/schema\/person\/f36a8b6bc94800c3eafed4bca993ce95"},"headline":"Jazz : No\u00e9mie Wahl &amp; Aymeric Buty Quartet au Plancher des Vaches \u00e0 Agen","datePublished":"2024-02-29T03:23:00+00:00","mainEntityOfPage":{"@id":"https:\/\/www.festivox.fr\/blog\/jazz-noemie-wahl-aymeric-buty-quartet-au-plancher-des-vaches-a-agen\/"},"wordCount":383,"publisher":{"@id":"https:\/\/www.festivox.fr\/blog\/#organization"},"image":{"@id":"https:\/\/www.festivox.fr\/blog\/jazz-noemie-wahl-aymeric-buty-quartet-au-plancher-des-vaches-a-agen\/#primaryimage"},"thumbnailUrl":"https:\/\/www.festivox.fr\/blog\/wp-content\/uploads\/2024\/03\/jazz-noemie-wahl-aymeric-buty-quartet-au-plancher-des-vaches-a-agen.jpg","articleSection":["Wiki Sur Festival Jazz Et Musique En Mode Guinguette:"],"inLanguage":"fr-FR"},{"@type":"WebPage","@id":"https:\/\/www.festivox.fr\/blog\/jazz-noemie-wahl-aymeric-buty-quartet-au-plancher-des-vaches-a-agen\/","url":"https:\/\/www.festivox.fr\/blog\/jazz-noemie-wahl-aymeric-buty-quartet-au-plancher-des-vaches-a-agen\/","name":"Jazz : No\u00e9mie Wahl &amp; Aymeric Buty Quartet au Plancher des Vaches \u00e0 Agen - FESTIVOX","isPartOf":{"@id":"https:\/\/www.festivox.fr\/blog\/#website"},"primaryImageOfPage":{"@id":"https:\/\/www.festivox.fr\/blog\/jazz-noemie-wahl-aymeric-buty-quartet-au-plancher-des-vaches-a-agen\/#primaryimage"},"image":{"@id":"https:\/\/www.festivox.fr\/blog\/jazz-noemie-wahl-aymeric-buty-quartet-au-plancher-des-vaches-a-agen\/#primaryimage"},"thumbnailUrl":"https:\/\/www.festivox.fr\/blog\/wp-content\/uploads\/2024\/03\/jazz-noemie-wahl-aymeric-buty-quartet-au-plancher-des-vaches-a-agen.jpg","datePublished":"2024-02-29T03:23:00+00:00","breadcrumb":{"@id":"https:\/\/www.festivox.fr\/blog\/jazz-noemie-wahl-aymeric-buty-quartet-au-plancher-des-vaches-a-agen\/#breadcrumb"},"inLanguage":"fr-FR","potentialAction":[{"@type":"ReadAction","target":["https:\/\/www.festivox.fr\/blog\/jazz-noemie-wahl-aymeric-buty-quartet-au-plancher-des-vaches-a-agen\/"]}]},{"@type":"ImageObject","inLanguage":"fr-FR","@id":"https:\/\/www.festivox.fr\/blog\/jazz-noemie-wahl-aymeric-buty-quartet-au-plancher-des-vaches-a-agen\/#primaryimage","url":"https:\/\/www.festivox.fr\/blog\/wp-content\/uploads\/2024\/03\/jazz-noemie-wahl-aymeric-buty-quartet-au-plancher-des-vaches-a-agen.jpg","contentUrl":"https:\/\/www.festivox.fr\/blog\/wp-content\/uploads\/2024\/03\/jazz-noemie-wahl-aymeric-buty-quartet-au-plancher-des-vaches-a-agen.jpg","width":885,"height":500},{"@type":"BreadcrumbList","@id":"https:\/\/www.festivox.fr\/blog\/jazz-noemie-wahl-aymeric-buty-quartet-au-plancher-des-vaches-a-agen\/#breadcrumb","itemListElement":[{"@type":"ListItem","position":1,"name":"Accueil","item":"https:\/\/www.festivox.fr\/blog\/"},{"@type":"ListItem","position":2,"name":"Jazz : No\u00e9mie Wahl &amp; Aymeric Buty Quartet au Plancher des Vaches \u00e0 Agen"}]},{"@type":"WebSite","@id":"https:\/\/www.festivox.fr\/blog\/#website","url":"https:\/\/www.festivox.fr\/blog\/","name":"FESTIVOX","description":"Festival en mode guinguette.","publisher":{"@id":"https:\/\/www.festivox.fr\/blog\/#organization"},"potentialAction":[{"@type":"SearchAction","target":{"@type":"EntryPoint","urlTemplate":"https:\/\/www.festivox.fr\/blog\/?s={search_term_string}"},"query-input":{"@type":"PropertyValueSpecification","valueRequired":true,"valueName":"search_term_string"}}],"inLanguage":"fr-FR"},{"@type":"Organization","@id":"https:\/\/www.festivox.fr\/blog\/#organization","name":"festivox","url":"https:\/\/www.festivox.fr\/blog\/","logo":{"@type":"ImageObject","inLanguage":"fr-FR","@id":"https:\/\/www.festivox.fr\/blog\/#\/schema\/logo\/image\/","url":"https:\/\/www.festivox.fr\/blog\/wp-content\/uploads\/2023\/06\/logo-2.png","contentUrl":"https:\/\/www.festivox.fr\/blog\/wp-content\/uploads\/2023\/06\/logo-2.png","width":480,"height":160,"caption":"festivox"},"image":{"@id":"https:\/\/www.festivox.fr\/blog\/#\/schema\/logo\/image\/"}},{"@type":"Person","@id":"https:\/\/www.festivox.fr\/blog\/#\/schema\/person\/f36a8b6bc94800c3eafed4bca993ce95","name":"Michele","image":{"@type":"ImageObject","inLanguage":"fr-FR","@id":"https:\/\/secure.gravatar.com\/avatar\/b062046536b5d47ec9075956ec349ef95ed06b0f910c578f74abb318668b702e?s=96&d=mm&r=g","url":"https:\/\/secure.gravatar.com\/avatar\/b062046536b5d47ec9075956ec349ef95ed06b0f910c578f74abb318668b702e?s=96&d=mm&r=g","contentUrl":"https:\/\/secure.gravatar.com\/avatar\/b062046536b5d47ec9075956ec349ef95ed06b0f910c578f74abb318668b702e?s=96&d=mm&r=g","caption":"Michele"},"sameAs":["https:\/\/www.festivox.fr\/blog"],"url":"https:\/\/www.festivox.fr\/blog\/author\/voxadmin\/"}]}},"_links":{"self":[{"href":"https:\/\/www.festivox.fr\/blog\/wp-json\/wp\/v2\/posts\/732","targetHints":{"allow":["GET"]}}],"collection":[{"href":"https:\/\/www.festivox.fr\/blog\/wp-json\/wp\/v2\/posts"}],"about":[{"href":"https:\/\/www.festivox.fr\/blog\/wp-json\/wp\/v2\/types\/post"}],"author":[{"embeddable":true,"href":"https:\/\/www.festivox.fr\/blog\/wp-json\/wp\/v2\/users\/1"}],"replies":[{"embeddable":true,"href":"https:\/\/www.festivox.fr\/blog\/wp-json\/wp\/v2\/comments?post=732"}],"version-history":[{"count":0,"href":"https:\/\/www.festivox.fr\/blog\/wp-json\/wp\/v2\/posts\/732\/revisions"}],"wp:featuredmedia":[{"embeddable":true,"href":"https:\/\/www.festivox.fr\/blog\/wp-json\/wp\/v2\/media\/733"}],"wp:attachment":[{"href":"https:\/\/www.festivox.fr\/blog\/wp-json\/wp\/v2\/media?parent=732"}],"wp:term":[{"taxonomy":"category","embeddable":true,"href":"https:\/\/www.festivox.fr\/blog\/wp-json\/wp\/v2\/categories?post=732"},{"taxonomy":"post_tag","embeddable":true,"href":"https:\/\/www.festivox.fr\/blog\/wp-json\/wp\/v2\/tags?post=732"}],"curies":[{"name":"wp","href":"https:\/\/api.w.org\/{rel}","templated":true}]}}