{"id":716,"date":"2024-03-12T14:19:00","date_gmt":"2024-03-12T13:19:00","guid":{"rendered":"https:\/\/www.festivox.fr\/blog\/le-conseil-de-jeu-de-lucas-meirinho-pour-le-pick-5-du-mercredi-13-mars-a-laval\/"},"modified":"2024-03-12T14:19:00","modified_gmt":"2024-03-12T13:19:00","slug":"le-conseil-de-jeu-de-lucas-meirinho-pour-le-pick-5-du-mercredi-13-mars-a-laval","status":"publish","type":"post","link":"https:\/\/www.festivox.fr\/blog\/le-conseil-de-jeu-de-lucas-meirinho-pour-le-pick-5-du-mercredi-13-mars-a-laval\/","title":{"rendered":"Le conseil de jeu de Lucas Meirinho pour le Pick 5 du mercredi 13 mars \u00e0 Laval"},"content":{"rendered":"\n<div><img decoding=\"async\" src=\"https:\/\/www.festivox.fr\/blog\/wp-content\/uploads\/2024\/03\/le-conseil-de-jeu-de-lucas-meirinho-pour-le-pick-5-du-mercredi-13-mars-a-laval.webp\" class=\"ff-og-image-inserted\"><\/div>\n<h4><strong>R1C5 &#8211; Prix du Stade Lavallois Mayenne FC &#8211; 2.850 m\u00e8tres &#8211; 16h15<\/strong><\/h4>\n<p><a href=\"https:\/\/www.equidia.fr\/chevaux\/juan-carlos-gifont\" target=\"_blank\" rel=\"nofollow\">7 &#8211; Juan Carlos Gifont <\/a>: Vu dans des meilleurs lots que celui de ce mercredi, ce hongre de 5 ans ne doit donc pas \u00eatre condamn\u00e9 sur ses derni\u00e8res sorties. Confi\u00e9 \u00e0 <strong>\u00c9ric Raffin <\/strong>pour la premi\u00e8re fois et all\u00e9g\u00e9 dans sa ferrure, il vaut un tel lot.<\/p>\n<p><a href=\"https:\/\/www.equidia.fr\/chevaux\/java-danama\" target=\"_blank\" rel=\"nofollow\">16 &#8211; Java d\u2019Anama<\/a> : Au m\u00eame titre que <strong>Juan Carlos Gifont,<\/strong> elle vient de courir des lots corrects \u00e0 <strong>Vincennes<\/strong> et montre des progr\u00e8s au fil des courses. Sur la montante, elle sera pieds nus et a d\u00e9j\u00e0 bien fait sur ce parcours. Attention \u00e0 elle.<\/p>\n<p><a href=\"https:\/\/www.equidia.fr\/chevaux\/justice-brickell\" target=\"_blank\" rel=\"nofollow\">5 &#8211; Justice Brickell<\/a> : Cette brave jument reste tout simplement sur la bagatelle de trois victoires en quatre sorties. Tr\u00e8s r\u00e9guli\u00e8re, cette pensionnaire de <strong>Laurent Koubiche<\/strong> est d\u00e9ferr\u00e9e des quatre pieds, une configuration de ferrure qui lui r\u00e9ussit tr\u00e8s bien.<\/p>\n<p><a href=\"https:\/\/www.equidia.fr\/chevaux\/jagerbomb\" target=\"_blank\" rel=\"nofollow\">14 &#8211; Jagerbomb<\/a> : Ce concurrent de <strong>William Bigeon<\/strong>, qui a mis un \u00e9moji vert sur le site du Trot, appr\u00e9cie tout particuli\u00e8rement l\u2019hippodrome de <strong>Laval<\/strong>. Mieux, il n\u2019est jamais sorti du podium en quatre sorties all\u00e9g\u00e9 \u00e0 Laval. \u00c0 garder absolument dans un ticket.<\/p>\n<p><a href=\"https:\/\/www.equidia.fr\/chevaux\/jolly-chic\" target=\"_blank\" rel=\"nofollow\">3 &#8211; Jolly Chic<\/a> : Plaisante laur\u00e9ate en dernier lieu sur l\u2019hippodrome mayennais, cette femelle de 5 ans retrouve un parcours de tenue. Comme elle sera ferr\u00e9e, il faut la retenir en fin de combinaison.<\/p>\n<p><a href=\"https:\/\/www.equidia.fr\/chevaux\/jazz-in-jeep\" target=\"_blank\" rel=\"nofollow\">8 &#8211; Jazz In Jeep<\/a> : D\u00e9cevant \u00e0 Vincennes, il va d\u00e9couvrir l&rsquo;hippodrome de Laval mais semble avoir pass\u00e9 un cap depuis qu&rsquo;il est d\u00e9ferr\u00e9.<\/p>\n<p> Cet article, qui traite du th\u00e8me \u00ab\u00a0Festival Jazz et musique en mode guinguette\u00a0\u00bb, vous est d\u00e9lib\u00e9r\u00e9ment offert par festivox.fr. La raison d\u2019\u00eatre de festivox.fr est de parler de Festival Jazz et musique en mode guinguette dans la transparence la plus g\u00e9n\u00e9rale en vous procurant la visibilit\u00e9 de tout ce qui est publi\u00e9 sur ce sujet sur le web La chronique a \u00e9t\u00e9 g\u00e9n\u00e9r\u00e9e de la mani\u00e8re la plus honn\u00eate que possible. S\u2019il advenait que vous projetez d\u2019apporter quelques notes concernant le domaine de \u00ab\u00a0Festival Jazz et musique en mode guinguette\u00a0\u00bb vous avez la possibilit\u00e9 de d&rsquo;\u00e9changer avec notre r\u00e9daction. Dans peu de temps, on mettra en ligne d&rsquo;autres informations pertinentes autour du sujet \u00ab\u00a0Festival Jazz et musique en mode guinguette\u00a0\u00bb. Ainsi, consultez r\u00e9guli\u00e8rement notre site.<\/p>\n","protected":false},"excerpt":{"rendered":"<p>R1C5 &#8211; Prix du Stade Lavallois Mayenne FC &#8211; 2.850 m\u00e8tres &#8211; 16h15 7 &#8211; Juan Carlos Gifont : Vu dans des meilleurs lots que celui de ce mercredi, ce hongre de 5 ans ne doit donc pas \u00eatre condamn\u00e9 sur ses derni\u00e8res sorties. Confi\u00e9 \u00e0 \u00c9ric Raffin pour la premi\u00e8re fois et all\u00e9g\u00e9 dans&hellip;<\/p>\n","protected":false},"author":1,"featured_media":717,"comment_status":"closed","ping_status":"closed","sticky":false,"template":"","format":"standard","meta":{"footnotes":""},"categories":[3],"tags":[],"class_list":["post-716","post","type-post","status-publish","format-standard","has-post-thumbnail","hentry","category-wiki-sur-festival-jazz-et-musique-en-mode-guinguette"],"yoast_head":"<!-- This site is optimized with the Yoast SEO plugin v27.5 - https:\/\/yoast.com\/product\/yoast-seo-wordpress\/ -->\n<title>Le conseil de jeu de Lucas Meirinho pour le Pick 5 du mercredi 13 mars \u00e0 Laval - FESTIVOX<\/title>\n<meta name=\"robots\" content=\"index, follow, max-snippet:-1, max-image-preview:large, max-video-preview:-1\" \/>\n<link rel=\"canonical\" href=\"https:\/\/www.festivox.fr\/blog\/le-conseil-de-jeu-de-lucas-meirinho-pour-le-pick-5-du-mercredi-13-mars-a-laval\/\" \/>\n<meta property=\"og:locale\" content=\"fr_FR\" \/>\n<meta property=\"og:type\" content=\"article\" \/>\n<meta property=\"og:title\" content=\"Le conseil de jeu de Lucas Meirinho pour le Pick 5 du mercredi 13 mars \u00e0 Laval - FESTIVOX\" \/>\n<meta property=\"og:description\" content=\"R1C5 &#8211; Prix du Stade Lavallois Mayenne FC &#8211; 2.850 m\u00e8tres &#8211; 16h15 7 &#8211; Juan Carlos Gifont : Vu dans des meilleurs lots que celui de ce mercredi, ce hongre de 5 ans ne doit donc pas \u00eatre condamn\u00e9 sur ses derni\u00e8res sorties. Confi\u00e9 \u00e0 \u00c9ric Raffin pour la premi\u00e8re fois et all\u00e9g\u00e9 dans&hellip;\" \/>\n<meta property=\"og:url\" content=\"https:\/\/www.festivox.fr\/blog\/le-conseil-de-jeu-de-lucas-meirinho-pour-le-pick-5-du-mercredi-13-mars-a-laval\/\" \/>\n<meta property=\"og:site_name\" content=\"FESTIVOX\" \/>\n<meta property=\"article:published_time\" content=\"2024-03-12T13:19:00+00:00\" \/>\n<meta property=\"og:image\" content=\"https:\/\/www.festivox.fr\/blog\/wp-content\/uploads\/2024\/03\/le-conseil-de-jeu-de-lucas-meirinho-pour-le-pick-5-du-mercredi-13-mars-a-laval.webp\" \/>\n<meta name=\"author\" content=\"Michele\" \/>\n<meta name=\"twitter:card\" content=\"summary_large_image\" \/>\n<meta name=\"twitter:label1\" content=\"\u00c9crit par\" \/>\n\t<meta name=\"twitter:data1\" content=\"Michele\" \/>\n\t<meta name=\"twitter:label2\" content=\"Dur\u00e9e de lecture estim\u00e9e\" \/>\n\t<meta name=\"twitter:data2\" content=\"2 minutes\" \/>\n<script type=\"application\/ld+json\" class=\"yoast-schema-graph\">{\"@context\":\"https:\\\/\\\/schema.org\",\"@graph\":[{\"@type\":\"Article\",\"@id\":\"https:\\\/\\\/www.festivox.fr\\\/blog\\\/le-conseil-de-jeu-de-lucas-meirinho-pour-le-pick-5-du-mercredi-13-mars-a-laval\\\/#article\",\"isPartOf\":{\"@id\":\"https:\\\/\\\/www.festivox.fr\\\/blog\\\/le-conseil-de-jeu-de-lucas-meirinho-pour-le-pick-5-du-mercredi-13-mars-a-laval\\\/\"},\"author\":{\"name\":\"Michele\",\"@id\":\"https:\\\/\\\/www.festivox.fr\\\/blog\\\/#\\\/schema\\\/person\\\/f36a8b6bc94800c3eafed4bca993ce95\"},\"headline\":\"Le conseil de jeu de Lucas Meirinho pour le Pick 5 du mercredi 13 mars \u00e0 Laval\",\"datePublished\":\"2024-03-12T13:19:00+00:00\",\"mainEntityOfPage\":{\"@id\":\"https:\\\/\\\/www.festivox.fr\\\/blog\\\/le-conseil-de-jeu-de-lucas-meirinho-pour-le-pick-5-du-mercredi-13-mars-a-laval\\\/\"},\"wordCount\":420,\"publisher\":{\"@id\":\"https:\\\/\\\/www.festivox.fr\\\/blog\\\/#organization\"},\"image\":{\"@id\":\"https:\\\/\\\/www.festivox.fr\\\/blog\\\/le-conseil-de-jeu-de-lucas-meirinho-pour-le-pick-5-du-mercredi-13-mars-a-laval\\\/#primaryimage\"},\"thumbnailUrl\":\"https:\\\/\\\/www.festivox.fr\\\/blog\\\/wp-content\\\/uploads\\\/2024\\\/03\\\/le-conseil-de-jeu-de-lucas-meirinho-pour-le-pick-5-du-mercredi-13-mars-a-laval.webp\",\"articleSection\":[\"Wiki Sur Festival Jazz Et Musique En Mode Guinguette:\"],\"inLanguage\":\"fr-FR\"},{\"@type\":\"WebPage\",\"@id\":\"https:\\\/\\\/www.festivox.fr\\\/blog\\\/le-conseil-de-jeu-de-lucas-meirinho-pour-le-pick-5-du-mercredi-13-mars-a-laval\\\/\",\"url\":\"https:\\\/\\\/www.festivox.fr\\\/blog\\\/le-conseil-de-jeu-de-lucas-meirinho-pour-le-pick-5-du-mercredi-13-mars-a-laval\\\/\",\"name\":\"Le conseil de jeu de Lucas Meirinho pour le Pick 5 du mercredi 13 mars \u00e0 Laval - FESTIVOX\",\"isPartOf\":{\"@id\":\"https:\\\/\\\/www.festivox.fr\\\/blog\\\/#website\"},\"primaryImageOfPage\":{\"@id\":\"https:\\\/\\\/www.festivox.fr\\\/blog\\\/le-conseil-de-jeu-de-lucas-meirinho-pour-le-pick-5-du-mercredi-13-mars-a-laval\\\/#primaryimage\"},\"image\":{\"@id\":\"https:\\\/\\\/www.festivox.fr\\\/blog\\\/le-conseil-de-jeu-de-lucas-meirinho-pour-le-pick-5-du-mercredi-13-mars-a-laval\\\/#primaryimage\"},\"thumbnailUrl\":\"https:\\\/\\\/www.festivox.fr\\\/blog\\\/wp-content\\\/uploads\\\/2024\\\/03\\\/le-conseil-de-jeu-de-lucas-meirinho-pour-le-pick-5-du-mercredi-13-mars-a-laval.webp\",\"datePublished\":\"2024-03-12T13:19:00+00:00\",\"breadcrumb\":{\"@id\":\"https:\\\/\\\/www.festivox.fr\\\/blog\\\/le-conseil-de-jeu-de-lucas-meirinho-pour-le-pick-5-du-mercredi-13-mars-a-laval\\\/#breadcrumb\"},\"inLanguage\":\"fr-FR\",\"potentialAction\":[{\"@type\":\"ReadAction\",\"target\":[\"https:\\\/\\\/www.festivox.fr\\\/blog\\\/le-conseil-de-jeu-de-lucas-meirinho-pour-le-pick-5-du-mercredi-13-mars-a-laval\\\/\"]}]},{\"@type\":\"ImageObject\",\"inLanguage\":\"fr-FR\",\"@id\":\"https:\\\/\\\/www.festivox.fr\\\/blog\\\/le-conseil-de-jeu-de-lucas-meirinho-pour-le-pick-5-du-mercredi-13-mars-a-laval\\\/#primaryimage\",\"url\":\"https:\\\/\\\/www.festivox.fr\\\/blog\\\/wp-content\\\/uploads\\\/2024\\\/03\\\/le-conseil-de-jeu-de-lucas-meirinho-pour-le-pick-5-du-mercredi-13-mars-a-laval.webp\",\"contentUrl\":\"https:\\\/\\\/www.festivox.fr\\\/blog\\\/wp-content\\\/uploads\\\/2024\\\/03\\\/le-conseil-de-jeu-de-lucas-meirinho-pour-le-pick-5-du-mercredi-13-mars-a-laval.webp\",\"width\":840,\"height\":473},{\"@type\":\"BreadcrumbList\",\"@id\":\"https:\\\/\\\/www.festivox.fr\\\/blog\\\/le-conseil-de-jeu-de-lucas-meirinho-pour-le-pick-5-du-mercredi-13-mars-a-laval\\\/#breadcrumb\",\"itemListElement\":[{\"@type\":\"ListItem\",\"position\":1,\"name\":\"Accueil\",\"item\":\"https:\\\/\\\/www.festivox.fr\\\/blog\\\/\"},{\"@type\":\"ListItem\",\"position\":2,\"name\":\"Le conseil de jeu de Lucas Meirinho pour le Pick 5 du mercredi 13 mars \u00e0 Laval\"}]},{\"@type\":\"WebSite\",\"@id\":\"https:\\\/\\\/www.festivox.fr\\\/blog\\\/#website\",\"url\":\"https:\\\/\\\/www.festivox.fr\\\/blog\\\/\",\"name\":\"FESTIVOX\",\"description\":\"Festival en mode guinguette.\",\"publisher\":{\"@id\":\"https:\\\/\\\/www.festivox.fr\\\/blog\\\/#organization\"},\"potentialAction\":[{\"@type\":\"SearchAction\",\"target\":{\"@type\":\"EntryPoint\",\"urlTemplate\":\"https:\\\/\\\/www.festivox.fr\\\/blog\\\/?s={search_term_string}\"},\"query-input\":{\"@type\":\"PropertyValueSpecification\",\"valueRequired\":true,\"valueName\":\"search_term_string\"}}],\"inLanguage\":\"fr-FR\"},{\"@type\":\"Organization\",\"@id\":\"https:\\\/\\\/www.festivox.fr\\\/blog\\\/#organization\",\"name\":\"festivox\",\"url\":\"https:\\\/\\\/www.festivox.fr\\\/blog\\\/\",\"logo\":{\"@type\":\"ImageObject\",\"inLanguage\":\"fr-FR\",\"@id\":\"https:\\\/\\\/www.festivox.fr\\\/blog\\\/#\\\/schema\\\/logo\\\/image\\\/\",\"url\":\"https:\\\/\\\/www.festivox.fr\\\/blog\\\/wp-content\\\/uploads\\\/2023\\\/06\\\/logo-2.png\",\"contentUrl\":\"https:\\\/\\\/www.festivox.fr\\\/blog\\\/wp-content\\\/uploads\\\/2023\\\/06\\\/logo-2.png\",\"width\":480,\"height\":160,\"caption\":\"festivox\"},\"image\":{\"@id\":\"https:\\\/\\\/www.festivox.fr\\\/blog\\\/#\\\/schema\\\/logo\\\/image\\\/\"}},{\"@type\":\"Person\",\"@id\":\"https:\\\/\\\/www.festivox.fr\\\/blog\\\/#\\\/schema\\\/person\\\/f36a8b6bc94800c3eafed4bca993ce95\",\"name\":\"Michele\",\"image\":{\"@type\":\"ImageObject\",\"inLanguage\":\"fr-FR\",\"@id\":\"https:\\\/\\\/secure.gravatar.com\\\/avatar\\\/b062046536b5d47ec9075956ec349ef95ed06b0f910c578f74abb318668b702e?s=96&d=mm&r=g\",\"url\":\"https:\\\/\\\/secure.gravatar.com\\\/avatar\\\/b062046536b5d47ec9075956ec349ef95ed06b0f910c578f74abb318668b702e?s=96&d=mm&r=g\",\"contentUrl\":\"https:\\\/\\\/secure.gravatar.com\\\/avatar\\\/b062046536b5d47ec9075956ec349ef95ed06b0f910c578f74abb318668b702e?s=96&d=mm&r=g\",\"caption\":\"Michele\"},\"sameAs\":[\"https:\\\/\\\/www.festivox.fr\\\/blog\"],\"url\":\"https:\\\/\\\/www.festivox.fr\\\/blog\\\/author\\\/voxadmin\\\/\"}]}<\/script>\n<!-- \/ Yoast SEO plugin. -->","yoast_head_json":{"title":"Le conseil de jeu de Lucas Meirinho pour le Pick 5 du mercredi 13 mars \u00e0 Laval - FESTIVOX","robots":{"index":"index","follow":"follow","max-snippet":"max-snippet:-1","max-image-preview":"max-image-preview:large","max-video-preview":"max-video-preview:-1"},"canonical":"https:\/\/www.festivox.fr\/blog\/le-conseil-de-jeu-de-lucas-meirinho-pour-le-pick-5-du-mercredi-13-mars-a-laval\/","og_locale":"fr_FR","og_type":"article","og_title":"Le conseil de jeu de Lucas Meirinho pour le Pick 5 du mercredi 13 mars \u00e0 Laval - FESTIVOX","og_description":"R1C5 &#8211; Prix du Stade Lavallois Mayenne FC &#8211; 2.850 m\u00e8tres &#8211; 16h15 7 &#8211; Juan Carlos Gifont : Vu dans des meilleurs lots que celui de ce mercredi, ce hongre de 5 ans ne doit donc pas \u00eatre condamn\u00e9 sur ses derni\u00e8res sorties. Confi\u00e9 \u00e0 \u00c9ric Raffin pour la premi\u00e8re fois et all\u00e9g\u00e9 dans&hellip;","og_url":"https:\/\/www.festivox.fr\/blog\/le-conseil-de-jeu-de-lucas-meirinho-pour-le-pick-5-du-mercredi-13-mars-a-laval\/","og_site_name":"FESTIVOX","article_published_time":"2024-03-12T13:19:00+00:00","og_image":[{"url":"https:\/\/www.festivox.fr\/blog\/wp-content\/uploads\/2024\/03\/le-conseil-de-jeu-de-lucas-meirinho-pour-le-pick-5-du-mercredi-13-mars-a-laval.webp","type":"","width":"","height":""}],"author":"Michele","twitter_card":"summary_large_image","twitter_misc":{"\u00c9crit par":"Michele","Dur\u00e9e de lecture estim\u00e9e":"2 minutes"},"schema":{"@context":"https:\/\/schema.org","@graph":[{"@type":"Article","@id":"https:\/\/www.festivox.fr\/blog\/le-conseil-de-jeu-de-lucas-meirinho-pour-le-pick-5-du-mercredi-13-mars-a-laval\/#article","isPartOf":{"@id":"https:\/\/www.festivox.fr\/blog\/le-conseil-de-jeu-de-lucas-meirinho-pour-le-pick-5-du-mercredi-13-mars-a-laval\/"},"author":{"name":"Michele","@id":"https:\/\/www.festivox.fr\/blog\/#\/schema\/person\/f36a8b6bc94800c3eafed4bca993ce95"},"headline":"Le conseil de jeu de Lucas Meirinho pour le Pick 5 du mercredi 13 mars \u00e0 Laval","datePublished":"2024-03-12T13:19:00+00:00","mainEntityOfPage":{"@id":"https:\/\/www.festivox.fr\/blog\/le-conseil-de-jeu-de-lucas-meirinho-pour-le-pick-5-du-mercredi-13-mars-a-laval\/"},"wordCount":420,"publisher":{"@id":"https:\/\/www.festivox.fr\/blog\/#organization"},"image":{"@id":"https:\/\/www.festivox.fr\/blog\/le-conseil-de-jeu-de-lucas-meirinho-pour-le-pick-5-du-mercredi-13-mars-a-laval\/#primaryimage"},"thumbnailUrl":"https:\/\/www.festivox.fr\/blog\/wp-content\/uploads\/2024\/03\/le-conseil-de-jeu-de-lucas-meirinho-pour-le-pick-5-du-mercredi-13-mars-a-laval.webp","articleSection":["Wiki Sur Festival Jazz Et Musique En Mode Guinguette:"],"inLanguage":"fr-FR"},{"@type":"WebPage","@id":"https:\/\/www.festivox.fr\/blog\/le-conseil-de-jeu-de-lucas-meirinho-pour-le-pick-5-du-mercredi-13-mars-a-laval\/","url":"https:\/\/www.festivox.fr\/blog\/le-conseil-de-jeu-de-lucas-meirinho-pour-le-pick-5-du-mercredi-13-mars-a-laval\/","name":"Le conseil de jeu de Lucas Meirinho pour le Pick 5 du mercredi 13 mars \u00e0 Laval - FESTIVOX","isPartOf":{"@id":"https:\/\/www.festivox.fr\/blog\/#website"},"primaryImageOfPage":{"@id":"https:\/\/www.festivox.fr\/blog\/le-conseil-de-jeu-de-lucas-meirinho-pour-le-pick-5-du-mercredi-13-mars-a-laval\/#primaryimage"},"image":{"@id":"https:\/\/www.festivox.fr\/blog\/le-conseil-de-jeu-de-lucas-meirinho-pour-le-pick-5-du-mercredi-13-mars-a-laval\/#primaryimage"},"thumbnailUrl":"https:\/\/www.festivox.fr\/blog\/wp-content\/uploads\/2024\/03\/le-conseil-de-jeu-de-lucas-meirinho-pour-le-pick-5-du-mercredi-13-mars-a-laval.webp","datePublished":"2024-03-12T13:19:00+00:00","breadcrumb":{"@id":"https:\/\/www.festivox.fr\/blog\/le-conseil-de-jeu-de-lucas-meirinho-pour-le-pick-5-du-mercredi-13-mars-a-laval\/#breadcrumb"},"inLanguage":"fr-FR","potentialAction":[{"@type":"ReadAction","target":["https:\/\/www.festivox.fr\/blog\/le-conseil-de-jeu-de-lucas-meirinho-pour-le-pick-5-du-mercredi-13-mars-a-laval\/"]}]},{"@type":"ImageObject","inLanguage":"fr-FR","@id":"https:\/\/www.festivox.fr\/blog\/le-conseil-de-jeu-de-lucas-meirinho-pour-le-pick-5-du-mercredi-13-mars-a-laval\/#primaryimage","url":"https:\/\/www.festivox.fr\/blog\/wp-content\/uploads\/2024\/03\/le-conseil-de-jeu-de-lucas-meirinho-pour-le-pick-5-du-mercredi-13-mars-a-laval.webp","contentUrl":"https:\/\/www.festivox.fr\/blog\/wp-content\/uploads\/2024\/03\/le-conseil-de-jeu-de-lucas-meirinho-pour-le-pick-5-du-mercredi-13-mars-a-laval.webp","width":840,"height":473},{"@type":"BreadcrumbList","@id":"https:\/\/www.festivox.fr\/blog\/le-conseil-de-jeu-de-lucas-meirinho-pour-le-pick-5-du-mercredi-13-mars-a-laval\/#breadcrumb","itemListElement":[{"@type":"ListItem","position":1,"name":"Accueil","item":"https:\/\/www.festivox.fr\/blog\/"},{"@type":"ListItem","position":2,"name":"Le conseil de jeu de Lucas Meirinho pour le Pick 5 du mercredi 13 mars \u00e0 Laval"}]},{"@type":"WebSite","@id":"https:\/\/www.festivox.fr\/blog\/#website","url":"https:\/\/www.festivox.fr\/blog\/","name":"FESTIVOX","description":"Festival en mode guinguette.","publisher":{"@id":"https:\/\/www.festivox.fr\/blog\/#organization"},"potentialAction":[{"@type":"SearchAction","target":{"@type":"EntryPoint","urlTemplate":"https:\/\/www.festivox.fr\/blog\/?s={search_term_string}"},"query-input":{"@type":"PropertyValueSpecification","valueRequired":true,"valueName":"search_term_string"}}],"inLanguage":"fr-FR"},{"@type":"Organization","@id":"https:\/\/www.festivox.fr\/blog\/#organization","name":"festivox","url":"https:\/\/www.festivox.fr\/blog\/","logo":{"@type":"ImageObject","inLanguage":"fr-FR","@id":"https:\/\/www.festivox.fr\/blog\/#\/schema\/logo\/image\/","url":"https:\/\/www.festivox.fr\/blog\/wp-content\/uploads\/2023\/06\/logo-2.png","contentUrl":"https:\/\/www.festivox.fr\/blog\/wp-content\/uploads\/2023\/06\/logo-2.png","width":480,"height":160,"caption":"festivox"},"image":{"@id":"https:\/\/www.festivox.fr\/blog\/#\/schema\/logo\/image\/"}},{"@type":"Person","@id":"https:\/\/www.festivox.fr\/blog\/#\/schema\/person\/f36a8b6bc94800c3eafed4bca993ce95","name":"Michele","image":{"@type":"ImageObject","inLanguage":"fr-FR","@id":"https:\/\/secure.gravatar.com\/avatar\/b062046536b5d47ec9075956ec349ef95ed06b0f910c578f74abb318668b702e?s=96&d=mm&r=g","url":"https:\/\/secure.gravatar.com\/avatar\/b062046536b5d47ec9075956ec349ef95ed06b0f910c578f74abb318668b702e?s=96&d=mm&r=g","contentUrl":"https:\/\/secure.gravatar.com\/avatar\/b062046536b5d47ec9075956ec349ef95ed06b0f910c578f74abb318668b702e?s=96&d=mm&r=g","caption":"Michele"},"sameAs":["https:\/\/www.festivox.fr\/blog"],"url":"https:\/\/www.festivox.fr\/blog\/author\/voxadmin\/"}]}},"_links":{"self":[{"href":"https:\/\/www.festivox.fr\/blog\/wp-json\/wp\/v2\/posts\/716","targetHints":{"allow":["GET"]}}],"collection":[{"href":"https:\/\/www.festivox.fr\/blog\/wp-json\/wp\/v2\/posts"}],"about":[{"href":"https:\/\/www.festivox.fr\/blog\/wp-json\/wp\/v2\/types\/post"}],"author":[{"embeddable":true,"href":"https:\/\/www.festivox.fr\/blog\/wp-json\/wp\/v2\/users\/1"}],"replies":[{"embeddable":true,"href":"https:\/\/www.festivox.fr\/blog\/wp-json\/wp\/v2\/comments?post=716"}],"version-history":[{"count":0,"href":"https:\/\/www.festivox.fr\/blog\/wp-json\/wp\/v2\/posts\/716\/revisions"}],"wp:featuredmedia":[{"embeddable":true,"href":"https:\/\/www.festivox.fr\/blog\/wp-json\/wp\/v2\/media\/717"}],"wp:attachment":[{"href":"https:\/\/www.festivox.fr\/blog\/wp-json\/wp\/v2\/media?parent=716"}],"wp:term":[{"taxonomy":"category","embeddable":true,"href":"https:\/\/www.festivox.fr\/blog\/wp-json\/wp\/v2\/categories?post=716"},{"taxonomy":"post_tag","embeddable":true,"href":"https:\/\/www.festivox.fr\/blog\/wp-json\/wp\/v2\/tags?post=716"}],"curies":[{"name":"wp","href":"https:\/\/api.w.org\/{rel}","templated":true}]}}