{"id":706,"date":"2024-03-04T07:52:00","date_gmt":"2024-03-04T06:52:00","guid":{"rendered":"https:\/\/www.festivox.fr\/blog\/claude-nougaro-10-petites-choses-que-vous-ne-saviez-peut-etre-pas-sur-le-chanteur-toulousain\/"},"modified":"2024-03-04T07:52:00","modified_gmt":"2024-03-04T06:52:00","slug":"claude-nougaro-10-petites-choses-que-vous-ne-saviez-peut-etre-pas-sur-le-chanteur-toulousain","status":"publish","type":"post","link":"https:\/\/www.festivox.fr\/blog\/claude-nougaro-10-petites-choses-que-vous-ne-saviez-peut-etre-pas-sur-le-chanteur-toulousain\/","title":{"rendered":"Claude Nougaro : 10 (petites) choses que vous ne saviez (peut-\u00eatre) pas sur le chanteur toulousain"},"content":{"rendered":"\n<p class=\"PopSlotParagraph qg-tx2 qg-xtra-lh svelte-1xznlfb\"><!-- HTML_TAG_START -->Berc\u00e9 par la musique classique, le jazz et la chanson fran\u00e7aise, Claude Nougaro baigne d\u00e8s son enfance dans un m\u00e9lange d&rsquo;influences musicales \u00e9clectiques, auxquelles il ajoutera plus tard sa fascination pour les sonorit\u00e9s africaines et sud-am\u00e9ricaines. D\u2019abord po\u00e8te et parolier avant de se tourner vers le chant, Claude Nougaro rejoint les plus grands jazzmen fran\u00e7ais pour signer un corpus de chansons \u00e9ternelles qui subliment la langue fran\u00e7aise. Voici&nbsp;10 (petites) choses que vous ne saviez (peut-\u00eatre) pas sur le c\u00e9l\u00e8bre chanteur toulousain.<!-- HTML_TAG_END --><\/p>\n<div class=\"ConsentNotice svelte-bz8pq\" data-vendor=\"c:facebookc-rgacRMQm\">\n<p class=\"ConsentNotice-description qg-tx3 svelte-bz8pq\"><!-- HTML_TAG_START -->Pour afficher ce contenu Facebook, vous devez accepter les cookies <b>R\u00e9seaux Sociaux<\/b>.<\/p>\n<p>Ces cookies permettent de partager ou r\u00e9agir directement sur les r\u00e9seaux sociaux auxquels vous \u00eates connect\u00e9s ou d&rsquo;int\u00e9grer du contenu initialement post\u00e9 sur ces r\u00e9seaux sociaux. Ils permettent aussi aux r\u00e9seaux sociaux d&rsquo;utiliser vos visites sur nos sites et applications \u00e0 des fins de personnalisation et de ciblage publicitaire.<!-- HTML_TAG_END --><\/p>\n<p> <button class=\"Button light secondary medium svelte-14clwo\" type=\"button\" aria-label=\"bouton G\u00e9rer mes choix\"> G\u00e9rer mes choix <\/button> <button class=\"Button light primary medium svelte-14clwo\" type=\"button\" aria-label=\"bouton J'autorise\"> J&rsquo;autorise <\/button><\/p>\n<\/div>\n<h2 class=\"qg-st2 \"><!-- HTML_TAG_START -->La musique, une affaire de famille<!-- HTML_TAG_END --><\/h2>\n<p class=\"PopSlotParagraph qg-tx2 qg-xtra-lh svelte-1xznlfb\"><!-- HTML_TAG_START -->Claude Nougaro avait la musique non seulement dans la peau, mais \u00e9galement dans le sang&nbsp;! N\u00e9 dans une famille de musiciens, le jeune Claude est nourri au jazz, \u00e0 la musique classique et \u00e0 la chanson fran\u00e7aise d\u00e8s son plus jeune \u00e2ge. Son p\u00e8re, Pierre Nougaro, est une des grandes voix lyriques du Capitole de Toulouse avant de devenir c\u00e9l\u00e8bre premier baryton \u00e0 l&rsquo;Op\u00e9ra de Paris. Sa m\u00e8re, Liette Tellini, est quant \u00e0 elle professeure de piano et premier prix de piano au conservatoire. La voie musicale \u00e9tait ouverte au jeune toulousain d\u00e8s sa naissance.<!-- HTML_TAG_END --><\/p>\n<div class=\"PopSlot inread svelte-1nn8uhn isEnabled\">\n<p><span class=\"qg-tx5 svelte-1nn8uhn\">Publicit\u00e9<\/span> <\/p>\n<\/p><\/div>\n<div class=\"Bounce svelte-k0g7f5 hasAudio\">\n<div class=\"Bounce-left svelte-k0g7f5\">\n<p><span class=\"Bounce-conceptTitle qg-tx5 svelte-k0g7f5\">Les Tr\u00e9sors de France Musique<\/span> <span class=\"g-separator svelte-k0g7f5\"><\/span> <button class=\"Button light tertiary medium svelte-14clwo\" type=\"button\" data-testid=\"BookmarkToggle\">  \u00c9couter plus tard <\/button><\/p>\n<\/div>\n<p> <button class=\"Button dark primary small isExpandable svelte-14clwo\" data-track-click-type=\"replayButton\" type=\"button\" data-testid=\"replay-button\"><span><span class=\"qg-sr-only\">Lecture<\/span> <\/span> <span><!-- HTML_TAG_START -->\u00e9couter<!-- HTML_TAG_END --><\/span> <\/button> <span class=\"Duration light qg-tx5 svelte-1i8r9u\">59 min <\/span><\/p>\n<\/p><\/div>\n<h2 class=\"qg-st2 \"><!-- HTML_TAG_START -->Po\u00e8te devenu \u00ab&nbsp;mot-sicien&nbsp;\u00bb<!-- HTML_TAG_END --><\/h2>\n<p class=\"PopSlotParagraph qg-tx2 qg-xtra-lh svelte-1xznlfb\"><!-- HTML_TAG_START -->Claude Nougaro manie la langue fran\u00e7ais tel un fleuret, malgr\u00e9 avoir rat\u00e9 son bac. Il est l\u2019une des rares figures \u00e0 allier le jazz et la langue fran\u00e7aise de mani\u00e8re aussi r\u00e9ussie, le fran\u00e7ais \u00e9tant soi-disant une langue peu m\u00e9lodieuse. \u00ab&nbsp;<em>Moi, ma langue, c&rsquo;est ma vraie patrie, et ma langue, c&rsquo;est la fran\u00e7aise. Quand on dit qu&rsquo;elle manque de batterie, c&rsquo;est des mensonges, des foutaises. Ceux qui veulent lui casser les reins, je leur braque mes alexandrins<\/em>&nbsp;\u00bb, menace le chanteur dans <em>Vive l\u2019alexandrin<\/em>.<!-- HTML_TAG_END --><\/p>\n<p class=\"PopSlotParagraph qg-tx2 qg-xtra-lh svelte-1xznlfb\"><!-- HTML_TAG_START -->En 1954, Claude Nougaro fait ses d\u00e9buts dans l\u2019un des c\u00e9l\u00e8bres cabarets parisiens de la butte Montmartre, le Lapin Agile, o\u00f9 il r\u00e9cite ses po\u00e8mes. Ce n\u2019est que trois ans plus tard que le jeune po\u00e8te d\u00e9cide de m\u00ealer musique et parole et de chanter ses textes. Mais l\u2019amour du mot reste \u00e0 jamais le c\u0153ur battant de son art, au point de se d\u00e9finir comme un \u00ab&nbsp;mot-sicien&nbsp;\u00bb. \u00ab&nbsp;<em>La chanson est pr\u00e9cis\u00e9ment un nouvel art d\u2019expression o\u00f9 la po\u00e9sie reprendra ses droits \u00e0 travers le rythme et la musique, car \u00e0 ce moment-l\u00e0 la po\u00e9sie devient acte physique<\/em>&nbsp;\u00bb, explique Nougaro dans l\u2019\u00e9mission <em>Discorama<\/em> (10 mars 1968).<!-- HTML_TAG_END --><\/p>\n<div class=\"Bounce svelte-k0g7f5 hasAudio\">\n<div class=\"Bounce-left svelte-k0g7f5\">\n<p><span class=\"Bounce-conceptTitle qg-tx5 svelte-k0g7f5\">La S\u00e9rie musicale<\/span> <span class=\"g-separator svelte-k0g7f5\"><\/span> <button class=\"Button light tertiary medium svelte-14clwo\" type=\"button\" data-testid=\"BookmarkToggle\">  \u00c9couter plus tard <\/button><\/p>\n<\/div>\n<p> <button class=\"Button dark primary small isExpandable svelte-14clwo\" data-track-click-type=\"replayButton\" type=\"button\" data-testid=\"replay-button\"><span><span class=\"qg-sr-only\">Lecture<\/span> <\/span> <span><!-- HTML_TAG_START -->\u00e9couter<!-- HTML_TAG_END --><\/span> <\/button> <span class=\"Duration light qg-tx5 svelte-1i8r9u\">41 min <\/span><\/p>\n<\/p><\/div>\n<h2 class=\"qg-st2 \"><!-- HTML_TAG_START -->Jazzman malgr\u00e9 lui<!-- HTML_TAG_END --><\/h2>\n<p class=\"PopSlotParagraph qg-tx2 qg-xtra-lh svelte-1xznlfb\"><!-- HTML_TAG_START -->\u00ab&nbsp;<em>Je ne suis pas un jazzman. Je suis un chanteur de langue fran\u00e7aise, un chanteur \u00e0 textes qui chante un peu en rythme<\/em>&nbsp;\u00bb, disait modestement Claude Nougaro. Et pourtant, il passe son enfance scotch\u00e9 devant le poste radio \u00e0 \u00e9couter les titres de jazz. Il d\u00e9couvre ainsi les musiques de Louis Armstrong, Glenn Miller, Bessie Smith, Duke Ellington et Count Basie. Le coup de foudre est imm\u00e9diat&nbsp;: le jeune Claude a le jazz dans la peau. <em>\u00ab&nbsp;Le jazz c\u2019est dans mes globules<\/em>&nbsp;\u00bb, dira-t-il plus tard.<!-- HTML_TAG_END --><\/p>\n<p class=\"PopSlotParagraph qg-tx2 qg-xtra-lh svelte-1xznlfb\"><!-- HTML_TAG_START -->\u00c0 cela s\u2019ajoute sa passion pour la musique classique, la chanson fran\u00e7aise et la po\u00e9sie. Ce m\u00e9lange improbable ne manque d\u2019interpeller les publics des diff\u00e9rents clubs de jazz de Saint-Germain-des-Pr\u00e9s que fr\u00e9quente Nougaro&nbsp;: \u00ab&nbsp;<em>C\u2019\u00e9tait la premi\u00e8re fois que j\u2019entendais un po\u00e8te qui swinguait. Et c\u2019est par cette rencontre avec les musiciens insolents du jazz que Nougaro s\u2019est rencontr\u00e9 lui-m\u00eame<\/em>&nbsp;\u00bb, se souvient le jazzman Bernard Lubat (<em>Muziq<\/em>, avril 2022)<!-- HTML_TAG_END --><\/p>\n<div class=\"Bounce svelte-k0g7f5 hasAudio\">\n<div class=\"Bounce-left svelte-k0g7f5\">\n<p><span class=\"Bounce-conceptTitle qg-tx5 svelte-k0g7f5\">Club Jazzafip<\/span> <span class=\"g-separator svelte-k0g7f5\"><\/span> <button class=\"Button light tertiary medium svelte-14clwo\" type=\"button\" data-testid=\"BookmarkToggle\">  \u00c9couter plus tard <\/button><\/p>\n<\/div>\n<p> <button class=\"Button dark primary small isExpandable svelte-14clwo\" data-track-click-type=\"replayButton\" type=\"button\" data-testid=\"replay-button\"><span><span class=\"qg-sr-only\">Lecture<\/span> <\/span> <span><!-- HTML_TAG_START -->\u00e9couter<!-- HTML_TAG_END --><\/span> <\/button> <span class=\"Duration light qg-tx5 svelte-1i8r9u\">1h 08 <\/span><\/p>\n<\/p><\/div>\n<h2 class=\"qg-st2 \"><!-- HTML_TAG_START -->\u00d4 Toulouse, de la rancune \u00e0 l\u2019amour<!-- HTML_TAG_END --><\/h2>\n<p class=\"PopSlotParagraph qg-tx2 qg-xtra-lh svelte-1xznlfb\"><!-- HTML_TAG_START -->La c\u00e9l\u00e8bre chanson <em>\u00d4 Toulouse<\/em>, ode d\u2019amour \u00e0 la ville de Toulouse, n\u2019avait rien de joyeux dans sa premi\u00e8re version. Install\u00e9 \u00e0 Paris depuis 1950 apr\u00e8s son service militaire, Claude Nougaro signe en 1967 une chanson dans laquelle il exprime une certaine col\u00e8re envers son enfance toulousaine qu\u2019il estimait malheureuse. C&rsquo;\u00e9tait une chanson \u00ab&nbsp;<em>presque cruelle<\/em>&nbsp;\u00bb, affirme le chanteur l&rsquo;\u00e9mission <em>Quatre saisons,<\/em> en 1999.<!-- HTML_TAG_END --><\/p>\n<p class=\"PopSlotParagraph qg-tx2 qg-xtra-lh svelte-1xznlfb\"><!-- HTML_TAG_START -->Il r\u00e9v\u00e8le alors les premi\u00e8res paroles \u00e0 sa compagne, mais cette derni\u00e8re s\u2019\u00e9tonne du sentiment presque rancunier qui en ressort. Elle lui donne alors un sage conseil&nbsp;: \u00ab&nbsp;<em>Quand on \u00e9voque sa ville, il faut en faire un chant d&rsquo;amour et pas un chant de rancune<\/em>&nbsp;\u00bb. C&rsquo;est donc \u00e0 la conjointe de Claude Nougaro que les Toulousains doivent la d\u00e9sormais c\u00e9l\u00e8bre ode \u00e0 la Ville rose.<!-- HTML_TAG_END --><\/p>\n<div class=\"Bounce svelte-k0g7f5 hasAudio\">\n<div class=\"Bounce-left svelte-k0g7f5\">\n<p><span class=\"Bounce-conceptTitle qg-tx5 svelte-k0g7f5\">Toute une vie<\/span> <span class=\"g-separator svelte-k0g7f5\"><\/span> <button class=\"Button light tertiary medium svelte-14clwo\" type=\"button\" data-testid=\"BookmarkToggle\">  \u00c9couter plus tard <\/button><\/p>\n<\/div>\n<p> <button class=\"Button dark primary small isExpandable svelte-14clwo\" data-track-click-type=\"replayButton\" type=\"button\" data-testid=\"replay-button\"><span><span class=\"qg-sr-only\">Lecture<\/span> <\/span> <span><!-- HTML_TAG_START -->\u00e9couter<!-- HTML_TAG_END --><\/span> <\/button> <span class=\"Duration light qg-tx5 svelte-1i8r9u\">59 min <\/span><\/p>\n<\/p><\/div>\n<h2 class=\"qg-st2 \"><!-- HTML_TAG_START -->\u00d4 Paris<!-- HTML_TAG_END --><\/h2>\n<p class=\"PopSlotParagraph qg-tx2 qg-xtra-lh svelte-1xznlfb\"><!-- HTML_TAG_START -->On associe instinctivement Claude Nougaro \u00e0 Toulouse, mais la ville de Paris joue \u00e9galement un r\u00f4le marquant dans la vie du chanteur. C\u2019est dans la capitale fran\u00e7aise que ce dernier passe la plus grande partie de sa vie. \u00c0 Montmartre, au cabaret Lapin Agile, il fait ses d\u00e9buts en tant que po\u00e8te puis chanteur. Presque 20 ans plus tard, il s\u2019installe pr\u00e8s du cabaret parisien, dans une maison d\u00e9sormais inscrite aux monuments historiques. En 1987, suite \u00e0 la rupture de son contrat avec sa maison de disques, le chanteur d\u00e9cide \u00e0 contrec\u0153ur de vendre sa maison pour partir vers de nouveaux horizons.<!-- HTML_TAG_END --><\/p>\n<h2 class=\"qg-st2 \"><!-- HTML_TAG_START -->Le renouvellement am\u00e9ricain<!-- HTML_TAG_END --><\/h2>\n<p class=\"PopSlotParagraph qg-tx2 qg-xtra-lh svelte-1xznlfb\"><!-- HTML_TAG_START -->Face au succ\u00e8s mitig\u00e9 de l\u2019album <em>Bleu Blanc Blues<\/em> (1985), la maison de disques Barclay d\u00e9cide de ne pas renouveler le contrat de Claude Nougaro. Le chanteur n\u2019a plus la cote aupr\u00e8s des nouveaux publics&nbsp;: il est l\u2019heure de changer son fusil d\u2019\u00e9paule. Direction New York.<!-- HTML_TAG_END --><\/p>\n<p class=\"PopSlotParagraph qg-tx2 qg-xtra-lh svelte-1xznlfb\"><!-- HTML_TAG_START -->C\u2019est dans l\u2019ambiance \u00e9lectrique de la Big Apple, entour\u00e9 de rock et de funk, qu\u2019il trouve sa nouvelle inspiration. Nougaro fait la connaissance du producteur Mick Lanaro et du fran\u00e7ais Philippe Saisse, arrangeur entre autres pour l\u2019auteur-compositeur-interpr\u00e8te Al Jarreau. Soutenu par un casting de r\u00eave, dont Nile Rodgers du groupe Chic et le bassiste de jazz Marcus Miller, le chanteur produit l\u2019un des plus gros tubes de sa carri\u00e8re&nbsp;: <em>Nougayork<\/em>. L\u2019album \u00e9ponyme aux influences rock et funk vaudra \u00e0 son auteur deux Victoires de la musique en 1988, \u00ab&nbsp;meilleur album&nbsp;\u00bb et \u00ab&nbsp;meilleur artiste interpr\u00e8te masculin&nbsp;\u00bb.<!-- HTML_TAG_END --><\/p>\n<div class=\"Bounce svelte-k0g7f5 hasAudio\">\n<div class=\"Bounce-left svelte-k0g7f5\">\n<p><span class=\"Bounce-conceptTitle qg-tx5 svelte-k0g7f5\">Affaires sensibles<\/span> <span class=\"g-separator svelte-k0g7f5\"><\/span> <button class=\"Button light tertiary medium svelte-14clwo\" type=\"button\" data-testid=\"BookmarkToggle\">  \u00c9couter plus tard <\/button><\/p>\n<\/div>\n<p> <button class=\"Button dark primary small isExpandable svelte-14clwo\" data-track-click-type=\"replayButton\" type=\"button\" data-testid=\"replay-button\"><span><span class=\"qg-sr-only\">Lecture<\/span> <\/span> <span><!-- HTML_TAG_START -->\u00e9couter<!-- HTML_TAG_END --><\/span> <\/button> <span class=\"Duration light qg-tx5 svelte-1i8r9u\">54 min <\/span><\/p>\n<\/p><\/div>\n<h2 class=\"qg-st2 \"><!-- HTML_TAG_START -->Le plus br\u00e9silien des chanteurs fran\u00e7ais<!-- HTML_TAG_END --><\/h2>\n<p class=\"PopSlotParagraph qg-tx2 qg-xtra-lh svelte-1xznlfb\"><!-- HTML_TAG_START -->Toulouse, Paris, New-York&nbsp;: trois villes d\u00e9terminantes dans la vie et la carri\u00e8re de Claude Nougaro. Mais il ne faut pas oublier sa seconde patrie, sa \u00ab&nbsp;patrie cardiaque&nbsp;\u00bb&nbsp;selon le chanteur&nbsp;: le Br\u00e9sil, et plus pr\u00e9cis\u00e9ment les villes de Salvador, Bahia et Rio de Janeiro. Il s\u2019y rend pour le premi\u00e8re fois en 1965, et fait la rencontre du guitariste Baden Powell, avec lequel il se lie d\u2019amiti\u00e9. Inspir\u00e9 et stimul\u00e9 par la richesse musicale du pays, ses compositions, ses textes et ses instruments, Claude Nougaro signe de nombreux succ\u00e8s sous cette nouvelle influence br\u00e9silienne, au point de cr\u00e9er un trait d\u2019union artistique entre la France et le Br\u00e9sil.<!-- HTML_TAG_END --><\/p>\n<div class=\"Bounce svelte-k0g7f5 isConcept\">\n<div class=\"Bounce-right svelte-k0g7f5\">  <img decoding=\"async\" src=\"https:\/\/www.radiofrance.fr\/client\/immutable\/assets\/visual_franceinter.03NvG3uh.svg\" width=\"80\" height=\"80\" alt=\"Claude Nougaro\" loading=\"eager\" data-testid=\"image-tag\" aria-hidden=\"false\" class=\"svelte-cnhh97\"> <\/div>\n<\/p><\/div>\n<h2 class=\"qg-st2 \"><!-- HTML_TAG_START -->Un chanteur engag\u00e9 malgr\u00e9 lui<!-- HTML_TAG_END --><\/h2>\n<p class=\"PopSlotParagraph qg-tx2 qg-xtra-lh svelte-1xznlfb\"><!-- HTML_TAG_START -->Claude Nougaro se dit toujours farouchement oppos\u00e9 \u00e0 la politique. Cela n\u2019emp\u00eache que le chanteur signe au cours de sa carri\u00e8re des chansons aux textes hautement engag\u00e9s. Lors de son voyage au Br\u00e9sil en 1965, il d\u00e9couvre les conditions de vie d\u00e9solantes des favelas br\u00e9siliennes. Il d\u00e9cide de leur consacrer la chanson <em>Bidonville<\/em>, d\u00e9criant le triste quotidien des habitants.<!-- HTML_TAG_END --><\/p>\n<p class=\"PopSlotParagraph qg-tx2 qg-xtra-lh svelte-1xznlfb\"><!-- HTML_TAG_START -->Quelques ann\u00e9es plus tard, les \u00e9v\u00e8nements de Mai 68 lui inspirent la chanson enflamm\u00e9e <em>Paris Mai<\/em>, v\u00e9ritable cri du c\u0153ur sign\u00e9 en plein r\u00e9volte&nbsp;: \u00ab&nbsp;<em>Le casque des pav\u00e9s ne bouge plus d&rsquo;un cil. La Seine de nouveau ruisselle d&rsquo;eau b\u00e9nite. Le vent a dispers\u00e9 les cendres de Bendit, Et chacun est rentr\u00e9 chez son automobile<\/em>&nbsp;\u00bb. Jug\u00e9e subversive et controvers\u00e9e, la chanson est imm\u00e9diatement interdite d\u2019antenne sur les radios publiques.<!-- HTML_TAG_END --><\/p>\n<div class=\"Bounce svelte-k0g7f5 hasAudio\">\n<div class=\"Bounce-left svelte-k0g7f5\">\n<p><span class=\"Bounce-conceptTitle qg-tx5 svelte-k0g7f5\">La Th\u00e9orie<\/span> <span class=\"g-separator svelte-k0g7f5\"><\/span> <button class=\"Button light tertiary medium svelte-14clwo\" type=\"button\" data-testid=\"BookmarkToggle\">  \u00c9couter plus tard <\/button><\/p>\n<\/div>\n<p> <button class=\"Button dark primary small isExpandable svelte-14clwo\" data-track-click-type=\"replayButton\" type=\"button\" data-testid=\"replay-button\"><span><span class=\"qg-sr-only\">Lecture<\/span> <\/span> <span><!-- HTML_TAG_START -->\u00e9couter<!-- HTML_TAG_END --><\/span> <\/button> <span class=\"Duration light qg-tx5 svelte-1i8r9u\">4 min <\/span><\/p>\n<\/p><\/div>\n<h2 class=\"qg-st2 \"><!-- HTML_TAG_START -->Nougarap<!-- HTML_TAG_END --><\/h2>\n<p class=\"PopSlotParagraph qg-tx2 qg-xtra-lh svelte-1xznlfb\"><!-- HTML_TAG_START -->Au premier regard, Claude Nougaro et le rap semblent \u00eatre aux antipodes. L\u2019ombre du rap n\u2019est pourtant jamais loin. Alors que Claude Nougaro s\u2019appr\u00eate \u00e0 enregistrer la chanson <em>Nougayork<\/em>, le producteur Mick Lanaro lui sugg\u00e8re de rapper son texte, lui qui a l\u2019habitude de scander ses textes aux vers incisifs. Mais le chanteur ne s\u2019estime pas l\u00e9gitime \u00e0 s\u2019aventurer dans ce genre&nbsp;: \u00ab&nbsp;<em>Enfant, je r\u00e9p\u00e9tais ma r\u00e9citation sur des rythmes de jazz ou africains, ce qui pourrait \u00eatre une fa\u00e7on de \u00ab&nbsp;r\u00e2per&nbsp;\u00bb le gruy\u00e8re de la langue fran\u00e7aise, mais ce n\u2019est pas du rap.&nbsp;Le rap est une langue profond\u00e9ment inscrite dans un \u00e9tat social, \u00e9conomique, moral.<\/em>&nbsp;\u00bb<!-- HTML_TAG_END --><\/p>\n<p class=\"PopSlotParagraph qg-tx2 qg-xtra-lh svelte-1xznlfb\"><!-- HTML_TAG_START -->Pourtant, le monde du rap fran\u00e7ais voit en Nougaro une figure marquante et inspirante&nbsp;: \u00ab&nbsp;<em>Dans le hip-hop, on a beaucoup d\u2019admiration pour Nougaro [&#8230;]. Il jouait avec les sonorit\u00e9s et le sens des mots comme on le fait pour le rap, alliant le fond et la forme<\/em>&nbsp;\u00bb, affirme Kool Shen (IAM) \u00e0 <em>Lib\u00e9ration<\/em> en mars 2004. \u00ab&nbsp;<em>Il a en commun avec le rap la relation avec l\u2019oralit\u00e9. Nougaro est un passeur<\/em>&nbsp;\u00bb, ajoute Ham\u00e9 (La Rumeur). \u00ab&nbsp;<em>Il condense dans son \u0153uvre la joie des mots-valises et des allit\u00e9rations chocs&nbsp;! Et un placement verbal d\u00e9contract\u00e9 mais millim\u00e9tr\u00e9<\/em>&nbsp;\u00bb, r\u00e9sume Mc Solaar \u00e0 <em>Elle,<\/em> en mars 2004.<!-- HTML_TAG_END --><\/p>\n<div class=\"Bounce svelte-k0g7f5 hasAudio\">\n<div class=\"Bounce-left svelte-k0g7f5\">\n<p><span class=\"Bounce-conceptTitle qg-tx5 svelte-k0g7f5\">La s\u00e9lection Rap &#8211; Olivier Cachin<\/span> <span class=\"g-separator svelte-k0g7f5\"><\/span> <button class=\"Button light tertiary medium svelte-14clwo\" type=\"button\" data-testid=\"BookmarkToggle\">  \u00c9couter plus tard <\/button><\/p>\n<\/div>\n<p> <button class=\"Button dark primary small isExpandable svelte-14clwo\" data-track-click-type=\"replayButton\" type=\"button\" data-testid=\"replay-button\"><span><span class=\"qg-sr-only\">Lecture<\/span> <\/span> <span><!-- HTML_TAG_START -->\u00e9couter<!-- HTML_TAG_END --><\/span> <\/button> <span class=\"Duration light qg-tx5 svelte-1i8r9u\">59 min <\/span><\/p>\n<\/p><\/div>\n<p class=\"PopSlotParagraph qg-tx2 qg-xtra-lh svelte-1xznlfb\"><!-- HTML_TAG_START -->En 1999, le boxeur et \u00e9ducateur fran\u00e7ais Sa\u00efd Bennajem lance le projet \u00ab&nbsp;Boxing Beats&nbsp;\u00bb, qui a pour but de r\u00e9unir la boxe et le rap. L&rsquo;id\u00e9e&nbsp;: cr\u00e9er des centres de boxe au service de la jeunesse. S\u00e9duit par le projet, Claude Nougaro pr\u00eate sa chanson <em>Quatre Boules de cuir<\/em> pour un remix par le beatmaker et mixeur Imhotep (IAM). Et en 2008, le rappeur fran\u00e7ais Abd al Malik reprend la chanson <em>Paris Mai<\/em>, d\u00e9sormais intitul\u00e9e <em>Paris Mais\u2026<\/em><!-- HTML_TAG_END --><\/p>\n<div class=\"ConsentNotice svelte-bz8pq\" data-vendor=\"c:youtube\">\n<p class=\"ConsentNotice-description qg-tx3 svelte-bz8pq\"><!-- HTML_TAG_START -->Pour afficher ce contenu Youtube, vous devez accepter les cookies <b>Publicit\u00e9<\/b>.<\/p>\n<p>Ces cookies permettent \u00e0 nos partenaires de vous proposer des publicit\u00e9s et des contenus personnalis\u00e9s en fonction de votre navigation, de votre profil et de vos centres d&rsquo;int\u00e9r\u00eat. <!-- HTML_TAG_END --><\/p>\n<p> <button class=\"Button light secondary medium svelte-14clwo\" type=\"button\" aria-label=\"bouton G\u00e9rer mes choix\"> G\u00e9rer mes choix <\/button> <button class=\"Button light primary medium svelte-14clwo\" type=\"button\" aria-label=\"bouton J'autorise\"> J&rsquo;autorise <\/button><\/p>\n<\/div>\n<h2 class=\"qg-st2 \"><!-- HTML_TAG_START -->Toulouse pour toujours<!-- HTML_TAG_END --><\/h2>\n<p class=\"PopSlotParagraph qg-tx2 qg-xtra-lh svelte-1xznlfb\"><!-- HTML_TAG_START -->Le 4 mars 2004, l\u2019homme aux semelles de swing tire sa r\u00e9v\u00e9rence, emport\u00e9 par un cancer du pancr\u00e9as. La disparition de Claude Nougaro bouleverse la France enti\u00e8re&nbsp;: \u00ab&nbsp;<em>Avec un c\u0153ur immense, il a \u00e9clair\u00e9 de ses mots et de ses rythmes vies et souvenirs. Un ma\u00eetre de la chanson fran\u00e7aise. Une voix pleine de force et de sensibilit\u00e9<\/em>&nbsp;\u00bb, r\u00e9sume le pr\u00e9sident de la R\u00e9publique Jacques Chirac. C\u00e9l\u00e9br\u00e9es \u00e0 Toulouse, ses obs\u00e8ques ont lieu \u00e0 la basilique Saint-Sernin, dont le carillon fait sonner les notes de la chanson <em>Toulouse<\/em>. Ses cendres sont dispers\u00e9es, selon ses derni\u00e8res volont\u00e9s, dans le fleuve qui traverse sa ville rose tant aim\u00e9e, la Garonne. Claude Nougaro ne fait alors plus qu\u2019un avec sa terre natale, qui n\u2019aura cess\u00e9 de l\u2019habiter toute sa vie.<!-- HTML_TAG_END --><\/p>\n<div class=\"Bounce svelte-k0g7f5 hasAudio\">\n<div class=\"Bounce-left svelte-k0g7f5\">\n<p><span class=\"Bounce-conceptTitle qg-tx5 svelte-k0g7f5\">Les Tr\u00e9sors de France Musique<\/span> <span class=\"g-separator svelte-k0g7f5\"><\/span> <button class=\"Button light tertiary medium svelte-14clwo\" type=\"button\" data-testid=\"BookmarkToggle\">  \u00c9couter plus tard <\/button><\/p>\n<\/div>\n<p> <button class=\"Button dark primary small isExpandable svelte-14clwo\" data-track-click-type=\"replayButton\" type=\"button\" data-testid=\"replay-button\"><span><span class=\"qg-sr-only\">Lecture<\/span> <\/span> <span><!-- HTML_TAG_START -->\u00e9couter<!-- HTML_TAG_END --><\/span> <\/button> <span class=\"Duration light qg-tx5 svelte-1i8r9u\">59 min <\/span><\/p>\n<\/p><\/div>\n<p> Cet article, qui traite du th\u00e8me \u00ab\u00a0Festival Jazz et musique en mode guinguette\u00a0\u00bb, vous est d\u00e9lib\u00e9r\u00e9ment offert par festivox.fr. La raison d\u2019\u00eatre de festivox.fr est de parler de Festival Jazz et musique en mode guinguette dans la transparence la plus g\u00e9n\u00e9rale en vous procurant la visibilit\u00e9 de tout ce qui est publi\u00e9 sur ce sujet sur le web La chronique a \u00e9t\u00e9 g\u00e9n\u00e9r\u00e9e de la mani\u00e8re la plus honn\u00eate que possible. S\u2019il advenait que vous projetez d\u2019apporter quelques notes concernant le domaine de \u00ab\u00a0Festival Jazz et musique en mode guinguette\u00a0\u00bb vous avez la possibilit\u00e9 de d&rsquo;\u00e9changer avec notre r\u00e9daction. Dans peu de temps, on mettra en ligne d&rsquo;autres informations pertinentes autour du sujet \u00ab\u00a0Festival Jazz et musique en mode guinguette\u00a0\u00bb. Ainsi, consultez r\u00e9guli\u00e8rement notre site.<\/p>\n","protected":false},"excerpt":{"rendered":"<p>Berc\u00e9 par la musique classique, le jazz et la chanson fran\u00e7aise, Claude Nougaro baigne d\u00e8s son enfance dans un m\u00e9lange d&rsquo;influences musicales \u00e9clectiques, auxquelles il ajoutera plus tard sa fascination pour les sonorit\u00e9s africaines et sud-am\u00e9ricaines. D\u2019abord po\u00e8te et parolier avant de se tourner vers le chant, Claude Nougaro rejoint les plus grands jazzmen fran\u00e7ais&hellip;<\/p>\n","protected":false},"author":1,"featured_media":0,"comment_status":"closed","ping_status":"closed","sticky":false,"template":"","format":"standard","meta":{"footnotes":""},"categories":[3],"tags":[],"class_list":["post-706","post","type-post","status-publish","format-standard","hentry","category-wiki-sur-festival-jazz-et-musique-en-mode-guinguette"],"yoast_head":"<!-- This site is optimized with the Yoast SEO plugin v27.5 - https:\/\/yoast.com\/product\/yoast-seo-wordpress\/ -->\n<title>Claude Nougaro : 10 (petites) choses que vous ne saviez (peut-\u00eatre) pas sur le chanteur toulousain - FESTIVOX<\/title>\n<meta name=\"robots\" content=\"index, follow, max-snippet:-1, max-image-preview:large, max-video-preview:-1\" \/>\n<link rel=\"canonical\" href=\"https:\/\/www.festivox.fr\/blog\/claude-nougaro-10-petites-choses-que-vous-ne-saviez-peut-etre-pas-sur-le-chanteur-toulousain\/\" \/>\n<meta property=\"og:locale\" content=\"fr_FR\" \/>\n<meta property=\"og:type\" content=\"article\" \/>\n<meta property=\"og:title\" content=\"Claude Nougaro : 10 (petites) choses que vous ne saviez (peut-\u00eatre) pas sur le chanteur toulousain - FESTIVOX\" \/>\n<meta property=\"og:description\" content=\"Berc\u00e9 par la musique classique, le jazz et la chanson fran\u00e7aise, Claude Nougaro baigne d\u00e8s son enfance dans un m\u00e9lange d&rsquo;influences musicales \u00e9clectiques, auxquelles il ajoutera plus tard sa fascination pour les sonorit\u00e9s africaines et sud-am\u00e9ricaines. D\u2019abord po\u00e8te et parolier avant de se tourner vers le chant, Claude Nougaro rejoint les plus grands jazzmen fran\u00e7ais&hellip;\" \/>\n<meta property=\"og:url\" content=\"https:\/\/www.festivox.fr\/blog\/claude-nougaro-10-petites-choses-que-vous-ne-saviez-peut-etre-pas-sur-le-chanteur-toulousain\/\" \/>\n<meta property=\"og:site_name\" content=\"FESTIVOX\" \/>\n<meta property=\"article:published_time\" content=\"2024-03-04T06:52:00+00:00\" \/>\n<meta property=\"og:image\" content=\"https:\/\/www.radiofrance.fr\/client\/immutable\/assets\/visual_franceinter.03NvG3uh.svg\" \/>\n<meta name=\"author\" content=\"Michele\" \/>\n<meta name=\"twitter:card\" content=\"summary_large_image\" \/>\n<meta name=\"twitter:label1\" content=\"\u00c9crit par\" \/>\n\t<meta name=\"twitter:data1\" content=\"Michele\" \/>\n\t<meta name=\"twitter:label2\" content=\"Dur\u00e9e de lecture estim\u00e9e\" \/>\n\t<meta name=\"twitter:data2\" content=\"11 minutes\" \/>\n<script type=\"application\/ld+json\" class=\"yoast-schema-graph\">{\"@context\":\"https:\\\/\\\/schema.org\",\"@graph\":[{\"@type\":\"Article\",\"@id\":\"https:\\\/\\\/www.festivox.fr\\\/blog\\\/claude-nougaro-10-petites-choses-que-vous-ne-saviez-peut-etre-pas-sur-le-chanteur-toulousain\\\/#article\",\"isPartOf\":{\"@id\":\"https:\\\/\\\/www.festivox.fr\\\/blog\\\/claude-nougaro-10-petites-choses-que-vous-ne-saviez-peut-etre-pas-sur-le-chanteur-toulousain\\\/\"},\"author\":{\"name\":\"Michele\",\"@id\":\"https:\\\/\\\/www.festivox.fr\\\/blog\\\/#\\\/schema\\\/person\\\/f36a8b6bc94800c3eafed4bca993ce95\"},\"headline\":\"Claude Nougaro : 10 (petites) choses que vous ne saviez (peut-\u00eatre) pas sur le chanteur toulousain\",\"datePublished\":\"2024-03-04T06:52:00+00:00\",\"mainEntityOfPage\":{\"@id\":\"https:\\\/\\\/www.festivox.fr\\\/blog\\\/claude-nougaro-10-petites-choses-que-vous-ne-saviez-peut-etre-pas-sur-le-chanteur-toulousain\\\/\"},\"wordCount\":2155,\"publisher\":{\"@id\":\"https:\\\/\\\/www.festivox.fr\\\/blog\\\/#organization\"},\"image\":{\"@id\":\"https:\\\/\\\/www.festivox.fr\\\/blog\\\/claude-nougaro-10-petites-choses-que-vous-ne-saviez-peut-etre-pas-sur-le-chanteur-toulousain\\\/#primaryimage\"},\"thumbnailUrl\":\"https:\\\/\\\/www.radiofrance.fr\\\/client\\\/immutable\\\/assets\\\/visual_franceinter.03NvG3uh.svg\",\"articleSection\":[\"Wiki Sur Festival Jazz Et Musique En Mode Guinguette:\"],\"inLanguage\":\"fr-FR\"},{\"@type\":\"WebPage\",\"@id\":\"https:\\\/\\\/www.festivox.fr\\\/blog\\\/claude-nougaro-10-petites-choses-que-vous-ne-saviez-peut-etre-pas-sur-le-chanteur-toulousain\\\/\",\"url\":\"https:\\\/\\\/www.festivox.fr\\\/blog\\\/claude-nougaro-10-petites-choses-que-vous-ne-saviez-peut-etre-pas-sur-le-chanteur-toulousain\\\/\",\"name\":\"Claude Nougaro : 10 (petites) choses que vous ne saviez (peut-\u00eatre) pas sur le chanteur toulousain - FESTIVOX\",\"isPartOf\":{\"@id\":\"https:\\\/\\\/www.festivox.fr\\\/blog\\\/#website\"},\"primaryImageOfPage\":{\"@id\":\"https:\\\/\\\/www.festivox.fr\\\/blog\\\/claude-nougaro-10-petites-choses-que-vous-ne-saviez-peut-etre-pas-sur-le-chanteur-toulousain\\\/#primaryimage\"},\"image\":{\"@id\":\"https:\\\/\\\/www.festivox.fr\\\/blog\\\/claude-nougaro-10-petites-choses-que-vous-ne-saviez-peut-etre-pas-sur-le-chanteur-toulousain\\\/#primaryimage\"},\"thumbnailUrl\":\"https:\\\/\\\/www.radiofrance.fr\\\/client\\\/immutable\\\/assets\\\/visual_franceinter.03NvG3uh.svg\",\"datePublished\":\"2024-03-04T06:52:00+00:00\",\"breadcrumb\":{\"@id\":\"https:\\\/\\\/www.festivox.fr\\\/blog\\\/claude-nougaro-10-petites-choses-que-vous-ne-saviez-peut-etre-pas-sur-le-chanteur-toulousain\\\/#breadcrumb\"},\"inLanguage\":\"fr-FR\",\"potentialAction\":[{\"@type\":\"ReadAction\",\"target\":[\"https:\\\/\\\/www.festivox.fr\\\/blog\\\/claude-nougaro-10-petites-choses-que-vous-ne-saviez-peut-etre-pas-sur-le-chanteur-toulousain\\\/\"]}]},{\"@type\":\"ImageObject\",\"inLanguage\":\"fr-FR\",\"@id\":\"https:\\\/\\\/www.festivox.fr\\\/blog\\\/claude-nougaro-10-petites-choses-que-vous-ne-saviez-peut-etre-pas-sur-le-chanteur-toulousain\\\/#primaryimage\",\"url\":\"https:\\\/\\\/www.radiofrance.fr\\\/client\\\/immutable\\\/assets\\\/visual_franceinter.03NvG3uh.svg\",\"contentUrl\":\"https:\\\/\\\/www.radiofrance.fr\\\/client\\\/immutable\\\/assets\\\/visual_franceinter.03NvG3uh.svg\"},{\"@type\":\"BreadcrumbList\",\"@id\":\"https:\\\/\\\/www.festivox.fr\\\/blog\\\/claude-nougaro-10-petites-choses-que-vous-ne-saviez-peut-etre-pas-sur-le-chanteur-toulousain\\\/#breadcrumb\",\"itemListElement\":[{\"@type\":\"ListItem\",\"position\":1,\"name\":\"Accueil\",\"item\":\"https:\\\/\\\/www.festivox.fr\\\/blog\\\/\"},{\"@type\":\"ListItem\",\"position\":2,\"name\":\"Claude Nougaro : 10 (petites) choses que vous ne saviez (peut-\u00eatre) pas sur le chanteur toulousain\"}]},{\"@type\":\"WebSite\",\"@id\":\"https:\\\/\\\/www.festivox.fr\\\/blog\\\/#website\",\"url\":\"https:\\\/\\\/www.festivox.fr\\\/blog\\\/\",\"name\":\"FESTIVOX\",\"description\":\"Festival en mode guinguette.\",\"publisher\":{\"@id\":\"https:\\\/\\\/www.festivox.fr\\\/blog\\\/#organization\"},\"potentialAction\":[{\"@type\":\"SearchAction\",\"target\":{\"@type\":\"EntryPoint\",\"urlTemplate\":\"https:\\\/\\\/www.festivox.fr\\\/blog\\\/?s={search_term_string}\"},\"query-input\":{\"@type\":\"PropertyValueSpecification\",\"valueRequired\":true,\"valueName\":\"search_term_string\"}}],\"inLanguage\":\"fr-FR\"},{\"@type\":\"Organization\",\"@id\":\"https:\\\/\\\/www.festivox.fr\\\/blog\\\/#organization\",\"name\":\"festivox\",\"url\":\"https:\\\/\\\/www.festivox.fr\\\/blog\\\/\",\"logo\":{\"@type\":\"ImageObject\",\"inLanguage\":\"fr-FR\",\"@id\":\"https:\\\/\\\/www.festivox.fr\\\/blog\\\/#\\\/schema\\\/logo\\\/image\\\/\",\"url\":\"https:\\\/\\\/www.festivox.fr\\\/blog\\\/wp-content\\\/uploads\\\/2023\\\/06\\\/logo-2.png\",\"contentUrl\":\"https:\\\/\\\/www.festivox.fr\\\/blog\\\/wp-content\\\/uploads\\\/2023\\\/06\\\/logo-2.png\",\"width\":480,\"height\":160,\"caption\":\"festivox\"},\"image\":{\"@id\":\"https:\\\/\\\/www.festivox.fr\\\/blog\\\/#\\\/schema\\\/logo\\\/image\\\/\"}},{\"@type\":\"Person\",\"@id\":\"https:\\\/\\\/www.festivox.fr\\\/blog\\\/#\\\/schema\\\/person\\\/f36a8b6bc94800c3eafed4bca993ce95\",\"name\":\"Michele\",\"image\":{\"@type\":\"ImageObject\",\"inLanguage\":\"fr-FR\",\"@id\":\"https:\\\/\\\/secure.gravatar.com\\\/avatar\\\/b062046536b5d47ec9075956ec349ef95ed06b0f910c578f74abb318668b702e?s=96&d=mm&r=g\",\"url\":\"https:\\\/\\\/secure.gravatar.com\\\/avatar\\\/b062046536b5d47ec9075956ec349ef95ed06b0f910c578f74abb318668b702e?s=96&d=mm&r=g\",\"contentUrl\":\"https:\\\/\\\/secure.gravatar.com\\\/avatar\\\/b062046536b5d47ec9075956ec349ef95ed06b0f910c578f74abb318668b702e?s=96&d=mm&r=g\",\"caption\":\"Michele\"},\"sameAs\":[\"https:\\\/\\\/www.festivox.fr\\\/blog\"],\"url\":\"https:\\\/\\\/www.festivox.fr\\\/blog\\\/author\\\/voxadmin\\\/\"}]}<\/script>\n<!-- \/ Yoast SEO plugin. -->","yoast_head_json":{"title":"Claude Nougaro : 10 (petites) choses que vous ne saviez (peut-\u00eatre) pas sur le chanteur toulousain - FESTIVOX","robots":{"index":"index","follow":"follow","max-snippet":"max-snippet:-1","max-image-preview":"max-image-preview:large","max-video-preview":"max-video-preview:-1"},"canonical":"https:\/\/www.festivox.fr\/blog\/claude-nougaro-10-petites-choses-que-vous-ne-saviez-peut-etre-pas-sur-le-chanteur-toulousain\/","og_locale":"fr_FR","og_type":"article","og_title":"Claude Nougaro : 10 (petites) choses que vous ne saviez (peut-\u00eatre) pas sur le chanteur toulousain - FESTIVOX","og_description":"Berc\u00e9 par la musique classique, le jazz et la chanson fran\u00e7aise, Claude Nougaro baigne d\u00e8s son enfance dans un m\u00e9lange d&rsquo;influences musicales \u00e9clectiques, auxquelles il ajoutera plus tard sa fascination pour les sonorit\u00e9s africaines et sud-am\u00e9ricaines. D\u2019abord po\u00e8te et parolier avant de se tourner vers le chant, Claude Nougaro rejoint les plus grands jazzmen fran\u00e7ais&hellip;","og_url":"https:\/\/www.festivox.fr\/blog\/claude-nougaro-10-petites-choses-que-vous-ne-saviez-peut-etre-pas-sur-le-chanteur-toulousain\/","og_site_name":"FESTIVOX","article_published_time":"2024-03-04T06:52:00+00:00","og_image":[{"url":"https:\/\/www.radiofrance.fr\/client\/immutable\/assets\/visual_franceinter.03NvG3uh.svg","type":"","width":"","height":""}],"author":"Michele","twitter_card":"summary_large_image","twitter_misc":{"\u00c9crit par":"Michele","Dur\u00e9e de lecture estim\u00e9e":"11 minutes"},"schema":{"@context":"https:\/\/schema.org","@graph":[{"@type":"Article","@id":"https:\/\/www.festivox.fr\/blog\/claude-nougaro-10-petites-choses-que-vous-ne-saviez-peut-etre-pas-sur-le-chanteur-toulousain\/#article","isPartOf":{"@id":"https:\/\/www.festivox.fr\/blog\/claude-nougaro-10-petites-choses-que-vous-ne-saviez-peut-etre-pas-sur-le-chanteur-toulousain\/"},"author":{"name":"Michele","@id":"https:\/\/www.festivox.fr\/blog\/#\/schema\/person\/f36a8b6bc94800c3eafed4bca993ce95"},"headline":"Claude Nougaro : 10 (petites) choses que vous ne saviez (peut-\u00eatre) pas sur le chanteur toulousain","datePublished":"2024-03-04T06:52:00+00:00","mainEntityOfPage":{"@id":"https:\/\/www.festivox.fr\/blog\/claude-nougaro-10-petites-choses-que-vous-ne-saviez-peut-etre-pas-sur-le-chanteur-toulousain\/"},"wordCount":2155,"publisher":{"@id":"https:\/\/www.festivox.fr\/blog\/#organization"},"image":{"@id":"https:\/\/www.festivox.fr\/blog\/claude-nougaro-10-petites-choses-que-vous-ne-saviez-peut-etre-pas-sur-le-chanteur-toulousain\/#primaryimage"},"thumbnailUrl":"https:\/\/www.radiofrance.fr\/client\/immutable\/assets\/visual_franceinter.03NvG3uh.svg","articleSection":["Wiki Sur Festival Jazz Et Musique En Mode Guinguette:"],"inLanguage":"fr-FR"},{"@type":"WebPage","@id":"https:\/\/www.festivox.fr\/blog\/claude-nougaro-10-petites-choses-que-vous-ne-saviez-peut-etre-pas-sur-le-chanteur-toulousain\/","url":"https:\/\/www.festivox.fr\/blog\/claude-nougaro-10-petites-choses-que-vous-ne-saviez-peut-etre-pas-sur-le-chanteur-toulousain\/","name":"Claude Nougaro : 10 (petites) choses que vous ne saviez (peut-\u00eatre) pas sur le chanteur toulousain - FESTIVOX","isPartOf":{"@id":"https:\/\/www.festivox.fr\/blog\/#website"},"primaryImageOfPage":{"@id":"https:\/\/www.festivox.fr\/blog\/claude-nougaro-10-petites-choses-que-vous-ne-saviez-peut-etre-pas-sur-le-chanteur-toulousain\/#primaryimage"},"image":{"@id":"https:\/\/www.festivox.fr\/blog\/claude-nougaro-10-petites-choses-que-vous-ne-saviez-peut-etre-pas-sur-le-chanteur-toulousain\/#primaryimage"},"thumbnailUrl":"https:\/\/www.radiofrance.fr\/client\/immutable\/assets\/visual_franceinter.03NvG3uh.svg","datePublished":"2024-03-04T06:52:00+00:00","breadcrumb":{"@id":"https:\/\/www.festivox.fr\/blog\/claude-nougaro-10-petites-choses-que-vous-ne-saviez-peut-etre-pas-sur-le-chanteur-toulousain\/#breadcrumb"},"inLanguage":"fr-FR","potentialAction":[{"@type":"ReadAction","target":["https:\/\/www.festivox.fr\/blog\/claude-nougaro-10-petites-choses-que-vous-ne-saviez-peut-etre-pas-sur-le-chanteur-toulousain\/"]}]},{"@type":"ImageObject","inLanguage":"fr-FR","@id":"https:\/\/www.festivox.fr\/blog\/claude-nougaro-10-petites-choses-que-vous-ne-saviez-peut-etre-pas-sur-le-chanteur-toulousain\/#primaryimage","url":"https:\/\/www.radiofrance.fr\/client\/immutable\/assets\/visual_franceinter.03NvG3uh.svg","contentUrl":"https:\/\/www.radiofrance.fr\/client\/immutable\/assets\/visual_franceinter.03NvG3uh.svg"},{"@type":"BreadcrumbList","@id":"https:\/\/www.festivox.fr\/blog\/claude-nougaro-10-petites-choses-que-vous-ne-saviez-peut-etre-pas-sur-le-chanteur-toulousain\/#breadcrumb","itemListElement":[{"@type":"ListItem","position":1,"name":"Accueil","item":"https:\/\/www.festivox.fr\/blog\/"},{"@type":"ListItem","position":2,"name":"Claude Nougaro : 10 (petites) choses que vous ne saviez (peut-\u00eatre) pas sur le chanteur toulousain"}]},{"@type":"WebSite","@id":"https:\/\/www.festivox.fr\/blog\/#website","url":"https:\/\/www.festivox.fr\/blog\/","name":"FESTIVOX","description":"Festival en mode guinguette.","publisher":{"@id":"https:\/\/www.festivox.fr\/blog\/#organization"},"potentialAction":[{"@type":"SearchAction","target":{"@type":"EntryPoint","urlTemplate":"https:\/\/www.festivox.fr\/blog\/?s={search_term_string}"},"query-input":{"@type":"PropertyValueSpecification","valueRequired":true,"valueName":"search_term_string"}}],"inLanguage":"fr-FR"},{"@type":"Organization","@id":"https:\/\/www.festivox.fr\/blog\/#organization","name":"festivox","url":"https:\/\/www.festivox.fr\/blog\/","logo":{"@type":"ImageObject","inLanguage":"fr-FR","@id":"https:\/\/www.festivox.fr\/blog\/#\/schema\/logo\/image\/","url":"https:\/\/www.festivox.fr\/blog\/wp-content\/uploads\/2023\/06\/logo-2.png","contentUrl":"https:\/\/www.festivox.fr\/blog\/wp-content\/uploads\/2023\/06\/logo-2.png","width":480,"height":160,"caption":"festivox"},"image":{"@id":"https:\/\/www.festivox.fr\/blog\/#\/schema\/logo\/image\/"}},{"@type":"Person","@id":"https:\/\/www.festivox.fr\/blog\/#\/schema\/person\/f36a8b6bc94800c3eafed4bca993ce95","name":"Michele","image":{"@type":"ImageObject","inLanguage":"fr-FR","@id":"https:\/\/secure.gravatar.com\/avatar\/b062046536b5d47ec9075956ec349ef95ed06b0f910c578f74abb318668b702e?s=96&d=mm&r=g","url":"https:\/\/secure.gravatar.com\/avatar\/b062046536b5d47ec9075956ec349ef95ed06b0f910c578f74abb318668b702e?s=96&d=mm&r=g","contentUrl":"https:\/\/secure.gravatar.com\/avatar\/b062046536b5d47ec9075956ec349ef95ed06b0f910c578f74abb318668b702e?s=96&d=mm&r=g","caption":"Michele"},"sameAs":["https:\/\/www.festivox.fr\/blog"],"url":"https:\/\/www.festivox.fr\/blog\/author\/voxadmin\/"}]}},"_links":{"self":[{"href":"https:\/\/www.festivox.fr\/blog\/wp-json\/wp\/v2\/posts\/706","targetHints":{"allow":["GET"]}}],"collection":[{"href":"https:\/\/www.festivox.fr\/blog\/wp-json\/wp\/v2\/posts"}],"about":[{"href":"https:\/\/www.festivox.fr\/blog\/wp-json\/wp\/v2\/types\/post"}],"author":[{"embeddable":true,"href":"https:\/\/www.festivox.fr\/blog\/wp-json\/wp\/v2\/users\/1"}],"replies":[{"embeddable":true,"href":"https:\/\/www.festivox.fr\/blog\/wp-json\/wp\/v2\/comments?post=706"}],"version-history":[{"count":0,"href":"https:\/\/www.festivox.fr\/blog\/wp-json\/wp\/v2\/posts\/706\/revisions"}],"wp:attachment":[{"href":"https:\/\/www.festivox.fr\/blog\/wp-json\/wp\/v2\/media?parent=706"}],"wp:term":[{"taxonomy":"category","embeddable":true,"href":"https:\/\/www.festivox.fr\/blog\/wp-json\/wp\/v2\/categories?post=706"},{"taxonomy":"post_tag","embeddable":true,"href":"https:\/\/www.festivox.fr\/blog\/wp-json\/wp\/v2\/tags?post=706"}],"curies":[{"name":"wp","href":"https:\/\/api.w.org\/{rel}","templated":true}]}}