{"id":689,"date":"2024-02-24T10:31:00","date_gmt":"2024-02-24T09:31:00","guid":{"rendered":"https:\/\/www.festivox.fr\/blog\/jazz-in-marciac-2024-une-edition-douverture-avec-des-creations-originales-de-jeunes-musiciens-et-une-presence-feminine-importante\/"},"modified":"2024-02-24T10:31:00","modified_gmt":"2024-02-24T09:31:00","slug":"jazz-in-marciac-2024-une-edition-douverture-avec-des-creations-originales-de-jeunes-musiciens-et-une-presence-feminine-importante","status":"publish","type":"post","link":"https:\/\/www.festivox.fr\/blog\/jazz-in-marciac-2024-une-edition-douverture-avec-des-creations-originales-de-jeunes-musiciens-et-une-presence-feminine-importante\/","title":{"rendered":"Jazz in Marciac 2024 : une \u00e9dition \u00ab\u00a0d\u2019ouverture, avec des cr\u00e9ations originales, de jeunes musiciens et une pr\u00e9sence f\u00e9minine importante\u00a0\u00bb"},"content":{"rendered":"\n<p> <span class=\"article-full__chapo-label hide-on-small-only\">l&rsquo;essentiel<\/span> La programmation de la 46e \u00e9dition de Jazz in Marciac est d\u00e9sormais connue. De nombreuses nouveaut\u00e9s cette ann\u00e9e, quelques inconditionnels de l\u2019\u00e9v\u00e9nement et de possibles bouleversements \u00e0 venir. Tour d\u2019horizon de cette \u00e9dition 2024 avec son pr\u00e9sident historique, Jean-Louis Guilhaumon. <\/p>\n<div data-state=\"fixed-height\" data-selection=\"disabled\">\n<p class=\"txt-question\">Un premier mot sur cette 46e \u00e9dition. On remarque un grand changement\u2026<\/p>\n<p><!-- Pub DFP Position [outstream] --> <\/p>\n<p>D\u00e9j\u00e0, premier changement d\u2019importance, elle se d\u00e9roulera du 18 juillet au 4 ao\u00fbt. Cette anticipation de nos dates, c\u2019est pour essayer d\u2019avoir le moins de dates confront\u00e9es aux Jeux Olympiques. Mais nous sommes confiants apr\u00e8s le 45e anniversaire l\u2019ann\u00e9e derni\u00e8re qui a battu des records de fr\u00e9quentation. Le nombre de visiteurs s\u2019\u00e9tablit \u00e0 307\u2005000, soit +33\u2005% par rapport \u00e0 2022. Nous avons \u00e9galement une hausse de 11\u2005786 billets vendus par rapport \u00e0 l\u2019ann\u00e9e pr\u00e9c\u00e9dente, ce qui n\u2019est pas n\u00e9gligeable. Peu de manifestations de cette importance ont \u00e9volu\u00e9 de cette mani\u00e8re pour retrouver les chiffres que nous pouvions conna\u00eetre en p\u00e9riode pr\u00e9-Covid.<\/p>\n<p><!-- Pub DFP Position [article] --> <\/p>\n<div class=\"center-align\">\n<figure class=\"std-img\" data-src=\"https:\/\/images.ladepeche.fr\/api\/v1\/images\/view\/65d8c4f7aa459c3a1256b4da\/original\/image.jpg?v=1\"> <img class=\"std-img__img responsive-img\" data-src=\"https:\/\/www.festivox.fr\/blog\/wp-content\/uploads\/2024\/02\/jazz-in-marciac-2024-une-edition-douverture-avec-des-creations-originales-de-jeunes-musiciens-et-une-presence-feminine-importante.jpg\" alt=\"Jean-Louis Guilhaumon, pr\u00e9sident du festival Jazz in Marciac.\"><figcaption class=\"article-full__media-infos\"> Jean-Louis Guilhaumon, pr\u00e9sident du festival Jazz in Marciac. <span class=\"article-full__media-author\">DDM &#8211; ARCHIVES NEDIR DEBBICHE<\/span> <\/figcaption><\/figure>\n<\/div>\n<p class=\"txt-question\">Parlons un peu de l\u2019\u00e9tat d\u2019esprit de cette \u00e9dition&#8230;<\/p>\n<p>Cette ann\u00e9e marqu\u00e9e par un pari audacieux, un retour \u00e0 18 soir\u00e9es, et nous avons souhait\u00e9 en termes de programmation porter un projet ambitieux avec un certain nombre de cr\u00e9ations originales, d\u2019ouverture \u00e0 de jeunes musiciens, une pr\u00e9sence f\u00e9minine importante. Au-del\u00e0 des t\u00eates d\u2019affiche ou des leaders de formation, en regardant par le menu la composition des diff\u00e9rents groupes, une place tr\u00e8s significative est faite aux \u00e9l\u00e9ments f\u00e9minins. Nous avons mis l\u2019accent aussi sur la formation et la sensibilisation aupr\u00e8s des jeunes gens qui n\u2019ont pas eu la chance d\u2019\u00eatre expos\u00e9s \u00e0 cette forme d\u2019expression musicale. Il y aura de l\u2019initiation pour les jeunes gens de notre territoire, et \u00e9galement une s\u00e9quence formation soutenue \u00e0 travers l\u2019organisation de Masterclass de tr\u00e8s grand niveau avec des artistes prestigieux.<\/p>\n<p class=\"txt-question\">Comment la programmation se construit chaque ann\u00e9e\u2005? On cherche les nouveaut\u00e9s, ce qui cartonne, on se repose sur les habitu\u00e9s etc.\u2005?<\/p>\n<p>On avait un mot d\u2019ordre d\u2019abord, c\u2019\u00e9tait l\u2019ouverture au monde, l\u2019ouverture \u00e0 de nouvelles approches musicales etc. Cela se constate en termes de cr\u00e9ations originales. Ce sera par exemple le cas le 19 juillet avec Emile Parisien en compagnie de l\u2019orchestre national de Toulouse, ce sera \u00e9galement le cas avec Avishai Cohen qui sera l\u00e0 le 24 juillet et qui a intitul\u00e9 son spectacle \u00ab\u00a0A special and unique show for Marciac\u00a0\u00bb. \u00c7a annonce tr\u00e8s clairement la couleur. Cr\u00e9ation et surtout hommage aussi en exclusivit\u00e9 \u00e0 Ahmad Jamal, l\u2019un de nos pianistes pr\u00e9f\u00e9r\u00e9s disparu l\u2019ann\u00e9e derni\u00e8re et auquel nous avions promis de rendre hommage. Dans quelques jours, nous vous annoncerons des choses particuli\u00e8res sur cette soir\u00e9e. Nous avons r\u00e9uni \u00e0 cette occasion le ban et l\u2019arri\u00e8re-ban de grands musiciens susceptibles de lui rendre un bel hommage. En un mot tous les musiciens complices d\u2019Ahmad&nbsp;Jamal pour offrir un moment unique en Europe et dans le monde. Il y aura aussi la soir\u00e9e hommage \u00e0 Claude Nougaro, \u00e0 laquelle participe celui qui a \u00e9t\u00e9 son accord\u00e9oniste Richard Galliano.<\/p>\n<div class=\"center-align\">\n<figure class=\"std-img\" data-src=\"https:\/\/images.ladepeche.fr\/api\/v1\/images\/view\/65d8d5582a6ce146f604a7fd\/original\/image.jpg?v=1\"> <img class=\"std-img__img responsive-img\" data-src=\"https:\/\/www.festivox.fr\/blog\/wp-content\/uploads\/2024\/02\/jazz-in-marciac-2024-une-edition-douverture-avec-des-creations-originales-de-jeunes-musiciens-et-une-presence-feminine-importante-1.jpg\" alt=\"L'accord\u00e9oniste Richard Galliano rendra hommage \u00e0 son ami Claude Nougaro, disparu il y a 20 ans.\"><figcaption class=\"article-full__media-infos\"> L&rsquo;accord\u00e9oniste Richard Galliano rendra hommage \u00e0 son ami Claude Nougaro, disparu il y a 20 ans. <span class=\"article-full__media-author\">DDM &#8211; ARCHIVES XDF<\/span> <\/figcaption><\/figure>\n<\/div>\n<p class=\"txt-question\">Vous avez voulu faire la part belle aux jeunes artistes&#8230;<\/p>\n<p>Une place de choix leur est r\u00e9serv\u00e9e dans cette programmation. On notera la pr\u00e9sence de Laufey, en premi\u00e8re partie de&nbsp;Meshell Ndegeocello. Laufey est l\u2019artiste la plus stream\u00e9e sur Spotify aujourd\u2019hui, \u00e0 24 ans. Nous avons aussi Kinga Glyk le 3 ao\u00fbt, jeune&nbsp;bassiste sensationnelle qui ouvrira la soir\u00e9e pour le Dire Straits Experience, une soir\u00e9e que nous voulons festive. On peut aussi citer&nbsp;Louis Matute le 2 ao\u00fbt qui sera en premi\u00e8re partie de Chris Isaak. Et encore un certain nombre de surprises. Nous avons fait feu de tout bois pour pr\u00e9senter une programmation ouverte et tr\u00e8s innovante. Bien s\u00fbr, nous aurons quand m\u00eame des habitu\u00e9s du festival\u2026 comme&nbsp;Ibrahim Maalouf, j\u2019ai d\u00e9j\u00e0 parl\u00e9 de Galliano etc.<\/p>\n<div class=\"center-align\">\n<figure class=\"std-img\" data-src=\"https:\/\/images.ladepeche.fr\/api\/v1\/images\/view\/65d8d3a203894c1a846d5bba\/original\/image.jpg?v=1\"> <img class=\"std-img__img responsive-img\" data-src=\"https:\/\/www.festivox.fr\/blog\/wp-content\/uploads\/2024\/02\/jazz-in-marciac-2024-une-edition-douverture-avec-des-creations-originales-de-jeunes-musiciens-et-une-presence-feminine-importante-2.jpg\" alt=\"Le public fid\u00e8le au rendez-vous... et parfois bouillonnant comme ici lors du concert de Cimafunk en 2022.\"><figcaption class=\"article-full__media-infos\"> Le public fid\u00e8le au rendez-vous&#8230; et parfois bouillonnant comme ici lors du concert de Cimafunk en 2022. <span class=\"article-full__media-author\">DDM &#8211; ARCHIVES SEBASTIEN LAPEYRERE<\/span> <\/figcaption><\/figure>\n<\/div>\n<p class=\"txt-question\">M\u00eame s\u2019il y a toujours des surprises \u00e0 JIM, vous trouvez donc la programmation de cette ann\u00e9e plus \u00ab\u00a0audacieuse\u00a0\u00bb\u2005?<\/p>\n<p>C\u2019\u00e9tait une volont\u00e9 de notre part, et nous avons eu aussi la chance d\u2019int\u00e9resser un certain nombre d\u2019artistes. Par exemple, le 31 juillet, l\u2019orchestre&nbsp;Artemis sera pr\u00e9sent, une formation ne se produira pas beaucoup en Europe cette ann\u00e9e. C\u2019est un orchestre particulier, qui n\u2019est compos\u00e9 que de femmes.<\/p>\n<p class=\"txt-question\">D\u00e9caler cette \u00e9dition \u00e0 cause&nbsp;des JO ne va pas lui porter pr\u00e9judice, la mettre en concurrence avec d\u2019autres \u00e9v\u00e9nements culturels\u2005?<\/p>\n<p>Au contraire, nous sommes sur une p\u00e9riode qui nous para\u00eet particuli\u00e8rement propice et qui pourrait probablement pr\u00e9figurer notre comportement dans les ann\u00e9es \u00e0 venir. Cette anticipation nous am\u00e8ne \u00e0 rejoindre les tourn\u00e9es du mois de juillet auxquelles nous ne pouvions pas pr\u00e9tendre jusqu\u2019\u00e0 maintenant.<\/p>\n<p class=\"txt-question\">Donc si cette \u00e9dition est une r\u00e9ussite, JIM pourrait \u00eatre d\u00e9cal\u00e9 dans le temps pour de bon\u2005?<\/p>\n<p>Oui. Certains artistes choisissent de s\u2019exprimer en Europe, du fait de leur engagement aux \u00c9tats-Unis, dans la p\u00e9riode fin juin jusqu\u2019au 20 juillet. Cette anticipation nous permettrait de les programmer dans l\u2019avenir.<\/p>\n<footer class=\"txt-note\">La programmation se d\u00e9voile sur le&nbsp;<a href=\"https:\/\/jazzinmarciac.com\/\" target=\"_blank\" rel=\"noopener nofollow\">site internet du festival<\/a>&nbsp;avec plus d&rsquo;informations sur les artistes. Ouverture de la billetterie le lundi 26 f\u00e9vrier \u00e0 9h30.<\/footer>\n<\/p><\/div>\n<p> Cet article, qui traite du th\u00e8me \u00ab\u00a0Festival Jazz et musique en mode guinguette\u00a0\u00bb, vous est d\u00e9lib\u00e9r\u00e9ment offert par festivox.fr. La raison d\u2019\u00eatre de festivox.fr est de parler de Festival Jazz et musique en mode guinguette dans la transparence la plus g\u00e9n\u00e9rale en vous procurant la visibilit\u00e9 de tout ce qui est publi\u00e9 sur ce sujet sur le web La chronique a \u00e9t\u00e9 g\u00e9n\u00e9r\u00e9e de la mani\u00e8re la plus honn\u00eate que possible. S\u2019il advenait que vous projetez d\u2019apporter quelques notes concernant le domaine de \u00ab\u00a0Festival Jazz et musique en mode guinguette\u00a0\u00bb vous avez la possibilit\u00e9 de d&rsquo;\u00e9changer avec notre r\u00e9daction. Dans peu de temps, on mettra en ligne d&rsquo;autres informations pertinentes autour du sujet \u00ab\u00a0Festival Jazz et musique en mode guinguette\u00a0\u00bb. Ainsi, consultez r\u00e9guli\u00e8rement notre site.<\/p>\n","protected":false},"excerpt":{"rendered":"<p>l&rsquo;essentiel La programmation de la 46e \u00e9dition de Jazz in Marciac est d\u00e9sormais connue. De nombreuses nouveaut\u00e9s cette ann\u00e9e, quelques inconditionnels de l\u2019\u00e9v\u00e9nement et de possibles bouleversements \u00e0 venir. Tour d\u2019horizon de cette \u00e9dition 2024 avec son pr\u00e9sident historique, Jean-Louis Guilhaumon. Un premier mot sur cette 46e \u00e9dition. On remarque un grand changement\u2026 D\u00e9j\u00e0, premier&hellip;<\/p>\n","protected":false},"author":1,"featured_media":690,"comment_status":"closed","ping_status":"closed","sticky":false,"template":"","format":"standard","meta":{"footnotes":""},"categories":[3],"tags":[],"class_list":["post-689","post","type-post","status-publish","format-standard","has-post-thumbnail","hentry","category-wiki-sur-festival-jazz-et-musique-en-mode-guinguette"],"yoast_head":"<!-- This site is optimized with the Yoast SEO plugin v27.5 - https:\/\/yoast.com\/product\/yoast-seo-wordpress\/ -->\n<title>Jazz in Marciac 2024 : une \u00e9dition &quot;d\u2019ouverture, avec des cr\u00e9ations originales, de jeunes musiciens et une pr\u00e9sence f\u00e9minine importante&quot; - FESTIVOX<\/title>\n<meta name=\"robots\" content=\"index, follow, max-snippet:-1, max-image-preview:large, max-video-preview:-1\" \/>\n<link rel=\"canonical\" href=\"https:\/\/www.festivox.fr\/blog\/jazz-in-marciac-2024-une-edition-douverture-avec-des-creations-originales-de-jeunes-musiciens-et-une-presence-feminine-importante\/\" \/>\n<meta property=\"og:locale\" content=\"fr_FR\" \/>\n<meta property=\"og:type\" content=\"article\" \/>\n<meta property=\"og:title\" content=\"Jazz in Marciac 2024 : une \u00e9dition &quot;d\u2019ouverture, avec des cr\u00e9ations originales, de jeunes musiciens et une pr\u00e9sence f\u00e9minine importante&quot; - FESTIVOX\" \/>\n<meta property=\"og:description\" content=\"l&rsquo;essentiel La programmation de la 46e \u00e9dition de Jazz in Marciac est d\u00e9sormais connue. De nombreuses nouveaut\u00e9s cette ann\u00e9e, quelques inconditionnels de l\u2019\u00e9v\u00e9nement et de possibles bouleversements \u00e0 venir. Tour d\u2019horizon de cette \u00e9dition 2024 avec son pr\u00e9sident historique, Jean-Louis Guilhaumon. Un premier mot sur cette 46e \u00e9dition. On remarque un grand changement\u2026 D\u00e9j\u00e0, premier&hellip;\" \/>\n<meta property=\"og:url\" content=\"https:\/\/www.festivox.fr\/blog\/jazz-in-marciac-2024-une-edition-douverture-avec-des-creations-originales-de-jeunes-musiciens-et-une-presence-feminine-importante\/\" \/>\n<meta property=\"og:site_name\" content=\"FESTIVOX\" \/>\n<meta property=\"article:published_time\" content=\"2024-02-24T09:31:00+00:00\" \/>\n<meta property=\"og:image\" content=\"https:\/\/www.festivox.fr\/blog\/wp-content\/uploads\/2024\/02\/jazz-in-marciac-2024-une-edition-douverture-avec-des-creations-originales-de-jeunes-musiciens-et-une-presence-feminine-importante.jpg\" \/>\n<meta name=\"author\" content=\"Michele\" \/>\n<meta name=\"twitter:card\" content=\"summary_large_image\" \/>\n<meta name=\"twitter:label1\" content=\"\u00c9crit par\" \/>\n\t<meta name=\"twitter:data1\" content=\"Michele\" \/>\n\t<meta name=\"twitter:label2\" content=\"Dur\u00e9e de lecture estim\u00e9e\" \/>\n\t<meta name=\"twitter:data2\" content=\"6 minutes\" \/>\n<script type=\"application\/ld+json\" class=\"yoast-schema-graph\">{\"@context\":\"https:\\\/\\\/schema.org\",\"@graph\":[{\"@type\":\"Article\",\"@id\":\"https:\\\/\\\/www.festivox.fr\\\/blog\\\/jazz-in-marciac-2024-une-edition-douverture-avec-des-creations-originales-de-jeunes-musiciens-et-une-presence-feminine-importante\\\/#article\",\"isPartOf\":{\"@id\":\"https:\\\/\\\/www.festivox.fr\\\/blog\\\/jazz-in-marciac-2024-une-edition-douverture-avec-des-creations-originales-de-jeunes-musiciens-et-une-presence-feminine-importante\\\/\"},\"author\":{\"name\":\"Michele\",\"@id\":\"https:\\\/\\\/www.festivox.fr\\\/blog\\\/#\\\/schema\\\/person\\\/f36a8b6bc94800c3eafed4bca993ce95\"},\"headline\":\"Jazz in Marciac 2024 : une \u00e9dition \u00ab\u00a0d\u2019ouverture, avec des cr\u00e9ations originales, de jeunes musiciens et une pr\u00e9sence f\u00e9minine importante\u00a0\u00bb\",\"datePublished\":\"2024-02-24T09:31:00+00:00\",\"mainEntityOfPage\":{\"@id\":\"https:\\\/\\\/www.festivox.fr\\\/blog\\\/jazz-in-marciac-2024-une-edition-douverture-avec-des-creations-originales-de-jeunes-musiciens-et-une-presence-feminine-importante\\\/\"},\"wordCount\":1151,\"publisher\":{\"@id\":\"https:\\\/\\\/www.festivox.fr\\\/blog\\\/#organization\"},\"image\":{\"@id\":\"https:\\\/\\\/www.festivox.fr\\\/blog\\\/jazz-in-marciac-2024-une-edition-douverture-avec-des-creations-originales-de-jeunes-musiciens-et-une-presence-feminine-importante\\\/#primaryimage\"},\"thumbnailUrl\":\"https:\\\/\\\/www.festivox.fr\\\/blog\\\/wp-content\\\/uploads\\\/2024\\\/02\\\/jazz-in-marciac-2024-une-edition-douverture-avec-des-creations-originales-de-jeunes-musiciens-et-une-presence-feminine-importante.jpg\",\"articleSection\":[\"Wiki Sur Festival Jazz Et Musique En Mode Guinguette:\"],\"inLanguage\":\"fr-FR\"},{\"@type\":\"WebPage\",\"@id\":\"https:\\\/\\\/www.festivox.fr\\\/blog\\\/jazz-in-marciac-2024-une-edition-douverture-avec-des-creations-originales-de-jeunes-musiciens-et-une-presence-feminine-importante\\\/\",\"url\":\"https:\\\/\\\/www.festivox.fr\\\/blog\\\/jazz-in-marciac-2024-une-edition-douverture-avec-des-creations-originales-de-jeunes-musiciens-et-une-presence-feminine-importante\\\/\",\"name\":\"Jazz in Marciac 2024 : une \u00e9dition \\\"d\u2019ouverture, avec des cr\u00e9ations originales, de jeunes musiciens et une pr\u00e9sence f\u00e9minine importante\\\" - FESTIVOX\",\"isPartOf\":{\"@id\":\"https:\\\/\\\/www.festivox.fr\\\/blog\\\/#website\"},\"primaryImageOfPage\":{\"@id\":\"https:\\\/\\\/www.festivox.fr\\\/blog\\\/jazz-in-marciac-2024-une-edition-douverture-avec-des-creations-originales-de-jeunes-musiciens-et-une-presence-feminine-importante\\\/#primaryimage\"},\"image\":{\"@id\":\"https:\\\/\\\/www.festivox.fr\\\/blog\\\/jazz-in-marciac-2024-une-edition-douverture-avec-des-creations-originales-de-jeunes-musiciens-et-une-presence-feminine-importante\\\/#primaryimage\"},\"thumbnailUrl\":\"https:\\\/\\\/www.festivox.fr\\\/blog\\\/wp-content\\\/uploads\\\/2024\\\/02\\\/jazz-in-marciac-2024-une-edition-douverture-avec-des-creations-originales-de-jeunes-musiciens-et-une-presence-feminine-importante.jpg\",\"datePublished\":\"2024-02-24T09:31:00+00:00\",\"breadcrumb\":{\"@id\":\"https:\\\/\\\/www.festivox.fr\\\/blog\\\/jazz-in-marciac-2024-une-edition-douverture-avec-des-creations-originales-de-jeunes-musiciens-et-une-presence-feminine-importante\\\/#breadcrumb\"},\"inLanguage\":\"fr-FR\",\"potentialAction\":[{\"@type\":\"ReadAction\",\"target\":[\"https:\\\/\\\/www.festivox.fr\\\/blog\\\/jazz-in-marciac-2024-une-edition-douverture-avec-des-creations-originales-de-jeunes-musiciens-et-une-presence-feminine-importante\\\/\"]}]},{\"@type\":\"ImageObject\",\"inLanguage\":\"fr-FR\",\"@id\":\"https:\\\/\\\/www.festivox.fr\\\/blog\\\/jazz-in-marciac-2024-une-edition-douverture-avec-des-creations-originales-de-jeunes-musiciens-et-une-presence-feminine-importante\\\/#primaryimage\",\"url\":\"https:\\\/\\\/www.festivox.fr\\\/blog\\\/wp-content\\\/uploads\\\/2024\\\/02\\\/jazz-in-marciac-2024-une-edition-douverture-avec-des-creations-originales-de-jeunes-musiciens-et-une-presence-feminine-importante.jpg\",\"contentUrl\":\"https:\\\/\\\/www.festivox.fr\\\/blog\\\/wp-content\\\/uploads\\\/2024\\\/02\\\/jazz-in-marciac-2024-une-edition-douverture-avec-des-creations-originales-de-jeunes-musiciens-et-une-presence-feminine-importante.jpg\",\"width\":779,\"height\":520},{\"@type\":\"BreadcrumbList\",\"@id\":\"https:\\\/\\\/www.festivox.fr\\\/blog\\\/jazz-in-marciac-2024-une-edition-douverture-avec-des-creations-originales-de-jeunes-musiciens-et-une-presence-feminine-importante\\\/#breadcrumb\",\"itemListElement\":[{\"@type\":\"ListItem\",\"position\":1,\"name\":\"Accueil\",\"item\":\"https:\\\/\\\/www.festivox.fr\\\/blog\\\/\"},{\"@type\":\"ListItem\",\"position\":2,\"name\":\"Jazz in Marciac 2024 : une \u00e9dition \u00ab\u00a0d\u2019ouverture, avec des cr\u00e9ations originales, de jeunes musiciens et une pr\u00e9sence f\u00e9minine importante\u00a0\u00bb\"}]},{\"@type\":\"WebSite\",\"@id\":\"https:\\\/\\\/www.festivox.fr\\\/blog\\\/#website\",\"url\":\"https:\\\/\\\/www.festivox.fr\\\/blog\\\/\",\"name\":\"FESTIVOX\",\"description\":\"Festival en mode guinguette.\",\"publisher\":{\"@id\":\"https:\\\/\\\/www.festivox.fr\\\/blog\\\/#organization\"},\"potentialAction\":[{\"@type\":\"SearchAction\",\"target\":{\"@type\":\"EntryPoint\",\"urlTemplate\":\"https:\\\/\\\/www.festivox.fr\\\/blog\\\/?s={search_term_string}\"},\"query-input\":{\"@type\":\"PropertyValueSpecification\",\"valueRequired\":true,\"valueName\":\"search_term_string\"}}],\"inLanguage\":\"fr-FR\"},{\"@type\":\"Organization\",\"@id\":\"https:\\\/\\\/www.festivox.fr\\\/blog\\\/#organization\",\"name\":\"festivox\",\"url\":\"https:\\\/\\\/www.festivox.fr\\\/blog\\\/\",\"logo\":{\"@type\":\"ImageObject\",\"inLanguage\":\"fr-FR\",\"@id\":\"https:\\\/\\\/www.festivox.fr\\\/blog\\\/#\\\/schema\\\/logo\\\/image\\\/\",\"url\":\"https:\\\/\\\/www.festivox.fr\\\/blog\\\/wp-content\\\/uploads\\\/2023\\\/06\\\/logo-2.png\",\"contentUrl\":\"https:\\\/\\\/www.festivox.fr\\\/blog\\\/wp-content\\\/uploads\\\/2023\\\/06\\\/logo-2.png\",\"width\":480,\"height\":160,\"caption\":\"festivox\"},\"image\":{\"@id\":\"https:\\\/\\\/www.festivox.fr\\\/blog\\\/#\\\/schema\\\/logo\\\/image\\\/\"}},{\"@type\":\"Person\",\"@id\":\"https:\\\/\\\/www.festivox.fr\\\/blog\\\/#\\\/schema\\\/person\\\/f36a8b6bc94800c3eafed4bca993ce95\",\"name\":\"Michele\",\"image\":{\"@type\":\"ImageObject\",\"inLanguage\":\"fr-FR\",\"@id\":\"https:\\\/\\\/secure.gravatar.com\\\/avatar\\\/b062046536b5d47ec9075956ec349ef95ed06b0f910c578f74abb318668b702e?s=96&d=mm&r=g\",\"url\":\"https:\\\/\\\/secure.gravatar.com\\\/avatar\\\/b062046536b5d47ec9075956ec349ef95ed06b0f910c578f74abb318668b702e?s=96&d=mm&r=g\",\"contentUrl\":\"https:\\\/\\\/secure.gravatar.com\\\/avatar\\\/b062046536b5d47ec9075956ec349ef95ed06b0f910c578f74abb318668b702e?s=96&d=mm&r=g\",\"caption\":\"Michele\"},\"sameAs\":[\"https:\\\/\\\/www.festivox.fr\\\/blog\"],\"url\":\"https:\\\/\\\/www.festivox.fr\\\/blog\\\/author\\\/voxadmin\\\/\"}]}<\/script>\n<!-- \/ Yoast SEO plugin. -->","yoast_head_json":{"title":"Jazz in Marciac 2024 : une \u00e9dition \"d\u2019ouverture, avec des cr\u00e9ations originales, de jeunes musiciens et une pr\u00e9sence f\u00e9minine importante\" - FESTIVOX","robots":{"index":"index","follow":"follow","max-snippet":"max-snippet:-1","max-image-preview":"max-image-preview:large","max-video-preview":"max-video-preview:-1"},"canonical":"https:\/\/www.festivox.fr\/blog\/jazz-in-marciac-2024-une-edition-douverture-avec-des-creations-originales-de-jeunes-musiciens-et-une-presence-feminine-importante\/","og_locale":"fr_FR","og_type":"article","og_title":"Jazz in Marciac 2024 : une \u00e9dition \"d\u2019ouverture, avec des cr\u00e9ations originales, de jeunes musiciens et une pr\u00e9sence f\u00e9minine importante\" - FESTIVOX","og_description":"l&rsquo;essentiel La programmation de la 46e \u00e9dition de Jazz in Marciac est d\u00e9sormais connue. De nombreuses nouveaut\u00e9s cette ann\u00e9e, quelques inconditionnels de l\u2019\u00e9v\u00e9nement et de possibles bouleversements \u00e0 venir. Tour d\u2019horizon de cette \u00e9dition 2024 avec son pr\u00e9sident historique, Jean-Louis Guilhaumon. Un premier mot sur cette 46e \u00e9dition. On remarque un grand changement\u2026 D\u00e9j\u00e0, premier&hellip;","og_url":"https:\/\/www.festivox.fr\/blog\/jazz-in-marciac-2024-une-edition-douverture-avec-des-creations-originales-de-jeunes-musiciens-et-une-presence-feminine-importante\/","og_site_name":"FESTIVOX","article_published_time":"2024-02-24T09:31:00+00:00","og_image":[{"url":"https:\/\/www.festivox.fr\/blog\/wp-content\/uploads\/2024\/02\/jazz-in-marciac-2024-une-edition-douverture-avec-des-creations-originales-de-jeunes-musiciens-et-une-presence-feminine-importante.jpg","type":"","width":"","height":""}],"author":"Michele","twitter_card":"summary_large_image","twitter_misc":{"\u00c9crit par":"Michele","Dur\u00e9e de lecture estim\u00e9e":"6 minutes"},"schema":{"@context":"https:\/\/schema.org","@graph":[{"@type":"Article","@id":"https:\/\/www.festivox.fr\/blog\/jazz-in-marciac-2024-une-edition-douverture-avec-des-creations-originales-de-jeunes-musiciens-et-une-presence-feminine-importante\/#article","isPartOf":{"@id":"https:\/\/www.festivox.fr\/blog\/jazz-in-marciac-2024-une-edition-douverture-avec-des-creations-originales-de-jeunes-musiciens-et-une-presence-feminine-importante\/"},"author":{"name":"Michele","@id":"https:\/\/www.festivox.fr\/blog\/#\/schema\/person\/f36a8b6bc94800c3eafed4bca993ce95"},"headline":"Jazz in Marciac 2024 : une \u00e9dition \u00ab\u00a0d\u2019ouverture, avec des cr\u00e9ations originales, de jeunes musiciens et une pr\u00e9sence f\u00e9minine importante\u00a0\u00bb","datePublished":"2024-02-24T09:31:00+00:00","mainEntityOfPage":{"@id":"https:\/\/www.festivox.fr\/blog\/jazz-in-marciac-2024-une-edition-douverture-avec-des-creations-originales-de-jeunes-musiciens-et-une-presence-feminine-importante\/"},"wordCount":1151,"publisher":{"@id":"https:\/\/www.festivox.fr\/blog\/#organization"},"image":{"@id":"https:\/\/www.festivox.fr\/blog\/jazz-in-marciac-2024-une-edition-douverture-avec-des-creations-originales-de-jeunes-musiciens-et-une-presence-feminine-importante\/#primaryimage"},"thumbnailUrl":"https:\/\/www.festivox.fr\/blog\/wp-content\/uploads\/2024\/02\/jazz-in-marciac-2024-une-edition-douverture-avec-des-creations-originales-de-jeunes-musiciens-et-une-presence-feminine-importante.jpg","articleSection":["Wiki Sur Festival Jazz Et Musique En Mode Guinguette:"],"inLanguage":"fr-FR"},{"@type":"WebPage","@id":"https:\/\/www.festivox.fr\/blog\/jazz-in-marciac-2024-une-edition-douverture-avec-des-creations-originales-de-jeunes-musiciens-et-une-presence-feminine-importante\/","url":"https:\/\/www.festivox.fr\/blog\/jazz-in-marciac-2024-une-edition-douverture-avec-des-creations-originales-de-jeunes-musiciens-et-une-presence-feminine-importante\/","name":"Jazz in Marciac 2024 : une \u00e9dition \"d\u2019ouverture, avec des cr\u00e9ations originales, de jeunes musiciens et une pr\u00e9sence f\u00e9minine importante\" - FESTIVOX","isPartOf":{"@id":"https:\/\/www.festivox.fr\/blog\/#website"},"primaryImageOfPage":{"@id":"https:\/\/www.festivox.fr\/blog\/jazz-in-marciac-2024-une-edition-douverture-avec-des-creations-originales-de-jeunes-musiciens-et-une-presence-feminine-importante\/#primaryimage"},"image":{"@id":"https:\/\/www.festivox.fr\/blog\/jazz-in-marciac-2024-une-edition-douverture-avec-des-creations-originales-de-jeunes-musiciens-et-une-presence-feminine-importante\/#primaryimage"},"thumbnailUrl":"https:\/\/www.festivox.fr\/blog\/wp-content\/uploads\/2024\/02\/jazz-in-marciac-2024-une-edition-douverture-avec-des-creations-originales-de-jeunes-musiciens-et-une-presence-feminine-importante.jpg","datePublished":"2024-02-24T09:31:00+00:00","breadcrumb":{"@id":"https:\/\/www.festivox.fr\/blog\/jazz-in-marciac-2024-une-edition-douverture-avec-des-creations-originales-de-jeunes-musiciens-et-une-presence-feminine-importante\/#breadcrumb"},"inLanguage":"fr-FR","potentialAction":[{"@type":"ReadAction","target":["https:\/\/www.festivox.fr\/blog\/jazz-in-marciac-2024-une-edition-douverture-avec-des-creations-originales-de-jeunes-musiciens-et-une-presence-feminine-importante\/"]}]},{"@type":"ImageObject","inLanguage":"fr-FR","@id":"https:\/\/www.festivox.fr\/blog\/jazz-in-marciac-2024-une-edition-douverture-avec-des-creations-originales-de-jeunes-musiciens-et-une-presence-feminine-importante\/#primaryimage","url":"https:\/\/www.festivox.fr\/blog\/wp-content\/uploads\/2024\/02\/jazz-in-marciac-2024-une-edition-douverture-avec-des-creations-originales-de-jeunes-musiciens-et-une-presence-feminine-importante.jpg","contentUrl":"https:\/\/www.festivox.fr\/blog\/wp-content\/uploads\/2024\/02\/jazz-in-marciac-2024-une-edition-douverture-avec-des-creations-originales-de-jeunes-musiciens-et-une-presence-feminine-importante.jpg","width":779,"height":520},{"@type":"BreadcrumbList","@id":"https:\/\/www.festivox.fr\/blog\/jazz-in-marciac-2024-une-edition-douverture-avec-des-creations-originales-de-jeunes-musiciens-et-une-presence-feminine-importante\/#breadcrumb","itemListElement":[{"@type":"ListItem","position":1,"name":"Accueil","item":"https:\/\/www.festivox.fr\/blog\/"},{"@type":"ListItem","position":2,"name":"Jazz in Marciac 2024 : une \u00e9dition \u00ab\u00a0d\u2019ouverture, avec des cr\u00e9ations originales, de jeunes musiciens et une pr\u00e9sence f\u00e9minine importante\u00a0\u00bb"}]},{"@type":"WebSite","@id":"https:\/\/www.festivox.fr\/blog\/#website","url":"https:\/\/www.festivox.fr\/blog\/","name":"FESTIVOX","description":"Festival en mode guinguette.","publisher":{"@id":"https:\/\/www.festivox.fr\/blog\/#organization"},"potentialAction":[{"@type":"SearchAction","target":{"@type":"EntryPoint","urlTemplate":"https:\/\/www.festivox.fr\/blog\/?s={search_term_string}"},"query-input":{"@type":"PropertyValueSpecification","valueRequired":true,"valueName":"search_term_string"}}],"inLanguage":"fr-FR"},{"@type":"Organization","@id":"https:\/\/www.festivox.fr\/blog\/#organization","name":"festivox","url":"https:\/\/www.festivox.fr\/blog\/","logo":{"@type":"ImageObject","inLanguage":"fr-FR","@id":"https:\/\/www.festivox.fr\/blog\/#\/schema\/logo\/image\/","url":"https:\/\/www.festivox.fr\/blog\/wp-content\/uploads\/2023\/06\/logo-2.png","contentUrl":"https:\/\/www.festivox.fr\/blog\/wp-content\/uploads\/2023\/06\/logo-2.png","width":480,"height":160,"caption":"festivox"},"image":{"@id":"https:\/\/www.festivox.fr\/blog\/#\/schema\/logo\/image\/"}},{"@type":"Person","@id":"https:\/\/www.festivox.fr\/blog\/#\/schema\/person\/f36a8b6bc94800c3eafed4bca993ce95","name":"Michele","image":{"@type":"ImageObject","inLanguage":"fr-FR","@id":"https:\/\/secure.gravatar.com\/avatar\/b062046536b5d47ec9075956ec349ef95ed06b0f910c578f74abb318668b702e?s=96&d=mm&r=g","url":"https:\/\/secure.gravatar.com\/avatar\/b062046536b5d47ec9075956ec349ef95ed06b0f910c578f74abb318668b702e?s=96&d=mm&r=g","contentUrl":"https:\/\/secure.gravatar.com\/avatar\/b062046536b5d47ec9075956ec349ef95ed06b0f910c578f74abb318668b702e?s=96&d=mm&r=g","caption":"Michele"},"sameAs":["https:\/\/www.festivox.fr\/blog"],"url":"https:\/\/www.festivox.fr\/blog\/author\/voxadmin\/"}]}},"_links":{"self":[{"href":"https:\/\/www.festivox.fr\/blog\/wp-json\/wp\/v2\/posts\/689","targetHints":{"allow":["GET"]}}],"collection":[{"href":"https:\/\/www.festivox.fr\/blog\/wp-json\/wp\/v2\/posts"}],"about":[{"href":"https:\/\/www.festivox.fr\/blog\/wp-json\/wp\/v2\/types\/post"}],"author":[{"embeddable":true,"href":"https:\/\/www.festivox.fr\/blog\/wp-json\/wp\/v2\/users\/1"}],"replies":[{"embeddable":true,"href":"https:\/\/www.festivox.fr\/blog\/wp-json\/wp\/v2\/comments?post=689"}],"version-history":[{"count":0,"href":"https:\/\/www.festivox.fr\/blog\/wp-json\/wp\/v2\/posts\/689\/revisions"}],"wp:featuredmedia":[{"embeddable":true,"href":"https:\/\/www.festivox.fr\/blog\/wp-json\/wp\/v2\/media\/690"}],"wp:attachment":[{"href":"https:\/\/www.festivox.fr\/blog\/wp-json\/wp\/v2\/media?parent=689"}],"wp:term":[{"taxonomy":"category","embeddable":true,"href":"https:\/\/www.festivox.fr\/blog\/wp-json\/wp\/v2\/categories?post=689"},{"taxonomy":"post_tag","embeddable":true,"href":"https:\/\/www.festivox.fr\/blog\/wp-json\/wp\/v2\/tags?post=689"}],"curies":[{"name":"wp","href":"https:\/\/api.w.org\/{rel}","templated":true}]}}