{"id":676,"date":"2024-02-08T08:10:00","date_gmt":"2024-02-08T07:10:00","guid":{"rendered":"https:\/\/www.festivox.fr\/blog\/le-taquin-perpetue-lesprit-jazz-du-mandala-a-toulouse\/"},"modified":"2024-02-08T08:10:00","modified_gmt":"2024-02-08T07:10:00","slug":"le-taquin-perpetue-lesprit-jazz-du-mandala-a-toulouse","status":"publish","type":"post","link":"https:\/\/www.festivox.fr\/blog\/le-taquin-perpetue-lesprit-jazz-du-mandala-a-toulouse\/","title":{"rendered":"Le Taquin perp\u00e9tue l&rsquo;esprit jazz du Mandala \u00e0 Toulouse"},"content":{"rendered":"\n<div><img decoding=\"async\" src=\"https:\/\/www.festivox.fr\/blog\/wp-content\/uploads\/2024\/02\/le-taquin-perpetue-lesprit-jazz-du-mandala-a-toulouse.jpg\" class=\"ff-og-image-inserted\"><\/div>\n<p> <span class=\"article-full__chapo-label hide-on-small-only\">l&rsquo;essentiel<\/span> Le Mandala est devenu le Taquin en 2016 et demeure \u00ab le \u00bb club de jazz de la Ville rose. Resto le midi,&nbsp;musique le soir : une partition simple mais irr\u00e9sistible. <\/p>\n<div>\n<p>\u00ab Fermer le Mandala ? Il n\u2019en est pas question ! \u00bb De cette exclamation est n\u00e9 le Taquin Jazz Club sur ce&nbsp;qui n\u2019\u00e9tait pas les ruines du Mandala, mais sa probable disparition, envisag\u00e9e le c\u0153ur lourd par Ana\u00efs&nbsp;Cartini, fille de \u00ab Jano \u00bb, le patron historique du club de jazz fond\u00e9 en 1985 au 23, rue des Amidonniers.&nbsp;<\/p>\n<p><!-- Pub DFP Position [outstream] --> <\/p>\n<p>Pour Loris Pertoldi, programmateur et coordinateur de la nouvelle \u00e9quipe, qui travaillait d\u00e9j\u00e0 sur le lieu,&nbsp;hors de question de gommer un endroit de plus dans la liste des clubs de jazz toulousains disparus, a fortiori&nbsp;le plus c\u00e9l\u00e8bre de tous. En septembre 2016, apr\u00e8s un an de travaux et avant deux ans de mise en sommeil&nbsp;sanitaire, le Mandala est donc devenu le Taquin, g\u00e9r\u00e9 comme autrefois par l\u2019association Mandala Bouge et&nbsp;pilot\u00e9 par \u00e9quipe de six membres &#8211; dont plusieurs \u00ab anciens \u00bb &#8211; autour d\u2019un double programme :&nbsp;restaurant le midi du lundi au vendredi ; club de jazz \u2013 et resto tapas &#8211; le soir, du mercredi au samedi.&nbsp;<\/p>\n<p><!-- Pub DFP Position [article] --> <\/p>\n<p>\u00ab On propose quatre concerts par semaine de septembre \u00e0 mi-juin, poursuit Loris, lui-m\u00eame batteur. Cela&nbsp;fait donc environ 180 concerts par an. \u00bb Sur les programmes du Taquin, le visiteur est attir\u00e9 par le pluriel&nbsp;accol\u00e9 au terme \u00ab jazz \u00bb : jazz(s). Normal : ce style est trop riche et mouvant pour \u00eatre enferm\u00e9 dans un&nbsp;singulier et l\u2019\u00e9lectro, le funk, la soul sont ici chez eux : \u00ab Il y a un peu d\u2019a priori sur le jazz \u00e0 l\u2019ancienne \u2013&nbsp;le jazz \u00e0 la papa on va dire, un peu \u00e9litiste. Et nous, cet a priori, nous avons un peu envie de le casser, avec&nbsp;ce \u00ab s \u00bb. Pour ceux qui connaissent le jazz, c\u2019est une \u00e9vidence, mais nous voulons justement amener des&nbsp;gens qui ne connaissent pas cette musique \u00e0 venir l\u2019\u00e9couter. Ce pluriel, c\u2019est pour eux une premi\u00e8re piste&nbsp;de r\u00e9flexion&#8230; \u00bb<\/p>\n<h2 class=\"txt-int\">Priorit\u00e9 \u00e0 la sc\u00e8ne locale<\/h2>\n<p>La r\u00e9volution du Mandala \u2013 club historique et pilier du jazz non seulement toulousain mais aussi hexagonal \u2013 vers le Taquin fut de velours : les habitu\u00e9s saluent les quelques changements (la sc\u00e8ne, cosy&nbsp;comme une alc\u00f4ve, est d\u00e9sormais l\u00e0 o\u00f9 se tenait jadis le bar, \u00e0 pr\u00e9sent exil\u00e9 dans l\u2019arri\u00e8re-salle ; huit&nbsp;tables accueillent chaque midi une vingtaine de personnes autour d\u2019une cuisine simple, locale et saine) et&nbsp;la force d\u2019attraction du lieu n\u2019a pas faibli en changeant d\u2019\u00e9quipe et de nom : \u00ab Je re\u00e7ois 20 \u00e0 30 mails par&nbsp;jour, soit environ 10 000 propositions par an, sourit Loris. Depuis sept ans que nous sommes ouverts, nous&nbsp;avons donc surtout privil\u00e9gi\u00e9 les groupes du coin, car la sc\u00e8ne toulousaine est tr\u00e8s riche \u2013 d\u00e9velopper le&nbsp;jazz \u00e0 Toulouse, c\u2019est notre cheval de bataille. \u00c0 pr\u00e9sent, le Taquin jouit d\u2019une r\u00e9putation nationale et&nbsp;nous sommes sollicit\u00e9s par les Parisiens, le r\u00e9seau national et m\u00eame international. Nous sommes le&nbsp;dernier club de jazz de Toulouse et dans le grand sud-ouest, peu ont la m\u00eame dynamique tr\u00e8s intense de 4&nbsp;concerts par semaine. \u00bb<\/p>\n<p>Apr\u00e8s avoir accueilli en janvier une Jazz Week, Emile Parisien ou encore Sylvain Rifflet, le Taquin a le&nbsp;vent dans le dos et l\u2019horizon devant lui est d\u00e9gag\u00e9. Avec une politique tarifaire toujours aussi attirante&nbsp;(7\/10\u20ac), il a attir\u00e9 17 800 spectateurs l\u2019an dernier (soit 101 par concert) et avec la programmation des mois&nbsp;prochains, c\u2019est bien parti pour une belle ann\u00e9e de jazz \u2013 pardon, de jazz(s).<\/p>\n<footer class=\"txt-note\">Le Taquin jazz club (23, rue des Amidonniers) \u00e0 Toulouse. Horaires restaurant : du lundi au vendredi de 12 \u00e0 14h ;&nbsp;horaires bar : du mercredi au vendredi de 18h \u00e0 2h ; samedi 18h \u2013 3h. R\u00e9servations conseill\u00e9es au 05 61&nbsp;21 80 84 (www.le-taquin.fr)<\/footer>\n<h2 class=\"titre\">Au programme<\/h2>\n<p>Les prochains concerts au Taquin : Addis Black Mamba (g\u00e9nial ensemble Ethio-jazz-afro-beat, le 9\/02), L\u2019Oiseau Ravage&nbsp;(15\/02), Mind Watcher (22\/02), Yonathan Avishai Trio (29\/02) et, au fil de la saison : Andy Emler, Louis&nbsp;Sclavis, Claude Tchamitchian, Eric Echampard, Magic Malik, Maxime Zampieri, Karim Ziad, Yvan&nbsp;Robilliard, Justin Faulkner, Laurent David, Etienne Charles, Albert Marcoeur, Ga\u00ebl Horellou, Nicolas&nbsp;Gardel, Giovanni Mirabassa, Rosario Giuliani&#8230;<\/p>\n<\/p><\/div>\n<p> Cet article, qui traite du th\u00e8me \u00ab\u00a0Festival Jazz et musique en mode guinguette\u00a0\u00bb, vous est d\u00e9lib\u00e9r\u00e9ment offert par festivox.fr. La raison d\u2019\u00eatre de festivox.fr est de parler de Festival Jazz et musique en mode guinguette dans la transparence la plus g\u00e9n\u00e9rale en vous procurant la visibilit\u00e9 de tout ce qui est publi\u00e9 sur ce sujet sur le web La chronique a \u00e9t\u00e9 g\u00e9n\u00e9r\u00e9e de la mani\u00e8re la plus honn\u00eate que possible. S\u2019il advenait que vous projetez d\u2019apporter quelques notes concernant le domaine de \u00ab\u00a0Festival Jazz et musique en mode guinguette\u00a0\u00bb vous avez la possibilit\u00e9 de d&rsquo;\u00e9changer avec notre r\u00e9daction. Dans peu de temps, on mettra en ligne d&rsquo;autres informations pertinentes autour du sujet \u00ab\u00a0Festival Jazz et musique en mode guinguette\u00a0\u00bb. Ainsi, consultez r\u00e9guli\u00e8rement notre site.<\/p>\n","protected":false},"excerpt":{"rendered":"<p>l&rsquo;essentiel Le Mandala est devenu le Taquin en 2016 et demeure \u00ab le \u00bb club de jazz de la Ville rose. Resto le midi,&nbsp;musique le soir : une partition simple mais irr\u00e9sistible. \u00ab Fermer le Mandala ? Il n\u2019en est pas question ! \u00bb De cette exclamation est n\u00e9 le Taquin Jazz Club sur ce&nbsp;qui&hellip;<\/p>\n","protected":false},"author":1,"featured_media":677,"comment_status":"closed","ping_status":"closed","sticky":false,"template":"","format":"standard","meta":{"footnotes":""},"categories":[3],"tags":[],"class_list":["post-676","post","type-post","status-publish","format-standard","has-post-thumbnail","hentry","category-wiki-sur-festival-jazz-et-musique-en-mode-guinguette"],"yoast_head":"<!-- This site is optimized with the Yoast SEO plugin v27.5 - https:\/\/yoast.com\/product\/yoast-seo-wordpress\/ -->\n<title>Le Taquin perp\u00e9tue l&#039;esprit jazz du Mandala \u00e0 Toulouse - FESTIVOX<\/title>\n<meta name=\"robots\" content=\"index, follow, max-snippet:-1, max-image-preview:large, max-video-preview:-1\" \/>\n<link rel=\"canonical\" href=\"https:\/\/www.festivox.fr\/blog\/le-taquin-perpetue-lesprit-jazz-du-mandala-a-toulouse\/\" \/>\n<meta property=\"og:locale\" content=\"fr_FR\" \/>\n<meta property=\"og:type\" content=\"article\" \/>\n<meta property=\"og:title\" content=\"Le Taquin perp\u00e9tue l&#039;esprit jazz du Mandala \u00e0 Toulouse - FESTIVOX\" \/>\n<meta property=\"og:description\" content=\"l&rsquo;essentiel Le Mandala est devenu le Taquin en 2016 et demeure \u00ab le \u00bb club de jazz de la Ville rose. Resto le midi,&nbsp;musique le soir : une partition simple mais irr\u00e9sistible. \u00ab Fermer le Mandala ? Il n\u2019en est pas question ! \u00bb De cette exclamation est n\u00e9 le Taquin Jazz Club sur ce&nbsp;qui&hellip;\" \/>\n<meta property=\"og:url\" content=\"https:\/\/www.festivox.fr\/blog\/le-taquin-perpetue-lesprit-jazz-du-mandala-a-toulouse\/\" \/>\n<meta property=\"og:site_name\" content=\"FESTIVOX\" \/>\n<meta property=\"article:published_time\" content=\"2024-02-08T07:10:00+00:00\" \/>\n<meta property=\"og:image\" content=\"https:\/\/www.festivox.fr\/blog\/wp-content\/uploads\/2024\/02\/le-taquin-perpetue-lesprit-jazz-du-mandala-a-toulouse.jpg\" \/>\n<meta name=\"author\" content=\"Michele\" \/>\n<meta name=\"twitter:card\" content=\"summary_large_image\" \/>\n<meta name=\"twitter:label1\" content=\"\u00c9crit par\" \/>\n\t<meta name=\"twitter:data1\" content=\"Michele\" \/>\n\t<meta name=\"twitter:label2\" content=\"Dur\u00e9e de lecture estim\u00e9e\" \/>\n\t<meta name=\"twitter:data2\" content=\"4 minutes\" \/>\n<script type=\"application\/ld+json\" class=\"yoast-schema-graph\">{\"@context\":\"https:\\\/\\\/schema.org\",\"@graph\":[{\"@type\":\"Article\",\"@id\":\"https:\\\/\\\/www.festivox.fr\\\/blog\\\/le-taquin-perpetue-lesprit-jazz-du-mandala-a-toulouse\\\/#article\",\"isPartOf\":{\"@id\":\"https:\\\/\\\/www.festivox.fr\\\/blog\\\/le-taquin-perpetue-lesprit-jazz-du-mandala-a-toulouse\\\/\"},\"author\":{\"name\":\"Michele\",\"@id\":\"https:\\\/\\\/www.festivox.fr\\\/blog\\\/#\\\/schema\\\/person\\\/f36a8b6bc94800c3eafed4bca993ce95\"},\"headline\":\"Le Taquin perp\u00e9tue l&rsquo;esprit jazz du Mandala \u00e0 Toulouse\",\"datePublished\":\"2024-02-08T07:10:00+00:00\",\"mainEntityOfPage\":{\"@id\":\"https:\\\/\\\/www.festivox.fr\\\/blog\\\/le-taquin-perpetue-lesprit-jazz-du-mandala-a-toulouse\\\/\"},\"wordCount\":899,\"publisher\":{\"@id\":\"https:\\\/\\\/www.festivox.fr\\\/blog\\\/#organization\"},\"image\":{\"@id\":\"https:\\\/\\\/www.festivox.fr\\\/blog\\\/le-taquin-perpetue-lesprit-jazz-du-mandala-a-toulouse\\\/#primaryimage\"},\"thumbnailUrl\":\"https:\\\/\\\/www.festivox.fr\\\/blog\\\/wp-content\\\/uploads\\\/2024\\\/02\\\/le-taquin-perpetue-lesprit-jazz-du-mandala-a-toulouse.jpg\",\"articleSection\":[\"Wiki Sur Festival Jazz Et Musique En Mode Guinguette:\"],\"inLanguage\":\"fr-FR\"},{\"@type\":\"WebPage\",\"@id\":\"https:\\\/\\\/www.festivox.fr\\\/blog\\\/le-taquin-perpetue-lesprit-jazz-du-mandala-a-toulouse\\\/\",\"url\":\"https:\\\/\\\/www.festivox.fr\\\/blog\\\/le-taquin-perpetue-lesprit-jazz-du-mandala-a-toulouse\\\/\",\"name\":\"Le Taquin perp\u00e9tue l'esprit jazz du Mandala \u00e0 Toulouse - FESTIVOX\",\"isPartOf\":{\"@id\":\"https:\\\/\\\/www.festivox.fr\\\/blog\\\/#website\"},\"primaryImageOfPage\":{\"@id\":\"https:\\\/\\\/www.festivox.fr\\\/blog\\\/le-taquin-perpetue-lesprit-jazz-du-mandala-a-toulouse\\\/#primaryimage\"},\"image\":{\"@id\":\"https:\\\/\\\/www.festivox.fr\\\/blog\\\/le-taquin-perpetue-lesprit-jazz-du-mandala-a-toulouse\\\/#primaryimage\"},\"thumbnailUrl\":\"https:\\\/\\\/www.festivox.fr\\\/blog\\\/wp-content\\\/uploads\\\/2024\\\/02\\\/le-taquin-perpetue-lesprit-jazz-du-mandala-a-toulouse.jpg\",\"datePublished\":\"2024-02-08T07:10:00+00:00\",\"breadcrumb\":{\"@id\":\"https:\\\/\\\/www.festivox.fr\\\/blog\\\/le-taquin-perpetue-lesprit-jazz-du-mandala-a-toulouse\\\/#breadcrumb\"},\"inLanguage\":\"fr-FR\",\"potentialAction\":[{\"@type\":\"ReadAction\",\"target\":[\"https:\\\/\\\/www.festivox.fr\\\/blog\\\/le-taquin-perpetue-lesprit-jazz-du-mandala-a-toulouse\\\/\"]}]},{\"@type\":\"ImageObject\",\"inLanguage\":\"fr-FR\",\"@id\":\"https:\\\/\\\/www.festivox.fr\\\/blog\\\/le-taquin-perpetue-lesprit-jazz-du-mandala-a-toulouse\\\/#primaryimage\",\"url\":\"https:\\\/\\\/www.festivox.fr\\\/blog\\\/wp-content\\\/uploads\\\/2024\\\/02\\\/le-taquin-perpetue-lesprit-jazz-du-mandala-a-toulouse.jpg\",\"contentUrl\":\"https:\\\/\\\/www.festivox.fr\\\/blog\\\/wp-content\\\/uploads\\\/2024\\\/02\\\/le-taquin-perpetue-lesprit-jazz-du-mandala-a-toulouse.jpg\",\"width\":885,\"height\":500},{\"@type\":\"BreadcrumbList\",\"@id\":\"https:\\\/\\\/www.festivox.fr\\\/blog\\\/le-taquin-perpetue-lesprit-jazz-du-mandala-a-toulouse\\\/#breadcrumb\",\"itemListElement\":[{\"@type\":\"ListItem\",\"position\":1,\"name\":\"Accueil\",\"item\":\"https:\\\/\\\/www.festivox.fr\\\/blog\\\/\"},{\"@type\":\"ListItem\",\"position\":2,\"name\":\"Le Taquin perp\u00e9tue l&rsquo;esprit jazz du Mandala \u00e0 Toulouse\"}]},{\"@type\":\"WebSite\",\"@id\":\"https:\\\/\\\/www.festivox.fr\\\/blog\\\/#website\",\"url\":\"https:\\\/\\\/www.festivox.fr\\\/blog\\\/\",\"name\":\"FESTIVOX\",\"description\":\"Festival en mode guinguette.\",\"publisher\":{\"@id\":\"https:\\\/\\\/www.festivox.fr\\\/blog\\\/#organization\"},\"potentialAction\":[{\"@type\":\"SearchAction\",\"target\":{\"@type\":\"EntryPoint\",\"urlTemplate\":\"https:\\\/\\\/www.festivox.fr\\\/blog\\\/?s={search_term_string}\"},\"query-input\":{\"@type\":\"PropertyValueSpecification\",\"valueRequired\":true,\"valueName\":\"search_term_string\"}}],\"inLanguage\":\"fr-FR\"},{\"@type\":\"Organization\",\"@id\":\"https:\\\/\\\/www.festivox.fr\\\/blog\\\/#organization\",\"name\":\"festivox\",\"url\":\"https:\\\/\\\/www.festivox.fr\\\/blog\\\/\",\"logo\":{\"@type\":\"ImageObject\",\"inLanguage\":\"fr-FR\",\"@id\":\"https:\\\/\\\/www.festivox.fr\\\/blog\\\/#\\\/schema\\\/logo\\\/image\\\/\",\"url\":\"https:\\\/\\\/www.festivox.fr\\\/blog\\\/wp-content\\\/uploads\\\/2023\\\/06\\\/logo-2.png\",\"contentUrl\":\"https:\\\/\\\/www.festivox.fr\\\/blog\\\/wp-content\\\/uploads\\\/2023\\\/06\\\/logo-2.png\",\"width\":480,\"height\":160,\"caption\":\"festivox\"},\"image\":{\"@id\":\"https:\\\/\\\/www.festivox.fr\\\/blog\\\/#\\\/schema\\\/logo\\\/image\\\/\"}},{\"@type\":\"Person\",\"@id\":\"https:\\\/\\\/www.festivox.fr\\\/blog\\\/#\\\/schema\\\/person\\\/f36a8b6bc94800c3eafed4bca993ce95\",\"name\":\"Michele\",\"image\":{\"@type\":\"ImageObject\",\"inLanguage\":\"fr-FR\",\"@id\":\"https:\\\/\\\/secure.gravatar.com\\\/avatar\\\/b062046536b5d47ec9075956ec349ef95ed06b0f910c578f74abb318668b702e?s=96&d=mm&r=g\",\"url\":\"https:\\\/\\\/secure.gravatar.com\\\/avatar\\\/b062046536b5d47ec9075956ec349ef95ed06b0f910c578f74abb318668b702e?s=96&d=mm&r=g\",\"contentUrl\":\"https:\\\/\\\/secure.gravatar.com\\\/avatar\\\/b062046536b5d47ec9075956ec349ef95ed06b0f910c578f74abb318668b702e?s=96&d=mm&r=g\",\"caption\":\"Michele\"},\"sameAs\":[\"https:\\\/\\\/www.festivox.fr\\\/blog\"],\"url\":\"https:\\\/\\\/www.festivox.fr\\\/blog\\\/author\\\/voxadmin\\\/\"}]}<\/script>\n<!-- \/ Yoast SEO plugin. -->","yoast_head_json":{"title":"Le Taquin perp\u00e9tue l'esprit jazz du Mandala \u00e0 Toulouse - FESTIVOX","robots":{"index":"index","follow":"follow","max-snippet":"max-snippet:-1","max-image-preview":"max-image-preview:large","max-video-preview":"max-video-preview:-1"},"canonical":"https:\/\/www.festivox.fr\/blog\/le-taquin-perpetue-lesprit-jazz-du-mandala-a-toulouse\/","og_locale":"fr_FR","og_type":"article","og_title":"Le Taquin perp\u00e9tue l'esprit jazz du Mandala \u00e0 Toulouse - FESTIVOX","og_description":"l&rsquo;essentiel Le Mandala est devenu le Taquin en 2016 et demeure \u00ab le \u00bb club de jazz de la Ville rose. Resto le midi,&nbsp;musique le soir : une partition simple mais irr\u00e9sistible. \u00ab Fermer le Mandala ? Il n\u2019en est pas question ! \u00bb De cette exclamation est n\u00e9 le Taquin Jazz Club sur ce&nbsp;qui&hellip;","og_url":"https:\/\/www.festivox.fr\/blog\/le-taquin-perpetue-lesprit-jazz-du-mandala-a-toulouse\/","og_site_name":"FESTIVOX","article_published_time":"2024-02-08T07:10:00+00:00","og_image":[{"url":"https:\/\/www.festivox.fr\/blog\/wp-content\/uploads\/2024\/02\/le-taquin-perpetue-lesprit-jazz-du-mandala-a-toulouse.jpg","type":"","width":"","height":""}],"author":"Michele","twitter_card":"summary_large_image","twitter_misc":{"\u00c9crit par":"Michele","Dur\u00e9e de lecture estim\u00e9e":"4 minutes"},"schema":{"@context":"https:\/\/schema.org","@graph":[{"@type":"Article","@id":"https:\/\/www.festivox.fr\/blog\/le-taquin-perpetue-lesprit-jazz-du-mandala-a-toulouse\/#article","isPartOf":{"@id":"https:\/\/www.festivox.fr\/blog\/le-taquin-perpetue-lesprit-jazz-du-mandala-a-toulouse\/"},"author":{"name":"Michele","@id":"https:\/\/www.festivox.fr\/blog\/#\/schema\/person\/f36a8b6bc94800c3eafed4bca993ce95"},"headline":"Le Taquin perp\u00e9tue l&rsquo;esprit jazz du Mandala \u00e0 Toulouse","datePublished":"2024-02-08T07:10:00+00:00","mainEntityOfPage":{"@id":"https:\/\/www.festivox.fr\/blog\/le-taquin-perpetue-lesprit-jazz-du-mandala-a-toulouse\/"},"wordCount":899,"publisher":{"@id":"https:\/\/www.festivox.fr\/blog\/#organization"},"image":{"@id":"https:\/\/www.festivox.fr\/blog\/le-taquin-perpetue-lesprit-jazz-du-mandala-a-toulouse\/#primaryimage"},"thumbnailUrl":"https:\/\/www.festivox.fr\/blog\/wp-content\/uploads\/2024\/02\/le-taquin-perpetue-lesprit-jazz-du-mandala-a-toulouse.jpg","articleSection":["Wiki Sur Festival Jazz Et Musique En Mode Guinguette:"],"inLanguage":"fr-FR"},{"@type":"WebPage","@id":"https:\/\/www.festivox.fr\/blog\/le-taquin-perpetue-lesprit-jazz-du-mandala-a-toulouse\/","url":"https:\/\/www.festivox.fr\/blog\/le-taquin-perpetue-lesprit-jazz-du-mandala-a-toulouse\/","name":"Le Taquin perp\u00e9tue l'esprit jazz du Mandala \u00e0 Toulouse - FESTIVOX","isPartOf":{"@id":"https:\/\/www.festivox.fr\/blog\/#website"},"primaryImageOfPage":{"@id":"https:\/\/www.festivox.fr\/blog\/le-taquin-perpetue-lesprit-jazz-du-mandala-a-toulouse\/#primaryimage"},"image":{"@id":"https:\/\/www.festivox.fr\/blog\/le-taquin-perpetue-lesprit-jazz-du-mandala-a-toulouse\/#primaryimage"},"thumbnailUrl":"https:\/\/www.festivox.fr\/blog\/wp-content\/uploads\/2024\/02\/le-taquin-perpetue-lesprit-jazz-du-mandala-a-toulouse.jpg","datePublished":"2024-02-08T07:10:00+00:00","breadcrumb":{"@id":"https:\/\/www.festivox.fr\/blog\/le-taquin-perpetue-lesprit-jazz-du-mandala-a-toulouse\/#breadcrumb"},"inLanguage":"fr-FR","potentialAction":[{"@type":"ReadAction","target":["https:\/\/www.festivox.fr\/blog\/le-taquin-perpetue-lesprit-jazz-du-mandala-a-toulouse\/"]}]},{"@type":"ImageObject","inLanguage":"fr-FR","@id":"https:\/\/www.festivox.fr\/blog\/le-taquin-perpetue-lesprit-jazz-du-mandala-a-toulouse\/#primaryimage","url":"https:\/\/www.festivox.fr\/blog\/wp-content\/uploads\/2024\/02\/le-taquin-perpetue-lesprit-jazz-du-mandala-a-toulouse.jpg","contentUrl":"https:\/\/www.festivox.fr\/blog\/wp-content\/uploads\/2024\/02\/le-taquin-perpetue-lesprit-jazz-du-mandala-a-toulouse.jpg","width":885,"height":500},{"@type":"BreadcrumbList","@id":"https:\/\/www.festivox.fr\/blog\/le-taquin-perpetue-lesprit-jazz-du-mandala-a-toulouse\/#breadcrumb","itemListElement":[{"@type":"ListItem","position":1,"name":"Accueil","item":"https:\/\/www.festivox.fr\/blog\/"},{"@type":"ListItem","position":2,"name":"Le Taquin perp\u00e9tue l&rsquo;esprit jazz du Mandala \u00e0 Toulouse"}]},{"@type":"WebSite","@id":"https:\/\/www.festivox.fr\/blog\/#website","url":"https:\/\/www.festivox.fr\/blog\/","name":"FESTIVOX","description":"Festival en mode guinguette.","publisher":{"@id":"https:\/\/www.festivox.fr\/blog\/#organization"},"potentialAction":[{"@type":"SearchAction","target":{"@type":"EntryPoint","urlTemplate":"https:\/\/www.festivox.fr\/blog\/?s={search_term_string}"},"query-input":{"@type":"PropertyValueSpecification","valueRequired":true,"valueName":"search_term_string"}}],"inLanguage":"fr-FR"},{"@type":"Organization","@id":"https:\/\/www.festivox.fr\/blog\/#organization","name":"festivox","url":"https:\/\/www.festivox.fr\/blog\/","logo":{"@type":"ImageObject","inLanguage":"fr-FR","@id":"https:\/\/www.festivox.fr\/blog\/#\/schema\/logo\/image\/","url":"https:\/\/www.festivox.fr\/blog\/wp-content\/uploads\/2023\/06\/logo-2.png","contentUrl":"https:\/\/www.festivox.fr\/blog\/wp-content\/uploads\/2023\/06\/logo-2.png","width":480,"height":160,"caption":"festivox"},"image":{"@id":"https:\/\/www.festivox.fr\/blog\/#\/schema\/logo\/image\/"}},{"@type":"Person","@id":"https:\/\/www.festivox.fr\/blog\/#\/schema\/person\/f36a8b6bc94800c3eafed4bca993ce95","name":"Michele","image":{"@type":"ImageObject","inLanguage":"fr-FR","@id":"https:\/\/secure.gravatar.com\/avatar\/b062046536b5d47ec9075956ec349ef95ed06b0f910c578f74abb318668b702e?s=96&d=mm&r=g","url":"https:\/\/secure.gravatar.com\/avatar\/b062046536b5d47ec9075956ec349ef95ed06b0f910c578f74abb318668b702e?s=96&d=mm&r=g","contentUrl":"https:\/\/secure.gravatar.com\/avatar\/b062046536b5d47ec9075956ec349ef95ed06b0f910c578f74abb318668b702e?s=96&d=mm&r=g","caption":"Michele"},"sameAs":["https:\/\/www.festivox.fr\/blog"],"url":"https:\/\/www.festivox.fr\/blog\/author\/voxadmin\/"}]}},"_links":{"self":[{"href":"https:\/\/www.festivox.fr\/blog\/wp-json\/wp\/v2\/posts\/676","targetHints":{"allow":["GET"]}}],"collection":[{"href":"https:\/\/www.festivox.fr\/blog\/wp-json\/wp\/v2\/posts"}],"about":[{"href":"https:\/\/www.festivox.fr\/blog\/wp-json\/wp\/v2\/types\/post"}],"author":[{"embeddable":true,"href":"https:\/\/www.festivox.fr\/blog\/wp-json\/wp\/v2\/users\/1"}],"replies":[{"embeddable":true,"href":"https:\/\/www.festivox.fr\/blog\/wp-json\/wp\/v2\/comments?post=676"}],"version-history":[{"count":0,"href":"https:\/\/www.festivox.fr\/blog\/wp-json\/wp\/v2\/posts\/676\/revisions"}],"wp:featuredmedia":[{"embeddable":true,"href":"https:\/\/www.festivox.fr\/blog\/wp-json\/wp\/v2\/media\/677"}],"wp:attachment":[{"href":"https:\/\/www.festivox.fr\/blog\/wp-json\/wp\/v2\/media?parent=676"}],"wp:term":[{"taxonomy":"category","embeddable":true,"href":"https:\/\/www.festivox.fr\/blog\/wp-json\/wp\/v2\/categories?post=676"},{"taxonomy":"post_tag","embeddable":true,"href":"https:\/\/www.festivox.fr\/blog\/wp-json\/wp\/v2\/tags?post=676"}],"curies":[{"name":"wp","href":"https:\/\/api.w.org\/{rel}","templated":true}]}}