{"id":666,"date":"2024-02-09T17:42:00","date_gmt":"2024-02-09T16:42:00","guid":{"rendered":"https:\/\/www.festivox.fr\/blog\/consac-un-concert-donne-au-profit-de-la-renovation-de-leglise\/"},"modified":"2024-02-09T17:42:00","modified_gmt":"2024-02-09T16:42:00","slug":"consac-un-concert-donne-au-profit-de-la-renovation-de-leglise","status":"publish","type":"post","link":"https:\/\/www.festivox.fr\/blog\/consac-un-concert-donne-au-profit-de-la-renovation-de-leglise\/","title":{"rendered":"Consac : un concert donn\u00e9 au profit de la r\u00e9novation de l\u2019\u00e9glise"},"content":{"rendered":"\n<div><img decoding=\"async\" src=\"https:\/\/www.festivox.fr\/blog\/wp-content\/uploads\/2024\/02\/consac-un-concert-donne-au-profit-de-la-renovation-de-leglise.jpg\" class=\"ff-og-image-inserted\"><\/div>\n<div>\n<p>La municipalit\u00e9 avait invit\u00e9 l\u2019harmonie cantonale, vendredi 9&nbsp;f\u00e9vrier, afin que la salle des f\u00eates soit pleine de musiciens et de spectateurs pour un concert gratuit mais avec une urne \u00e0 la disposition&#8230;<\/p>\n<\/div>\n<div>\n<p>La municipalit\u00e9 avait invit\u00e9 l\u2019harmonie cantonale, vendredi 9&nbsp;f\u00e9vrier, afin que la salle des f\u00eates soit pleine de musiciens et de spectateurs pour un concert gratuit mais avec une urne \u00e0 la disposition des b\u00e9n\u00e9voles qui versaient leur obole destin\u00e9e \u00e0 la deuxi\u00e8me tranche de r\u00e9paration de l\u2019\u00e9glise, dont les travaux ont d\u00e9but\u00e9 il y a quelques jours avec un gros retard.<\/p>\n<p>Marie-H\u00e9l\u00e8ne Vallier, maire, absente pour raison de sant\u00e9, les adjoints absents \u00e9galement pour raisons personnelles, la pr\u00e9sentation a \u00e9t\u00e9 assur\u00e9e par Marie-Christine Car\u00e8me et Fran\u00e7oise Licop, conseill\u00e8res municipales, qui ont rappel\u00e9 la n\u00e9cessit\u00e9 de laisser son obole pour une juste cause. Nad\u00e8ge Chaillou, la pr\u00e9sidente de l\u2019Harmonie cantonale, ainsi que les organisateurs de ce concert, ont eu l\u2019agr\u00e9able surprise de compter Claude R\u00e9volte dans le public&nbsp;; le pr\u00e9sident, depuis vingt-cinq ans, des Eurochestries avait tenu \u00e0 marquer par sa pr\u00e9sence l\u2019importance qu\u2019il porte \u00e0 l\u2019Harmonie cantonale qui a multipli\u00e9 par quatre le nombre de ses musiciens, depuis cinq ans.<\/p>\n<p>La premi\u00e8re partie de ce concert a \u00e9t\u00e9 r\u00e9serv\u00e9e \u00e0 l\u2019atelier de \u00ab&nbsp;sax&nbsp;\u00bb avec 12 saxophonistes issus de diff\u00e9rentes formations musicales de Haute Saintonge. Avec des instruments aussi diff\u00e9rents que les sopranos, les altos ou les barytons, ils ont interpr\u00e9t\u00e9, sous la baguette de Giordano Muto, quelques morceaux connus comme \u00ab&nbsp;Petite fleure&nbsp;\u00bb, \u00ab&nbsp;Sud Am\u00e9rica&nbsp;\u00bb et \u00ab&nbsp;Le jazz et la java&nbsp;\u00bb. Puis ce fut autour de tous les \u00e9l\u00e9ments de l\u2019Harmonie cantonale, de se mettre en place pour le concert. Le chef Giordano, avec son humour transalpin habituel, a chauff\u00e9 la salle afin que tous les spectateurs se sentent envelopp\u00e9s par les notes de musique des morceaux vari\u00e9s d\u2019une musique accessible \u00e0 et pour tous.<\/p>\n<p>Pendant l\u2019entracte, une majorit\u00e9 de personnes s\u2019est ru\u00e9e sur la buvette pour se d\u00e9salt\u00e9rer et d\u00e9guster une p\u00e2tisserie confectionn\u00e9e par les b\u00e9n\u00e9voles de tous bords&nbsp;; bien s\u00fbr, tous les b\u00e9n\u00e9fices de cette buvette ont rejoint l\u2019urne des dons.<\/p>\n<\/div>\n<p> Cet article, qui traite du th\u00e8me \u00ab\u00a0Festival Jazz et musique en mode guinguette\u00a0\u00bb, vous est d\u00e9lib\u00e9r\u00e9ment offert par festivox.fr. La raison d\u2019\u00eatre de festivox.fr est de parler de Festival Jazz et musique en mode guinguette dans la transparence la plus g\u00e9n\u00e9rale en vous procurant la visibilit\u00e9 de tout ce qui est publi\u00e9 sur ce sujet sur le web La chronique a \u00e9t\u00e9 g\u00e9n\u00e9r\u00e9e de la mani\u00e8re la plus honn\u00eate que possible. S\u2019il advenait que vous projetez d\u2019apporter quelques notes concernant le domaine de \u00ab\u00a0Festival Jazz et musique en mode guinguette\u00a0\u00bb vous avez la possibilit\u00e9 de d&rsquo;\u00e9changer avec notre r\u00e9daction. Dans peu de temps, on mettra en ligne d&rsquo;autres informations pertinentes autour du sujet \u00ab\u00a0Festival Jazz et musique en mode guinguette\u00a0\u00bb. Ainsi, consultez r\u00e9guli\u00e8rement notre site.<\/p>\n","protected":false},"excerpt":{"rendered":"<p>La municipalit\u00e9 avait invit\u00e9 l\u2019harmonie cantonale, vendredi 9&nbsp;f\u00e9vrier, afin que la salle des f\u00eates soit pleine de musiciens et de spectateurs pour un concert gratuit mais avec une urne \u00e0 la disposition&#8230; La municipalit\u00e9 avait invit\u00e9 l\u2019harmonie cantonale, vendredi 9&nbsp;f\u00e9vrier, afin que la salle des f\u00eates soit pleine de musiciens et de spectateurs pour un&hellip;<\/p>\n","protected":false},"author":1,"featured_media":667,"comment_status":"closed","ping_status":"closed","sticky":false,"template":"","format":"standard","meta":{"footnotes":""},"categories":[3],"tags":[],"class_list":["post-666","post","type-post","status-publish","format-standard","has-post-thumbnail","hentry","category-wiki-sur-festival-jazz-et-musique-en-mode-guinguette"],"yoast_head":"<!-- This site is optimized with the Yoast SEO plugin v27.5 - https:\/\/yoast.com\/product\/yoast-seo-wordpress\/ -->\n<title>Consac : un concert donn\u00e9 au profit de la r\u00e9novation de l\u2019\u00e9glise - FESTIVOX<\/title>\n<meta name=\"robots\" content=\"index, follow, max-snippet:-1, max-image-preview:large, max-video-preview:-1\" \/>\n<link rel=\"canonical\" href=\"https:\/\/www.festivox.fr\/blog\/consac-un-concert-donne-au-profit-de-la-renovation-de-leglise\/\" \/>\n<meta property=\"og:locale\" content=\"fr_FR\" \/>\n<meta property=\"og:type\" content=\"article\" \/>\n<meta property=\"og:title\" content=\"Consac : un concert donn\u00e9 au profit de la r\u00e9novation de l\u2019\u00e9glise - FESTIVOX\" \/>\n<meta property=\"og:description\" content=\"La municipalit\u00e9 avait invit\u00e9 l\u2019harmonie cantonale, vendredi 9&nbsp;f\u00e9vrier, afin que la salle des f\u00eates soit pleine de musiciens et de spectateurs pour un concert gratuit mais avec une urne \u00e0 la disposition&#8230; La municipalit\u00e9 avait invit\u00e9 l\u2019harmonie cantonale, vendredi 9&nbsp;f\u00e9vrier, afin que la salle des f\u00eates soit pleine de musiciens et de spectateurs pour un&hellip;\" \/>\n<meta property=\"og:url\" content=\"https:\/\/www.festivox.fr\/blog\/consac-un-concert-donne-au-profit-de-la-renovation-de-leglise\/\" \/>\n<meta property=\"og:site_name\" content=\"FESTIVOX\" \/>\n<meta property=\"article:published_time\" content=\"2024-02-09T16:42:00+00:00\" \/>\n<meta property=\"og:image\" content=\"https:\/\/www.festivox.fr\/blog\/wp-content\/uploads\/2024\/02\/consac-un-concert-donne-au-profit-de-la-renovation-de-leglise.jpg\" \/>\n<meta name=\"author\" content=\"Michele\" \/>\n<meta name=\"twitter:card\" content=\"summary_large_image\" \/>\n<meta name=\"twitter:label1\" content=\"\u00c9crit par\" \/>\n\t<meta name=\"twitter:data1\" content=\"Michele\" \/>\n\t<meta name=\"twitter:label2\" content=\"Dur\u00e9e de lecture estim\u00e9e\" \/>\n\t<meta name=\"twitter:data2\" content=\"3 minutes\" \/>\n<script type=\"application\/ld+json\" class=\"yoast-schema-graph\">{\"@context\":\"https:\\\/\\\/schema.org\",\"@graph\":[{\"@type\":\"Article\",\"@id\":\"https:\\\/\\\/www.festivox.fr\\\/blog\\\/consac-un-concert-donne-au-profit-de-la-renovation-de-leglise\\\/#article\",\"isPartOf\":{\"@id\":\"https:\\\/\\\/www.festivox.fr\\\/blog\\\/consac-un-concert-donne-au-profit-de-la-renovation-de-leglise\\\/\"},\"author\":{\"name\":\"Michele\",\"@id\":\"https:\\\/\\\/www.festivox.fr\\\/blog\\\/#\\\/schema\\\/person\\\/f36a8b6bc94800c3eafed4bca993ce95\"},\"headline\":\"Consac : un concert donn\u00e9 au profit de la r\u00e9novation de l\u2019\u00e9glise\",\"datePublished\":\"2024-02-09T16:42:00+00:00\",\"mainEntityOfPage\":{\"@id\":\"https:\\\/\\\/www.festivox.fr\\\/blog\\\/consac-un-concert-donne-au-profit-de-la-renovation-de-leglise\\\/\"},\"wordCount\":565,\"publisher\":{\"@id\":\"https:\\\/\\\/www.festivox.fr\\\/blog\\\/#organization\"},\"image\":{\"@id\":\"https:\\\/\\\/www.festivox.fr\\\/blog\\\/consac-un-concert-donne-au-profit-de-la-renovation-de-leglise\\\/#primaryimage\"},\"thumbnailUrl\":\"https:\\\/\\\/www.festivox.fr\\\/blog\\\/wp-content\\\/uploads\\\/2024\\\/02\\\/consac-un-concert-donne-au-profit-de-la-renovation-de-leglise.jpg\",\"articleSection\":[\"Wiki Sur Festival Jazz Et Musique En Mode Guinguette:\"],\"inLanguage\":\"fr-FR\"},{\"@type\":\"WebPage\",\"@id\":\"https:\\\/\\\/www.festivox.fr\\\/blog\\\/consac-un-concert-donne-au-profit-de-la-renovation-de-leglise\\\/\",\"url\":\"https:\\\/\\\/www.festivox.fr\\\/blog\\\/consac-un-concert-donne-au-profit-de-la-renovation-de-leglise\\\/\",\"name\":\"Consac : un concert donn\u00e9 au profit de la r\u00e9novation de l\u2019\u00e9glise - FESTIVOX\",\"isPartOf\":{\"@id\":\"https:\\\/\\\/www.festivox.fr\\\/blog\\\/#website\"},\"primaryImageOfPage\":{\"@id\":\"https:\\\/\\\/www.festivox.fr\\\/blog\\\/consac-un-concert-donne-au-profit-de-la-renovation-de-leglise\\\/#primaryimage\"},\"image\":{\"@id\":\"https:\\\/\\\/www.festivox.fr\\\/blog\\\/consac-un-concert-donne-au-profit-de-la-renovation-de-leglise\\\/#primaryimage\"},\"thumbnailUrl\":\"https:\\\/\\\/www.festivox.fr\\\/blog\\\/wp-content\\\/uploads\\\/2024\\\/02\\\/consac-un-concert-donne-au-profit-de-la-renovation-de-leglise.jpg\",\"datePublished\":\"2024-02-09T16:42:00+00:00\",\"breadcrumb\":{\"@id\":\"https:\\\/\\\/www.festivox.fr\\\/blog\\\/consac-un-concert-donne-au-profit-de-la-renovation-de-leglise\\\/#breadcrumb\"},\"inLanguage\":\"fr-FR\",\"potentialAction\":[{\"@type\":\"ReadAction\",\"target\":[\"https:\\\/\\\/www.festivox.fr\\\/blog\\\/consac-un-concert-donne-au-profit-de-la-renovation-de-leglise\\\/\"]}]},{\"@type\":\"ImageObject\",\"inLanguage\":\"fr-FR\",\"@id\":\"https:\\\/\\\/www.festivox.fr\\\/blog\\\/consac-un-concert-donne-au-profit-de-la-renovation-de-leglise\\\/#primaryimage\",\"url\":\"https:\\\/\\\/www.festivox.fr\\\/blog\\\/wp-content\\\/uploads\\\/2024\\\/02\\\/consac-un-concert-donne-au-profit-de-la-renovation-de-leglise.jpg\",\"contentUrl\":\"https:\\\/\\\/www.festivox.fr\\\/blog\\\/wp-content\\\/uploads\\\/2024\\\/02\\\/consac-un-concert-donne-au-profit-de-la-renovation-de-leglise.jpg\",\"width\":1200,\"height\":611},{\"@type\":\"BreadcrumbList\",\"@id\":\"https:\\\/\\\/www.festivox.fr\\\/blog\\\/consac-un-concert-donne-au-profit-de-la-renovation-de-leglise\\\/#breadcrumb\",\"itemListElement\":[{\"@type\":\"ListItem\",\"position\":1,\"name\":\"Accueil\",\"item\":\"https:\\\/\\\/www.festivox.fr\\\/blog\\\/\"},{\"@type\":\"ListItem\",\"position\":2,\"name\":\"Consac : un concert donn\u00e9 au profit de la r\u00e9novation de l\u2019\u00e9glise\"}]},{\"@type\":\"WebSite\",\"@id\":\"https:\\\/\\\/www.festivox.fr\\\/blog\\\/#website\",\"url\":\"https:\\\/\\\/www.festivox.fr\\\/blog\\\/\",\"name\":\"FESTIVOX\",\"description\":\"Festival en mode guinguette.\",\"publisher\":{\"@id\":\"https:\\\/\\\/www.festivox.fr\\\/blog\\\/#organization\"},\"potentialAction\":[{\"@type\":\"SearchAction\",\"target\":{\"@type\":\"EntryPoint\",\"urlTemplate\":\"https:\\\/\\\/www.festivox.fr\\\/blog\\\/?s={search_term_string}\"},\"query-input\":{\"@type\":\"PropertyValueSpecification\",\"valueRequired\":true,\"valueName\":\"search_term_string\"}}],\"inLanguage\":\"fr-FR\"},{\"@type\":\"Organization\",\"@id\":\"https:\\\/\\\/www.festivox.fr\\\/blog\\\/#organization\",\"name\":\"festivox\",\"url\":\"https:\\\/\\\/www.festivox.fr\\\/blog\\\/\",\"logo\":{\"@type\":\"ImageObject\",\"inLanguage\":\"fr-FR\",\"@id\":\"https:\\\/\\\/www.festivox.fr\\\/blog\\\/#\\\/schema\\\/logo\\\/image\\\/\",\"url\":\"https:\\\/\\\/www.festivox.fr\\\/blog\\\/wp-content\\\/uploads\\\/2023\\\/06\\\/logo-2.png\",\"contentUrl\":\"https:\\\/\\\/www.festivox.fr\\\/blog\\\/wp-content\\\/uploads\\\/2023\\\/06\\\/logo-2.png\",\"width\":480,\"height\":160,\"caption\":\"festivox\"},\"image\":{\"@id\":\"https:\\\/\\\/www.festivox.fr\\\/blog\\\/#\\\/schema\\\/logo\\\/image\\\/\"}},{\"@type\":\"Person\",\"@id\":\"https:\\\/\\\/www.festivox.fr\\\/blog\\\/#\\\/schema\\\/person\\\/f36a8b6bc94800c3eafed4bca993ce95\",\"name\":\"Michele\",\"image\":{\"@type\":\"ImageObject\",\"inLanguage\":\"fr-FR\",\"@id\":\"https:\\\/\\\/secure.gravatar.com\\\/avatar\\\/b062046536b5d47ec9075956ec349ef95ed06b0f910c578f74abb318668b702e?s=96&d=mm&r=g\",\"url\":\"https:\\\/\\\/secure.gravatar.com\\\/avatar\\\/b062046536b5d47ec9075956ec349ef95ed06b0f910c578f74abb318668b702e?s=96&d=mm&r=g\",\"contentUrl\":\"https:\\\/\\\/secure.gravatar.com\\\/avatar\\\/b062046536b5d47ec9075956ec349ef95ed06b0f910c578f74abb318668b702e?s=96&d=mm&r=g\",\"caption\":\"Michele\"},\"sameAs\":[\"https:\\\/\\\/www.festivox.fr\\\/blog\"],\"url\":\"https:\\\/\\\/www.festivox.fr\\\/blog\\\/author\\\/voxadmin\\\/\"}]}<\/script>\n<!-- \/ Yoast SEO plugin. -->","yoast_head_json":{"title":"Consac : un concert donn\u00e9 au profit de la r\u00e9novation de l\u2019\u00e9glise - FESTIVOX","robots":{"index":"index","follow":"follow","max-snippet":"max-snippet:-1","max-image-preview":"max-image-preview:large","max-video-preview":"max-video-preview:-1"},"canonical":"https:\/\/www.festivox.fr\/blog\/consac-un-concert-donne-au-profit-de-la-renovation-de-leglise\/","og_locale":"fr_FR","og_type":"article","og_title":"Consac : un concert donn\u00e9 au profit de la r\u00e9novation de l\u2019\u00e9glise - FESTIVOX","og_description":"La municipalit\u00e9 avait invit\u00e9 l\u2019harmonie cantonale, vendredi 9&nbsp;f\u00e9vrier, afin que la salle des f\u00eates soit pleine de musiciens et de spectateurs pour un concert gratuit mais avec une urne \u00e0 la disposition&#8230; La municipalit\u00e9 avait invit\u00e9 l\u2019harmonie cantonale, vendredi 9&nbsp;f\u00e9vrier, afin que la salle des f\u00eates soit pleine de musiciens et de spectateurs pour un&hellip;","og_url":"https:\/\/www.festivox.fr\/blog\/consac-un-concert-donne-au-profit-de-la-renovation-de-leglise\/","og_site_name":"FESTIVOX","article_published_time":"2024-02-09T16:42:00+00:00","og_image":[{"url":"https:\/\/www.festivox.fr\/blog\/wp-content\/uploads\/2024\/02\/consac-un-concert-donne-au-profit-de-la-renovation-de-leglise.jpg","type":"","width":"","height":""}],"author":"Michele","twitter_card":"summary_large_image","twitter_misc":{"\u00c9crit par":"Michele","Dur\u00e9e de lecture estim\u00e9e":"3 minutes"},"schema":{"@context":"https:\/\/schema.org","@graph":[{"@type":"Article","@id":"https:\/\/www.festivox.fr\/blog\/consac-un-concert-donne-au-profit-de-la-renovation-de-leglise\/#article","isPartOf":{"@id":"https:\/\/www.festivox.fr\/blog\/consac-un-concert-donne-au-profit-de-la-renovation-de-leglise\/"},"author":{"name":"Michele","@id":"https:\/\/www.festivox.fr\/blog\/#\/schema\/person\/f36a8b6bc94800c3eafed4bca993ce95"},"headline":"Consac : un concert donn\u00e9 au profit de la r\u00e9novation de l\u2019\u00e9glise","datePublished":"2024-02-09T16:42:00+00:00","mainEntityOfPage":{"@id":"https:\/\/www.festivox.fr\/blog\/consac-un-concert-donne-au-profit-de-la-renovation-de-leglise\/"},"wordCount":565,"publisher":{"@id":"https:\/\/www.festivox.fr\/blog\/#organization"},"image":{"@id":"https:\/\/www.festivox.fr\/blog\/consac-un-concert-donne-au-profit-de-la-renovation-de-leglise\/#primaryimage"},"thumbnailUrl":"https:\/\/www.festivox.fr\/blog\/wp-content\/uploads\/2024\/02\/consac-un-concert-donne-au-profit-de-la-renovation-de-leglise.jpg","articleSection":["Wiki Sur Festival Jazz Et Musique En Mode Guinguette:"],"inLanguage":"fr-FR"},{"@type":"WebPage","@id":"https:\/\/www.festivox.fr\/blog\/consac-un-concert-donne-au-profit-de-la-renovation-de-leglise\/","url":"https:\/\/www.festivox.fr\/blog\/consac-un-concert-donne-au-profit-de-la-renovation-de-leglise\/","name":"Consac : un concert donn\u00e9 au profit de la r\u00e9novation de l\u2019\u00e9glise - FESTIVOX","isPartOf":{"@id":"https:\/\/www.festivox.fr\/blog\/#website"},"primaryImageOfPage":{"@id":"https:\/\/www.festivox.fr\/blog\/consac-un-concert-donne-au-profit-de-la-renovation-de-leglise\/#primaryimage"},"image":{"@id":"https:\/\/www.festivox.fr\/blog\/consac-un-concert-donne-au-profit-de-la-renovation-de-leglise\/#primaryimage"},"thumbnailUrl":"https:\/\/www.festivox.fr\/blog\/wp-content\/uploads\/2024\/02\/consac-un-concert-donne-au-profit-de-la-renovation-de-leglise.jpg","datePublished":"2024-02-09T16:42:00+00:00","breadcrumb":{"@id":"https:\/\/www.festivox.fr\/blog\/consac-un-concert-donne-au-profit-de-la-renovation-de-leglise\/#breadcrumb"},"inLanguage":"fr-FR","potentialAction":[{"@type":"ReadAction","target":["https:\/\/www.festivox.fr\/blog\/consac-un-concert-donne-au-profit-de-la-renovation-de-leglise\/"]}]},{"@type":"ImageObject","inLanguage":"fr-FR","@id":"https:\/\/www.festivox.fr\/blog\/consac-un-concert-donne-au-profit-de-la-renovation-de-leglise\/#primaryimage","url":"https:\/\/www.festivox.fr\/blog\/wp-content\/uploads\/2024\/02\/consac-un-concert-donne-au-profit-de-la-renovation-de-leglise.jpg","contentUrl":"https:\/\/www.festivox.fr\/blog\/wp-content\/uploads\/2024\/02\/consac-un-concert-donne-au-profit-de-la-renovation-de-leglise.jpg","width":1200,"height":611},{"@type":"BreadcrumbList","@id":"https:\/\/www.festivox.fr\/blog\/consac-un-concert-donne-au-profit-de-la-renovation-de-leglise\/#breadcrumb","itemListElement":[{"@type":"ListItem","position":1,"name":"Accueil","item":"https:\/\/www.festivox.fr\/blog\/"},{"@type":"ListItem","position":2,"name":"Consac : un concert donn\u00e9 au profit de la r\u00e9novation de l\u2019\u00e9glise"}]},{"@type":"WebSite","@id":"https:\/\/www.festivox.fr\/blog\/#website","url":"https:\/\/www.festivox.fr\/blog\/","name":"FESTIVOX","description":"Festival en mode guinguette.","publisher":{"@id":"https:\/\/www.festivox.fr\/blog\/#organization"},"potentialAction":[{"@type":"SearchAction","target":{"@type":"EntryPoint","urlTemplate":"https:\/\/www.festivox.fr\/blog\/?s={search_term_string}"},"query-input":{"@type":"PropertyValueSpecification","valueRequired":true,"valueName":"search_term_string"}}],"inLanguage":"fr-FR"},{"@type":"Organization","@id":"https:\/\/www.festivox.fr\/blog\/#organization","name":"festivox","url":"https:\/\/www.festivox.fr\/blog\/","logo":{"@type":"ImageObject","inLanguage":"fr-FR","@id":"https:\/\/www.festivox.fr\/blog\/#\/schema\/logo\/image\/","url":"https:\/\/www.festivox.fr\/blog\/wp-content\/uploads\/2023\/06\/logo-2.png","contentUrl":"https:\/\/www.festivox.fr\/blog\/wp-content\/uploads\/2023\/06\/logo-2.png","width":480,"height":160,"caption":"festivox"},"image":{"@id":"https:\/\/www.festivox.fr\/blog\/#\/schema\/logo\/image\/"}},{"@type":"Person","@id":"https:\/\/www.festivox.fr\/blog\/#\/schema\/person\/f36a8b6bc94800c3eafed4bca993ce95","name":"Michele","image":{"@type":"ImageObject","inLanguage":"fr-FR","@id":"https:\/\/secure.gravatar.com\/avatar\/b062046536b5d47ec9075956ec349ef95ed06b0f910c578f74abb318668b702e?s=96&d=mm&r=g","url":"https:\/\/secure.gravatar.com\/avatar\/b062046536b5d47ec9075956ec349ef95ed06b0f910c578f74abb318668b702e?s=96&d=mm&r=g","contentUrl":"https:\/\/secure.gravatar.com\/avatar\/b062046536b5d47ec9075956ec349ef95ed06b0f910c578f74abb318668b702e?s=96&d=mm&r=g","caption":"Michele"},"sameAs":["https:\/\/www.festivox.fr\/blog"],"url":"https:\/\/www.festivox.fr\/blog\/author\/voxadmin\/"}]}},"_links":{"self":[{"href":"https:\/\/www.festivox.fr\/blog\/wp-json\/wp\/v2\/posts\/666","targetHints":{"allow":["GET"]}}],"collection":[{"href":"https:\/\/www.festivox.fr\/blog\/wp-json\/wp\/v2\/posts"}],"about":[{"href":"https:\/\/www.festivox.fr\/blog\/wp-json\/wp\/v2\/types\/post"}],"author":[{"embeddable":true,"href":"https:\/\/www.festivox.fr\/blog\/wp-json\/wp\/v2\/users\/1"}],"replies":[{"embeddable":true,"href":"https:\/\/www.festivox.fr\/blog\/wp-json\/wp\/v2\/comments?post=666"}],"version-history":[{"count":0,"href":"https:\/\/www.festivox.fr\/blog\/wp-json\/wp\/v2\/posts\/666\/revisions"}],"wp:featuredmedia":[{"embeddable":true,"href":"https:\/\/www.festivox.fr\/blog\/wp-json\/wp\/v2\/media\/667"}],"wp:attachment":[{"href":"https:\/\/www.festivox.fr\/blog\/wp-json\/wp\/v2\/media?parent=666"}],"wp:term":[{"taxonomy":"category","embeddable":true,"href":"https:\/\/www.festivox.fr\/blog\/wp-json\/wp\/v2\/categories?post=666"},{"taxonomy":"post_tag","embeddable":true,"href":"https:\/\/www.festivox.fr\/blog\/wp-json\/wp\/v2\/tags?post=666"}],"curies":[{"name":"wp","href":"https:\/\/api.w.org\/{rel}","templated":true}]}}