{"id":659,"date":"2024-02-09T18:00:00","date_gmt":"2024-02-09T17:00:00","guid":{"rendered":"https:\/\/www.festivox.fr\/blog\/musique-quartier-latin-un-nouveau-club-de-jazz-cree-par-le-fondateur-de-jazz-a-vienne-a-saint-romain-en-gal\/"},"modified":"2024-02-09T18:00:00","modified_gmt":"2024-02-09T17:00:00","slug":"musique-quartier-latin-un-nouveau-club-de-jazz-cree-par-le-fondateur-de-jazz-a-vienne-a-saint-romain-en-gal","status":"publish","type":"post","link":"https:\/\/www.festivox.fr\/blog\/musique-quartier-latin-un-nouveau-club-de-jazz-cree-par-le-fondateur-de-jazz-a-vienne-a-saint-romain-en-gal\/","title":{"rendered":"MUSIQUE. Quartier Latin, un nouveau club de jazz cr\u00e9\u00e9 par le fondateur de \u00ab\u00a0Jazz \u00e0 Vienne\u00a0\u00bb \u00e0 Saint- Romain-en-Gal"},"content":{"rendered":"\n<p class=\"article__intro\">Jean-Paul Boutellier, fondateur du festival Jazz \u00e0 Vienne vient de lancer avec son \u00e9quipe de passionn\u00e9s le club de jazz \u201cQuartier Latin\u201d dans l\u2019ancien restaurant du Mus\u00e9e Gallo-Romain de Saint- Romain-en-Gal.<\/p>\n<div id=\"optin-newsletter-main-encartsite-f3regions-article-haut\" class=\"optin-newsletter-main is--blue is--md has--margin \">\n<p> La Quotidienne des R\u00e9gions <\/p>\n<p> Tous les jours \u00e0 13h, notre r\u00e9daction vous r\u00e9serve le meilleur de l&rsquo;info r\u00e9gionale. Une s\u00e9lection rien que pour vous, pour rester en lien avec vos r\u00e9gions. <\/p>\n<div class=\"optin-newsletter-main__i\">France T\u00e9l\u00e9visions utilise votre adresse e-mail afin de vous envoyer la newsletter \u00ab\u00a0La Quotidienne des R\u00e9gions\u00a0\u00bb. Vous pouvez vous d\u00e9sinscrire \u00e0 tout moment via le lien en bas de cette newsletter. <a target=\"_blank\" href=\"https:\/\/www.francetelevisions.fr\/groupe\/confidentialite\/politique-de-confidentialite\/politique-de-confidentialite-de-france-televisions-6503\" rel=\"noopener nofollow\">Notre politique de confidentialit\u00e9<\/a><\/div>\n<\/p><\/div>\n<p>Il en r\u00eavait, il l\u2019a fait. Jean-Paul Boutellier reprend le chemin qui l\u2019avait conduit en 1981 \u00e0 cr\u00e9er le festival Jazz \u00e0 Vienne. Celui d\u2019une simple association de passionn\u00e9s qui propose toutes les deux semaines un concert en petit comit\u00e9, une proximit\u00e9 imm\u00e9diate pour les musiciens et le public. Avec des tarifs tr\u00e8s abordables, entre 10 et 30 euros. Un retour aux sources prometteur.<\/p>\n<h2>\u201cQuartier Latin\u201d, c\u2019est un peu l\u2019esprit de jazz \u00e0 Vienne des d\u00e9buts ?<span class=\"mce-nbsp-wrap\">&nbsp;<\/span><\/h2>\n<p>Depuis un an et demi, voire deux ans, on organisait des concerts priv\u00e9s chez les uns, chez les autres. C\u2019est toujours r\u00e9jouissant ces petits comit\u00e9s, mais le jazz c\u2019est une musique qui se partage. Il fallait donner un caract\u00e8re plus officiel. On a alors cr\u00e9\u00e9 l\u2019association \u201cJazz Club du Rh\u00f4ne\u201d et fond\u00e9 le Club \u201cQuartier Latin\u201d. Or, dans les ann\u00e9es 60 on a d\u00e9marr\u00e9 comme \u00e7a, \u00e0 Lyon. <strong><\/strong><\/p>\n<p><strong>Partout dans le monde le jazz est n\u00e9 dans les clubs, la transmission se fait ainsi, les amateurs rencontrent les pros, c\u2019est fondamental d\u2019\u00e9changer dans cette musique, d\u2019improviser, c\u2019est la base m\u00eame du jazz.<\/strong><\/p>\n<p>Je ne veux pas faire de pol\u00e9mique. Je constate juste, par exemple, que Jazz \u00e0 Vienne a supprim\u00e9 le \u201cJazz Mix\u201d qui permettait justement chaque nuit, apr\u00e8s les concerts, ce partage en plus petit comit\u00e9. Aujourd\u2019hui les gros festivals sont g\u00e9r\u00e9s par des agents qui n\u2019ont pas forc\u00e9ment cet esprit. Et, encore une fois, cette musique-l\u00e0 ne peut se passer d\u2019\u00e9changes. Le nouveau directeur artistique de Jazz \u00e0 Vienne est dans notre association, et j\u2019en suis heureux, \u00e7a marque quelque chose. <strong>Les festivals de Jazz savent qu\u2019il leur faut rajeunir leur public et \u00e7a peut passer par cet esprit club. <\/strong>Le Jazz Mix a exist\u00e9 pendant 9 ans et a \u00e9t\u00e9 remplac\u00e9 par la Sc\u00e8ne Cyb\u00e8le qui n\u2019a pas la m\u00eame ampleur. \u00c0 Lyon, le HotClub ne d\u00e9semplit pas justement le mercredi soir avec ses jam sessions qui attirent un public d\u2019\u00e9tudiants toujours plus nombreux&#8230;Oui, c\u2019est chouette ce que fait le HotClub de Lyon. \u00c0 New-York \u00e7a remue aussi beaucoup. En France on est \u00e0 la tra\u00eene.<\/p>\n<p>Le mus\u00e9e fermait son restaurant car le d\u00e9partement du Rh\u00f4ne projette une restructuration globale d\u2019ici 2027 et nous avons pu \u00e9tablir une convention avec le d\u00e9partement pour deux concerts par mois jusqu\u2019en juin et j\u2019esp\u00e8re ensuite un concert par semaine. Comme dit Pascal Buensoz, notre secr\u00e9taire g\u00e9n\u00e9ral qui est aussi directeur de Jazz Rh\u00f4ne-Alpes, l\u2019id\u00e9e c\u2019est d\u00e9j\u00e0 de se faire plaisir jusque-l\u00e0. Apr\u00e8s, on verra. On a de quoi f\u00e9d\u00e9rer un public. Et le bouche-\u00e0-oreille fonctionne. On n&rsquo;a pas de salari\u00e9s mais juste des gens passionn\u00e9s et tr\u00e8s au point question programmation, r\u00e9gie son, communication etc..<\/p>\n<div class=\"article-image__container\">\n<figure aria-hidden=\"true\">   <img width=\"600\" height=\"400\" class=\"article-image lazy\" data-src=\"https:\/\/www.festivox.fr\/blog\/wp-content\/uploads\/2024\/02\/musique-quartier-latin-un-nouveau-club-de-jazz-cree-par-le-fondateur-de-jazz-a-vienne-a-saint-romain-en-gal.webp\" alt=\"Dans le mus\u00e9e Gallo-Romain de Saint-Romain-en-Gal une salle comme suspendue au dessus du Rh\u00f4ne\"><figcaption>\n<p> <span>Dans le mus\u00e9e Gallo-Romain de Saint-Romain-en-Gal une salle comme suspendue au dessus du Rh\u00f4ne<\/span> <span class=\"separator\"> \u2022 <\/span> <span>\u00a9 France TV<\/span> <\/p>\n<\/figcaption><\/figure>\n<\/div>\n<p>C\u2019est un lieu magique. L\u2019acoustique \u00e9tait bonne. Je pensais qu\u2019il fallait mettre des rideaux pour cacher la vue au loin sur la circulation mais en fait pas du tout ! On n\u2019est pas dans un caveau jazz vo\u00fbt\u00e9. C\u2019est autre chose. Comme dit Pascal Buensoz, <strong>avec la vue sur le Rh\u00f4ne on se croirait dans une capitale europ\u00e9enne comme Amsterdam et cet \u00e9t\u00e9 avec la terrasse \u00e7a va \u00eatre incroyable de voir le public prendre un verre avec les musiciens, apr\u00e8s les concerts !<\/strong> Le Quartier Latin a bien sa place ici ! Et cette premi\u00e8re soir\u00e9e en hommage \u00e0 notre regrett\u00e9 Mario c\u2019est aussi ancrer ce Quartier Latin dans l\u2019id\u00e9e de la transmission. Lui qui avait fait \u00e0 Jazz \u00e0 Vienne la premi\u00e8re partie de Gillespie, il avait pr\u00e9f\u00e9r\u00e9 enseigner. Et bon nombre des meilleurs pianistes de jazz du conservatoire de Paris sont pass\u00e9s entre ses mains.<\/p>\n<h2>\u00ab\u00a0Quartier Latin\u00a0\u00bb \u00e7a \u00e9voque quoi?<span class=\"mce-nbsp-wrap\">&nbsp;<\/span><\/h2>\n<p>Parce qu\u2019il est \u00e9vocateur d\u2019une ambiance parisienne, faite d\u2019\u00e9tudiants or nous sommes justement dans un lieu situ\u00e9 \u00e0 c\u00f4t\u00e9 de deux grands \u00e9tablissements scolaires (le lyc\u00e9e Ella Fitzgerald et l\u2019Institut Robin). Et dans mon id\u00e9e, <strong>ce club de jazz doit aussi \u00eatre une passerelle pour faire venir les jeunes<\/strong>, une esp\u00e8ce de Centre Culturel, un Quartier Latin foisonnant&#8230; J\u2019ai \u00e9normement de bouquins, de vid\u00e9os, de Vinyls&#8230; mes enfants aimeraient en r\u00e9cup\u00e9rer mais l\u00e0-aussi, le jazz c\u2019est une question de partage et les mettre \u00e0 disposition \u00e7a me plait.<\/p>\n<h2>Steve Coleman ouvre le bal le dimanche 17 mars, d&rsquo;autres grands noms attendus?<span class=\"mce-nbsp-wrap\">&nbsp;<\/span><\/h2>\n<p><strong>Je vais essayer d\u2019avoir les John Coltrane de demain<\/strong> ! En plus j\u2019ai mon fils aux Etats-Unis qui nous fait \u00e9norm\u00e9ment de pub (Jon Boutellier est saxophoniste \u00e0 New-York) et je suis inond\u00e9 de demandes pour jouer au \u201cQuartier Latin\u201d. Les am\u00e9ricains sont tr\u00e8s enthousiastes lorsqu\u2019il s\u2019agit de venir jouer en Europe, d\u2019\u00e9changer avec d\u2019autres artistes, d\u2019autres publics.<\/p>\n<p>J\u2019ai pris des engagements avec Coleman. On sera d\u00e9ficitaires sur ce premier concert. Il nous faut encore trouver des partenariats mais ca montre aussi que <strong>c\u2019est possible d\u2019avoir un artiste qui joue la veille ailleurs, qui donne un concert le dimanche soir pour nous et s\u2019envole de Saint Exup\u00e9ry pour un retour aux Etats-Unis le lundi matin.<span class=\"mce-nbsp-wrap\">&nbsp;<\/span><\/strong><\/p>\n<h2>Pourquoi les dimanches soirs?<span class=\"mce-nbsp-wrap\">&nbsp;<\/span><\/h2>\n<p>C\u2019est ce que l\u2019on appelle les \u201cqueues de tourn\u00e9e\u201d. Je suis en lien par exemple avec le Duc des Lombards (c\u00e9l\u00e8bre Club de Jazz parisien). Leurs artistes jouent du jeudi au samedi soir et le dimanche matin ils peuvent prendre un tgv pour jouer chez nous le dimanche soir. Au BC Blues \u00e0 Lyon, il y a tr\u00e8s longtemps, on fonctionnait d\u00e9j\u00e0 comme \u00e7a. On r\u00e9duit les co\u00fbts. Et Quartier Latin ce ne sera pas que des artistes internationaux, on joue la carte nationale et r\u00e9gionale. Les musiciens existent et de tr\u00e8s bon niveau. Il faut recr\u00e9er du lien.<\/p>\n<h2>Programmation<span class=\"mce-nbsp-wrap\">&nbsp;<\/span><\/h2>\n<div class=\"article-image__container\">\n<figure aria-hidden=\"true\">   <img width=\"600\" height=\"400\" class=\"article-image lazy\" data-src=\"https:\/\/www.festivox.fr\/blog\/wp-content\/uploads\/2024\/02\/musique-quartier-latin-un-nouveau-club-de-jazz-cree-par-le-fondateur-de-jazz-a-vienne-a-saint-romain-en-gal-1.webp\" alt=\"Une programmation diversifi\u00e9e et riche du r\u00e9seau de Jean-Paul Boutellier, fondateur de jazz \u00e0 Vienne\"><figcaption>\n<p> <span>Une programmation diversifi\u00e9e et riche du r\u00e9seau de Jean-Paul Boutellier, fondateur de jazz \u00e0 Vienne<\/span> <span class=\"separator\"> \u2022 <\/span> <span>\u00a9 Quartier latin<\/span> <\/p>\n<\/figcaption><\/figure>\n<\/div>\n<p>L\u2019association Jazz Club du Rh\u00f4ne compte une centaine de membres. Une convention a \u00e9t\u00e9 sign\u00e9e tr\u00e8s r\u00e9cemment avec le d\u00e9partement du Rh\u00f4ne jusqu\u2019en juin. 5 concerts sont pr\u00e9vus au mus\u00e9e dans le cadre de Jazz \u00e0 Vienne. Martine Publi\u00e9, vice-pr\u00e9sidente Culture et Patrimoine au d\u00e9partement du Rh\u00f4ne<i> <\/i>le d\u00e9partement d\u00e9voilera fin avril quel est l\u2019architecte choisi pour r\u00e9nover ce mus\u00e9e, \u00ab\u00a0<em>Le quartier latin\u00a0\u00bb <\/em>a donc de beaux jours devant lui jusqu\u2019en \u00e9t\u00e9.<span class=\"mce-nbsp-wrap\">&nbsp;<\/span><\/p>\n<p> Cet article, qui traite du th\u00e8me \u00ab\u00a0Festival Jazz et musique en mode guinguette\u00a0\u00bb, vous est d\u00e9lib\u00e9r\u00e9ment offert par festivox.fr. La raison d\u2019\u00eatre de festivox.fr est de parler de Festival Jazz et musique en mode guinguette dans la transparence la plus g\u00e9n\u00e9rale en vous procurant la visibilit\u00e9 de tout ce qui est publi\u00e9 sur ce sujet sur le web La chronique a \u00e9t\u00e9 g\u00e9n\u00e9r\u00e9e de la mani\u00e8re la plus honn\u00eate que possible. S\u2019il advenait que vous projetez d\u2019apporter quelques notes concernant le domaine de \u00ab\u00a0Festival Jazz et musique en mode guinguette\u00a0\u00bb vous avez la possibilit\u00e9 de d&rsquo;\u00e9changer avec notre r\u00e9daction. Dans peu de temps, on mettra en ligne d&rsquo;autres informations pertinentes autour du sujet \u00ab\u00a0Festival Jazz et musique en mode guinguette\u00a0\u00bb. Ainsi, consultez r\u00e9guli\u00e8rement notre site.<\/p>\n","protected":false},"excerpt":{"rendered":"<p>Jean-Paul Boutellier, fondateur du festival Jazz \u00e0 Vienne vient de lancer avec son \u00e9quipe de passionn\u00e9s le club de jazz \u201cQuartier Latin\u201d dans l\u2019ancien restaurant du Mus\u00e9e Gallo-Romain de Saint- Romain-en-Gal. La Quotidienne des R\u00e9gions Tous les jours \u00e0 13h, notre r\u00e9daction vous r\u00e9serve le meilleur de l&rsquo;info r\u00e9gionale. Une s\u00e9lection rien que pour vous,&hellip;<\/p>\n","protected":false},"author":1,"featured_media":660,"comment_status":"closed","ping_status":"closed","sticky":false,"template":"","format":"standard","meta":{"footnotes":""},"categories":[3],"tags":[],"class_list":["post-659","post","type-post","status-publish","format-standard","has-post-thumbnail","hentry","category-wiki-sur-festival-jazz-et-musique-en-mode-guinguette"],"yoast_head":"<!-- This site is optimized with the Yoast SEO plugin v27.5 - https:\/\/yoast.com\/product\/yoast-seo-wordpress\/ -->\n<title>MUSIQUE. Quartier Latin, un nouveau club de jazz cr\u00e9\u00e9 par le fondateur de &quot;Jazz \u00e0 Vienne&quot; \u00e0 Saint- Romain-en-Gal - FESTIVOX<\/title>\n<meta name=\"robots\" content=\"index, follow, max-snippet:-1, max-image-preview:large, max-video-preview:-1\" \/>\n<link rel=\"canonical\" href=\"https:\/\/www.festivox.fr\/blog\/musique-quartier-latin-un-nouveau-club-de-jazz-cree-par-le-fondateur-de-jazz-a-vienne-a-saint-romain-en-gal\/\" \/>\n<meta property=\"og:locale\" content=\"fr_FR\" \/>\n<meta property=\"og:type\" content=\"article\" \/>\n<meta property=\"og:title\" content=\"MUSIQUE. Quartier Latin, un nouveau club de jazz cr\u00e9\u00e9 par le fondateur de &quot;Jazz \u00e0 Vienne&quot; \u00e0 Saint- Romain-en-Gal - FESTIVOX\" \/>\n<meta property=\"og:description\" content=\"Jean-Paul Boutellier, fondateur du festival Jazz \u00e0 Vienne vient de lancer avec son \u00e9quipe de passionn\u00e9s le club de jazz \u201cQuartier Latin\u201d dans l\u2019ancien restaurant du Mus\u00e9e Gallo-Romain de Saint- Romain-en-Gal. La Quotidienne des R\u00e9gions Tous les jours \u00e0 13h, notre r\u00e9daction vous r\u00e9serve le meilleur de l&rsquo;info r\u00e9gionale. Une s\u00e9lection rien que pour vous,&hellip;\" \/>\n<meta property=\"og:url\" content=\"https:\/\/www.festivox.fr\/blog\/musique-quartier-latin-un-nouveau-club-de-jazz-cree-par-le-fondateur-de-jazz-a-vienne-a-saint-romain-en-gal\/\" \/>\n<meta property=\"og:site_name\" content=\"FESTIVOX\" \/>\n<meta property=\"article:published_time\" content=\"2024-02-09T17:00:00+00:00\" \/>\n<meta property=\"og:image\" content=\"https:\/\/www.festivox.fr\/blog\/wp-content\/uploads\/2024\/02\/musique-quartier-latin-un-nouveau-club-de-jazz-cree-par-le-fondateur-de-jazz-a-vienne-a-saint-romain-en-gal.webp\" \/>\n<meta name=\"author\" content=\"Michele\" \/>\n<meta name=\"twitter:card\" content=\"summary_large_image\" \/>\n<meta name=\"twitter:label1\" content=\"\u00c9crit par\" \/>\n\t<meta name=\"twitter:data1\" content=\"Michele\" \/>\n\t<meta name=\"twitter:label2\" content=\"Dur\u00e9e de lecture estim\u00e9e\" \/>\n\t<meta name=\"twitter:data2\" content=\"7 minutes\" \/>\n<script type=\"application\/ld+json\" class=\"yoast-schema-graph\">{\"@context\":\"https:\\\/\\\/schema.org\",\"@graph\":[{\"@type\":\"Article\",\"@id\":\"https:\\\/\\\/www.festivox.fr\\\/blog\\\/musique-quartier-latin-un-nouveau-club-de-jazz-cree-par-le-fondateur-de-jazz-a-vienne-a-saint-romain-en-gal\\\/#article\",\"isPartOf\":{\"@id\":\"https:\\\/\\\/www.festivox.fr\\\/blog\\\/musique-quartier-latin-un-nouveau-club-de-jazz-cree-par-le-fondateur-de-jazz-a-vienne-a-saint-romain-en-gal\\\/\"},\"author\":{\"name\":\"Michele\",\"@id\":\"https:\\\/\\\/www.festivox.fr\\\/blog\\\/#\\\/schema\\\/person\\\/f36a8b6bc94800c3eafed4bca993ce95\"},\"headline\":\"MUSIQUE. Quartier Latin, un nouveau club de jazz cr\u00e9\u00e9 par le fondateur de \u00ab\u00a0Jazz \u00e0 Vienne\u00a0\u00bb \u00e0 Saint- Romain-en-Gal\",\"datePublished\":\"2024-02-09T17:00:00+00:00\",\"mainEntityOfPage\":{\"@id\":\"https:\\\/\\\/www.festivox.fr\\\/blog\\\/musique-quartier-latin-un-nouveau-club-de-jazz-cree-par-le-fondateur-de-jazz-a-vienne-a-saint-romain-en-gal\\\/\"},\"wordCount\":1417,\"publisher\":{\"@id\":\"https:\\\/\\\/www.festivox.fr\\\/blog\\\/#organization\"},\"image\":{\"@id\":\"https:\\\/\\\/www.festivox.fr\\\/blog\\\/musique-quartier-latin-un-nouveau-club-de-jazz-cree-par-le-fondateur-de-jazz-a-vienne-a-saint-romain-en-gal\\\/#primaryimage\"},\"thumbnailUrl\":\"https:\\\/\\\/www.festivox.fr\\\/blog\\\/wp-content\\\/uploads\\\/2024\\\/02\\\/musique-quartier-latin-un-nouveau-club-de-jazz-cree-par-le-fondateur-de-jazz-a-vienne-a-saint-romain-en-gal.webp\",\"articleSection\":[\"Wiki Sur Festival Jazz Et Musique En Mode Guinguette:\"],\"inLanguage\":\"fr-FR\"},{\"@type\":\"WebPage\",\"@id\":\"https:\\\/\\\/www.festivox.fr\\\/blog\\\/musique-quartier-latin-un-nouveau-club-de-jazz-cree-par-le-fondateur-de-jazz-a-vienne-a-saint-romain-en-gal\\\/\",\"url\":\"https:\\\/\\\/www.festivox.fr\\\/blog\\\/musique-quartier-latin-un-nouveau-club-de-jazz-cree-par-le-fondateur-de-jazz-a-vienne-a-saint-romain-en-gal\\\/\",\"name\":\"MUSIQUE. Quartier Latin, un nouveau club de jazz cr\u00e9\u00e9 par le fondateur de \\\"Jazz \u00e0 Vienne\\\" \u00e0 Saint- Romain-en-Gal - FESTIVOX\",\"isPartOf\":{\"@id\":\"https:\\\/\\\/www.festivox.fr\\\/blog\\\/#website\"},\"primaryImageOfPage\":{\"@id\":\"https:\\\/\\\/www.festivox.fr\\\/blog\\\/musique-quartier-latin-un-nouveau-club-de-jazz-cree-par-le-fondateur-de-jazz-a-vienne-a-saint-romain-en-gal\\\/#primaryimage\"},\"image\":{\"@id\":\"https:\\\/\\\/www.festivox.fr\\\/blog\\\/musique-quartier-latin-un-nouveau-club-de-jazz-cree-par-le-fondateur-de-jazz-a-vienne-a-saint-romain-en-gal\\\/#primaryimage\"},\"thumbnailUrl\":\"https:\\\/\\\/www.festivox.fr\\\/blog\\\/wp-content\\\/uploads\\\/2024\\\/02\\\/musique-quartier-latin-un-nouveau-club-de-jazz-cree-par-le-fondateur-de-jazz-a-vienne-a-saint-romain-en-gal.webp\",\"datePublished\":\"2024-02-09T17:00:00+00:00\",\"breadcrumb\":{\"@id\":\"https:\\\/\\\/www.festivox.fr\\\/blog\\\/musique-quartier-latin-un-nouveau-club-de-jazz-cree-par-le-fondateur-de-jazz-a-vienne-a-saint-romain-en-gal\\\/#breadcrumb\"},\"inLanguage\":\"fr-FR\",\"potentialAction\":[{\"@type\":\"ReadAction\",\"target\":[\"https:\\\/\\\/www.festivox.fr\\\/blog\\\/musique-quartier-latin-un-nouveau-club-de-jazz-cree-par-le-fondateur-de-jazz-a-vienne-a-saint-romain-en-gal\\\/\"]}]},{\"@type\":\"ImageObject\",\"inLanguage\":\"fr-FR\",\"@id\":\"https:\\\/\\\/www.festivox.fr\\\/blog\\\/musique-quartier-latin-un-nouveau-club-de-jazz-cree-par-le-fondateur-de-jazz-a-vienne-a-saint-romain-en-gal\\\/#primaryimage\",\"url\":\"https:\\\/\\\/www.festivox.fr\\\/blog\\\/wp-content\\\/uploads\\\/2024\\\/02\\\/musique-quartier-latin-un-nouveau-club-de-jazz-cree-par-le-fondateur-de-jazz-a-vienne-a-saint-romain-en-gal.webp\",\"contentUrl\":\"https:\\\/\\\/www.festivox.fr\\\/blog\\\/wp-content\\\/uploads\\\/2024\\\/02\\\/musique-quartier-latin-un-nouveau-club-de-jazz-cree-par-le-fondateur-de-jazz-a-vienne-a-saint-romain-en-gal.webp\",\"width\":800,\"height\":450},{\"@type\":\"BreadcrumbList\",\"@id\":\"https:\\\/\\\/www.festivox.fr\\\/blog\\\/musique-quartier-latin-un-nouveau-club-de-jazz-cree-par-le-fondateur-de-jazz-a-vienne-a-saint-romain-en-gal\\\/#breadcrumb\",\"itemListElement\":[{\"@type\":\"ListItem\",\"position\":1,\"name\":\"Accueil\",\"item\":\"https:\\\/\\\/www.festivox.fr\\\/blog\\\/\"},{\"@type\":\"ListItem\",\"position\":2,\"name\":\"MUSIQUE. Quartier Latin, un nouveau club de jazz cr\u00e9\u00e9 par le fondateur de \u00ab\u00a0Jazz \u00e0 Vienne\u00a0\u00bb \u00e0 Saint- Romain-en-Gal\"}]},{\"@type\":\"WebSite\",\"@id\":\"https:\\\/\\\/www.festivox.fr\\\/blog\\\/#website\",\"url\":\"https:\\\/\\\/www.festivox.fr\\\/blog\\\/\",\"name\":\"FESTIVOX\",\"description\":\"Festival en mode guinguette.\",\"publisher\":{\"@id\":\"https:\\\/\\\/www.festivox.fr\\\/blog\\\/#organization\"},\"potentialAction\":[{\"@type\":\"SearchAction\",\"target\":{\"@type\":\"EntryPoint\",\"urlTemplate\":\"https:\\\/\\\/www.festivox.fr\\\/blog\\\/?s={search_term_string}\"},\"query-input\":{\"@type\":\"PropertyValueSpecification\",\"valueRequired\":true,\"valueName\":\"search_term_string\"}}],\"inLanguage\":\"fr-FR\"},{\"@type\":\"Organization\",\"@id\":\"https:\\\/\\\/www.festivox.fr\\\/blog\\\/#organization\",\"name\":\"festivox\",\"url\":\"https:\\\/\\\/www.festivox.fr\\\/blog\\\/\",\"logo\":{\"@type\":\"ImageObject\",\"inLanguage\":\"fr-FR\",\"@id\":\"https:\\\/\\\/www.festivox.fr\\\/blog\\\/#\\\/schema\\\/logo\\\/image\\\/\",\"url\":\"https:\\\/\\\/www.festivox.fr\\\/blog\\\/wp-content\\\/uploads\\\/2023\\\/06\\\/logo-2.png\",\"contentUrl\":\"https:\\\/\\\/www.festivox.fr\\\/blog\\\/wp-content\\\/uploads\\\/2023\\\/06\\\/logo-2.png\",\"width\":480,\"height\":160,\"caption\":\"festivox\"},\"image\":{\"@id\":\"https:\\\/\\\/www.festivox.fr\\\/blog\\\/#\\\/schema\\\/logo\\\/image\\\/\"}},{\"@type\":\"Person\",\"@id\":\"https:\\\/\\\/www.festivox.fr\\\/blog\\\/#\\\/schema\\\/person\\\/f36a8b6bc94800c3eafed4bca993ce95\",\"name\":\"Michele\",\"image\":{\"@type\":\"ImageObject\",\"inLanguage\":\"fr-FR\",\"@id\":\"https:\\\/\\\/secure.gravatar.com\\\/avatar\\\/b062046536b5d47ec9075956ec349ef95ed06b0f910c578f74abb318668b702e?s=96&d=mm&r=g\",\"url\":\"https:\\\/\\\/secure.gravatar.com\\\/avatar\\\/b062046536b5d47ec9075956ec349ef95ed06b0f910c578f74abb318668b702e?s=96&d=mm&r=g\",\"contentUrl\":\"https:\\\/\\\/secure.gravatar.com\\\/avatar\\\/b062046536b5d47ec9075956ec349ef95ed06b0f910c578f74abb318668b702e?s=96&d=mm&r=g\",\"caption\":\"Michele\"},\"sameAs\":[\"https:\\\/\\\/www.festivox.fr\\\/blog\"],\"url\":\"https:\\\/\\\/www.festivox.fr\\\/blog\\\/author\\\/voxadmin\\\/\"}]}<\/script>\n<!-- \/ Yoast SEO plugin. -->","yoast_head_json":{"title":"MUSIQUE. Quartier Latin, un nouveau club de jazz cr\u00e9\u00e9 par le fondateur de \"Jazz \u00e0 Vienne\" \u00e0 Saint- Romain-en-Gal - FESTIVOX","robots":{"index":"index","follow":"follow","max-snippet":"max-snippet:-1","max-image-preview":"max-image-preview:large","max-video-preview":"max-video-preview:-1"},"canonical":"https:\/\/www.festivox.fr\/blog\/musique-quartier-latin-un-nouveau-club-de-jazz-cree-par-le-fondateur-de-jazz-a-vienne-a-saint-romain-en-gal\/","og_locale":"fr_FR","og_type":"article","og_title":"MUSIQUE. Quartier Latin, un nouveau club de jazz cr\u00e9\u00e9 par le fondateur de \"Jazz \u00e0 Vienne\" \u00e0 Saint- Romain-en-Gal - FESTIVOX","og_description":"Jean-Paul Boutellier, fondateur du festival Jazz \u00e0 Vienne vient de lancer avec son \u00e9quipe de passionn\u00e9s le club de jazz \u201cQuartier Latin\u201d dans l\u2019ancien restaurant du Mus\u00e9e Gallo-Romain de Saint- Romain-en-Gal. La Quotidienne des R\u00e9gions Tous les jours \u00e0 13h, notre r\u00e9daction vous r\u00e9serve le meilleur de l&rsquo;info r\u00e9gionale. Une s\u00e9lection rien que pour vous,&hellip;","og_url":"https:\/\/www.festivox.fr\/blog\/musique-quartier-latin-un-nouveau-club-de-jazz-cree-par-le-fondateur-de-jazz-a-vienne-a-saint-romain-en-gal\/","og_site_name":"FESTIVOX","article_published_time":"2024-02-09T17:00:00+00:00","og_image":[{"url":"https:\/\/www.festivox.fr\/blog\/wp-content\/uploads\/2024\/02\/musique-quartier-latin-un-nouveau-club-de-jazz-cree-par-le-fondateur-de-jazz-a-vienne-a-saint-romain-en-gal.webp","type":"","width":"","height":""}],"author":"Michele","twitter_card":"summary_large_image","twitter_misc":{"\u00c9crit par":"Michele","Dur\u00e9e de lecture estim\u00e9e":"7 minutes"},"schema":{"@context":"https:\/\/schema.org","@graph":[{"@type":"Article","@id":"https:\/\/www.festivox.fr\/blog\/musique-quartier-latin-un-nouveau-club-de-jazz-cree-par-le-fondateur-de-jazz-a-vienne-a-saint-romain-en-gal\/#article","isPartOf":{"@id":"https:\/\/www.festivox.fr\/blog\/musique-quartier-latin-un-nouveau-club-de-jazz-cree-par-le-fondateur-de-jazz-a-vienne-a-saint-romain-en-gal\/"},"author":{"name":"Michele","@id":"https:\/\/www.festivox.fr\/blog\/#\/schema\/person\/f36a8b6bc94800c3eafed4bca993ce95"},"headline":"MUSIQUE. Quartier Latin, un nouveau club de jazz cr\u00e9\u00e9 par le fondateur de \u00ab\u00a0Jazz \u00e0 Vienne\u00a0\u00bb \u00e0 Saint- Romain-en-Gal","datePublished":"2024-02-09T17:00:00+00:00","mainEntityOfPage":{"@id":"https:\/\/www.festivox.fr\/blog\/musique-quartier-latin-un-nouveau-club-de-jazz-cree-par-le-fondateur-de-jazz-a-vienne-a-saint-romain-en-gal\/"},"wordCount":1417,"publisher":{"@id":"https:\/\/www.festivox.fr\/blog\/#organization"},"image":{"@id":"https:\/\/www.festivox.fr\/blog\/musique-quartier-latin-un-nouveau-club-de-jazz-cree-par-le-fondateur-de-jazz-a-vienne-a-saint-romain-en-gal\/#primaryimage"},"thumbnailUrl":"https:\/\/www.festivox.fr\/blog\/wp-content\/uploads\/2024\/02\/musique-quartier-latin-un-nouveau-club-de-jazz-cree-par-le-fondateur-de-jazz-a-vienne-a-saint-romain-en-gal.webp","articleSection":["Wiki Sur Festival Jazz Et Musique En Mode Guinguette:"],"inLanguage":"fr-FR"},{"@type":"WebPage","@id":"https:\/\/www.festivox.fr\/blog\/musique-quartier-latin-un-nouveau-club-de-jazz-cree-par-le-fondateur-de-jazz-a-vienne-a-saint-romain-en-gal\/","url":"https:\/\/www.festivox.fr\/blog\/musique-quartier-latin-un-nouveau-club-de-jazz-cree-par-le-fondateur-de-jazz-a-vienne-a-saint-romain-en-gal\/","name":"MUSIQUE. Quartier Latin, un nouveau club de jazz cr\u00e9\u00e9 par le fondateur de \"Jazz \u00e0 Vienne\" \u00e0 Saint- Romain-en-Gal - FESTIVOX","isPartOf":{"@id":"https:\/\/www.festivox.fr\/blog\/#website"},"primaryImageOfPage":{"@id":"https:\/\/www.festivox.fr\/blog\/musique-quartier-latin-un-nouveau-club-de-jazz-cree-par-le-fondateur-de-jazz-a-vienne-a-saint-romain-en-gal\/#primaryimage"},"image":{"@id":"https:\/\/www.festivox.fr\/blog\/musique-quartier-latin-un-nouveau-club-de-jazz-cree-par-le-fondateur-de-jazz-a-vienne-a-saint-romain-en-gal\/#primaryimage"},"thumbnailUrl":"https:\/\/www.festivox.fr\/blog\/wp-content\/uploads\/2024\/02\/musique-quartier-latin-un-nouveau-club-de-jazz-cree-par-le-fondateur-de-jazz-a-vienne-a-saint-romain-en-gal.webp","datePublished":"2024-02-09T17:00:00+00:00","breadcrumb":{"@id":"https:\/\/www.festivox.fr\/blog\/musique-quartier-latin-un-nouveau-club-de-jazz-cree-par-le-fondateur-de-jazz-a-vienne-a-saint-romain-en-gal\/#breadcrumb"},"inLanguage":"fr-FR","potentialAction":[{"@type":"ReadAction","target":["https:\/\/www.festivox.fr\/blog\/musique-quartier-latin-un-nouveau-club-de-jazz-cree-par-le-fondateur-de-jazz-a-vienne-a-saint-romain-en-gal\/"]}]},{"@type":"ImageObject","inLanguage":"fr-FR","@id":"https:\/\/www.festivox.fr\/blog\/musique-quartier-latin-un-nouveau-club-de-jazz-cree-par-le-fondateur-de-jazz-a-vienne-a-saint-romain-en-gal\/#primaryimage","url":"https:\/\/www.festivox.fr\/blog\/wp-content\/uploads\/2024\/02\/musique-quartier-latin-un-nouveau-club-de-jazz-cree-par-le-fondateur-de-jazz-a-vienne-a-saint-romain-en-gal.webp","contentUrl":"https:\/\/www.festivox.fr\/blog\/wp-content\/uploads\/2024\/02\/musique-quartier-latin-un-nouveau-club-de-jazz-cree-par-le-fondateur-de-jazz-a-vienne-a-saint-romain-en-gal.webp","width":800,"height":450},{"@type":"BreadcrumbList","@id":"https:\/\/www.festivox.fr\/blog\/musique-quartier-latin-un-nouveau-club-de-jazz-cree-par-le-fondateur-de-jazz-a-vienne-a-saint-romain-en-gal\/#breadcrumb","itemListElement":[{"@type":"ListItem","position":1,"name":"Accueil","item":"https:\/\/www.festivox.fr\/blog\/"},{"@type":"ListItem","position":2,"name":"MUSIQUE. Quartier Latin, un nouveau club de jazz cr\u00e9\u00e9 par le fondateur de \u00ab\u00a0Jazz \u00e0 Vienne\u00a0\u00bb \u00e0 Saint- Romain-en-Gal"}]},{"@type":"WebSite","@id":"https:\/\/www.festivox.fr\/blog\/#website","url":"https:\/\/www.festivox.fr\/blog\/","name":"FESTIVOX","description":"Festival en mode guinguette.","publisher":{"@id":"https:\/\/www.festivox.fr\/blog\/#organization"},"potentialAction":[{"@type":"SearchAction","target":{"@type":"EntryPoint","urlTemplate":"https:\/\/www.festivox.fr\/blog\/?s={search_term_string}"},"query-input":{"@type":"PropertyValueSpecification","valueRequired":true,"valueName":"search_term_string"}}],"inLanguage":"fr-FR"},{"@type":"Organization","@id":"https:\/\/www.festivox.fr\/blog\/#organization","name":"festivox","url":"https:\/\/www.festivox.fr\/blog\/","logo":{"@type":"ImageObject","inLanguage":"fr-FR","@id":"https:\/\/www.festivox.fr\/blog\/#\/schema\/logo\/image\/","url":"https:\/\/www.festivox.fr\/blog\/wp-content\/uploads\/2023\/06\/logo-2.png","contentUrl":"https:\/\/www.festivox.fr\/blog\/wp-content\/uploads\/2023\/06\/logo-2.png","width":480,"height":160,"caption":"festivox"},"image":{"@id":"https:\/\/www.festivox.fr\/blog\/#\/schema\/logo\/image\/"}},{"@type":"Person","@id":"https:\/\/www.festivox.fr\/blog\/#\/schema\/person\/f36a8b6bc94800c3eafed4bca993ce95","name":"Michele","image":{"@type":"ImageObject","inLanguage":"fr-FR","@id":"https:\/\/secure.gravatar.com\/avatar\/b062046536b5d47ec9075956ec349ef95ed06b0f910c578f74abb318668b702e?s=96&d=mm&r=g","url":"https:\/\/secure.gravatar.com\/avatar\/b062046536b5d47ec9075956ec349ef95ed06b0f910c578f74abb318668b702e?s=96&d=mm&r=g","contentUrl":"https:\/\/secure.gravatar.com\/avatar\/b062046536b5d47ec9075956ec349ef95ed06b0f910c578f74abb318668b702e?s=96&d=mm&r=g","caption":"Michele"},"sameAs":["https:\/\/www.festivox.fr\/blog"],"url":"https:\/\/www.festivox.fr\/blog\/author\/voxadmin\/"}]}},"_links":{"self":[{"href":"https:\/\/www.festivox.fr\/blog\/wp-json\/wp\/v2\/posts\/659","targetHints":{"allow":["GET"]}}],"collection":[{"href":"https:\/\/www.festivox.fr\/blog\/wp-json\/wp\/v2\/posts"}],"about":[{"href":"https:\/\/www.festivox.fr\/blog\/wp-json\/wp\/v2\/types\/post"}],"author":[{"embeddable":true,"href":"https:\/\/www.festivox.fr\/blog\/wp-json\/wp\/v2\/users\/1"}],"replies":[{"embeddable":true,"href":"https:\/\/www.festivox.fr\/blog\/wp-json\/wp\/v2\/comments?post=659"}],"version-history":[{"count":0,"href":"https:\/\/www.festivox.fr\/blog\/wp-json\/wp\/v2\/posts\/659\/revisions"}],"wp:featuredmedia":[{"embeddable":true,"href":"https:\/\/www.festivox.fr\/blog\/wp-json\/wp\/v2\/media\/660"}],"wp:attachment":[{"href":"https:\/\/www.festivox.fr\/blog\/wp-json\/wp\/v2\/media?parent=659"}],"wp:term":[{"taxonomy":"category","embeddable":true,"href":"https:\/\/www.festivox.fr\/blog\/wp-json\/wp\/v2\/categories?post=659"},{"taxonomy":"post_tag","embeddable":true,"href":"https:\/\/www.festivox.fr\/blog\/wp-json\/wp\/v2\/tags?post=659"}],"curies":[{"name":"wp","href":"https:\/\/api.w.org\/{rel}","templated":true}]}}