{"id":635,"date":"2024-01-26T22:50:00","date_gmt":"2024-01-26T21:50:00","guid":{"rendered":"https:\/\/www.festivox.fr\/blog\/les-plus-grands-standards-du-jazz\/"},"modified":"2024-01-26T22:50:00","modified_gmt":"2024-01-26T21:50:00","slug":"les-plus-grands-standards-du-jazz","status":"publish","type":"post","link":"https:\/\/www.festivox.fr\/blog\/les-plus-grands-standards-du-jazz\/","title":{"rendered":"Les plus grands standards du jazz"},"content":{"rendered":"\n<div><img decoding=\"async\" src=\"https:\/\/www.festivox.fr\/blog\/wp-content\/uploads\/2024\/02\/les-plus-grands-standards-du-jazz.jpg\" class=\"ff-og-image-inserted\"><\/div>\n<p> Du jazz au Foyer des campagnes dimanche 28 janvier \u00e0 17 h. <\/p>\n<div data-state=\"fixed-height\" data-selection=\"disabled\">\n<p>Gr\u00e2ce au Caf\u00e9 lyrique enchant\u00e9e, un concert de jazz va permettre aux Pisc\u00e9nois de changer de r\u00e9pertoire pour cet \u00e9v\u00e8nement qui enchante souvent le public le dimanche apr\u00e8s-midi.<\/p>\n<p><!-- Pub DFP Position [outstream] --> <\/p>\n<p><span class=\"txt-cit\"><i>Quand le jazz est l\u00e0<\/i><\/span> offrira la voix de Jean-Pierre Torrent, le talentueux t\u00e9nor de P\u00e9zenas enchant\u00e9e qui d\u00e9roulera des standards de jazz pour un public qu\u2019il conna\u00eet bien. Nous savons qu\u2019il peut tout chanter, des grands classiques au jazz et au tango. Professeur de chant \u00e0 l\u2019\u00e9cole de musique d\u2019Agde, il dirige un atelier d\u2019art lyrique ; il donne des r\u00e9citals et il est r\u00e9guli\u00e8rement sollicit\u00e9 pour \u00eatre dans les jurys de concours de chants lyriques. Tous connaissent ses multiples talents et son implication dans l\u2019association P\u00e9zenas enchant\u00e9e fait merveille.<\/p>\n<p><!-- Pub DFP Position [article] --> <\/p>\n<p>Il sera accompagn\u00e9 au piano et \u00e0 l\u2019orgue par Jean-Pierre Bois. Ce dernier, dans sa jeunesse se produisait \u00e0 Paris dans les cabarets et les spectacles en vogue. Il descend ensuite dans le Biterrois et cr\u00e9e un orchestre les Jazz Makers avec Ren\u00e9 Nan l\u2019ancien batteur de Claude Nougaro. Ils re\u00e7oivent alors des grands noms du jazz (Bill Coleman, Guy Laffite\u2026). En 1980, il cr\u00e9e l\u2019Atelier musical, une \u00e9cole de jazz et de vari\u00e9t\u00e9s pour orgue et piano. Il a tenu pendant 20 ans les orgues de la paroisse Saint Th\u00e9r\u00e8se \u00e0 B\u00e9ziers. Jazz, Vari\u00e9t\u00e9s et musique sont la passion de toute une vie et nous sommes impatients de l\u2019\u00e9couter dans cet accompagnement d\u2019un apr\u00e8s-midi jazzy<\/p>\n<p>Rendez-vous dimanche 28 janvier \u00e0 17 h au Foyer des campagnes (place Fr\u00e9d\u00e9ric-Mistral). Au programme : Scott Joplin, Amstrong, Duke Ellington et beaucoup plus.<\/p>\n<p>La premi\u00e8re partie sera assur\u00e9e par les \u00e9l\u00e8ves pianistes d\u2019Elena Iourach.<\/p>\n<footer class=\"txt-note\"><i>Tarifs : 10 \u20ac (adh\u00e9rents), 15 \u20ac (pour les autres). Un go\u00fbter sera offert.<\/i><\/footer>\n<p>Correspondant Midi Libre : 06 30 37 62 20.<\/p>\n<\/p><\/div>\n<p> Cet article, qui traite du th\u00e8me \u00ab\u00a0Festival Jazz et musique en mode guinguette\u00a0\u00bb, vous est d\u00e9lib\u00e9r\u00e9ment offert par festivox.fr. La raison d\u2019\u00eatre de festivox.fr est de parler de Festival Jazz et musique en mode guinguette dans la transparence la plus g\u00e9n\u00e9rale en vous procurant la visibilit\u00e9 de tout ce qui est publi\u00e9 sur ce sujet sur le web La chronique a \u00e9t\u00e9 g\u00e9n\u00e9r\u00e9e de la mani\u00e8re la plus honn\u00eate que possible. S\u2019il advenait que vous projetez d\u2019apporter quelques notes concernant le domaine de \u00ab\u00a0Festival Jazz et musique en mode guinguette\u00a0\u00bb vous avez la possibilit\u00e9 de d&rsquo;\u00e9changer avec notre r\u00e9daction. Dans peu de temps, on mettra en ligne d&rsquo;autres informations pertinentes autour du sujet \u00ab\u00a0Festival Jazz et musique en mode guinguette\u00a0\u00bb. Ainsi, consultez r\u00e9guli\u00e8rement notre site.<\/p>\n","protected":false},"excerpt":{"rendered":"<p>Du jazz au Foyer des campagnes dimanche 28 janvier \u00e0 17 h. Gr\u00e2ce au Caf\u00e9 lyrique enchant\u00e9e, un concert de jazz va permettre aux Pisc\u00e9nois de changer de r\u00e9pertoire pour cet \u00e9v\u00e8nement qui enchante souvent le public le dimanche apr\u00e8s-midi. Quand le jazz est l\u00e0 offrira la voix de Jean-Pierre Torrent, le talentueux t\u00e9nor de&hellip;<\/p>\n","protected":false},"author":1,"featured_media":636,"comment_status":"closed","ping_status":"closed","sticky":false,"template":"","format":"standard","meta":{"footnotes":""},"categories":[3],"tags":[],"class_list":["post-635","post","type-post","status-publish","format-standard","has-post-thumbnail","hentry","category-wiki-sur-festival-jazz-et-musique-en-mode-guinguette"],"yoast_head":"<!-- This site is optimized with the Yoast SEO plugin v27.5 - https:\/\/yoast.com\/product\/yoast-seo-wordpress\/ -->\n<title>Les plus grands standards du jazz - FESTIVOX<\/title>\n<meta name=\"robots\" content=\"index, follow, max-snippet:-1, max-image-preview:large, max-video-preview:-1\" \/>\n<link rel=\"canonical\" href=\"https:\/\/www.festivox.fr\/blog\/les-plus-grands-standards-du-jazz\/\" \/>\n<meta property=\"og:locale\" content=\"fr_FR\" \/>\n<meta property=\"og:type\" content=\"article\" \/>\n<meta property=\"og:title\" content=\"Les plus grands standards du jazz - FESTIVOX\" \/>\n<meta property=\"og:description\" content=\"Du jazz au Foyer des campagnes dimanche 28 janvier \u00e0 17 h. Gr\u00e2ce au Caf\u00e9 lyrique enchant\u00e9e, un concert de jazz va permettre aux Pisc\u00e9nois de changer de r\u00e9pertoire pour cet \u00e9v\u00e8nement qui enchante souvent le public le dimanche apr\u00e8s-midi. Quand le jazz est l\u00e0 offrira la voix de Jean-Pierre Torrent, le talentueux t\u00e9nor de&hellip;\" \/>\n<meta property=\"og:url\" content=\"https:\/\/www.festivox.fr\/blog\/les-plus-grands-standards-du-jazz\/\" \/>\n<meta property=\"og:site_name\" content=\"FESTIVOX\" \/>\n<meta property=\"article:published_time\" content=\"2024-01-26T21:50:00+00:00\" \/>\n<meta property=\"og:image\" content=\"https:\/\/www.festivox.fr\/blog\/wp-content\/uploads\/2024\/02\/les-plus-grands-standards-du-jazz.jpg\" \/>\n<meta name=\"author\" content=\"Michele\" \/>\n<meta name=\"twitter:card\" content=\"summary_large_image\" \/>\n<meta name=\"twitter:label1\" content=\"\u00c9crit par\" \/>\n\t<meta name=\"twitter:data1\" content=\"Michele\" \/>\n\t<meta name=\"twitter:label2\" content=\"Dur\u00e9e de lecture estim\u00e9e\" \/>\n\t<meta name=\"twitter:data2\" content=\"2 minutes\" \/>\n<script type=\"application\/ld+json\" class=\"yoast-schema-graph\">{\"@context\":\"https:\\\/\\\/schema.org\",\"@graph\":[{\"@type\":\"Article\",\"@id\":\"https:\\\/\\\/www.festivox.fr\\\/blog\\\/les-plus-grands-standards-du-jazz\\\/#article\",\"isPartOf\":{\"@id\":\"https:\\\/\\\/www.festivox.fr\\\/blog\\\/les-plus-grands-standards-du-jazz\\\/\"},\"author\":{\"name\":\"Michele\",\"@id\":\"https:\\\/\\\/www.festivox.fr\\\/blog\\\/#\\\/schema\\\/person\\\/f36a8b6bc94800c3eafed4bca993ce95\"},\"headline\":\"Les plus grands standards du jazz\",\"datePublished\":\"2024-01-26T21:50:00+00:00\",\"mainEntityOfPage\":{\"@id\":\"https:\\\/\\\/www.festivox.fr\\\/blog\\\/les-plus-grands-standards-du-jazz\\\/\"},\"wordCount\":477,\"publisher\":{\"@id\":\"https:\\\/\\\/www.festivox.fr\\\/blog\\\/#organization\"},\"image\":{\"@id\":\"https:\\\/\\\/www.festivox.fr\\\/blog\\\/les-plus-grands-standards-du-jazz\\\/#primaryimage\"},\"thumbnailUrl\":\"https:\\\/\\\/www.festivox.fr\\\/blog\\\/wp-content\\\/uploads\\\/2024\\\/02\\\/les-plus-grands-standards-du-jazz.jpg\",\"articleSection\":[\"Wiki Sur Festival Jazz Et Musique En Mode Guinguette:\"],\"inLanguage\":\"fr-FR\"},{\"@type\":\"WebPage\",\"@id\":\"https:\\\/\\\/www.festivox.fr\\\/blog\\\/les-plus-grands-standards-du-jazz\\\/\",\"url\":\"https:\\\/\\\/www.festivox.fr\\\/blog\\\/les-plus-grands-standards-du-jazz\\\/\",\"name\":\"Les plus grands standards du jazz - FESTIVOX\",\"isPartOf\":{\"@id\":\"https:\\\/\\\/www.festivox.fr\\\/blog\\\/#website\"},\"primaryImageOfPage\":{\"@id\":\"https:\\\/\\\/www.festivox.fr\\\/blog\\\/les-plus-grands-standards-du-jazz\\\/#primaryimage\"},\"image\":{\"@id\":\"https:\\\/\\\/www.festivox.fr\\\/blog\\\/les-plus-grands-standards-du-jazz\\\/#primaryimage\"},\"thumbnailUrl\":\"https:\\\/\\\/www.festivox.fr\\\/blog\\\/wp-content\\\/uploads\\\/2024\\\/02\\\/les-plus-grands-standards-du-jazz.jpg\",\"datePublished\":\"2024-01-26T21:50:00+00:00\",\"breadcrumb\":{\"@id\":\"https:\\\/\\\/www.festivox.fr\\\/blog\\\/les-plus-grands-standards-du-jazz\\\/#breadcrumb\"},\"inLanguage\":\"fr-FR\",\"potentialAction\":[{\"@type\":\"ReadAction\",\"target\":[\"https:\\\/\\\/www.festivox.fr\\\/blog\\\/les-plus-grands-standards-du-jazz\\\/\"]}]},{\"@type\":\"ImageObject\",\"inLanguage\":\"fr-FR\",\"@id\":\"https:\\\/\\\/www.festivox.fr\\\/blog\\\/les-plus-grands-standards-du-jazz\\\/#primaryimage\",\"url\":\"https:\\\/\\\/www.festivox.fr\\\/blog\\\/wp-content\\\/uploads\\\/2024\\\/02\\\/les-plus-grands-standards-du-jazz.jpg\",\"contentUrl\":\"https:\\\/\\\/www.festivox.fr\\\/blog\\\/wp-content\\\/uploads\\\/2024\\\/02\\\/les-plus-grands-standards-du-jazz.jpg\",\"width\":885,\"height\":500},{\"@type\":\"BreadcrumbList\",\"@id\":\"https:\\\/\\\/www.festivox.fr\\\/blog\\\/les-plus-grands-standards-du-jazz\\\/#breadcrumb\",\"itemListElement\":[{\"@type\":\"ListItem\",\"position\":1,\"name\":\"Accueil\",\"item\":\"https:\\\/\\\/www.festivox.fr\\\/blog\\\/\"},{\"@type\":\"ListItem\",\"position\":2,\"name\":\"Les plus grands standards du jazz\"}]},{\"@type\":\"WebSite\",\"@id\":\"https:\\\/\\\/www.festivox.fr\\\/blog\\\/#website\",\"url\":\"https:\\\/\\\/www.festivox.fr\\\/blog\\\/\",\"name\":\"FESTIVOX\",\"description\":\"Festival en mode guinguette.\",\"publisher\":{\"@id\":\"https:\\\/\\\/www.festivox.fr\\\/blog\\\/#organization\"},\"potentialAction\":[{\"@type\":\"SearchAction\",\"target\":{\"@type\":\"EntryPoint\",\"urlTemplate\":\"https:\\\/\\\/www.festivox.fr\\\/blog\\\/?s={search_term_string}\"},\"query-input\":{\"@type\":\"PropertyValueSpecification\",\"valueRequired\":true,\"valueName\":\"search_term_string\"}}],\"inLanguage\":\"fr-FR\"},{\"@type\":\"Organization\",\"@id\":\"https:\\\/\\\/www.festivox.fr\\\/blog\\\/#organization\",\"name\":\"festivox\",\"url\":\"https:\\\/\\\/www.festivox.fr\\\/blog\\\/\",\"logo\":{\"@type\":\"ImageObject\",\"inLanguage\":\"fr-FR\",\"@id\":\"https:\\\/\\\/www.festivox.fr\\\/blog\\\/#\\\/schema\\\/logo\\\/image\\\/\",\"url\":\"https:\\\/\\\/www.festivox.fr\\\/blog\\\/wp-content\\\/uploads\\\/2023\\\/06\\\/logo-2.png\",\"contentUrl\":\"https:\\\/\\\/www.festivox.fr\\\/blog\\\/wp-content\\\/uploads\\\/2023\\\/06\\\/logo-2.png\",\"width\":480,\"height\":160,\"caption\":\"festivox\"},\"image\":{\"@id\":\"https:\\\/\\\/www.festivox.fr\\\/blog\\\/#\\\/schema\\\/logo\\\/image\\\/\"}},{\"@type\":\"Person\",\"@id\":\"https:\\\/\\\/www.festivox.fr\\\/blog\\\/#\\\/schema\\\/person\\\/f36a8b6bc94800c3eafed4bca993ce95\",\"name\":\"Michele\",\"image\":{\"@type\":\"ImageObject\",\"inLanguage\":\"fr-FR\",\"@id\":\"https:\\\/\\\/secure.gravatar.com\\\/avatar\\\/b062046536b5d47ec9075956ec349ef95ed06b0f910c578f74abb318668b702e?s=96&d=mm&r=g\",\"url\":\"https:\\\/\\\/secure.gravatar.com\\\/avatar\\\/b062046536b5d47ec9075956ec349ef95ed06b0f910c578f74abb318668b702e?s=96&d=mm&r=g\",\"contentUrl\":\"https:\\\/\\\/secure.gravatar.com\\\/avatar\\\/b062046536b5d47ec9075956ec349ef95ed06b0f910c578f74abb318668b702e?s=96&d=mm&r=g\",\"caption\":\"Michele\"},\"sameAs\":[\"https:\\\/\\\/www.festivox.fr\\\/blog\"],\"url\":\"https:\\\/\\\/www.festivox.fr\\\/blog\\\/author\\\/voxadmin\\\/\"}]}<\/script>\n<!-- \/ Yoast SEO plugin. -->","yoast_head_json":{"title":"Les plus grands standards du jazz - FESTIVOX","robots":{"index":"index","follow":"follow","max-snippet":"max-snippet:-1","max-image-preview":"max-image-preview:large","max-video-preview":"max-video-preview:-1"},"canonical":"https:\/\/www.festivox.fr\/blog\/les-plus-grands-standards-du-jazz\/","og_locale":"fr_FR","og_type":"article","og_title":"Les plus grands standards du jazz - FESTIVOX","og_description":"Du jazz au Foyer des campagnes dimanche 28 janvier \u00e0 17 h. Gr\u00e2ce au Caf\u00e9 lyrique enchant\u00e9e, un concert de jazz va permettre aux Pisc\u00e9nois de changer de r\u00e9pertoire pour cet \u00e9v\u00e8nement qui enchante souvent le public le dimanche apr\u00e8s-midi. Quand le jazz est l\u00e0 offrira la voix de Jean-Pierre Torrent, le talentueux t\u00e9nor de&hellip;","og_url":"https:\/\/www.festivox.fr\/blog\/les-plus-grands-standards-du-jazz\/","og_site_name":"FESTIVOX","article_published_time":"2024-01-26T21:50:00+00:00","og_image":[{"url":"https:\/\/www.festivox.fr\/blog\/wp-content\/uploads\/2024\/02\/les-plus-grands-standards-du-jazz.jpg","type":"","width":"","height":""}],"author":"Michele","twitter_card":"summary_large_image","twitter_misc":{"\u00c9crit par":"Michele","Dur\u00e9e de lecture estim\u00e9e":"2 minutes"},"schema":{"@context":"https:\/\/schema.org","@graph":[{"@type":"Article","@id":"https:\/\/www.festivox.fr\/blog\/les-plus-grands-standards-du-jazz\/#article","isPartOf":{"@id":"https:\/\/www.festivox.fr\/blog\/les-plus-grands-standards-du-jazz\/"},"author":{"name":"Michele","@id":"https:\/\/www.festivox.fr\/blog\/#\/schema\/person\/f36a8b6bc94800c3eafed4bca993ce95"},"headline":"Les plus grands standards du jazz","datePublished":"2024-01-26T21:50:00+00:00","mainEntityOfPage":{"@id":"https:\/\/www.festivox.fr\/blog\/les-plus-grands-standards-du-jazz\/"},"wordCount":477,"publisher":{"@id":"https:\/\/www.festivox.fr\/blog\/#organization"},"image":{"@id":"https:\/\/www.festivox.fr\/blog\/les-plus-grands-standards-du-jazz\/#primaryimage"},"thumbnailUrl":"https:\/\/www.festivox.fr\/blog\/wp-content\/uploads\/2024\/02\/les-plus-grands-standards-du-jazz.jpg","articleSection":["Wiki Sur Festival Jazz Et Musique En Mode Guinguette:"],"inLanguage":"fr-FR"},{"@type":"WebPage","@id":"https:\/\/www.festivox.fr\/blog\/les-plus-grands-standards-du-jazz\/","url":"https:\/\/www.festivox.fr\/blog\/les-plus-grands-standards-du-jazz\/","name":"Les plus grands standards du jazz - FESTIVOX","isPartOf":{"@id":"https:\/\/www.festivox.fr\/blog\/#website"},"primaryImageOfPage":{"@id":"https:\/\/www.festivox.fr\/blog\/les-plus-grands-standards-du-jazz\/#primaryimage"},"image":{"@id":"https:\/\/www.festivox.fr\/blog\/les-plus-grands-standards-du-jazz\/#primaryimage"},"thumbnailUrl":"https:\/\/www.festivox.fr\/blog\/wp-content\/uploads\/2024\/02\/les-plus-grands-standards-du-jazz.jpg","datePublished":"2024-01-26T21:50:00+00:00","breadcrumb":{"@id":"https:\/\/www.festivox.fr\/blog\/les-plus-grands-standards-du-jazz\/#breadcrumb"},"inLanguage":"fr-FR","potentialAction":[{"@type":"ReadAction","target":["https:\/\/www.festivox.fr\/blog\/les-plus-grands-standards-du-jazz\/"]}]},{"@type":"ImageObject","inLanguage":"fr-FR","@id":"https:\/\/www.festivox.fr\/blog\/les-plus-grands-standards-du-jazz\/#primaryimage","url":"https:\/\/www.festivox.fr\/blog\/wp-content\/uploads\/2024\/02\/les-plus-grands-standards-du-jazz.jpg","contentUrl":"https:\/\/www.festivox.fr\/blog\/wp-content\/uploads\/2024\/02\/les-plus-grands-standards-du-jazz.jpg","width":885,"height":500},{"@type":"BreadcrumbList","@id":"https:\/\/www.festivox.fr\/blog\/les-plus-grands-standards-du-jazz\/#breadcrumb","itemListElement":[{"@type":"ListItem","position":1,"name":"Accueil","item":"https:\/\/www.festivox.fr\/blog\/"},{"@type":"ListItem","position":2,"name":"Les plus grands standards du jazz"}]},{"@type":"WebSite","@id":"https:\/\/www.festivox.fr\/blog\/#website","url":"https:\/\/www.festivox.fr\/blog\/","name":"FESTIVOX","description":"Festival en mode guinguette.","publisher":{"@id":"https:\/\/www.festivox.fr\/blog\/#organization"},"potentialAction":[{"@type":"SearchAction","target":{"@type":"EntryPoint","urlTemplate":"https:\/\/www.festivox.fr\/blog\/?s={search_term_string}"},"query-input":{"@type":"PropertyValueSpecification","valueRequired":true,"valueName":"search_term_string"}}],"inLanguage":"fr-FR"},{"@type":"Organization","@id":"https:\/\/www.festivox.fr\/blog\/#organization","name":"festivox","url":"https:\/\/www.festivox.fr\/blog\/","logo":{"@type":"ImageObject","inLanguage":"fr-FR","@id":"https:\/\/www.festivox.fr\/blog\/#\/schema\/logo\/image\/","url":"https:\/\/www.festivox.fr\/blog\/wp-content\/uploads\/2023\/06\/logo-2.png","contentUrl":"https:\/\/www.festivox.fr\/blog\/wp-content\/uploads\/2023\/06\/logo-2.png","width":480,"height":160,"caption":"festivox"},"image":{"@id":"https:\/\/www.festivox.fr\/blog\/#\/schema\/logo\/image\/"}},{"@type":"Person","@id":"https:\/\/www.festivox.fr\/blog\/#\/schema\/person\/f36a8b6bc94800c3eafed4bca993ce95","name":"Michele","image":{"@type":"ImageObject","inLanguage":"fr-FR","@id":"https:\/\/secure.gravatar.com\/avatar\/b062046536b5d47ec9075956ec349ef95ed06b0f910c578f74abb318668b702e?s=96&d=mm&r=g","url":"https:\/\/secure.gravatar.com\/avatar\/b062046536b5d47ec9075956ec349ef95ed06b0f910c578f74abb318668b702e?s=96&d=mm&r=g","contentUrl":"https:\/\/secure.gravatar.com\/avatar\/b062046536b5d47ec9075956ec349ef95ed06b0f910c578f74abb318668b702e?s=96&d=mm&r=g","caption":"Michele"},"sameAs":["https:\/\/www.festivox.fr\/blog"],"url":"https:\/\/www.festivox.fr\/blog\/author\/voxadmin\/"}]}},"_links":{"self":[{"href":"https:\/\/www.festivox.fr\/blog\/wp-json\/wp\/v2\/posts\/635","targetHints":{"allow":["GET"]}}],"collection":[{"href":"https:\/\/www.festivox.fr\/blog\/wp-json\/wp\/v2\/posts"}],"about":[{"href":"https:\/\/www.festivox.fr\/blog\/wp-json\/wp\/v2\/types\/post"}],"author":[{"embeddable":true,"href":"https:\/\/www.festivox.fr\/blog\/wp-json\/wp\/v2\/users\/1"}],"replies":[{"embeddable":true,"href":"https:\/\/www.festivox.fr\/blog\/wp-json\/wp\/v2\/comments?post=635"}],"version-history":[{"count":0,"href":"https:\/\/www.festivox.fr\/blog\/wp-json\/wp\/v2\/posts\/635\/revisions"}],"wp:featuredmedia":[{"embeddable":true,"href":"https:\/\/www.festivox.fr\/blog\/wp-json\/wp\/v2\/media\/636"}],"wp:attachment":[{"href":"https:\/\/www.festivox.fr\/blog\/wp-json\/wp\/v2\/media?parent=635"}],"wp:term":[{"taxonomy":"category","embeddable":true,"href":"https:\/\/www.festivox.fr\/blog\/wp-json\/wp\/v2\/categories?post=635"},{"taxonomy":"post_tag","embeddable":true,"href":"https:\/\/www.festivox.fr\/blog\/wp-json\/wp\/v2\/tags?post=635"}],"curies":[{"name":"wp","href":"https:\/\/api.w.org\/{rel}","templated":true}]}}