{"id":633,"date":"2024-01-28T00:31:00","date_gmt":"2024-01-27T23:31:00","guid":{"rendered":"https:\/\/www.festivox.fr\/blog\/albi-festival-jazz-une-effervescence-douce-joyeuse-et-populaire\/"},"modified":"2024-01-28T00:31:00","modified_gmt":"2024-01-27T23:31:00","slug":"albi-festival-jazz-une-effervescence-douce-joyeuse-et-populaire","status":"publish","type":"post","link":"https:\/\/www.festivox.fr\/blog\/albi-festival-jazz-une-effervescence-douce-joyeuse-et-populaire\/","title":{"rendered":"Albi festival Jazz : \u00ab une effervescence douce, joyeuse et populaire"},"content":{"rendered":"\n<div><img decoding=\"async\" src=\"https:\/\/www.festivox.fr\/blog\/wp-content\/uploads\/2024\/02\/albi-festival-jazz-une-effervescence-douce-joyeuse-et-populaire.jpg\" class=\"ff-og-image-inserted\"><\/div>\n<p> <span class=\"article-full__chapo-label hide-on-small-only\">l&rsquo;essentiel<\/span> Nathalie Besan\u00e7on, la directrice de la sc\u00e8ne nationale, dresse un premier bilan \u00e0 chaud de la 5e \u00e9dition d\u2019Albi jazz festival. Une \u00e9dition r\u00e9ussie qui en appelle une sixi\u00e8me. <\/p>\n<div data-state=\"fixed-height\" data-selection=\"disabled\">\n<p>Hier, \u00e0 quelques heures de la derni\u00e8re soir\u00e9e d\u2019Albi jazz festival, la directrice de la sc\u00e8ne nationale, Nathalie Besan\u00e7on ne cachait pas \u00ab\u2005sa grande satisfaction\u2005\u00bb. Une fois encore, le public a r\u00e9pondu pr\u00e9sent.<br \/>La fr\u00e9quentation des concerts est bonne. Tout comme les retours des spectateurs. \u00ab\u2005Il y a eu des temps tr\u00e8s forts qui resteront grav\u00e9s dans la t\u00eate des spectateurs. La premi\u00e8re soir\u00e9e au grand th\u00e9\u00e2tre a \u00e9t\u00e9 extr\u00eamement forte. Elle correspond \u00e0 ce que j\u2019imagine. Quand la musique devient \u00e0 ce point un partage, que les spectateurs sont embarqu\u00e9s\u2026\u2005\u00bb, commente-t-elle. \u00ab\u2005Les musiciens ont r\u00e9ussi \u00e0 nous mettre des fourmis dans les jambes\u2005\u00bb, ajoute-t-elle. Et de qualifier le festival de moment \u00ab\u2005d\u2019effervescence douce, joyeuse et populaire\u2005\u00bb.<\/p>\n<p><!-- Pub DFP Position [outstream] --> <\/p>\n<p class=\"std-elt__inline\"> <strong>A lire aussi :<\/strong> <a href=\"https:\/\/www.ladepeche.fr\/2024\/01\/25\/video-albi-quand-le-jazz-est-la-11719350.php\" target=\"_blank\" rel=\"nofollow\">VIDEO. Albi : quand le jazz est l\u00e0<\/a> <\/p>\n<p><!-- Pub DFP Position [article] --> <\/p>\n<p>Comme chaque ann\u00e9e, le Magic Mirrors&nbsp;a contribu\u00e9 \u00e0 ce succ\u00e8s, avec beaucoup de tr\u00e8s beaux moments le soir mais pas uniquement. \u00ab\u2005Le concert de midi et demi attire beaucoup de personnes. C\u2019est un rendez-vous pour les Albigeois\u2005\u00bb, souligne Nathalie Besan\u00e7on. Un Magic&nbsp;Mirrors encore diff\u00e9rent des pr\u00e9c\u00e9dentes \u00e9ditions mais qui pourrait revenir l\u2019an prochain. \u00ab\u2005C\u2019est ce qu\u2019on cherchait. Il s\u00e9pare moins les gens. Ils s\u2019y sentent bien. Et il est tr\u00e8s joli\u2005\u00bb, assure-t-elle.<\/p>\n<p class=\"std-elt__inline\"> <strong>A lire aussi :<\/strong> <a href=\"https:\/\/www.ladepeche.fr\/2024\/01\/24\/video-albi-jazz-festival-en-images-11716923.php\" target=\"_blank\" rel=\"nofollow\">VIDEO. Albi jazz festival en images<\/a> <\/p>\n<p>Cette ann\u00e9e, la programmation \u00e9tait tr\u00e8s \u00e9clectique. Un choix inscrit dans les missions et l\u2019ADN des sc\u00e8nes nationales, mais aussi \u00ab\u2005l\u2019envie\u2005\u00bb qui sont de mettre en avant la cr\u00e9ation. \u00ab\u2005Le jazz est une musique tr\u00e8s vivante. Les spectateurs ont envie d\u2019entendre toutes les nuances du jazz. Le but est d\u2019ouvrir \u00e0 la tr\u00e8s grande diversit\u00e9\u2005\u00bb, explique la directrice.<\/p>\n<p>Cet \u00e9clectisme permet une diversit\u00e9 des publics. \u00ab\u2005Il y a un brassage, c\u2019est important\u2005\u00bb, insiste Nathalie Besan\u00e7on.<br \/>Autres temps forts, l\u2019association des jeunes \u00e0 ce festival avec des restitutions d\u2019ateliers au Magic Mirrors. Avec des musiciens du conservatoire mais pas que\u2026 \u00ab\u2005J\u2019aime que des artistes partage leur savoir-faire avec des \u00e9l\u00e8ves\u2005\u00bb, avoue la directrice.<\/p>\n<p>R\u00e9sultat, au bout de 5 ans, ce festival est bien install\u00e9. Inscrit dans le calendrier des Tarnais et des spectateurs venus d\u2019ailleurs. Meilleure preuve de sa renomm\u00e9e grandissante, des programmateurs \u00ab\u2005d\u2019ailleurs\u2005\u00bb sont venus. \u00ab\u2005C\u2019est un indicateur du fait que le festival fait de plus en plus parler de lui\u2005\u00bb, assure la directrice.<\/p>\n<p class=\"std-elt__inline\"> <strong>A lire aussi :<\/strong> <a href=\"https:\/\/www.ladepeche.fr\/2024\/01\/24\/video-albi-jazz-festival-la-si-belle-rencontre-entre-eve-risser-et-nainy-diabate-11716893.php\" target=\"_blank\" rel=\"nofollow\">VIDEO. Albi jazz festival : la si belle rencontre entre Eve Risser et Na\u00efny Diabat\u00e9<\/a> <\/p>\n<p>Pour cette derni\u00e8re, l&rsquo;\u00e9v\u00e9nement&nbsp;r\u00e9pond \u00e0 un \u00ab\u2005int\u00e9r\u00eat des publics assez fort vers ces musiques. Cela prouve que cela va s\u2019inscrire dans la dur\u00e9e. Le festival ne peut que grandir encore\u2005\u00bb.<br \/>Bien \u00e9videmment, il y aura une 6 e \u00e9dition. Elle aura lieu fin janvier 2025. Une date d\u00e9sormais inscrite dans le calendrier de tous les amoureux du jazz et de la musique en g\u00e9n\u00e9ral.<\/p>\n<\/p><\/div>\n<p> Cet article, qui traite du th\u00e8me \u00ab\u00a0Festival Jazz et musique en mode guinguette\u00a0\u00bb, vous est d\u00e9lib\u00e9r\u00e9ment offert par festivox.fr. La raison d\u2019\u00eatre de festivox.fr est de parler de Festival Jazz et musique en mode guinguette dans la transparence la plus g\u00e9n\u00e9rale en vous procurant la visibilit\u00e9 de tout ce qui est publi\u00e9 sur ce sujet sur le web La chronique a \u00e9t\u00e9 g\u00e9n\u00e9r\u00e9e de la mani\u00e8re la plus honn\u00eate que possible. S\u2019il advenait que vous projetez d\u2019apporter quelques notes concernant le domaine de \u00ab\u00a0Festival Jazz et musique en mode guinguette\u00a0\u00bb vous avez la possibilit\u00e9 de d&rsquo;\u00e9changer avec notre r\u00e9daction. Dans peu de temps, on mettra en ligne d&rsquo;autres informations pertinentes autour du sujet \u00ab\u00a0Festival Jazz et musique en mode guinguette\u00a0\u00bb. Ainsi, consultez r\u00e9guli\u00e8rement notre site.<\/p>\n","protected":false},"excerpt":{"rendered":"<p>l&rsquo;essentiel Nathalie Besan\u00e7on, la directrice de la sc\u00e8ne nationale, dresse un premier bilan \u00e0 chaud de la 5e \u00e9dition d\u2019Albi jazz festival. Une \u00e9dition r\u00e9ussie qui en appelle une sixi\u00e8me. Hier, \u00e0 quelques heures de la derni\u00e8re soir\u00e9e d\u2019Albi jazz festival, la directrice de la sc\u00e8ne nationale, Nathalie Besan\u00e7on ne cachait pas \u00ab\u2005sa grande satisfaction\u2005\u00bb.&hellip;<\/p>\n","protected":false},"author":1,"featured_media":634,"comment_status":"closed","ping_status":"closed","sticky":false,"template":"","format":"standard","meta":{"footnotes":""},"categories":[3],"tags":[],"class_list":["post-633","post","type-post","status-publish","format-standard","has-post-thumbnail","hentry","category-wiki-sur-festival-jazz-et-musique-en-mode-guinguette"],"yoast_head":"<!-- This site is optimized with the Yoast SEO plugin v27.5 - https:\/\/yoast.com\/product\/yoast-seo-wordpress\/ -->\n<title>Albi festival Jazz : \u00ab une effervescence douce, joyeuse et populaire - FESTIVOX<\/title>\n<meta name=\"robots\" content=\"index, follow, max-snippet:-1, max-image-preview:large, max-video-preview:-1\" \/>\n<link rel=\"canonical\" href=\"https:\/\/www.festivox.fr\/blog\/albi-festival-jazz-une-effervescence-douce-joyeuse-et-populaire\/\" \/>\n<meta property=\"og:locale\" content=\"fr_FR\" \/>\n<meta property=\"og:type\" content=\"article\" \/>\n<meta property=\"og:title\" content=\"Albi festival Jazz : \u00ab une effervescence douce, joyeuse et populaire - FESTIVOX\" \/>\n<meta property=\"og:description\" content=\"l&rsquo;essentiel Nathalie Besan\u00e7on, la directrice de la sc\u00e8ne nationale, dresse un premier bilan \u00e0 chaud de la 5e \u00e9dition d\u2019Albi jazz festival. Une \u00e9dition r\u00e9ussie qui en appelle une sixi\u00e8me. Hier, \u00e0 quelques heures de la derni\u00e8re soir\u00e9e d\u2019Albi jazz festival, la directrice de la sc\u00e8ne nationale, Nathalie Besan\u00e7on ne cachait pas \u00ab\u2005sa grande satisfaction\u2005\u00bb.&hellip;\" \/>\n<meta property=\"og:url\" content=\"https:\/\/www.festivox.fr\/blog\/albi-festival-jazz-une-effervescence-douce-joyeuse-et-populaire\/\" \/>\n<meta property=\"og:site_name\" content=\"FESTIVOX\" \/>\n<meta property=\"article:published_time\" content=\"2024-01-27T23:31:00+00:00\" \/>\n<meta property=\"og:image\" content=\"https:\/\/www.festivox.fr\/blog\/wp-content\/uploads\/2024\/02\/albi-festival-jazz-une-effervescence-douce-joyeuse-et-populaire.jpg\" \/>\n<meta name=\"author\" content=\"Michele\" \/>\n<meta name=\"twitter:card\" content=\"summary_large_image\" \/>\n<meta name=\"twitter:label1\" content=\"\u00c9crit par\" \/>\n\t<meta name=\"twitter:data1\" content=\"Michele\" \/>\n\t<meta name=\"twitter:label2\" content=\"Dur\u00e9e de lecture estim\u00e9e\" \/>\n\t<meta name=\"twitter:data2\" content=\"3 minutes\" \/>\n<script type=\"application\/ld+json\" class=\"yoast-schema-graph\">{\"@context\":\"https:\\\/\\\/schema.org\",\"@graph\":[{\"@type\":\"Article\",\"@id\":\"https:\\\/\\\/www.festivox.fr\\\/blog\\\/albi-festival-jazz-une-effervescence-douce-joyeuse-et-populaire\\\/#article\",\"isPartOf\":{\"@id\":\"https:\\\/\\\/www.festivox.fr\\\/blog\\\/albi-festival-jazz-une-effervescence-douce-joyeuse-et-populaire\\\/\"},\"author\":{\"name\":\"Michele\",\"@id\":\"https:\\\/\\\/www.festivox.fr\\\/blog\\\/#\\\/schema\\\/person\\\/f36a8b6bc94800c3eafed4bca993ce95\"},\"headline\":\"Albi festival Jazz : \u00ab une effervescence douce, joyeuse et populaire\",\"datePublished\":\"2024-01-27T23:31:00+00:00\",\"mainEntityOfPage\":{\"@id\":\"https:\\\/\\\/www.festivox.fr\\\/blog\\\/albi-festival-jazz-une-effervescence-douce-joyeuse-et-populaire\\\/\"},\"wordCount\":702,\"publisher\":{\"@id\":\"https:\\\/\\\/www.festivox.fr\\\/blog\\\/#organization\"},\"image\":{\"@id\":\"https:\\\/\\\/www.festivox.fr\\\/blog\\\/albi-festival-jazz-une-effervescence-douce-joyeuse-et-populaire\\\/#primaryimage\"},\"thumbnailUrl\":\"https:\\\/\\\/www.festivox.fr\\\/blog\\\/wp-content\\\/uploads\\\/2024\\\/02\\\/albi-festival-jazz-une-effervescence-douce-joyeuse-et-populaire.jpg\",\"articleSection\":[\"Wiki Sur Festival Jazz Et Musique En Mode Guinguette:\"],\"inLanguage\":\"fr-FR\"},{\"@type\":\"WebPage\",\"@id\":\"https:\\\/\\\/www.festivox.fr\\\/blog\\\/albi-festival-jazz-une-effervescence-douce-joyeuse-et-populaire\\\/\",\"url\":\"https:\\\/\\\/www.festivox.fr\\\/blog\\\/albi-festival-jazz-une-effervescence-douce-joyeuse-et-populaire\\\/\",\"name\":\"Albi festival Jazz : \u00ab une effervescence douce, joyeuse et populaire - FESTIVOX\",\"isPartOf\":{\"@id\":\"https:\\\/\\\/www.festivox.fr\\\/blog\\\/#website\"},\"primaryImageOfPage\":{\"@id\":\"https:\\\/\\\/www.festivox.fr\\\/blog\\\/albi-festival-jazz-une-effervescence-douce-joyeuse-et-populaire\\\/#primaryimage\"},\"image\":{\"@id\":\"https:\\\/\\\/www.festivox.fr\\\/blog\\\/albi-festival-jazz-une-effervescence-douce-joyeuse-et-populaire\\\/#primaryimage\"},\"thumbnailUrl\":\"https:\\\/\\\/www.festivox.fr\\\/blog\\\/wp-content\\\/uploads\\\/2024\\\/02\\\/albi-festival-jazz-une-effervescence-douce-joyeuse-et-populaire.jpg\",\"datePublished\":\"2024-01-27T23:31:00+00:00\",\"breadcrumb\":{\"@id\":\"https:\\\/\\\/www.festivox.fr\\\/blog\\\/albi-festival-jazz-une-effervescence-douce-joyeuse-et-populaire\\\/#breadcrumb\"},\"inLanguage\":\"fr-FR\",\"potentialAction\":[{\"@type\":\"ReadAction\",\"target\":[\"https:\\\/\\\/www.festivox.fr\\\/blog\\\/albi-festival-jazz-une-effervescence-douce-joyeuse-et-populaire\\\/\"]}]},{\"@type\":\"ImageObject\",\"inLanguage\":\"fr-FR\",\"@id\":\"https:\\\/\\\/www.festivox.fr\\\/blog\\\/albi-festival-jazz-une-effervescence-douce-joyeuse-et-populaire\\\/#primaryimage\",\"url\":\"https:\\\/\\\/www.festivox.fr\\\/blog\\\/wp-content\\\/uploads\\\/2024\\\/02\\\/albi-festival-jazz-une-effervescence-douce-joyeuse-et-populaire.jpg\",\"contentUrl\":\"https:\\\/\\\/www.festivox.fr\\\/blog\\\/wp-content\\\/uploads\\\/2024\\\/02\\\/albi-festival-jazz-une-effervescence-douce-joyeuse-et-populaire.jpg\",\"width\":885,\"height\":500},{\"@type\":\"BreadcrumbList\",\"@id\":\"https:\\\/\\\/www.festivox.fr\\\/blog\\\/albi-festival-jazz-une-effervescence-douce-joyeuse-et-populaire\\\/#breadcrumb\",\"itemListElement\":[{\"@type\":\"ListItem\",\"position\":1,\"name\":\"Accueil\",\"item\":\"https:\\\/\\\/www.festivox.fr\\\/blog\\\/\"},{\"@type\":\"ListItem\",\"position\":2,\"name\":\"Albi festival Jazz : \u00ab une effervescence douce, joyeuse et populaire\"}]},{\"@type\":\"WebSite\",\"@id\":\"https:\\\/\\\/www.festivox.fr\\\/blog\\\/#website\",\"url\":\"https:\\\/\\\/www.festivox.fr\\\/blog\\\/\",\"name\":\"FESTIVOX\",\"description\":\"Festival en mode guinguette.\",\"publisher\":{\"@id\":\"https:\\\/\\\/www.festivox.fr\\\/blog\\\/#organization\"},\"potentialAction\":[{\"@type\":\"SearchAction\",\"target\":{\"@type\":\"EntryPoint\",\"urlTemplate\":\"https:\\\/\\\/www.festivox.fr\\\/blog\\\/?s={search_term_string}\"},\"query-input\":{\"@type\":\"PropertyValueSpecification\",\"valueRequired\":true,\"valueName\":\"search_term_string\"}}],\"inLanguage\":\"fr-FR\"},{\"@type\":\"Organization\",\"@id\":\"https:\\\/\\\/www.festivox.fr\\\/blog\\\/#organization\",\"name\":\"festivox\",\"url\":\"https:\\\/\\\/www.festivox.fr\\\/blog\\\/\",\"logo\":{\"@type\":\"ImageObject\",\"inLanguage\":\"fr-FR\",\"@id\":\"https:\\\/\\\/www.festivox.fr\\\/blog\\\/#\\\/schema\\\/logo\\\/image\\\/\",\"url\":\"https:\\\/\\\/www.festivox.fr\\\/blog\\\/wp-content\\\/uploads\\\/2023\\\/06\\\/logo-2.png\",\"contentUrl\":\"https:\\\/\\\/www.festivox.fr\\\/blog\\\/wp-content\\\/uploads\\\/2023\\\/06\\\/logo-2.png\",\"width\":480,\"height\":160,\"caption\":\"festivox\"},\"image\":{\"@id\":\"https:\\\/\\\/www.festivox.fr\\\/blog\\\/#\\\/schema\\\/logo\\\/image\\\/\"}},{\"@type\":\"Person\",\"@id\":\"https:\\\/\\\/www.festivox.fr\\\/blog\\\/#\\\/schema\\\/person\\\/f36a8b6bc94800c3eafed4bca993ce95\",\"name\":\"Michele\",\"image\":{\"@type\":\"ImageObject\",\"inLanguage\":\"fr-FR\",\"@id\":\"https:\\\/\\\/secure.gravatar.com\\\/avatar\\\/b062046536b5d47ec9075956ec349ef95ed06b0f910c578f74abb318668b702e?s=96&d=mm&r=g\",\"url\":\"https:\\\/\\\/secure.gravatar.com\\\/avatar\\\/b062046536b5d47ec9075956ec349ef95ed06b0f910c578f74abb318668b702e?s=96&d=mm&r=g\",\"contentUrl\":\"https:\\\/\\\/secure.gravatar.com\\\/avatar\\\/b062046536b5d47ec9075956ec349ef95ed06b0f910c578f74abb318668b702e?s=96&d=mm&r=g\",\"caption\":\"Michele\"},\"sameAs\":[\"https:\\\/\\\/www.festivox.fr\\\/blog\"],\"url\":\"https:\\\/\\\/www.festivox.fr\\\/blog\\\/author\\\/voxadmin\\\/\"}]}<\/script>\n<!-- \/ Yoast SEO plugin. -->","yoast_head_json":{"title":"Albi festival Jazz : \u00ab une effervescence douce, joyeuse et populaire - FESTIVOX","robots":{"index":"index","follow":"follow","max-snippet":"max-snippet:-1","max-image-preview":"max-image-preview:large","max-video-preview":"max-video-preview:-1"},"canonical":"https:\/\/www.festivox.fr\/blog\/albi-festival-jazz-une-effervescence-douce-joyeuse-et-populaire\/","og_locale":"fr_FR","og_type":"article","og_title":"Albi festival Jazz : \u00ab une effervescence douce, joyeuse et populaire - FESTIVOX","og_description":"l&rsquo;essentiel Nathalie Besan\u00e7on, la directrice de la sc\u00e8ne nationale, dresse un premier bilan \u00e0 chaud de la 5e \u00e9dition d\u2019Albi jazz festival. Une \u00e9dition r\u00e9ussie qui en appelle une sixi\u00e8me. Hier, \u00e0 quelques heures de la derni\u00e8re soir\u00e9e d\u2019Albi jazz festival, la directrice de la sc\u00e8ne nationale, Nathalie Besan\u00e7on ne cachait pas \u00ab\u2005sa grande satisfaction\u2005\u00bb.&hellip;","og_url":"https:\/\/www.festivox.fr\/blog\/albi-festival-jazz-une-effervescence-douce-joyeuse-et-populaire\/","og_site_name":"FESTIVOX","article_published_time":"2024-01-27T23:31:00+00:00","og_image":[{"url":"https:\/\/www.festivox.fr\/blog\/wp-content\/uploads\/2024\/02\/albi-festival-jazz-une-effervescence-douce-joyeuse-et-populaire.jpg","type":"","width":"","height":""}],"author":"Michele","twitter_card":"summary_large_image","twitter_misc":{"\u00c9crit par":"Michele","Dur\u00e9e de lecture estim\u00e9e":"3 minutes"},"schema":{"@context":"https:\/\/schema.org","@graph":[{"@type":"Article","@id":"https:\/\/www.festivox.fr\/blog\/albi-festival-jazz-une-effervescence-douce-joyeuse-et-populaire\/#article","isPartOf":{"@id":"https:\/\/www.festivox.fr\/blog\/albi-festival-jazz-une-effervescence-douce-joyeuse-et-populaire\/"},"author":{"name":"Michele","@id":"https:\/\/www.festivox.fr\/blog\/#\/schema\/person\/f36a8b6bc94800c3eafed4bca993ce95"},"headline":"Albi festival Jazz : \u00ab une effervescence douce, joyeuse et populaire","datePublished":"2024-01-27T23:31:00+00:00","mainEntityOfPage":{"@id":"https:\/\/www.festivox.fr\/blog\/albi-festival-jazz-une-effervescence-douce-joyeuse-et-populaire\/"},"wordCount":702,"publisher":{"@id":"https:\/\/www.festivox.fr\/blog\/#organization"},"image":{"@id":"https:\/\/www.festivox.fr\/blog\/albi-festival-jazz-une-effervescence-douce-joyeuse-et-populaire\/#primaryimage"},"thumbnailUrl":"https:\/\/www.festivox.fr\/blog\/wp-content\/uploads\/2024\/02\/albi-festival-jazz-une-effervescence-douce-joyeuse-et-populaire.jpg","articleSection":["Wiki Sur Festival Jazz Et Musique En Mode Guinguette:"],"inLanguage":"fr-FR"},{"@type":"WebPage","@id":"https:\/\/www.festivox.fr\/blog\/albi-festival-jazz-une-effervescence-douce-joyeuse-et-populaire\/","url":"https:\/\/www.festivox.fr\/blog\/albi-festival-jazz-une-effervescence-douce-joyeuse-et-populaire\/","name":"Albi festival Jazz : \u00ab une effervescence douce, joyeuse et populaire - FESTIVOX","isPartOf":{"@id":"https:\/\/www.festivox.fr\/blog\/#website"},"primaryImageOfPage":{"@id":"https:\/\/www.festivox.fr\/blog\/albi-festival-jazz-une-effervescence-douce-joyeuse-et-populaire\/#primaryimage"},"image":{"@id":"https:\/\/www.festivox.fr\/blog\/albi-festival-jazz-une-effervescence-douce-joyeuse-et-populaire\/#primaryimage"},"thumbnailUrl":"https:\/\/www.festivox.fr\/blog\/wp-content\/uploads\/2024\/02\/albi-festival-jazz-une-effervescence-douce-joyeuse-et-populaire.jpg","datePublished":"2024-01-27T23:31:00+00:00","breadcrumb":{"@id":"https:\/\/www.festivox.fr\/blog\/albi-festival-jazz-une-effervescence-douce-joyeuse-et-populaire\/#breadcrumb"},"inLanguage":"fr-FR","potentialAction":[{"@type":"ReadAction","target":["https:\/\/www.festivox.fr\/blog\/albi-festival-jazz-une-effervescence-douce-joyeuse-et-populaire\/"]}]},{"@type":"ImageObject","inLanguage":"fr-FR","@id":"https:\/\/www.festivox.fr\/blog\/albi-festival-jazz-une-effervescence-douce-joyeuse-et-populaire\/#primaryimage","url":"https:\/\/www.festivox.fr\/blog\/wp-content\/uploads\/2024\/02\/albi-festival-jazz-une-effervescence-douce-joyeuse-et-populaire.jpg","contentUrl":"https:\/\/www.festivox.fr\/blog\/wp-content\/uploads\/2024\/02\/albi-festival-jazz-une-effervescence-douce-joyeuse-et-populaire.jpg","width":885,"height":500},{"@type":"BreadcrumbList","@id":"https:\/\/www.festivox.fr\/blog\/albi-festival-jazz-une-effervescence-douce-joyeuse-et-populaire\/#breadcrumb","itemListElement":[{"@type":"ListItem","position":1,"name":"Accueil","item":"https:\/\/www.festivox.fr\/blog\/"},{"@type":"ListItem","position":2,"name":"Albi festival Jazz : \u00ab une effervescence douce, joyeuse et populaire"}]},{"@type":"WebSite","@id":"https:\/\/www.festivox.fr\/blog\/#website","url":"https:\/\/www.festivox.fr\/blog\/","name":"FESTIVOX","description":"Festival en mode guinguette.","publisher":{"@id":"https:\/\/www.festivox.fr\/blog\/#organization"},"potentialAction":[{"@type":"SearchAction","target":{"@type":"EntryPoint","urlTemplate":"https:\/\/www.festivox.fr\/blog\/?s={search_term_string}"},"query-input":{"@type":"PropertyValueSpecification","valueRequired":true,"valueName":"search_term_string"}}],"inLanguage":"fr-FR"},{"@type":"Organization","@id":"https:\/\/www.festivox.fr\/blog\/#organization","name":"festivox","url":"https:\/\/www.festivox.fr\/blog\/","logo":{"@type":"ImageObject","inLanguage":"fr-FR","@id":"https:\/\/www.festivox.fr\/blog\/#\/schema\/logo\/image\/","url":"https:\/\/www.festivox.fr\/blog\/wp-content\/uploads\/2023\/06\/logo-2.png","contentUrl":"https:\/\/www.festivox.fr\/blog\/wp-content\/uploads\/2023\/06\/logo-2.png","width":480,"height":160,"caption":"festivox"},"image":{"@id":"https:\/\/www.festivox.fr\/blog\/#\/schema\/logo\/image\/"}},{"@type":"Person","@id":"https:\/\/www.festivox.fr\/blog\/#\/schema\/person\/f36a8b6bc94800c3eafed4bca993ce95","name":"Michele","image":{"@type":"ImageObject","inLanguage":"fr-FR","@id":"https:\/\/secure.gravatar.com\/avatar\/b062046536b5d47ec9075956ec349ef95ed06b0f910c578f74abb318668b702e?s=96&d=mm&r=g","url":"https:\/\/secure.gravatar.com\/avatar\/b062046536b5d47ec9075956ec349ef95ed06b0f910c578f74abb318668b702e?s=96&d=mm&r=g","contentUrl":"https:\/\/secure.gravatar.com\/avatar\/b062046536b5d47ec9075956ec349ef95ed06b0f910c578f74abb318668b702e?s=96&d=mm&r=g","caption":"Michele"},"sameAs":["https:\/\/www.festivox.fr\/blog"],"url":"https:\/\/www.festivox.fr\/blog\/author\/voxadmin\/"}]}},"_links":{"self":[{"href":"https:\/\/www.festivox.fr\/blog\/wp-json\/wp\/v2\/posts\/633","targetHints":{"allow":["GET"]}}],"collection":[{"href":"https:\/\/www.festivox.fr\/blog\/wp-json\/wp\/v2\/posts"}],"about":[{"href":"https:\/\/www.festivox.fr\/blog\/wp-json\/wp\/v2\/types\/post"}],"author":[{"embeddable":true,"href":"https:\/\/www.festivox.fr\/blog\/wp-json\/wp\/v2\/users\/1"}],"replies":[{"embeddable":true,"href":"https:\/\/www.festivox.fr\/blog\/wp-json\/wp\/v2\/comments?post=633"}],"version-history":[{"count":0,"href":"https:\/\/www.festivox.fr\/blog\/wp-json\/wp\/v2\/posts\/633\/revisions"}],"wp:featuredmedia":[{"embeddable":true,"href":"https:\/\/www.festivox.fr\/blog\/wp-json\/wp\/v2\/media\/634"}],"wp:attachment":[{"href":"https:\/\/www.festivox.fr\/blog\/wp-json\/wp\/v2\/media?parent=633"}],"wp:term":[{"taxonomy":"category","embeddable":true,"href":"https:\/\/www.festivox.fr\/blog\/wp-json\/wp\/v2\/categories?post=633"},{"taxonomy":"post_tag","embeddable":true,"href":"https:\/\/www.festivox.fr\/blog\/wp-json\/wp\/v2\/tags?post=633"}],"curies":[{"name":"wp","href":"https:\/\/api.w.org\/{rel}","templated":true}]}}