{"id":625,"date":"2024-01-21T07:18:00","date_gmt":"2024-01-21T06:18:00","guid":{"rendered":"https:\/\/www.festivox.fr\/blog\/castetis-deux-chorales-pour-un-concert-a-leglise\/"},"modified":"2024-01-21T07:18:00","modified_gmt":"2024-01-21T06:18:00","slug":"castetis-deux-chorales-pour-un-concert-a-leglise","status":"publish","type":"post","link":"https:\/\/www.festivox.fr\/blog\/castetis-deux-chorales-pour-un-concert-a-leglise\/","title":{"rendered":"Cast\u00e9tis : deux chorales pour un concert \u00e0 l\u2019\u00e9glise"},"content":{"rendered":"\n<div><img decoding=\"async\" src=\"https:\/\/www.festivox.fr\/blog\/wp-content\/uploads\/2024\/01\/castetis-deux-chorales-pour-un-concert-a-leglise.jpg\" class=\"ff-og-image-inserted\"><\/div>\n<p>Invit\u00e9e par Arcanto \u00e0 venir chanter \u00e0 Argagnon il y a&nbsp;18 mois, elle n\u2019avait pas eu l\u2019occasion \u00e0 son tour d\u2019inviter sa voisine. Voil\u00e0 qui sera fait pour ce concert.<\/p>\n<div class=\"related-article related-article-premium base-margin-bottom\"> <span class=\"badge\">La r\u00e9daction vous conseille<\/span> <\/div>\n<p>En premi\u00e8re partie, \u00ab&nbsp;La Bande originale&nbsp;\u00bb, qui sera accompagn\u00e9e au piano par C\u00e9line Suhas, pr\u00e9sentera un programme en partie renouvel\u00e9. Le public y trouve entre autres l\u2019 \u00ab&nbsp;Ave verum&nbsp;\u00bb, \u00ab&nbsp;La Barcarolle&nbsp;\u00bb mais aussi l\u2019\u00ab&nbsp;Ave Maria Guarami&nbsp;\u00bb et \u00ab&nbsp;Les Corons&nbsp;\u00bb.<\/p>\n<p>En deuxi\u00e8me partie, la chorale de Larissa Tamara donnera son concert. Au programme de la chorale, qui sera accompagn\u00e9e au piano par Michel Queuille, le \u00ab&nbsp;Pater Noster&nbsp;\u00bb de Nicola\u00ef K\u00e9drov, \u00ab&nbsp;Le Jazz et la Java&nbsp;\u00bb de Claude Nougaro, \u00ab&nbsp;Cantique de Jean Racine&nbsp;\u00bb de Gabriel Faur\u00e9, \u00ab&nbsp;Couleur Caf\u00e9&nbsp;\u00bb de Serge Gainsbourg, etc.<\/p>\n<p>Les deux groupes s\u2019uniront enfin pour interpr\u00e9ter \u00ab&nbsp;1492&nbsp;\u00bb de Vang\u00e9lis.<\/p>\n<p><em>Entr\u00e9e au chapeau.<\/em><\/p>\n<p> Cet article, qui traite du th\u00e8me \u00ab\u00a0Festival Jazz et musique en mode guinguette\u00a0\u00bb, vous est d\u00e9lib\u00e9r\u00e9ment offert par festivox.fr. La raison d\u2019\u00eatre de festivox.fr est de parler de Festival Jazz et musique en mode guinguette dans la transparence la plus g\u00e9n\u00e9rale en vous procurant la visibilit\u00e9 de tout ce qui est publi\u00e9 sur ce sujet sur le web La chronique a \u00e9t\u00e9 g\u00e9n\u00e9r\u00e9e de la mani\u00e8re la plus honn\u00eate que possible. S\u2019il advenait que vous projetez d\u2019apporter quelques notes concernant le domaine de \u00ab\u00a0Festival Jazz et musique en mode guinguette\u00a0\u00bb vous avez la possibilit\u00e9 de d&rsquo;\u00e9changer avec notre r\u00e9daction. Dans peu de temps, on mettra en ligne d&rsquo;autres informations pertinentes autour du sujet \u00ab\u00a0Festival Jazz et musique en mode guinguette\u00a0\u00bb. Ainsi, consultez r\u00e9guli\u00e8rement notre site.<\/p>\n","protected":false},"excerpt":{"rendered":"<p>Invit\u00e9e par Arcanto \u00e0 venir chanter \u00e0 Argagnon il y a&nbsp;18 mois, elle n\u2019avait pas eu l\u2019occasion \u00e0 son tour d\u2019inviter sa voisine. Voil\u00e0 qui sera fait pour ce concert. La r\u00e9daction vous conseille En premi\u00e8re partie, \u00ab&nbsp;La Bande originale&nbsp;\u00bb, qui sera accompagn\u00e9e au piano par C\u00e9line Suhas, pr\u00e9sentera un programme en partie renouvel\u00e9. Le&hellip;<\/p>\n","protected":false},"author":1,"featured_media":626,"comment_status":"closed","ping_status":"closed","sticky":false,"template":"","format":"standard","meta":{"footnotes":""},"categories":[3],"tags":[],"class_list":["post-625","post","type-post","status-publish","format-standard","has-post-thumbnail","hentry","category-wiki-sur-festival-jazz-et-musique-en-mode-guinguette"],"yoast_head":"<!-- This site is optimized with the Yoast SEO plugin v27.5 - https:\/\/yoast.com\/product\/yoast-seo-wordpress\/ -->\n<title>Cast\u00e9tis : deux chorales pour un concert \u00e0 l\u2019\u00e9glise - FESTIVOX<\/title>\n<meta name=\"robots\" content=\"index, follow, max-snippet:-1, max-image-preview:large, max-video-preview:-1\" \/>\n<link rel=\"canonical\" href=\"https:\/\/www.festivox.fr\/blog\/castetis-deux-chorales-pour-un-concert-a-leglise\/\" \/>\n<meta property=\"og:locale\" content=\"fr_FR\" \/>\n<meta property=\"og:type\" content=\"article\" \/>\n<meta property=\"og:title\" content=\"Cast\u00e9tis : deux chorales pour un concert \u00e0 l\u2019\u00e9glise - FESTIVOX\" \/>\n<meta property=\"og:description\" content=\"Invit\u00e9e par Arcanto \u00e0 venir chanter \u00e0 Argagnon il y a&nbsp;18 mois, elle n\u2019avait pas eu l\u2019occasion \u00e0 son tour d\u2019inviter sa voisine. Voil\u00e0 qui sera fait pour ce concert. La r\u00e9daction vous conseille En premi\u00e8re partie, \u00ab&nbsp;La Bande originale&nbsp;\u00bb, qui sera accompagn\u00e9e au piano par C\u00e9line Suhas, pr\u00e9sentera un programme en partie renouvel\u00e9. Le&hellip;\" \/>\n<meta property=\"og:url\" content=\"https:\/\/www.festivox.fr\/blog\/castetis-deux-chorales-pour-un-concert-a-leglise\/\" \/>\n<meta property=\"og:site_name\" content=\"FESTIVOX\" \/>\n<meta property=\"article:published_time\" content=\"2024-01-21T06:18:00+00:00\" \/>\n<meta property=\"og:image\" content=\"https:\/\/www.festivox.fr\/blog\/wp-content\/uploads\/2024\/01\/castetis-deux-chorales-pour-un-concert-a-leglise.jpg\" \/>\n<meta name=\"author\" content=\"Michele\" \/>\n<meta name=\"twitter:card\" content=\"summary_large_image\" \/>\n<meta name=\"twitter:label1\" content=\"\u00c9crit par\" \/>\n\t<meta name=\"twitter:data1\" content=\"Michele\" \/>\n\t<meta name=\"twitter:label2\" content=\"Dur\u00e9e de lecture estim\u00e9e\" \/>\n\t<meta name=\"twitter:data2\" content=\"2 minutes\" \/>\n<script type=\"application\/ld+json\" class=\"yoast-schema-graph\">{\"@context\":\"https:\\\/\\\/schema.org\",\"@graph\":[{\"@type\":\"Article\",\"@id\":\"https:\\\/\\\/www.festivox.fr\\\/blog\\\/castetis-deux-chorales-pour-un-concert-a-leglise\\\/#article\",\"isPartOf\":{\"@id\":\"https:\\\/\\\/www.festivox.fr\\\/blog\\\/castetis-deux-chorales-pour-un-concert-a-leglise\\\/\"},\"author\":{\"name\":\"Michele\",\"@id\":\"https:\\\/\\\/www.festivox.fr\\\/blog\\\/#\\\/schema\\\/person\\\/f36a8b6bc94800c3eafed4bca993ce95\"},\"headline\":\"Cast\u00e9tis : deux chorales pour un concert \u00e0 l\u2019\u00e9glise\",\"datePublished\":\"2024-01-21T06:18:00+00:00\",\"mainEntityOfPage\":{\"@id\":\"https:\\\/\\\/www.festivox.fr\\\/blog\\\/castetis-deux-chorales-pour-un-concert-a-leglise\\\/\"},\"wordCount\":325,\"publisher\":{\"@id\":\"https:\\\/\\\/www.festivox.fr\\\/blog\\\/#organization\"},\"image\":{\"@id\":\"https:\\\/\\\/www.festivox.fr\\\/blog\\\/castetis-deux-chorales-pour-un-concert-a-leglise\\\/#primaryimage\"},\"thumbnailUrl\":\"https:\\\/\\\/www.festivox.fr\\\/blog\\\/wp-content\\\/uploads\\\/2024\\\/01\\\/castetis-deux-chorales-pour-un-concert-a-leglise.jpg\",\"articleSection\":[\"Wiki Sur Festival Jazz Et Musique En Mode Guinguette:\"],\"inLanguage\":\"fr-FR\"},{\"@type\":\"WebPage\",\"@id\":\"https:\\\/\\\/www.festivox.fr\\\/blog\\\/castetis-deux-chorales-pour-un-concert-a-leglise\\\/\",\"url\":\"https:\\\/\\\/www.festivox.fr\\\/blog\\\/castetis-deux-chorales-pour-un-concert-a-leglise\\\/\",\"name\":\"Cast\u00e9tis : deux chorales pour un concert \u00e0 l\u2019\u00e9glise - FESTIVOX\",\"isPartOf\":{\"@id\":\"https:\\\/\\\/www.festivox.fr\\\/blog\\\/#website\"},\"primaryImageOfPage\":{\"@id\":\"https:\\\/\\\/www.festivox.fr\\\/blog\\\/castetis-deux-chorales-pour-un-concert-a-leglise\\\/#primaryimage\"},\"image\":{\"@id\":\"https:\\\/\\\/www.festivox.fr\\\/blog\\\/castetis-deux-chorales-pour-un-concert-a-leglise\\\/#primaryimage\"},\"thumbnailUrl\":\"https:\\\/\\\/www.festivox.fr\\\/blog\\\/wp-content\\\/uploads\\\/2024\\\/01\\\/castetis-deux-chorales-pour-un-concert-a-leglise.jpg\",\"datePublished\":\"2024-01-21T06:18:00+00:00\",\"breadcrumb\":{\"@id\":\"https:\\\/\\\/www.festivox.fr\\\/blog\\\/castetis-deux-chorales-pour-un-concert-a-leglise\\\/#breadcrumb\"},\"inLanguage\":\"fr-FR\",\"potentialAction\":[{\"@type\":\"ReadAction\",\"target\":[\"https:\\\/\\\/www.festivox.fr\\\/blog\\\/castetis-deux-chorales-pour-un-concert-a-leglise\\\/\"]}]},{\"@type\":\"ImageObject\",\"inLanguage\":\"fr-FR\",\"@id\":\"https:\\\/\\\/www.festivox.fr\\\/blog\\\/castetis-deux-chorales-pour-un-concert-a-leglise\\\/#primaryimage\",\"url\":\"https:\\\/\\\/www.festivox.fr\\\/blog\\\/wp-content\\\/uploads\\\/2024\\\/01\\\/castetis-deux-chorales-pour-un-concert-a-leglise.jpg\",\"contentUrl\":\"https:\\\/\\\/www.festivox.fr\\\/blog\\\/wp-content\\\/uploads\\\/2024\\\/01\\\/castetis-deux-chorales-pour-un-concert-a-leglise.jpg\",\"width\":1200,\"height\":696},{\"@type\":\"BreadcrumbList\",\"@id\":\"https:\\\/\\\/www.festivox.fr\\\/blog\\\/castetis-deux-chorales-pour-un-concert-a-leglise\\\/#breadcrumb\",\"itemListElement\":[{\"@type\":\"ListItem\",\"position\":1,\"name\":\"Accueil\",\"item\":\"https:\\\/\\\/www.festivox.fr\\\/blog\\\/\"},{\"@type\":\"ListItem\",\"position\":2,\"name\":\"Cast\u00e9tis : deux chorales pour un concert \u00e0 l\u2019\u00e9glise\"}]},{\"@type\":\"WebSite\",\"@id\":\"https:\\\/\\\/www.festivox.fr\\\/blog\\\/#website\",\"url\":\"https:\\\/\\\/www.festivox.fr\\\/blog\\\/\",\"name\":\"FESTIVOX\",\"description\":\"Festival en mode guinguette.\",\"publisher\":{\"@id\":\"https:\\\/\\\/www.festivox.fr\\\/blog\\\/#organization\"},\"potentialAction\":[{\"@type\":\"SearchAction\",\"target\":{\"@type\":\"EntryPoint\",\"urlTemplate\":\"https:\\\/\\\/www.festivox.fr\\\/blog\\\/?s={search_term_string}\"},\"query-input\":{\"@type\":\"PropertyValueSpecification\",\"valueRequired\":true,\"valueName\":\"search_term_string\"}}],\"inLanguage\":\"fr-FR\"},{\"@type\":\"Organization\",\"@id\":\"https:\\\/\\\/www.festivox.fr\\\/blog\\\/#organization\",\"name\":\"festivox\",\"url\":\"https:\\\/\\\/www.festivox.fr\\\/blog\\\/\",\"logo\":{\"@type\":\"ImageObject\",\"inLanguage\":\"fr-FR\",\"@id\":\"https:\\\/\\\/www.festivox.fr\\\/blog\\\/#\\\/schema\\\/logo\\\/image\\\/\",\"url\":\"https:\\\/\\\/www.festivox.fr\\\/blog\\\/wp-content\\\/uploads\\\/2023\\\/06\\\/logo-2.png\",\"contentUrl\":\"https:\\\/\\\/www.festivox.fr\\\/blog\\\/wp-content\\\/uploads\\\/2023\\\/06\\\/logo-2.png\",\"width\":480,\"height\":160,\"caption\":\"festivox\"},\"image\":{\"@id\":\"https:\\\/\\\/www.festivox.fr\\\/blog\\\/#\\\/schema\\\/logo\\\/image\\\/\"}},{\"@type\":\"Person\",\"@id\":\"https:\\\/\\\/www.festivox.fr\\\/blog\\\/#\\\/schema\\\/person\\\/f36a8b6bc94800c3eafed4bca993ce95\",\"name\":\"Michele\",\"image\":{\"@type\":\"ImageObject\",\"inLanguage\":\"fr-FR\",\"@id\":\"https:\\\/\\\/secure.gravatar.com\\\/avatar\\\/b062046536b5d47ec9075956ec349ef95ed06b0f910c578f74abb318668b702e?s=96&d=mm&r=g\",\"url\":\"https:\\\/\\\/secure.gravatar.com\\\/avatar\\\/b062046536b5d47ec9075956ec349ef95ed06b0f910c578f74abb318668b702e?s=96&d=mm&r=g\",\"contentUrl\":\"https:\\\/\\\/secure.gravatar.com\\\/avatar\\\/b062046536b5d47ec9075956ec349ef95ed06b0f910c578f74abb318668b702e?s=96&d=mm&r=g\",\"caption\":\"Michele\"},\"sameAs\":[\"https:\\\/\\\/www.festivox.fr\\\/blog\"],\"url\":\"https:\\\/\\\/www.festivox.fr\\\/blog\\\/author\\\/voxadmin\\\/\"}]}<\/script>\n<!-- \/ Yoast SEO plugin. -->","yoast_head_json":{"title":"Cast\u00e9tis : deux chorales pour un concert \u00e0 l\u2019\u00e9glise - FESTIVOX","robots":{"index":"index","follow":"follow","max-snippet":"max-snippet:-1","max-image-preview":"max-image-preview:large","max-video-preview":"max-video-preview:-1"},"canonical":"https:\/\/www.festivox.fr\/blog\/castetis-deux-chorales-pour-un-concert-a-leglise\/","og_locale":"fr_FR","og_type":"article","og_title":"Cast\u00e9tis : deux chorales pour un concert \u00e0 l\u2019\u00e9glise - FESTIVOX","og_description":"Invit\u00e9e par Arcanto \u00e0 venir chanter \u00e0 Argagnon il y a&nbsp;18 mois, elle n\u2019avait pas eu l\u2019occasion \u00e0 son tour d\u2019inviter sa voisine. Voil\u00e0 qui sera fait pour ce concert. La r\u00e9daction vous conseille En premi\u00e8re partie, \u00ab&nbsp;La Bande originale&nbsp;\u00bb, qui sera accompagn\u00e9e au piano par C\u00e9line Suhas, pr\u00e9sentera un programme en partie renouvel\u00e9. Le&hellip;","og_url":"https:\/\/www.festivox.fr\/blog\/castetis-deux-chorales-pour-un-concert-a-leglise\/","og_site_name":"FESTIVOX","article_published_time":"2024-01-21T06:18:00+00:00","og_image":[{"url":"https:\/\/www.festivox.fr\/blog\/wp-content\/uploads\/2024\/01\/castetis-deux-chorales-pour-un-concert-a-leglise.jpg","type":"","width":"","height":""}],"author":"Michele","twitter_card":"summary_large_image","twitter_misc":{"\u00c9crit par":"Michele","Dur\u00e9e de lecture estim\u00e9e":"2 minutes"},"schema":{"@context":"https:\/\/schema.org","@graph":[{"@type":"Article","@id":"https:\/\/www.festivox.fr\/blog\/castetis-deux-chorales-pour-un-concert-a-leglise\/#article","isPartOf":{"@id":"https:\/\/www.festivox.fr\/blog\/castetis-deux-chorales-pour-un-concert-a-leglise\/"},"author":{"name":"Michele","@id":"https:\/\/www.festivox.fr\/blog\/#\/schema\/person\/f36a8b6bc94800c3eafed4bca993ce95"},"headline":"Cast\u00e9tis : deux chorales pour un concert \u00e0 l\u2019\u00e9glise","datePublished":"2024-01-21T06:18:00+00:00","mainEntityOfPage":{"@id":"https:\/\/www.festivox.fr\/blog\/castetis-deux-chorales-pour-un-concert-a-leglise\/"},"wordCount":325,"publisher":{"@id":"https:\/\/www.festivox.fr\/blog\/#organization"},"image":{"@id":"https:\/\/www.festivox.fr\/blog\/castetis-deux-chorales-pour-un-concert-a-leglise\/#primaryimage"},"thumbnailUrl":"https:\/\/www.festivox.fr\/blog\/wp-content\/uploads\/2024\/01\/castetis-deux-chorales-pour-un-concert-a-leglise.jpg","articleSection":["Wiki Sur Festival Jazz Et Musique En Mode Guinguette:"],"inLanguage":"fr-FR"},{"@type":"WebPage","@id":"https:\/\/www.festivox.fr\/blog\/castetis-deux-chorales-pour-un-concert-a-leglise\/","url":"https:\/\/www.festivox.fr\/blog\/castetis-deux-chorales-pour-un-concert-a-leglise\/","name":"Cast\u00e9tis : deux chorales pour un concert \u00e0 l\u2019\u00e9glise - FESTIVOX","isPartOf":{"@id":"https:\/\/www.festivox.fr\/blog\/#website"},"primaryImageOfPage":{"@id":"https:\/\/www.festivox.fr\/blog\/castetis-deux-chorales-pour-un-concert-a-leglise\/#primaryimage"},"image":{"@id":"https:\/\/www.festivox.fr\/blog\/castetis-deux-chorales-pour-un-concert-a-leglise\/#primaryimage"},"thumbnailUrl":"https:\/\/www.festivox.fr\/blog\/wp-content\/uploads\/2024\/01\/castetis-deux-chorales-pour-un-concert-a-leglise.jpg","datePublished":"2024-01-21T06:18:00+00:00","breadcrumb":{"@id":"https:\/\/www.festivox.fr\/blog\/castetis-deux-chorales-pour-un-concert-a-leglise\/#breadcrumb"},"inLanguage":"fr-FR","potentialAction":[{"@type":"ReadAction","target":["https:\/\/www.festivox.fr\/blog\/castetis-deux-chorales-pour-un-concert-a-leglise\/"]}]},{"@type":"ImageObject","inLanguage":"fr-FR","@id":"https:\/\/www.festivox.fr\/blog\/castetis-deux-chorales-pour-un-concert-a-leglise\/#primaryimage","url":"https:\/\/www.festivox.fr\/blog\/wp-content\/uploads\/2024\/01\/castetis-deux-chorales-pour-un-concert-a-leglise.jpg","contentUrl":"https:\/\/www.festivox.fr\/blog\/wp-content\/uploads\/2024\/01\/castetis-deux-chorales-pour-un-concert-a-leglise.jpg","width":1200,"height":696},{"@type":"BreadcrumbList","@id":"https:\/\/www.festivox.fr\/blog\/castetis-deux-chorales-pour-un-concert-a-leglise\/#breadcrumb","itemListElement":[{"@type":"ListItem","position":1,"name":"Accueil","item":"https:\/\/www.festivox.fr\/blog\/"},{"@type":"ListItem","position":2,"name":"Cast\u00e9tis : deux chorales pour un concert \u00e0 l\u2019\u00e9glise"}]},{"@type":"WebSite","@id":"https:\/\/www.festivox.fr\/blog\/#website","url":"https:\/\/www.festivox.fr\/blog\/","name":"FESTIVOX","description":"Festival en mode guinguette.","publisher":{"@id":"https:\/\/www.festivox.fr\/blog\/#organization"},"potentialAction":[{"@type":"SearchAction","target":{"@type":"EntryPoint","urlTemplate":"https:\/\/www.festivox.fr\/blog\/?s={search_term_string}"},"query-input":{"@type":"PropertyValueSpecification","valueRequired":true,"valueName":"search_term_string"}}],"inLanguage":"fr-FR"},{"@type":"Organization","@id":"https:\/\/www.festivox.fr\/blog\/#organization","name":"festivox","url":"https:\/\/www.festivox.fr\/blog\/","logo":{"@type":"ImageObject","inLanguage":"fr-FR","@id":"https:\/\/www.festivox.fr\/blog\/#\/schema\/logo\/image\/","url":"https:\/\/www.festivox.fr\/blog\/wp-content\/uploads\/2023\/06\/logo-2.png","contentUrl":"https:\/\/www.festivox.fr\/blog\/wp-content\/uploads\/2023\/06\/logo-2.png","width":480,"height":160,"caption":"festivox"},"image":{"@id":"https:\/\/www.festivox.fr\/blog\/#\/schema\/logo\/image\/"}},{"@type":"Person","@id":"https:\/\/www.festivox.fr\/blog\/#\/schema\/person\/f36a8b6bc94800c3eafed4bca993ce95","name":"Michele","image":{"@type":"ImageObject","inLanguage":"fr-FR","@id":"https:\/\/secure.gravatar.com\/avatar\/b062046536b5d47ec9075956ec349ef95ed06b0f910c578f74abb318668b702e?s=96&d=mm&r=g","url":"https:\/\/secure.gravatar.com\/avatar\/b062046536b5d47ec9075956ec349ef95ed06b0f910c578f74abb318668b702e?s=96&d=mm&r=g","contentUrl":"https:\/\/secure.gravatar.com\/avatar\/b062046536b5d47ec9075956ec349ef95ed06b0f910c578f74abb318668b702e?s=96&d=mm&r=g","caption":"Michele"},"sameAs":["https:\/\/www.festivox.fr\/blog"],"url":"https:\/\/www.festivox.fr\/blog\/author\/voxadmin\/"}]}},"_links":{"self":[{"href":"https:\/\/www.festivox.fr\/blog\/wp-json\/wp\/v2\/posts\/625","targetHints":{"allow":["GET"]}}],"collection":[{"href":"https:\/\/www.festivox.fr\/blog\/wp-json\/wp\/v2\/posts"}],"about":[{"href":"https:\/\/www.festivox.fr\/blog\/wp-json\/wp\/v2\/types\/post"}],"author":[{"embeddable":true,"href":"https:\/\/www.festivox.fr\/blog\/wp-json\/wp\/v2\/users\/1"}],"replies":[{"embeddable":true,"href":"https:\/\/www.festivox.fr\/blog\/wp-json\/wp\/v2\/comments?post=625"}],"version-history":[{"count":0,"href":"https:\/\/www.festivox.fr\/blog\/wp-json\/wp\/v2\/posts\/625\/revisions"}],"wp:featuredmedia":[{"embeddable":true,"href":"https:\/\/www.festivox.fr\/blog\/wp-json\/wp\/v2\/media\/626"}],"wp:attachment":[{"href":"https:\/\/www.festivox.fr\/blog\/wp-json\/wp\/v2\/media?parent=625"}],"wp:term":[{"taxonomy":"category","embeddable":true,"href":"https:\/\/www.festivox.fr\/blog\/wp-json\/wp\/v2\/categories?post=625"},{"taxonomy":"post_tag","embeddable":true,"href":"https:\/\/www.festivox.fr\/blog\/wp-json\/wp\/v2\/tags?post=625"}],"curies":[{"name":"wp","href":"https:\/\/api.w.org\/{rel}","templated":true}]}}