{"id":615,"date":"2024-01-04T05:19:00","date_gmt":"2024-01-04T04:19:00","guid":{"rendered":"https:\/\/www.festivox.fr\/blog\/le-jazz-severtue-a-rajeunir-son-public\/"},"modified":"2024-01-04T05:19:00","modified_gmt":"2024-01-04T04:19:00","slug":"le-jazz-severtue-a-rajeunir-son-public","status":"publish","type":"post","link":"https:\/\/www.festivox.fr\/blog\/le-jazz-severtue-a-rajeunir-son-public\/","title":{"rendered":"Le jazz s\u2019\u00e9vertue \u00e0 rajeunir son public"},"content":{"rendered":"\n<div><img decoding=\"async\" src=\"https:\/\/www.festivox.fr\/blog\/wp-content\/uploads\/2024\/01\/le-jazz-severtue-a-rajeunir-son-public.jpg\" class=\"ff-og-image-inserted\"><\/div>\n<p>(ETX Daily Up) &#8211; On entend souvent que le jazz ne fait plus vibrer la jeunesse. Mais ce genre musical, n\u00e9 dans les ann\u00e9es 1920, entend bien reconqu\u00e9rir les jeunes g\u00e9n\u00e9rations et prouver \u00e0 ses d\u00e9tracteurs qu\u2019il est plus vivant que jamais. D\u00e9cryptage.<\/p>\n<p><!-- Pub DFP Position [outstream] --> <\/p>\n<p class=\"ql-align-justify\">Pour beaucoup, le jazz est port\u00e9 par Duke Ellington, Ella Fitzgerald, John Coltrane, Billie Holiday et des milliers d&rsquo;autres artistes qui nous ont pr\u00e9c\u00e9d\u00e9s. Mais ce genre ne se limite pas aux reprises et aux hommages. Des musiciens d\u2019aujourd\u2019hui s\u2019efforcent de lui donner une touche moderne, \u00e0 l\u2019instar de Laufey. Cette autrice-compositrice-interpr\u00e8te sino-islandaise de 24 ans est l\u2019une des r\u00e9v\u00e9lations musicales de l\u2019ann\u00e9e 2023. Son premier disque, \u00ab\u00a0Everything I Know About Love\u00a0\u00bb, avait remport\u00e9 un \u00e9tonnant succ\u00e8s \u00e0 sa sortie en 2022, devenant m\u00eame l\u2019album de jazz le plus \u00e9cout\u00e9 sur Spotify cette ann\u00e9e-l\u00e0. Toutefois la cons\u00e9cration a eu lieu un an et demi plus tard, avec son deuxi\u00e8me opus, \u00ab\u00a0Bewitched\u00a0\u00bb. Cet album est apparu \u00e0 sa sortie, le 8 septembre 2023, en deuxi\u00e8me position du classement hebdomadaire de Spotify des nouveaux albums les plus \u00ab\u00a0stream\u00e9\u00a0\u00bb sur sa plateforme, derri\u00e8re \u00ab\u00a0GUTS\u00a0\u00bb d\u2019Olivia Rodrigo. Il est \u00e9galement apparu dans divers palmar\u00e8s musicaux de Billboard, dont celui d\u00e9di\u00e9 aux disques de jazz. <\/p>\n<p><!-- Pub DFP Position [article] --> <\/p>\n<p>[embedded content]<\/p>\n<p class=\"ql-align-justify\"><strong>R\u00e9concilier le jazz et le streaming musical<\/strong><\/p>\n<p class=\"ql-align-justify\">Mais le succ\u00e8s de \u00ab\u00a0Bewitched\u00a0\u00bb sur Spotify est d\u2019autant plus remarquable que le jazz peine \u00e0 se d\u00e9marquer sur les plateformes de streaming musical. Il n\u2019a repr\u00e9sent\u00e9 que 0,8% du volume total des \u00e9coutes sur le march\u00e9 am\u00e9ricain en 2022, selon <a href=\"https:\/\/www.bloomberg.com\/news\/articles\/2023-05-26\/vinyl-record-sales-give-jazz-new-life-during-the-spotify-era\" target=\"_blank\" rel=\"noopener nofollow\">Bloomberg<\/a> qui cite des chiffres de Luminate. <\/p>\n<p class=\"ql-align-justify\">Plus facteurs expliquent ce ph\u00e9nom\u00e8ne, dont les habitudes de consommation des amateurs de jazz. Ces derniers ont tendance \u00e0 \u00eatre plus \u00e2g\u00e9s que les fans de pop ou de rap, par exemple, et utilisent moins qu&rsquo;eux les plateformes de streaming pour \u00e9couter de la musique. Les musiciens de jazz ont aussi \u00e9t\u00e9 r\u00e9ticents \u00e0 mettre leur r\u00e9pertoire sur Spotify, Apple Music et consorts \u00e0 cause du syst\u00e8me de r\u00e9mun\u00e9ration de ces services, qui ne profite qu\u2019\u00e0 une toute petite minorit\u00e9. Mais contrairement \u00e0 certains de ses homologues, Laufey a mis un point d\u2019honneur \u00e0 se servir des plateformes de streaming musical et des r\u00e9seaux sociaux pour faire conna\u00eetre le jazz aux jeunes g\u00e9n\u00e9rations. \u00ab\u00a0Mon objectif en tant qu&rsquo;artiste est de faire d\u00e9couvrir [le jazz] \u00e0 une nouvelle g\u00e9n\u00e9ration d&rsquo;auditeurs. Au-del\u00e0 de cela, je veux \u00e9videmment jouer pour des publics tr\u00e8s diff\u00e9rents. Mais lorsque j&rsquo;ai commenc\u00e9, la solution la plus \u00e9vidente aurait \u00e9t\u00e9 de m&rsquo;adresser directement \u00e0 un public plus \u00e2g\u00e9, et j&rsquo;ai pris le contre-pied en refusant d&rsquo;abord des propositions allant dans ce sens\u00a0\u00bb, a-t-elle d\u00e9clar\u00e9, en d\u00e9cembre dernier, au magazine <a href=\"https:\/\/variety.com\/2023\/music\/news\/laufey-interview-tour-bewitched-album-jazz-pop-1235831966\/\" target=\"_blank\" rel=\"noopener nofollow\">Variety<\/a>. <\/p>\n<p class=\"ql-align-justify\">Cette strat\u00e9gie semble avoir port\u00e9 ses fruits puisque la musicienne est \u00e9cout\u00e9e par 25,6 millions d\u2019auditeurs par mois sur Spotify. Elle serait \u00e9galement l\u2019artiste islandaise la plus \u00ab\u00a0stream\u00e9e\u00a0\u00bb dans le monde, tout genre musical confondu, d\u2019apr\u00e8s le site sp\u00e9cialis\u00e9 <a href=\"https:\/\/www.musicbusinessworldwide.com\/with-the-biggest-jazz-album-debut-in-spotify-history-awal-says-laufey-is-bringing-jazz-to-gen-z\/\" target=\"_blank\" rel=\"noopener nofollow\">Music Worldwide Business<\/a>. <\/p>\n<p class=\"ql-align-justify\"><strong>Rendre le jazz plus accessible<\/strong><\/p>\n<p class=\"ql-align-justify\">Comme Laufey, Samara Joy entend bien faire conna\u00eetre le jazz aux millennials et aux membres de la g\u00e9n\u00e9ration Z avec le jazz. Elle les aide \u00e0 se familiariser avec ce genre centenaire \u00e0 travers sa discographie, bien s\u00fbr, mais aussi <a href=\"https:\/\/www.tiktok.com\/@samarajoysings?lang=en\" target=\"_blank\" rel=\"noopener nofollow\">ses publications sur TikTok<\/a>. Quelque 649.3000 internautes regardent ses contenus sur la plateforme chinoise, qui se partagent entre sa musique (extraits de concert, aper\u00e7us de ses r\u00e9p\u00e9titions, etc.) et des vlogs de son quotidien. <\/p>\n<p class=\"ql-align-justify\">Jamie Krents, directeur de son label, Verve and Impulse!, estime que le naturel de Samara Joy sur les r\u00e9seaux sociaux peut pousser de nouveaux auditeurs \u00e0 \u00e9couter du jazz. \u00ab\u00a0Elle est tr\u00e8s, tr\u00e8s authentique et c&rsquo;est une jeune femme de 23 ans tout \u00e0 fait normale. Je pense que c&rsquo;est une bonne chose pour le jazz. Elle aide les gens \u00e0 sentir qu&rsquo;ils peuvent acc\u00e9der \u00e0 ce type de musique\u00a0\u00bb, a-t-il expliqu\u00e9 en d\u00e9cembre dernier \u00e0 Bloomberg.<\/p>\n<p class=\"ql-align-justify\">Totalement inconnue il y a trois ans, Samara Joy a remport\u00e9 deux Grammys lors de la derni\u00e8re \u00e9dition des prestigieuses r\u00e9compenses musicales am\u00e9ricaines. Elle a \u00e9t\u00e9 r\u00e9compens\u00e9e du prix du meilleur album de jazz vocal pour \u00ab\u00a0Linger Awhile\u00a0\u00bb, ainsi que de celui tr\u00e8s pris\u00e9 de la r\u00e9v\u00e9lation de l\u2019ann\u00e9e. La chanteuse a vol\u00e9 la vedette \u00e0 la pop star br\u00e9silienne Anitta, aux rockeurs italiens de Maneskin ou encore au duo britannique Wet Leg.Il y a fort \u00e0 parier que les r\u00e9cents succ\u00e8s de Laufey et Samara Joy encouragent les jeunes <a href=\"https:\/\/dailyup.etxstudio.com\/articles\/rn\/fr\/news_ypMG3nym\/musique\/vos-gouts-musicaux-sont-plus-difficiles-a-classer-que-vous-le-pensez\" target=\"_blank\" rel=\"noopener nofollow\">m\u00e9lomanes<\/a> \u00e0 pr\u00eater une oreille plus attentive au jazz. C\u2019est en tout cas ce que <a href=\"https:\/\/downloads.ctfassets.net\/h67z7i6sbjau\/1HLU7WxRs1Bb6EQSJa0nU5\/a1313c718d7fcb10bc49d38a60541452\/Pinterest_Predicts_Report_PDF_2024_FR.pdf\" target=\"_blank\" rel=\"noopener nofollow\">pr\u00e9dit<\/a> Pinterest. Le r\u00e9seau social de partage d\u2019images affirme que ce genre conna\u00eetra un v\u00e9ritable regain d\u2019int\u00e9r\u00eat en 2024, que ce soit d\u2019un point de vue musical, mais aussi stylistique. Les recherches pour \u00ab\u00a0esth\u00e9tique tenue de jazz\u00a0\u00bb ont augment\u00e9 de 180% entre septembre 2021 et ao\u00fbt 2023, et celles pour \u00ab\u00a0tenue pour bar de jazz\u00a0\u00bb de 75%. La preuve, s\u2019il en fallait encore une, que le jazz est loin d\u2019avoir rendu son dernier souffle.<\/p>\n<p> Cet article, qui traite du th\u00e8me \u00ab\u00a0Festival Jazz et musique en mode guinguette\u00a0\u00bb, vous est d\u00e9lib\u00e9r\u00e9ment offert par festivox.fr. La raison d\u2019\u00eatre de festivox.fr est de parler de Festival Jazz et musique en mode guinguette dans la transparence la plus g\u00e9n\u00e9rale en vous procurant la visibilit\u00e9 de tout ce qui est publi\u00e9 sur ce sujet sur le web La chronique a \u00e9t\u00e9 g\u00e9n\u00e9r\u00e9e de la mani\u00e8re la plus honn\u00eate que possible. S\u2019il advenait que vous projetez d\u2019apporter quelques notes concernant le domaine de \u00ab\u00a0Festival Jazz et musique en mode guinguette\u00a0\u00bb vous avez la possibilit\u00e9 de d&rsquo;\u00e9changer avec notre r\u00e9daction. Dans peu de temps, on mettra en ligne d&rsquo;autres informations pertinentes autour du sujet \u00ab\u00a0Festival Jazz et musique en mode guinguette\u00a0\u00bb. Ainsi, consultez r\u00e9guli\u00e8rement notre site.<\/p>\n","protected":false},"excerpt":{"rendered":"<p>(ETX Daily Up) &#8211; On entend souvent que le jazz ne fait plus vibrer la jeunesse. Mais ce genre musical, n\u00e9 dans les ann\u00e9es 1920, entend bien reconqu\u00e9rir les jeunes g\u00e9n\u00e9rations et prouver \u00e0 ses d\u00e9tracteurs qu\u2019il est plus vivant que jamais. D\u00e9cryptage. Pour beaucoup, le jazz est port\u00e9 par Duke Ellington, Ella Fitzgerald, John&hellip;<\/p>\n","protected":false},"author":1,"featured_media":616,"comment_status":"closed","ping_status":"closed","sticky":false,"template":"","format":"standard","meta":{"footnotes":""},"categories":[3],"tags":[],"class_list":["post-615","post","type-post","status-publish","format-standard","has-post-thumbnail","hentry","category-wiki-sur-festival-jazz-et-musique-en-mode-guinguette"],"yoast_head":"<!-- This site is optimized with the Yoast SEO plugin v27.5 - https:\/\/yoast.com\/product\/yoast-seo-wordpress\/ -->\n<title>Le jazz s\u2019\u00e9vertue \u00e0 rajeunir son public - FESTIVOX<\/title>\n<meta name=\"robots\" content=\"index, follow, max-snippet:-1, max-image-preview:large, max-video-preview:-1\" \/>\n<link rel=\"canonical\" href=\"https:\/\/www.festivox.fr\/blog\/le-jazz-severtue-a-rajeunir-son-public\/\" \/>\n<meta property=\"og:locale\" content=\"fr_FR\" \/>\n<meta property=\"og:type\" content=\"article\" \/>\n<meta property=\"og:title\" content=\"Le jazz s\u2019\u00e9vertue \u00e0 rajeunir son public - FESTIVOX\" \/>\n<meta property=\"og:description\" content=\"(ETX Daily Up) &#8211; On entend souvent que le jazz ne fait plus vibrer la jeunesse. Mais ce genre musical, n\u00e9 dans les ann\u00e9es 1920, entend bien reconqu\u00e9rir les jeunes g\u00e9n\u00e9rations et prouver \u00e0 ses d\u00e9tracteurs qu\u2019il est plus vivant que jamais. D\u00e9cryptage. Pour beaucoup, le jazz est port\u00e9 par Duke Ellington, Ella Fitzgerald, John&hellip;\" \/>\n<meta property=\"og:url\" content=\"https:\/\/www.festivox.fr\/blog\/le-jazz-severtue-a-rajeunir-son-public\/\" \/>\n<meta property=\"og:site_name\" content=\"FESTIVOX\" \/>\n<meta property=\"article:published_time\" content=\"2024-01-04T04:19:00+00:00\" \/>\n<meta property=\"og:image\" content=\"https:\/\/www.festivox.fr\/blog\/wp-content\/uploads\/2024\/01\/le-jazz-severtue-a-rajeunir-son-public.jpg\" \/>\n<meta name=\"author\" content=\"Michele\" \/>\n<meta name=\"twitter:card\" content=\"summary_large_image\" \/>\n<meta name=\"twitter:label1\" content=\"\u00c9crit par\" \/>\n\t<meta name=\"twitter:data1\" content=\"Michele\" \/>\n\t<meta name=\"twitter:label2\" content=\"Dur\u00e9e de lecture estim\u00e9e\" \/>\n\t<meta name=\"twitter:data2\" content=\"5 minutes\" \/>\n<script type=\"application\/ld+json\" class=\"yoast-schema-graph\">{\"@context\":\"https:\\\/\\\/schema.org\",\"@graph\":[{\"@type\":\"Article\",\"@id\":\"https:\\\/\\\/www.festivox.fr\\\/blog\\\/le-jazz-severtue-a-rajeunir-son-public\\\/#article\",\"isPartOf\":{\"@id\":\"https:\\\/\\\/www.festivox.fr\\\/blog\\\/le-jazz-severtue-a-rajeunir-son-public\\\/\"},\"author\":{\"name\":\"Michele\",\"@id\":\"https:\\\/\\\/www.festivox.fr\\\/blog\\\/#\\\/schema\\\/person\\\/f36a8b6bc94800c3eafed4bca993ce95\"},\"headline\":\"Le jazz s\u2019\u00e9vertue \u00e0 rajeunir son public\",\"datePublished\":\"2024-01-04T04:19:00+00:00\",\"mainEntityOfPage\":{\"@id\":\"https:\\\/\\\/www.festivox.fr\\\/blog\\\/le-jazz-severtue-a-rajeunir-son-public\\\/\"},\"wordCount\":1041,\"publisher\":{\"@id\":\"https:\\\/\\\/www.festivox.fr\\\/blog\\\/#organization\"},\"image\":{\"@id\":\"https:\\\/\\\/www.festivox.fr\\\/blog\\\/le-jazz-severtue-a-rajeunir-son-public\\\/#primaryimage\"},\"thumbnailUrl\":\"https:\\\/\\\/www.festivox.fr\\\/blog\\\/wp-content\\\/uploads\\\/2024\\\/01\\\/le-jazz-severtue-a-rajeunir-son-public.jpg\",\"articleSection\":[\"Wiki Sur Festival Jazz Et Musique En Mode Guinguette:\"],\"inLanguage\":\"fr-FR\"},{\"@type\":\"WebPage\",\"@id\":\"https:\\\/\\\/www.festivox.fr\\\/blog\\\/le-jazz-severtue-a-rajeunir-son-public\\\/\",\"url\":\"https:\\\/\\\/www.festivox.fr\\\/blog\\\/le-jazz-severtue-a-rajeunir-son-public\\\/\",\"name\":\"Le jazz s\u2019\u00e9vertue \u00e0 rajeunir son public - FESTIVOX\",\"isPartOf\":{\"@id\":\"https:\\\/\\\/www.festivox.fr\\\/blog\\\/#website\"},\"primaryImageOfPage\":{\"@id\":\"https:\\\/\\\/www.festivox.fr\\\/blog\\\/le-jazz-severtue-a-rajeunir-son-public\\\/#primaryimage\"},\"image\":{\"@id\":\"https:\\\/\\\/www.festivox.fr\\\/blog\\\/le-jazz-severtue-a-rajeunir-son-public\\\/#primaryimage\"},\"thumbnailUrl\":\"https:\\\/\\\/www.festivox.fr\\\/blog\\\/wp-content\\\/uploads\\\/2024\\\/01\\\/le-jazz-severtue-a-rajeunir-son-public.jpg\",\"datePublished\":\"2024-01-04T04:19:00+00:00\",\"breadcrumb\":{\"@id\":\"https:\\\/\\\/www.festivox.fr\\\/blog\\\/le-jazz-severtue-a-rajeunir-son-public\\\/#breadcrumb\"},\"inLanguage\":\"fr-FR\",\"potentialAction\":[{\"@type\":\"ReadAction\",\"target\":[\"https:\\\/\\\/www.festivox.fr\\\/blog\\\/le-jazz-severtue-a-rajeunir-son-public\\\/\"]}]},{\"@type\":\"ImageObject\",\"inLanguage\":\"fr-FR\",\"@id\":\"https:\\\/\\\/www.festivox.fr\\\/blog\\\/le-jazz-severtue-a-rajeunir-son-public\\\/#primaryimage\",\"url\":\"https:\\\/\\\/www.festivox.fr\\\/blog\\\/wp-content\\\/uploads\\\/2024\\\/01\\\/le-jazz-severtue-a-rajeunir-son-public.jpg\",\"contentUrl\":\"https:\\\/\\\/www.festivox.fr\\\/blog\\\/wp-content\\\/uploads\\\/2024\\\/01\\\/le-jazz-severtue-a-rajeunir-son-public.jpg\",\"width\":885,\"height\":500},{\"@type\":\"BreadcrumbList\",\"@id\":\"https:\\\/\\\/www.festivox.fr\\\/blog\\\/le-jazz-severtue-a-rajeunir-son-public\\\/#breadcrumb\",\"itemListElement\":[{\"@type\":\"ListItem\",\"position\":1,\"name\":\"Accueil\",\"item\":\"https:\\\/\\\/www.festivox.fr\\\/blog\\\/\"},{\"@type\":\"ListItem\",\"position\":2,\"name\":\"Le jazz s\u2019\u00e9vertue \u00e0 rajeunir son public\"}]},{\"@type\":\"WebSite\",\"@id\":\"https:\\\/\\\/www.festivox.fr\\\/blog\\\/#website\",\"url\":\"https:\\\/\\\/www.festivox.fr\\\/blog\\\/\",\"name\":\"FESTIVOX\",\"description\":\"Festival en mode guinguette.\",\"publisher\":{\"@id\":\"https:\\\/\\\/www.festivox.fr\\\/blog\\\/#organization\"},\"potentialAction\":[{\"@type\":\"SearchAction\",\"target\":{\"@type\":\"EntryPoint\",\"urlTemplate\":\"https:\\\/\\\/www.festivox.fr\\\/blog\\\/?s={search_term_string}\"},\"query-input\":{\"@type\":\"PropertyValueSpecification\",\"valueRequired\":true,\"valueName\":\"search_term_string\"}}],\"inLanguage\":\"fr-FR\"},{\"@type\":\"Organization\",\"@id\":\"https:\\\/\\\/www.festivox.fr\\\/blog\\\/#organization\",\"name\":\"festivox\",\"url\":\"https:\\\/\\\/www.festivox.fr\\\/blog\\\/\",\"logo\":{\"@type\":\"ImageObject\",\"inLanguage\":\"fr-FR\",\"@id\":\"https:\\\/\\\/www.festivox.fr\\\/blog\\\/#\\\/schema\\\/logo\\\/image\\\/\",\"url\":\"https:\\\/\\\/www.festivox.fr\\\/blog\\\/wp-content\\\/uploads\\\/2023\\\/06\\\/logo-2.png\",\"contentUrl\":\"https:\\\/\\\/www.festivox.fr\\\/blog\\\/wp-content\\\/uploads\\\/2023\\\/06\\\/logo-2.png\",\"width\":480,\"height\":160,\"caption\":\"festivox\"},\"image\":{\"@id\":\"https:\\\/\\\/www.festivox.fr\\\/blog\\\/#\\\/schema\\\/logo\\\/image\\\/\"}},{\"@type\":\"Person\",\"@id\":\"https:\\\/\\\/www.festivox.fr\\\/blog\\\/#\\\/schema\\\/person\\\/f36a8b6bc94800c3eafed4bca993ce95\",\"name\":\"Michele\",\"image\":{\"@type\":\"ImageObject\",\"inLanguage\":\"fr-FR\",\"@id\":\"https:\\\/\\\/secure.gravatar.com\\\/avatar\\\/b062046536b5d47ec9075956ec349ef95ed06b0f910c578f74abb318668b702e?s=96&d=mm&r=g\",\"url\":\"https:\\\/\\\/secure.gravatar.com\\\/avatar\\\/b062046536b5d47ec9075956ec349ef95ed06b0f910c578f74abb318668b702e?s=96&d=mm&r=g\",\"contentUrl\":\"https:\\\/\\\/secure.gravatar.com\\\/avatar\\\/b062046536b5d47ec9075956ec349ef95ed06b0f910c578f74abb318668b702e?s=96&d=mm&r=g\",\"caption\":\"Michele\"},\"sameAs\":[\"https:\\\/\\\/www.festivox.fr\\\/blog\"],\"url\":\"https:\\\/\\\/www.festivox.fr\\\/blog\\\/author\\\/voxadmin\\\/\"}]}<\/script>\n<!-- \/ Yoast SEO plugin. -->","yoast_head_json":{"title":"Le jazz s\u2019\u00e9vertue \u00e0 rajeunir son public - FESTIVOX","robots":{"index":"index","follow":"follow","max-snippet":"max-snippet:-1","max-image-preview":"max-image-preview:large","max-video-preview":"max-video-preview:-1"},"canonical":"https:\/\/www.festivox.fr\/blog\/le-jazz-severtue-a-rajeunir-son-public\/","og_locale":"fr_FR","og_type":"article","og_title":"Le jazz s\u2019\u00e9vertue \u00e0 rajeunir son public - FESTIVOX","og_description":"(ETX Daily Up) &#8211; On entend souvent que le jazz ne fait plus vibrer la jeunesse. Mais ce genre musical, n\u00e9 dans les ann\u00e9es 1920, entend bien reconqu\u00e9rir les jeunes g\u00e9n\u00e9rations et prouver \u00e0 ses d\u00e9tracteurs qu\u2019il est plus vivant que jamais. D\u00e9cryptage. Pour beaucoup, le jazz est port\u00e9 par Duke Ellington, Ella Fitzgerald, John&hellip;","og_url":"https:\/\/www.festivox.fr\/blog\/le-jazz-severtue-a-rajeunir-son-public\/","og_site_name":"FESTIVOX","article_published_time":"2024-01-04T04:19:00+00:00","og_image":[{"url":"https:\/\/www.festivox.fr\/blog\/wp-content\/uploads\/2024\/01\/le-jazz-severtue-a-rajeunir-son-public.jpg","type":"","width":"","height":""}],"author":"Michele","twitter_card":"summary_large_image","twitter_misc":{"\u00c9crit par":"Michele","Dur\u00e9e de lecture estim\u00e9e":"5 minutes"},"schema":{"@context":"https:\/\/schema.org","@graph":[{"@type":"Article","@id":"https:\/\/www.festivox.fr\/blog\/le-jazz-severtue-a-rajeunir-son-public\/#article","isPartOf":{"@id":"https:\/\/www.festivox.fr\/blog\/le-jazz-severtue-a-rajeunir-son-public\/"},"author":{"name":"Michele","@id":"https:\/\/www.festivox.fr\/blog\/#\/schema\/person\/f36a8b6bc94800c3eafed4bca993ce95"},"headline":"Le jazz s\u2019\u00e9vertue \u00e0 rajeunir son public","datePublished":"2024-01-04T04:19:00+00:00","mainEntityOfPage":{"@id":"https:\/\/www.festivox.fr\/blog\/le-jazz-severtue-a-rajeunir-son-public\/"},"wordCount":1041,"publisher":{"@id":"https:\/\/www.festivox.fr\/blog\/#organization"},"image":{"@id":"https:\/\/www.festivox.fr\/blog\/le-jazz-severtue-a-rajeunir-son-public\/#primaryimage"},"thumbnailUrl":"https:\/\/www.festivox.fr\/blog\/wp-content\/uploads\/2024\/01\/le-jazz-severtue-a-rajeunir-son-public.jpg","articleSection":["Wiki Sur Festival Jazz Et Musique En Mode Guinguette:"],"inLanguage":"fr-FR"},{"@type":"WebPage","@id":"https:\/\/www.festivox.fr\/blog\/le-jazz-severtue-a-rajeunir-son-public\/","url":"https:\/\/www.festivox.fr\/blog\/le-jazz-severtue-a-rajeunir-son-public\/","name":"Le jazz s\u2019\u00e9vertue \u00e0 rajeunir son public - FESTIVOX","isPartOf":{"@id":"https:\/\/www.festivox.fr\/blog\/#website"},"primaryImageOfPage":{"@id":"https:\/\/www.festivox.fr\/blog\/le-jazz-severtue-a-rajeunir-son-public\/#primaryimage"},"image":{"@id":"https:\/\/www.festivox.fr\/blog\/le-jazz-severtue-a-rajeunir-son-public\/#primaryimage"},"thumbnailUrl":"https:\/\/www.festivox.fr\/blog\/wp-content\/uploads\/2024\/01\/le-jazz-severtue-a-rajeunir-son-public.jpg","datePublished":"2024-01-04T04:19:00+00:00","breadcrumb":{"@id":"https:\/\/www.festivox.fr\/blog\/le-jazz-severtue-a-rajeunir-son-public\/#breadcrumb"},"inLanguage":"fr-FR","potentialAction":[{"@type":"ReadAction","target":["https:\/\/www.festivox.fr\/blog\/le-jazz-severtue-a-rajeunir-son-public\/"]}]},{"@type":"ImageObject","inLanguage":"fr-FR","@id":"https:\/\/www.festivox.fr\/blog\/le-jazz-severtue-a-rajeunir-son-public\/#primaryimage","url":"https:\/\/www.festivox.fr\/blog\/wp-content\/uploads\/2024\/01\/le-jazz-severtue-a-rajeunir-son-public.jpg","contentUrl":"https:\/\/www.festivox.fr\/blog\/wp-content\/uploads\/2024\/01\/le-jazz-severtue-a-rajeunir-son-public.jpg","width":885,"height":500},{"@type":"BreadcrumbList","@id":"https:\/\/www.festivox.fr\/blog\/le-jazz-severtue-a-rajeunir-son-public\/#breadcrumb","itemListElement":[{"@type":"ListItem","position":1,"name":"Accueil","item":"https:\/\/www.festivox.fr\/blog\/"},{"@type":"ListItem","position":2,"name":"Le jazz s\u2019\u00e9vertue \u00e0 rajeunir son public"}]},{"@type":"WebSite","@id":"https:\/\/www.festivox.fr\/blog\/#website","url":"https:\/\/www.festivox.fr\/blog\/","name":"FESTIVOX","description":"Festival en mode guinguette.","publisher":{"@id":"https:\/\/www.festivox.fr\/blog\/#organization"},"potentialAction":[{"@type":"SearchAction","target":{"@type":"EntryPoint","urlTemplate":"https:\/\/www.festivox.fr\/blog\/?s={search_term_string}"},"query-input":{"@type":"PropertyValueSpecification","valueRequired":true,"valueName":"search_term_string"}}],"inLanguage":"fr-FR"},{"@type":"Organization","@id":"https:\/\/www.festivox.fr\/blog\/#organization","name":"festivox","url":"https:\/\/www.festivox.fr\/blog\/","logo":{"@type":"ImageObject","inLanguage":"fr-FR","@id":"https:\/\/www.festivox.fr\/blog\/#\/schema\/logo\/image\/","url":"https:\/\/www.festivox.fr\/blog\/wp-content\/uploads\/2023\/06\/logo-2.png","contentUrl":"https:\/\/www.festivox.fr\/blog\/wp-content\/uploads\/2023\/06\/logo-2.png","width":480,"height":160,"caption":"festivox"},"image":{"@id":"https:\/\/www.festivox.fr\/blog\/#\/schema\/logo\/image\/"}},{"@type":"Person","@id":"https:\/\/www.festivox.fr\/blog\/#\/schema\/person\/f36a8b6bc94800c3eafed4bca993ce95","name":"Michele","image":{"@type":"ImageObject","inLanguage":"fr-FR","@id":"https:\/\/secure.gravatar.com\/avatar\/b062046536b5d47ec9075956ec349ef95ed06b0f910c578f74abb318668b702e?s=96&d=mm&r=g","url":"https:\/\/secure.gravatar.com\/avatar\/b062046536b5d47ec9075956ec349ef95ed06b0f910c578f74abb318668b702e?s=96&d=mm&r=g","contentUrl":"https:\/\/secure.gravatar.com\/avatar\/b062046536b5d47ec9075956ec349ef95ed06b0f910c578f74abb318668b702e?s=96&d=mm&r=g","caption":"Michele"},"sameAs":["https:\/\/www.festivox.fr\/blog"],"url":"https:\/\/www.festivox.fr\/blog\/author\/voxadmin\/"}]}},"_links":{"self":[{"href":"https:\/\/www.festivox.fr\/blog\/wp-json\/wp\/v2\/posts\/615","targetHints":{"allow":["GET"]}}],"collection":[{"href":"https:\/\/www.festivox.fr\/blog\/wp-json\/wp\/v2\/posts"}],"about":[{"href":"https:\/\/www.festivox.fr\/blog\/wp-json\/wp\/v2\/types\/post"}],"author":[{"embeddable":true,"href":"https:\/\/www.festivox.fr\/blog\/wp-json\/wp\/v2\/users\/1"}],"replies":[{"embeddable":true,"href":"https:\/\/www.festivox.fr\/blog\/wp-json\/wp\/v2\/comments?post=615"}],"version-history":[{"count":0,"href":"https:\/\/www.festivox.fr\/blog\/wp-json\/wp\/v2\/posts\/615\/revisions"}],"wp:featuredmedia":[{"embeddable":true,"href":"https:\/\/www.festivox.fr\/blog\/wp-json\/wp\/v2\/media\/616"}],"wp:attachment":[{"href":"https:\/\/www.festivox.fr\/blog\/wp-json\/wp\/v2\/media?parent=615"}],"wp:term":[{"taxonomy":"category","embeddable":true,"href":"https:\/\/www.festivox.fr\/blog\/wp-json\/wp\/v2\/categories?post=615"},{"taxonomy":"post_tag","embeddable":true,"href":"https:\/\/www.festivox.fr\/blog\/wp-json\/wp\/v2\/tags?post=615"}],"curies":[{"name":"wp","href":"https:\/\/api.w.org\/{rel}","templated":true}]}}