{"id":611,"date":"2024-01-16T07:12:00","date_gmt":"2024-01-16T06:12:00","guid":{"rendered":"https:\/\/www.festivox.fr\/blog\/entre-le-jazz-et-la-java\/"},"modified":"2024-01-16T07:12:00","modified_gmt":"2024-01-16T06:12:00","slug":"entre-le-jazz-et-la-java","status":"publish","type":"post","link":"https:\/\/www.festivox.fr\/blog\/entre-le-jazz-et-la-java\/","title":{"rendered":"Entre le Jazz et la java"},"content":{"rendered":"\n<p><img decoding=\"async\" class=\"size-full wp-image-711421 aligncenter\" src=\"https:\/\/www.festivox.fr\/blog\/wp-content\/uploads\/2024\/01\/entre-le-jazz-et-la-java.jpg\" alt=\"Will Hardy Jazz width=\" height=\"800\">C\u2019est bien le Jazz l\u2019\u00e9quipe la plus en forme de la ligue actuellement. Will Hardy et ses hommes viennent d\u2019encha\u00eener six victoires d\u2019affil\u00e9e. Leur bilan est positif, avec 22 victoires et 20 d\u00e9faites. Ce qui n\u2019\u00e9tait pas gagn\u00e9 il y a encore un mois.<\/p>\n<p>Car en effet, le soir du 11 d\u00e9cembre 2023, apr\u00e8s une d\u00e9faite \u00e0 Oklahoma City, le Jazz affichait seulement 7 succ\u00e8s pour 16 d\u00e9faites\u2026 Que s\u2019est-il pass\u00e9 ensuite pour que le visage de cette \u00e9quipe change tant ?<\/p>\n<p> <ins class=\"adsbygoogle adsense_inarticle\" data-ad-layout=\"in-article\" data-ad-format=\"fluid\" data-ad-client=\"ca-pub-0823650221184260\" data-ad-slot=\"9980857254\"><\/ins> <\/p>\n<p><em>\u00ab&nbsp;On a battu New York \u00e0 domicile, et ce fut important car les joueurs ont compris que si on fait le n\u00e9cessaire, on peut battre une bonne \u00e9quipe&nbsp;\u00bb<\/em>, se souvient Will Hardy pour <a href=\"https:\/\/theathletic.com\/5202221\/2024\/01\/15\/will-hardy-utah-jazz-3\/\" target=\"_blank\" rel=\"nofollow\">The Athletic<\/a>. <em>\u00ab&nbsp;Apr\u00e8s, le lendemain, on a \u00e9t\u00e9 jouer et gagner \u00e0 Portland. Puis, on a battu Brooklyn. C\u2019est alors qu\u2019on a compris qu\u2019on pouvait r\u00e9ussir sur la dur\u00e9e.&nbsp;\u00bb<\/em><\/p>\n<p>Depuis ce revers contre le Thunder, le Jazz a donc remport\u00e9 15 matches sur 19, dont des succ\u00e8s contre Dallas, Milwaukee, Philadelphie ou encore le champion en titre, Denver, et les Lakers. De quoi gagner en confiance.<\/p>\n<p><em>\u00ab&nbsp;On s\u2019est engag\u00e9 pour changer nos d\u00e9fenses et on a aussi arr\u00eat\u00e9 de mettre en place des syst\u00e8mes sur chaque possession&nbsp;\u00bb, <\/em>poursuit le coach du Jazz.<em> \u00ab&nbsp;On a commenc\u00e9 \u00e0 jouer plus vite. C\u2019est \u00e0 cet instant qu\u2019on s\u2019est investi, qu\u2019on s\u2019est mis dans de bonnes dispositions mentales.&nbsp;\u00bb<\/em><\/p>\n<h3>Se souvenir des mauvais moments pour garder la motivation<\/h3>\n<p>Un d\u00e9but difficile, puis un mois tr\u00e8s r\u00e9ussi : on peut r\u00e9sumer ainsi la premi\u00e8re partie de saison du Jazz, qui aborde dans le vert ce virage.<\/p>\n<p><em>\u00ab&nbsp;Je d\u00e9crirais ces 41 premiers matches comme une r\u00e9ussite pour ce qu\u2019on peut faire dans l\u2019avenir&nbsp;\u00bb, <\/em>avait estim\u00e9 Will Hardy avant la victoire contre Indiana dans le \u00ab&nbsp;MLK Day&nbsp;\u00bb.<em> \u00ab&nbsp;Ce n\u2019est pas le bilan qui me satisfait. Je suis content de la mani\u00e8re. L\u2019\u00e9quipe a fait preuve de courage et de caract\u00e8re. Elle a confiance en elle. Quand on pr\u00e9pare un match, les joueurs savent que s\u2019ils font certaines choses, ils peuvent gagner. C\u2019est un grand pas dans la bonne direction.&nbsp;\u00bb<\/em><\/p>\n<p> <ins class=\"adsbygoogle adsense_inarticle\" data-ad-layout=\"in-article\" data-ad-format=\"fluid\" data-ad-client=\"ca-pub-0823650221184260\" data-ad-slot=\"9980857254\"><\/ins> <\/p>\n<p>Mais le coach pr\u00e9vient, ses joueurs peuvent encore <em>\u00ab&nbsp;faire mieux&nbsp;\u00bb<\/em>, et les succ\u00e8s ne doivent pas les endormir. <em>\u00ab&nbsp;Ce qui me pr\u00e9occupe pour l\u2019instant, c\u2019est qu\u2019on est sur une s\u00e9rie de victoires, et c\u2019est tr\u00e8s bien, mais c\u2019est aussi le moment o\u00f9 nos erreurs sont couvertes par nos succ\u00e8s&nbsp;\u00bb<\/em>, juge-t-il pour le <a href=\"https:\/\/www.deseret.com\/2024\/1\/15\/24036489\/the-utah-jazz-are-the-winningest-team-in-the-nba-since-christmas-and-not-satisfied\" target=\"_blank\" rel=\"nofollow\">Deseret News<\/a>.<\/p>\n<p>Les joueurs sont conscients que, s\u2019il ne faut pas cracher dans la soupe, le Jazz a encore de la marge. <em>\u00ab&nbsp;M\u00eame si on gagne, on construit des habitudes. On veut \u00eatre s\u00e9rieux. On essaie de s\u2019am\u00e9liorer, peu importe le score. C\u2019est \u00e7a le plus important&nbsp;\u00bb, <\/em>annonce Lauri Markkanen.<\/p>\n<p><em> \u00ab&nbsp;Il faut se souvenir des moments o\u00f9 on perdait, c\u2019est vraiment important je trouve&nbsp;\u00bb, <\/em>insiste Collin Sexton pour se motiver<em>. \u00ab&nbsp;On se souvient de ces moments et \u00e0 quel point ce n\u2019\u00e9tait pas dr\u00f4le dans le vestiaire.&nbsp;\u00bb<\/em><\/p>\n<table cellpadding=\"0\" cellspacing=\"0\" border=\"0\" width=\"100%\" id=\"box-stats\">\n<tr class=\"column\">\n<th class=\"team_name\" colspan=\"3\"><\/th>\n<th class=\"section\" colspan=\"3\" title=\"Tirs\">Tirs<\/th>\n<th class=\"section\" colspan=\"3\" title=\"Rebonds\">Rebonds<\/th>\n<th title colspan=\"6\"><\/th>\n<\/tr>\n<tr class=\"section_title\">\n<th>Joueurs<\/th>\n<th scope=\"col\" title=\"Matchs jou\u00e9s\">MJ<\/th>\n<th scope=\"col\" title=\"Minutes\">Min<\/th>\n<th scope=\"col\" title=\"Pourcentage aux tirs\">Tirs<\/th>\n<th scope=\"col\" title=\"Pourcentage \u00e0 3 pts\">3pts<\/th>\n<th scope=\"col\" title=\"Pourcentage aux lancers-francs\">LF<\/th>\n<th scope=\"col\" class=\"section\" title=\"Rebonds offensifs\">Off<\/th>\n<th scope=\"col\" title=\"Rebonds d\u00e9fensifs\">Def<\/th>\n<th scope=\"col\" title=\"Total\">Tot<\/th>\n<th scope=\"col\" class=\"section\" title=\"Passes d\u00e9cisives\">Pd<\/th>\n<th scope=\"col\" title=\"Balles perdues\">Bp<\/th>\n<th scope=\"col\" title=\"Interceptions\">Int<\/th>\n<th scope=\"col\" title=\"Contres\">Ct<\/th>\n<th scope=\"col\" title=\"Fautes personnelles\">Fte<\/th>\n<th scope=\"col\" class=\"sort-by\" title=\"Points\">Pts<\/th>\n<\/tr>\n<tr class=\"line_1\">\n<td class=\"title\"><a href=\"https:\/\/www.basketusa.com\/joueurs\/lauri-markkanen\" target=\"_blank\" rel=\"nofollow\">Lauri Markkanen<\/a><\/td>\n<td>31<\/td>\n<td>32.5<\/td>\n<td>49.2<\/td>\n<td>39.5<\/td>\n<td>86.7<\/td>\n<td>2.5<\/td>\n<td>6.3<\/td>\n<td>8.8<\/td>\n<td>1.8<\/td>\n<td>1.1<\/td>\n<td>0.9<\/td>\n<td>0.7<\/td>\n<td>1.9<\/td>\n<td class=\"sort-by\">23.7<\/td>\n<\/tr>\n<tr class=\"line_2\">\n<td class=\"title\"><a href=\"https:\/\/www.basketusa.com\/joueurs\/jordan-clarkson\" target=\"_blank\" rel=\"nofollow\">Jordan Clarkson<\/a><\/td>\n<td>31<\/td>\n<td>30.1<\/td>\n<td>41.7<\/td>\n<td>31.1<\/td>\n<td>88.3<\/td>\n<td>1.1<\/td>\n<td>2.5<\/td>\n<td>3.6<\/td>\n<td>5.3<\/td>\n<td>3.0<\/td>\n<td>0.7<\/td>\n<td>0.2<\/td>\n<td>1.4<\/td>\n<td class=\"sort-by\">17.9<\/td>\n<\/tr>\n<tr class=\"line_1\">\n<td class=\"title\"><a href=\"https:\/\/www.basketusa.com\/joueurs\/collin-sexton\" target=\"_blank\" rel=\"nofollow\">Collin Sexton<\/a><\/td>\n<td>41<\/td>\n<td>23.5<\/td>\n<td>48.3<\/td>\n<td>35.7<\/td>\n<td>89.3<\/td>\n<td>0.8<\/td>\n<td>1.8<\/td>\n<td>2.6<\/td>\n<td>3.9<\/td>\n<td>1.8<\/td>\n<td>0.7<\/td>\n<td>0.2<\/td>\n<td>2.0<\/td>\n<td class=\"sort-by\">16.5<\/td>\n<\/tr>\n<tr class=\"line_2\">\n<td class=\"title\"><a href=\"https:\/\/www.basketusa.com\/joueurs\/john-collins\" target=\"_blank\" rel=\"nofollow\">John Collins<\/a><\/td>\n<td>37<\/td>\n<td>28.1<\/td>\n<td>50.4<\/td>\n<td>38.5<\/td>\n<td>76.5<\/td>\n<td>2.0<\/td>\n<td>5.8<\/td>\n<td>7.8<\/td>\n<td>1.0<\/td>\n<td>1.5<\/td>\n<td>0.6<\/td>\n<td>0.8<\/td>\n<td>2.7<\/td>\n<td class=\"sort-by\">13.9<\/td>\n<\/tr>\n<tr class=\"line_1\">\n<td class=\"title\"><a href=\"https:\/\/www.basketusa.com\/joueurs\/keyonte-george\" target=\"_blank\" rel=\"nofollow\">Keyonte George<\/a><\/td>\n<td>35<\/td>\n<td>25.0<\/td>\n<td>37.0<\/td>\n<td>32.3<\/td>\n<td>80.6<\/td>\n<td>0.4<\/td>\n<td>2.6<\/td>\n<td>3.0<\/td>\n<td>4.5<\/td>\n<td>2.1<\/td>\n<td>0.5<\/td>\n<td>0.1<\/td>\n<td>1.1<\/td>\n<td class=\"sort-by\">11.1<\/td>\n<\/tr>\n<tr class=\"line_2\">\n<td class=\"title\"><a href=\"https:\/\/www.basketusa.com\/joueurs\/talen-horton-tucker\" target=\"_blank\" rel=\"nofollow\">Talen Horton-tucker<\/a><\/td>\n<td>30<\/td>\n<td>22.0<\/td>\n<td>41.1<\/td>\n<td>33.3<\/td>\n<td>78.7<\/td>\n<td>0.4<\/td>\n<td>2.1<\/td>\n<td>2.5<\/td>\n<td>4.2<\/td>\n<td>1.7<\/td>\n<td>1.1<\/td>\n<td>0.4<\/td>\n<td>2.1<\/td>\n<td class=\"sort-by\">11.0<\/td>\n<\/tr>\n<tr class=\"line_1\">\n<td class=\"title\"><a href=\"https:\/\/www.basketusa.com\/joueurs\/simone-fontecchio\" target=\"_blank\" rel=\"nofollow\">Simone Fontecchio<\/a><\/td>\n<td>39<\/td>\n<td>22.5<\/td>\n<td>44.4<\/td>\n<td>38.9<\/td>\n<td>77.1<\/td>\n<td>0.9<\/td>\n<td>2.2<\/td>\n<td>3.2<\/td>\n<td>1.3<\/td>\n<td>1.1<\/td>\n<td>0.6<\/td>\n<td>0.4<\/td>\n<td>1.7<\/td>\n<td class=\"sort-by\">8.8<\/td>\n<\/tr>\n<tr class=\"line_2\">\n<td class=\"title\"><a href=\"https:\/\/www.basketusa.com\/joueurs\/walker-kessler\" target=\"_blank\" rel=\"nofollow\">Walker Kessler<\/a><\/td>\n<td>33<\/td>\n<td>23.7<\/td>\n<td>64.5<\/td>\n<td>25.0<\/td>\n<td>51.1<\/td>\n<td>2.6<\/td>\n<td>5.0<\/td>\n<td>7.6<\/td>\n<td>0.7<\/td>\n<td>1.0<\/td>\n<td>0.5<\/td>\n<td>2.5<\/td>\n<td>2.2<\/td>\n<td class=\"sort-by\">8.8<\/td>\n<\/tr>\n<tr class=\"line_1\">\n<td class=\"title\"><a href=\"https:\/\/www.basketusa.com\/joueurs\/kelly-olynyk\" target=\"_blank\" rel=\"nofollow\">Kelly Olynyk<\/a><\/td>\n<td>39<\/td>\n<td>21.1<\/td>\n<td>55.3<\/td>\n<td>42.9<\/td>\n<td>85.5<\/td>\n<td>1.4<\/td>\n<td>3.8<\/td>\n<td>5.2<\/td>\n<td>4.5<\/td>\n<td>1.7<\/td>\n<td>0.9<\/td>\n<td>0.3<\/td>\n<td>2.7<\/td>\n<td class=\"sort-by\">8.1<\/td>\n<\/tr>\n<tr class=\"line_2\">\n<td class=\"title\"><a href=\"https:\/\/www.basketusa.com\/joueurs\/ochai-agbaji\" target=\"_blank\" rel=\"nofollow\">Ochai Agbaji<\/a><\/td>\n<td>41<\/td>\n<td>20.3<\/td>\n<td>43.6<\/td>\n<td>33.1<\/td>\n<td>73.3<\/td>\n<td>0.8<\/td>\n<td>1.8<\/td>\n<td>2.6<\/td>\n<td>1.0<\/td>\n<td>0.7<\/td>\n<td>0.6<\/td>\n<td>0.5<\/td>\n<td>1.5<\/td>\n<td class=\"sort-by\">6.0<\/td>\n<\/tr>\n<tr class=\"line_1\">\n<td class=\"title\"><a href=\"https:\/\/www.basketusa.com\/joueurs\/kris-dunn\" target=\"_blank\" rel=\"nofollow\">Kris Dunn<\/a><\/td>\n<td>33<\/td>\n<td>17.3<\/td>\n<td>46.9<\/td>\n<td>37.0<\/td>\n<td>68.8<\/td>\n<td>0.6<\/td>\n<td>2.2<\/td>\n<td>2.8<\/td>\n<td>4.1<\/td>\n<td>1.3<\/td>\n<td>0.9<\/td>\n<td>0.5<\/td>\n<td>1.8<\/td>\n<td class=\"sort-by\">5.0<\/td>\n<\/tr>\n<tr class=\"line_2\">\n<td class=\"title\"><a href=\"https:\/\/www.basketusa.com\/joueurs\/taylor-hendricks\" target=\"_blank\" rel=\"nofollow\">Taylor Hendricks<\/a><\/td>\n<td>13<\/td>\n<td>14.0<\/td>\n<td>39.7<\/td>\n<td>34.3<\/td>\n<td>75.0<\/td>\n<td>0.8<\/td>\n<td>1.4<\/td>\n<td>2.2<\/td>\n<td>0.5<\/td>\n<td>0.7<\/td>\n<td>0.7<\/td>\n<td>0.5<\/td>\n<td>0.9<\/td>\n<td class=\"sort-by\">4.9<\/td>\n<\/tr>\n<tr class=\"line_1\">\n<td class=\"title\"><a href=\"https:\/\/www.basketusa.com\/joueurs\/omer-yurtseven\" target=\"_blank\" rel=\"nofollow\">Omer Yurtseven<\/a><\/td>\n<td>23<\/td>\n<td>11.0<\/td>\n<td>50.0<\/td>\n<td>20.0<\/td>\n<td>60.0<\/td>\n<td>1.5<\/td>\n<td>2.9<\/td>\n<td>4.4<\/td>\n<td>0.6<\/td>\n<td>1.0<\/td>\n<td>0.2<\/td>\n<td>0.4<\/td>\n<td>1.4<\/td>\n<td class=\"sort-by\">3.7<\/td>\n<\/tr>\n<tr class=\"line_2\">\n<td class=\"title\"><a href=\"https:\/\/www.basketusa.com\/joueurs\/luka-samanic\" target=\"_blank\" rel=\"nofollow\">Luka Samanic<\/a><\/td>\n<td>18<\/td>\n<td>6.5<\/td>\n<td>38.2<\/td>\n<td>25.0<\/td>\n<td>84.6<\/td>\n<td>0.4<\/td>\n<td>1.7<\/td>\n<td>2.1<\/td>\n<td>0.2<\/td>\n<td>0.5<\/td>\n<td>0.1<\/td>\n<td>0.1<\/td>\n<td>0.7<\/td>\n<td class=\"sort-by\">3.2<\/td>\n<\/tr>\n<tr class=\"line_1\">\n<td class=\"title\"><a href=\"https:\/\/www.basketusa.com\/joueurs\/brice-sensabaugh\" target=\"_blank\" rel=\"nofollow\">Brice Sensabaugh<\/a><\/td>\n<td>4<\/td>\n<td>2.9<\/td>\n<td>33.3<\/td>\n<td>50.0<\/td>\n<td>0.0<\/td>\n<td>0.3<\/td>\n<td>0.5<\/td>\n<td>0.8<\/td>\n<td>0.5<\/td>\n<td>0.0<\/td>\n<td>0.0<\/td>\n<td>0.0<\/td>\n<td>0.3<\/td>\n<td class=\"sort-by\">1.3<\/td>\n<\/tr>\n<tr class=\"line_2\">\n<td class=\"title\"><a href=\"https:\/\/www.basketusa.com\/joueurs\/micah-potter\" target=\"_blank\" rel=\"nofollow\">Micah Potter<\/a><\/td>\n<td>2<\/td>\n<td>3.6<\/td>\n<td>0.0<\/td>\n<td>0.0<\/td>\n<td>0.0<\/td>\n<td>0.0<\/td>\n<td>2.0<\/td>\n<td>2.0<\/td>\n<td>0.0<\/td>\n<td>0.0<\/td>\n<td>0.0<\/td>\n<td>0.0<\/td>\n<td>0.0<\/td>\n<td class=\"sort-by\">0.0<\/td>\n<\/tr>\n<tr class=\"line_1\">\n<td class=\"title\"><a href=\"https:\/\/www.basketusa.com\/joueurs\/johnny-juzang\" target=\"_blank\" rel=\"nofollow\">Johnny Juzang<\/a><\/td>\n<td>1<\/td>\n<td>4.4<\/td>\n<td>0.0<\/td>\n<td>0.0<\/td>\n<td>0.0<\/td>\n<td>0.0<\/td>\n<td>0.0<\/td>\n<td>0.0<\/td>\n<td>1.0<\/td>\n<td>0.0<\/td>\n<td>0.0<\/td>\n<td>0.0<\/td>\n<td>0.0<\/td>\n<td class=\"sort-by\">0.0<\/td>\n<\/tr>\n<\/table>\n<p> Cet article, qui traite du th\u00e8me \u00ab\u00a0Festival Jazz et musique en mode guinguette\u00a0\u00bb, vous est d\u00e9lib\u00e9r\u00e9ment offert par festivox.fr. La raison d\u2019\u00eatre de festivox.fr est de parler de Festival Jazz et musique en mode guinguette dans la transparence la plus g\u00e9n\u00e9rale en vous procurant la visibilit\u00e9 de tout ce qui est publi\u00e9 sur ce sujet sur le web La chronique a \u00e9t\u00e9 g\u00e9n\u00e9r\u00e9e de la mani\u00e8re la plus honn\u00eate que possible. S\u2019il advenait que vous projetez d\u2019apporter quelques notes concernant le domaine de \u00ab\u00a0Festival Jazz et musique en mode guinguette\u00a0\u00bb vous avez la possibilit\u00e9 de d&rsquo;\u00e9changer avec notre r\u00e9daction. Dans peu de temps, on mettra en ligne d&rsquo;autres informations pertinentes autour du sujet \u00ab\u00a0Festival Jazz et musique en mode guinguette\u00a0\u00bb. Ainsi, consultez r\u00e9guli\u00e8rement notre site.<\/p>\n","protected":false},"excerpt":{"rendered":"<p>C\u2019est bien le Jazz l\u2019\u00e9quipe la plus en forme de la ligue actuellement. Will Hardy et ses hommes viennent d\u2019encha\u00eener six victoires d\u2019affil\u00e9e. Leur bilan est positif, avec 22 victoires et 20 d\u00e9faites. Ce qui n\u2019\u00e9tait pas gagn\u00e9 il y a encore un mois. Car en effet, le soir du 11 d\u00e9cembre 2023, apr\u00e8s une&hellip;<\/p>\n","protected":false},"author":1,"featured_media":612,"comment_status":"closed","ping_status":"closed","sticky":false,"template":"","format":"standard","meta":{"footnotes":""},"categories":[3],"tags":[],"class_list":["post-611","post","type-post","status-publish","format-standard","has-post-thumbnail","hentry","category-wiki-sur-festival-jazz-et-musique-en-mode-guinguette"],"yoast_head":"<!-- This site is optimized with the Yoast SEO plugin v27.5 - https:\/\/yoast.com\/product\/yoast-seo-wordpress\/ -->\n<title>Entre le Jazz et la java - FESTIVOX<\/title>\n<meta name=\"robots\" content=\"index, follow, max-snippet:-1, max-image-preview:large, max-video-preview:-1\" \/>\n<link rel=\"canonical\" href=\"https:\/\/www.festivox.fr\/blog\/entre-le-jazz-et-la-java\/\" \/>\n<meta property=\"og:locale\" content=\"fr_FR\" \/>\n<meta property=\"og:type\" content=\"article\" \/>\n<meta property=\"og:title\" content=\"Entre le Jazz et la java - FESTIVOX\" \/>\n<meta property=\"og:description\" content=\"C\u2019est bien le Jazz l\u2019\u00e9quipe la plus en forme de la ligue actuellement. Will Hardy et ses hommes viennent d\u2019encha\u00eener six victoires d\u2019affil\u00e9e. Leur bilan est positif, avec 22 victoires et 20 d\u00e9faites. Ce qui n\u2019\u00e9tait pas gagn\u00e9 il y a encore un mois. Car en effet, le soir du 11 d\u00e9cembre 2023, apr\u00e8s une&hellip;\" \/>\n<meta property=\"og:url\" content=\"https:\/\/www.festivox.fr\/blog\/entre-le-jazz-et-la-java\/\" \/>\n<meta property=\"og:site_name\" content=\"FESTIVOX\" \/>\n<meta property=\"article:published_time\" content=\"2024-01-16T06:12:00+00:00\" \/>\n<meta property=\"og:image\" content=\"https:\/\/www.festivox.fr\/blog\/wp-content\/uploads\/2024\/01\/entre-le-jazz-et-la-java.jpg\" \/>\n<meta name=\"author\" content=\"Michele\" \/>\n<meta name=\"twitter:card\" content=\"summary_large_image\" \/>\n<meta name=\"twitter:label1\" content=\"\u00c9crit par\" \/>\n\t<meta name=\"twitter:data1\" content=\"Michele\" \/>\n\t<meta name=\"twitter:label2\" content=\"Dur\u00e9e de lecture estim\u00e9e\" \/>\n\t<meta name=\"twitter:data2\" content=\"4 minutes\" \/>\n<script type=\"application\/ld+json\" class=\"yoast-schema-graph\">{\"@context\":\"https:\\\/\\\/schema.org\",\"@graph\":[{\"@type\":\"Article\",\"@id\":\"https:\\\/\\\/www.festivox.fr\\\/blog\\\/entre-le-jazz-et-la-java\\\/#article\",\"isPartOf\":{\"@id\":\"https:\\\/\\\/www.festivox.fr\\\/blog\\\/entre-le-jazz-et-la-java\\\/\"},\"author\":{\"name\":\"Michele\",\"@id\":\"https:\\\/\\\/www.festivox.fr\\\/blog\\\/#\\\/schema\\\/person\\\/f36a8b6bc94800c3eafed4bca993ce95\"},\"headline\":\"Entre le Jazz et la java\",\"datePublished\":\"2024-01-16T06:12:00+00:00\",\"mainEntityOfPage\":{\"@id\":\"https:\\\/\\\/www.festivox.fr\\\/blog\\\/entre-le-jazz-et-la-java\\\/\"},\"wordCount\":761,\"publisher\":{\"@id\":\"https:\\\/\\\/www.festivox.fr\\\/blog\\\/#organization\"},\"image\":{\"@id\":\"https:\\\/\\\/www.festivox.fr\\\/blog\\\/entre-le-jazz-et-la-java\\\/#primaryimage\"},\"thumbnailUrl\":\"https:\\\/\\\/www.festivox.fr\\\/blog\\\/wp-content\\\/uploads\\\/2024\\\/01\\\/entre-le-jazz-et-la-java.jpg\",\"articleSection\":[\"Wiki Sur Festival Jazz Et Musique En Mode Guinguette:\"],\"inLanguage\":\"fr-FR\"},{\"@type\":\"WebPage\",\"@id\":\"https:\\\/\\\/www.festivox.fr\\\/blog\\\/entre-le-jazz-et-la-java\\\/\",\"url\":\"https:\\\/\\\/www.festivox.fr\\\/blog\\\/entre-le-jazz-et-la-java\\\/\",\"name\":\"Entre le Jazz et la java - FESTIVOX\",\"isPartOf\":{\"@id\":\"https:\\\/\\\/www.festivox.fr\\\/blog\\\/#website\"},\"primaryImageOfPage\":{\"@id\":\"https:\\\/\\\/www.festivox.fr\\\/blog\\\/entre-le-jazz-et-la-java\\\/#primaryimage\"},\"image\":{\"@id\":\"https:\\\/\\\/www.festivox.fr\\\/blog\\\/entre-le-jazz-et-la-java\\\/#primaryimage\"},\"thumbnailUrl\":\"https:\\\/\\\/www.festivox.fr\\\/blog\\\/wp-content\\\/uploads\\\/2024\\\/01\\\/entre-le-jazz-et-la-java.jpg\",\"datePublished\":\"2024-01-16T06:12:00+00:00\",\"breadcrumb\":{\"@id\":\"https:\\\/\\\/www.festivox.fr\\\/blog\\\/entre-le-jazz-et-la-java\\\/#breadcrumb\"},\"inLanguage\":\"fr-FR\",\"potentialAction\":[{\"@type\":\"ReadAction\",\"target\":[\"https:\\\/\\\/www.festivox.fr\\\/blog\\\/entre-le-jazz-et-la-java\\\/\"]}]},{\"@type\":\"ImageObject\",\"inLanguage\":\"fr-FR\",\"@id\":\"https:\\\/\\\/www.festivox.fr\\\/blog\\\/entre-le-jazz-et-la-java\\\/#primaryimage\",\"url\":\"https:\\\/\\\/www.festivox.fr\\\/blog\\\/wp-content\\\/uploads\\\/2024\\\/01\\\/entre-le-jazz-et-la-java.jpg\",\"contentUrl\":\"https:\\\/\\\/www.festivox.fr\\\/blog\\\/wp-content\\\/uploads\\\/2024\\\/01\\\/entre-le-jazz-et-la-java.jpg\",\"width\":1200,\"height\":800},{\"@type\":\"BreadcrumbList\",\"@id\":\"https:\\\/\\\/www.festivox.fr\\\/blog\\\/entre-le-jazz-et-la-java\\\/#breadcrumb\",\"itemListElement\":[{\"@type\":\"ListItem\",\"position\":1,\"name\":\"Accueil\",\"item\":\"https:\\\/\\\/www.festivox.fr\\\/blog\\\/\"},{\"@type\":\"ListItem\",\"position\":2,\"name\":\"Entre le Jazz et la java\"}]},{\"@type\":\"WebSite\",\"@id\":\"https:\\\/\\\/www.festivox.fr\\\/blog\\\/#website\",\"url\":\"https:\\\/\\\/www.festivox.fr\\\/blog\\\/\",\"name\":\"FESTIVOX\",\"description\":\"Festival en mode guinguette.\",\"publisher\":{\"@id\":\"https:\\\/\\\/www.festivox.fr\\\/blog\\\/#organization\"},\"potentialAction\":[{\"@type\":\"SearchAction\",\"target\":{\"@type\":\"EntryPoint\",\"urlTemplate\":\"https:\\\/\\\/www.festivox.fr\\\/blog\\\/?s={search_term_string}\"},\"query-input\":{\"@type\":\"PropertyValueSpecification\",\"valueRequired\":true,\"valueName\":\"search_term_string\"}}],\"inLanguage\":\"fr-FR\"},{\"@type\":\"Organization\",\"@id\":\"https:\\\/\\\/www.festivox.fr\\\/blog\\\/#organization\",\"name\":\"festivox\",\"url\":\"https:\\\/\\\/www.festivox.fr\\\/blog\\\/\",\"logo\":{\"@type\":\"ImageObject\",\"inLanguage\":\"fr-FR\",\"@id\":\"https:\\\/\\\/www.festivox.fr\\\/blog\\\/#\\\/schema\\\/logo\\\/image\\\/\",\"url\":\"https:\\\/\\\/www.festivox.fr\\\/blog\\\/wp-content\\\/uploads\\\/2023\\\/06\\\/logo-2.png\",\"contentUrl\":\"https:\\\/\\\/www.festivox.fr\\\/blog\\\/wp-content\\\/uploads\\\/2023\\\/06\\\/logo-2.png\",\"width\":480,\"height\":160,\"caption\":\"festivox\"},\"image\":{\"@id\":\"https:\\\/\\\/www.festivox.fr\\\/blog\\\/#\\\/schema\\\/logo\\\/image\\\/\"}},{\"@type\":\"Person\",\"@id\":\"https:\\\/\\\/www.festivox.fr\\\/blog\\\/#\\\/schema\\\/person\\\/f36a8b6bc94800c3eafed4bca993ce95\",\"name\":\"Michele\",\"image\":{\"@type\":\"ImageObject\",\"inLanguage\":\"fr-FR\",\"@id\":\"https:\\\/\\\/secure.gravatar.com\\\/avatar\\\/b062046536b5d47ec9075956ec349ef95ed06b0f910c578f74abb318668b702e?s=96&d=mm&r=g\",\"url\":\"https:\\\/\\\/secure.gravatar.com\\\/avatar\\\/b062046536b5d47ec9075956ec349ef95ed06b0f910c578f74abb318668b702e?s=96&d=mm&r=g\",\"contentUrl\":\"https:\\\/\\\/secure.gravatar.com\\\/avatar\\\/b062046536b5d47ec9075956ec349ef95ed06b0f910c578f74abb318668b702e?s=96&d=mm&r=g\",\"caption\":\"Michele\"},\"sameAs\":[\"https:\\\/\\\/www.festivox.fr\\\/blog\"],\"url\":\"https:\\\/\\\/www.festivox.fr\\\/blog\\\/author\\\/voxadmin\\\/\"}]}<\/script>\n<!-- \/ Yoast SEO plugin. -->","yoast_head_json":{"title":"Entre le Jazz et la java - FESTIVOX","robots":{"index":"index","follow":"follow","max-snippet":"max-snippet:-1","max-image-preview":"max-image-preview:large","max-video-preview":"max-video-preview:-1"},"canonical":"https:\/\/www.festivox.fr\/blog\/entre-le-jazz-et-la-java\/","og_locale":"fr_FR","og_type":"article","og_title":"Entre le Jazz et la java - FESTIVOX","og_description":"C\u2019est bien le Jazz l\u2019\u00e9quipe la plus en forme de la ligue actuellement. Will Hardy et ses hommes viennent d\u2019encha\u00eener six victoires d\u2019affil\u00e9e. Leur bilan est positif, avec 22 victoires et 20 d\u00e9faites. Ce qui n\u2019\u00e9tait pas gagn\u00e9 il y a encore un mois. Car en effet, le soir du 11 d\u00e9cembre 2023, apr\u00e8s une&hellip;","og_url":"https:\/\/www.festivox.fr\/blog\/entre-le-jazz-et-la-java\/","og_site_name":"FESTIVOX","article_published_time":"2024-01-16T06:12:00+00:00","og_image":[{"url":"https:\/\/www.festivox.fr\/blog\/wp-content\/uploads\/2024\/01\/entre-le-jazz-et-la-java.jpg","type":"","width":"","height":""}],"author":"Michele","twitter_card":"summary_large_image","twitter_misc":{"\u00c9crit par":"Michele","Dur\u00e9e de lecture estim\u00e9e":"4 minutes"},"schema":{"@context":"https:\/\/schema.org","@graph":[{"@type":"Article","@id":"https:\/\/www.festivox.fr\/blog\/entre-le-jazz-et-la-java\/#article","isPartOf":{"@id":"https:\/\/www.festivox.fr\/blog\/entre-le-jazz-et-la-java\/"},"author":{"name":"Michele","@id":"https:\/\/www.festivox.fr\/blog\/#\/schema\/person\/f36a8b6bc94800c3eafed4bca993ce95"},"headline":"Entre le Jazz et la java","datePublished":"2024-01-16T06:12:00+00:00","mainEntityOfPage":{"@id":"https:\/\/www.festivox.fr\/blog\/entre-le-jazz-et-la-java\/"},"wordCount":761,"publisher":{"@id":"https:\/\/www.festivox.fr\/blog\/#organization"},"image":{"@id":"https:\/\/www.festivox.fr\/blog\/entre-le-jazz-et-la-java\/#primaryimage"},"thumbnailUrl":"https:\/\/www.festivox.fr\/blog\/wp-content\/uploads\/2024\/01\/entre-le-jazz-et-la-java.jpg","articleSection":["Wiki Sur Festival Jazz Et Musique En Mode Guinguette:"],"inLanguage":"fr-FR"},{"@type":"WebPage","@id":"https:\/\/www.festivox.fr\/blog\/entre-le-jazz-et-la-java\/","url":"https:\/\/www.festivox.fr\/blog\/entre-le-jazz-et-la-java\/","name":"Entre le Jazz et la java - FESTIVOX","isPartOf":{"@id":"https:\/\/www.festivox.fr\/blog\/#website"},"primaryImageOfPage":{"@id":"https:\/\/www.festivox.fr\/blog\/entre-le-jazz-et-la-java\/#primaryimage"},"image":{"@id":"https:\/\/www.festivox.fr\/blog\/entre-le-jazz-et-la-java\/#primaryimage"},"thumbnailUrl":"https:\/\/www.festivox.fr\/blog\/wp-content\/uploads\/2024\/01\/entre-le-jazz-et-la-java.jpg","datePublished":"2024-01-16T06:12:00+00:00","breadcrumb":{"@id":"https:\/\/www.festivox.fr\/blog\/entre-le-jazz-et-la-java\/#breadcrumb"},"inLanguage":"fr-FR","potentialAction":[{"@type":"ReadAction","target":["https:\/\/www.festivox.fr\/blog\/entre-le-jazz-et-la-java\/"]}]},{"@type":"ImageObject","inLanguage":"fr-FR","@id":"https:\/\/www.festivox.fr\/blog\/entre-le-jazz-et-la-java\/#primaryimage","url":"https:\/\/www.festivox.fr\/blog\/wp-content\/uploads\/2024\/01\/entre-le-jazz-et-la-java.jpg","contentUrl":"https:\/\/www.festivox.fr\/blog\/wp-content\/uploads\/2024\/01\/entre-le-jazz-et-la-java.jpg","width":1200,"height":800},{"@type":"BreadcrumbList","@id":"https:\/\/www.festivox.fr\/blog\/entre-le-jazz-et-la-java\/#breadcrumb","itemListElement":[{"@type":"ListItem","position":1,"name":"Accueil","item":"https:\/\/www.festivox.fr\/blog\/"},{"@type":"ListItem","position":2,"name":"Entre le Jazz et la java"}]},{"@type":"WebSite","@id":"https:\/\/www.festivox.fr\/blog\/#website","url":"https:\/\/www.festivox.fr\/blog\/","name":"FESTIVOX","description":"Festival en mode guinguette.","publisher":{"@id":"https:\/\/www.festivox.fr\/blog\/#organization"},"potentialAction":[{"@type":"SearchAction","target":{"@type":"EntryPoint","urlTemplate":"https:\/\/www.festivox.fr\/blog\/?s={search_term_string}"},"query-input":{"@type":"PropertyValueSpecification","valueRequired":true,"valueName":"search_term_string"}}],"inLanguage":"fr-FR"},{"@type":"Organization","@id":"https:\/\/www.festivox.fr\/blog\/#organization","name":"festivox","url":"https:\/\/www.festivox.fr\/blog\/","logo":{"@type":"ImageObject","inLanguage":"fr-FR","@id":"https:\/\/www.festivox.fr\/blog\/#\/schema\/logo\/image\/","url":"https:\/\/www.festivox.fr\/blog\/wp-content\/uploads\/2023\/06\/logo-2.png","contentUrl":"https:\/\/www.festivox.fr\/blog\/wp-content\/uploads\/2023\/06\/logo-2.png","width":480,"height":160,"caption":"festivox"},"image":{"@id":"https:\/\/www.festivox.fr\/blog\/#\/schema\/logo\/image\/"}},{"@type":"Person","@id":"https:\/\/www.festivox.fr\/blog\/#\/schema\/person\/f36a8b6bc94800c3eafed4bca993ce95","name":"Michele","image":{"@type":"ImageObject","inLanguage":"fr-FR","@id":"https:\/\/secure.gravatar.com\/avatar\/b062046536b5d47ec9075956ec349ef95ed06b0f910c578f74abb318668b702e?s=96&d=mm&r=g","url":"https:\/\/secure.gravatar.com\/avatar\/b062046536b5d47ec9075956ec349ef95ed06b0f910c578f74abb318668b702e?s=96&d=mm&r=g","contentUrl":"https:\/\/secure.gravatar.com\/avatar\/b062046536b5d47ec9075956ec349ef95ed06b0f910c578f74abb318668b702e?s=96&d=mm&r=g","caption":"Michele"},"sameAs":["https:\/\/www.festivox.fr\/blog"],"url":"https:\/\/www.festivox.fr\/blog\/author\/voxadmin\/"}]}},"_links":{"self":[{"href":"https:\/\/www.festivox.fr\/blog\/wp-json\/wp\/v2\/posts\/611","targetHints":{"allow":["GET"]}}],"collection":[{"href":"https:\/\/www.festivox.fr\/blog\/wp-json\/wp\/v2\/posts"}],"about":[{"href":"https:\/\/www.festivox.fr\/blog\/wp-json\/wp\/v2\/types\/post"}],"author":[{"embeddable":true,"href":"https:\/\/www.festivox.fr\/blog\/wp-json\/wp\/v2\/users\/1"}],"replies":[{"embeddable":true,"href":"https:\/\/www.festivox.fr\/blog\/wp-json\/wp\/v2\/comments?post=611"}],"version-history":[{"count":0,"href":"https:\/\/www.festivox.fr\/blog\/wp-json\/wp\/v2\/posts\/611\/revisions"}],"wp:featuredmedia":[{"embeddable":true,"href":"https:\/\/www.festivox.fr\/blog\/wp-json\/wp\/v2\/media\/612"}],"wp:attachment":[{"href":"https:\/\/www.festivox.fr\/blog\/wp-json\/wp\/v2\/media?parent=611"}],"wp:term":[{"taxonomy":"category","embeddable":true,"href":"https:\/\/www.festivox.fr\/blog\/wp-json\/wp\/v2\/categories?post=611"},{"taxonomy":"post_tag","embeddable":true,"href":"https:\/\/www.festivox.fr\/blog\/wp-json\/wp\/v2\/tags?post=611"}],"curies":[{"name":"wp","href":"https:\/\/api.w.org\/{rel}","templated":true}]}}