{"id":600,"date":"2024-01-04T17:46:00","date_gmt":"2024-01-04T16:46:00","guid":{"rendered":"https:\/\/www.festivox.fr\/blog\/jazz-trotter-brussels-jazz-festival-2024\/"},"modified":"2024-01-04T17:46:00","modified_gmt":"2024-01-04T16:46:00","slug":"jazz-trotter-brussels-jazz-festival-2024","status":"publish","type":"post","link":"https:\/\/www.festivox.fr\/blog\/jazz-trotter-brussels-jazz-festival-2024\/","title":{"rendered":"Jazz Trotter : Brussels Jazz Festival 2024"},"content":{"rendered":"\n<div><img decoding=\"async\" src=\"https:\/\/www.festivox.fr\/blog\/wp-content\/uploads\/2024\/01\/jazz-trotter-brussels-jazz-festival-2024.jpg\" class=\"ff-og-image-inserted\"><\/div>\n<p class=\"PopSlotParagraph qg-tx2 qg-xtra-lh svelte-1xznlfb\"><!-- HTML_TAG_START -->Le festival retrouve cette ann\u00e9e son format de 10&nbsp;jours et promet une programmation ambitieuse, \u00e9clectique, jeune, belge et internationale. Le pianiste et compositeur bruxellois Casimir Liberski, artiste en r\u00e9sidence du festival, y d\u00e9voilera trois nouveaux projets t\u00e9moignant de la richesse de son talent.<!-- HTML_TAG_END --><\/p>\n<p class=\"PopSlotParagraph qg-tx2 qg-xtra-lh svelte-1xznlfb\"><!-- HTML_TAG_START --><em>La fiert\u00e9 des Belges<\/em><!-- HTML_TAG_END --><\/p>\n<div class=\"PopSlot inread svelte-1nn8uhn isEnabled\">\n<p><span class=\"qg-tx5 svelte-1nn8uhn\">Publicit\u00e9<\/span> <\/p>\n<\/p><\/div>\n<p class=\"PopSlotParagraph qg-tx2 qg-xtra-lh svelte-1xznlfb\"><!-- HTML_TAG_START -->C\u2019est une tradition du festival&nbsp;: il ouvre la sc\u00e8ne de Flagey \u00e0 de nombreux artistes de jazz belges. Cette ann\u00e9e, le <!-- HTML_TAG_END --> <a href=\"https:\/\/www.flagey.be\/fr\/brusselsjazzfestival\" target=\"_blank\" rel=\"noopener noreferrer nofollow\" class data-testid=\"link\"><!-- HTML_TAG_START --><strong>Brussels Jazz Festival<\/strong><!-- HTML_TAG_END --><\/a><!-- HTML_TAG_START --> a choisi de collaborer avec la maison de disques W.E.R.F. Records, qui f\u00eate son 30e&nbsp;anniversaire. Depuis 30&nbsp;ans d\u00e9j\u00e0, le label s\u2019engage en faveur de l\u2019avant-garde du jazz belge. Ainsi, au cours du festival, Donder proposera un concert lors duquel le public sera couch\u00e9 sur sc\u00e8ne, pr\u00e9c\u00e9d\u00e9 d\u2019un brunch, tandis que Don Kapot viendra pr\u00e9senter son nouvel album. Le point d\u2019orgue de cette collaboration sera la joyeuse \u00ab&nbsp;W.E.R.F. Night&nbsp;\u00bb, qui mettra \u00e0 l\u2019honneur de grandes dames du jazz, Anneleen Boehme, GingerBlackGinger et Sophie Tassignon.<!-- HTML_TAG_END --><\/p>\n<div class=\"Bounce svelte-k0g7f5 hasAudio\">\n<div class=\"Bounce-left svelte-k0g7f5\">\n<p><span class=\"Bounce-conceptTitle qg-tx5 svelte-k0g7f5\">Open jazz<\/span> <span class=\"g-separator svelte-k0g7f5\"><\/span> <button class=\"Button light tertiary medium svelte-1mp6ox4\" type=\"button\" data-testid=\"BookmarkToggle\">  \u00c9couter plus tard <\/button><\/p>\n<\/div>\n<p> <button class=\"Button dark primary small isExpandable svelte-1mp6ox4\" data-track-click-type=\"replayButton\" type=\"button\" data-testid=\"replay-button\"><span> <\/span> <span><!-- HTML_TAG_START -->\u00e9couter<!-- HTML_TAG_END --><\/span> <\/button> <span class=\"Duration light qg-tx5 svelte-1i8r9u\">54 min <\/span><\/p>\n<\/p><\/div>\n<p class=\"PopSlotParagraph qg-tx2 qg-xtra-lh svelte-1xznlfb\"><!-- HTML_TAG_START -->Chaque ann\u00e9e, le festival donne carte blanche \u00e0 une jeune r\u00e9v\u00e9lation belge, invit\u00e9e \u00e0 d\u00e9velopper trois projets en tant qu\u2019artiste en r\u00e9sidence. Cette fois, c\u2019est le pianiste et compositeur bruxellois Casimir Liberski qui pr\u00e9sentera de nouvelles compositions en compagnie des l\u00e9gendes am\u00e9ricaines Greg Osby, Larry Grenadier et Nasheet Waits. Il se lancera dans des explorations \u00e9lectroniques avec Roman Hiele et Tolouse Low Trax. Et enfin, il d\u00e9voilera une facette plus secr\u00e8te de sa personnalit\u00e9 \u00e0 la faveur d\u2019un concert <!-- HTML_TAG_END --> <a href=\"https:\/\/www.flagey.be\/fr\/activity\/10689-casimir-liberski-solo\" target=\"_blank\" rel=\"noopener noreferrer nofollow\" class data-testid=\"link\"><!-- HTML_TAG_START -->solo<!-- HTML_TAG_END --><\/a><!-- HTML_TAG_START --> intime.<!-- HTML_TAG_END --><\/p>\n<p class=\"PopSlotParagraph qg-tx2 qg-xtra-lh svelte-1xznlfb\"><!-- HTML_TAG_START -->La sc\u00e8ne belge du jazz fourmille de talents, comme en t\u00e9moignent Mariske Broeckmeyer et Jasmijn Lootens, qui proposeront avec la jeune \u00e9crivaine Astrid Haerens un cocktail de jazz et de po\u00e9sie inspir\u00e9 de son premier recueil, <em>Oerhert,<\/em> salu\u00e9 par la critique*.*<!-- HTML_TAG_END --><\/p>\n<p class=\"PopSlotParagraph qg-tx2 qg-xtra-lh svelte-1xznlfb\"><!-- HTML_TAG_START --><em>Pointures internationales<\/em><!-- HTML_TAG_END --><\/p>\n<p class=\"PopSlotParagraph qg-tx2 qg-xtra-lh svelte-1xznlfb\"><!-- HTML_TAG_START -->Les 10&nbsp;jours du festival seront, comme toujours, \u00e9maill\u00e9s de grands noms de la sc\u00e8ne internationale du jazz. Le trio de Marcin Wasilewski donnera ainsi le concert d\u2019ouverture, \u00e0 l\u2019occasion de son trenti\u00e8me anniversaire. Lors de la soir\u00e9e de cl\u00f4ture d\u2019Europalia, la tradition g\u00e9orgienne d\u2019Ashiq Nargile nouera un dialogue avec les interpr\u00e9tations contemporaines de Dijf Sanders. La l\u00e9gende vivante du jazz chicagoan, Kahil El\u2019Zabar, nous offrira le doux mariage entre rythmes traditionnels et contemporains qu\u2019il nous propose depuis 50&nbsp;ans d\u00e9j\u00e0 avec son Ethnic Heritage Ensemble. Le saxophoniste et tromboniste Joe Bowie en personne accompagnera cet anniversaire. Le festival se terminera en beaut\u00e9 avec deux grands talents venus d\u2019Afrique du Sud&nbsp;: Asher Gamedze et Nduduzo Makhathini.<!-- HTML_TAG_END --><\/p>\n<p class=\"PopSlotParagraph qg-tx2 qg-xtra-lh svelte-1xznlfb\"><!-- HTML_TAG_START -->Le lien vers la playlist Spotify se trouve <!-- HTML_TAG_END --> <a href=\"https:\/\/open.spotify.com\/playlist\/72G1OqYfqzDRid18b6D7UG?si=b15fada5e35244b3\" target=\"_blank\" rel=\"noopener noreferrer nofollow\" class data-testid=\"link\"><!-- HTML_TAG_START -->ici<!-- HTML_TAG_END --><\/a><!-- HTML_TAG_START -->.<!-- HTML_TAG_END --><\/p>\n<div class=\"Bounce svelte-k0g7f5 hasAudio\">\n<div class=\"Bounce-left svelte-k0g7f5\">\n<p><span class=\"Bounce-conceptTitle qg-tx5 svelte-k0g7f5\">Open jazz<\/span> <span class=\"g-separator svelte-k0g7f5\"><\/span> <button class=\"Button light tertiary medium svelte-1mp6ox4\" type=\"button\" data-testid=\"BookmarkToggle\">  \u00c9couter plus tard <\/button><\/p>\n<\/div>\n<p> <button class=\"Button dark primary small isExpandable svelte-1mp6ox4\" data-track-click-type=\"replayButton\" type=\"button\" data-testid=\"replay-button\"><span> <\/span> <span><!-- HTML_TAG_START -->\u00e9couter<!-- HTML_TAG_END --><\/span> <\/button> <span class=\"Duration light qg-tx5 svelte-1i8r9u\">59 min <\/span><\/p>\n<\/p><\/div>\n<p> Cet article, qui traite du th\u00e8me \u00ab\u00a0Festival Jazz et musique en mode guinguette\u00a0\u00bb, vous est d\u00e9lib\u00e9r\u00e9ment offert par festivox.fr. La raison d\u2019\u00eatre de festivox.fr est de parler de Festival Jazz et musique en mode guinguette dans la transparence la plus g\u00e9n\u00e9rale en vous procurant la visibilit\u00e9 de tout ce qui est publi\u00e9 sur ce sujet sur le web La chronique a \u00e9t\u00e9 g\u00e9n\u00e9r\u00e9e de la mani\u00e8re la plus honn\u00eate que possible. S\u2019il advenait que vous projetez d\u2019apporter quelques notes concernant le domaine de \u00ab\u00a0Festival Jazz et musique en mode guinguette\u00a0\u00bb vous avez la possibilit\u00e9 de d&rsquo;\u00e9changer avec notre r\u00e9daction. Dans peu de temps, on mettra en ligne d&rsquo;autres informations pertinentes autour du sujet \u00ab\u00a0Festival Jazz et musique en mode guinguette\u00a0\u00bb. Ainsi, consultez r\u00e9guli\u00e8rement notre site.<\/p>\n","protected":false},"excerpt":{"rendered":"<p>Le festival retrouve cette ann\u00e9e son format de 10&nbsp;jours et promet une programmation ambitieuse, \u00e9clectique, jeune, belge et internationale. Le pianiste et compositeur bruxellois Casimir Liberski, artiste en r\u00e9sidence du festival, y d\u00e9voilera trois nouveaux projets t\u00e9moignant de la richesse de son talent. La fiert\u00e9 des Belges Publicit\u00e9 C\u2019est une tradition du festival&nbsp;: il ouvre&hellip;<\/p>\n","protected":false},"author":1,"featured_media":601,"comment_status":"closed","ping_status":"closed","sticky":false,"template":"","format":"standard","meta":{"footnotes":""},"categories":[3],"tags":[],"class_list":["post-600","post","type-post","status-publish","format-standard","has-post-thumbnail","hentry","category-wiki-sur-festival-jazz-et-musique-en-mode-guinguette"],"yoast_head":"<!-- This site is optimized with the Yoast SEO plugin v27.5 - https:\/\/yoast.com\/product\/yoast-seo-wordpress\/ -->\n<title>Jazz Trotter : Brussels Jazz Festival 2024 - FESTIVOX<\/title>\n<meta name=\"robots\" content=\"index, follow, max-snippet:-1, max-image-preview:large, max-video-preview:-1\" \/>\n<link rel=\"canonical\" href=\"https:\/\/www.festivox.fr\/blog\/jazz-trotter-brussels-jazz-festival-2024\/\" \/>\n<meta property=\"og:locale\" content=\"fr_FR\" \/>\n<meta property=\"og:type\" content=\"article\" \/>\n<meta property=\"og:title\" content=\"Jazz Trotter : Brussels Jazz Festival 2024 - FESTIVOX\" \/>\n<meta property=\"og:description\" content=\"Le festival retrouve cette ann\u00e9e son format de 10&nbsp;jours et promet une programmation ambitieuse, \u00e9clectique, jeune, belge et internationale. Le pianiste et compositeur bruxellois Casimir Liberski, artiste en r\u00e9sidence du festival, y d\u00e9voilera trois nouveaux projets t\u00e9moignant de la richesse de son talent. La fiert\u00e9 des Belges Publicit\u00e9 C\u2019est une tradition du festival&nbsp;: il ouvre&hellip;\" \/>\n<meta property=\"og:url\" content=\"https:\/\/www.festivox.fr\/blog\/jazz-trotter-brussels-jazz-festival-2024\/\" \/>\n<meta property=\"og:site_name\" content=\"FESTIVOX\" \/>\n<meta property=\"article:published_time\" content=\"2024-01-04T16:46:00+00:00\" \/>\n<meta property=\"og:image\" content=\"https:\/\/www.festivox.fr\/blog\/wp-content\/uploads\/2024\/01\/jazz-trotter-brussels-jazz-festival-2024.jpg\" \/>\n<meta name=\"author\" content=\"Michele\" \/>\n<meta name=\"twitter:card\" content=\"summary_large_image\" \/>\n<meta name=\"twitter:label1\" content=\"\u00c9crit par\" \/>\n\t<meta name=\"twitter:data1\" content=\"Michele\" \/>\n\t<meta name=\"twitter:label2\" content=\"Dur\u00e9e de lecture estim\u00e9e\" \/>\n\t<meta name=\"twitter:data2\" content=\"3 minutes\" \/>\n<script type=\"application\/ld+json\" class=\"yoast-schema-graph\">{\"@context\":\"https:\\\/\\\/schema.org\",\"@graph\":[{\"@type\":\"Article\",\"@id\":\"https:\\\/\\\/www.festivox.fr\\\/blog\\\/jazz-trotter-brussels-jazz-festival-2024\\\/#article\",\"isPartOf\":{\"@id\":\"https:\\\/\\\/www.festivox.fr\\\/blog\\\/jazz-trotter-brussels-jazz-festival-2024\\\/\"},\"author\":{\"name\":\"Michele\",\"@id\":\"https:\\\/\\\/www.festivox.fr\\\/blog\\\/#\\\/schema\\\/person\\\/f36a8b6bc94800c3eafed4bca993ce95\"},\"headline\":\"Jazz Trotter : Brussels Jazz Festival 2024\",\"datePublished\":\"2024-01-04T16:46:00+00:00\",\"mainEntityOfPage\":{\"@id\":\"https:\\\/\\\/www.festivox.fr\\\/blog\\\/jazz-trotter-brussels-jazz-festival-2024\\\/\"},\"wordCount\":627,\"publisher\":{\"@id\":\"https:\\\/\\\/www.festivox.fr\\\/blog\\\/#organization\"},\"image\":{\"@id\":\"https:\\\/\\\/www.festivox.fr\\\/blog\\\/jazz-trotter-brussels-jazz-festival-2024\\\/#primaryimage\"},\"thumbnailUrl\":\"https:\\\/\\\/www.festivox.fr\\\/blog\\\/wp-content\\\/uploads\\\/2024\\\/01\\\/jazz-trotter-brussels-jazz-festival-2024.jpg\",\"articleSection\":[\"Wiki Sur Festival Jazz Et Musique En Mode Guinguette:\"],\"inLanguage\":\"fr-FR\"},{\"@type\":\"WebPage\",\"@id\":\"https:\\\/\\\/www.festivox.fr\\\/blog\\\/jazz-trotter-brussels-jazz-festival-2024\\\/\",\"url\":\"https:\\\/\\\/www.festivox.fr\\\/blog\\\/jazz-trotter-brussels-jazz-festival-2024\\\/\",\"name\":\"Jazz Trotter : Brussels Jazz Festival 2024 - FESTIVOX\",\"isPartOf\":{\"@id\":\"https:\\\/\\\/www.festivox.fr\\\/blog\\\/#website\"},\"primaryImageOfPage\":{\"@id\":\"https:\\\/\\\/www.festivox.fr\\\/blog\\\/jazz-trotter-brussels-jazz-festival-2024\\\/#primaryimage\"},\"image\":{\"@id\":\"https:\\\/\\\/www.festivox.fr\\\/blog\\\/jazz-trotter-brussels-jazz-festival-2024\\\/#primaryimage\"},\"thumbnailUrl\":\"https:\\\/\\\/www.festivox.fr\\\/blog\\\/wp-content\\\/uploads\\\/2024\\\/01\\\/jazz-trotter-brussels-jazz-festival-2024.jpg\",\"datePublished\":\"2024-01-04T16:46:00+00:00\",\"breadcrumb\":{\"@id\":\"https:\\\/\\\/www.festivox.fr\\\/blog\\\/jazz-trotter-brussels-jazz-festival-2024\\\/#breadcrumb\"},\"inLanguage\":\"fr-FR\",\"potentialAction\":[{\"@type\":\"ReadAction\",\"target\":[\"https:\\\/\\\/www.festivox.fr\\\/blog\\\/jazz-trotter-brussels-jazz-festival-2024\\\/\"]}]},{\"@type\":\"ImageObject\",\"inLanguage\":\"fr-FR\",\"@id\":\"https:\\\/\\\/www.festivox.fr\\\/blog\\\/jazz-trotter-brussels-jazz-festival-2024\\\/#primaryimage\",\"url\":\"https:\\\/\\\/www.festivox.fr\\\/blog\\\/wp-content\\\/uploads\\\/2024\\\/01\\\/jazz-trotter-brussels-jazz-festival-2024.jpg\",\"contentUrl\":\"https:\\\/\\\/www.festivox.fr\\\/blog\\\/wp-content\\\/uploads\\\/2024\\\/01\\\/jazz-trotter-brussels-jazz-festival-2024.jpg\",\"width\":1200,\"height\":680},{\"@type\":\"BreadcrumbList\",\"@id\":\"https:\\\/\\\/www.festivox.fr\\\/blog\\\/jazz-trotter-brussels-jazz-festival-2024\\\/#breadcrumb\",\"itemListElement\":[{\"@type\":\"ListItem\",\"position\":1,\"name\":\"Accueil\",\"item\":\"https:\\\/\\\/www.festivox.fr\\\/blog\\\/\"},{\"@type\":\"ListItem\",\"position\":2,\"name\":\"Jazz Trotter : Brussels Jazz Festival 2024\"}]},{\"@type\":\"WebSite\",\"@id\":\"https:\\\/\\\/www.festivox.fr\\\/blog\\\/#website\",\"url\":\"https:\\\/\\\/www.festivox.fr\\\/blog\\\/\",\"name\":\"FESTIVOX\",\"description\":\"Festival en mode guinguette.\",\"publisher\":{\"@id\":\"https:\\\/\\\/www.festivox.fr\\\/blog\\\/#organization\"},\"potentialAction\":[{\"@type\":\"SearchAction\",\"target\":{\"@type\":\"EntryPoint\",\"urlTemplate\":\"https:\\\/\\\/www.festivox.fr\\\/blog\\\/?s={search_term_string}\"},\"query-input\":{\"@type\":\"PropertyValueSpecification\",\"valueRequired\":true,\"valueName\":\"search_term_string\"}}],\"inLanguage\":\"fr-FR\"},{\"@type\":\"Organization\",\"@id\":\"https:\\\/\\\/www.festivox.fr\\\/blog\\\/#organization\",\"name\":\"festivox\",\"url\":\"https:\\\/\\\/www.festivox.fr\\\/blog\\\/\",\"logo\":{\"@type\":\"ImageObject\",\"inLanguage\":\"fr-FR\",\"@id\":\"https:\\\/\\\/www.festivox.fr\\\/blog\\\/#\\\/schema\\\/logo\\\/image\\\/\",\"url\":\"https:\\\/\\\/www.festivox.fr\\\/blog\\\/wp-content\\\/uploads\\\/2023\\\/06\\\/logo-2.png\",\"contentUrl\":\"https:\\\/\\\/www.festivox.fr\\\/blog\\\/wp-content\\\/uploads\\\/2023\\\/06\\\/logo-2.png\",\"width\":480,\"height\":160,\"caption\":\"festivox\"},\"image\":{\"@id\":\"https:\\\/\\\/www.festivox.fr\\\/blog\\\/#\\\/schema\\\/logo\\\/image\\\/\"}},{\"@type\":\"Person\",\"@id\":\"https:\\\/\\\/www.festivox.fr\\\/blog\\\/#\\\/schema\\\/person\\\/f36a8b6bc94800c3eafed4bca993ce95\",\"name\":\"Michele\",\"image\":{\"@type\":\"ImageObject\",\"inLanguage\":\"fr-FR\",\"@id\":\"https:\\\/\\\/secure.gravatar.com\\\/avatar\\\/b062046536b5d47ec9075956ec349ef95ed06b0f910c578f74abb318668b702e?s=96&d=mm&r=g\",\"url\":\"https:\\\/\\\/secure.gravatar.com\\\/avatar\\\/b062046536b5d47ec9075956ec349ef95ed06b0f910c578f74abb318668b702e?s=96&d=mm&r=g\",\"contentUrl\":\"https:\\\/\\\/secure.gravatar.com\\\/avatar\\\/b062046536b5d47ec9075956ec349ef95ed06b0f910c578f74abb318668b702e?s=96&d=mm&r=g\",\"caption\":\"Michele\"},\"sameAs\":[\"https:\\\/\\\/www.festivox.fr\\\/blog\"],\"url\":\"https:\\\/\\\/www.festivox.fr\\\/blog\\\/author\\\/voxadmin\\\/\"}]}<\/script>\n<!-- \/ Yoast SEO plugin. -->","yoast_head_json":{"title":"Jazz Trotter : Brussels Jazz Festival 2024 - FESTIVOX","robots":{"index":"index","follow":"follow","max-snippet":"max-snippet:-1","max-image-preview":"max-image-preview:large","max-video-preview":"max-video-preview:-1"},"canonical":"https:\/\/www.festivox.fr\/blog\/jazz-trotter-brussels-jazz-festival-2024\/","og_locale":"fr_FR","og_type":"article","og_title":"Jazz Trotter : Brussels Jazz Festival 2024 - FESTIVOX","og_description":"Le festival retrouve cette ann\u00e9e son format de 10&nbsp;jours et promet une programmation ambitieuse, \u00e9clectique, jeune, belge et internationale. Le pianiste et compositeur bruxellois Casimir Liberski, artiste en r\u00e9sidence du festival, y d\u00e9voilera trois nouveaux projets t\u00e9moignant de la richesse de son talent. La fiert\u00e9 des Belges Publicit\u00e9 C\u2019est une tradition du festival&nbsp;: il ouvre&hellip;","og_url":"https:\/\/www.festivox.fr\/blog\/jazz-trotter-brussels-jazz-festival-2024\/","og_site_name":"FESTIVOX","article_published_time":"2024-01-04T16:46:00+00:00","og_image":[{"url":"https:\/\/www.festivox.fr\/blog\/wp-content\/uploads\/2024\/01\/jazz-trotter-brussels-jazz-festival-2024.jpg","type":"","width":"","height":""}],"author":"Michele","twitter_card":"summary_large_image","twitter_misc":{"\u00c9crit par":"Michele","Dur\u00e9e de lecture estim\u00e9e":"3 minutes"},"schema":{"@context":"https:\/\/schema.org","@graph":[{"@type":"Article","@id":"https:\/\/www.festivox.fr\/blog\/jazz-trotter-brussels-jazz-festival-2024\/#article","isPartOf":{"@id":"https:\/\/www.festivox.fr\/blog\/jazz-trotter-brussels-jazz-festival-2024\/"},"author":{"name":"Michele","@id":"https:\/\/www.festivox.fr\/blog\/#\/schema\/person\/f36a8b6bc94800c3eafed4bca993ce95"},"headline":"Jazz Trotter : Brussels Jazz Festival 2024","datePublished":"2024-01-04T16:46:00+00:00","mainEntityOfPage":{"@id":"https:\/\/www.festivox.fr\/blog\/jazz-trotter-brussels-jazz-festival-2024\/"},"wordCount":627,"publisher":{"@id":"https:\/\/www.festivox.fr\/blog\/#organization"},"image":{"@id":"https:\/\/www.festivox.fr\/blog\/jazz-trotter-brussels-jazz-festival-2024\/#primaryimage"},"thumbnailUrl":"https:\/\/www.festivox.fr\/blog\/wp-content\/uploads\/2024\/01\/jazz-trotter-brussels-jazz-festival-2024.jpg","articleSection":["Wiki Sur Festival Jazz Et Musique En Mode Guinguette:"],"inLanguage":"fr-FR"},{"@type":"WebPage","@id":"https:\/\/www.festivox.fr\/blog\/jazz-trotter-brussels-jazz-festival-2024\/","url":"https:\/\/www.festivox.fr\/blog\/jazz-trotter-brussels-jazz-festival-2024\/","name":"Jazz Trotter : Brussels Jazz Festival 2024 - FESTIVOX","isPartOf":{"@id":"https:\/\/www.festivox.fr\/blog\/#website"},"primaryImageOfPage":{"@id":"https:\/\/www.festivox.fr\/blog\/jazz-trotter-brussels-jazz-festival-2024\/#primaryimage"},"image":{"@id":"https:\/\/www.festivox.fr\/blog\/jazz-trotter-brussels-jazz-festival-2024\/#primaryimage"},"thumbnailUrl":"https:\/\/www.festivox.fr\/blog\/wp-content\/uploads\/2024\/01\/jazz-trotter-brussels-jazz-festival-2024.jpg","datePublished":"2024-01-04T16:46:00+00:00","breadcrumb":{"@id":"https:\/\/www.festivox.fr\/blog\/jazz-trotter-brussels-jazz-festival-2024\/#breadcrumb"},"inLanguage":"fr-FR","potentialAction":[{"@type":"ReadAction","target":["https:\/\/www.festivox.fr\/blog\/jazz-trotter-brussels-jazz-festival-2024\/"]}]},{"@type":"ImageObject","inLanguage":"fr-FR","@id":"https:\/\/www.festivox.fr\/blog\/jazz-trotter-brussels-jazz-festival-2024\/#primaryimage","url":"https:\/\/www.festivox.fr\/blog\/wp-content\/uploads\/2024\/01\/jazz-trotter-brussels-jazz-festival-2024.jpg","contentUrl":"https:\/\/www.festivox.fr\/blog\/wp-content\/uploads\/2024\/01\/jazz-trotter-brussels-jazz-festival-2024.jpg","width":1200,"height":680},{"@type":"BreadcrumbList","@id":"https:\/\/www.festivox.fr\/blog\/jazz-trotter-brussels-jazz-festival-2024\/#breadcrumb","itemListElement":[{"@type":"ListItem","position":1,"name":"Accueil","item":"https:\/\/www.festivox.fr\/blog\/"},{"@type":"ListItem","position":2,"name":"Jazz Trotter : Brussels Jazz Festival 2024"}]},{"@type":"WebSite","@id":"https:\/\/www.festivox.fr\/blog\/#website","url":"https:\/\/www.festivox.fr\/blog\/","name":"FESTIVOX","description":"Festival en mode guinguette.","publisher":{"@id":"https:\/\/www.festivox.fr\/blog\/#organization"},"potentialAction":[{"@type":"SearchAction","target":{"@type":"EntryPoint","urlTemplate":"https:\/\/www.festivox.fr\/blog\/?s={search_term_string}"},"query-input":{"@type":"PropertyValueSpecification","valueRequired":true,"valueName":"search_term_string"}}],"inLanguage":"fr-FR"},{"@type":"Organization","@id":"https:\/\/www.festivox.fr\/blog\/#organization","name":"festivox","url":"https:\/\/www.festivox.fr\/blog\/","logo":{"@type":"ImageObject","inLanguage":"fr-FR","@id":"https:\/\/www.festivox.fr\/blog\/#\/schema\/logo\/image\/","url":"https:\/\/www.festivox.fr\/blog\/wp-content\/uploads\/2023\/06\/logo-2.png","contentUrl":"https:\/\/www.festivox.fr\/blog\/wp-content\/uploads\/2023\/06\/logo-2.png","width":480,"height":160,"caption":"festivox"},"image":{"@id":"https:\/\/www.festivox.fr\/blog\/#\/schema\/logo\/image\/"}},{"@type":"Person","@id":"https:\/\/www.festivox.fr\/blog\/#\/schema\/person\/f36a8b6bc94800c3eafed4bca993ce95","name":"Michele","image":{"@type":"ImageObject","inLanguage":"fr-FR","@id":"https:\/\/secure.gravatar.com\/avatar\/b062046536b5d47ec9075956ec349ef95ed06b0f910c578f74abb318668b702e?s=96&d=mm&r=g","url":"https:\/\/secure.gravatar.com\/avatar\/b062046536b5d47ec9075956ec349ef95ed06b0f910c578f74abb318668b702e?s=96&d=mm&r=g","contentUrl":"https:\/\/secure.gravatar.com\/avatar\/b062046536b5d47ec9075956ec349ef95ed06b0f910c578f74abb318668b702e?s=96&d=mm&r=g","caption":"Michele"},"sameAs":["https:\/\/www.festivox.fr\/blog"],"url":"https:\/\/www.festivox.fr\/blog\/author\/voxadmin\/"}]}},"_links":{"self":[{"href":"https:\/\/www.festivox.fr\/blog\/wp-json\/wp\/v2\/posts\/600","targetHints":{"allow":["GET"]}}],"collection":[{"href":"https:\/\/www.festivox.fr\/blog\/wp-json\/wp\/v2\/posts"}],"about":[{"href":"https:\/\/www.festivox.fr\/blog\/wp-json\/wp\/v2\/types\/post"}],"author":[{"embeddable":true,"href":"https:\/\/www.festivox.fr\/blog\/wp-json\/wp\/v2\/users\/1"}],"replies":[{"embeddable":true,"href":"https:\/\/www.festivox.fr\/blog\/wp-json\/wp\/v2\/comments?post=600"}],"version-history":[{"count":0,"href":"https:\/\/www.festivox.fr\/blog\/wp-json\/wp\/v2\/posts\/600\/revisions"}],"wp:featuredmedia":[{"embeddable":true,"href":"https:\/\/www.festivox.fr\/blog\/wp-json\/wp\/v2\/media\/601"}],"wp:attachment":[{"href":"https:\/\/www.festivox.fr\/blog\/wp-json\/wp\/v2\/media?parent=600"}],"wp:term":[{"taxonomy":"category","embeddable":true,"href":"https:\/\/www.festivox.fr\/blog\/wp-json\/wp\/v2\/categories?post=600"},{"taxonomy":"post_tag","embeddable":true,"href":"https:\/\/www.festivox.fr\/blog\/wp-json\/wp\/v2\/tags?post=600"}],"curies":[{"name":"wp","href":"https:\/\/api.w.org\/{rel}","templated":true}]}}