{"id":598,"date":"2024-01-03T07:32:00","date_gmt":"2024-01-03T06:32:00","guid":{"rendered":"https:\/\/www.festivox.fr\/blog\/6-doin-jazz-un-documentaire-a-ne-pas-rater-pour-les-fans-de-musique-et-disponible-gratuitement\/"},"modified":"2024-01-03T07:32:00","modified_gmt":"2024-01-03T06:32:00","slug":"6-doin-jazz-un-documentaire-a-ne-pas-rater-pour-les-fans-de-musique-et-disponible-gratuitement","status":"publish","type":"post","link":"https:\/\/www.festivox.fr\/blog\/6-doin-jazz-un-documentaire-a-ne-pas-rater-pour-les-fans-de-musique-et-disponible-gratuitement\/","title":{"rendered":"6 Doin&rsquo; Jazz : un documentaire \u00e0 ne pas rater pour les fans de musique et disponible gratuitement"},"content":{"rendered":"\n<div><img decoding=\"async\" src=\"https:\/\/www.festivox.fr\/blog\/wp-content\/uploads\/2024\/01\/6-doin-jazz-un-documentaire-a-ne-pas-rater-pour-les-fans-de-musique-et-disponible-gratuitement.jpg\" class=\"ff-og-image-inserted\"><\/div>\n<div>\n<div class=\"draftContent defaultStyleContentTags\">\n<p>Depuis votre canap\u00e9, assistez \u00e0 une tourn\u00e9e de jazz exceptionnelle, avec des artistes de grande renomm\u00e9e qui parlent de leur art, de leurs instruments, mais aussi de cette musique iconique, intemporelle et intime dans le documentaire <i>6 Doin&rsquo; Jazz<\/i>, disponible sur YouTube.<\/p>\n<\/p><\/div>\n<\/p><\/div>\n<div>\n<div class=\"ads-expandHeight\">\n<p>La suite sous cette publicit\u00e9<\/p>\n<div class=\"containerAds ads-paveHaut \" id=\"ads-1781440805\">\n<p>    <span class=\"ads-text\">Publicit\u00e9<\/span> <\/p>\n<\/p><\/div>\n<\/p><\/div>\n<\/p><\/div>\n<div>\n<div class=\"draftContent defaultStyleContentTags\">\n<p><a href=\"https:\/\/www.programme-tv.net\/news\/musique\/325184-mort-de-la-legende-du-jazz-ahmad-jamal-a-92-ans\/\" data-api-deeplink=\"teleloisirs:\/\/news\/325184\" target=\"_blank\" rel=\"nofollow\">Si vous aimez passionn\u00e9ment le jazz<\/a>, ou souhaitez en savoir plus sur cette musique n\u00e9e dans les bars feutr\u00e9s de la Nouvelle-Orl\u00e9ans, en Lousiane, aux \u00c9tats-Unis, \u00e0 la fin du 19\u1d49 si\u00e8cle, alors <a href=\"https:\/\/www.programme-tv.net\/news\/evenement\/disney-plus-streaming\/343858-ce-documentaire-sur-une-star-des-annees-2000-decedee-precocement-est-totalement-bouleversant\/\" data-api-deeplink=\"teleloisirs:\/\/news\/343858\" target=\"_blank\" rel=\"nofollow\">le documentaire<\/a> <i>6 Doin&rsquo; Jazz <\/i>est fait pour vous ! D\u00e9sormais <a href=\"https:\/\/www.youtube.com\/watch?v=jDT1OPbgqTo\" rel=\"nofollow\" target=\"_blank\">disponible gratuitement sur YouTube<\/a>, il fait le r\u00e9cit de la tourn\u00e9e 2023 d&rsquo;un sextet franco-am\u00e9ricain dirig\u00e9 par le saxophoniste Emile Parisien, avec le trompettiste Theo Croker, le batteur Nasheet Waits, le contrebassiste Joe Martin, le guitariste Manu Codjia et le pianiste Roberto Negro. Ensemble, ils rendent hommage \u00e0 un style musical intimement li\u00e9 \u00e0 l&rsquo;histoire de la communaut\u00e9 afro-am\u00e9ricaine qui n&rsquo;a eu de cesse de se m\u00e9tamorphoser au fil des ann\u00e9es.<\/p>\n<h2 id=\"8a4jp\">Une immersion dans la formation d\u2019un groupe et la vie de tourn\u00e9e<\/h2>\n<p>Durant 55 minutes, ce documentaire r\u00e9alis\u00e9 par Solange Brousse vous berce aux rythmes et aux couleurs du jazz, une musique humble et authentique plac\u00e9e sous le signe de la convivialit\u00e9. Apais\u00e9s par le lumineux album <i>Louise<\/i>, sorti en 2022, nous d\u00e9couvrons la vie d&rsquo;artistes de jazz en 2023, celle d&rsquo;Emile Parisien et de son sextet de choc. D\u2019o\u00f9 vient cette vocation ? Comment s\u2019\u00e9panouit-elle dans le monde contemporain ? Autant de questions auxquelles le documentaire <i>6 Doin&rsquo; Jazz<\/i> t\u00e2che de r\u00e9pondre. Produit par la soci\u00e9t\u00e9 de production The Swing, ce road movie musical se veut particuli\u00e8rement intimiste, filmant aussi bien les moments de gr\u00e2ce que d&rsquo;\u00e9puisement.<\/p>\n<div class=\"ads-mobile\">\n<p>La suite sous cette publicit\u00e9<\/p>\n<div class=\"containerAds ads-paveHaut2 \" id=\"ads-675135509\">\n<p>    <span class=\"ads-text\">Publicit\u00e9<\/span> <\/p>\n<\/p><\/div>\n<\/p><\/div>\n<div class=\"ads-tabletDesktop\">\n<div class=\"containerAds ads-paveHaut2Desktop \" id=\"ads-477757783\">\n<p>    <span class=\"ads-text\">Publicit\u00e9<\/span> <\/p>\n<\/p><\/div>\n<\/p><\/div>\n<h2 id=\"4ctm7\">Pr\u00e9senter une musique \u00ab\u00a0cool\u00a0\u00bb<\/h2>\n<p>\u00ab\u00a0<i>L\u2019ambition de ce film embarqu\u00e9, r\u00e9alis\u00e9 en \u00e9quipe r\u00e9duite pour mieux se glisser dans les bagages des musiciens, est avant tout de pr\u00e9senter une musique &lsquo;cool&rsquo;, accessible \u00e0 tous.tes, riche de ses diversit\u00e9s culturelles<\/i>\u00ab\u00a0, d\u00e9taille un communiqu\u00e9 officiel. Preuve de son succ\u00e8s aupr\u00e8s des t\u00e9l\u00e9spectateurs, mais aussi que le jazz n&rsquo;est ni mort, ni has been<i>, 6 Doin&rsquo; Jazz <\/i>a d\u00e9j\u00e0 \u00e9t\u00e9 visionn\u00e9 plus de 6.000 fois depuis le 19 d\u00e9cembre 2023. Trois bonus seront par ailleurs diffus\u00e9s au cours du mois de janvier, pr\u00e9cise la soci\u00e9t\u00e9 de production.<\/p>\n<figure data-type=\"media\" data-key=\"4rg9j\" data-site=\"YouTube\">\n<p>[embedded content]<\/p>\n<\/figure>\n<figure data-type=\"media\" data-key=\"9p3uc\" data-site=\"PMD_BONE_Article\"> <\/figure>\n<p><i>Article \u00e9crit en collaboration avec 6M\u00e9dias<\/i><\/p>\n<\/p><\/div>\n<\/p><\/div>\n<p> Cet article, qui traite du th\u00e8me \u00ab\u00a0Festival Jazz et musique en mode guinguette\u00a0\u00bb, vous est d\u00e9lib\u00e9r\u00e9ment offert par festivox.fr. La raison d\u2019\u00eatre de festivox.fr est de parler de Festival Jazz et musique en mode guinguette dans la transparence la plus g\u00e9n\u00e9rale en vous procurant la visibilit\u00e9 de tout ce qui est publi\u00e9 sur ce sujet sur le web La chronique a \u00e9t\u00e9 g\u00e9n\u00e9r\u00e9e de la mani\u00e8re la plus honn\u00eate que possible. S\u2019il advenait que vous projetez d\u2019apporter quelques notes concernant le domaine de \u00ab\u00a0Festival Jazz et musique en mode guinguette\u00a0\u00bb vous avez la possibilit\u00e9 de d&rsquo;\u00e9changer avec notre r\u00e9daction. Dans peu de temps, on mettra en ligne d&rsquo;autres informations pertinentes autour du sujet \u00ab\u00a0Festival Jazz et musique en mode guinguette\u00a0\u00bb. Ainsi, consultez r\u00e9guli\u00e8rement notre site.<\/p>\n","protected":false},"excerpt":{"rendered":"<p>Depuis votre canap\u00e9, assistez \u00e0 une tourn\u00e9e de jazz exceptionnelle, avec des artistes de grande renomm\u00e9e qui parlent de leur art, de leurs instruments, mais aussi de cette musique iconique, intemporelle et intime dans le documentaire 6 Doin&rsquo; Jazz, disponible sur YouTube. La suite sous cette publicit\u00e9 Publicit\u00e9 Si vous aimez passionn\u00e9ment le jazz, ou&hellip;<\/p>\n","protected":false},"author":1,"featured_media":599,"comment_status":"closed","ping_status":"closed","sticky":false,"template":"","format":"standard","meta":{"footnotes":""},"categories":[3],"tags":[],"class_list":["post-598","post","type-post","status-publish","format-standard","has-post-thumbnail","hentry","category-wiki-sur-festival-jazz-et-musique-en-mode-guinguette"],"yoast_head":"<!-- This site is optimized with the Yoast SEO plugin v27.5 - https:\/\/yoast.com\/product\/yoast-seo-wordpress\/ -->\n<title>6 Doin&#039; Jazz : un documentaire \u00e0 ne pas rater pour les fans de musique et disponible gratuitement - FESTIVOX<\/title>\n<meta name=\"robots\" content=\"index, follow, max-snippet:-1, max-image-preview:large, max-video-preview:-1\" \/>\n<link rel=\"canonical\" href=\"https:\/\/www.festivox.fr\/blog\/6-doin-jazz-un-documentaire-a-ne-pas-rater-pour-les-fans-de-musique-et-disponible-gratuitement\/\" \/>\n<meta property=\"og:locale\" content=\"fr_FR\" \/>\n<meta property=\"og:type\" content=\"article\" \/>\n<meta property=\"og:title\" content=\"6 Doin&#039; Jazz : un documentaire \u00e0 ne pas rater pour les fans de musique et disponible gratuitement - FESTIVOX\" \/>\n<meta property=\"og:description\" content=\"Depuis votre canap\u00e9, assistez \u00e0 une tourn\u00e9e de jazz exceptionnelle, avec des artistes de grande renomm\u00e9e qui parlent de leur art, de leurs instruments, mais aussi de cette musique iconique, intemporelle et intime dans le documentaire 6 Doin&rsquo; Jazz, disponible sur YouTube. La suite sous cette publicit\u00e9 Publicit\u00e9 Si vous aimez passionn\u00e9ment le jazz, ou&hellip;\" \/>\n<meta property=\"og:url\" content=\"https:\/\/www.festivox.fr\/blog\/6-doin-jazz-un-documentaire-a-ne-pas-rater-pour-les-fans-de-musique-et-disponible-gratuitement\/\" \/>\n<meta property=\"og:site_name\" content=\"FESTIVOX\" \/>\n<meta property=\"article:published_time\" content=\"2024-01-03T06:32:00+00:00\" \/>\n<meta property=\"og:image\" content=\"https:\/\/www.festivox.fr\/blog\/wp-content\/uploads\/2024\/01\/6-doin-jazz-un-documentaire-a-ne-pas-rater-pour-les-fans-de-musique-et-disponible-gratuitement.jpg\" \/>\n<meta name=\"author\" content=\"Michele\" \/>\n<meta name=\"twitter:card\" content=\"summary_large_image\" \/>\n<meta name=\"twitter:label1\" content=\"\u00c9crit par\" \/>\n\t<meta name=\"twitter:data1\" content=\"Michele\" \/>\n\t<meta name=\"twitter:label2\" content=\"Dur\u00e9e de lecture estim\u00e9e\" \/>\n\t<meta name=\"twitter:data2\" content=\"3 minutes\" \/>\n<script type=\"application\/ld+json\" class=\"yoast-schema-graph\">{\"@context\":\"https:\\\/\\\/schema.org\",\"@graph\":[{\"@type\":\"Article\",\"@id\":\"https:\\\/\\\/www.festivox.fr\\\/blog\\\/6-doin-jazz-un-documentaire-a-ne-pas-rater-pour-les-fans-de-musique-et-disponible-gratuitement\\\/#article\",\"isPartOf\":{\"@id\":\"https:\\\/\\\/www.festivox.fr\\\/blog\\\/6-doin-jazz-un-documentaire-a-ne-pas-rater-pour-les-fans-de-musique-et-disponible-gratuitement\\\/\"},\"author\":{\"name\":\"Michele\",\"@id\":\"https:\\\/\\\/www.festivox.fr\\\/blog\\\/#\\\/schema\\\/person\\\/f36a8b6bc94800c3eafed4bca993ce95\"},\"headline\":\"6 Doin&rsquo; Jazz : un documentaire \u00e0 ne pas rater pour les fans de musique et disponible gratuitement\",\"datePublished\":\"2024-01-03T06:32:00+00:00\",\"mainEntityOfPage\":{\"@id\":\"https:\\\/\\\/www.festivox.fr\\\/blog\\\/6-doin-jazz-un-documentaire-a-ne-pas-rater-pour-les-fans-de-musique-et-disponible-gratuitement\\\/\"},\"wordCount\":575,\"publisher\":{\"@id\":\"https:\\\/\\\/www.festivox.fr\\\/blog\\\/#organization\"},\"image\":{\"@id\":\"https:\\\/\\\/www.festivox.fr\\\/blog\\\/6-doin-jazz-un-documentaire-a-ne-pas-rater-pour-les-fans-de-musique-et-disponible-gratuitement\\\/#primaryimage\"},\"thumbnailUrl\":\"https:\\\/\\\/www.festivox.fr\\\/blog\\\/wp-content\\\/uploads\\\/2024\\\/01\\\/6-doin-jazz-un-documentaire-a-ne-pas-rater-pour-les-fans-de-musique-et-disponible-gratuitement.jpg\",\"articleSection\":[\"Wiki Sur Festival Jazz Et Musique En Mode Guinguette:\"],\"inLanguage\":\"fr-FR\"},{\"@type\":\"WebPage\",\"@id\":\"https:\\\/\\\/www.festivox.fr\\\/blog\\\/6-doin-jazz-un-documentaire-a-ne-pas-rater-pour-les-fans-de-musique-et-disponible-gratuitement\\\/\",\"url\":\"https:\\\/\\\/www.festivox.fr\\\/blog\\\/6-doin-jazz-un-documentaire-a-ne-pas-rater-pour-les-fans-de-musique-et-disponible-gratuitement\\\/\",\"name\":\"6 Doin' Jazz : un documentaire \u00e0 ne pas rater pour les fans de musique et disponible gratuitement - FESTIVOX\",\"isPartOf\":{\"@id\":\"https:\\\/\\\/www.festivox.fr\\\/blog\\\/#website\"},\"primaryImageOfPage\":{\"@id\":\"https:\\\/\\\/www.festivox.fr\\\/blog\\\/6-doin-jazz-un-documentaire-a-ne-pas-rater-pour-les-fans-de-musique-et-disponible-gratuitement\\\/#primaryimage\"},\"image\":{\"@id\":\"https:\\\/\\\/www.festivox.fr\\\/blog\\\/6-doin-jazz-un-documentaire-a-ne-pas-rater-pour-les-fans-de-musique-et-disponible-gratuitement\\\/#primaryimage\"},\"thumbnailUrl\":\"https:\\\/\\\/www.festivox.fr\\\/blog\\\/wp-content\\\/uploads\\\/2024\\\/01\\\/6-doin-jazz-un-documentaire-a-ne-pas-rater-pour-les-fans-de-musique-et-disponible-gratuitement.jpg\",\"datePublished\":\"2024-01-03T06:32:00+00:00\",\"breadcrumb\":{\"@id\":\"https:\\\/\\\/www.festivox.fr\\\/blog\\\/6-doin-jazz-un-documentaire-a-ne-pas-rater-pour-les-fans-de-musique-et-disponible-gratuitement\\\/#breadcrumb\"},\"inLanguage\":\"fr-FR\",\"potentialAction\":[{\"@type\":\"ReadAction\",\"target\":[\"https:\\\/\\\/www.festivox.fr\\\/blog\\\/6-doin-jazz-un-documentaire-a-ne-pas-rater-pour-les-fans-de-musique-et-disponible-gratuitement\\\/\"]}]},{\"@type\":\"ImageObject\",\"inLanguage\":\"fr-FR\",\"@id\":\"https:\\\/\\\/www.festivox.fr\\\/blog\\\/6-doin-jazz-un-documentaire-a-ne-pas-rater-pour-les-fans-de-musique-et-disponible-gratuitement\\\/#primaryimage\",\"url\":\"https:\\\/\\\/www.festivox.fr\\\/blog\\\/wp-content\\\/uploads\\\/2024\\\/01\\\/6-doin-jazz-un-documentaire-a-ne-pas-rater-pour-les-fans-de-musique-et-disponible-gratuitement.jpg\",\"contentUrl\":\"https:\\\/\\\/www.festivox.fr\\\/blog\\\/wp-content\\\/uploads\\\/2024\\\/01\\\/6-doin-jazz-un-documentaire-a-ne-pas-rater-pour-les-fans-de-musique-et-disponible-gratuitement.jpg\",\"width\":1200,\"height\":600},{\"@type\":\"BreadcrumbList\",\"@id\":\"https:\\\/\\\/www.festivox.fr\\\/blog\\\/6-doin-jazz-un-documentaire-a-ne-pas-rater-pour-les-fans-de-musique-et-disponible-gratuitement\\\/#breadcrumb\",\"itemListElement\":[{\"@type\":\"ListItem\",\"position\":1,\"name\":\"Accueil\",\"item\":\"https:\\\/\\\/www.festivox.fr\\\/blog\\\/\"},{\"@type\":\"ListItem\",\"position\":2,\"name\":\"6 Doin&rsquo; Jazz : un documentaire \u00e0 ne pas rater pour les fans de musique et disponible gratuitement\"}]},{\"@type\":\"WebSite\",\"@id\":\"https:\\\/\\\/www.festivox.fr\\\/blog\\\/#website\",\"url\":\"https:\\\/\\\/www.festivox.fr\\\/blog\\\/\",\"name\":\"FESTIVOX\",\"description\":\"Festival en mode guinguette.\",\"publisher\":{\"@id\":\"https:\\\/\\\/www.festivox.fr\\\/blog\\\/#organization\"},\"potentialAction\":[{\"@type\":\"SearchAction\",\"target\":{\"@type\":\"EntryPoint\",\"urlTemplate\":\"https:\\\/\\\/www.festivox.fr\\\/blog\\\/?s={search_term_string}\"},\"query-input\":{\"@type\":\"PropertyValueSpecification\",\"valueRequired\":true,\"valueName\":\"search_term_string\"}}],\"inLanguage\":\"fr-FR\"},{\"@type\":\"Organization\",\"@id\":\"https:\\\/\\\/www.festivox.fr\\\/blog\\\/#organization\",\"name\":\"festivox\",\"url\":\"https:\\\/\\\/www.festivox.fr\\\/blog\\\/\",\"logo\":{\"@type\":\"ImageObject\",\"inLanguage\":\"fr-FR\",\"@id\":\"https:\\\/\\\/www.festivox.fr\\\/blog\\\/#\\\/schema\\\/logo\\\/image\\\/\",\"url\":\"https:\\\/\\\/www.festivox.fr\\\/blog\\\/wp-content\\\/uploads\\\/2023\\\/06\\\/logo-2.png\",\"contentUrl\":\"https:\\\/\\\/www.festivox.fr\\\/blog\\\/wp-content\\\/uploads\\\/2023\\\/06\\\/logo-2.png\",\"width\":480,\"height\":160,\"caption\":\"festivox\"},\"image\":{\"@id\":\"https:\\\/\\\/www.festivox.fr\\\/blog\\\/#\\\/schema\\\/logo\\\/image\\\/\"}},{\"@type\":\"Person\",\"@id\":\"https:\\\/\\\/www.festivox.fr\\\/blog\\\/#\\\/schema\\\/person\\\/f36a8b6bc94800c3eafed4bca993ce95\",\"name\":\"Michele\",\"image\":{\"@type\":\"ImageObject\",\"inLanguage\":\"fr-FR\",\"@id\":\"https:\\\/\\\/secure.gravatar.com\\\/avatar\\\/b062046536b5d47ec9075956ec349ef95ed06b0f910c578f74abb318668b702e?s=96&d=mm&r=g\",\"url\":\"https:\\\/\\\/secure.gravatar.com\\\/avatar\\\/b062046536b5d47ec9075956ec349ef95ed06b0f910c578f74abb318668b702e?s=96&d=mm&r=g\",\"contentUrl\":\"https:\\\/\\\/secure.gravatar.com\\\/avatar\\\/b062046536b5d47ec9075956ec349ef95ed06b0f910c578f74abb318668b702e?s=96&d=mm&r=g\",\"caption\":\"Michele\"},\"sameAs\":[\"https:\\\/\\\/www.festivox.fr\\\/blog\"],\"url\":\"https:\\\/\\\/www.festivox.fr\\\/blog\\\/author\\\/voxadmin\\\/\"}]}<\/script>\n<!-- \/ Yoast SEO plugin. -->","yoast_head_json":{"title":"6 Doin' Jazz : un documentaire \u00e0 ne pas rater pour les fans de musique et disponible gratuitement - FESTIVOX","robots":{"index":"index","follow":"follow","max-snippet":"max-snippet:-1","max-image-preview":"max-image-preview:large","max-video-preview":"max-video-preview:-1"},"canonical":"https:\/\/www.festivox.fr\/blog\/6-doin-jazz-un-documentaire-a-ne-pas-rater-pour-les-fans-de-musique-et-disponible-gratuitement\/","og_locale":"fr_FR","og_type":"article","og_title":"6 Doin' Jazz : un documentaire \u00e0 ne pas rater pour les fans de musique et disponible gratuitement - FESTIVOX","og_description":"Depuis votre canap\u00e9, assistez \u00e0 une tourn\u00e9e de jazz exceptionnelle, avec des artistes de grande renomm\u00e9e qui parlent de leur art, de leurs instruments, mais aussi de cette musique iconique, intemporelle et intime dans le documentaire 6 Doin&rsquo; Jazz, disponible sur YouTube. La suite sous cette publicit\u00e9 Publicit\u00e9 Si vous aimez passionn\u00e9ment le jazz, ou&hellip;","og_url":"https:\/\/www.festivox.fr\/blog\/6-doin-jazz-un-documentaire-a-ne-pas-rater-pour-les-fans-de-musique-et-disponible-gratuitement\/","og_site_name":"FESTIVOX","article_published_time":"2024-01-03T06:32:00+00:00","og_image":[{"url":"https:\/\/www.festivox.fr\/blog\/wp-content\/uploads\/2024\/01\/6-doin-jazz-un-documentaire-a-ne-pas-rater-pour-les-fans-de-musique-et-disponible-gratuitement.jpg","type":"","width":"","height":""}],"author":"Michele","twitter_card":"summary_large_image","twitter_misc":{"\u00c9crit par":"Michele","Dur\u00e9e de lecture estim\u00e9e":"3 minutes"},"schema":{"@context":"https:\/\/schema.org","@graph":[{"@type":"Article","@id":"https:\/\/www.festivox.fr\/blog\/6-doin-jazz-un-documentaire-a-ne-pas-rater-pour-les-fans-de-musique-et-disponible-gratuitement\/#article","isPartOf":{"@id":"https:\/\/www.festivox.fr\/blog\/6-doin-jazz-un-documentaire-a-ne-pas-rater-pour-les-fans-de-musique-et-disponible-gratuitement\/"},"author":{"name":"Michele","@id":"https:\/\/www.festivox.fr\/blog\/#\/schema\/person\/f36a8b6bc94800c3eafed4bca993ce95"},"headline":"6 Doin&rsquo; Jazz : un documentaire \u00e0 ne pas rater pour les fans de musique et disponible gratuitement","datePublished":"2024-01-03T06:32:00+00:00","mainEntityOfPage":{"@id":"https:\/\/www.festivox.fr\/blog\/6-doin-jazz-un-documentaire-a-ne-pas-rater-pour-les-fans-de-musique-et-disponible-gratuitement\/"},"wordCount":575,"publisher":{"@id":"https:\/\/www.festivox.fr\/blog\/#organization"},"image":{"@id":"https:\/\/www.festivox.fr\/blog\/6-doin-jazz-un-documentaire-a-ne-pas-rater-pour-les-fans-de-musique-et-disponible-gratuitement\/#primaryimage"},"thumbnailUrl":"https:\/\/www.festivox.fr\/blog\/wp-content\/uploads\/2024\/01\/6-doin-jazz-un-documentaire-a-ne-pas-rater-pour-les-fans-de-musique-et-disponible-gratuitement.jpg","articleSection":["Wiki Sur Festival Jazz Et Musique En Mode Guinguette:"],"inLanguage":"fr-FR"},{"@type":"WebPage","@id":"https:\/\/www.festivox.fr\/blog\/6-doin-jazz-un-documentaire-a-ne-pas-rater-pour-les-fans-de-musique-et-disponible-gratuitement\/","url":"https:\/\/www.festivox.fr\/blog\/6-doin-jazz-un-documentaire-a-ne-pas-rater-pour-les-fans-de-musique-et-disponible-gratuitement\/","name":"6 Doin' Jazz : un documentaire \u00e0 ne pas rater pour les fans de musique et disponible gratuitement - FESTIVOX","isPartOf":{"@id":"https:\/\/www.festivox.fr\/blog\/#website"},"primaryImageOfPage":{"@id":"https:\/\/www.festivox.fr\/blog\/6-doin-jazz-un-documentaire-a-ne-pas-rater-pour-les-fans-de-musique-et-disponible-gratuitement\/#primaryimage"},"image":{"@id":"https:\/\/www.festivox.fr\/blog\/6-doin-jazz-un-documentaire-a-ne-pas-rater-pour-les-fans-de-musique-et-disponible-gratuitement\/#primaryimage"},"thumbnailUrl":"https:\/\/www.festivox.fr\/blog\/wp-content\/uploads\/2024\/01\/6-doin-jazz-un-documentaire-a-ne-pas-rater-pour-les-fans-de-musique-et-disponible-gratuitement.jpg","datePublished":"2024-01-03T06:32:00+00:00","breadcrumb":{"@id":"https:\/\/www.festivox.fr\/blog\/6-doin-jazz-un-documentaire-a-ne-pas-rater-pour-les-fans-de-musique-et-disponible-gratuitement\/#breadcrumb"},"inLanguage":"fr-FR","potentialAction":[{"@type":"ReadAction","target":["https:\/\/www.festivox.fr\/blog\/6-doin-jazz-un-documentaire-a-ne-pas-rater-pour-les-fans-de-musique-et-disponible-gratuitement\/"]}]},{"@type":"ImageObject","inLanguage":"fr-FR","@id":"https:\/\/www.festivox.fr\/blog\/6-doin-jazz-un-documentaire-a-ne-pas-rater-pour-les-fans-de-musique-et-disponible-gratuitement\/#primaryimage","url":"https:\/\/www.festivox.fr\/blog\/wp-content\/uploads\/2024\/01\/6-doin-jazz-un-documentaire-a-ne-pas-rater-pour-les-fans-de-musique-et-disponible-gratuitement.jpg","contentUrl":"https:\/\/www.festivox.fr\/blog\/wp-content\/uploads\/2024\/01\/6-doin-jazz-un-documentaire-a-ne-pas-rater-pour-les-fans-de-musique-et-disponible-gratuitement.jpg","width":1200,"height":600},{"@type":"BreadcrumbList","@id":"https:\/\/www.festivox.fr\/blog\/6-doin-jazz-un-documentaire-a-ne-pas-rater-pour-les-fans-de-musique-et-disponible-gratuitement\/#breadcrumb","itemListElement":[{"@type":"ListItem","position":1,"name":"Accueil","item":"https:\/\/www.festivox.fr\/blog\/"},{"@type":"ListItem","position":2,"name":"6 Doin&rsquo; Jazz : un documentaire \u00e0 ne pas rater pour les fans de musique et disponible gratuitement"}]},{"@type":"WebSite","@id":"https:\/\/www.festivox.fr\/blog\/#website","url":"https:\/\/www.festivox.fr\/blog\/","name":"FESTIVOX","description":"Festival en mode guinguette.","publisher":{"@id":"https:\/\/www.festivox.fr\/blog\/#organization"},"potentialAction":[{"@type":"SearchAction","target":{"@type":"EntryPoint","urlTemplate":"https:\/\/www.festivox.fr\/blog\/?s={search_term_string}"},"query-input":{"@type":"PropertyValueSpecification","valueRequired":true,"valueName":"search_term_string"}}],"inLanguage":"fr-FR"},{"@type":"Organization","@id":"https:\/\/www.festivox.fr\/blog\/#organization","name":"festivox","url":"https:\/\/www.festivox.fr\/blog\/","logo":{"@type":"ImageObject","inLanguage":"fr-FR","@id":"https:\/\/www.festivox.fr\/blog\/#\/schema\/logo\/image\/","url":"https:\/\/www.festivox.fr\/blog\/wp-content\/uploads\/2023\/06\/logo-2.png","contentUrl":"https:\/\/www.festivox.fr\/blog\/wp-content\/uploads\/2023\/06\/logo-2.png","width":480,"height":160,"caption":"festivox"},"image":{"@id":"https:\/\/www.festivox.fr\/blog\/#\/schema\/logo\/image\/"}},{"@type":"Person","@id":"https:\/\/www.festivox.fr\/blog\/#\/schema\/person\/f36a8b6bc94800c3eafed4bca993ce95","name":"Michele","image":{"@type":"ImageObject","inLanguage":"fr-FR","@id":"https:\/\/secure.gravatar.com\/avatar\/b062046536b5d47ec9075956ec349ef95ed06b0f910c578f74abb318668b702e?s=96&d=mm&r=g","url":"https:\/\/secure.gravatar.com\/avatar\/b062046536b5d47ec9075956ec349ef95ed06b0f910c578f74abb318668b702e?s=96&d=mm&r=g","contentUrl":"https:\/\/secure.gravatar.com\/avatar\/b062046536b5d47ec9075956ec349ef95ed06b0f910c578f74abb318668b702e?s=96&d=mm&r=g","caption":"Michele"},"sameAs":["https:\/\/www.festivox.fr\/blog"],"url":"https:\/\/www.festivox.fr\/blog\/author\/voxadmin\/"}]}},"_links":{"self":[{"href":"https:\/\/www.festivox.fr\/blog\/wp-json\/wp\/v2\/posts\/598","targetHints":{"allow":["GET"]}}],"collection":[{"href":"https:\/\/www.festivox.fr\/blog\/wp-json\/wp\/v2\/posts"}],"about":[{"href":"https:\/\/www.festivox.fr\/blog\/wp-json\/wp\/v2\/types\/post"}],"author":[{"embeddable":true,"href":"https:\/\/www.festivox.fr\/blog\/wp-json\/wp\/v2\/users\/1"}],"replies":[{"embeddable":true,"href":"https:\/\/www.festivox.fr\/blog\/wp-json\/wp\/v2\/comments?post=598"}],"version-history":[{"count":0,"href":"https:\/\/www.festivox.fr\/blog\/wp-json\/wp\/v2\/posts\/598\/revisions"}],"wp:featuredmedia":[{"embeddable":true,"href":"https:\/\/www.festivox.fr\/blog\/wp-json\/wp\/v2\/media\/599"}],"wp:attachment":[{"href":"https:\/\/www.festivox.fr\/blog\/wp-json\/wp\/v2\/media?parent=598"}],"wp:term":[{"taxonomy":"category","embeddable":true,"href":"https:\/\/www.festivox.fr\/blog\/wp-json\/wp\/v2\/categories?post=598"},{"taxonomy":"post_tag","embeddable":true,"href":"https:\/\/www.festivox.fr\/blog\/wp-json\/wp\/v2\/tags?post=598"}],"curies":[{"name":"wp","href":"https:\/\/api.w.org\/{rel}","templated":true}]}}