{"id":592,"date":"2023-01-15T17:25:00","date_gmt":"2023-01-15T16:25:00","guid":{"rendered":"https:\/\/www.festivox.fr\/blog\/honda-jazz-millesime-2023-une-refonte-serieuse\/"},"modified":"2023-01-15T17:25:00","modified_gmt":"2023-01-15T16:25:00","slug":"honda-jazz-millesime-2023-une-refonte-serieuse","status":"publish","type":"post","link":"https:\/\/www.festivox.fr\/blog\/honda-jazz-millesime-2023-une-refonte-serieuse\/","title":{"rendered":"Honda Jazz mill\u00e9sime 2023, une refonte s\u00e9rieuse"},"content":{"rendered":"<br \/>\n<h2>Un moteur hybride e:HEV qui gagne\u2026<\/h2>\n<p> La gamme commerciale de la Honda Jazz est enti\u00e8rement revue pour le <b>mill\u00e9sime 2023<\/b>. Tout commence par une mise \u00e0 jour m\u00e9canique de son groupe motopropulseur <b>hybride<\/b> : <b>e:HEV.<\/b><br \/>En effet, ce moteur, qui comprend 2 moteurs \u00e9lectriques, un moteur essence \u00e9conomique, une transmission automatique et 3 modes de conduite intelligents, offre plus que jamais des niveaux d\u2019efficacit\u00e9 pour rouler en zone urbaine.<\/p>\n<p>Les ing\u00e9nieurs ont pu augmenter l\u2019efficacit\u00e9, la maniabilit\u00e9 et la puissance de l\u2019ensemble gr\u00e2ce \u00e0 un moteur \u00e9lectrique qui gagne 13&nbsp;chevaux. <br \/>De quoi afficher, dor\u00e9navant, une puissance de 122&nbsp;chevaux. Soit une augmentation de puissance de 11 chevaux du moteur g\u00e9n\u00e9rateur, pour un maximum de 106&nbsp;chevaux. Le moteur essence 1,5 l \u00e0 injection indirecte a gagn\u00e9 10 chevaux et offre d\u00e9sormais un maximum de 107&nbsp;chevaux. Le couple reste inchang\u00e9 \u00e0 131&nbsp;Nm et un couple \u00e9lectrique \u00e0 253 Nm. Le syst\u00e8me hybride hautement efficace de Honda produit des \u00e9missions de CO2 qui commencent \u00e0 102&nbsp;g\/km, s\u2019\u00e9levant \u00e0 106&nbsp;g\/km pour le mod\u00e8le Advance Sport.<\/p>\n<p>La transmission automatique de la <b>Jazz e:HEV <\/b>de <b>Honda<\/b> a \u00e9galement fait l\u2019objet de modifications pour am\u00e9liorer sa r\u00e9activit\u00e9 et sa souplesse, et offrir une exp\u00e9rience de conduite plus stimulante. Les mod\u00e8les Crosstar, Executive et Advance b\u00e9n\u00e9ficient d\u2019un nouveau concept de r\u00e9ponse \u00e0 l\u2019acc\u00e9l\u00e9ration afin d\u2019augmenter la perception sensorielle de celle-ci.<\/p>\n<h2><img decoding=\"async\" src=\"https:\/\/www.festivox.fr\/blog\/wp-content\/uploads\/2023\/12\/honda-jazz-millesime-2023-une-refonte-serieuse.jpg\"><br \/><\/h2>\n<h2>Jazz 2023 : un lifting discret\u2026<\/h2>\n<p> Les <b>Honda Jazz<\/b> sont pass\u00e9es par la case lifting. La citadine dispose d\u2019une nouvelle calandre au style plus marqu\u00e9 et des inserts de phare plus sombres. Les pare-chocs avant et arri\u00e8re, plus sculpt\u00e9s, sont associ\u00e9s \u00e0 des jupes textur\u00e9es qui conf\u00e8rent \u00e0 la <b>Jazz<\/b> une posture plus affirm\u00e9e. Les nouveaux coloris des jantes en alliage parach\u00e8vent les \u00e9volutions ext\u00e9rieures de la <b>Jazz<\/b>.<\/p>\n<p>La Jazz Crosstar b\u00e9n\u00e9ficie par ailleurs de modifications ext\u00e9rieures qui contribuent \u00e0 renforcer son allure de baroudeuse et d\u2019aventuri\u00e8re. La calandre au dessin plus affirm\u00e9 est dot\u00e9e d\u2019un motif nid-d\u2019abeilles prononc\u00e9, et est associ\u00e9e \u00e0 de nouveaux pare-chocs incluant des inserts argent\u00e9s con\u00e7us pour \u00e9voquer des protections du dessous de caisse, ainsi que de nouvelles jupes lat\u00e9rales assorties. Ce restylage s\u2019accompagne d\u2019une nouvelle finition des jantes en alliage et d\u2019une teinte de carrosserie suppl\u00e9mentaire, le bleu polaire.<br \/>L\u2019habitacle de la <b>Crosstar<\/b> pr\u00e9sente, quant \u00e0 lui, un nouveau rembourrage des si\u00e8ges ainsi que des modifications au niveau du tableau de bord et des panneaux de porte, un nouvel habillage du tableau de bord et de la console centrale et un volant \u00e0 2 branches minimaliste.<\/p>\n<p> Cet article, qui traite du th\u00e8me \u00ab\u00a0Festival Jazz et musique en mode guinguette\u00a0\u00bb, vous est d\u00e9lib\u00e9r\u00e9ment offert par festivox.fr. La raison d\u2019\u00eatre de festivox.fr est de parler de Festival Jazz et musique en mode guinguette dans la transparence la plus g\u00e9n\u00e9rale en vous procurant la visibilit\u00e9 de tout ce qui est publi\u00e9 sur ce sujet sur le web La chronique a \u00e9t\u00e9 g\u00e9n\u00e9r\u00e9e de la mani\u00e8re la plus honn\u00eate que possible. S\u2019il advenait que vous projetez d\u2019apporter quelques notes concernant le domaine de \u00ab\u00a0Festival Jazz et musique en mode guinguette\u00a0\u00bb vous avez la possibilit\u00e9 de d&rsquo;\u00e9changer avec notre r\u00e9daction. Dans peu de temps, on mettra en ligne d&rsquo;autres informations pertinentes autour du sujet \u00ab\u00a0Festival Jazz et musique en mode guinguette\u00a0\u00bb. Ainsi, consultez r\u00e9guli\u00e8rement notre site.<\/p>\n","protected":false},"excerpt":{"rendered":"<p>Un moteur hybride e:HEV qui gagne\u2026 La gamme commerciale de la Honda Jazz est enti\u00e8rement revue pour le mill\u00e9sime 2023. Tout commence par une mise \u00e0 jour m\u00e9canique de son groupe motopropulseur hybride : e:HEV.En effet, ce moteur, qui comprend 2 moteurs \u00e9lectriques, un moteur essence \u00e9conomique, une transmission automatique et 3 modes de conduite&hellip;<\/p>\n","protected":false},"author":1,"featured_media":593,"comment_status":"closed","ping_status":"closed","sticky":false,"template":"","format":"standard","meta":{"footnotes":""},"categories":[3],"tags":[],"class_list":["post-592","post","type-post","status-publish","format-standard","has-post-thumbnail","hentry","category-wiki-sur-festival-jazz-et-musique-en-mode-guinguette"],"yoast_head":"<!-- This site is optimized with the Yoast SEO plugin v27.5 - https:\/\/yoast.com\/product\/yoast-seo-wordpress\/ -->\n<title>Honda Jazz mill\u00e9sime 2023, une refonte s\u00e9rieuse - FESTIVOX<\/title>\n<meta name=\"robots\" content=\"index, follow, max-snippet:-1, max-image-preview:large, max-video-preview:-1\" \/>\n<link rel=\"canonical\" href=\"https:\/\/www.festivox.fr\/blog\/honda-jazz-millesime-2023-une-refonte-serieuse\/\" \/>\n<meta property=\"og:locale\" content=\"fr_FR\" \/>\n<meta property=\"og:type\" content=\"article\" \/>\n<meta property=\"og:title\" content=\"Honda Jazz mill\u00e9sime 2023, une refonte s\u00e9rieuse - FESTIVOX\" \/>\n<meta property=\"og:description\" content=\"Un moteur hybride e:HEV qui gagne\u2026 La gamme commerciale de la Honda Jazz est enti\u00e8rement revue pour le mill\u00e9sime 2023. Tout commence par une mise \u00e0 jour m\u00e9canique de son groupe motopropulseur hybride : e:HEV.En effet, ce moteur, qui comprend 2 moteurs \u00e9lectriques, un moteur essence \u00e9conomique, une transmission automatique et 3 modes de conduite&hellip;\" \/>\n<meta property=\"og:url\" content=\"https:\/\/www.festivox.fr\/blog\/honda-jazz-millesime-2023-une-refonte-serieuse\/\" \/>\n<meta property=\"og:site_name\" content=\"FESTIVOX\" \/>\n<meta property=\"article:published_time\" content=\"2023-01-15T16:25:00+00:00\" \/>\n<meta property=\"og:image\" content=\"https:\/\/www.festivox.fr\/blog\/wp-content\/uploads\/2023\/12\/honda-jazz-millesime-2023-une-refonte-serieuse.jpg\" \/>\n<meta name=\"author\" content=\"Michele\" \/>\n<meta name=\"twitter:card\" content=\"summary_large_image\" \/>\n<meta name=\"twitter:label1\" content=\"\u00c9crit par\" \/>\n\t<meta name=\"twitter:data1\" content=\"Michele\" \/>\n\t<meta name=\"twitter:label2\" content=\"Dur\u00e9e de lecture estim\u00e9e\" \/>\n\t<meta name=\"twitter:data2\" content=\"3 minutes\" \/>\n<script type=\"application\/ld+json\" class=\"yoast-schema-graph\">{\"@context\":\"https:\\\/\\\/schema.org\",\"@graph\":[{\"@type\":\"Article\",\"@id\":\"https:\\\/\\\/www.festivox.fr\\\/blog\\\/honda-jazz-millesime-2023-une-refonte-serieuse\\\/#article\",\"isPartOf\":{\"@id\":\"https:\\\/\\\/www.festivox.fr\\\/blog\\\/honda-jazz-millesime-2023-une-refonte-serieuse\\\/\"},\"author\":{\"name\":\"Michele\",\"@id\":\"https:\\\/\\\/www.festivox.fr\\\/blog\\\/#\\\/schema\\\/person\\\/f36a8b6bc94800c3eafed4bca993ce95\"},\"headline\":\"Honda Jazz mill\u00e9sime 2023, une refonte s\u00e9rieuse\",\"datePublished\":\"2023-01-15T16:25:00+00:00\",\"mainEntityOfPage\":{\"@id\":\"https:\\\/\\\/www.festivox.fr\\\/blog\\\/honda-jazz-millesime-2023-une-refonte-serieuse\\\/\"},\"wordCount\":610,\"publisher\":{\"@id\":\"https:\\\/\\\/www.festivox.fr\\\/blog\\\/#organization\"},\"image\":{\"@id\":\"https:\\\/\\\/www.festivox.fr\\\/blog\\\/honda-jazz-millesime-2023-une-refonte-serieuse\\\/#primaryimage\"},\"thumbnailUrl\":\"https:\\\/\\\/www.festivox.fr\\\/blog\\\/wp-content\\\/uploads\\\/2023\\\/12\\\/honda-jazz-millesime-2023-une-refonte-serieuse.jpg\",\"articleSection\":[\"Wiki Sur Festival Jazz Et Musique En Mode Guinguette:\"],\"inLanguage\":\"fr-FR\"},{\"@type\":\"WebPage\",\"@id\":\"https:\\\/\\\/www.festivox.fr\\\/blog\\\/honda-jazz-millesime-2023-une-refonte-serieuse\\\/\",\"url\":\"https:\\\/\\\/www.festivox.fr\\\/blog\\\/honda-jazz-millesime-2023-une-refonte-serieuse\\\/\",\"name\":\"Honda Jazz mill\u00e9sime 2023, une refonte s\u00e9rieuse - FESTIVOX\",\"isPartOf\":{\"@id\":\"https:\\\/\\\/www.festivox.fr\\\/blog\\\/#website\"},\"primaryImageOfPage\":{\"@id\":\"https:\\\/\\\/www.festivox.fr\\\/blog\\\/honda-jazz-millesime-2023-une-refonte-serieuse\\\/#primaryimage\"},\"image\":{\"@id\":\"https:\\\/\\\/www.festivox.fr\\\/blog\\\/honda-jazz-millesime-2023-une-refonte-serieuse\\\/#primaryimage\"},\"thumbnailUrl\":\"https:\\\/\\\/www.festivox.fr\\\/blog\\\/wp-content\\\/uploads\\\/2023\\\/12\\\/honda-jazz-millesime-2023-une-refonte-serieuse.jpg\",\"datePublished\":\"2023-01-15T16:25:00+00:00\",\"breadcrumb\":{\"@id\":\"https:\\\/\\\/www.festivox.fr\\\/blog\\\/honda-jazz-millesime-2023-une-refonte-serieuse\\\/#breadcrumb\"},\"inLanguage\":\"fr-FR\",\"potentialAction\":[{\"@type\":\"ReadAction\",\"target\":[\"https:\\\/\\\/www.festivox.fr\\\/blog\\\/honda-jazz-millesime-2023-une-refonte-serieuse\\\/\"]}]},{\"@type\":\"ImageObject\",\"inLanguage\":\"fr-FR\",\"@id\":\"https:\\\/\\\/www.festivox.fr\\\/blog\\\/honda-jazz-millesime-2023-une-refonte-serieuse\\\/#primaryimage\",\"url\":\"https:\\\/\\\/www.festivox.fr\\\/blog\\\/wp-content\\\/uploads\\\/2023\\\/12\\\/honda-jazz-millesime-2023-une-refonte-serieuse.jpg\",\"contentUrl\":\"https:\\\/\\\/www.festivox.fr\\\/blog\\\/wp-content\\\/uploads\\\/2023\\\/12\\\/honda-jazz-millesime-2023-une-refonte-serieuse.jpg\",\"width\":1111,\"height\":740},{\"@type\":\"BreadcrumbList\",\"@id\":\"https:\\\/\\\/www.festivox.fr\\\/blog\\\/honda-jazz-millesime-2023-une-refonte-serieuse\\\/#breadcrumb\",\"itemListElement\":[{\"@type\":\"ListItem\",\"position\":1,\"name\":\"Accueil\",\"item\":\"https:\\\/\\\/www.festivox.fr\\\/blog\\\/\"},{\"@type\":\"ListItem\",\"position\":2,\"name\":\"Honda Jazz mill\u00e9sime 2023, une refonte s\u00e9rieuse\"}]},{\"@type\":\"WebSite\",\"@id\":\"https:\\\/\\\/www.festivox.fr\\\/blog\\\/#website\",\"url\":\"https:\\\/\\\/www.festivox.fr\\\/blog\\\/\",\"name\":\"FESTIVOX\",\"description\":\"Festival en mode guinguette.\",\"publisher\":{\"@id\":\"https:\\\/\\\/www.festivox.fr\\\/blog\\\/#organization\"},\"potentialAction\":[{\"@type\":\"SearchAction\",\"target\":{\"@type\":\"EntryPoint\",\"urlTemplate\":\"https:\\\/\\\/www.festivox.fr\\\/blog\\\/?s={search_term_string}\"},\"query-input\":{\"@type\":\"PropertyValueSpecification\",\"valueRequired\":true,\"valueName\":\"search_term_string\"}}],\"inLanguage\":\"fr-FR\"},{\"@type\":\"Organization\",\"@id\":\"https:\\\/\\\/www.festivox.fr\\\/blog\\\/#organization\",\"name\":\"festivox\",\"url\":\"https:\\\/\\\/www.festivox.fr\\\/blog\\\/\",\"logo\":{\"@type\":\"ImageObject\",\"inLanguage\":\"fr-FR\",\"@id\":\"https:\\\/\\\/www.festivox.fr\\\/blog\\\/#\\\/schema\\\/logo\\\/image\\\/\",\"url\":\"https:\\\/\\\/www.festivox.fr\\\/blog\\\/wp-content\\\/uploads\\\/2023\\\/06\\\/logo-2.png\",\"contentUrl\":\"https:\\\/\\\/www.festivox.fr\\\/blog\\\/wp-content\\\/uploads\\\/2023\\\/06\\\/logo-2.png\",\"width\":480,\"height\":160,\"caption\":\"festivox\"},\"image\":{\"@id\":\"https:\\\/\\\/www.festivox.fr\\\/blog\\\/#\\\/schema\\\/logo\\\/image\\\/\"}},{\"@type\":\"Person\",\"@id\":\"https:\\\/\\\/www.festivox.fr\\\/blog\\\/#\\\/schema\\\/person\\\/f36a8b6bc94800c3eafed4bca993ce95\",\"name\":\"Michele\",\"image\":{\"@type\":\"ImageObject\",\"inLanguage\":\"fr-FR\",\"@id\":\"https:\\\/\\\/secure.gravatar.com\\\/avatar\\\/b062046536b5d47ec9075956ec349ef95ed06b0f910c578f74abb318668b702e?s=96&d=mm&r=g\",\"url\":\"https:\\\/\\\/secure.gravatar.com\\\/avatar\\\/b062046536b5d47ec9075956ec349ef95ed06b0f910c578f74abb318668b702e?s=96&d=mm&r=g\",\"contentUrl\":\"https:\\\/\\\/secure.gravatar.com\\\/avatar\\\/b062046536b5d47ec9075956ec349ef95ed06b0f910c578f74abb318668b702e?s=96&d=mm&r=g\",\"caption\":\"Michele\"},\"sameAs\":[\"https:\\\/\\\/www.festivox.fr\\\/blog\"],\"url\":\"https:\\\/\\\/www.festivox.fr\\\/blog\\\/author\\\/voxadmin\\\/\"}]}<\/script>\n<!-- \/ Yoast SEO plugin. -->","yoast_head_json":{"title":"Honda Jazz mill\u00e9sime 2023, une refonte s\u00e9rieuse - FESTIVOX","robots":{"index":"index","follow":"follow","max-snippet":"max-snippet:-1","max-image-preview":"max-image-preview:large","max-video-preview":"max-video-preview:-1"},"canonical":"https:\/\/www.festivox.fr\/blog\/honda-jazz-millesime-2023-une-refonte-serieuse\/","og_locale":"fr_FR","og_type":"article","og_title":"Honda Jazz mill\u00e9sime 2023, une refonte s\u00e9rieuse - FESTIVOX","og_description":"Un moteur hybride e:HEV qui gagne\u2026 La gamme commerciale de la Honda Jazz est enti\u00e8rement revue pour le mill\u00e9sime 2023. Tout commence par une mise \u00e0 jour m\u00e9canique de son groupe motopropulseur hybride : e:HEV.En effet, ce moteur, qui comprend 2 moteurs \u00e9lectriques, un moteur essence \u00e9conomique, une transmission automatique et 3 modes de conduite&hellip;","og_url":"https:\/\/www.festivox.fr\/blog\/honda-jazz-millesime-2023-une-refonte-serieuse\/","og_site_name":"FESTIVOX","article_published_time":"2023-01-15T16:25:00+00:00","og_image":[{"url":"https:\/\/www.festivox.fr\/blog\/wp-content\/uploads\/2023\/12\/honda-jazz-millesime-2023-une-refonte-serieuse.jpg","type":"","width":"","height":""}],"author":"Michele","twitter_card":"summary_large_image","twitter_misc":{"\u00c9crit par":"Michele","Dur\u00e9e de lecture estim\u00e9e":"3 minutes"},"schema":{"@context":"https:\/\/schema.org","@graph":[{"@type":"Article","@id":"https:\/\/www.festivox.fr\/blog\/honda-jazz-millesime-2023-une-refonte-serieuse\/#article","isPartOf":{"@id":"https:\/\/www.festivox.fr\/blog\/honda-jazz-millesime-2023-une-refonte-serieuse\/"},"author":{"name":"Michele","@id":"https:\/\/www.festivox.fr\/blog\/#\/schema\/person\/f36a8b6bc94800c3eafed4bca993ce95"},"headline":"Honda Jazz mill\u00e9sime 2023, une refonte s\u00e9rieuse","datePublished":"2023-01-15T16:25:00+00:00","mainEntityOfPage":{"@id":"https:\/\/www.festivox.fr\/blog\/honda-jazz-millesime-2023-une-refonte-serieuse\/"},"wordCount":610,"publisher":{"@id":"https:\/\/www.festivox.fr\/blog\/#organization"},"image":{"@id":"https:\/\/www.festivox.fr\/blog\/honda-jazz-millesime-2023-une-refonte-serieuse\/#primaryimage"},"thumbnailUrl":"https:\/\/www.festivox.fr\/blog\/wp-content\/uploads\/2023\/12\/honda-jazz-millesime-2023-une-refonte-serieuse.jpg","articleSection":["Wiki Sur Festival Jazz Et Musique En Mode Guinguette:"],"inLanguage":"fr-FR"},{"@type":"WebPage","@id":"https:\/\/www.festivox.fr\/blog\/honda-jazz-millesime-2023-une-refonte-serieuse\/","url":"https:\/\/www.festivox.fr\/blog\/honda-jazz-millesime-2023-une-refonte-serieuse\/","name":"Honda Jazz mill\u00e9sime 2023, une refonte s\u00e9rieuse - FESTIVOX","isPartOf":{"@id":"https:\/\/www.festivox.fr\/blog\/#website"},"primaryImageOfPage":{"@id":"https:\/\/www.festivox.fr\/blog\/honda-jazz-millesime-2023-une-refonte-serieuse\/#primaryimage"},"image":{"@id":"https:\/\/www.festivox.fr\/blog\/honda-jazz-millesime-2023-une-refonte-serieuse\/#primaryimage"},"thumbnailUrl":"https:\/\/www.festivox.fr\/blog\/wp-content\/uploads\/2023\/12\/honda-jazz-millesime-2023-une-refonte-serieuse.jpg","datePublished":"2023-01-15T16:25:00+00:00","breadcrumb":{"@id":"https:\/\/www.festivox.fr\/blog\/honda-jazz-millesime-2023-une-refonte-serieuse\/#breadcrumb"},"inLanguage":"fr-FR","potentialAction":[{"@type":"ReadAction","target":["https:\/\/www.festivox.fr\/blog\/honda-jazz-millesime-2023-une-refonte-serieuse\/"]}]},{"@type":"ImageObject","inLanguage":"fr-FR","@id":"https:\/\/www.festivox.fr\/blog\/honda-jazz-millesime-2023-une-refonte-serieuse\/#primaryimage","url":"https:\/\/www.festivox.fr\/blog\/wp-content\/uploads\/2023\/12\/honda-jazz-millesime-2023-une-refonte-serieuse.jpg","contentUrl":"https:\/\/www.festivox.fr\/blog\/wp-content\/uploads\/2023\/12\/honda-jazz-millesime-2023-une-refonte-serieuse.jpg","width":1111,"height":740},{"@type":"BreadcrumbList","@id":"https:\/\/www.festivox.fr\/blog\/honda-jazz-millesime-2023-une-refonte-serieuse\/#breadcrumb","itemListElement":[{"@type":"ListItem","position":1,"name":"Accueil","item":"https:\/\/www.festivox.fr\/blog\/"},{"@type":"ListItem","position":2,"name":"Honda Jazz mill\u00e9sime 2023, une refonte s\u00e9rieuse"}]},{"@type":"WebSite","@id":"https:\/\/www.festivox.fr\/blog\/#website","url":"https:\/\/www.festivox.fr\/blog\/","name":"FESTIVOX","description":"Festival en mode guinguette.","publisher":{"@id":"https:\/\/www.festivox.fr\/blog\/#organization"},"potentialAction":[{"@type":"SearchAction","target":{"@type":"EntryPoint","urlTemplate":"https:\/\/www.festivox.fr\/blog\/?s={search_term_string}"},"query-input":{"@type":"PropertyValueSpecification","valueRequired":true,"valueName":"search_term_string"}}],"inLanguage":"fr-FR"},{"@type":"Organization","@id":"https:\/\/www.festivox.fr\/blog\/#organization","name":"festivox","url":"https:\/\/www.festivox.fr\/blog\/","logo":{"@type":"ImageObject","inLanguage":"fr-FR","@id":"https:\/\/www.festivox.fr\/blog\/#\/schema\/logo\/image\/","url":"https:\/\/www.festivox.fr\/blog\/wp-content\/uploads\/2023\/06\/logo-2.png","contentUrl":"https:\/\/www.festivox.fr\/blog\/wp-content\/uploads\/2023\/06\/logo-2.png","width":480,"height":160,"caption":"festivox"},"image":{"@id":"https:\/\/www.festivox.fr\/blog\/#\/schema\/logo\/image\/"}},{"@type":"Person","@id":"https:\/\/www.festivox.fr\/blog\/#\/schema\/person\/f36a8b6bc94800c3eafed4bca993ce95","name":"Michele","image":{"@type":"ImageObject","inLanguage":"fr-FR","@id":"https:\/\/secure.gravatar.com\/avatar\/b062046536b5d47ec9075956ec349ef95ed06b0f910c578f74abb318668b702e?s=96&d=mm&r=g","url":"https:\/\/secure.gravatar.com\/avatar\/b062046536b5d47ec9075956ec349ef95ed06b0f910c578f74abb318668b702e?s=96&d=mm&r=g","contentUrl":"https:\/\/secure.gravatar.com\/avatar\/b062046536b5d47ec9075956ec349ef95ed06b0f910c578f74abb318668b702e?s=96&d=mm&r=g","caption":"Michele"},"sameAs":["https:\/\/www.festivox.fr\/blog"],"url":"https:\/\/www.festivox.fr\/blog\/author\/voxadmin\/"}]}},"_links":{"self":[{"href":"https:\/\/www.festivox.fr\/blog\/wp-json\/wp\/v2\/posts\/592","targetHints":{"allow":["GET"]}}],"collection":[{"href":"https:\/\/www.festivox.fr\/blog\/wp-json\/wp\/v2\/posts"}],"about":[{"href":"https:\/\/www.festivox.fr\/blog\/wp-json\/wp\/v2\/types\/post"}],"author":[{"embeddable":true,"href":"https:\/\/www.festivox.fr\/blog\/wp-json\/wp\/v2\/users\/1"}],"replies":[{"embeddable":true,"href":"https:\/\/www.festivox.fr\/blog\/wp-json\/wp\/v2\/comments?post=592"}],"version-history":[{"count":0,"href":"https:\/\/www.festivox.fr\/blog\/wp-json\/wp\/v2\/posts\/592\/revisions"}],"wp:featuredmedia":[{"embeddable":true,"href":"https:\/\/www.festivox.fr\/blog\/wp-json\/wp\/v2\/media\/593"}],"wp:attachment":[{"href":"https:\/\/www.festivox.fr\/blog\/wp-json\/wp\/v2\/media?parent=592"}],"wp:term":[{"taxonomy":"category","embeddable":true,"href":"https:\/\/www.festivox.fr\/blog\/wp-json\/wp\/v2\/categories?post=592"},{"taxonomy":"post_tag","embeddable":true,"href":"https:\/\/www.festivox.fr\/blog\/wp-json\/wp\/v2\/tags?post=592"}],"curies":[{"name":"wp","href":"https:\/\/api.w.org\/{rel}","templated":true}]}}