{"id":564,"date":"2023-11-28T15:49:00","date_gmt":"2023-11-28T14:49:00","guid":{"rendered":"https:\/\/www.festivox.fr\/blog\/festival-jazz-et-blues-de-saguenay-2023-nick-waterhouse-gabrielle-shonk-et-plusieurs-autres-a-la-programmation\/"},"modified":"2023-11-28T15:49:00","modified_gmt":"2023-11-28T14:49:00","slug":"festival-jazz-et-blues-de-saguenay-2023-nick-waterhouse-gabrielle-shonk-et-plusieurs-autres-a-la-programmation","status":"publish","type":"post","link":"https:\/\/www.festivox.fr\/blog\/festival-jazz-et-blues-de-saguenay-2023-nick-waterhouse-gabrielle-shonk-et-plusieurs-autres-a-la-programmation\/","title":{"rendered":"Festival Jazz et Blues de Saguenay 2023 | Nick Waterhouse, Gabrielle Shonk et plusieurs autres \u00e0 la programmation"},"content":{"rendered":"\n<div><img decoding=\"async\" src=\"https:\/\/www.festivox.fr\/blog\/wp-content\/uploads\/2023\/12\/festival-jazz-et-blues-de-saguenay-2023-nick-waterhouse-gabrielle-shonk-et-plusieurs-autres-a-la-programmation.jpg\" class=\"ff-og-image-inserted\"><\/div>\n<p>Du 23 au 27 avril 2024, le Festival Jazz et Blues de Saguenay pr\u00e9sentera plus de 30 spectacles, accompagn\u00e9s par le retour du printemps au Qu\u00e9bec. Des artistes d\u2019ici et d\u2019ailleurs, tels que <a href=\"https:\/\/sorstu.ca\/artiste\/nick-waterhouse\/\" target=\"_blank\" rel=\"nofollow\">Nick&nbsp;Waterhouse<\/a>, <a href=\"https:\/\/sorstu.ca\/artiste\/gabrielle-shonk\/\" target=\"_blank\" rel=\"nofollow\">Gabrielle&nbsp;Shonk<\/a>, <a href=\"https:\/\/sorstu.ca\/artiste\/noe-lira\/\" target=\"_blank\" rel=\"nofollow\">No\u00e9&nbsp;Lira<\/a>, <a href=\"https:\/\/sorstu.ca\/artiste\/waahli\/\" target=\"_blank\" rel=\"nofollow\">Waahli<\/a> et plusieurs autres seront de la partie.<\/p>\n<p>La vocaliste de Toronto <a href=\"https:\/\/sorstu.ca\/artiste\/emilie-claire-barlow\/\" target=\"_blank\" rel=\"nofollow\">Emilie-Claire&nbsp;Barlow<\/a> se chargera de d\u00e9buter les festivit\u00e9s le 23 avril prochain, au Th\u00e9\u00e2tre C. Le lendemain, Marie-No\u00eblle Claveau aura la chance de faire revivre le r\u00e9pertoire de la mythique Ella Fitzgerald au cours de son concert <em>Viva Ella<\/em>, au Th\u00e9\u00e2tre Palace.<\/p>\n<p>Si les spectacles pr\u00e9sent\u00e9s au Th\u00e9\u00e2tre Palace, au Th\u00e9\u00e2tre C, au Restaurant Inter et au CEM seront payants, le D\u00f4me Banque Nationale ravira les festivaliers voulant appr\u00e9cier gratuitement de la musique jazz et blues. Du 25 au 27 avril prochains, l\u2019espace recevra des artistes comme <a href=\"https:\/\/sorstu.ca\/artiste\/gabrielle-shonk\/\" target=\"_blank\" rel=\"nofollow\">Gabrielle&nbsp;Shonk<\/a>, <a href=\"https:\/\/sorstu.ca\/artiste\/noe-lira\/\" target=\"_blank\" rel=\"nofollow\">No\u00e9&nbsp;Lira<\/a>, <a href=\"https:\/\/sorstu.ca\/artiste\/waahli\/\" target=\"_blank\" rel=\"nofollow\">Waahli<\/a> ou <a href=\"https:\/\/sorstu.ca\/artiste\/ramon-chicharron\/\" target=\"_blank\" rel=\"nofollow\">Ramon&nbsp;Chicharron<\/a>. Une nouveaut\u00e9 \u00e0 la programmation : le D\u00f4me Banque Nationale ouvrira ses portes d\u00e8s 17h afin de pr\u00e9senter la rel\u00e8ve musicale de la r\u00e9gion durant les Ap\u00e9ros Raymond Chabot Grant Thornton. Et pour les amateurs de la nuit, les <em>Nocturnes KM12&nbsp;<\/em>en formule DJ set feront danser les festivaliers le vendredi 26 avril et le samedi 27 avril d\u00e8s 23h.<\/p>\n<p>Les cinq journ\u00e9es du festival saguen\u00e9en prendront fin au Restaurant Inter avec la venue de Jake Vaadeland &amp; the Sturgeon River Boys, jeune multi-instrumentiste de Saskatchewan combinant le bluegrass et le rockabilly dans ses morceaux.<\/p>\n<p>Quatre spectacles hors-saison sont \u00e9galement annonc\u00e9s, en nommant entre autres Dominique Fils-Aim\u00e9e le 6 avril prochain et Bobby Bazini au Th\u00e9\u00e2tre C en septembre 2024.<\/p>\n<p>La programmation compl\u00e8te, c\u2019est <a href=\"https:\/\/www.jazzetblues.com\/programmation\/\" target=\"_blank\" rel=\"nofollow\">ici<\/a> que \u00e7a se trouve.<\/p>\n<p>Le festival, tirant ses origines d\u2019un groupe d\u2019amis voulant recr\u00e9er l\u2019ambiance de la Nouvelles-Orl\u00e9ans, existe depuis le milieu des ann\u00e9es 90 et tient comme mandat le rayonnement du Saguenay-Lac-Saint-Jean \u00e0 travers le pays.<\/p>\n<p> Cet article, qui traite du th\u00e8me \u00ab\u00a0Festival Jazz et musique en mode guinguette\u00a0\u00bb, vous est d\u00e9lib\u00e9r\u00e9ment offert par festivox.fr. La raison d\u2019\u00eatre de festivox.fr est de parler de Festival Jazz et musique en mode guinguette dans la transparence la plus g\u00e9n\u00e9rale en vous procurant la visibilit\u00e9 de tout ce qui est publi\u00e9 sur ce sujet sur le web La chronique a \u00e9t\u00e9 g\u00e9n\u00e9r\u00e9e de la mani\u00e8re la plus honn\u00eate que possible. S\u2019il advenait que vous projetez d\u2019apporter quelques notes concernant le domaine de \u00ab\u00a0Festival Jazz et musique en mode guinguette\u00a0\u00bb vous avez la possibilit\u00e9 de d&rsquo;\u00e9changer avec notre r\u00e9daction. Dans peu de temps, on mettra en ligne d&rsquo;autres informations pertinentes autour du sujet \u00ab\u00a0Festival Jazz et musique en mode guinguette\u00a0\u00bb. Ainsi, consultez r\u00e9guli\u00e8rement notre site.<\/p>\n","protected":false},"excerpt":{"rendered":"<p>Du 23 au 27 avril 2024, le Festival Jazz et Blues de Saguenay pr\u00e9sentera plus de 30 spectacles, accompagn\u00e9s par le retour du printemps au Qu\u00e9bec. Des artistes d\u2019ici et d\u2019ailleurs, tels que Nick&nbsp;Waterhouse, Gabrielle&nbsp;Shonk, No\u00e9&nbsp;Lira, Waahli et plusieurs autres seront de la partie. La vocaliste de Toronto Emilie-Claire&nbsp;Barlow se chargera de d\u00e9buter les festivit\u00e9s&hellip;<\/p>\n","protected":false},"author":1,"featured_media":565,"comment_status":"closed","ping_status":"closed","sticky":false,"template":"","format":"standard","meta":{"footnotes":""},"categories":[3],"tags":[],"class_list":["post-564","post","type-post","status-publish","format-standard","has-post-thumbnail","hentry","category-wiki-sur-festival-jazz-et-musique-en-mode-guinguette"],"yoast_head":"<!-- This site is optimized with the Yoast SEO plugin v27.5 - https:\/\/yoast.com\/product\/yoast-seo-wordpress\/ -->\n<title>Festival Jazz et Blues de Saguenay 2023 | Nick Waterhouse, Gabrielle Shonk et plusieurs autres \u00e0 la programmation - FESTIVOX<\/title>\n<meta name=\"robots\" content=\"index, follow, max-snippet:-1, max-image-preview:large, max-video-preview:-1\" \/>\n<link rel=\"canonical\" href=\"https:\/\/www.festivox.fr\/blog\/festival-jazz-et-blues-de-saguenay-2023-nick-waterhouse-gabrielle-shonk-et-plusieurs-autres-a-la-programmation\/\" \/>\n<meta property=\"og:locale\" content=\"fr_FR\" \/>\n<meta property=\"og:type\" content=\"article\" \/>\n<meta property=\"og:title\" content=\"Festival Jazz et Blues de Saguenay 2023 | Nick Waterhouse, Gabrielle Shonk et plusieurs autres \u00e0 la programmation - FESTIVOX\" \/>\n<meta property=\"og:description\" content=\"Du 23 au 27 avril 2024, le Festival Jazz et Blues de Saguenay pr\u00e9sentera plus de 30 spectacles, accompagn\u00e9s par le retour du printemps au Qu\u00e9bec. Des artistes d\u2019ici et d\u2019ailleurs, tels que Nick&nbsp;Waterhouse, Gabrielle&nbsp;Shonk, No\u00e9&nbsp;Lira, Waahli et plusieurs autres seront de la partie. La vocaliste de Toronto Emilie-Claire&nbsp;Barlow se chargera de d\u00e9buter les festivit\u00e9s&hellip;\" \/>\n<meta property=\"og:url\" content=\"https:\/\/www.festivox.fr\/blog\/festival-jazz-et-blues-de-saguenay-2023-nick-waterhouse-gabrielle-shonk-et-plusieurs-autres-a-la-programmation\/\" \/>\n<meta property=\"og:site_name\" content=\"FESTIVOX\" \/>\n<meta property=\"article:published_time\" content=\"2023-11-28T14:49:00+00:00\" \/>\n<meta property=\"og:image\" content=\"https:\/\/www.festivox.fr\/blog\/wp-content\/uploads\/2023\/12\/festival-jazz-et-blues-de-saguenay-2023-nick-waterhouse-gabrielle-shonk-et-plusieurs-autres-a-la-programmation.jpg\" \/>\n<meta name=\"author\" content=\"Michele\" \/>\n<meta name=\"twitter:card\" content=\"summary_large_image\" \/>\n<meta name=\"twitter:label1\" content=\"\u00c9crit par\" \/>\n\t<meta name=\"twitter:data1\" content=\"Michele\" \/>\n\t<meta name=\"twitter:label2\" content=\"Dur\u00e9e de lecture estim\u00e9e\" \/>\n\t<meta name=\"twitter:data2\" content=\"2 minutes\" \/>\n<script type=\"application\/ld+json\" class=\"yoast-schema-graph\">{\"@context\":\"https:\\\/\\\/schema.org\",\"@graph\":[{\"@type\":\"Article\",\"@id\":\"https:\\\/\\\/www.festivox.fr\\\/blog\\\/festival-jazz-et-blues-de-saguenay-2023-nick-waterhouse-gabrielle-shonk-et-plusieurs-autres-a-la-programmation\\\/#article\",\"isPartOf\":{\"@id\":\"https:\\\/\\\/www.festivox.fr\\\/blog\\\/festival-jazz-et-blues-de-saguenay-2023-nick-waterhouse-gabrielle-shonk-et-plusieurs-autres-a-la-programmation\\\/\"},\"author\":{\"name\":\"Michele\",\"@id\":\"https:\\\/\\\/www.festivox.fr\\\/blog\\\/#\\\/schema\\\/person\\\/f36a8b6bc94800c3eafed4bca993ce95\"},\"headline\":\"Festival Jazz et Blues de Saguenay 2023 | Nick Waterhouse, Gabrielle Shonk et plusieurs autres \u00e0 la programmation\",\"datePublished\":\"2023-11-28T14:49:00+00:00\",\"mainEntityOfPage\":{\"@id\":\"https:\\\/\\\/www.festivox.fr\\\/blog\\\/festival-jazz-et-blues-de-saguenay-2023-nick-waterhouse-gabrielle-shonk-et-plusieurs-autres-a-la-programmation\\\/\"},\"wordCount\":499,\"publisher\":{\"@id\":\"https:\\\/\\\/www.festivox.fr\\\/blog\\\/#organization\"},\"image\":{\"@id\":\"https:\\\/\\\/www.festivox.fr\\\/blog\\\/festival-jazz-et-blues-de-saguenay-2023-nick-waterhouse-gabrielle-shonk-et-plusieurs-autres-a-la-programmation\\\/#primaryimage\"},\"thumbnailUrl\":\"https:\\\/\\\/www.festivox.fr\\\/blog\\\/wp-content\\\/uploads\\\/2023\\\/12\\\/festival-jazz-et-blues-de-saguenay-2023-nick-waterhouse-gabrielle-shonk-et-plusieurs-autres-a-la-programmation.jpg\",\"articleSection\":[\"Wiki Sur Festival Jazz Et Musique En Mode Guinguette:\"],\"inLanguage\":\"fr-FR\"},{\"@type\":\"WebPage\",\"@id\":\"https:\\\/\\\/www.festivox.fr\\\/blog\\\/festival-jazz-et-blues-de-saguenay-2023-nick-waterhouse-gabrielle-shonk-et-plusieurs-autres-a-la-programmation\\\/\",\"url\":\"https:\\\/\\\/www.festivox.fr\\\/blog\\\/festival-jazz-et-blues-de-saguenay-2023-nick-waterhouse-gabrielle-shonk-et-plusieurs-autres-a-la-programmation\\\/\",\"name\":\"Festival Jazz et Blues de Saguenay 2023 | Nick Waterhouse, Gabrielle Shonk et plusieurs autres \u00e0 la programmation - FESTIVOX\",\"isPartOf\":{\"@id\":\"https:\\\/\\\/www.festivox.fr\\\/blog\\\/#website\"},\"primaryImageOfPage\":{\"@id\":\"https:\\\/\\\/www.festivox.fr\\\/blog\\\/festival-jazz-et-blues-de-saguenay-2023-nick-waterhouse-gabrielle-shonk-et-plusieurs-autres-a-la-programmation\\\/#primaryimage\"},\"image\":{\"@id\":\"https:\\\/\\\/www.festivox.fr\\\/blog\\\/festival-jazz-et-blues-de-saguenay-2023-nick-waterhouse-gabrielle-shonk-et-plusieurs-autres-a-la-programmation\\\/#primaryimage\"},\"thumbnailUrl\":\"https:\\\/\\\/www.festivox.fr\\\/blog\\\/wp-content\\\/uploads\\\/2023\\\/12\\\/festival-jazz-et-blues-de-saguenay-2023-nick-waterhouse-gabrielle-shonk-et-plusieurs-autres-a-la-programmation.jpg\",\"datePublished\":\"2023-11-28T14:49:00+00:00\",\"breadcrumb\":{\"@id\":\"https:\\\/\\\/www.festivox.fr\\\/blog\\\/festival-jazz-et-blues-de-saguenay-2023-nick-waterhouse-gabrielle-shonk-et-plusieurs-autres-a-la-programmation\\\/#breadcrumb\"},\"inLanguage\":\"fr-FR\",\"potentialAction\":[{\"@type\":\"ReadAction\",\"target\":[\"https:\\\/\\\/www.festivox.fr\\\/blog\\\/festival-jazz-et-blues-de-saguenay-2023-nick-waterhouse-gabrielle-shonk-et-plusieurs-autres-a-la-programmation\\\/\"]}]},{\"@type\":\"ImageObject\",\"inLanguage\":\"fr-FR\",\"@id\":\"https:\\\/\\\/www.festivox.fr\\\/blog\\\/festival-jazz-et-blues-de-saguenay-2023-nick-waterhouse-gabrielle-shonk-et-plusieurs-autres-a-la-programmation\\\/#primaryimage\",\"url\":\"https:\\\/\\\/www.festivox.fr\\\/blog\\\/wp-content\\\/uploads\\\/2023\\\/12\\\/festival-jazz-et-blues-de-saguenay-2023-nick-waterhouse-gabrielle-shonk-et-plusieurs-autres-a-la-programmation.jpg\",\"contentUrl\":\"https:\\\/\\\/www.festivox.fr\\\/blog\\\/wp-content\\\/uploads\\\/2023\\\/12\\\/festival-jazz-et-blues-de-saguenay-2023-nick-waterhouse-gabrielle-shonk-et-plusieurs-autres-a-la-programmation.jpg\",\"width\":600,\"height\":311},{\"@type\":\"BreadcrumbList\",\"@id\":\"https:\\\/\\\/www.festivox.fr\\\/blog\\\/festival-jazz-et-blues-de-saguenay-2023-nick-waterhouse-gabrielle-shonk-et-plusieurs-autres-a-la-programmation\\\/#breadcrumb\",\"itemListElement\":[{\"@type\":\"ListItem\",\"position\":1,\"name\":\"Accueil\",\"item\":\"https:\\\/\\\/www.festivox.fr\\\/blog\\\/\"},{\"@type\":\"ListItem\",\"position\":2,\"name\":\"Festival Jazz et Blues de Saguenay 2023 | Nick Waterhouse, Gabrielle Shonk et plusieurs autres \u00e0 la programmation\"}]},{\"@type\":\"WebSite\",\"@id\":\"https:\\\/\\\/www.festivox.fr\\\/blog\\\/#website\",\"url\":\"https:\\\/\\\/www.festivox.fr\\\/blog\\\/\",\"name\":\"FESTIVOX\",\"description\":\"Festival en mode guinguette.\",\"publisher\":{\"@id\":\"https:\\\/\\\/www.festivox.fr\\\/blog\\\/#organization\"},\"potentialAction\":[{\"@type\":\"SearchAction\",\"target\":{\"@type\":\"EntryPoint\",\"urlTemplate\":\"https:\\\/\\\/www.festivox.fr\\\/blog\\\/?s={search_term_string}\"},\"query-input\":{\"@type\":\"PropertyValueSpecification\",\"valueRequired\":true,\"valueName\":\"search_term_string\"}}],\"inLanguage\":\"fr-FR\"},{\"@type\":\"Organization\",\"@id\":\"https:\\\/\\\/www.festivox.fr\\\/blog\\\/#organization\",\"name\":\"festivox\",\"url\":\"https:\\\/\\\/www.festivox.fr\\\/blog\\\/\",\"logo\":{\"@type\":\"ImageObject\",\"inLanguage\":\"fr-FR\",\"@id\":\"https:\\\/\\\/www.festivox.fr\\\/blog\\\/#\\\/schema\\\/logo\\\/image\\\/\",\"url\":\"https:\\\/\\\/www.festivox.fr\\\/blog\\\/wp-content\\\/uploads\\\/2023\\\/06\\\/logo-2.png\",\"contentUrl\":\"https:\\\/\\\/www.festivox.fr\\\/blog\\\/wp-content\\\/uploads\\\/2023\\\/06\\\/logo-2.png\",\"width\":480,\"height\":160,\"caption\":\"festivox\"},\"image\":{\"@id\":\"https:\\\/\\\/www.festivox.fr\\\/blog\\\/#\\\/schema\\\/logo\\\/image\\\/\"}},{\"@type\":\"Person\",\"@id\":\"https:\\\/\\\/www.festivox.fr\\\/blog\\\/#\\\/schema\\\/person\\\/f36a8b6bc94800c3eafed4bca993ce95\",\"name\":\"Michele\",\"image\":{\"@type\":\"ImageObject\",\"inLanguage\":\"fr-FR\",\"@id\":\"https:\\\/\\\/secure.gravatar.com\\\/avatar\\\/b062046536b5d47ec9075956ec349ef95ed06b0f910c578f74abb318668b702e?s=96&d=mm&r=g\",\"url\":\"https:\\\/\\\/secure.gravatar.com\\\/avatar\\\/b062046536b5d47ec9075956ec349ef95ed06b0f910c578f74abb318668b702e?s=96&d=mm&r=g\",\"contentUrl\":\"https:\\\/\\\/secure.gravatar.com\\\/avatar\\\/b062046536b5d47ec9075956ec349ef95ed06b0f910c578f74abb318668b702e?s=96&d=mm&r=g\",\"caption\":\"Michele\"},\"sameAs\":[\"https:\\\/\\\/www.festivox.fr\\\/blog\"],\"url\":\"https:\\\/\\\/www.festivox.fr\\\/blog\\\/author\\\/voxadmin\\\/\"}]}<\/script>\n<!-- \/ Yoast SEO plugin. -->","yoast_head_json":{"title":"Festival Jazz et Blues de Saguenay 2023 | Nick Waterhouse, Gabrielle Shonk et plusieurs autres \u00e0 la programmation - FESTIVOX","robots":{"index":"index","follow":"follow","max-snippet":"max-snippet:-1","max-image-preview":"max-image-preview:large","max-video-preview":"max-video-preview:-1"},"canonical":"https:\/\/www.festivox.fr\/blog\/festival-jazz-et-blues-de-saguenay-2023-nick-waterhouse-gabrielle-shonk-et-plusieurs-autres-a-la-programmation\/","og_locale":"fr_FR","og_type":"article","og_title":"Festival Jazz et Blues de Saguenay 2023 | Nick Waterhouse, Gabrielle Shonk et plusieurs autres \u00e0 la programmation - FESTIVOX","og_description":"Du 23 au 27 avril 2024, le Festival Jazz et Blues de Saguenay pr\u00e9sentera plus de 30 spectacles, accompagn\u00e9s par le retour du printemps au Qu\u00e9bec. Des artistes d\u2019ici et d\u2019ailleurs, tels que Nick&nbsp;Waterhouse, Gabrielle&nbsp;Shonk, No\u00e9&nbsp;Lira, Waahli et plusieurs autres seront de la partie. La vocaliste de Toronto Emilie-Claire&nbsp;Barlow se chargera de d\u00e9buter les festivit\u00e9s&hellip;","og_url":"https:\/\/www.festivox.fr\/blog\/festival-jazz-et-blues-de-saguenay-2023-nick-waterhouse-gabrielle-shonk-et-plusieurs-autres-a-la-programmation\/","og_site_name":"FESTIVOX","article_published_time":"2023-11-28T14:49:00+00:00","og_image":[{"url":"https:\/\/www.festivox.fr\/blog\/wp-content\/uploads\/2023\/12\/festival-jazz-et-blues-de-saguenay-2023-nick-waterhouse-gabrielle-shonk-et-plusieurs-autres-a-la-programmation.jpg","type":"","width":"","height":""}],"author":"Michele","twitter_card":"summary_large_image","twitter_misc":{"\u00c9crit par":"Michele","Dur\u00e9e de lecture estim\u00e9e":"2 minutes"},"schema":{"@context":"https:\/\/schema.org","@graph":[{"@type":"Article","@id":"https:\/\/www.festivox.fr\/blog\/festival-jazz-et-blues-de-saguenay-2023-nick-waterhouse-gabrielle-shonk-et-plusieurs-autres-a-la-programmation\/#article","isPartOf":{"@id":"https:\/\/www.festivox.fr\/blog\/festival-jazz-et-blues-de-saguenay-2023-nick-waterhouse-gabrielle-shonk-et-plusieurs-autres-a-la-programmation\/"},"author":{"name":"Michele","@id":"https:\/\/www.festivox.fr\/blog\/#\/schema\/person\/f36a8b6bc94800c3eafed4bca993ce95"},"headline":"Festival Jazz et Blues de Saguenay 2023 | Nick Waterhouse, Gabrielle Shonk et plusieurs autres \u00e0 la programmation","datePublished":"2023-11-28T14:49:00+00:00","mainEntityOfPage":{"@id":"https:\/\/www.festivox.fr\/blog\/festival-jazz-et-blues-de-saguenay-2023-nick-waterhouse-gabrielle-shonk-et-plusieurs-autres-a-la-programmation\/"},"wordCount":499,"publisher":{"@id":"https:\/\/www.festivox.fr\/blog\/#organization"},"image":{"@id":"https:\/\/www.festivox.fr\/blog\/festival-jazz-et-blues-de-saguenay-2023-nick-waterhouse-gabrielle-shonk-et-plusieurs-autres-a-la-programmation\/#primaryimage"},"thumbnailUrl":"https:\/\/www.festivox.fr\/blog\/wp-content\/uploads\/2023\/12\/festival-jazz-et-blues-de-saguenay-2023-nick-waterhouse-gabrielle-shonk-et-plusieurs-autres-a-la-programmation.jpg","articleSection":["Wiki Sur Festival Jazz Et Musique En Mode Guinguette:"],"inLanguage":"fr-FR"},{"@type":"WebPage","@id":"https:\/\/www.festivox.fr\/blog\/festival-jazz-et-blues-de-saguenay-2023-nick-waterhouse-gabrielle-shonk-et-plusieurs-autres-a-la-programmation\/","url":"https:\/\/www.festivox.fr\/blog\/festival-jazz-et-blues-de-saguenay-2023-nick-waterhouse-gabrielle-shonk-et-plusieurs-autres-a-la-programmation\/","name":"Festival Jazz et Blues de Saguenay 2023 | Nick Waterhouse, Gabrielle Shonk et plusieurs autres \u00e0 la programmation - FESTIVOX","isPartOf":{"@id":"https:\/\/www.festivox.fr\/blog\/#website"},"primaryImageOfPage":{"@id":"https:\/\/www.festivox.fr\/blog\/festival-jazz-et-blues-de-saguenay-2023-nick-waterhouse-gabrielle-shonk-et-plusieurs-autres-a-la-programmation\/#primaryimage"},"image":{"@id":"https:\/\/www.festivox.fr\/blog\/festival-jazz-et-blues-de-saguenay-2023-nick-waterhouse-gabrielle-shonk-et-plusieurs-autres-a-la-programmation\/#primaryimage"},"thumbnailUrl":"https:\/\/www.festivox.fr\/blog\/wp-content\/uploads\/2023\/12\/festival-jazz-et-blues-de-saguenay-2023-nick-waterhouse-gabrielle-shonk-et-plusieurs-autres-a-la-programmation.jpg","datePublished":"2023-11-28T14:49:00+00:00","breadcrumb":{"@id":"https:\/\/www.festivox.fr\/blog\/festival-jazz-et-blues-de-saguenay-2023-nick-waterhouse-gabrielle-shonk-et-plusieurs-autres-a-la-programmation\/#breadcrumb"},"inLanguage":"fr-FR","potentialAction":[{"@type":"ReadAction","target":["https:\/\/www.festivox.fr\/blog\/festival-jazz-et-blues-de-saguenay-2023-nick-waterhouse-gabrielle-shonk-et-plusieurs-autres-a-la-programmation\/"]}]},{"@type":"ImageObject","inLanguage":"fr-FR","@id":"https:\/\/www.festivox.fr\/blog\/festival-jazz-et-blues-de-saguenay-2023-nick-waterhouse-gabrielle-shonk-et-plusieurs-autres-a-la-programmation\/#primaryimage","url":"https:\/\/www.festivox.fr\/blog\/wp-content\/uploads\/2023\/12\/festival-jazz-et-blues-de-saguenay-2023-nick-waterhouse-gabrielle-shonk-et-plusieurs-autres-a-la-programmation.jpg","contentUrl":"https:\/\/www.festivox.fr\/blog\/wp-content\/uploads\/2023\/12\/festival-jazz-et-blues-de-saguenay-2023-nick-waterhouse-gabrielle-shonk-et-plusieurs-autres-a-la-programmation.jpg","width":600,"height":311},{"@type":"BreadcrumbList","@id":"https:\/\/www.festivox.fr\/blog\/festival-jazz-et-blues-de-saguenay-2023-nick-waterhouse-gabrielle-shonk-et-plusieurs-autres-a-la-programmation\/#breadcrumb","itemListElement":[{"@type":"ListItem","position":1,"name":"Accueil","item":"https:\/\/www.festivox.fr\/blog\/"},{"@type":"ListItem","position":2,"name":"Festival Jazz et Blues de Saguenay 2023 | Nick Waterhouse, Gabrielle Shonk et plusieurs autres \u00e0 la programmation"}]},{"@type":"WebSite","@id":"https:\/\/www.festivox.fr\/blog\/#website","url":"https:\/\/www.festivox.fr\/blog\/","name":"FESTIVOX","description":"Festival en mode guinguette.","publisher":{"@id":"https:\/\/www.festivox.fr\/blog\/#organization"},"potentialAction":[{"@type":"SearchAction","target":{"@type":"EntryPoint","urlTemplate":"https:\/\/www.festivox.fr\/blog\/?s={search_term_string}"},"query-input":{"@type":"PropertyValueSpecification","valueRequired":true,"valueName":"search_term_string"}}],"inLanguage":"fr-FR"},{"@type":"Organization","@id":"https:\/\/www.festivox.fr\/blog\/#organization","name":"festivox","url":"https:\/\/www.festivox.fr\/blog\/","logo":{"@type":"ImageObject","inLanguage":"fr-FR","@id":"https:\/\/www.festivox.fr\/blog\/#\/schema\/logo\/image\/","url":"https:\/\/www.festivox.fr\/blog\/wp-content\/uploads\/2023\/06\/logo-2.png","contentUrl":"https:\/\/www.festivox.fr\/blog\/wp-content\/uploads\/2023\/06\/logo-2.png","width":480,"height":160,"caption":"festivox"},"image":{"@id":"https:\/\/www.festivox.fr\/blog\/#\/schema\/logo\/image\/"}},{"@type":"Person","@id":"https:\/\/www.festivox.fr\/blog\/#\/schema\/person\/f36a8b6bc94800c3eafed4bca993ce95","name":"Michele","image":{"@type":"ImageObject","inLanguage":"fr-FR","@id":"https:\/\/secure.gravatar.com\/avatar\/b062046536b5d47ec9075956ec349ef95ed06b0f910c578f74abb318668b702e?s=96&d=mm&r=g","url":"https:\/\/secure.gravatar.com\/avatar\/b062046536b5d47ec9075956ec349ef95ed06b0f910c578f74abb318668b702e?s=96&d=mm&r=g","contentUrl":"https:\/\/secure.gravatar.com\/avatar\/b062046536b5d47ec9075956ec349ef95ed06b0f910c578f74abb318668b702e?s=96&d=mm&r=g","caption":"Michele"},"sameAs":["https:\/\/www.festivox.fr\/blog"],"url":"https:\/\/www.festivox.fr\/blog\/author\/voxadmin\/"}]}},"_links":{"self":[{"href":"https:\/\/www.festivox.fr\/blog\/wp-json\/wp\/v2\/posts\/564","targetHints":{"allow":["GET"]}}],"collection":[{"href":"https:\/\/www.festivox.fr\/blog\/wp-json\/wp\/v2\/posts"}],"about":[{"href":"https:\/\/www.festivox.fr\/blog\/wp-json\/wp\/v2\/types\/post"}],"author":[{"embeddable":true,"href":"https:\/\/www.festivox.fr\/blog\/wp-json\/wp\/v2\/users\/1"}],"replies":[{"embeddable":true,"href":"https:\/\/www.festivox.fr\/blog\/wp-json\/wp\/v2\/comments?post=564"}],"version-history":[{"count":0,"href":"https:\/\/www.festivox.fr\/blog\/wp-json\/wp\/v2\/posts\/564\/revisions"}],"wp:featuredmedia":[{"embeddable":true,"href":"https:\/\/www.festivox.fr\/blog\/wp-json\/wp\/v2\/media\/565"}],"wp:attachment":[{"href":"https:\/\/www.festivox.fr\/blog\/wp-json\/wp\/v2\/media?parent=564"}],"wp:term":[{"taxonomy":"category","embeddable":true,"href":"https:\/\/www.festivox.fr\/blog\/wp-json\/wp\/v2\/categories?post=564"},{"taxonomy":"post_tag","embeddable":true,"href":"https:\/\/www.festivox.fr\/blog\/wp-json\/wp\/v2\/tags?post=564"}],"curies":[{"name":"wp","href":"https:\/\/api.w.org\/{rel}","templated":true}]}}