{"id":556,"date":"2023-10-29T18:33:00","date_gmt":"2023-10-29T17:33:00","guid":{"rendered":"https:\/\/www.festivox.fr\/blog\/jazz-trotter-shuteen-erdenebaatar-rising-sun\/"},"modified":"2023-10-29T18:33:00","modified_gmt":"2023-10-29T17:33:00","slug":"jazz-trotter-shuteen-erdenebaatar-rising-sun","status":"publish","type":"post","link":"https:\/\/www.festivox.fr\/blog\/jazz-trotter-shuteen-erdenebaatar-rising-sun\/","title":{"rendered":"Jazz Trotter : Shuteen Erdenebaatar &#8211; Rising Sun"},"content":{"rendered":"\n<div><img decoding=\"async\" src=\"https:\/\/www.festivox.fr\/blog\/wp-content\/uploads\/2023\/12\/jazz-trotter-shuteen-erdenebaatar-rising-sun.jpg\" class=\"ff-og-image-inserted\"><\/div>\n<p class=\"PopSlotParagraph qg-tx2 qg-xtra-lh svelte-1xznlfb\"><!-- HTML_TAG_START -->\u00ab&nbsp;<em>La jeune femme de 25 ans d\u00e9passe tous les clich\u00e9s du jazz&#8230; L&rsquo;intelligence humaine, associ\u00e9e \u00e0 l&rsquo;intuition et \u00e0 l&#8217;empathie. Un brillant m\u00e9lange&nbsp;!<\/em>&nbsp;\u00bb Jazzthing (All.)<!-- HTML_TAG_END --><\/p>\n<p class=\"PopSlotParagraph qg-tx2 qg-xtra-lh svelte-1xznlfb\"><!-- HTML_TAG_START --><em>\u00ab&nbsp;Arr\u00eatez tout et d\u00e9couvrez d\u00e8s aujourd&rsquo;hui ce morceau&#8230; Dans une Timewarp, il y a cette d\u00e9marcation par rapport \u00e0 la foule&#8230; un son remarquablement \u00e9mouvant que vous n&rsquo;aurez entendu nulle part auparavant dans sa modalit\u00e9 chantante.<\/em>\u00bb <em>Marlbank (R.U.) Morceau du jour, 4 \u00e9toiles, 18 juillet 2023<\/em><!-- HTML_TAG_END --><\/p>\n<div class=\"PopSlot inread svelte-1nn8uhn isEnabled\">\n<p><span class=\"qg-tx5 svelte-1nn8uhn\">Publicit\u00e9<\/span> <\/p>\n<\/p><\/div>\n<p class=\"PopSlotParagraph qg-tx2 qg-xtra-lh svelte-1xznlfb\"><!-- HTML_TAG_START -->\u00c0 seulement 25 ans, cette \u00e9toile montante originaire d&rsquo;Oulan-Bator, la capitale de la Mongolie, dirige trois ensembles internationaux et a accumul\u00e9 une s\u00e9rie impressionnante de prix importants pour les jeunes musiciens de la sc\u00e8ne jazz europ\u00e9enne, notamment le Kurt Maas Jazz Award, la Bourse musicale de la ville de Munich, le Young Munich Jazz Prize, le Biberach Jazz Prize et le BMW Young Artist Jazz Award. Avec la sortie de \u201c<!-- HTML_TAG_END --> <a href=\"https:\/\/motema.com\/debut-album-rising-sun-out-now\/\" target=\"_blank\" rel=\"noopener noreferrer nofollow\" class data-testid=\"link\"><!-- HTML_TAG_START --><strong>Rising Sun<\/strong><!-- HTML_TAG_END --><\/a><!-- HTML_TAG_START -->\u201d<em>,<\/em> Mot\u00e9ma introduit sur la sc\u00e8ne mondiale ce nouveau et brillant talent, soutenu par un jeune quatuor qui accompagnera la sortie avec 16 dates en Allemagne et deux dates sur la sc\u00e8ne du <!-- HTML_TAG_END --> <a href=\"https:\/\/www.sunset-sunside.com\/2023\/11\/artiste\/4782\/9724\/\" target=\"_blank\" rel=\"noopener noreferrer nofollow\" class data-testid=\"link\"><!-- HTML_TAG_START --><strong>Sunset-Sunside<\/strong><!-- HTML_TAG_END --><\/a><!-- HTML_TAG_START --> <strong>\u00e0 Paris les 2 et 3 novembre dans le cadre d&rsquo;une c\u00e9l\u00e9bration du 20e anniversaire de Mot\u00e9ma<\/strong>.<!-- HTML_TAG_END --><\/p>\n<div class=\"ConsentNotice svelte-bz8pq\" data-vendor=\"c:youtube\">\n<p class=\"ConsentNotice-description qg-tx3 svelte-bz8pq\"><!-- HTML_TAG_START -->Pour afficher ce contenu Youtube, vous devez accepter les cookies <b>Publicit\u00e9<\/b>.<\/p>\n<p>Ces cookies permettent \u00e0 nos partenaires de vous proposer des publicit\u00e9s et des contenus personnalis\u00e9s en fonction de votre navigation, de votre profil et de vos centres d&rsquo;int\u00e9r\u00eat. <!-- HTML_TAG_END --><\/p>\n<p> <button class=\"Button light secondary medium svelte-1mp6ox4\" type=\"button\" aria-label=\"bouton G\u00e9rer mes choix\"> G\u00e9rer mes choix <\/button> <button class=\"Button light primary medium svelte-1mp6ox4\" type=\"button\" aria-label=\"bouton J'autorise\"> J&rsquo;autorise <\/button><\/p>\n<\/div>\n<p class=\"PopSlotParagraph qg-tx2 qg-xtra-lh svelte-1xznlfb\"><!-- HTML_TAG_START -->Fille de Batkhuyag Ochirbat, r\u00e9alisateur de t\u00e9l\u00e9vision et journaliste, et d&rsquo;Erdenebaatar Gombo, qui a r\u00e9cemment obtenu le titre de \u00ab&nbsp;\u00c9m\u00e9rite en art&nbsp;\u00bb pour ses 40 ann\u00e9es en tant que directrice de l&rsquo;Op\u00e9ra national mongol.<!-- HTML_TAG_END --><\/p>\n<p class=\"PopSlotParagraph qg-tx2 qg-xtra-lh svelte-1xznlfb\"><!-- HTML_TAG_START --><strong>Shuteen Erdenebaatar<\/strong> a \u00e9t\u00e9 \u00e9lev\u00e9e entour\u00e9e par les arts et la culture &#8211; en particulier la musique classique. En cons\u00e9quence, elle a \u00e9tudi\u00e9 le piano classique et la composition classique au Conservatoire national de Mongolie avant d&rsquo;entrer en contact avec le jazz par le biais d&rsquo;un programme du Goethe Institut. Ce \u00ab&nbsp;laboratoire de jazz&nbsp;\u00bb sous la direction de Martin Zenker s&rsquo;est av\u00e9r\u00e9 \u00eatre un moment charni\u00e8re. \u00ab&nbsp;<em>Un tout nouveau monde s&rsquo;est ouvert \u00e0 moi<\/em>&nbsp;\u00bb, dit-elle. \u00ab&nbsp;<em>Soudain, j&rsquo;ai eu la libert\u00e9 de jouer ce que j&rsquo;avais entendu dans mon c\u0153ur, pas seulement ce qui \u00e9tait \u00e9crit dans les notes.<\/em>&nbsp;\u00bb Avec son baccalaur\u00e9at en mains \u00e0 20 ans, elle aspirait \u00e0 explorer le monde du jazz, et comme il n&rsquo;y avait pas de programmes de jazz en Mongolie \u00e0 l&rsquo;\u00e9poque, elle est finalement venue \u00e9tudier au Conservatoire de Munich. Encadr\u00e9e par Gregor H\u00fcbner, Christian Els\u00e4sser, Tizian Jost et Andreas Kissenbeck, entre autres, Shuteen Erdenebaatar a obtenu une ma\u00eetrise en interpr\u00e9tation et composition jazz et, surtout, a pu trouver et cultiver sa propre voie artistique.<!-- HTML_TAG_END --><\/p>\n<p class=\"PopSlotParagraph qg-tx2 qg-xtra-lh svelte-1xznlfb\"><!-- HTML_TAG_START -->Cette voie unique est ind\u00e9niablement pr\u00e9sente sur \u201cRising Sun\u201d<em>.<\/em> Que ce soit l&rsquo;ouverture chantante et lyrique <em>In A Time Warp<\/em>, l&rsquo;enregistrement stimulant au niveau rythmique <em>Ups And Downs<\/em>, le morceau solo m\u00e9lancolique et <em>Summer Haze<\/em> ou le point culminant aliment\u00e9 par la nostalgie <em>Olden Days<\/em>, la signature de Shuteen Erdenebaatar est au premier plan. Le reste de \u201cRising Sun\u201d comprend le dramaturgique <em>An Answer From A Distant Hill<\/em> (port\u00e9 par une m\u00e9lodie de fl\u00fbte avec des solos d&rsquo;Erdenebaatar et Mangold) ; la chanson-titre puissante et impr\u00e9gn\u00e9e de blues, qui s&rsquo;inspire d&rsquo;une chanson folklorique mongole&nbsp;; la touchante ballade <em>Saudade<\/em>&nbsp;; et la surprenante chanson d&rsquo;amour <em>I&rsquo; m Glad I Got to Know Yo<\/em>u, sur laquelle la pianiste et son quatuor augmentent vraiment la cadence.<!-- HTML_TAG_END --><\/p>\n<p class=\"PopSlotParagraph qg-tx2 qg-xtra-lh svelte-1xznlfb\"><!-- HTML_TAG_START -->Le quartet est compos\u00e9 d&rsquo;un ensemble allemand de musiciens issus de son groupe universitaire, tous d\u00e9sormais des \u00e9toiles montantes prim\u00e9es et des leaders \u00e0 part enti\u00e8re. Le bassiste <strong>Nils Kugelmann,<\/strong> que le principal quotidien de l&rsquo;Allemagne du Sud, The S\u00fcddeutsche Zeitung, a qualifi\u00e9 de \u00ab&nbsp;l&rsquo;un des meilleurs dans son domaine&nbsp;\u00bb, est un musicien polyvalent remarquable sur le plan rythmique et m\u00e9lodique, qui brille \u00e9galement par son travail d&rsquo;archet \u00e9mouvant sur <em>Saudade<\/em>. Le batteur <strong>Valentin Renner<\/strong> est l&rsquo;un des batteurs de jazz les plus actifs d&rsquo;Allemagne, actuellement l&rsquo;\u00e9pine dorsale de plusieurs groupes de jazz notables dans le pays. Enfin, <strong>Anton Mangold<\/strong> compl\u00e8te l&rsquo;ensemble au saxophone et \u00e0 la fl\u00fbte. L\u2019interaction du quartet est l\u2019un des points forts de l\u2019album. \u00ab&nbsp;<em>Cela m&rsquo;a beaucoup aid\u00e9 \u00e0 bien conna\u00eetre tout le monde. J&rsquo;avais d\u00e9j\u00e0 en t\u00eate qui jouait chaque r\u00f4le lorsque je composais<\/em>&nbsp;\u00bb, partage Shuteen Erdenebaatar, dont le sens naturel de la dramaturgie transpara\u00eet dans chaque morceau.<!-- HTML_TAG_END --><\/p>\n<p class=\"PopSlotParagraph qg-tx2 qg-xtra-lh svelte-1xznlfb\"><!-- HTML_TAG_START -->La sortie de Shuteen Erdenebaatar sur Mot\u00e9ma Music fait partie des c\u00e9l\u00e9brations du 20e anniversaire du label cet automne. La fondatrice et pr\u00e9sidente du label, Jana Herzen, a d\u00e9couvert Shuteen par le biais d&rsquo;une simple proposition. \u00ab&nbsp;<em>Franchement, c&rsquo;est tr\u00e8s rare que j&rsquo;aie le temps d&rsquo;\u00e9couter des projets non sollicit\u00e9s, mais d&rsquo;une mani\u00e8re ou d&rsquo;une autre, le courriel de Shuteen a attir\u00e9 mon attention. Le fait qu&rsquo;elle soit mongole m&rsquo;a intrigu\u00e9e et son beau sourire m&rsquo;a amen\u00e9e \u00e0 l&rsquo;\u00e9couter. \u00c9mue par ce que j\u2019ai entendu et d\u00e9couvrant ses nombreuses r\u00e9alisations, j\u2019ai reconnu un nouvelle figure du jazz contemporain en pleine ascension et j\u2019ai d\u00e9cid\u00e9 qu\u2019elle serait une ambassadrice parfaite pour notre 20e anniversaire<\/em>. \u00bb Mot\u00e9ma travaille avec Shuteen Erdenbaatar pour la prochaine sortie de son duo \u00ab&nbsp;Lightville&nbsp;\u00bb et celle de son Chamber Jazz Orchestra. \u00bb<br \/>(extrait du communiqu\u00e9 de presse)<!-- HTML_TAG_END --><\/p>\n<h2 class=\"qg-st2 \"><!-- HTML_TAG_START -->O\u00f9 \u00e9couter Shuteen Erdenebaatar<!-- HTML_TAG_END --><\/h2>\n<ul>\n<li><!-- HTML_TAG_START -->A <strong>Paris (75)<\/strong> jeudi 02 &amp; vendredi 03 novembre \u00e0 20h au&nbsp;<!-- HTML_TAG_END --> <a href=\"https:\/\/www.sunset-sunside.com\/2023\/11\/artiste\/4782\/9724\/\" target=\"_blank\" rel=\"noopener noreferrer nofollow\" class data-testid=\"link\"><!-- HTML_TAG_START -->Sunside<!-- HTML_TAG_END --><\/a><!-- HTML_TAG_START -->&nbsp;dans le cadre des 20 ans de Mot\u00e9ma &#8211; <em>2 invitations pour 2 \u00e0 gagner pour le 02 novembre<\/em><!-- HTML_TAG_END --> <\/li>\n<\/ul>\n<p class=\"PopSlotParagraph qg-tx2 qg-xtra-lh svelte-1xznlfb\"><!-- HTML_TAG_START -->Shuteen Erdenbaatar (piano)<br \/>Anton Mangold (saxopohne, fl\u00fbte)<br \/>Nils Kugelmann (contrebasse)<br \/>Valentin Renner (batterie)<!-- HTML_TAG_END --><\/p>\n<p> Cet article, qui traite du th\u00e8me \u00ab\u00a0Festival Jazz et musique en mode guinguette\u00a0\u00bb, vous est d\u00e9lib\u00e9r\u00e9ment offert par festivox.fr. La raison d\u2019\u00eatre de festivox.fr est de parler de Festival Jazz et musique en mode guinguette dans la transparence la plus g\u00e9n\u00e9rale en vous procurant la visibilit\u00e9 de tout ce qui est publi\u00e9 sur ce sujet sur le web La chronique a \u00e9t\u00e9 g\u00e9n\u00e9r\u00e9e de la mani\u00e8re la plus honn\u00eate que possible. S\u2019il advenait que vous projetez d\u2019apporter quelques notes concernant le domaine de \u00ab\u00a0Festival Jazz et musique en mode guinguette\u00a0\u00bb vous avez la possibilit\u00e9 de d&rsquo;\u00e9changer avec notre r\u00e9daction. Dans peu de temps, on mettra en ligne d&rsquo;autres informations pertinentes autour du sujet \u00ab\u00a0Festival Jazz et musique en mode guinguette\u00a0\u00bb. Ainsi, consultez r\u00e9guli\u00e8rement notre site.<\/p>\n","protected":false},"excerpt":{"rendered":"<p>\u00ab&nbsp;La jeune femme de 25 ans d\u00e9passe tous les clich\u00e9s du jazz&#8230; L&rsquo;intelligence humaine, associ\u00e9e \u00e0 l&rsquo;intuition et \u00e0 l&#8217;empathie. Un brillant m\u00e9lange&nbsp;!&nbsp;\u00bb Jazzthing (All.) \u00ab&nbsp;Arr\u00eatez tout et d\u00e9couvrez d\u00e8s aujourd&rsquo;hui ce morceau&#8230; Dans une Timewarp, il y a cette d\u00e9marcation par rapport \u00e0 la foule&#8230; un son remarquablement \u00e9mouvant que vous n&rsquo;aurez entendu nulle&hellip;<\/p>\n","protected":false},"author":1,"featured_media":557,"comment_status":"closed","ping_status":"closed","sticky":false,"template":"","format":"standard","meta":{"footnotes":""},"categories":[3],"tags":[],"class_list":["post-556","post","type-post","status-publish","format-standard","has-post-thumbnail","hentry","category-wiki-sur-festival-jazz-et-musique-en-mode-guinguette"],"yoast_head":"<!-- This site is optimized with the Yoast SEO plugin v27.5 - https:\/\/yoast.com\/product\/yoast-seo-wordpress\/ -->\n<title>Jazz Trotter : Shuteen Erdenebaatar - Rising Sun - FESTIVOX<\/title>\n<meta name=\"robots\" content=\"index, follow, max-snippet:-1, max-image-preview:large, max-video-preview:-1\" \/>\n<link rel=\"canonical\" href=\"https:\/\/www.festivox.fr\/blog\/jazz-trotter-shuteen-erdenebaatar-rising-sun\/\" \/>\n<meta property=\"og:locale\" content=\"fr_FR\" \/>\n<meta property=\"og:type\" content=\"article\" \/>\n<meta property=\"og:title\" content=\"Jazz Trotter : Shuteen Erdenebaatar - Rising Sun - FESTIVOX\" \/>\n<meta property=\"og:description\" content=\"\u00ab&nbsp;La jeune femme de 25 ans d\u00e9passe tous les clich\u00e9s du jazz&#8230; L&rsquo;intelligence humaine, associ\u00e9e \u00e0 l&rsquo;intuition et \u00e0 l&#8217;empathie. Un brillant m\u00e9lange&nbsp;!&nbsp;\u00bb Jazzthing (All.) \u00ab&nbsp;Arr\u00eatez tout et d\u00e9couvrez d\u00e8s aujourd&rsquo;hui ce morceau&#8230; Dans une Timewarp, il y a cette d\u00e9marcation par rapport \u00e0 la foule&#8230; un son remarquablement \u00e9mouvant que vous n&rsquo;aurez entendu nulle&hellip;\" \/>\n<meta property=\"og:url\" content=\"https:\/\/www.festivox.fr\/blog\/jazz-trotter-shuteen-erdenebaatar-rising-sun\/\" \/>\n<meta property=\"og:site_name\" content=\"FESTIVOX\" \/>\n<meta property=\"article:published_time\" content=\"2023-10-29T17:33:00+00:00\" \/>\n<meta property=\"og:image\" content=\"https:\/\/www.festivox.fr\/blog\/wp-content\/uploads\/2023\/12\/jazz-trotter-shuteen-erdenebaatar-rising-sun.jpg\" \/>\n<meta name=\"author\" content=\"Michele\" \/>\n<meta name=\"twitter:card\" content=\"summary_large_image\" \/>\n<meta name=\"twitter:label1\" content=\"\u00c9crit par\" \/>\n\t<meta name=\"twitter:data1\" content=\"Michele\" \/>\n\t<meta name=\"twitter:label2\" content=\"Dur\u00e9e de lecture estim\u00e9e\" \/>\n\t<meta name=\"twitter:data2\" content=\"6 minutes\" \/>\n<script type=\"application\/ld+json\" class=\"yoast-schema-graph\">{\"@context\":\"https:\\\/\\\/schema.org\",\"@graph\":[{\"@type\":\"Article\",\"@id\":\"https:\\\/\\\/www.festivox.fr\\\/blog\\\/jazz-trotter-shuteen-erdenebaatar-rising-sun\\\/#article\",\"isPartOf\":{\"@id\":\"https:\\\/\\\/www.festivox.fr\\\/blog\\\/jazz-trotter-shuteen-erdenebaatar-rising-sun\\\/\"},\"author\":{\"name\":\"Michele\",\"@id\":\"https:\\\/\\\/www.festivox.fr\\\/blog\\\/#\\\/schema\\\/person\\\/f36a8b6bc94800c3eafed4bca993ce95\"},\"headline\":\"Jazz Trotter : Shuteen Erdenebaatar &#8211; Rising Sun\",\"datePublished\":\"2023-10-29T17:33:00+00:00\",\"mainEntityOfPage\":{\"@id\":\"https:\\\/\\\/www.festivox.fr\\\/blog\\\/jazz-trotter-shuteen-erdenebaatar-rising-sun\\\/\"},\"wordCount\":1133,\"publisher\":{\"@id\":\"https:\\\/\\\/www.festivox.fr\\\/blog\\\/#organization\"},\"image\":{\"@id\":\"https:\\\/\\\/www.festivox.fr\\\/blog\\\/jazz-trotter-shuteen-erdenebaatar-rising-sun\\\/#primaryimage\"},\"thumbnailUrl\":\"https:\\\/\\\/www.festivox.fr\\\/blog\\\/wp-content\\\/uploads\\\/2023\\\/12\\\/jazz-trotter-shuteen-erdenebaatar-rising-sun.jpg\",\"articleSection\":[\"Wiki Sur Festival Jazz Et Musique En Mode Guinguette:\"],\"inLanguage\":\"fr-FR\"},{\"@type\":\"WebPage\",\"@id\":\"https:\\\/\\\/www.festivox.fr\\\/blog\\\/jazz-trotter-shuteen-erdenebaatar-rising-sun\\\/\",\"url\":\"https:\\\/\\\/www.festivox.fr\\\/blog\\\/jazz-trotter-shuteen-erdenebaatar-rising-sun\\\/\",\"name\":\"Jazz Trotter : Shuteen Erdenebaatar - Rising Sun - FESTIVOX\",\"isPartOf\":{\"@id\":\"https:\\\/\\\/www.festivox.fr\\\/blog\\\/#website\"},\"primaryImageOfPage\":{\"@id\":\"https:\\\/\\\/www.festivox.fr\\\/blog\\\/jazz-trotter-shuteen-erdenebaatar-rising-sun\\\/#primaryimage\"},\"image\":{\"@id\":\"https:\\\/\\\/www.festivox.fr\\\/blog\\\/jazz-trotter-shuteen-erdenebaatar-rising-sun\\\/#primaryimage\"},\"thumbnailUrl\":\"https:\\\/\\\/www.festivox.fr\\\/blog\\\/wp-content\\\/uploads\\\/2023\\\/12\\\/jazz-trotter-shuteen-erdenebaatar-rising-sun.jpg\",\"datePublished\":\"2023-10-29T17:33:00+00:00\",\"breadcrumb\":{\"@id\":\"https:\\\/\\\/www.festivox.fr\\\/blog\\\/jazz-trotter-shuteen-erdenebaatar-rising-sun\\\/#breadcrumb\"},\"inLanguage\":\"fr-FR\",\"potentialAction\":[{\"@type\":\"ReadAction\",\"target\":[\"https:\\\/\\\/www.festivox.fr\\\/blog\\\/jazz-trotter-shuteen-erdenebaatar-rising-sun\\\/\"]}]},{\"@type\":\"ImageObject\",\"inLanguage\":\"fr-FR\",\"@id\":\"https:\\\/\\\/www.festivox.fr\\\/blog\\\/jazz-trotter-shuteen-erdenebaatar-rising-sun\\\/#primaryimage\",\"url\":\"https:\\\/\\\/www.festivox.fr\\\/blog\\\/wp-content\\\/uploads\\\/2023\\\/12\\\/jazz-trotter-shuteen-erdenebaatar-rising-sun.jpg\",\"contentUrl\":\"https:\\\/\\\/www.festivox.fr\\\/blog\\\/wp-content\\\/uploads\\\/2023\\\/12\\\/jazz-trotter-shuteen-erdenebaatar-rising-sun.jpg\",\"width\":1200,\"height\":680},{\"@type\":\"BreadcrumbList\",\"@id\":\"https:\\\/\\\/www.festivox.fr\\\/blog\\\/jazz-trotter-shuteen-erdenebaatar-rising-sun\\\/#breadcrumb\",\"itemListElement\":[{\"@type\":\"ListItem\",\"position\":1,\"name\":\"Accueil\",\"item\":\"https:\\\/\\\/www.festivox.fr\\\/blog\\\/\"},{\"@type\":\"ListItem\",\"position\":2,\"name\":\"Jazz Trotter : Shuteen Erdenebaatar &#8211; Rising Sun\"}]},{\"@type\":\"WebSite\",\"@id\":\"https:\\\/\\\/www.festivox.fr\\\/blog\\\/#website\",\"url\":\"https:\\\/\\\/www.festivox.fr\\\/blog\\\/\",\"name\":\"FESTIVOX\",\"description\":\"Festival en mode guinguette.\",\"publisher\":{\"@id\":\"https:\\\/\\\/www.festivox.fr\\\/blog\\\/#organization\"},\"potentialAction\":[{\"@type\":\"SearchAction\",\"target\":{\"@type\":\"EntryPoint\",\"urlTemplate\":\"https:\\\/\\\/www.festivox.fr\\\/blog\\\/?s={search_term_string}\"},\"query-input\":{\"@type\":\"PropertyValueSpecification\",\"valueRequired\":true,\"valueName\":\"search_term_string\"}}],\"inLanguage\":\"fr-FR\"},{\"@type\":\"Organization\",\"@id\":\"https:\\\/\\\/www.festivox.fr\\\/blog\\\/#organization\",\"name\":\"festivox\",\"url\":\"https:\\\/\\\/www.festivox.fr\\\/blog\\\/\",\"logo\":{\"@type\":\"ImageObject\",\"inLanguage\":\"fr-FR\",\"@id\":\"https:\\\/\\\/www.festivox.fr\\\/blog\\\/#\\\/schema\\\/logo\\\/image\\\/\",\"url\":\"https:\\\/\\\/www.festivox.fr\\\/blog\\\/wp-content\\\/uploads\\\/2023\\\/06\\\/logo-2.png\",\"contentUrl\":\"https:\\\/\\\/www.festivox.fr\\\/blog\\\/wp-content\\\/uploads\\\/2023\\\/06\\\/logo-2.png\",\"width\":480,\"height\":160,\"caption\":\"festivox\"},\"image\":{\"@id\":\"https:\\\/\\\/www.festivox.fr\\\/blog\\\/#\\\/schema\\\/logo\\\/image\\\/\"}},{\"@type\":\"Person\",\"@id\":\"https:\\\/\\\/www.festivox.fr\\\/blog\\\/#\\\/schema\\\/person\\\/f36a8b6bc94800c3eafed4bca993ce95\",\"name\":\"Michele\",\"image\":{\"@type\":\"ImageObject\",\"inLanguage\":\"fr-FR\",\"@id\":\"https:\\\/\\\/secure.gravatar.com\\\/avatar\\\/b062046536b5d47ec9075956ec349ef95ed06b0f910c578f74abb318668b702e?s=96&d=mm&r=g\",\"url\":\"https:\\\/\\\/secure.gravatar.com\\\/avatar\\\/b062046536b5d47ec9075956ec349ef95ed06b0f910c578f74abb318668b702e?s=96&d=mm&r=g\",\"contentUrl\":\"https:\\\/\\\/secure.gravatar.com\\\/avatar\\\/b062046536b5d47ec9075956ec349ef95ed06b0f910c578f74abb318668b702e?s=96&d=mm&r=g\",\"caption\":\"Michele\"},\"sameAs\":[\"https:\\\/\\\/www.festivox.fr\\\/blog\"],\"url\":\"https:\\\/\\\/www.festivox.fr\\\/blog\\\/author\\\/voxadmin\\\/\"}]}<\/script>\n<!-- \/ Yoast SEO plugin. -->","yoast_head_json":{"title":"Jazz Trotter : Shuteen Erdenebaatar - Rising Sun - FESTIVOX","robots":{"index":"index","follow":"follow","max-snippet":"max-snippet:-1","max-image-preview":"max-image-preview:large","max-video-preview":"max-video-preview:-1"},"canonical":"https:\/\/www.festivox.fr\/blog\/jazz-trotter-shuteen-erdenebaatar-rising-sun\/","og_locale":"fr_FR","og_type":"article","og_title":"Jazz Trotter : Shuteen Erdenebaatar - Rising Sun - FESTIVOX","og_description":"\u00ab&nbsp;La jeune femme de 25 ans d\u00e9passe tous les clich\u00e9s du jazz&#8230; L&rsquo;intelligence humaine, associ\u00e9e \u00e0 l&rsquo;intuition et \u00e0 l&#8217;empathie. Un brillant m\u00e9lange&nbsp;!&nbsp;\u00bb Jazzthing (All.) \u00ab&nbsp;Arr\u00eatez tout et d\u00e9couvrez d\u00e8s aujourd&rsquo;hui ce morceau&#8230; Dans une Timewarp, il y a cette d\u00e9marcation par rapport \u00e0 la foule&#8230; un son remarquablement \u00e9mouvant que vous n&rsquo;aurez entendu nulle&hellip;","og_url":"https:\/\/www.festivox.fr\/blog\/jazz-trotter-shuteen-erdenebaatar-rising-sun\/","og_site_name":"FESTIVOX","article_published_time":"2023-10-29T17:33:00+00:00","og_image":[{"url":"https:\/\/www.festivox.fr\/blog\/wp-content\/uploads\/2023\/12\/jazz-trotter-shuteen-erdenebaatar-rising-sun.jpg","type":"","width":"","height":""}],"author":"Michele","twitter_card":"summary_large_image","twitter_misc":{"\u00c9crit par":"Michele","Dur\u00e9e de lecture estim\u00e9e":"6 minutes"},"schema":{"@context":"https:\/\/schema.org","@graph":[{"@type":"Article","@id":"https:\/\/www.festivox.fr\/blog\/jazz-trotter-shuteen-erdenebaatar-rising-sun\/#article","isPartOf":{"@id":"https:\/\/www.festivox.fr\/blog\/jazz-trotter-shuteen-erdenebaatar-rising-sun\/"},"author":{"name":"Michele","@id":"https:\/\/www.festivox.fr\/blog\/#\/schema\/person\/f36a8b6bc94800c3eafed4bca993ce95"},"headline":"Jazz Trotter : Shuteen Erdenebaatar &#8211; Rising Sun","datePublished":"2023-10-29T17:33:00+00:00","mainEntityOfPage":{"@id":"https:\/\/www.festivox.fr\/blog\/jazz-trotter-shuteen-erdenebaatar-rising-sun\/"},"wordCount":1133,"publisher":{"@id":"https:\/\/www.festivox.fr\/blog\/#organization"},"image":{"@id":"https:\/\/www.festivox.fr\/blog\/jazz-trotter-shuteen-erdenebaatar-rising-sun\/#primaryimage"},"thumbnailUrl":"https:\/\/www.festivox.fr\/blog\/wp-content\/uploads\/2023\/12\/jazz-trotter-shuteen-erdenebaatar-rising-sun.jpg","articleSection":["Wiki Sur Festival Jazz Et Musique En Mode Guinguette:"],"inLanguage":"fr-FR"},{"@type":"WebPage","@id":"https:\/\/www.festivox.fr\/blog\/jazz-trotter-shuteen-erdenebaatar-rising-sun\/","url":"https:\/\/www.festivox.fr\/blog\/jazz-trotter-shuteen-erdenebaatar-rising-sun\/","name":"Jazz Trotter : Shuteen Erdenebaatar - Rising Sun - FESTIVOX","isPartOf":{"@id":"https:\/\/www.festivox.fr\/blog\/#website"},"primaryImageOfPage":{"@id":"https:\/\/www.festivox.fr\/blog\/jazz-trotter-shuteen-erdenebaatar-rising-sun\/#primaryimage"},"image":{"@id":"https:\/\/www.festivox.fr\/blog\/jazz-trotter-shuteen-erdenebaatar-rising-sun\/#primaryimage"},"thumbnailUrl":"https:\/\/www.festivox.fr\/blog\/wp-content\/uploads\/2023\/12\/jazz-trotter-shuteen-erdenebaatar-rising-sun.jpg","datePublished":"2023-10-29T17:33:00+00:00","breadcrumb":{"@id":"https:\/\/www.festivox.fr\/blog\/jazz-trotter-shuteen-erdenebaatar-rising-sun\/#breadcrumb"},"inLanguage":"fr-FR","potentialAction":[{"@type":"ReadAction","target":["https:\/\/www.festivox.fr\/blog\/jazz-trotter-shuteen-erdenebaatar-rising-sun\/"]}]},{"@type":"ImageObject","inLanguage":"fr-FR","@id":"https:\/\/www.festivox.fr\/blog\/jazz-trotter-shuteen-erdenebaatar-rising-sun\/#primaryimage","url":"https:\/\/www.festivox.fr\/blog\/wp-content\/uploads\/2023\/12\/jazz-trotter-shuteen-erdenebaatar-rising-sun.jpg","contentUrl":"https:\/\/www.festivox.fr\/blog\/wp-content\/uploads\/2023\/12\/jazz-trotter-shuteen-erdenebaatar-rising-sun.jpg","width":1200,"height":680},{"@type":"BreadcrumbList","@id":"https:\/\/www.festivox.fr\/blog\/jazz-trotter-shuteen-erdenebaatar-rising-sun\/#breadcrumb","itemListElement":[{"@type":"ListItem","position":1,"name":"Accueil","item":"https:\/\/www.festivox.fr\/blog\/"},{"@type":"ListItem","position":2,"name":"Jazz Trotter : Shuteen Erdenebaatar &#8211; Rising Sun"}]},{"@type":"WebSite","@id":"https:\/\/www.festivox.fr\/blog\/#website","url":"https:\/\/www.festivox.fr\/blog\/","name":"FESTIVOX","description":"Festival en mode guinguette.","publisher":{"@id":"https:\/\/www.festivox.fr\/blog\/#organization"},"potentialAction":[{"@type":"SearchAction","target":{"@type":"EntryPoint","urlTemplate":"https:\/\/www.festivox.fr\/blog\/?s={search_term_string}"},"query-input":{"@type":"PropertyValueSpecification","valueRequired":true,"valueName":"search_term_string"}}],"inLanguage":"fr-FR"},{"@type":"Organization","@id":"https:\/\/www.festivox.fr\/blog\/#organization","name":"festivox","url":"https:\/\/www.festivox.fr\/blog\/","logo":{"@type":"ImageObject","inLanguage":"fr-FR","@id":"https:\/\/www.festivox.fr\/blog\/#\/schema\/logo\/image\/","url":"https:\/\/www.festivox.fr\/blog\/wp-content\/uploads\/2023\/06\/logo-2.png","contentUrl":"https:\/\/www.festivox.fr\/blog\/wp-content\/uploads\/2023\/06\/logo-2.png","width":480,"height":160,"caption":"festivox"},"image":{"@id":"https:\/\/www.festivox.fr\/blog\/#\/schema\/logo\/image\/"}},{"@type":"Person","@id":"https:\/\/www.festivox.fr\/blog\/#\/schema\/person\/f36a8b6bc94800c3eafed4bca993ce95","name":"Michele","image":{"@type":"ImageObject","inLanguage":"fr-FR","@id":"https:\/\/secure.gravatar.com\/avatar\/b062046536b5d47ec9075956ec349ef95ed06b0f910c578f74abb318668b702e?s=96&d=mm&r=g","url":"https:\/\/secure.gravatar.com\/avatar\/b062046536b5d47ec9075956ec349ef95ed06b0f910c578f74abb318668b702e?s=96&d=mm&r=g","contentUrl":"https:\/\/secure.gravatar.com\/avatar\/b062046536b5d47ec9075956ec349ef95ed06b0f910c578f74abb318668b702e?s=96&d=mm&r=g","caption":"Michele"},"sameAs":["https:\/\/www.festivox.fr\/blog"],"url":"https:\/\/www.festivox.fr\/blog\/author\/voxadmin\/"}]}},"_links":{"self":[{"href":"https:\/\/www.festivox.fr\/blog\/wp-json\/wp\/v2\/posts\/556","targetHints":{"allow":["GET"]}}],"collection":[{"href":"https:\/\/www.festivox.fr\/blog\/wp-json\/wp\/v2\/posts"}],"about":[{"href":"https:\/\/www.festivox.fr\/blog\/wp-json\/wp\/v2\/types\/post"}],"author":[{"embeddable":true,"href":"https:\/\/www.festivox.fr\/blog\/wp-json\/wp\/v2\/users\/1"}],"replies":[{"embeddable":true,"href":"https:\/\/www.festivox.fr\/blog\/wp-json\/wp\/v2\/comments?post=556"}],"version-history":[{"count":0,"href":"https:\/\/www.festivox.fr\/blog\/wp-json\/wp\/v2\/posts\/556\/revisions"}],"wp:featuredmedia":[{"embeddable":true,"href":"https:\/\/www.festivox.fr\/blog\/wp-json\/wp\/v2\/media\/557"}],"wp:attachment":[{"href":"https:\/\/www.festivox.fr\/blog\/wp-json\/wp\/v2\/media?parent=556"}],"wp:term":[{"taxonomy":"category","embeddable":true,"href":"https:\/\/www.festivox.fr\/blog\/wp-json\/wp\/v2\/categories?post=556"},{"taxonomy":"post_tag","embeddable":true,"href":"https:\/\/www.festivox.fr\/blog\/wp-json\/wp\/v2\/tags?post=556"}],"curies":[{"name":"wp","href":"https:\/\/api.w.org\/{rel}","templated":true}]}}