{"id":537,"date":"2023-10-16T02:47:00","date_gmt":"2023-10-16T01:47:00","guid":{"rendered":"https:\/\/www.festivox.fr\/blog\/jazz-correia-au-plus-mal-apres-son-accouchement-elle-souffre-enormement\/"},"modified":"2023-10-16T02:47:00","modified_gmt":"2023-10-16T01:47:00","slug":"jazz-correia-au-plus-mal-apres-son-accouchement-elle-souffre-enormement","status":"publish","type":"post","link":"https:\/\/www.festivox.fr\/blog\/jazz-correia-au-plus-mal-apres-son-accouchement-elle-souffre-enormement\/","title":{"rendered":"Jazz Correia au plus mal apr\u00e8s son accouchement, elle \u00ab\u00a0souffre \u00e9norm\u00e9ment\u201d"},"content":{"rendered":"\n<div>\n<p>Jazz Correia a accouch\u00e9 de son quatri\u00e8me enfant et tout ne s&rsquo;est pas pass\u00e9 comme pr\u00e9vu puisque le b\u00e9b\u00e9 a \u00e9t\u00e9 plac\u00e9 en soins intensifs. Un \u00e9pisode douloureux pour cette m\u00e8re de famille qui, en plus, \u00ab\u00a0souffre \u00e9norm\u00e9ment\u00a0\u00bb suite \u00e0 sa c\u00e9sarienne.<\/p>\n<\/p><\/div>\n<div>\n<p>Ce jeudi 12 octobre, <a href=\"https:\/\/www.voici.fr\/news-people\/jazz-correia-prete-a-accoucher-ces-indices-sur-le-prenom-de-son-quatrieme-enfant-reperes-par-les-internautes-767458\" target=\"_blank\" rel=\"nofollow\">Jazz Correia a donn\u00e9 naissance \u00e0 son quatri\u00e8me enfant<\/a> et malheureusement, <a href=\"https:\/\/www.voici.fr\/news-people\/il-est-en-soins-intensifs-jazz-correia-a-accouche-mais-annonce-des-complications-768294\" target=\"_blank\" rel=\"nofollow\">le b\u00e9b\u00e9 a directement \u00e9t\u00e9 plac\u00e9 en soins intensifs<\/a>. \u00ab\u00a0<em>Notre fils est n\u00e9.&nbsp;On n\u2019est pas tout \u00e0 fait pr\u00eat \u00e0 partager tout de suite, car il y a eu des complications, il est actuellement en soins intensifs. J\u2019ai pu le toucher trente secondes et l\u00e0 je ne le verrai pas avant demain\u2026 <\/em><em><strong>C&rsquo;est tr\u00e8s dur pour une maman d\u2019\u00eatre s\u00e9par\u00e9e directement comme \u00e7a, mais Laurent est l\u00e0 pour me soutenir.<\/strong><\/em><em>&nbsp;Ne m&rsquo;en voulez pas si je ne r\u00e9ponds pas pour l&rsquo;instant \u00e0 vos messages. Tant que je ne l&rsquo;aurai pas avec moi et tant que l&rsquo;on ne me dira pas qu&rsquo;il va bien, je ne peux pas r\u00e9pondre \u00e0 vos messages de v\u0153ux alors qu&rsquo;on est profond\u00e9ment tristes pour le moment.&nbsp;<\/em><em><strong>Certains vivent pire, alors guerri\u00e8re comme toujours<\/strong><\/em><em>\u00ab\u00a0<\/em>, a expliqu\u00e9 l\u2019influenceuse sur Instagram.<\/p>\n<p>Le 15 octobre, soit peu de jours apr\u00e8s son accouchement, la jeune femme pouvait quitter l&rsquo;h\u00f4pital, mais sans son nouveau-n\u00e9, oblig\u00e9 de rester sous surveillance. \u00ab\u00a0<em><strong>Aujourd&rsquo;hui,&nbsp;je suis encore plus triste, car il est temps pour nous de rentrer \u00e0 la maison, mais sans mon fils, qui doit encore rester ici quelque temps.&nbsp;<\/strong><\/em><em>Je n&rsquo;ai toujours pas pu le porter dans les bras. Mais j&rsquo;ai pu lui toucher les pieds et les mains. <\/em><a href=\"https:\/\/www.voici.fr\/news-people\/cest-le-coeur-tres-lourd-jazz-correia-donne-des-nouvelles-de-son-fils-place-en-soins-intensifs-768479\" target=\"_blank\" rel=\"nofollow\"><em><strong>C&rsquo;est le c\u0153ur tr\u00e8s lourd que je rentre \u00e0 la maison aujourd&rsquo;hui<\/strong><\/em><\/a><em>\u00ab\u00a0<\/em>, a-t-elle \u00e9crit dans ses story.<\/p>\n<h2 id=\"2cpbl\">Jazz au plus mal, elle s&rsquo;exprime une nouvelle fois<\/h2>\n<p>Dans ce moment extr\u00eamement difficile, <a href=\"https:\/\/www.voici.fr\/news-people\/jazz-correia-fete-ses-5-ans-de-mariage-sous-le-choc-elle-devoile-lincroyable-cadeau-offert-par-son-mari-laurent-767771\" target=\"_blank\" rel=\"nofollow\">la femme de Laurent<\/a> peut compter sur le soutien de son tendre mari, ainsi que sur celui de ses autres enfants et notamment sur le petit dernier London Sky, n\u00e9 le 8 d\u00e9cembre 2021. \u00ab\u00a0<em>Il dort avec nous actuellement, ce qui m&rsquo;aide un peu, mais j&rsquo;ai beaucoup de mal \u00e0 dormir entre ma peine et mes douleurs. C&rsquo;est compliqu\u00e9, <\/em><em><strong>je pense que c&rsquo;est de loin ma pire c\u00e9sarienne, je souffre \u00e9norm\u00e9ment<\/strong><\/em>\u00ab\u00a0, a r\u00e9v\u00e9l\u00e9 <a href=\"https:\/\/www.voici.fr\/news-people\/jazz-correia-enceinte-de-son-quatrieme-enfant-elle-devoile-la-date-du-terme-de-sa-grossesse-761745\" target=\"_blank\" rel=\"nofollow\">la matriarche de la JLC<\/a> sur ses r\u00e9seaux sociaux.<\/p>\n<p>Et de rajouter : \u00ab\u00a0<em>Ma poitrine semble peser 200 kg, dure comme de la pierre et forc\u00e9ment, <\/em><em><strong>quand mentalement \u00e7a ne va pas trop bien, physiquement, c&rsquo;est pure. Ouais, l\u00e0 vraiment je craque un peu<\/strong><\/em><em>\u00ab\u00a0<\/em>. Une nouvelle \u00e9preuve \u00e0 traverser pour les Correia, qui n&rsquo;attendaient qu&rsquo;une chose : \u00eatre six \u00e0 la maison.<\/p>\n<figure data-type=\"image\" data-key=\"as9pm\" data-site=\"PMD_BONE_Image\">\n<div class=\"ratio-custom\"><img decoding=\"async\" src=\"https:\/\/www.festivox.fr\/blog\/wp-content\/uploads\/2023\/11\/jazz-correia-au-plus-mal-apres-son-accouchement-elle-souffre-enormement.jpg\" alt class=\"allowseedtag apply-ratio lazyload\"><\/div><figcaption><span class=\"credit\">\u00a9 Instagram jazztvshow<\/span><\/figcaption><\/figure>\n<p>https:\/\/www.voici.fr\/news-people\/jazz-correia-enceinte-de-son-quatrieme-enfant-sa-demande-originale-pour-le-prenom-du-bebe-755365<\/p>\n<div class=\"articleSlideshowPush diaporamaCta\" data-ga-event-label=\"diapo_end_article_21400692-cfb6-493a-847f-535edaae23ce\" data-wide-target> <a href=\"https:\/\/photo.voici.fr\/levolution-physique-de-jazz-correia-jlc-family-55706\" class=\"callToAction darkUnderlinedText \" data-wide target=\"_blank\" rel=\"nofollow\"> <span class=\"sr-only\">Diaporama<\/span>    Voir le diaporama&rsquo; <\/a> <\/div>\n<\/p><\/div>\n<p> Cet article, qui traite du th\u00e8me \u00ab\u00a0Festival Jazz et musique en mode guinguette\u00a0\u00bb, vous est d\u00e9lib\u00e9r\u00e9ment offert par festivox.fr. La raison d\u2019\u00eatre de festivox.fr est de parler de Festival Jazz et musique en mode guinguette dans la transparence la plus g\u00e9n\u00e9rale en vous procurant la visibilit\u00e9 de tout ce qui est publi\u00e9 sur ce sujet sur le web La chronique a \u00e9t\u00e9 g\u00e9n\u00e9r\u00e9e de la mani\u00e8re la plus honn\u00eate que possible. S\u2019il advenait que vous projetez d\u2019apporter quelques notes concernant le domaine de \u00ab\u00a0Festival Jazz et musique en mode guinguette\u00a0\u00bb vous avez la possibilit\u00e9 de d&rsquo;\u00e9changer avec notre r\u00e9daction. Dans peu de temps, on mettra en ligne d&rsquo;autres informations pertinentes autour du sujet \u00ab\u00a0Festival Jazz et musique en mode guinguette\u00a0\u00bb. Ainsi, consultez r\u00e9guli\u00e8rement notre site.<\/p>\n","protected":false},"excerpt":{"rendered":"<p>Jazz Correia a accouch\u00e9 de son quatri\u00e8me enfant et tout ne s&rsquo;est pas pass\u00e9 comme pr\u00e9vu puisque le b\u00e9b\u00e9 a \u00e9t\u00e9 plac\u00e9 en soins intensifs. Un \u00e9pisode douloureux pour cette m\u00e8re de famille qui, en plus, \u00ab\u00a0souffre \u00e9norm\u00e9ment\u00a0\u00bb suite \u00e0 sa c\u00e9sarienne. Ce jeudi 12 octobre, Jazz Correia a donn\u00e9 naissance \u00e0 son quatri\u00e8me enfant&hellip;<\/p>\n","protected":false},"author":1,"featured_media":538,"comment_status":"closed","ping_status":"closed","sticky":false,"template":"","format":"standard","meta":{"footnotes":""},"categories":[3],"tags":[],"class_list":["post-537","post","type-post","status-publish","format-standard","has-post-thumbnail","hentry","category-wiki-sur-festival-jazz-et-musique-en-mode-guinguette"],"yoast_head":"<!-- This site is optimized with the Yoast SEO plugin v27.5 - https:\/\/yoast.com\/product\/yoast-seo-wordpress\/ -->\n<title>Jazz Correia au plus mal apr\u00e8s son accouchement, elle &quot;souffre \u00e9norm\u00e9ment\u201d - FESTIVOX<\/title>\n<meta name=\"robots\" content=\"index, follow, max-snippet:-1, max-image-preview:large, max-video-preview:-1\" \/>\n<link rel=\"canonical\" href=\"https:\/\/www.festivox.fr\/blog\/jazz-correia-au-plus-mal-apres-son-accouchement-elle-souffre-enormement\/\" \/>\n<meta property=\"og:locale\" content=\"fr_FR\" \/>\n<meta property=\"og:type\" content=\"article\" \/>\n<meta property=\"og:title\" content=\"Jazz Correia au plus mal apr\u00e8s son accouchement, elle &quot;souffre \u00e9norm\u00e9ment\u201d - FESTIVOX\" \/>\n<meta property=\"og:description\" content=\"Jazz Correia a accouch\u00e9 de son quatri\u00e8me enfant et tout ne s&rsquo;est pas pass\u00e9 comme pr\u00e9vu puisque le b\u00e9b\u00e9 a \u00e9t\u00e9 plac\u00e9 en soins intensifs. Un \u00e9pisode douloureux pour cette m\u00e8re de famille qui, en plus, \u00ab\u00a0souffre \u00e9norm\u00e9ment\u00a0\u00bb suite \u00e0 sa c\u00e9sarienne. Ce jeudi 12 octobre, Jazz Correia a donn\u00e9 naissance \u00e0 son quatri\u00e8me enfant&hellip;\" \/>\n<meta property=\"og:url\" content=\"https:\/\/www.festivox.fr\/blog\/jazz-correia-au-plus-mal-apres-son-accouchement-elle-souffre-enormement\/\" \/>\n<meta property=\"og:site_name\" content=\"FESTIVOX\" \/>\n<meta property=\"article:published_time\" content=\"2023-10-16T01:47:00+00:00\" \/>\n<meta property=\"og:image\" content=\"https:\/\/www.festivox.fr\/blog\/wp-content\/uploads\/2023\/11\/jazz-correia-au-plus-mal-apres-son-accouchement-elle-souffre-enormement.jpg\" \/>\n<meta name=\"author\" content=\"Michele\" \/>\n<meta name=\"twitter:card\" content=\"summary_large_image\" \/>\n<meta name=\"twitter:label1\" content=\"\u00c9crit par\" \/>\n\t<meta name=\"twitter:data1\" content=\"Michele\" \/>\n\t<meta name=\"twitter:label2\" content=\"Dur\u00e9e de lecture estim\u00e9e\" \/>\n\t<meta name=\"twitter:data2\" content=\"3 minutes\" \/>\n<script type=\"application\/ld+json\" class=\"yoast-schema-graph\">{\"@context\":\"https:\\\/\\\/schema.org\",\"@graph\":[{\"@type\":\"Article\",\"@id\":\"https:\\\/\\\/www.festivox.fr\\\/blog\\\/jazz-correia-au-plus-mal-apres-son-accouchement-elle-souffre-enormement\\\/#article\",\"isPartOf\":{\"@id\":\"https:\\\/\\\/www.festivox.fr\\\/blog\\\/jazz-correia-au-plus-mal-apres-son-accouchement-elle-souffre-enormement\\\/\"},\"author\":{\"name\":\"Michele\",\"@id\":\"https:\\\/\\\/www.festivox.fr\\\/blog\\\/#\\\/schema\\\/person\\\/f36a8b6bc94800c3eafed4bca993ce95\"},\"headline\":\"Jazz Correia au plus mal apr\u00e8s son accouchement, elle \u00ab\u00a0souffre \u00e9norm\u00e9ment\u201d\",\"datePublished\":\"2023-10-16T01:47:00+00:00\",\"mainEntityOfPage\":{\"@id\":\"https:\\\/\\\/www.festivox.fr\\\/blog\\\/jazz-correia-au-plus-mal-apres-son-accouchement-elle-souffre-enormement\\\/\"},\"wordCount\":620,\"publisher\":{\"@id\":\"https:\\\/\\\/www.festivox.fr\\\/blog\\\/#organization\"},\"image\":{\"@id\":\"https:\\\/\\\/www.festivox.fr\\\/blog\\\/jazz-correia-au-plus-mal-apres-son-accouchement-elle-souffre-enormement\\\/#primaryimage\"},\"thumbnailUrl\":\"https:\\\/\\\/www.festivox.fr\\\/blog\\\/wp-content\\\/uploads\\\/2023\\\/11\\\/jazz-correia-au-plus-mal-apres-son-accouchement-elle-souffre-enormement.jpg\",\"articleSection\":[\"Wiki Sur Festival Jazz Et Musique En Mode Guinguette:\"],\"inLanguage\":\"fr-FR\"},{\"@type\":\"WebPage\",\"@id\":\"https:\\\/\\\/www.festivox.fr\\\/blog\\\/jazz-correia-au-plus-mal-apres-son-accouchement-elle-souffre-enormement\\\/\",\"url\":\"https:\\\/\\\/www.festivox.fr\\\/blog\\\/jazz-correia-au-plus-mal-apres-son-accouchement-elle-souffre-enormement\\\/\",\"name\":\"Jazz Correia au plus mal apr\u00e8s son accouchement, elle \\\"souffre \u00e9norm\u00e9ment\u201d - FESTIVOX\",\"isPartOf\":{\"@id\":\"https:\\\/\\\/www.festivox.fr\\\/blog\\\/#website\"},\"primaryImageOfPage\":{\"@id\":\"https:\\\/\\\/www.festivox.fr\\\/blog\\\/jazz-correia-au-plus-mal-apres-son-accouchement-elle-souffre-enormement\\\/#primaryimage\"},\"image\":{\"@id\":\"https:\\\/\\\/www.festivox.fr\\\/blog\\\/jazz-correia-au-plus-mal-apres-son-accouchement-elle-souffre-enormement\\\/#primaryimage\"},\"thumbnailUrl\":\"https:\\\/\\\/www.festivox.fr\\\/blog\\\/wp-content\\\/uploads\\\/2023\\\/11\\\/jazz-correia-au-plus-mal-apres-son-accouchement-elle-souffre-enormement.jpg\",\"datePublished\":\"2023-10-16T01:47:00+00:00\",\"breadcrumb\":{\"@id\":\"https:\\\/\\\/www.festivox.fr\\\/blog\\\/jazz-correia-au-plus-mal-apres-son-accouchement-elle-souffre-enormement\\\/#breadcrumb\"},\"inLanguage\":\"fr-FR\",\"potentialAction\":[{\"@type\":\"ReadAction\",\"target\":[\"https:\\\/\\\/www.festivox.fr\\\/blog\\\/jazz-correia-au-plus-mal-apres-son-accouchement-elle-souffre-enormement\\\/\"]}]},{\"@type\":\"ImageObject\",\"inLanguage\":\"fr-FR\",\"@id\":\"https:\\\/\\\/www.festivox.fr\\\/blog\\\/jazz-correia-au-plus-mal-apres-son-accouchement-elle-souffre-enormement\\\/#primaryimage\",\"url\":\"https:\\\/\\\/www.festivox.fr\\\/blog\\\/wp-content\\\/uploads\\\/2023\\\/11\\\/jazz-correia-au-plus-mal-apres-son-accouchement-elle-souffre-enormement.jpg\",\"contentUrl\":\"https:\\\/\\\/www.festivox.fr\\\/blog\\\/wp-content\\\/uploads\\\/2023\\\/11\\\/jazz-correia-au-plus-mal-apres-son-accouchement-elle-souffre-enormement.jpg\",\"width\":480,\"height\":827},{\"@type\":\"BreadcrumbList\",\"@id\":\"https:\\\/\\\/www.festivox.fr\\\/blog\\\/jazz-correia-au-plus-mal-apres-son-accouchement-elle-souffre-enormement\\\/#breadcrumb\",\"itemListElement\":[{\"@type\":\"ListItem\",\"position\":1,\"name\":\"Accueil\",\"item\":\"https:\\\/\\\/www.festivox.fr\\\/blog\\\/\"},{\"@type\":\"ListItem\",\"position\":2,\"name\":\"Jazz Correia au plus mal apr\u00e8s son accouchement, elle \u00ab\u00a0souffre \u00e9norm\u00e9ment\u201d\"}]},{\"@type\":\"WebSite\",\"@id\":\"https:\\\/\\\/www.festivox.fr\\\/blog\\\/#website\",\"url\":\"https:\\\/\\\/www.festivox.fr\\\/blog\\\/\",\"name\":\"FESTIVOX\",\"description\":\"Festival en mode guinguette.\",\"publisher\":{\"@id\":\"https:\\\/\\\/www.festivox.fr\\\/blog\\\/#organization\"},\"potentialAction\":[{\"@type\":\"SearchAction\",\"target\":{\"@type\":\"EntryPoint\",\"urlTemplate\":\"https:\\\/\\\/www.festivox.fr\\\/blog\\\/?s={search_term_string}\"},\"query-input\":{\"@type\":\"PropertyValueSpecification\",\"valueRequired\":true,\"valueName\":\"search_term_string\"}}],\"inLanguage\":\"fr-FR\"},{\"@type\":\"Organization\",\"@id\":\"https:\\\/\\\/www.festivox.fr\\\/blog\\\/#organization\",\"name\":\"festivox\",\"url\":\"https:\\\/\\\/www.festivox.fr\\\/blog\\\/\",\"logo\":{\"@type\":\"ImageObject\",\"inLanguage\":\"fr-FR\",\"@id\":\"https:\\\/\\\/www.festivox.fr\\\/blog\\\/#\\\/schema\\\/logo\\\/image\\\/\",\"url\":\"https:\\\/\\\/www.festivox.fr\\\/blog\\\/wp-content\\\/uploads\\\/2023\\\/06\\\/logo-2.png\",\"contentUrl\":\"https:\\\/\\\/www.festivox.fr\\\/blog\\\/wp-content\\\/uploads\\\/2023\\\/06\\\/logo-2.png\",\"width\":480,\"height\":160,\"caption\":\"festivox\"},\"image\":{\"@id\":\"https:\\\/\\\/www.festivox.fr\\\/blog\\\/#\\\/schema\\\/logo\\\/image\\\/\"}},{\"@type\":\"Person\",\"@id\":\"https:\\\/\\\/www.festivox.fr\\\/blog\\\/#\\\/schema\\\/person\\\/f36a8b6bc94800c3eafed4bca993ce95\",\"name\":\"Michele\",\"image\":{\"@type\":\"ImageObject\",\"inLanguage\":\"fr-FR\",\"@id\":\"https:\\\/\\\/secure.gravatar.com\\\/avatar\\\/b062046536b5d47ec9075956ec349ef95ed06b0f910c578f74abb318668b702e?s=96&d=mm&r=g\",\"url\":\"https:\\\/\\\/secure.gravatar.com\\\/avatar\\\/b062046536b5d47ec9075956ec349ef95ed06b0f910c578f74abb318668b702e?s=96&d=mm&r=g\",\"contentUrl\":\"https:\\\/\\\/secure.gravatar.com\\\/avatar\\\/b062046536b5d47ec9075956ec349ef95ed06b0f910c578f74abb318668b702e?s=96&d=mm&r=g\",\"caption\":\"Michele\"},\"sameAs\":[\"https:\\\/\\\/www.festivox.fr\\\/blog\"],\"url\":\"https:\\\/\\\/www.festivox.fr\\\/blog\\\/author\\\/voxadmin\\\/\"}]}<\/script>\n<!-- \/ Yoast SEO plugin. -->","yoast_head_json":{"title":"Jazz Correia au plus mal apr\u00e8s son accouchement, elle \"souffre \u00e9norm\u00e9ment\u201d - FESTIVOX","robots":{"index":"index","follow":"follow","max-snippet":"max-snippet:-1","max-image-preview":"max-image-preview:large","max-video-preview":"max-video-preview:-1"},"canonical":"https:\/\/www.festivox.fr\/blog\/jazz-correia-au-plus-mal-apres-son-accouchement-elle-souffre-enormement\/","og_locale":"fr_FR","og_type":"article","og_title":"Jazz Correia au plus mal apr\u00e8s son accouchement, elle \"souffre \u00e9norm\u00e9ment\u201d - FESTIVOX","og_description":"Jazz Correia a accouch\u00e9 de son quatri\u00e8me enfant et tout ne s&rsquo;est pas pass\u00e9 comme pr\u00e9vu puisque le b\u00e9b\u00e9 a \u00e9t\u00e9 plac\u00e9 en soins intensifs. Un \u00e9pisode douloureux pour cette m\u00e8re de famille qui, en plus, \u00ab\u00a0souffre \u00e9norm\u00e9ment\u00a0\u00bb suite \u00e0 sa c\u00e9sarienne. Ce jeudi 12 octobre, Jazz Correia a donn\u00e9 naissance \u00e0 son quatri\u00e8me enfant&hellip;","og_url":"https:\/\/www.festivox.fr\/blog\/jazz-correia-au-plus-mal-apres-son-accouchement-elle-souffre-enormement\/","og_site_name":"FESTIVOX","article_published_time":"2023-10-16T01:47:00+00:00","og_image":[{"url":"https:\/\/www.festivox.fr\/blog\/wp-content\/uploads\/2023\/11\/jazz-correia-au-plus-mal-apres-son-accouchement-elle-souffre-enormement.jpg","type":"","width":"","height":""}],"author":"Michele","twitter_card":"summary_large_image","twitter_misc":{"\u00c9crit par":"Michele","Dur\u00e9e de lecture estim\u00e9e":"3 minutes"},"schema":{"@context":"https:\/\/schema.org","@graph":[{"@type":"Article","@id":"https:\/\/www.festivox.fr\/blog\/jazz-correia-au-plus-mal-apres-son-accouchement-elle-souffre-enormement\/#article","isPartOf":{"@id":"https:\/\/www.festivox.fr\/blog\/jazz-correia-au-plus-mal-apres-son-accouchement-elle-souffre-enormement\/"},"author":{"name":"Michele","@id":"https:\/\/www.festivox.fr\/blog\/#\/schema\/person\/f36a8b6bc94800c3eafed4bca993ce95"},"headline":"Jazz Correia au plus mal apr\u00e8s son accouchement, elle \u00ab\u00a0souffre \u00e9norm\u00e9ment\u201d","datePublished":"2023-10-16T01:47:00+00:00","mainEntityOfPage":{"@id":"https:\/\/www.festivox.fr\/blog\/jazz-correia-au-plus-mal-apres-son-accouchement-elle-souffre-enormement\/"},"wordCount":620,"publisher":{"@id":"https:\/\/www.festivox.fr\/blog\/#organization"},"image":{"@id":"https:\/\/www.festivox.fr\/blog\/jazz-correia-au-plus-mal-apres-son-accouchement-elle-souffre-enormement\/#primaryimage"},"thumbnailUrl":"https:\/\/www.festivox.fr\/blog\/wp-content\/uploads\/2023\/11\/jazz-correia-au-plus-mal-apres-son-accouchement-elle-souffre-enormement.jpg","articleSection":["Wiki Sur Festival Jazz Et Musique En Mode Guinguette:"],"inLanguage":"fr-FR"},{"@type":"WebPage","@id":"https:\/\/www.festivox.fr\/blog\/jazz-correia-au-plus-mal-apres-son-accouchement-elle-souffre-enormement\/","url":"https:\/\/www.festivox.fr\/blog\/jazz-correia-au-plus-mal-apres-son-accouchement-elle-souffre-enormement\/","name":"Jazz Correia au plus mal apr\u00e8s son accouchement, elle \"souffre \u00e9norm\u00e9ment\u201d - FESTIVOX","isPartOf":{"@id":"https:\/\/www.festivox.fr\/blog\/#website"},"primaryImageOfPage":{"@id":"https:\/\/www.festivox.fr\/blog\/jazz-correia-au-plus-mal-apres-son-accouchement-elle-souffre-enormement\/#primaryimage"},"image":{"@id":"https:\/\/www.festivox.fr\/blog\/jazz-correia-au-plus-mal-apres-son-accouchement-elle-souffre-enormement\/#primaryimage"},"thumbnailUrl":"https:\/\/www.festivox.fr\/blog\/wp-content\/uploads\/2023\/11\/jazz-correia-au-plus-mal-apres-son-accouchement-elle-souffre-enormement.jpg","datePublished":"2023-10-16T01:47:00+00:00","breadcrumb":{"@id":"https:\/\/www.festivox.fr\/blog\/jazz-correia-au-plus-mal-apres-son-accouchement-elle-souffre-enormement\/#breadcrumb"},"inLanguage":"fr-FR","potentialAction":[{"@type":"ReadAction","target":["https:\/\/www.festivox.fr\/blog\/jazz-correia-au-plus-mal-apres-son-accouchement-elle-souffre-enormement\/"]}]},{"@type":"ImageObject","inLanguage":"fr-FR","@id":"https:\/\/www.festivox.fr\/blog\/jazz-correia-au-plus-mal-apres-son-accouchement-elle-souffre-enormement\/#primaryimage","url":"https:\/\/www.festivox.fr\/blog\/wp-content\/uploads\/2023\/11\/jazz-correia-au-plus-mal-apres-son-accouchement-elle-souffre-enormement.jpg","contentUrl":"https:\/\/www.festivox.fr\/blog\/wp-content\/uploads\/2023\/11\/jazz-correia-au-plus-mal-apres-son-accouchement-elle-souffre-enormement.jpg","width":480,"height":827},{"@type":"BreadcrumbList","@id":"https:\/\/www.festivox.fr\/blog\/jazz-correia-au-plus-mal-apres-son-accouchement-elle-souffre-enormement\/#breadcrumb","itemListElement":[{"@type":"ListItem","position":1,"name":"Accueil","item":"https:\/\/www.festivox.fr\/blog\/"},{"@type":"ListItem","position":2,"name":"Jazz Correia au plus mal apr\u00e8s son accouchement, elle \u00ab\u00a0souffre \u00e9norm\u00e9ment\u201d"}]},{"@type":"WebSite","@id":"https:\/\/www.festivox.fr\/blog\/#website","url":"https:\/\/www.festivox.fr\/blog\/","name":"FESTIVOX","description":"Festival en mode guinguette.","publisher":{"@id":"https:\/\/www.festivox.fr\/blog\/#organization"},"potentialAction":[{"@type":"SearchAction","target":{"@type":"EntryPoint","urlTemplate":"https:\/\/www.festivox.fr\/blog\/?s={search_term_string}"},"query-input":{"@type":"PropertyValueSpecification","valueRequired":true,"valueName":"search_term_string"}}],"inLanguage":"fr-FR"},{"@type":"Organization","@id":"https:\/\/www.festivox.fr\/blog\/#organization","name":"festivox","url":"https:\/\/www.festivox.fr\/blog\/","logo":{"@type":"ImageObject","inLanguage":"fr-FR","@id":"https:\/\/www.festivox.fr\/blog\/#\/schema\/logo\/image\/","url":"https:\/\/www.festivox.fr\/blog\/wp-content\/uploads\/2023\/06\/logo-2.png","contentUrl":"https:\/\/www.festivox.fr\/blog\/wp-content\/uploads\/2023\/06\/logo-2.png","width":480,"height":160,"caption":"festivox"},"image":{"@id":"https:\/\/www.festivox.fr\/blog\/#\/schema\/logo\/image\/"}},{"@type":"Person","@id":"https:\/\/www.festivox.fr\/blog\/#\/schema\/person\/f36a8b6bc94800c3eafed4bca993ce95","name":"Michele","image":{"@type":"ImageObject","inLanguage":"fr-FR","@id":"https:\/\/secure.gravatar.com\/avatar\/b062046536b5d47ec9075956ec349ef95ed06b0f910c578f74abb318668b702e?s=96&d=mm&r=g","url":"https:\/\/secure.gravatar.com\/avatar\/b062046536b5d47ec9075956ec349ef95ed06b0f910c578f74abb318668b702e?s=96&d=mm&r=g","contentUrl":"https:\/\/secure.gravatar.com\/avatar\/b062046536b5d47ec9075956ec349ef95ed06b0f910c578f74abb318668b702e?s=96&d=mm&r=g","caption":"Michele"},"sameAs":["https:\/\/www.festivox.fr\/blog"],"url":"https:\/\/www.festivox.fr\/blog\/author\/voxadmin\/"}]}},"_links":{"self":[{"href":"https:\/\/www.festivox.fr\/blog\/wp-json\/wp\/v2\/posts\/537","targetHints":{"allow":["GET"]}}],"collection":[{"href":"https:\/\/www.festivox.fr\/blog\/wp-json\/wp\/v2\/posts"}],"about":[{"href":"https:\/\/www.festivox.fr\/blog\/wp-json\/wp\/v2\/types\/post"}],"author":[{"embeddable":true,"href":"https:\/\/www.festivox.fr\/blog\/wp-json\/wp\/v2\/users\/1"}],"replies":[{"embeddable":true,"href":"https:\/\/www.festivox.fr\/blog\/wp-json\/wp\/v2\/comments?post=537"}],"version-history":[{"count":0,"href":"https:\/\/www.festivox.fr\/blog\/wp-json\/wp\/v2\/posts\/537\/revisions"}],"wp:featuredmedia":[{"embeddable":true,"href":"https:\/\/www.festivox.fr\/blog\/wp-json\/wp\/v2\/media\/538"}],"wp:attachment":[{"href":"https:\/\/www.festivox.fr\/blog\/wp-json\/wp\/v2\/media?parent=537"}],"wp:term":[{"taxonomy":"category","embeddable":true,"href":"https:\/\/www.festivox.fr\/blog\/wp-json\/wp\/v2\/categories?post=537"},{"taxonomy":"post_tag","embeddable":true,"href":"https:\/\/www.festivox.fr\/blog\/wp-json\/wp\/v2\/tags?post=537"}],"curies":[{"name":"wp","href":"https:\/\/api.w.org\/{rel}","templated":true}]}}